{"id":4261,"date":"2023-10-11T07:00:00","date_gmt":"2023-10-11T05:00:00","guid":{"rendered":"https:\/\/sorbetkiwi.fr\/?p=4261"},"modified":"2023-10-09T16:30:39","modified_gmt":"2023-10-09T14:30:39","slug":"le-prince-cruel-de-holly-black","status":"publish","type":"post","link":"https:\/\/sorbetkiwi.fr\/index.php\/le-prince-cruel-de-holly-black\/","title":{"rendered":"Le prince cruel de Holly Black"},"content":{"rendered":"\t\t<div data-elementor-type=\"wp-post\" data-elementor-id=\"4261\" class=\"elementor elementor-4261\">\n\t\t\t\t\t\t<section class=\"elementor-section elementor-top-section elementor-element elementor-element-44e18b7b elementor-section-boxed elementor-section-height-default elementor-section-height-default\" data-id=\"44e18b7b\" data-element_type=\"section\" data-e-type=\"section\">\n\t\t\t\t\t\t<div class=\"elementor-container elementor-column-gap-default\">\n\t\t\t\t\t<div class=\"elementor-column elementor-col-100 elementor-top-column elementor-element elementor-element-708938d7\" data-id=\"708938d7\" data-element_type=\"column\" data-e-type=\"column\">\n\t\t\t<div class=\"elementor-widget-wrap elementor-element-populated\">\n\t\t\t\t\t\t<div class=\"elementor-element elementor-element-6da18419 elementor-widget elementor-widget-heading\" data-id=\"6da18419\" data-element_type=\"widget\" data-e-type=\"widget\" data-widget_type=\"heading.default\">\n\t\t\t\t<div class=\"elementor-widget-container\">\n\t\t\t\t\t<h1 class=\"elementor-heading-title elementor-size-medium\">Le prince cruel Holly Black<\/h1>\t\t\t\t<\/div>\n\t\t\t\t<\/div>\n\t\t\t\t<div class=\"elementor-element elementor-element-5ba953d6 elementor-view-default elementor-widget elementor-widget-icon\" data-id=\"5ba953d6\" data-element_type=\"widget\" data-e-type=\"widget\" data-widget_type=\"icon.default\">\n\t\t\t\t<div class=\"elementor-widget-container\">\n\t\t\t\t\t\t\t<div class=\"elementor-icon-wrapper\">\n\t\t\t<div class=\"elementor-icon\">\n\t\t\t<i aria-hidden=\"true\" class=\"fab fa-snapchat-ghost\"><\/i>\t\t\t<\/div>\n\t\t<\/div>\n\t\t\t\t\t\t<\/div>\n\t\t\t\t<\/div>\n\t\t\t\t<div class=\"elementor-element elementor-element-3962777a elementor-widget-divider--view-line elementor-widget elementor-widget-divider\" data-id=\"3962777a\" data-element_type=\"widget\" data-e-type=\"widget\" data-widget_type=\"divider.default\">\n\t\t\t\t<div class=\"elementor-widget-container\">\n\t\t\t\t\t\t\t<div class=\"elementor-divider\">\n\t\t\t<span class=\"elementor-divider-separator\">\n\t\t\t\t\t\t<\/span>\n\t\t<\/div>\n\t\t\t\t\t\t<\/div>\n\t\t\t\t<\/div>\n\t\t\t\t<div class=\"elementor-element elementor-element-1fea177f elementor-widget elementor-widget-heading\" data-id=\"1fea177f\" data-element_type=\"widget\" data-e-type=\"widget\" data-widget_type=\"heading.default\">\n\t\t\t\t<div class=\"elementor-widget-container\">\n\t\t\t\t\t<h2 class=\"elementor-heading-title elementor-size-medium\">R\u00e9sum\u00e9<\/h2>\t\t\t\t<\/div>\n\t\t\t\t<\/div>\n\t\t\t\t<div class=\"elementor-element elementor-element-49e37497 elementor-widget elementor-widget-text-editor\" data-id=\"49e37497\" data-element_type=\"widget\" data-e-type=\"widget\" data-widget_type=\"text-editor.default\">\n\t\t\t\t<div class=\"elementor-widget-container\">\n\t\t\t\t\t\t\t\t\t<p>Jude a 17 ans et vit \u00e0 la Haute Cour de Domelfe dans le royaume de Terraf\u00e6. Enlev\u00e9e au monde des mortels lorsqu\u2019elle n\u2019\u00e9tait qu\u2019une enfant et \u00e9lev\u00e9e avec ses s\u0153urs parmi les puissants, elle a appris \u00e0 se prot\u00e9ger des sortil\u00e8ges et \u00e0 se battre \u00e0 l\u2019\u00e9p\u00e9e. Pourtant, elle subit jour apr\u00e8s jour les moqueries et les insultes. Car elle n\u2019est qu\u2019une humaine, vou\u00e9e \u00e0 la mort, dans un monde o\u00f9 r\u00e8gnent les F\u00e6s, cr\u00e9atures sublimes, immortelles\u2026 et cruelles.<br \/><br \/>Personne ne la hait plus que le Prince Cardan. Le plus jeune des h\u00e9ritiers de la couronne semble d\u00e9cid\u00e9 \u00e0 lui nuire. Jusqu\u2019\u00e0 la tuer ? Mais Jude, elle, est pr\u00eate \u00e0 tout pour gagner sa place \u00e0 la cour et reprendre le pouvoir sur sa vie.<\/p>\t\t\t\t\t\t\t\t<\/div>\n\t\t\t\t<\/div>\n\t\t\t\t<div class=\"elementor-element elementor-element-6232fd37 elementor-widget-divider--view-line elementor-widget elementor-widget-divider\" data-id=\"6232fd37\" data-element_type=\"widget\" data-e-type=\"widget\" data-widget_type=\"divider.default\">\n\t\t\t\t<div class=\"elementor-widget-container\">\n\t\t\t\t\t\t\t<div class=\"elementor-divider\">\n\t\t\t<span class=\"elementor-divider-separator\">\n\t\t\t\t\t\t<\/span>\n\t\t<\/div>\n\t\t\t\t\t\t<\/div>\n\t\t\t\t<\/div>\n\t\t\t\t<div class=\"elementor-element elementor-element-131dd1cc elementor-widget elementor-widget-heading\" data-id=\"131dd1cc\" data-element_type=\"widget\" data-e-type=\"widget\" data-widget_type=\"heading.default\">\n\t\t\t\t<div class=\"elementor-widget-container\">\n\t\t\t\t\t<h2 class=\"elementor-heading-title elementor-size-medium\">Ma note<\/h2>\t\t\t\t<\/div>\n\t\t\t\t<\/div>\n\t\t\t\t<div class=\"elementor-element elementor-element-5cb44946 elementor-star-rating--align-center elementor--star-style-star_fontawesome elementor-widget elementor-widget-star-rating\" data-id=\"5cb44946\" data-element_type=\"widget\" data-e-type=\"widget\" data-widget_type=\"star-rating.default\">\n\t\t\t\t<div class=\"elementor-widget-container\">\n\t\t\t\t\t\t\t<div class=\"elementor-star-rating__wrapper\">\n\t\t\t\t\t\t<div class=\"elementor-star-rating\" itemtype=\"http:\/\/schema.org\/Rating\" itemscope=\"\" itemprop=\"reviewRating\">\n\t\t\t\t<i class=\"elementor-star-full\" aria-hidden=\"true\">&#xE934;<\/i><i class=\"elementor-star-full\" aria-hidden=\"true\">&#xE934;<\/i><i class=\"elementor-star-full\" aria-hidden=\"true\">&#xE934;<\/i><i class=\"elementor-star-5\" aria-hidden=\"true\">&#xE934;<\/i><i class=\"elementor-star-empty\" aria-hidden=\"true\">&#xE934;<\/i>\t\t\t\t<span itemprop=\"ratingValue\" class=\"elementor-screen-only\">Not\u00e9 3.5 sur 5<\/span>\n\t\t\t<\/div>\n\t\t<\/div>\n\t\t\t\t\t\t<\/div>\n\t\t\t\t<\/div>\n\t\t\t\t<div class=\"elementor-element elementor-element-31b554fa elementor-widget-divider--view-line elementor-widget elementor-widget-divider\" data-id=\"31b554fa\" data-element_type=\"widget\" data-e-type=\"widget\" data-widget_type=\"divider.default\">\n\t\t\t\t<div class=\"elementor-widget-container\">\n\t\t\t\t\t\t\t<div class=\"elementor-divider\">\n\t\t\t<span class=\"elementor-divider-separator\">\n\t\t\t\t\t\t<\/span>\n\t\t<\/div>\n\t\t\t\t\t\t<\/div>\n\t\t\t\t<\/div>\n\t\t\t\t<div class=\"elementor-element elementor-element-22eba13d elementor-widget elementor-widget-heading\" data-id=\"22eba13d\" data-element_type=\"widget\" data-e-type=\"widget\" data-widget_type=\"heading.default\">\n\t\t\t\t<div class=\"elementor-widget-container\">\n\t\t\t\t\t<h4 class=\"elementor-heading-title elementor-size-medium\">Les charmeurs sont charmants, et c\u2019est bien tout ce qu\u2019ils sont.<\/h4>\t\t\t\t<\/div>\n\t\t\t\t<\/div>\n\t\t\t\t<div class=\"elementor-element elementor-element-2e9d8d1e elementor-widget-divider--view-line elementor-widget elementor-widget-divider\" data-id=\"2e9d8d1e\" data-element_type=\"widget\" data-e-type=\"widget\" data-widget_type=\"divider.default\">\n\t\t\t\t<div class=\"elementor-widget-container\">\n\t\t\t\t\t\t\t<div class=\"elementor-divider\">\n\t\t\t<span class=\"elementor-divider-separator\">\n\t\t\t\t\t\t<\/span>\n\t\t<\/div>\n\t\t\t\t\t\t<\/div>\n\t\t\t\t<\/div>\n\t\t\t\t<div class=\"elementor-element elementor-element-66ec22f elementor-widget elementor-widget-heading\" data-id=\"66ec22f\" data-element_type=\"widget\" data-e-type=\"widget\" data-widget_type=\"heading.default\">\n\t\t\t\t<div class=\"elementor-widget-container\">\n\t\t\t\t\t<h2 class=\"elementor-heading-title elementor-size-medium\">Un ph\u00e9nom\u00e8ne booktok qui m'a laiss\u00e9 mi-figue mi-raisin<\/h2>\t\t\t\t<\/div>\n\t\t\t\t<\/div>\n\t\t\t\t<div class=\"elementor-element elementor-element-334dfd68 elementor-widget elementor-widget-text-editor\" data-id=\"334dfd68\" data-element_type=\"widget\" data-e-type=\"widget\" data-widget_type=\"text-editor.default\">\n\t\t\t\t<div class=\"elementor-widget-container\">\n\t\t\t\t\t\t\t\t\t<p>Un petit cocktail pour <a href=\"https:\/\/sorbetkiwi.fr\/index.php\/category\/halloween\/\">Halloween<\/a>, \u00e7a vous dit ? Let&rsquo;s go pour un article court \u00e0 propos du premier tome de la saga Le peuple de l&rsquo;air : Le prince cruel. C&rsquo;est une s\u00e9rie qui fait l&rsquo;unanimit\u00e9 aupr\u00e8s du lectorat, et pour une fois, je suis tomb\u00e9e dans le pi\u00e8ge de la hype booktok. Heureusement pour moi, j&rsquo;en avais vu pas mal qui expliquaient bien que non, ce n&rsquo;est pas une romance. C&rsquo;est du Young Adult d&rsquo;intrigues politiques. Et c&rsquo;est vrai ! En soi, Le prince cruel avait tout pour me plaire&#8230; sauf son h\u00e9ro\u00efne. Jude m&rsquo;a prodigieusement agac\u00e9e. Je ne lis plus beaucoup de YA mais quand m\u00eame, son comportement \u00e9tait vraiment fatigant. Entre son ego et son manque de ma\u00eetrise d&rsquo;elle-m\u00eame, j&rsquo;avais beaucoup de mal \u00e0 la comprendre.\u00a0<\/p><p>Cela dit, tout le reste m&rsquo;a plu. Elle est juste le personnage principal donc forc\u00e9ment c&rsquo;est compliqu\u00e9. Cela dit, elle est le reflet de son \u00e9ducation, aussi. Et puis, le cadre est tr\u00e8s bien construit. L&rsquo;intrigue familiale m&rsquo;a rendue curieuse, Taryn surtout. Et Cardan est un personnage complexe dont je suis curieuse d&rsquo;en savoir plus. Et il faut laisser \u00e0 Jude une chose : elle a su me surprendre \u00e0 la fin. Le twist des derni\u00e8res pages m&rsquo;a tenue en haleine, gar\u00e9e sur un parking, \u00e0 ne pas r\u00e9ussir \u00e0 m&rsquo;arr\u00eater. Alors \u00e9videmment que je vais continuer. J&rsquo;esp\u00e8re juste que j&rsquo;adh\u00e9rerai d&rsquo;avantage \u00e0 la jeune femme, et qu&rsquo;elle \u00e9voluera dans une direction que j&rsquo;appr\u00e9cierai.\u00a0<\/p><p>Lecture \u00e9cout\u00e9e en audio, et j&rsquo;ai bien aim\u00e9 la narratrice. Le rythme de lecture \u00e9tait agr\u00e9able !\u00a0<\/p>\t\t\t\t\t\t\t\t<\/div>\n\t\t\t\t<\/div>\n\t\t\t\t<div class=\"elementor-element elementor-element-15e4d07e elementor-widget elementor-widget-heading\" data-id=\"15e4d07e\" data-element_type=\"widget\" data-e-type=\"widget\" data-widget_type=\"heading.default\">\n\t\t\t\t<div class=\"elementor-widget-container\">\n\t\t\t\t\t<h4 class=\"elementor-heading-title elementor-size-medium\">Sur la blogosph\u00e8re<\/h4>\t\t\t\t<\/div>\n\t\t\t\t<\/div>\n\t\t\t\t<div class=\"elementor-element elementor-element-315f8d69 elementor-widget elementor-widget-text-editor\" data-id=\"315f8d69\" data-element_type=\"widget\" data-e-type=\"widget\" data-widget_type=\"text-editor.default\">\n\t\t\t\t<div class=\"elementor-widget-container\">\n\t\t\t\t\t\t\t\t\t<p>Les avis sur Le prince cruel ailleurs :\u00a0<\/p><ul><li><a href=\"https:\/\/aliceneverland.com\/2020\/11\/11\/le-peuple-de-lair-tome-1-le-prince-cruel-holly-black\/\">Alice Neverland<\/a> &#8211; 17\/20<\/li><li><a href=\"https:\/\/lesinstantsvolesalavie.com\/2023\/03\/07\/le-peuple-de-lair-tome-1-le-prince-cruel\/\">Les instants vol\u00e9s \u00e0 la vie<\/a> &#8211; elle a beaucoup aim\u00e9\u00a0<\/li><\/ul>\t\t\t\t\t\t\t\t<\/div>\n\t\t\t\t<\/div>\n\t\t\t\t\t<\/div>\n\t\t<\/div>\n\t\t\t\t\t<\/div>\n\t\t<\/section>\n\t\t\t\t<\/div>\n\t\t","protected":false},"excerpt":{"rendered":"<p>Le prince cruel Holly Black R\u00e9sum\u00e9 Jude a 17 ans et vit \u00e0 la Haute Cour de Domelfe dans le royaume de Terraf\u00e6. Enlev\u00e9e au monde des mortels lorsqu\u2019elle n\u2019\u00e9tait qu\u2019une enfant et \u00e9lev\u00e9e avec &hellip; <\/p>\n","protected":false},"author":1,"featured_media":4287,"comment_status":"open","ping_status":"open","sticky":false,"template":"","format":"standard","meta":{"footnotes":""},"categories":[16,1],"tags":[56,730,53,150,49,1166,1164,55],"class_list":["post-4261","post","type-post","status-publish","format-standard","has-post-thumbnail","hentry","category-halloween","category-tout-le-blog","tag-audiobook","tag-audiolib","tag-editions-audiolib","tag-fantastique","tag-halloween","tag-le-peuple-de-lair","tag-le-prince-cruel","tag-livre-audio","has-single-img"],"yoast_head":"<!-- This site is optimized with the Yoast SEO plugin v27.4 - https:\/\/yoast.com\/product\/yoast-seo-wordpress\/ -->\n<title>Le prince cruel de Holly Black - Sorbet Kiwi<\/title>\n<meta name=\"description\" content=\"Ma chronique du premier tome de la saga Le peuple de l&#039;air : le prince cruel de Holly Black en audio chez Audiolib.\" \/>\n<meta name=\"robots\" content=\"index, follow, max-snippet:-1, max-image-preview:large, max-video-preview:-1\" \/>\n<link rel=\"canonical\" href=\"https:\/\/sorbetkiwi.fr\/index.php\/le-prince-cruel-de-holly-black\/\" \/>\n<meta property=\"og:locale\" content=\"fr_FR\" \/>\n<meta property=\"og:type\" content=\"article\" \/>\n<meta property=\"og:title\" content=\"Le prince cruel de Holly Black - Sorbet Kiwi\" \/>\n<meta property=\"og:description\" content=\"Ma chronique du premier tome de la saga Le peuple de l&#039;air : le prince cruel de Holly Black en audio chez Audiolib.\" \/>\n<meta property=\"og:url\" content=\"https:\/\/sorbetkiwi.fr\/index.php\/le-prince-cruel-de-holly-black\/\" \/>\n<meta property=\"og:site_name\" content=\"Sorbet Kiwi\" \/>\n<meta property=\"article:publisher\" content=\"https:\/\/www.facebook.com\/profile.php?id=100086238893269\" \/>\n<meta property=\"article:published_time\" content=\"2023-10-11T05:00:00+00:00\" \/>\n<meta property=\"og:image\" content=\"https:\/\/sorbetkiwi.fr\/wp-content\/uploads\/2023\/10\/Le-prince-cruel-Holly-Black-scaled.jpg\" \/>\n\t<meta property=\"og:image:width\" content=\"1920\" \/>\n\t<meta property=\"og:image:height\" content=\"2560\" \/>\n\t<meta property=\"og:image:type\" content=\"image\/jpeg\" \/>\n<meta name=\"author\" content=\"Sorbet-Kiwi\" \/>\n<meta name=\"twitter:card\" content=\"summary_large_image\" \/>\n<meta name=\"twitter:creator\" content=\"@pepparshoes\" \/>\n<meta name=\"twitter:site\" content=\"@pepparshoes\" \/>\n<meta name=\"twitter:label1\" content=\"\u00c9crit par\" \/>\n\t<meta name=\"twitter:data1\" content=\"Sorbet-Kiwi\" \/>\n\t<meta name=\"twitter:label2\" content=\"Dur\u00e9e de lecture estim\u00e9e\" \/>\n\t<meta name=\"twitter:data2\" content=\"3 minutes\" \/>\n<script type=\"application\/ld+json\" class=\"yoast-schema-graph\">{\"@context\":\"https:\\\/\\\/schema.org\",\"@graph\":[{\"@type\":\"Article\",\"@id\":\"https:\\\/\\\/sorbetkiwi.fr\\\/index.php\\\/le-prince-cruel-de-holly-black\\\/#article\",\"isPartOf\":{\"@id\":\"https:\\\/\\\/sorbetkiwi.fr\\\/index.php\\\/le-prince-cruel-de-holly-black\\\/\"},\"author\":{\"name\":\"Sorbet-Kiwi\",\"@id\":\"https:\\\/\\\/sorbetkiwi.fr\\\/#\\\/schema\\\/person\\\/ed1b7b527a2957ddc3bf38b076540659\"},\"headline\":\"Le prince cruel de Holly Black\",\"datePublished\":\"2023-10-11T05:00:00+00:00\",\"mainEntityOfPage\":{\"@id\":\"https:\\\/\\\/sorbetkiwi.fr\\\/index.php\\\/le-prince-cruel-de-holly-black\\\/\"},\"wordCount\":501,\"commentCount\":5,\"publisher\":{\"@id\":\"https:\\\/\\\/sorbetkiwi.fr\\\/#organization\"},\"image\":{\"@id\":\"https:\\\/\\\/sorbetkiwi.fr\\\/index.php\\\/le-prince-cruel-de-holly-black\\\/#primaryimage\"},\"thumbnailUrl\":\"https:\\\/\\\/sorbetkiwi.fr\\\/wp-content\\\/uploads\\\/2023\\\/10\\\/Le-prince-cruel-Holly-Black-scaled.jpg\",\"keywords\":[\"Audiobook\",\"Audiolib\",\"Editions Audiolib\",\"Fantastique\",\"Halloween\",\"Le peuple de l'air\",\"Le prince cruel\",\"Livre audio\"],\"articleSection\":[\"Halloween\",\"Tout le blog\"],\"inLanguage\":\"fr-FR\",\"potentialAction\":[{\"@type\":\"CommentAction\",\"name\":\"Comment\",\"target\":[\"https:\\\/\\\/sorbetkiwi.fr\\\/index.php\\\/le-prince-cruel-de-holly-black\\\/#respond\"]}]},{\"@type\":\"WebPage\",\"@id\":\"https:\\\/\\\/sorbetkiwi.fr\\\/index.php\\\/le-prince-cruel-de-holly-black\\\/\",\"url\":\"https:\\\/\\\/sorbetkiwi.fr\\\/index.php\\\/le-prince-cruel-de-holly-black\\\/\",\"name\":\"Le prince cruel de Holly Black - Sorbet Kiwi\",\"isPartOf\":{\"@id\":\"https:\\\/\\\/sorbetkiwi.fr\\\/#website\"},\"primaryImageOfPage\":{\"@id\":\"https:\\\/\\\/sorbetkiwi.fr\\\/index.php\\\/le-prince-cruel-de-holly-black\\\/#primaryimage\"},\"image\":{\"@id\":\"https:\\\/\\\/sorbetkiwi.fr\\\/index.php\\\/le-prince-cruel-de-holly-black\\\/#primaryimage\"},\"thumbnailUrl\":\"https:\\\/\\\/sorbetkiwi.fr\\\/wp-content\\\/uploads\\\/2023\\\/10\\\/Le-prince-cruel-Holly-Black-scaled.jpg\",\"datePublished\":\"2023-10-11T05:00:00+00:00\",\"description\":\"Ma chronique du premier tome de la saga Le peuple de l'air : le prince cruel de Holly Black en audio chez Audiolib.\",\"breadcrumb\":{\"@id\":\"https:\\\/\\\/sorbetkiwi.fr\\\/index.php\\\/le-prince-cruel-de-holly-black\\\/#breadcrumb\"},\"inLanguage\":\"fr-FR\",\"potentialAction\":[{\"@type\":\"ReadAction\",\"target\":[\"https:\\\/\\\/sorbetkiwi.fr\\\/index.php\\\/le-prince-cruel-de-holly-black\\\/\"]}]},{\"@type\":\"ImageObject\",\"inLanguage\":\"fr-FR\",\"@id\":\"https:\\\/\\\/sorbetkiwi.fr\\\/index.php\\\/le-prince-cruel-de-holly-black\\\/#primaryimage\",\"url\":\"https:\\\/\\\/sorbetkiwi.fr\\\/wp-content\\\/uploads\\\/2023\\\/10\\\/Le-prince-cruel-Holly-Black-scaled.jpg\",\"contentUrl\":\"https:\\\/\\\/sorbetkiwi.fr\\\/wp-content\\\/uploads\\\/2023\\\/10\\\/Le-prince-cruel-Holly-Black-scaled.jpg\",\"width\":1920,\"height\":2560,\"caption\":\"Le prince cruel Holly Black\"},{\"@type\":\"BreadcrumbList\",\"@id\":\"https:\\\/\\\/sorbetkiwi.fr\\\/index.php\\\/le-prince-cruel-de-holly-black\\\/#breadcrumb\",\"itemListElement\":[{\"@type\":\"ListItem\",\"position\":1,\"name\":\"Accueil\",\"item\":\"https:\\\/\\\/sorbetkiwi.fr\\\/\"},{\"@type\":\"ListItem\",\"position\":2,\"name\":\"Le prince cruel de Holly Black\"}]},{\"@type\":\"WebSite\",\"@id\":\"https:\\\/\\\/sorbetkiwi.fr\\\/#website\",\"url\":\"https:\\\/\\\/sorbetkiwi.fr\\\/\",\"name\":\"Sorbet Kiwi\",\"description\":\"Des lectures th\u00e9matiques par saison et les avis qui vont avec\",\"publisher\":{\"@id\":\"https:\\\/\\\/sorbetkiwi.fr\\\/#organization\"},\"potentialAction\":[{\"@type\":\"SearchAction\",\"target\":{\"@type\":\"EntryPoint\",\"urlTemplate\":\"https:\\\/\\\/sorbetkiwi.fr\\\/?s={search_term_string}\"},\"query-input\":{\"@type\":\"PropertyValueSpecification\",\"valueRequired\":true,\"valueName\":\"search_term_string\"}}],\"inLanguage\":\"fr-FR\"},{\"@type\":\"Organization\",\"@id\":\"https:\\\/\\\/sorbetkiwi.fr\\\/#organization\",\"name\":\"Sorbet Kiwi\",\"url\":\"https:\\\/\\\/sorbetkiwi.fr\\\/\",\"logo\":{\"@type\":\"ImageObject\",\"inLanguage\":\"fr-FR\",\"@id\":\"https:\\\/\\\/sorbetkiwi.fr\\\/#\\\/schema\\\/logo\\\/image\\\/\",\"url\":\"https:\\\/\\\/sorbetkiwi.fr\\\/wp-content\\\/uploads\\\/2022\\\/10\\\/Banniere-Sorbet-Kiwi-2022.jpg\",\"contentUrl\":\"https:\\\/\\\/sorbetkiwi.fr\\\/wp-content\\\/uploads\\\/2022\\\/10\\\/Banniere-Sorbet-Kiwi-2022.jpg\",\"width\":814,\"height\":401,\"caption\":\"Sorbet Kiwi\"},\"image\":{\"@id\":\"https:\\\/\\\/sorbetkiwi.fr\\\/#\\\/schema\\\/logo\\\/image\\\/\"},\"sameAs\":[\"https:\\\/\\\/www.facebook.com\\\/profile.php?id=100086238893269\",\"https:\\\/\\\/x.com\\\/pepparshoes\",\"https:\\\/\\\/www.instagram.com\\\/sorbetkiwi\\\/\",\"https:\\\/\\\/www.tiktok.com\\\/sorbetkiwi\"]},{\"@type\":\"Person\",\"@id\":\"https:\\\/\\\/sorbetkiwi.fr\\\/#\\\/schema\\\/person\\\/ed1b7b527a2957ddc3bf38b076540659\",\"name\":\"Sorbet-Kiwi\",\"image\":{\"@type\":\"ImageObject\",\"inLanguage\":\"fr-FR\",\"@id\":\"https:\\\/\\\/secure.gravatar.com\\\/avatar\\\/86f0a5c27d76317621b9e374d0f3a01d3a85278f10d0c7207ced4fd773057442?s=96&d=mm&r=g\",\"url\":\"https:\\\/\\\/secure.gravatar.com\\\/avatar\\\/86f0a5c27d76317621b9e374d0f3a01d3a85278f10d0c7207ced4fd773057442?s=96&d=mm&r=g\",\"contentUrl\":\"https:\\\/\\\/secure.gravatar.com\\\/avatar\\\/86f0a5c27d76317621b9e374d0f3a01d3a85278f10d0c7207ced4fd773057442?s=96&d=mm&r=g\",\"caption\":\"Sorbet-Kiwi\"},\"sameAs\":[\"http:\\\/\\\/sorbetkiwi.fr\"],\"url\":\"https:\\\/\\\/sorbetkiwi.fr\\\/index.php\\\/author\\\/admin7717\\\/\"}]}<\/script>\n<!-- \/ Yoast SEO plugin. -->","yoast_head_json":{"title":"Le prince cruel de Holly Black - Sorbet Kiwi","description":"Ma chronique du premier tome de la saga Le peuple de l'air : le prince cruel de Holly Black en audio chez Audiolib.","robots":{"index":"index","follow":"follow","max-snippet":"max-snippet:-1","max-image-preview":"max-image-preview:large","max-video-preview":"max-video-preview:-1"},"canonical":"https:\/\/sorbetkiwi.fr\/index.php\/le-prince-cruel-de-holly-black\/","og_locale":"fr_FR","og_type":"article","og_title":"Le prince cruel de Holly Black - Sorbet Kiwi","og_description":"Ma chronique du premier tome de la saga Le peuple de l'air : le prince cruel de Holly Black en audio chez Audiolib.","og_url":"https:\/\/sorbetkiwi.fr\/index.php\/le-prince-cruel-de-holly-black\/","og_site_name":"Sorbet Kiwi","article_publisher":"https:\/\/www.facebook.com\/profile.php?id=100086238893269","article_published_time":"2023-10-11T05:00:00+00:00","og_image":[{"width":1920,"height":2560,"url":"https:\/\/sorbetkiwi.fr\/wp-content\/uploads\/2023\/10\/Le-prince-cruel-Holly-Black-scaled.jpg","type":"image\/jpeg"}],"author":"Sorbet-Kiwi","twitter_card":"summary_large_image","twitter_creator":"@pepparshoes","twitter_site":"@pepparshoes","twitter_misc":{"\u00c9crit par":"Sorbet-Kiwi","Dur\u00e9e de lecture estim\u00e9e":"3 minutes"},"schema":{"@context":"https:\/\/schema.org","@graph":[{"@type":"Article","@id":"https:\/\/sorbetkiwi.fr\/index.php\/le-prince-cruel-de-holly-black\/#article","isPartOf":{"@id":"https:\/\/sorbetkiwi.fr\/index.php\/le-prince-cruel-de-holly-black\/"},"author":{"name":"Sorbet-Kiwi","@id":"https:\/\/sorbetkiwi.fr\/#\/schema\/person\/ed1b7b527a2957ddc3bf38b076540659"},"headline":"Le prince cruel de Holly Black","datePublished":"2023-10-11T05:00:00+00:00","mainEntityOfPage":{"@id":"https:\/\/sorbetkiwi.fr\/index.php\/le-prince-cruel-de-holly-black\/"},"wordCount":501,"commentCount":5,"publisher":{"@id":"https:\/\/sorbetkiwi.fr\/#organization"},"image":{"@id":"https:\/\/sorbetkiwi.fr\/index.php\/le-prince-cruel-de-holly-black\/#primaryimage"},"thumbnailUrl":"https:\/\/sorbetkiwi.fr\/wp-content\/uploads\/2023\/10\/Le-prince-cruel-Holly-Black-scaled.jpg","keywords":["Audiobook","Audiolib","Editions Audiolib","Fantastique","Halloween","Le peuple de l'air","Le prince cruel","Livre audio"],"articleSection":["Halloween","Tout le blog"],"inLanguage":"fr-FR","potentialAction":[{"@type":"CommentAction","name":"Comment","target":["https:\/\/sorbetkiwi.fr\/index.php\/le-prince-cruel-de-holly-black\/#respond"]}]},{"@type":"WebPage","@id":"https:\/\/sorbetkiwi.fr\/index.php\/le-prince-cruel-de-holly-black\/","url":"https:\/\/sorbetkiwi.fr\/index.php\/le-prince-cruel-de-holly-black\/","name":"Le prince cruel de Holly Black - Sorbet Kiwi","isPartOf":{"@id":"https:\/\/sorbetkiwi.fr\/#website"},"primaryImageOfPage":{"@id":"https:\/\/sorbetkiwi.fr\/index.php\/le-prince-cruel-de-holly-black\/#primaryimage"},"image":{"@id":"https:\/\/sorbetkiwi.fr\/index.php\/le-prince-cruel-de-holly-black\/#primaryimage"},"thumbnailUrl":"https:\/\/sorbetkiwi.fr\/wp-content\/uploads\/2023\/10\/Le-prince-cruel-Holly-Black-scaled.jpg","datePublished":"2023-10-11T05:00:00+00:00","description":"Ma chronique du premier tome de la saga Le peuple de l'air : le prince cruel de Holly Black en audio chez Audiolib.","breadcrumb":{"@id":"https:\/\/sorbetkiwi.fr\/index.php\/le-prince-cruel-de-holly-black\/#breadcrumb"},"inLanguage":"fr-FR","potentialAction":[{"@type":"ReadAction","target":["https:\/\/sorbetkiwi.fr\/index.php\/le-prince-cruel-de-holly-black\/"]}]},{"@type":"ImageObject","inLanguage":"fr-FR","@id":"https:\/\/sorbetkiwi.fr\/index.php\/le-prince-cruel-de-holly-black\/#primaryimage","url":"https:\/\/sorbetkiwi.fr\/wp-content\/uploads\/2023\/10\/Le-prince-cruel-Holly-Black-scaled.jpg","contentUrl":"https:\/\/sorbetkiwi.fr\/wp-content\/uploads\/2023\/10\/Le-prince-cruel-Holly-Black-scaled.jpg","width":1920,"height":2560,"caption":"Le prince cruel Holly Black"},{"@type":"BreadcrumbList","@id":"https:\/\/sorbetkiwi.fr\/index.php\/le-prince-cruel-de-holly-black\/#breadcrumb","itemListElement":[{"@type":"ListItem","position":1,"name":"Accueil","item":"https:\/\/sorbetkiwi.fr\/"},{"@type":"ListItem","position":2,"name":"Le prince cruel de Holly Black"}]},{"@type":"WebSite","@id":"https:\/\/sorbetkiwi.fr\/#website","url":"https:\/\/sorbetkiwi.fr\/","name":"Sorbet Kiwi","description":"Des lectures th\u00e9matiques par saison et les avis qui vont avec","publisher":{"@id":"https:\/\/sorbetkiwi.fr\/#organization"},"potentialAction":[{"@type":"SearchAction","target":{"@type":"EntryPoint","urlTemplate":"https:\/\/sorbetkiwi.fr\/?s={search_term_string}"},"query-input":{"@type":"PropertyValueSpecification","valueRequired":true,"valueName":"search_term_string"}}],"inLanguage":"fr-FR"},{"@type":"Organization","@id":"https:\/\/sorbetkiwi.fr\/#organization","name":"Sorbet Kiwi","url":"https:\/\/sorbetkiwi.fr\/","logo":{"@type":"ImageObject","inLanguage":"fr-FR","@id":"https:\/\/sorbetkiwi.fr\/#\/schema\/logo\/image\/","url":"https:\/\/sorbetkiwi.fr\/wp-content\/uploads\/2022\/10\/Banniere-Sorbet-Kiwi-2022.jpg","contentUrl":"https:\/\/sorbetkiwi.fr\/wp-content\/uploads\/2022\/10\/Banniere-Sorbet-Kiwi-2022.jpg","width":814,"height":401,"caption":"Sorbet Kiwi"},"image":{"@id":"https:\/\/sorbetkiwi.fr\/#\/schema\/logo\/image\/"},"sameAs":["https:\/\/www.facebook.com\/profile.php?id=100086238893269","https:\/\/x.com\/pepparshoes","https:\/\/www.instagram.com\/sorbetkiwi\/","https:\/\/www.tiktok.com\/sorbetkiwi"]},{"@type":"Person","@id":"https:\/\/sorbetkiwi.fr\/#\/schema\/person\/ed1b7b527a2957ddc3bf38b076540659","name":"Sorbet-Kiwi","image":{"@type":"ImageObject","inLanguage":"fr-FR","@id":"https:\/\/secure.gravatar.com\/avatar\/86f0a5c27d76317621b9e374d0f3a01d3a85278f10d0c7207ced4fd773057442?s=96&d=mm&r=g","url":"https:\/\/secure.gravatar.com\/avatar\/86f0a5c27d76317621b9e374d0f3a01d3a85278f10d0c7207ced4fd773057442?s=96&d=mm&r=g","contentUrl":"https:\/\/secure.gravatar.com\/avatar\/86f0a5c27d76317621b9e374d0f3a01d3a85278f10d0c7207ced4fd773057442?s=96&d=mm&r=g","caption":"Sorbet-Kiwi"},"sameAs":["http:\/\/sorbetkiwi.fr"],"url":"https:\/\/sorbetkiwi.fr\/index.php\/author\/admin7717\/"}]}},"_links":{"self":[{"href":"https:\/\/sorbetkiwi.fr\/index.php\/wp-json\/wp\/v2\/posts\/4261","targetHints":{"allow":["GET"]}}],"collection":[{"href":"https:\/\/sorbetkiwi.fr\/index.php\/wp-json\/wp\/v2\/posts"}],"about":[{"href":"https:\/\/sorbetkiwi.fr\/index.php\/wp-json\/wp\/v2\/types\/post"}],"author":[{"embeddable":true,"href":"https:\/\/sorbetkiwi.fr\/index.php\/wp-json\/wp\/v2\/users\/1"}],"replies":[{"embeddable":true,"href":"https:\/\/sorbetkiwi.fr\/index.php\/wp-json\/wp\/v2\/comments?post=4261"}],"version-history":[{"count":6,"href":"https:\/\/sorbetkiwi.fr\/index.php\/wp-json\/wp\/v2\/posts\/4261\/revisions"}],"predecessor-version":[{"id":4288,"href":"https:\/\/sorbetkiwi.fr\/index.php\/wp-json\/wp\/v2\/posts\/4261\/revisions\/4288"}],"wp:featuredmedia":[{"embeddable":true,"href":"https:\/\/sorbetkiwi.fr\/index.php\/wp-json\/wp\/v2\/media\/4287"}],"wp:attachment":[{"href":"https:\/\/sorbetkiwi.fr\/index.php\/wp-json\/wp\/v2\/media?parent=4261"}],"wp:term":[{"taxonomy":"category","embeddable":true,"href":"https:\/\/sorbetkiwi.fr\/index.php\/wp-json\/wp\/v2\/categories?post=4261"},{"taxonomy":"post_tag","embeddable":true,"href":"https:\/\/sorbetkiwi.fr\/index.php\/wp-json\/wp\/v2\/tags?post=4261"}],"curies":[{"name":"wp","href":"https:\/\/api.w.org\/{rel}","templated":true}]}}