{"id":4245,"date":"2023-11-05T08:00:00","date_gmt":"2023-11-05T07:00:00","guid":{"rendered":"https:\/\/sorbetkiwi.fr\/?p=4245"},"modified":"2023-10-06T14:52:40","modified_gmt":"2023-10-06T12:52:40","slug":"f-eve-mon-pere-noel-sappelle-adam-de-caro-m-leene","status":"publish","type":"post","link":"https:\/\/sorbetkiwi.fr\/index.php\/f-eve-mon-pere-noel-sappelle-adam-de-caro-m-leene\/","title":{"rendered":"F*** Eve mon p\u00e8re No\u00ebl s&rsquo;appelle Adam ! de Caro M. Leene"},"content":{"rendered":"\t\t<div data-elementor-type=\"wp-post\" data-elementor-id=\"4245\" class=\"elementor elementor-4245\">\n\t\t\t\t\t\t<section class=\"elementor-section elementor-top-section elementor-element elementor-element-11655c07 elementor-section-boxed elementor-section-height-default elementor-section-height-default\" data-id=\"11655c07\" data-element_type=\"section\" data-e-type=\"section\">\n\t\t\t\t\t\t<div class=\"elementor-container elementor-column-gap-default\">\n\t\t\t\t\t<div class=\"elementor-column elementor-col-100 elementor-top-column elementor-element elementor-element-19f18544\" data-id=\"19f18544\" data-element_type=\"column\" data-e-type=\"column\">\n\t\t\t<div class=\"elementor-widget-wrap elementor-element-populated\">\n\t\t\t\t\t\t<div class=\"elementor-element elementor-element-7f424de2 elementor-widget elementor-widget-heading\" data-id=\"7f424de2\" data-element_type=\"widget\" data-e-type=\"widget\" data-widget_type=\"heading.default\">\n\t\t\t\t<div class=\"elementor-widget-container\">\n\t\t\t\t\t<h1 class=\"elementor-heading-title elementor-size-medium\">F Eve mon p\u00e8re Noel s'appelle Adam Caro M Leene<\/h1>\t\t\t\t<\/div>\n\t\t\t\t<\/div>\n\t\t\t\t<div class=\"elementor-element elementor-element-60bf0c5b elementor-view-default elementor-widget elementor-widget-icon\" data-id=\"60bf0c5b\" data-element_type=\"widget\" data-e-type=\"widget\" data-widget_type=\"icon.default\">\n\t\t\t\t<div class=\"elementor-widget-container\">\n\t\t\t\t\t\t\t<div class=\"elementor-icon-wrapper\">\n\t\t\t<div class=\"elementor-icon\">\n\t\t\t<i aria-hidden=\"true\" class=\"fas fa-candy-cane\"><\/i>\t\t\t<\/div>\n\t\t<\/div>\n\t\t\t\t\t\t<\/div>\n\t\t\t\t<\/div>\n\t\t\t\t<div class=\"elementor-element elementor-element-79459cb8 elementor-widget-divider--view-line elementor-widget elementor-widget-divider\" data-id=\"79459cb8\" data-element_type=\"widget\" data-e-type=\"widget\" data-widget_type=\"divider.default\">\n\t\t\t\t<div class=\"elementor-widget-container\">\n\t\t\t\t\t\t\t<div class=\"elementor-divider\">\n\t\t\t<span class=\"elementor-divider-separator\">\n\t\t\t\t\t\t<\/span>\n\t\t<\/div>\n\t\t\t\t\t\t<\/div>\n\t\t\t\t<\/div>\n\t\t\t\t<div class=\"elementor-element elementor-element-2ea9d09e elementor-widget elementor-widget-heading\" data-id=\"2ea9d09e\" data-element_type=\"widget\" data-e-type=\"widget\" data-widget_type=\"heading.default\">\n\t\t\t\t<div class=\"elementor-widget-container\">\n\t\t\t\t\t<h2 class=\"elementor-heading-title elementor-size-medium\">R\u00e9sum\u00e9<\/h2>\t\t\t\t<\/div>\n\t\t\t\t<\/div>\n\t\t\t\t<div class=\"elementor-element elementor-element-43fee964 elementor-widget elementor-widget-text-editor\" data-id=\"43fee964\" data-element_type=\"widget\" data-e-type=\"widget\" data-widget_type=\"text-editor.default\">\n\t\t\t\t<div class=\"elementor-widget-container\">\n\t\t\t\t\t\t\t\t\t<p>Le p\u00e8re No\u00ebl ? \u00c7a fait bien longtemps que Claire n\u2019y croit plus. Et entre une fillette de six ans \u00e0 l\u2019\u00e9nergie d\u00e9bordante, des to-do list interminables et un commerce \u00e0 g\u00e9rer elle a plut\u00f4t int\u00e9r\u00eat \u00e0 garder les pieds sur terre. D\u2019ailleurs, le seul cadeau dont elle r\u00eave \u2013 comme toute m\u00e8re c\u00e9libataire \u2013 c\u2019est d\u2019avoir une soir\u00e9e rien que pour elle (et, accessoirement, la passer dans un bain moussant avec un bon verre de vin). Quant \u00e0 trouver le temps de rencontrer quelqu\u2019un\u2026 \u00e7a rel\u00e8verait carr\u00e9ment du miracle ! Et c\u2019est bien pour \u00e7a qu\u2019Andie, sa t\u00eatue de belle-s\u0153ur, s\u2019est mis en t\u00eate de lui d\u00e9nicher l\u2019homme id\u00e9al. \u00c0 coup s\u00fbr, l\u2019arriv\u00e9e d\u2019Adam, ce myst\u00e9rieux visiteur de passage dans le village, est encore un de ses coups tordus. Car si les mecs canon commencent \u00e0 tomber du ciel Claire veut bien croire au p\u00e8re No\u00ebl !<\/p>\t\t\t\t\t\t\t\t<\/div>\n\t\t\t\t<\/div>\n\t\t\t\t<div class=\"elementor-element elementor-element-63d90e95 elementor-widget-divider--view-line elementor-widget elementor-widget-divider\" data-id=\"63d90e95\" data-element_type=\"widget\" data-e-type=\"widget\" data-widget_type=\"divider.default\">\n\t\t\t\t<div class=\"elementor-widget-container\">\n\t\t\t\t\t\t\t<div class=\"elementor-divider\">\n\t\t\t<span class=\"elementor-divider-separator\">\n\t\t\t\t\t\t<\/span>\n\t\t<\/div>\n\t\t\t\t\t\t<\/div>\n\t\t\t\t<\/div>\n\t\t\t\t<div class=\"elementor-element elementor-element-32db2ff4 elementor-widget elementor-widget-heading\" data-id=\"32db2ff4\" data-element_type=\"widget\" data-e-type=\"widget\" data-widget_type=\"heading.default\">\n\t\t\t\t<div class=\"elementor-widget-container\">\n\t\t\t\t\t<h2 class=\"elementor-heading-title elementor-size-medium\">Ma note<\/h2>\t\t\t\t<\/div>\n\t\t\t\t<\/div>\n\t\t\t\t<div class=\"elementor-element elementor-element-4ebf8a36 elementor-star-rating--align-center elementor--star-style-star_fontawesome elementor-widget elementor-widget-star-rating\" data-id=\"4ebf8a36\" data-element_type=\"widget\" data-e-type=\"widget\" data-widget_type=\"star-rating.default\">\n\t\t\t\t<div class=\"elementor-widget-container\">\n\t\t\t\t\t\t\t<div class=\"elementor-star-rating__wrapper\">\n\t\t\t\t\t\t<div class=\"elementor-star-rating\" itemtype=\"http:\/\/schema.org\/Rating\" itemscope=\"\" itemprop=\"reviewRating\">\n\t\t\t\t<i class=\"elementor-star-full\" aria-hidden=\"true\">&#xE934;<\/i><i class=\"elementor-star-full\" aria-hidden=\"true\">&#xE934;<\/i><i class=\"elementor-star-full\" aria-hidden=\"true\">&#xE934;<\/i><i class=\"elementor-star-full\" aria-hidden=\"true\">&#xE934;<\/i><i class=\"elementor-star-empty\" aria-hidden=\"true\">&#xE934;<\/i>\t\t\t\t<span itemprop=\"ratingValue\" class=\"elementor-screen-only\">Not\u00e9 4 sur 5<\/span>\n\t\t\t<\/div>\n\t\t<\/div>\n\t\t\t\t\t\t<\/div>\n\t\t\t\t<\/div>\n\t\t\t\t<div class=\"elementor-element elementor-element-bbd0364 elementor-widget-divider--view-line elementor-widget elementor-widget-divider\" data-id=\"bbd0364\" data-element_type=\"widget\" data-e-type=\"widget\" data-widget_type=\"divider.default\">\n\t\t\t\t<div class=\"elementor-widget-container\">\n\t\t\t\t\t\t\t<div class=\"elementor-divider\">\n\t\t\t<span class=\"elementor-divider-separator\">\n\t\t\t\t\t\t<\/span>\n\t\t<\/div>\n\t\t\t\t\t\t<\/div>\n\t\t\t\t<\/div>\n\t\t\t\t<div class=\"elementor-element elementor-element-138fb1bb elementor-widget elementor-widget-heading\" data-id=\"138fb1bb\" data-element_type=\"widget\" data-e-type=\"widget\" data-widget_type=\"heading.default\">\n\t\t\t\t<div class=\"elementor-widget-container\">\n\t\t\t\t\t<h4 class=\"elementor-heading-title elementor-size-medium\">\u00ab \u2014 Tu n\u2019as pas besoin d\u2019\u00eatre parfaite. La vie elle-m\u00eame est imparfaite. C\u2019est une succession de surprises et d\u2019impr\u00e9vus auxquels on doit sans cesse s\u2019adapter. \u00catre soutenue par ses proches n\u2019est pas un signe de faiblesse. Gr\u00e2ce \u00e0 eux, tu pourras traverser les moments difficiles et garder espoir, m\u00eame quand tout te semble insurmontable. \u00bb<\/h4>\t\t\t\t<\/div>\n\t\t\t\t<\/div>\n\t\t\t\t<div class=\"elementor-element elementor-element-45dd48eb elementor-widget-divider--view-line elementor-widget elementor-widget-divider\" data-id=\"45dd48eb\" data-element_type=\"widget\" data-e-type=\"widget\" data-widget_type=\"divider.default\">\n\t\t\t\t<div class=\"elementor-widget-container\">\n\t\t\t\t\t\t\t<div class=\"elementor-divider\">\n\t\t\t<span class=\"elementor-divider-separator\">\n\t\t\t\t\t\t<\/span>\n\t\t<\/div>\n\t\t\t\t\t\t<\/div>\n\t\t\t\t<\/div>\n\t\t\t\t<div class=\"elementor-element elementor-element-4709b87e elementor-widget elementor-widget-heading\" data-id=\"4709b87e\" data-element_type=\"widget\" data-e-type=\"widget\" data-widget_type=\"heading.default\">\n\t\t\t\t<div class=\"elementor-widget-container\">\n\t\t\t\t\t<h2 class=\"elementor-heading-title elementor-size-medium\">Titre<\/h2>\t\t\t\t<\/div>\n\t\t\t\t<\/div>\n\t\t\t\t<div class=\"elementor-element elementor-element-380b5d5d elementor-widget elementor-widget-text-editor\" data-id=\"380b5d5d\" data-element_type=\"widget\" data-e-type=\"widget\" data-widget_type=\"text-editor.default\">\n\t\t\t\t<div class=\"elementor-widget-container\">\n\t\t\t\t\t\t\t\t\t<p>En fait, j\u2019ai pass\u00e9 un bon moment avec F*** Eve mon p\u00e8re Noel s&rsquo;appelle Adam, on ne va pas se le cacher. C\u2019est une romance de <a href=\"https:\/\/sorbetkiwi.fr\/index.php\/category\/noel\/\">No\u00ebl<\/a>, on sait parfaitement ce que \u00e7a va donner et je ne m\u2019attends jamais \u00e0 \u00eatre surprise. Par contre, ce qui est important pour moi, c\u2019est la coh\u00e9rence des personnages. Et je ne trouvais pas qu\u2019Adam le soit. Alors, attention, on sait bien que les humains ne le sont pas, \u00e9videmment. Mais l\u00e0, certaines choses me faisaient un peu tiquer. Et je n\u2019ai pas aim\u00e9 le retournement de situation non plus. A mes yeux, il y a eu plusieurs Red Flags et pour moi \u00e7a ne va pas trop. Enfin bon, on ne parle pas d\u2019<em>After<\/em>\u00a0non plus hin, \u00e9videmment que \u00e7a se pardonne, personne n\u2019est parfait !\u00a0Mais la probl\u00e9matique aurait d\u00fb \u00eatre encore plus creus\u00e9e pour que je c\u00e8de du terrain au beau-gosse de l\u2019histoire. Faut croire qu\u2019il n\u2019a tout simplement pas atteint mon niveau d\u2019exigence ! Si lisez F*** Eve mon p\u00e8re Noel s&rsquo;appelle Adam, dites-moi ce qu\u2019il en est pour vous.<\/p><p>Sinon \u00e0 part \u00e7a, vraiment, il y a de la neige, de la famille, une petiote adorable que j\u2019ai eu envie de manger tellement elle est mignonne, un village soud\u00e9 et paisible, tout ce qu\u2019on aime dans une romance de no\u00ebl ! Ah, et avant que j\u2019oublie, j\u2019ai aim\u00e9 retrouv\u00e9 Andie et Josh de\u00a0<em><a href=\"https:\/\/sorbetkiwi.wordpress.com\/2020\/01\/06\/bazar-litteraire-10-romances-de-noel\/\">Je te ferai aimer No\u00ebl<\/a><\/em>. C\u2019\u00e9tait quand m\u00eame vachement cool ! Et je note que ce que j\u2019avais reproch\u00e9 \u00e0\u00a0<em>Je te ferai aimer No\u00ebl<\/em>\u00a0est l\u00e0 m\u00eame chose qu\u2019ici : la personnalit\u00e9 du bonhomme. D\u00e9cid\u00e9ment, les h\u00e9ro\u00efnes de l\u2019autrice et moi n\u2019avons pas le m\u00eame go\u00fbt en mati\u00e8re d\u2019hommes ahah.<\/p>\t\t\t\t\t\t\t\t<\/div>\n\t\t\t\t<\/div>\n\t\t\t\t\t<\/div>\n\t\t<\/div>\n\t\t\t\t\t<\/div>\n\t\t<\/section>\n\t\t\t\t<\/div>\n\t\t","protected":false},"excerpt":{"rendered":"<p>F Eve mon p\u00e8re Noel s&rsquo;appelle Adam Caro M Leene R\u00e9sum\u00e9 Le p\u00e8re No\u00ebl ? \u00c7a fait bien longtemps que Claire n\u2019y croit plus. Et entre une fillette de six ans \u00e0 l\u2019\u00e9nergie d\u00e9bordante, des &hellip; <\/p>\n","protected":false},"author":1,"featured_media":4246,"comment_status":"open","ping_status":"open","sticky":false,"template":"","format":"standard","meta":{"footnotes":""},"categories":[17,8,1],"tags":[1162,273,1161,272,270,30,717,300],"class_list":["post-4245","post","type-post","status-publish","format-standard","has-post-thumbnail","hentry","category-noel","category-partenariats","category-tout-le-blog","tag-caro-m-leene","tag-collection-h","tag-f-eve-mon-pere-noel-sappelle-adam","tag-harper-collins","tag-noel","tag-romance","tag-romance-contemporaine","tag-romance-de-noel","has-single-img"],"yoast_head":"<!-- This site is optimized with the Yoast SEO plugin v27.4 - https:\/\/yoast.com\/product\/yoast-seo-wordpress\/ -->\n<title>F*** Eve mon p\u00e8re No\u00ebl s&#039;appelle Adam ! de Caro M. Leene - Sorbet Kiwi<\/title>\n<meta name=\"description\" content=\"Ma chronique de F*** Eve mon p\u00e8re No\u00ebl s&#039;appelle Adam ! de Caro M. Leene, une romance de No\u00ebl publi\u00e9e dans la collectio &amp;h.\" \/>\n<meta name=\"robots\" content=\"index, follow, max-snippet:-1, max-image-preview:large, max-video-preview:-1\" \/>\n<link rel=\"canonical\" href=\"https:\/\/sorbetkiwi.fr\/index.php\/f-eve-mon-pere-noel-sappelle-adam-de-caro-m-leene\/\" \/>\n<meta property=\"og:locale\" content=\"fr_FR\" \/>\n<meta property=\"og:type\" content=\"article\" \/>\n<meta property=\"og:title\" content=\"F*** Eve mon p\u00e8re No\u00ebl s&#039;appelle Adam ! de Caro M. Leene - Sorbet Kiwi\" \/>\n<meta property=\"og:description\" content=\"Ma chronique de F*** Eve mon p\u00e8re No\u00ebl s&#039;appelle Adam ! de Caro M. Leene, une romance de No\u00ebl publi\u00e9e dans la collectio &amp;h.\" \/>\n<meta property=\"og:url\" content=\"https:\/\/sorbetkiwi.fr\/index.php\/f-eve-mon-pere-noel-sappelle-adam-de-caro-m-leene\/\" \/>\n<meta property=\"og:site_name\" content=\"Sorbet Kiwi\" \/>\n<meta property=\"article:publisher\" content=\"https:\/\/www.facebook.com\/profile.php?id=100086238893269\" \/>\n<meta property=\"article:published_time\" content=\"2023-11-05T07:00:00+00:00\" \/>\n<meta property=\"og:image\" content=\"https:\/\/sorbetkiwi.fr\/wp-content\/uploads\/2023\/10\/F-Eve-mon-pere-Noel-sappelle-Adam-Caro-M-Leene.png\" \/>\n\t<meta property=\"og:image:width\" content=\"691\" \/>\n\t<meta property=\"og:image:height\" content=\"817\" \/>\n\t<meta property=\"og:image:type\" content=\"image\/png\" \/>\n<meta name=\"author\" content=\"Sorbet-Kiwi\" \/>\n<meta name=\"twitter:card\" content=\"summary_large_image\" \/>\n<meta name=\"twitter:creator\" content=\"@pepparshoes\" \/>\n<meta name=\"twitter:site\" content=\"@pepparshoes\" \/>\n<meta name=\"twitter:label1\" content=\"\u00c9crit par\" \/>\n\t<meta name=\"twitter:data1\" content=\"Sorbet-Kiwi\" \/>\n\t<meta name=\"twitter:label2\" content=\"Dur\u00e9e de lecture estim\u00e9e\" \/>\n\t<meta name=\"twitter:data2\" content=\"3 minutes\" \/>\n<script type=\"application\/ld+json\" class=\"yoast-schema-graph\">{\"@context\":\"https:\\\/\\\/schema.org\",\"@graph\":[{\"@type\":\"Article\",\"@id\":\"https:\\\/\\\/sorbetkiwi.fr\\\/index.php\\\/f-eve-mon-pere-noel-sappelle-adam-de-caro-m-leene\\\/#article\",\"isPartOf\":{\"@id\":\"https:\\\/\\\/sorbetkiwi.fr\\\/index.php\\\/f-eve-mon-pere-noel-sappelle-adam-de-caro-m-leene\\\/\"},\"author\":{\"name\":\"Sorbet-Kiwi\",\"@id\":\"https:\\\/\\\/sorbetkiwi.fr\\\/#\\\/schema\\\/person\\\/ed1b7b527a2957ddc3bf38b076540659\"},\"headline\":\"F*** Eve mon p\u00e8re No\u00ebl s&rsquo;appelle Adam ! de Caro M. Leene\",\"datePublished\":\"2023-11-05T07:00:00+00:00\",\"mainEntityOfPage\":{\"@id\":\"https:\\\/\\\/sorbetkiwi.fr\\\/index.php\\\/f-eve-mon-pere-noel-sappelle-adam-de-caro-m-leene\\\/\"},\"wordCount\":592,\"commentCount\":0,\"publisher\":{\"@id\":\"https:\\\/\\\/sorbetkiwi.fr\\\/#organization\"},\"image\":{\"@id\":\"https:\\\/\\\/sorbetkiwi.fr\\\/index.php\\\/f-eve-mon-pere-noel-sappelle-adam-de-caro-m-leene\\\/#primaryimage\"},\"thumbnailUrl\":\"https:\\\/\\\/sorbetkiwi.fr\\\/wp-content\\\/uploads\\\/2023\\\/10\\\/F-Eve-mon-pere-Noel-sappelle-Adam-Caro-M-Leene.png\",\"keywords\":[\"Caro M. Leene\",\"Collection &amp;h\",\"F*** Eve mon p\u00e8re No\u00ebl s'appelle Adam !\",\"Harper Collins\",\"No\u00ebl\",\"Romance\",\"Romance contemporaine\",\"Romance de No\u00ebl\"],\"articleSection\":[\"No\u00ebl\",\"Partenariats\",\"Tout le blog\"],\"inLanguage\":\"fr-FR\",\"potentialAction\":[{\"@type\":\"CommentAction\",\"name\":\"Comment\",\"target\":[\"https:\\\/\\\/sorbetkiwi.fr\\\/index.php\\\/f-eve-mon-pere-noel-sappelle-adam-de-caro-m-leene\\\/#respond\"]}]},{\"@type\":\"WebPage\",\"@id\":\"https:\\\/\\\/sorbetkiwi.fr\\\/index.php\\\/f-eve-mon-pere-noel-sappelle-adam-de-caro-m-leene\\\/\",\"url\":\"https:\\\/\\\/sorbetkiwi.fr\\\/index.php\\\/f-eve-mon-pere-noel-sappelle-adam-de-caro-m-leene\\\/\",\"name\":\"F*** Eve mon p\u00e8re No\u00ebl s'appelle Adam ! de Caro M. Leene - Sorbet Kiwi\",\"isPartOf\":{\"@id\":\"https:\\\/\\\/sorbetkiwi.fr\\\/#website\"},\"primaryImageOfPage\":{\"@id\":\"https:\\\/\\\/sorbetkiwi.fr\\\/index.php\\\/f-eve-mon-pere-noel-sappelle-adam-de-caro-m-leene\\\/#primaryimage\"},\"image\":{\"@id\":\"https:\\\/\\\/sorbetkiwi.fr\\\/index.php\\\/f-eve-mon-pere-noel-sappelle-adam-de-caro-m-leene\\\/#primaryimage\"},\"thumbnailUrl\":\"https:\\\/\\\/sorbetkiwi.fr\\\/wp-content\\\/uploads\\\/2023\\\/10\\\/F-Eve-mon-pere-Noel-sappelle-Adam-Caro-M-Leene.png\",\"datePublished\":\"2023-11-05T07:00:00+00:00\",\"description\":\"Ma chronique de F*** Eve mon p\u00e8re No\u00ebl s'appelle Adam ! de Caro M. Leene, une romance de No\u00ebl publi\u00e9e dans la collectio &h.\",\"breadcrumb\":{\"@id\":\"https:\\\/\\\/sorbetkiwi.fr\\\/index.php\\\/f-eve-mon-pere-noel-sappelle-adam-de-caro-m-leene\\\/#breadcrumb\"},\"inLanguage\":\"fr-FR\",\"potentialAction\":[{\"@type\":\"ReadAction\",\"target\":[\"https:\\\/\\\/sorbetkiwi.fr\\\/index.php\\\/f-eve-mon-pere-noel-sappelle-adam-de-caro-m-leene\\\/\"]}]},{\"@type\":\"ImageObject\",\"inLanguage\":\"fr-FR\",\"@id\":\"https:\\\/\\\/sorbetkiwi.fr\\\/index.php\\\/f-eve-mon-pere-noel-sappelle-adam-de-caro-m-leene\\\/#primaryimage\",\"url\":\"https:\\\/\\\/sorbetkiwi.fr\\\/wp-content\\\/uploads\\\/2023\\\/10\\\/F-Eve-mon-pere-Noel-sappelle-Adam-Caro-M-Leene.png\",\"contentUrl\":\"https:\\\/\\\/sorbetkiwi.fr\\\/wp-content\\\/uploads\\\/2023\\\/10\\\/F-Eve-mon-pere-Noel-sappelle-Adam-Caro-M-Leene.png\",\"width\":691,\"height\":817,\"caption\":\"F Eve mon pere Noel s'appelle Adam Caro M Leene\"},{\"@type\":\"BreadcrumbList\",\"@id\":\"https:\\\/\\\/sorbetkiwi.fr\\\/index.php\\\/f-eve-mon-pere-noel-sappelle-adam-de-caro-m-leene\\\/#breadcrumb\",\"itemListElement\":[{\"@type\":\"ListItem\",\"position\":1,\"name\":\"Accueil\",\"item\":\"https:\\\/\\\/sorbetkiwi.fr\\\/\"},{\"@type\":\"ListItem\",\"position\":2,\"name\":\"F*** Eve mon p\u00e8re No\u00ebl s&rsquo;appelle Adam ! de Caro M. Leene\"}]},{\"@type\":\"WebSite\",\"@id\":\"https:\\\/\\\/sorbetkiwi.fr\\\/#website\",\"url\":\"https:\\\/\\\/sorbetkiwi.fr\\\/\",\"name\":\"Sorbet Kiwi\",\"description\":\"Des lectures th\u00e9matiques par saison et les avis qui vont avec\",\"publisher\":{\"@id\":\"https:\\\/\\\/sorbetkiwi.fr\\\/#organization\"},\"potentialAction\":[{\"@type\":\"SearchAction\",\"target\":{\"@type\":\"EntryPoint\",\"urlTemplate\":\"https:\\\/\\\/sorbetkiwi.fr\\\/?s={search_term_string}\"},\"query-input\":{\"@type\":\"PropertyValueSpecification\",\"valueRequired\":true,\"valueName\":\"search_term_string\"}}],\"inLanguage\":\"fr-FR\"},{\"@type\":\"Organization\",\"@id\":\"https:\\\/\\\/sorbetkiwi.fr\\\/#organization\",\"name\":\"Sorbet Kiwi\",\"url\":\"https:\\\/\\\/sorbetkiwi.fr\\\/\",\"logo\":{\"@type\":\"ImageObject\",\"inLanguage\":\"fr-FR\",\"@id\":\"https:\\\/\\\/sorbetkiwi.fr\\\/#\\\/schema\\\/logo\\\/image\\\/\",\"url\":\"https:\\\/\\\/sorbetkiwi.fr\\\/wp-content\\\/uploads\\\/2022\\\/10\\\/Banniere-Sorbet-Kiwi-2022.jpg\",\"contentUrl\":\"https:\\\/\\\/sorbetkiwi.fr\\\/wp-content\\\/uploads\\\/2022\\\/10\\\/Banniere-Sorbet-Kiwi-2022.jpg\",\"width\":814,\"height\":401,\"caption\":\"Sorbet Kiwi\"},\"image\":{\"@id\":\"https:\\\/\\\/sorbetkiwi.fr\\\/#\\\/schema\\\/logo\\\/image\\\/\"},\"sameAs\":[\"https:\\\/\\\/www.facebook.com\\\/profile.php?id=100086238893269\",\"https:\\\/\\\/x.com\\\/pepparshoes\",\"https:\\\/\\\/www.instagram.com\\\/sorbetkiwi\\\/\",\"https:\\\/\\\/www.tiktok.com\\\/sorbetkiwi\"]},{\"@type\":\"Person\",\"@id\":\"https:\\\/\\\/sorbetkiwi.fr\\\/#\\\/schema\\\/person\\\/ed1b7b527a2957ddc3bf38b076540659\",\"name\":\"Sorbet-Kiwi\",\"image\":{\"@type\":\"ImageObject\",\"inLanguage\":\"fr-FR\",\"@id\":\"https:\\\/\\\/secure.gravatar.com\\\/avatar\\\/86f0a5c27d76317621b9e374d0f3a01d3a85278f10d0c7207ced4fd773057442?s=96&d=mm&r=g\",\"url\":\"https:\\\/\\\/secure.gravatar.com\\\/avatar\\\/86f0a5c27d76317621b9e374d0f3a01d3a85278f10d0c7207ced4fd773057442?s=96&d=mm&r=g\",\"contentUrl\":\"https:\\\/\\\/secure.gravatar.com\\\/avatar\\\/86f0a5c27d76317621b9e374d0f3a01d3a85278f10d0c7207ced4fd773057442?s=96&d=mm&r=g\",\"caption\":\"Sorbet-Kiwi\"},\"sameAs\":[\"http:\\\/\\\/sorbetkiwi.fr\"],\"url\":\"https:\\\/\\\/sorbetkiwi.fr\\\/index.php\\\/author\\\/admin7717\\\/\"}]}<\/script>\n<!-- \/ Yoast SEO plugin. -->","yoast_head_json":{"title":"F*** Eve mon p\u00e8re No\u00ebl s'appelle Adam ! de Caro M. Leene - Sorbet Kiwi","description":"Ma chronique de F*** Eve mon p\u00e8re No\u00ebl s'appelle Adam ! de Caro M. Leene, une romance de No\u00ebl publi\u00e9e dans la collectio &h.","robots":{"index":"index","follow":"follow","max-snippet":"max-snippet:-1","max-image-preview":"max-image-preview:large","max-video-preview":"max-video-preview:-1"},"canonical":"https:\/\/sorbetkiwi.fr\/index.php\/f-eve-mon-pere-noel-sappelle-adam-de-caro-m-leene\/","og_locale":"fr_FR","og_type":"article","og_title":"F*** Eve mon p\u00e8re No\u00ebl s'appelle Adam ! de Caro M. Leene - Sorbet Kiwi","og_description":"Ma chronique de F*** Eve mon p\u00e8re No\u00ebl s'appelle Adam ! de Caro M. Leene, une romance de No\u00ebl publi\u00e9e dans la collectio &h.","og_url":"https:\/\/sorbetkiwi.fr\/index.php\/f-eve-mon-pere-noel-sappelle-adam-de-caro-m-leene\/","og_site_name":"Sorbet Kiwi","article_publisher":"https:\/\/www.facebook.com\/profile.php?id=100086238893269","article_published_time":"2023-11-05T07:00:00+00:00","og_image":[{"width":691,"height":817,"url":"https:\/\/sorbetkiwi.fr\/wp-content\/uploads\/2023\/10\/F-Eve-mon-pere-Noel-sappelle-Adam-Caro-M-Leene.png","type":"image\/png"}],"author":"Sorbet-Kiwi","twitter_card":"summary_large_image","twitter_creator":"@pepparshoes","twitter_site":"@pepparshoes","twitter_misc":{"\u00c9crit par":"Sorbet-Kiwi","Dur\u00e9e de lecture estim\u00e9e":"3 minutes"},"schema":{"@context":"https:\/\/schema.org","@graph":[{"@type":"Article","@id":"https:\/\/sorbetkiwi.fr\/index.php\/f-eve-mon-pere-noel-sappelle-adam-de-caro-m-leene\/#article","isPartOf":{"@id":"https:\/\/sorbetkiwi.fr\/index.php\/f-eve-mon-pere-noel-sappelle-adam-de-caro-m-leene\/"},"author":{"name":"Sorbet-Kiwi","@id":"https:\/\/sorbetkiwi.fr\/#\/schema\/person\/ed1b7b527a2957ddc3bf38b076540659"},"headline":"F*** Eve mon p\u00e8re No\u00ebl s&rsquo;appelle Adam ! de Caro M. Leene","datePublished":"2023-11-05T07:00:00+00:00","mainEntityOfPage":{"@id":"https:\/\/sorbetkiwi.fr\/index.php\/f-eve-mon-pere-noel-sappelle-adam-de-caro-m-leene\/"},"wordCount":592,"commentCount":0,"publisher":{"@id":"https:\/\/sorbetkiwi.fr\/#organization"},"image":{"@id":"https:\/\/sorbetkiwi.fr\/index.php\/f-eve-mon-pere-noel-sappelle-adam-de-caro-m-leene\/#primaryimage"},"thumbnailUrl":"https:\/\/sorbetkiwi.fr\/wp-content\/uploads\/2023\/10\/F-Eve-mon-pere-Noel-sappelle-Adam-Caro-M-Leene.png","keywords":["Caro M. Leene","Collection &amp;h","F*** Eve mon p\u00e8re No\u00ebl s'appelle Adam !","Harper Collins","No\u00ebl","Romance","Romance contemporaine","Romance de No\u00ebl"],"articleSection":["No\u00ebl","Partenariats","Tout le blog"],"inLanguage":"fr-FR","potentialAction":[{"@type":"CommentAction","name":"Comment","target":["https:\/\/sorbetkiwi.fr\/index.php\/f-eve-mon-pere-noel-sappelle-adam-de-caro-m-leene\/#respond"]}]},{"@type":"WebPage","@id":"https:\/\/sorbetkiwi.fr\/index.php\/f-eve-mon-pere-noel-sappelle-adam-de-caro-m-leene\/","url":"https:\/\/sorbetkiwi.fr\/index.php\/f-eve-mon-pere-noel-sappelle-adam-de-caro-m-leene\/","name":"F*** Eve mon p\u00e8re No\u00ebl s'appelle Adam ! de Caro M. Leene - Sorbet Kiwi","isPartOf":{"@id":"https:\/\/sorbetkiwi.fr\/#website"},"primaryImageOfPage":{"@id":"https:\/\/sorbetkiwi.fr\/index.php\/f-eve-mon-pere-noel-sappelle-adam-de-caro-m-leene\/#primaryimage"},"image":{"@id":"https:\/\/sorbetkiwi.fr\/index.php\/f-eve-mon-pere-noel-sappelle-adam-de-caro-m-leene\/#primaryimage"},"thumbnailUrl":"https:\/\/sorbetkiwi.fr\/wp-content\/uploads\/2023\/10\/F-Eve-mon-pere-Noel-sappelle-Adam-Caro-M-Leene.png","datePublished":"2023-11-05T07:00:00+00:00","description":"Ma chronique de F*** Eve mon p\u00e8re No\u00ebl s'appelle Adam ! de Caro M. Leene, une romance de No\u00ebl publi\u00e9e dans la collectio &h.","breadcrumb":{"@id":"https:\/\/sorbetkiwi.fr\/index.php\/f-eve-mon-pere-noel-sappelle-adam-de-caro-m-leene\/#breadcrumb"},"inLanguage":"fr-FR","potentialAction":[{"@type":"ReadAction","target":["https:\/\/sorbetkiwi.fr\/index.php\/f-eve-mon-pere-noel-sappelle-adam-de-caro-m-leene\/"]}]},{"@type":"ImageObject","inLanguage":"fr-FR","@id":"https:\/\/sorbetkiwi.fr\/index.php\/f-eve-mon-pere-noel-sappelle-adam-de-caro-m-leene\/#primaryimage","url":"https:\/\/sorbetkiwi.fr\/wp-content\/uploads\/2023\/10\/F-Eve-mon-pere-Noel-sappelle-Adam-Caro-M-Leene.png","contentUrl":"https:\/\/sorbetkiwi.fr\/wp-content\/uploads\/2023\/10\/F-Eve-mon-pere-Noel-sappelle-Adam-Caro-M-Leene.png","width":691,"height":817,"caption":"F Eve mon pere Noel s'appelle Adam Caro M Leene"},{"@type":"BreadcrumbList","@id":"https:\/\/sorbetkiwi.fr\/index.php\/f-eve-mon-pere-noel-sappelle-adam-de-caro-m-leene\/#breadcrumb","itemListElement":[{"@type":"ListItem","position":1,"name":"Accueil","item":"https:\/\/sorbetkiwi.fr\/"},{"@type":"ListItem","position":2,"name":"F*** Eve mon p\u00e8re No\u00ebl s&rsquo;appelle Adam ! de Caro M. Leene"}]},{"@type":"WebSite","@id":"https:\/\/sorbetkiwi.fr\/#website","url":"https:\/\/sorbetkiwi.fr\/","name":"Sorbet Kiwi","description":"Des lectures th\u00e9matiques par saison et les avis qui vont avec","publisher":{"@id":"https:\/\/sorbetkiwi.fr\/#organization"},"potentialAction":[{"@type":"SearchAction","target":{"@type":"EntryPoint","urlTemplate":"https:\/\/sorbetkiwi.fr\/?s={search_term_string}"},"query-input":{"@type":"PropertyValueSpecification","valueRequired":true,"valueName":"search_term_string"}}],"inLanguage":"fr-FR"},{"@type":"Organization","@id":"https:\/\/sorbetkiwi.fr\/#organization","name":"Sorbet Kiwi","url":"https:\/\/sorbetkiwi.fr\/","logo":{"@type":"ImageObject","inLanguage":"fr-FR","@id":"https:\/\/sorbetkiwi.fr\/#\/schema\/logo\/image\/","url":"https:\/\/sorbetkiwi.fr\/wp-content\/uploads\/2022\/10\/Banniere-Sorbet-Kiwi-2022.jpg","contentUrl":"https:\/\/sorbetkiwi.fr\/wp-content\/uploads\/2022\/10\/Banniere-Sorbet-Kiwi-2022.jpg","width":814,"height":401,"caption":"Sorbet Kiwi"},"image":{"@id":"https:\/\/sorbetkiwi.fr\/#\/schema\/logo\/image\/"},"sameAs":["https:\/\/www.facebook.com\/profile.php?id=100086238893269","https:\/\/x.com\/pepparshoes","https:\/\/www.instagram.com\/sorbetkiwi\/","https:\/\/www.tiktok.com\/sorbetkiwi"]},{"@type":"Person","@id":"https:\/\/sorbetkiwi.fr\/#\/schema\/person\/ed1b7b527a2957ddc3bf38b076540659","name":"Sorbet-Kiwi","image":{"@type":"ImageObject","inLanguage":"fr-FR","@id":"https:\/\/secure.gravatar.com\/avatar\/86f0a5c27d76317621b9e374d0f3a01d3a85278f10d0c7207ced4fd773057442?s=96&d=mm&r=g","url":"https:\/\/secure.gravatar.com\/avatar\/86f0a5c27d76317621b9e374d0f3a01d3a85278f10d0c7207ced4fd773057442?s=96&d=mm&r=g","contentUrl":"https:\/\/secure.gravatar.com\/avatar\/86f0a5c27d76317621b9e374d0f3a01d3a85278f10d0c7207ced4fd773057442?s=96&d=mm&r=g","caption":"Sorbet-Kiwi"},"sameAs":["http:\/\/sorbetkiwi.fr"],"url":"https:\/\/sorbetkiwi.fr\/index.php\/author\/admin7717\/"}]}},"_links":{"self":[{"href":"https:\/\/sorbetkiwi.fr\/index.php\/wp-json\/wp\/v2\/posts\/4245","targetHints":{"allow":["GET"]}}],"collection":[{"href":"https:\/\/sorbetkiwi.fr\/index.php\/wp-json\/wp\/v2\/posts"}],"about":[{"href":"https:\/\/sorbetkiwi.fr\/index.php\/wp-json\/wp\/v2\/types\/post"}],"author":[{"embeddable":true,"href":"https:\/\/sorbetkiwi.fr\/index.php\/wp-json\/wp\/v2\/users\/1"}],"replies":[{"embeddable":true,"href":"https:\/\/sorbetkiwi.fr\/index.php\/wp-json\/wp\/v2\/comments?post=4245"}],"version-history":[{"count":6,"href":"https:\/\/sorbetkiwi.fr\/index.php\/wp-json\/wp\/v2\/posts\/4245\/revisions"}],"predecessor-version":[{"id":4252,"href":"https:\/\/sorbetkiwi.fr\/index.php\/wp-json\/wp\/v2\/posts\/4245\/revisions\/4252"}],"wp:featuredmedia":[{"embeddable":true,"href":"https:\/\/sorbetkiwi.fr\/index.php\/wp-json\/wp\/v2\/media\/4246"}],"wp:attachment":[{"href":"https:\/\/sorbetkiwi.fr\/index.php\/wp-json\/wp\/v2\/media?parent=4245"}],"wp:term":[{"taxonomy":"category","embeddable":true,"href":"https:\/\/sorbetkiwi.fr\/index.php\/wp-json\/wp\/v2\/categories?post=4245"},{"taxonomy":"post_tag","embeddable":true,"href":"https:\/\/sorbetkiwi.fr\/index.php\/wp-json\/wp\/v2\/tags?post=4245"}],"curies":[{"name":"wp","href":"https:\/\/api.w.org\/{rel}","templated":true}]}}