{"id":3945,"date":"2023-09-23T09:25:00","date_gmt":"2023-09-23T07:25:00","guid":{"rendered":"https:\/\/sorbetkiwi.fr\/?p=3945"},"modified":"2023-09-18T17:43:31","modified_gmt":"2023-09-18T15:43:31","slug":"pourquoi-tu-te-moques-de-emilie-weight-et-korriganne","status":"publish","type":"post","link":"https:\/\/sorbetkiwi.fr\/index.php\/pourquoi-tu-te-moques-de-emilie-weight-et-korriganne\/","title":{"rendered":"Pourquoi tu te moques ? de Emilie Weight et Korrig&rsquo;Anne"},"content":{"rendered":"\t\t<div data-elementor-type=\"wp-post\" data-elementor-id=\"3945\" class=\"elementor elementor-3945\">\n\t\t\t\t\t\t<section class=\"elementor-section elementor-top-section elementor-element elementor-element-63811daf elementor-section-boxed elementor-section-height-default elementor-section-height-default\" data-id=\"63811daf\" data-element_type=\"section\" data-e-type=\"section\">\n\t\t\t\t\t\t<div class=\"elementor-container elementor-column-gap-default\">\n\t\t\t\t\t<div class=\"elementor-column elementor-col-100 elementor-top-column elementor-element elementor-element-adcf85d\" data-id=\"adcf85d\" data-element_type=\"column\" data-e-type=\"column\">\n\t\t\t<div class=\"elementor-widget-wrap elementor-element-populated\">\n\t\t\t\t\t\t<div class=\"elementor-element elementor-element-21ac8b64 elementor-widget elementor-widget-heading\" data-id=\"21ac8b64\" data-element_type=\"widget\" data-e-type=\"widget\" data-widget_type=\"heading.default\">\n\t\t\t\t<div class=\"elementor-widget-container\">\n\t\t\t\t\t<h1 class=\"elementor-heading-title elementor-size-medium\">Pourquoi tu te moques ? <\/h1>\t\t\t\t<\/div>\n\t\t\t\t<\/div>\n\t\t\t\t<div class=\"elementor-element elementor-element-7599c07c elementor-view-default elementor-widget elementor-widget-icon\" data-id=\"7599c07c\" data-element_type=\"widget\" data-e-type=\"widget\" data-widget_type=\"icon.default\">\n\t\t\t\t<div class=\"elementor-widget-container\">\n\t\t\t\t\t\t\t<div class=\"elementor-icon-wrapper\">\n\t\t\t<div class=\"elementor-icon\">\n\t\t\t<i aria-hidden=\"true\" class=\"fab fa-canadian-maple-leaf\"><\/i>\t\t\t<\/div>\n\t\t<\/div>\n\t\t\t\t\t\t<\/div>\n\t\t\t\t<\/div>\n\t\t\t\t<div class=\"elementor-element elementor-element-17ca7d01 elementor-widget-divider--view-line elementor-widget elementor-widget-divider\" data-id=\"17ca7d01\" data-element_type=\"widget\" data-e-type=\"widget\" data-widget_type=\"divider.default\">\n\t\t\t\t<div class=\"elementor-widget-container\">\n\t\t\t\t\t\t\t<div class=\"elementor-divider\">\n\t\t\t<span class=\"elementor-divider-separator\">\n\t\t\t\t\t\t<\/span>\n\t\t<\/div>\n\t\t\t\t\t\t<\/div>\n\t\t\t\t<\/div>\n\t\t\t\t<div class=\"elementor-element elementor-element-33a22ea4 elementor-widget elementor-widget-heading\" data-id=\"33a22ea4\" data-element_type=\"widget\" data-e-type=\"widget\" data-widget_type=\"heading.default\">\n\t\t\t\t<div class=\"elementor-widget-container\">\n\t\t\t\t\t<h2 class=\"elementor-heading-title elementor-size-medium\">R\u00e9sum\u00e9<\/h2>\t\t\t\t<\/div>\n\t\t\t\t<\/div>\n\t\t\t\t<div class=\"elementor-element elementor-element-2370f61e elementor-widget elementor-widget-text-editor\" data-id=\"2370f61e\" data-element_type=\"widget\" data-e-type=\"widget\" data-widget_type=\"text-editor.default\">\n\t\t\t\t<div class=\"elementor-widget-container\">\n\t\t\t\t\t\t\t\t\t<p>\u00ab Je m\u2019appelle Mike. Il y a tellement de choses que je voudrais dire, mais on ne m\u2019\u00e9coute pas. Alors, ma maman a eu l\u2019id\u00e9e de prendre la parole pour moi, afin de vous raconter toute la richesse que ma diff\u00e9rence implique. Contrairement \u00e0 ce qu\u2019on peut penser, la nature nous a peut-\u00eatre priv\u00e9s de quelque chose, mais en retour, elle nous offre tellement\u2026 \u00bb<br \/><br \/>Le fils d\u2019\u00c9milie Weight a 2 ans lorsqu\u2019il est diagnostiqu\u00e9 X fragile, une maladie g\u00e9n\u00e9tique rare et m\u00e9connue, premi\u00e8re cause de d\u00e9ficience intellectuelle h\u00e9r\u00e9ditaire. \u00c0 travers cette BD illustr\u00e9e par Korrig\u2019Anne, sa m\u00e8re nous livre un t\u00e9moignage engag\u00e9 et poignant sur le quotidien de son fils, son amour pour lui, la fiert\u00e9 qu\u2019il lui inspire, et tous les apprentissages qu\u2019il lui apporte, pour changer le regard sur la diff\u00e9rence.<\/p>\t\t\t\t\t\t\t\t<\/div>\n\t\t\t\t<\/div>\n\t\t\t\t<div class=\"elementor-element elementor-element-289d74f7 elementor-widget-divider--view-line elementor-widget elementor-widget-divider\" data-id=\"289d74f7\" data-element_type=\"widget\" data-e-type=\"widget\" data-widget_type=\"divider.default\">\n\t\t\t\t<div class=\"elementor-widget-container\">\n\t\t\t\t\t\t\t<div class=\"elementor-divider\">\n\t\t\t<span class=\"elementor-divider-separator\">\n\t\t\t\t\t\t<\/span>\n\t\t<\/div>\n\t\t\t\t\t\t<\/div>\n\t\t\t\t<\/div>\n\t\t\t\t<div class=\"elementor-element elementor-element-54f9c28d elementor-widget elementor-widget-heading\" data-id=\"54f9c28d\" data-element_type=\"widget\" data-e-type=\"widget\" data-widget_type=\"heading.default\">\n\t\t\t\t<div class=\"elementor-widget-container\">\n\t\t\t\t\t<h2 class=\"elementor-heading-title elementor-size-medium\">Ma note<\/h2>\t\t\t\t<\/div>\n\t\t\t\t<\/div>\n\t\t\t\t<div class=\"elementor-element elementor-element-54da3271 elementor-star-rating--align-center elementor--star-style-star_fontawesome elementor-widget elementor-widget-star-rating\" data-id=\"54da3271\" data-element_type=\"widget\" data-e-type=\"widget\" data-widget_type=\"star-rating.default\">\n\t\t\t\t<div class=\"elementor-widget-container\">\n\t\t\t\t\t\t\t<div class=\"elementor-star-rating__wrapper\">\n\t\t\t\t\t\t<div class=\"elementor-star-rating\" itemtype=\"http:\/\/schema.org\/Rating\" itemscope=\"\" itemprop=\"reviewRating\">\n\t\t\t\t<i class=\"elementor-star-full\" aria-hidden=\"true\">&#xE934;<\/i><i class=\"elementor-star-full\" aria-hidden=\"true\">&#xE934;<\/i><i class=\"elementor-star-full\" aria-hidden=\"true\">&#xE934;<\/i><i class=\"elementor-star-full\" aria-hidden=\"true\">&#xE934;<\/i><i class=\"elementor-star-full\" aria-hidden=\"true\">&#xE934;<\/i>\t\t\t\t<span itemprop=\"ratingValue\" class=\"elementor-screen-only\">Not\u00e9 5 sur 5<\/span>\n\t\t\t<\/div>\n\t\t<\/div>\n\t\t\t\t\t\t<\/div>\n\t\t\t\t<\/div>\n\t\t\t\t<div class=\"elementor-element elementor-element-531dc799 elementor-widget-divider--view-line elementor-widget elementor-widget-divider\" data-id=\"531dc799\" data-element_type=\"widget\" data-e-type=\"widget\" data-widget_type=\"divider.default\">\n\t\t\t\t<div class=\"elementor-widget-container\">\n\t\t\t\t\t\t\t<div class=\"elementor-divider\">\n\t\t\t<span class=\"elementor-divider-separator\">\n\t\t\t\t\t\t<\/span>\n\t\t<\/div>\n\t\t\t\t\t\t<\/div>\n\t\t\t\t<\/div>\n\t\t\t\t<div class=\"elementor-element elementor-element-5bc7dee5 elementor-widget elementor-widget-heading\" data-id=\"5bc7dee5\" data-element_type=\"widget\" data-e-type=\"widget\" data-widget_type=\"heading.default\">\n\t\t\t\t<div class=\"elementor-widget-container\">\n\t\t\t\t\t<h2 class=\"elementor-heading-title elementor-size-medium\">Encore une BD Leduc Graphic indispensable<\/h2>\t\t\t\t<\/div>\n\t\t\t\t<\/div>\n\t\t\t\t<div class=\"elementor-element elementor-element-6a339ddf elementor-widget elementor-widget-text-editor\" data-id=\"6a339ddf\" data-element_type=\"widget\" data-e-type=\"widget\" data-widget_type=\"text-editor.default\">\n\t\t\t\t<div class=\"elementor-widget-container\">\n\t\t\t\t\t\t\t\t\t<p>J&rsquo;aurai certainement pu placer cette BD en <a href=\"https:\/\/sorbetkiwi.fr\/index.php\/tag\/bd-du-mardi\/\">BD du mardi<\/a>, mais j&rsquo;avais tr\u00e8s envie de lui donner une place \u00e0 part en ce mois de septembre. En corr\u00e9lation avec la rentr\u00e9e, il est important de rappeler que tous les enfants ne sont pas identiques, et que certains ont des besoins plus sp\u00e9cifiques que d&rsquo;autres. Il est \u00e9galement absolument primordial de rappeler que le harc\u00e8lement est un fl\u00e9au de la soci\u00e9t\u00e9, bien trop normalis\u00e9 dans l&rsquo;\u00e9ducation. Alors, comment le combattre ? Par la compr\u00e9hension des particularit\u00e9s de chacun. En apprenant. En s&rsquo;\u00e9duquant. Voil\u00e0 pourquoi je vous parle de Pourquoi tu te moques ? aujourd&rsquo;hui. D&rsquo;autant plus que c&rsquo;est une BD qui nous apprend \u00e9norm\u00e9ment de choses, et c&rsquo;est un t\u00e9moignage, ce qui ne m&rsquo;a en rien emp\u00eacher d&rsquo;appr\u00e9cier cette famille, d&rsquo;\u00eatre touch\u00e9e par leur parcours, et de rire gr\u00e2ce \u00e0 l&rsquo;autod\u00e9rision de Mike !\u00a0<\/p>\t\t\t\t\t\t\t\t<\/div>\n\t\t\t\t<\/div>\n\t\t\t\t<div class=\"elementor-element elementor-element-81d5468 elementor-widget-divider--view-line elementor-widget elementor-widget-divider\" data-id=\"81d5468\" data-element_type=\"widget\" data-e-type=\"widget\" data-widget_type=\"divider.default\">\n\t\t\t\t<div class=\"elementor-widget-container\">\n\t\t\t\t\t\t\t<div class=\"elementor-divider\">\n\t\t\t<span class=\"elementor-divider-separator\">\n\t\t\t\t\t\t<\/span>\n\t\t<\/div>\n\t\t\t\t\t\t<\/div>\n\t\t\t\t<\/div>\n\t\t\t\t<div class=\"elementor-element elementor-element-1d2cc8d7 elementor-widget elementor-widget-heading\" data-id=\"1d2cc8d7\" data-element_type=\"widget\" data-e-type=\"widget\" data-widget_type=\"heading.default\">\n\t\t\t\t<div class=\"elementor-widget-container\">\n\t\t\t\t\t<h4 class=\"elementor-heading-title elementor-size-medium\">\"Nous venons de quitter une r\u00e9alit\u00e9 pour une autre, d'un seul coup. Qu'est-ce qui attend Mike ? Qu'est-ce qui nous attend ? Le monde d'hier n'existe plus. Et le monde de demain nous fait trembler. Pourtant, rien n'a chang\u00e9. \"<\/h4>\t\t\t\t<\/div>\n\t\t\t\t<\/div>\n\t\t\t\t<div class=\"elementor-element elementor-element-545df362 elementor-widget-divider--view-line elementor-widget elementor-widget-divider\" data-id=\"545df362\" data-element_type=\"widget\" data-e-type=\"widget\" data-widget_type=\"divider.default\">\n\t\t\t\t<div class=\"elementor-widget-container\">\n\t\t\t\t\t\t\t<div class=\"elementor-divider\">\n\t\t\t<span class=\"elementor-divider-separator\">\n\t\t\t\t\t\t<\/span>\n\t\t<\/div>\n\t\t\t\t\t\t<\/div>\n\t\t\t\t<\/div>\n\t\t\t\t<div class=\"elementor-element elementor-element-28d35929 elementor-widget elementor-widget-heading\" data-id=\"28d35929\" data-element_type=\"widget\" data-e-type=\"widget\" data-widget_type=\"heading.default\">\n\t\t\t\t<div class=\"elementor-widget-container\">\n\t\t\t\t\t<h2 class=\"elementor-heading-title elementor-size-medium\">Un t\u00e9moignage touchant et humain<\/h2>\t\t\t\t<\/div>\n\t\t\t\t<\/div>\n\t\t\t\t<div class=\"elementor-element elementor-element-723f0f99 elementor-widget elementor-widget-text-editor\" data-id=\"723f0f99\" data-element_type=\"widget\" data-e-type=\"widget\" data-widget_type=\"text-editor.default\">\n\t\t\t\t<div class=\"elementor-widget-container\">\n\t\t\t\t\t\t\t\t\t<p>Nous rencontrons Emilie, son conjoint Brendan, Mike puis sa petite soeur Lola. Pourquoi tu te moques ? est construit chronologiquement. On alterne le point de vue entre maman et Michael, mais aussi entre les faits m\u00e9dicaux et les \u00e9motions. Un diagnostique, ce ne sont pas que des mots dans un dossier. Cela a de grandes cons\u00e9quences sur la vie de famille. \u00c9tant un t\u00e9moignage, la narratrice partage avec nous ses joies et ses peines, mais aussi celles de son enfant. Sans tomber dans le pathos, j&rsquo;ai n\u00e9anmoins trouv\u00e9 le r\u00e9cit touchant. On sent tout l&rsquo;amour que se portent ces personnes, mais aussi leurs proches. Du moins, ceux qui ont d\u00e9cid\u00e9 de rester. Mais l&rsquo;amour transmis est si sinc\u00e8re, si fort, que j&rsquo;en ai eu les larmes aux yeux.\u00a0<\/p>\t\t\t\t\t\t\t\t<\/div>\n\t\t\t\t<\/div>\n\t\t\t\t<div class=\"elementor-element elementor-element-4944058b elementor-widget-divider--view-line elementor-widget elementor-widget-divider\" data-id=\"4944058b\" data-element_type=\"widget\" data-e-type=\"widget\" data-widget_type=\"divider.default\">\n\t\t\t\t<div class=\"elementor-widget-container\">\n\t\t\t\t\t\t\t<div class=\"elementor-divider\">\n\t\t\t<span class=\"elementor-divider-separator\">\n\t\t\t\t\t\t<\/span>\n\t\t<\/div>\n\t\t\t\t\t\t<\/div>\n\t\t\t\t<\/div>\n\t\t\t\t<div class=\"elementor-element elementor-element-656530aa elementor-widget elementor-widget-heading\" data-id=\"656530aa\" data-element_type=\"widget\" data-e-type=\"widget\" data-widget_type=\"heading.default\">\n\t\t\t\t<div class=\"elementor-widget-container\">\n\t\t\t\t\t<h2 class=\"elementor-heading-title elementor-size-medium\">D'une justesse a toute \u00e9preuve<\/h2>\t\t\t\t<\/div>\n\t\t\t\t<\/div>\n\t\t\t\t<div class=\"elementor-element elementor-element-91e9b18 elementor-widget elementor-widget-text-editor\" data-id=\"91e9b18\" data-element_type=\"widget\" data-e-type=\"widget\" data-widget_type=\"text-editor.default\">\n\t\t\t\t<div class=\"elementor-widget-container\">\n\t\t\t\t\t\t\t\t\t<p>J&rsquo;ai justement trouv\u00e9 tr\u00e8s pertinant les remises en questions de la famille, et notamment le questionnement autour du rythme de vie. Cette fa\u00e7on que nous avons de chercher \u00e0 contraindre tout le monde de rentrer dans ce tourbillon que nous impose la soci\u00e9t\u00e9. Et si&#8230; on prenait notre temps ? On adaptait notre rythme \u00e0 ceux qui ont besoin de plus de temps ? \u00a0Le parcours scolaire de Mike m&rsquo;a aussi beaucoup interpell\u00e9. J&rsquo;ai moi-m\u00eame fait des \u00e9tudes en alternance pour devenir \u00e9ducatrice sportive sp\u00e9cialis\u00e9e, et j&rsquo;ai quitt\u00e9 ce milieu en partie \u00e0 cause du corps professionnel. Trop d&rsquo;ego, trop de pouvoir, et je n&rsquo;avais surtout pas les reins pour changer quoi que ce soit. Voir son parcours m&rsquo;a renvoy\u00e9 vers cela. Mais il m&rsquo;a aussi rappel\u00e9 les nombreux \u00e9ducateur.ices qui font un travail merveilleux, et il faut le souligner ! Tout le parcours familial qui gravite autour de celui de Mike est une tr\u00e8s belle le\u00e7on de vie qui devrait \u00eatre partag\u00e9e au plus grand nombre Alors \u00e9videmment, je vous la conseille sinc\u00e8rement.\u00a0<\/p>\t\t\t\t\t\t\t\t<\/div>\n\t\t\t\t<\/div>\n\t\t\t\t<div class=\"elementor-element elementor-element-7d604b8c elementor-widget elementor-widget-heading\" data-id=\"7d604b8c\" data-element_type=\"widget\" data-e-type=\"widget\" data-widget_type=\"heading.default\">\n\t\t\t\t<div class=\"elementor-widget-container\">\n\t\t\t\t\t<h4 class=\"elementor-heading-title elementor-size-medium\">Sur la blogosph\u00e8re<\/h4>\t\t\t\t<\/div>\n\t\t\t\t<\/div>\n\t\t\t\t<div class=\"elementor-element elementor-element-65dd1ebd elementor-widget elementor-widget-text-editor\" data-id=\"65dd1ebd\" data-element_type=\"widget\" data-e-type=\"widget\" data-widget_type=\"text-editor.default\">\n\t\t\t\t<div class=\"elementor-widget-container\">\n\t\t\t\t\t\t\t\t\t<p>Pourquoi tu te moques ? ailleurs sur la toile :\u00a0<\/p><ul><li><a href=\"https:\/\/korriganne.com\/2023\/08\/30\/pourquoi-tu-te-moques-sortie-bd\/\">Korig&rsquo;Anne<\/a>, l&rsquo;illustratrice, vous en parle d&rsquo;elle-m\u00eame !\u00a0<\/li><\/ul>\t\t\t\t\t\t\t\t<\/div>\n\t\t\t\t<\/div>\n\t\t\t\t\t<\/div>\n\t\t<\/div>\n\t\t\t\t\t<\/div>\n\t\t<\/section>\n\t\t\t\t<\/div>\n\t\t","protected":false},"excerpt":{"rendered":"<p>Pourquoi tu te moques ? R\u00e9sum\u00e9 \u00ab Je m\u2019appelle Mike. Il y a tellement de choses que je voudrais dire, mais on ne m\u2019\u00e9coute pas. Alors, ma maman a eu l\u2019id\u00e9e de prendre la parole &hellip; <\/p>\n","protected":false},"author":1,"featured_media":3955,"comment_status":"open","ping_status":"open","sticky":false,"template":"","format":"standard","meta":{"footnotes":""},"categories":[15,8,1],"tags":[220,80,79,767,393,1055,1053,1056,1052,1057,1054],"class_list":["post-3945","post","type-post","status-publish","format-standard","has-post-thumbnail","hentry","category-l-automne","category-partenariats","category-tout-le-blog","tag-automne","tag-bande-dessinee","tag-bd","tag-editions-leduc","tag-editions-leduc-graphic","tag-emilie-weight","tag-grandir-avec-lx-fragile","tag-korriganne","tag-pourquoi-tu-te-moques","tag-trouble-du-developpement-intellectuel","tag-x-fragile","has-single-img"],"yoast_head":"<!-- This site is optimized with the Yoast SEO plugin v27.4 - https:\/\/yoast.com\/product\/yoast-seo-wordpress\/ -->\n<title>Pourquoi tu te moques ? de Emilie Weight et Korrig&#039;Anne - Sorbet Kiwi<\/title>\n<meta name=\"description\" content=\"Ma chronique de la BD Pourquoi tu te moques ? : Grandir avec l&#039;X fragile de \u00c9milie Weight et Korrig&#039;Anne aux \u00e9ditions Leduc Graphic.\" \/>\n<meta name=\"robots\" content=\"index, follow, max-snippet:-1, max-image-preview:large, max-video-preview:-1\" \/>\n<link rel=\"canonical\" href=\"https:\/\/sorbetkiwi.fr\/index.php\/pourquoi-tu-te-moques-de-emilie-weight-et-korriganne\/\" \/>\n<meta property=\"og:locale\" content=\"fr_FR\" \/>\n<meta property=\"og:type\" content=\"article\" \/>\n<meta property=\"og:title\" content=\"Pourquoi tu te moques ? de Emilie Weight et Korrig&#039;Anne - Sorbet Kiwi\" \/>\n<meta property=\"og:description\" content=\"Ma chronique de la BD Pourquoi tu te moques ? : Grandir avec l&#039;X fragile de \u00c9milie Weight et Korrig&#039;Anne aux \u00e9ditions Leduc Graphic.\" \/>\n<meta property=\"og:url\" content=\"https:\/\/sorbetkiwi.fr\/index.php\/pourquoi-tu-te-moques-de-emilie-weight-et-korriganne\/\" \/>\n<meta property=\"og:site_name\" content=\"Sorbet Kiwi\" \/>\n<meta property=\"article:publisher\" content=\"https:\/\/www.facebook.com\/profile.php?id=100086238893269\" \/>\n<meta property=\"article:published_time\" content=\"2023-09-23T07:25:00+00:00\" \/>\n<meta property=\"og:image\" content=\"https:\/\/sorbetkiwi.fr\/wp-content\/uploads\/2023\/09\/Pourquoi-tu-te-moques-Weight-Koriganne-1-scaled.jpg\" \/>\n\t<meta property=\"og:image:width\" content=\"1920\" \/>\n\t<meta property=\"og:image:height\" content=\"2560\" \/>\n\t<meta property=\"og:image:type\" content=\"image\/jpeg\" \/>\n<meta name=\"author\" content=\"Sorbet-Kiwi\" \/>\n<meta name=\"twitter:card\" content=\"summary_large_image\" \/>\n<meta name=\"twitter:creator\" content=\"@pepparshoes\" \/>\n<meta name=\"twitter:site\" content=\"@pepparshoes\" \/>\n<meta name=\"twitter:label1\" content=\"\u00c9crit par\" \/>\n\t<meta name=\"twitter:data1\" content=\"Sorbet-Kiwi\" \/>\n\t<meta name=\"twitter:label2\" content=\"Dur\u00e9e de lecture estim\u00e9e\" \/>\n\t<meta name=\"twitter:data2\" content=\"4 minutes\" \/>\n<script type=\"application\/ld+json\" class=\"yoast-schema-graph\">{\"@context\":\"https:\\\/\\\/schema.org\",\"@graph\":[{\"@type\":\"Article\",\"@id\":\"https:\\\/\\\/sorbetkiwi.fr\\\/index.php\\\/pourquoi-tu-te-moques-de-emilie-weight-et-korriganne\\\/#article\",\"isPartOf\":{\"@id\":\"https:\\\/\\\/sorbetkiwi.fr\\\/index.php\\\/pourquoi-tu-te-moques-de-emilie-weight-et-korriganne\\\/\"},\"author\":{\"name\":\"Sorbet-Kiwi\",\"@id\":\"https:\\\/\\\/sorbetkiwi.fr\\\/#\\\/schema\\\/person\\\/ed1b7b527a2957ddc3bf38b076540659\"},\"headline\":\"Pourquoi tu te moques ? de Emilie Weight et Korrig&rsquo;Anne\",\"datePublished\":\"2023-09-23T07:25:00+00:00\",\"mainEntityOfPage\":{\"@id\":\"https:\\\/\\\/sorbetkiwi.fr\\\/index.php\\\/pourquoi-tu-te-moques-de-emilie-weight-et-korriganne\\\/\"},\"wordCount\":752,\"commentCount\":0,\"publisher\":{\"@id\":\"https:\\\/\\\/sorbetkiwi.fr\\\/#organization\"},\"image\":{\"@id\":\"https:\\\/\\\/sorbetkiwi.fr\\\/index.php\\\/pourquoi-tu-te-moques-de-emilie-weight-et-korriganne\\\/#primaryimage\"},\"thumbnailUrl\":\"https:\\\/\\\/sorbetkiwi.fr\\\/wp-content\\\/uploads\\\/2023\\\/09\\\/Pourquoi-tu-te-moques-Weight-Koriganne-1-scaled.jpg\",\"keywords\":[\"Automne\",\"Bande dessin\u00e9e\",\"BD\",\"Editions Leduc\",\"Editions Leduc Graphic\",\"Emilie Weight\",\"Grandir avec l'X fragile\",\"Korrig'Anne\",\"Pourquoi tu te moques ?\",\"Trouble du d\u00e9veloppement intellectuel\",\"X fragile\"],\"articleSection\":[\"L'automne\",\"Partenariats\",\"Tout le blog\"],\"inLanguage\":\"fr-FR\",\"potentialAction\":[{\"@type\":\"CommentAction\",\"name\":\"Comment\",\"target\":[\"https:\\\/\\\/sorbetkiwi.fr\\\/index.php\\\/pourquoi-tu-te-moques-de-emilie-weight-et-korriganne\\\/#respond\"]}]},{\"@type\":\"WebPage\",\"@id\":\"https:\\\/\\\/sorbetkiwi.fr\\\/index.php\\\/pourquoi-tu-te-moques-de-emilie-weight-et-korriganne\\\/\",\"url\":\"https:\\\/\\\/sorbetkiwi.fr\\\/index.php\\\/pourquoi-tu-te-moques-de-emilie-weight-et-korriganne\\\/\",\"name\":\"Pourquoi tu te moques ? de Emilie Weight et Korrig'Anne - Sorbet Kiwi\",\"isPartOf\":{\"@id\":\"https:\\\/\\\/sorbetkiwi.fr\\\/#website\"},\"primaryImageOfPage\":{\"@id\":\"https:\\\/\\\/sorbetkiwi.fr\\\/index.php\\\/pourquoi-tu-te-moques-de-emilie-weight-et-korriganne\\\/#primaryimage\"},\"image\":{\"@id\":\"https:\\\/\\\/sorbetkiwi.fr\\\/index.php\\\/pourquoi-tu-te-moques-de-emilie-weight-et-korriganne\\\/#primaryimage\"},\"thumbnailUrl\":\"https:\\\/\\\/sorbetkiwi.fr\\\/wp-content\\\/uploads\\\/2023\\\/09\\\/Pourquoi-tu-te-moques-Weight-Koriganne-1-scaled.jpg\",\"datePublished\":\"2023-09-23T07:25:00+00:00\",\"description\":\"Ma chronique de la BD Pourquoi tu te moques ? : Grandir avec l'X fragile de \u00c9milie Weight et Korrig'Anne aux \u00e9ditions Leduc Graphic.\",\"breadcrumb\":{\"@id\":\"https:\\\/\\\/sorbetkiwi.fr\\\/index.php\\\/pourquoi-tu-te-moques-de-emilie-weight-et-korriganne\\\/#breadcrumb\"},\"inLanguage\":\"fr-FR\",\"potentialAction\":[{\"@type\":\"ReadAction\",\"target\":[\"https:\\\/\\\/sorbetkiwi.fr\\\/index.php\\\/pourquoi-tu-te-moques-de-emilie-weight-et-korriganne\\\/\"]}]},{\"@type\":\"ImageObject\",\"inLanguage\":\"fr-FR\",\"@id\":\"https:\\\/\\\/sorbetkiwi.fr\\\/index.php\\\/pourquoi-tu-te-moques-de-emilie-weight-et-korriganne\\\/#primaryimage\",\"url\":\"https:\\\/\\\/sorbetkiwi.fr\\\/wp-content\\\/uploads\\\/2023\\\/09\\\/Pourquoi-tu-te-moques-Weight-Koriganne-1-scaled.jpg\",\"contentUrl\":\"https:\\\/\\\/sorbetkiwi.fr\\\/wp-content\\\/uploads\\\/2023\\\/09\\\/Pourquoi-tu-te-moques-Weight-Koriganne-1-scaled.jpg\",\"width\":1920,\"height\":2560,\"caption\":\"Pourquoi tu te moques Weight Koriganne\"},{\"@type\":\"BreadcrumbList\",\"@id\":\"https:\\\/\\\/sorbetkiwi.fr\\\/index.php\\\/pourquoi-tu-te-moques-de-emilie-weight-et-korriganne\\\/#breadcrumb\",\"itemListElement\":[{\"@type\":\"ListItem\",\"position\":1,\"name\":\"Accueil\",\"item\":\"https:\\\/\\\/sorbetkiwi.fr\\\/\"},{\"@type\":\"ListItem\",\"position\":2,\"name\":\"Pourquoi tu te moques ? de Emilie Weight et Korrig&rsquo;Anne\"}]},{\"@type\":\"WebSite\",\"@id\":\"https:\\\/\\\/sorbetkiwi.fr\\\/#website\",\"url\":\"https:\\\/\\\/sorbetkiwi.fr\\\/\",\"name\":\"Sorbet Kiwi\",\"description\":\"Des lectures th\u00e9matiques par saison et les avis qui vont avec\",\"publisher\":{\"@id\":\"https:\\\/\\\/sorbetkiwi.fr\\\/#organization\"},\"potentialAction\":[{\"@type\":\"SearchAction\",\"target\":{\"@type\":\"EntryPoint\",\"urlTemplate\":\"https:\\\/\\\/sorbetkiwi.fr\\\/?s={search_term_string}\"},\"query-input\":{\"@type\":\"PropertyValueSpecification\",\"valueRequired\":true,\"valueName\":\"search_term_string\"}}],\"inLanguage\":\"fr-FR\"},{\"@type\":\"Organization\",\"@id\":\"https:\\\/\\\/sorbetkiwi.fr\\\/#organization\",\"name\":\"Sorbet Kiwi\",\"url\":\"https:\\\/\\\/sorbetkiwi.fr\\\/\",\"logo\":{\"@type\":\"ImageObject\",\"inLanguage\":\"fr-FR\",\"@id\":\"https:\\\/\\\/sorbetkiwi.fr\\\/#\\\/schema\\\/logo\\\/image\\\/\",\"url\":\"https:\\\/\\\/sorbetkiwi.fr\\\/wp-content\\\/uploads\\\/2022\\\/10\\\/Banniere-Sorbet-Kiwi-2022.jpg\",\"contentUrl\":\"https:\\\/\\\/sorbetkiwi.fr\\\/wp-content\\\/uploads\\\/2022\\\/10\\\/Banniere-Sorbet-Kiwi-2022.jpg\",\"width\":814,\"height\":401,\"caption\":\"Sorbet Kiwi\"},\"image\":{\"@id\":\"https:\\\/\\\/sorbetkiwi.fr\\\/#\\\/schema\\\/logo\\\/image\\\/\"},\"sameAs\":[\"https:\\\/\\\/www.facebook.com\\\/profile.php?id=100086238893269\",\"https:\\\/\\\/x.com\\\/pepparshoes\",\"https:\\\/\\\/www.instagram.com\\\/sorbetkiwi\\\/\",\"https:\\\/\\\/www.tiktok.com\\\/sorbetkiwi\"]},{\"@type\":\"Person\",\"@id\":\"https:\\\/\\\/sorbetkiwi.fr\\\/#\\\/schema\\\/person\\\/ed1b7b527a2957ddc3bf38b076540659\",\"name\":\"Sorbet-Kiwi\",\"image\":{\"@type\":\"ImageObject\",\"inLanguage\":\"fr-FR\",\"@id\":\"https:\\\/\\\/secure.gravatar.com\\\/avatar\\\/86f0a5c27d76317621b9e374d0f3a01d3a85278f10d0c7207ced4fd773057442?s=96&d=mm&r=g\",\"url\":\"https:\\\/\\\/secure.gravatar.com\\\/avatar\\\/86f0a5c27d76317621b9e374d0f3a01d3a85278f10d0c7207ced4fd773057442?s=96&d=mm&r=g\",\"contentUrl\":\"https:\\\/\\\/secure.gravatar.com\\\/avatar\\\/86f0a5c27d76317621b9e374d0f3a01d3a85278f10d0c7207ced4fd773057442?s=96&d=mm&r=g\",\"caption\":\"Sorbet-Kiwi\"},\"sameAs\":[\"http:\\\/\\\/sorbetkiwi.fr\"],\"url\":\"https:\\\/\\\/sorbetkiwi.fr\\\/index.php\\\/author\\\/admin7717\\\/\"}]}<\/script>\n<!-- \/ Yoast SEO plugin. -->","yoast_head_json":{"title":"Pourquoi tu te moques ? de Emilie Weight et Korrig'Anne - Sorbet Kiwi","description":"Ma chronique de la BD Pourquoi tu te moques ? : Grandir avec l'X fragile de \u00c9milie Weight et Korrig'Anne aux \u00e9ditions Leduc Graphic.","robots":{"index":"index","follow":"follow","max-snippet":"max-snippet:-1","max-image-preview":"max-image-preview:large","max-video-preview":"max-video-preview:-1"},"canonical":"https:\/\/sorbetkiwi.fr\/index.php\/pourquoi-tu-te-moques-de-emilie-weight-et-korriganne\/","og_locale":"fr_FR","og_type":"article","og_title":"Pourquoi tu te moques ? de Emilie Weight et Korrig'Anne - Sorbet Kiwi","og_description":"Ma chronique de la BD Pourquoi tu te moques ? : Grandir avec l'X fragile de \u00c9milie Weight et Korrig'Anne aux \u00e9ditions Leduc Graphic.","og_url":"https:\/\/sorbetkiwi.fr\/index.php\/pourquoi-tu-te-moques-de-emilie-weight-et-korriganne\/","og_site_name":"Sorbet Kiwi","article_publisher":"https:\/\/www.facebook.com\/profile.php?id=100086238893269","article_published_time":"2023-09-23T07:25:00+00:00","og_image":[{"width":1920,"height":2560,"url":"https:\/\/sorbetkiwi.fr\/wp-content\/uploads\/2023\/09\/Pourquoi-tu-te-moques-Weight-Koriganne-1-scaled.jpg","type":"image\/jpeg"}],"author":"Sorbet-Kiwi","twitter_card":"summary_large_image","twitter_creator":"@pepparshoes","twitter_site":"@pepparshoes","twitter_misc":{"\u00c9crit par":"Sorbet-Kiwi","Dur\u00e9e de lecture estim\u00e9e":"4 minutes"},"schema":{"@context":"https:\/\/schema.org","@graph":[{"@type":"Article","@id":"https:\/\/sorbetkiwi.fr\/index.php\/pourquoi-tu-te-moques-de-emilie-weight-et-korriganne\/#article","isPartOf":{"@id":"https:\/\/sorbetkiwi.fr\/index.php\/pourquoi-tu-te-moques-de-emilie-weight-et-korriganne\/"},"author":{"name":"Sorbet-Kiwi","@id":"https:\/\/sorbetkiwi.fr\/#\/schema\/person\/ed1b7b527a2957ddc3bf38b076540659"},"headline":"Pourquoi tu te moques ? de Emilie Weight et Korrig&rsquo;Anne","datePublished":"2023-09-23T07:25:00+00:00","mainEntityOfPage":{"@id":"https:\/\/sorbetkiwi.fr\/index.php\/pourquoi-tu-te-moques-de-emilie-weight-et-korriganne\/"},"wordCount":752,"commentCount":0,"publisher":{"@id":"https:\/\/sorbetkiwi.fr\/#organization"},"image":{"@id":"https:\/\/sorbetkiwi.fr\/index.php\/pourquoi-tu-te-moques-de-emilie-weight-et-korriganne\/#primaryimage"},"thumbnailUrl":"https:\/\/sorbetkiwi.fr\/wp-content\/uploads\/2023\/09\/Pourquoi-tu-te-moques-Weight-Koriganne-1-scaled.jpg","keywords":["Automne","Bande dessin\u00e9e","BD","Editions Leduc","Editions Leduc Graphic","Emilie Weight","Grandir avec l'X fragile","Korrig'Anne","Pourquoi tu te moques ?","Trouble du d\u00e9veloppement intellectuel","X fragile"],"articleSection":["L'automne","Partenariats","Tout le blog"],"inLanguage":"fr-FR","potentialAction":[{"@type":"CommentAction","name":"Comment","target":["https:\/\/sorbetkiwi.fr\/index.php\/pourquoi-tu-te-moques-de-emilie-weight-et-korriganne\/#respond"]}]},{"@type":"WebPage","@id":"https:\/\/sorbetkiwi.fr\/index.php\/pourquoi-tu-te-moques-de-emilie-weight-et-korriganne\/","url":"https:\/\/sorbetkiwi.fr\/index.php\/pourquoi-tu-te-moques-de-emilie-weight-et-korriganne\/","name":"Pourquoi tu te moques ? de Emilie Weight et Korrig'Anne - Sorbet Kiwi","isPartOf":{"@id":"https:\/\/sorbetkiwi.fr\/#website"},"primaryImageOfPage":{"@id":"https:\/\/sorbetkiwi.fr\/index.php\/pourquoi-tu-te-moques-de-emilie-weight-et-korriganne\/#primaryimage"},"image":{"@id":"https:\/\/sorbetkiwi.fr\/index.php\/pourquoi-tu-te-moques-de-emilie-weight-et-korriganne\/#primaryimage"},"thumbnailUrl":"https:\/\/sorbetkiwi.fr\/wp-content\/uploads\/2023\/09\/Pourquoi-tu-te-moques-Weight-Koriganne-1-scaled.jpg","datePublished":"2023-09-23T07:25:00+00:00","description":"Ma chronique de la BD Pourquoi tu te moques ? : Grandir avec l'X fragile de \u00c9milie Weight et Korrig'Anne aux \u00e9ditions Leduc Graphic.","breadcrumb":{"@id":"https:\/\/sorbetkiwi.fr\/index.php\/pourquoi-tu-te-moques-de-emilie-weight-et-korriganne\/#breadcrumb"},"inLanguage":"fr-FR","potentialAction":[{"@type":"ReadAction","target":["https:\/\/sorbetkiwi.fr\/index.php\/pourquoi-tu-te-moques-de-emilie-weight-et-korriganne\/"]}]},{"@type":"ImageObject","inLanguage":"fr-FR","@id":"https:\/\/sorbetkiwi.fr\/index.php\/pourquoi-tu-te-moques-de-emilie-weight-et-korriganne\/#primaryimage","url":"https:\/\/sorbetkiwi.fr\/wp-content\/uploads\/2023\/09\/Pourquoi-tu-te-moques-Weight-Koriganne-1-scaled.jpg","contentUrl":"https:\/\/sorbetkiwi.fr\/wp-content\/uploads\/2023\/09\/Pourquoi-tu-te-moques-Weight-Koriganne-1-scaled.jpg","width":1920,"height":2560,"caption":"Pourquoi tu te moques Weight Koriganne"},{"@type":"BreadcrumbList","@id":"https:\/\/sorbetkiwi.fr\/index.php\/pourquoi-tu-te-moques-de-emilie-weight-et-korriganne\/#breadcrumb","itemListElement":[{"@type":"ListItem","position":1,"name":"Accueil","item":"https:\/\/sorbetkiwi.fr\/"},{"@type":"ListItem","position":2,"name":"Pourquoi tu te moques ? de Emilie Weight et Korrig&rsquo;Anne"}]},{"@type":"WebSite","@id":"https:\/\/sorbetkiwi.fr\/#website","url":"https:\/\/sorbetkiwi.fr\/","name":"Sorbet Kiwi","description":"Des lectures th\u00e9matiques par saison et les avis qui vont avec","publisher":{"@id":"https:\/\/sorbetkiwi.fr\/#organization"},"potentialAction":[{"@type":"SearchAction","target":{"@type":"EntryPoint","urlTemplate":"https:\/\/sorbetkiwi.fr\/?s={search_term_string}"},"query-input":{"@type":"PropertyValueSpecification","valueRequired":true,"valueName":"search_term_string"}}],"inLanguage":"fr-FR"},{"@type":"Organization","@id":"https:\/\/sorbetkiwi.fr\/#organization","name":"Sorbet Kiwi","url":"https:\/\/sorbetkiwi.fr\/","logo":{"@type":"ImageObject","inLanguage":"fr-FR","@id":"https:\/\/sorbetkiwi.fr\/#\/schema\/logo\/image\/","url":"https:\/\/sorbetkiwi.fr\/wp-content\/uploads\/2022\/10\/Banniere-Sorbet-Kiwi-2022.jpg","contentUrl":"https:\/\/sorbetkiwi.fr\/wp-content\/uploads\/2022\/10\/Banniere-Sorbet-Kiwi-2022.jpg","width":814,"height":401,"caption":"Sorbet Kiwi"},"image":{"@id":"https:\/\/sorbetkiwi.fr\/#\/schema\/logo\/image\/"},"sameAs":["https:\/\/www.facebook.com\/profile.php?id=100086238893269","https:\/\/x.com\/pepparshoes","https:\/\/www.instagram.com\/sorbetkiwi\/","https:\/\/www.tiktok.com\/sorbetkiwi"]},{"@type":"Person","@id":"https:\/\/sorbetkiwi.fr\/#\/schema\/person\/ed1b7b527a2957ddc3bf38b076540659","name":"Sorbet-Kiwi","image":{"@type":"ImageObject","inLanguage":"fr-FR","@id":"https:\/\/secure.gravatar.com\/avatar\/86f0a5c27d76317621b9e374d0f3a01d3a85278f10d0c7207ced4fd773057442?s=96&d=mm&r=g","url":"https:\/\/secure.gravatar.com\/avatar\/86f0a5c27d76317621b9e374d0f3a01d3a85278f10d0c7207ced4fd773057442?s=96&d=mm&r=g","contentUrl":"https:\/\/secure.gravatar.com\/avatar\/86f0a5c27d76317621b9e374d0f3a01d3a85278f10d0c7207ced4fd773057442?s=96&d=mm&r=g","caption":"Sorbet-Kiwi"},"sameAs":["http:\/\/sorbetkiwi.fr"],"url":"https:\/\/sorbetkiwi.fr\/index.php\/author\/admin7717\/"}]}},"_links":{"self":[{"href":"https:\/\/sorbetkiwi.fr\/index.php\/wp-json\/wp\/v2\/posts\/3945","targetHints":{"allow":["GET"]}}],"collection":[{"href":"https:\/\/sorbetkiwi.fr\/index.php\/wp-json\/wp\/v2\/posts"}],"about":[{"href":"https:\/\/sorbetkiwi.fr\/index.php\/wp-json\/wp\/v2\/types\/post"}],"author":[{"embeddable":true,"href":"https:\/\/sorbetkiwi.fr\/index.php\/wp-json\/wp\/v2\/users\/1"}],"replies":[{"embeddable":true,"href":"https:\/\/sorbetkiwi.fr\/index.php\/wp-json\/wp\/v2\/comments?post=3945"}],"version-history":[{"count":9,"href":"https:\/\/sorbetkiwi.fr\/index.php\/wp-json\/wp\/v2\/posts\/3945\/revisions"}],"predecessor-version":[{"id":3954,"href":"https:\/\/sorbetkiwi.fr\/index.php\/wp-json\/wp\/v2\/posts\/3945\/revisions\/3954"}],"wp:featuredmedia":[{"embeddable":true,"href":"https:\/\/sorbetkiwi.fr\/index.php\/wp-json\/wp\/v2\/media\/3955"}],"wp:attachment":[{"href":"https:\/\/sorbetkiwi.fr\/index.php\/wp-json\/wp\/v2\/media?parent=3945"}],"wp:term":[{"taxonomy":"category","embeddable":true,"href":"https:\/\/sorbetkiwi.fr\/index.php\/wp-json\/wp\/v2\/categories?post=3945"},{"taxonomy":"post_tag","embeddable":true,"href":"https:\/\/sorbetkiwi.fr\/index.php\/wp-json\/wp\/v2\/tags?post=3945"}],"curies":[{"name":"wp","href":"https:\/\/api.w.org\/{rel}","templated":true}]}}