{"id":3939,"date":"2023-09-26T07:00:00","date_gmt":"2023-09-26T05:00:00","guid":{"rendered":"https:\/\/sorbetkiwi.fr\/?p=3939"},"modified":"2023-09-20T11:15:58","modified_gmt":"2023-09-20T09:15:58","slug":"les-jours-qui-restent-de-magali-foutrier-et-eric-derian","status":"publish","type":"post","link":"https:\/\/sorbetkiwi.fr\/index.php\/les-jours-qui-restent-de-magali-foutrier-et-eric-derian\/","title":{"rendered":"Les jours qui restent de Magali Foutrier et Eric D\u00e9rian"},"content":{"rendered":"\t\t<div data-elementor-type=\"wp-post\" data-elementor-id=\"3939\" class=\"elementor elementor-3939\">\n\t\t\t\t\t\t<section class=\"elementor-section elementor-top-section elementor-element elementor-element-3c1d8cd4 elementor-section-boxed elementor-section-height-default elementor-section-height-default\" data-id=\"3c1d8cd4\" data-element_type=\"section\" data-e-type=\"section\">\n\t\t\t\t\t\t<div class=\"elementor-container elementor-column-gap-default\">\n\t\t\t\t\t<div class=\"elementor-column elementor-col-100 elementor-top-column elementor-element elementor-element-b5dc979\" data-id=\"b5dc979\" data-element_type=\"column\" data-e-type=\"column\">\n\t\t\t<div class=\"elementor-widget-wrap elementor-element-populated\">\n\t\t\t\t\t\t<div class=\"elementor-element elementor-element-2759201f elementor-widget elementor-widget-heading\" data-id=\"2759201f\" data-element_type=\"widget\" data-e-type=\"widget\" data-widget_type=\"heading.default\">\n\t\t\t\t<div class=\"elementor-widget-container\">\n\t\t\t\t\t<h1 class=\"elementor-heading-title elementor-size-medium\">Les jours qui restent Foutrier<\/h1>\t\t\t\t<\/div>\n\t\t\t\t<\/div>\n\t\t\t\t<div class=\"elementor-element elementor-element-74ffd889 elementor-view-default elementor-widget elementor-widget-icon\" data-id=\"74ffd889\" data-element_type=\"widget\" data-e-type=\"widget\" data-widget_type=\"icon.default\">\n\t\t\t\t<div class=\"elementor-widget-container\">\n\t\t\t\t\t\t\t<div class=\"elementor-icon-wrapper\">\n\t\t\t<div class=\"elementor-icon\">\n\t\t\t<i aria-hidden=\"true\" class=\"fab fa-canadian-maple-leaf\"><\/i>\t\t\t<\/div>\n\t\t<\/div>\n\t\t\t\t\t\t<\/div>\n\t\t\t\t<\/div>\n\t\t\t\t<div class=\"elementor-element elementor-element-2adafddb elementor-widget-divider--view-line elementor-widget elementor-widget-divider\" data-id=\"2adafddb\" data-element_type=\"widget\" data-e-type=\"widget\" data-widget_type=\"divider.default\">\n\t\t\t\t<div class=\"elementor-widget-container\">\n\t\t\t\t\t\t\t<div class=\"elementor-divider\">\n\t\t\t<span class=\"elementor-divider-separator\">\n\t\t\t\t\t\t<\/span>\n\t\t<\/div>\n\t\t\t\t\t\t<\/div>\n\t\t\t\t<\/div>\n\t\t\t\t<div class=\"elementor-element elementor-element-22f14ad9 elementor-widget elementor-widget-heading\" data-id=\"22f14ad9\" data-element_type=\"widget\" data-e-type=\"widget\" data-widget_type=\"heading.default\">\n\t\t\t\t<div class=\"elementor-widget-container\">\n\t\t\t\t\t<h2 class=\"elementor-heading-title elementor-size-medium\">R\u00e9sum\u00e9<\/h2>\t\t\t\t<\/div>\n\t\t\t\t<\/div>\n\t\t\t\t<div class=\"elementor-element elementor-element-1ad388e4 elementor-widget elementor-widget-text-editor\" data-id=\"1ad388e4\" data-element_type=\"widget\" data-e-type=\"widget\" data-widget_type=\"text-editor.default\">\n\t\t\t\t<div class=\"elementor-widget-container\">\n\t\t\t\t\t\t\t\t\t<p>Difficile de savoir quoi faire de sa vie quand on peut mourir demain. Tout abandonner, repartir \u00e0 z\u00e9ro&#8230; Le choc et le d\u00e9sespoir renferment-ils l&rsquo;\u00e9nergie d&rsquo;un nouveau d\u00e9part ? Trois destins crois\u00e9s, li\u00e9s par la m\u00eame affection, affrontent cette question dans un \u00e9mouvant r\u00e9cit, parfois triste mais souvent dr\u00f4le, qui rappelle que l&rsquo;on peut grandir et m\u00fbrir \u00e0 tout \u00e2ge, pour r\u00e9apprendre \u00e0 vivre, vraiment.<\/p>\t\t\t\t\t\t\t\t<\/div>\n\t\t\t\t<\/div>\n\t\t\t\t<div class=\"elementor-element elementor-element-3688aad1 elementor-widget-divider--view-line elementor-widget elementor-widget-divider\" data-id=\"3688aad1\" data-element_type=\"widget\" data-e-type=\"widget\" data-widget_type=\"divider.default\">\n\t\t\t\t<div class=\"elementor-widget-container\">\n\t\t\t\t\t\t\t<div class=\"elementor-divider\">\n\t\t\t<span class=\"elementor-divider-separator\">\n\t\t\t\t\t\t<\/span>\n\t\t<\/div>\n\t\t\t\t\t\t<\/div>\n\t\t\t\t<\/div>\n\t\t\t\t<div class=\"elementor-element elementor-element-6710fb28 elementor-widget elementor-widget-heading\" data-id=\"6710fb28\" data-element_type=\"widget\" data-e-type=\"widget\" data-widget_type=\"heading.default\">\n\t\t\t\t<div class=\"elementor-widget-container\">\n\t\t\t\t\t<h2 class=\"elementor-heading-title elementor-size-medium\">Ma note<\/h2>\t\t\t\t<\/div>\n\t\t\t\t<\/div>\n\t\t\t\t<div class=\"elementor-element elementor-element-7c804ee5 elementor-star-rating--align-center elementor--star-style-star_fontawesome elementor-widget elementor-widget-star-rating\" data-id=\"7c804ee5\" data-element_type=\"widget\" data-e-type=\"widget\" data-widget_type=\"star-rating.default\">\n\t\t\t\t<div class=\"elementor-widget-container\">\n\t\t\t\t\t\t\t<div class=\"elementor-star-rating__wrapper\">\n\t\t\t\t\t\t<div class=\"elementor-star-rating\" itemtype=\"http:\/\/schema.org\/Rating\" itemscope=\"\" itemprop=\"reviewRating\">\n\t\t\t\t<i class=\"elementor-star-full\" aria-hidden=\"true\">&#xE934;<\/i><i class=\"elementor-star-full\" aria-hidden=\"true\">&#xE934;<\/i><i class=\"elementor-star-full\" aria-hidden=\"true\">&#xE934;<\/i><i class=\"elementor-star-full\" aria-hidden=\"true\">&#xE934;<\/i><i class=\"elementor-star-full\" aria-hidden=\"true\">&#xE934;<\/i>\t\t\t\t<span itemprop=\"ratingValue\" class=\"elementor-screen-only\">Not\u00e9 5 sur 5<\/span>\n\t\t\t<\/div>\n\t\t<\/div>\n\t\t\t\t\t\t<\/div>\n\t\t\t\t<\/div>\n\t\t\t\t<div class=\"elementor-element elementor-element-1091dbd3 elementor-widget-divider--view-line elementor-widget elementor-widget-divider\" data-id=\"1091dbd3\" data-element_type=\"widget\" data-e-type=\"widget\" data-widget_type=\"divider.default\">\n\t\t\t\t<div class=\"elementor-widget-container\">\n\t\t\t\t\t\t\t<div class=\"elementor-divider\">\n\t\t\t<span class=\"elementor-divider-separator\">\n\t\t\t\t\t\t<\/span>\n\t\t<\/div>\n\t\t\t\t\t\t<\/div>\n\t\t\t\t<\/div>\n\t\t\t\t<div class=\"elementor-element elementor-element-6051620b elementor-widget elementor-widget-heading\" data-id=\"6051620b\" data-element_type=\"widget\" data-e-type=\"widget\" data-widget_type=\"heading.default\">\n\t\t\t\t<div class=\"elementor-widget-container\">\n\t\t\t\t\t<h2 class=\"elementor-heading-title elementor-size-medium\">Une ambiance automnale qui r\u00e9pond \u00e0 mes besoins<\/h2>\t\t\t\t<\/div>\n\t\t\t\t<\/div>\n\t\t\t\t<div class=\"elementor-element elementor-element-3cc29d77 elementor-widget elementor-widget-text-editor\" data-id=\"3cc29d77\" data-element_type=\"widget\" data-e-type=\"widget\" data-widget_type=\"text-editor.default\">\n\t\t\t\t<div class=\"elementor-widget-container\">\n\t\t\t\t\t\t\t\t\t<p>Lorsque j&rsquo;ai vu Les jours qui restent \u00e0 la m\u00e9diath\u00e8que, j&rsquo;ai imm\u00e9diatement \u00e9t\u00e9 attir\u00e9e par sa couverture. Puis le r\u00e9sum\u00e9 \u00e0 fini de me convaincre, je l&rsquo;ai embarqu\u00e9. J&rsquo;en attendais un r\u00e9cit touchant aux <a href=\"https:\/\/sorbetkiwi.fr\/index.php\/category\/l-automne\/\">couleurs automnales<\/a>. Alors ? Est-ce que j&rsquo;ai \u00e9t\u00e9 content\u00e9e ? D\u00e9j\u00e0, au niveau de l&rsquo;ambiance de l&rsquo;automne, on y est compl\u00e8tement. Les feuilles tombent, les personnages portent des vestes et des \u00e9charpes (et qu&rsquo;est-ce que je les envie !) avant que n&rsquo;arrive <a href=\"https:\/\/sorbetkiwi.fr\/index.php\/category\/hiver\/\">l&rsquo;hiver<\/a>. Mais l&rsquo;entr\u00e9e en mati\u00e8re collait d\u00e9j\u00e0 totalement a mes attentes (d\u00e9mesur\u00e9es, parfois, oui). Si elles \u00e9taient si hautes, c&rsquo;est parce que je suis partiellement concern\u00e9e par le r\u00e9cit, comme je l&rsquo;expliquerai plus tard dans ma chronique. Mais je peux d\u00e9j\u00e0 vous dire que c&rsquo;est un coup de coeur. Peut-\u00eatre parce qu&rsquo;elle me parlait, personnellement ? C&rsquo;est possible.<\/p>\t\t\t\t\t\t\t\t<\/div>\n\t\t\t\t<\/div>\n\t\t\t\t<div class=\"elementor-element elementor-element-633344a3 elementor-widget-divider--view-line elementor-widget elementor-widget-divider\" data-id=\"633344a3\" data-element_type=\"widget\" data-e-type=\"widget\" data-widget_type=\"divider.default\">\n\t\t\t\t<div class=\"elementor-widget-container\">\n\t\t\t\t\t\t\t<div class=\"elementor-divider\">\n\t\t\t<span class=\"elementor-divider-separator\">\n\t\t\t\t\t\t<\/span>\n\t\t<\/div>\n\t\t\t\t\t\t<\/div>\n\t\t\t\t<\/div>\n\t\t\t\t<div class=\"elementor-element elementor-element-5300875b elementor-widget elementor-widget-heading\" data-id=\"5300875b\" data-element_type=\"widget\" data-e-type=\"widget\" data-widget_type=\"heading.default\">\n\t\t\t\t<div class=\"elementor-widget-container\">\n\t\t\t\t\t<h4 class=\"elementor-heading-title elementor-size-medium\">\"La v\u00e9rit\u00e9, les gens, ils s'en foutent.\"<\/h4>\t\t\t\t<\/div>\n\t\t\t\t<\/div>\n\t\t\t\t<div class=\"elementor-element elementor-element-ba5912d elementor-widget-divider--view-line elementor-widget elementor-widget-divider\" data-id=\"ba5912d\" data-element_type=\"widget\" data-e-type=\"widget\" data-widget_type=\"divider.default\">\n\t\t\t\t<div class=\"elementor-widget-container\">\n\t\t\t\t\t\t\t<div class=\"elementor-divider\">\n\t\t\t<span class=\"elementor-divider-separator\">\n\t\t\t\t\t\t<\/span>\n\t\t<\/div>\n\t\t\t\t\t\t<\/div>\n\t\t\t\t<\/div>\n\t\t\t\t<div class=\"elementor-element elementor-element-4bd38362 elementor-widget elementor-widget-heading\" data-id=\"4bd38362\" data-element_type=\"widget\" data-e-type=\"widget\" data-widget_type=\"heading.default\">\n\t\t\t\t<div class=\"elementor-widget-container\">\n\t\t\t\t\t<h2 class=\"elementor-heading-title elementor-size-medium\">Des personnages tr\u00e8s touchants<\/h2>\t\t\t\t<\/div>\n\t\t\t\t<\/div>\n\t\t\t\t<div class=\"elementor-element elementor-element-56327638 elementor-widget elementor-widget-text-editor\" data-id=\"56327638\" data-element_type=\"widget\" data-e-type=\"widget\" data-widget_type=\"text-editor.default\">\n\t\t\t\t<div class=\"elementor-widget-container\">\n\t\t\t\t\t\t\t\t\t<p>D&#8217;embl\u00e9e, on rencontre trois personnages. Et tous les trois doivent prendre une \u00e9norme dose de m\u00e9dicaments. Mais ce n&rsquo;est pas que cela. C&rsquo;est aussi une histoire de deuil, de comment apprendre \u00e0 survivre au quotidien en portant des fardeaux que l&rsquo;on ne choisit pas, tout en essayant d&rsquo;en tirer le meilleur. Parce qu&rsquo;il n&rsquo;y a tout simplement pas le choix. On aborde de nombreuses th\u00e9matiques li\u00e9es au m\u00e9dical, mais du prisme des \u00e9motions. Lorsqu&rsquo;on est patient, on est rel\u00e9gu\u00e9 \u00e0 un ordre de priorit\u00e9. Si quelqu&rsquo;un va plus mal en terme de dossier, il passera avant. Sur le papier, cela semble \u00e9videmment logique, mais \u00e9motionnellement, l&rsquo;injustice du syst\u00e8me est flagrante. L&rsquo;homme du trio, Daniel, m&rsquo;a pourtant fait rire, avec son humour cynique. Et Catherine m&rsquo;a \u00e9norm\u00e9ment touch\u00e9e. Elle nous rappelle qu&rsquo;on ne connait jamais nos coll\u00e8gues dans leur intimit\u00e9. Enfin, la plus jeune, Charlotte, partage avec nous sa souffrance et tout ce qu&rsquo;elle implique. J&rsquo;avais envie de la serrer tout aussi fort dans mes bras.\u00a0<\/p>\t\t\t\t\t\t\t\t<\/div>\n\t\t\t\t<\/div>\n\t\t\t\t<div class=\"elementor-element elementor-element-5f6d947 elementor-widget-divider--view-line elementor-widget elementor-widget-divider\" data-id=\"5f6d947\" data-element_type=\"widget\" data-e-type=\"widget\" data-widget_type=\"divider.default\">\n\t\t\t\t<div class=\"elementor-widget-container\">\n\t\t\t\t\t\t\t<div class=\"elementor-divider\">\n\t\t\t<span class=\"elementor-divider-separator\">\n\t\t\t\t\t\t<\/span>\n\t\t<\/div>\n\t\t\t\t\t\t<\/div>\n\t\t\t\t<\/div>\n\t\t\t\t<div class=\"elementor-element elementor-element-2d8c5ef2 elementor-widget elementor-widget-heading\" data-id=\"2d8c5ef2\" data-element_type=\"widget\" data-e-type=\"widget\" data-widget_type=\"heading.default\">\n\t\t\t\t<div class=\"elementor-widget-container\">\n\t\t\t\t\t<h2 class=\"elementor-heading-title elementor-size-medium\">Une dose d'espoir<\/h2>\t\t\t\t<\/div>\n\t\t\t\t<\/div>\n\t\t\t\t<div class=\"elementor-element elementor-element-6d3ca593 elementor-widget elementor-widget-text-editor\" data-id=\"6d3ca593\" data-element_type=\"widget\" data-e-type=\"widget\" data-widget_type=\"text-editor.default\">\n\t\t\t\t<div class=\"elementor-widget-container\">\n\t\t\t\t\t\t\t\t\t<p>Il y a \u00e9norm\u00e9ment de choses \u00e0 dire sur cet album qui m&rsquo;a vraiment touch\u00e9. Je vais me focaliser notamment sur le sentiment de solitude que j&rsquo;ai ressenti. J&rsquo;ai moi-m\u00eame une membre de ma famille qui est aidante pour son conjoint, et il n&rsquo;y a rien que l&rsquo;on puisse faire pour que ce sentiment d&rsquo;injustice et de solitude s&rsquo;am\u00e9liore. Parce que c&rsquo;est une r\u00e9alit\u00e9 : personne ne peut comprendre. On vit notre douleur chacun pour soi. Forc\u00e9ment, \u00e9tant concern\u00e9e en tant qu&rsquo;accompagnante, j&rsquo;ai \u00e9t\u00e9 tr\u00e8s touch\u00e9e, aussi par les personnages secondaires qui gravitent autour de Charlotte, Daniel et Catherine. Leurs amis naviguent dans cette d\u00e9tresse. Ils essayent de se mettre \u00e0 leur place, mais c&rsquo;est \u00e9videmment impossible. Alors parfois, l&rsquo;incompr\u00e9hension prend le dessus et on peut avoir des mots durs. Mais ils sont l\u00e0, ils font eux aussi de leur mieux. Et apr\u00e8s l&rsquo;hiver arrive <a href=\"https:\/\/sorbetkiwi.fr\/index.php\/category\/le-printemps\/\">le printemps,<\/a> et avec lui, l&rsquo;espoir. L&rsquo;\u00e9nergie. La vitamine. Et parfois, m\u00eame des \u00e9motions qui nous chamboulent, qui nous prennent au creux de l&rsquo;estomac&#8230; et qui remontent jusqu&rsquo;au coeur ? Je vous laisse le d\u00e9couvrir par vous-m\u00eame en lisant Les jours qui restent.\u00a0<\/p>\t\t\t\t\t\t\t\t<\/div>\n\t\t\t\t<\/div>\n\t\t\t\t<div class=\"elementor-element elementor-element-716c4ca9 elementor-widget elementor-widget-heading\" data-id=\"716c4ca9\" data-element_type=\"widget\" data-e-type=\"widget\" data-widget_type=\"heading.default\">\n\t\t\t\t<div class=\"elementor-widget-container\">\n\t\t\t\t\t<h4 class=\"elementor-heading-title elementor-size-medium\">Sur la blogosph\u00e8re<\/h4>\t\t\t\t<\/div>\n\t\t\t\t<\/div>\n\t\t\t\t<div class=\"elementor-element elementor-element-3de32cfc elementor-widget elementor-widget-text-editor\" data-id=\"3de32cfc\" data-element_type=\"widget\" data-e-type=\"widget\" data-widget_type=\"text-editor.default\">\n\t\t\t\t<div class=\"elementor-widget-container\">\n\t\t\t\t\t\t\t\t\t<p>Les avis sur la m\u00eame BD ailleurs :\u00a0<\/p><ul><li><a href=\"https:\/\/aziquilit.com\/2019\/10\/23\/les-jours-qui-restent-deric-derian-et-magalie-foutrier\/\">Azi Qui Lit<\/a> &#8211; Elle a aim\u00e9 !<\/li><\/ul>\t\t\t\t\t\t\t\t<\/div>\n\t\t\t\t<\/div>\n\t\t\t\t\t<\/div>\n\t\t<\/div>\n\t\t\t\t\t<\/div>\n\t\t<\/section>\n\t\t\t\t<\/div>\n\t\t","protected":false},"excerpt":{"rendered":"<p>Les jours qui restent Foutrier R\u00e9sum\u00e9 Difficile de savoir quoi faire de sa vie quand on peut mourir demain. Tout abandonner, repartir \u00e0 z\u00e9ro&#8230; Le choc et le d\u00e9sespoir renferment-ils l&rsquo;\u00e9nergie d&rsquo;un nouveau d\u00e9part ? &hellip; <\/p>\n","protected":false},"author":1,"featured_media":3782,"comment_status":"open","ping_status":"open","sticky":false,"template":"","format":"standard","meta":{"footnotes":""},"categories":[7,9,15,1],"tags":[220,80,296,198,65,197,1051,1049,1050],"class_list":["post-3939","post","type-post","status-publish","format-standard","has-post-thumbnail","hentry","category-benevolat","category-coups-de-coeur","category-l-automne","category-tout-le-blog","tag-automne","tag-bande-dessinee","tag-bd-du-mardi","tag-collection-mirages","tag-coup-de-coeur","tag-editions-delcourt","tag-eric-derian","tag-les-jours-qui-restent","tag-magali-foutrier","has-single-img"],"yoast_head":"<!-- This site is optimized with the Yoast SEO plugin v27.5 - https:\/\/yoast.com\/product\/yoast-seo-wordpress\/ -->\n<title>Les jours qui restent de Magali Foutrier et Eric D\u00e9rian - Sorbet Kiwi<\/title>\n<meta name=\"description\" content=\"Ma chronique de ma BD du mardi Les jours qui restent de Magalie Foutrier et Eric D\u00e9rian aux \u00e9ditions Delcourt dans la collection Mirages.\" \/>\n<meta name=\"robots\" content=\"index, follow, max-snippet:-1, max-image-preview:large, max-video-preview:-1\" \/>\n<link rel=\"canonical\" href=\"https:\/\/sorbetkiwi.fr\/index.php\/les-jours-qui-restent-de-magali-foutrier-et-eric-derian\/\" \/>\n<meta property=\"og:locale\" content=\"fr_FR\" \/>\n<meta property=\"og:type\" content=\"article\" \/>\n<meta property=\"og:title\" content=\"Les jours qui restent de Magali Foutrier et Eric D\u00e9rian - Sorbet Kiwi\" \/>\n<meta property=\"og:description\" content=\"Ma chronique de ma BD du mardi Les jours qui restent de Magalie Foutrier et Eric D\u00e9rian aux \u00e9ditions Delcourt dans la collection Mirages.\" \/>\n<meta property=\"og:url\" content=\"https:\/\/sorbetkiwi.fr\/index.php\/les-jours-qui-restent-de-magali-foutrier-et-eric-derian\/\" \/>\n<meta property=\"og:site_name\" content=\"Sorbet Kiwi\" \/>\n<meta property=\"article:publisher\" content=\"https:\/\/www.facebook.com\/profile.php?id=100086238893269\" \/>\n<meta property=\"article:published_time\" content=\"2023-09-26T05:00:00+00:00\" \/>\n<meta property=\"og:image\" content=\"https:\/\/sorbetkiwi.fr\/wp-content\/uploads\/2023\/09\/Les-jours-qui-restent-1-scaled.jpg\" \/>\n\t<meta property=\"og:image:width\" content=\"1920\" \/>\n\t<meta property=\"og:image:height\" content=\"2560\" \/>\n\t<meta property=\"og:image:type\" content=\"image\/jpeg\" \/>\n<meta name=\"author\" content=\"Sorbet-Kiwi\" \/>\n<meta name=\"twitter:card\" content=\"summary_large_image\" \/>\n<meta name=\"twitter:creator\" content=\"@pepparshoes\" \/>\n<meta name=\"twitter:site\" content=\"@pepparshoes\" \/>\n<meta name=\"twitter:label1\" content=\"\u00c9crit par\" \/>\n\t<meta name=\"twitter:data1\" content=\"Sorbet-Kiwi\" \/>\n\t<meta name=\"twitter:label2\" content=\"Dur\u00e9e de lecture estim\u00e9e\" \/>\n\t<meta name=\"twitter:data2\" content=\"4 minutes\" \/>\n<script type=\"application\/ld+json\" class=\"yoast-schema-graph\">{\"@context\":\"https:\\\/\\\/schema.org\",\"@graph\":[{\"@type\":\"Article\",\"@id\":\"https:\\\/\\\/sorbetkiwi.fr\\\/index.php\\\/les-jours-qui-restent-de-magali-foutrier-et-eric-derian\\\/#article\",\"isPartOf\":{\"@id\":\"https:\\\/\\\/sorbetkiwi.fr\\\/index.php\\\/les-jours-qui-restent-de-magali-foutrier-et-eric-derian\\\/\"},\"author\":{\"name\":\"Sorbet-Kiwi\",\"@id\":\"https:\\\/\\\/sorbetkiwi.fr\\\/#\\\/schema\\\/person\\\/ed1b7b527a2957ddc3bf38b076540659\"},\"headline\":\"Les jours qui restent de Magali Foutrier et Eric D\u00e9rian\",\"datePublished\":\"2023-09-26T05:00:00+00:00\",\"mainEntityOfPage\":{\"@id\":\"https:\\\/\\\/sorbetkiwi.fr\\\/index.php\\\/les-jours-qui-restent-de-magali-foutrier-et-eric-derian\\\/\"},\"wordCount\":710,\"commentCount\":0,\"publisher\":{\"@id\":\"https:\\\/\\\/sorbetkiwi.fr\\\/#organization\"},\"image\":{\"@id\":\"https:\\\/\\\/sorbetkiwi.fr\\\/index.php\\\/les-jours-qui-restent-de-magali-foutrier-et-eric-derian\\\/#primaryimage\"},\"thumbnailUrl\":\"https:\\\/\\\/sorbetkiwi.fr\\\/wp-content\\\/uploads\\\/2023\\\/09\\\/Les-jours-qui-restent-1-scaled.jpg\",\"keywords\":[\"Automne\",\"Bande dessin\u00e9e\",\"BD du mardi\",\"Collection mirages\",\"Coup de c\u0153ur\",\"Editions Delcourt\",\"Eric D\u00e9rian\",\"Les jours qui restent\",\"Magali Foutrier\"],\"articleSection\":[\"B\u00e9n\u00e9volat\",\"Coups de coeur\",\"L'automne\",\"Tout le blog\"],\"inLanguage\":\"fr-FR\",\"potentialAction\":[{\"@type\":\"CommentAction\",\"name\":\"Comment\",\"target\":[\"https:\\\/\\\/sorbetkiwi.fr\\\/index.php\\\/les-jours-qui-restent-de-magali-foutrier-et-eric-derian\\\/#respond\"]}]},{\"@type\":\"WebPage\",\"@id\":\"https:\\\/\\\/sorbetkiwi.fr\\\/index.php\\\/les-jours-qui-restent-de-magali-foutrier-et-eric-derian\\\/\",\"url\":\"https:\\\/\\\/sorbetkiwi.fr\\\/index.php\\\/les-jours-qui-restent-de-magali-foutrier-et-eric-derian\\\/\",\"name\":\"Les jours qui restent de Magali Foutrier et Eric D\u00e9rian - Sorbet Kiwi\",\"isPartOf\":{\"@id\":\"https:\\\/\\\/sorbetkiwi.fr\\\/#website\"},\"primaryImageOfPage\":{\"@id\":\"https:\\\/\\\/sorbetkiwi.fr\\\/index.php\\\/les-jours-qui-restent-de-magali-foutrier-et-eric-derian\\\/#primaryimage\"},\"image\":{\"@id\":\"https:\\\/\\\/sorbetkiwi.fr\\\/index.php\\\/les-jours-qui-restent-de-magali-foutrier-et-eric-derian\\\/#primaryimage\"},\"thumbnailUrl\":\"https:\\\/\\\/sorbetkiwi.fr\\\/wp-content\\\/uploads\\\/2023\\\/09\\\/Les-jours-qui-restent-1-scaled.jpg\",\"datePublished\":\"2023-09-26T05:00:00+00:00\",\"description\":\"Ma chronique de ma BD du mardi Les jours qui restent de Magalie Foutrier et Eric D\u00e9rian aux \u00e9ditions Delcourt dans la collection Mirages.\",\"breadcrumb\":{\"@id\":\"https:\\\/\\\/sorbetkiwi.fr\\\/index.php\\\/les-jours-qui-restent-de-magali-foutrier-et-eric-derian\\\/#breadcrumb\"},\"inLanguage\":\"fr-FR\",\"potentialAction\":[{\"@type\":\"ReadAction\",\"target\":[\"https:\\\/\\\/sorbetkiwi.fr\\\/index.php\\\/les-jours-qui-restent-de-magali-foutrier-et-eric-derian\\\/\"]}]},{\"@type\":\"ImageObject\",\"inLanguage\":\"fr-FR\",\"@id\":\"https:\\\/\\\/sorbetkiwi.fr\\\/index.php\\\/les-jours-qui-restent-de-magali-foutrier-et-eric-derian\\\/#primaryimage\",\"url\":\"https:\\\/\\\/sorbetkiwi.fr\\\/wp-content\\\/uploads\\\/2023\\\/09\\\/Les-jours-qui-restent-1-scaled.jpg\",\"contentUrl\":\"https:\\\/\\\/sorbetkiwi.fr\\\/wp-content\\\/uploads\\\/2023\\\/09\\\/Les-jours-qui-restent-1-scaled.jpg\",\"width\":1920,\"height\":2560,\"caption\":\"Les jours qui restent Foutrier\"},{\"@type\":\"BreadcrumbList\",\"@id\":\"https:\\\/\\\/sorbetkiwi.fr\\\/index.php\\\/les-jours-qui-restent-de-magali-foutrier-et-eric-derian\\\/#breadcrumb\",\"itemListElement\":[{\"@type\":\"ListItem\",\"position\":1,\"name\":\"Accueil\",\"item\":\"https:\\\/\\\/sorbetkiwi.fr\\\/\"},{\"@type\":\"ListItem\",\"position\":2,\"name\":\"Les jours qui restent de Magali Foutrier et Eric D\u00e9rian\"}]},{\"@type\":\"WebSite\",\"@id\":\"https:\\\/\\\/sorbetkiwi.fr\\\/#website\",\"url\":\"https:\\\/\\\/sorbetkiwi.fr\\\/\",\"name\":\"Sorbet Kiwi\",\"description\":\"Des lectures th\u00e9matiques par saison et les avis qui vont avec\",\"publisher\":{\"@id\":\"https:\\\/\\\/sorbetkiwi.fr\\\/#organization\"},\"potentialAction\":[{\"@type\":\"SearchAction\",\"target\":{\"@type\":\"EntryPoint\",\"urlTemplate\":\"https:\\\/\\\/sorbetkiwi.fr\\\/?s={search_term_string}\"},\"query-input\":{\"@type\":\"PropertyValueSpecification\",\"valueRequired\":true,\"valueName\":\"search_term_string\"}}],\"inLanguage\":\"fr-FR\"},{\"@type\":\"Organization\",\"@id\":\"https:\\\/\\\/sorbetkiwi.fr\\\/#organization\",\"name\":\"Sorbet Kiwi\",\"url\":\"https:\\\/\\\/sorbetkiwi.fr\\\/\",\"logo\":{\"@type\":\"ImageObject\",\"inLanguage\":\"fr-FR\",\"@id\":\"https:\\\/\\\/sorbetkiwi.fr\\\/#\\\/schema\\\/logo\\\/image\\\/\",\"url\":\"https:\\\/\\\/sorbetkiwi.fr\\\/wp-content\\\/uploads\\\/2022\\\/10\\\/Banniere-Sorbet-Kiwi-2022.jpg\",\"contentUrl\":\"https:\\\/\\\/sorbetkiwi.fr\\\/wp-content\\\/uploads\\\/2022\\\/10\\\/Banniere-Sorbet-Kiwi-2022.jpg\",\"width\":814,\"height\":401,\"caption\":\"Sorbet Kiwi\"},\"image\":{\"@id\":\"https:\\\/\\\/sorbetkiwi.fr\\\/#\\\/schema\\\/logo\\\/image\\\/\"},\"sameAs\":[\"https:\\\/\\\/www.facebook.com\\\/profile.php?id=100086238893269\",\"https:\\\/\\\/x.com\\\/pepparshoes\",\"https:\\\/\\\/www.instagram.com\\\/sorbetkiwi\\\/\",\"https:\\\/\\\/www.tiktok.com\\\/sorbetkiwi\"]},{\"@type\":\"Person\",\"@id\":\"https:\\\/\\\/sorbetkiwi.fr\\\/#\\\/schema\\\/person\\\/ed1b7b527a2957ddc3bf38b076540659\",\"name\":\"Sorbet-Kiwi\",\"image\":{\"@type\":\"ImageObject\",\"inLanguage\":\"fr-FR\",\"@id\":\"https:\\\/\\\/secure.gravatar.com\\\/avatar\\\/86f0a5c27d76317621b9e374d0f3a01d3a85278f10d0c7207ced4fd773057442?s=96&d=mm&r=g\",\"url\":\"https:\\\/\\\/secure.gravatar.com\\\/avatar\\\/86f0a5c27d76317621b9e374d0f3a01d3a85278f10d0c7207ced4fd773057442?s=96&d=mm&r=g\",\"contentUrl\":\"https:\\\/\\\/secure.gravatar.com\\\/avatar\\\/86f0a5c27d76317621b9e374d0f3a01d3a85278f10d0c7207ced4fd773057442?s=96&d=mm&r=g\",\"caption\":\"Sorbet-Kiwi\"},\"sameAs\":[\"http:\\\/\\\/sorbetkiwi.fr\"],\"url\":\"https:\\\/\\\/sorbetkiwi.fr\\\/index.php\\\/author\\\/admin7717\\\/\"}]}<\/script>\n<!-- \/ Yoast SEO plugin. -->","yoast_head_json":{"title":"Les jours qui restent de Magali Foutrier et Eric D\u00e9rian - Sorbet Kiwi","description":"Ma chronique de ma BD du mardi Les jours qui restent de Magalie Foutrier et Eric D\u00e9rian aux \u00e9ditions Delcourt dans la collection Mirages.","robots":{"index":"index","follow":"follow","max-snippet":"max-snippet:-1","max-image-preview":"max-image-preview:large","max-video-preview":"max-video-preview:-1"},"canonical":"https:\/\/sorbetkiwi.fr\/index.php\/les-jours-qui-restent-de-magali-foutrier-et-eric-derian\/","og_locale":"fr_FR","og_type":"article","og_title":"Les jours qui restent de Magali Foutrier et Eric D\u00e9rian - Sorbet Kiwi","og_description":"Ma chronique de ma BD du mardi Les jours qui restent de Magalie Foutrier et Eric D\u00e9rian aux \u00e9ditions Delcourt dans la collection Mirages.","og_url":"https:\/\/sorbetkiwi.fr\/index.php\/les-jours-qui-restent-de-magali-foutrier-et-eric-derian\/","og_site_name":"Sorbet Kiwi","article_publisher":"https:\/\/www.facebook.com\/profile.php?id=100086238893269","article_published_time":"2023-09-26T05:00:00+00:00","og_image":[{"width":1920,"height":2560,"url":"https:\/\/sorbetkiwi.fr\/wp-content\/uploads\/2023\/09\/Les-jours-qui-restent-1-scaled.jpg","type":"image\/jpeg"}],"author":"Sorbet-Kiwi","twitter_card":"summary_large_image","twitter_creator":"@pepparshoes","twitter_site":"@pepparshoes","twitter_misc":{"\u00c9crit par":"Sorbet-Kiwi","Dur\u00e9e de lecture estim\u00e9e":"4 minutes"},"schema":{"@context":"https:\/\/schema.org","@graph":[{"@type":"Article","@id":"https:\/\/sorbetkiwi.fr\/index.php\/les-jours-qui-restent-de-magali-foutrier-et-eric-derian\/#article","isPartOf":{"@id":"https:\/\/sorbetkiwi.fr\/index.php\/les-jours-qui-restent-de-magali-foutrier-et-eric-derian\/"},"author":{"name":"Sorbet-Kiwi","@id":"https:\/\/sorbetkiwi.fr\/#\/schema\/person\/ed1b7b527a2957ddc3bf38b076540659"},"headline":"Les jours qui restent de Magali Foutrier et Eric D\u00e9rian","datePublished":"2023-09-26T05:00:00+00:00","mainEntityOfPage":{"@id":"https:\/\/sorbetkiwi.fr\/index.php\/les-jours-qui-restent-de-magali-foutrier-et-eric-derian\/"},"wordCount":710,"commentCount":0,"publisher":{"@id":"https:\/\/sorbetkiwi.fr\/#organization"},"image":{"@id":"https:\/\/sorbetkiwi.fr\/index.php\/les-jours-qui-restent-de-magali-foutrier-et-eric-derian\/#primaryimage"},"thumbnailUrl":"https:\/\/sorbetkiwi.fr\/wp-content\/uploads\/2023\/09\/Les-jours-qui-restent-1-scaled.jpg","keywords":["Automne","Bande dessin\u00e9e","BD du mardi","Collection mirages","Coup de c\u0153ur","Editions Delcourt","Eric D\u00e9rian","Les jours qui restent","Magali Foutrier"],"articleSection":["B\u00e9n\u00e9volat","Coups de coeur","L'automne","Tout le blog"],"inLanguage":"fr-FR","potentialAction":[{"@type":"CommentAction","name":"Comment","target":["https:\/\/sorbetkiwi.fr\/index.php\/les-jours-qui-restent-de-magali-foutrier-et-eric-derian\/#respond"]}]},{"@type":"WebPage","@id":"https:\/\/sorbetkiwi.fr\/index.php\/les-jours-qui-restent-de-magali-foutrier-et-eric-derian\/","url":"https:\/\/sorbetkiwi.fr\/index.php\/les-jours-qui-restent-de-magali-foutrier-et-eric-derian\/","name":"Les jours qui restent de Magali Foutrier et Eric D\u00e9rian - Sorbet Kiwi","isPartOf":{"@id":"https:\/\/sorbetkiwi.fr\/#website"},"primaryImageOfPage":{"@id":"https:\/\/sorbetkiwi.fr\/index.php\/les-jours-qui-restent-de-magali-foutrier-et-eric-derian\/#primaryimage"},"image":{"@id":"https:\/\/sorbetkiwi.fr\/index.php\/les-jours-qui-restent-de-magali-foutrier-et-eric-derian\/#primaryimage"},"thumbnailUrl":"https:\/\/sorbetkiwi.fr\/wp-content\/uploads\/2023\/09\/Les-jours-qui-restent-1-scaled.jpg","datePublished":"2023-09-26T05:00:00+00:00","description":"Ma chronique de ma BD du mardi Les jours qui restent de Magalie Foutrier et Eric D\u00e9rian aux \u00e9ditions Delcourt dans la collection Mirages.","breadcrumb":{"@id":"https:\/\/sorbetkiwi.fr\/index.php\/les-jours-qui-restent-de-magali-foutrier-et-eric-derian\/#breadcrumb"},"inLanguage":"fr-FR","potentialAction":[{"@type":"ReadAction","target":["https:\/\/sorbetkiwi.fr\/index.php\/les-jours-qui-restent-de-magali-foutrier-et-eric-derian\/"]}]},{"@type":"ImageObject","inLanguage":"fr-FR","@id":"https:\/\/sorbetkiwi.fr\/index.php\/les-jours-qui-restent-de-magali-foutrier-et-eric-derian\/#primaryimage","url":"https:\/\/sorbetkiwi.fr\/wp-content\/uploads\/2023\/09\/Les-jours-qui-restent-1-scaled.jpg","contentUrl":"https:\/\/sorbetkiwi.fr\/wp-content\/uploads\/2023\/09\/Les-jours-qui-restent-1-scaled.jpg","width":1920,"height":2560,"caption":"Les jours qui restent Foutrier"},{"@type":"BreadcrumbList","@id":"https:\/\/sorbetkiwi.fr\/index.php\/les-jours-qui-restent-de-magali-foutrier-et-eric-derian\/#breadcrumb","itemListElement":[{"@type":"ListItem","position":1,"name":"Accueil","item":"https:\/\/sorbetkiwi.fr\/"},{"@type":"ListItem","position":2,"name":"Les jours qui restent de Magali Foutrier et Eric D\u00e9rian"}]},{"@type":"WebSite","@id":"https:\/\/sorbetkiwi.fr\/#website","url":"https:\/\/sorbetkiwi.fr\/","name":"Sorbet Kiwi","description":"Des lectures th\u00e9matiques par saison et les avis qui vont avec","publisher":{"@id":"https:\/\/sorbetkiwi.fr\/#organization"},"potentialAction":[{"@type":"SearchAction","target":{"@type":"EntryPoint","urlTemplate":"https:\/\/sorbetkiwi.fr\/?s={search_term_string}"},"query-input":{"@type":"PropertyValueSpecification","valueRequired":true,"valueName":"search_term_string"}}],"inLanguage":"fr-FR"},{"@type":"Organization","@id":"https:\/\/sorbetkiwi.fr\/#organization","name":"Sorbet Kiwi","url":"https:\/\/sorbetkiwi.fr\/","logo":{"@type":"ImageObject","inLanguage":"fr-FR","@id":"https:\/\/sorbetkiwi.fr\/#\/schema\/logo\/image\/","url":"https:\/\/sorbetkiwi.fr\/wp-content\/uploads\/2022\/10\/Banniere-Sorbet-Kiwi-2022.jpg","contentUrl":"https:\/\/sorbetkiwi.fr\/wp-content\/uploads\/2022\/10\/Banniere-Sorbet-Kiwi-2022.jpg","width":814,"height":401,"caption":"Sorbet Kiwi"},"image":{"@id":"https:\/\/sorbetkiwi.fr\/#\/schema\/logo\/image\/"},"sameAs":["https:\/\/www.facebook.com\/profile.php?id=100086238893269","https:\/\/x.com\/pepparshoes","https:\/\/www.instagram.com\/sorbetkiwi\/","https:\/\/www.tiktok.com\/sorbetkiwi"]},{"@type":"Person","@id":"https:\/\/sorbetkiwi.fr\/#\/schema\/person\/ed1b7b527a2957ddc3bf38b076540659","name":"Sorbet-Kiwi","image":{"@type":"ImageObject","inLanguage":"fr-FR","@id":"https:\/\/secure.gravatar.com\/avatar\/86f0a5c27d76317621b9e374d0f3a01d3a85278f10d0c7207ced4fd773057442?s=96&d=mm&r=g","url":"https:\/\/secure.gravatar.com\/avatar\/86f0a5c27d76317621b9e374d0f3a01d3a85278f10d0c7207ced4fd773057442?s=96&d=mm&r=g","contentUrl":"https:\/\/secure.gravatar.com\/avatar\/86f0a5c27d76317621b9e374d0f3a01d3a85278f10d0c7207ced4fd773057442?s=96&d=mm&r=g","caption":"Sorbet-Kiwi"},"sameAs":["http:\/\/sorbetkiwi.fr"],"url":"https:\/\/sorbetkiwi.fr\/index.php\/author\/admin7717\/"}]}},"_links":{"self":[{"href":"https:\/\/sorbetkiwi.fr\/index.php\/wp-json\/wp\/v2\/posts\/3939","targetHints":{"allow":["GET"]}}],"collection":[{"href":"https:\/\/sorbetkiwi.fr\/index.php\/wp-json\/wp\/v2\/posts"}],"about":[{"href":"https:\/\/sorbetkiwi.fr\/index.php\/wp-json\/wp\/v2\/types\/post"}],"author":[{"embeddable":true,"href":"https:\/\/sorbetkiwi.fr\/index.php\/wp-json\/wp\/v2\/users\/1"}],"replies":[{"embeddable":true,"href":"https:\/\/sorbetkiwi.fr\/index.php\/wp-json\/wp\/v2\/comments?post=3939"}],"version-history":[{"count":9,"href":"https:\/\/sorbetkiwi.fr\/index.php\/wp-json\/wp\/v2\/posts\/3939\/revisions"}],"predecessor-version":[{"id":3983,"href":"https:\/\/sorbetkiwi.fr\/index.php\/wp-json\/wp\/v2\/posts\/3939\/revisions\/3983"}],"wp:featuredmedia":[{"embeddable":true,"href":"https:\/\/sorbetkiwi.fr\/index.php\/wp-json\/wp\/v2\/media\/3782"}],"wp:attachment":[{"href":"https:\/\/sorbetkiwi.fr\/index.php\/wp-json\/wp\/v2\/media?parent=3939"}],"wp:term":[{"taxonomy":"category","embeddable":true,"href":"https:\/\/sorbetkiwi.fr\/index.php\/wp-json\/wp\/v2\/categories?post=3939"},{"taxonomy":"post_tag","embeddable":true,"href":"https:\/\/sorbetkiwi.fr\/index.php\/wp-json\/wp\/v2\/tags?post=3939"}],"curies":[{"name":"wp","href":"https:\/\/api.w.org\/{rel}","templated":true}]}}