{"id":3912,"date":"2023-09-21T07:00:00","date_gmt":"2023-09-21T05:00:00","guid":{"rendered":"https:\/\/sorbetkiwi.fr\/?p=3912"},"modified":"2023-10-03T12:31:36","modified_gmt":"2023-10-03T10:31:36","slug":"la-bibliotheque-des-reves-brules-de-brianna-labuskes","status":"publish","type":"post","link":"https:\/\/sorbetkiwi.fr\/index.php\/la-bibliotheque-des-reves-brules-de-brianna-labuskes\/","title":{"rendered":"La biblioth\u00e8que des livres br\u00fbl\u00e9s de Brianna Labuskes"},"content":{"rendered":"\t\t<div data-elementor-type=\"wp-post\" data-elementor-id=\"3912\" class=\"elementor elementor-3912\">\n\t\t\t\t\t\t<section class=\"elementor-section elementor-top-section elementor-element elementor-element-659545c5 elementor-section-boxed elementor-section-height-default elementor-section-height-default\" data-id=\"659545c5\" data-element_type=\"section\" data-e-type=\"section\">\n\t\t\t\t\t\t<div class=\"elementor-container elementor-column-gap-default\">\n\t\t\t\t\t<div class=\"elementor-column elementor-col-100 elementor-top-column elementor-element elementor-element-3adf0fc0\" data-id=\"3adf0fc0\" data-element_type=\"column\" data-e-type=\"column\">\n\t\t\t<div class=\"elementor-widget-wrap elementor-element-populated\">\n\t\t\t\t\t\t<div class=\"elementor-element elementor-element-105a054 elementor-widget elementor-widget-heading\" data-id=\"105a054\" data-element_type=\"widget\" data-e-type=\"widget\" data-widget_type=\"heading.default\">\n\t\t\t\t<div class=\"elementor-widget-container\">\n\t\t\t\t\t<h1 class=\"elementor-heading-title elementor-size-medium\">La biblioth\u00e8que des livres br\u00fbl\u00e9s Labuskes<\/h1>\t\t\t\t<\/div>\n\t\t\t\t<\/div>\n\t\t\t\t<div class=\"elementor-element elementor-element-5cf40fb5 elementor-view-default elementor-widget elementor-widget-icon\" data-id=\"5cf40fb5\" data-element_type=\"widget\" data-e-type=\"widget\" data-widget_type=\"icon.default\">\n\t\t\t\t<div class=\"elementor-widget-container\">\n\t\t\t\t\t\t\t<div class=\"elementor-icon-wrapper\">\n\t\t\t<div class=\"elementor-icon\">\n\t\t\t<i aria-hidden=\"true\" class=\"fab fa-canadian-maple-leaf\"><\/i>\t\t\t<\/div>\n\t\t<\/div>\n\t\t\t\t\t\t<\/div>\n\t\t\t\t<\/div>\n\t\t\t\t<div class=\"elementor-element elementor-element-11093f2e elementor-widget-divider--view-line elementor-widget elementor-widget-divider\" data-id=\"11093f2e\" data-element_type=\"widget\" data-e-type=\"widget\" data-widget_type=\"divider.default\">\n\t\t\t\t<div class=\"elementor-widget-container\">\n\t\t\t\t\t\t\t<div class=\"elementor-divider\">\n\t\t\t<span class=\"elementor-divider-separator\">\n\t\t\t\t\t\t<\/span>\n\t\t<\/div>\n\t\t\t\t\t\t<\/div>\n\t\t\t\t<\/div>\n\t\t\t\t<div class=\"elementor-element elementor-element-5023e31e elementor-widget elementor-widget-heading\" data-id=\"5023e31e\" data-element_type=\"widget\" data-e-type=\"widget\" data-widget_type=\"heading.default\">\n\t\t\t\t<div class=\"elementor-widget-container\">\n\t\t\t\t\t<h2 class=\"elementor-heading-title elementor-size-medium\">R\u00e9sum\u00e9<\/h2>\t\t\t\t<\/div>\n\t\t\t\t<\/div>\n\t\t\t\t<div class=\"elementor-element elementor-element-52bc11d elementor-widget elementor-widget-text-editor\" data-id=\"52bc11d\" data-element_type=\"widget\" data-e-type=\"widget\" data-widget_type=\"text-editor.default\">\n\t\t\t\t<div class=\"elementor-widget-container\">\n\t\t\t\t\t\t\t\t\t<p>Les destins entrelac\u00e9s de trois femmes qui croient au pouvoir des livres pour triompher des moments les plus sombres de la Seconde Guerre mondiale.<br \/><br \/>Berlin, 1933. Apr\u00e8s le succ\u00e8s de son premier roman, l&rsquo;\u00e9crivaine am\u00e9ricaine Althea re\u00e7oit une invitation pour participer \u00e0 un programme d\u2019\u00e9change culturel en Allemagne. \u00c0 la barre, un charismatique nouveau chancelier\u2026 <br \/>Paris, 1936. Elle a peut-\u00eatre fui Berlin pour Paris, mais Hannah d\u00e9couvre que la Ville Lumi\u00e8re n\u2019est pas le refuge contre l\u2019antis\u00e9mitisme qu\u2019elle pensait trouver. Tourment\u00e9e par le r\u00f4le qu&rsquo;elle a jou\u00e9 dans la trahison qui a d\u00e9truit sa famille, Hannah se consacre \u00e0 son travail \u00e0 la Biblioth\u00e8que allemande des livres br\u00fbl\u00e9s.<br \/>New York, 1944. Depuis que son mari a \u00e9t\u00e9 tu\u00e9 en combattant les nazis, Vivian m\u00e8ne sa propre guerre : emp\u00eacher les tentatives d\u2019un puissant s\u00e9nateur de censurer les Armed Service Editions, des livres de poche qui sont exp\u00e9di\u00e9s par millions aux soldats \u00e0 l\u2019\u00e9tranger.<br \/><br \/>Leur combat commun contre la censure et la haine r\u00e9unira ces trois inoubliables h\u00e9ro\u00efnes dans un flot d\u2019\u00e9motions et de po\u00e9sie inou\u00ef.<\/p>\t\t\t\t\t\t\t\t<\/div>\n\t\t\t\t<\/div>\n\t\t\t\t<div class=\"elementor-element elementor-element-3d2e3a98 elementor-widget-divider--view-line elementor-widget elementor-widget-divider\" data-id=\"3d2e3a98\" data-element_type=\"widget\" data-e-type=\"widget\" data-widget_type=\"divider.default\">\n\t\t\t\t<div class=\"elementor-widget-container\">\n\t\t\t\t\t\t\t<div class=\"elementor-divider\">\n\t\t\t<span class=\"elementor-divider-separator\">\n\t\t\t\t\t\t<\/span>\n\t\t<\/div>\n\t\t\t\t\t\t<\/div>\n\t\t\t\t<\/div>\n\t\t\t\t<div class=\"elementor-element elementor-element-4c174421 elementor-widget elementor-widget-heading\" data-id=\"4c174421\" data-element_type=\"widget\" data-e-type=\"widget\" data-widget_type=\"heading.default\">\n\t\t\t\t<div class=\"elementor-widget-container\">\n\t\t\t\t\t<h2 class=\"elementor-heading-title elementor-size-medium\">Ma note<\/h2>\t\t\t\t<\/div>\n\t\t\t\t<\/div>\n\t\t\t\t<div class=\"elementor-element elementor-element-4e869b36 elementor-star-rating--align-center elementor--star-style-star_fontawesome elementor-widget elementor-widget-star-rating\" data-id=\"4e869b36\" data-element_type=\"widget\" data-e-type=\"widget\" data-widget_type=\"star-rating.default\">\n\t\t\t\t<div class=\"elementor-widget-container\">\n\t\t\t\t\t\t\t<div class=\"elementor-star-rating__wrapper\">\n\t\t\t\t\t\t<div class=\"elementor-star-rating\" itemtype=\"http:\/\/schema.org\/Rating\" itemscope=\"\" itemprop=\"reviewRating\">\n\t\t\t\t<i class=\"elementor-star-full\" aria-hidden=\"true\">&#xE934;<\/i><i class=\"elementor-star-full\" aria-hidden=\"true\">&#xE934;<\/i><i class=\"elementor-star-full\" aria-hidden=\"true\">&#xE934;<\/i><i class=\"elementor-star-full\" aria-hidden=\"true\">&#xE934;<\/i><i class=\"elementor-star-full\" aria-hidden=\"true\">&#xE934;<\/i>\t\t\t\t<span itemprop=\"ratingValue\" class=\"elementor-screen-only\">Not\u00e9 5 sur 5<\/span>\n\t\t\t<\/div>\n\t\t<\/div>\n\t\t\t\t\t\t<\/div>\n\t\t\t\t<\/div>\n\t\t\t\t<div class=\"elementor-element elementor-element-5171d1af elementor-widget-divider--view-line elementor-widget elementor-widget-divider\" data-id=\"5171d1af\" data-element_type=\"widget\" data-e-type=\"widget\" data-widget_type=\"divider.default\">\n\t\t\t\t<div class=\"elementor-widget-container\">\n\t\t\t\t\t\t\t<div class=\"elementor-divider\">\n\t\t\t<span class=\"elementor-divider-separator\">\n\t\t\t\t\t\t<\/span>\n\t\t<\/div>\n\t\t\t\t\t\t<\/div>\n\t\t\t\t<\/div>\n\t\t\t\t<div class=\"elementor-element elementor-element-48c6e902 elementor-widget elementor-widget-heading\" data-id=\"48c6e902\" data-element_type=\"widget\" data-e-type=\"widget\" data-widget_type=\"heading.default\">\n\t\t\t\t<div class=\"elementor-widget-container\">\n\t\t\t\t\t<h2 class=\"elementor-heading-title elementor-size-medium\">Une puissance ph\u00e9nom\u00e9nale <\/h2>\t\t\t\t<\/div>\n\t\t\t\t<\/div>\n\t\t\t\t<div class=\"elementor-element elementor-element-1bc7cfe0 elementor-widget elementor-widget-text-editor\" data-id=\"1bc7cfe0\" data-element_type=\"widget\" data-e-type=\"widget\" data-widget_type=\"text-editor.default\">\n\t\t\t\t<div class=\"elementor-widget-container\">\n\t\t\t\t\t\t\t\t\t<p>En ce mois de septembre, je suis entrain de vivre un coup de coeur incroyable. J&rsquo;ai tant aim\u00e9 La biblioth\u00e8que des livres br\u00fbl\u00e9s que j&rsquo;en ai mal au ventre. La gorge nou\u00e9e. Les yeux qui piquent. Cela rend \u00e9videmment l&rsquo;\u00e9criture de cette chronique, \u00e0 chaud, plus difficile. Mais j&rsquo;ai envie de vous en parler avec toute l&rsquo;\u00e9motion qui m&rsquo;habite en cet instant. En guise d&rsquo;introduction, n\u00e9anmoins, je tiens \u00e0 pr\u00e9ciser qu&rsquo;il m&rsquo;a \u00e9t\u00e9 envoy\u00e9 par les \u00e9ditions Harper Collins, qui m&rsquo;ont dit \u00ab\u00a0tu vas adorer cette lecture\u00a0\u00bb.\u00a0<\/p><p>Pari tenu, \u00ab\u00a0adorer\u00a0\u00bb est peut-\u00eatre le terme le plus juste que l&rsquo;on pouvait choisir. Cela dit, vu mon coup de coeur pour <a href=\"https:\/\/sorbetkiwi.fr\/index.php\/la-femme-peripherique-de-sophie-pointurier\/\">La femme p\u00e9riph\u00e9rique<\/a> et mon int\u00e9r\u00eat global pour l&rsquo;Allemagne, je n&rsquo;avais pas trop de doutes. Pourtant, jamais je n&rsquo;aurai imagin\u00e9 que La biblioth\u00e8que des livres br\u00fbl\u00e9s allait \u00eatre un roman historique aussi passionnant et captivant. J&rsquo;ai v\u00e9cu l&rsquo;histoire de Viv, Althea et Hannah comme si c&rsquo;\u00e9tait la mienne.\u00a0<\/p>\t\t\t\t\t\t\t\t<\/div>\n\t\t\t\t<\/div>\n\t\t\t\t<div class=\"elementor-element elementor-element-780092c3 elementor-widget-divider--view-line elementor-widget elementor-widget-divider\" data-id=\"780092c3\" data-element_type=\"widget\" data-e-type=\"widget\" data-widget_type=\"divider.default\">\n\t\t\t\t<div class=\"elementor-widget-container\">\n\t\t\t\t\t\t\t<div class=\"elementor-divider\">\n\t\t\t<span class=\"elementor-divider-separator\">\n\t\t\t\t\t\t<\/span>\n\t\t<\/div>\n\t\t\t\t\t\t<\/div>\n\t\t\t\t<\/div>\n\t\t\t\t<div class=\"elementor-element elementor-element-2d5511b8 elementor-widget elementor-widget-heading\" data-id=\"2d5511b8\" data-element_type=\"widget\" data-e-type=\"widget\" data-widget_type=\"heading.default\">\n\t\t\t\t<div class=\"elementor-widget-container\">\n\t\t\t\t\t<h4 class=\"elementor-heading-title elementor-size-medium\">\"N'est-il pas po\u00e9tique de vivre pour emp\u00eacher une culture d'\u00eatre r\u00e9duite en cendres ? Votre petite biblioth\u00e8que n'est-elle pas un phare symbolique pour crier au monde que les mots sont plus puissants que les flammes ?\"<\/h4>\t\t\t\t<\/div>\n\t\t\t\t<\/div>\n\t\t\t\t<div class=\"elementor-element elementor-element-619ab3a7 elementor-widget-divider--view-line elementor-widget elementor-widget-divider\" data-id=\"619ab3a7\" data-element_type=\"widget\" data-e-type=\"widget\" data-widget_type=\"divider.default\">\n\t\t\t\t<div class=\"elementor-widget-container\">\n\t\t\t\t\t\t\t<div class=\"elementor-divider\">\n\t\t\t<span class=\"elementor-divider-separator\">\n\t\t\t\t\t\t<\/span>\n\t\t<\/div>\n\t\t\t\t\t\t<\/div>\n\t\t\t\t<\/div>\n\t\t\t\t<div class=\"elementor-element elementor-element-27f319c8 elementor-widget elementor-widget-heading\" data-id=\"27f319c8\" data-element_type=\"widget\" data-e-type=\"widget\" data-widget_type=\"heading.default\">\n\t\t\t\t<div class=\"elementor-widget-container\">\n\t\t\t\t\t<h2 class=\"elementor-heading-title elementor-size-medium\">Un pan oubli\u00e9 de la r\u00e9sistance au fachisme<\/h2>\t\t\t\t<\/div>\n\t\t\t\t<\/div>\n\t\t\t\t<div class=\"elementor-element elementor-element-715bb07f elementor-widget elementor-widget-text-editor\" data-id=\"715bb07f\" data-element_type=\"widget\" data-e-type=\"widget\" data-widget_type=\"text-editor.default\">\n\t\t\t\t<div class=\"elementor-widget-container\">\n\t\t\t\t\t\t\t\t\t<p>Pourtant, au d\u00e9but, j&rsquo;aurai voulu que les chapitres soient un poil plus long pour r\u00e9ussir \u00e0 vraiment comprendre le caract\u00e8re de chacune des protagonistes. Mais finalement, apr\u00e8s une cinquantaine de pages, j&rsquo;\u00e9tais compl\u00e8tement captiv\u00e9e. Chaque femme a sa propre temporalit\u00e9. La biblioth\u00e8que des livres br\u00fbl\u00e9s, \u00e0 Paris, en 1936 nous pr\u00e9sente Hannah. C&rsquo;est en 1933 que nous rencontrons Althea, dans le cadre d&rsquo;un programme de la NSDAP pour la propagande allemande. Programme fictif, soit dit en passant. Et enfin, le programme d&rsquo;\u00e9dition pour l&rsquo;arm\u00e9e, dans lequel s&rsquo;implique Viv en 1944.\u00a0<\/p><p>La biblioth\u00e8que allemande des livres br\u00fbl\u00e9s ainsi que le programme d&rsquo;\u00e9dition m&rsquo;\u00e9taient compl\u00e8tement inconnus, et pourtant j&rsquo;ai d\u00e9j\u00e0 lu de nombreux romans sur la Seconde Guerre Mondiale. Epoque qui ne cesse de nous choquer, n&rsquo;est-ce pas ? Depuis 15 ans que je m&rsquo;y int\u00e9resse, je reste toujours aussi sensible \u00e0 la souffrance inflig\u00e9e brutalement, volontairement et de sang-froid par les nazis \u00e0 tous leurs opposants.\u00a0<\/p>\t\t\t\t\t\t\t\t<\/div>\n\t\t\t\t<\/div>\n\t\t\t\t<div class=\"elementor-element elementor-element-6b0f7c7b elementor-widget-divider--view-line elementor-widget elementor-widget-divider\" data-id=\"6b0f7c7b\" data-element_type=\"widget\" data-e-type=\"widget\" data-widget_type=\"divider.default\">\n\t\t\t\t<div class=\"elementor-widget-container\">\n\t\t\t\t\t\t\t<div class=\"elementor-divider\">\n\t\t\t<span class=\"elementor-divider-separator\">\n\t\t\t\t\t\t<\/span>\n\t\t<\/div>\n\t\t\t\t\t\t<\/div>\n\t\t\t\t<\/div>\n\t\t\t\t<div class=\"elementor-element elementor-element-49a963dd elementor-widget elementor-widget-heading\" data-id=\"49a963dd\" data-element_type=\"widget\" data-e-type=\"widget\" data-widget_type=\"heading.default\">\n\t\t\t\t<div class=\"elementor-widget-container\">\n\t\t\t\t\t<h2 class=\"elementor-heading-title elementor-size-medium\">Une red\u00e9couverte compl\u00e8te du sujet  de la censure<\/h2>\t\t\t\t<\/div>\n\t\t\t\t<\/div>\n\t\t\t\t<div class=\"elementor-element elementor-element-4b9148b9 elementor-widget elementor-widget-text-editor\" data-id=\"4b9148b9\" data-element_type=\"widget\" data-e-type=\"widget\" data-widget_type=\"text-editor.default\">\n\t\t\t\t<div class=\"elementor-widget-container\">\n\t\t\t\t\t\t\t\t\t<p>Brianna Labuskes englobe d&rsquo;ailleurs tr\u00e8s justement de nombreux faits historiques v\u00e9ritables sur toute une d\u00e9cennie dans son histoire, qui ne la rend que plus r\u00e9aliste. D&rsquo;ailleurs, j&rsquo;ai ador\u00e9 la note de l&rsquo;autrice \u00e0 la fin, qui est tr\u00e8s compl\u00e8te sans \u00eatre assommante, sur les faits r\u00e9els et les parties invent\u00e9es. Je me rends compte, aussi, que je n&rsquo;ai pas assez d&rsquo;un article pour vous parler de toutes les th\u00e9matiques que traite cette histoire. La censure et la propagande en sont \u00e9videmment au coeur.\u00a0<\/p><p>Mais j&rsquo;y ai vu \u00e9galement une comparaison effrayante avec notre \u00e9poque moderne. C&rsquo;est l\u00e0 que je me suis rendue compte \u00e0 quel point notre d\u00e9mocratie est fragile. La fin m&rsquo;a compl\u00e8tement happ\u00e9e par son intensit\u00e9, si criante de v\u00e9rit\u00e9. Enfin, je pourrais dire cela de La biblioth\u00e8que des livres br\u00fbl\u00e9s dans son int\u00e9gralit\u00e9. En effet, j&rsquo;ai coll\u00e9 au total 34 post-it sur diverses phrases qui m&rsquo;ont compl\u00e8tement chamboul\u00e9es. Vous pouvez toutes les retrouv\u00e9es sur <a href=\"https:\/\/www.babelio.com\/livres\/Labuskes-La-bibliotheque-des-livres-brules\/1511916\/citations\">Babelio<\/a>. Que ce soit sur un aspect intellectuel, romantique, politique, historique&#8230; Alors sinc\u00e8rement, je ne peux que vous inviter \u00e0 pousser les portes de cet \u00e9tablissement, qu&rsquo;il soit \u00e0 Paris ou \u00e0 New-York, et de rencontrer ces trois femmes incroyables.\u00a0<\/p>\t\t\t\t\t\t\t\t<\/div>\n\t\t\t\t<\/div>\n\t\t\t\t<div class=\"elementor-element elementor-element-61ae52f0 elementor-widget elementor-widget-heading\" data-id=\"61ae52f0\" data-element_type=\"widget\" data-e-type=\"widget\" data-widget_type=\"heading.default\">\n\t\t\t\t<div class=\"elementor-widget-container\">\n\t\t\t\t\t<h4 class=\"elementor-heading-title elementor-size-medium\">Sur la blogosph\u00e8re<\/h4>\t\t\t\t<\/div>\n\t\t\t\t<\/div>\n\t\t\t\t<div class=\"elementor-element elementor-element-698b7b15 elementor-widget elementor-widget-text-editor\" data-id=\"698b7b15\" data-element_type=\"widget\" data-e-type=\"widget\" data-widget_type=\"text-editor.default\">\n\t\t\t\t<div class=\"elementor-widget-container\">\n\t\t\t\t\t\t\t\t\t<p>Les avis sur le m\u00eame roman ailleurs :\u00a0<\/p><ul><li><a href=\"https:\/\/anouklibrary.wordpress.com\/2023\/06\/08\/la-bibliotheque-des-livres-brules-brianna-labuskes\/\">Anouk Library<\/a> &#8211; 4\/5<\/li><li><a href=\"https:\/\/alapagedeslivres.wordpress.com\/2023\/08\/30\/addiction-aux-livres-la-bibliotheque-des-livres-brules-de-brianna-labuskes\/\">A la page des livres<\/a> &#8211; Coup de coeur<\/li><\/ul>\t\t\t\t\t\t\t\t<\/div>\n\t\t\t\t<\/div>\n\t\t\t\t\t<\/div>\n\t\t<\/div>\n\t\t\t\t\t<\/div>\n\t\t<\/section>\n\t\t\t\t<\/div>\n\t\t","protected":false},"excerpt":{"rendered":"<p>La biblioth\u00e8que des livres br\u00fbl\u00e9s Labuskes R\u00e9sum\u00e9 Les destins entrelac\u00e9s de trois femmes qui croient au pouvoir des livres pour triompher des moments les plus sombres de la Seconde Guerre mondiale. Berlin, 1933. Apr\u00e8s le &hellip; <\/p>\n","protected":false},"author":1,"featured_media":3774,"comment_status":"open","ping_status":"open","sticky":false,"template":"","format":"standard","meta":{"footnotes":""},"categories":[9,15,8,1],"tags":[220,985,65,272,1042,1041,350,209],"class_list":["post-3912","post","type-post","status-publish","format-standard","has-post-thumbnail","hentry","category-coups-de-coeur","category-l-automne","category-partenariats","category-tout-le-blog","tag-automne","tag-brianna-labuskes","tag-coup-de-coeur","tag-harper-collins","tag-harper-collins-france","tag-la-bibliotheque-des-reves-brules","tag-roman-historique","tag-seconde-guerre-mondiale","has-single-img"],"yoast_head":"<!-- This site is optimized with the Yoast SEO plugin v27.4 - https:\/\/yoast.com\/product\/yoast-seo-wordpress\/ -->\n<title>La biblioth\u00e8que des livres br\u00fbl\u00e9s de Brianna Labuskes - Sorbet Kiwi<\/title>\n<meta name=\"description\" content=\"Ma chronique du roman La biblioth\u00e8que des r\u00eaves br\u00fbl\u00e9s de Brianna Labuskes publi\u00e9 aux \u00e9ditions Harper Collins.\" \/>\n<meta name=\"robots\" content=\"index, follow, max-snippet:-1, max-image-preview:large, max-video-preview:-1\" \/>\n<link rel=\"canonical\" href=\"https:\/\/sorbetkiwi.fr\/index.php\/la-bibliotheque-des-reves-brules-de-brianna-labuskes\/\" \/>\n<meta property=\"og:locale\" content=\"fr_FR\" \/>\n<meta property=\"og:type\" content=\"article\" \/>\n<meta property=\"og:title\" content=\"La biblioth\u00e8que des livres br\u00fbl\u00e9s de Brianna Labuskes - Sorbet Kiwi\" \/>\n<meta property=\"og:description\" content=\"Ma chronique du roman La biblioth\u00e8que des r\u00eaves br\u00fbl\u00e9s de Brianna Labuskes publi\u00e9 aux \u00e9ditions Harper Collins.\" \/>\n<meta property=\"og:url\" content=\"https:\/\/sorbetkiwi.fr\/index.php\/la-bibliotheque-des-reves-brules-de-brianna-labuskes\/\" \/>\n<meta property=\"og:site_name\" content=\"Sorbet Kiwi\" \/>\n<meta property=\"article:publisher\" content=\"https:\/\/www.facebook.com\/profile.php?id=100086238893269\" \/>\n<meta property=\"article:published_time\" content=\"2023-09-21T05:00:00+00:00\" \/>\n<meta property=\"article:modified_time\" content=\"2023-10-03T10:31:36+00:00\" \/>\n<meta property=\"og:image\" content=\"https:\/\/sorbetkiwi.fr\/wp-content\/uploads\/2023\/09\/La-bibliotheque-des-livres-brules-Labuskes-1-scaled.jpg\" \/>\n\t<meta property=\"og:image:width\" content=\"1920\" \/>\n\t<meta property=\"og:image:height\" content=\"2560\" \/>\n\t<meta property=\"og:image:type\" content=\"image\/jpeg\" \/>\n<meta name=\"author\" content=\"Sorbet-Kiwi\" \/>\n<meta name=\"twitter:card\" content=\"summary_large_image\" \/>\n<meta name=\"twitter:creator\" content=\"@pepparshoes\" \/>\n<meta name=\"twitter:site\" content=\"@pepparshoes\" \/>\n<meta name=\"twitter:label1\" content=\"\u00c9crit par\" \/>\n\t<meta name=\"twitter:data1\" content=\"Sorbet-Kiwi\" \/>\n\t<meta name=\"twitter:label2\" content=\"Dur\u00e9e de lecture estim\u00e9e\" \/>\n\t<meta name=\"twitter:data2\" content=\"4 minutes\" \/>\n<script type=\"application\/ld+json\" class=\"yoast-schema-graph\">{\"@context\":\"https:\\\/\\\/schema.org\",\"@graph\":[{\"@type\":\"Article\",\"@id\":\"https:\\\/\\\/sorbetkiwi.fr\\\/index.php\\\/la-bibliotheque-des-reves-brules-de-brianna-labuskes\\\/#article\",\"isPartOf\":{\"@id\":\"https:\\\/\\\/sorbetkiwi.fr\\\/index.php\\\/la-bibliotheque-des-reves-brules-de-brianna-labuskes\\\/\"},\"author\":{\"name\":\"Sorbet-Kiwi\",\"@id\":\"https:\\\/\\\/sorbetkiwi.fr\\\/#\\\/schema\\\/person\\\/ed1b7b527a2957ddc3bf38b076540659\"},\"headline\":\"La biblioth\u00e8que des livres br\u00fbl\u00e9s de Brianna Labuskes\",\"datePublished\":\"2023-09-21T05:00:00+00:00\",\"dateModified\":\"2023-10-03T10:31:36+00:00\",\"mainEntityOfPage\":{\"@id\":\"https:\\\/\\\/sorbetkiwi.fr\\\/index.php\\\/la-bibliotheque-des-reves-brules-de-brianna-labuskes\\\/\"},\"wordCount\":904,\"commentCount\":2,\"publisher\":{\"@id\":\"https:\\\/\\\/sorbetkiwi.fr\\\/#organization\"},\"image\":{\"@id\":\"https:\\\/\\\/sorbetkiwi.fr\\\/index.php\\\/la-bibliotheque-des-reves-brules-de-brianna-labuskes\\\/#primaryimage\"},\"thumbnailUrl\":\"https:\\\/\\\/sorbetkiwi.fr\\\/wp-content\\\/uploads\\\/2023\\\/09\\\/La-bibliotheque-des-livres-brules-Labuskes-1-scaled.jpg\",\"keywords\":[\"Automne\",\"Brianna Labuskes\",\"Coup de c\u0153ur\",\"Harper Collins\",\"Harper Collins France\",\"La biblioth\u00e8que des r\u00eaves br\u00fbl\u00e9s\",\"Roman historique\",\"Seconde Guerre Mondiale\"],\"articleSection\":[\"Coups de coeur\",\"L'automne\",\"Partenariats\",\"Tout le blog\"],\"inLanguage\":\"fr-FR\",\"potentialAction\":[{\"@type\":\"CommentAction\",\"name\":\"Comment\",\"target\":[\"https:\\\/\\\/sorbetkiwi.fr\\\/index.php\\\/la-bibliotheque-des-reves-brules-de-brianna-labuskes\\\/#respond\"]}]},{\"@type\":\"WebPage\",\"@id\":\"https:\\\/\\\/sorbetkiwi.fr\\\/index.php\\\/la-bibliotheque-des-reves-brules-de-brianna-labuskes\\\/\",\"url\":\"https:\\\/\\\/sorbetkiwi.fr\\\/index.php\\\/la-bibliotheque-des-reves-brules-de-brianna-labuskes\\\/\",\"name\":\"La biblioth\u00e8que des livres br\u00fbl\u00e9s de Brianna Labuskes - Sorbet Kiwi\",\"isPartOf\":{\"@id\":\"https:\\\/\\\/sorbetkiwi.fr\\\/#website\"},\"primaryImageOfPage\":{\"@id\":\"https:\\\/\\\/sorbetkiwi.fr\\\/index.php\\\/la-bibliotheque-des-reves-brules-de-brianna-labuskes\\\/#primaryimage\"},\"image\":{\"@id\":\"https:\\\/\\\/sorbetkiwi.fr\\\/index.php\\\/la-bibliotheque-des-reves-brules-de-brianna-labuskes\\\/#primaryimage\"},\"thumbnailUrl\":\"https:\\\/\\\/sorbetkiwi.fr\\\/wp-content\\\/uploads\\\/2023\\\/09\\\/La-bibliotheque-des-livres-brules-Labuskes-1-scaled.jpg\",\"datePublished\":\"2023-09-21T05:00:00+00:00\",\"dateModified\":\"2023-10-03T10:31:36+00:00\",\"description\":\"Ma chronique du roman La biblioth\u00e8que des r\u00eaves br\u00fbl\u00e9s de Brianna Labuskes publi\u00e9 aux \u00e9ditions Harper Collins.\",\"breadcrumb\":{\"@id\":\"https:\\\/\\\/sorbetkiwi.fr\\\/index.php\\\/la-bibliotheque-des-reves-brules-de-brianna-labuskes\\\/#breadcrumb\"},\"inLanguage\":\"fr-FR\",\"potentialAction\":[{\"@type\":\"ReadAction\",\"target\":[\"https:\\\/\\\/sorbetkiwi.fr\\\/index.php\\\/la-bibliotheque-des-reves-brules-de-brianna-labuskes\\\/\"]}]},{\"@type\":\"ImageObject\",\"inLanguage\":\"fr-FR\",\"@id\":\"https:\\\/\\\/sorbetkiwi.fr\\\/index.php\\\/la-bibliotheque-des-reves-brules-de-brianna-labuskes\\\/#primaryimage\",\"url\":\"https:\\\/\\\/sorbetkiwi.fr\\\/wp-content\\\/uploads\\\/2023\\\/09\\\/La-bibliotheque-des-livres-brules-Labuskes-1-scaled.jpg\",\"contentUrl\":\"https:\\\/\\\/sorbetkiwi.fr\\\/wp-content\\\/uploads\\\/2023\\\/09\\\/La-bibliotheque-des-livres-brules-Labuskes-1-scaled.jpg\",\"width\":1920,\"height\":2560,\"caption\":\"La biblioth\u00e8que des livres br\u00fbl\u00e9s Labuskes\"},{\"@type\":\"BreadcrumbList\",\"@id\":\"https:\\\/\\\/sorbetkiwi.fr\\\/index.php\\\/la-bibliotheque-des-reves-brules-de-brianna-labuskes\\\/#breadcrumb\",\"itemListElement\":[{\"@type\":\"ListItem\",\"position\":1,\"name\":\"Accueil\",\"item\":\"https:\\\/\\\/sorbetkiwi.fr\\\/\"},{\"@type\":\"ListItem\",\"position\":2,\"name\":\"La biblioth\u00e8que des livres br\u00fbl\u00e9s de Brianna Labuskes\"}]},{\"@type\":\"WebSite\",\"@id\":\"https:\\\/\\\/sorbetkiwi.fr\\\/#website\",\"url\":\"https:\\\/\\\/sorbetkiwi.fr\\\/\",\"name\":\"Sorbet Kiwi\",\"description\":\"Des lectures th\u00e9matiques par saison et les avis qui vont avec\",\"publisher\":{\"@id\":\"https:\\\/\\\/sorbetkiwi.fr\\\/#organization\"},\"potentialAction\":[{\"@type\":\"SearchAction\",\"target\":{\"@type\":\"EntryPoint\",\"urlTemplate\":\"https:\\\/\\\/sorbetkiwi.fr\\\/?s={search_term_string}\"},\"query-input\":{\"@type\":\"PropertyValueSpecification\",\"valueRequired\":true,\"valueName\":\"search_term_string\"}}],\"inLanguage\":\"fr-FR\"},{\"@type\":\"Organization\",\"@id\":\"https:\\\/\\\/sorbetkiwi.fr\\\/#organization\",\"name\":\"Sorbet Kiwi\",\"url\":\"https:\\\/\\\/sorbetkiwi.fr\\\/\",\"logo\":{\"@type\":\"ImageObject\",\"inLanguage\":\"fr-FR\",\"@id\":\"https:\\\/\\\/sorbetkiwi.fr\\\/#\\\/schema\\\/logo\\\/image\\\/\",\"url\":\"https:\\\/\\\/sorbetkiwi.fr\\\/wp-content\\\/uploads\\\/2022\\\/10\\\/Banniere-Sorbet-Kiwi-2022.jpg\",\"contentUrl\":\"https:\\\/\\\/sorbetkiwi.fr\\\/wp-content\\\/uploads\\\/2022\\\/10\\\/Banniere-Sorbet-Kiwi-2022.jpg\",\"width\":814,\"height\":401,\"caption\":\"Sorbet Kiwi\"},\"image\":{\"@id\":\"https:\\\/\\\/sorbetkiwi.fr\\\/#\\\/schema\\\/logo\\\/image\\\/\"},\"sameAs\":[\"https:\\\/\\\/www.facebook.com\\\/profile.php?id=100086238893269\",\"https:\\\/\\\/x.com\\\/pepparshoes\",\"https:\\\/\\\/www.instagram.com\\\/sorbetkiwi\\\/\",\"https:\\\/\\\/www.tiktok.com\\\/sorbetkiwi\"]},{\"@type\":\"Person\",\"@id\":\"https:\\\/\\\/sorbetkiwi.fr\\\/#\\\/schema\\\/person\\\/ed1b7b527a2957ddc3bf38b076540659\",\"name\":\"Sorbet-Kiwi\",\"image\":{\"@type\":\"ImageObject\",\"inLanguage\":\"fr-FR\",\"@id\":\"https:\\\/\\\/secure.gravatar.com\\\/avatar\\\/86f0a5c27d76317621b9e374d0f3a01d3a85278f10d0c7207ced4fd773057442?s=96&d=mm&r=g\",\"url\":\"https:\\\/\\\/secure.gravatar.com\\\/avatar\\\/86f0a5c27d76317621b9e374d0f3a01d3a85278f10d0c7207ced4fd773057442?s=96&d=mm&r=g\",\"contentUrl\":\"https:\\\/\\\/secure.gravatar.com\\\/avatar\\\/86f0a5c27d76317621b9e374d0f3a01d3a85278f10d0c7207ced4fd773057442?s=96&d=mm&r=g\",\"caption\":\"Sorbet-Kiwi\"},\"sameAs\":[\"http:\\\/\\\/sorbetkiwi.fr\"],\"url\":\"https:\\\/\\\/sorbetkiwi.fr\\\/index.php\\\/author\\\/admin7717\\\/\"}]}<\/script>\n<!-- \/ Yoast SEO plugin. -->","yoast_head_json":{"title":"La biblioth\u00e8que des livres br\u00fbl\u00e9s de Brianna Labuskes - Sorbet Kiwi","description":"Ma chronique du roman La biblioth\u00e8que des r\u00eaves br\u00fbl\u00e9s de Brianna Labuskes publi\u00e9 aux \u00e9ditions Harper Collins.","robots":{"index":"index","follow":"follow","max-snippet":"max-snippet:-1","max-image-preview":"max-image-preview:large","max-video-preview":"max-video-preview:-1"},"canonical":"https:\/\/sorbetkiwi.fr\/index.php\/la-bibliotheque-des-reves-brules-de-brianna-labuskes\/","og_locale":"fr_FR","og_type":"article","og_title":"La biblioth\u00e8que des livres br\u00fbl\u00e9s de Brianna Labuskes - Sorbet Kiwi","og_description":"Ma chronique du roman La biblioth\u00e8que des r\u00eaves br\u00fbl\u00e9s de Brianna Labuskes publi\u00e9 aux \u00e9ditions Harper Collins.","og_url":"https:\/\/sorbetkiwi.fr\/index.php\/la-bibliotheque-des-reves-brules-de-brianna-labuskes\/","og_site_name":"Sorbet Kiwi","article_publisher":"https:\/\/www.facebook.com\/profile.php?id=100086238893269","article_published_time":"2023-09-21T05:00:00+00:00","article_modified_time":"2023-10-03T10:31:36+00:00","og_image":[{"width":1920,"height":2560,"url":"https:\/\/sorbetkiwi.fr\/wp-content\/uploads\/2023\/09\/La-bibliotheque-des-livres-brules-Labuskes-1-scaled.jpg","type":"image\/jpeg"}],"author":"Sorbet-Kiwi","twitter_card":"summary_large_image","twitter_creator":"@pepparshoes","twitter_site":"@pepparshoes","twitter_misc":{"\u00c9crit par":"Sorbet-Kiwi","Dur\u00e9e de lecture estim\u00e9e":"4 minutes"},"schema":{"@context":"https:\/\/schema.org","@graph":[{"@type":"Article","@id":"https:\/\/sorbetkiwi.fr\/index.php\/la-bibliotheque-des-reves-brules-de-brianna-labuskes\/#article","isPartOf":{"@id":"https:\/\/sorbetkiwi.fr\/index.php\/la-bibliotheque-des-reves-brules-de-brianna-labuskes\/"},"author":{"name":"Sorbet-Kiwi","@id":"https:\/\/sorbetkiwi.fr\/#\/schema\/person\/ed1b7b527a2957ddc3bf38b076540659"},"headline":"La biblioth\u00e8que des livres br\u00fbl\u00e9s de Brianna Labuskes","datePublished":"2023-09-21T05:00:00+00:00","dateModified":"2023-10-03T10:31:36+00:00","mainEntityOfPage":{"@id":"https:\/\/sorbetkiwi.fr\/index.php\/la-bibliotheque-des-reves-brules-de-brianna-labuskes\/"},"wordCount":904,"commentCount":2,"publisher":{"@id":"https:\/\/sorbetkiwi.fr\/#organization"},"image":{"@id":"https:\/\/sorbetkiwi.fr\/index.php\/la-bibliotheque-des-reves-brules-de-brianna-labuskes\/#primaryimage"},"thumbnailUrl":"https:\/\/sorbetkiwi.fr\/wp-content\/uploads\/2023\/09\/La-bibliotheque-des-livres-brules-Labuskes-1-scaled.jpg","keywords":["Automne","Brianna Labuskes","Coup de c\u0153ur","Harper Collins","Harper Collins France","La biblioth\u00e8que des r\u00eaves br\u00fbl\u00e9s","Roman historique","Seconde Guerre Mondiale"],"articleSection":["Coups de coeur","L'automne","Partenariats","Tout le blog"],"inLanguage":"fr-FR","potentialAction":[{"@type":"CommentAction","name":"Comment","target":["https:\/\/sorbetkiwi.fr\/index.php\/la-bibliotheque-des-reves-brules-de-brianna-labuskes\/#respond"]}]},{"@type":"WebPage","@id":"https:\/\/sorbetkiwi.fr\/index.php\/la-bibliotheque-des-reves-brules-de-brianna-labuskes\/","url":"https:\/\/sorbetkiwi.fr\/index.php\/la-bibliotheque-des-reves-brules-de-brianna-labuskes\/","name":"La biblioth\u00e8que des livres br\u00fbl\u00e9s de Brianna Labuskes - Sorbet Kiwi","isPartOf":{"@id":"https:\/\/sorbetkiwi.fr\/#website"},"primaryImageOfPage":{"@id":"https:\/\/sorbetkiwi.fr\/index.php\/la-bibliotheque-des-reves-brules-de-brianna-labuskes\/#primaryimage"},"image":{"@id":"https:\/\/sorbetkiwi.fr\/index.php\/la-bibliotheque-des-reves-brules-de-brianna-labuskes\/#primaryimage"},"thumbnailUrl":"https:\/\/sorbetkiwi.fr\/wp-content\/uploads\/2023\/09\/La-bibliotheque-des-livres-brules-Labuskes-1-scaled.jpg","datePublished":"2023-09-21T05:00:00+00:00","dateModified":"2023-10-03T10:31:36+00:00","description":"Ma chronique du roman La biblioth\u00e8que des r\u00eaves br\u00fbl\u00e9s de Brianna Labuskes publi\u00e9 aux \u00e9ditions Harper Collins.","breadcrumb":{"@id":"https:\/\/sorbetkiwi.fr\/index.php\/la-bibliotheque-des-reves-brules-de-brianna-labuskes\/#breadcrumb"},"inLanguage":"fr-FR","potentialAction":[{"@type":"ReadAction","target":["https:\/\/sorbetkiwi.fr\/index.php\/la-bibliotheque-des-reves-brules-de-brianna-labuskes\/"]}]},{"@type":"ImageObject","inLanguage":"fr-FR","@id":"https:\/\/sorbetkiwi.fr\/index.php\/la-bibliotheque-des-reves-brules-de-brianna-labuskes\/#primaryimage","url":"https:\/\/sorbetkiwi.fr\/wp-content\/uploads\/2023\/09\/La-bibliotheque-des-livres-brules-Labuskes-1-scaled.jpg","contentUrl":"https:\/\/sorbetkiwi.fr\/wp-content\/uploads\/2023\/09\/La-bibliotheque-des-livres-brules-Labuskes-1-scaled.jpg","width":1920,"height":2560,"caption":"La biblioth\u00e8que des livres br\u00fbl\u00e9s Labuskes"},{"@type":"BreadcrumbList","@id":"https:\/\/sorbetkiwi.fr\/index.php\/la-bibliotheque-des-reves-brules-de-brianna-labuskes\/#breadcrumb","itemListElement":[{"@type":"ListItem","position":1,"name":"Accueil","item":"https:\/\/sorbetkiwi.fr\/"},{"@type":"ListItem","position":2,"name":"La biblioth\u00e8que des livres br\u00fbl\u00e9s de Brianna Labuskes"}]},{"@type":"WebSite","@id":"https:\/\/sorbetkiwi.fr\/#website","url":"https:\/\/sorbetkiwi.fr\/","name":"Sorbet Kiwi","description":"Des lectures th\u00e9matiques par saison et les avis qui vont avec","publisher":{"@id":"https:\/\/sorbetkiwi.fr\/#organization"},"potentialAction":[{"@type":"SearchAction","target":{"@type":"EntryPoint","urlTemplate":"https:\/\/sorbetkiwi.fr\/?s={search_term_string}"},"query-input":{"@type":"PropertyValueSpecification","valueRequired":true,"valueName":"search_term_string"}}],"inLanguage":"fr-FR"},{"@type":"Organization","@id":"https:\/\/sorbetkiwi.fr\/#organization","name":"Sorbet Kiwi","url":"https:\/\/sorbetkiwi.fr\/","logo":{"@type":"ImageObject","inLanguage":"fr-FR","@id":"https:\/\/sorbetkiwi.fr\/#\/schema\/logo\/image\/","url":"https:\/\/sorbetkiwi.fr\/wp-content\/uploads\/2022\/10\/Banniere-Sorbet-Kiwi-2022.jpg","contentUrl":"https:\/\/sorbetkiwi.fr\/wp-content\/uploads\/2022\/10\/Banniere-Sorbet-Kiwi-2022.jpg","width":814,"height":401,"caption":"Sorbet Kiwi"},"image":{"@id":"https:\/\/sorbetkiwi.fr\/#\/schema\/logo\/image\/"},"sameAs":["https:\/\/www.facebook.com\/profile.php?id=100086238893269","https:\/\/x.com\/pepparshoes","https:\/\/www.instagram.com\/sorbetkiwi\/","https:\/\/www.tiktok.com\/sorbetkiwi"]},{"@type":"Person","@id":"https:\/\/sorbetkiwi.fr\/#\/schema\/person\/ed1b7b527a2957ddc3bf38b076540659","name":"Sorbet-Kiwi","image":{"@type":"ImageObject","inLanguage":"fr-FR","@id":"https:\/\/secure.gravatar.com\/avatar\/86f0a5c27d76317621b9e374d0f3a01d3a85278f10d0c7207ced4fd773057442?s=96&d=mm&r=g","url":"https:\/\/secure.gravatar.com\/avatar\/86f0a5c27d76317621b9e374d0f3a01d3a85278f10d0c7207ced4fd773057442?s=96&d=mm&r=g","contentUrl":"https:\/\/secure.gravatar.com\/avatar\/86f0a5c27d76317621b9e374d0f3a01d3a85278f10d0c7207ced4fd773057442?s=96&d=mm&r=g","caption":"Sorbet-Kiwi"},"sameAs":["http:\/\/sorbetkiwi.fr"],"url":"https:\/\/sorbetkiwi.fr\/index.php\/author\/admin7717\/"}]}},"_links":{"self":[{"href":"https:\/\/sorbetkiwi.fr\/index.php\/wp-json\/wp\/v2\/posts\/3912","targetHints":{"allow":["GET"]}}],"collection":[{"href":"https:\/\/sorbetkiwi.fr\/index.php\/wp-json\/wp\/v2\/posts"}],"about":[{"href":"https:\/\/sorbetkiwi.fr\/index.php\/wp-json\/wp\/v2\/types\/post"}],"author":[{"embeddable":true,"href":"https:\/\/sorbetkiwi.fr\/index.php\/wp-json\/wp\/v2\/users\/1"}],"replies":[{"embeddable":true,"href":"https:\/\/sorbetkiwi.fr\/index.php\/wp-json\/wp\/v2\/comments?post=3912"}],"version-history":[{"count":17,"href":"https:\/\/sorbetkiwi.fr\/index.php\/wp-json\/wp\/v2\/posts\/3912\/revisions"}],"predecessor-version":[{"id":3968,"href":"https:\/\/sorbetkiwi.fr\/index.php\/wp-json\/wp\/v2\/posts\/3912\/revisions\/3968"}],"wp:featuredmedia":[{"embeddable":true,"href":"https:\/\/sorbetkiwi.fr\/index.php\/wp-json\/wp\/v2\/media\/3774"}],"wp:attachment":[{"href":"https:\/\/sorbetkiwi.fr\/index.php\/wp-json\/wp\/v2\/media?parent=3912"}],"wp:term":[{"taxonomy":"category","embeddable":true,"href":"https:\/\/sorbetkiwi.fr\/index.php\/wp-json\/wp\/v2\/categories?post=3912"},{"taxonomy":"post_tag","embeddable":true,"href":"https:\/\/sorbetkiwi.fr\/index.php\/wp-json\/wp\/v2\/tags?post=3912"}],"curies":[{"name":"wp","href":"https:\/\/api.w.org\/{rel}","templated":true}]}}