{"id":3882,"date":"2023-09-23T09:00:00","date_gmt":"2023-09-23T07:00:00","guid":{"rendered":"https:\/\/sorbetkiwi.fr\/?p=3882"},"modified":"2023-09-13T08:49:20","modified_gmt":"2023-09-13T06:49:20","slug":"la-femme-et-l-oiseau-de-isabelle-sorente","status":"publish","type":"post","link":"https:\/\/sorbetkiwi.fr\/index.php\/la-femme-et-l-oiseau-de-isabelle-sorente\/","title":{"rendered":"La femme et l&rsquo;oiseau de Isabelle Sorente"},"content":{"rendered":"\t\t<div data-elementor-type=\"wp-post\" data-elementor-id=\"3882\" class=\"elementor elementor-3882\">\n\t\t\t\t\t\t<section class=\"elementor-section elementor-top-section elementor-element elementor-element-7c07343c elementor-section-boxed elementor-section-height-default elementor-section-height-default\" data-id=\"7c07343c\" data-element_type=\"section\" data-e-type=\"section\">\n\t\t\t\t\t\t<div class=\"elementor-container elementor-column-gap-default\">\n\t\t\t\t\t<div class=\"elementor-column elementor-col-100 elementor-top-column elementor-element elementor-element-43587824\" data-id=\"43587824\" data-element_type=\"column\" data-e-type=\"column\">\n\t\t\t<div class=\"elementor-widget-wrap elementor-element-populated\">\n\t\t\t\t\t\t<div class=\"elementor-element elementor-element-6591dd26 elementor-widget elementor-widget-heading\" data-id=\"6591dd26\" data-element_type=\"widget\" data-e-type=\"widget\" data-widget_type=\"heading.default\">\n\t\t\t\t<div class=\"elementor-widget-container\">\n\t\t\t\t\t<h1 class=\"elementor-heading-title elementor-size-medium\">La femme et l'oiseau Isabelle Sorente<\/h1>\t\t\t\t<\/div>\n\t\t\t\t<\/div>\n\t\t\t\t<div class=\"elementor-element elementor-element-50cde66 elementor-view-default elementor-widget elementor-widget-icon\" data-id=\"50cde66\" data-element_type=\"widget\" data-e-type=\"widget\" data-widget_type=\"icon.default\">\n\t\t\t\t<div class=\"elementor-widget-container\">\n\t\t\t\t\t\t\t<div class=\"elementor-icon-wrapper\">\n\t\t\t<div class=\"elementor-icon\">\n\t\t\t<i aria-hidden=\"true\" class=\"fab fa-canadian-maple-leaf\"><\/i>\t\t\t<\/div>\n\t\t<\/div>\n\t\t\t\t\t\t<\/div>\n\t\t\t\t<\/div>\n\t\t\t\t<div class=\"elementor-element elementor-element-2958d088 elementor-widget-divider--view-line elementor-widget elementor-widget-divider\" data-id=\"2958d088\" data-element_type=\"widget\" data-e-type=\"widget\" data-widget_type=\"divider.default\">\n\t\t\t\t<div class=\"elementor-widget-container\">\n\t\t\t\t\t\t\t<div class=\"elementor-divider\">\n\t\t\t<span class=\"elementor-divider-separator\">\n\t\t\t\t\t\t<\/span>\n\t\t<\/div>\n\t\t\t\t\t\t<\/div>\n\t\t\t\t<\/div>\n\t\t\t\t<div class=\"elementor-element elementor-element-4741344b elementor-widget elementor-widget-heading\" data-id=\"4741344b\" data-element_type=\"widget\" data-e-type=\"widget\" data-widget_type=\"heading.default\">\n\t\t\t\t<div class=\"elementor-widget-container\">\n\t\t\t\t\t<h2 class=\"elementor-heading-title elementor-size-medium\">R\u00e9sum\u00e9<\/h2>\t\t\t\t<\/div>\n\t\t\t\t<\/div>\n\t\t\t\t<div class=\"elementor-element elementor-element-4951891e elementor-widget elementor-widget-text-editor\" data-id=\"4951891e\" data-element_type=\"widget\" data-e-type=\"widget\" data-widget_type=\"text-editor.default\">\n\t\t\t\t<div class=\"elementor-widget-container\">\n\t\t\t\t\t\t\t\t\t<p>Lorsque sa fille, Vina, est exclue du lyc\u00e9e pour avoir menac\u00e9 un camarade, Elizabeth d\u00e9cide de se r\u00e9fugier avec elle en Alsace chez son grand-oncle Thomas.<br \/>Dans cette maison en lisi\u00e8re de for\u00eat, tous trois s&rsquo;observent et s&rsquo;apprivoisent. Malgr\u00e9-nous, pris au pi\u00e8ge de combats qu&rsquo;ils n&rsquo;ont pas choisis, ils le sont tous les trois : Thomas pr\u00e9cipit\u00e9 dans le chaos du front de l&rsquo;Est; Elizabeth qui ne vit que pour sa fille et son travail; Vina, l&rsquo;adolescente emport\u00e9e par une violence qui la d\u00e9passe. Bient\u00f4t la jeune fille est fascin\u00e9e par ce grand-oncle qui communique avec les oiseaux et semble lire les pens\u00e9es.<br \/>Ces dons, Thomas les a acquis pendant la guerre. Quand il lui a fallu survivre dans les rangs de l&rsquo;arm\u00e9e allemande, puis emprisonn\u00e9 au camp de Tambov. Quand il a rencontr\u00e9 le faucon pour la premi\u00e8re fois.<\/p>\t\t\t\t\t\t\t\t<\/div>\n\t\t\t\t<\/div>\n\t\t\t\t<div class=\"elementor-element elementor-element-66efe762 elementor-widget-divider--view-line elementor-widget elementor-widget-divider\" data-id=\"66efe762\" data-element_type=\"widget\" data-e-type=\"widget\" data-widget_type=\"divider.default\">\n\t\t\t\t<div class=\"elementor-widget-container\">\n\t\t\t\t\t\t\t<div class=\"elementor-divider\">\n\t\t\t<span class=\"elementor-divider-separator\">\n\t\t\t\t\t\t<\/span>\n\t\t<\/div>\n\t\t\t\t\t\t<\/div>\n\t\t\t\t<\/div>\n\t\t\t\t<div class=\"elementor-element elementor-element-d818de elementor-widget elementor-widget-heading\" data-id=\"d818de\" data-element_type=\"widget\" data-e-type=\"widget\" data-widget_type=\"heading.default\">\n\t\t\t\t<div class=\"elementor-widget-container\">\n\t\t\t\t\t<h2 class=\"elementor-heading-title elementor-size-medium\">Ma note<\/h2>\t\t\t\t<\/div>\n\t\t\t\t<\/div>\n\t\t\t\t<div class=\"elementor-element elementor-element-725c699e elementor-star-rating--align-center elementor--star-style-star_fontawesome elementor-widget elementor-widget-star-rating\" data-id=\"725c699e\" data-element_type=\"widget\" data-e-type=\"widget\" data-widget_type=\"star-rating.default\">\n\t\t\t\t<div class=\"elementor-widget-container\">\n\t\t\t\t\t\t\t<div class=\"elementor-star-rating__wrapper\">\n\t\t\t\t\t\t<div class=\"elementor-star-rating\" itemtype=\"http:\/\/schema.org\/Rating\" itemscope=\"\" itemprop=\"reviewRating\">\n\t\t\t\t<i class=\"elementor-star-full\" aria-hidden=\"true\">&#xE934;<\/i><i class=\"elementor-star-full\" aria-hidden=\"true\">&#xE934;<\/i><i class=\"elementor-star-full\" aria-hidden=\"true\">&#xE934;<\/i><i class=\"elementor-star-full\" aria-hidden=\"true\">&#xE934;<\/i><i class=\"elementor-star-full\" aria-hidden=\"true\">&#xE934;<\/i>\t\t\t\t<span itemprop=\"ratingValue\" class=\"elementor-screen-only\">Not\u00e9 5 sur 5<\/span>\n\t\t\t<\/div>\n\t\t<\/div>\n\t\t\t\t\t\t<\/div>\n\t\t\t\t<\/div>\n\t\t\t\t<div class=\"elementor-element elementor-element-55ca4343 elementor-widget-divider--view-line elementor-widget elementor-widget-divider\" data-id=\"55ca4343\" data-element_type=\"widget\" data-e-type=\"widget\" data-widget_type=\"divider.default\">\n\t\t\t\t<div class=\"elementor-widget-container\">\n\t\t\t\t\t\t\t<div class=\"elementor-divider\">\n\t\t\t<span class=\"elementor-divider-separator\">\n\t\t\t\t\t\t<\/span>\n\t\t<\/div>\n\t\t\t\t\t\t<\/div>\n\t\t\t\t<\/div>\n\t\t\t\t<div class=\"elementor-element elementor-element-4ad84297 elementor-widget elementor-widget-heading\" data-id=\"4ad84297\" data-element_type=\"widget\" data-e-type=\"widget\" data-widget_type=\"heading.default\">\n\t\t\t\t<div class=\"elementor-widget-container\">\n\t\t\t\t\t<h4 class=\"elementor-heading-title elementor-size-medium\">\"Parce qu'on est si vuln\u00e9rable quand on n'est plus celui qu'on \u00e9tait , mais pas encore celui qu'on va devenir. Si vuln\u00e9rable, si influen\u00e7able, si d\u00e9pouill\u00e9 de soi-m\u00eame, si nu et si press\u00e9 de se rev\u00eatir, que la moindre parole retentit comme un ordre qui nous pousse une fois de plus dans la mauvaise direction.\"<\/h4>\t\t\t\t<\/div>\n\t\t\t\t<\/div>\n\t\t\t\t<div class=\"elementor-element elementor-element-5d1ee9ac elementor-widget-divider--view-line elementor-widget elementor-widget-divider\" data-id=\"5d1ee9ac\" data-element_type=\"widget\" data-e-type=\"widget\" data-widget_type=\"divider.default\">\n\t\t\t\t<div class=\"elementor-widget-container\">\n\t\t\t\t\t\t\t<div class=\"elementor-divider\">\n\t\t\t<span class=\"elementor-divider-separator\">\n\t\t\t\t\t\t<\/span>\n\t\t<\/div>\n\t\t\t\t\t\t<\/div>\n\t\t\t\t<\/div>\n\t\t\t\t<div class=\"elementor-element elementor-element-250b4d83 elementor-widget elementor-widget-heading\" data-id=\"250b4d83\" data-element_type=\"widget\" data-e-type=\"widget\" data-widget_type=\"heading.default\">\n\t\t\t\t<div class=\"elementor-widget-container\">\n\t\t\t\t\t<h2 class=\"elementor-heading-title elementor-size-medium\">Enorme coup de coeur<\/h2>\t\t\t\t<\/div>\n\t\t\t\t<\/div>\n\t\t\t\t<div class=\"elementor-element elementor-element-7fc83ef5 elementor-widget elementor-widget-text-editor\" data-id=\"7fc83ef5\" data-element_type=\"widget\" data-e-type=\"widget\" data-widget_type=\"text-editor.default\">\n\t\t\t\t<div class=\"elementor-widget-container\">\n\t\t\t\t\t\t\t\t\t<p>Un petit quatre heure en cette rentr\u00e9e, \u00e7a vous dit ? Let&rsquo;s go pour un petit article tout rapide \u00e0 propos de La femme et l\u2019oiseau de Isabelle Sorente qui est un roman que j\u2019ai ador\u00e9 ! Un <a href=\"https:\/\/sorbetkiwi.fr\/index.php\/category\/coups-de-coeur\/\">coup de coeur<\/a> de la rentr\u00e9e litt\u00e9raire 2021. D\u00e9j\u00e0, en tant qu\u2019alsacienne qui a retrac\u00e9 ses anc\u00eatres locaux jusqu\u2019en 1690 environ, je ne pouvais \u00eatre qu\u2019attir\u00e9e par ce texte. Mon arri\u00e8re-grand-p\u00e8re \u00e9tait Malgr\u00e9-Nous, dans un camp en Russie\u2026 Aurait-ce \u00e9t\u00e9 Tambov, dont nous parle l\u2019autrice ? C\u2019est fort possible. J\u2019ai forc\u00e9ment aim\u00e9 Thomas, du coup. Surtout qu\u2019il y a de l\u2019\u00e9sot\u00e9risme \u00e0 travers lui, tout en douceur. Un amour et un respect pour les animaux et pour les humains qui m\u2019a beaucoup \u00e9mu. J\u2019ai beaucoup appr\u00e9ci\u00e9 sa fa\u00e7on de voir la vie et d\u2019observer ce qui l\u2019entoure, ainsi que la mani\u00e8re dont il le partage avec celles qui lui sont ch\u00e8res.<\/p><p>J\u2019ai aussi appr\u00e9ci\u00e9 Vina, mais je me suis surtout attach\u00e9e \u00e0 Elisa, qui fait le dur apprentissage du changement\u2026 de soi. De l\u2019\u00e9volution personnelle progressive. De se d\u00e9tacher de cette habitude qu\u2019ont les femmes de se forcer \u00e0 \u00eatre invincible, intouchable, afin de se prot\u00e9ger. La femme et l\u2019oiseau aborde \u00e9galement d\u2019autres questionnements, notamment sur la notion de m\u00e8re, et celle de l\u2019amiti\u00e9, de la famille, de l\u2019amour sous toutes ses formes, mais toujours pur. Bref, encore un roman d\u2019Isabelle Sorente que j\u2019ai ador\u00e9 apr\u00e8s <em><a href=\"https:\/\/sorbetkiwi.wordpress.com\/2020\/01\/29\/le-complexe-de-la-sorciere-disabelle-sorente\/\">Le complexe de la sorci\u00e8re<\/a><\/em> qui m&rsquo;avait d\u00e9j\u00e0 compl\u00e8tement chamboul\u00e9e !<\/p>\t\t\t\t\t\t\t\t<\/div>\n\t\t\t\t<\/div>\n\t\t\t\t\t<\/div>\n\t\t<\/div>\n\t\t\t\t\t<\/div>\n\t\t<\/section>\n\t\t\t\t<\/div>\n\t\t","protected":false},"excerpt":{"rendered":"<p>La femme et l&rsquo;oiseau Isabelle Sorente R\u00e9sum\u00e9 Lorsque sa fille, Vina, est exclue du lyc\u00e9e pour avoir menac\u00e9 un camarade, Elizabeth d\u00e9cide de se r\u00e9fugier avec elle en Alsace chez son grand-oncle Thomas. Dans cette &hellip; <\/p>\n","protected":false},"author":1,"featured_media":3884,"comment_status":"open","ping_status":"open","sticky":false,"template":"","format":"standard","meta":{"footnotes":""},"categories":[9,15,8,1],"tags":[220,65,883,1029,351,1028,882,1027,117],"class_list":["post-3882","post","type-post","status-publish","format-standard","has-post-thumbnail","hentry","category-coups-de-coeur","category-l-automne","category-partenariats","category-tout-le-blog","tag-automne","tag-coup-de-coeur","tag-editions-jc-lattes","tag-esoterisme","tag-guerre","tag-isabelle-sorente","tag-jc-lattes","tag-la-femme-et-loiseau","tag-rentree-litteraire","has-single-img"],"yoast_head":"<!-- This site is optimized with the Yoast SEO plugin v27.4 - https:\/\/yoast.com\/product\/yoast-seo-wordpress\/ -->\n<title>La femme et l&#039;oiseau de Isabelle Sorente - Sorbet Kiwi<\/title>\n<meta name=\"description\" content=\"Ma chronique du roman La femme et l&#039;oiseau de Isabelle Sorente, paru lors de la rentr\u00e9e litt\u00e9raire 2021, chez JC Latt\u00e8s.\" \/>\n<meta name=\"robots\" content=\"index, follow, max-snippet:-1, max-image-preview:large, max-video-preview:-1\" \/>\n<link rel=\"canonical\" href=\"https:\/\/sorbetkiwi.fr\/index.php\/la-femme-et-l-oiseau-de-isabelle-sorente\/\" \/>\n<meta property=\"og:locale\" content=\"fr_FR\" \/>\n<meta property=\"og:type\" content=\"article\" \/>\n<meta property=\"og:title\" content=\"La femme et l&#039;oiseau de Isabelle Sorente - Sorbet Kiwi\" \/>\n<meta property=\"og:description\" content=\"Ma chronique du roman La femme et l&#039;oiseau de Isabelle Sorente, paru lors de la rentr\u00e9e litt\u00e9raire 2021, chez JC Latt\u00e8s.\" \/>\n<meta property=\"og:url\" content=\"https:\/\/sorbetkiwi.fr\/index.php\/la-femme-et-l-oiseau-de-isabelle-sorente\/\" \/>\n<meta property=\"og:site_name\" content=\"Sorbet Kiwi\" \/>\n<meta property=\"article:publisher\" content=\"https:\/\/www.facebook.com\/profile.php?id=100086238893269\" \/>\n<meta property=\"article:published_time\" content=\"2023-09-23T07:00:00+00:00\" \/>\n<meta property=\"og:image\" content=\"https:\/\/sorbetkiwi.fr\/wp-content\/uploads\/2023\/09\/La-femme-et-loiseau-Isabelle-Sorente-819x1024.png\" \/>\n\t<meta property=\"og:image:width\" content=\"819\" \/>\n\t<meta property=\"og:image:height\" content=\"1024\" \/>\n\t<meta property=\"og:image:type\" content=\"image\/png\" \/>\n<meta name=\"author\" content=\"Sorbet-Kiwi\" \/>\n<meta name=\"twitter:card\" content=\"summary_large_image\" \/>\n<meta name=\"twitter:creator\" content=\"@pepparshoes\" \/>\n<meta name=\"twitter:site\" content=\"@pepparshoes\" \/>\n<meta name=\"twitter:label1\" content=\"\u00c9crit par\" \/>\n\t<meta name=\"twitter:data1\" content=\"Sorbet-Kiwi\" \/>\n\t<meta name=\"twitter:label2\" content=\"Dur\u00e9e de lecture estim\u00e9e\" \/>\n\t<meta name=\"twitter:data2\" content=\"3 minutes\" \/>\n<script type=\"application\/ld+json\" class=\"yoast-schema-graph\">{\"@context\":\"https:\\\/\\\/schema.org\",\"@graph\":[{\"@type\":\"Article\",\"@id\":\"https:\\\/\\\/sorbetkiwi.fr\\\/index.php\\\/la-femme-et-l-oiseau-de-isabelle-sorente\\\/#article\",\"isPartOf\":{\"@id\":\"https:\\\/\\\/sorbetkiwi.fr\\\/index.php\\\/la-femme-et-l-oiseau-de-isabelle-sorente\\\/\"},\"author\":{\"name\":\"Sorbet-Kiwi\",\"@id\":\"https:\\\/\\\/sorbetkiwi.fr\\\/#\\\/schema\\\/person\\\/ed1b7b527a2957ddc3bf38b076540659\"},\"headline\":\"La femme et l&rsquo;oiseau de Isabelle Sorente\",\"datePublished\":\"2023-09-23T07:00:00+00:00\",\"mainEntityOfPage\":{\"@id\":\"https:\\\/\\\/sorbetkiwi.fr\\\/index.php\\\/la-femme-et-l-oiseau-de-isabelle-sorente\\\/\"},\"wordCount\":538,\"commentCount\":1,\"publisher\":{\"@id\":\"https:\\\/\\\/sorbetkiwi.fr\\\/#organization\"},\"image\":{\"@id\":\"https:\\\/\\\/sorbetkiwi.fr\\\/index.php\\\/la-femme-et-l-oiseau-de-isabelle-sorente\\\/#primaryimage\"},\"thumbnailUrl\":\"https:\\\/\\\/sorbetkiwi.fr\\\/wp-content\\\/uploads\\\/2023\\\/09\\\/La-femme-et-loiseau-Isabelle-Sorente.png\",\"keywords\":[\"Automne\",\"Coup de c\u0153ur\",\"\u00e9ditions JC Latt\u00e8s\",\"Esoterisme\",\"Guerre\",\"Isabelle Sorente\",\"JC Latt\u00e8s\",\"La femme et l'oiseau\",\"Rentr\u00e9e litt\u00e9raire\"],\"articleSection\":[\"Coups de coeur\",\"L'automne\",\"Partenariats\",\"Tout le blog\"],\"inLanguage\":\"fr-FR\",\"potentialAction\":[{\"@type\":\"CommentAction\",\"name\":\"Comment\",\"target\":[\"https:\\\/\\\/sorbetkiwi.fr\\\/index.php\\\/la-femme-et-l-oiseau-de-isabelle-sorente\\\/#respond\"]}]},{\"@type\":\"WebPage\",\"@id\":\"https:\\\/\\\/sorbetkiwi.fr\\\/index.php\\\/la-femme-et-l-oiseau-de-isabelle-sorente\\\/\",\"url\":\"https:\\\/\\\/sorbetkiwi.fr\\\/index.php\\\/la-femme-et-l-oiseau-de-isabelle-sorente\\\/\",\"name\":\"La femme et l'oiseau de Isabelle Sorente - Sorbet Kiwi\",\"isPartOf\":{\"@id\":\"https:\\\/\\\/sorbetkiwi.fr\\\/#website\"},\"primaryImageOfPage\":{\"@id\":\"https:\\\/\\\/sorbetkiwi.fr\\\/index.php\\\/la-femme-et-l-oiseau-de-isabelle-sorente\\\/#primaryimage\"},\"image\":{\"@id\":\"https:\\\/\\\/sorbetkiwi.fr\\\/index.php\\\/la-femme-et-l-oiseau-de-isabelle-sorente\\\/#primaryimage\"},\"thumbnailUrl\":\"https:\\\/\\\/sorbetkiwi.fr\\\/wp-content\\\/uploads\\\/2023\\\/09\\\/La-femme-et-loiseau-Isabelle-Sorente.png\",\"datePublished\":\"2023-09-23T07:00:00+00:00\",\"description\":\"Ma chronique du roman La femme et l'oiseau de Isabelle Sorente, paru lors de la rentr\u00e9e litt\u00e9raire 2021, chez JC Latt\u00e8s.\",\"breadcrumb\":{\"@id\":\"https:\\\/\\\/sorbetkiwi.fr\\\/index.php\\\/la-femme-et-l-oiseau-de-isabelle-sorente\\\/#breadcrumb\"},\"inLanguage\":\"fr-FR\",\"potentialAction\":[{\"@type\":\"ReadAction\",\"target\":[\"https:\\\/\\\/sorbetkiwi.fr\\\/index.php\\\/la-femme-et-l-oiseau-de-isabelle-sorente\\\/\"]}]},{\"@type\":\"ImageObject\",\"inLanguage\":\"fr-FR\",\"@id\":\"https:\\\/\\\/sorbetkiwi.fr\\\/index.php\\\/la-femme-et-l-oiseau-de-isabelle-sorente\\\/#primaryimage\",\"url\":\"https:\\\/\\\/sorbetkiwi.fr\\\/wp-content\\\/uploads\\\/2023\\\/09\\\/La-femme-et-loiseau-Isabelle-Sorente.png\",\"contentUrl\":\"https:\\\/\\\/sorbetkiwi.fr\\\/wp-content\\\/uploads\\\/2023\\\/09\\\/La-femme-et-loiseau-Isabelle-Sorente.png\",\"width\":2377,\"height\":2971,\"caption\":\"La femme et l'oiseau Isabelle Sorente\"},{\"@type\":\"BreadcrumbList\",\"@id\":\"https:\\\/\\\/sorbetkiwi.fr\\\/index.php\\\/la-femme-et-l-oiseau-de-isabelle-sorente\\\/#breadcrumb\",\"itemListElement\":[{\"@type\":\"ListItem\",\"position\":1,\"name\":\"Accueil\",\"item\":\"https:\\\/\\\/sorbetkiwi.fr\\\/\"},{\"@type\":\"ListItem\",\"position\":2,\"name\":\"La femme et l&rsquo;oiseau de Isabelle Sorente\"}]},{\"@type\":\"WebSite\",\"@id\":\"https:\\\/\\\/sorbetkiwi.fr\\\/#website\",\"url\":\"https:\\\/\\\/sorbetkiwi.fr\\\/\",\"name\":\"Sorbet Kiwi\",\"description\":\"Des lectures th\u00e9matiques par saison et les avis qui vont avec\",\"publisher\":{\"@id\":\"https:\\\/\\\/sorbetkiwi.fr\\\/#organization\"},\"potentialAction\":[{\"@type\":\"SearchAction\",\"target\":{\"@type\":\"EntryPoint\",\"urlTemplate\":\"https:\\\/\\\/sorbetkiwi.fr\\\/?s={search_term_string}\"},\"query-input\":{\"@type\":\"PropertyValueSpecification\",\"valueRequired\":true,\"valueName\":\"search_term_string\"}}],\"inLanguage\":\"fr-FR\"},{\"@type\":\"Organization\",\"@id\":\"https:\\\/\\\/sorbetkiwi.fr\\\/#organization\",\"name\":\"Sorbet Kiwi\",\"url\":\"https:\\\/\\\/sorbetkiwi.fr\\\/\",\"logo\":{\"@type\":\"ImageObject\",\"inLanguage\":\"fr-FR\",\"@id\":\"https:\\\/\\\/sorbetkiwi.fr\\\/#\\\/schema\\\/logo\\\/image\\\/\",\"url\":\"https:\\\/\\\/sorbetkiwi.fr\\\/wp-content\\\/uploads\\\/2022\\\/10\\\/Banniere-Sorbet-Kiwi-2022.jpg\",\"contentUrl\":\"https:\\\/\\\/sorbetkiwi.fr\\\/wp-content\\\/uploads\\\/2022\\\/10\\\/Banniere-Sorbet-Kiwi-2022.jpg\",\"width\":814,\"height\":401,\"caption\":\"Sorbet Kiwi\"},\"image\":{\"@id\":\"https:\\\/\\\/sorbetkiwi.fr\\\/#\\\/schema\\\/logo\\\/image\\\/\"},\"sameAs\":[\"https:\\\/\\\/www.facebook.com\\\/profile.php?id=100086238893269\",\"https:\\\/\\\/x.com\\\/pepparshoes\",\"https:\\\/\\\/www.instagram.com\\\/sorbetkiwi\\\/\",\"https:\\\/\\\/www.tiktok.com\\\/sorbetkiwi\"]},{\"@type\":\"Person\",\"@id\":\"https:\\\/\\\/sorbetkiwi.fr\\\/#\\\/schema\\\/person\\\/ed1b7b527a2957ddc3bf38b076540659\",\"name\":\"Sorbet-Kiwi\",\"image\":{\"@type\":\"ImageObject\",\"inLanguage\":\"fr-FR\",\"@id\":\"https:\\\/\\\/secure.gravatar.com\\\/avatar\\\/86f0a5c27d76317621b9e374d0f3a01d3a85278f10d0c7207ced4fd773057442?s=96&d=mm&r=g\",\"url\":\"https:\\\/\\\/secure.gravatar.com\\\/avatar\\\/86f0a5c27d76317621b9e374d0f3a01d3a85278f10d0c7207ced4fd773057442?s=96&d=mm&r=g\",\"contentUrl\":\"https:\\\/\\\/secure.gravatar.com\\\/avatar\\\/86f0a5c27d76317621b9e374d0f3a01d3a85278f10d0c7207ced4fd773057442?s=96&d=mm&r=g\",\"caption\":\"Sorbet-Kiwi\"},\"sameAs\":[\"http:\\\/\\\/sorbetkiwi.fr\"],\"url\":\"https:\\\/\\\/sorbetkiwi.fr\\\/index.php\\\/author\\\/admin7717\\\/\"}]}<\/script>\n<!-- \/ Yoast SEO plugin. -->","yoast_head_json":{"title":"La femme et l'oiseau de Isabelle Sorente - Sorbet Kiwi","description":"Ma chronique du roman La femme et l'oiseau de Isabelle Sorente, paru lors de la rentr\u00e9e litt\u00e9raire 2021, chez JC Latt\u00e8s.","robots":{"index":"index","follow":"follow","max-snippet":"max-snippet:-1","max-image-preview":"max-image-preview:large","max-video-preview":"max-video-preview:-1"},"canonical":"https:\/\/sorbetkiwi.fr\/index.php\/la-femme-et-l-oiseau-de-isabelle-sorente\/","og_locale":"fr_FR","og_type":"article","og_title":"La femme et l'oiseau de Isabelle Sorente - Sorbet Kiwi","og_description":"Ma chronique du roman La femme et l'oiseau de Isabelle Sorente, paru lors de la rentr\u00e9e litt\u00e9raire 2021, chez JC Latt\u00e8s.","og_url":"https:\/\/sorbetkiwi.fr\/index.php\/la-femme-et-l-oiseau-de-isabelle-sorente\/","og_site_name":"Sorbet Kiwi","article_publisher":"https:\/\/www.facebook.com\/profile.php?id=100086238893269","article_published_time":"2023-09-23T07:00:00+00:00","og_image":[{"width":819,"height":1024,"url":"https:\/\/sorbetkiwi.fr\/wp-content\/uploads\/2023\/09\/La-femme-et-loiseau-Isabelle-Sorente-819x1024.png","type":"image\/png"}],"author":"Sorbet-Kiwi","twitter_card":"summary_large_image","twitter_creator":"@pepparshoes","twitter_site":"@pepparshoes","twitter_misc":{"\u00c9crit par":"Sorbet-Kiwi","Dur\u00e9e de lecture estim\u00e9e":"3 minutes"},"schema":{"@context":"https:\/\/schema.org","@graph":[{"@type":"Article","@id":"https:\/\/sorbetkiwi.fr\/index.php\/la-femme-et-l-oiseau-de-isabelle-sorente\/#article","isPartOf":{"@id":"https:\/\/sorbetkiwi.fr\/index.php\/la-femme-et-l-oiseau-de-isabelle-sorente\/"},"author":{"name":"Sorbet-Kiwi","@id":"https:\/\/sorbetkiwi.fr\/#\/schema\/person\/ed1b7b527a2957ddc3bf38b076540659"},"headline":"La femme et l&rsquo;oiseau de Isabelle Sorente","datePublished":"2023-09-23T07:00:00+00:00","mainEntityOfPage":{"@id":"https:\/\/sorbetkiwi.fr\/index.php\/la-femme-et-l-oiseau-de-isabelle-sorente\/"},"wordCount":538,"commentCount":1,"publisher":{"@id":"https:\/\/sorbetkiwi.fr\/#organization"},"image":{"@id":"https:\/\/sorbetkiwi.fr\/index.php\/la-femme-et-l-oiseau-de-isabelle-sorente\/#primaryimage"},"thumbnailUrl":"https:\/\/sorbetkiwi.fr\/wp-content\/uploads\/2023\/09\/La-femme-et-loiseau-Isabelle-Sorente.png","keywords":["Automne","Coup de c\u0153ur","\u00e9ditions JC Latt\u00e8s","Esoterisme","Guerre","Isabelle Sorente","JC Latt\u00e8s","La femme et l'oiseau","Rentr\u00e9e litt\u00e9raire"],"articleSection":["Coups de coeur","L'automne","Partenariats","Tout le blog"],"inLanguage":"fr-FR","potentialAction":[{"@type":"CommentAction","name":"Comment","target":["https:\/\/sorbetkiwi.fr\/index.php\/la-femme-et-l-oiseau-de-isabelle-sorente\/#respond"]}]},{"@type":"WebPage","@id":"https:\/\/sorbetkiwi.fr\/index.php\/la-femme-et-l-oiseau-de-isabelle-sorente\/","url":"https:\/\/sorbetkiwi.fr\/index.php\/la-femme-et-l-oiseau-de-isabelle-sorente\/","name":"La femme et l'oiseau de Isabelle Sorente - Sorbet Kiwi","isPartOf":{"@id":"https:\/\/sorbetkiwi.fr\/#website"},"primaryImageOfPage":{"@id":"https:\/\/sorbetkiwi.fr\/index.php\/la-femme-et-l-oiseau-de-isabelle-sorente\/#primaryimage"},"image":{"@id":"https:\/\/sorbetkiwi.fr\/index.php\/la-femme-et-l-oiseau-de-isabelle-sorente\/#primaryimage"},"thumbnailUrl":"https:\/\/sorbetkiwi.fr\/wp-content\/uploads\/2023\/09\/La-femme-et-loiseau-Isabelle-Sorente.png","datePublished":"2023-09-23T07:00:00+00:00","description":"Ma chronique du roman La femme et l'oiseau de Isabelle Sorente, paru lors de la rentr\u00e9e litt\u00e9raire 2021, chez JC Latt\u00e8s.","breadcrumb":{"@id":"https:\/\/sorbetkiwi.fr\/index.php\/la-femme-et-l-oiseau-de-isabelle-sorente\/#breadcrumb"},"inLanguage":"fr-FR","potentialAction":[{"@type":"ReadAction","target":["https:\/\/sorbetkiwi.fr\/index.php\/la-femme-et-l-oiseau-de-isabelle-sorente\/"]}]},{"@type":"ImageObject","inLanguage":"fr-FR","@id":"https:\/\/sorbetkiwi.fr\/index.php\/la-femme-et-l-oiseau-de-isabelle-sorente\/#primaryimage","url":"https:\/\/sorbetkiwi.fr\/wp-content\/uploads\/2023\/09\/La-femme-et-loiseau-Isabelle-Sorente.png","contentUrl":"https:\/\/sorbetkiwi.fr\/wp-content\/uploads\/2023\/09\/La-femme-et-loiseau-Isabelle-Sorente.png","width":2377,"height":2971,"caption":"La femme et l'oiseau Isabelle Sorente"},{"@type":"BreadcrumbList","@id":"https:\/\/sorbetkiwi.fr\/index.php\/la-femme-et-l-oiseau-de-isabelle-sorente\/#breadcrumb","itemListElement":[{"@type":"ListItem","position":1,"name":"Accueil","item":"https:\/\/sorbetkiwi.fr\/"},{"@type":"ListItem","position":2,"name":"La femme et l&rsquo;oiseau de Isabelle Sorente"}]},{"@type":"WebSite","@id":"https:\/\/sorbetkiwi.fr\/#website","url":"https:\/\/sorbetkiwi.fr\/","name":"Sorbet Kiwi","description":"Des lectures th\u00e9matiques par saison et les avis qui vont avec","publisher":{"@id":"https:\/\/sorbetkiwi.fr\/#organization"},"potentialAction":[{"@type":"SearchAction","target":{"@type":"EntryPoint","urlTemplate":"https:\/\/sorbetkiwi.fr\/?s={search_term_string}"},"query-input":{"@type":"PropertyValueSpecification","valueRequired":true,"valueName":"search_term_string"}}],"inLanguage":"fr-FR"},{"@type":"Organization","@id":"https:\/\/sorbetkiwi.fr\/#organization","name":"Sorbet Kiwi","url":"https:\/\/sorbetkiwi.fr\/","logo":{"@type":"ImageObject","inLanguage":"fr-FR","@id":"https:\/\/sorbetkiwi.fr\/#\/schema\/logo\/image\/","url":"https:\/\/sorbetkiwi.fr\/wp-content\/uploads\/2022\/10\/Banniere-Sorbet-Kiwi-2022.jpg","contentUrl":"https:\/\/sorbetkiwi.fr\/wp-content\/uploads\/2022\/10\/Banniere-Sorbet-Kiwi-2022.jpg","width":814,"height":401,"caption":"Sorbet Kiwi"},"image":{"@id":"https:\/\/sorbetkiwi.fr\/#\/schema\/logo\/image\/"},"sameAs":["https:\/\/www.facebook.com\/profile.php?id=100086238893269","https:\/\/x.com\/pepparshoes","https:\/\/www.instagram.com\/sorbetkiwi\/","https:\/\/www.tiktok.com\/sorbetkiwi"]},{"@type":"Person","@id":"https:\/\/sorbetkiwi.fr\/#\/schema\/person\/ed1b7b527a2957ddc3bf38b076540659","name":"Sorbet-Kiwi","image":{"@type":"ImageObject","inLanguage":"fr-FR","@id":"https:\/\/secure.gravatar.com\/avatar\/86f0a5c27d76317621b9e374d0f3a01d3a85278f10d0c7207ced4fd773057442?s=96&d=mm&r=g","url":"https:\/\/secure.gravatar.com\/avatar\/86f0a5c27d76317621b9e374d0f3a01d3a85278f10d0c7207ced4fd773057442?s=96&d=mm&r=g","contentUrl":"https:\/\/secure.gravatar.com\/avatar\/86f0a5c27d76317621b9e374d0f3a01d3a85278f10d0c7207ced4fd773057442?s=96&d=mm&r=g","caption":"Sorbet-Kiwi"},"sameAs":["http:\/\/sorbetkiwi.fr"],"url":"https:\/\/sorbetkiwi.fr\/index.php\/author\/admin7717\/"}]}},"_links":{"self":[{"href":"https:\/\/sorbetkiwi.fr\/index.php\/wp-json\/wp\/v2\/posts\/3882","targetHints":{"allow":["GET"]}}],"collection":[{"href":"https:\/\/sorbetkiwi.fr\/index.php\/wp-json\/wp\/v2\/posts"}],"about":[{"href":"https:\/\/sorbetkiwi.fr\/index.php\/wp-json\/wp\/v2\/types\/post"}],"author":[{"embeddable":true,"href":"https:\/\/sorbetkiwi.fr\/index.php\/wp-json\/wp\/v2\/users\/1"}],"replies":[{"embeddable":true,"href":"https:\/\/sorbetkiwi.fr\/index.php\/wp-json\/wp\/v2\/comments?post=3882"}],"version-history":[{"count":5,"href":"https:\/\/sorbetkiwi.fr\/index.php\/wp-json\/wp\/v2\/posts\/3882\/revisions"}],"predecessor-version":[{"id":3888,"href":"https:\/\/sorbetkiwi.fr\/index.php\/wp-json\/wp\/v2\/posts\/3882\/revisions\/3888"}],"wp:featuredmedia":[{"embeddable":true,"href":"https:\/\/sorbetkiwi.fr\/index.php\/wp-json\/wp\/v2\/media\/3884"}],"wp:attachment":[{"href":"https:\/\/sorbetkiwi.fr\/index.php\/wp-json\/wp\/v2\/media?parent=3882"}],"wp:term":[{"taxonomy":"category","embeddable":true,"href":"https:\/\/sorbetkiwi.fr\/index.php\/wp-json\/wp\/v2\/categories?post=3882"},{"taxonomy":"post_tag","embeddable":true,"href":"https:\/\/sorbetkiwi.fr\/index.php\/wp-json\/wp\/v2\/tags?post=3882"}],"curies":[{"name":"wp","href":"https:\/\/api.w.org\/{rel}","templated":true}]}}