{"id":3826,"date":"2023-09-16T09:00:00","date_gmt":"2023-09-16T07:00:00","guid":{"rendered":"https:\/\/sorbetkiwi.fr\/?p=3826"},"modified":"2023-09-10T17:38:12","modified_gmt":"2023-09-10T15:38:12","slug":"la-femme-au-manteau-violet-de-clarisse-sabard","status":"publish","type":"post","link":"https:\/\/sorbetkiwi.fr\/index.php\/la-femme-au-manteau-violet-de-clarisse-sabard\/","title":{"rendered":"La femme au manteau violet de Clarisse Sabard"},"content":{"rendered":"\t\t<div data-elementor-type=\"wp-post\" data-elementor-id=\"3826\" class=\"elementor elementor-3826\">\n\t\t\t\t\t\t<section class=\"elementor-section elementor-top-section elementor-element elementor-element-3c029af6 elementor-section-boxed elementor-section-height-default elementor-section-height-default\" data-id=\"3c029af6\" data-element_type=\"section\" data-e-type=\"section\">\n\t\t\t\t\t\t<div class=\"elementor-container elementor-column-gap-default\">\n\t\t\t\t\t<div class=\"elementor-column elementor-col-100 elementor-top-column elementor-element elementor-element-7c504d50\" data-id=\"7c504d50\" data-element_type=\"column\" data-e-type=\"column\">\n\t\t\t<div class=\"elementor-widget-wrap elementor-element-populated\">\n\t\t\t\t\t\t<div class=\"elementor-element elementor-element-ec966d4 elementor-widget elementor-widget-heading\" data-id=\"ec966d4\" data-element_type=\"widget\" data-e-type=\"widget\" data-widget_type=\"heading.default\">\n\t\t\t\t<div class=\"elementor-widget-container\">\n\t\t\t\t\t<h1 class=\"elementor-heading-title elementor-size-medium\">La femme au manteau violet Clarisse Sabard<\/h1>\t\t\t\t<\/div>\n\t\t\t\t<\/div>\n\t\t\t\t<div class=\"elementor-element elementor-element-3be2271 elementor-view-default elementor-widget elementor-widget-icon\" data-id=\"3be2271\" data-element_type=\"widget\" data-e-type=\"widget\" data-widget_type=\"icon.default\">\n\t\t\t\t<div class=\"elementor-widget-container\">\n\t\t\t\t\t\t\t<div class=\"elementor-icon-wrapper\">\n\t\t\t<div class=\"elementor-icon\">\n\t\t\t<i aria-hidden=\"true\" class=\"fab fa-canadian-maple-leaf\"><\/i>\t\t\t<\/div>\n\t\t<\/div>\n\t\t\t\t\t\t<\/div>\n\t\t\t\t<\/div>\n\t\t\t\t<div class=\"elementor-element elementor-element-783f1567 elementor-widget-divider--view-line elementor-widget elementor-widget-divider\" data-id=\"783f1567\" data-element_type=\"widget\" data-e-type=\"widget\" data-widget_type=\"divider.default\">\n\t\t\t\t<div class=\"elementor-widget-container\">\n\t\t\t\t\t\t\t<div class=\"elementor-divider\">\n\t\t\t<span class=\"elementor-divider-separator\">\n\t\t\t\t\t\t<\/span>\n\t\t<\/div>\n\t\t\t\t\t\t<\/div>\n\t\t\t\t<\/div>\n\t\t\t\t<div class=\"elementor-element elementor-element-29b4caf5 elementor-widget elementor-widget-heading\" data-id=\"29b4caf5\" data-element_type=\"widget\" data-e-type=\"widget\" data-widget_type=\"heading.default\">\n\t\t\t\t<div class=\"elementor-widget-container\">\n\t\t\t\t\t<h2 class=\"elementor-heading-title elementor-size-medium\">R\u00e9sum\u00e9<\/h2>\t\t\t\t<\/div>\n\t\t\t\t<\/div>\n\t\t\t\t<div class=\"elementor-element elementor-element-7c3cf1a2 elementor-widget elementor-widget-text-editor\" data-id=\"7c3cf1a2\" data-element_type=\"widget\" data-e-type=\"widget\" data-widget_type=\"text-editor.default\">\n\t\t\t\t<div class=\"elementor-widget-container\">\n\t\t\t\t\t\t\t\t\t<p data-adtags-visited=\"true\">2018. La vie de Jo vole en \u00e9clats suite \u00e0 ce qui ne semblait \u00eatre qu\u2019un banal accident sans gravit\u00e9 ; pourtant, un scanner r\u00e9v\u00e8le qu\u2019un an\u00e9vrisme risque de se rompre \u00e0 tout moment. Le neurologue lui laisse le choix : elle peut \u00eatre op\u00e9r\u00e9e, mais les risques sont importants. Persuad\u00e9e qu\u2019elle va mourir, Jo se r\u00e9fugie chez Victor, son grand-p\u00e8re. Ce dernier va lui montrer un pendentif qu\u2019il a re\u00e7u d\u2019Angleterre quelques ann\u00e9es plus t\u00f4t, avec pour seule explication ce mot griffonn\u00e9 sur une feuille : \u00ab De la part de Charlotte, qui n\u2019a jamais oubli\u00e9 Gabriel. Ce souvenir vous revient de droit. \u00bb Victor lui r\u00e9v\u00e8le que Gabriel \u00e9tait son fr\u00e8re a\u00een\u00e9, d\u00e9c\u00e9d\u00e9 lorsqu\u2019il \u00e9tait enfant. Jo d\u00e9cide de se rendre \u00e0 Ilfracombe, dans le Devonshire, afin d\u2019aider son grand-p\u00e8re \u00e0 r\u00e9soudre ce myst\u00e8re, et surtout, de r\u00e9fl\u00e9chir \u00e0 la d\u00e9cision qu\u2019elle doit prendre\u2026<\/p><p data-adtags-visited=\"true\">1929. Charlotte et son mari, \u00c9mile, quittent leur vignoble d\u2019\u00c9pernay pour un voyage d\u2019affaires \u00e0 New York. Sur place, la jeune femme s\u2019\u00e9prend de Ryan, un myst\u00e9rieux homme d\u2019affaires. Lorsqu\u2019il se rend compte de cette trahison, \u00c9mile entre dans une rage folle, la frappe et la laisse pour morte. \u00c0 son r\u00e9veil, Charlotte se rend compte que son mari est parti ; pire, il lui a pris tous ses papiers. Elle est effondr\u00e9e : son fils de quatre mois, Gabriel, est rest\u00e9 en France, et sans papiers, elle ne peut pas le rejoindre.<\/p>\t\t\t\t\t\t\t\t<\/div>\n\t\t\t\t<\/div>\n\t\t\t\t<div class=\"elementor-element elementor-element-264d1406 elementor-widget-divider--view-line elementor-widget elementor-widget-divider\" data-id=\"264d1406\" data-element_type=\"widget\" data-e-type=\"widget\" data-widget_type=\"divider.default\">\n\t\t\t\t<div class=\"elementor-widget-container\">\n\t\t\t\t\t\t\t<div class=\"elementor-divider\">\n\t\t\t<span class=\"elementor-divider-separator\">\n\t\t\t\t\t\t<\/span>\n\t\t<\/div>\n\t\t\t\t\t\t<\/div>\n\t\t\t\t<\/div>\n\t\t\t\t<div class=\"elementor-element elementor-element-3f62724d elementor-widget elementor-widget-heading\" data-id=\"3f62724d\" data-element_type=\"widget\" data-e-type=\"widget\" data-widget_type=\"heading.default\">\n\t\t\t\t<div class=\"elementor-widget-container\">\n\t\t\t\t\t<h2 class=\"elementor-heading-title elementor-size-medium\">Ma note<\/h2>\t\t\t\t<\/div>\n\t\t\t\t<\/div>\n\t\t\t\t<div class=\"elementor-element elementor-element-c52b8c8 elementor-star-rating--align-center elementor--star-style-star_fontawesome elementor-widget elementor-widget-star-rating\" data-id=\"c52b8c8\" data-element_type=\"widget\" data-e-type=\"widget\" data-widget_type=\"star-rating.default\">\n\t\t\t\t<div class=\"elementor-widget-container\">\n\t\t\t\t\t\t\t<div class=\"elementor-star-rating__wrapper\">\n\t\t\t\t\t\t<div class=\"elementor-star-rating\" itemtype=\"http:\/\/schema.org\/Rating\" itemscope=\"\" itemprop=\"reviewRating\">\n\t\t\t\t<i class=\"elementor-star-full\" aria-hidden=\"true\">&#xE934;<\/i><i class=\"elementor-star-full\" aria-hidden=\"true\">&#xE934;<\/i><i class=\"elementor-star-full\" aria-hidden=\"true\">&#xE934;<\/i><i class=\"elementor-star-full\" aria-hidden=\"true\">&#xE934;<\/i><i class=\"elementor-star-full\" aria-hidden=\"true\">&#xE934;<\/i>\t\t\t\t<span itemprop=\"ratingValue\" class=\"elementor-screen-only\">Not\u00e9 5 sur 5<\/span>\n\t\t\t<\/div>\n\t\t<\/div>\n\t\t\t\t\t\t<\/div>\n\t\t\t\t<\/div>\n\t\t\t\t<div class=\"elementor-element elementor-element-66b77846 elementor-widget-divider--view-line elementor-widget elementor-widget-divider\" data-id=\"66b77846\" data-element_type=\"widget\" data-e-type=\"widget\" data-widget_type=\"divider.default\">\n\t\t\t\t<div class=\"elementor-widget-container\">\n\t\t\t\t\t\t\t<div class=\"elementor-divider\">\n\t\t\t<span class=\"elementor-divider-separator\">\n\t\t\t\t\t\t<\/span>\n\t\t<\/div>\n\t\t\t\t\t\t<\/div>\n\t\t\t\t<\/div>\n\t\t\t\t<div class=\"elementor-element elementor-element-3701ee63 elementor-widget elementor-widget-heading\" data-id=\"3701ee63\" data-element_type=\"widget\" data-e-type=\"widget\" data-widget_type=\"heading.default\">\n\t\t\t\t<div class=\"elementor-widget-container\">\n\t\t\t\t\t<h2 class=\"elementor-heading-title elementor-size-medium\">Une h\u00e9ro\u00efne que j'ai ador\u00e9<\/h2>\t\t\t\t<\/div>\n\t\t\t\t<\/div>\n\t\t\t\t<div class=\"elementor-element elementor-element-8317dad elementor-widget elementor-widget-text-editor\" data-id=\"8317dad\" data-element_type=\"widget\" data-e-type=\"widget\" data-widget_type=\"text-editor.default\">\n\t\t\t\t<div class=\"elementor-widget-container\">\n\t\t\t\t\t\t\t\t\t<p>Allez, on part au temps des Gangsters ! Pas d\u2019inqui\u00e9tudes, on n\u2019entre pas dans un film de Martin Scorcese, ce n\u2019est pas un film d\u2019action. C\u2019est plut\u00f4t l\u2019histoire d\u2019une h\u00e9ro\u00efne forte, qui se retrouve perdue \u00e0 New-York o\u00f9 elle va cr\u00e9er des relations incroyables et casser les codes. Comme toujours chez <a href=\"https:\/\/sorbetkiwi.fr\/index.php\/tag\/clarisse-sabard\/\">Clarisse Sabard<\/a>, j\u2019ai aim\u00e9 l\u2019humanit\u00e9 des personnages et leur profondeur. J\u2019ai tellement appr\u00e9ci\u00e9 Charlotte, malgr\u00e9 les erreurs qu\u2019elle commet. Elle se remet en question et va tout faire pour mener une vie dans le bonheur, et surpasser les difficult\u00e9s que la vie met sur son chemin. Entre Gangsters, s\u00e9gr\u00e9gation, et la place de la femme dans une soci\u00e9t\u00e9 pauvre, malmen\u00e9e par le krach boursier de 1929, il y a de nombreuses th\u00e9matiques abord\u00e9es avec beaucoup de justesse et incorpor\u00e9es tout \u00e0 fait naturellement dans l\u2019intrigue.<\/p>\t\t\t\t\t\t\t\t<\/div>\n\t\t\t\t<\/div>\n\t\t\t\t<div class=\"elementor-element elementor-element-1d0d6451 elementor-widget-divider--view-line elementor-widget elementor-widget-divider\" data-id=\"1d0d6451\" data-element_type=\"widget\" data-e-type=\"widget\" data-widget_type=\"divider.default\">\n\t\t\t\t<div class=\"elementor-widget-container\">\n\t\t\t\t\t\t\t<div class=\"elementor-divider\">\n\t\t\t<span class=\"elementor-divider-separator\">\n\t\t\t\t\t\t<\/span>\n\t\t<\/div>\n\t\t\t\t\t\t<\/div>\n\t\t\t\t<\/div>\n\t\t\t\t<div class=\"elementor-element elementor-element-7ccdcc5 elementor-widget elementor-widget-heading\" data-id=\"7ccdcc5\" data-element_type=\"widget\" data-e-type=\"widget\" data-widget_type=\"heading.default\">\n\t\t\t\t<div class=\"elementor-widget-container\">\n\t\t\t\t\t<h4 class=\"elementor-heading-title elementor-size-medium\">\u00ab Les gens sont tellement habitu\u00e9s \u00e0 avoir plus que n\u00e9cessaire et \u00e0 vivre dans l\u2019abondance ! Ils seraient capables d\u2019une guerre. Parce qu\u2019au lieu de se demander quoi faire pour que les choses s\u2019am\u00e9liorent, ils cherchent \u00e0 tout prix un coupable \u00e0 leurs maux.\u00bb<\/h4>\t\t\t\t<\/div>\n\t\t\t\t<\/div>\n\t\t\t\t<div class=\"elementor-element elementor-element-5f5ebf5d elementor-widget-divider--view-line elementor-widget elementor-widget-divider\" data-id=\"5f5ebf5d\" data-element_type=\"widget\" data-e-type=\"widget\" data-widget_type=\"divider.default\">\n\t\t\t\t<div class=\"elementor-widget-container\">\n\t\t\t\t\t\t\t<div class=\"elementor-divider\">\n\t\t\t<span class=\"elementor-divider-separator\">\n\t\t\t\t\t\t<\/span>\n\t\t<\/div>\n\t\t\t\t\t\t<\/div>\n\t\t\t\t<\/div>\n\t\t\t\t<div class=\"elementor-element elementor-element-55f45c91 elementor-widget elementor-widget-heading\" data-id=\"55f45c91\" data-element_type=\"widget\" data-e-type=\"widget\" data-widget_type=\"heading.default\">\n\t\t\t\t<div class=\"elementor-widget-container\">\n\t\t\t\t\t<h2 class=\"elementor-heading-title elementor-size-medium\">Des personnages humains<\/h2>\t\t\t\t<\/div>\n\t\t\t\t<\/div>\n\t\t\t\t<div class=\"elementor-element elementor-element-57dad4d4 elementor-widget elementor-widget-text-editor\" data-id=\"57dad4d4\" data-element_type=\"widget\" data-e-type=\"widget\" data-widget_type=\"text-editor.default\">\n\t\t\t\t<div class=\"elementor-widget-container\">\n\t\t\t\t\t\t\t\t\t<p>En parall\u00e8le, nous avons Jo qui va enqu\u00eater sur cette histoire, et veut absolument conna\u00eetre le fin mot du r\u00e9cit. Son grand-p\u00e8re va lui donner un petit coup de pouce pour ne pas qu\u2019elle se perde dans les m\u00e9andres de son inqui\u00e9tude suite \u00e0 une annonce tr\u00e8s difficile par son m\u00e9decin. J\u2019ai aim\u00e9 la romance qu\u2019elle fuit, et l\u2019amiti\u00e9 sans faille qu\u2019elle entretient avec sa meilleure amie. L\u2019amour n\u2019est pas un long fleuve tranquille et parfois il faut se remettre en question pour mieux repartir. J\u2019aime ces petites moralit\u00e9s qu\u2019int\u00e8gre Clarisse \u00e0 son r\u00e9cit, elles me font toujours du bien, et c\u2019est encore une fois l\u2019humanit\u00e9 de ses personnages qui transpara\u00eet.<\/p>\t\t\t\t\t\t\t\t<\/div>\n\t\t\t\t<\/div>\n\t\t\t\t<div class=\"elementor-element elementor-element-602e05fd elementor-widget-divider--view-line elementor-widget elementor-widget-divider\" data-id=\"602e05fd\" data-element_type=\"widget\" data-e-type=\"widget\" data-widget_type=\"divider.default\">\n\t\t\t\t<div class=\"elementor-widget-container\">\n\t\t\t\t\t\t\t<div class=\"elementor-divider\">\n\t\t\t<span class=\"elementor-divider-separator\">\n\t\t\t\t\t\t<\/span>\n\t\t<\/div>\n\t\t\t\t\t\t<\/div>\n\t\t\t\t<\/div>\n\t\t\t\t<div class=\"elementor-element elementor-element-6a74b4e9 elementor-widget elementor-widget-heading\" data-id=\"6a74b4e9\" data-element_type=\"widget\" data-e-type=\"widget\" data-widget_type=\"heading.default\">\n\t\t\t\t<div class=\"elementor-widget-container\">\n\t\t\t\t\t<h2 class=\"elementor-heading-title elementor-size-medium\">Du s\u00e9rieux et un juste peu d'humeur<\/h2>\t\t\t\t<\/div>\n\t\t\t\t<\/div>\n\t\t\t\t<div class=\"elementor-element elementor-element-e34c465 elementor-widget elementor-widget-text-editor\" data-id=\"e34c465\" data-element_type=\"widget\" data-e-type=\"widget\" data-widget_type=\"text-editor.default\">\n\t\t\t\t<div class=\"elementor-widget-container\">\n\t\t\t\t\t\t\t\t\t<p>D\u2019habitude, les romans de l\u2019autrice me font beaucoup rire, mais l\u00e0 je n\u2019ai pas trop retrouv\u00e9 l\u2019humour de ces r\u00e9cits. Et pourtant, cela ne m\u2019a pas manqu\u00e9 pour autant. Je le trouvais parfaitement \u00e9quilibr\u00e9 entre l\u00e9g\u00e8ret\u00e9 et s\u00e9rieux, ce qui m\u2019a tr\u00e8s positivement surprise. Je pr\u00e9f\u00e8re avoir peu d\u2019humour qu\u2019une histoire o\u00f9 tout semble forc\u00e9 pour faire rire les lecteurs. Elle manie la plume avec toujours plus de dext\u00e9rit\u00e9, et le sujet ne se pr\u00eatait pas vraiment \u00e0 cela. Sauf \u00e0 la fin, o\u00f9 j\u2019ai souris jusqu\u2019\u00e0 souffrir des joues tant j\u2019ai appr\u00e9ci\u00e9 le clin d\u2019\u0153il au Royal Wedding de Harry et Meghan, et o\u00f9 l\u2019\u00e9motion \u00e0 pris le dessus. Un petit m\u00e9lange de rire et de larmes qui arrive toujours \u00e0 point nomm\u00e9.<\/p><p>Encore un coup de c\u0153ur pour un roman de Clarisse Sabard ! <em>La femme au manteau violet<\/em> m\u2019a boulevers\u00e9 et j\u2019ai m\u00eame \u00e9t\u00e9 \u00e9mue \u00e0 la fin. Je n\u2019avais tout simplement pas envie de quitter ce r\u00e9cit touchant d\u2019humanit\u00e9.<\/p><p>Cette chronique de La femme au manteau violet a initialement \u00e9t\u00e9 publi\u00e9e sur <a href=\"https:\/\/sorbetkiwi.wordpress.com\/2020\/04\/26\/la-femme-au-manteau-violet-de-clarisse-sabard\/\">mon ancien blog.\u00a0<\/a><\/p>\t\t\t\t\t\t\t\t<\/div>\n\t\t\t\t<\/div>\n\t\t\t\t\t<\/div>\n\t\t<\/div>\n\t\t\t\t\t<\/div>\n\t\t<\/section>\n\t\t\t\t<\/div>\n\t\t","protected":false},"excerpt":{"rendered":"<p>La femme au manteau violet Clarisse Sabard R\u00e9sum\u00e9 2018. La vie de Jo vole en \u00e9clats suite \u00e0 ce qui ne semblait \u00eatre qu\u2019un banal accident sans gravit\u00e9 ; pourtant, un scanner r\u00e9v\u00e8le qu\u2019un an\u00e9vrisme &hellip; <\/p>\n","protected":false},"author":1,"featured_media":3775,"comment_status":"open","ping_status":"open","sticky":false,"template":"","format":"standard","meta":{"footnotes":""},"categories":[7,9,15,8,1],"tags":[220,28,65,31,1019],"class_list":["post-3826","post","type-post","status-publish","format-standard","has-post-thumbnail","hentry","category-benevolat","category-coups-de-coeur","category-l-automne","category-partenariats","category-tout-le-blog","tag-automne","tag-clarisse-sabard","tag-coup-de-coeur","tag-editions-charleston","tag-la-femme-au-manteau-violet","has-single-img"],"yoast_head":"<!-- This site is optimized with the Yoast SEO plugin v27.4 - https:\/\/yoast.com\/product\/yoast-seo-wordpress\/ -->\n<title>La femme au manteau violet de Clarisse Sabard - Sorbet Kiwi<\/title>\n<meta name=\"description\" content=\"Transfert de ma chronique de La femme au manteau violet de Clarisse Sabard publi\u00e9 aux \u00e9ditions Charleston.\" \/>\n<meta name=\"robots\" content=\"index, follow, max-snippet:-1, max-image-preview:large, max-video-preview:-1\" \/>\n<link rel=\"canonical\" href=\"https:\/\/sorbetkiwi.fr\/index.php\/la-femme-au-manteau-violet-de-clarisse-sabard\/\" \/>\n<meta property=\"og:locale\" content=\"fr_FR\" \/>\n<meta property=\"og:type\" content=\"article\" \/>\n<meta property=\"og:title\" content=\"La femme au manteau violet de Clarisse Sabard - Sorbet Kiwi\" \/>\n<meta property=\"og:description\" content=\"Transfert de ma chronique de La femme au manteau violet de Clarisse Sabard publi\u00e9 aux \u00e9ditions Charleston.\" \/>\n<meta property=\"og:url\" content=\"https:\/\/sorbetkiwi.fr\/index.php\/la-femme-au-manteau-violet-de-clarisse-sabard\/\" \/>\n<meta property=\"og:site_name\" content=\"Sorbet Kiwi\" \/>\n<meta property=\"article:publisher\" content=\"https:\/\/www.facebook.com\/profile.php?id=100086238893269\" \/>\n<meta property=\"article:published_time\" content=\"2023-09-16T07:00:00+00:00\" \/>\n<meta property=\"og:image\" content=\"https:\/\/sorbetkiwi.fr\/wp-content\/uploads\/2023\/09\/La-femme-au-manteau-violet-Clarisse-Sabard-scaled.jpg\" \/>\n\t<meta property=\"og:image:width\" content=\"1920\" \/>\n\t<meta property=\"og:image:height\" content=\"2560\" \/>\n\t<meta property=\"og:image:type\" content=\"image\/jpeg\" \/>\n<meta name=\"author\" content=\"Sorbet-Kiwi\" \/>\n<meta name=\"twitter:card\" content=\"summary_large_image\" \/>\n<meta name=\"twitter:creator\" content=\"@pepparshoes\" \/>\n<meta name=\"twitter:site\" content=\"@pepparshoes\" \/>\n<meta name=\"twitter:label1\" content=\"\u00c9crit par\" \/>\n\t<meta name=\"twitter:data1\" content=\"Sorbet-Kiwi\" \/>\n\t<meta name=\"twitter:label2\" content=\"Dur\u00e9e de lecture estim\u00e9e\" \/>\n\t<meta name=\"twitter:data2\" content=\"4 minutes\" \/>\n<script type=\"application\/ld+json\" class=\"yoast-schema-graph\">{\"@context\":\"https:\\\/\\\/schema.org\",\"@graph\":[{\"@type\":\"Article\",\"@id\":\"https:\\\/\\\/sorbetkiwi.fr\\\/index.php\\\/la-femme-au-manteau-violet-de-clarisse-sabard\\\/#article\",\"isPartOf\":{\"@id\":\"https:\\\/\\\/sorbetkiwi.fr\\\/index.php\\\/la-femme-au-manteau-violet-de-clarisse-sabard\\\/\"},\"author\":{\"name\":\"Sorbet-Kiwi\",\"@id\":\"https:\\\/\\\/sorbetkiwi.fr\\\/#\\\/schema\\\/person\\\/ed1b7b527a2957ddc3bf38b076540659\"},\"headline\":\"La femme au manteau violet de Clarisse Sabard\",\"datePublished\":\"2023-09-16T07:00:00+00:00\",\"mainEntityOfPage\":{\"@id\":\"https:\\\/\\\/sorbetkiwi.fr\\\/index.php\\\/la-femme-au-manteau-violet-de-clarisse-sabard\\\/\"},\"wordCount\":849,\"commentCount\":6,\"publisher\":{\"@id\":\"https:\\\/\\\/sorbetkiwi.fr\\\/#organization\"},\"image\":{\"@id\":\"https:\\\/\\\/sorbetkiwi.fr\\\/index.php\\\/la-femme-au-manteau-violet-de-clarisse-sabard\\\/#primaryimage\"},\"thumbnailUrl\":\"https:\\\/\\\/sorbetkiwi.fr\\\/wp-content\\\/uploads\\\/2023\\\/09\\\/La-femme-au-manteau-violet-Clarisse-Sabard-scaled.jpg\",\"keywords\":[\"Automne\",\"Clarisse Sabard\",\"Coup de c\u0153ur\",\"Editions Charleston\",\"La femme au manteau violet\"],\"articleSection\":[\"B\u00e9n\u00e9volat\",\"Coups de coeur\",\"L'automne\",\"Partenariats\",\"Tout le blog\"],\"inLanguage\":\"fr-FR\",\"potentialAction\":[{\"@type\":\"CommentAction\",\"name\":\"Comment\",\"target\":[\"https:\\\/\\\/sorbetkiwi.fr\\\/index.php\\\/la-femme-au-manteau-violet-de-clarisse-sabard\\\/#respond\"]}]},{\"@type\":\"WebPage\",\"@id\":\"https:\\\/\\\/sorbetkiwi.fr\\\/index.php\\\/la-femme-au-manteau-violet-de-clarisse-sabard\\\/\",\"url\":\"https:\\\/\\\/sorbetkiwi.fr\\\/index.php\\\/la-femme-au-manteau-violet-de-clarisse-sabard\\\/\",\"name\":\"La femme au manteau violet de Clarisse Sabard - Sorbet Kiwi\",\"isPartOf\":{\"@id\":\"https:\\\/\\\/sorbetkiwi.fr\\\/#website\"},\"primaryImageOfPage\":{\"@id\":\"https:\\\/\\\/sorbetkiwi.fr\\\/index.php\\\/la-femme-au-manteau-violet-de-clarisse-sabard\\\/#primaryimage\"},\"image\":{\"@id\":\"https:\\\/\\\/sorbetkiwi.fr\\\/index.php\\\/la-femme-au-manteau-violet-de-clarisse-sabard\\\/#primaryimage\"},\"thumbnailUrl\":\"https:\\\/\\\/sorbetkiwi.fr\\\/wp-content\\\/uploads\\\/2023\\\/09\\\/La-femme-au-manteau-violet-Clarisse-Sabard-scaled.jpg\",\"datePublished\":\"2023-09-16T07:00:00+00:00\",\"description\":\"Transfert de ma chronique de La femme au manteau violet de Clarisse Sabard publi\u00e9 aux \u00e9ditions Charleston.\",\"breadcrumb\":{\"@id\":\"https:\\\/\\\/sorbetkiwi.fr\\\/index.php\\\/la-femme-au-manteau-violet-de-clarisse-sabard\\\/#breadcrumb\"},\"inLanguage\":\"fr-FR\",\"potentialAction\":[{\"@type\":\"ReadAction\",\"target\":[\"https:\\\/\\\/sorbetkiwi.fr\\\/index.php\\\/la-femme-au-manteau-violet-de-clarisse-sabard\\\/\"]}]},{\"@type\":\"ImageObject\",\"inLanguage\":\"fr-FR\",\"@id\":\"https:\\\/\\\/sorbetkiwi.fr\\\/index.php\\\/la-femme-au-manteau-violet-de-clarisse-sabard\\\/#primaryimage\",\"url\":\"https:\\\/\\\/sorbetkiwi.fr\\\/wp-content\\\/uploads\\\/2023\\\/09\\\/La-femme-au-manteau-violet-Clarisse-Sabard-scaled.jpg\",\"contentUrl\":\"https:\\\/\\\/sorbetkiwi.fr\\\/wp-content\\\/uploads\\\/2023\\\/09\\\/La-femme-au-manteau-violet-Clarisse-Sabard-scaled.jpg\",\"width\":1920,\"height\":2560,\"caption\":\"La femme au manteau violet Clarisse Sabard\"},{\"@type\":\"BreadcrumbList\",\"@id\":\"https:\\\/\\\/sorbetkiwi.fr\\\/index.php\\\/la-femme-au-manteau-violet-de-clarisse-sabard\\\/#breadcrumb\",\"itemListElement\":[{\"@type\":\"ListItem\",\"position\":1,\"name\":\"Accueil\",\"item\":\"https:\\\/\\\/sorbetkiwi.fr\\\/\"},{\"@type\":\"ListItem\",\"position\":2,\"name\":\"La femme au manteau violet de Clarisse Sabard\"}]},{\"@type\":\"WebSite\",\"@id\":\"https:\\\/\\\/sorbetkiwi.fr\\\/#website\",\"url\":\"https:\\\/\\\/sorbetkiwi.fr\\\/\",\"name\":\"Sorbet Kiwi\",\"description\":\"Des lectures th\u00e9matiques par saison et les avis qui vont avec\",\"publisher\":{\"@id\":\"https:\\\/\\\/sorbetkiwi.fr\\\/#organization\"},\"potentialAction\":[{\"@type\":\"SearchAction\",\"target\":{\"@type\":\"EntryPoint\",\"urlTemplate\":\"https:\\\/\\\/sorbetkiwi.fr\\\/?s={search_term_string}\"},\"query-input\":{\"@type\":\"PropertyValueSpecification\",\"valueRequired\":true,\"valueName\":\"search_term_string\"}}],\"inLanguage\":\"fr-FR\"},{\"@type\":\"Organization\",\"@id\":\"https:\\\/\\\/sorbetkiwi.fr\\\/#organization\",\"name\":\"Sorbet Kiwi\",\"url\":\"https:\\\/\\\/sorbetkiwi.fr\\\/\",\"logo\":{\"@type\":\"ImageObject\",\"inLanguage\":\"fr-FR\",\"@id\":\"https:\\\/\\\/sorbetkiwi.fr\\\/#\\\/schema\\\/logo\\\/image\\\/\",\"url\":\"https:\\\/\\\/sorbetkiwi.fr\\\/wp-content\\\/uploads\\\/2022\\\/10\\\/Banniere-Sorbet-Kiwi-2022.jpg\",\"contentUrl\":\"https:\\\/\\\/sorbetkiwi.fr\\\/wp-content\\\/uploads\\\/2022\\\/10\\\/Banniere-Sorbet-Kiwi-2022.jpg\",\"width\":814,\"height\":401,\"caption\":\"Sorbet Kiwi\"},\"image\":{\"@id\":\"https:\\\/\\\/sorbetkiwi.fr\\\/#\\\/schema\\\/logo\\\/image\\\/\"},\"sameAs\":[\"https:\\\/\\\/www.facebook.com\\\/profile.php?id=100086238893269\",\"https:\\\/\\\/x.com\\\/pepparshoes\",\"https:\\\/\\\/www.instagram.com\\\/sorbetkiwi\\\/\",\"https:\\\/\\\/www.tiktok.com\\\/sorbetkiwi\"]},{\"@type\":\"Person\",\"@id\":\"https:\\\/\\\/sorbetkiwi.fr\\\/#\\\/schema\\\/person\\\/ed1b7b527a2957ddc3bf38b076540659\",\"name\":\"Sorbet-Kiwi\",\"image\":{\"@type\":\"ImageObject\",\"inLanguage\":\"fr-FR\",\"@id\":\"https:\\\/\\\/secure.gravatar.com\\\/avatar\\\/86f0a5c27d76317621b9e374d0f3a01d3a85278f10d0c7207ced4fd773057442?s=96&d=mm&r=g\",\"url\":\"https:\\\/\\\/secure.gravatar.com\\\/avatar\\\/86f0a5c27d76317621b9e374d0f3a01d3a85278f10d0c7207ced4fd773057442?s=96&d=mm&r=g\",\"contentUrl\":\"https:\\\/\\\/secure.gravatar.com\\\/avatar\\\/86f0a5c27d76317621b9e374d0f3a01d3a85278f10d0c7207ced4fd773057442?s=96&d=mm&r=g\",\"caption\":\"Sorbet-Kiwi\"},\"sameAs\":[\"http:\\\/\\\/sorbetkiwi.fr\"],\"url\":\"https:\\\/\\\/sorbetkiwi.fr\\\/index.php\\\/author\\\/admin7717\\\/\"}]}<\/script>\n<!-- \/ Yoast SEO plugin. -->","yoast_head_json":{"title":"La femme au manteau violet de Clarisse Sabard - Sorbet Kiwi","description":"Transfert de ma chronique de La femme au manteau violet de Clarisse Sabard publi\u00e9 aux \u00e9ditions Charleston.","robots":{"index":"index","follow":"follow","max-snippet":"max-snippet:-1","max-image-preview":"max-image-preview:large","max-video-preview":"max-video-preview:-1"},"canonical":"https:\/\/sorbetkiwi.fr\/index.php\/la-femme-au-manteau-violet-de-clarisse-sabard\/","og_locale":"fr_FR","og_type":"article","og_title":"La femme au manteau violet de Clarisse Sabard - Sorbet Kiwi","og_description":"Transfert de ma chronique de La femme au manteau violet de Clarisse Sabard publi\u00e9 aux \u00e9ditions Charleston.","og_url":"https:\/\/sorbetkiwi.fr\/index.php\/la-femme-au-manteau-violet-de-clarisse-sabard\/","og_site_name":"Sorbet Kiwi","article_publisher":"https:\/\/www.facebook.com\/profile.php?id=100086238893269","article_published_time":"2023-09-16T07:00:00+00:00","og_image":[{"width":1920,"height":2560,"url":"https:\/\/sorbetkiwi.fr\/wp-content\/uploads\/2023\/09\/La-femme-au-manteau-violet-Clarisse-Sabard-scaled.jpg","type":"image\/jpeg"}],"author":"Sorbet-Kiwi","twitter_card":"summary_large_image","twitter_creator":"@pepparshoes","twitter_site":"@pepparshoes","twitter_misc":{"\u00c9crit par":"Sorbet-Kiwi","Dur\u00e9e de lecture estim\u00e9e":"4 minutes"},"schema":{"@context":"https:\/\/schema.org","@graph":[{"@type":"Article","@id":"https:\/\/sorbetkiwi.fr\/index.php\/la-femme-au-manteau-violet-de-clarisse-sabard\/#article","isPartOf":{"@id":"https:\/\/sorbetkiwi.fr\/index.php\/la-femme-au-manteau-violet-de-clarisse-sabard\/"},"author":{"name":"Sorbet-Kiwi","@id":"https:\/\/sorbetkiwi.fr\/#\/schema\/person\/ed1b7b527a2957ddc3bf38b076540659"},"headline":"La femme au manteau violet de Clarisse Sabard","datePublished":"2023-09-16T07:00:00+00:00","mainEntityOfPage":{"@id":"https:\/\/sorbetkiwi.fr\/index.php\/la-femme-au-manteau-violet-de-clarisse-sabard\/"},"wordCount":849,"commentCount":6,"publisher":{"@id":"https:\/\/sorbetkiwi.fr\/#organization"},"image":{"@id":"https:\/\/sorbetkiwi.fr\/index.php\/la-femme-au-manteau-violet-de-clarisse-sabard\/#primaryimage"},"thumbnailUrl":"https:\/\/sorbetkiwi.fr\/wp-content\/uploads\/2023\/09\/La-femme-au-manteau-violet-Clarisse-Sabard-scaled.jpg","keywords":["Automne","Clarisse Sabard","Coup de c\u0153ur","Editions Charleston","La femme au manteau violet"],"articleSection":["B\u00e9n\u00e9volat","Coups de coeur","L'automne","Partenariats","Tout le blog"],"inLanguage":"fr-FR","potentialAction":[{"@type":"CommentAction","name":"Comment","target":["https:\/\/sorbetkiwi.fr\/index.php\/la-femme-au-manteau-violet-de-clarisse-sabard\/#respond"]}]},{"@type":"WebPage","@id":"https:\/\/sorbetkiwi.fr\/index.php\/la-femme-au-manteau-violet-de-clarisse-sabard\/","url":"https:\/\/sorbetkiwi.fr\/index.php\/la-femme-au-manteau-violet-de-clarisse-sabard\/","name":"La femme au manteau violet de Clarisse Sabard - Sorbet Kiwi","isPartOf":{"@id":"https:\/\/sorbetkiwi.fr\/#website"},"primaryImageOfPage":{"@id":"https:\/\/sorbetkiwi.fr\/index.php\/la-femme-au-manteau-violet-de-clarisse-sabard\/#primaryimage"},"image":{"@id":"https:\/\/sorbetkiwi.fr\/index.php\/la-femme-au-manteau-violet-de-clarisse-sabard\/#primaryimage"},"thumbnailUrl":"https:\/\/sorbetkiwi.fr\/wp-content\/uploads\/2023\/09\/La-femme-au-manteau-violet-Clarisse-Sabard-scaled.jpg","datePublished":"2023-09-16T07:00:00+00:00","description":"Transfert de ma chronique de La femme au manteau violet de Clarisse Sabard publi\u00e9 aux \u00e9ditions Charleston.","breadcrumb":{"@id":"https:\/\/sorbetkiwi.fr\/index.php\/la-femme-au-manteau-violet-de-clarisse-sabard\/#breadcrumb"},"inLanguage":"fr-FR","potentialAction":[{"@type":"ReadAction","target":["https:\/\/sorbetkiwi.fr\/index.php\/la-femme-au-manteau-violet-de-clarisse-sabard\/"]}]},{"@type":"ImageObject","inLanguage":"fr-FR","@id":"https:\/\/sorbetkiwi.fr\/index.php\/la-femme-au-manteau-violet-de-clarisse-sabard\/#primaryimage","url":"https:\/\/sorbetkiwi.fr\/wp-content\/uploads\/2023\/09\/La-femme-au-manteau-violet-Clarisse-Sabard-scaled.jpg","contentUrl":"https:\/\/sorbetkiwi.fr\/wp-content\/uploads\/2023\/09\/La-femme-au-manteau-violet-Clarisse-Sabard-scaled.jpg","width":1920,"height":2560,"caption":"La femme au manteau violet Clarisse Sabard"},{"@type":"BreadcrumbList","@id":"https:\/\/sorbetkiwi.fr\/index.php\/la-femme-au-manteau-violet-de-clarisse-sabard\/#breadcrumb","itemListElement":[{"@type":"ListItem","position":1,"name":"Accueil","item":"https:\/\/sorbetkiwi.fr\/"},{"@type":"ListItem","position":2,"name":"La femme au manteau violet de Clarisse Sabard"}]},{"@type":"WebSite","@id":"https:\/\/sorbetkiwi.fr\/#website","url":"https:\/\/sorbetkiwi.fr\/","name":"Sorbet Kiwi","description":"Des lectures th\u00e9matiques par saison et les avis qui vont avec","publisher":{"@id":"https:\/\/sorbetkiwi.fr\/#organization"},"potentialAction":[{"@type":"SearchAction","target":{"@type":"EntryPoint","urlTemplate":"https:\/\/sorbetkiwi.fr\/?s={search_term_string}"},"query-input":{"@type":"PropertyValueSpecification","valueRequired":true,"valueName":"search_term_string"}}],"inLanguage":"fr-FR"},{"@type":"Organization","@id":"https:\/\/sorbetkiwi.fr\/#organization","name":"Sorbet Kiwi","url":"https:\/\/sorbetkiwi.fr\/","logo":{"@type":"ImageObject","inLanguage":"fr-FR","@id":"https:\/\/sorbetkiwi.fr\/#\/schema\/logo\/image\/","url":"https:\/\/sorbetkiwi.fr\/wp-content\/uploads\/2022\/10\/Banniere-Sorbet-Kiwi-2022.jpg","contentUrl":"https:\/\/sorbetkiwi.fr\/wp-content\/uploads\/2022\/10\/Banniere-Sorbet-Kiwi-2022.jpg","width":814,"height":401,"caption":"Sorbet Kiwi"},"image":{"@id":"https:\/\/sorbetkiwi.fr\/#\/schema\/logo\/image\/"},"sameAs":["https:\/\/www.facebook.com\/profile.php?id=100086238893269","https:\/\/x.com\/pepparshoes","https:\/\/www.instagram.com\/sorbetkiwi\/","https:\/\/www.tiktok.com\/sorbetkiwi"]},{"@type":"Person","@id":"https:\/\/sorbetkiwi.fr\/#\/schema\/person\/ed1b7b527a2957ddc3bf38b076540659","name":"Sorbet-Kiwi","image":{"@type":"ImageObject","inLanguage":"fr-FR","@id":"https:\/\/secure.gravatar.com\/avatar\/86f0a5c27d76317621b9e374d0f3a01d3a85278f10d0c7207ced4fd773057442?s=96&d=mm&r=g","url":"https:\/\/secure.gravatar.com\/avatar\/86f0a5c27d76317621b9e374d0f3a01d3a85278f10d0c7207ced4fd773057442?s=96&d=mm&r=g","contentUrl":"https:\/\/secure.gravatar.com\/avatar\/86f0a5c27d76317621b9e374d0f3a01d3a85278f10d0c7207ced4fd773057442?s=96&d=mm&r=g","caption":"Sorbet-Kiwi"},"sameAs":["http:\/\/sorbetkiwi.fr"],"url":"https:\/\/sorbetkiwi.fr\/index.php\/author\/admin7717\/"}]}},"_links":{"self":[{"href":"https:\/\/sorbetkiwi.fr\/index.php\/wp-json\/wp\/v2\/posts\/3826","targetHints":{"allow":["GET"]}}],"collection":[{"href":"https:\/\/sorbetkiwi.fr\/index.php\/wp-json\/wp\/v2\/posts"}],"about":[{"href":"https:\/\/sorbetkiwi.fr\/index.php\/wp-json\/wp\/v2\/types\/post"}],"author":[{"embeddable":true,"href":"https:\/\/sorbetkiwi.fr\/index.php\/wp-json\/wp\/v2\/users\/1"}],"replies":[{"embeddable":true,"href":"https:\/\/sorbetkiwi.fr\/index.php\/wp-json\/wp\/v2\/comments?post=3826"}],"version-history":[{"count":6,"href":"https:\/\/sorbetkiwi.fr\/index.php\/wp-json\/wp\/v2\/posts\/3826\/revisions"}],"predecessor-version":[{"id":3832,"href":"https:\/\/sorbetkiwi.fr\/index.php\/wp-json\/wp\/v2\/posts\/3826\/revisions\/3832"}],"wp:featuredmedia":[{"embeddable":true,"href":"https:\/\/sorbetkiwi.fr\/index.php\/wp-json\/wp\/v2\/media\/3775"}],"wp:attachment":[{"href":"https:\/\/sorbetkiwi.fr\/index.php\/wp-json\/wp\/v2\/media?parent=3826"}],"wp:term":[{"taxonomy":"category","embeddable":true,"href":"https:\/\/sorbetkiwi.fr\/index.php\/wp-json\/wp\/v2\/categories?post=3826"},{"taxonomy":"post_tag","embeddable":true,"href":"https:\/\/sorbetkiwi.fr\/index.php\/wp-json\/wp\/v2\/tags?post=3826"}],"curies":[{"name":"wp","href":"https:\/\/api.w.org\/{rel}","templated":true}]}}