{"id":3818,"date":"2023-09-13T07:00:00","date_gmt":"2023-09-13T05:00:00","guid":{"rendered":"https:\/\/sorbetkiwi.fr\/?p=3818"},"modified":"2023-09-10T16:55:32","modified_gmt":"2023-09-10T14:55:32","slug":"la-grande-fabrique-de-mots-de-lestrade-et-docamp","status":"publish","type":"post","link":"https:\/\/sorbetkiwi.fr\/index.php\/la-grande-fabrique-de-mots-de-lestrade-et-docamp\/","title":{"rendered":"La grande fabrique de mots de Lestrade et Docamp"},"content":{"rendered":"\t\t<div data-elementor-type=\"wp-post\" data-elementor-id=\"3818\" class=\"elementor elementor-3818\">\n\t\t\t\t\t\t<section class=\"elementor-section elementor-top-section elementor-element elementor-element-5096a488 elementor-section-boxed elementor-section-height-default elementor-section-height-default\" data-id=\"5096a488\" data-element_type=\"section\" data-e-type=\"section\">\n\t\t\t\t\t\t<div class=\"elementor-container elementor-column-gap-default\">\n\t\t\t\t\t<div class=\"elementor-column elementor-col-100 elementor-top-column elementor-element elementor-element-78b02423\" data-id=\"78b02423\" data-element_type=\"column\" data-e-type=\"column\">\n\t\t\t<div class=\"elementor-widget-wrap elementor-element-populated\">\n\t\t\t\t\t\t<div class=\"elementor-element elementor-element-24339681 elementor-widget elementor-widget-heading\" data-id=\"24339681\" data-element_type=\"widget\" data-e-type=\"widget\" data-widget_type=\"heading.default\">\n\t\t\t\t<div class=\"elementor-widget-container\">\n\t\t\t\t\t<h1 class=\"elementor-heading-title elementor-size-medium\">La grande fabrique de mots Lestrade Docampo<\/h1>\t\t\t\t<\/div>\n\t\t\t\t<\/div>\n\t\t\t\t<div class=\"elementor-element elementor-element-3ea8fea3 elementor-view-default elementor-widget elementor-widget-icon\" data-id=\"3ea8fea3\" data-element_type=\"widget\" data-e-type=\"widget\" data-widget_type=\"icon.default\">\n\t\t\t\t<div class=\"elementor-widget-container\">\n\t\t\t\t\t\t\t<div class=\"elementor-icon-wrapper\">\n\t\t\t<div class=\"elementor-icon\">\n\t\t\t<i aria-hidden=\"true\" class=\"fab fa-canadian-maple-leaf\"><\/i>\t\t\t<\/div>\n\t\t<\/div>\n\t\t\t\t\t\t<\/div>\n\t\t\t\t<\/div>\n\t\t\t\t<div class=\"elementor-element elementor-element-4a5e02b5 elementor-widget-divider--view-line elementor-widget elementor-widget-divider\" data-id=\"4a5e02b5\" data-element_type=\"widget\" data-e-type=\"widget\" data-widget_type=\"divider.default\">\n\t\t\t\t<div class=\"elementor-widget-container\">\n\t\t\t\t\t\t\t<div class=\"elementor-divider\">\n\t\t\t<span class=\"elementor-divider-separator\">\n\t\t\t\t\t\t<\/span>\n\t\t<\/div>\n\t\t\t\t\t\t<\/div>\n\t\t\t\t<\/div>\n\t\t\t\t<div class=\"elementor-element elementor-element-cd1636d elementor-widget elementor-widget-heading\" data-id=\"cd1636d\" data-element_type=\"widget\" data-e-type=\"widget\" data-widget_type=\"heading.default\">\n\t\t\t\t<div class=\"elementor-widget-container\">\n\t\t\t\t\t<h2 class=\"elementor-heading-title elementor-size-medium\">R\u00e9sum\u00e9<\/h2>\t\t\t\t<\/div>\n\t\t\t\t<\/div>\n\t\t\t\t<div class=\"elementor-element elementor-element-39895715 elementor-widget elementor-widget-text-editor\" data-id=\"39895715\" data-element_type=\"widget\" data-e-type=\"widget\" data-widget_type=\"text-editor.default\">\n\t\t\t\t<div class=\"elementor-widget-container\">\n\t\t\t\t\t\t\t\t\t<p>Il existe un pays o\u00f9 les gens ne parlent presque pas. Dans cet \u00e9trange pays, il faut acheter les mots et les avaler pour pouvoir les prononcer. Le petit Phil\u00e9as a besoin de mots pour ouvrir son c\u0153ur \u00e0 la jolie Cybelle. Mais comment faire ? Car, pour tout ce qu&rsquo;il a envie de dire \u00e0 Cybelle, il y en a pour une fortune&#8230;<\/p>\t\t\t\t\t\t\t\t<\/div>\n\t\t\t\t<\/div>\n\t\t\t\t<div class=\"elementor-element elementor-element-59f2e8be elementor-widget-divider--view-line elementor-widget elementor-widget-divider\" data-id=\"59f2e8be\" data-element_type=\"widget\" data-e-type=\"widget\" data-widget_type=\"divider.default\">\n\t\t\t\t<div class=\"elementor-widget-container\">\n\t\t\t\t\t\t\t<div class=\"elementor-divider\">\n\t\t\t<span class=\"elementor-divider-separator\">\n\t\t\t\t\t\t<\/span>\n\t\t<\/div>\n\t\t\t\t\t\t<\/div>\n\t\t\t\t<\/div>\n\t\t\t\t<div class=\"elementor-element elementor-element-2b06b417 elementor-widget elementor-widget-heading\" data-id=\"2b06b417\" data-element_type=\"widget\" data-e-type=\"widget\" data-widget_type=\"heading.default\">\n\t\t\t\t<div class=\"elementor-widget-container\">\n\t\t\t\t\t<h2 class=\"elementor-heading-title elementor-size-medium\">Ma note<\/h2>\t\t\t\t<\/div>\n\t\t\t\t<\/div>\n\t\t\t\t<div class=\"elementor-element elementor-element-34b921f7 elementor-star-rating--align-center elementor--star-style-star_fontawesome elementor-widget elementor-widget-star-rating\" data-id=\"34b921f7\" data-element_type=\"widget\" data-e-type=\"widget\" data-widget_type=\"star-rating.default\">\n\t\t\t\t<div class=\"elementor-widget-container\">\n\t\t\t\t\t\t\t<div class=\"elementor-star-rating__wrapper\">\n\t\t\t\t\t\t<div class=\"elementor-star-rating\" itemtype=\"http:\/\/schema.org\/Rating\" itemscope=\"\" itemprop=\"reviewRating\">\n\t\t\t\t<i class=\"elementor-star-full\" aria-hidden=\"true\">&#xE934;<\/i><i class=\"elementor-star-full\" aria-hidden=\"true\">&#xE934;<\/i><i class=\"elementor-star-full\" aria-hidden=\"true\">&#xE934;<\/i><i class=\"elementor-star-full\" aria-hidden=\"true\">&#xE934;<\/i><i class=\"elementor-star-5\" aria-hidden=\"true\">&#xE934;<\/i>\t\t\t\t<span itemprop=\"ratingValue\" class=\"elementor-screen-only\">Not\u00e9 4.5 sur 5<\/span>\n\t\t\t<\/div>\n\t\t<\/div>\n\t\t\t\t\t\t<\/div>\n\t\t\t\t<\/div>\n\t\t\t\t<div class=\"elementor-element elementor-element-73aee02d elementor-widget-divider--view-line elementor-widget elementor-widget-divider\" data-id=\"73aee02d\" data-element_type=\"widget\" data-e-type=\"widget\" data-widget_type=\"divider.default\">\n\t\t\t\t<div class=\"elementor-widget-container\">\n\t\t\t\t\t\t\t<div class=\"elementor-divider\">\n\t\t\t<span class=\"elementor-divider-separator\">\n\t\t\t\t\t\t<\/span>\n\t\t<\/div>\n\t\t\t\t\t\t<\/div>\n\t\t\t\t<\/div>\n\t\t\t\t<div class=\"elementor-element elementor-element-4dcc1d8 elementor-widget elementor-widget-heading\" data-id=\"4dcc1d8\" data-element_type=\"widget\" data-e-type=\"widget\" data-widget_type=\"heading.default\">\n\t\t\t\t<div class=\"elementor-widget-container\">\n\t\t\t\t\t<h2 class=\"elementor-heading-title elementor-size-medium\">Des illustrations qui m'attiraient<\/h2>\t\t\t\t<\/div>\n\t\t\t\t<\/div>\n\t\t\t\t<div class=\"elementor-element elementor-element-69ea0334 elementor-widget elementor-widget-text-editor\" data-id=\"69ea0334\" data-element_type=\"widget\" data-e-type=\"widget\" data-widget_type=\"text-editor.default\">\n\t\t\t\t<div class=\"elementor-widget-container\">\n\t\t\t\t\t\t\t\t\t<p>Quelle jolie d\u00e9couverte dans le cadre du <a href=\"https:\/\/www.livraddict.com\/forum\/viewtopic.php?id=35751\">Baby challenge Livraddict des albums<\/a>. Je l&rsquo;ai choisi pour la <a href=\"https:\/\/sorbetkiwi.fr\/index.php\/category\/l-automne\/\">rentr\u00e9e<\/a>, \u00e9tant donn\u00e9 que nous parlons ici de mots d&rsquo;enfants. Mais avant cela, je dois dire que je ne connaissais pas du tout cette maison d&rsquo;\u00e9dition. Le livre est de 2009, et j&rsquo;ai pu le d\u00e9couvrir gr\u00e2ce \u00e0 la Biblioth\u00e8que d&rsquo;Alsace, qui travaille avec ma m\u00e9diath\u00e8que locale. Le dessin m&rsquo;a imm\u00e9diatement fait penser \u00e0 du Rebecca Dautremer, dont j&rsquo;adore le style. C&rsquo;est donc tr\u00e8s bon signe et je savais que je me lan\u00e7ais dans quelque chose qui allait me plaire esth\u00e9tiquement.\u00a0<\/p>\t\t\t\t\t\t\t\t<\/div>\n\t\t\t\t<\/div>\n\t\t\t\t<div class=\"elementor-element elementor-element-145fa050 elementor-widget-divider--view-line elementor-widget elementor-widget-divider\" data-id=\"145fa050\" data-element_type=\"widget\" data-e-type=\"widget\" data-widget_type=\"divider.default\">\n\t\t\t\t<div class=\"elementor-widget-container\">\n\t\t\t\t\t\t\t<div class=\"elementor-divider\">\n\t\t\t<span class=\"elementor-divider-separator\">\n\t\t\t\t\t\t<\/span>\n\t\t<\/div>\n\t\t\t\t\t\t<\/div>\n\t\t\t\t<\/div>\n\t\t\t\t<div class=\"elementor-element elementor-element-67ae2546 elementor-widget elementor-widget-heading\" data-id=\"67ae2546\" data-element_type=\"widget\" data-e-type=\"widget\" data-widget_type=\"heading.default\">\n\t\t\t\t<div class=\"elementor-widget-container\">\n\t\t\t\t\t<h4 class=\"elementor-heading-title elementor-size-medium\">\"Phil\u00e9as n'a plus qu'un mot \u00e0 dire.\nIl l'a trouv\u00e9, il y a longtemps, dans une poubelle parmi des centaines\nde crottes de biques et de fesses de lapins.\nCe mot, il l'aime beaucoup.\nIl le gardait pour un grand jour. Et ce grand jour est arriv\u00e9.\"<\/h4>\t\t\t\t<\/div>\n\t\t\t\t<\/div>\n\t\t\t\t<div class=\"elementor-element elementor-element-207a945d elementor-widget-divider--view-line elementor-widget elementor-widget-divider\" data-id=\"207a945d\" data-element_type=\"widget\" data-e-type=\"widget\" data-widget_type=\"divider.default\">\n\t\t\t\t<div class=\"elementor-widget-container\">\n\t\t\t\t\t\t\t<div class=\"elementor-divider\">\n\t\t\t<span class=\"elementor-divider-separator\">\n\t\t\t\t\t\t<\/span>\n\t\t<\/div>\n\t\t\t\t\t\t<\/div>\n\t\t\t\t<\/div>\n\t\t\t\t<div class=\"elementor-element elementor-element-a63a341 elementor-widget elementor-widget-heading\" data-id=\"a63a341\" data-element_type=\"widget\" data-e-type=\"widget\" data-widget_type=\"heading.default\">\n\t\t\t\t<div class=\"elementor-widget-container\">\n\t\t\t\t\t<h2 class=\"elementor-heading-title elementor-size-medium\">Economiser ses mots<\/h2>\t\t\t\t<\/div>\n\t\t\t\t<\/div>\n\t\t\t\t<div class=\"elementor-element elementor-element-3cf21bd0 elementor-widget elementor-widget-text-editor\" data-id=\"3cf21bd0\" data-element_type=\"widget\" data-e-type=\"widget\" data-widget_type=\"text-editor.default\">\n\t\t\t\t<div class=\"elementor-widget-container\">\n\t\t\t\t\t\t\t\t\t<p>Litt\u00e9ralement, La grande fabrique de mots va aborder la valeur de la parole. Mais aussi la valeur du silence et de la communication non-verbale. Nous parlons d&rsquo;amour d&rsquo;enfants (encore), mais le cadre conf\u00e8re quelque chose de tr\u00e8s pr\u00e9cieux \u00e0 ce r\u00e9cit. On n&rsquo;\u00e9conomise pas ses mots pour la forme, mais parce qu&rsquo;ils co\u00fbtent cher. Et les enfants n&rsquo;ont pas tous de l&rsquo;argent \u00e0 d\u00e9penser. Cet affect entre Phil\u00e9as et Cybelle sert le r\u00e9cit de la vie des deux protagonistes.\u00a0<\/p>\t\t\t\t\t\t\t\t<\/div>\n\t\t\t\t<\/div>\n\t\t\t\t<div class=\"elementor-element elementor-element-37280319 elementor-widget-divider--view-line elementor-widget elementor-widget-divider\" data-id=\"37280319\" data-element_type=\"widget\" data-e-type=\"widget\" data-widget_type=\"divider.default\">\n\t\t\t\t<div class=\"elementor-widget-container\">\n\t\t\t\t\t\t\t<div class=\"elementor-divider\">\n\t\t\t<span class=\"elementor-divider-separator\">\n\t\t\t\t\t\t<\/span>\n\t\t<\/div>\n\t\t\t\t\t\t<\/div>\n\t\t\t\t<\/div>\n\t\t\t\t<div class=\"elementor-element elementor-element-4af80fd elementor-widget elementor-widget-heading\" data-id=\"4af80fd\" data-element_type=\"widget\" data-e-type=\"widget\" data-widget_type=\"heading.default\">\n\t\t\t\t<div class=\"elementor-widget-container\">\n\t\t\t\t\t<h2 class=\"elementor-heading-title elementor-size-medium\">La valeur de la parole<\/h2>\t\t\t\t<\/div>\n\t\t\t\t<\/div>\n\t\t\t\t<div class=\"elementor-element elementor-element-15ff66ef elementor-widget elementor-widget-text-editor\" data-id=\"15ff66ef\" data-element_type=\"widget\" data-e-type=\"widget\" data-widget_type=\"text-editor.default\">\n\t\t\t\t<div class=\"elementor-widget-container\">\n\t\t\t\t\t\t\t\t\t<p>C&rsquo;est une tr\u00e8s belle histoire que celle de La grande fabrique de mots. J&rsquo;aurai tout \u00e0 fait pu me la garder pour la Saint-Valentin, mais j&rsquo;avance trop bien dans mon challenge pour m&rsquo;arr\u00eater en si bon chemin. Ici, les mots ont vraiment de l&rsquo;importance, il colle donc \u00e9galement \u00e0 la rentr\u00e9e. Cet album transmet aux enfants l&rsquo;objectif de s&rsquo;\u00e9loigner de la parole creuse. De dire ce que l&rsquo;on a sur le coeur \u00e0 travers les actes et en \u00e9conomisant ses paroles pour ce qui est vraiment important. A l&rsquo;\u00e8re des r\u00e9seaux sociaux, ce message est peut-\u00eatre d&rsquo;autant plus important ? La grande fabrique de mots n&rsquo;a absolument pas vieilli, et son message semble se renforcer au fil des ann\u00e9es en tous cas. Je le recommande !<\/p>\t\t\t\t\t\t\t\t<\/div>\n\t\t\t\t<\/div>\n\t\t\t\t\t<\/div>\n\t\t<\/div>\n\t\t\t\t\t<\/div>\n\t\t<\/section>\n\t\t\t\t<\/div>\n\t\t","protected":false},"excerpt":{"rendered":"<p>La grande fabrique de mots Lestrade Docampo R\u00e9sum\u00e9 Il existe un pays o\u00f9 les gens ne parlent presque pas. Dans cet \u00e9trange pays, il faut acheter les mots et les avaler pour pouvoir les prononcer. &hellip; <\/p>\n","protected":false},"author":1,"featured_media":3819,"comment_status":"open","ping_status":"open","sticky":false,"template":"","format":"standard","meta":{"footnotes":""},"categories":[7,15,1],"tags":[1016,708,268,1018,1015,558,1017],"class_list":["post-3818","post","type-post","status-publish","format-standard","has-post-thumbnail","hentry","category-benevolat","category-l-automne","category-tout-le-blog","tag-agnes-de-lestrade","tag-album","tag-album-jeunesse","tag-alice-editions","tag-la-grande-fabrique-de-mots","tag-mercredi","tag-valeria-docampo","has-single-img"],"yoast_head":"<!-- This site is optimized with the Yoast SEO plugin v27.4 - https:\/\/yoast.com\/product\/yoast-seo-wordpress\/ -->\n<title>La grande fabrique de mots de Lestrade et Docamp - Sorbet Kiwi<\/title>\n<meta name=\"description\" content=\"Ma chronique de l&#039;album La grande fabrique de Mots de Agn\u00e8s de Lestrade et Val\u00e9ria Docampo aux \u00e9ditions Alice.\" \/>\n<meta name=\"robots\" content=\"index, follow, max-snippet:-1, max-image-preview:large, max-video-preview:-1\" \/>\n<link rel=\"canonical\" href=\"https:\/\/sorbetkiwi.fr\/index.php\/la-grande-fabrique-de-mots-de-lestrade-et-docamp\/\" \/>\n<meta property=\"og:locale\" content=\"fr_FR\" \/>\n<meta property=\"og:type\" content=\"article\" \/>\n<meta property=\"og:title\" content=\"La grande fabrique de mots de Lestrade et Docamp - Sorbet Kiwi\" \/>\n<meta property=\"og:description\" content=\"Ma chronique de l&#039;album La grande fabrique de Mots de Agn\u00e8s de Lestrade et Val\u00e9ria Docampo aux \u00e9ditions Alice.\" \/>\n<meta property=\"og:url\" content=\"https:\/\/sorbetkiwi.fr\/index.php\/la-grande-fabrique-de-mots-de-lestrade-et-docamp\/\" \/>\n<meta property=\"og:site_name\" content=\"Sorbet Kiwi\" \/>\n<meta property=\"article:publisher\" content=\"https:\/\/www.facebook.com\/profile.php?id=100086238893269\" \/>\n<meta property=\"article:published_time\" content=\"2023-09-13T05:00:00+00:00\" \/>\n<meta property=\"og:image\" content=\"https:\/\/sorbetkiwi.fr\/wp-content\/uploads\/2023\/09\/La-grande-fabrique-de-mots-Lestrade-Docampo-1-scaled.jpg\" \/>\n\t<meta property=\"og:image:width\" content=\"1920\" \/>\n\t<meta property=\"og:image:height\" content=\"2560\" \/>\n\t<meta property=\"og:image:type\" content=\"image\/jpeg\" \/>\n<meta name=\"author\" content=\"Sorbet-Kiwi\" \/>\n<meta name=\"twitter:card\" content=\"summary_large_image\" \/>\n<meta name=\"twitter:creator\" content=\"@pepparshoes\" \/>\n<meta name=\"twitter:site\" content=\"@pepparshoes\" \/>\n<meta name=\"twitter:label1\" content=\"\u00c9crit par\" \/>\n\t<meta name=\"twitter:data1\" content=\"Sorbet-Kiwi\" \/>\n\t<meta name=\"twitter:label2\" content=\"Dur\u00e9e de lecture estim\u00e9e\" \/>\n\t<meta name=\"twitter:data2\" content=\"3 minutes\" \/>\n<script type=\"application\/ld+json\" class=\"yoast-schema-graph\">{\"@context\":\"https:\\\/\\\/schema.org\",\"@graph\":[{\"@type\":\"Article\",\"@id\":\"https:\\\/\\\/sorbetkiwi.fr\\\/index.php\\\/la-grande-fabrique-de-mots-de-lestrade-et-docamp\\\/#article\",\"isPartOf\":{\"@id\":\"https:\\\/\\\/sorbetkiwi.fr\\\/index.php\\\/la-grande-fabrique-de-mots-de-lestrade-et-docamp\\\/\"},\"author\":{\"name\":\"Sorbet-Kiwi\",\"@id\":\"https:\\\/\\\/sorbetkiwi.fr\\\/#\\\/schema\\\/person\\\/ed1b7b527a2957ddc3bf38b076540659\"},\"headline\":\"La grande fabrique de mots de Lestrade et Docamp\",\"datePublished\":\"2023-09-13T05:00:00+00:00\",\"mainEntityOfPage\":{\"@id\":\"https:\\\/\\\/sorbetkiwi.fr\\\/index.php\\\/la-grande-fabrique-de-mots-de-lestrade-et-docamp\\\/\"},\"wordCount\":497,\"commentCount\":2,\"publisher\":{\"@id\":\"https:\\\/\\\/sorbetkiwi.fr\\\/#organization\"},\"image\":{\"@id\":\"https:\\\/\\\/sorbetkiwi.fr\\\/index.php\\\/la-grande-fabrique-de-mots-de-lestrade-et-docamp\\\/#primaryimage\"},\"thumbnailUrl\":\"https:\\\/\\\/sorbetkiwi.fr\\\/wp-content\\\/uploads\\\/2023\\\/09\\\/La-grande-fabrique-de-mots-Lestrade-Docampo-1-scaled.jpg\",\"keywords\":[\"Agn\u00e8s de Lestrade\",\"Album\",\"Album jeunesse\",\"Alice \u00e9ditions\",\"La grande fabrique de mots\",\"Mercredi\",\"Valeria Docampo\"],\"articleSection\":[\"B\u00e9n\u00e9volat\",\"L'automne\",\"Tout le blog\"],\"inLanguage\":\"fr-FR\",\"potentialAction\":[{\"@type\":\"CommentAction\",\"name\":\"Comment\",\"target\":[\"https:\\\/\\\/sorbetkiwi.fr\\\/index.php\\\/la-grande-fabrique-de-mots-de-lestrade-et-docamp\\\/#respond\"]}]},{\"@type\":\"WebPage\",\"@id\":\"https:\\\/\\\/sorbetkiwi.fr\\\/index.php\\\/la-grande-fabrique-de-mots-de-lestrade-et-docamp\\\/\",\"url\":\"https:\\\/\\\/sorbetkiwi.fr\\\/index.php\\\/la-grande-fabrique-de-mots-de-lestrade-et-docamp\\\/\",\"name\":\"La grande fabrique de mots de Lestrade et Docamp - Sorbet Kiwi\",\"isPartOf\":{\"@id\":\"https:\\\/\\\/sorbetkiwi.fr\\\/#website\"},\"primaryImageOfPage\":{\"@id\":\"https:\\\/\\\/sorbetkiwi.fr\\\/index.php\\\/la-grande-fabrique-de-mots-de-lestrade-et-docamp\\\/#primaryimage\"},\"image\":{\"@id\":\"https:\\\/\\\/sorbetkiwi.fr\\\/index.php\\\/la-grande-fabrique-de-mots-de-lestrade-et-docamp\\\/#primaryimage\"},\"thumbnailUrl\":\"https:\\\/\\\/sorbetkiwi.fr\\\/wp-content\\\/uploads\\\/2023\\\/09\\\/La-grande-fabrique-de-mots-Lestrade-Docampo-1-scaled.jpg\",\"datePublished\":\"2023-09-13T05:00:00+00:00\",\"description\":\"Ma chronique de l'album La grande fabrique de Mots de Agn\u00e8s de Lestrade et Val\u00e9ria Docampo aux \u00e9ditions Alice.\",\"breadcrumb\":{\"@id\":\"https:\\\/\\\/sorbetkiwi.fr\\\/index.php\\\/la-grande-fabrique-de-mots-de-lestrade-et-docamp\\\/#breadcrumb\"},\"inLanguage\":\"fr-FR\",\"potentialAction\":[{\"@type\":\"ReadAction\",\"target\":[\"https:\\\/\\\/sorbetkiwi.fr\\\/index.php\\\/la-grande-fabrique-de-mots-de-lestrade-et-docamp\\\/\"]}]},{\"@type\":\"ImageObject\",\"inLanguage\":\"fr-FR\",\"@id\":\"https:\\\/\\\/sorbetkiwi.fr\\\/index.php\\\/la-grande-fabrique-de-mots-de-lestrade-et-docamp\\\/#primaryimage\",\"url\":\"https:\\\/\\\/sorbetkiwi.fr\\\/wp-content\\\/uploads\\\/2023\\\/09\\\/La-grande-fabrique-de-mots-Lestrade-Docampo-1-scaled.jpg\",\"contentUrl\":\"https:\\\/\\\/sorbetkiwi.fr\\\/wp-content\\\/uploads\\\/2023\\\/09\\\/La-grande-fabrique-de-mots-Lestrade-Docampo-1-scaled.jpg\",\"width\":1920,\"height\":2560,\"caption\":\"La grande fabrique de mots Lestrade Docampo\"},{\"@type\":\"BreadcrumbList\",\"@id\":\"https:\\\/\\\/sorbetkiwi.fr\\\/index.php\\\/la-grande-fabrique-de-mots-de-lestrade-et-docamp\\\/#breadcrumb\",\"itemListElement\":[{\"@type\":\"ListItem\",\"position\":1,\"name\":\"Accueil\",\"item\":\"https:\\\/\\\/sorbetkiwi.fr\\\/\"},{\"@type\":\"ListItem\",\"position\":2,\"name\":\"La grande fabrique de mots de Lestrade et Docamp\"}]},{\"@type\":\"WebSite\",\"@id\":\"https:\\\/\\\/sorbetkiwi.fr\\\/#website\",\"url\":\"https:\\\/\\\/sorbetkiwi.fr\\\/\",\"name\":\"Sorbet Kiwi\",\"description\":\"Des lectures th\u00e9matiques par saison et les avis qui vont avec\",\"publisher\":{\"@id\":\"https:\\\/\\\/sorbetkiwi.fr\\\/#organization\"},\"potentialAction\":[{\"@type\":\"SearchAction\",\"target\":{\"@type\":\"EntryPoint\",\"urlTemplate\":\"https:\\\/\\\/sorbetkiwi.fr\\\/?s={search_term_string}\"},\"query-input\":{\"@type\":\"PropertyValueSpecification\",\"valueRequired\":true,\"valueName\":\"search_term_string\"}}],\"inLanguage\":\"fr-FR\"},{\"@type\":\"Organization\",\"@id\":\"https:\\\/\\\/sorbetkiwi.fr\\\/#organization\",\"name\":\"Sorbet Kiwi\",\"url\":\"https:\\\/\\\/sorbetkiwi.fr\\\/\",\"logo\":{\"@type\":\"ImageObject\",\"inLanguage\":\"fr-FR\",\"@id\":\"https:\\\/\\\/sorbetkiwi.fr\\\/#\\\/schema\\\/logo\\\/image\\\/\",\"url\":\"https:\\\/\\\/sorbetkiwi.fr\\\/wp-content\\\/uploads\\\/2022\\\/10\\\/Banniere-Sorbet-Kiwi-2022.jpg\",\"contentUrl\":\"https:\\\/\\\/sorbetkiwi.fr\\\/wp-content\\\/uploads\\\/2022\\\/10\\\/Banniere-Sorbet-Kiwi-2022.jpg\",\"width\":814,\"height\":401,\"caption\":\"Sorbet Kiwi\"},\"image\":{\"@id\":\"https:\\\/\\\/sorbetkiwi.fr\\\/#\\\/schema\\\/logo\\\/image\\\/\"},\"sameAs\":[\"https:\\\/\\\/www.facebook.com\\\/profile.php?id=100086238893269\",\"https:\\\/\\\/x.com\\\/pepparshoes\",\"https:\\\/\\\/www.instagram.com\\\/sorbetkiwi\\\/\",\"https:\\\/\\\/www.tiktok.com\\\/sorbetkiwi\"]},{\"@type\":\"Person\",\"@id\":\"https:\\\/\\\/sorbetkiwi.fr\\\/#\\\/schema\\\/person\\\/ed1b7b527a2957ddc3bf38b076540659\",\"name\":\"Sorbet-Kiwi\",\"image\":{\"@type\":\"ImageObject\",\"inLanguage\":\"fr-FR\",\"@id\":\"https:\\\/\\\/secure.gravatar.com\\\/avatar\\\/86f0a5c27d76317621b9e374d0f3a01d3a85278f10d0c7207ced4fd773057442?s=96&d=mm&r=g\",\"url\":\"https:\\\/\\\/secure.gravatar.com\\\/avatar\\\/86f0a5c27d76317621b9e374d0f3a01d3a85278f10d0c7207ced4fd773057442?s=96&d=mm&r=g\",\"contentUrl\":\"https:\\\/\\\/secure.gravatar.com\\\/avatar\\\/86f0a5c27d76317621b9e374d0f3a01d3a85278f10d0c7207ced4fd773057442?s=96&d=mm&r=g\",\"caption\":\"Sorbet-Kiwi\"},\"sameAs\":[\"http:\\\/\\\/sorbetkiwi.fr\"],\"url\":\"https:\\\/\\\/sorbetkiwi.fr\\\/index.php\\\/author\\\/admin7717\\\/\"}]}<\/script>\n<!-- \/ Yoast SEO plugin. -->","yoast_head_json":{"title":"La grande fabrique de mots de Lestrade et Docamp - Sorbet Kiwi","description":"Ma chronique de l'album La grande fabrique de Mots de Agn\u00e8s de Lestrade et Val\u00e9ria Docampo aux \u00e9ditions Alice.","robots":{"index":"index","follow":"follow","max-snippet":"max-snippet:-1","max-image-preview":"max-image-preview:large","max-video-preview":"max-video-preview:-1"},"canonical":"https:\/\/sorbetkiwi.fr\/index.php\/la-grande-fabrique-de-mots-de-lestrade-et-docamp\/","og_locale":"fr_FR","og_type":"article","og_title":"La grande fabrique de mots de Lestrade et Docamp - Sorbet Kiwi","og_description":"Ma chronique de l'album La grande fabrique de Mots de Agn\u00e8s de Lestrade et Val\u00e9ria Docampo aux \u00e9ditions Alice.","og_url":"https:\/\/sorbetkiwi.fr\/index.php\/la-grande-fabrique-de-mots-de-lestrade-et-docamp\/","og_site_name":"Sorbet Kiwi","article_publisher":"https:\/\/www.facebook.com\/profile.php?id=100086238893269","article_published_time":"2023-09-13T05:00:00+00:00","og_image":[{"width":1920,"height":2560,"url":"https:\/\/sorbetkiwi.fr\/wp-content\/uploads\/2023\/09\/La-grande-fabrique-de-mots-Lestrade-Docampo-1-scaled.jpg","type":"image\/jpeg"}],"author":"Sorbet-Kiwi","twitter_card":"summary_large_image","twitter_creator":"@pepparshoes","twitter_site":"@pepparshoes","twitter_misc":{"\u00c9crit par":"Sorbet-Kiwi","Dur\u00e9e de lecture estim\u00e9e":"3 minutes"},"schema":{"@context":"https:\/\/schema.org","@graph":[{"@type":"Article","@id":"https:\/\/sorbetkiwi.fr\/index.php\/la-grande-fabrique-de-mots-de-lestrade-et-docamp\/#article","isPartOf":{"@id":"https:\/\/sorbetkiwi.fr\/index.php\/la-grande-fabrique-de-mots-de-lestrade-et-docamp\/"},"author":{"name":"Sorbet-Kiwi","@id":"https:\/\/sorbetkiwi.fr\/#\/schema\/person\/ed1b7b527a2957ddc3bf38b076540659"},"headline":"La grande fabrique de mots de Lestrade et Docamp","datePublished":"2023-09-13T05:00:00+00:00","mainEntityOfPage":{"@id":"https:\/\/sorbetkiwi.fr\/index.php\/la-grande-fabrique-de-mots-de-lestrade-et-docamp\/"},"wordCount":497,"commentCount":2,"publisher":{"@id":"https:\/\/sorbetkiwi.fr\/#organization"},"image":{"@id":"https:\/\/sorbetkiwi.fr\/index.php\/la-grande-fabrique-de-mots-de-lestrade-et-docamp\/#primaryimage"},"thumbnailUrl":"https:\/\/sorbetkiwi.fr\/wp-content\/uploads\/2023\/09\/La-grande-fabrique-de-mots-Lestrade-Docampo-1-scaled.jpg","keywords":["Agn\u00e8s de Lestrade","Album","Album jeunesse","Alice \u00e9ditions","La grande fabrique de mots","Mercredi","Valeria Docampo"],"articleSection":["B\u00e9n\u00e9volat","L'automne","Tout le blog"],"inLanguage":"fr-FR","potentialAction":[{"@type":"CommentAction","name":"Comment","target":["https:\/\/sorbetkiwi.fr\/index.php\/la-grande-fabrique-de-mots-de-lestrade-et-docamp\/#respond"]}]},{"@type":"WebPage","@id":"https:\/\/sorbetkiwi.fr\/index.php\/la-grande-fabrique-de-mots-de-lestrade-et-docamp\/","url":"https:\/\/sorbetkiwi.fr\/index.php\/la-grande-fabrique-de-mots-de-lestrade-et-docamp\/","name":"La grande fabrique de mots de Lestrade et Docamp - Sorbet Kiwi","isPartOf":{"@id":"https:\/\/sorbetkiwi.fr\/#website"},"primaryImageOfPage":{"@id":"https:\/\/sorbetkiwi.fr\/index.php\/la-grande-fabrique-de-mots-de-lestrade-et-docamp\/#primaryimage"},"image":{"@id":"https:\/\/sorbetkiwi.fr\/index.php\/la-grande-fabrique-de-mots-de-lestrade-et-docamp\/#primaryimage"},"thumbnailUrl":"https:\/\/sorbetkiwi.fr\/wp-content\/uploads\/2023\/09\/La-grande-fabrique-de-mots-Lestrade-Docampo-1-scaled.jpg","datePublished":"2023-09-13T05:00:00+00:00","description":"Ma chronique de l'album La grande fabrique de Mots de Agn\u00e8s de Lestrade et Val\u00e9ria Docampo aux \u00e9ditions Alice.","breadcrumb":{"@id":"https:\/\/sorbetkiwi.fr\/index.php\/la-grande-fabrique-de-mots-de-lestrade-et-docamp\/#breadcrumb"},"inLanguage":"fr-FR","potentialAction":[{"@type":"ReadAction","target":["https:\/\/sorbetkiwi.fr\/index.php\/la-grande-fabrique-de-mots-de-lestrade-et-docamp\/"]}]},{"@type":"ImageObject","inLanguage":"fr-FR","@id":"https:\/\/sorbetkiwi.fr\/index.php\/la-grande-fabrique-de-mots-de-lestrade-et-docamp\/#primaryimage","url":"https:\/\/sorbetkiwi.fr\/wp-content\/uploads\/2023\/09\/La-grande-fabrique-de-mots-Lestrade-Docampo-1-scaled.jpg","contentUrl":"https:\/\/sorbetkiwi.fr\/wp-content\/uploads\/2023\/09\/La-grande-fabrique-de-mots-Lestrade-Docampo-1-scaled.jpg","width":1920,"height":2560,"caption":"La grande fabrique de mots Lestrade Docampo"},{"@type":"BreadcrumbList","@id":"https:\/\/sorbetkiwi.fr\/index.php\/la-grande-fabrique-de-mots-de-lestrade-et-docamp\/#breadcrumb","itemListElement":[{"@type":"ListItem","position":1,"name":"Accueil","item":"https:\/\/sorbetkiwi.fr\/"},{"@type":"ListItem","position":2,"name":"La grande fabrique de mots de Lestrade et Docamp"}]},{"@type":"WebSite","@id":"https:\/\/sorbetkiwi.fr\/#website","url":"https:\/\/sorbetkiwi.fr\/","name":"Sorbet Kiwi","description":"Des lectures th\u00e9matiques par saison et les avis qui vont avec","publisher":{"@id":"https:\/\/sorbetkiwi.fr\/#organization"},"potentialAction":[{"@type":"SearchAction","target":{"@type":"EntryPoint","urlTemplate":"https:\/\/sorbetkiwi.fr\/?s={search_term_string}"},"query-input":{"@type":"PropertyValueSpecification","valueRequired":true,"valueName":"search_term_string"}}],"inLanguage":"fr-FR"},{"@type":"Organization","@id":"https:\/\/sorbetkiwi.fr\/#organization","name":"Sorbet Kiwi","url":"https:\/\/sorbetkiwi.fr\/","logo":{"@type":"ImageObject","inLanguage":"fr-FR","@id":"https:\/\/sorbetkiwi.fr\/#\/schema\/logo\/image\/","url":"https:\/\/sorbetkiwi.fr\/wp-content\/uploads\/2022\/10\/Banniere-Sorbet-Kiwi-2022.jpg","contentUrl":"https:\/\/sorbetkiwi.fr\/wp-content\/uploads\/2022\/10\/Banniere-Sorbet-Kiwi-2022.jpg","width":814,"height":401,"caption":"Sorbet Kiwi"},"image":{"@id":"https:\/\/sorbetkiwi.fr\/#\/schema\/logo\/image\/"},"sameAs":["https:\/\/www.facebook.com\/profile.php?id=100086238893269","https:\/\/x.com\/pepparshoes","https:\/\/www.instagram.com\/sorbetkiwi\/","https:\/\/www.tiktok.com\/sorbetkiwi"]},{"@type":"Person","@id":"https:\/\/sorbetkiwi.fr\/#\/schema\/person\/ed1b7b527a2957ddc3bf38b076540659","name":"Sorbet-Kiwi","image":{"@type":"ImageObject","inLanguage":"fr-FR","@id":"https:\/\/secure.gravatar.com\/avatar\/86f0a5c27d76317621b9e374d0f3a01d3a85278f10d0c7207ced4fd773057442?s=96&d=mm&r=g","url":"https:\/\/secure.gravatar.com\/avatar\/86f0a5c27d76317621b9e374d0f3a01d3a85278f10d0c7207ced4fd773057442?s=96&d=mm&r=g","contentUrl":"https:\/\/secure.gravatar.com\/avatar\/86f0a5c27d76317621b9e374d0f3a01d3a85278f10d0c7207ced4fd773057442?s=96&d=mm&r=g","caption":"Sorbet-Kiwi"},"sameAs":["http:\/\/sorbetkiwi.fr"],"url":"https:\/\/sorbetkiwi.fr\/index.php\/author\/admin7717\/"}]}},"_links":{"self":[{"href":"https:\/\/sorbetkiwi.fr\/index.php\/wp-json\/wp\/v2\/posts\/3818","targetHints":{"allow":["GET"]}}],"collection":[{"href":"https:\/\/sorbetkiwi.fr\/index.php\/wp-json\/wp\/v2\/posts"}],"about":[{"href":"https:\/\/sorbetkiwi.fr\/index.php\/wp-json\/wp\/v2\/types\/post"}],"author":[{"embeddable":true,"href":"https:\/\/sorbetkiwi.fr\/index.php\/wp-json\/wp\/v2\/users\/1"}],"replies":[{"embeddable":true,"href":"https:\/\/sorbetkiwi.fr\/index.php\/wp-json\/wp\/v2\/comments?post=3818"}],"version-history":[{"count":6,"href":"https:\/\/sorbetkiwi.fr\/index.php\/wp-json\/wp\/v2\/posts\/3818\/revisions"}],"predecessor-version":[{"id":3825,"href":"https:\/\/sorbetkiwi.fr\/index.php\/wp-json\/wp\/v2\/posts\/3818\/revisions\/3825"}],"wp:featuredmedia":[{"embeddable":true,"href":"https:\/\/sorbetkiwi.fr\/index.php\/wp-json\/wp\/v2\/media\/3819"}],"wp:attachment":[{"href":"https:\/\/sorbetkiwi.fr\/index.php\/wp-json\/wp\/v2\/media?parent=3818"}],"wp:term":[{"taxonomy":"category","embeddable":true,"href":"https:\/\/sorbetkiwi.fr\/index.php\/wp-json\/wp\/v2\/categories?post=3818"},{"taxonomy":"post_tag","embeddable":true,"href":"https:\/\/sorbetkiwi.fr\/index.php\/wp-json\/wp\/v2\/tags?post=3818"}],"curies":[{"name":"wp","href":"https:\/\/api.w.org\/{rel}","templated":true}]}}