{"id":3751,"date":"2023-09-10T09:00:00","date_gmt":"2023-09-10T07:00:00","guid":{"rendered":"https:\/\/sorbetkiwi.fr\/?p=3751"},"modified":"2023-09-03T10:58:02","modified_gmt":"2023-09-03T08:58:02","slug":"la-vallee-des-oranges-de-beatrice-courtot","status":"publish","type":"post","link":"https:\/\/sorbetkiwi.fr\/index.php\/la-vallee-des-oranges-de-beatrice-courtot\/","title":{"rendered":"La vall\u00e9e des oranges de B\u00e9atrice Courtot"},"content":{"rendered":"\t\t<div data-elementor-type=\"wp-post\" data-elementor-id=\"3751\" class=\"elementor elementor-3751\">\n\t\t\t\t\t\t<section class=\"elementor-section elementor-top-section elementor-element elementor-element-12beb8f1 elementor-section-boxed elementor-section-height-default elementor-section-height-default\" data-id=\"12beb8f1\" data-element_type=\"section\" data-e-type=\"section\">\n\t\t\t\t\t\t<div class=\"elementor-container elementor-column-gap-default\">\n\t\t\t\t\t<div class=\"elementor-column elementor-col-100 elementor-top-column elementor-element elementor-element-1b1617ad\" data-id=\"1b1617ad\" data-element_type=\"column\" data-e-type=\"column\">\n\t\t\t<div class=\"elementor-widget-wrap elementor-element-populated\">\n\t\t\t\t\t\t<div class=\"elementor-element elementor-element-2613665a elementor-widget elementor-widget-heading\" data-id=\"2613665a\" data-element_type=\"widget\" data-e-type=\"widget\" data-widget_type=\"heading.default\">\n\t\t\t\t<div class=\"elementor-widget-container\">\n\t\t\t\t\t<h1 class=\"elementor-heading-title elementor-size-medium\">La vall\u00e9e des oranges de B\u00e9atrice Courtot<\/h1>\t\t\t\t<\/div>\n\t\t\t\t<\/div>\n\t\t\t\t<div class=\"elementor-element elementor-element-558c6208 elementor-view-default elementor-widget elementor-widget-icon\" data-id=\"558c6208\" data-element_type=\"widget\" data-e-type=\"widget\" data-widget_type=\"icon.default\">\n\t\t\t\t<div class=\"elementor-widget-container\">\n\t\t\t\t\t\t\t<div class=\"elementor-icon-wrapper\">\n\t\t\t<div class=\"elementor-icon\">\n\t\t\t<i aria-hidden=\"true\" class=\"fab fa-canadian-maple-leaf\"><\/i>\t\t\t<\/div>\n\t\t<\/div>\n\t\t\t\t\t\t<\/div>\n\t\t\t\t<\/div>\n\t\t\t\t<div class=\"elementor-element elementor-element-7cd24cb7 elementor-widget-divider--view-line elementor-widget elementor-widget-divider\" data-id=\"7cd24cb7\" data-element_type=\"widget\" data-e-type=\"widget\" data-widget_type=\"divider.default\">\n\t\t\t\t<div class=\"elementor-widget-container\">\n\t\t\t\t\t\t\t<div class=\"elementor-divider\">\n\t\t\t<span class=\"elementor-divider-separator\">\n\t\t\t\t\t\t<\/span>\n\t\t<\/div>\n\t\t\t\t\t\t<\/div>\n\t\t\t\t<\/div>\n\t\t\t\t<div class=\"elementor-element elementor-element-dbf992e elementor-widget elementor-widget-heading\" data-id=\"dbf992e\" data-element_type=\"widget\" data-e-type=\"widget\" data-widget_type=\"heading.default\">\n\t\t\t\t<div class=\"elementor-widget-container\">\n\t\t\t\t\t<h2 class=\"elementor-heading-title elementor-size-medium\">R\u00e9sum\u00e9<\/h2>\t\t\t\t<\/div>\n\t\t\t\t<\/div>\n\t\t\t\t<div class=\"elementor-element elementor-element-3f15fe06 elementor-widget elementor-widget-text-editor\" data-id=\"3f15fe06\" data-element_type=\"widget\" data-e-type=\"widget\" data-widget_type=\"text-editor.default\">\n\t\t\t\t<div class=\"elementor-widget-container\">\n\t\t\t\t\t\t\t\t\t<p>Marseille, 2016<br \/>En d\u00e9montant le faux plafond d\u2019un h\u00f4tel en travaux, un ouvrier tombe sur une bo\u00eete en fer rouill\u00e9e contenant les souvenirs d\u2019une vieille dame. Magdalena. Mais que se cache-t-il derri\u00e8re cette photo de mariage ?<br \/>Son arri\u00e8re-petite-fille, tenanci\u00e8re du Caf\u00e9 de l\u2019Ensa\u00efmada, une institution culinaire \u00e0 Paris, d\u00e9cide alors de partir \u00e0 la recherche de ses origines majorquines qu\u2019elle ignorait jusqu\u2019alors. Elle quitte son quotidien \u00e9puisant pour la douceur et le farniente m\u00e9diterran\u00e9ens. D\u00e8s son arriv\u00e9e sur l\u2019\u00eele, Ana\u00efs va r\u00e9veiller des secrets de famille cach\u00e9s depuis des g\u00e9n\u00e9rations. Mais la t\u00e2che ne s\u2019av\u00e8re pas si facile. Miquel, le nouveau propri\u00e9taire de<br \/>l\u2019orangeraie qui appartenait \u00e0 son a\u00efeule, ne se montre pas du tout coop\u00e9rant.<\/p><p>Majorque, 1935<br \/>Magdalena, jeune p\u00e2tissi\u00e8re, confectionne chaque jour des ensa\u00efmadas, ces brioches majorquines entortill\u00e9es et saupoudr\u00e9es de sucre glace. Tr\u00e8s vite, la guerre civile espagnole frappe aux portes de son village qui devient le th\u00e9\u00e2tre d\u2019affrontements sanglants et de drames familiaux. Au p\u00e9ril de sa vie, Magdalena s\u2019engage alors dans la r\u00e9sistance, avant de devoir s\u2019enfuir vers la France.<\/p><p>Entre Majorque et Marseille, deux destins de femmes bouscul\u00e9es par la Guerre d\u2019Espagne et un secret de famille, mais unies par une m\u00eame passion : la p\u00e2tisserie.<\/p>\t\t\t\t\t\t\t\t<\/div>\n\t\t\t\t<\/div>\n\t\t\t\t<div class=\"elementor-element elementor-element-3b99ea47 elementor-widget-divider--view-line elementor-widget elementor-widget-divider\" data-id=\"3b99ea47\" data-element_type=\"widget\" data-e-type=\"widget\" data-widget_type=\"divider.default\">\n\t\t\t\t<div class=\"elementor-widget-container\">\n\t\t\t\t\t\t\t<div class=\"elementor-divider\">\n\t\t\t<span class=\"elementor-divider-separator\">\n\t\t\t\t\t\t<\/span>\n\t\t<\/div>\n\t\t\t\t\t\t<\/div>\n\t\t\t\t<\/div>\n\t\t\t\t<div class=\"elementor-element elementor-element-799f4bbe elementor-widget elementor-widget-heading\" data-id=\"799f4bbe\" data-element_type=\"widget\" data-e-type=\"widget\" data-widget_type=\"heading.default\">\n\t\t\t\t<div class=\"elementor-widget-container\">\n\t\t\t\t\t<h2 class=\"elementor-heading-title elementor-size-medium\">Ma note<\/h2>\t\t\t\t<\/div>\n\t\t\t\t<\/div>\n\t\t\t\t<div class=\"elementor-element elementor-element-34059a50 elementor-star-rating--align-center elementor--star-style-star_fontawesome elementor-widget elementor-widget-star-rating\" data-id=\"34059a50\" data-element_type=\"widget\" data-e-type=\"widget\" data-widget_type=\"star-rating.default\">\n\t\t\t\t<div class=\"elementor-widget-container\">\n\t\t\t\t\t\t\t<div class=\"elementor-star-rating__wrapper\">\n\t\t\t\t\t\t<div class=\"elementor-star-rating\" itemtype=\"http:\/\/schema.org\/Rating\" itemscope=\"\" itemprop=\"reviewRating\">\n\t\t\t\t<i class=\"elementor-star-full\" aria-hidden=\"true\">&#xE934;<\/i><i class=\"elementor-star-full\" aria-hidden=\"true\">&#xE934;<\/i><i class=\"elementor-star-full\" aria-hidden=\"true\">&#xE934;<\/i><i class=\"elementor-star-full\" aria-hidden=\"true\">&#xE934;<\/i><i class=\"elementor-star-5\" aria-hidden=\"true\">&#xE934;<\/i>\t\t\t\t<span itemprop=\"ratingValue\" class=\"elementor-screen-only\">Not\u00e9 4.5 sur 5<\/span>\n\t\t\t<\/div>\n\t\t<\/div>\n\t\t\t\t\t\t<\/div>\n\t\t\t\t<\/div>\n\t\t\t\t<div class=\"elementor-element elementor-element-3c8d8052 elementor-widget-divider--view-line elementor-widget elementor-widget-divider\" data-id=\"3c8d8052\" data-element_type=\"widget\" data-e-type=\"widget\" data-widget_type=\"divider.default\">\n\t\t\t\t<div class=\"elementor-widget-container\">\n\t\t\t\t\t\t\t<div class=\"elementor-divider\">\n\t\t\t<span class=\"elementor-divider-separator\">\n\t\t\t\t\t\t<\/span>\n\t\t<\/div>\n\t\t\t\t\t\t<\/div>\n\t\t\t\t<\/div>\n\t\t\t\t<div class=\"elementor-element elementor-element-2660f571 elementor-widget elementor-widget-heading\" data-id=\"2660f571\" data-element_type=\"widget\" data-e-type=\"widget\" data-widget_type=\"heading.default\">\n\t\t\t\t<div class=\"elementor-widget-container\">\n\t\t\t\t\t<h2 class=\"elementor-heading-title elementor-size-medium\">Court et efficace<\/h2>\t\t\t\t<\/div>\n\t\t\t\t<\/div>\n\t\t\t\t<div class=\"elementor-element elementor-element-1ac544fa elementor-widget elementor-widget-text-editor\" data-id=\"1ac544fa\" data-element_type=\"widget\" data-e-type=\"widget\" data-widget_type=\"text-editor.default\">\n\t\t\t\t<div class=\"elementor-widget-container\">\n\t\t\t\t\t\t\t\t\t<p>J&rsquo;\u00e9tais vraiment tr\u00e8s curieuse de d\u00e9couvrir La vall\u00e9e des oranges, plut\u00f4t court pour un <a href=\"https:\/\/sorbetkiwi.fr\/index.php\/tag\/editions-charleston\/\">Charleston<\/a> d&rsquo;ailleurs. En effet, j&rsquo;avais lu de nombreuses chroniques \u00e9logieuses des lectrices Charleston de 2018 sur le <a href=\"https:\/\/sorbetkiwi.fr\/index.php\/tag\/prix-du-livre-romantique\/\">Prix du livre romantique<\/a> de cette ann\u00e9e-l\u00e0. Elles disaient avoir pu partir ainsi dans le Majorque pittoresque et d&rsquo;antan. Cela m&rsquo;a vraiment intrigu\u00e9, puisque j&rsquo;ai moi-m\u00eame d\u00e9j\u00e0 \u00e9t\u00e9 \u00e0 Majorque deux fois, et j&rsquo;\u00e9tais revenue un peu d\u00e9cue. S&rsquo;il y a une chose dont j&rsquo;ai \u00e0 pr\u00e9sent la certitude, gr\u00e2ce \u00e0 ce roman, c&rsquo;est que cette \u00eele a 1000 facettes, et que j&rsquo;\u00e9tais sans aucun doute au mauvais endroit.<\/p><p>Il faut dire que ce roman m&rsquo;a effectivement donn\u00e9 envie d&rsquo;y retourner, plus particuli\u00e8rement d&rsquo;aller \u00e0 la d\u00e9couverte de Soller, de go\u00fbter \u00e0 la cuisine locale, et de m&rsquo;int\u00e9resser \u00e0 l&rsquo;Histoire de l&rsquo;\u00eele. Je suis malheureusement compl\u00e8tement pass\u00e9e \u00e0 cot\u00e9 lors de mes visites, si on fait abstraction de la cath\u00e9drale de Palma, et de la capitale de mani\u00e8re g\u00e9n\u00e9rale. J&rsquo;ai aim\u00e9 en apprendre plus \u00e0 travers la vie de Magdalena.<\/p>\t\t\t\t\t\t\t\t<\/div>\n\t\t\t\t<\/div>\n\t\t\t\t<div class=\"elementor-element elementor-element-697bb053 elementor-widget-divider--view-line elementor-widget elementor-widget-divider\" data-id=\"697bb053\" data-element_type=\"widget\" data-e-type=\"widget\" data-widget_type=\"divider.default\">\n\t\t\t\t<div class=\"elementor-widget-container\">\n\t\t\t\t\t\t\t<div class=\"elementor-divider\">\n\t\t\t<span class=\"elementor-divider-separator\">\n\t\t\t\t\t\t<\/span>\n\t\t<\/div>\n\t\t\t\t\t\t<\/div>\n\t\t\t\t<\/div>\n\t\t\t\t<div class=\"elementor-element elementor-element-73598207 elementor-widget elementor-widget-heading\" data-id=\"73598207\" data-element_type=\"widget\" data-e-type=\"widget\" data-widget_type=\"heading.default\">\n\t\t\t\t<div class=\"elementor-widget-container\">\n\t\t\t\t\t<h4 class=\"elementor-heading-title elementor-size-medium\">\" - Chez nous, on dit que la vie est comme la mer. Elle Avance, se retire, elle Avance de nouveau vers la gr\u00e8ve. Il faut respecter le rythme des mar\u00e9e pour ne pas se noyer.\"<\/h4>\t\t\t\t<\/div>\n\t\t\t\t<\/div>\n\t\t\t\t<div class=\"elementor-element elementor-element-ab003f elementor-widget-divider--view-line elementor-widget elementor-widget-divider\" data-id=\"ab003f\" data-element_type=\"widget\" data-e-type=\"widget\" data-widget_type=\"divider.default\">\n\t\t\t\t<div class=\"elementor-widget-container\">\n\t\t\t\t\t\t\t<div class=\"elementor-divider\">\n\t\t\t<span class=\"elementor-divider-separator\">\n\t\t\t\t\t\t<\/span>\n\t\t<\/div>\n\t\t\t\t\t\t<\/div>\n\t\t\t\t<\/div>\n\t\t\t\t<div class=\"elementor-element elementor-element-31175d4e elementor-widget elementor-widget-heading\" data-id=\"31175d4e\" data-element_type=\"widget\" data-e-type=\"widget\" data-widget_type=\"heading.default\">\n\t\t\t\t<div class=\"elementor-widget-container\">\n\t\t\t\t\t<h2 class=\"elementor-heading-title elementor-size-medium\">Des personnages attachants<\/h2>\t\t\t\t<\/div>\n\t\t\t\t<\/div>\n\t\t\t\t<div class=\"elementor-element elementor-element-34dd9295 elementor-widget elementor-widget-text-editor\" data-id=\"34dd9295\" data-element_type=\"widget\" data-e-type=\"widget\" data-widget_type=\"text-editor.default\">\n\t\t\t\t<div class=\"elementor-widget-container\">\n\t\t\t\t\t\t\t\t\t<p>Il est toujours important pour moi de m&rsquo;attacher aux personnages dans ce type de romans \u00e0 deux voix. Dans le pr\u00e9sent, j&rsquo;ai beaucoup appr\u00e9ci\u00e9 Ana\u00efs, qui est une jeune femme pleine d&rsquo;entrain et pourtant douce. A la fois courageuse et toute en retenue, elle transforme ces caract\u00e9ristiques en vraies qualit\u00e9s. J&rsquo;ai beaucoup aim\u00e9 l&rsquo;art de faconner des caract\u00e8res \u00e0 ses personnages qu&rsquo;\u00e0 l&rsquo;autrice. Il en va de m\u00eame pour Magdalena, qui a v\u00e9cu de nombreuses difficult\u00e9s, et qui pourtant nous semble fragile et forte \u00e0 la fois. Il en va de m\u00eame pour les personnages secondaires, comme Miquel, qui est le seul a \u00eatre vraiment travaill\u00e9, ce qui est un peu dommage. Mais j&rsquo;\u00e9tais vraiment curieuse du destin de ces deux femmes, li\u00e9es par le sang mais aussi par l&rsquo;amour des patisseries majorquines.<\/p>\t\t\t\t\t\t\t\t<\/div>\n\t\t\t\t<\/div>\n\t\t\t\t<div class=\"elementor-element elementor-element-f433125 elementor-widget-divider--view-line elementor-widget elementor-widget-divider\" data-id=\"f433125\" data-element_type=\"widget\" data-e-type=\"widget\" data-widget_type=\"divider.default\">\n\t\t\t\t<div class=\"elementor-widget-container\">\n\t\t\t\t\t\t\t<div class=\"elementor-divider\">\n\t\t\t<span class=\"elementor-divider-separator\">\n\t\t\t\t\t\t<\/span>\n\t\t<\/div>\n\t\t\t\t\t\t<\/div>\n\t\t\t\t<\/div>\n\t\t\t\t<div class=\"elementor-element elementor-element-49dba11f elementor-widget elementor-widget-heading\" data-id=\"49dba11f\" data-element_type=\"widget\" data-e-type=\"widget\" data-widget_type=\"heading.default\">\n\t\t\t\t<div class=\"elementor-widget-container\">\n\t\t\t\t\t<h2 class=\"elementor-heading-title elementor-size-medium\">Passation de m\u00e9moires<\/h2>\t\t\t\t<\/div>\n\t\t\t\t<\/div>\n\t\t\t\t<div class=\"elementor-element elementor-element-29d1ea2 elementor-widget elementor-widget-text-editor\" data-id=\"29d1ea2\" data-element_type=\"widget\" data-e-type=\"widget\" data-widget_type=\"text-editor.default\">\n\t\t\t\t<div class=\"elementor-widget-container\">\n\t\t\t\t\t\t\t\t\t<p>Ce que j&rsquo;ai tout particuli\u00e8rement appr\u00e9ci\u00e9 \u00e9tait le cadre. Je ressentais vraiment la chaleur sur ma peau, le vent sal\u00e9, ou encore l&rsquo;odeur des oranges. J&rsquo;ai trouv\u00e9 l&rsquo;ambiance vraiment bien mise en place, et j&rsquo;avais tr\u00e8s envie de participer \u00e0 une de ces f\u00eates le soir, \u00e0 boire de la Sangria et me sentir un peu pompette. On est vraiment embarqu\u00e9 dans l&rsquo;histoire, \u00e0 la recherche des origines d&rsquo;Ana\u00efs. D&rsquo;ailleurs, j&rsquo;ai trouv\u00e9 interessant que la jeune femme connaisse son arri\u00e8re-grand-m\u00e8re, et que ce ne soit pas une histoire d&rsquo;une enfant adopt\u00e9e, ou dont un des parents ou grand-parents aurait disparu. Cela change de la trame classique. Et la question est l\u00e9gitime !\u00a0<\/p><p>Au final, que savons-nous de nos anc\u00eatres disparus, de ceux qui ne sont plus l\u00e0 pour nous raconter ? J&rsquo;ai eu la chance d&rsquo;avoir une <em>mamie<\/em> tr\u00e8s bavarde qui me racontait toute son enfance pour me bercer. Et ma <em>mamama<\/em>, mon arri\u00e8re-grand-m\u00e8re, a m\u00eame \u00e9crit ses m\u00e9moires ! Mais les autres ? En r\u00e9alit\u00e9, je ne connais rien de leurs parcours de vies, et c&rsquo;est bien dommage. Cela me rappelle que chacun a son jardin secret, et que tous ne veulent peut-\u00eatre pas non plus le partager avec des tiers.<\/p><p>La vall\u00e9e des oranges est un roman frais et touchant. Nous accompagnons deux belles personnalit\u00e9s \u00e0 travers le temps sur l&rsquo;\u00eele de Majorque, au d\u00e9part de Paris, en passant par Marseille. J&rsquo;ai beaucoup appr\u00e9ci\u00e9 le cadre, m\u00eame si j&rsquo;aurai bien\u00a0aim\u00e9 encore un peu plus de profondeur. Un air de vacances au go\u00fbt d&rsquo;orange, en tous cas !<\/p><p>Cette chronique de La Vall\u00e9e des oranges a initialement \u00e9t\u00e9 publi\u00e9e sur <a href=\"https:\/\/sorbetkiwi.wordpress.com\/2018\/04\/24\/la-vallee-des-oranges-de-beatrice-courtot\/\">mon ancien blog<\/a>.\u00a0<\/p>\t\t\t\t\t\t\t\t<\/div>\n\t\t\t\t<\/div>\n\t\t\t\t\t<\/div>\n\t\t<\/div>\n\t\t\t\t\t<\/div>\n\t\t<\/section>\n\t\t\t\t<\/div>\n\t\t","protected":false},"excerpt":{"rendered":"<p>La vall\u00e9e des oranges de B\u00e9atrice Courtot R\u00e9sum\u00e9 Marseille, 2016 En d\u00e9montant le faux plafond d\u2019un h\u00f4tel en travaux, un ouvrier tombe sur une bo\u00eete en fer rouill\u00e9e contenant les souvenirs d\u2019une vieille dame. Magdalena. &hellip; <\/p>\n","protected":false},"author":1,"featured_media":3759,"comment_status":"open","ping_status":"open","sticky":false,"template":"","format":"standard","meta":{"footnotes":""},"categories":[15,8,1],"tags":[220,1001,31,1002,1000,239,991,230],"class_list":["post-3751","post","type-post","status-publish","format-standard","has-post-thumbnail","hentry","category-l-automne","category-partenariats","category-tout-le-blog","tag-automne","tag-beatrice-courtot","tag-editions-charleston","tag-la-vallee-des-oranges","tag-mallorque","tag-prix-du-livre-romantique","tag-prix-du-livre-romantique-2017","tag-roman-contemporain","has-single-img"],"yoast_head":"<!-- This site is optimized with the Yoast SEO plugin v27.4 - https:\/\/yoast.com\/product\/yoast-seo-wordpress\/ -->\n<title>La vall\u00e9e des oranges de B\u00e9atrice Courtot - Sorbet Kiwi<\/title>\n<meta name=\"description\" content=\"Ma chronique du Prix du Livre Romantique 2017, La Vall\u00e9e des Oranges de B\u00e9atrice Courtot publi\u00e9 aux \u00e9ditions Charleston.\" \/>\n<meta name=\"robots\" content=\"index, follow, max-snippet:-1, max-image-preview:large, max-video-preview:-1\" \/>\n<link rel=\"canonical\" href=\"https:\/\/sorbetkiwi.fr\/index.php\/la-vallee-des-oranges-de-beatrice-courtot\/\" \/>\n<meta property=\"og:locale\" content=\"fr_FR\" \/>\n<meta property=\"og:type\" content=\"article\" \/>\n<meta property=\"og:title\" content=\"La vall\u00e9e des oranges de B\u00e9atrice Courtot - Sorbet Kiwi\" \/>\n<meta property=\"og:description\" content=\"Ma chronique du Prix du Livre Romantique 2017, La Vall\u00e9e des Oranges de B\u00e9atrice Courtot publi\u00e9 aux \u00e9ditions Charleston.\" \/>\n<meta property=\"og:url\" content=\"https:\/\/sorbetkiwi.fr\/index.php\/la-vallee-des-oranges-de-beatrice-courtot\/\" \/>\n<meta property=\"og:site_name\" content=\"Sorbet Kiwi\" \/>\n<meta property=\"article:publisher\" content=\"https:\/\/www.facebook.com\/profile.php?id=100086238893269\" \/>\n<meta property=\"article:published_time\" content=\"2023-09-10T07:00:00+00:00\" \/>\n<meta property=\"og:image\" content=\"https:\/\/sorbetkiwi.fr\/wp-content\/uploads\/2023\/08\/La-vallee-des-oranges-Beatrice-Courtot-scaled.jpg\" \/>\n\t<meta property=\"og:image:width\" content=\"1920\" \/>\n\t<meta property=\"og:image:height\" content=\"2560\" \/>\n\t<meta property=\"og:image:type\" content=\"image\/jpeg\" \/>\n<meta name=\"author\" content=\"Sorbet-Kiwi\" \/>\n<meta name=\"twitter:card\" content=\"summary_large_image\" \/>\n<meta name=\"twitter:creator\" content=\"@pepparshoes\" \/>\n<meta name=\"twitter:site\" content=\"@pepparshoes\" \/>\n<meta name=\"twitter:label1\" content=\"\u00c9crit par\" \/>\n\t<meta name=\"twitter:data1\" content=\"Sorbet-Kiwi\" \/>\n\t<meta name=\"twitter:label2\" content=\"Dur\u00e9e de lecture estim\u00e9e\" \/>\n\t<meta name=\"twitter:data2\" content=\"5 minutes\" \/>\n<script type=\"application\/ld+json\" class=\"yoast-schema-graph\">{\"@context\":\"https:\\\/\\\/schema.org\",\"@graph\":[{\"@type\":\"Article\",\"@id\":\"https:\\\/\\\/sorbetkiwi.fr\\\/index.php\\\/la-vallee-des-oranges-de-beatrice-courtot\\\/#article\",\"isPartOf\":{\"@id\":\"https:\\\/\\\/sorbetkiwi.fr\\\/index.php\\\/la-vallee-des-oranges-de-beatrice-courtot\\\/\"},\"author\":{\"name\":\"Sorbet-Kiwi\",\"@id\":\"https:\\\/\\\/sorbetkiwi.fr\\\/#\\\/schema\\\/person\\\/ed1b7b527a2957ddc3bf38b076540659\"},\"headline\":\"La vall\u00e9e des oranges de B\u00e9atrice Courtot\",\"datePublished\":\"2023-09-10T07:00:00+00:00\",\"mainEntityOfPage\":{\"@id\":\"https:\\\/\\\/sorbetkiwi.fr\\\/index.php\\\/la-vallee-des-oranges-de-beatrice-courtot\\\/\"},\"wordCount\":973,\"commentCount\":1,\"publisher\":{\"@id\":\"https:\\\/\\\/sorbetkiwi.fr\\\/#organization\"},\"image\":{\"@id\":\"https:\\\/\\\/sorbetkiwi.fr\\\/index.php\\\/la-vallee-des-oranges-de-beatrice-courtot\\\/#primaryimage\"},\"thumbnailUrl\":\"https:\\\/\\\/sorbetkiwi.fr\\\/wp-content\\\/uploads\\\/2023\\\/08\\\/La-vallee-des-oranges-Beatrice-Courtot-scaled.jpg\",\"keywords\":[\"Automne\",\"B\u00e9atrice Courtot\",\"Editions Charleston\",\"La vall\u00e9e des oranges\",\"Mallorque\",\"Prix du livre romantique\",\"Prix du livre romantique 2017\",\"Roman contemporain\"],\"articleSection\":[\"L'automne\",\"Partenariats\",\"Tout le blog\"],\"inLanguage\":\"fr-FR\",\"potentialAction\":[{\"@type\":\"CommentAction\",\"name\":\"Comment\",\"target\":[\"https:\\\/\\\/sorbetkiwi.fr\\\/index.php\\\/la-vallee-des-oranges-de-beatrice-courtot\\\/#respond\"]}]},{\"@type\":\"WebPage\",\"@id\":\"https:\\\/\\\/sorbetkiwi.fr\\\/index.php\\\/la-vallee-des-oranges-de-beatrice-courtot\\\/\",\"url\":\"https:\\\/\\\/sorbetkiwi.fr\\\/index.php\\\/la-vallee-des-oranges-de-beatrice-courtot\\\/\",\"name\":\"La vall\u00e9e des oranges de B\u00e9atrice Courtot - Sorbet Kiwi\",\"isPartOf\":{\"@id\":\"https:\\\/\\\/sorbetkiwi.fr\\\/#website\"},\"primaryImageOfPage\":{\"@id\":\"https:\\\/\\\/sorbetkiwi.fr\\\/index.php\\\/la-vallee-des-oranges-de-beatrice-courtot\\\/#primaryimage\"},\"image\":{\"@id\":\"https:\\\/\\\/sorbetkiwi.fr\\\/index.php\\\/la-vallee-des-oranges-de-beatrice-courtot\\\/#primaryimage\"},\"thumbnailUrl\":\"https:\\\/\\\/sorbetkiwi.fr\\\/wp-content\\\/uploads\\\/2023\\\/08\\\/La-vallee-des-oranges-Beatrice-Courtot-scaled.jpg\",\"datePublished\":\"2023-09-10T07:00:00+00:00\",\"description\":\"Ma chronique du Prix du Livre Romantique 2017, La Vall\u00e9e des Oranges de B\u00e9atrice Courtot publi\u00e9 aux \u00e9ditions Charleston.\",\"breadcrumb\":{\"@id\":\"https:\\\/\\\/sorbetkiwi.fr\\\/index.php\\\/la-vallee-des-oranges-de-beatrice-courtot\\\/#breadcrumb\"},\"inLanguage\":\"fr-FR\",\"potentialAction\":[{\"@type\":\"ReadAction\",\"target\":[\"https:\\\/\\\/sorbetkiwi.fr\\\/index.php\\\/la-vallee-des-oranges-de-beatrice-courtot\\\/\"]}]},{\"@type\":\"ImageObject\",\"inLanguage\":\"fr-FR\",\"@id\":\"https:\\\/\\\/sorbetkiwi.fr\\\/index.php\\\/la-vallee-des-oranges-de-beatrice-courtot\\\/#primaryimage\",\"url\":\"https:\\\/\\\/sorbetkiwi.fr\\\/wp-content\\\/uploads\\\/2023\\\/08\\\/La-vallee-des-oranges-Beatrice-Courtot-scaled.jpg\",\"contentUrl\":\"https:\\\/\\\/sorbetkiwi.fr\\\/wp-content\\\/uploads\\\/2023\\\/08\\\/La-vallee-des-oranges-Beatrice-Courtot-scaled.jpg\",\"width\":1920,\"height\":2560,\"caption\":\"La vall\u00e9e des oranges B\u00e9atrice Courtot\"},{\"@type\":\"BreadcrumbList\",\"@id\":\"https:\\\/\\\/sorbetkiwi.fr\\\/index.php\\\/la-vallee-des-oranges-de-beatrice-courtot\\\/#breadcrumb\",\"itemListElement\":[{\"@type\":\"ListItem\",\"position\":1,\"name\":\"Accueil\",\"item\":\"https:\\\/\\\/sorbetkiwi.fr\\\/\"},{\"@type\":\"ListItem\",\"position\":2,\"name\":\"La vall\u00e9e des oranges de B\u00e9atrice Courtot\"}]},{\"@type\":\"WebSite\",\"@id\":\"https:\\\/\\\/sorbetkiwi.fr\\\/#website\",\"url\":\"https:\\\/\\\/sorbetkiwi.fr\\\/\",\"name\":\"Sorbet Kiwi\",\"description\":\"Des lectures th\u00e9matiques par saison et les avis qui vont avec\",\"publisher\":{\"@id\":\"https:\\\/\\\/sorbetkiwi.fr\\\/#organization\"},\"potentialAction\":[{\"@type\":\"SearchAction\",\"target\":{\"@type\":\"EntryPoint\",\"urlTemplate\":\"https:\\\/\\\/sorbetkiwi.fr\\\/?s={search_term_string}\"},\"query-input\":{\"@type\":\"PropertyValueSpecification\",\"valueRequired\":true,\"valueName\":\"search_term_string\"}}],\"inLanguage\":\"fr-FR\"},{\"@type\":\"Organization\",\"@id\":\"https:\\\/\\\/sorbetkiwi.fr\\\/#organization\",\"name\":\"Sorbet Kiwi\",\"url\":\"https:\\\/\\\/sorbetkiwi.fr\\\/\",\"logo\":{\"@type\":\"ImageObject\",\"inLanguage\":\"fr-FR\",\"@id\":\"https:\\\/\\\/sorbetkiwi.fr\\\/#\\\/schema\\\/logo\\\/image\\\/\",\"url\":\"https:\\\/\\\/sorbetkiwi.fr\\\/wp-content\\\/uploads\\\/2022\\\/10\\\/Banniere-Sorbet-Kiwi-2022.jpg\",\"contentUrl\":\"https:\\\/\\\/sorbetkiwi.fr\\\/wp-content\\\/uploads\\\/2022\\\/10\\\/Banniere-Sorbet-Kiwi-2022.jpg\",\"width\":814,\"height\":401,\"caption\":\"Sorbet Kiwi\"},\"image\":{\"@id\":\"https:\\\/\\\/sorbetkiwi.fr\\\/#\\\/schema\\\/logo\\\/image\\\/\"},\"sameAs\":[\"https:\\\/\\\/www.facebook.com\\\/profile.php?id=100086238893269\",\"https:\\\/\\\/x.com\\\/pepparshoes\",\"https:\\\/\\\/www.instagram.com\\\/sorbetkiwi\\\/\",\"https:\\\/\\\/www.tiktok.com\\\/sorbetkiwi\"]},{\"@type\":\"Person\",\"@id\":\"https:\\\/\\\/sorbetkiwi.fr\\\/#\\\/schema\\\/person\\\/ed1b7b527a2957ddc3bf38b076540659\",\"name\":\"Sorbet-Kiwi\",\"image\":{\"@type\":\"ImageObject\",\"inLanguage\":\"fr-FR\",\"@id\":\"https:\\\/\\\/secure.gravatar.com\\\/avatar\\\/86f0a5c27d76317621b9e374d0f3a01d3a85278f10d0c7207ced4fd773057442?s=96&d=mm&r=g\",\"url\":\"https:\\\/\\\/secure.gravatar.com\\\/avatar\\\/86f0a5c27d76317621b9e374d0f3a01d3a85278f10d0c7207ced4fd773057442?s=96&d=mm&r=g\",\"contentUrl\":\"https:\\\/\\\/secure.gravatar.com\\\/avatar\\\/86f0a5c27d76317621b9e374d0f3a01d3a85278f10d0c7207ced4fd773057442?s=96&d=mm&r=g\",\"caption\":\"Sorbet-Kiwi\"},\"sameAs\":[\"http:\\\/\\\/sorbetkiwi.fr\"],\"url\":\"https:\\\/\\\/sorbetkiwi.fr\\\/index.php\\\/author\\\/admin7717\\\/\"}]}<\/script>\n<!-- \/ Yoast SEO plugin. -->","yoast_head_json":{"title":"La vall\u00e9e des oranges de B\u00e9atrice Courtot - Sorbet Kiwi","description":"Ma chronique du Prix du Livre Romantique 2017, La Vall\u00e9e des Oranges de B\u00e9atrice Courtot publi\u00e9 aux \u00e9ditions Charleston.","robots":{"index":"index","follow":"follow","max-snippet":"max-snippet:-1","max-image-preview":"max-image-preview:large","max-video-preview":"max-video-preview:-1"},"canonical":"https:\/\/sorbetkiwi.fr\/index.php\/la-vallee-des-oranges-de-beatrice-courtot\/","og_locale":"fr_FR","og_type":"article","og_title":"La vall\u00e9e des oranges de B\u00e9atrice Courtot - Sorbet Kiwi","og_description":"Ma chronique du Prix du Livre Romantique 2017, La Vall\u00e9e des Oranges de B\u00e9atrice Courtot publi\u00e9 aux \u00e9ditions Charleston.","og_url":"https:\/\/sorbetkiwi.fr\/index.php\/la-vallee-des-oranges-de-beatrice-courtot\/","og_site_name":"Sorbet Kiwi","article_publisher":"https:\/\/www.facebook.com\/profile.php?id=100086238893269","article_published_time":"2023-09-10T07:00:00+00:00","og_image":[{"width":1920,"height":2560,"url":"https:\/\/sorbetkiwi.fr\/wp-content\/uploads\/2023\/08\/La-vallee-des-oranges-Beatrice-Courtot-scaled.jpg","type":"image\/jpeg"}],"author":"Sorbet-Kiwi","twitter_card":"summary_large_image","twitter_creator":"@pepparshoes","twitter_site":"@pepparshoes","twitter_misc":{"\u00c9crit par":"Sorbet-Kiwi","Dur\u00e9e de lecture estim\u00e9e":"5 minutes"},"schema":{"@context":"https:\/\/schema.org","@graph":[{"@type":"Article","@id":"https:\/\/sorbetkiwi.fr\/index.php\/la-vallee-des-oranges-de-beatrice-courtot\/#article","isPartOf":{"@id":"https:\/\/sorbetkiwi.fr\/index.php\/la-vallee-des-oranges-de-beatrice-courtot\/"},"author":{"name":"Sorbet-Kiwi","@id":"https:\/\/sorbetkiwi.fr\/#\/schema\/person\/ed1b7b527a2957ddc3bf38b076540659"},"headline":"La vall\u00e9e des oranges de B\u00e9atrice Courtot","datePublished":"2023-09-10T07:00:00+00:00","mainEntityOfPage":{"@id":"https:\/\/sorbetkiwi.fr\/index.php\/la-vallee-des-oranges-de-beatrice-courtot\/"},"wordCount":973,"commentCount":1,"publisher":{"@id":"https:\/\/sorbetkiwi.fr\/#organization"},"image":{"@id":"https:\/\/sorbetkiwi.fr\/index.php\/la-vallee-des-oranges-de-beatrice-courtot\/#primaryimage"},"thumbnailUrl":"https:\/\/sorbetkiwi.fr\/wp-content\/uploads\/2023\/08\/La-vallee-des-oranges-Beatrice-Courtot-scaled.jpg","keywords":["Automne","B\u00e9atrice Courtot","Editions Charleston","La vall\u00e9e des oranges","Mallorque","Prix du livre romantique","Prix du livre romantique 2017","Roman contemporain"],"articleSection":["L'automne","Partenariats","Tout le blog"],"inLanguage":"fr-FR","potentialAction":[{"@type":"CommentAction","name":"Comment","target":["https:\/\/sorbetkiwi.fr\/index.php\/la-vallee-des-oranges-de-beatrice-courtot\/#respond"]}]},{"@type":"WebPage","@id":"https:\/\/sorbetkiwi.fr\/index.php\/la-vallee-des-oranges-de-beatrice-courtot\/","url":"https:\/\/sorbetkiwi.fr\/index.php\/la-vallee-des-oranges-de-beatrice-courtot\/","name":"La vall\u00e9e des oranges de B\u00e9atrice Courtot - Sorbet Kiwi","isPartOf":{"@id":"https:\/\/sorbetkiwi.fr\/#website"},"primaryImageOfPage":{"@id":"https:\/\/sorbetkiwi.fr\/index.php\/la-vallee-des-oranges-de-beatrice-courtot\/#primaryimage"},"image":{"@id":"https:\/\/sorbetkiwi.fr\/index.php\/la-vallee-des-oranges-de-beatrice-courtot\/#primaryimage"},"thumbnailUrl":"https:\/\/sorbetkiwi.fr\/wp-content\/uploads\/2023\/08\/La-vallee-des-oranges-Beatrice-Courtot-scaled.jpg","datePublished":"2023-09-10T07:00:00+00:00","description":"Ma chronique du Prix du Livre Romantique 2017, La Vall\u00e9e des Oranges de B\u00e9atrice Courtot publi\u00e9 aux \u00e9ditions Charleston.","breadcrumb":{"@id":"https:\/\/sorbetkiwi.fr\/index.php\/la-vallee-des-oranges-de-beatrice-courtot\/#breadcrumb"},"inLanguage":"fr-FR","potentialAction":[{"@type":"ReadAction","target":["https:\/\/sorbetkiwi.fr\/index.php\/la-vallee-des-oranges-de-beatrice-courtot\/"]}]},{"@type":"ImageObject","inLanguage":"fr-FR","@id":"https:\/\/sorbetkiwi.fr\/index.php\/la-vallee-des-oranges-de-beatrice-courtot\/#primaryimage","url":"https:\/\/sorbetkiwi.fr\/wp-content\/uploads\/2023\/08\/La-vallee-des-oranges-Beatrice-Courtot-scaled.jpg","contentUrl":"https:\/\/sorbetkiwi.fr\/wp-content\/uploads\/2023\/08\/La-vallee-des-oranges-Beatrice-Courtot-scaled.jpg","width":1920,"height":2560,"caption":"La vall\u00e9e des oranges B\u00e9atrice Courtot"},{"@type":"BreadcrumbList","@id":"https:\/\/sorbetkiwi.fr\/index.php\/la-vallee-des-oranges-de-beatrice-courtot\/#breadcrumb","itemListElement":[{"@type":"ListItem","position":1,"name":"Accueil","item":"https:\/\/sorbetkiwi.fr\/"},{"@type":"ListItem","position":2,"name":"La vall\u00e9e des oranges de B\u00e9atrice Courtot"}]},{"@type":"WebSite","@id":"https:\/\/sorbetkiwi.fr\/#website","url":"https:\/\/sorbetkiwi.fr\/","name":"Sorbet Kiwi","description":"Des lectures th\u00e9matiques par saison et les avis qui vont avec","publisher":{"@id":"https:\/\/sorbetkiwi.fr\/#organization"},"potentialAction":[{"@type":"SearchAction","target":{"@type":"EntryPoint","urlTemplate":"https:\/\/sorbetkiwi.fr\/?s={search_term_string}"},"query-input":{"@type":"PropertyValueSpecification","valueRequired":true,"valueName":"search_term_string"}}],"inLanguage":"fr-FR"},{"@type":"Organization","@id":"https:\/\/sorbetkiwi.fr\/#organization","name":"Sorbet Kiwi","url":"https:\/\/sorbetkiwi.fr\/","logo":{"@type":"ImageObject","inLanguage":"fr-FR","@id":"https:\/\/sorbetkiwi.fr\/#\/schema\/logo\/image\/","url":"https:\/\/sorbetkiwi.fr\/wp-content\/uploads\/2022\/10\/Banniere-Sorbet-Kiwi-2022.jpg","contentUrl":"https:\/\/sorbetkiwi.fr\/wp-content\/uploads\/2022\/10\/Banniere-Sorbet-Kiwi-2022.jpg","width":814,"height":401,"caption":"Sorbet Kiwi"},"image":{"@id":"https:\/\/sorbetkiwi.fr\/#\/schema\/logo\/image\/"},"sameAs":["https:\/\/www.facebook.com\/profile.php?id=100086238893269","https:\/\/x.com\/pepparshoes","https:\/\/www.instagram.com\/sorbetkiwi\/","https:\/\/www.tiktok.com\/sorbetkiwi"]},{"@type":"Person","@id":"https:\/\/sorbetkiwi.fr\/#\/schema\/person\/ed1b7b527a2957ddc3bf38b076540659","name":"Sorbet-Kiwi","image":{"@type":"ImageObject","inLanguage":"fr-FR","@id":"https:\/\/secure.gravatar.com\/avatar\/86f0a5c27d76317621b9e374d0f3a01d3a85278f10d0c7207ced4fd773057442?s=96&d=mm&r=g","url":"https:\/\/secure.gravatar.com\/avatar\/86f0a5c27d76317621b9e374d0f3a01d3a85278f10d0c7207ced4fd773057442?s=96&d=mm&r=g","contentUrl":"https:\/\/secure.gravatar.com\/avatar\/86f0a5c27d76317621b9e374d0f3a01d3a85278f10d0c7207ced4fd773057442?s=96&d=mm&r=g","caption":"Sorbet-Kiwi"},"sameAs":["http:\/\/sorbetkiwi.fr"],"url":"https:\/\/sorbetkiwi.fr\/index.php\/author\/admin7717\/"}]}},"_links":{"self":[{"href":"https:\/\/sorbetkiwi.fr\/index.php\/wp-json\/wp\/v2\/posts\/3751","targetHints":{"allow":["GET"]}}],"collection":[{"href":"https:\/\/sorbetkiwi.fr\/index.php\/wp-json\/wp\/v2\/posts"}],"about":[{"href":"https:\/\/sorbetkiwi.fr\/index.php\/wp-json\/wp\/v2\/types\/post"}],"author":[{"embeddable":true,"href":"https:\/\/sorbetkiwi.fr\/index.php\/wp-json\/wp\/v2\/users\/1"}],"replies":[{"embeddable":true,"href":"https:\/\/sorbetkiwi.fr\/index.php\/wp-json\/wp\/v2\/comments?post=3751"}],"version-history":[{"count":10,"href":"https:\/\/sorbetkiwi.fr\/index.php\/wp-json\/wp\/v2\/posts\/3751\/revisions"}],"predecessor-version":[{"id":3764,"href":"https:\/\/sorbetkiwi.fr\/index.php\/wp-json\/wp\/v2\/posts\/3751\/revisions\/3764"}],"wp:featuredmedia":[{"embeddable":true,"href":"https:\/\/sorbetkiwi.fr\/index.php\/wp-json\/wp\/v2\/media\/3759"}],"wp:attachment":[{"href":"https:\/\/sorbetkiwi.fr\/index.php\/wp-json\/wp\/v2\/media?parent=3751"}],"wp:term":[{"taxonomy":"category","embeddable":true,"href":"https:\/\/sorbetkiwi.fr\/index.php\/wp-json\/wp\/v2\/categories?post=3751"},{"taxonomy":"post_tag","embeddable":true,"href":"https:\/\/sorbetkiwi.fr\/index.php\/wp-json\/wp\/v2\/tags?post=3751"}],"curies":[{"name":"wp","href":"https:\/\/api.w.org\/{rel}","templated":true}]}}