{"id":3657,"date":"2023-08-29T07:00:00","date_gmt":"2023-08-29T05:00:00","guid":{"rendered":"https:\/\/sorbetkiwi.fr\/?p=3657"},"modified":"2023-08-27T17:20:58","modified_gmt":"2023-08-27T15:20:58","slug":"le-coeur-en-braille-de-ruter-et-chamblain","status":"publish","type":"post","link":"https:\/\/sorbetkiwi.fr\/index.php\/le-coeur-en-braille-de-ruter-et-chamblain\/","title":{"rendered":"Le c\u0153ur en braille de Ruter et Chamblain"},"content":{"rendered":"\t\t<div data-elementor-type=\"wp-post\" data-elementor-id=\"3657\" class=\"elementor elementor-3657\">\n\t\t\t\t\t\t<section class=\"elementor-section elementor-top-section elementor-element elementor-element-1a37448b elementor-section-boxed elementor-section-height-default elementor-section-height-default\" data-id=\"1a37448b\" data-element_type=\"section\" data-e-type=\"section\">\n\t\t\t\t\t\t<div class=\"elementor-container elementor-column-gap-default\">\n\t\t\t\t\t<div class=\"elementor-column elementor-col-100 elementor-top-column elementor-element elementor-element-28f8c456\" data-id=\"28f8c456\" data-element_type=\"column\" data-e-type=\"column\">\n\t\t\t<div class=\"elementor-widget-wrap elementor-element-populated\">\n\t\t\t\t\t\t<div class=\"elementor-element elementor-element-508c0bd8 elementor-widget elementor-widget-heading\" data-id=\"508c0bd8\" data-element_type=\"widget\" data-e-type=\"widget\" data-widget_type=\"heading.default\">\n\t\t\t\t<div class=\"elementor-widget-container\">\n\t\t\t\t\t<h1 class=\"elementor-heading-title elementor-size-medium\">Le coeur en braille<\/h1>\t\t\t\t<\/div>\n\t\t\t\t<\/div>\n\t\t\t\t<div class=\"elementor-element elementor-element-36c6237f elementor-view-default elementor-widget elementor-widget-icon\" data-id=\"36c6237f\" data-element_type=\"widget\" data-e-type=\"widget\" data-widget_type=\"icon.default\">\n\t\t\t\t<div class=\"elementor-widget-container\">\n\t\t\t\t\t\t\t<div class=\"elementor-icon-wrapper\">\n\t\t\t<div class=\"elementor-icon\">\n\t\t\t<i aria-hidden=\"true\" class=\"fas fa-cocktail\"><\/i>\t\t\t<\/div>\n\t\t<\/div>\n\t\t\t\t\t\t<\/div>\n\t\t\t\t<\/div>\n\t\t\t\t<div class=\"elementor-element elementor-element-7b45990b elementor-widget-divider--view-line elementor-widget elementor-widget-divider\" data-id=\"7b45990b\" data-element_type=\"widget\" data-e-type=\"widget\" data-widget_type=\"divider.default\">\n\t\t\t\t<div class=\"elementor-widget-container\">\n\t\t\t\t\t\t\t<div class=\"elementor-divider\">\n\t\t\t<span class=\"elementor-divider-separator\">\n\t\t\t\t\t\t<\/span>\n\t\t<\/div>\n\t\t\t\t\t\t<\/div>\n\t\t\t\t<\/div>\n\t\t\t\t<div class=\"elementor-element elementor-element-737324f8 elementor-widget elementor-widget-heading\" data-id=\"737324f8\" data-element_type=\"widget\" data-e-type=\"widget\" data-widget_type=\"heading.default\">\n\t\t\t\t<div class=\"elementor-widget-container\">\n\t\t\t\t\t<h2 class=\"elementor-heading-title elementor-size-medium\">R\u00e9sum\u00e9<\/h2>\t\t\t\t<\/div>\n\t\t\t\t<\/div>\n\t\t\t\t<div class=\"elementor-element elementor-element-a650d91 elementor-widget elementor-widget-text-editor\" data-id=\"a650d91\" data-element_type=\"widget\" data-e-type=\"widget\" data-widget_type=\"text-editor.default\">\n\t\t\t\t<div class=\"elementor-widget-container\">\n\t\t\t\t\t\t\t\t\t<p>Jusque-l\u00e0, pour Victor, une ann\u00e9e scolaire, c&rsquo;est du saut \u00e0 l&rsquo;\u00e9lastique sans l&rsquo;\u00e9lastique. Ce qu&rsquo;il pr\u00e9f\u00e8re ? \u00c9couter les Rolling Stones, se gaver de loukoums avec son copain Ha\u00ef\u00e7am, parler m\u00e9canique avec son dr\u00f4le de p\u00e8re&#8230; Mais lorsque Marie-Jos\u00e9, g\u00e9nie absolue, d\u00e9boule dans sa vie un beau jour de contr\u00f4le de maths, c&rsquo;est tout son univers qui implose&#8230; Pourquoi, soudainement, cette intello et violoncelliste de talent, a-t-elle besoin de lui ? Une amiti\u00e9 \u00e9trange va na\u00eetre entre ces deux ados que tout oppose. Vont-ils pouvoir cacher le secret de Marie-Jos\u00e9 jusqu&rsquo;au bout ?<\/p>\t\t\t\t\t\t\t\t<\/div>\n\t\t\t\t<\/div>\n\t\t\t\t<div class=\"elementor-element elementor-element-58cb533f elementor-widget-divider--view-line elementor-widget elementor-widget-divider\" data-id=\"58cb533f\" data-element_type=\"widget\" data-e-type=\"widget\" data-widget_type=\"divider.default\">\n\t\t\t\t<div class=\"elementor-widget-container\">\n\t\t\t\t\t\t\t<div class=\"elementor-divider\">\n\t\t\t<span class=\"elementor-divider-separator\">\n\t\t\t\t\t\t<\/span>\n\t\t<\/div>\n\t\t\t\t\t\t<\/div>\n\t\t\t\t<\/div>\n\t\t\t\t<div class=\"elementor-element elementor-element-15779984 elementor-widget elementor-widget-heading\" data-id=\"15779984\" data-element_type=\"widget\" data-e-type=\"widget\" data-widget_type=\"heading.default\">\n\t\t\t\t<div class=\"elementor-widget-container\">\n\t\t\t\t\t<h2 class=\"elementor-heading-title elementor-size-medium\">Ma note<\/h2>\t\t\t\t<\/div>\n\t\t\t\t<\/div>\n\t\t\t\t<div class=\"elementor-element elementor-element-2a45d6fa elementor-star-rating--align-center elementor--star-style-star_fontawesome elementor-widget elementor-widget-star-rating\" data-id=\"2a45d6fa\" data-element_type=\"widget\" data-e-type=\"widget\" data-widget_type=\"star-rating.default\">\n\t\t\t\t<div class=\"elementor-widget-container\">\n\t\t\t\t\t\t\t<div class=\"elementor-star-rating__wrapper\">\n\t\t\t\t\t\t<div class=\"elementor-star-rating\" itemtype=\"http:\/\/schema.org\/Rating\" itemscope=\"\" itemprop=\"reviewRating\">\n\t\t\t\t<i class=\"elementor-star-full\" aria-hidden=\"true\">&#xE934;<\/i><i class=\"elementor-star-full\" aria-hidden=\"true\">&#xE934;<\/i><i class=\"elementor-star-full\" aria-hidden=\"true\">&#xE934;<\/i><i class=\"elementor-star-full\" aria-hidden=\"true\">&#xE934;<\/i><i class=\"elementor-star-full\" aria-hidden=\"true\">&#xE934;<\/i>\t\t\t\t<span itemprop=\"ratingValue\" class=\"elementor-screen-only\">Not\u00e9 5 sur 5<\/span>\n\t\t\t<\/div>\n\t\t<\/div>\n\t\t\t\t\t\t<\/div>\n\t\t\t\t<\/div>\n\t\t\t\t<div class=\"elementor-element elementor-element-56226249 elementor-widget-divider--view-line elementor-widget elementor-widget-divider\" data-id=\"56226249\" data-element_type=\"widget\" data-e-type=\"widget\" data-widget_type=\"divider.default\">\n\t\t\t\t<div class=\"elementor-widget-container\">\n\t\t\t\t\t\t\t<div class=\"elementor-divider\">\n\t\t\t<span class=\"elementor-divider-separator\">\n\t\t\t\t\t\t<\/span>\n\t\t<\/div>\n\t\t\t\t\t\t<\/div>\n\t\t\t\t<\/div>\n\t\t\t\t<div class=\"elementor-element elementor-element-541b9b8d elementor-widget elementor-widget-heading\" data-id=\"541b9b8d\" data-element_type=\"widget\" data-e-type=\"widget\" data-widget_type=\"heading.default\">\n\t\t\t\t<div class=\"elementor-widget-container\">\n\t\t\t\t\t<h2 class=\"elementor-heading-title elementor-size-medium\">Dernier coup de c\u0153ur BD de l'\u00e9t\u00e9<\/h2>\t\t\t\t<\/div>\n\t\t\t\t<\/div>\n\t\t\t\t<div class=\"elementor-element elementor-element-366654dd elementor-widget elementor-widget-text-editor\" data-id=\"366654dd\" data-element_type=\"widget\" data-e-type=\"widget\" data-widget_type=\"text-editor.default\">\n\t\t\t\t<div class=\"elementor-widget-container\">\n\t\t\t\t\t\t\t\t\t<p>J&rsquo;ai l&rsquo;impression de terminer cette saison avec <a href=\"https:\/\/sorbetkiwi.fr\/index.php\/category\/coups-de-coeur\/\">coup de c\u0153ur sur coup de c\u0153ur<\/a>. Il en va de m\u00eame avec cette derni\u00e8re BD du mardi, conseill\u00e9 globalement par la blogosph\u00e8re mais aussi par Nina, de ma m\u00e9diath\u00e8que locale qui m&rsquo;a pouss\u00e9 \u00e0 le d\u00e9couvrir. Il se trouve que j&rsquo;avais pr\u00e9vue de lire Coeur en braille de toute fa\u00e7on, puisque j&rsquo;aime beaucoup <a href=\"https:\/\/www.livraddict.com\/biblio\/auteur\/joris-chamblain.html\">Joris Chamblain<\/a> depuis <a href=\"https:\/\/sorbetkiwi.fr\/index.php\/tag\/les-carnets-de-cerise\/\">Les carnets de Cerise<\/a>. Mes attentes \u00e9taient forc\u00e9ment assez grandes, aussi. Et j&rsquo;ai su d\u00e9s la page 30 que cette histoire allait me voler mon petit c\u0153ur.\u00a0<\/p>\t\t\t\t\t\t\t\t<\/div>\n\t\t\t\t<\/div>\n\t\t\t\t<div class=\"elementor-element elementor-element-30391a90 elementor-widget-divider--view-line elementor-widget elementor-widget-divider\" data-id=\"30391a90\" data-element_type=\"widget\" data-e-type=\"widget\" data-widget_type=\"divider.default\">\n\t\t\t\t<div class=\"elementor-widget-container\">\n\t\t\t\t\t\t\t<div class=\"elementor-divider\">\n\t\t\t<span class=\"elementor-divider-separator\">\n\t\t\t\t\t\t<\/span>\n\t\t<\/div>\n\t\t\t\t\t\t<\/div>\n\t\t\t\t<\/div>\n\t\t\t\t<div class=\"elementor-element elementor-element-6bf47a46 elementor-widget elementor-widget-heading\" data-id=\"6bf47a46\" data-element_type=\"widget\" data-e-type=\"widget\" data-widget_type=\"heading.default\">\n\t\t\t\t<div class=\"elementor-widget-container\">\n\t\t\t\t\t<h4 class=\"elementor-heading-title elementor-size-medium\">\"Tu m\u2019as pr\u00eat\u00e9 ton r\u00eave. Je ne l\u2019oublierai jamais.\"<\/h4>\t\t\t\t<\/div>\n\t\t\t\t<\/div>\n\t\t\t\t<div class=\"elementor-element elementor-element-8d980f5 elementor-widget-divider--view-line elementor-widget elementor-widget-divider\" data-id=\"8d980f5\" data-element_type=\"widget\" data-e-type=\"widget\" data-widget_type=\"divider.default\">\n\t\t\t\t<div class=\"elementor-widget-container\">\n\t\t\t\t\t\t\t<div class=\"elementor-divider\">\n\t\t\t<span class=\"elementor-divider-separator\">\n\t\t\t\t\t\t<\/span>\n\t\t<\/div>\n\t\t\t\t\t\t<\/div>\n\t\t\t\t<\/div>\n\t\t\t\t<div class=\"elementor-element elementor-element-1b90191 elementor-widget elementor-widget-heading\" data-id=\"1b90191\" data-element_type=\"widget\" data-e-type=\"widget\" data-widget_type=\"heading.default\">\n\t\t\t\t<div class=\"elementor-widget-container\">\n\t\t\t\t\t<h2 class=\"elementor-heading-title elementor-size-medium\">Dynamique et profond<\/h2>\t\t\t\t<\/div>\n\t\t\t\t<\/div>\n\t\t\t\t<div class=\"elementor-element elementor-element-60348f4d elementor-widget elementor-widget-text-editor\" data-id=\"60348f4d\" data-element_type=\"widget\" data-e-type=\"widget\" data-widget_type=\"text-editor.default\">\n\t\t\t\t<div class=\"elementor-widget-container\">\n\t\t\t\t\t\t\t\t\t<p>Ce que je ne savais pas, par contre, c&rsquo;\u00e9tait que C\u0153ur en braille est inspir\u00e9 d&rsquo;un roman ! Comme toujours lorsque je lis une adaptation, cela me donne surtout envie de d\u00e9couvrir l&rsquo;original. Il a donc imm\u00e9diatement rejoint ma wish-list. Le public cible du roman comme de la BD sont les adolescents, ce qui n&#8217;emp\u00eache \u00e9videmment en rien l&rsquo;histoire d&rsquo;\u00eatre profonde. La complicit\u00e9 entre Victor et Marie est incroyable, tout comme leur projet secret. Ajoutons \u00e0 cela un rythme dynamique , et j&rsquo;\u00e9tais combl\u00e9e !\u00a0<\/p>\t\t\t\t\t\t\t\t<\/div>\n\t\t\t\t<\/div>\n\t\t\t\t<div class=\"elementor-element elementor-element-44c7d33d elementor-widget-divider--view-line elementor-widget elementor-widget-divider\" data-id=\"44c7d33d\" data-element_type=\"widget\" data-e-type=\"widget\" data-widget_type=\"divider.default\">\n\t\t\t\t<div class=\"elementor-widget-container\">\n\t\t\t\t\t\t\t<div class=\"elementor-divider\">\n\t\t\t<span class=\"elementor-divider-separator\">\n\t\t\t\t\t\t<\/span>\n\t\t<\/div>\n\t\t\t\t\t\t<\/div>\n\t\t\t\t<\/div>\n\t\t\t\t<div class=\"elementor-element elementor-element-6bb1393c elementor-widget elementor-widget-heading\" data-id=\"6bb1393c\" data-element_type=\"widget\" data-e-type=\"widget\" data-widget_type=\"heading.default\">\n\t\t\t\t<div class=\"elementor-widget-container\">\n\t\t\t\t\t<h2 class=\"elementor-heading-title elementor-size-medium\">Beaucoup d'\u00e9motions<\/h2>\t\t\t\t<\/div>\n\t\t\t\t<\/div>\n\t\t\t\t<div class=\"elementor-element elementor-element-664a20d1 elementor-widget elementor-widget-text-editor\" data-id=\"664a20d1\" data-element_type=\"widget\" data-e-type=\"widget\" data-widget_type=\"text-editor.default\">\n\t\t\t\t<div class=\"elementor-widget-container\">\n\t\t\t\t\t\t\t\t\t<p>Mais pour qu&rsquo;une histoire se transforme en coup de coeur, de mon c\u00f4t\u00e9, elle doit v\u00e9hiculer beaucoup d&rsquo;\u00e9motions. Et d\u00e9s le d\u00e9but les larmes mena\u00e7aient de couler. Evidemment, \u00e0 la fin, l&rsquo;\u00e9motion \u00e9tait si forte que j&rsquo;ai pleur\u00e9. Attention, cela ne veut pas dire que c&rsquo;est de la tristesse, je laisse aussi mon c\u0153ur d\u00e9border d&rsquo;amour, de joie, de tendresse&#8230; Ou un peu de tout m\u00e9lang\u00e9 ! Il est de toute fa\u00e7on difficile ici d&rsquo;en dire beaucoup sans spoiler, je trouve. M\u00eame les th\u00e9matiques, qui ne sont pas dans le r\u00e9sum\u00e9, ne m\u00e9ritent pas d&rsquo;\u00eatre \u00e9tal\u00e9e afin de mieux r\u00e9sonner en nous. En tous cas, j&rsquo;ai ador\u00e9 cette histoire !\u00a0<\/p>\t\t\t\t\t\t\t\t<\/div>\n\t\t\t\t<\/div>\n\t\t\t\t\t<\/div>\n\t\t<\/div>\n\t\t\t\t\t<\/div>\n\t\t<\/section>\n\t\t\t\t<\/div>\n\t\t","protected":false},"excerpt":{"rendered":"<p>Le coeur en braille R\u00e9sum\u00e9 Jusque-l\u00e0, pour Victor, une ann\u00e9e scolaire, c&rsquo;est du saut \u00e0 l&rsquo;\u00e9lastique sans l&rsquo;\u00e9lastique. Ce qu&rsquo;il pr\u00e9f\u00e8re ? \u00c9couter les Rolling Stones, se gaver de loukoums avec son copain Ha\u00ef\u00e7am, parler &hellip; <\/p>\n","protected":false},"author":1,"featured_media":3658,"comment_status":"open","ping_status":"open","sticky":false,"template":"","format":"standard","meta":{"footnotes":""},"categories":[7,9,14,1],"tags":[973,80,296,65,736,309,971,972],"class_list":["post-3657","post","type-post","status-publish","format-standard","has-post-thumbnail","hentry","category-benevolat","category-coups-de-coeur","category-l-ete","category-tout-le-blog","tag-anne-lise-nalin","tag-bande-dessinee","tag-bd-du-mardi","tag-coup-de-coeur","tag-ete","tag-joris-chamblain","tag-le-coeur-en-braille","tag-pascal-ruter","has-single-img"],"yoast_head":"<!-- This site is optimized with the Yoast SEO plugin v27.4 - https:\/\/yoast.com\/product\/yoast-seo-wordpress\/ -->\n<title>Le c\u0153ur en braille de Ruter et Chamblain - Sorbet Kiwi<\/title>\n<meta name=\"description\" content=\"Ma chronique de la BD du mardi, Le coeur en braille de Joris Chamblain, adapt\u00e9e du roman de Pascal Ruter chez Dargaud.\" \/>\n<meta name=\"robots\" content=\"index, follow, max-snippet:-1, max-image-preview:large, max-video-preview:-1\" \/>\n<link rel=\"canonical\" href=\"https:\/\/sorbetkiwi.fr\/index.php\/le-coeur-en-braille-de-ruter-et-chamblain\/\" \/>\n<meta property=\"og:locale\" content=\"fr_FR\" \/>\n<meta property=\"og:type\" content=\"article\" \/>\n<meta property=\"og:title\" content=\"Le c\u0153ur en braille de Ruter et Chamblain - Sorbet Kiwi\" \/>\n<meta property=\"og:description\" content=\"Ma chronique de la BD du mardi, Le coeur en braille de Joris Chamblain, adapt\u00e9e du roman de Pascal Ruter chez Dargaud.\" \/>\n<meta property=\"og:url\" content=\"https:\/\/sorbetkiwi.fr\/index.php\/le-coeur-en-braille-de-ruter-et-chamblain\/\" \/>\n<meta property=\"og:site_name\" content=\"Sorbet Kiwi\" \/>\n<meta property=\"article:publisher\" content=\"https:\/\/www.facebook.com\/profile.php?id=100086238893269\" \/>\n<meta property=\"article:published_time\" content=\"2023-08-29T05:00:00+00:00\" \/>\n<meta property=\"og:image\" content=\"https:\/\/sorbetkiwi.fr\/wp-content\/uploads\/2023\/08\/Le-coeur-en-braille-1-scaled.jpg\" \/>\n\t<meta property=\"og:image:width\" content=\"1920\" \/>\n\t<meta property=\"og:image:height\" content=\"2560\" \/>\n\t<meta property=\"og:image:type\" content=\"image\/jpeg\" \/>\n<meta name=\"author\" content=\"Sorbet-Kiwi\" \/>\n<meta name=\"twitter:card\" content=\"summary_large_image\" \/>\n<meta name=\"twitter:creator\" content=\"@pepparshoes\" \/>\n<meta name=\"twitter:site\" content=\"@pepparshoes\" \/>\n<meta name=\"twitter:label1\" content=\"\u00c9crit par\" \/>\n\t<meta name=\"twitter:data1\" content=\"Sorbet-Kiwi\" \/>\n\t<meta name=\"twitter:label2\" content=\"Dur\u00e9e de lecture estim\u00e9e\" \/>\n\t<meta name=\"twitter:data2\" content=\"3 minutes\" \/>\n<script type=\"application\/ld+json\" class=\"yoast-schema-graph\">{\"@context\":\"https:\\\/\\\/schema.org\",\"@graph\":[{\"@type\":\"Article\",\"@id\":\"https:\\\/\\\/sorbetkiwi.fr\\\/index.php\\\/le-coeur-en-braille-de-ruter-et-chamblain\\\/#article\",\"isPartOf\":{\"@id\":\"https:\\\/\\\/sorbetkiwi.fr\\\/index.php\\\/le-coeur-en-braille-de-ruter-et-chamblain\\\/\"},\"author\":{\"name\":\"Sorbet-Kiwi\",\"@id\":\"https:\\\/\\\/sorbetkiwi.fr\\\/#\\\/schema\\\/person\\\/ed1b7b527a2957ddc3bf38b076540659\"},\"headline\":\"Le c\u0153ur en braille de Ruter et Chamblain\",\"datePublished\":\"2023-08-29T05:00:00+00:00\",\"mainEntityOfPage\":{\"@id\":\"https:\\\/\\\/sorbetkiwi.fr\\\/index.php\\\/le-coeur-en-braille-de-ruter-et-chamblain\\\/\"},\"wordCount\":488,\"commentCount\":1,\"publisher\":{\"@id\":\"https:\\\/\\\/sorbetkiwi.fr\\\/#organization\"},\"image\":{\"@id\":\"https:\\\/\\\/sorbetkiwi.fr\\\/index.php\\\/le-coeur-en-braille-de-ruter-et-chamblain\\\/#primaryimage\"},\"thumbnailUrl\":\"https:\\\/\\\/sorbetkiwi.fr\\\/wp-content\\\/uploads\\\/2023\\\/08\\\/Le-coeur-en-braille-1-scaled.jpg\",\"keywords\":[\"Anne-Lise Nalin\",\"Bande dessin\u00e9e\",\"BD du mardi\",\"Coup de c\u0153ur\",\"\u00e9t\u00e9\",\"Joris Chamblain\",\"Le Coeur en Braille\",\"Pascal Ruter\"],\"articleSection\":[\"B\u00e9n\u00e9volat\",\"Coups de coeur\",\"L'\u00e9t\u00e9\",\"Tout le blog\"],\"inLanguage\":\"fr-FR\",\"potentialAction\":[{\"@type\":\"CommentAction\",\"name\":\"Comment\",\"target\":[\"https:\\\/\\\/sorbetkiwi.fr\\\/index.php\\\/le-coeur-en-braille-de-ruter-et-chamblain\\\/#respond\"]}]},{\"@type\":\"WebPage\",\"@id\":\"https:\\\/\\\/sorbetkiwi.fr\\\/index.php\\\/le-coeur-en-braille-de-ruter-et-chamblain\\\/\",\"url\":\"https:\\\/\\\/sorbetkiwi.fr\\\/index.php\\\/le-coeur-en-braille-de-ruter-et-chamblain\\\/\",\"name\":\"Le c\u0153ur en braille de Ruter et Chamblain - Sorbet Kiwi\",\"isPartOf\":{\"@id\":\"https:\\\/\\\/sorbetkiwi.fr\\\/#website\"},\"primaryImageOfPage\":{\"@id\":\"https:\\\/\\\/sorbetkiwi.fr\\\/index.php\\\/le-coeur-en-braille-de-ruter-et-chamblain\\\/#primaryimage\"},\"image\":{\"@id\":\"https:\\\/\\\/sorbetkiwi.fr\\\/index.php\\\/le-coeur-en-braille-de-ruter-et-chamblain\\\/#primaryimage\"},\"thumbnailUrl\":\"https:\\\/\\\/sorbetkiwi.fr\\\/wp-content\\\/uploads\\\/2023\\\/08\\\/Le-coeur-en-braille-1-scaled.jpg\",\"datePublished\":\"2023-08-29T05:00:00+00:00\",\"description\":\"Ma chronique de la BD du mardi, Le coeur en braille de Joris Chamblain, adapt\u00e9e du roman de Pascal Ruter chez Dargaud.\",\"breadcrumb\":{\"@id\":\"https:\\\/\\\/sorbetkiwi.fr\\\/index.php\\\/le-coeur-en-braille-de-ruter-et-chamblain\\\/#breadcrumb\"},\"inLanguage\":\"fr-FR\",\"potentialAction\":[{\"@type\":\"ReadAction\",\"target\":[\"https:\\\/\\\/sorbetkiwi.fr\\\/index.php\\\/le-coeur-en-braille-de-ruter-et-chamblain\\\/\"]}]},{\"@type\":\"ImageObject\",\"inLanguage\":\"fr-FR\",\"@id\":\"https:\\\/\\\/sorbetkiwi.fr\\\/index.php\\\/le-coeur-en-braille-de-ruter-et-chamblain\\\/#primaryimage\",\"url\":\"https:\\\/\\\/sorbetkiwi.fr\\\/wp-content\\\/uploads\\\/2023\\\/08\\\/Le-coeur-en-braille-1-scaled.jpg\",\"contentUrl\":\"https:\\\/\\\/sorbetkiwi.fr\\\/wp-content\\\/uploads\\\/2023\\\/08\\\/Le-coeur-en-braille-1-scaled.jpg\",\"width\":1920,\"height\":2560,\"caption\":\"Le coeur en braille\"},{\"@type\":\"BreadcrumbList\",\"@id\":\"https:\\\/\\\/sorbetkiwi.fr\\\/index.php\\\/le-coeur-en-braille-de-ruter-et-chamblain\\\/#breadcrumb\",\"itemListElement\":[{\"@type\":\"ListItem\",\"position\":1,\"name\":\"Accueil\",\"item\":\"https:\\\/\\\/sorbetkiwi.fr\\\/\"},{\"@type\":\"ListItem\",\"position\":2,\"name\":\"Le c\u0153ur en braille de Ruter et Chamblain\"}]},{\"@type\":\"WebSite\",\"@id\":\"https:\\\/\\\/sorbetkiwi.fr\\\/#website\",\"url\":\"https:\\\/\\\/sorbetkiwi.fr\\\/\",\"name\":\"Sorbet Kiwi\",\"description\":\"Des lectures th\u00e9matiques par saison et les avis qui vont avec\",\"publisher\":{\"@id\":\"https:\\\/\\\/sorbetkiwi.fr\\\/#organization\"},\"potentialAction\":[{\"@type\":\"SearchAction\",\"target\":{\"@type\":\"EntryPoint\",\"urlTemplate\":\"https:\\\/\\\/sorbetkiwi.fr\\\/?s={search_term_string}\"},\"query-input\":{\"@type\":\"PropertyValueSpecification\",\"valueRequired\":true,\"valueName\":\"search_term_string\"}}],\"inLanguage\":\"fr-FR\"},{\"@type\":\"Organization\",\"@id\":\"https:\\\/\\\/sorbetkiwi.fr\\\/#organization\",\"name\":\"Sorbet Kiwi\",\"url\":\"https:\\\/\\\/sorbetkiwi.fr\\\/\",\"logo\":{\"@type\":\"ImageObject\",\"inLanguage\":\"fr-FR\",\"@id\":\"https:\\\/\\\/sorbetkiwi.fr\\\/#\\\/schema\\\/logo\\\/image\\\/\",\"url\":\"https:\\\/\\\/sorbetkiwi.fr\\\/wp-content\\\/uploads\\\/2022\\\/10\\\/Banniere-Sorbet-Kiwi-2022.jpg\",\"contentUrl\":\"https:\\\/\\\/sorbetkiwi.fr\\\/wp-content\\\/uploads\\\/2022\\\/10\\\/Banniere-Sorbet-Kiwi-2022.jpg\",\"width\":814,\"height\":401,\"caption\":\"Sorbet Kiwi\"},\"image\":{\"@id\":\"https:\\\/\\\/sorbetkiwi.fr\\\/#\\\/schema\\\/logo\\\/image\\\/\"},\"sameAs\":[\"https:\\\/\\\/www.facebook.com\\\/profile.php?id=100086238893269\",\"https:\\\/\\\/x.com\\\/pepparshoes\",\"https:\\\/\\\/www.instagram.com\\\/sorbetkiwi\\\/\",\"https:\\\/\\\/www.tiktok.com\\\/sorbetkiwi\"]},{\"@type\":\"Person\",\"@id\":\"https:\\\/\\\/sorbetkiwi.fr\\\/#\\\/schema\\\/person\\\/ed1b7b527a2957ddc3bf38b076540659\",\"name\":\"Sorbet-Kiwi\",\"image\":{\"@type\":\"ImageObject\",\"inLanguage\":\"fr-FR\",\"@id\":\"https:\\\/\\\/secure.gravatar.com\\\/avatar\\\/86f0a5c27d76317621b9e374d0f3a01d3a85278f10d0c7207ced4fd773057442?s=96&d=mm&r=g\",\"url\":\"https:\\\/\\\/secure.gravatar.com\\\/avatar\\\/86f0a5c27d76317621b9e374d0f3a01d3a85278f10d0c7207ced4fd773057442?s=96&d=mm&r=g\",\"contentUrl\":\"https:\\\/\\\/secure.gravatar.com\\\/avatar\\\/86f0a5c27d76317621b9e374d0f3a01d3a85278f10d0c7207ced4fd773057442?s=96&d=mm&r=g\",\"caption\":\"Sorbet-Kiwi\"},\"sameAs\":[\"http:\\\/\\\/sorbetkiwi.fr\"],\"url\":\"https:\\\/\\\/sorbetkiwi.fr\\\/index.php\\\/author\\\/admin7717\\\/\"}]}<\/script>\n<!-- \/ Yoast SEO plugin. -->","yoast_head_json":{"title":"Le c\u0153ur en braille de Ruter et Chamblain - Sorbet Kiwi","description":"Ma chronique de la BD du mardi, Le coeur en braille de Joris Chamblain, adapt\u00e9e du roman de Pascal Ruter chez Dargaud.","robots":{"index":"index","follow":"follow","max-snippet":"max-snippet:-1","max-image-preview":"max-image-preview:large","max-video-preview":"max-video-preview:-1"},"canonical":"https:\/\/sorbetkiwi.fr\/index.php\/le-coeur-en-braille-de-ruter-et-chamblain\/","og_locale":"fr_FR","og_type":"article","og_title":"Le c\u0153ur en braille de Ruter et Chamblain - Sorbet Kiwi","og_description":"Ma chronique de la BD du mardi, Le coeur en braille de Joris Chamblain, adapt\u00e9e du roman de Pascal Ruter chez Dargaud.","og_url":"https:\/\/sorbetkiwi.fr\/index.php\/le-coeur-en-braille-de-ruter-et-chamblain\/","og_site_name":"Sorbet Kiwi","article_publisher":"https:\/\/www.facebook.com\/profile.php?id=100086238893269","article_published_time":"2023-08-29T05:00:00+00:00","og_image":[{"width":1920,"height":2560,"url":"https:\/\/sorbetkiwi.fr\/wp-content\/uploads\/2023\/08\/Le-coeur-en-braille-1-scaled.jpg","type":"image\/jpeg"}],"author":"Sorbet-Kiwi","twitter_card":"summary_large_image","twitter_creator":"@pepparshoes","twitter_site":"@pepparshoes","twitter_misc":{"\u00c9crit par":"Sorbet-Kiwi","Dur\u00e9e de lecture estim\u00e9e":"3 minutes"},"schema":{"@context":"https:\/\/schema.org","@graph":[{"@type":"Article","@id":"https:\/\/sorbetkiwi.fr\/index.php\/le-coeur-en-braille-de-ruter-et-chamblain\/#article","isPartOf":{"@id":"https:\/\/sorbetkiwi.fr\/index.php\/le-coeur-en-braille-de-ruter-et-chamblain\/"},"author":{"name":"Sorbet-Kiwi","@id":"https:\/\/sorbetkiwi.fr\/#\/schema\/person\/ed1b7b527a2957ddc3bf38b076540659"},"headline":"Le c\u0153ur en braille de Ruter et Chamblain","datePublished":"2023-08-29T05:00:00+00:00","mainEntityOfPage":{"@id":"https:\/\/sorbetkiwi.fr\/index.php\/le-coeur-en-braille-de-ruter-et-chamblain\/"},"wordCount":488,"commentCount":1,"publisher":{"@id":"https:\/\/sorbetkiwi.fr\/#organization"},"image":{"@id":"https:\/\/sorbetkiwi.fr\/index.php\/le-coeur-en-braille-de-ruter-et-chamblain\/#primaryimage"},"thumbnailUrl":"https:\/\/sorbetkiwi.fr\/wp-content\/uploads\/2023\/08\/Le-coeur-en-braille-1-scaled.jpg","keywords":["Anne-Lise Nalin","Bande dessin\u00e9e","BD du mardi","Coup de c\u0153ur","\u00e9t\u00e9","Joris Chamblain","Le Coeur en Braille","Pascal Ruter"],"articleSection":["B\u00e9n\u00e9volat","Coups de coeur","L'\u00e9t\u00e9","Tout le blog"],"inLanguage":"fr-FR","potentialAction":[{"@type":"CommentAction","name":"Comment","target":["https:\/\/sorbetkiwi.fr\/index.php\/le-coeur-en-braille-de-ruter-et-chamblain\/#respond"]}]},{"@type":"WebPage","@id":"https:\/\/sorbetkiwi.fr\/index.php\/le-coeur-en-braille-de-ruter-et-chamblain\/","url":"https:\/\/sorbetkiwi.fr\/index.php\/le-coeur-en-braille-de-ruter-et-chamblain\/","name":"Le c\u0153ur en braille de Ruter et Chamblain - Sorbet Kiwi","isPartOf":{"@id":"https:\/\/sorbetkiwi.fr\/#website"},"primaryImageOfPage":{"@id":"https:\/\/sorbetkiwi.fr\/index.php\/le-coeur-en-braille-de-ruter-et-chamblain\/#primaryimage"},"image":{"@id":"https:\/\/sorbetkiwi.fr\/index.php\/le-coeur-en-braille-de-ruter-et-chamblain\/#primaryimage"},"thumbnailUrl":"https:\/\/sorbetkiwi.fr\/wp-content\/uploads\/2023\/08\/Le-coeur-en-braille-1-scaled.jpg","datePublished":"2023-08-29T05:00:00+00:00","description":"Ma chronique de la BD du mardi, Le coeur en braille de Joris Chamblain, adapt\u00e9e du roman de Pascal Ruter chez Dargaud.","breadcrumb":{"@id":"https:\/\/sorbetkiwi.fr\/index.php\/le-coeur-en-braille-de-ruter-et-chamblain\/#breadcrumb"},"inLanguage":"fr-FR","potentialAction":[{"@type":"ReadAction","target":["https:\/\/sorbetkiwi.fr\/index.php\/le-coeur-en-braille-de-ruter-et-chamblain\/"]}]},{"@type":"ImageObject","inLanguage":"fr-FR","@id":"https:\/\/sorbetkiwi.fr\/index.php\/le-coeur-en-braille-de-ruter-et-chamblain\/#primaryimage","url":"https:\/\/sorbetkiwi.fr\/wp-content\/uploads\/2023\/08\/Le-coeur-en-braille-1-scaled.jpg","contentUrl":"https:\/\/sorbetkiwi.fr\/wp-content\/uploads\/2023\/08\/Le-coeur-en-braille-1-scaled.jpg","width":1920,"height":2560,"caption":"Le coeur en braille"},{"@type":"BreadcrumbList","@id":"https:\/\/sorbetkiwi.fr\/index.php\/le-coeur-en-braille-de-ruter-et-chamblain\/#breadcrumb","itemListElement":[{"@type":"ListItem","position":1,"name":"Accueil","item":"https:\/\/sorbetkiwi.fr\/"},{"@type":"ListItem","position":2,"name":"Le c\u0153ur en braille de Ruter et Chamblain"}]},{"@type":"WebSite","@id":"https:\/\/sorbetkiwi.fr\/#website","url":"https:\/\/sorbetkiwi.fr\/","name":"Sorbet Kiwi","description":"Des lectures th\u00e9matiques par saison et les avis qui vont avec","publisher":{"@id":"https:\/\/sorbetkiwi.fr\/#organization"},"potentialAction":[{"@type":"SearchAction","target":{"@type":"EntryPoint","urlTemplate":"https:\/\/sorbetkiwi.fr\/?s={search_term_string}"},"query-input":{"@type":"PropertyValueSpecification","valueRequired":true,"valueName":"search_term_string"}}],"inLanguage":"fr-FR"},{"@type":"Organization","@id":"https:\/\/sorbetkiwi.fr\/#organization","name":"Sorbet Kiwi","url":"https:\/\/sorbetkiwi.fr\/","logo":{"@type":"ImageObject","inLanguage":"fr-FR","@id":"https:\/\/sorbetkiwi.fr\/#\/schema\/logo\/image\/","url":"https:\/\/sorbetkiwi.fr\/wp-content\/uploads\/2022\/10\/Banniere-Sorbet-Kiwi-2022.jpg","contentUrl":"https:\/\/sorbetkiwi.fr\/wp-content\/uploads\/2022\/10\/Banniere-Sorbet-Kiwi-2022.jpg","width":814,"height":401,"caption":"Sorbet Kiwi"},"image":{"@id":"https:\/\/sorbetkiwi.fr\/#\/schema\/logo\/image\/"},"sameAs":["https:\/\/www.facebook.com\/profile.php?id=100086238893269","https:\/\/x.com\/pepparshoes","https:\/\/www.instagram.com\/sorbetkiwi\/","https:\/\/www.tiktok.com\/sorbetkiwi"]},{"@type":"Person","@id":"https:\/\/sorbetkiwi.fr\/#\/schema\/person\/ed1b7b527a2957ddc3bf38b076540659","name":"Sorbet-Kiwi","image":{"@type":"ImageObject","inLanguage":"fr-FR","@id":"https:\/\/secure.gravatar.com\/avatar\/86f0a5c27d76317621b9e374d0f3a01d3a85278f10d0c7207ced4fd773057442?s=96&d=mm&r=g","url":"https:\/\/secure.gravatar.com\/avatar\/86f0a5c27d76317621b9e374d0f3a01d3a85278f10d0c7207ced4fd773057442?s=96&d=mm&r=g","contentUrl":"https:\/\/secure.gravatar.com\/avatar\/86f0a5c27d76317621b9e374d0f3a01d3a85278f10d0c7207ced4fd773057442?s=96&d=mm&r=g","caption":"Sorbet-Kiwi"},"sameAs":["http:\/\/sorbetkiwi.fr"],"url":"https:\/\/sorbetkiwi.fr\/index.php\/author\/admin7717\/"}]}},"_links":{"self":[{"href":"https:\/\/sorbetkiwi.fr\/index.php\/wp-json\/wp\/v2\/posts\/3657","targetHints":{"allow":["GET"]}}],"collection":[{"href":"https:\/\/sorbetkiwi.fr\/index.php\/wp-json\/wp\/v2\/posts"}],"about":[{"href":"https:\/\/sorbetkiwi.fr\/index.php\/wp-json\/wp\/v2\/types\/post"}],"author":[{"embeddable":true,"href":"https:\/\/sorbetkiwi.fr\/index.php\/wp-json\/wp\/v2\/users\/1"}],"replies":[{"embeddable":true,"href":"https:\/\/sorbetkiwi.fr\/index.php\/wp-json\/wp\/v2\/comments?post=3657"}],"version-history":[{"count":9,"href":"https:\/\/sorbetkiwi.fr\/index.php\/wp-json\/wp\/v2\/posts\/3657\/revisions"}],"predecessor-version":[{"id":3676,"href":"https:\/\/sorbetkiwi.fr\/index.php\/wp-json\/wp\/v2\/posts\/3657\/revisions\/3676"}],"wp:featuredmedia":[{"embeddable":true,"href":"https:\/\/sorbetkiwi.fr\/index.php\/wp-json\/wp\/v2\/media\/3658"}],"wp:attachment":[{"href":"https:\/\/sorbetkiwi.fr\/index.php\/wp-json\/wp\/v2\/media?parent=3657"}],"wp:term":[{"taxonomy":"category","embeddable":true,"href":"https:\/\/sorbetkiwi.fr\/index.php\/wp-json\/wp\/v2\/categories?post=3657"},{"taxonomy":"post_tag","embeddable":true,"href":"https:\/\/sorbetkiwi.fr\/index.php\/wp-json\/wp\/v2\/tags?post=3657"}],"curies":[{"name":"wp","href":"https:\/\/api.w.org\/{rel}","templated":true}]}}