{"id":3618,"date":"2023-08-27T07:00:00","date_gmt":"2023-08-27T05:00:00","guid":{"rendered":"https:\/\/sorbetkiwi.fr\/?p=3618"},"modified":"2023-08-21T08:54:31","modified_gmt":"2023-08-21T06:54:31","slug":"frida-de-sebastien-perez-et-benjamin-lacombe","status":"publish","type":"post","link":"https:\/\/sorbetkiwi.fr\/index.php\/frida-de-sebastien-perez-et-benjamin-lacombe\/","title":{"rendered":"Frida de S\u00e9bastien Perez et Benjamin Lacombe"},"content":{"rendered":"\t\t<div data-elementor-type=\"wp-post\" data-elementor-id=\"3618\" class=\"elementor elementor-3618\">\n\t\t\t\t\t\t<section class=\"elementor-section elementor-top-section elementor-element elementor-element-5fb45f47 elementor-section-boxed elementor-section-height-default elementor-section-height-default\" data-id=\"5fb45f47\" data-element_type=\"section\" data-e-type=\"section\">\n\t\t\t\t\t\t<div class=\"elementor-container elementor-column-gap-default\">\n\t\t\t\t\t<div class=\"elementor-column elementor-col-100 elementor-top-column elementor-element elementor-element-2f8322d5\" data-id=\"2f8322d5\" data-element_type=\"column\" data-e-type=\"column\">\n\t\t\t<div class=\"elementor-widget-wrap elementor-element-populated\">\n\t\t\t\t\t\t<div class=\"elementor-element elementor-element-43ab0a4 elementor-widget elementor-widget-heading\" data-id=\"43ab0a4\" data-element_type=\"widget\" data-e-type=\"widget\" data-widget_type=\"heading.default\">\n\t\t\t\t<div class=\"elementor-widget-container\">\n\t\t\t\t\t<h1 class=\"elementor-heading-title elementor-size-medium\">Frida Perez Lacombe<\/h1>\t\t\t\t<\/div>\n\t\t\t\t<\/div>\n\t\t\t\t<div class=\"elementor-element elementor-element-18f8eb19 elementor-view-default elementor-widget elementor-widget-icon\" data-id=\"18f8eb19\" data-element_type=\"widget\" data-e-type=\"widget\" data-widget_type=\"icon.default\">\n\t\t\t\t<div class=\"elementor-widget-container\">\n\t\t\t\t\t\t\t<div class=\"elementor-icon-wrapper\">\n\t\t\t<div class=\"elementor-icon\">\n\t\t\t<i aria-hidden=\"true\" class=\"fas fa-cocktail\"><\/i>\t\t\t<\/div>\n\t\t<\/div>\n\t\t\t\t\t\t<\/div>\n\t\t\t\t<\/div>\n\t\t\t\t<div class=\"elementor-element elementor-element-5b91df1d elementor-widget-divider--view-line elementor-widget elementor-widget-divider\" data-id=\"5b91df1d\" data-element_type=\"widget\" data-e-type=\"widget\" data-widget_type=\"divider.default\">\n\t\t\t\t<div class=\"elementor-widget-container\">\n\t\t\t\t\t\t\t<div class=\"elementor-divider\">\n\t\t\t<span class=\"elementor-divider-separator\">\n\t\t\t\t\t\t<\/span>\n\t\t<\/div>\n\t\t\t\t\t\t<\/div>\n\t\t\t\t<\/div>\n\t\t\t\t<div class=\"elementor-element elementor-element-4a8b504d elementor-widget elementor-widget-heading\" data-id=\"4a8b504d\" data-element_type=\"widget\" data-e-type=\"widget\" data-widget_type=\"heading.default\">\n\t\t\t\t<div class=\"elementor-widget-container\">\n\t\t\t\t\t<h2 class=\"elementor-heading-title elementor-size-medium\">R\u00e9sum\u00e9<\/h2>\t\t\t\t<\/div>\n\t\t\t\t<\/div>\n\t\t\t\t<div class=\"elementor-element elementor-element-5fce87da elementor-widget elementor-widget-text-editor\" data-id=\"5fce87da\" data-element_type=\"widget\" data-e-type=\"widget\" data-widget_type=\"text-editor.default\">\n\t\t\t\t<div class=\"elementor-widget-container\">\n\t\t\t\t\t\t\t\t\t<p>L&rsquo;une des plus grandes figures de l&rsquo;art mexicain du XXe si\u00e8cle inspire Benjamin Lacombe et S\u00e9bastien Perez pour leur nouvelle collaboration. Pour lui rendre hommage, Benjamin Lacombe propose une immersion in\u00e9dite dans le processus cr\u00e9atif de l&rsquo;artiste. Une succession de pages d\u00e9coup\u00e9es et un texte po\u00e9tique nous entra\u00eenent dans les profondeurs de l&rsquo;\u00e2me de Frida Kahlo. \u00c0 la mani\u00e8re d&rsquo;un recueil de pens\u00e9es, le livre explore les th\u00e9matiques qui sont ch\u00e8res \u00e0 Frida : l&rsquo;amour, la mort, la terre, les animaux\u2026 S\u00e9bastien Perez ins\u00e8re dans son texte des phrases extraites des correspondances de Frida pour restituer de la fa\u00e7on la plus sinc\u00e8re et vraie ce que l&rsquo;artiste ressentait \u00a0\u00bb par-devers elle et face \u00e0 elle \u00ab\u00a0.<\/p>\t\t\t\t\t\t\t\t<\/div>\n\t\t\t\t<\/div>\n\t\t\t\t<div class=\"elementor-element elementor-element-4b43d633 elementor-widget-divider--view-line elementor-widget elementor-widget-divider\" data-id=\"4b43d633\" data-element_type=\"widget\" data-e-type=\"widget\" data-widget_type=\"divider.default\">\n\t\t\t\t<div class=\"elementor-widget-container\">\n\t\t\t\t\t\t\t<div class=\"elementor-divider\">\n\t\t\t<span class=\"elementor-divider-separator\">\n\t\t\t\t\t\t<\/span>\n\t\t<\/div>\n\t\t\t\t\t\t<\/div>\n\t\t\t\t<\/div>\n\t\t\t\t<div class=\"elementor-element elementor-element-661597a6 elementor-widget elementor-widget-heading\" data-id=\"661597a6\" data-element_type=\"widget\" data-e-type=\"widget\" data-widget_type=\"heading.default\">\n\t\t\t\t<div class=\"elementor-widget-container\">\n\t\t\t\t\t<h2 class=\"elementor-heading-title elementor-size-medium\">Ma note<\/h2>\t\t\t\t<\/div>\n\t\t\t\t<\/div>\n\t\t\t\t<div class=\"elementor-element elementor-element-600eea42 elementor-star-rating--align-center elementor--star-style-star_fontawesome elementor-widget elementor-widget-star-rating\" data-id=\"600eea42\" data-element_type=\"widget\" data-e-type=\"widget\" data-widget_type=\"star-rating.default\">\n\t\t\t\t<div class=\"elementor-widget-container\">\n\t\t\t\t\t\t\t<div class=\"elementor-star-rating__wrapper\">\n\t\t\t\t\t\t<div class=\"elementor-star-rating\" itemtype=\"http:\/\/schema.org\/Rating\" itemscope=\"\" itemprop=\"reviewRating\">\n\t\t\t\t<i class=\"elementor-star-full\" aria-hidden=\"true\">&#xE934;<\/i><i class=\"elementor-star-full\" aria-hidden=\"true\">&#xE934;<\/i><i class=\"elementor-star-full\" aria-hidden=\"true\">&#xE934;<\/i><i class=\"elementor-star-full\" aria-hidden=\"true\">&#xE934;<\/i><i class=\"elementor-star-5\" aria-hidden=\"true\">&#xE934;<\/i>\t\t\t\t<span itemprop=\"ratingValue\" class=\"elementor-screen-only\">Not\u00e9 4.5 sur 5<\/span>\n\t\t\t<\/div>\n\t\t<\/div>\n\t\t\t\t\t\t<\/div>\n\t\t\t\t<\/div>\n\t\t\t\t<div class=\"elementor-element elementor-element-40f15a49 elementor-widget-divider--view-line elementor-widget elementor-widget-divider\" data-id=\"40f15a49\" data-element_type=\"widget\" data-e-type=\"widget\" data-widget_type=\"divider.default\">\n\t\t\t\t<div class=\"elementor-widget-container\">\n\t\t\t\t\t\t\t<div class=\"elementor-divider\">\n\t\t\t<span class=\"elementor-divider-separator\">\n\t\t\t\t\t\t<\/span>\n\t\t<\/div>\n\t\t\t\t\t\t<\/div>\n\t\t\t\t<\/div>\n\t\t\t\t<div class=\"elementor-element elementor-element-502c950f elementor-widget elementor-widget-heading\" data-id=\"502c950f\" data-element_type=\"widget\" data-e-type=\"widget\" data-widget_type=\"heading.default\">\n\t\t\t\t<div class=\"elementor-widget-container\">\n\t\t\t\t\t<h4 class=\"elementor-heading-title elementor-size-medium\">\"Sentir dans ma propre douleur la douleur de tous ceux qui souffrent\nEt puiser mon courage dans la n\u00e9cessit\u00e9 de vivre pour me battre pour eux.\"<\/h4>\t\t\t\t<\/div>\n\t\t\t\t<\/div>\n\t\t\t\t<div class=\"elementor-element elementor-element-509edea2 elementor-widget-divider--view-line elementor-widget elementor-widget-divider\" data-id=\"509edea2\" data-element_type=\"widget\" data-e-type=\"widget\" data-widget_type=\"divider.default\">\n\t\t\t\t<div class=\"elementor-widget-container\">\n\t\t\t\t\t\t\t<div class=\"elementor-divider\">\n\t\t\t<span class=\"elementor-divider-separator\">\n\t\t\t\t\t\t<\/span>\n\t\t<\/div>\n\t\t\t\t\t\t<\/div>\n\t\t\t\t<\/div>\n\t\t\t\t<div class=\"elementor-element elementor-element-4a3457df elementor-widget elementor-widget-heading\" data-id=\"4a3457df\" data-element_type=\"widget\" data-e-type=\"widget\" data-widget_type=\"heading.default\">\n\t\t\t\t<div class=\"elementor-widget-container\">\n\t\t\t\t\t<h2 class=\"elementor-heading-title elementor-size-medium\">L'\u0153uvre d'une \u0153uvre<\/h2>\t\t\t\t<\/div>\n\t\t\t\t<\/div>\n\t\t\t\t<div class=\"elementor-element elementor-element-542b13d8 elementor-widget elementor-widget-text-editor\" data-id=\"542b13d8\" data-element_type=\"widget\" data-e-type=\"widget\" data-widget_type=\"text-editor.default\">\n\t\t\t\t<div class=\"elementor-widget-container\">\n\t\t\t\t\t\t\t\t\t<p>Un petit en-cas d&rsquo;\u00e9t\u00e9, \u00e7a vous dit ? Let&rsquo;s go pour un petit article tout rapide \u00e0 propos de Frida de <a href=\"https:\/\/sorbetkiwi.fr\/index.php\/tag\/benjamin-lacombe\/\">Benjamin Lacombe<\/a> et <a href=\"https:\/\/sorbetkiwi.fr\/index.php\/tag\/sebastien-perez\/\">S\u00e9bastien Perez<\/a>, dont j&rsquo;ai d\u00e9j\u00e0 lu d&rsquo;autres \u0153uvres. Celle-ci m&rsquo;a \u00e9t\u00e9 offerte par <a href=\"https:\/\/coeurdencre595.wordpress.com\/2022\/10\/01\/la-fleur-qui-me-ressemble-frida-je-suis-camille\/\">Juliette du blog C\u0153ur d&rsquo;encre 595<\/a> et je l&rsquo;en remercie chaleureusement ! Mon monde s&rsquo;ouvre doucement aux albums, autant jeunesses qu&rsquo;adultes. C&rsquo;est dans cette seconde cat\u00e9gorie que je range Frida. En effet, avec Evan, nous avons tent\u00e9 de le lire, et&#8230; il n&rsquo;a rien compris ! C&rsquo;est ok, on en a parl\u00e9, on a lu autre chose, et \u00e7a s&rsquo;est bien pass\u00e9, ce n&rsquo;est pas non plus un conte interdit. Simplement, il a \u00e9t\u00e9 inaccessible pour lui du haut de ses 9 ans.\u00a0<\/p><p>Je l&rsquo;ai donc repris en main avec une vision adulte : la mienne. C&rsquo;est pourquoi je n&rsquo;en parle pas un mercredi. Et imm\u00e9diatement, j&rsquo;ai a nouveau \u00e9t\u00e9 subjugu\u00e9e par la beaut\u00e9 des illustrations. Elles sont fabuleuses. L&rsquo;\u00e9dition est similaire \u00e0 celle de L&rsquo;herbier des f\u00e9es, avec des d\u00e9coupages. J&rsquo;adore ce travail artistique suppl\u00e9mentaire \u00e0 travers le papier. Les illustrations sont une ode \u00e0 la culture mexicaine et \u00e0 l&rsquo;artiste mais aussi \u00e0 la femme qu&rsquo;\u00e0 \u00e9t\u00e9 Frida Kahlo. Au del\u00e0 de la beaut\u00e9 de l&rsquo;album, Benjamin Lacombe nous offre, \u00e0 la fin, une explication de son processus cr\u00e9atif en lien avec son admiration pour Frida. C&rsquo;est hyper int\u00e9ressant. S&rsquo;en suit une chronologie de la vie de la peintre, ainsi qu&rsquo;un lexique. J&rsquo;ai beaucoup appr\u00e9ci\u00e9 cette d\u00e9couverte charg\u00e9e de douceur, de m\u00e9lancolie et de symbolique.\u00a0<\/p>\t\t\t\t\t\t\t\t<\/div>\n\t\t\t\t<\/div>\n\t\t\t\t\t<\/div>\n\t\t<\/div>\n\t\t\t\t\t<\/div>\n\t\t<\/section>\n\t\t\t\t<\/div>\n\t\t","protected":false},"excerpt":{"rendered":"<p>Frida Perez Lacombe R\u00e9sum\u00e9 L&rsquo;une des plus grandes figures de l&rsquo;art mexicain du XXe si\u00e8cle inspire Benjamin Lacombe et S\u00e9bastien Perez pour leur nouvelle collaboration. Pour lui rendre hommage, Benjamin Lacombe propose une immersion in\u00e9dite &hellip; <\/p>\n","protected":false},"author":1,"featured_media":3619,"comment_status":"open","ping_status":"open","sticky":false,"template":"","format":"standard","meta":{"footnotes":""},"categories":[14,1],"tags":[847,708,379,711,736,710],"class_list":["post-3618","post","type-post","status-publish","format-standard","has-post-thumbnail","hentry","category-l-ete","category-tout-le-blog","tag-albin-michel","tag-album","tag-benjamin-lacombe","tag-editions-albin-michel","tag-ete","tag-sebastien-perez","has-single-img"],"yoast_head":"<!-- This site is optimized with the Yoast SEO plugin v27.4 - https:\/\/yoast.com\/product\/yoast-seo-wordpress\/ -->\n<title>Frida de S\u00e9bastien Perez et Benjamin Lacombe - Sorbet Kiwi<\/title>\n<meta name=\"description\" content=\"Ma chronique de l&#039;album pour adultes Frida de S\u00e9bastien Perez et Benjamin Lacombe aux \u00e9ditions Albin Michel.\" \/>\n<meta name=\"robots\" content=\"index, follow, max-snippet:-1, max-image-preview:large, max-video-preview:-1\" \/>\n<link rel=\"canonical\" href=\"https:\/\/sorbetkiwi.fr\/index.php\/frida-de-sebastien-perez-et-benjamin-lacombe\/\" \/>\n<meta property=\"og:locale\" content=\"fr_FR\" \/>\n<meta property=\"og:type\" content=\"article\" \/>\n<meta property=\"og:title\" content=\"Frida de S\u00e9bastien Perez et Benjamin Lacombe - Sorbet Kiwi\" \/>\n<meta property=\"og:description\" content=\"Ma chronique de l&#039;album pour adultes Frida de S\u00e9bastien Perez et Benjamin Lacombe aux \u00e9ditions Albin Michel.\" \/>\n<meta property=\"og:url\" content=\"https:\/\/sorbetkiwi.fr\/index.php\/frida-de-sebastien-perez-et-benjamin-lacombe\/\" \/>\n<meta property=\"og:site_name\" content=\"Sorbet Kiwi\" \/>\n<meta property=\"article:publisher\" content=\"https:\/\/www.facebook.com\/profile.php?id=100086238893269\" \/>\n<meta property=\"article:published_time\" content=\"2023-08-27T05:00:00+00:00\" \/>\n<meta property=\"og:image\" content=\"https:\/\/sorbetkiwi.fr\/wp-content\/uploads\/2023\/08\/Frida-Perez-Lacombe-1-scaled.jpg\" \/>\n\t<meta property=\"og:image:width\" content=\"1921\" \/>\n\t<meta property=\"og:image:height\" content=\"2560\" \/>\n\t<meta property=\"og:image:type\" content=\"image\/jpeg\" \/>\n<meta name=\"author\" content=\"Sorbet-Kiwi\" \/>\n<meta name=\"twitter:card\" content=\"summary_large_image\" \/>\n<meta name=\"twitter:creator\" content=\"@pepparshoes\" \/>\n<meta name=\"twitter:site\" content=\"@pepparshoes\" \/>\n<meta name=\"twitter:label1\" content=\"\u00c9crit par\" \/>\n\t<meta name=\"twitter:data1\" content=\"Sorbet-Kiwi\" \/>\n\t<meta name=\"twitter:label2\" content=\"Dur\u00e9e de lecture estim\u00e9e\" \/>\n\t<meta name=\"twitter:data2\" content=\"3 minutes\" \/>\n<script type=\"application\/ld+json\" class=\"yoast-schema-graph\">{\"@context\":\"https:\\\/\\\/schema.org\",\"@graph\":[{\"@type\":\"Article\",\"@id\":\"https:\\\/\\\/sorbetkiwi.fr\\\/index.php\\\/frida-de-sebastien-perez-et-benjamin-lacombe\\\/#article\",\"isPartOf\":{\"@id\":\"https:\\\/\\\/sorbetkiwi.fr\\\/index.php\\\/frida-de-sebastien-perez-et-benjamin-lacombe\\\/\"},\"author\":{\"name\":\"Sorbet-Kiwi\",\"@id\":\"https:\\\/\\\/sorbetkiwi.fr\\\/#\\\/schema\\\/person\\\/ed1b7b527a2957ddc3bf38b076540659\"},\"headline\":\"Frida de S\u00e9bastien Perez et Benjamin Lacombe\",\"datePublished\":\"2023-08-27T05:00:00+00:00\",\"mainEntityOfPage\":{\"@id\":\"https:\\\/\\\/sorbetkiwi.fr\\\/index.php\\\/frida-de-sebastien-perez-et-benjamin-lacombe\\\/\"},\"wordCount\":468,\"commentCount\":2,\"publisher\":{\"@id\":\"https:\\\/\\\/sorbetkiwi.fr\\\/#organization\"},\"image\":{\"@id\":\"https:\\\/\\\/sorbetkiwi.fr\\\/index.php\\\/frida-de-sebastien-perez-et-benjamin-lacombe\\\/#primaryimage\"},\"thumbnailUrl\":\"https:\\\/\\\/sorbetkiwi.fr\\\/wp-content\\\/uploads\\\/2023\\\/08\\\/Frida-Perez-Lacombe-1-scaled.jpg\",\"keywords\":[\"Albin Michel\",\"Album\",\"Benjamin Lacombe\",\"Editions Albin Michel\",\"\u00e9t\u00e9\",\"Sebastien Perez\"],\"articleSection\":[\"L'\u00e9t\u00e9\",\"Tout le blog\"],\"inLanguage\":\"fr-FR\",\"potentialAction\":[{\"@type\":\"CommentAction\",\"name\":\"Comment\",\"target\":[\"https:\\\/\\\/sorbetkiwi.fr\\\/index.php\\\/frida-de-sebastien-perez-et-benjamin-lacombe\\\/#respond\"]}]},{\"@type\":\"WebPage\",\"@id\":\"https:\\\/\\\/sorbetkiwi.fr\\\/index.php\\\/frida-de-sebastien-perez-et-benjamin-lacombe\\\/\",\"url\":\"https:\\\/\\\/sorbetkiwi.fr\\\/index.php\\\/frida-de-sebastien-perez-et-benjamin-lacombe\\\/\",\"name\":\"Frida de S\u00e9bastien Perez et Benjamin Lacombe - Sorbet Kiwi\",\"isPartOf\":{\"@id\":\"https:\\\/\\\/sorbetkiwi.fr\\\/#website\"},\"primaryImageOfPage\":{\"@id\":\"https:\\\/\\\/sorbetkiwi.fr\\\/index.php\\\/frida-de-sebastien-perez-et-benjamin-lacombe\\\/#primaryimage\"},\"image\":{\"@id\":\"https:\\\/\\\/sorbetkiwi.fr\\\/index.php\\\/frida-de-sebastien-perez-et-benjamin-lacombe\\\/#primaryimage\"},\"thumbnailUrl\":\"https:\\\/\\\/sorbetkiwi.fr\\\/wp-content\\\/uploads\\\/2023\\\/08\\\/Frida-Perez-Lacombe-1-scaled.jpg\",\"datePublished\":\"2023-08-27T05:00:00+00:00\",\"description\":\"Ma chronique de l'album pour adultes Frida de S\u00e9bastien Perez et Benjamin Lacombe aux \u00e9ditions Albin Michel.\",\"breadcrumb\":{\"@id\":\"https:\\\/\\\/sorbetkiwi.fr\\\/index.php\\\/frida-de-sebastien-perez-et-benjamin-lacombe\\\/#breadcrumb\"},\"inLanguage\":\"fr-FR\",\"potentialAction\":[{\"@type\":\"ReadAction\",\"target\":[\"https:\\\/\\\/sorbetkiwi.fr\\\/index.php\\\/frida-de-sebastien-perez-et-benjamin-lacombe\\\/\"]}]},{\"@type\":\"ImageObject\",\"inLanguage\":\"fr-FR\",\"@id\":\"https:\\\/\\\/sorbetkiwi.fr\\\/index.php\\\/frida-de-sebastien-perez-et-benjamin-lacombe\\\/#primaryimage\",\"url\":\"https:\\\/\\\/sorbetkiwi.fr\\\/wp-content\\\/uploads\\\/2023\\\/08\\\/Frida-Perez-Lacombe-1-scaled.jpg\",\"contentUrl\":\"https:\\\/\\\/sorbetkiwi.fr\\\/wp-content\\\/uploads\\\/2023\\\/08\\\/Frida-Perez-Lacombe-1-scaled.jpg\",\"width\":1921,\"height\":2560,\"caption\":\"Frida Perez Lacombe\"},{\"@type\":\"BreadcrumbList\",\"@id\":\"https:\\\/\\\/sorbetkiwi.fr\\\/index.php\\\/frida-de-sebastien-perez-et-benjamin-lacombe\\\/#breadcrumb\",\"itemListElement\":[{\"@type\":\"ListItem\",\"position\":1,\"name\":\"Accueil\",\"item\":\"https:\\\/\\\/sorbetkiwi.fr\\\/\"},{\"@type\":\"ListItem\",\"position\":2,\"name\":\"Frida de S\u00e9bastien Perez et Benjamin Lacombe\"}]},{\"@type\":\"WebSite\",\"@id\":\"https:\\\/\\\/sorbetkiwi.fr\\\/#website\",\"url\":\"https:\\\/\\\/sorbetkiwi.fr\\\/\",\"name\":\"Sorbet Kiwi\",\"description\":\"Des lectures th\u00e9matiques par saison et les avis qui vont avec\",\"publisher\":{\"@id\":\"https:\\\/\\\/sorbetkiwi.fr\\\/#organization\"},\"potentialAction\":[{\"@type\":\"SearchAction\",\"target\":{\"@type\":\"EntryPoint\",\"urlTemplate\":\"https:\\\/\\\/sorbetkiwi.fr\\\/?s={search_term_string}\"},\"query-input\":{\"@type\":\"PropertyValueSpecification\",\"valueRequired\":true,\"valueName\":\"search_term_string\"}}],\"inLanguage\":\"fr-FR\"},{\"@type\":\"Organization\",\"@id\":\"https:\\\/\\\/sorbetkiwi.fr\\\/#organization\",\"name\":\"Sorbet Kiwi\",\"url\":\"https:\\\/\\\/sorbetkiwi.fr\\\/\",\"logo\":{\"@type\":\"ImageObject\",\"inLanguage\":\"fr-FR\",\"@id\":\"https:\\\/\\\/sorbetkiwi.fr\\\/#\\\/schema\\\/logo\\\/image\\\/\",\"url\":\"https:\\\/\\\/sorbetkiwi.fr\\\/wp-content\\\/uploads\\\/2022\\\/10\\\/Banniere-Sorbet-Kiwi-2022.jpg\",\"contentUrl\":\"https:\\\/\\\/sorbetkiwi.fr\\\/wp-content\\\/uploads\\\/2022\\\/10\\\/Banniere-Sorbet-Kiwi-2022.jpg\",\"width\":814,\"height\":401,\"caption\":\"Sorbet Kiwi\"},\"image\":{\"@id\":\"https:\\\/\\\/sorbetkiwi.fr\\\/#\\\/schema\\\/logo\\\/image\\\/\"},\"sameAs\":[\"https:\\\/\\\/www.facebook.com\\\/profile.php?id=100086238893269\",\"https:\\\/\\\/x.com\\\/pepparshoes\",\"https:\\\/\\\/www.instagram.com\\\/sorbetkiwi\\\/\",\"https:\\\/\\\/www.tiktok.com\\\/sorbetkiwi\"]},{\"@type\":\"Person\",\"@id\":\"https:\\\/\\\/sorbetkiwi.fr\\\/#\\\/schema\\\/person\\\/ed1b7b527a2957ddc3bf38b076540659\",\"name\":\"Sorbet-Kiwi\",\"image\":{\"@type\":\"ImageObject\",\"inLanguage\":\"fr-FR\",\"@id\":\"https:\\\/\\\/secure.gravatar.com\\\/avatar\\\/86f0a5c27d76317621b9e374d0f3a01d3a85278f10d0c7207ced4fd773057442?s=96&d=mm&r=g\",\"url\":\"https:\\\/\\\/secure.gravatar.com\\\/avatar\\\/86f0a5c27d76317621b9e374d0f3a01d3a85278f10d0c7207ced4fd773057442?s=96&d=mm&r=g\",\"contentUrl\":\"https:\\\/\\\/secure.gravatar.com\\\/avatar\\\/86f0a5c27d76317621b9e374d0f3a01d3a85278f10d0c7207ced4fd773057442?s=96&d=mm&r=g\",\"caption\":\"Sorbet-Kiwi\"},\"sameAs\":[\"http:\\\/\\\/sorbetkiwi.fr\"],\"url\":\"https:\\\/\\\/sorbetkiwi.fr\\\/index.php\\\/author\\\/admin7717\\\/\"}]}<\/script>\n<!-- \/ Yoast SEO plugin. -->","yoast_head_json":{"title":"Frida de S\u00e9bastien Perez et Benjamin Lacombe - Sorbet Kiwi","description":"Ma chronique de l'album pour adultes Frida de S\u00e9bastien Perez et Benjamin Lacombe aux \u00e9ditions Albin Michel.","robots":{"index":"index","follow":"follow","max-snippet":"max-snippet:-1","max-image-preview":"max-image-preview:large","max-video-preview":"max-video-preview:-1"},"canonical":"https:\/\/sorbetkiwi.fr\/index.php\/frida-de-sebastien-perez-et-benjamin-lacombe\/","og_locale":"fr_FR","og_type":"article","og_title":"Frida de S\u00e9bastien Perez et Benjamin Lacombe - Sorbet Kiwi","og_description":"Ma chronique de l'album pour adultes Frida de S\u00e9bastien Perez et Benjamin Lacombe aux \u00e9ditions Albin Michel.","og_url":"https:\/\/sorbetkiwi.fr\/index.php\/frida-de-sebastien-perez-et-benjamin-lacombe\/","og_site_name":"Sorbet Kiwi","article_publisher":"https:\/\/www.facebook.com\/profile.php?id=100086238893269","article_published_time":"2023-08-27T05:00:00+00:00","og_image":[{"width":1921,"height":2560,"url":"https:\/\/sorbetkiwi.fr\/wp-content\/uploads\/2023\/08\/Frida-Perez-Lacombe-1-scaled.jpg","type":"image\/jpeg"}],"author":"Sorbet-Kiwi","twitter_card":"summary_large_image","twitter_creator":"@pepparshoes","twitter_site":"@pepparshoes","twitter_misc":{"\u00c9crit par":"Sorbet-Kiwi","Dur\u00e9e de lecture estim\u00e9e":"3 minutes"},"schema":{"@context":"https:\/\/schema.org","@graph":[{"@type":"Article","@id":"https:\/\/sorbetkiwi.fr\/index.php\/frida-de-sebastien-perez-et-benjamin-lacombe\/#article","isPartOf":{"@id":"https:\/\/sorbetkiwi.fr\/index.php\/frida-de-sebastien-perez-et-benjamin-lacombe\/"},"author":{"name":"Sorbet-Kiwi","@id":"https:\/\/sorbetkiwi.fr\/#\/schema\/person\/ed1b7b527a2957ddc3bf38b076540659"},"headline":"Frida de S\u00e9bastien Perez et Benjamin Lacombe","datePublished":"2023-08-27T05:00:00+00:00","mainEntityOfPage":{"@id":"https:\/\/sorbetkiwi.fr\/index.php\/frida-de-sebastien-perez-et-benjamin-lacombe\/"},"wordCount":468,"commentCount":2,"publisher":{"@id":"https:\/\/sorbetkiwi.fr\/#organization"},"image":{"@id":"https:\/\/sorbetkiwi.fr\/index.php\/frida-de-sebastien-perez-et-benjamin-lacombe\/#primaryimage"},"thumbnailUrl":"https:\/\/sorbetkiwi.fr\/wp-content\/uploads\/2023\/08\/Frida-Perez-Lacombe-1-scaled.jpg","keywords":["Albin Michel","Album","Benjamin Lacombe","Editions Albin Michel","\u00e9t\u00e9","Sebastien Perez"],"articleSection":["L'\u00e9t\u00e9","Tout le blog"],"inLanguage":"fr-FR","potentialAction":[{"@type":"CommentAction","name":"Comment","target":["https:\/\/sorbetkiwi.fr\/index.php\/frida-de-sebastien-perez-et-benjamin-lacombe\/#respond"]}]},{"@type":"WebPage","@id":"https:\/\/sorbetkiwi.fr\/index.php\/frida-de-sebastien-perez-et-benjamin-lacombe\/","url":"https:\/\/sorbetkiwi.fr\/index.php\/frida-de-sebastien-perez-et-benjamin-lacombe\/","name":"Frida de S\u00e9bastien Perez et Benjamin Lacombe - Sorbet Kiwi","isPartOf":{"@id":"https:\/\/sorbetkiwi.fr\/#website"},"primaryImageOfPage":{"@id":"https:\/\/sorbetkiwi.fr\/index.php\/frida-de-sebastien-perez-et-benjamin-lacombe\/#primaryimage"},"image":{"@id":"https:\/\/sorbetkiwi.fr\/index.php\/frida-de-sebastien-perez-et-benjamin-lacombe\/#primaryimage"},"thumbnailUrl":"https:\/\/sorbetkiwi.fr\/wp-content\/uploads\/2023\/08\/Frida-Perez-Lacombe-1-scaled.jpg","datePublished":"2023-08-27T05:00:00+00:00","description":"Ma chronique de l'album pour adultes Frida de S\u00e9bastien Perez et Benjamin Lacombe aux \u00e9ditions Albin Michel.","breadcrumb":{"@id":"https:\/\/sorbetkiwi.fr\/index.php\/frida-de-sebastien-perez-et-benjamin-lacombe\/#breadcrumb"},"inLanguage":"fr-FR","potentialAction":[{"@type":"ReadAction","target":["https:\/\/sorbetkiwi.fr\/index.php\/frida-de-sebastien-perez-et-benjamin-lacombe\/"]}]},{"@type":"ImageObject","inLanguage":"fr-FR","@id":"https:\/\/sorbetkiwi.fr\/index.php\/frida-de-sebastien-perez-et-benjamin-lacombe\/#primaryimage","url":"https:\/\/sorbetkiwi.fr\/wp-content\/uploads\/2023\/08\/Frida-Perez-Lacombe-1-scaled.jpg","contentUrl":"https:\/\/sorbetkiwi.fr\/wp-content\/uploads\/2023\/08\/Frida-Perez-Lacombe-1-scaled.jpg","width":1921,"height":2560,"caption":"Frida Perez Lacombe"},{"@type":"BreadcrumbList","@id":"https:\/\/sorbetkiwi.fr\/index.php\/frida-de-sebastien-perez-et-benjamin-lacombe\/#breadcrumb","itemListElement":[{"@type":"ListItem","position":1,"name":"Accueil","item":"https:\/\/sorbetkiwi.fr\/"},{"@type":"ListItem","position":2,"name":"Frida de S\u00e9bastien Perez et Benjamin Lacombe"}]},{"@type":"WebSite","@id":"https:\/\/sorbetkiwi.fr\/#website","url":"https:\/\/sorbetkiwi.fr\/","name":"Sorbet Kiwi","description":"Des lectures th\u00e9matiques par saison et les avis qui vont avec","publisher":{"@id":"https:\/\/sorbetkiwi.fr\/#organization"},"potentialAction":[{"@type":"SearchAction","target":{"@type":"EntryPoint","urlTemplate":"https:\/\/sorbetkiwi.fr\/?s={search_term_string}"},"query-input":{"@type":"PropertyValueSpecification","valueRequired":true,"valueName":"search_term_string"}}],"inLanguage":"fr-FR"},{"@type":"Organization","@id":"https:\/\/sorbetkiwi.fr\/#organization","name":"Sorbet Kiwi","url":"https:\/\/sorbetkiwi.fr\/","logo":{"@type":"ImageObject","inLanguage":"fr-FR","@id":"https:\/\/sorbetkiwi.fr\/#\/schema\/logo\/image\/","url":"https:\/\/sorbetkiwi.fr\/wp-content\/uploads\/2022\/10\/Banniere-Sorbet-Kiwi-2022.jpg","contentUrl":"https:\/\/sorbetkiwi.fr\/wp-content\/uploads\/2022\/10\/Banniere-Sorbet-Kiwi-2022.jpg","width":814,"height":401,"caption":"Sorbet Kiwi"},"image":{"@id":"https:\/\/sorbetkiwi.fr\/#\/schema\/logo\/image\/"},"sameAs":["https:\/\/www.facebook.com\/profile.php?id=100086238893269","https:\/\/x.com\/pepparshoes","https:\/\/www.instagram.com\/sorbetkiwi\/","https:\/\/www.tiktok.com\/sorbetkiwi"]},{"@type":"Person","@id":"https:\/\/sorbetkiwi.fr\/#\/schema\/person\/ed1b7b527a2957ddc3bf38b076540659","name":"Sorbet-Kiwi","image":{"@type":"ImageObject","inLanguage":"fr-FR","@id":"https:\/\/secure.gravatar.com\/avatar\/86f0a5c27d76317621b9e374d0f3a01d3a85278f10d0c7207ced4fd773057442?s=96&d=mm&r=g","url":"https:\/\/secure.gravatar.com\/avatar\/86f0a5c27d76317621b9e374d0f3a01d3a85278f10d0c7207ced4fd773057442?s=96&d=mm&r=g","contentUrl":"https:\/\/secure.gravatar.com\/avatar\/86f0a5c27d76317621b9e374d0f3a01d3a85278f10d0c7207ced4fd773057442?s=96&d=mm&r=g","caption":"Sorbet-Kiwi"},"sameAs":["http:\/\/sorbetkiwi.fr"],"url":"https:\/\/sorbetkiwi.fr\/index.php\/author\/admin7717\/"}]}},"_links":{"self":[{"href":"https:\/\/sorbetkiwi.fr\/index.php\/wp-json\/wp\/v2\/posts\/3618","targetHints":{"allow":["GET"]}}],"collection":[{"href":"https:\/\/sorbetkiwi.fr\/index.php\/wp-json\/wp\/v2\/posts"}],"about":[{"href":"https:\/\/sorbetkiwi.fr\/index.php\/wp-json\/wp\/v2\/types\/post"}],"author":[{"embeddable":true,"href":"https:\/\/sorbetkiwi.fr\/index.php\/wp-json\/wp\/v2\/users\/1"}],"replies":[{"embeddable":true,"href":"https:\/\/sorbetkiwi.fr\/index.php\/wp-json\/wp\/v2\/comments?post=3618"}],"version-history":[{"count":6,"href":"https:\/\/sorbetkiwi.fr\/index.php\/wp-json\/wp\/v2\/posts\/3618\/revisions"}],"predecessor-version":[{"id":3625,"href":"https:\/\/sorbetkiwi.fr\/index.php\/wp-json\/wp\/v2\/posts\/3618\/revisions\/3625"}],"wp:featuredmedia":[{"embeddable":true,"href":"https:\/\/sorbetkiwi.fr\/index.php\/wp-json\/wp\/v2\/media\/3619"}],"wp:attachment":[{"href":"https:\/\/sorbetkiwi.fr\/index.php\/wp-json\/wp\/v2\/media?parent=3618"}],"wp:term":[{"taxonomy":"category","embeddable":true,"href":"https:\/\/sorbetkiwi.fr\/index.php\/wp-json\/wp\/v2\/categories?post=3618"},{"taxonomy":"post_tag","embeddable":true,"href":"https:\/\/sorbetkiwi.fr\/index.php\/wp-json\/wp\/v2\/tags?post=3618"}],"curies":[{"name":"wp","href":"https:\/\/api.w.org\/{rel}","templated":true}]}}