{"id":3503,"date":"2023-08-09T10:59:42","date_gmt":"2023-08-09T08:59:42","guid":{"rendered":"https:\/\/sorbetkiwi.fr\/?p=3503"},"modified":"2023-08-09T10:59:43","modified_gmt":"2023-08-09T08:59:43","slug":"la-couleur-des-emotions-de-anna-llenas","status":"publish","type":"post","link":"https:\/\/sorbetkiwi.fr\/index.php\/la-couleur-des-emotions-de-anna-llenas\/","title":{"rendered":"La couleur des \u00e9motions de Anna Llenas"},"content":{"rendered":"\t\t<div data-elementor-type=\"wp-post\" data-elementor-id=\"3503\" class=\"elementor elementor-3503\">\n\t\t\t\t\t\t<section class=\"elementor-section elementor-top-section elementor-element elementor-element-48aa436d elementor-section-boxed elementor-section-height-default elementor-section-height-default\" data-id=\"48aa436d\" data-element_type=\"section\" data-e-type=\"section\">\n\t\t\t\t\t\t<div class=\"elementor-container elementor-column-gap-default\">\n\t\t\t\t\t<div class=\"elementor-column elementor-col-100 elementor-top-column elementor-element elementor-element-2e4c5cd2\" data-id=\"2e4c5cd2\" data-element_type=\"column\" data-e-type=\"column\">\n\t\t\t<div class=\"elementor-widget-wrap elementor-element-populated\">\n\t\t\t\t\t\t<div class=\"elementor-element elementor-element-69962097 elementor-widget elementor-widget-heading\" data-id=\"69962097\" data-element_type=\"widget\" data-e-type=\"widget\" data-widget_type=\"heading.default\">\n\t\t\t\t<div class=\"elementor-widget-container\">\n\t\t\t\t\t<h1 class=\"elementor-heading-title elementor-size-medium\">La couleur des \u00e9motions<\/h1>\t\t\t\t<\/div>\n\t\t\t\t<\/div>\n\t\t\t\t<div class=\"elementor-element elementor-element-361b94a8 elementor-view-default elementor-widget elementor-widget-icon\" data-id=\"361b94a8\" data-element_type=\"widget\" data-e-type=\"widget\" data-widget_type=\"icon.default\">\n\t\t\t\t<div class=\"elementor-widget-container\">\n\t\t\t\t\t\t\t<div class=\"elementor-icon-wrapper\">\n\t\t\t<div class=\"elementor-icon\">\n\t\t\t<i aria-hidden=\"true\" class=\"fas fa-cocktail\"><\/i>\t\t\t<\/div>\n\t\t<\/div>\n\t\t\t\t\t\t<\/div>\n\t\t\t\t<\/div>\n\t\t\t\t<div class=\"elementor-element elementor-element-3782c8ed elementor-widget-divider--view-line elementor-widget elementor-widget-divider\" data-id=\"3782c8ed\" data-element_type=\"widget\" data-e-type=\"widget\" data-widget_type=\"divider.default\">\n\t\t\t\t<div class=\"elementor-widget-container\">\n\t\t\t\t\t\t\t<div class=\"elementor-divider\">\n\t\t\t<span class=\"elementor-divider-separator\">\n\t\t\t\t\t\t<\/span>\n\t\t<\/div>\n\t\t\t\t\t\t<\/div>\n\t\t\t\t<\/div>\n\t\t\t\t<div class=\"elementor-element elementor-element-5bdcb684 elementor-widget elementor-widget-heading\" data-id=\"5bdcb684\" data-element_type=\"widget\" data-e-type=\"widget\" data-widget_type=\"heading.default\">\n\t\t\t\t<div class=\"elementor-widget-container\">\n\t\t\t\t\t<h2 class=\"elementor-heading-title elementor-size-medium\">R\u00e9sum\u00e9<\/h2>\t\t\t\t<\/div>\n\t\t\t\t<\/div>\n\t\t\t\t<div class=\"elementor-element elementor-element-147eda5b elementor-widget elementor-widget-text-editor\" data-id=\"147eda5b\" data-element_type=\"widget\" data-e-type=\"widget\" data-widget_type=\"text-editor.default\">\n\t\t\t\t<div class=\"elementor-widget-container\">\n\t\t\t\t\t\t\t\t\t<p>Le monstre des couleurs se sent tout barbouill\u00e9 aujourd&rsquo;hui. Ses \u00e9motions sont sens dessus dessous ! Il ne comprend pas ce qui lui arrive. R\u00e9ussira-t-il \u00e0 mettre de l&rsquo;ordre dans son c\u0153ur et \u00e0 retrouver son \u00e9quilibre ?<\/p>\t\t\t\t\t\t\t\t<\/div>\n\t\t\t\t<\/div>\n\t\t\t\t<div class=\"elementor-element elementor-element-35d20c2e elementor-widget-divider--view-line elementor-widget elementor-widget-divider\" data-id=\"35d20c2e\" data-element_type=\"widget\" data-e-type=\"widget\" data-widget_type=\"divider.default\">\n\t\t\t\t<div class=\"elementor-widget-container\">\n\t\t\t\t\t\t\t<div class=\"elementor-divider\">\n\t\t\t<span class=\"elementor-divider-separator\">\n\t\t\t\t\t\t<\/span>\n\t\t<\/div>\n\t\t\t\t\t\t<\/div>\n\t\t\t\t<\/div>\n\t\t\t\t<div class=\"elementor-element elementor-element-19de7ff7 elementor-widget elementor-widget-heading\" data-id=\"19de7ff7\" data-element_type=\"widget\" data-e-type=\"widget\" data-widget_type=\"heading.default\">\n\t\t\t\t<div class=\"elementor-widget-container\">\n\t\t\t\t\t<h2 class=\"elementor-heading-title elementor-size-medium\">Ma note<\/h2>\t\t\t\t<\/div>\n\t\t\t\t<\/div>\n\t\t\t\t<div class=\"elementor-element elementor-element-325f6472 elementor-star-rating--align-center elementor--star-style-star_fontawesome elementor-widget elementor-widget-star-rating\" data-id=\"325f6472\" data-element_type=\"widget\" data-e-type=\"widget\" data-widget_type=\"star-rating.default\">\n\t\t\t\t<div class=\"elementor-widget-container\">\n\t\t\t\t\t\t\t<div class=\"elementor-star-rating__wrapper\">\n\t\t\t\t\t\t<div class=\"elementor-star-rating\" itemtype=\"http:\/\/schema.org\/Rating\" itemscope=\"\" itemprop=\"reviewRating\">\n\t\t\t\t<i class=\"elementor-star-full\" aria-hidden=\"true\">&#xE934;<\/i><i class=\"elementor-star-full\" aria-hidden=\"true\">&#xE934;<\/i><i class=\"elementor-star-full\" aria-hidden=\"true\">&#xE934;<\/i><i class=\"elementor-star-empty\" aria-hidden=\"true\">&#xE934;<\/i><i class=\"elementor-star-empty\" aria-hidden=\"true\">&#xE934;<\/i>\t\t\t\t<span itemprop=\"ratingValue\" class=\"elementor-screen-only\">Not\u00e9 3 sur 5<\/span>\n\t\t\t<\/div>\n\t\t<\/div>\n\t\t\t\t\t\t<\/div>\n\t\t\t\t<\/div>\n\t\t\t\t<div class=\"elementor-element elementor-element-3972c94c elementor-widget-divider--view-line elementor-widget elementor-widget-divider\" data-id=\"3972c94c\" data-element_type=\"widget\" data-e-type=\"widget\" data-widget_type=\"divider.default\">\n\t\t\t\t<div class=\"elementor-widget-container\">\n\t\t\t\t\t\t\t<div class=\"elementor-divider\">\n\t\t\t<span class=\"elementor-divider-separator\">\n\t\t\t\t\t\t<\/span>\n\t\t<\/div>\n\t\t\t\t\t\t<\/div>\n\t\t\t\t<\/div>\n\t\t\t\t<div class=\"elementor-element elementor-element-e4ee51e elementor-widget elementor-widget-heading\" data-id=\"e4ee51e\" data-element_type=\"widget\" data-e-type=\"widget\" data-widget_type=\"heading.default\">\n\t\t\t\t<div class=\"elementor-widget-container\">\n\t\t\t\t\t<h2 class=\"elementor-heading-title elementor-size-medium\">Apprendre a exprimer ses \u00e9motions<\/h2>\t\t\t\t<\/div>\n\t\t\t\t<\/div>\n\t\t\t\t<div class=\"elementor-element elementor-element-1ed646e6 elementor-widget elementor-widget-text-editor\" data-id=\"1ed646e6\" data-element_type=\"widget\" data-e-type=\"widget\" data-widget_type=\"text-editor.default\">\n\t\t\t\t<div class=\"elementor-widget-container\">\n\t\t\t\t\t\t\t\t\t<p>Comme pour <a href=\"https:\/\/sorbetkiwi.fr\/index.php\/chhht-de-sally-grindley-et-peter-utton\/\">Chhht !<\/a>, dont je vous parlais d\u00e9j\u00e0 <a href=\"https:\/\/sorbetkiwi.fr\/index.php\/category\/l-ete\/\">cet \u00e9t\u00e9<\/a>, je ne me serai pas tourn\u00e9e de moi-m\u00eame vers La couleur des \u00e9motions. Mais il fait partie du <a href=\"https:\/\/www.livraddict.com\/forum\/viewtopic.php?id=35751\">Baby Challenge des albums<\/a> de Livraddict, ce qui m&rsquo;a pouss\u00e9 \u00e0 l&#8217;emprunter \u00e0 la m\u00e9diath\u00e8que. Il fait aujourd&rsquo;hui partie de ces incontournables, et je comprends pourquoi d&rsquo;un point de vue \u00e9ducatif. Il y a une petite histoire, mais cet album sert surtout \u00e0 apprendre \u00e0 mettre des mots sur diff\u00e9rentes \u00e9motions. Les identifier et les exprimer est essentiel \u00e0 une vie sereine, je l&rsquo;ai donc trouv\u00e9 int\u00e9ressant de ce point de vue l\u00e0.\u00a0<\/p>\t\t\t\t\t\t\t\t<\/div>\n\t\t\t\t<\/div>\n\t\t\t\t<div class=\"elementor-element elementor-element-32431301 elementor-widget-divider--view-line elementor-widget elementor-widget-divider\" data-id=\"32431301\" data-element_type=\"widget\" data-e-type=\"widget\" data-widget_type=\"divider.default\">\n\t\t\t\t<div class=\"elementor-widget-container\">\n\t\t\t\t\t\t\t<div class=\"elementor-divider\">\n\t\t\t<span class=\"elementor-divider-separator\">\n\t\t\t\t\t\t<\/span>\n\t\t<\/div>\n\t\t\t\t\t\t<\/div>\n\t\t\t\t<\/div>\n\t\t\t\t<div class=\"elementor-element elementor-element-47a1b586 elementor-widget elementor-widget-heading\" data-id=\"47a1b586\" data-element_type=\"widget\" data-e-type=\"widget\" data-widget_type=\"heading.default\">\n\t\t\t\t<div class=\"elementor-widget-container\">\n\t\t\t\t\t<h4 class=\"elementor-heading-title elementor-size-medium\">\"Regarde-moi cette pagaille !<br>\n\nTes \u00e9motions sont sens dessus dessous !<br>\n\nTon c\u0153ur est un vrai fourre-tout.<br>\n\nComment veux-tu t'y retrouver ?\"<\/h4>\t\t\t\t<\/div>\n\t\t\t\t<\/div>\n\t\t\t\t<div class=\"elementor-element elementor-element-1e311cc0 elementor-widget-divider--view-line elementor-widget elementor-widget-divider\" data-id=\"1e311cc0\" data-element_type=\"widget\" data-e-type=\"widget\" data-widget_type=\"divider.default\">\n\t\t\t\t<div class=\"elementor-widget-container\">\n\t\t\t\t\t\t\t<div class=\"elementor-divider\">\n\t\t\t<span class=\"elementor-divider-separator\">\n\t\t\t\t\t\t<\/span>\n\t\t<\/div>\n\t\t\t\t\t\t<\/div>\n\t\t\t\t<\/div>\n\t\t\t\t<div class=\"elementor-element elementor-element-7d8b61b9 elementor-widget elementor-widget-heading\" data-id=\"7d8b61b9\" data-element_type=\"widget\" data-e-type=\"widget\" data-widget_type=\"heading.default\">\n\t\t\t\t<div class=\"elementor-widget-container\">\n\t\t\t\t\t<h2 class=\"elementor-heading-title elementor-size-medium\">Une approche d\u00e9routante<\/h2>\t\t\t\t<\/div>\n\t\t\t\t<\/div>\n\t\t\t\t<div class=\"elementor-element elementor-element-68b09954 elementor-widget elementor-widget-text-editor\" data-id=\"68b09954\" data-element_type=\"widget\" data-e-type=\"widget\" data-widget_type=\"text-editor.default\">\n\t\t\t\t<div class=\"elementor-widget-container\">\n\t\t\t\t\t\t\t\t\t<p>L&rsquo;histoire en elle-m\u00eame est tr\u00e8s rapide, puisqu&rsquo;elle n&rsquo;est pas centrale \u00e0 l&rsquo;objectif de La couleur des \u00e9motions. Une petite fille va venir prendre le monstre par la main pour lui apprendre \u00e0 compartimenter ce qu&rsquo;il ressent. Je ne suis pas certaine d&rsquo;adh\u00e9rer \u00e0 l&rsquo;id\u00e9e m\u00eame si je comprends le besoin \u00e0 des fins narratives. La petite fille semble aussi tr\u00e8s s\u00e9v\u00e8re. L\u00e0 encore, j&rsquo;ai \u00e9t\u00e9 un peu perplexe. Se faire gronder parce qu&rsquo;on ne sait pas ce qu&rsquo;on ressent&#8230; bof non ? Peut-\u00eatre parce que je suis moi-m\u00eame en pleine th\u00e9rapie, mais je ne trouve pas cela tr\u00e8s encourageant. J&rsquo;aurai surement pr\u00e9f\u00e9r\u00e9e qu&rsquo;elle ait l&rsquo;air inqui\u00e8te pour son ami.&nbsp;<\/p>\t\t\t\t\t\t\t\t<\/div>\n\t\t\t\t<\/div>\n\t\t\t\t<div class=\"elementor-element elementor-element-4b9fcef2 elementor-widget-divider--view-line elementor-widget elementor-widget-divider\" data-id=\"4b9fcef2\" data-element_type=\"widget\" data-e-type=\"widget\" data-widget_type=\"divider.default\">\n\t\t\t\t<div class=\"elementor-widget-container\">\n\t\t\t\t\t\t\t<div class=\"elementor-divider\">\n\t\t\t<span class=\"elementor-divider-separator\">\n\t\t\t\t\t\t<\/span>\n\t\t<\/div>\n\t\t\t\t\t\t<\/div>\n\t\t\t\t<\/div>\n\t\t\t\t<div class=\"elementor-element elementor-element-bfccd41 elementor-widget elementor-widget-heading\" data-id=\"bfccd41\" data-element_type=\"widget\" data-e-type=\"widget\" data-widget_type=\"heading.default\">\n\t\t\t\t<div class=\"elementor-widget-container\">\n\t\t\t\t\t<h2 class=\"elementor-heading-title elementor-size-medium\">Une \u00e9dition bien sympa<\/h2>\t\t\t\t<\/div>\n\t\t\t\t<\/div>\n\t\t\t\t<div class=\"elementor-element elementor-element-4c928579 elementor-widget elementor-widget-text-editor\" data-id=\"4c928579\" data-element_type=\"widget\" data-e-type=\"widget\" data-widget_type=\"text-editor.default\">\n\t\t\t\t<div class=\"elementor-widget-container\">\n\t\t\t\t\t\t\t\t\t<p>Par contre, ce que j&rsquo;ai appr\u00e9ci\u00e9, ce sont les illustrations autour des \u00e9motions. La colorim\u00e9trie, d\u00e9j\u00e0, puisque, comme l&rsquo;indique le titre La couleur des \u00e9motions, chacune d&rsquo;entre elle est li\u00e9e \u00e0 une couleur. D&rsquo;abord tout embrouill\u00e9, le monstre est multicolore. Puis, une fois ses sensations identifi\u00e9es, il prendra l&rsquo;apparence de celles-ci. Il y a \u00e9galement un effet scrapbooking que j&rsquo;ai trouv\u00e9 tr\u00e8s sympa ! Cela donne du relief aux diff\u00e9rentes pages. A ce niveau-l\u00e0, l&rsquo;album m&rsquo;a plu. Mais on est tout de m\u00eame loin d&rsquo;un coup de c\u0153ur, et m\u00eame d&rsquo;une id\u00e9e cadeau. Ce sera pour la prochaine fois, ou alors du c\u00f4t\u00e9 du <a href=\"https:\/\/sorbetkiwi.fr\/index.php\/le-souffleur-de-reves-de-villiot-et-prugne\/\">Souffleur des r\u00eaves<\/a> ou de <a href=\"https:\/\/sorbetkiwi.fr\/index.php\/devine-combien-je-taime-de-mcbratney-et-jeram\/\">Devine combien je t&rsquo;aime<\/a> plut\u00f4t !\u00a0<\/p>\t\t\t\t\t\t\t\t<\/div>\n\t\t\t\t<\/div>\n\t\t\t\t\t<\/div>\n\t\t<\/div>\n\t\t\t\t\t<\/div>\n\t\t<\/section>\n\t\t\t\t<\/div>\n\t\t","protected":false},"excerpt":{"rendered":"<p>La couleur des \u00e9motions R\u00e9sum\u00e9 Le monstre des couleurs se sent tout barbouill\u00e9 aujourd&rsquo;hui. Ses \u00e9motions sont sens dessus dessous ! Il ne comprend pas ce qui lui arrive. R\u00e9ussira-t-il \u00e0 mettre de l&rsquo;ordre dans &hellip; <\/p>\n","protected":false},"author":1,"featured_media":3524,"comment_status":"open","ping_status":"open","sticky":false,"template":"","format":"standard","meta":{"footnotes":""},"categories":[7,14,1],"tags":[708,268,930,932,931,558],"class_list":["post-3503","post","type-post","status-publish","format-standard","has-post-thumbnail","hentry","category-benevolat","category-l-ete","category-tout-le-blog","tag-album","tag-album-jeunesse","tag-anna-llenas","tag-editions-quatre-fleuves","tag-la-couleur-des-emotions","tag-mercredi","has-single-img"],"yoast_head":"<!-- This site is optimized with the Yoast SEO plugin v27.4 - https:\/\/yoast.com\/product\/yoast-seo-wordpress\/ -->\n<title>La couleur des \u00e9motions de Anna Llenas - Sorbet Kiwi<\/title>\n<meta name=\"description\" content=\"Ma chronique de l&#039;album jeunesse La couleur des \u00e9motions de Anna Llenas aux \u00e9ditions Quatre Fleuves, emprunt\u00e9 \u00e0 la m\u00e9diath\u00e8que.\" \/>\n<meta name=\"robots\" content=\"index, follow, max-snippet:-1, max-image-preview:large, max-video-preview:-1\" \/>\n<link rel=\"canonical\" href=\"https:\/\/sorbetkiwi.fr\/index.php\/la-couleur-des-emotions-de-anna-llenas\/\" \/>\n<meta property=\"og:locale\" content=\"fr_FR\" \/>\n<meta property=\"og:type\" content=\"article\" \/>\n<meta property=\"og:title\" content=\"La couleur des \u00e9motions de Anna Llenas - Sorbet Kiwi\" \/>\n<meta property=\"og:description\" content=\"Ma chronique de l&#039;album jeunesse La couleur des \u00e9motions de Anna Llenas aux \u00e9ditions Quatre Fleuves, emprunt\u00e9 \u00e0 la m\u00e9diath\u00e8que.\" \/>\n<meta property=\"og:url\" content=\"https:\/\/sorbetkiwi.fr\/index.php\/la-couleur-des-emotions-de-anna-llenas\/\" \/>\n<meta property=\"og:site_name\" content=\"Sorbet Kiwi\" \/>\n<meta property=\"article:publisher\" content=\"https:\/\/www.facebook.com\/profile.php?id=100086238893269\" \/>\n<meta property=\"article:published_time\" content=\"2023-08-09T08:59:42+00:00\" \/>\n<meta property=\"article:modified_time\" content=\"2023-08-09T08:59:43+00:00\" \/>\n<meta property=\"og:image\" content=\"https:\/\/sorbetkiwi.fr\/wp-content\/uploads\/2023\/08\/La-couleur-des-emotions-Anna-Llenas-1-scaled.jpg\" \/>\n\t<meta property=\"og:image:width\" content=\"1920\" \/>\n\t<meta property=\"og:image:height\" content=\"2560\" \/>\n\t<meta property=\"og:image:type\" content=\"image\/jpeg\" \/>\n<meta name=\"author\" content=\"Sorbet-Kiwi\" \/>\n<meta name=\"twitter:card\" content=\"summary_large_image\" \/>\n<meta name=\"twitter:creator\" content=\"@pepparshoes\" \/>\n<meta name=\"twitter:site\" content=\"@pepparshoes\" \/>\n<meta name=\"twitter:label1\" content=\"\u00c9crit par\" \/>\n\t<meta name=\"twitter:data1\" content=\"Sorbet-Kiwi\" \/>\n\t<meta name=\"twitter:label2\" content=\"Dur\u00e9e de lecture estim\u00e9e\" \/>\n\t<meta name=\"twitter:data2\" content=\"3 minutes\" \/>\n<script type=\"application\/ld+json\" class=\"yoast-schema-graph\">{\"@context\":\"https:\\\/\\\/schema.org\",\"@graph\":[{\"@type\":\"Article\",\"@id\":\"https:\\\/\\\/sorbetkiwi.fr\\\/index.php\\\/la-couleur-des-emotions-de-anna-llenas\\\/#article\",\"isPartOf\":{\"@id\":\"https:\\\/\\\/sorbetkiwi.fr\\\/index.php\\\/la-couleur-des-emotions-de-anna-llenas\\\/\"},\"author\":{\"name\":\"Sorbet-Kiwi\",\"@id\":\"https:\\\/\\\/sorbetkiwi.fr\\\/#\\\/schema\\\/person\\\/ed1b7b527a2957ddc3bf38b076540659\"},\"headline\":\"La couleur des \u00e9motions de Anna Llenas\",\"datePublished\":\"2023-08-09T08:59:42+00:00\",\"dateModified\":\"2023-08-09T08:59:43+00:00\",\"mainEntityOfPage\":{\"@id\":\"https:\\\/\\\/sorbetkiwi.fr\\\/index.php\\\/la-couleur-des-emotions-de-anna-llenas\\\/\"},\"wordCount\":471,\"commentCount\":0,\"publisher\":{\"@id\":\"https:\\\/\\\/sorbetkiwi.fr\\\/#organization\"},\"image\":{\"@id\":\"https:\\\/\\\/sorbetkiwi.fr\\\/index.php\\\/la-couleur-des-emotions-de-anna-llenas\\\/#primaryimage\"},\"thumbnailUrl\":\"https:\\\/\\\/sorbetkiwi.fr\\\/wp-content\\\/uploads\\\/2023\\\/08\\\/La-couleur-des-emotions-Anna-Llenas-1-scaled.jpg\",\"keywords\":[\"Album\",\"Album jeunesse\",\"Anna Llenas\",\"Editions Quatre Fleuves\",\"La couleur des \u00e9motions\",\"Mercredi\"],\"articleSection\":[\"B\u00e9n\u00e9volat\",\"L'\u00e9t\u00e9\",\"Tout le blog\"],\"inLanguage\":\"fr-FR\",\"potentialAction\":[{\"@type\":\"CommentAction\",\"name\":\"Comment\",\"target\":[\"https:\\\/\\\/sorbetkiwi.fr\\\/index.php\\\/la-couleur-des-emotions-de-anna-llenas\\\/#respond\"]}]},{\"@type\":\"WebPage\",\"@id\":\"https:\\\/\\\/sorbetkiwi.fr\\\/index.php\\\/la-couleur-des-emotions-de-anna-llenas\\\/\",\"url\":\"https:\\\/\\\/sorbetkiwi.fr\\\/index.php\\\/la-couleur-des-emotions-de-anna-llenas\\\/\",\"name\":\"La couleur des \u00e9motions de Anna Llenas - Sorbet Kiwi\",\"isPartOf\":{\"@id\":\"https:\\\/\\\/sorbetkiwi.fr\\\/#website\"},\"primaryImageOfPage\":{\"@id\":\"https:\\\/\\\/sorbetkiwi.fr\\\/index.php\\\/la-couleur-des-emotions-de-anna-llenas\\\/#primaryimage\"},\"image\":{\"@id\":\"https:\\\/\\\/sorbetkiwi.fr\\\/index.php\\\/la-couleur-des-emotions-de-anna-llenas\\\/#primaryimage\"},\"thumbnailUrl\":\"https:\\\/\\\/sorbetkiwi.fr\\\/wp-content\\\/uploads\\\/2023\\\/08\\\/La-couleur-des-emotions-Anna-Llenas-1-scaled.jpg\",\"datePublished\":\"2023-08-09T08:59:42+00:00\",\"dateModified\":\"2023-08-09T08:59:43+00:00\",\"description\":\"Ma chronique de l'album jeunesse La couleur des \u00e9motions de Anna Llenas aux \u00e9ditions Quatre Fleuves, emprunt\u00e9 \u00e0 la m\u00e9diath\u00e8que.\",\"breadcrumb\":{\"@id\":\"https:\\\/\\\/sorbetkiwi.fr\\\/index.php\\\/la-couleur-des-emotions-de-anna-llenas\\\/#breadcrumb\"},\"inLanguage\":\"fr-FR\",\"potentialAction\":[{\"@type\":\"ReadAction\",\"target\":[\"https:\\\/\\\/sorbetkiwi.fr\\\/index.php\\\/la-couleur-des-emotions-de-anna-llenas\\\/\"]}]},{\"@type\":\"ImageObject\",\"inLanguage\":\"fr-FR\",\"@id\":\"https:\\\/\\\/sorbetkiwi.fr\\\/index.php\\\/la-couleur-des-emotions-de-anna-llenas\\\/#primaryimage\",\"url\":\"https:\\\/\\\/sorbetkiwi.fr\\\/wp-content\\\/uploads\\\/2023\\\/08\\\/La-couleur-des-emotions-Anna-Llenas-1-scaled.jpg\",\"contentUrl\":\"https:\\\/\\\/sorbetkiwi.fr\\\/wp-content\\\/uploads\\\/2023\\\/08\\\/La-couleur-des-emotions-Anna-Llenas-1-scaled.jpg\",\"width\":1920,\"height\":2560,\"caption\":\"La couleur des \u00e9motions Anna Llenas\"},{\"@type\":\"BreadcrumbList\",\"@id\":\"https:\\\/\\\/sorbetkiwi.fr\\\/index.php\\\/la-couleur-des-emotions-de-anna-llenas\\\/#breadcrumb\",\"itemListElement\":[{\"@type\":\"ListItem\",\"position\":1,\"name\":\"Accueil\",\"item\":\"https:\\\/\\\/sorbetkiwi.fr\\\/\"},{\"@type\":\"ListItem\",\"position\":2,\"name\":\"La couleur des \u00e9motions de Anna Llenas\"}]},{\"@type\":\"WebSite\",\"@id\":\"https:\\\/\\\/sorbetkiwi.fr\\\/#website\",\"url\":\"https:\\\/\\\/sorbetkiwi.fr\\\/\",\"name\":\"Sorbet Kiwi\",\"description\":\"Des lectures th\u00e9matiques par saison et les avis qui vont avec\",\"publisher\":{\"@id\":\"https:\\\/\\\/sorbetkiwi.fr\\\/#organization\"},\"potentialAction\":[{\"@type\":\"SearchAction\",\"target\":{\"@type\":\"EntryPoint\",\"urlTemplate\":\"https:\\\/\\\/sorbetkiwi.fr\\\/?s={search_term_string}\"},\"query-input\":{\"@type\":\"PropertyValueSpecification\",\"valueRequired\":true,\"valueName\":\"search_term_string\"}}],\"inLanguage\":\"fr-FR\"},{\"@type\":\"Organization\",\"@id\":\"https:\\\/\\\/sorbetkiwi.fr\\\/#organization\",\"name\":\"Sorbet Kiwi\",\"url\":\"https:\\\/\\\/sorbetkiwi.fr\\\/\",\"logo\":{\"@type\":\"ImageObject\",\"inLanguage\":\"fr-FR\",\"@id\":\"https:\\\/\\\/sorbetkiwi.fr\\\/#\\\/schema\\\/logo\\\/image\\\/\",\"url\":\"https:\\\/\\\/sorbetkiwi.fr\\\/wp-content\\\/uploads\\\/2022\\\/10\\\/Banniere-Sorbet-Kiwi-2022.jpg\",\"contentUrl\":\"https:\\\/\\\/sorbetkiwi.fr\\\/wp-content\\\/uploads\\\/2022\\\/10\\\/Banniere-Sorbet-Kiwi-2022.jpg\",\"width\":814,\"height\":401,\"caption\":\"Sorbet Kiwi\"},\"image\":{\"@id\":\"https:\\\/\\\/sorbetkiwi.fr\\\/#\\\/schema\\\/logo\\\/image\\\/\"},\"sameAs\":[\"https:\\\/\\\/www.facebook.com\\\/profile.php?id=100086238893269\",\"https:\\\/\\\/x.com\\\/pepparshoes\",\"https:\\\/\\\/www.instagram.com\\\/sorbetkiwi\\\/\",\"https:\\\/\\\/www.tiktok.com\\\/sorbetkiwi\"]},{\"@type\":\"Person\",\"@id\":\"https:\\\/\\\/sorbetkiwi.fr\\\/#\\\/schema\\\/person\\\/ed1b7b527a2957ddc3bf38b076540659\",\"name\":\"Sorbet-Kiwi\",\"image\":{\"@type\":\"ImageObject\",\"inLanguage\":\"fr-FR\",\"@id\":\"https:\\\/\\\/secure.gravatar.com\\\/avatar\\\/86f0a5c27d76317621b9e374d0f3a01d3a85278f10d0c7207ced4fd773057442?s=96&d=mm&r=g\",\"url\":\"https:\\\/\\\/secure.gravatar.com\\\/avatar\\\/86f0a5c27d76317621b9e374d0f3a01d3a85278f10d0c7207ced4fd773057442?s=96&d=mm&r=g\",\"contentUrl\":\"https:\\\/\\\/secure.gravatar.com\\\/avatar\\\/86f0a5c27d76317621b9e374d0f3a01d3a85278f10d0c7207ced4fd773057442?s=96&d=mm&r=g\",\"caption\":\"Sorbet-Kiwi\"},\"sameAs\":[\"http:\\\/\\\/sorbetkiwi.fr\"],\"url\":\"https:\\\/\\\/sorbetkiwi.fr\\\/index.php\\\/author\\\/admin7717\\\/\"}]}<\/script>\n<!-- \/ Yoast SEO plugin. -->","yoast_head_json":{"title":"La couleur des \u00e9motions de Anna Llenas - Sorbet Kiwi","description":"Ma chronique de l'album jeunesse La couleur des \u00e9motions de Anna Llenas aux \u00e9ditions Quatre Fleuves, emprunt\u00e9 \u00e0 la m\u00e9diath\u00e8que.","robots":{"index":"index","follow":"follow","max-snippet":"max-snippet:-1","max-image-preview":"max-image-preview:large","max-video-preview":"max-video-preview:-1"},"canonical":"https:\/\/sorbetkiwi.fr\/index.php\/la-couleur-des-emotions-de-anna-llenas\/","og_locale":"fr_FR","og_type":"article","og_title":"La couleur des \u00e9motions de Anna Llenas - Sorbet Kiwi","og_description":"Ma chronique de l'album jeunesse La couleur des \u00e9motions de Anna Llenas aux \u00e9ditions Quatre Fleuves, emprunt\u00e9 \u00e0 la m\u00e9diath\u00e8que.","og_url":"https:\/\/sorbetkiwi.fr\/index.php\/la-couleur-des-emotions-de-anna-llenas\/","og_site_name":"Sorbet Kiwi","article_publisher":"https:\/\/www.facebook.com\/profile.php?id=100086238893269","article_published_time":"2023-08-09T08:59:42+00:00","article_modified_time":"2023-08-09T08:59:43+00:00","og_image":[{"width":1920,"height":2560,"url":"https:\/\/sorbetkiwi.fr\/wp-content\/uploads\/2023\/08\/La-couleur-des-emotions-Anna-Llenas-1-scaled.jpg","type":"image\/jpeg"}],"author":"Sorbet-Kiwi","twitter_card":"summary_large_image","twitter_creator":"@pepparshoes","twitter_site":"@pepparshoes","twitter_misc":{"\u00c9crit par":"Sorbet-Kiwi","Dur\u00e9e de lecture estim\u00e9e":"3 minutes"},"schema":{"@context":"https:\/\/schema.org","@graph":[{"@type":"Article","@id":"https:\/\/sorbetkiwi.fr\/index.php\/la-couleur-des-emotions-de-anna-llenas\/#article","isPartOf":{"@id":"https:\/\/sorbetkiwi.fr\/index.php\/la-couleur-des-emotions-de-anna-llenas\/"},"author":{"name":"Sorbet-Kiwi","@id":"https:\/\/sorbetkiwi.fr\/#\/schema\/person\/ed1b7b527a2957ddc3bf38b076540659"},"headline":"La couleur des \u00e9motions de Anna Llenas","datePublished":"2023-08-09T08:59:42+00:00","dateModified":"2023-08-09T08:59:43+00:00","mainEntityOfPage":{"@id":"https:\/\/sorbetkiwi.fr\/index.php\/la-couleur-des-emotions-de-anna-llenas\/"},"wordCount":471,"commentCount":0,"publisher":{"@id":"https:\/\/sorbetkiwi.fr\/#organization"},"image":{"@id":"https:\/\/sorbetkiwi.fr\/index.php\/la-couleur-des-emotions-de-anna-llenas\/#primaryimage"},"thumbnailUrl":"https:\/\/sorbetkiwi.fr\/wp-content\/uploads\/2023\/08\/La-couleur-des-emotions-Anna-Llenas-1-scaled.jpg","keywords":["Album","Album jeunesse","Anna Llenas","Editions Quatre Fleuves","La couleur des \u00e9motions","Mercredi"],"articleSection":["B\u00e9n\u00e9volat","L'\u00e9t\u00e9","Tout le blog"],"inLanguage":"fr-FR","potentialAction":[{"@type":"CommentAction","name":"Comment","target":["https:\/\/sorbetkiwi.fr\/index.php\/la-couleur-des-emotions-de-anna-llenas\/#respond"]}]},{"@type":"WebPage","@id":"https:\/\/sorbetkiwi.fr\/index.php\/la-couleur-des-emotions-de-anna-llenas\/","url":"https:\/\/sorbetkiwi.fr\/index.php\/la-couleur-des-emotions-de-anna-llenas\/","name":"La couleur des \u00e9motions de Anna Llenas - Sorbet Kiwi","isPartOf":{"@id":"https:\/\/sorbetkiwi.fr\/#website"},"primaryImageOfPage":{"@id":"https:\/\/sorbetkiwi.fr\/index.php\/la-couleur-des-emotions-de-anna-llenas\/#primaryimage"},"image":{"@id":"https:\/\/sorbetkiwi.fr\/index.php\/la-couleur-des-emotions-de-anna-llenas\/#primaryimage"},"thumbnailUrl":"https:\/\/sorbetkiwi.fr\/wp-content\/uploads\/2023\/08\/La-couleur-des-emotions-Anna-Llenas-1-scaled.jpg","datePublished":"2023-08-09T08:59:42+00:00","dateModified":"2023-08-09T08:59:43+00:00","description":"Ma chronique de l'album jeunesse La couleur des \u00e9motions de Anna Llenas aux \u00e9ditions Quatre Fleuves, emprunt\u00e9 \u00e0 la m\u00e9diath\u00e8que.","breadcrumb":{"@id":"https:\/\/sorbetkiwi.fr\/index.php\/la-couleur-des-emotions-de-anna-llenas\/#breadcrumb"},"inLanguage":"fr-FR","potentialAction":[{"@type":"ReadAction","target":["https:\/\/sorbetkiwi.fr\/index.php\/la-couleur-des-emotions-de-anna-llenas\/"]}]},{"@type":"ImageObject","inLanguage":"fr-FR","@id":"https:\/\/sorbetkiwi.fr\/index.php\/la-couleur-des-emotions-de-anna-llenas\/#primaryimage","url":"https:\/\/sorbetkiwi.fr\/wp-content\/uploads\/2023\/08\/La-couleur-des-emotions-Anna-Llenas-1-scaled.jpg","contentUrl":"https:\/\/sorbetkiwi.fr\/wp-content\/uploads\/2023\/08\/La-couleur-des-emotions-Anna-Llenas-1-scaled.jpg","width":1920,"height":2560,"caption":"La couleur des \u00e9motions Anna Llenas"},{"@type":"BreadcrumbList","@id":"https:\/\/sorbetkiwi.fr\/index.php\/la-couleur-des-emotions-de-anna-llenas\/#breadcrumb","itemListElement":[{"@type":"ListItem","position":1,"name":"Accueil","item":"https:\/\/sorbetkiwi.fr\/"},{"@type":"ListItem","position":2,"name":"La couleur des \u00e9motions de Anna Llenas"}]},{"@type":"WebSite","@id":"https:\/\/sorbetkiwi.fr\/#website","url":"https:\/\/sorbetkiwi.fr\/","name":"Sorbet Kiwi","description":"Des lectures th\u00e9matiques par saison et les avis qui vont avec","publisher":{"@id":"https:\/\/sorbetkiwi.fr\/#organization"},"potentialAction":[{"@type":"SearchAction","target":{"@type":"EntryPoint","urlTemplate":"https:\/\/sorbetkiwi.fr\/?s={search_term_string}"},"query-input":{"@type":"PropertyValueSpecification","valueRequired":true,"valueName":"search_term_string"}}],"inLanguage":"fr-FR"},{"@type":"Organization","@id":"https:\/\/sorbetkiwi.fr\/#organization","name":"Sorbet Kiwi","url":"https:\/\/sorbetkiwi.fr\/","logo":{"@type":"ImageObject","inLanguage":"fr-FR","@id":"https:\/\/sorbetkiwi.fr\/#\/schema\/logo\/image\/","url":"https:\/\/sorbetkiwi.fr\/wp-content\/uploads\/2022\/10\/Banniere-Sorbet-Kiwi-2022.jpg","contentUrl":"https:\/\/sorbetkiwi.fr\/wp-content\/uploads\/2022\/10\/Banniere-Sorbet-Kiwi-2022.jpg","width":814,"height":401,"caption":"Sorbet Kiwi"},"image":{"@id":"https:\/\/sorbetkiwi.fr\/#\/schema\/logo\/image\/"},"sameAs":["https:\/\/www.facebook.com\/profile.php?id=100086238893269","https:\/\/x.com\/pepparshoes","https:\/\/www.instagram.com\/sorbetkiwi\/","https:\/\/www.tiktok.com\/sorbetkiwi"]},{"@type":"Person","@id":"https:\/\/sorbetkiwi.fr\/#\/schema\/person\/ed1b7b527a2957ddc3bf38b076540659","name":"Sorbet-Kiwi","image":{"@type":"ImageObject","inLanguage":"fr-FR","@id":"https:\/\/secure.gravatar.com\/avatar\/86f0a5c27d76317621b9e374d0f3a01d3a85278f10d0c7207ced4fd773057442?s=96&d=mm&r=g","url":"https:\/\/secure.gravatar.com\/avatar\/86f0a5c27d76317621b9e374d0f3a01d3a85278f10d0c7207ced4fd773057442?s=96&d=mm&r=g","contentUrl":"https:\/\/secure.gravatar.com\/avatar\/86f0a5c27d76317621b9e374d0f3a01d3a85278f10d0c7207ced4fd773057442?s=96&d=mm&r=g","caption":"Sorbet-Kiwi"},"sameAs":["http:\/\/sorbetkiwi.fr"],"url":"https:\/\/sorbetkiwi.fr\/index.php\/author\/admin7717\/"}]}},"_links":{"self":[{"href":"https:\/\/sorbetkiwi.fr\/index.php\/wp-json\/wp\/v2\/posts\/3503","targetHints":{"allow":["GET"]}}],"collection":[{"href":"https:\/\/sorbetkiwi.fr\/index.php\/wp-json\/wp\/v2\/posts"}],"about":[{"href":"https:\/\/sorbetkiwi.fr\/index.php\/wp-json\/wp\/v2\/types\/post"}],"author":[{"embeddable":true,"href":"https:\/\/sorbetkiwi.fr\/index.php\/wp-json\/wp\/v2\/users\/1"}],"replies":[{"embeddable":true,"href":"https:\/\/sorbetkiwi.fr\/index.php\/wp-json\/wp\/v2\/comments?post=3503"}],"version-history":[{"count":10,"href":"https:\/\/sorbetkiwi.fr\/index.php\/wp-json\/wp\/v2\/posts\/3503\/revisions"}],"predecessor-version":[{"id":3529,"href":"https:\/\/sorbetkiwi.fr\/index.php\/wp-json\/wp\/v2\/posts\/3503\/revisions\/3529"}],"wp:featuredmedia":[{"embeddable":true,"href":"https:\/\/sorbetkiwi.fr\/index.php\/wp-json\/wp\/v2\/media\/3524"}],"wp:attachment":[{"href":"https:\/\/sorbetkiwi.fr\/index.php\/wp-json\/wp\/v2\/media?parent=3503"}],"wp:term":[{"taxonomy":"category","embeddable":true,"href":"https:\/\/sorbetkiwi.fr\/index.php\/wp-json\/wp\/v2\/categories?post=3503"},{"taxonomy":"post_tag","embeddable":true,"href":"https:\/\/sorbetkiwi.fr\/index.php\/wp-json\/wp\/v2\/tags?post=3503"}],"curies":[{"name":"wp","href":"https:\/\/api.w.org\/{rel}","templated":true}]}}