{"id":3475,"date":"2023-08-01T07:00:00","date_gmt":"2023-08-01T05:00:00","guid":{"rendered":"https:\/\/sorbetkiwi.fr\/?p=3475"},"modified":"2023-07-30T15:01:05","modified_gmt":"2023-07-30T13:01:05","slug":"l-age-d-eau-de-benjamin-flao","status":"publish","type":"post","link":"https:\/\/sorbetkiwi.fr\/index.php\/l-age-d-eau-de-benjamin-flao\/","title":{"rendered":"L&rsquo;\u00e2ge d&rsquo;eau de Benjamin Flao"},"content":{"rendered":"\t\t<div data-elementor-type=\"wp-post\" data-elementor-id=\"3475\" class=\"elementor elementor-3475\">\n\t\t\t\t\t\t<section class=\"elementor-section elementor-top-section elementor-element elementor-element-fb71494 elementor-section-boxed elementor-section-height-default elementor-section-height-default\" data-id=\"fb71494\" data-element_type=\"section\" data-e-type=\"section\">\n\t\t\t\t\t\t<div class=\"elementor-container elementor-column-gap-default\">\n\t\t\t\t\t<div class=\"elementor-column elementor-col-100 elementor-top-column elementor-element elementor-element-5f41d0ab\" data-id=\"5f41d0ab\" data-element_type=\"column\" data-e-type=\"column\">\n\t\t\t<div class=\"elementor-widget-wrap elementor-element-populated\">\n\t\t\t\t\t\t<div class=\"elementor-element elementor-element-189b2488 elementor-widget elementor-widget-heading\" data-id=\"189b2488\" data-element_type=\"widget\" data-e-type=\"widget\" data-widget_type=\"heading.default\">\n\t\t\t\t<div class=\"elementor-widget-container\">\n\t\t\t\t\t<h1 class=\"elementor-heading-title elementor-size-medium\">L'\u00e2ge d'eau Benjamin Flao<\/h1>\t\t\t\t<\/div>\n\t\t\t\t<\/div>\n\t\t\t\t<div class=\"elementor-element elementor-element-c50b32b elementor-view-default elementor-widget elementor-widget-icon\" data-id=\"c50b32b\" data-element_type=\"widget\" data-e-type=\"widget\" data-widget_type=\"icon.default\">\n\t\t\t\t<div class=\"elementor-widget-container\">\n\t\t\t\t\t\t\t<div class=\"elementor-icon-wrapper\">\n\t\t\t<div class=\"elementor-icon\">\n\t\t\t<i aria-hidden=\"true\" class=\"fas fa-cocktail\"><\/i>\t\t\t<\/div>\n\t\t<\/div>\n\t\t\t\t\t\t<\/div>\n\t\t\t\t<\/div>\n\t\t\t\t<div class=\"elementor-element elementor-element-2c3f1dce elementor-widget-divider--view-line elementor-widget elementor-widget-divider\" data-id=\"2c3f1dce\" data-element_type=\"widget\" data-e-type=\"widget\" data-widget_type=\"divider.default\">\n\t\t\t\t<div class=\"elementor-widget-container\">\n\t\t\t\t\t\t\t<div class=\"elementor-divider\">\n\t\t\t<span class=\"elementor-divider-separator\">\n\t\t\t\t\t\t<\/span>\n\t\t<\/div>\n\t\t\t\t\t\t<\/div>\n\t\t\t\t<\/div>\n\t\t\t\t<div class=\"elementor-element elementor-element-1aef5ac0 elementor-widget elementor-widget-heading\" data-id=\"1aef5ac0\" data-element_type=\"widget\" data-e-type=\"widget\" data-widget_type=\"heading.default\">\n\t\t\t\t<div class=\"elementor-widget-container\">\n\t\t\t\t\t<h2 class=\"elementor-heading-title elementor-size-medium\">R\u00e9sum\u00e9<\/h2>\t\t\t\t<\/div>\n\t\t\t\t<\/div>\n\t\t\t\t<div class=\"elementor-element elementor-element-4a812cdb elementor-widget elementor-widget-text-editor\" data-id=\"4a812cdb\" data-element_type=\"widget\" data-e-type=\"widget\" data-widget_type=\"text-editor.default\">\n\t\t\t\t<div class=\"elementor-widget-container\">\n\t\t\t\t\t\t\t\t\t<p>Nous sommes en France, l\u2019eau est mont\u00e9e et il n\u2019y aura pas de d\u00e9crue. Face \u00e0 ce nouveau ph\u00e9nom\u00e8ne, beaucoup de populations sont d\u00e9plac\u00e9es et survivent comme elles peuvent sur les terres \u00e9merg\u00e9es ou apprennent \u00ab \u00e0 flotter \u00bb. Les grandes villes, comme les grands p\u00f4les industriels, sont, quant \u00e0 eux, syst\u00e9matiquement entour\u00e9s de digues et soumis \u00e0 des normes sanitaires.<br \/>Face \u00e0 l\u2019insalubrit\u00e9 potentielle de ces modes de vie \u00ab hors des digues \u00bb et au danger qu\u2019ils repr\u00e9sentent, les autorit\u00e9s invitent ces populations \u00e0 venir rejoindre au plus vite les centres d\u2019h\u00e9bergement d\u2019urgence construits \u00e0 la cha\u00eene, sous peine de perdre certains de leurs droits citoyens.<br \/>Une famille, qui a vu son habitat noy\u00e9 par la mont\u00e9e des eaux, refuse d\u2019ob\u00e9ir \u00e0 l\u2019injonction gouvernementale. Ils vivent sur une maison flottante. Jeanne, la m\u00e8re, pr\u00e9f\u00e8re cette libert\u00e9. Jeanne a deux fils, Hans et Groza, et un chien m\u00e9dium. Groza, un ancien CRS, traumatis\u00e9 par son pass\u00e9, ne parle plus que par onomatop\u00e9es et a d\u00e9velopp\u00e9 l\u2019\u00e9trange manie de vouloir r\u00e9gler tous les probl\u00e8mes. Hans vit une s\u00e9paration douloureuse avec la m\u00e8re de sa fille Vinee. Ils cherchent un lieu \u00e9merg\u00e9 o\u00f9 ils pourront vivre en paix, et sont pr\u00eats \u00e0 lutter contre la nature d\u00e9cha\u00een\u00e9e mais aussi contre les hommes, capables des pires bassesses pour survivre \u00e0 ce monde en mutation.<\/p>\t\t\t\t\t\t\t\t<\/div>\n\t\t\t\t<\/div>\n\t\t\t\t<div class=\"elementor-element elementor-element-16c0d287 elementor-widget-divider--view-line elementor-widget elementor-widget-divider\" data-id=\"16c0d287\" data-element_type=\"widget\" data-e-type=\"widget\" data-widget_type=\"divider.default\">\n\t\t\t\t<div class=\"elementor-widget-container\">\n\t\t\t\t\t\t\t<div class=\"elementor-divider\">\n\t\t\t<span class=\"elementor-divider-separator\">\n\t\t\t\t\t\t<\/span>\n\t\t<\/div>\n\t\t\t\t\t\t<\/div>\n\t\t\t\t<\/div>\n\t\t\t\t<div class=\"elementor-element elementor-element-38bb3266 elementor-widget elementor-widget-heading\" data-id=\"38bb3266\" data-element_type=\"widget\" data-e-type=\"widget\" data-widget_type=\"heading.default\">\n\t\t\t\t<div class=\"elementor-widget-container\">\n\t\t\t\t\t<h2 class=\"elementor-heading-title elementor-size-medium\">Ma note<\/h2>\t\t\t\t<\/div>\n\t\t\t\t<\/div>\n\t\t\t\t<div class=\"elementor-element elementor-element-44d6d9a1 elementor-star-rating--align-center elementor--star-style-star_fontawesome elementor-widget elementor-widget-star-rating\" data-id=\"44d6d9a1\" data-element_type=\"widget\" data-e-type=\"widget\" data-widget_type=\"star-rating.default\">\n\t\t\t\t<div class=\"elementor-widget-container\">\n\t\t\t\t\t\t\t<div class=\"elementor-star-rating__wrapper\">\n\t\t\t\t\t\t<div class=\"elementor-star-rating\" itemtype=\"http:\/\/schema.org\/Rating\" itemscope=\"\" itemprop=\"reviewRating\">\n\t\t\t\t<i class=\"elementor-star-full\" aria-hidden=\"true\">&#xE934;<\/i><i class=\"elementor-star-full\" aria-hidden=\"true\">&#xE934;<\/i><i class=\"elementor-star-empty\" aria-hidden=\"true\">&#xE934;<\/i><i class=\"elementor-star-empty\" aria-hidden=\"true\">&#xE934;<\/i><i class=\"elementor-star-empty\" aria-hidden=\"true\">&#xE934;<\/i>\t\t\t\t<span itemprop=\"ratingValue\" class=\"elementor-screen-only\">Not\u00e9 2 sur 5<\/span>\n\t\t\t<\/div>\n\t\t<\/div>\n\t\t\t\t\t\t<\/div>\n\t\t\t\t<\/div>\n\t\t\t\t<div class=\"elementor-element elementor-element-2287779d elementor-widget-divider--view-line elementor-widget elementor-widget-divider\" data-id=\"2287779d\" data-element_type=\"widget\" data-e-type=\"widget\" data-widget_type=\"divider.default\">\n\t\t\t\t<div class=\"elementor-widget-container\">\n\t\t\t\t\t\t\t<div class=\"elementor-divider\">\n\t\t\t<span class=\"elementor-divider-separator\">\n\t\t\t\t\t\t<\/span>\n\t\t<\/div>\n\t\t\t\t\t\t<\/div>\n\t\t\t\t<\/div>\n\t\t\t\t<div class=\"elementor-element elementor-element-49e388b1 elementor-widget elementor-widget-heading\" data-id=\"49e388b1\" data-element_type=\"widget\" data-e-type=\"widget\" data-widget_type=\"heading.default\">\n\t\t\t\t<div class=\"elementor-widget-container\">\n\t\t\t\t\t<h2 class=\"elementor-heading-title elementor-size-medium\">La SF, peu pour moi<\/h2>\t\t\t\t<\/div>\n\t\t\t\t<\/div>\n\t\t\t\t<div class=\"elementor-element elementor-element-c5428cc elementor-widget elementor-widget-text-editor\" data-id=\"c5428cc\" data-element_type=\"widget\" data-e-type=\"widget\" data-widget_type=\"text-editor.default\">\n\t\t\t\t<div class=\"elementor-widget-container\">\n\t\t\t\t\t\t\t\t\t<p>En choisissant L&rsquo;\u00e2ge d&rsquo;eau pour la <a href=\"https:\/\/sorbetkiwi.fr\/index.php\/category\/benevolat\/\">m\u00e9diath\u00e8que<\/a> \u00e0 la <a href=\"https:\/\/bibliotheque.alsace.eu\/\">biblioth\u00e8que d&rsquo;Alsace<\/a>, je me suis dit qu&rsquo;elle semblait terriblement d&rsquo;actualit\u00e9. Et d&rsquo;une certaine mani\u00e8re, c&rsquo;est le cas. Sauf qu&rsquo;en la prenant en main, je n&rsquo;en savais pas grand chose. Et il se trouve que c&rsquo;est en partie de la science-fiction. Malheureusement, ce n&rsquo;est pas un genre que j&rsquo;affectionne. La couverture, le r\u00e9sum\u00e9, les premi\u00e8res pages, tout me plaisait, L&rsquo;\u00e2ge d&rsquo;eau aurait donc pu \u00eatre une belle surprise, finalement ! Mais cela n&rsquo;a malheureusement pas \u00e9t\u00e9 le cas. Si j&rsquo;ai \u00e9t\u00e9 curieuse au d\u00e9but, tr\u00e8s vite, je me suis lass\u00e9e.\u00a0<\/p>\t\t\t\t\t\t\t\t<\/div>\n\t\t\t\t<\/div>\n\t\t\t\t<div class=\"elementor-element elementor-element-2deddf69 elementor-widget-divider--view-line elementor-widget elementor-widget-divider\" data-id=\"2deddf69\" data-element_type=\"widget\" data-e-type=\"widget\" data-widget_type=\"divider.default\">\n\t\t\t\t<div class=\"elementor-widget-container\">\n\t\t\t\t\t\t\t<div class=\"elementor-divider\">\n\t\t\t<span class=\"elementor-divider-separator\">\n\t\t\t\t\t\t<\/span>\n\t\t<\/div>\n\t\t\t\t\t\t<\/div>\n\t\t\t\t<\/div>\n\t\t\t\t<div class=\"elementor-element elementor-element-fb517e5 elementor-widget elementor-widget-heading\" data-id=\"fb517e5\" data-element_type=\"widget\" data-e-type=\"widget\" data-widget_type=\"heading.default\">\n\t\t\t\t<div class=\"elementor-widget-container\">\n\t\t\t\t\t<h4 class=\"elementor-heading-title elementor-size-medium\">\"Quand la nature envoie un signal, l'homme ne comprend jamais le message.\"<\/h4>\t\t\t\t<\/div>\n\t\t\t\t<\/div>\n\t\t\t\t<div class=\"elementor-element elementor-element-7e3ed0f3 elementor-widget-divider--view-line elementor-widget elementor-widget-divider\" data-id=\"7e3ed0f3\" data-element_type=\"widget\" data-e-type=\"widget\" data-widget_type=\"divider.default\">\n\t\t\t\t<div class=\"elementor-widget-container\">\n\t\t\t\t\t\t\t<div class=\"elementor-divider\">\n\t\t\t<span class=\"elementor-divider-separator\">\n\t\t\t\t\t\t<\/span>\n\t\t<\/div>\n\t\t\t\t\t\t<\/div>\n\t\t\t\t<\/div>\n\t\t\t\t<div class=\"elementor-element elementor-element-31632c2e elementor-widget elementor-widget-heading\" data-id=\"31632c2e\" data-element_type=\"widget\" data-e-type=\"widget\" data-widget_type=\"heading.default\">\n\t\t\t\t<div class=\"elementor-widget-container\">\n\t\t\t\t\t<h2 class=\"elementor-heading-title elementor-size-medium\">Beaucoup de b\u00e9mols...<\/h2>\t\t\t\t<\/div>\n\t\t\t\t<\/div>\n\t\t\t\t<div class=\"elementor-element elementor-element-286d01d4 elementor-widget elementor-widget-text-editor\" data-id=\"286d01d4\" data-element_type=\"widget\" data-e-type=\"widget\" data-widget_type=\"text-editor.default\">\n\t\t\t\t<div class=\"elementor-widget-container\">\n\t\t\t\t\t\t\t\t\t<p>Pourtant, la plume \u00e9tait au d\u00e9part \u00e9tonnement po\u00e9tique, ce \u00e0 quoi je ne m&rsquo;attendais pas. Il s&rsquo;agit en fait uniquement d&rsquo;un point de vue, avec ce style en particulier. Cela m&rsquo;a tout d&rsquo;abord d\u00e9sar\u00e7onn\u00e9, parce qu&rsquo;il se trouve que c&rsquo;est celui du chien bleu. Et j&rsquo;ai trouv\u00e9 ce c\u00f4t\u00e9 l\u00e0, tr\u00e8s SF, un peu trop \u00e9trange. Puis nous avons aussi le point de vue d&rsquo;un humain. Et de ce c\u00f4t\u00e9 l\u00e0, c&rsquo;est devenu tr\u00e8s long. J&rsquo;aurai finalement pr\u00e9f\u00e9r\u00e9 du r\u00e9alisme de bout en bout. La fa\u00e7on de narrer des humains ne m&rsquo;a pas plu non plus. Je pr\u00e9f\u00e8re les plumes plus soutenues que famili\u00e8res, mais c&rsquo;est \u00e9videmment une simple question de go\u00fbt. Cela dit, je trouve que \u00e7a donne un c\u00f4t\u00e9 lourd au texte. Ajoutons le c\u00f4t\u00e9 lunaire du point de vue animal, je n&rsquo;ai pas pris \u00e0 plaisir \u00e0 la lecture du texte, et il y en a pas mal.<\/p>\t\t\t\t\t\t\t\t<\/div>\n\t\t\t\t<\/div>\n\t\t\t\t<div class=\"elementor-element elementor-element-71fcabab elementor-widget-divider--view-line elementor-widget elementor-widget-divider\" data-id=\"71fcabab\" data-element_type=\"widget\" data-e-type=\"widget\" data-widget_type=\"divider.default\">\n\t\t\t\t<div class=\"elementor-widget-container\">\n\t\t\t\t\t\t\t<div class=\"elementor-divider\">\n\t\t\t<span class=\"elementor-divider-separator\">\n\t\t\t\t\t\t<\/span>\n\t\t<\/div>\n\t\t\t\t\t\t<\/div>\n\t\t\t\t<\/div>\n\t\t\t\t<div class=\"elementor-element elementor-element-34cd3102 elementor-widget elementor-widget-heading\" data-id=\"34cd3102\" data-element_type=\"widget\" data-e-type=\"widget\" data-widget_type=\"heading.default\">\n\t\t\t\t<div class=\"elementor-widget-container\">\n\t\t\t\t\t<h2 class=\"elementor-heading-title elementor-size-medium\">... pour de bonnes id\u00e9es<\/h2>\t\t\t\t<\/div>\n\t\t\t\t<\/div>\n\t\t\t\t<div class=\"elementor-element elementor-element-6d2a348b elementor-widget elementor-widget-text-editor\" data-id=\"6d2a348b\" data-element_type=\"widget\" data-e-type=\"widget\" data-widget_type=\"text-editor.default\">\n\t\t\t\t<div class=\"elementor-widget-container\">\n\t\t\t\t\t\t\t\t\t<p>Pourtant l&rsquo;id\u00e9e aurait globalement pu me plaire. L&rsquo;\u00e2ge d&rsquo;eau est une fable \u00e9cologique, mais aussi de soci\u00e9t\u00e9. En tant qu&rsquo;humains, on ne veut pas s&rsquo;adapter au d\u00e9triment de notre confort. Et ceux qui veulent et peuvent se r\u00e9ins\u00e9rer dans la nature se verraient forcer de s&rsquo;int\u00e9grer \u00e0 la notion de contr\u00f4le gouvernemental sous couvert de s\u00e9curit\u00e9. Comment adapter notre civilisation, et notre fa\u00e7on de vivre, \u00e0 un changement aussi radical d&rsquo;espace ? De nombreuses questions pertinentes sont pos\u00e9es, et la BD a eu l&rsquo;avantage de me faire r\u00e9fl\u00e9chir, mais j&rsquo;ai tout de m\u00eame saut\u00e9 des passages au bout d&rsquo;un moment. C\u00f4t\u00e9 dessin j&rsquo;ai aim\u00e9 les paysages mais pas les visages&#8230; Bref, c&rsquo;est un avis tr\u00e8s mitig\u00e9 pour L&rsquo;\u00e2ge d&rsquo;eau malheureusement, pour de nombreuses raisons personnelles. Tant pis, ce n&rsquo;\u00e9tait pas pour moi !\u00a0<\/p>\t\t\t\t\t\t\t\t<\/div>\n\t\t\t\t<\/div>\n\t\t\t\t\t<\/div>\n\t\t<\/div>\n\t\t\t\t\t<\/div>\n\t\t<\/section>\n\t\t\t\t<\/div>\n\t\t","protected":false},"excerpt":{"rendered":"<p>L&rsquo;\u00e2ge d&rsquo;eau Benjamin Flao R\u00e9sum\u00e9 Nous sommes en France, l\u2019eau est mont\u00e9e et il n\u2019y aura pas de d\u00e9crue. Face \u00e0 ce nouveau ph\u00e9nom\u00e8ne, beaucoup de populations sont d\u00e9plac\u00e9es et survivent comme elles peuvent sur &hellip; <\/p>\n","protected":false},"author":1,"featured_media":3476,"comment_status":"open","ping_status":"open","sticky":false,"template":"","format":"standard","meta":{"footnotes":""},"categories":[7,14,1],"tags":[80,79,296,921,315,924,736,923,922],"class_list":["post-3475","post","type-post","status-publish","format-standard","has-post-thumbnail","hentry","category-benevolat","category-l-ete","category-tout-le-blog","tag-bande-dessinee","tag-bd","tag-bd-du-mardi","tag-benjamin-flao","tag-ecologie","tag-editions-futuropolis","tag-ete","tag-futuropolis","tag-lage-deau","has-single-img"],"yoast_head":"<!-- This site is optimized with the Yoast SEO plugin v27.4 - https:\/\/yoast.com\/product\/yoast-seo-wordpress\/ -->\n<title>L&#039;\u00e2ge d&#039;eau de Benjamin Flao - Sorbet Kiwi<\/title>\n<meta name=\"description\" content=\"Ma chronique de la fable \u00e9cologique sous forme de BD, L&#039;\u00e2ge d&#039;eau de Benjamin Flao aux \u00e9ditions Futuropolis.\" \/>\n<meta name=\"robots\" content=\"index, follow, max-snippet:-1, max-image-preview:large, max-video-preview:-1\" \/>\n<link rel=\"canonical\" href=\"https:\/\/sorbetkiwi.fr\/index.php\/l-age-d-eau-de-benjamin-flao\/\" \/>\n<meta property=\"og:locale\" content=\"fr_FR\" \/>\n<meta property=\"og:type\" content=\"article\" \/>\n<meta property=\"og:title\" content=\"L&#039;\u00e2ge d&#039;eau de Benjamin Flao - Sorbet Kiwi\" \/>\n<meta property=\"og:description\" content=\"Ma chronique de la fable \u00e9cologique sous forme de BD, L&#039;\u00e2ge d&#039;eau de Benjamin Flao aux \u00e9ditions Futuropolis.\" \/>\n<meta property=\"og:url\" content=\"https:\/\/sorbetkiwi.fr\/index.php\/l-age-d-eau-de-benjamin-flao\/\" \/>\n<meta property=\"og:site_name\" content=\"Sorbet Kiwi\" \/>\n<meta property=\"article:publisher\" content=\"https:\/\/www.facebook.com\/profile.php?id=100086238893269\" \/>\n<meta property=\"article:published_time\" content=\"2023-08-01T05:00:00+00:00\" \/>\n<meta property=\"og:image\" content=\"https:\/\/sorbetkiwi.fr\/wp-content\/uploads\/2023\/07\/Lage-deau-Benjamin-Flao-scaled.jpg\" \/>\n\t<meta property=\"og:image:width\" content=\"1920\" \/>\n\t<meta property=\"og:image:height\" content=\"2560\" \/>\n\t<meta property=\"og:image:type\" content=\"image\/jpeg\" \/>\n<meta name=\"author\" content=\"Sorbet-Kiwi\" \/>\n<meta name=\"twitter:card\" content=\"summary_large_image\" \/>\n<meta name=\"twitter:creator\" content=\"@pepparshoes\" \/>\n<meta name=\"twitter:site\" content=\"@pepparshoes\" \/>\n<meta name=\"twitter:label1\" content=\"\u00c9crit par\" \/>\n\t<meta name=\"twitter:data1\" content=\"Sorbet-Kiwi\" \/>\n\t<meta name=\"twitter:label2\" content=\"Dur\u00e9e de lecture estim\u00e9e\" \/>\n\t<meta name=\"twitter:data2\" content=\"4 minutes\" \/>\n<script type=\"application\/ld+json\" class=\"yoast-schema-graph\">{\"@context\":\"https:\\\/\\\/schema.org\",\"@graph\":[{\"@type\":\"Article\",\"@id\":\"https:\\\/\\\/sorbetkiwi.fr\\\/index.php\\\/l-age-d-eau-de-benjamin-flao\\\/#article\",\"isPartOf\":{\"@id\":\"https:\\\/\\\/sorbetkiwi.fr\\\/index.php\\\/l-age-d-eau-de-benjamin-flao\\\/\"},\"author\":{\"name\":\"Sorbet-Kiwi\",\"@id\":\"https:\\\/\\\/sorbetkiwi.fr\\\/#\\\/schema\\\/person\\\/ed1b7b527a2957ddc3bf38b076540659\"},\"headline\":\"L&rsquo;\u00e2ge d&rsquo;eau de Benjamin Flao\",\"datePublished\":\"2023-08-01T05:00:00+00:00\",\"mainEntityOfPage\":{\"@id\":\"https:\\\/\\\/sorbetkiwi.fr\\\/index.php\\\/l-age-d-eau-de-benjamin-flao\\\/\"},\"wordCount\":753,\"commentCount\":2,\"publisher\":{\"@id\":\"https:\\\/\\\/sorbetkiwi.fr\\\/#organization\"},\"image\":{\"@id\":\"https:\\\/\\\/sorbetkiwi.fr\\\/index.php\\\/l-age-d-eau-de-benjamin-flao\\\/#primaryimage\"},\"thumbnailUrl\":\"https:\\\/\\\/sorbetkiwi.fr\\\/wp-content\\\/uploads\\\/2023\\\/07\\\/Lage-deau-Benjamin-Flao-scaled.jpg\",\"keywords\":[\"Bande dessin\u00e9e\",\"BD\",\"BD du mardi\",\"Benjamin Flao\",\"\u00e9cologie\",\"Editions Futuropolis\",\"\u00e9t\u00e9\",\"Futuropolis\",\"L&#039;\u00e2ge d&#039;eau\"],\"articleSection\":[\"B\u00e9n\u00e9volat\",\"L'\u00e9t\u00e9\",\"Tout le blog\"],\"inLanguage\":\"fr-FR\",\"potentialAction\":[{\"@type\":\"CommentAction\",\"name\":\"Comment\",\"target\":[\"https:\\\/\\\/sorbetkiwi.fr\\\/index.php\\\/l-age-d-eau-de-benjamin-flao\\\/#respond\"]}]},{\"@type\":\"WebPage\",\"@id\":\"https:\\\/\\\/sorbetkiwi.fr\\\/index.php\\\/l-age-d-eau-de-benjamin-flao\\\/\",\"url\":\"https:\\\/\\\/sorbetkiwi.fr\\\/index.php\\\/l-age-d-eau-de-benjamin-flao\\\/\",\"name\":\"L'\u00e2ge d'eau de Benjamin Flao - Sorbet Kiwi\",\"isPartOf\":{\"@id\":\"https:\\\/\\\/sorbetkiwi.fr\\\/#website\"},\"primaryImageOfPage\":{\"@id\":\"https:\\\/\\\/sorbetkiwi.fr\\\/index.php\\\/l-age-d-eau-de-benjamin-flao\\\/#primaryimage\"},\"image\":{\"@id\":\"https:\\\/\\\/sorbetkiwi.fr\\\/index.php\\\/l-age-d-eau-de-benjamin-flao\\\/#primaryimage\"},\"thumbnailUrl\":\"https:\\\/\\\/sorbetkiwi.fr\\\/wp-content\\\/uploads\\\/2023\\\/07\\\/Lage-deau-Benjamin-Flao-scaled.jpg\",\"datePublished\":\"2023-08-01T05:00:00+00:00\",\"description\":\"Ma chronique de la fable \u00e9cologique sous forme de BD, L'\u00e2ge d'eau de Benjamin Flao aux \u00e9ditions Futuropolis.\",\"breadcrumb\":{\"@id\":\"https:\\\/\\\/sorbetkiwi.fr\\\/index.php\\\/l-age-d-eau-de-benjamin-flao\\\/#breadcrumb\"},\"inLanguage\":\"fr-FR\",\"potentialAction\":[{\"@type\":\"ReadAction\",\"target\":[\"https:\\\/\\\/sorbetkiwi.fr\\\/index.php\\\/l-age-d-eau-de-benjamin-flao\\\/\"]}]},{\"@type\":\"ImageObject\",\"inLanguage\":\"fr-FR\",\"@id\":\"https:\\\/\\\/sorbetkiwi.fr\\\/index.php\\\/l-age-d-eau-de-benjamin-flao\\\/#primaryimage\",\"url\":\"https:\\\/\\\/sorbetkiwi.fr\\\/wp-content\\\/uploads\\\/2023\\\/07\\\/Lage-deau-Benjamin-Flao-scaled.jpg\",\"contentUrl\":\"https:\\\/\\\/sorbetkiwi.fr\\\/wp-content\\\/uploads\\\/2023\\\/07\\\/Lage-deau-Benjamin-Flao-scaled.jpg\",\"width\":1920,\"height\":2560,\"caption\":\"L'\u00e2ge d'eau Benjamin Flao\"},{\"@type\":\"BreadcrumbList\",\"@id\":\"https:\\\/\\\/sorbetkiwi.fr\\\/index.php\\\/l-age-d-eau-de-benjamin-flao\\\/#breadcrumb\",\"itemListElement\":[{\"@type\":\"ListItem\",\"position\":1,\"name\":\"Accueil\",\"item\":\"https:\\\/\\\/sorbetkiwi.fr\\\/\"},{\"@type\":\"ListItem\",\"position\":2,\"name\":\"L&rsquo;\u00e2ge d&rsquo;eau de Benjamin Flao\"}]},{\"@type\":\"WebSite\",\"@id\":\"https:\\\/\\\/sorbetkiwi.fr\\\/#website\",\"url\":\"https:\\\/\\\/sorbetkiwi.fr\\\/\",\"name\":\"Sorbet Kiwi\",\"description\":\"Des lectures th\u00e9matiques par saison et les avis qui vont avec\",\"publisher\":{\"@id\":\"https:\\\/\\\/sorbetkiwi.fr\\\/#organization\"},\"potentialAction\":[{\"@type\":\"SearchAction\",\"target\":{\"@type\":\"EntryPoint\",\"urlTemplate\":\"https:\\\/\\\/sorbetkiwi.fr\\\/?s={search_term_string}\"},\"query-input\":{\"@type\":\"PropertyValueSpecification\",\"valueRequired\":true,\"valueName\":\"search_term_string\"}}],\"inLanguage\":\"fr-FR\"},{\"@type\":\"Organization\",\"@id\":\"https:\\\/\\\/sorbetkiwi.fr\\\/#organization\",\"name\":\"Sorbet Kiwi\",\"url\":\"https:\\\/\\\/sorbetkiwi.fr\\\/\",\"logo\":{\"@type\":\"ImageObject\",\"inLanguage\":\"fr-FR\",\"@id\":\"https:\\\/\\\/sorbetkiwi.fr\\\/#\\\/schema\\\/logo\\\/image\\\/\",\"url\":\"https:\\\/\\\/sorbetkiwi.fr\\\/wp-content\\\/uploads\\\/2022\\\/10\\\/Banniere-Sorbet-Kiwi-2022.jpg\",\"contentUrl\":\"https:\\\/\\\/sorbetkiwi.fr\\\/wp-content\\\/uploads\\\/2022\\\/10\\\/Banniere-Sorbet-Kiwi-2022.jpg\",\"width\":814,\"height\":401,\"caption\":\"Sorbet Kiwi\"},\"image\":{\"@id\":\"https:\\\/\\\/sorbetkiwi.fr\\\/#\\\/schema\\\/logo\\\/image\\\/\"},\"sameAs\":[\"https:\\\/\\\/www.facebook.com\\\/profile.php?id=100086238893269\",\"https:\\\/\\\/x.com\\\/pepparshoes\",\"https:\\\/\\\/www.instagram.com\\\/sorbetkiwi\\\/\",\"https:\\\/\\\/www.tiktok.com\\\/sorbetkiwi\"]},{\"@type\":\"Person\",\"@id\":\"https:\\\/\\\/sorbetkiwi.fr\\\/#\\\/schema\\\/person\\\/ed1b7b527a2957ddc3bf38b076540659\",\"name\":\"Sorbet-Kiwi\",\"image\":{\"@type\":\"ImageObject\",\"inLanguage\":\"fr-FR\",\"@id\":\"https:\\\/\\\/secure.gravatar.com\\\/avatar\\\/86f0a5c27d76317621b9e374d0f3a01d3a85278f10d0c7207ced4fd773057442?s=96&d=mm&r=g\",\"url\":\"https:\\\/\\\/secure.gravatar.com\\\/avatar\\\/86f0a5c27d76317621b9e374d0f3a01d3a85278f10d0c7207ced4fd773057442?s=96&d=mm&r=g\",\"contentUrl\":\"https:\\\/\\\/secure.gravatar.com\\\/avatar\\\/86f0a5c27d76317621b9e374d0f3a01d3a85278f10d0c7207ced4fd773057442?s=96&d=mm&r=g\",\"caption\":\"Sorbet-Kiwi\"},\"sameAs\":[\"http:\\\/\\\/sorbetkiwi.fr\"],\"url\":\"https:\\\/\\\/sorbetkiwi.fr\\\/index.php\\\/author\\\/admin7717\\\/\"}]}<\/script>\n<!-- \/ Yoast SEO plugin. -->","yoast_head_json":{"title":"L'\u00e2ge d'eau de Benjamin Flao - Sorbet Kiwi","description":"Ma chronique de la fable \u00e9cologique sous forme de BD, L'\u00e2ge d'eau de Benjamin Flao aux \u00e9ditions Futuropolis.","robots":{"index":"index","follow":"follow","max-snippet":"max-snippet:-1","max-image-preview":"max-image-preview:large","max-video-preview":"max-video-preview:-1"},"canonical":"https:\/\/sorbetkiwi.fr\/index.php\/l-age-d-eau-de-benjamin-flao\/","og_locale":"fr_FR","og_type":"article","og_title":"L'\u00e2ge d'eau de Benjamin Flao - Sorbet Kiwi","og_description":"Ma chronique de la fable \u00e9cologique sous forme de BD, L'\u00e2ge d'eau de Benjamin Flao aux \u00e9ditions Futuropolis.","og_url":"https:\/\/sorbetkiwi.fr\/index.php\/l-age-d-eau-de-benjamin-flao\/","og_site_name":"Sorbet Kiwi","article_publisher":"https:\/\/www.facebook.com\/profile.php?id=100086238893269","article_published_time":"2023-08-01T05:00:00+00:00","og_image":[{"width":1920,"height":2560,"url":"https:\/\/sorbetkiwi.fr\/wp-content\/uploads\/2023\/07\/Lage-deau-Benjamin-Flao-scaled.jpg","type":"image\/jpeg"}],"author":"Sorbet-Kiwi","twitter_card":"summary_large_image","twitter_creator":"@pepparshoes","twitter_site":"@pepparshoes","twitter_misc":{"\u00c9crit par":"Sorbet-Kiwi","Dur\u00e9e de lecture estim\u00e9e":"4 minutes"},"schema":{"@context":"https:\/\/schema.org","@graph":[{"@type":"Article","@id":"https:\/\/sorbetkiwi.fr\/index.php\/l-age-d-eau-de-benjamin-flao\/#article","isPartOf":{"@id":"https:\/\/sorbetkiwi.fr\/index.php\/l-age-d-eau-de-benjamin-flao\/"},"author":{"name":"Sorbet-Kiwi","@id":"https:\/\/sorbetkiwi.fr\/#\/schema\/person\/ed1b7b527a2957ddc3bf38b076540659"},"headline":"L&rsquo;\u00e2ge d&rsquo;eau de Benjamin Flao","datePublished":"2023-08-01T05:00:00+00:00","mainEntityOfPage":{"@id":"https:\/\/sorbetkiwi.fr\/index.php\/l-age-d-eau-de-benjamin-flao\/"},"wordCount":753,"commentCount":2,"publisher":{"@id":"https:\/\/sorbetkiwi.fr\/#organization"},"image":{"@id":"https:\/\/sorbetkiwi.fr\/index.php\/l-age-d-eau-de-benjamin-flao\/#primaryimage"},"thumbnailUrl":"https:\/\/sorbetkiwi.fr\/wp-content\/uploads\/2023\/07\/Lage-deau-Benjamin-Flao-scaled.jpg","keywords":["Bande dessin\u00e9e","BD","BD du mardi","Benjamin Flao","\u00e9cologie","Editions Futuropolis","\u00e9t\u00e9","Futuropolis","L&#039;\u00e2ge d&#039;eau"],"articleSection":["B\u00e9n\u00e9volat","L'\u00e9t\u00e9","Tout le blog"],"inLanguage":"fr-FR","potentialAction":[{"@type":"CommentAction","name":"Comment","target":["https:\/\/sorbetkiwi.fr\/index.php\/l-age-d-eau-de-benjamin-flao\/#respond"]}]},{"@type":"WebPage","@id":"https:\/\/sorbetkiwi.fr\/index.php\/l-age-d-eau-de-benjamin-flao\/","url":"https:\/\/sorbetkiwi.fr\/index.php\/l-age-d-eau-de-benjamin-flao\/","name":"L'\u00e2ge d'eau de Benjamin Flao - Sorbet Kiwi","isPartOf":{"@id":"https:\/\/sorbetkiwi.fr\/#website"},"primaryImageOfPage":{"@id":"https:\/\/sorbetkiwi.fr\/index.php\/l-age-d-eau-de-benjamin-flao\/#primaryimage"},"image":{"@id":"https:\/\/sorbetkiwi.fr\/index.php\/l-age-d-eau-de-benjamin-flao\/#primaryimage"},"thumbnailUrl":"https:\/\/sorbetkiwi.fr\/wp-content\/uploads\/2023\/07\/Lage-deau-Benjamin-Flao-scaled.jpg","datePublished":"2023-08-01T05:00:00+00:00","description":"Ma chronique de la fable \u00e9cologique sous forme de BD, L'\u00e2ge d'eau de Benjamin Flao aux \u00e9ditions Futuropolis.","breadcrumb":{"@id":"https:\/\/sorbetkiwi.fr\/index.php\/l-age-d-eau-de-benjamin-flao\/#breadcrumb"},"inLanguage":"fr-FR","potentialAction":[{"@type":"ReadAction","target":["https:\/\/sorbetkiwi.fr\/index.php\/l-age-d-eau-de-benjamin-flao\/"]}]},{"@type":"ImageObject","inLanguage":"fr-FR","@id":"https:\/\/sorbetkiwi.fr\/index.php\/l-age-d-eau-de-benjamin-flao\/#primaryimage","url":"https:\/\/sorbetkiwi.fr\/wp-content\/uploads\/2023\/07\/Lage-deau-Benjamin-Flao-scaled.jpg","contentUrl":"https:\/\/sorbetkiwi.fr\/wp-content\/uploads\/2023\/07\/Lage-deau-Benjamin-Flao-scaled.jpg","width":1920,"height":2560,"caption":"L'\u00e2ge d'eau Benjamin Flao"},{"@type":"BreadcrumbList","@id":"https:\/\/sorbetkiwi.fr\/index.php\/l-age-d-eau-de-benjamin-flao\/#breadcrumb","itemListElement":[{"@type":"ListItem","position":1,"name":"Accueil","item":"https:\/\/sorbetkiwi.fr\/"},{"@type":"ListItem","position":2,"name":"L&rsquo;\u00e2ge d&rsquo;eau de Benjamin Flao"}]},{"@type":"WebSite","@id":"https:\/\/sorbetkiwi.fr\/#website","url":"https:\/\/sorbetkiwi.fr\/","name":"Sorbet Kiwi","description":"Des lectures th\u00e9matiques par saison et les avis qui vont avec","publisher":{"@id":"https:\/\/sorbetkiwi.fr\/#organization"},"potentialAction":[{"@type":"SearchAction","target":{"@type":"EntryPoint","urlTemplate":"https:\/\/sorbetkiwi.fr\/?s={search_term_string}"},"query-input":{"@type":"PropertyValueSpecification","valueRequired":true,"valueName":"search_term_string"}}],"inLanguage":"fr-FR"},{"@type":"Organization","@id":"https:\/\/sorbetkiwi.fr\/#organization","name":"Sorbet Kiwi","url":"https:\/\/sorbetkiwi.fr\/","logo":{"@type":"ImageObject","inLanguage":"fr-FR","@id":"https:\/\/sorbetkiwi.fr\/#\/schema\/logo\/image\/","url":"https:\/\/sorbetkiwi.fr\/wp-content\/uploads\/2022\/10\/Banniere-Sorbet-Kiwi-2022.jpg","contentUrl":"https:\/\/sorbetkiwi.fr\/wp-content\/uploads\/2022\/10\/Banniere-Sorbet-Kiwi-2022.jpg","width":814,"height":401,"caption":"Sorbet Kiwi"},"image":{"@id":"https:\/\/sorbetkiwi.fr\/#\/schema\/logo\/image\/"},"sameAs":["https:\/\/www.facebook.com\/profile.php?id=100086238893269","https:\/\/x.com\/pepparshoes","https:\/\/www.instagram.com\/sorbetkiwi\/","https:\/\/www.tiktok.com\/sorbetkiwi"]},{"@type":"Person","@id":"https:\/\/sorbetkiwi.fr\/#\/schema\/person\/ed1b7b527a2957ddc3bf38b076540659","name":"Sorbet-Kiwi","image":{"@type":"ImageObject","inLanguage":"fr-FR","@id":"https:\/\/secure.gravatar.com\/avatar\/86f0a5c27d76317621b9e374d0f3a01d3a85278f10d0c7207ced4fd773057442?s=96&d=mm&r=g","url":"https:\/\/secure.gravatar.com\/avatar\/86f0a5c27d76317621b9e374d0f3a01d3a85278f10d0c7207ced4fd773057442?s=96&d=mm&r=g","contentUrl":"https:\/\/secure.gravatar.com\/avatar\/86f0a5c27d76317621b9e374d0f3a01d3a85278f10d0c7207ced4fd773057442?s=96&d=mm&r=g","caption":"Sorbet-Kiwi"},"sameAs":["http:\/\/sorbetkiwi.fr"],"url":"https:\/\/sorbetkiwi.fr\/index.php\/author\/admin7717\/"}]}},"_links":{"self":[{"href":"https:\/\/sorbetkiwi.fr\/index.php\/wp-json\/wp\/v2\/posts\/3475","targetHints":{"allow":["GET"]}}],"collection":[{"href":"https:\/\/sorbetkiwi.fr\/index.php\/wp-json\/wp\/v2\/posts"}],"about":[{"href":"https:\/\/sorbetkiwi.fr\/index.php\/wp-json\/wp\/v2\/types\/post"}],"author":[{"embeddable":true,"href":"https:\/\/sorbetkiwi.fr\/index.php\/wp-json\/wp\/v2\/users\/1"}],"replies":[{"embeddable":true,"href":"https:\/\/sorbetkiwi.fr\/index.php\/wp-json\/wp\/v2\/comments?post=3475"}],"version-history":[{"count":6,"href":"https:\/\/sorbetkiwi.fr\/index.php\/wp-json\/wp\/v2\/posts\/3475\/revisions"}],"predecessor-version":[{"id":3482,"href":"https:\/\/sorbetkiwi.fr\/index.php\/wp-json\/wp\/v2\/posts\/3475\/revisions\/3482"}],"wp:featuredmedia":[{"embeddable":true,"href":"https:\/\/sorbetkiwi.fr\/index.php\/wp-json\/wp\/v2\/media\/3476"}],"wp:attachment":[{"href":"https:\/\/sorbetkiwi.fr\/index.php\/wp-json\/wp\/v2\/media?parent=3475"}],"wp:term":[{"taxonomy":"category","embeddable":true,"href":"https:\/\/sorbetkiwi.fr\/index.php\/wp-json\/wp\/v2\/categories?post=3475"},{"taxonomy":"post_tag","embeddable":true,"href":"https:\/\/sorbetkiwi.fr\/index.php\/wp-json\/wp\/v2\/tags?post=3475"}],"curies":[{"name":"wp","href":"https:\/\/api.w.org\/{rel}","templated":true}]}}