{"id":3311,"date":"2023-07-18T07:00:00","date_gmt":"2023-07-18T05:00:00","guid":{"rendered":"https:\/\/sorbetkiwi.fr\/?p=3311"},"modified":"2023-07-16T16:54:08","modified_gmt":"2023-07-16T14:54:08","slug":"celle-qui-parle-de-alicia-jaraba","status":"publish","type":"post","link":"https:\/\/sorbetkiwi.fr\/index.php\/celle-qui-parle-de-alicia-jaraba\/","title":{"rendered":"Celle qui parle de Alicia Jaraba"},"content":{"rendered":"\t\t<div data-elementor-type=\"wp-post\" data-elementor-id=\"3311\" class=\"elementor elementor-3311\">\n\t\t\t\t\t\t<section class=\"elementor-section elementor-top-section elementor-element elementor-element-5011e6ed elementor-section-boxed elementor-section-height-default elementor-section-height-default\" data-id=\"5011e6ed\" data-element_type=\"section\" data-e-type=\"section\">\n\t\t\t\t\t\t<div class=\"elementor-container elementor-column-gap-default\">\n\t\t\t\t\t<div class=\"elementor-column elementor-col-100 elementor-top-column elementor-element elementor-element-1faa2e2a\" data-id=\"1faa2e2a\" data-element_type=\"column\" data-e-type=\"column\">\n\t\t\t<div class=\"elementor-widget-wrap elementor-element-populated\">\n\t\t\t\t\t\t<div class=\"elementor-element elementor-element-2927bce6 elementor-widget elementor-widget-heading\" data-id=\"2927bce6\" data-element_type=\"widget\" data-e-type=\"widget\" data-widget_type=\"heading.default\">\n\t\t\t\t<div class=\"elementor-widget-container\">\n\t\t\t\t\t<h1 class=\"elementor-heading-title elementor-size-medium\">Celle qui parle Alicia Jaraba<\/h1>\t\t\t\t<\/div>\n\t\t\t\t<\/div>\n\t\t\t\t<div class=\"elementor-element elementor-element-1042cecc elementor-view-default elementor-widget elementor-widget-icon\" data-id=\"1042cecc\" data-element_type=\"widget\" data-e-type=\"widget\" data-widget_type=\"icon.default\">\n\t\t\t\t<div class=\"elementor-widget-container\">\n\t\t\t\t\t\t\t<div class=\"elementor-icon-wrapper\">\n\t\t\t<div class=\"elementor-icon\">\n\t\t\t<i aria-hidden=\"true\" class=\"fas fa-cocktail\"><\/i>\t\t\t<\/div>\n\t\t<\/div>\n\t\t\t\t\t\t<\/div>\n\t\t\t\t<\/div>\n\t\t\t\t<div class=\"elementor-element elementor-element-4a6f0438 elementor-widget-divider--view-line elementor-widget elementor-widget-divider\" data-id=\"4a6f0438\" data-element_type=\"widget\" data-e-type=\"widget\" data-widget_type=\"divider.default\">\n\t\t\t\t<div class=\"elementor-widget-container\">\n\t\t\t\t\t\t\t<div class=\"elementor-divider\">\n\t\t\t<span class=\"elementor-divider-separator\">\n\t\t\t\t\t\t<\/span>\n\t\t<\/div>\n\t\t\t\t\t\t<\/div>\n\t\t\t\t<\/div>\n\t\t\t\t<div class=\"elementor-element elementor-element-6e2580ed elementor-widget elementor-widget-heading\" data-id=\"6e2580ed\" data-element_type=\"widget\" data-e-type=\"widget\" data-widget_type=\"heading.default\">\n\t\t\t\t<div class=\"elementor-widget-container\">\n\t\t\t\t\t<h2 class=\"elementor-heading-title elementor-size-medium\">R\u00e9sum\u00e9<\/h2>\t\t\t\t<\/div>\n\t\t\t\t<\/div>\n\t\t\t\t<div class=\"elementor-element elementor-element-2fe3145a elementor-widget elementor-widget-text-editor\" data-id=\"2fe3145a\" data-element_type=\"widget\" data-e-type=\"widget\" data-widget_type=\"text-editor.default\">\n\t\t\t\t<div class=\"elementor-widget-container\">\n\t\t\t\t\t\t\t\t\t<p>XVIe si\u00e8cle. Malinalli est la fille d\u2019un chef d\u2019un clan d\u2019Am\u00e9rique centrale. Peu de temps apr\u00e8s la mort de son p\u00e8re, elle est vendue \u00e0 un autre clan pour travailler aux champs et satisfaire la libido de son nouveau ma\u00eetre.<br \/>Un jour, d\u2019immenses navires apparaissent \u00e0 l\u2019horizon, command\u00e9s par Hernan Cortez, obs\u00e9d\u00e9 par la recherche d\u2019or. Le conquistador rep\u00e8re Malinalli et son don pour les langues. Elle sera son interpr\u00e8te et un des \u00e9l\u00e9ments cl\u00e9s dans ses espoirs de conqu\u00eate. Elle sera \u00e9galement celle qui aura le courage de dire un mot interdit aux femmes de son \u00e9poque : non !<br \/>Au-del\u00e0 de la l\u00e9gende, voici l\u2019histoire de la Malinche, vivante, jeune, inexp\u00e9riment\u00e9e, souvent d\u00e9pass\u00e9e par les \u00e9v\u00e9nements, mais avant tout, humaine.<\/p>\t\t\t\t\t\t\t\t<\/div>\n\t\t\t\t<\/div>\n\t\t\t\t<div class=\"elementor-element elementor-element-45bd19c8 elementor-widget-divider--view-line elementor-widget elementor-widget-divider\" data-id=\"45bd19c8\" data-element_type=\"widget\" data-e-type=\"widget\" data-widget_type=\"divider.default\">\n\t\t\t\t<div class=\"elementor-widget-container\">\n\t\t\t\t\t\t\t<div class=\"elementor-divider\">\n\t\t\t<span class=\"elementor-divider-separator\">\n\t\t\t\t\t\t<\/span>\n\t\t<\/div>\n\t\t\t\t\t\t<\/div>\n\t\t\t\t<\/div>\n\t\t\t\t<div class=\"elementor-element elementor-element-6646e498 elementor-widget elementor-widget-heading\" data-id=\"6646e498\" data-element_type=\"widget\" data-e-type=\"widget\" data-widget_type=\"heading.default\">\n\t\t\t\t<div class=\"elementor-widget-container\">\n\t\t\t\t\t<h2 class=\"elementor-heading-title elementor-size-medium\">Ma note<\/h2>\t\t\t\t<\/div>\n\t\t\t\t<\/div>\n\t\t\t\t<div class=\"elementor-element elementor-element-49ed36d4 elementor-star-rating--align-center elementor--star-style-star_fontawesome elementor-widget elementor-widget-star-rating\" data-id=\"49ed36d4\" data-element_type=\"widget\" data-e-type=\"widget\" data-widget_type=\"star-rating.default\">\n\t\t\t\t<div class=\"elementor-widget-container\">\n\t\t\t\t\t\t\t<div class=\"elementor-star-rating__wrapper\">\n\t\t\t\t\t\t<div class=\"elementor-star-rating\" itemtype=\"http:\/\/schema.org\/Rating\" itemscope=\"\" itemprop=\"reviewRating\">\n\t\t\t\t<i class=\"elementor-star-full\" aria-hidden=\"true\">&#xE934;<\/i><i class=\"elementor-star-full\" aria-hidden=\"true\">&#xE934;<\/i><i class=\"elementor-star-full\" aria-hidden=\"true\">&#xE934;<\/i><i class=\"elementor-star-full\" aria-hidden=\"true\">&#xE934;<\/i><i class=\"elementor-star-full\" aria-hidden=\"true\">&#xE934;<\/i>\t\t\t\t<span itemprop=\"ratingValue\" class=\"elementor-screen-only\">Not\u00e9 5 sur 5<\/span>\n\t\t\t<\/div>\n\t\t<\/div>\n\t\t\t\t\t\t<\/div>\n\t\t\t\t<\/div>\n\t\t\t\t<div class=\"elementor-element elementor-element-d64e402 elementor-widget-divider--view-line elementor-widget elementor-widget-divider\" data-id=\"d64e402\" data-element_type=\"widget\" data-e-type=\"widget\" data-widget_type=\"divider.default\">\n\t\t\t\t<div class=\"elementor-widget-container\">\n\t\t\t\t\t\t\t<div class=\"elementor-divider\">\n\t\t\t<span class=\"elementor-divider-separator\">\n\t\t\t\t\t\t<\/span>\n\t\t<\/div>\n\t\t\t\t\t\t<\/div>\n\t\t\t\t<\/div>\n\t\t\t\t<div class=\"elementor-element elementor-element-42290997 elementor-widget elementor-widget-heading\" data-id=\"42290997\" data-element_type=\"widget\" data-e-type=\"widget\" data-widget_type=\"heading.default\">\n\t\t\t\t<div class=\"elementor-widget-container\">\n\t\t\t\t\t<h2 class=\"elementor-heading-title elementor-size-medium\">Sois et tais toi<\/h2>\t\t\t\t<\/div>\n\t\t\t\t<\/div>\n\t\t\t\t<div class=\"elementor-element elementor-element-72213e38 elementor-widget elementor-widget-text-editor\" data-id=\"72213e38\" data-element_type=\"widget\" data-e-type=\"widget\" data-widget_type=\"text-editor.default\">\n\t\t\t\t<div class=\"elementor-widget-container\">\n\t\t\t\t\t\t\t\t\t<p>Quel plaisir de vous proposer aujourd&rsquo;hui mon avis sur une belle BD historique, au sujet des peuples descendants des Azt\u00e8ques et des Mayas au Mexique. J&rsquo;ai rencontr\u00e9 \u00e0 travers cette fiction emprunt\u00e9 \u00e0 la <a href=\"https:\/\/sorbetkiwi.fr\/index.php\/category\/benevolat\/\">m\u00e9diath\u00e8que<\/a> La Malinche, un <a href=\"https:\/\/fr.wikipedia.org\/wiki\/La_Malinche\">personnage r\u00e9el<\/a> tr\u00e8s controvers\u00e9. Et \u00e0 travers cet album, on peut ais\u00e9ment comprendre pourquoi. J&rsquo;ai n\u00e9anmoins trouv\u00e9 important de lui rendre la parole, la sienne, m\u00eame si c&rsquo;est \u00e0 travers notre imagination. Parce que nous parlons ici de l&rsquo;importance de la parole, de l&rsquo;\u00e9ducation \u00e0 la communication pour saisir ce qui nous concerne. Afin de s&rsquo;\u00e9manciper par les mots. C&rsquo;est aussi un destin de femme incroyable, et une histoire de femmes : celles que toutes les soci\u00e9t\u00e9s patriarcales ont rendues muettes.\u00a0<\/p>\t\t\t\t\t\t\t\t<\/div>\n\t\t\t\t<\/div>\n\t\t\t\t<div class=\"elementor-element elementor-element-6ff0893f elementor-widget-divider--view-line elementor-widget elementor-widget-divider\" data-id=\"6ff0893f\" data-element_type=\"widget\" data-e-type=\"widget\" data-widget_type=\"divider.default\">\n\t\t\t\t<div class=\"elementor-widget-container\">\n\t\t\t\t\t\t\t<div class=\"elementor-divider\">\n\t\t\t<span class=\"elementor-divider-separator\">\n\t\t\t\t\t\t<\/span>\n\t\t<\/div>\n\t\t\t\t\t\t<\/div>\n\t\t\t\t<\/div>\n\t\t\t\t<div class=\"elementor-element elementor-element-3c6a5d48 elementor-widget elementor-widget-heading\" data-id=\"3c6a5d48\" data-element_type=\"widget\" data-e-type=\"widget\" data-widget_type=\"heading.default\">\n\t\t\t\t<div class=\"elementor-widget-container\">\n\t\t\t\t\t<h4 class=\"elementor-heading-title elementor-size-medium\">\"Tu as raison sur une chose, le capitaine est celui qui commande... mais toi tu es celle qui parle.\"<\/h4>\t\t\t\t<\/div>\n\t\t\t\t<\/div>\n\t\t\t\t<div class=\"elementor-element elementor-element-dade984 elementor-widget-divider--view-line elementor-widget elementor-widget-divider\" data-id=\"dade984\" data-element_type=\"widget\" data-e-type=\"widget\" data-widget_type=\"divider.default\">\n\t\t\t\t<div class=\"elementor-widget-container\">\n\t\t\t\t\t\t\t<div class=\"elementor-divider\">\n\t\t\t<span class=\"elementor-divider-separator\">\n\t\t\t\t\t\t<\/span>\n\t\t<\/div>\n\t\t\t\t\t\t<\/div>\n\t\t\t\t<\/div>\n\t\t\t\t<div class=\"elementor-element elementor-element-7b9c3bd0 elementor-widget elementor-widget-heading\" data-id=\"7b9c3bd0\" data-element_type=\"widget\" data-e-type=\"widget\" data-widget_type=\"heading.default\">\n\t\t\t\t<div class=\"elementor-widget-container\">\n\t\t\t\t\t<h2 class=\"elementor-heading-title elementor-size-medium\">\u00catre, \u00e0 quel prix ?<\/h2>\t\t\t\t<\/div>\n\t\t\t\t<\/div>\n\t\t\t\t<div class=\"elementor-element elementor-element-53aeefd0 elementor-widget elementor-widget-text-editor\" data-id=\"53aeefd0\" data-element_type=\"widget\" data-e-type=\"widget\" data-widget_type=\"text-editor.default\">\n\t\t\t\t<div class=\"elementor-widget-container\">\n\t\t\t\t\t\t\t\t\t<p>Notre histoire se d\u00e9roule lors de l&rsquo;invasion espagnole du territoire Azt\u00e8que et Maya. La colonisation s&rsquo;est faite par les armes et la barbarie, mais aussi par la langue. La conqu\u00eate europ\u00e9enne \u00e0 tout d\u00e9natur\u00e9. Que ce soit la culture, les croyances, les paysages, ou les langues locales. Et au milieu de tout cela, nous rencontrons une femme tiraill\u00e9e entre les hommes. Entre son peuple, entre ses amis, entre des factions. O\u00f9 est le bien et ou est le mal lorsqu&rsquo;il s&rsquo;agit de pouvoir ? Y a-t-il seulement du bien ? Il n&rsquo;y a surtout que des prismes, et de l&rsquo;\u00e9go\u00efsme, partout. Alors, Malinalli veut pr\u00e9server son peuple et sa survie. Mais \u00e0 quel prix ? Celui, en tous cas, de renoncer \u00e0 soi, \u00e0 ses valeurs et tout ce en quoi elle croit.<\/p>\t\t\t\t\t\t\t\t<\/div>\n\t\t\t\t<\/div>\n\t\t\t\t<div class=\"elementor-element elementor-element-401e0a08 elementor-widget-divider--view-line elementor-widget elementor-widget-divider\" data-id=\"401e0a08\" data-element_type=\"widget\" data-e-type=\"widget\" data-widget_type=\"divider.default\">\n\t\t\t\t<div class=\"elementor-widget-container\">\n\t\t\t\t\t\t\t<div class=\"elementor-divider\">\n\t\t\t<span class=\"elementor-divider-separator\">\n\t\t\t\t\t\t<\/span>\n\t\t<\/div>\n\t\t\t\t\t\t<\/div>\n\t\t\t\t<\/div>\n\t\t\t\t<div class=\"elementor-element elementor-element-784ca9 elementor-widget elementor-widget-heading\" data-id=\"784ca9\" data-element_type=\"widget\" data-e-type=\"widget\" data-widget_type=\"heading.default\">\n\t\t\t\t<div class=\"elementor-widget-container\">\n\t\t\t\t\t<h2 class=\"elementor-heading-title elementor-size-medium\">Un r\u00e9cit identitaire<\/h2>\t\t\t\t<\/div>\n\t\t\t\t<\/div>\n\t\t\t\t<div class=\"elementor-element elementor-element-616f5731 elementor-widget elementor-widget-text-editor\" data-id=\"616f5731\" data-element_type=\"widget\" data-e-type=\"widget\" data-widget_type=\"text-editor.default\">\n\t\t\t\t<div class=\"elementor-widget-container\">\n\t\t\t\t\t\t\t\t\t<p>Je pense que ce qui m&rsquo;a tant embarqu\u00e9 dans cette histoire, c&rsquo;est la communication entre les femmes du r\u00e9cit. Elle commence toujours d&rsquo;abord par des actes. C&rsquo;est aussi un r\u00e9cit identitaire. De quoi est faite notre identit\u00e9 ? Quel est notre h\u00e9ritage ? Je trouve que Celle qui parle est un fabuleux mat\u00e9riel de remise en question historique, mais aussi psychosociale. Elle aurait notamment plus que sa place au lyc\u00e9e, pour questionner \u00e9galement la supr\u00e9matie europ\u00e9enne et la conqu\u00eate barbare des espagnoles sur tout le territoire, et au m\u00e9pris de l&rsquo;honneur. J&rsquo;ai vraiment beaucoup aim\u00e9 cette histoire et je la recommande !\u00a0<\/p>\t\t\t\t\t\t\t\t<\/div>\n\t\t\t\t<\/div>\n\t\t\t\t\t<\/div>\n\t\t<\/div>\n\t\t\t\t\t<\/div>\n\t\t<\/section>\n\t\t\t\t<\/div>\n\t\t","protected":false},"excerpt":{"rendered":"<p>Celle qui parle Alicia Jaraba R\u00e9sum\u00e9 XVIe si\u00e8cle. Malinalli est la fille d\u2019un chef d\u2019un clan d\u2019Am\u00e9rique centrale. Peu de temps apr\u00e8s la mort de son p\u00e8re, elle est vendue \u00e0 un autre clan pour &hellip; <\/p>\n","protected":false},"author":1,"featured_media":3312,"comment_status":"open","ping_status":"open","sticky":false,"template":"","format":"standard","meta":{"footnotes":""},"categories":[7,14,1],"tags":[886,80,79,296,885,522,736,887],"class_list":["post-3311","post","type-post","status-publish","format-standard","has-post-thumbnail","hentry","category-benevolat","category-l-ete","category-tout-le-blog","tag-alicia-jaraba","tag-bande-dessinee","tag-bd","tag-bd-du-mardi","tag-celle-qui-parle","tag-editions-bamboo","tag-ete","tag-grand-angle","has-single-img"],"yoast_head":"<!-- This site is optimized with the Yoast SEO plugin v27.4 - https:\/\/yoast.com\/product\/yoast-seo-wordpress\/ -->\n<title>Celle qui parle de Alicia Jaraba - Sorbet Kiwi<\/title>\n<meta name=\"description\" content=\"Ma chronique de la BD du mardi, Celle qui parle de Alicia Jaraba dans la collection Grand Angle des \u00e9ditions Bamboo.\" \/>\n<meta name=\"robots\" content=\"index, follow, max-snippet:-1, max-image-preview:large, max-video-preview:-1\" \/>\n<link rel=\"canonical\" href=\"https:\/\/sorbetkiwi.fr\/index.php\/celle-qui-parle-de-alicia-jaraba\/\" \/>\n<meta property=\"og:locale\" content=\"fr_FR\" \/>\n<meta property=\"og:type\" content=\"article\" \/>\n<meta property=\"og:title\" content=\"Celle qui parle de Alicia Jaraba - Sorbet Kiwi\" \/>\n<meta property=\"og:description\" content=\"Ma chronique de la BD du mardi, Celle qui parle de Alicia Jaraba dans la collection Grand Angle des \u00e9ditions Bamboo.\" \/>\n<meta property=\"og:url\" content=\"https:\/\/sorbetkiwi.fr\/index.php\/celle-qui-parle-de-alicia-jaraba\/\" \/>\n<meta property=\"og:site_name\" content=\"Sorbet Kiwi\" \/>\n<meta property=\"article:publisher\" content=\"https:\/\/www.facebook.com\/profile.php?id=100086238893269\" \/>\n<meta property=\"article:published_time\" content=\"2023-07-18T05:00:00+00:00\" \/>\n<meta property=\"og:image\" content=\"https:\/\/sorbetkiwi.fr\/wp-content\/uploads\/2023\/07\/Celle-qui-parle-Alicia-Jaraba-scaled.jpg\" \/>\n\t<meta property=\"og:image:width\" content=\"1920\" \/>\n\t<meta property=\"og:image:height\" content=\"2560\" \/>\n\t<meta property=\"og:image:type\" content=\"image\/jpeg\" \/>\n<meta name=\"author\" content=\"Sorbet-Kiwi\" \/>\n<meta name=\"twitter:card\" content=\"summary_large_image\" \/>\n<meta name=\"twitter:creator\" content=\"@pepparshoes\" \/>\n<meta name=\"twitter:site\" content=\"@pepparshoes\" \/>\n<meta name=\"twitter:label1\" content=\"\u00c9crit par\" \/>\n\t<meta name=\"twitter:data1\" content=\"Sorbet-Kiwi\" \/>\n\t<meta name=\"twitter:label2\" content=\"Dur\u00e9e de lecture estim\u00e9e\" \/>\n\t<meta name=\"twitter:data2\" content=\"3 minutes\" \/>\n<script type=\"application\/ld+json\" class=\"yoast-schema-graph\">{\"@context\":\"https:\\\/\\\/schema.org\",\"@graph\":[{\"@type\":\"Article\",\"@id\":\"https:\\\/\\\/sorbetkiwi.fr\\\/index.php\\\/celle-qui-parle-de-alicia-jaraba\\\/#article\",\"isPartOf\":{\"@id\":\"https:\\\/\\\/sorbetkiwi.fr\\\/index.php\\\/celle-qui-parle-de-alicia-jaraba\\\/\"},\"author\":{\"name\":\"Sorbet-Kiwi\",\"@id\":\"https:\\\/\\\/sorbetkiwi.fr\\\/#\\\/schema\\\/person\\\/ed1b7b527a2957ddc3bf38b076540659\"},\"headline\":\"Celle qui parle de Alicia Jaraba\",\"datePublished\":\"2023-07-18T05:00:00+00:00\",\"mainEntityOfPage\":{\"@id\":\"https:\\\/\\\/sorbetkiwi.fr\\\/index.php\\\/celle-qui-parle-de-alicia-jaraba\\\/\"},\"wordCount\":575,\"commentCount\":8,\"publisher\":{\"@id\":\"https:\\\/\\\/sorbetkiwi.fr\\\/#organization\"},\"image\":{\"@id\":\"https:\\\/\\\/sorbetkiwi.fr\\\/index.php\\\/celle-qui-parle-de-alicia-jaraba\\\/#primaryimage\"},\"thumbnailUrl\":\"https:\\\/\\\/sorbetkiwi.fr\\\/wp-content\\\/uploads\\\/2023\\\/07\\\/Celle-qui-parle-Alicia-Jaraba-scaled.jpg\",\"keywords\":[\"Alicia Jaraba\",\"Bande dessin\u00e9e\",\"BD\",\"BD du mardi\",\"Celle qui parle\",\"Editions Bamboo\",\"\u00e9t\u00e9\",\"Grand Angle\"],\"articleSection\":[\"B\u00e9n\u00e9volat\",\"L'\u00e9t\u00e9\",\"Tout le blog\"],\"inLanguage\":\"fr-FR\",\"potentialAction\":[{\"@type\":\"CommentAction\",\"name\":\"Comment\",\"target\":[\"https:\\\/\\\/sorbetkiwi.fr\\\/index.php\\\/celle-qui-parle-de-alicia-jaraba\\\/#respond\"]}]},{\"@type\":\"WebPage\",\"@id\":\"https:\\\/\\\/sorbetkiwi.fr\\\/index.php\\\/celle-qui-parle-de-alicia-jaraba\\\/\",\"url\":\"https:\\\/\\\/sorbetkiwi.fr\\\/index.php\\\/celle-qui-parle-de-alicia-jaraba\\\/\",\"name\":\"Celle qui parle de Alicia Jaraba - Sorbet Kiwi\",\"isPartOf\":{\"@id\":\"https:\\\/\\\/sorbetkiwi.fr\\\/#website\"},\"primaryImageOfPage\":{\"@id\":\"https:\\\/\\\/sorbetkiwi.fr\\\/index.php\\\/celle-qui-parle-de-alicia-jaraba\\\/#primaryimage\"},\"image\":{\"@id\":\"https:\\\/\\\/sorbetkiwi.fr\\\/index.php\\\/celle-qui-parle-de-alicia-jaraba\\\/#primaryimage\"},\"thumbnailUrl\":\"https:\\\/\\\/sorbetkiwi.fr\\\/wp-content\\\/uploads\\\/2023\\\/07\\\/Celle-qui-parle-Alicia-Jaraba-scaled.jpg\",\"datePublished\":\"2023-07-18T05:00:00+00:00\",\"description\":\"Ma chronique de la BD du mardi, Celle qui parle de Alicia Jaraba dans la collection Grand Angle des \u00e9ditions Bamboo.\",\"breadcrumb\":{\"@id\":\"https:\\\/\\\/sorbetkiwi.fr\\\/index.php\\\/celle-qui-parle-de-alicia-jaraba\\\/#breadcrumb\"},\"inLanguage\":\"fr-FR\",\"potentialAction\":[{\"@type\":\"ReadAction\",\"target\":[\"https:\\\/\\\/sorbetkiwi.fr\\\/index.php\\\/celle-qui-parle-de-alicia-jaraba\\\/\"]}]},{\"@type\":\"ImageObject\",\"inLanguage\":\"fr-FR\",\"@id\":\"https:\\\/\\\/sorbetkiwi.fr\\\/index.php\\\/celle-qui-parle-de-alicia-jaraba\\\/#primaryimage\",\"url\":\"https:\\\/\\\/sorbetkiwi.fr\\\/wp-content\\\/uploads\\\/2023\\\/07\\\/Celle-qui-parle-Alicia-Jaraba-scaled.jpg\",\"contentUrl\":\"https:\\\/\\\/sorbetkiwi.fr\\\/wp-content\\\/uploads\\\/2023\\\/07\\\/Celle-qui-parle-Alicia-Jaraba-scaled.jpg\",\"width\":1920,\"height\":2560,\"caption\":\"Celle qui parle Alicia Jaraba\"},{\"@type\":\"BreadcrumbList\",\"@id\":\"https:\\\/\\\/sorbetkiwi.fr\\\/index.php\\\/celle-qui-parle-de-alicia-jaraba\\\/#breadcrumb\",\"itemListElement\":[{\"@type\":\"ListItem\",\"position\":1,\"name\":\"Accueil\",\"item\":\"https:\\\/\\\/sorbetkiwi.fr\\\/\"},{\"@type\":\"ListItem\",\"position\":2,\"name\":\"Celle qui parle de Alicia Jaraba\"}]},{\"@type\":\"WebSite\",\"@id\":\"https:\\\/\\\/sorbetkiwi.fr\\\/#website\",\"url\":\"https:\\\/\\\/sorbetkiwi.fr\\\/\",\"name\":\"Sorbet Kiwi\",\"description\":\"Des lectures th\u00e9matiques par saison et les avis qui vont avec\",\"publisher\":{\"@id\":\"https:\\\/\\\/sorbetkiwi.fr\\\/#organization\"},\"potentialAction\":[{\"@type\":\"SearchAction\",\"target\":{\"@type\":\"EntryPoint\",\"urlTemplate\":\"https:\\\/\\\/sorbetkiwi.fr\\\/?s={search_term_string}\"},\"query-input\":{\"@type\":\"PropertyValueSpecification\",\"valueRequired\":true,\"valueName\":\"search_term_string\"}}],\"inLanguage\":\"fr-FR\"},{\"@type\":\"Organization\",\"@id\":\"https:\\\/\\\/sorbetkiwi.fr\\\/#organization\",\"name\":\"Sorbet Kiwi\",\"url\":\"https:\\\/\\\/sorbetkiwi.fr\\\/\",\"logo\":{\"@type\":\"ImageObject\",\"inLanguage\":\"fr-FR\",\"@id\":\"https:\\\/\\\/sorbetkiwi.fr\\\/#\\\/schema\\\/logo\\\/image\\\/\",\"url\":\"https:\\\/\\\/sorbetkiwi.fr\\\/wp-content\\\/uploads\\\/2022\\\/10\\\/Banniere-Sorbet-Kiwi-2022.jpg\",\"contentUrl\":\"https:\\\/\\\/sorbetkiwi.fr\\\/wp-content\\\/uploads\\\/2022\\\/10\\\/Banniere-Sorbet-Kiwi-2022.jpg\",\"width\":814,\"height\":401,\"caption\":\"Sorbet Kiwi\"},\"image\":{\"@id\":\"https:\\\/\\\/sorbetkiwi.fr\\\/#\\\/schema\\\/logo\\\/image\\\/\"},\"sameAs\":[\"https:\\\/\\\/www.facebook.com\\\/profile.php?id=100086238893269\",\"https:\\\/\\\/x.com\\\/pepparshoes\",\"https:\\\/\\\/www.instagram.com\\\/sorbetkiwi\\\/\",\"https:\\\/\\\/www.tiktok.com\\\/sorbetkiwi\"]},{\"@type\":\"Person\",\"@id\":\"https:\\\/\\\/sorbetkiwi.fr\\\/#\\\/schema\\\/person\\\/ed1b7b527a2957ddc3bf38b076540659\",\"name\":\"Sorbet-Kiwi\",\"image\":{\"@type\":\"ImageObject\",\"inLanguage\":\"fr-FR\",\"@id\":\"https:\\\/\\\/secure.gravatar.com\\\/avatar\\\/86f0a5c27d76317621b9e374d0f3a01d3a85278f10d0c7207ced4fd773057442?s=96&d=mm&r=g\",\"url\":\"https:\\\/\\\/secure.gravatar.com\\\/avatar\\\/86f0a5c27d76317621b9e374d0f3a01d3a85278f10d0c7207ced4fd773057442?s=96&d=mm&r=g\",\"contentUrl\":\"https:\\\/\\\/secure.gravatar.com\\\/avatar\\\/86f0a5c27d76317621b9e374d0f3a01d3a85278f10d0c7207ced4fd773057442?s=96&d=mm&r=g\",\"caption\":\"Sorbet-Kiwi\"},\"sameAs\":[\"http:\\\/\\\/sorbetkiwi.fr\"],\"url\":\"https:\\\/\\\/sorbetkiwi.fr\\\/index.php\\\/author\\\/admin7717\\\/\"}]}<\/script>\n<!-- \/ Yoast SEO plugin. -->","yoast_head_json":{"title":"Celle qui parle de Alicia Jaraba - Sorbet Kiwi","description":"Ma chronique de la BD du mardi, Celle qui parle de Alicia Jaraba dans la collection Grand Angle des \u00e9ditions Bamboo.","robots":{"index":"index","follow":"follow","max-snippet":"max-snippet:-1","max-image-preview":"max-image-preview:large","max-video-preview":"max-video-preview:-1"},"canonical":"https:\/\/sorbetkiwi.fr\/index.php\/celle-qui-parle-de-alicia-jaraba\/","og_locale":"fr_FR","og_type":"article","og_title":"Celle qui parle de Alicia Jaraba - Sorbet Kiwi","og_description":"Ma chronique de la BD du mardi, Celle qui parle de Alicia Jaraba dans la collection Grand Angle des \u00e9ditions Bamboo.","og_url":"https:\/\/sorbetkiwi.fr\/index.php\/celle-qui-parle-de-alicia-jaraba\/","og_site_name":"Sorbet Kiwi","article_publisher":"https:\/\/www.facebook.com\/profile.php?id=100086238893269","article_published_time":"2023-07-18T05:00:00+00:00","og_image":[{"width":1920,"height":2560,"url":"https:\/\/sorbetkiwi.fr\/wp-content\/uploads\/2023\/07\/Celle-qui-parle-Alicia-Jaraba-scaled.jpg","type":"image\/jpeg"}],"author":"Sorbet-Kiwi","twitter_card":"summary_large_image","twitter_creator":"@pepparshoes","twitter_site":"@pepparshoes","twitter_misc":{"\u00c9crit par":"Sorbet-Kiwi","Dur\u00e9e de lecture estim\u00e9e":"3 minutes"},"schema":{"@context":"https:\/\/schema.org","@graph":[{"@type":"Article","@id":"https:\/\/sorbetkiwi.fr\/index.php\/celle-qui-parle-de-alicia-jaraba\/#article","isPartOf":{"@id":"https:\/\/sorbetkiwi.fr\/index.php\/celle-qui-parle-de-alicia-jaraba\/"},"author":{"name":"Sorbet-Kiwi","@id":"https:\/\/sorbetkiwi.fr\/#\/schema\/person\/ed1b7b527a2957ddc3bf38b076540659"},"headline":"Celle qui parle de Alicia Jaraba","datePublished":"2023-07-18T05:00:00+00:00","mainEntityOfPage":{"@id":"https:\/\/sorbetkiwi.fr\/index.php\/celle-qui-parle-de-alicia-jaraba\/"},"wordCount":575,"commentCount":8,"publisher":{"@id":"https:\/\/sorbetkiwi.fr\/#organization"},"image":{"@id":"https:\/\/sorbetkiwi.fr\/index.php\/celle-qui-parle-de-alicia-jaraba\/#primaryimage"},"thumbnailUrl":"https:\/\/sorbetkiwi.fr\/wp-content\/uploads\/2023\/07\/Celle-qui-parle-Alicia-Jaraba-scaled.jpg","keywords":["Alicia Jaraba","Bande dessin\u00e9e","BD","BD du mardi","Celle qui parle","Editions Bamboo","\u00e9t\u00e9","Grand Angle"],"articleSection":["B\u00e9n\u00e9volat","L'\u00e9t\u00e9","Tout le blog"],"inLanguage":"fr-FR","potentialAction":[{"@type":"CommentAction","name":"Comment","target":["https:\/\/sorbetkiwi.fr\/index.php\/celle-qui-parle-de-alicia-jaraba\/#respond"]}]},{"@type":"WebPage","@id":"https:\/\/sorbetkiwi.fr\/index.php\/celle-qui-parle-de-alicia-jaraba\/","url":"https:\/\/sorbetkiwi.fr\/index.php\/celle-qui-parle-de-alicia-jaraba\/","name":"Celle qui parle de Alicia Jaraba - Sorbet Kiwi","isPartOf":{"@id":"https:\/\/sorbetkiwi.fr\/#website"},"primaryImageOfPage":{"@id":"https:\/\/sorbetkiwi.fr\/index.php\/celle-qui-parle-de-alicia-jaraba\/#primaryimage"},"image":{"@id":"https:\/\/sorbetkiwi.fr\/index.php\/celle-qui-parle-de-alicia-jaraba\/#primaryimage"},"thumbnailUrl":"https:\/\/sorbetkiwi.fr\/wp-content\/uploads\/2023\/07\/Celle-qui-parle-Alicia-Jaraba-scaled.jpg","datePublished":"2023-07-18T05:00:00+00:00","description":"Ma chronique de la BD du mardi, Celle qui parle de Alicia Jaraba dans la collection Grand Angle des \u00e9ditions Bamboo.","breadcrumb":{"@id":"https:\/\/sorbetkiwi.fr\/index.php\/celle-qui-parle-de-alicia-jaraba\/#breadcrumb"},"inLanguage":"fr-FR","potentialAction":[{"@type":"ReadAction","target":["https:\/\/sorbetkiwi.fr\/index.php\/celle-qui-parle-de-alicia-jaraba\/"]}]},{"@type":"ImageObject","inLanguage":"fr-FR","@id":"https:\/\/sorbetkiwi.fr\/index.php\/celle-qui-parle-de-alicia-jaraba\/#primaryimage","url":"https:\/\/sorbetkiwi.fr\/wp-content\/uploads\/2023\/07\/Celle-qui-parle-Alicia-Jaraba-scaled.jpg","contentUrl":"https:\/\/sorbetkiwi.fr\/wp-content\/uploads\/2023\/07\/Celle-qui-parle-Alicia-Jaraba-scaled.jpg","width":1920,"height":2560,"caption":"Celle qui parle Alicia Jaraba"},{"@type":"BreadcrumbList","@id":"https:\/\/sorbetkiwi.fr\/index.php\/celle-qui-parle-de-alicia-jaraba\/#breadcrumb","itemListElement":[{"@type":"ListItem","position":1,"name":"Accueil","item":"https:\/\/sorbetkiwi.fr\/"},{"@type":"ListItem","position":2,"name":"Celle qui parle de Alicia Jaraba"}]},{"@type":"WebSite","@id":"https:\/\/sorbetkiwi.fr\/#website","url":"https:\/\/sorbetkiwi.fr\/","name":"Sorbet Kiwi","description":"Des lectures th\u00e9matiques par saison et les avis qui vont avec","publisher":{"@id":"https:\/\/sorbetkiwi.fr\/#organization"},"potentialAction":[{"@type":"SearchAction","target":{"@type":"EntryPoint","urlTemplate":"https:\/\/sorbetkiwi.fr\/?s={search_term_string}"},"query-input":{"@type":"PropertyValueSpecification","valueRequired":true,"valueName":"search_term_string"}}],"inLanguage":"fr-FR"},{"@type":"Organization","@id":"https:\/\/sorbetkiwi.fr\/#organization","name":"Sorbet Kiwi","url":"https:\/\/sorbetkiwi.fr\/","logo":{"@type":"ImageObject","inLanguage":"fr-FR","@id":"https:\/\/sorbetkiwi.fr\/#\/schema\/logo\/image\/","url":"https:\/\/sorbetkiwi.fr\/wp-content\/uploads\/2022\/10\/Banniere-Sorbet-Kiwi-2022.jpg","contentUrl":"https:\/\/sorbetkiwi.fr\/wp-content\/uploads\/2022\/10\/Banniere-Sorbet-Kiwi-2022.jpg","width":814,"height":401,"caption":"Sorbet Kiwi"},"image":{"@id":"https:\/\/sorbetkiwi.fr\/#\/schema\/logo\/image\/"},"sameAs":["https:\/\/www.facebook.com\/profile.php?id=100086238893269","https:\/\/x.com\/pepparshoes","https:\/\/www.instagram.com\/sorbetkiwi\/","https:\/\/www.tiktok.com\/sorbetkiwi"]},{"@type":"Person","@id":"https:\/\/sorbetkiwi.fr\/#\/schema\/person\/ed1b7b527a2957ddc3bf38b076540659","name":"Sorbet-Kiwi","image":{"@type":"ImageObject","inLanguage":"fr-FR","@id":"https:\/\/secure.gravatar.com\/avatar\/86f0a5c27d76317621b9e374d0f3a01d3a85278f10d0c7207ced4fd773057442?s=96&d=mm&r=g","url":"https:\/\/secure.gravatar.com\/avatar\/86f0a5c27d76317621b9e374d0f3a01d3a85278f10d0c7207ced4fd773057442?s=96&d=mm&r=g","contentUrl":"https:\/\/secure.gravatar.com\/avatar\/86f0a5c27d76317621b9e374d0f3a01d3a85278f10d0c7207ced4fd773057442?s=96&d=mm&r=g","caption":"Sorbet-Kiwi"},"sameAs":["http:\/\/sorbetkiwi.fr"],"url":"https:\/\/sorbetkiwi.fr\/index.php\/author\/admin7717\/"}]}},"_links":{"self":[{"href":"https:\/\/sorbetkiwi.fr\/index.php\/wp-json\/wp\/v2\/posts\/3311","targetHints":{"allow":["GET"]}}],"collection":[{"href":"https:\/\/sorbetkiwi.fr\/index.php\/wp-json\/wp\/v2\/posts"}],"about":[{"href":"https:\/\/sorbetkiwi.fr\/index.php\/wp-json\/wp\/v2\/types\/post"}],"author":[{"embeddable":true,"href":"https:\/\/sorbetkiwi.fr\/index.php\/wp-json\/wp\/v2\/users\/1"}],"replies":[{"embeddable":true,"href":"https:\/\/sorbetkiwi.fr\/index.php\/wp-json\/wp\/v2\/comments?post=3311"}],"version-history":[{"count":9,"href":"https:\/\/sorbetkiwi.fr\/index.php\/wp-json\/wp\/v2\/posts\/3311\/revisions"}],"predecessor-version":[{"id":3321,"href":"https:\/\/sorbetkiwi.fr\/index.php\/wp-json\/wp\/v2\/posts\/3311\/revisions\/3321"}],"wp:featuredmedia":[{"embeddable":true,"href":"https:\/\/sorbetkiwi.fr\/index.php\/wp-json\/wp\/v2\/media\/3312"}],"wp:attachment":[{"href":"https:\/\/sorbetkiwi.fr\/index.php\/wp-json\/wp\/v2\/media?parent=3311"}],"wp:term":[{"taxonomy":"category","embeddable":true,"href":"https:\/\/sorbetkiwi.fr\/index.php\/wp-json\/wp\/v2\/categories?post=3311"},{"taxonomy":"post_tag","embeddable":true,"href":"https:\/\/sorbetkiwi.fr\/index.php\/wp-json\/wp\/v2\/tags?post=3311"}],"curies":[{"name":"wp","href":"https:\/\/api.w.org\/{rel}","templated":true}]}}