{"id":3250,"date":"2023-07-11T07:00:00","date_gmt":"2023-07-11T05:00:00","guid":{"rendered":"https:\/\/sorbetkiwi.fr\/?p=3250"},"modified":"2023-07-09T12:53:43","modified_gmt":"2023-07-09T10:53:43","slug":"la-voleuse-de-chocolat-de-beka-et-marko","status":"publish","type":"post","link":"https:\/\/sorbetkiwi.fr\/index.php\/la-voleuse-de-chocolat-de-beka-et-marko\/","title":{"rendered":"La voleuse de chocolat de B\u00e9ka et Marko"},"content":{"rendered":"\t\t<div data-elementor-type=\"wp-post\" data-elementor-id=\"3250\" class=\"elementor elementor-3250\">\n\t\t\t\t\t\t<section class=\"elementor-section elementor-top-section elementor-element elementor-element-376d8629 elementor-section-boxed elementor-section-height-default elementor-section-height-default\" data-id=\"376d8629\" data-element_type=\"section\" data-e-type=\"section\">\n\t\t\t\t\t\t<div class=\"elementor-container elementor-column-gap-default\">\n\t\t\t\t\t<div class=\"elementor-column elementor-col-100 elementor-top-column elementor-element elementor-element-562779e1\" data-id=\"562779e1\" data-element_type=\"column\" data-e-type=\"column\">\n\t\t\t<div class=\"elementor-widget-wrap elementor-element-populated\">\n\t\t\t\t\t\t<div class=\"elementor-element elementor-element-49e521a6 elementor-widget elementor-widget-heading\" data-id=\"49e521a6\" data-element_type=\"widget\" data-e-type=\"widget\" data-widget_type=\"heading.default\">\n\t\t\t\t<div class=\"elementor-widget-container\">\n\t\t\t\t\t<h1 class=\"elementor-heading-title elementor-size-medium\">La voleuse de chocolat <\/h1>\t\t\t\t<\/div>\n\t\t\t\t<\/div>\n\t\t\t\t<div class=\"elementor-element elementor-element-78f1791d elementor-view-default elementor-widget elementor-widget-icon\" data-id=\"78f1791d\" data-element_type=\"widget\" data-e-type=\"widget\" data-widget_type=\"icon.default\">\n\t\t\t\t<div class=\"elementor-widget-container\">\n\t\t\t\t\t\t\t<div class=\"elementor-icon-wrapper\">\n\t\t\t<div class=\"elementor-icon\">\n\t\t\t<i aria-hidden=\"true\" class=\"fas fa-cocktail\"><\/i>\t\t\t<\/div>\n\t\t<\/div>\n\t\t\t\t\t\t<\/div>\n\t\t\t\t<\/div>\n\t\t\t\t<div class=\"elementor-element elementor-element-4f7d12ce elementor-widget-divider--view-line elementor-widget elementor-widget-divider\" data-id=\"4f7d12ce\" data-element_type=\"widget\" data-e-type=\"widget\" data-widget_type=\"divider.default\">\n\t\t\t\t<div class=\"elementor-widget-container\">\n\t\t\t\t\t\t\t<div class=\"elementor-divider\">\n\t\t\t<span class=\"elementor-divider-separator\">\n\t\t\t\t\t\t<\/span>\n\t\t<\/div>\n\t\t\t\t\t\t<\/div>\n\t\t\t\t<\/div>\n\t\t\t\t<div class=\"elementor-element elementor-element-5208b74f elementor-widget elementor-widget-heading\" data-id=\"5208b74f\" data-element_type=\"widget\" data-e-type=\"widget\" data-widget_type=\"heading.default\">\n\t\t\t\t<div class=\"elementor-widget-container\">\n\t\t\t\t\t<h2 class=\"elementor-heading-title elementor-size-medium\">R\u00e9sum\u00e9<\/h2>\t\t\t\t<\/div>\n\t\t\t\t<\/div>\n\t\t\t\t<div class=\"elementor-element elementor-element-25d473fb elementor-widget elementor-widget-text-editor\" data-id=\"25d473fb\" data-element_type=\"widget\" data-e-type=\"widget\" data-widget_type=\"text-editor.default\">\n\t\t\t\t<div class=\"elementor-widget-container\">\n\t\t\t\t\t\t\t\t\t<p>De la cordill\u00e8re des Andes \u00e0 la for\u00eat amazonienne, ce quatri\u00e8me tome de G\u00e9o BD est une incroyable exp\u00e9dition, \u00e0 la d\u00e9couverte des myst\u00e8res du cacao.<br \/>Est\u00e9ban un jeune gar\u00e7on \u00e9quatorien, part avec son oncle au coeur de la for\u00eat vierge amazonienne, \u00e0 la recherche d&rsquo;une f\u00e8ve de cacao rare et pr\u00e9cieuse. Ils devront pour cela se rendre au coeur du territoire des Indiens Shuars, autrefois appel\u00e9s \u00ab Jivaros \u00bb, les terribles r\u00e9ducteurs de t\u00eate. Est\u00e9ban fera la connaissance de la jeune Selva, apprentie chaman, et, ensemble, ils devront d\u00e9jouer les plans de la terrible Voleuse de chocolat qui r\u00eave de s&#8217;emparer du pr\u00e9cieux cacao.<br \/>De l&rsquo;aventure et du myst\u00e8re au coeur de la for\u00eat amazonienne : un beau voyage initiatique sur les traces de la fabrication du cacao.<\/p>\t\t\t\t\t\t\t\t<\/div>\n\t\t\t\t<\/div>\n\t\t\t\t<div class=\"elementor-element elementor-element-44b06212 elementor-widget-divider--view-line elementor-widget elementor-widget-divider\" data-id=\"44b06212\" data-element_type=\"widget\" data-e-type=\"widget\" data-widget_type=\"divider.default\">\n\t\t\t\t<div class=\"elementor-widget-container\">\n\t\t\t\t\t\t\t<div class=\"elementor-divider\">\n\t\t\t<span class=\"elementor-divider-separator\">\n\t\t\t\t\t\t<\/span>\n\t\t<\/div>\n\t\t\t\t\t\t<\/div>\n\t\t\t\t<\/div>\n\t\t\t\t<div class=\"elementor-element elementor-element-1d8376f1 elementor-widget elementor-widget-heading\" data-id=\"1d8376f1\" data-element_type=\"widget\" data-e-type=\"widget\" data-widget_type=\"heading.default\">\n\t\t\t\t<div class=\"elementor-widget-container\">\n\t\t\t\t\t<h2 class=\"elementor-heading-title elementor-size-medium\">Ma note<\/h2>\t\t\t\t<\/div>\n\t\t\t\t<\/div>\n\t\t\t\t<div class=\"elementor-element elementor-element-49206c09 elementor-star-rating--align-center elementor--star-style-star_fontawesome elementor-widget elementor-widget-star-rating\" data-id=\"49206c09\" data-element_type=\"widget\" data-e-type=\"widget\" data-widget_type=\"star-rating.default\">\n\t\t\t\t<div class=\"elementor-widget-container\">\n\t\t\t\t\t\t\t<div class=\"elementor-star-rating__wrapper\">\n\t\t\t\t\t\t<div class=\"elementor-star-rating\" itemtype=\"http:\/\/schema.org\/Rating\" itemscope=\"\" itemprop=\"reviewRating\">\n\t\t\t\t<i class=\"elementor-star-full\" aria-hidden=\"true\">&#xE934;<\/i><i class=\"elementor-star-full\" aria-hidden=\"true\">&#xE934;<\/i><i class=\"elementor-star-full\" aria-hidden=\"true\">&#xE934;<\/i><i class=\"elementor-star-empty\" aria-hidden=\"true\">&#xE934;<\/i><i class=\"elementor-star-empty\" aria-hidden=\"true\">&#xE934;<\/i>\t\t\t\t<span itemprop=\"ratingValue\" class=\"elementor-screen-only\">Not\u00e9 3 sur 5<\/span>\n\t\t\t<\/div>\n\t\t<\/div>\n\t\t\t\t\t\t<\/div>\n\t\t\t\t<\/div>\n\t\t\t\t<div class=\"elementor-element elementor-element-6277d710 elementor-widget-divider--view-line elementor-widget elementor-widget-divider\" data-id=\"6277d710\" data-element_type=\"widget\" data-e-type=\"widget\" data-widget_type=\"divider.default\">\n\t\t\t\t<div class=\"elementor-widget-container\">\n\t\t\t\t\t\t\t<div class=\"elementor-divider\">\n\t\t\t<span class=\"elementor-divider-separator\">\n\t\t\t\t\t\t<\/span>\n\t\t<\/div>\n\t\t\t\t\t\t<\/div>\n\t\t\t\t<\/div>\n\t\t\t\t<div class=\"elementor-element elementor-element-5f9b122c elementor-widget elementor-widget-heading\" data-id=\"5f9b122c\" data-element_type=\"widget\" data-e-type=\"widget\" data-widget_type=\"heading.default\">\n\t\t\t\t<div class=\"elementor-widget-container\">\n\t\t\t\t\t<h2 class=\"elementor-heading-title elementor-size-medium\">Une BD jeunesse informative<\/h2>\t\t\t\t<\/div>\n\t\t\t\t<\/div>\n\t\t\t\t<div class=\"elementor-element elementor-element-1b0f4984 elementor-widget elementor-widget-text-editor\" data-id=\"1b0f4984\" data-element_type=\"widget\" data-e-type=\"widget\" data-widget_type=\"text-editor.default\">\n\t\t\t\t<div class=\"elementor-widget-container\">\n\t\t\t\t\t\t\t\t\t<p>Lorsque j&rsquo;ai vu cette couverture \u00e0 la <a href=\"https:\/\/sorbetkiwi.fr\/index.php\/category\/benevolat\/\">m\u00e9diath\u00e8que<\/a>, ainsi que la mention de Geo, j&rsquo;ai \u00e9t\u00e9 tr\u00e8s curieuse de La voleuse de chocolat. Une aventure en Equateur qui permet d&rsquo;en apprendre plus sur le traitement du cacao ? Je prends. Et c&rsquo;est en effet la vocation de cet album. Une BD jeunesse en partie informative sur la culture de ce fruit et sa chaine de production sur place (\u00e9thique et jolie, pas s\u00fbre que ce soit aussi bon enfant dans la r\u00e9alit\u00e9). C&rsquo;est en fait un r\u00e9cit manich\u00e9en entre les gentils \u00e9leveurs qui regardent des soaps sud-am\u00e9ricaines mielleuses et les vilains voleurs de cacao. Les braconniers vont aussi \u00eatre mentionn\u00e9s, notamment ceux de perroquets. Et la d\u00e9forestation est mentionn\u00e9e en une seule phrase.\u00a0<\/p>\t\t\t\t\t\t\t\t<\/div>\n\t\t\t\t<\/div>\n\t\t\t\t<div class=\"elementor-element elementor-element-51b10ac6 elementor-widget-divider--view-line elementor-widget elementor-widget-divider\" data-id=\"51b10ac6\" data-element_type=\"widget\" data-e-type=\"widget\" data-widget_type=\"divider.default\">\n\t\t\t\t<div class=\"elementor-widget-container\">\n\t\t\t\t\t\t\t<div class=\"elementor-divider\">\n\t\t\t<span class=\"elementor-divider-separator\">\n\t\t\t\t\t\t<\/span>\n\t\t<\/div>\n\t\t\t\t\t\t<\/div>\n\t\t\t\t<\/div>\n\t\t\t\t<div class=\"elementor-element elementor-element-15229a16 elementor-widget elementor-widget-heading\" data-id=\"15229a16\" data-element_type=\"widget\" data-e-type=\"widget\" data-widget_type=\"heading.default\">\n\t\t\t\t<div class=\"elementor-widget-container\">\n\t\t\t\t\t<h4 class=\"elementor-heading-title elementor-size-medium\">\"Qu'est-ce qu vous voulez ? Cette question, on veut du chocolat.\"<\/h4>\t\t\t\t<\/div>\n\t\t\t\t<\/div>\n\t\t\t\t<div class=\"elementor-element elementor-element-146f9f9d elementor-widget-divider--view-line elementor-widget elementor-widget-divider\" data-id=\"146f9f9d\" data-element_type=\"widget\" data-e-type=\"widget\" data-widget_type=\"divider.default\">\n\t\t\t\t<div class=\"elementor-widget-container\">\n\t\t\t\t\t\t\t<div class=\"elementor-divider\">\n\t\t\t<span class=\"elementor-divider-separator\">\n\t\t\t\t\t\t<\/span>\n\t\t<\/div>\n\t\t\t\t\t\t<\/div>\n\t\t\t\t<\/div>\n\t\t\t\t<div class=\"elementor-element elementor-element-56da3314 elementor-widget elementor-widget-heading\" data-id=\"56da3314\" data-element_type=\"widget\" data-e-type=\"widget\" data-widget_type=\"heading.default\">\n\t\t\t\t<div class=\"elementor-widget-container\">\n\t\t\t\t\t<h2 class=\"elementor-heading-title elementor-size-medium\">Gros point noir<\/h2>\t\t\t\t<\/div>\n\t\t\t\t<\/div>\n\t\t\t\t<div class=\"elementor-element elementor-element-7a8e3ea5 elementor-widget elementor-widget-text-editor\" data-id=\"7a8e3ea5\" data-element_type=\"widget\" data-e-type=\"widget\" data-widget_type=\"text-editor.default\">\n\t\t\t\t<div class=\"elementor-widget-container\">\n\t\t\t\t\t\t\t\t\t<p>La <a href=\"https:\/\/www.dargaud.com\/bd\/geo-bd\">collection Geo BD<\/a> se d\u00e9finie ainsi : \u00ab\u00a0Une collection de BD d&rsquo;aventures pour d\u00e9couvrir le monde\u00a0\u00bb. Il n&rsquo;y a aucun doute pour moi que cela plairait \u00e0 mon filleul de 9 ans, dans l&rsquo;id\u00e9e. C&rsquo;est rapide, efficace, fun et dynamique tout en permettant aux enfants d&rsquo;en apprendre plus. Mais j&rsquo;ai un gros b\u00e9mol \u00e0 souligner. Je reproche vraiment \u00e0 l&rsquo;histoire la romance entre les deux enfants. Je la trouvais inutile et de fait inappropri\u00e9e. Ils auraient tout \u00e0 fait pu avoir une jolie amiti\u00e9 gar\u00e7on-fille mais non. Il a fallut que ce soit une romance. Pourquoi ? Je n&rsquo;arrive pas \u00e0 saisir l&rsquo;int\u00e9r\u00eat pour le r\u00e9cit.\u00a0<\/p>\t\t\t\t\t\t\t\t<\/div>\n\t\t\t\t<\/div>\n\t\t\t\t<div class=\"elementor-element elementor-element-393ab8bd elementor-widget-divider--view-line elementor-widget elementor-widget-divider\" data-id=\"393ab8bd\" data-element_type=\"widget\" data-e-type=\"widget\" data-widget_type=\"divider.default\">\n\t\t\t\t<div class=\"elementor-widget-container\">\n\t\t\t\t\t\t\t<div class=\"elementor-divider\">\n\t\t\t<span class=\"elementor-divider-separator\">\n\t\t\t\t\t\t<\/span>\n\t\t<\/div>\n\t\t\t\t\t\t<\/div>\n\t\t\t\t<\/div>\n\t\t\t\t<div class=\"elementor-element elementor-element-1675c79e elementor-widget elementor-widget-heading\" data-id=\"1675c79e\" data-element_type=\"widget\" data-e-type=\"widget\" data-widget_type=\"heading.default\">\n\t\t\t\t<div class=\"elementor-widget-container\">\n\t\t\t\t\t<h2 class=\"elementor-heading-title elementor-size-medium\">A la d\u00e9couverte du pays<\/h2>\t\t\t\t<\/div>\n\t\t\t\t<\/div>\n\t\t\t\t<div class=\"elementor-element elementor-element-5979b1a5 elementor-widget elementor-widget-text-editor\" data-id=\"5979b1a5\" data-element_type=\"widget\" data-e-type=\"widget\" data-widget_type=\"text-editor.default\">\n\t\t\t\t<div class=\"elementor-widget-container\">\n\t\t\t\t\t\t\t\t\t<p>Bon, cela dit, l&rsquo;album permet de se d\u00e9couvrir le pays \u00e0 travers ses pages. Est-ce que c&rsquo;est r\u00e9aliste ? J&rsquo;ose l&rsquo;esp\u00e9rer un minimum. Les diff\u00e9rents paysages du pays se d\u00e9voilent au fil des pages \u00e0 travers l&rsquo;aventure. Les lamas sur les flancs de montagnes, le volcan et les chercheurs qui l&rsquo;observent, les autochtones et notamment les chamanes de la jungle qui ont une grande place dans l&rsquo;histoire. La voleuse de chocolat reprend le principe du strip humoristique pour enfants avec les m\u00e9chants stupides, qui tombent dans l&rsquo;absurde, et les enfants qui sauvent la partie des adultes idiots. C&rsquo;est un format qui pla\u00eet beaucoup, mais je ne me remets pas de la romance des enfants, alors je reste d\u00e9\u00e7ue de ma lecture.\u00a0<\/p>\t\t\t\t\t\t\t\t<\/div>\n\t\t\t\t<\/div>\n\t\t\t\t\t<\/div>\n\t\t<\/div>\n\t\t\t\t\t<\/div>\n\t\t<\/section>\n\t\t\t\t<\/div>\n\t\t","protected":false},"excerpt":{"rendered":"<p>La voleuse de chocolat R\u00e9sum\u00e9 De la cordill\u00e8re des Andes \u00e0 la for\u00eat amazonienne, ce quatri\u00e8me tome de G\u00e9o BD est une incroyable exp\u00e9dition, \u00e0 la d\u00e9couverte des myst\u00e8res du cacao. Est\u00e9ban un jeune gar\u00e7on &hellip; <\/p>\n","protected":false},"author":1,"featured_media":3266,"comment_status":"open","ping_status":"open","sticky":false,"template":"","format":"standard","meta":{"footnotes":""},"categories":[7,14,1],"tags":[80,79,296,873,468,121,874,872,852,877],"class_list":["post-3250","post","type-post","status-publish","format-standard","has-post-thumbnail","hentry","category-benevolat","category-l-ete","category-tout-le-blog","tag-bande-dessinee","tag-bd","tag-bd-du-mardi","tag-beka","tag-dargaud","tag-editions-dargaud","tag-geo-bd","tag-la-voleuse-de-chocolat","tag-mardi","tag-marko","has-single-img"],"yoast_head":"<!-- This site is optimized with the Yoast SEO plugin v27.4 - https:\/\/yoast.com\/product\/yoast-seo-wordpress\/ -->\n<title>La voleuse de chocolat de B\u00e9ka et Marko - Sorbet Kiwi<\/title>\n<meta name=\"description\" content=\"Ma chronique de La voleuse de chocolat, dans la collection G\u00e9o BD, de B\u00e9ka et Marko, publi\u00e9 aux \u00e9ditions Dargaud en 2015.\" \/>\n<meta name=\"robots\" content=\"index, follow, max-snippet:-1, max-image-preview:large, max-video-preview:-1\" \/>\n<link rel=\"canonical\" href=\"https:\/\/sorbetkiwi.fr\/index.php\/la-voleuse-de-chocolat-de-beka-et-marko\/\" \/>\n<meta property=\"og:locale\" content=\"fr_FR\" \/>\n<meta property=\"og:type\" content=\"article\" \/>\n<meta property=\"og:title\" content=\"La voleuse de chocolat de B\u00e9ka et Marko - Sorbet Kiwi\" \/>\n<meta property=\"og:description\" content=\"Ma chronique de La voleuse de chocolat, dans la collection G\u00e9o BD, de B\u00e9ka et Marko, publi\u00e9 aux \u00e9ditions Dargaud en 2015.\" \/>\n<meta property=\"og:url\" content=\"https:\/\/sorbetkiwi.fr\/index.php\/la-voleuse-de-chocolat-de-beka-et-marko\/\" \/>\n<meta property=\"og:site_name\" content=\"Sorbet Kiwi\" \/>\n<meta property=\"article:publisher\" content=\"https:\/\/www.facebook.com\/profile.php?id=100086238893269\" \/>\n<meta property=\"article:published_time\" content=\"2023-07-11T05:00:00+00:00\" \/>\n<meta property=\"og:image\" content=\"https:\/\/sorbetkiwi.fr\/wp-content\/uploads\/2023\/07\/La-voleuse-de-Chocolat-Beka-et-Marko-scaled.jpg\" \/>\n\t<meta property=\"og:image:width\" content=\"1920\" \/>\n\t<meta property=\"og:image:height\" content=\"2560\" \/>\n\t<meta property=\"og:image:type\" content=\"image\/jpeg\" \/>\n<meta name=\"author\" content=\"Sorbet-Kiwi\" \/>\n<meta name=\"twitter:card\" content=\"summary_large_image\" \/>\n<meta name=\"twitter:creator\" content=\"@pepparshoes\" \/>\n<meta name=\"twitter:site\" content=\"@pepparshoes\" \/>\n<meta name=\"twitter:label1\" content=\"\u00c9crit par\" \/>\n\t<meta name=\"twitter:data1\" content=\"Sorbet-Kiwi\" \/>\n\t<meta name=\"twitter:label2\" content=\"Dur\u00e9e de lecture estim\u00e9e\" \/>\n\t<meta name=\"twitter:data2\" content=\"3 minutes\" \/>\n<script type=\"application\/ld+json\" class=\"yoast-schema-graph\">{\"@context\":\"https:\\\/\\\/schema.org\",\"@graph\":[{\"@type\":\"Article\",\"@id\":\"https:\\\/\\\/sorbetkiwi.fr\\\/index.php\\\/la-voleuse-de-chocolat-de-beka-et-marko\\\/#article\",\"isPartOf\":{\"@id\":\"https:\\\/\\\/sorbetkiwi.fr\\\/index.php\\\/la-voleuse-de-chocolat-de-beka-et-marko\\\/\"},\"author\":{\"name\":\"Sorbet-Kiwi\",\"@id\":\"https:\\\/\\\/sorbetkiwi.fr\\\/#\\\/schema\\\/person\\\/ed1b7b527a2957ddc3bf38b076540659\"},\"headline\":\"La voleuse de chocolat de B\u00e9ka et Marko\",\"datePublished\":\"2023-07-11T05:00:00+00:00\",\"mainEntityOfPage\":{\"@id\":\"https:\\\/\\\/sorbetkiwi.fr\\\/index.php\\\/la-voleuse-de-chocolat-de-beka-et-marko\\\/\"},\"wordCount\":580,\"commentCount\":4,\"publisher\":{\"@id\":\"https:\\\/\\\/sorbetkiwi.fr\\\/#organization\"},\"image\":{\"@id\":\"https:\\\/\\\/sorbetkiwi.fr\\\/index.php\\\/la-voleuse-de-chocolat-de-beka-et-marko\\\/#primaryimage\"},\"thumbnailUrl\":\"https:\\\/\\\/sorbetkiwi.fr\\\/wp-content\\\/uploads\\\/2023\\\/07\\\/La-voleuse-de-Chocolat-Beka-et-Marko-scaled.jpg\",\"keywords\":[\"Bande dessin\u00e9e\",\"BD\",\"BD du mardi\",\"B\u00e9ka\",\"Dargaud\",\"Editions Dargaud\",\"G\u00e9o BD\",\"La voleuse de chocolat\",\"mardi\",\"Marko\"],\"articleSection\":[\"B\u00e9n\u00e9volat\",\"L'\u00e9t\u00e9\",\"Tout le blog\"],\"inLanguage\":\"fr-FR\",\"potentialAction\":[{\"@type\":\"CommentAction\",\"name\":\"Comment\",\"target\":[\"https:\\\/\\\/sorbetkiwi.fr\\\/index.php\\\/la-voleuse-de-chocolat-de-beka-et-marko\\\/#respond\"]}]},{\"@type\":\"WebPage\",\"@id\":\"https:\\\/\\\/sorbetkiwi.fr\\\/index.php\\\/la-voleuse-de-chocolat-de-beka-et-marko\\\/\",\"url\":\"https:\\\/\\\/sorbetkiwi.fr\\\/index.php\\\/la-voleuse-de-chocolat-de-beka-et-marko\\\/\",\"name\":\"La voleuse de chocolat de B\u00e9ka et Marko - Sorbet Kiwi\",\"isPartOf\":{\"@id\":\"https:\\\/\\\/sorbetkiwi.fr\\\/#website\"},\"primaryImageOfPage\":{\"@id\":\"https:\\\/\\\/sorbetkiwi.fr\\\/index.php\\\/la-voleuse-de-chocolat-de-beka-et-marko\\\/#primaryimage\"},\"image\":{\"@id\":\"https:\\\/\\\/sorbetkiwi.fr\\\/index.php\\\/la-voleuse-de-chocolat-de-beka-et-marko\\\/#primaryimage\"},\"thumbnailUrl\":\"https:\\\/\\\/sorbetkiwi.fr\\\/wp-content\\\/uploads\\\/2023\\\/07\\\/La-voleuse-de-Chocolat-Beka-et-Marko-scaled.jpg\",\"datePublished\":\"2023-07-11T05:00:00+00:00\",\"description\":\"Ma chronique de La voleuse de chocolat, dans la collection G\u00e9o BD, de B\u00e9ka et Marko, publi\u00e9 aux \u00e9ditions Dargaud en 2015.\",\"breadcrumb\":{\"@id\":\"https:\\\/\\\/sorbetkiwi.fr\\\/index.php\\\/la-voleuse-de-chocolat-de-beka-et-marko\\\/#breadcrumb\"},\"inLanguage\":\"fr-FR\",\"potentialAction\":[{\"@type\":\"ReadAction\",\"target\":[\"https:\\\/\\\/sorbetkiwi.fr\\\/index.php\\\/la-voleuse-de-chocolat-de-beka-et-marko\\\/\"]}]},{\"@type\":\"ImageObject\",\"inLanguage\":\"fr-FR\",\"@id\":\"https:\\\/\\\/sorbetkiwi.fr\\\/index.php\\\/la-voleuse-de-chocolat-de-beka-et-marko\\\/#primaryimage\",\"url\":\"https:\\\/\\\/sorbetkiwi.fr\\\/wp-content\\\/uploads\\\/2023\\\/07\\\/La-voleuse-de-Chocolat-Beka-et-Marko-scaled.jpg\",\"contentUrl\":\"https:\\\/\\\/sorbetkiwi.fr\\\/wp-content\\\/uploads\\\/2023\\\/07\\\/La-voleuse-de-Chocolat-Beka-et-Marko-scaled.jpg\",\"width\":1920,\"height\":2560,\"caption\":\"La voleuse de Chocolat Beka et Marko\"},{\"@type\":\"BreadcrumbList\",\"@id\":\"https:\\\/\\\/sorbetkiwi.fr\\\/index.php\\\/la-voleuse-de-chocolat-de-beka-et-marko\\\/#breadcrumb\",\"itemListElement\":[{\"@type\":\"ListItem\",\"position\":1,\"name\":\"Accueil\",\"item\":\"https:\\\/\\\/sorbetkiwi.fr\\\/\"},{\"@type\":\"ListItem\",\"position\":2,\"name\":\"La voleuse de chocolat de B\u00e9ka et Marko\"}]},{\"@type\":\"WebSite\",\"@id\":\"https:\\\/\\\/sorbetkiwi.fr\\\/#website\",\"url\":\"https:\\\/\\\/sorbetkiwi.fr\\\/\",\"name\":\"Sorbet Kiwi\",\"description\":\"Des lectures th\u00e9matiques par saison et les avis qui vont avec\",\"publisher\":{\"@id\":\"https:\\\/\\\/sorbetkiwi.fr\\\/#organization\"},\"potentialAction\":[{\"@type\":\"SearchAction\",\"target\":{\"@type\":\"EntryPoint\",\"urlTemplate\":\"https:\\\/\\\/sorbetkiwi.fr\\\/?s={search_term_string}\"},\"query-input\":{\"@type\":\"PropertyValueSpecification\",\"valueRequired\":true,\"valueName\":\"search_term_string\"}}],\"inLanguage\":\"fr-FR\"},{\"@type\":\"Organization\",\"@id\":\"https:\\\/\\\/sorbetkiwi.fr\\\/#organization\",\"name\":\"Sorbet Kiwi\",\"url\":\"https:\\\/\\\/sorbetkiwi.fr\\\/\",\"logo\":{\"@type\":\"ImageObject\",\"inLanguage\":\"fr-FR\",\"@id\":\"https:\\\/\\\/sorbetkiwi.fr\\\/#\\\/schema\\\/logo\\\/image\\\/\",\"url\":\"https:\\\/\\\/sorbetkiwi.fr\\\/wp-content\\\/uploads\\\/2022\\\/10\\\/Banniere-Sorbet-Kiwi-2022.jpg\",\"contentUrl\":\"https:\\\/\\\/sorbetkiwi.fr\\\/wp-content\\\/uploads\\\/2022\\\/10\\\/Banniere-Sorbet-Kiwi-2022.jpg\",\"width\":814,\"height\":401,\"caption\":\"Sorbet Kiwi\"},\"image\":{\"@id\":\"https:\\\/\\\/sorbetkiwi.fr\\\/#\\\/schema\\\/logo\\\/image\\\/\"},\"sameAs\":[\"https:\\\/\\\/www.facebook.com\\\/profile.php?id=100086238893269\",\"https:\\\/\\\/x.com\\\/pepparshoes\",\"https:\\\/\\\/www.instagram.com\\\/sorbetkiwi\\\/\",\"https:\\\/\\\/www.tiktok.com\\\/sorbetkiwi\"]},{\"@type\":\"Person\",\"@id\":\"https:\\\/\\\/sorbetkiwi.fr\\\/#\\\/schema\\\/person\\\/ed1b7b527a2957ddc3bf38b076540659\",\"name\":\"Sorbet-Kiwi\",\"image\":{\"@type\":\"ImageObject\",\"inLanguage\":\"fr-FR\",\"@id\":\"https:\\\/\\\/secure.gravatar.com\\\/avatar\\\/86f0a5c27d76317621b9e374d0f3a01d3a85278f10d0c7207ced4fd773057442?s=96&d=mm&r=g\",\"url\":\"https:\\\/\\\/secure.gravatar.com\\\/avatar\\\/86f0a5c27d76317621b9e374d0f3a01d3a85278f10d0c7207ced4fd773057442?s=96&d=mm&r=g\",\"contentUrl\":\"https:\\\/\\\/secure.gravatar.com\\\/avatar\\\/86f0a5c27d76317621b9e374d0f3a01d3a85278f10d0c7207ced4fd773057442?s=96&d=mm&r=g\",\"caption\":\"Sorbet-Kiwi\"},\"sameAs\":[\"http:\\\/\\\/sorbetkiwi.fr\"],\"url\":\"https:\\\/\\\/sorbetkiwi.fr\\\/index.php\\\/author\\\/admin7717\\\/\"}]}<\/script>\n<!-- \/ Yoast SEO plugin. -->","yoast_head_json":{"title":"La voleuse de chocolat de B\u00e9ka et Marko - Sorbet Kiwi","description":"Ma chronique de La voleuse de chocolat, dans la collection G\u00e9o BD, de B\u00e9ka et Marko, publi\u00e9 aux \u00e9ditions Dargaud en 2015.","robots":{"index":"index","follow":"follow","max-snippet":"max-snippet:-1","max-image-preview":"max-image-preview:large","max-video-preview":"max-video-preview:-1"},"canonical":"https:\/\/sorbetkiwi.fr\/index.php\/la-voleuse-de-chocolat-de-beka-et-marko\/","og_locale":"fr_FR","og_type":"article","og_title":"La voleuse de chocolat de B\u00e9ka et Marko - Sorbet Kiwi","og_description":"Ma chronique de La voleuse de chocolat, dans la collection G\u00e9o BD, de B\u00e9ka et Marko, publi\u00e9 aux \u00e9ditions Dargaud en 2015.","og_url":"https:\/\/sorbetkiwi.fr\/index.php\/la-voleuse-de-chocolat-de-beka-et-marko\/","og_site_name":"Sorbet Kiwi","article_publisher":"https:\/\/www.facebook.com\/profile.php?id=100086238893269","article_published_time":"2023-07-11T05:00:00+00:00","og_image":[{"width":1920,"height":2560,"url":"https:\/\/sorbetkiwi.fr\/wp-content\/uploads\/2023\/07\/La-voleuse-de-Chocolat-Beka-et-Marko-scaled.jpg","type":"image\/jpeg"}],"author":"Sorbet-Kiwi","twitter_card":"summary_large_image","twitter_creator":"@pepparshoes","twitter_site":"@pepparshoes","twitter_misc":{"\u00c9crit par":"Sorbet-Kiwi","Dur\u00e9e de lecture estim\u00e9e":"3 minutes"},"schema":{"@context":"https:\/\/schema.org","@graph":[{"@type":"Article","@id":"https:\/\/sorbetkiwi.fr\/index.php\/la-voleuse-de-chocolat-de-beka-et-marko\/#article","isPartOf":{"@id":"https:\/\/sorbetkiwi.fr\/index.php\/la-voleuse-de-chocolat-de-beka-et-marko\/"},"author":{"name":"Sorbet-Kiwi","@id":"https:\/\/sorbetkiwi.fr\/#\/schema\/person\/ed1b7b527a2957ddc3bf38b076540659"},"headline":"La voleuse de chocolat de B\u00e9ka et Marko","datePublished":"2023-07-11T05:00:00+00:00","mainEntityOfPage":{"@id":"https:\/\/sorbetkiwi.fr\/index.php\/la-voleuse-de-chocolat-de-beka-et-marko\/"},"wordCount":580,"commentCount":4,"publisher":{"@id":"https:\/\/sorbetkiwi.fr\/#organization"},"image":{"@id":"https:\/\/sorbetkiwi.fr\/index.php\/la-voleuse-de-chocolat-de-beka-et-marko\/#primaryimage"},"thumbnailUrl":"https:\/\/sorbetkiwi.fr\/wp-content\/uploads\/2023\/07\/La-voleuse-de-Chocolat-Beka-et-Marko-scaled.jpg","keywords":["Bande dessin\u00e9e","BD","BD du mardi","B\u00e9ka","Dargaud","Editions Dargaud","G\u00e9o BD","La voleuse de chocolat","mardi","Marko"],"articleSection":["B\u00e9n\u00e9volat","L'\u00e9t\u00e9","Tout le blog"],"inLanguage":"fr-FR","potentialAction":[{"@type":"CommentAction","name":"Comment","target":["https:\/\/sorbetkiwi.fr\/index.php\/la-voleuse-de-chocolat-de-beka-et-marko\/#respond"]}]},{"@type":"WebPage","@id":"https:\/\/sorbetkiwi.fr\/index.php\/la-voleuse-de-chocolat-de-beka-et-marko\/","url":"https:\/\/sorbetkiwi.fr\/index.php\/la-voleuse-de-chocolat-de-beka-et-marko\/","name":"La voleuse de chocolat de B\u00e9ka et Marko - Sorbet Kiwi","isPartOf":{"@id":"https:\/\/sorbetkiwi.fr\/#website"},"primaryImageOfPage":{"@id":"https:\/\/sorbetkiwi.fr\/index.php\/la-voleuse-de-chocolat-de-beka-et-marko\/#primaryimage"},"image":{"@id":"https:\/\/sorbetkiwi.fr\/index.php\/la-voleuse-de-chocolat-de-beka-et-marko\/#primaryimage"},"thumbnailUrl":"https:\/\/sorbetkiwi.fr\/wp-content\/uploads\/2023\/07\/La-voleuse-de-Chocolat-Beka-et-Marko-scaled.jpg","datePublished":"2023-07-11T05:00:00+00:00","description":"Ma chronique de La voleuse de chocolat, dans la collection G\u00e9o BD, de B\u00e9ka et Marko, publi\u00e9 aux \u00e9ditions Dargaud en 2015.","breadcrumb":{"@id":"https:\/\/sorbetkiwi.fr\/index.php\/la-voleuse-de-chocolat-de-beka-et-marko\/#breadcrumb"},"inLanguage":"fr-FR","potentialAction":[{"@type":"ReadAction","target":["https:\/\/sorbetkiwi.fr\/index.php\/la-voleuse-de-chocolat-de-beka-et-marko\/"]}]},{"@type":"ImageObject","inLanguage":"fr-FR","@id":"https:\/\/sorbetkiwi.fr\/index.php\/la-voleuse-de-chocolat-de-beka-et-marko\/#primaryimage","url":"https:\/\/sorbetkiwi.fr\/wp-content\/uploads\/2023\/07\/La-voleuse-de-Chocolat-Beka-et-Marko-scaled.jpg","contentUrl":"https:\/\/sorbetkiwi.fr\/wp-content\/uploads\/2023\/07\/La-voleuse-de-Chocolat-Beka-et-Marko-scaled.jpg","width":1920,"height":2560,"caption":"La voleuse de Chocolat Beka et Marko"},{"@type":"BreadcrumbList","@id":"https:\/\/sorbetkiwi.fr\/index.php\/la-voleuse-de-chocolat-de-beka-et-marko\/#breadcrumb","itemListElement":[{"@type":"ListItem","position":1,"name":"Accueil","item":"https:\/\/sorbetkiwi.fr\/"},{"@type":"ListItem","position":2,"name":"La voleuse de chocolat de B\u00e9ka et Marko"}]},{"@type":"WebSite","@id":"https:\/\/sorbetkiwi.fr\/#website","url":"https:\/\/sorbetkiwi.fr\/","name":"Sorbet Kiwi","description":"Des lectures th\u00e9matiques par saison et les avis qui vont avec","publisher":{"@id":"https:\/\/sorbetkiwi.fr\/#organization"},"potentialAction":[{"@type":"SearchAction","target":{"@type":"EntryPoint","urlTemplate":"https:\/\/sorbetkiwi.fr\/?s={search_term_string}"},"query-input":{"@type":"PropertyValueSpecification","valueRequired":true,"valueName":"search_term_string"}}],"inLanguage":"fr-FR"},{"@type":"Organization","@id":"https:\/\/sorbetkiwi.fr\/#organization","name":"Sorbet Kiwi","url":"https:\/\/sorbetkiwi.fr\/","logo":{"@type":"ImageObject","inLanguage":"fr-FR","@id":"https:\/\/sorbetkiwi.fr\/#\/schema\/logo\/image\/","url":"https:\/\/sorbetkiwi.fr\/wp-content\/uploads\/2022\/10\/Banniere-Sorbet-Kiwi-2022.jpg","contentUrl":"https:\/\/sorbetkiwi.fr\/wp-content\/uploads\/2022\/10\/Banniere-Sorbet-Kiwi-2022.jpg","width":814,"height":401,"caption":"Sorbet Kiwi"},"image":{"@id":"https:\/\/sorbetkiwi.fr\/#\/schema\/logo\/image\/"},"sameAs":["https:\/\/www.facebook.com\/profile.php?id=100086238893269","https:\/\/x.com\/pepparshoes","https:\/\/www.instagram.com\/sorbetkiwi\/","https:\/\/www.tiktok.com\/sorbetkiwi"]},{"@type":"Person","@id":"https:\/\/sorbetkiwi.fr\/#\/schema\/person\/ed1b7b527a2957ddc3bf38b076540659","name":"Sorbet-Kiwi","image":{"@type":"ImageObject","inLanguage":"fr-FR","@id":"https:\/\/secure.gravatar.com\/avatar\/86f0a5c27d76317621b9e374d0f3a01d3a85278f10d0c7207ced4fd773057442?s=96&d=mm&r=g","url":"https:\/\/secure.gravatar.com\/avatar\/86f0a5c27d76317621b9e374d0f3a01d3a85278f10d0c7207ced4fd773057442?s=96&d=mm&r=g","contentUrl":"https:\/\/secure.gravatar.com\/avatar\/86f0a5c27d76317621b9e374d0f3a01d3a85278f10d0c7207ced4fd773057442?s=96&d=mm&r=g","caption":"Sorbet-Kiwi"},"sameAs":["http:\/\/sorbetkiwi.fr"],"url":"https:\/\/sorbetkiwi.fr\/index.php\/author\/admin7717\/"}]}},"_links":{"self":[{"href":"https:\/\/sorbetkiwi.fr\/index.php\/wp-json\/wp\/v2\/posts\/3250","targetHints":{"allow":["GET"]}}],"collection":[{"href":"https:\/\/sorbetkiwi.fr\/index.php\/wp-json\/wp\/v2\/posts"}],"about":[{"href":"https:\/\/sorbetkiwi.fr\/index.php\/wp-json\/wp\/v2\/types\/post"}],"author":[{"embeddable":true,"href":"https:\/\/sorbetkiwi.fr\/index.php\/wp-json\/wp\/v2\/users\/1"}],"replies":[{"embeddable":true,"href":"https:\/\/sorbetkiwi.fr\/index.php\/wp-json\/wp\/v2\/comments?post=3250"}],"version-history":[{"count":10,"href":"https:\/\/sorbetkiwi.fr\/index.php\/wp-json\/wp\/v2\/posts\/3250\/revisions"}],"predecessor-version":[{"id":3270,"href":"https:\/\/sorbetkiwi.fr\/index.php\/wp-json\/wp\/v2\/posts\/3250\/revisions\/3270"}],"wp:featuredmedia":[{"embeddable":true,"href":"https:\/\/sorbetkiwi.fr\/index.php\/wp-json\/wp\/v2\/media\/3266"}],"wp:attachment":[{"href":"https:\/\/sorbetkiwi.fr\/index.php\/wp-json\/wp\/v2\/media?parent=3250"}],"wp:term":[{"taxonomy":"category","embeddable":true,"href":"https:\/\/sorbetkiwi.fr\/index.php\/wp-json\/wp\/v2\/categories?post=3250"},{"taxonomy":"post_tag","embeddable":true,"href":"https:\/\/sorbetkiwi.fr\/index.php\/wp-json\/wp\/v2\/tags?post=3250"}],"curies":[{"name":"wp","href":"https:\/\/api.w.org\/{rel}","templated":true}]}}