{"id":3227,"date":"2023-07-13T07:00:00","date_gmt":"2023-07-13T05:00:00","guid":{"rendered":"https:\/\/sorbetkiwi.fr\/?p=3227"},"modified":"2023-07-09T11:17:10","modified_gmt":"2023-07-09T09:17:10","slug":"je-te-like-moi-non-plus-de-sophie-de-villenoisy","status":"publish","type":"post","link":"https:\/\/sorbetkiwi.fr\/index.php\/je-te-like-moi-non-plus-de-sophie-de-villenoisy\/","title":{"rendered":"Je te like moi non plus de Sophie de Villenoisy"},"content":{"rendered":"\t\t<div data-elementor-type=\"wp-post\" data-elementor-id=\"3227\" class=\"elementor elementor-3227\">\n\t\t\t\t\t\t<section class=\"elementor-section elementor-top-section elementor-element elementor-element-49f3a925 elementor-section-boxed elementor-section-height-default elementor-section-height-default\" data-id=\"49f3a925\" data-element_type=\"section\" data-e-type=\"section\">\n\t\t\t\t\t\t<div class=\"elementor-container elementor-column-gap-default\">\n\t\t\t\t\t<div class=\"elementor-column elementor-col-100 elementor-top-column elementor-element elementor-element-510a9e79\" data-id=\"510a9e79\" data-element_type=\"column\" data-e-type=\"column\">\n\t\t\t<div class=\"elementor-widget-wrap elementor-element-populated\">\n\t\t\t\t\t\t<div class=\"elementor-element elementor-element-35a8d3f8 elementor-widget elementor-widget-heading\" data-id=\"35a8d3f8\" data-element_type=\"widget\" data-e-type=\"widget\" data-widget_type=\"heading.default\">\n\t\t\t\t<div class=\"elementor-widget-container\">\n\t\t\t\t\t<h1 class=\"elementor-heading-title elementor-size-medium\">Je te like moi non plus Sophie de Villenoisy<\/h1>\t\t\t\t<\/div>\n\t\t\t\t<\/div>\n\t\t\t\t<div class=\"elementor-element elementor-element-755d1da9 elementor-view-default elementor-widget elementor-widget-icon\" data-id=\"755d1da9\" data-element_type=\"widget\" data-e-type=\"widget\" data-widget_type=\"icon.default\">\n\t\t\t\t<div class=\"elementor-widget-container\">\n\t\t\t\t\t\t\t<div class=\"elementor-icon-wrapper\">\n\t\t\t<div class=\"elementor-icon\">\n\t\t\t<i aria-hidden=\"true\" class=\"fas fa-cocktail\"><\/i>\t\t\t<\/div>\n\t\t<\/div>\n\t\t\t\t\t\t<\/div>\n\t\t\t\t<\/div>\n\t\t\t\t<div class=\"elementor-element elementor-element-5bbf1e9f elementor-widget-divider--view-line elementor-widget elementor-widget-divider\" data-id=\"5bbf1e9f\" data-element_type=\"widget\" data-e-type=\"widget\" data-widget_type=\"divider.default\">\n\t\t\t\t<div class=\"elementor-widget-container\">\n\t\t\t\t\t\t\t<div class=\"elementor-divider\">\n\t\t\t<span class=\"elementor-divider-separator\">\n\t\t\t\t\t\t<\/span>\n\t\t<\/div>\n\t\t\t\t\t\t<\/div>\n\t\t\t\t<\/div>\n\t\t\t\t<div class=\"elementor-element elementor-element-7c85669e elementor-widget elementor-widget-heading\" data-id=\"7c85669e\" data-element_type=\"widget\" data-e-type=\"widget\" data-widget_type=\"heading.default\">\n\t\t\t\t<div class=\"elementor-widget-container\">\n\t\t\t\t\t<h2 class=\"elementor-heading-title elementor-size-medium\">R\u00e9sum\u00e9<\/h2>\t\t\t\t<\/div>\n\t\t\t\t<\/div>\n\t\t\t\t<div class=\"elementor-element elementor-element-b2fb184 elementor-widget elementor-widget-text-editor\" data-id=\"b2fb184\" data-element_type=\"widget\" data-e-type=\"widget\" data-widget_type=\"text-editor.default\">\n\t\t\t\t<div class=\"elementor-widget-container\">\n\t\t\t\t\t\t\t\t\t<p>Amandine Doucet, jeune professeure de Fran\u00e7ais, se retrouve parachut\u00e9e dans un coll\u00e8ge sensible de banlieue parisienne. Sur place, le constat est sans appel : elle n\u2019a ni la bosse p\u00e9dagogique ni l\u2019autorit\u00e9 pour dompter ses \u00e9l\u00e8ves. Comment inculquer \u00e0 ses coll\u00e9giens le go\u00fbt des lettres quand les seuls mod\u00e8les qui les inspirent sont les stars de Youtube et d\u2019Instagram ? Amandine d\u00e9cide alors de s\u2019int\u00e9resser de plus pr\u00e8s \u00e0 l\u2019une de ces personnalit\u00e9s : Sandra Faitout, issue de la t\u00e9l\u00e9r\u00e9alit\u00e9, suivie par des millions d\u2019abonn\u00e9s. Elle ouvre un compte sur Twitter et rejoint les quelques haters qui harc\u00e8lent Sandra Faitout en publiant des tweets assassins. Sous couvert d\u2019anonymat, Amandine soigne ainsi son \u00e9go tout en se taillant une r\u00e9putation de vanneuse ! Mais ce don de m\u00e9disance qui vire au duel avec son ennemie virtuelle pourrait bien se retourner contre elle\u2026<\/p>\t\t\t\t\t\t\t\t<\/div>\n\t\t\t\t<\/div>\n\t\t\t\t<div class=\"elementor-element elementor-element-3c1a11fa elementor-widget-divider--view-line elementor-widget elementor-widget-divider\" data-id=\"3c1a11fa\" data-element_type=\"widget\" data-e-type=\"widget\" data-widget_type=\"divider.default\">\n\t\t\t\t<div class=\"elementor-widget-container\">\n\t\t\t\t\t\t\t<div class=\"elementor-divider\">\n\t\t\t<span class=\"elementor-divider-separator\">\n\t\t\t\t\t\t<\/span>\n\t\t<\/div>\n\t\t\t\t\t\t<\/div>\n\t\t\t\t<\/div>\n\t\t\t\t<div class=\"elementor-element elementor-element-13ba5a96 elementor-widget elementor-widget-heading\" data-id=\"13ba5a96\" data-element_type=\"widget\" data-e-type=\"widget\" data-widget_type=\"heading.default\">\n\t\t\t\t<div class=\"elementor-widget-container\">\n\t\t\t\t\t<h2 class=\"elementor-heading-title elementor-size-medium\">Ma note<\/h2>\t\t\t\t<\/div>\n\t\t\t\t<\/div>\n\t\t\t\t<div class=\"elementor-element elementor-element-34e9b20 elementor-star-rating--align-center elementor--star-style-star_fontawesome elementor-widget elementor-widget-star-rating\" data-id=\"34e9b20\" data-element_type=\"widget\" data-e-type=\"widget\" data-widget_type=\"star-rating.default\">\n\t\t\t\t<div class=\"elementor-widget-container\">\n\t\t\t\t\t\t\t<div class=\"elementor-star-rating__wrapper\">\n\t\t\t\t\t\t<div class=\"elementor-star-rating\" itemtype=\"http:\/\/schema.org\/Rating\" itemscope=\"\" itemprop=\"reviewRating\">\n\t\t\t\t<i class=\"elementor-star-full\" aria-hidden=\"true\">&#xE934;<\/i><i class=\"elementor-star-full\" aria-hidden=\"true\">&#xE934;<\/i><i class=\"elementor-star-full\" aria-hidden=\"true\">&#xE934;<\/i><i class=\"elementor-star-full\" aria-hidden=\"true\">&#xE934;<\/i><i class=\"elementor-star-empty\" aria-hidden=\"true\">&#xE934;<\/i>\t\t\t\t<span itemprop=\"ratingValue\" class=\"elementor-screen-only\">Not\u00e9 4 sur 5<\/span>\n\t\t\t<\/div>\n\t\t<\/div>\n\t\t\t\t\t\t<\/div>\n\t\t\t\t<\/div>\n\t\t\t\t<div class=\"elementor-element elementor-element-905df39 elementor-widget-divider--view-line elementor-widget elementor-widget-divider\" data-id=\"905df39\" data-element_type=\"widget\" data-e-type=\"widget\" data-widget_type=\"divider.default\">\n\t\t\t\t<div class=\"elementor-widget-container\">\n\t\t\t\t\t\t\t<div class=\"elementor-divider\">\n\t\t\t<span class=\"elementor-divider-separator\">\n\t\t\t\t\t\t<\/span>\n\t\t<\/div>\n\t\t\t\t\t\t<\/div>\n\t\t\t\t<\/div>\n\t\t\t\t<div class=\"elementor-element elementor-element-45bdb5e6 elementor-widget elementor-widget-heading\" data-id=\"45bdb5e6\" data-element_type=\"widget\" data-e-type=\"widget\" data-widget_type=\"heading.default\">\n\t\t\t\t<div class=\"elementor-widget-container\">\n\t\t\t\t\t<h2 class=\"elementor-heading-title elementor-size-medium\">Une r\u00e9flexion int\u00e9ressante<\/h2>\t\t\t\t<\/div>\n\t\t\t\t<\/div>\n\t\t\t\t<div class=\"elementor-element elementor-element-27e752c3 elementor-widget elementor-widget-text-editor\" data-id=\"27e752c3\" data-element_type=\"widget\" data-e-type=\"widget\" data-widget_type=\"text-editor.default\">\n\t\t\t\t<div class=\"elementor-widget-container\">\n\t\t\t\t\t\t\t\t\t<p>De Sophie de Villenoisy, j&rsquo;avais d\u00e9j\u00e0 lu <a href=\"https:\/\/sorbetkiwi.fr\/?s=Sophie+de+Villenoisy\">Courage, rions<\/a> ainsi que <a href=\"https:\/\/sorbetkiwi.wordpress.com\/2018\/01\/25\/joyeux-suicide-et-bonne-annee-de-sophie-de-villenoisy\/\">Joyeux Suicide et bonne ann\u00e9e<\/a>. Et les deux m&rsquo;avaient beaucoup plu ! J&rsquo;ai donc accept\u00e9 lorsque les \u00e9ditions Eyrolles m&rsquo;ont propos\u00e9 de d\u00e9couvrir Je te like moi non plus. J&rsquo;\u00e9tais tr\u00e8s curieuse du parti-pris de l&rsquo;autrice. Et il m&rsquo;a forc\u00e9ment fait r\u00e9fl\u00e9chir \u00e0 ce qui s&rsquo;est pass\u00e9 en France ces derni\u00e8res semaines, sans que cela soit volontaire du tout. Mais je dois dire que cela a mis quelques \u00e9l\u00e9ments en perspective pour moi, sous couvert de l&rsquo;humour caract\u00e9ristique et un peu cynique de l&rsquo;autrice. Parce que quelle consid\u00e9ration donne-t-on aux gens que l&rsquo;on d\u00e9clare \u00ab\u00a0moins\u00a0\u00bb que nous ? Moins intelligents, moins beaux, mois riches, moins civilis\u00e9s, et j&rsquo;en passe ? Alors, on fait quoi des personnes estampill\u00e9es \u00ab\u00a0cause perdue\u00a0\u00bb ? Et on fait quoi des Marseillais a Dubai ?\u00a0<\/p>\t\t\t\t\t\t\t\t<\/div>\n\t\t\t\t<\/div>\n\t\t\t\t<div class=\"elementor-element elementor-element-17fccf85 elementor-widget-divider--view-line elementor-widget elementor-widget-divider\" data-id=\"17fccf85\" data-element_type=\"widget\" data-e-type=\"widget\" data-widget_type=\"divider.default\">\n\t\t\t\t<div class=\"elementor-widget-container\">\n\t\t\t\t\t\t\t<div class=\"elementor-divider\">\n\t\t\t<span class=\"elementor-divider-separator\">\n\t\t\t\t\t\t<\/span>\n\t\t<\/div>\n\t\t\t\t\t\t<\/div>\n\t\t\t\t<\/div>\n\t\t\t\t<div class=\"elementor-element elementor-element-42aa5a94 elementor-widget elementor-widget-heading\" data-id=\"42aa5a94\" data-element_type=\"widget\" data-e-type=\"widget\" data-widget_type=\"heading.default\">\n\t\t\t\t<div class=\"elementor-widget-container\">\n\t\t\t\t\t<h4 class=\"elementor-heading-title elementor-size-medium\">\"Si je ne vous croise pas d'ici demain, passez de bonnes vacances ! Et t\u00e2chez de lire, n'oubliez pas que les biblioth\u00e8ques sont gratuites et ouvertes, sinon vous allez tous finir liposuc\u00e9s du cerveau comme notre amie !\"<\/h4>\t\t\t\t<\/div>\n\t\t\t\t<\/div>\n\t\t\t\t<div class=\"elementor-element elementor-element-5d6ef587 elementor-widget-divider--view-line elementor-widget elementor-widget-divider\" data-id=\"5d6ef587\" data-element_type=\"widget\" data-e-type=\"widget\" data-widget_type=\"divider.default\">\n\t\t\t\t<div class=\"elementor-widget-container\">\n\t\t\t\t\t\t\t<div class=\"elementor-divider\">\n\t\t\t<span class=\"elementor-divider-separator\">\n\t\t\t\t\t\t<\/span>\n\t\t<\/div>\n\t\t\t\t\t\t<\/div>\n\t\t\t\t<\/div>\n\t\t\t\t<div class=\"elementor-element elementor-element-1d59c20d elementor-widget elementor-widget-heading\" data-id=\"1d59c20d\" data-element_type=\"widget\" data-e-type=\"widget\" data-widget_type=\"heading.default\">\n\t\t\t\t<div class=\"elementor-widget-container\">\n\t\t\t\t\t<h2 class=\"elementor-heading-title elementor-size-medium\">De l'autre c\u00f4t\u00e9 de la toile, un humain<\/h2>\t\t\t\t<\/div>\n\t\t\t\t<\/div>\n\t\t\t\t<div class=\"elementor-element elementor-element-2a62e6c9 elementor-widget elementor-widget-text-editor\" data-id=\"2a62e6c9\" data-element_type=\"widget\" data-e-type=\"widget\" data-widget_type=\"text-editor.default\">\n\t\t\t\t<div class=\"elementor-widget-container\">\n\t\t\t\t\t\t\t\t\t<p>La diff\u00e9rence de point de vue entre Amandine et Sandra est assez percutante. J&rsquo;ai vraiment ressenti la d\u00e9shumanisation des deux c\u00f4t\u00e9s de la toile. Que ce soit l&rsquo;une ou l&rsquo;autre, la personne ne consid\u00e8re les gens plus qu&rsquo;\u00e0 travers un pseudo. Une photo qui pourrait aujourd&rsquo;hui m\u00eame \u00eatre g\u00e9n\u00e9r\u00e9e par une IA. Des \u00e9motions ? On ne retient plus que la col\u00e8re, sa propre aigreur. Elle prend toute la place. C&rsquo;est une fa\u00e7on de voir rouge, sauf que c&rsquo;est en bleu Twitter. Amandine va apprendre une belle le\u00e7on, elle va devenir comme ses \u00e9l\u00e8ves : celle qui ne se contente plus de ce qu&rsquo;elle a et observe ceux qui, en apparence tout du moins, ont tout. Et surtout, d&rsquo;apr\u00e8s elle, qui l&rsquo;ont sans l&rsquo;avoir m\u00e9rit\u00e9.\u00a0<\/p>\t\t\t\t\t\t\t\t<\/div>\n\t\t\t\t<\/div>\n\t\t\t\t<div class=\"elementor-element elementor-element-45d722eb elementor-widget-divider--view-line elementor-widget elementor-widget-divider\" data-id=\"45d722eb\" data-element_type=\"widget\" data-e-type=\"widget\" data-widget_type=\"divider.default\">\n\t\t\t\t<div class=\"elementor-widget-container\">\n\t\t\t\t\t\t\t<div class=\"elementor-divider\">\n\t\t\t<span class=\"elementor-divider-separator\">\n\t\t\t\t\t\t<\/span>\n\t\t<\/div>\n\t\t\t\t\t\t<\/div>\n\t\t\t\t<\/div>\n\t\t\t\t<div class=\"elementor-element elementor-element-689f5321 elementor-widget elementor-widget-heading\" data-id=\"689f5321\" data-element_type=\"widget\" data-e-type=\"widget\" data-widget_type=\"heading.default\">\n\t\t\t\t<div class=\"elementor-widget-container\">\n\t\t\t\t\t<h2 class=\"elementor-heading-title elementor-size-medium\">Peu cr\u00e9dible mais percutant<\/h2>\t\t\t\t<\/div>\n\t\t\t\t<\/div>\n\t\t\t\t<div class=\"elementor-element elementor-element-14e1f375 elementor-widget elementor-widget-text-editor\" data-id=\"14e1f375\" data-element_type=\"widget\" data-e-type=\"widget\" data-widget_type=\"text-editor.default\">\n\t\t\t\t<div class=\"elementor-widget-container\">\n\t\t\t\t\t\t\t\t\t<p>Mais qu&rsquo;\u00e0 donc sacrifi\u00e9 Sandra pour en \u00eatre l\u00e0 ? A-t-elle aussi peu de m\u00e9rite que le pense Amandine ? Et m\u00eame si c&rsquo;\u00e9tait le cas, n&rsquo;en paye-t-elle pas le prix fort ? Il est certain qu&rsquo;elle n&rsquo;a pas de dipl\u00f4me d&rsquo;\u00e9lite, elle fait de nombreuses fautes et sa fa\u00e7on de parler pourrait \u00eatre celle d&rsquo;une cit\u00e9. Dans Je te like moi non plus, Sophie de Villenoisy donne vraiment la parole \u00e0 deux personnages diam\u00e9tralement oppos\u00e9es avec brio au niveau du langage utilis\u00e9. Alors, au jeu des r\u00e9seaux sociaux, qui sera la plus forte ? La plus juste ? La plus intelligente&#8230; socialement parlant ? Je dois simplement soulign\u00e9 que ce n&rsquo;est pas totalement cr\u00e9dible. Imaginez si demain une personne se mettait a harceler avec des punchlines intellectuelles Maeva Ghennam : ses fans seraient imm\u00e9diatement l\u00e0 pour la d\u00e9fendre, et Amandine se ferait rabattre le caquet en deux tweets sanglants. Mais il m&rsquo;a tout de m\u00eame bien fait r\u00e9fl\u00e9chir, c&rsquo;est r\u00e9ussi !\u00a0<\/p>\t\t\t\t\t\t\t\t<\/div>\n\t\t\t\t<\/div>\n\t\t\t\t\t<\/div>\n\t\t<\/div>\n\t\t\t\t\t<\/div>\n\t\t<\/section>\n\t\t\t\t<\/div>\n\t\t","protected":false},"excerpt":{"rendered":"<p>Je te like moi non plus Sophie de Villenoisy R\u00e9sum\u00e9 Amandine Doucet, jeune professeure de Fran\u00e7ais, se retrouve parachut\u00e9e dans un coll\u00e8ge sensible de banlieue parisienne. Sur place, le constat est sans appel : elle &hellip; <\/p>\n","protected":false},"author":1,"featured_media":3228,"comment_status":"open","ping_status":"open","sticky":false,"template":"","format":"standard","meta":{"footnotes":""},"categories":[14,8,1],"tags":[541,736,863,865,866,864,867],"class_list":["post-3227","post","type-post","status-publish","format-standard","has-post-thumbnail","hentry","category-l-ete","category-partenariats","category-tout-le-blog","tag-editions-eyrolles","tag-ete","tag-je-te-like-moi-non-plus","tag-reseaux-sociaux","tag-societe","tag-sophie-de-villenoisy","tag-troll-me-tender","has-single-img"],"yoast_head":"<!-- This site is optimized with the Yoast SEO plugin v27.4 - https:\/\/yoast.com\/product\/yoast-seo-wordpress\/ -->\n<title>Je te like moi non plus de Sophie de Villenoisy - Sorbet Kiwi<\/title>\n<meta name=\"description\" content=\"Ma chronique du roman Je te like moi non plus de Sophie de Villenoisy disponible en poche aux \u00e9ditions Eyrolles.\" \/>\n<meta name=\"robots\" content=\"index, follow, max-snippet:-1, max-image-preview:large, max-video-preview:-1\" \/>\n<link rel=\"canonical\" href=\"https:\/\/sorbetkiwi.fr\/index.php\/je-te-like-moi-non-plus-de-sophie-de-villenoisy\/\" \/>\n<meta property=\"og:locale\" content=\"fr_FR\" \/>\n<meta property=\"og:type\" content=\"article\" \/>\n<meta property=\"og:title\" content=\"Je te like moi non plus de Sophie de Villenoisy - Sorbet Kiwi\" \/>\n<meta property=\"og:description\" content=\"Ma chronique du roman Je te like moi non plus de Sophie de Villenoisy disponible en poche aux \u00e9ditions Eyrolles.\" \/>\n<meta property=\"og:url\" content=\"https:\/\/sorbetkiwi.fr\/index.php\/je-te-like-moi-non-plus-de-sophie-de-villenoisy\/\" \/>\n<meta property=\"og:site_name\" content=\"Sorbet Kiwi\" \/>\n<meta property=\"article:publisher\" content=\"https:\/\/www.facebook.com\/profile.php?id=100086238893269\" \/>\n<meta property=\"article:published_time\" content=\"2023-07-13T05:00:00+00:00\" \/>\n<meta property=\"og:image\" content=\"https:\/\/sorbetkiwi.fr\/wp-content\/uploads\/2023\/07\/img_5665-scaled.jpg\" \/>\n\t<meta property=\"og:image:width\" content=\"1921\" \/>\n\t<meta property=\"og:image:height\" content=\"2560\" \/>\n\t<meta property=\"og:image:type\" content=\"image\/jpeg\" \/>\n<meta name=\"author\" content=\"Sorbet-Kiwi\" \/>\n<meta name=\"twitter:card\" content=\"summary_large_image\" \/>\n<meta name=\"twitter:creator\" content=\"@pepparshoes\" \/>\n<meta name=\"twitter:site\" content=\"@pepparshoes\" \/>\n<meta name=\"twitter:label1\" content=\"\u00c9crit par\" \/>\n\t<meta name=\"twitter:data1\" content=\"Sorbet-Kiwi\" \/>\n\t<meta name=\"twitter:label2\" content=\"Dur\u00e9e de lecture estim\u00e9e\" \/>\n\t<meta name=\"twitter:data2\" content=\"4 minutes\" \/>\n<script type=\"application\/ld+json\" class=\"yoast-schema-graph\">{\"@context\":\"https:\\\/\\\/schema.org\",\"@graph\":[{\"@type\":\"Article\",\"@id\":\"https:\\\/\\\/sorbetkiwi.fr\\\/index.php\\\/je-te-like-moi-non-plus-de-sophie-de-villenoisy\\\/#article\",\"isPartOf\":{\"@id\":\"https:\\\/\\\/sorbetkiwi.fr\\\/index.php\\\/je-te-like-moi-non-plus-de-sophie-de-villenoisy\\\/\"},\"author\":{\"name\":\"Sorbet-Kiwi\",\"@id\":\"https:\\\/\\\/sorbetkiwi.fr\\\/#\\\/schema\\\/person\\\/ed1b7b527a2957ddc3bf38b076540659\"},\"headline\":\"Je te like moi non plus de Sophie de Villenoisy\",\"datePublished\":\"2023-07-13T05:00:00+00:00\",\"mainEntityOfPage\":{\"@id\":\"https:\\\/\\\/sorbetkiwi.fr\\\/index.php\\\/je-te-like-moi-non-plus-de-sophie-de-villenoisy\\\/\"},\"wordCount\":732,\"commentCount\":2,\"publisher\":{\"@id\":\"https:\\\/\\\/sorbetkiwi.fr\\\/#organization\"},\"image\":{\"@id\":\"https:\\\/\\\/sorbetkiwi.fr\\\/index.php\\\/je-te-like-moi-non-plus-de-sophie-de-villenoisy\\\/#primaryimage\"},\"thumbnailUrl\":\"https:\\\/\\\/sorbetkiwi.fr\\\/wp-content\\\/uploads\\\/2023\\\/07\\\/img_5665-scaled.jpg\",\"keywords\":[\"Editions Eyrolles\",\"\u00e9t\u00e9\",\"Je te like moi non plus\",\"R\u00e9seaux sociaux\",\"Soci\u00e9t\u00e9\",\"Sophie de Villenoisy\",\"Troll me Tender\"],\"articleSection\":[\"L'\u00e9t\u00e9\",\"Partenariats\",\"Tout le blog\"],\"inLanguage\":\"fr-FR\",\"potentialAction\":[{\"@type\":\"CommentAction\",\"name\":\"Comment\",\"target\":[\"https:\\\/\\\/sorbetkiwi.fr\\\/index.php\\\/je-te-like-moi-non-plus-de-sophie-de-villenoisy\\\/#respond\"]}]},{\"@type\":\"WebPage\",\"@id\":\"https:\\\/\\\/sorbetkiwi.fr\\\/index.php\\\/je-te-like-moi-non-plus-de-sophie-de-villenoisy\\\/\",\"url\":\"https:\\\/\\\/sorbetkiwi.fr\\\/index.php\\\/je-te-like-moi-non-plus-de-sophie-de-villenoisy\\\/\",\"name\":\"Je te like moi non plus de Sophie de Villenoisy - Sorbet Kiwi\",\"isPartOf\":{\"@id\":\"https:\\\/\\\/sorbetkiwi.fr\\\/#website\"},\"primaryImageOfPage\":{\"@id\":\"https:\\\/\\\/sorbetkiwi.fr\\\/index.php\\\/je-te-like-moi-non-plus-de-sophie-de-villenoisy\\\/#primaryimage\"},\"image\":{\"@id\":\"https:\\\/\\\/sorbetkiwi.fr\\\/index.php\\\/je-te-like-moi-non-plus-de-sophie-de-villenoisy\\\/#primaryimage\"},\"thumbnailUrl\":\"https:\\\/\\\/sorbetkiwi.fr\\\/wp-content\\\/uploads\\\/2023\\\/07\\\/img_5665-scaled.jpg\",\"datePublished\":\"2023-07-13T05:00:00+00:00\",\"description\":\"Ma chronique du roman Je te like moi non plus de Sophie de Villenoisy disponible en poche aux \u00e9ditions Eyrolles.\",\"breadcrumb\":{\"@id\":\"https:\\\/\\\/sorbetkiwi.fr\\\/index.php\\\/je-te-like-moi-non-plus-de-sophie-de-villenoisy\\\/#breadcrumb\"},\"inLanguage\":\"fr-FR\",\"potentialAction\":[{\"@type\":\"ReadAction\",\"target\":[\"https:\\\/\\\/sorbetkiwi.fr\\\/index.php\\\/je-te-like-moi-non-plus-de-sophie-de-villenoisy\\\/\"]}]},{\"@type\":\"ImageObject\",\"inLanguage\":\"fr-FR\",\"@id\":\"https:\\\/\\\/sorbetkiwi.fr\\\/index.php\\\/je-te-like-moi-non-plus-de-sophie-de-villenoisy\\\/#primaryimage\",\"url\":\"https:\\\/\\\/sorbetkiwi.fr\\\/wp-content\\\/uploads\\\/2023\\\/07\\\/img_5665-scaled.jpg\",\"contentUrl\":\"https:\\\/\\\/sorbetkiwi.fr\\\/wp-content\\\/uploads\\\/2023\\\/07\\\/img_5665-scaled.jpg\",\"width\":1921,\"height\":2560},{\"@type\":\"BreadcrumbList\",\"@id\":\"https:\\\/\\\/sorbetkiwi.fr\\\/index.php\\\/je-te-like-moi-non-plus-de-sophie-de-villenoisy\\\/#breadcrumb\",\"itemListElement\":[{\"@type\":\"ListItem\",\"position\":1,\"name\":\"Accueil\",\"item\":\"https:\\\/\\\/sorbetkiwi.fr\\\/\"},{\"@type\":\"ListItem\",\"position\":2,\"name\":\"Je te like moi non plus de Sophie de Villenoisy\"}]},{\"@type\":\"WebSite\",\"@id\":\"https:\\\/\\\/sorbetkiwi.fr\\\/#website\",\"url\":\"https:\\\/\\\/sorbetkiwi.fr\\\/\",\"name\":\"Sorbet Kiwi\",\"description\":\"Des lectures th\u00e9matiques par saison et les avis qui vont avec\",\"publisher\":{\"@id\":\"https:\\\/\\\/sorbetkiwi.fr\\\/#organization\"},\"potentialAction\":[{\"@type\":\"SearchAction\",\"target\":{\"@type\":\"EntryPoint\",\"urlTemplate\":\"https:\\\/\\\/sorbetkiwi.fr\\\/?s={search_term_string}\"},\"query-input\":{\"@type\":\"PropertyValueSpecification\",\"valueRequired\":true,\"valueName\":\"search_term_string\"}}],\"inLanguage\":\"fr-FR\"},{\"@type\":\"Organization\",\"@id\":\"https:\\\/\\\/sorbetkiwi.fr\\\/#organization\",\"name\":\"Sorbet Kiwi\",\"url\":\"https:\\\/\\\/sorbetkiwi.fr\\\/\",\"logo\":{\"@type\":\"ImageObject\",\"inLanguage\":\"fr-FR\",\"@id\":\"https:\\\/\\\/sorbetkiwi.fr\\\/#\\\/schema\\\/logo\\\/image\\\/\",\"url\":\"https:\\\/\\\/sorbetkiwi.fr\\\/wp-content\\\/uploads\\\/2022\\\/10\\\/Banniere-Sorbet-Kiwi-2022.jpg\",\"contentUrl\":\"https:\\\/\\\/sorbetkiwi.fr\\\/wp-content\\\/uploads\\\/2022\\\/10\\\/Banniere-Sorbet-Kiwi-2022.jpg\",\"width\":814,\"height\":401,\"caption\":\"Sorbet Kiwi\"},\"image\":{\"@id\":\"https:\\\/\\\/sorbetkiwi.fr\\\/#\\\/schema\\\/logo\\\/image\\\/\"},\"sameAs\":[\"https:\\\/\\\/www.facebook.com\\\/profile.php?id=100086238893269\",\"https:\\\/\\\/x.com\\\/pepparshoes\",\"https:\\\/\\\/www.instagram.com\\\/sorbetkiwi\\\/\",\"https:\\\/\\\/www.tiktok.com\\\/sorbetkiwi\"]},{\"@type\":\"Person\",\"@id\":\"https:\\\/\\\/sorbetkiwi.fr\\\/#\\\/schema\\\/person\\\/ed1b7b527a2957ddc3bf38b076540659\",\"name\":\"Sorbet-Kiwi\",\"image\":{\"@type\":\"ImageObject\",\"inLanguage\":\"fr-FR\",\"@id\":\"https:\\\/\\\/secure.gravatar.com\\\/avatar\\\/86f0a5c27d76317621b9e374d0f3a01d3a85278f10d0c7207ced4fd773057442?s=96&d=mm&r=g\",\"url\":\"https:\\\/\\\/secure.gravatar.com\\\/avatar\\\/86f0a5c27d76317621b9e374d0f3a01d3a85278f10d0c7207ced4fd773057442?s=96&d=mm&r=g\",\"contentUrl\":\"https:\\\/\\\/secure.gravatar.com\\\/avatar\\\/86f0a5c27d76317621b9e374d0f3a01d3a85278f10d0c7207ced4fd773057442?s=96&d=mm&r=g\",\"caption\":\"Sorbet-Kiwi\"},\"sameAs\":[\"http:\\\/\\\/sorbetkiwi.fr\"],\"url\":\"https:\\\/\\\/sorbetkiwi.fr\\\/index.php\\\/author\\\/admin7717\\\/\"}]}<\/script>\n<!-- \/ Yoast SEO plugin. -->","yoast_head_json":{"title":"Je te like moi non plus de Sophie de Villenoisy - Sorbet Kiwi","description":"Ma chronique du roman Je te like moi non plus de Sophie de Villenoisy disponible en poche aux \u00e9ditions Eyrolles.","robots":{"index":"index","follow":"follow","max-snippet":"max-snippet:-1","max-image-preview":"max-image-preview:large","max-video-preview":"max-video-preview:-1"},"canonical":"https:\/\/sorbetkiwi.fr\/index.php\/je-te-like-moi-non-plus-de-sophie-de-villenoisy\/","og_locale":"fr_FR","og_type":"article","og_title":"Je te like moi non plus de Sophie de Villenoisy - Sorbet Kiwi","og_description":"Ma chronique du roman Je te like moi non plus de Sophie de Villenoisy disponible en poche aux \u00e9ditions Eyrolles.","og_url":"https:\/\/sorbetkiwi.fr\/index.php\/je-te-like-moi-non-plus-de-sophie-de-villenoisy\/","og_site_name":"Sorbet Kiwi","article_publisher":"https:\/\/www.facebook.com\/profile.php?id=100086238893269","article_published_time":"2023-07-13T05:00:00+00:00","og_image":[{"width":1921,"height":2560,"url":"https:\/\/sorbetkiwi.fr\/wp-content\/uploads\/2023\/07\/img_5665-scaled.jpg","type":"image\/jpeg"}],"author":"Sorbet-Kiwi","twitter_card":"summary_large_image","twitter_creator":"@pepparshoes","twitter_site":"@pepparshoes","twitter_misc":{"\u00c9crit par":"Sorbet-Kiwi","Dur\u00e9e de lecture estim\u00e9e":"4 minutes"},"schema":{"@context":"https:\/\/schema.org","@graph":[{"@type":"Article","@id":"https:\/\/sorbetkiwi.fr\/index.php\/je-te-like-moi-non-plus-de-sophie-de-villenoisy\/#article","isPartOf":{"@id":"https:\/\/sorbetkiwi.fr\/index.php\/je-te-like-moi-non-plus-de-sophie-de-villenoisy\/"},"author":{"name":"Sorbet-Kiwi","@id":"https:\/\/sorbetkiwi.fr\/#\/schema\/person\/ed1b7b527a2957ddc3bf38b076540659"},"headline":"Je te like moi non plus de Sophie de Villenoisy","datePublished":"2023-07-13T05:00:00+00:00","mainEntityOfPage":{"@id":"https:\/\/sorbetkiwi.fr\/index.php\/je-te-like-moi-non-plus-de-sophie-de-villenoisy\/"},"wordCount":732,"commentCount":2,"publisher":{"@id":"https:\/\/sorbetkiwi.fr\/#organization"},"image":{"@id":"https:\/\/sorbetkiwi.fr\/index.php\/je-te-like-moi-non-plus-de-sophie-de-villenoisy\/#primaryimage"},"thumbnailUrl":"https:\/\/sorbetkiwi.fr\/wp-content\/uploads\/2023\/07\/img_5665-scaled.jpg","keywords":["Editions Eyrolles","\u00e9t\u00e9","Je te like moi non plus","R\u00e9seaux sociaux","Soci\u00e9t\u00e9","Sophie de Villenoisy","Troll me Tender"],"articleSection":["L'\u00e9t\u00e9","Partenariats","Tout le blog"],"inLanguage":"fr-FR","potentialAction":[{"@type":"CommentAction","name":"Comment","target":["https:\/\/sorbetkiwi.fr\/index.php\/je-te-like-moi-non-plus-de-sophie-de-villenoisy\/#respond"]}]},{"@type":"WebPage","@id":"https:\/\/sorbetkiwi.fr\/index.php\/je-te-like-moi-non-plus-de-sophie-de-villenoisy\/","url":"https:\/\/sorbetkiwi.fr\/index.php\/je-te-like-moi-non-plus-de-sophie-de-villenoisy\/","name":"Je te like moi non plus de Sophie de Villenoisy - Sorbet Kiwi","isPartOf":{"@id":"https:\/\/sorbetkiwi.fr\/#website"},"primaryImageOfPage":{"@id":"https:\/\/sorbetkiwi.fr\/index.php\/je-te-like-moi-non-plus-de-sophie-de-villenoisy\/#primaryimage"},"image":{"@id":"https:\/\/sorbetkiwi.fr\/index.php\/je-te-like-moi-non-plus-de-sophie-de-villenoisy\/#primaryimage"},"thumbnailUrl":"https:\/\/sorbetkiwi.fr\/wp-content\/uploads\/2023\/07\/img_5665-scaled.jpg","datePublished":"2023-07-13T05:00:00+00:00","description":"Ma chronique du roman Je te like moi non plus de Sophie de Villenoisy disponible en poche aux \u00e9ditions Eyrolles.","breadcrumb":{"@id":"https:\/\/sorbetkiwi.fr\/index.php\/je-te-like-moi-non-plus-de-sophie-de-villenoisy\/#breadcrumb"},"inLanguage":"fr-FR","potentialAction":[{"@type":"ReadAction","target":["https:\/\/sorbetkiwi.fr\/index.php\/je-te-like-moi-non-plus-de-sophie-de-villenoisy\/"]}]},{"@type":"ImageObject","inLanguage":"fr-FR","@id":"https:\/\/sorbetkiwi.fr\/index.php\/je-te-like-moi-non-plus-de-sophie-de-villenoisy\/#primaryimage","url":"https:\/\/sorbetkiwi.fr\/wp-content\/uploads\/2023\/07\/img_5665-scaled.jpg","contentUrl":"https:\/\/sorbetkiwi.fr\/wp-content\/uploads\/2023\/07\/img_5665-scaled.jpg","width":1921,"height":2560},{"@type":"BreadcrumbList","@id":"https:\/\/sorbetkiwi.fr\/index.php\/je-te-like-moi-non-plus-de-sophie-de-villenoisy\/#breadcrumb","itemListElement":[{"@type":"ListItem","position":1,"name":"Accueil","item":"https:\/\/sorbetkiwi.fr\/"},{"@type":"ListItem","position":2,"name":"Je te like moi non plus de Sophie de Villenoisy"}]},{"@type":"WebSite","@id":"https:\/\/sorbetkiwi.fr\/#website","url":"https:\/\/sorbetkiwi.fr\/","name":"Sorbet Kiwi","description":"Des lectures th\u00e9matiques par saison et les avis qui vont avec","publisher":{"@id":"https:\/\/sorbetkiwi.fr\/#organization"},"potentialAction":[{"@type":"SearchAction","target":{"@type":"EntryPoint","urlTemplate":"https:\/\/sorbetkiwi.fr\/?s={search_term_string}"},"query-input":{"@type":"PropertyValueSpecification","valueRequired":true,"valueName":"search_term_string"}}],"inLanguage":"fr-FR"},{"@type":"Organization","@id":"https:\/\/sorbetkiwi.fr\/#organization","name":"Sorbet Kiwi","url":"https:\/\/sorbetkiwi.fr\/","logo":{"@type":"ImageObject","inLanguage":"fr-FR","@id":"https:\/\/sorbetkiwi.fr\/#\/schema\/logo\/image\/","url":"https:\/\/sorbetkiwi.fr\/wp-content\/uploads\/2022\/10\/Banniere-Sorbet-Kiwi-2022.jpg","contentUrl":"https:\/\/sorbetkiwi.fr\/wp-content\/uploads\/2022\/10\/Banniere-Sorbet-Kiwi-2022.jpg","width":814,"height":401,"caption":"Sorbet Kiwi"},"image":{"@id":"https:\/\/sorbetkiwi.fr\/#\/schema\/logo\/image\/"},"sameAs":["https:\/\/www.facebook.com\/profile.php?id=100086238893269","https:\/\/x.com\/pepparshoes","https:\/\/www.instagram.com\/sorbetkiwi\/","https:\/\/www.tiktok.com\/sorbetkiwi"]},{"@type":"Person","@id":"https:\/\/sorbetkiwi.fr\/#\/schema\/person\/ed1b7b527a2957ddc3bf38b076540659","name":"Sorbet-Kiwi","image":{"@type":"ImageObject","inLanguage":"fr-FR","@id":"https:\/\/secure.gravatar.com\/avatar\/86f0a5c27d76317621b9e374d0f3a01d3a85278f10d0c7207ced4fd773057442?s=96&d=mm&r=g","url":"https:\/\/secure.gravatar.com\/avatar\/86f0a5c27d76317621b9e374d0f3a01d3a85278f10d0c7207ced4fd773057442?s=96&d=mm&r=g","contentUrl":"https:\/\/secure.gravatar.com\/avatar\/86f0a5c27d76317621b9e374d0f3a01d3a85278f10d0c7207ced4fd773057442?s=96&d=mm&r=g","caption":"Sorbet-Kiwi"},"sameAs":["http:\/\/sorbetkiwi.fr"],"url":"https:\/\/sorbetkiwi.fr\/index.php\/author\/admin7717\/"}]}},"_links":{"self":[{"href":"https:\/\/sorbetkiwi.fr\/index.php\/wp-json\/wp\/v2\/posts\/3227","targetHints":{"allow":["GET"]}}],"collection":[{"href":"https:\/\/sorbetkiwi.fr\/index.php\/wp-json\/wp\/v2\/posts"}],"about":[{"href":"https:\/\/sorbetkiwi.fr\/index.php\/wp-json\/wp\/v2\/types\/post"}],"author":[{"embeddable":true,"href":"https:\/\/sorbetkiwi.fr\/index.php\/wp-json\/wp\/v2\/users\/1"}],"replies":[{"embeddable":true,"href":"https:\/\/sorbetkiwi.fr\/index.php\/wp-json\/wp\/v2\/comments?post=3227"}],"version-history":[{"count":6,"href":"https:\/\/sorbetkiwi.fr\/index.php\/wp-json\/wp\/v2\/posts\/3227\/revisions"}],"predecessor-version":[{"id":3234,"href":"https:\/\/sorbetkiwi.fr\/index.php\/wp-json\/wp\/v2\/posts\/3227\/revisions\/3234"}],"wp:featuredmedia":[{"embeddable":true,"href":"https:\/\/sorbetkiwi.fr\/index.php\/wp-json\/wp\/v2\/media\/3228"}],"wp:attachment":[{"href":"https:\/\/sorbetkiwi.fr\/index.php\/wp-json\/wp\/v2\/media?parent=3227"}],"wp:term":[{"taxonomy":"category","embeddable":true,"href":"https:\/\/sorbetkiwi.fr\/index.php\/wp-json\/wp\/v2\/categories?post=3227"},{"taxonomy":"post_tag","embeddable":true,"href":"https:\/\/sorbetkiwi.fr\/index.php\/wp-json\/wp\/v2\/tags?post=3227"}],"curies":[{"name":"wp","href":"https:\/\/api.w.org\/{rel}","templated":true}]}}