{"id":3150,"date":"2023-07-05T07:00:00","date_gmt":"2023-07-05T05:00:00","guid":{"rendered":"https:\/\/sorbetkiwi.fr\/?p=3150"},"modified":"2023-07-01T15:02:00","modified_gmt":"2023-07-01T13:02:00","slug":"le-cimetiere-des-mots-doux-de-agnes-ledig-et-frederic-pillot","status":"publish","type":"post","link":"https:\/\/sorbetkiwi.fr\/index.php\/le-cimetiere-des-mots-doux-de-agnes-ledig-et-frederic-pillot\/","title":{"rendered":"Le cimeti\u00e8re des mots doux de Ledig et Pillot"},"content":{"rendered":"\t\t<div data-elementor-type=\"wp-post\" data-elementor-id=\"3150\" class=\"elementor elementor-3150\">\n\t\t\t\t\t\t<section class=\"elementor-section elementor-top-section elementor-element elementor-element-51e14b9d elementor-section-boxed elementor-section-height-default elementor-section-height-default\" data-id=\"51e14b9d\" data-element_type=\"section\" data-e-type=\"section\">\n\t\t\t\t\t\t<div class=\"elementor-container elementor-column-gap-default\">\n\t\t\t\t\t<div class=\"elementor-column elementor-col-100 elementor-top-column elementor-element elementor-element-44ceba6f\" data-id=\"44ceba6f\" data-element_type=\"column\" data-e-type=\"column\">\n\t\t\t<div class=\"elementor-widget-wrap elementor-element-populated\">\n\t\t\t\t\t\t<div class=\"elementor-element elementor-element-58b46554 elementor-widget elementor-widget-heading\" data-id=\"58b46554\" data-element_type=\"widget\" data-e-type=\"widget\" data-widget_type=\"heading.default\">\n\t\t\t\t<div class=\"elementor-widget-container\">\n\t\t\t\t\t<h1 class=\"elementor-heading-title elementor-size-medium\">Le cimeti\u00e8re des mots doux<\/h1>\t\t\t\t<\/div>\n\t\t\t\t<\/div>\n\t\t\t\t<div class=\"elementor-element elementor-element-4fa8d2f elementor-view-default elementor-widget elementor-widget-icon\" data-id=\"4fa8d2f\" data-element_type=\"widget\" data-e-type=\"widget\" data-widget_type=\"icon.default\">\n\t\t\t\t<div class=\"elementor-widget-container\">\n\t\t\t\t\t\t\t<div class=\"elementor-icon-wrapper\">\n\t\t\t<div class=\"elementor-icon\">\n\t\t\t<i aria-hidden=\"true\" class=\"fas fa-cocktail\"><\/i>\t\t\t<\/div>\n\t\t<\/div>\n\t\t\t\t\t\t<\/div>\n\t\t\t\t<\/div>\n\t\t\t\t<div class=\"elementor-element elementor-element-59c04726 elementor-widget-divider--view-line elementor-widget elementor-widget-divider\" data-id=\"59c04726\" data-element_type=\"widget\" data-e-type=\"widget\" data-widget_type=\"divider.default\">\n\t\t\t\t<div class=\"elementor-widget-container\">\n\t\t\t\t\t\t\t<div class=\"elementor-divider\">\n\t\t\t<span class=\"elementor-divider-separator\">\n\t\t\t\t\t\t<\/span>\n\t\t<\/div>\n\t\t\t\t\t\t<\/div>\n\t\t\t\t<\/div>\n\t\t\t\t<div class=\"elementor-element elementor-element-63e3a15c elementor-widget elementor-widget-heading\" data-id=\"63e3a15c\" data-element_type=\"widget\" data-e-type=\"widget\" data-widget_type=\"heading.default\">\n\t\t\t\t<div class=\"elementor-widget-container\">\n\t\t\t\t\t<h2 class=\"elementor-heading-title elementor-size-medium\">R\u00e9sum\u00e9<\/h2>\t\t\t\t<\/div>\n\t\t\t\t<\/div>\n\t\t\t\t<div class=\"elementor-element elementor-element-3ab2eaf8 elementor-widget elementor-widget-text-editor\" data-id=\"3ab2eaf8\" data-element_type=\"widget\" data-e-type=\"widget\" data-widget_type=\"text-editor.default\">\n\t\t\t\t<div class=\"elementor-widget-container\">\n\t\t\t\t\t\t\t\t\t<p>Agn\u00e8s Ledig, avec la sensibilit\u00e9 et l\u2019empathie qui la caract\u00e9risent, raconte par la voix d\u2019une petite fille, Annabelle, le parcours de Simon, son amoureux atteint de leuc\u00e9mie, et les \u00e9motions qu\u2019elle ressent. Avec des mots simples et justes, Agn\u00e8s Ledig aborde un sujet tr\u00e8s difficile, la mort d\u2019un enfant malade et l\u2019indicible chagrin de son amie.<\/p>\t\t\t\t\t\t\t\t<\/div>\n\t\t\t\t<\/div>\n\t\t\t\t<div class=\"elementor-element elementor-element-292715d elementor-widget-divider--view-line elementor-widget elementor-widget-divider\" data-id=\"292715d\" data-element_type=\"widget\" data-e-type=\"widget\" data-widget_type=\"divider.default\">\n\t\t\t\t<div class=\"elementor-widget-container\">\n\t\t\t\t\t\t\t<div class=\"elementor-divider\">\n\t\t\t<span class=\"elementor-divider-separator\">\n\t\t\t\t\t\t<\/span>\n\t\t<\/div>\n\t\t\t\t\t\t<\/div>\n\t\t\t\t<\/div>\n\t\t\t\t<div class=\"elementor-element elementor-element-5bed0b75 elementor-widget elementor-widget-heading\" data-id=\"5bed0b75\" data-element_type=\"widget\" data-e-type=\"widget\" data-widget_type=\"heading.default\">\n\t\t\t\t<div class=\"elementor-widget-container\">\n\t\t\t\t\t<h2 class=\"elementor-heading-title elementor-size-medium\">Ma note<\/h2>\t\t\t\t<\/div>\n\t\t\t\t<\/div>\n\t\t\t\t<div class=\"elementor-element elementor-element-12a4a793 elementor-star-rating--align-center elementor--star-style-star_fontawesome elementor-widget elementor-widget-star-rating\" data-id=\"12a4a793\" data-element_type=\"widget\" data-e-type=\"widget\" data-widget_type=\"star-rating.default\">\n\t\t\t\t<div class=\"elementor-widget-container\">\n\t\t\t\t\t\t\t<div class=\"elementor-star-rating__wrapper\">\n\t\t\t\t\t\t<div class=\"elementor-star-rating\" itemtype=\"http:\/\/schema.org\/Rating\" itemscope=\"\" itemprop=\"reviewRating\">\n\t\t\t\t<i class=\"elementor-star-full\" aria-hidden=\"true\">&#xE934;<\/i><i class=\"elementor-star-full\" aria-hidden=\"true\">&#xE934;<\/i><i class=\"elementor-star-full\" aria-hidden=\"true\">&#xE934;<\/i><i class=\"elementor-star-full\" aria-hidden=\"true\">&#xE934;<\/i><i class=\"elementor-star-empty\" aria-hidden=\"true\">&#xE934;<\/i>\t\t\t\t<span itemprop=\"ratingValue\" class=\"elementor-screen-only\">Not\u00e9 4 sur 5<\/span>\n\t\t\t<\/div>\n\t\t<\/div>\n\t\t\t\t\t\t<\/div>\n\t\t\t\t<\/div>\n\t\t\t\t<div class=\"elementor-element elementor-element-1a76f00b elementor-widget-divider--view-line elementor-widget elementor-widget-divider\" data-id=\"1a76f00b\" data-element_type=\"widget\" data-e-type=\"widget\" data-widget_type=\"divider.default\">\n\t\t\t\t<div class=\"elementor-widget-container\">\n\t\t\t\t\t\t\t<div class=\"elementor-divider\">\n\t\t\t<span class=\"elementor-divider-separator\">\n\t\t\t\t\t\t<\/span>\n\t\t<\/div>\n\t\t\t\t\t\t<\/div>\n\t\t\t\t<\/div>\n\t\t\t\t<div class=\"elementor-element elementor-element-5b9db29a elementor-widget elementor-widget-heading\" data-id=\"5b9db29a\" data-element_type=\"widget\" data-e-type=\"widget\" data-widget_type=\"heading.default\">\n\t\t\t\t<div class=\"elementor-widget-container\">\n\t\t\t\t\t<h2 class=\"elementor-heading-title elementor-size-medium\">Les joies de l'amiti\u00e9<\/h2>\t\t\t\t<\/div>\n\t\t\t\t<\/div>\n\t\t\t\t<div class=\"elementor-element elementor-element-1fd8b301 elementor-widget elementor-widget-text-editor\" data-id=\"1fd8b301\" data-element_type=\"widget\" data-e-type=\"widget\" data-widget_type=\"text-editor.default\">\n\t\t\t\t<div class=\"elementor-widget-container\">\n\t\t\t\t\t\t\t\t\t<p>Je ne pense pas que je me serai tourn\u00e9e vers cet album de moi-m\u00eame, n&rsquo;\u00e9tait pas la plus grande fan de <a href=\"https:\/\/sorbetkiwi.fr\/index.php\/tag\/agnes-ledig\/\">l&rsquo;autrice<\/a>. C&rsquo;est pour le <a href=\"https:\/\/www.livraddict.com\/forum\/viewtopic.php?id=35751\">Baby Challenge des albums Livraddict<\/a> que je l&rsquo;ai emprunt\u00e9 \u00e0 la m\u00e9diath\u00e8que, sans trop savoir \u00e0 quoi m&rsquo;attendre, en r\u00e9alit\u00e9. J&rsquo;ai lu le r\u00e9sum\u00e9 il y a 1000 ans aussi, forc\u00e9ment, \u00e7a joue ! Cet album, dont le r\u00e9sum\u00e9 \u00e9diteur d\u00e9voile tout pour une bonne raison, se d\u00e9compose en 3 parties. Tout d&rsquo;abord, nous rencontrons Annabelle et Simon. Ce premier contact se fait autour de jeux dans la for\u00eat, avec cet amour de la nature typique de l&rsquo;autrice. Il permet de comprendre leur amiti\u00e9, ces sentiments amoureux typiquement enfantins. Enfin, on ressent fortement l\u2019insouciance et la joie des deux enfants qui jouent ensemble.<\/p>\t\t\t\t\t\t\t\t<\/div>\n\t\t\t\t<\/div>\n\t\t\t\t<div class=\"elementor-element elementor-element-4219dfd elementor-widget-divider--view-line elementor-widget elementor-widget-divider\" data-id=\"4219dfd\" data-element_type=\"widget\" data-e-type=\"widget\" data-widget_type=\"divider.default\">\n\t\t\t\t<div class=\"elementor-widget-container\">\n\t\t\t\t\t\t\t<div class=\"elementor-divider\">\n\t\t\t<span class=\"elementor-divider-separator\">\n\t\t\t\t\t\t<\/span>\n\t\t<\/div>\n\t\t\t\t\t\t<\/div>\n\t\t\t\t<\/div>\n\t\t\t\t<div class=\"elementor-element elementor-element-1177906f elementor-widget elementor-widget-heading\" data-id=\"1177906f\" data-element_type=\"widget\" data-e-type=\"widget\" data-widget_type=\"heading.default\">\n\t\t\t\t<div class=\"elementor-widget-container\">\n\t\t\t\t\t<h4 class=\"elementor-heading-title elementor-size-medium\">\"Quand le chagrin est trop fort, il faut le jeter dehors. Les larmes sont l\u00e0 pour \u00e7a.\"<\/h4>\t\t\t\t<\/div>\n\t\t\t\t<\/div>\n\t\t\t\t<div class=\"elementor-element elementor-element-65dfb elementor-widget-divider--view-line elementor-widget elementor-widget-divider\" data-id=\"65dfb\" data-element_type=\"widget\" data-e-type=\"widget\" data-widget_type=\"divider.default\">\n\t\t\t\t<div class=\"elementor-widget-container\">\n\t\t\t\t\t\t\t<div class=\"elementor-divider\">\n\t\t\t<span class=\"elementor-divider-separator\">\n\t\t\t\t\t\t<\/span>\n\t\t<\/div>\n\t\t\t\t\t\t<\/div>\n\t\t\t\t<\/div>\n\t\t\t\t<div class=\"elementor-element elementor-element-212b7aa5 elementor-widget elementor-widget-heading\" data-id=\"212b7aa5\" data-element_type=\"widget\" data-e-type=\"widget\" data-widget_type=\"heading.default\">\n\t\t\t\t<div class=\"elementor-widget-container\">\n\t\t\t\t\t<h2 class=\"elementor-heading-title elementor-size-medium\">Une incompr\u00e9hensible maladie<\/h2>\t\t\t\t<\/div>\n\t\t\t\t<\/div>\n\t\t\t\t<div class=\"elementor-element elementor-element-227bd7be elementor-widget elementor-widget-text-editor\" data-id=\"227bd7be\" data-element_type=\"widget\" data-e-type=\"widget\" data-widget_type=\"text-editor.default\">\n\t\t\t\t<div class=\"elementor-widget-container\">\n\t\t\t\t\t\t\t\t\t<p>Puis tout bascule. Le cimeti\u00e8re des mots doux n&rsquo;est pas une jolie histoire du soir avant de dormir. C&rsquo;est un vrai outil pour communiquer avec les enfants. D&rsquo;abord, autour de la maladie. Elle touche aussi les enfants, et ils n&rsquo;ont pas les codes pour l&rsquo;appr\u00e9hender. Ce n&rsquo;est pas parce qu&rsquo;ils ne comprennent pas tout qu&rsquo;ils ne ressentent pas intens\u00e9ment le manque et m\u00eame l&rsquo;incompr\u00e9hension et l&rsquo;injustice d&rsquo;\u00eatre priv\u00e9 d&rsquo;un ami. Comment appr\u00e9hender ce qui ne devrait pas l&rsquo;\u00eatre ?\u00a0<\/p>\t\t\t\t\t\t\t\t<\/div>\n\t\t\t\t<\/div>\n\t\t\t\t<div class=\"elementor-element elementor-element-eb0ba0a elementor-widget-divider--view-line elementor-widget elementor-widget-divider\" data-id=\"eb0ba0a\" data-element_type=\"widget\" data-e-type=\"widget\" data-widget_type=\"divider.default\">\n\t\t\t\t<div class=\"elementor-widget-container\">\n\t\t\t\t\t\t\t<div class=\"elementor-divider\">\n\t\t\t<span class=\"elementor-divider-separator\">\n\t\t\t\t\t\t<\/span>\n\t\t<\/div>\n\t\t\t\t\t\t<\/div>\n\t\t\t\t<\/div>\n\t\t\t\t<div class=\"elementor-element elementor-element-2aed1b91 elementor-widget elementor-widget-heading\" data-id=\"2aed1b91\" data-element_type=\"widget\" data-e-type=\"widget\" data-widget_type=\"heading.default\">\n\t\t\t\t<div class=\"elementor-widget-container\">\n\t\t\t\t\t<h2 class=\"elementor-heading-title elementor-size-medium\">Un deuil difficile<\/h2>\t\t\t\t<\/div>\n\t\t\t\t<\/div>\n\t\t\t\t<div class=\"elementor-element elementor-element-24f8cee elementor-widget elementor-widget-text-editor\" data-id=\"24f8cee\" data-element_type=\"widget\" data-e-type=\"widget\" data-widget_type=\"text-editor.default\">\n\t\t\t\t<div class=\"elementor-widget-container\">\n\t\t\t\t\t\t\t\t\t<p>Cet album sert v\u00e9ritablement d&rsquo;accompagnement. Dans cette histoire, suite \u00e0 la leuc\u00e9mie survient la mort&#8230; Comme je le disais plus haut, le r\u00e9sum\u00e9 \u00e9diter d\u00e9voile tout afin de permettre aux accompagnants des enfants de savoir dans quoi ils mettent les pieds. D&rsquo;avoir un outil, aussi, qui permet de parler des \u00e9motions ressenties face \u00e0 la mort chez l&rsquo;enfant. Le cimeti\u00e8re des mots doux est une passerelle douce-amer pour apaiser autant que ce peut ces \u00e9motions tr\u00e8s fortes, \u00e0 raison. De ne pas les refouler et de permettre \u00e0 ce deuil de se faire aussi chez ceux que l&rsquo;on souhaite pr\u00e9server. Afin de ch\u00e9rir les souvenirs. Difficile pour moi de le noter, mais c&rsquo;est en tous cas un objet-livre qui me semble n\u00e9anmoins indispensable dans le cadre de l&rsquo;accompagnement des petits.\u00a0<\/p>\t\t\t\t\t\t\t\t<\/div>\n\t\t\t\t<\/div>\n\t\t\t\t\t<\/div>\n\t\t<\/div>\n\t\t\t\t\t<\/div>\n\t\t<\/section>\n\t\t\t\t<\/div>\n\t\t","protected":false},"excerpt":{"rendered":"<p>Le cimeti\u00e8re des mots doux R\u00e9sum\u00e9 Agn\u00e8s Ledig, avec la sensibilit\u00e9 et l\u2019empathie qui la caract\u00e9risent, raconte par la voix d\u2019une petite fille, Annabelle, le parcours de Simon, son amoureux atteint de leuc\u00e9mie, et les &hellip; <\/p>\n","protected":false},"author":1,"featured_media":3180,"comment_status":"open","ping_status":"open","sticky":false,"template":"","format":"standard","meta":{"footnotes":""},"categories":[7,14,1],"tags":[571,847,848,367,711,736,846,845,749,516],"class_list":["post-3150","post","type-post","status-publish","format-standard","has-post-thumbnail","hentry","category-benevolat","category-l-ete","category-tout-le-blog","tag-agnes-ledig","tag-albin-michel","tag-albin-michel-jeunesse","tag-deuil","tag-editions-albin-michel","tag-ete","tag-frederic-pillot","tag-le-cimetiere-des-mots-doux","tag-maladie","tag-nature","has-single-img"],"yoast_head":"<!-- This site is optimized with the Yoast SEO plugin v27.4 - https:\/\/yoast.com\/product\/yoast-seo-wordpress\/ -->\n<title>Le cimeti\u00e8re des mots doux de Ledig et Pillot - Sorbet Kiwi<\/title>\n<meta name=\"description\" content=\"L&#039;album du mercredi est Le cimeti\u00e8re des mots doux de Agn\u00e8s Ledig et de Fr\u00e9d\u00e9ric Pillot aux \u00e9ditions Albin Michel Jeunesse.\" \/>\n<meta name=\"robots\" content=\"index, follow, max-snippet:-1, max-image-preview:large, max-video-preview:-1\" \/>\n<link rel=\"canonical\" href=\"https:\/\/sorbetkiwi.fr\/index.php\/le-cimetiere-des-mots-doux-de-agnes-ledig-et-frederic-pillot\/\" \/>\n<meta property=\"og:locale\" content=\"fr_FR\" \/>\n<meta property=\"og:type\" content=\"article\" \/>\n<meta property=\"og:title\" content=\"Le cimeti\u00e8re des mots doux de Ledig et Pillot - Sorbet Kiwi\" \/>\n<meta property=\"og:description\" content=\"L&#039;album du mercredi est Le cimeti\u00e8re des mots doux de Agn\u00e8s Ledig et de Fr\u00e9d\u00e9ric Pillot aux \u00e9ditions Albin Michel Jeunesse.\" \/>\n<meta property=\"og:url\" content=\"https:\/\/sorbetkiwi.fr\/index.php\/le-cimetiere-des-mots-doux-de-agnes-ledig-et-frederic-pillot\/\" \/>\n<meta property=\"og:site_name\" content=\"Sorbet Kiwi\" \/>\n<meta property=\"article:publisher\" content=\"https:\/\/www.facebook.com\/profile.php?id=100086238893269\" \/>\n<meta property=\"article:published_time\" content=\"2023-07-05T05:00:00+00:00\" \/>\n<meta property=\"og:image\" content=\"https:\/\/sorbetkiwi.fr\/wp-content\/uploads\/2023\/06\/Le-cimetiere-des-mots-doux-Ledig-1-scaled.jpg\" \/>\n\t<meta property=\"og:image:width\" content=\"1920\" \/>\n\t<meta property=\"og:image:height\" content=\"2560\" \/>\n\t<meta property=\"og:image:type\" content=\"image\/jpeg\" \/>\n<meta name=\"author\" content=\"Sorbet-Kiwi\" \/>\n<meta name=\"twitter:card\" content=\"summary_large_image\" \/>\n<meta name=\"twitter:creator\" content=\"@pepparshoes\" \/>\n<meta name=\"twitter:site\" content=\"@pepparshoes\" \/>\n<meta name=\"twitter:label1\" content=\"\u00c9crit par\" \/>\n\t<meta name=\"twitter:data1\" content=\"Sorbet-Kiwi\" \/>\n\t<meta name=\"twitter:label2\" content=\"Dur\u00e9e de lecture estim\u00e9e\" \/>\n\t<meta name=\"twitter:data2\" content=\"3 minutes\" \/>\n<script type=\"application\/ld+json\" class=\"yoast-schema-graph\">{\"@context\":\"https:\\\/\\\/schema.org\",\"@graph\":[{\"@type\":\"Article\",\"@id\":\"https:\\\/\\\/sorbetkiwi.fr\\\/index.php\\\/le-cimetiere-des-mots-doux-de-agnes-ledig-et-frederic-pillot\\\/#article\",\"isPartOf\":{\"@id\":\"https:\\\/\\\/sorbetkiwi.fr\\\/index.php\\\/le-cimetiere-des-mots-doux-de-agnes-ledig-et-frederic-pillot\\\/\"},\"author\":{\"name\":\"Sorbet-Kiwi\",\"@id\":\"https:\\\/\\\/sorbetkiwi.fr\\\/#\\\/schema\\\/person\\\/ed1b7b527a2957ddc3bf38b076540659\"},\"headline\":\"Le cimeti\u00e8re des mots doux de Ledig et Pillot\",\"datePublished\":\"2023-07-05T05:00:00+00:00\",\"mainEntityOfPage\":{\"@id\":\"https:\\\/\\\/sorbetkiwi.fr\\\/index.php\\\/le-cimetiere-des-mots-doux-de-agnes-ledig-et-frederic-pillot\\\/\"},\"wordCount\":498,\"commentCount\":5,\"publisher\":{\"@id\":\"https:\\\/\\\/sorbetkiwi.fr\\\/#organization\"},\"image\":{\"@id\":\"https:\\\/\\\/sorbetkiwi.fr\\\/index.php\\\/le-cimetiere-des-mots-doux-de-agnes-ledig-et-frederic-pillot\\\/#primaryimage\"},\"thumbnailUrl\":\"https:\\\/\\\/sorbetkiwi.fr\\\/wp-content\\\/uploads\\\/2023\\\/06\\\/Le-cimetiere-des-mots-doux-Ledig-1-scaled.jpg\",\"keywords\":[\"Agn\u00e8s Ledig\",\"Albin Michel\",\"Albin Michel Jeunesse\",\"Deuil\",\"Editions Albin Michel\",\"\u00e9t\u00e9\",\"Fr\u00e9d\u00e9ric Pillot\",\"Le cimeti\u00e8re des mots doux\",\"Maladie\",\"Nature\"],\"articleSection\":[\"B\u00e9n\u00e9volat\",\"L'\u00e9t\u00e9\",\"Tout le blog\"],\"inLanguage\":\"fr-FR\",\"potentialAction\":[{\"@type\":\"CommentAction\",\"name\":\"Comment\",\"target\":[\"https:\\\/\\\/sorbetkiwi.fr\\\/index.php\\\/le-cimetiere-des-mots-doux-de-agnes-ledig-et-frederic-pillot\\\/#respond\"]}]},{\"@type\":\"WebPage\",\"@id\":\"https:\\\/\\\/sorbetkiwi.fr\\\/index.php\\\/le-cimetiere-des-mots-doux-de-agnes-ledig-et-frederic-pillot\\\/\",\"url\":\"https:\\\/\\\/sorbetkiwi.fr\\\/index.php\\\/le-cimetiere-des-mots-doux-de-agnes-ledig-et-frederic-pillot\\\/\",\"name\":\"Le cimeti\u00e8re des mots doux de Ledig et Pillot - Sorbet Kiwi\",\"isPartOf\":{\"@id\":\"https:\\\/\\\/sorbetkiwi.fr\\\/#website\"},\"primaryImageOfPage\":{\"@id\":\"https:\\\/\\\/sorbetkiwi.fr\\\/index.php\\\/le-cimetiere-des-mots-doux-de-agnes-ledig-et-frederic-pillot\\\/#primaryimage\"},\"image\":{\"@id\":\"https:\\\/\\\/sorbetkiwi.fr\\\/index.php\\\/le-cimetiere-des-mots-doux-de-agnes-ledig-et-frederic-pillot\\\/#primaryimage\"},\"thumbnailUrl\":\"https:\\\/\\\/sorbetkiwi.fr\\\/wp-content\\\/uploads\\\/2023\\\/06\\\/Le-cimetiere-des-mots-doux-Ledig-1-scaled.jpg\",\"datePublished\":\"2023-07-05T05:00:00+00:00\",\"description\":\"L'album du mercredi est Le cimeti\u00e8re des mots doux de Agn\u00e8s Ledig et de Fr\u00e9d\u00e9ric Pillot aux \u00e9ditions Albin Michel Jeunesse.\",\"breadcrumb\":{\"@id\":\"https:\\\/\\\/sorbetkiwi.fr\\\/index.php\\\/le-cimetiere-des-mots-doux-de-agnes-ledig-et-frederic-pillot\\\/#breadcrumb\"},\"inLanguage\":\"fr-FR\",\"potentialAction\":[{\"@type\":\"ReadAction\",\"target\":[\"https:\\\/\\\/sorbetkiwi.fr\\\/index.php\\\/le-cimetiere-des-mots-doux-de-agnes-ledig-et-frederic-pillot\\\/\"]}]},{\"@type\":\"ImageObject\",\"inLanguage\":\"fr-FR\",\"@id\":\"https:\\\/\\\/sorbetkiwi.fr\\\/index.php\\\/le-cimetiere-des-mots-doux-de-agnes-ledig-et-frederic-pillot\\\/#primaryimage\",\"url\":\"https:\\\/\\\/sorbetkiwi.fr\\\/wp-content\\\/uploads\\\/2023\\\/06\\\/Le-cimetiere-des-mots-doux-Ledig-1-scaled.jpg\",\"contentUrl\":\"https:\\\/\\\/sorbetkiwi.fr\\\/wp-content\\\/uploads\\\/2023\\\/06\\\/Le-cimetiere-des-mots-doux-Ledig-1-scaled.jpg\",\"width\":1920,\"height\":2560},{\"@type\":\"BreadcrumbList\",\"@id\":\"https:\\\/\\\/sorbetkiwi.fr\\\/index.php\\\/le-cimetiere-des-mots-doux-de-agnes-ledig-et-frederic-pillot\\\/#breadcrumb\",\"itemListElement\":[{\"@type\":\"ListItem\",\"position\":1,\"name\":\"Accueil\",\"item\":\"https:\\\/\\\/sorbetkiwi.fr\\\/\"},{\"@type\":\"ListItem\",\"position\":2,\"name\":\"Le cimeti\u00e8re des mots doux de Ledig et Pillot\"}]},{\"@type\":\"WebSite\",\"@id\":\"https:\\\/\\\/sorbetkiwi.fr\\\/#website\",\"url\":\"https:\\\/\\\/sorbetkiwi.fr\\\/\",\"name\":\"Sorbet Kiwi\",\"description\":\"Des lectures th\u00e9matiques par saison et les avis qui vont avec\",\"publisher\":{\"@id\":\"https:\\\/\\\/sorbetkiwi.fr\\\/#organization\"},\"potentialAction\":[{\"@type\":\"SearchAction\",\"target\":{\"@type\":\"EntryPoint\",\"urlTemplate\":\"https:\\\/\\\/sorbetkiwi.fr\\\/?s={search_term_string}\"},\"query-input\":{\"@type\":\"PropertyValueSpecification\",\"valueRequired\":true,\"valueName\":\"search_term_string\"}}],\"inLanguage\":\"fr-FR\"},{\"@type\":\"Organization\",\"@id\":\"https:\\\/\\\/sorbetkiwi.fr\\\/#organization\",\"name\":\"Sorbet Kiwi\",\"url\":\"https:\\\/\\\/sorbetkiwi.fr\\\/\",\"logo\":{\"@type\":\"ImageObject\",\"inLanguage\":\"fr-FR\",\"@id\":\"https:\\\/\\\/sorbetkiwi.fr\\\/#\\\/schema\\\/logo\\\/image\\\/\",\"url\":\"https:\\\/\\\/sorbetkiwi.fr\\\/wp-content\\\/uploads\\\/2022\\\/10\\\/Banniere-Sorbet-Kiwi-2022.jpg\",\"contentUrl\":\"https:\\\/\\\/sorbetkiwi.fr\\\/wp-content\\\/uploads\\\/2022\\\/10\\\/Banniere-Sorbet-Kiwi-2022.jpg\",\"width\":814,\"height\":401,\"caption\":\"Sorbet Kiwi\"},\"image\":{\"@id\":\"https:\\\/\\\/sorbetkiwi.fr\\\/#\\\/schema\\\/logo\\\/image\\\/\"},\"sameAs\":[\"https:\\\/\\\/www.facebook.com\\\/profile.php?id=100086238893269\",\"https:\\\/\\\/x.com\\\/pepparshoes\",\"https:\\\/\\\/www.instagram.com\\\/sorbetkiwi\\\/\",\"https:\\\/\\\/www.tiktok.com\\\/sorbetkiwi\"]},{\"@type\":\"Person\",\"@id\":\"https:\\\/\\\/sorbetkiwi.fr\\\/#\\\/schema\\\/person\\\/ed1b7b527a2957ddc3bf38b076540659\",\"name\":\"Sorbet-Kiwi\",\"image\":{\"@type\":\"ImageObject\",\"inLanguage\":\"fr-FR\",\"@id\":\"https:\\\/\\\/secure.gravatar.com\\\/avatar\\\/86f0a5c27d76317621b9e374d0f3a01d3a85278f10d0c7207ced4fd773057442?s=96&d=mm&r=g\",\"url\":\"https:\\\/\\\/secure.gravatar.com\\\/avatar\\\/86f0a5c27d76317621b9e374d0f3a01d3a85278f10d0c7207ced4fd773057442?s=96&d=mm&r=g\",\"contentUrl\":\"https:\\\/\\\/secure.gravatar.com\\\/avatar\\\/86f0a5c27d76317621b9e374d0f3a01d3a85278f10d0c7207ced4fd773057442?s=96&d=mm&r=g\",\"caption\":\"Sorbet-Kiwi\"},\"sameAs\":[\"http:\\\/\\\/sorbetkiwi.fr\"],\"url\":\"https:\\\/\\\/sorbetkiwi.fr\\\/index.php\\\/author\\\/admin7717\\\/\"}]}<\/script>\n<!-- \/ Yoast SEO plugin. -->","yoast_head_json":{"title":"Le cimeti\u00e8re des mots doux de Ledig et Pillot - Sorbet Kiwi","description":"L'album du mercredi est Le cimeti\u00e8re des mots doux de Agn\u00e8s Ledig et de Fr\u00e9d\u00e9ric Pillot aux \u00e9ditions Albin Michel Jeunesse.","robots":{"index":"index","follow":"follow","max-snippet":"max-snippet:-1","max-image-preview":"max-image-preview:large","max-video-preview":"max-video-preview:-1"},"canonical":"https:\/\/sorbetkiwi.fr\/index.php\/le-cimetiere-des-mots-doux-de-agnes-ledig-et-frederic-pillot\/","og_locale":"fr_FR","og_type":"article","og_title":"Le cimeti\u00e8re des mots doux de Ledig et Pillot - Sorbet Kiwi","og_description":"L'album du mercredi est Le cimeti\u00e8re des mots doux de Agn\u00e8s Ledig et de Fr\u00e9d\u00e9ric Pillot aux \u00e9ditions Albin Michel Jeunesse.","og_url":"https:\/\/sorbetkiwi.fr\/index.php\/le-cimetiere-des-mots-doux-de-agnes-ledig-et-frederic-pillot\/","og_site_name":"Sorbet Kiwi","article_publisher":"https:\/\/www.facebook.com\/profile.php?id=100086238893269","article_published_time":"2023-07-05T05:00:00+00:00","og_image":[{"width":1920,"height":2560,"url":"https:\/\/sorbetkiwi.fr\/wp-content\/uploads\/2023\/06\/Le-cimetiere-des-mots-doux-Ledig-1-scaled.jpg","type":"image\/jpeg"}],"author":"Sorbet-Kiwi","twitter_card":"summary_large_image","twitter_creator":"@pepparshoes","twitter_site":"@pepparshoes","twitter_misc":{"\u00c9crit par":"Sorbet-Kiwi","Dur\u00e9e de lecture estim\u00e9e":"3 minutes"},"schema":{"@context":"https:\/\/schema.org","@graph":[{"@type":"Article","@id":"https:\/\/sorbetkiwi.fr\/index.php\/le-cimetiere-des-mots-doux-de-agnes-ledig-et-frederic-pillot\/#article","isPartOf":{"@id":"https:\/\/sorbetkiwi.fr\/index.php\/le-cimetiere-des-mots-doux-de-agnes-ledig-et-frederic-pillot\/"},"author":{"name":"Sorbet-Kiwi","@id":"https:\/\/sorbetkiwi.fr\/#\/schema\/person\/ed1b7b527a2957ddc3bf38b076540659"},"headline":"Le cimeti\u00e8re des mots doux de Ledig et Pillot","datePublished":"2023-07-05T05:00:00+00:00","mainEntityOfPage":{"@id":"https:\/\/sorbetkiwi.fr\/index.php\/le-cimetiere-des-mots-doux-de-agnes-ledig-et-frederic-pillot\/"},"wordCount":498,"commentCount":5,"publisher":{"@id":"https:\/\/sorbetkiwi.fr\/#organization"},"image":{"@id":"https:\/\/sorbetkiwi.fr\/index.php\/le-cimetiere-des-mots-doux-de-agnes-ledig-et-frederic-pillot\/#primaryimage"},"thumbnailUrl":"https:\/\/sorbetkiwi.fr\/wp-content\/uploads\/2023\/06\/Le-cimetiere-des-mots-doux-Ledig-1-scaled.jpg","keywords":["Agn\u00e8s Ledig","Albin Michel","Albin Michel Jeunesse","Deuil","Editions Albin Michel","\u00e9t\u00e9","Fr\u00e9d\u00e9ric Pillot","Le cimeti\u00e8re des mots doux","Maladie","Nature"],"articleSection":["B\u00e9n\u00e9volat","L'\u00e9t\u00e9","Tout le blog"],"inLanguage":"fr-FR","potentialAction":[{"@type":"CommentAction","name":"Comment","target":["https:\/\/sorbetkiwi.fr\/index.php\/le-cimetiere-des-mots-doux-de-agnes-ledig-et-frederic-pillot\/#respond"]}]},{"@type":"WebPage","@id":"https:\/\/sorbetkiwi.fr\/index.php\/le-cimetiere-des-mots-doux-de-agnes-ledig-et-frederic-pillot\/","url":"https:\/\/sorbetkiwi.fr\/index.php\/le-cimetiere-des-mots-doux-de-agnes-ledig-et-frederic-pillot\/","name":"Le cimeti\u00e8re des mots doux de Ledig et Pillot - Sorbet Kiwi","isPartOf":{"@id":"https:\/\/sorbetkiwi.fr\/#website"},"primaryImageOfPage":{"@id":"https:\/\/sorbetkiwi.fr\/index.php\/le-cimetiere-des-mots-doux-de-agnes-ledig-et-frederic-pillot\/#primaryimage"},"image":{"@id":"https:\/\/sorbetkiwi.fr\/index.php\/le-cimetiere-des-mots-doux-de-agnes-ledig-et-frederic-pillot\/#primaryimage"},"thumbnailUrl":"https:\/\/sorbetkiwi.fr\/wp-content\/uploads\/2023\/06\/Le-cimetiere-des-mots-doux-Ledig-1-scaled.jpg","datePublished":"2023-07-05T05:00:00+00:00","description":"L'album du mercredi est Le cimeti\u00e8re des mots doux de Agn\u00e8s Ledig et de Fr\u00e9d\u00e9ric Pillot aux \u00e9ditions Albin Michel Jeunesse.","breadcrumb":{"@id":"https:\/\/sorbetkiwi.fr\/index.php\/le-cimetiere-des-mots-doux-de-agnes-ledig-et-frederic-pillot\/#breadcrumb"},"inLanguage":"fr-FR","potentialAction":[{"@type":"ReadAction","target":["https:\/\/sorbetkiwi.fr\/index.php\/le-cimetiere-des-mots-doux-de-agnes-ledig-et-frederic-pillot\/"]}]},{"@type":"ImageObject","inLanguage":"fr-FR","@id":"https:\/\/sorbetkiwi.fr\/index.php\/le-cimetiere-des-mots-doux-de-agnes-ledig-et-frederic-pillot\/#primaryimage","url":"https:\/\/sorbetkiwi.fr\/wp-content\/uploads\/2023\/06\/Le-cimetiere-des-mots-doux-Ledig-1-scaled.jpg","contentUrl":"https:\/\/sorbetkiwi.fr\/wp-content\/uploads\/2023\/06\/Le-cimetiere-des-mots-doux-Ledig-1-scaled.jpg","width":1920,"height":2560},{"@type":"BreadcrumbList","@id":"https:\/\/sorbetkiwi.fr\/index.php\/le-cimetiere-des-mots-doux-de-agnes-ledig-et-frederic-pillot\/#breadcrumb","itemListElement":[{"@type":"ListItem","position":1,"name":"Accueil","item":"https:\/\/sorbetkiwi.fr\/"},{"@type":"ListItem","position":2,"name":"Le cimeti\u00e8re des mots doux de Ledig et Pillot"}]},{"@type":"WebSite","@id":"https:\/\/sorbetkiwi.fr\/#website","url":"https:\/\/sorbetkiwi.fr\/","name":"Sorbet Kiwi","description":"Des lectures th\u00e9matiques par saison et les avis qui vont avec","publisher":{"@id":"https:\/\/sorbetkiwi.fr\/#organization"},"potentialAction":[{"@type":"SearchAction","target":{"@type":"EntryPoint","urlTemplate":"https:\/\/sorbetkiwi.fr\/?s={search_term_string}"},"query-input":{"@type":"PropertyValueSpecification","valueRequired":true,"valueName":"search_term_string"}}],"inLanguage":"fr-FR"},{"@type":"Organization","@id":"https:\/\/sorbetkiwi.fr\/#organization","name":"Sorbet Kiwi","url":"https:\/\/sorbetkiwi.fr\/","logo":{"@type":"ImageObject","inLanguage":"fr-FR","@id":"https:\/\/sorbetkiwi.fr\/#\/schema\/logo\/image\/","url":"https:\/\/sorbetkiwi.fr\/wp-content\/uploads\/2022\/10\/Banniere-Sorbet-Kiwi-2022.jpg","contentUrl":"https:\/\/sorbetkiwi.fr\/wp-content\/uploads\/2022\/10\/Banniere-Sorbet-Kiwi-2022.jpg","width":814,"height":401,"caption":"Sorbet Kiwi"},"image":{"@id":"https:\/\/sorbetkiwi.fr\/#\/schema\/logo\/image\/"},"sameAs":["https:\/\/www.facebook.com\/profile.php?id=100086238893269","https:\/\/x.com\/pepparshoes","https:\/\/www.instagram.com\/sorbetkiwi\/","https:\/\/www.tiktok.com\/sorbetkiwi"]},{"@type":"Person","@id":"https:\/\/sorbetkiwi.fr\/#\/schema\/person\/ed1b7b527a2957ddc3bf38b076540659","name":"Sorbet-Kiwi","image":{"@type":"ImageObject","inLanguage":"fr-FR","@id":"https:\/\/secure.gravatar.com\/avatar\/86f0a5c27d76317621b9e374d0f3a01d3a85278f10d0c7207ced4fd773057442?s=96&d=mm&r=g","url":"https:\/\/secure.gravatar.com\/avatar\/86f0a5c27d76317621b9e374d0f3a01d3a85278f10d0c7207ced4fd773057442?s=96&d=mm&r=g","contentUrl":"https:\/\/secure.gravatar.com\/avatar\/86f0a5c27d76317621b9e374d0f3a01d3a85278f10d0c7207ced4fd773057442?s=96&d=mm&r=g","caption":"Sorbet-Kiwi"},"sameAs":["http:\/\/sorbetkiwi.fr"],"url":"https:\/\/sorbetkiwi.fr\/index.php\/author\/admin7717\/"}]}},"_links":{"self":[{"href":"https:\/\/sorbetkiwi.fr\/index.php\/wp-json\/wp\/v2\/posts\/3150","targetHints":{"allow":["GET"]}}],"collection":[{"href":"https:\/\/sorbetkiwi.fr\/index.php\/wp-json\/wp\/v2\/posts"}],"about":[{"href":"https:\/\/sorbetkiwi.fr\/index.php\/wp-json\/wp\/v2\/types\/post"}],"author":[{"embeddable":true,"href":"https:\/\/sorbetkiwi.fr\/index.php\/wp-json\/wp\/v2\/users\/1"}],"replies":[{"embeddable":true,"href":"https:\/\/sorbetkiwi.fr\/index.php\/wp-json\/wp\/v2\/comments?post=3150"}],"version-history":[{"count":6,"href":"https:\/\/sorbetkiwi.fr\/index.php\/wp-json\/wp\/v2\/posts\/3150\/revisions"}],"predecessor-version":[{"id":3156,"href":"https:\/\/sorbetkiwi.fr\/index.php\/wp-json\/wp\/v2\/posts\/3150\/revisions\/3156"}],"wp:featuredmedia":[{"embeddable":true,"href":"https:\/\/sorbetkiwi.fr\/index.php\/wp-json\/wp\/v2\/media\/3180"}],"wp:attachment":[{"href":"https:\/\/sorbetkiwi.fr\/index.php\/wp-json\/wp\/v2\/media?parent=3150"}],"wp:term":[{"taxonomy":"category","embeddable":true,"href":"https:\/\/sorbetkiwi.fr\/index.php\/wp-json\/wp\/v2\/categories?post=3150"},{"taxonomy":"post_tag","embeddable":true,"href":"https:\/\/sorbetkiwi.fr\/index.php\/wp-json\/wp\/v2\/tags?post=3150"}],"curies":[{"name":"wp","href":"https:\/\/api.w.org\/{rel}","templated":true}]}}