{"id":2984,"date":"2023-06-27T09:10:00","date_gmt":"2023-06-27T07:10:00","guid":{"rendered":"https:\/\/sorbetkiwi.fr\/?p=2984"},"modified":"2023-06-26T12:39:26","modified_gmt":"2023-06-26T10:39:26","slug":"ce-garcon-de-maby-et-valentin-marechal","status":"publish","type":"post","link":"https:\/\/sorbetkiwi.fr\/index.php\/ce-garcon-de-maby-et-valentin-marechal\/","title":{"rendered":"Ce gar\u00e7on de Maby et Valentin Marechal"},"content":{"rendered":"\t\t<div data-elementor-type=\"wp-post\" data-elementor-id=\"2984\" class=\"elementor elementor-2984\">\n\t\t\t\t\t\t<section class=\"elementor-section elementor-top-section elementor-element elementor-element-64ac14e elementor-section-boxed elementor-section-height-default elementor-section-height-default\" data-id=\"64ac14e\" data-element_type=\"section\" data-e-type=\"section\">\n\t\t\t\t\t\t<div class=\"elementor-container elementor-column-gap-default\">\n\t\t\t\t\t<div class=\"elementor-column elementor-col-100 elementor-top-column elementor-element elementor-element-67426c7c\" data-id=\"67426c7c\" data-element_type=\"column\" data-e-type=\"column\">\n\t\t\t<div class=\"elementor-widget-wrap elementor-element-populated\">\n\t\t\t\t\t\t<div class=\"elementor-element elementor-element-430378f8 elementor-widget elementor-widget-heading\" data-id=\"430378f8\" data-element_type=\"widget\" data-e-type=\"widget\" data-widget_type=\"heading.default\">\n\t\t\t\t<div class=\"elementor-widget-container\">\n\t\t\t\t\t<h1 class=\"elementor-heading-title elementor-size-medium\">Ce gar\u00e7on<\/h1>\t\t\t\t<\/div>\n\t\t\t\t<\/div>\n\t\t\t\t<div class=\"elementor-element elementor-element-49255b5 elementor-view-default elementor-widget elementor-widget-icon\" data-id=\"49255b5\" data-element_type=\"widget\" data-e-type=\"widget\" data-widget_type=\"icon.default\">\n\t\t\t\t<div class=\"elementor-widget-container\">\n\t\t\t\t\t\t\t<div class=\"elementor-icon-wrapper\">\n\t\t\t<div class=\"elementor-icon\">\n\t\t\t<i aria-hidden=\"true\" class=\"fas fa-cocktail\"><\/i>\t\t\t<\/div>\n\t\t<\/div>\n\t\t\t\t\t\t<\/div>\n\t\t\t\t<\/div>\n\t\t\t\t<div class=\"elementor-element elementor-element-5f63d062 elementor-widget-divider--view-line elementor-widget elementor-widget-divider\" data-id=\"5f63d062\" data-element_type=\"widget\" data-e-type=\"widget\" data-widget_type=\"divider.default\">\n\t\t\t\t<div class=\"elementor-widget-container\">\n\t\t\t\t\t\t\t<div class=\"elementor-divider\">\n\t\t\t<span class=\"elementor-divider-separator\">\n\t\t\t\t\t\t<\/span>\n\t\t<\/div>\n\t\t\t\t\t\t<\/div>\n\t\t\t\t<\/div>\n\t\t\t\t<div class=\"elementor-element elementor-element-385be689 elementor-widget elementor-widget-heading\" data-id=\"385be689\" data-element_type=\"widget\" data-e-type=\"widget\" data-widget_type=\"heading.default\">\n\t\t\t\t<div class=\"elementor-widget-container\">\n\t\t\t\t\t<h2 class=\"elementor-heading-title elementor-size-medium\">R\u00e9sum\u00e9<\/h2>\t\t\t\t<\/div>\n\t\t\t\t<\/div>\n\t\t\t\t<div class=\"elementor-element elementor-element-11540fbe elementor-widget elementor-widget-text-editor\" data-id=\"11540fbe\" data-element_type=\"widget\" data-e-type=\"widget\" data-widget_type=\"text-editor.default\">\n\t\t\t\t<div class=\"elementor-widget-container\">\n\t\t\t\t\t\t\t\t\t<p>Quand la petite histoire s&rsquo;impr\u00e8gne de la grande Mai 68. La M\u00e8re, Jean et ses soeurs quittent Paris pr\u00e9cipitamment pour le Beaujolais. Gaulliste acharn\u00e9e, la M\u00e8re a des craintes de guerre civile. Jean, lui, est persuad\u00e9 qu&rsquo;elle leur cache quelque chose.Faut dire qu&rsquo;elle est \u00e9trange, la M\u00e8re, avec sa jambe de bois et ses impr\u00e9visibles coups de gueule. Alors qu&rsquo;Herman, un id\u00e9aliste recherch\u00e9 par la police, surgit dans leur vie, s&rsquo;instaure un jeu de cache-cache qui pourrait bien faire \u00e9clater la v\u00e9rit\u00e9&#8230;<\/p>\t\t\t\t\t\t\t\t<\/div>\n\t\t\t\t<\/div>\n\t\t\t\t<div class=\"elementor-element elementor-element-189a2044 elementor-widget-divider--view-line elementor-widget elementor-widget-divider\" data-id=\"189a2044\" data-element_type=\"widget\" data-e-type=\"widget\" data-widget_type=\"divider.default\">\n\t\t\t\t<div class=\"elementor-widget-container\">\n\t\t\t\t\t\t\t<div class=\"elementor-divider\">\n\t\t\t<span class=\"elementor-divider-separator\">\n\t\t\t\t\t\t<\/span>\n\t\t<\/div>\n\t\t\t\t\t\t<\/div>\n\t\t\t\t<\/div>\n\t\t\t\t<div class=\"elementor-element elementor-element-2cb76925 elementor-widget elementor-widget-heading\" data-id=\"2cb76925\" data-element_type=\"widget\" data-e-type=\"widget\" data-widget_type=\"heading.default\">\n\t\t\t\t<div class=\"elementor-widget-container\">\n\t\t\t\t\t<h2 class=\"elementor-heading-title elementor-size-medium\">Ma note<\/h2>\t\t\t\t<\/div>\n\t\t\t\t<\/div>\n\t\t\t\t<div class=\"elementor-element elementor-element-d879625 elementor-star-rating--align-center elementor--star-style-star_fontawesome elementor-widget elementor-widget-star-rating\" data-id=\"d879625\" data-element_type=\"widget\" data-e-type=\"widget\" data-widget_type=\"star-rating.default\">\n\t\t\t\t<div class=\"elementor-widget-container\">\n\t\t\t\t\t\t\t<div class=\"elementor-star-rating__wrapper\">\n\t\t\t\t\t\t<div class=\"elementor-star-rating\" itemtype=\"http:\/\/schema.org\/Rating\" itemscope=\"\" itemprop=\"reviewRating\">\n\t\t\t\t<i class=\"elementor-star-full\" aria-hidden=\"true\">&#xE934;<\/i><i class=\"elementor-star-full\" aria-hidden=\"true\">&#xE934;<\/i><i class=\"elementor-star-full\" aria-hidden=\"true\">&#xE934;<\/i><i class=\"elementor-star-5\" aria-hidden=\"true\">&#xE934;<\/i><i class=\"elementor-star-empty\" aria-hidden=\"true\">&#xE934;<\/i>\t\t\t\t<span itemprop=\"ratingValue\" class=\"elementor-screen-only\">Not\u00e9 3.5 sur 5<\/span>\n\t\t\t<\/div>\n\t\t<\/div>\n\t\t\t\t\t\t<\/div>\n\t\t\t\t<\/div>\n\t\t\t\t<div class=\"elementor-element elementor-element-24a5729b elementor-widget-divider--view-line elementor-widget elementor-widget-divider\" data-id=\"24a5729b\" data-element_type=\"widget\" data-e-type=\"widget\" data-widget_type=\"divider.default\">\n\t\t\t\t<div class=\"elementor-widget-container\">\n\t\t\t\t\t\t\t<div class=\"elementor-divider\">\n\t\t\t<span class=\"elementor-divider-separator\">\n\t\t\t\t\t\t<\/span>\n\t\t<\/div>\n\t\t\t\t\t\t<\/div>\n\t\t\t\t<\/div>\n\t\t\t\t<div class=\"elementor-element elementor-element-a0dc4d4 elementor-widget elementor-widget-heading\" data-id=\"a0dc4d4\" data-element_type=\"widget\" data-e-type=\"widget\" data-widget_type=\"heading.default\">\n\t\t\t\t<div class=\"elementor-widget-container\">\n\t\t\t\t\t<h2 class=\"elementor-heading-title elementor-size-medium\">Des illustrations prometteuses<\/h2>\t\t\t\t<\/div>\n\t\t\t\t<\/div>\n\t\t\t\t<div class=\"elementor-element elementor-element-5ecc0d2a elementor-widget elementor-widget-text-editor\" data-id=\"5ecc0d2a\" data-element_type=\"widget\" data-e-type=\"widget\" data-widget_type=\"text-editor.default\">\n\t\t\t\t<div class=\"elementor-widget-container\">\n\t\t\t\t\t\t\t\t\t<p>Certaines BD semblent tr\u00e8s prometteuses, et finalement, je ne suis plus si emball\u00e9e que cela en les refermant. Je peux prendre pour exemple <a href=\"https:\/\/sorbetkiwi.fr\/index.php\/les-carnets-de-cerise-et-valentin-de-chamblain\/\">Les carnets de Cerise et Valentin<\/a> dont j&rsquo;attendais tellement, et finalement, j&rsquo;\u00e9tais plut\u00f4t d\u00e9\u00e7ue. Pour <a href=\"https:\/\/www.livraddict.com\/biblio\/livre\/ce-garcon.html\">Ce gar\u00e7on<\/a>, ce n&rsquo;\u00e9tait pas aussi intense. D\u00e9j\u00e0, parce que ce n&rsquo;est pas une s\u00e9rie. En un tome, l&rsquo;histoire est termin\u00e9e, il n&rsquo;y a donc pas d&rsquo;attentes \u00e0 combler, ou de suite \u00e0 laquelle faire honneur. En plus, j&rsquo;ai vraiment ador\u00e9 le dessin. Il donne le ton, l&rsquo;ambiance est pos\u00e9e. A Paris, en mai 1968, on ressentait la col\u00e8re des habitants. Puis dans le Beaujolais, il y a la verdure, le ciel bleu, l&rsquo;air de la campagne&#8230; J&rsquo;ai tout ressenti gr\u00e2ce au coup de crayon et aux couleurs !<\/p>\t\t\t\t\t\t\t\t<\/div>\n\t\t\t\t<\/div>\n\t\t\t\t<div class=\"elementor-element elementor-element-23df7f25 elementor-widget-divider--view-line elementor-widget elementor-widget-divider\" data-id=\"23df7f25\" data-element_type=\"widget\" data-e-type=\"widget\" data-widget_type=\"divider.default\">\n\t\t\t\t<div class=\"elementor-widget-container\">\n\t\t\t\t\t\t\t<div class=\"elementor-divider\">\n\t\t\t<span class=\"elementor-divider-separator\">\n\t\t\t\t\t\t<\/span>\n\t\t<\/div>\n\t\t\t\t\t\t<\/div>\n\t\t\t\t<\/div>\n\t\t\t\t<div class=\"elementor-element elementor-element-47706196 elementor-widget elementor-widget-heading\" data-id=\"47706196\" data-element_type=\"widget\" data-e-type=\"widget\" data-widget_type=\"heading.default\">\n\t\t\t\t<div class=\"elementor-widget-container\">\n\t\t\t\t\t<h4 class=\"elementor-heading-title elementor-size-medium\">\"Ce printemps-l\u00e0, c'\u00e9tait le printemps de 1968. Au mois de mai, plus pr\u00e9cis\u00e9ment.\"<\/h4>\t\t\t\t<\/div>\n\t\t\t\t<\/div>\n\t\t\t\t<div class=\"elementor-element elementor-element-1acba03 elementor-widget-divider--view-line elementor-widget elementor-widget-divider\" data-id=\"1acba03\" data-element_type=\"widget\" data-e-type=\"widget\" data-widget_type=\"divider.default\">\n\t\t\t\t<div class=\"elementor-widget-container\">\n\t\t\t\t\t\t\t<div class=\"elementor-divider\">\n\t\t\t<span class=\"elementor-divider-separator\">\n\t\t\t\t\t\t<\/span>\n\t\t<\/div>\n\t\t\t\t\t\t<\/div>\n\t\t\t\t<\/div>\n\t\t\t\t<div class=\"elementor-element elementor-element-2988acd elementor-widget elementor-widget-heading\" data-id=\"2988acd\" data-element_type=\"widget\" data-e-type=\"widget\" data-widget_type=\"heading.default\">\n\t\t\t\t<div class=\"elementor-widget-container\">\n\t\t\t\t\t<h2 class=\"elementor-heading-title elementor-size-medium\">Un sc\u00e9nario qui pose de nombreuses questions..<\/h2>\t\t\t\t<\/div>\n\t\t\t\t<\/div>\n\t\t\t\t<div class=\"elementor-element elementor-element-42df30b9 elementor-widget elementor-widget-text-editor\" data-id=\"42df30b9\" data-element_type=\"widget\" data-e-type=\"widget\" data-widget_type=\"text-editor.default\">\n\t\t\t\t<div class=\"elementor-widget-container\">\n\t\t\t\t\t\t\t\t\t<p>C&rsquo;est au niveau du sc\u00e9nario que je suis moins emball\u00e9e. Pourtant, tout \u00e9tait l\u00e0 ! J&rsquo;ai notamment \u00e9t\u00e9 rapidement intrigu\u00e9e par l&rsquo;histoire : on voit l&rsquo;entourage de Jean \u00e0 travers son regard et son prisme d&rsquo;enfant qui s&rsquo;ennuie, ce qui permet de sortir des codes. Du \u00e0 son \u00e9tat avanc\u00e9 d&rsquo;\u00e9nergie \u00e0 d\u00e9penser, ce gar\u00e7on va enqu\u00eater sur sa m\u00e8re. Comme il ne va pas \u00e0 l&rsquo;\u00e9cole et que le soleil est au beau fixe, l&rsquo;ambiance est clairement estivale. Le voici lanc\u00e9. En parall\u00e8le de sa qu\u00eate de v\u00e9rit\u00e9, il va aider un fugitif. Voil\u00e0 ce qui donne un printemps cocasse ! De mai 1968 \u00e0 l&rsquo;hiver 43, le c\u00f4t\u00e9 historique soul\u00e8ve de nombreuses questions, auxquelles Jean va chercher les r\u00e9ponses.\u00a0<\/p>\t\t\t\t\t\t\t\t<\/div>\n\t\t\t\t<\/div>\n\t\t\t\t<div class=\"elementor-element elementor-element-1f14a12a elementor-widget-divider--view-line elementor-widget elementor-widget-divider\" data-id=\"1f14a12a\" data-element_type=\"widget\" data-e-type=\"widget\" data-widget_type=\"divider.default\">\n\t\t\t\t<div class=\"elementor-widget-container\">\n\t\t\t\t\t\t\t<div class=\"elementor-divider\">\n\t\t\t<span class=\"elementor-divider-separator\">\n\t\t\t\t\t\t<\/span>\n\t\t<\/div>\n\t\t\t\t\t\t<\/div>\n\t\t\t\t<\/div>\n\t\t\t\t<div class=\"elementor-element elementor-element-509f0ce0 elementor-widget elementor-widget-heading\" data-id=\"509f0ce0\" data-element_type=\"widget\" data-e-type=\"widget\" data-widget_type=\"heading.default\">\n\t\t\t\t<div class=\"elementor-widget-container\">\n\t\t\t\t\t<h2 class=\"elementor-heading-title elementor-size-medium\">...Sans nous offrir suffisamment de r\u00e9ponses<\/h2>\t\t\t\t<\/div>\n\t\t\t\t<\/div>\n\t\t\t\t<div class=\"elementor-element elementor-element-d4a0785 elementor-widget elementor-widget-text-editor\" data-id=\"d4a0785\" data-element_type=\"widget\" data-e-type=\"widget\" data-widget_type=\"text-editor.default\">\n\t\t\t\t<div class=\"elementor-widget-container\">\n\t\t\t\t\t\t\t\t\t<p>Sauf que l&rsquo;enfant n&rsquo;est pas espion. Son \u00e9ducation et sa relation avec Jean lui donnent pourtant de solides bases : il va apprendre la remise en question de l&rsquo;Etat et des v\u00e9rit\u00e9s toutes faites. Qui d\u00e9cr\u00e8te ce qui est juste ou non ? Bien ou mal ? Le gouvernement pourrait-il avoir tort dans ses agissements ? Il ne trouvera pas toutes les r\u00e9ponses, \u00e9tant encore un enfant. Comme lui, nous refermons la BD sans tout savoir, et je dois dire qu&rsquo;en tant que lectrice, j&rsquo;ai \u00e9t\u00e9 un peu frustr\u00e9e. J&rsquo;aurai voulu que l&rsquo;ensemble soit encore plus profond, que la fin soit moins rapide. Que les relations familiales soient encore plus d\u00e9velopp\u00e9es. Cela dit, j&rsquo;ai tout de m\u00eame d\u00e9couvert une jolie histoire familiale pleine de myst\u00e8re, comme aurait pu en raconter mon grand-p\u00e8re.\u00a0<\/p>\t\t\t\t\t\t\t\t<\/div>\n\t\t\t\t<\/div>\n\t\t\t\t\t<\/div>\n\t\t<\/div>\n\t\t\t\t\t<\/div>\n\t\t<\/section>\n\t\t\t\t<\/div>\n\t\t","protected":false},"excerpt":{"rendered":"<p>Ce gar\u00e7on R\u00e9sum\u00e9 Quand la petite histoire s&rsquo;impr\u00e8gne de la grande Mai 68. La M\u00e8re, Jean et ses soeurs quittent Paris pr\u00e9cipitamment pour le Beaujolais. Gaulliste acharn\u00e9e, la M\u00e8re a des craintes de guerre civile. &hellip; <\/p>\n","protected":false},"author":1,"featured_media":3110,"comment_status":"open","ping_status":"open","sticky":false,"template":"","format":"standard","meta":{"footnotes":""},"categories":[7,14,1],"tags":[80,79,296,819,823,822,118,824,820,821],"class_list":["post-2984","post","type-post","status-publish","format-standard","has-post-thumbnail","hentry","category-benevolat","category-l-ete","category-tout-le-blog","tag-bande-dessinee","tag-bd","tag-bd-du-mardi","tag-ce-garcon","tag-collection-ramdam","tag-editions-jungle","tag-historique","tag-jungle-ramdam","tag-maby","tag-valentin-marechal","has-single-img"],"yoast_head":"<!-- This site is optimized with the Yoast SEO plugin v27.4 - https:\/\/yoast.com\/product\/yoast-seo-wordpress\/ -->\n<title>Ce gar\u00e7on de Maby et Valentin Marechal - Sorbet Kiwi<\/title>\n<meta name=\"description\" content=\"La BD du mardi est aujourd&#039;hui d\u00e9di\u00e9 \u00e0 Ce gar\u00e7on de Maby et Valentin Mar\u00e9chal, publi\u00e9 aux \u00e9ditons Jungle, collection RamDam.\" \/>\n<meta name=\"robots\" content=\"index, follow, max-snippet:-1, max-image-preview:large, max-video-preview:-1\" \/>\n<link rel=\"canonical\" href=\"https:\/\/sorbetkiwi.fr\/index.php\/ce-garcon-de-maby-et-valentin-marechal\/\" \/>\n<meta property=\"og:locale\" content=\"fr_FR\" \/>\n<meta property=\"og:type\" content=\"article\" \/>\n<meta property=\"og:title\" content=\"Ce gar\u00e7on de Maby et Valentin Marechal - Sorbet Kiwi\" \/>\n<meta property=\"og:description\" content=\"La BD du mardi est aujourd&#039;hui d\u00e9di\u00e9 \u00e0 Ce gar\u00e7on de Maby et Valentin Mar\u00e9chal, publi\u00e9 aux \u00e9ditons Jungle, collection RamDam.\" \/>\n<meta property=\"og:url\" content=\"https:\/\/sorbetkiwi.fr\/index.php\/ce-garcon-de-maby-et-valentin-marechal\/\" \/>\n<meta property=\"og:site_name\" content=\"Sorbet Kiwi\" \/>\n<meta property=\"article:publisher\" content=\"https:\/\/www.facebook.com\/profile.php?id=100086238893269\" \/>\n<meta property=\"article:published_time\" content=\"2023-06-27T07:10:00+00:00\" \/>\n<meta property=\"og:image\" content=\"https:\/\/sorbetkiwi.fr\/wp-content\/uploads\/2023\/06\/img_5481-scaled.jpg\" \/>\n\t<meta property=\"og:image:width\" content=\"1920\" \/>\n\t<meta property=\"og:image:height\" content=\"2560\" \/>\n\t<meta property=\"og:image:type\" content=\"image\/jpeg\" \/>\n<meta name=\"author\" content=\"Sorbet-Kiwi\" \/>\n<meta name=\"twitter:card\" content=\"summary_large_image\" \/>\n<meta name=\"twitter:creator\" content=\"@pepparshoes\" \/>\n<meta name=\"twitter:site\" content=\"@pepparshoes\" \/>\n<meta name=\"twitter:label1\" content=\"\u00c9crit par\" \/>\n\t<meta name=\"twitter:data1\" content=\"Sorbet-Kiwi\" \/>\n\t<meta name=\"twitter:label2\" content=\"Dur\u00e9e de lecture estim\u00e9e\" \/>\n\t<meta name=\"twitter:data2\" content=\"3 minutes\" \/>\n<script type=\"application\/ld+json\" class=\"yoast-schema-graph\">{\"@context\":\"https:\\\/\\\/schema.org\",\"@graph\":[{\"@type\":\"Article\",\"@id\":\"https:\\\/\\\/sorbetkiwi.fr\\\/index.php\\\/ce-garcon-de-maby-et-valentin-marechal\\\/#article\",\"isPartOf\":{\"@id\":\"https:\\\/\\\/sorbetkiwi.fr\\\/index.php\\\/ce-garcon-de-maby-et-valentin-marechal\\\/\"},\"author\":{\"name\":\"Sorbet-Kiwi\",\"@id\":\"https:\\\/\\\/sorbetkiwi.fr\\\/#\\\/schema\\\/person\\\/ed1b7b527a2957ddc3bf38b076540659\"},\"headline\":\"Ce gar\u00e7on de Maby et Valentin Marechal\",\"datePublished\":\"2023-06-27T07:10:00+00:00\",\"mainEntityOfPage\":{\"@id\":\"https:\\\/\\\/sorbetkiwi.fr\\\/index.php\\\/ce-garcon-de-maby-et-valentin-marechal\\\/\"},\"wordCount\":573,\"commentCount\":4,\"publisher\":{\"@id\":\"https:\\\/\\\/sorbetkiwi.fr\\\/#organization\"},\"image\":{\"@id\":\"https:\\\/\\\/sorbetkiwi.fr\\\/index.php\\\/ce-garcon-de-maby-et-valentin-marechal\\\/#primaryimage\"},\"thumbnailUrl\":\"https:\\\/\\\/sorbetkiwi.fr\\\/wp-content\\\/uploads\\\/2023\\\/06\\\/img_5481-scaled.jpg\",\"keywords\":[\"Bande dessin\u00e9e\",\"BD\",\"BD du mardi\",\"Ce gar\u00e7on\",\"Collection RamDam\",\"Editions Jungle\",\"Historique\",\"Jungle RamDam\",\"Maby\",\"Valentin Mar\u00e9chal\"],\"articleSection\":[\"B\u00e9n\u00e9volat\",\"L'\u00e9t\u00e9\",\"Tout le blog\"],\"inLanguage\":\"fr-FR\",\"potentialAction\":[{\"@type\":\"CommentAction\",\"name\":\"Comment\",\"target\":[\"https:\\\/\\\/sorbetkiwi.fr\\\/index.php\\\/ce-garcon-de-maby-et-valentin-marechal\\\/#respond\"]}]},{\"@type\":\"WebPage\",\"@id\":\"https:\\\/\\\/sorbetkiwi.fr\\\/index.php\\\/ce-garcon-de-maby-et-valentin-marechal\\\/\",\"url\":\"https:\\\/\\\/sorbetkiwi.fr\\\/index.php\\\/ce-garcon-de-maby-et-valentin-marechal\\\/\",\"name\":\"Ce gar\u00e7on de Maby et Valentin Marechal - Sorbet Kiwi\",\"isPartOf\":{\"@id\":\"https:\\\/\\\/sorbetkiwi.fr\\\/#website\"},\"primaryImageOfPage\":{\"@id\":\"https:\\\/\\\/sorbetkiwi.fr\\\/index.php\\\/ce-garcon-de-maby-et-valentin-marechal\\\/#primaryimage\"},\"image\":{\"@id\":\"https:\\\/\\\/sorbetkiwi.fr\\\/index.php\\\/ce-garcon-de-maby-et-valentin-marechal\\\/#primaryimage\"},\"thumbnailUrl\":\"https:\\\/\\\/sorbetkiwi.fr\\\/wp-content\\\/uploads\\\/2023\\\/06\\\/img_5481-scaled.jpg\",\"datePublished\":\"2023-06-27T07:10:00+00:00\",\"description\":\"La BD du mardi est aujourd'hui d\u00e9di\u00e9 \u00e0 Ce gar\u00e7on de Maby et Valentin Mar\u00e9chal, publi\u00e9 aux \u00e9ditons Jungle, collection RamDam.\",\"breadcrumb\":{\"@id\":\"https:\\\/\\\/sorbetkiwi.fr\\\/index.php\\\/ce-garcon-de-maby-et-valentin-marechal\\\/#breadcrumb\"},\"inLanguage\":\"fr-FR\",\"potentialAction\":[{\"@type\":\"ReadAction\",\"target\":[\"https:\\\/\\\/sorbetkiwi.fr\\\/index.php\\\/ce-garcon-de-maby-et-valentin-marechal\\\/\"]}]},{\"@type\":\"ImageObject\",\"inLanguage\":\"fr-FR\",\"@id\":\"https:\\\/\\\/sorbetkiwi.fr\\\/index.php\\\/ce-garcon-de-maby-et-valentin-marechal\\\/#primaryimage\",\"url\":\"https:\\\/\\\/sorbetkiwi.fr\\\/wp-content\\\/uploads\\\/2023\\\/06\\\/img_5481-scaled.jpg\",\"contentUrl\":\"https:\\\/\\\/sorbetkiwi.fr\\\/wp-content\\\/uploads\\\/2023\\\/06\\\/img_5481-scaled.jpg\",\"width\":1920,\"height\":2560,\"caption\":\"Ce gar\u00e7on Maby Mar\u00e9chal\"},{\"@type\":\"BreadcrumbList\",\"@id\":\"https:\\\/\\\/sorbetkiwi.fr\\\/index.php\\\/ce-garcon-de-maby-et-valentin-marechal\\\/#breadcrumb\",\"itemListElement\":[{\"@type\":\"ListItem\",\"position\":1,\"name\":\"Accueil\",\"item\":\"https:\\\/\\\/sorbetkiwi.fr\\\/\"},{\"@type\":\"ListItem\",\"position\":2,\"name\":\"Ce gar\u00e7on de Maby et Valentin Marechal\"}]},{\"@type\":\"WebSite\",\"@id\":\"https:\\\/\\\/sorbetkiwi.fr\\\/#website\",\"url\":\"https:\\\/\\\/sorbetkiwi.fr\\\/\",\"name\":\"Sorbet Kiwi\",\"description\":\"Des lectures th\u00e9matiques par saison et les avis qui vont avec\",\"publisher\":{\"@id\":\"https:\\\/\\\/sorbetkiwi.fr\\\/#organization\"},\"potentialAction\":[{\"@type\":\"SearchAction\",\"target\":{\"@type\":\"EntryPoint\",\"urlTemplate\":\"https:\\\/\\\/sorbetkiwi.fr\\\/?s={search_term_string}\"},\"query-input\":{\"@type\":\"PropertyValueSpecification\",\"valueRequired\":true,\"valueName\":\"search_term_string\"}}],\"inLanguage\":\"fr-FR\"},{\"@type\":\"Organization\",\"@id\":\"https:\\\/\\\/sorbetkiwi.fr\\\/#organization\",\"name\":\"Sorbet Kiwi\",\"url\":\"https:\\\/\\\/sorbetkiwi.fr\\\/\",\"logo\":{\"@type\":\"ImageObject\",\"inLanguage\":\"fr-FR\",\"@id\":\"https:\\\/\\\/sorbetkiwi.fr\\\/#\\\/schema\\\/logo\\\/image\\\/\",\"url\":\"https:\\\/\\\/sorbetkiwi.fr\\\/wp-content\\\/uploads\\\/2022\\\/10\\\/Banniere-Sorbet-Kiwi-2022.jpg\",\"contentUrl\":\"https:\\\/\\\/sorbetkiwi.fr\\\/wp-content\\\/uploads\\\/2022\\\/10\\\/Banniere-Sorbet-Kiwi-2022.jpg\",\"width\":814,\"height\":401,\"caption\":\"Sorbet Kiwi\"},\"image\":{\"@id\":\"https:\\\/\\\/sorbetkiwi.fr\\\/#\\\/schema\\\/logo\\\/image\\\/\"},\"sameAs\":[\"https:\\\/\\\/www.facebook.com\\\/profile.php?id=100086238893269\",\"https:\\\/\\\/x.com\\\/pepparshoes\",\"https:\\\/\\\/www.instagram.com\\\/sorbetkiwi\\\/\",\"https:\\\/\\\/www.tiktok.com\\\/sorbetkiwi\"]},{\"@type\":\"Person\",\"@id\":\"https:\\\/\\\/sorbetkiwi.fr\\\/#\\\/schema\\\/person\\\/ed1b7b527a2957ddc3bf38b076540659\",\"name\":\"Sorbet-Kiwi\",\"image\":{\"@type\":\"ImageObject\",\"inLanguage\":\"fr-FR\",\"@id\":\"https:\\\/\\\/secure.gravatar.com\\\/avatar\\\/86f0a5c27d76317621b9e374d0f3a01d3a85278f10d0c7207ced4fd773057442?s=96&d=mm&r=g\",\"url\":\"https:\\\/\\\/secure.gravatar.com\\\/avatar\\\/86f0a5c27d76317621b9e374d0f3a01d3a85278f10d0c7207ced4fd773057442?s=96&d=mm&r=g\",\"contentUrl\":\"https:\\\/\\\/secure.gravatar.com\\\/avatar\\\/86f0a5c27d76317621b9e374d0f3a01d3a85278f10d0c7207ced4fd773057442?s=96&d=mm&r=g\",\"caption\":\"Sorbet-Kiwi\"},\"sameAs\":[\"http:\\\/\\\/sorbetkiwi.fr\"],\"url\":\"https:\\\/\\\/sorbetkiwi.fr\\\/index.php\\\/author\\\/admin7717\\\/\"}]}<\/script>\n<!-- \/ Yoast SEO plugin. -->","yoast_head_json":{"title":"Ce gar\u00e7on de Maby et Valentin Marechal - Sorbet Kiwi","description":"La BD du mardi est aujourd'hui d\u00e9di\u00e9 \u00e0 Ce gar\u00e7on de Maby et Valentin Mar\u00e9chal, publi\u00e9 aux \u00e9ditons Jungle, collection RamDam.","robots":{"index":"index","follow":"follow","max-snippet":"max-snippet:-1","max-image-preview":"max-image-preview:large","max-video-preview":"max-video-preview:-1"},"canonical":"https:\/\/sorbetkiwi.fr\/index.php\/ce-garcon-de-maby-et-valentin-marechal\/","og_locale":"fr_FR","og_type":"article","og_title":"Ce gar\u00e7on de Maby et Valentin Marechal - Sorbet Kiwi","og_description":"La BD du mardi est aujourd'hui d\u00e9di\u00e9 \u00e0 Ce gar\u00e7on de Maby et Valentin Mar\u00e9chal, publi\u00e9 aux \u00e9ditons Jungle, collection RamDam.","og_url":"https:\/\/sorbetkiwi.fr\/index.php\/ce-garcon-de-maby-et-valentin-marechal\/","og_site_name":"Sorbet Kiwi","article_publisher":"https:\/\/www.facebook.com\/profile.php?id=100086238893269","article_published_time":"2023-06-27T07:10:00+00:00","og_image":[{"width":1920,"height":2560,"url":"https:\/\/sorbetkiwi.fr\/wp-content\/uploads\/2023\/06\/img_5481-scaled.jpg","type":"image\/jpeg"}],"author":"Sorbet-Kiwi","twitter_card":"summary_large_image","twitter_creator":"@pepparshoes","twitter_site":"@pepparshoes","twitter_misc":{"\u00c9crit par":"Sorbet-Kiwi","Dur\u00e9e de lecture estim\u00e9e":"3 minutes"},"schema":{"@context":"https:\/\/schema.org","@graph":[{"@type":"Article","@id":"https:\/\/sorbetkiwi.fr\/index.php\/ce-garcon-de-maby-et-valentin-marechal\/#article","isPartOf":{"@id":"https:\/\/sorbetkiwi.fr\/index.php\/ce-garcon-de-maby-et-valentin-marechal\/"},"author":{"name":"Sorbet-Kiwi","@id":"https:\/\/sorbetkiwi.fr\/#\/schema\/person\/ed1b7b527a2957ddc3bf38b076540659"},"headline":"Ce gar\u00e7on de Maby et Valentin Marechal","datePublished":"2023-06-27T07:10:00+00:00","mainEntityOfPage":{"@id":"https:\/\/sorbetkiwi.fr\/index.php\/ce-garcon-de-maby-et-valentin-marechal\/"},"wordCount":573,"commentCount":4,"publisher":{"@id":"https:\/\/sorbetkiwi.fr\/#organization"},"image":{"@id":"https:\/\/sorbetkiwi.fr\/index.php\/ce-garcon-de-maby-et-valentin-marechal\/#primaryimage"},"thumbnailUrl":"https:\/\/sorbetkiwi.fr\/wp-content\/uploads\/2023\/06\/img_5481-scaled.jpg","keywords":["Bande dessin\u00e9e","BD","BD du mardi","Ce gar\u00e7on","Collection RamDam","Editions Jungle","Historique","Jungle RamDam","Maby","Valentin Mar\u00e9chal"],"articleSection":["B\u00e9n\u00e9volat","L'\u00e9t\u00e9","Tout le blog"],"inLanguage":"fr-FR","potentialAction":[{"@type":"CommentAction","name":"Comment","target":["https:\/\/sorbetkiwi.fr\/index.php\/ce-garcon-de-maby-et-valentin-marechal\/#respond"]}]},{"@type":"WebPage","@id":"https:\/\/sorbetkiwi.fr\/index.php\/ce-garcon-de-maby-et-valentin-marechal\/","url":"https:\/\/sorbetkiwi.fr\/index.php\/ce-garcon-de-maby-et-valentin-marechal\/","name":"Ce gar\u00e7on de Maby et Valentin Marechal - Sorbet Kiwi","isPartOf":{"@id":"https:\/\/sorbetkiwi.fr\/#website"},"primaryImageOfPage":{"@id":"https:\/\/sorbetkiwi.fr\/index.php\/ce-garcon-de-maby-et-valentin-marechal\/#primaryimage"},"image":{"@id":"https:\/\/sorbetkiwi.fr\/index.php\/ce-garcon-de-maby-et-valentin-marechal\/#primaryimage"},"thumbnailUrl":"https:\/\/sorbetkiwi.fr\/wp-content\/uploads\/2023\/06\/img_5481-scaled.jpg","datePublished":"2023-06-27T07:10:00+00:00","description":"La BD du mardi est aujourd'hui d\u00e9di\u00e9 \u00e0 Ce gar\u00e7on de Maby et Valentin Mar\u00e9chal, publi\u00e9 aux \u00e9ditons Jungle, collection RamDam.","breadcrumb":{"@id":"https:\/\/sorbetkiwi.fr\/index.php\/ce-garcon-de-maby-et-valentin-marechal\/#breadcrumb"},"inLanguage":"fr-FR","potentialAction":[{"@type":"ReadAction","target":["https:\/\/sorbetkiwi.fr\/index.php\/ce-garcon-de-maby-et-valentin-marechal\/"]}]},{"@type":"ImageObject","inLanguage":"fr-FR","@id":"https:\/\/sorbetkiwi.fr\/index.php\/ce-garcon-de-maby-et-valentin-marechal\/#primaryimage","url":"https:\/\/sorbetkiwi.fr\/wp-content\/uploads\/2023\/06\/img_5481-scaled.jpg","contentUrl":"https:\/\/sorbetkiwi.fr\/wp-content\/uploads\/2023\/06\/img_5481-scaled.jpg","width":1920,"height":2560,"caption":"Ce gar\u00e7on Maby Mar\u00e9chal"},{"@type":"BreadcrumbList","@id":"https:\/\/sorbetkiwi.fr\/index.php\/ce-garcon-de-maby-et-valentin-marechal\/#breadcrumb","itemListElement":[{"@type":"ListItem","position":1,"name":"Accueil","item":"https:\/\/sorbetkiwi.fr\/"},{"@type":"ListItem","position":2,"name":"Ce gar\u00e7on de Maby et Valentin Marechal"}]},{"@type":"WebSite","@id":"https:\/\/sorbetkiwi.fr\/#website","url":"https:\/\/sorbetkiwi.fr\/","name":"Sorbet Kiwi","description":"Des lectures th\u00e9matiques par saison et les avis qui vont avec","publisher":{"@id":"https:\/\/sorbetkiwi.fr\/#organization"},"potentialAction":[{"@type":"SearchAction","target":{"@type":"EntryPoint","urlTemplate":"https:\/\/sorbetkiwi.fr\/?s={search_term_string}"},"query-input":{"@type":"PropertyValueSpecification","valueRequired":true,"valueName":"search_term_string"}}],"inLanguage":"fr-FR"},{"@type":"Organization","@id":"https:\/\/sorbetkiwi.fr\/#organization","name":"Sorbet Kiwi","url":"https:\/\/sorbetkiwi.fr\/","logo":{"@type":"ImageObject","inLanguage":"fr-FR","@id":"https:\/\/sorbetkiwi.fr\/#\/schema\/logo\/image\/","url":"https:\/\/sorbetkiwi.fr\/wp-content\/uploads\/2022\/10\/Banniere-Sorbet-Kiwi-2022.jpg","contentUrl":"https:\/\/sorbetkiwi.fr\/wp-content\/uploads\/2022\/10\/Banniere-Sorbet-Kiwi-2022.jpg","width":814,"height":401,"caption":"Sorbet Kiwi"},"image":{"@id":"https:\/\/sorbetkiwi.fr\/#\/schema\/logo\/image\/"},"sameAs":["https:\/\/www.facebook.com\/profile.php?id=100086238893269","https:\/\/x.com\/pepparshoes","https:\/\/www.instagram.com\/sorbetkiwi\/","https:\/\/www.tiktok.com\/sorbetkiwi"]},{"@type":"Person","@id":"https:\/\/sorbetkiwi.fr\/#\/schema\/person\/ed1b7b527a2957ddc3bf38b076540659","name":"Sorbet-Kiwi","image":{"@type":"ImageObject","inLanguage":"fr-FR","@id":"https:\/\/secure.gravatar.com\/avatar\/86f0a5c27d76317621b9e374d0f3a01d3a85278f10d0c7207ced4fd773057442?s=96&d=mm&r=g","url":"https:\/\/secure.gravatar.com\/avatar\/86f0a5c27d76317621b9e374d0f3a01d3a85278f10d0c7207ced4fd773057442?s=96&d=mm&r=g","contentUrl":"https:\/\/secure.gravatar.com\/avatar\/86f0a5c27d76317621b9e374d0f3a01d3a85278f10d0c7207ced4fd773057442?s=96&d=mm&r=g","caption":"Sorbet-Kiwi"},"sameAs":["http:\/\/sorbetkiwi.fr"],"url":"https:\/\/sorbetkiwi.fr\/index.php\/author\/admin7717\/"}]}},"_links":{"self":[{"href":"https:\/\/sorbetkiwi.fr\/index.php\/wp-json\/wp\/v2\/posts\/2984","targetHints":{"allow":["GET"]}}],"collection":[{"href":"https:\/\/sorbetkiwi.fr\/index.php\/wp-json\/wp\/v2\/posts"}],"about":[{"href":"https:\/\/sorbetkiwi.fr\/index.php\/wp-json\/wp\/v2\/types\/post"}],"author":[{"embeddable":true,"href":"https:\/\/sorbetkiwi.fr\/index.php\/wp-json\/wp\/v2\/users\/1"}],"replies":[{"embeddable":true,"href":"https:\/\/sorbetkiwi.fr\/index.php\/wp-json\/wp\/v2\/comments?post=2984"}],"version-history":[{"count":13,"href":"https:\/\/sorbetkiwi.fr\/index.php\/wp-json\/wp\/v2\/posts\/2984\/revisions"}],"predecessor-version":[{"id":3127,"href":"https:\/\/sorbetkiwi.fr\/index.php\/wp-json\/wp\/v2\/posts\/2984\/revisions\/3127"}],"wp:featuredmedia":[{"embeddable":true,"href":"https:\/\/sorbetkiwi.fr\/index.php\/wp-json\/wp\/v2\/media\/3110"}],"wp:attachment":[{"href":"https:\/\/sorbetkiwi.fr\/index.php\/wp-json\/wp\/v2\/media?parent=2984"}],"wp:term":[{"taxonomy":"category","embeddable":true,"href":"https:\/\/sorbetkiwi.fr\/index.php\/wp-json\/wp\/v2\/categories?post=2984"},{"taxonomy":"post_tag","embeddable":true,"href":"https:\/\/sorbetkiwi.fr\/index.php\/wp-json\/wp\/v2\/tags?post=2984"}],"curies":[{"name":"wp","href":"https:\/\/api.w.org\/{rel}","templated":true}]}}