{"id":2891,"date":"2023-06-11T09:25:30","date_gmt":"2023-06-11T07:25:30","guid":{"rendered":"https:\/\/sorbetkiwi.fr\/?p=2891"},"modified":"2023-06-11T09:25:31","modified_gmt":"2023-06-11T07:25:31","slug":"adele-de-lucie-castel","status":"publish","type":"post","link":"https:\/\/sorbetkiwi.fr\/index.php\/adele-de-lucie-castel\/","title":{"rendered":"Ad\u00e8le de Lucie Castel"},"content":{"rendered":"\t\t<div data-elementor-type=\"wp-post\" data-elementor-id=\"2891\" class=\"elementor elementor-2891\">\n\t\t\t\t\t\t<section class=\"elementor-section elementor-top-section elementor-element elementor-element-43a562f6 elementor-section-boxed elementor-section-height-default elementor-section-height-default\" data-id=\"43a562f6\" data-element_type=\"section\" data-e-type=\"section\">\n\t\t\t\t\t\t<div class=\"elementor-container elementor-column-gap-default\">\n\t\t\t\t\t<div class=\"elementor-column elementor-col-100 elementor-top-column elementor-element elementor-element-8b626db\" data-id=\"8b626db\" data-element_type=\"column\" data-e-type=\"column\">\n\t\t\t<div class=\"elementor-widget-wrap elementor-element-populated\">\n\t\t\t\t\t\t<div class=\"elementor-element elementor-element-6141790b elementor-widget elementor-widget-heading\" data-id=\"6141790b\" data-element_type=\"widget\" data-e-type=\"widget\" data-widget_type=\"heading.default\">\n\t\t\t\t<div class=\"elementor-widget-container\">\n\t\t\t\t\t<h1 class=\"elementor-heading-title elementor-size-medium\">Ad\u00e8le <\/h1>\t\t\t\t<\/div>\n\t\t\t\t<\/div>\n\t\t\t\t<div class=\"elementor-element elementor-element-413b3111 elementor-view-default elementor-widget elementor-widget-icon\" data-id=\"413b3111\" data-element_type=\"widget\" data-e-type=\"widget\" data-widget_type=\"icon.default\">\n\t\t\t\t<div class=\"elementor-widget-container\">\n\t\t\t\t\t\t\t<div class=\"elementor-icon-wrapper\">\n\t\t\t<div class=\"elementor-icon\">\n\t\t\t<i aria-hidden=\"true\" class=\"fas fa-cocktail\"><\/i>\t\t\t<\/div>\n\t\t<\/div>\n\t\t\t\t\t\t<\/div>\n\t\t\t\t<\/div>\n\t\t\t\t<div class=\"elementor-element elementor-element-3642b597 elementor-widget-divider--view-line elementor-widget elementor-widget-divider\" data-id=\"3642b597\" data-element_type=\"widget\" data-e-type=\"widget\" data-widget_type=\"divider.default\">\n\t\t\t\t<div class=\"elementor-widget-container\">\n\t\t\t\t\t\t\t<div class=\"elementor-divider\">\n\t\t\t<span class=\"elementor-divider-separator\">\n\t\t\t\t\t\t<\/span>\n\t\t<\/div>\n\t\t\t\t\t\t<\/div>\n\t\t\t\t<\/div>\n\t\t\t\t<div class=\"elementor-element elementor-element-7716d014 elementor-widget elementor-widget-heading\" data-id=\"7716d014\" data-element_type=\"widget\" data-e-type=\"widget\" data-widget_type=\"heading.default\">\n\t\t\t\t<div class=\"elementor-widget-container\">\n\t\t\t\t\t<h2 class=\"elementor-heading-title elementor-size-medium\">R\u00e9sum\u00e9<\/h2>\t\t\t\t<\/div>\n\t\t\t\t<\/div>\n\t\t\t\t<div class=\"elementor-element elementor-element-452029fc elementor-widget elementor-widget-text-editor\" data-id=\"452029fc\" data-element_type=\"widget\" data-e-type=\"widget\" data-widget_type=\"text-editor.default\">\n\t\t\t\t<div class=\"elementor-widget-container\">\n\t\t\t\t\t\t\t\t\t<p>Lorsque la grand-m\u00e8re ador\u00e9e d\u2019Ad\u00e8le d\u00e9c\u00e8de, la jeune femme \u00e0 l\u2019esprit sarcastique et \u00e0 la langue bien pendue est d\u00e9termin\u00e9e \u00e0 respecter ses derni\u00e8res volont\u00e9s : quitter la demeure familiale et partir \u00e0 l\u2019aventure.<br \/>Une formation de jardinier-paysagiste plus tard, elle part pour Luserne, petite ville du sud, o\u00f9 se trouve Lucien Vidal, vieil homme acari\u00e2tre mais aussi et surtout premier grand amour de sa grand-m\u00e8re. Gr\u00e2ce \u00e0 lui, Ad\u00e8le d\u00e9croche un petit boulot pour s\u2019occuper du jardin du cimeti\u00e8re communal.<br \/>Malgr\u00e9 la suspicion qu\u2019elle suscite chez les habitants les plus conservateurs, elle se lie bient\u00f4t d\u2019amiti\u00e9 avec un groupe de marginaux : un jeune facteur dont l\u2019ob\u00e9sit\u00e9 menace son maintien en poste, une toiletteuse gothique et lesbienne, une ancienne reine du lyc\u00e9e anorexique et le jeune et s\u00e9duisant croque-mort de la ville.<br \/>Mais l\u2019ambiance se d\u00e9grade lorsqu\u2019un corbeau placarde sur les tombes des lettres accusant des notables respectables des pires comportements. Commence alors une chasse aux sorci\u00e8res qui accuse prioritairement les amis d\u2019Ad\u00e8le en raison de leurs diff\u00e9rences\u2026<\/p>\t\t\t\t\t\t\t\t<\/div>\n\t\t\t\t<\/div>\n\t\t\t\t<div class=\"elementor-element elementor-element-193d2804 elementor-widget-divider--view-line elementor-widget elementor-widget-divider\" data-id=\"193d2804\" data-element_type=\"widget\" data-e-type=\"widget\" data-widget_type=\"divider.default\">\n\t\t\t\t<div class=\"elementor-widget-container\">\n\t\t\t\t\t\t\t<div class=\"elementor-divider\">\n\t\t\t<span class=\"elementor-divider-separator\">\n\t\t\t\t\t\t<\/span>\n\t\t<\/div>\n\t\t\t\t\t\t<\/div>\n\t\t\t\t<\/div>\n\t\t\t\t<div class=\"elementor-element elementor-element-169e39ec elementor-widget elementor-widget-heading\" data-id=\"169e39ec\" data-element_type=\"widget\" data-e-type=\"widget\" data-widget_type=\"heading.default\">\n\t\t\t\t<div class=\"elementor-widget-container\">\n\t\t\t\t\t<h2 class=\"elementor-heading-title elementor-size-medium\">Ma note<\/h2>\t\t\t\t<\/div>\n\t\t\t\t<\/div>\n\t\t\t\t<div class=\"elementor-element elementor-element-47589469 elementor-star-rating--align-center elementor--star-style-star_fontawesome elementor-widget elementor-widget-star-rating\" data-id=\"47589469\" data-element_type=\"widget\" data-e-type=\"widget\" data-widget_type=\"star-rating.default\">\n\t\t\t\t<div class=\"elementor-widget-container\">\n\t\t\t\t\t\t\t<div class=\"elementor-star-rating__wrapper\">\n\t\t\t\t\t\t<div class=\"elementor-star-rating\" itemtype=\"http:\/\/schema.org\/Rating\" itemscope=\"\" itemprop=\"reviewRating\">\n\t\t\t\t<i class=\"elementor-star-full\" aria-hidden=\"true\">&#xE934;<\/i><i class=\"elementor-star-full\" aria-hidden=\"true\">&#xE934;<\/i><i class=\"elementor-star-full\" aria-hidden=\"true\">&#xE934;<\/i><i class=\"elementor-star-full\" aria-hidden=\"true\">&#xE934;<\/i><i class=\"elementor-star-empty\" aria-hidden=\"true\">&#xE934;<\/i>\t\t\t\t<span itemprop=\"ratingValue\" class=\"elementor-screen-only\">Not\u00e9 4 sur 5<\/span>\n\t\t\t<\/div>\n\t\t<\/div>\n\t\t\t\t\t\t<\/div>\n\t\t\t\t<\/div>\n\t\t\t\t<div class=\"elementor-element elementor-element-41ec1ad1 elementor-widget-divider--view-line elementor-widget elementor-widget-divider\" data-id=\"41ec1ad1\" data-element_type=\"widget\" data-e-type=\"widget\" data-widget_type=\"divider.default\">\n\t\t\t\t<div class=\"elementor-widget-container\">\n\t\t\t\t\t\t\t<div class=\"elementor-divider\">\n\t\t\t<span class=\"elementor-divider-separator\">\n\t\t\t\t\t\t<\/span>\n\t\t<\/div>\n\t\t\t\t\t\t<\/div>\n\t\t\t\t<\/div>\n\t\t\t\t<div class=\"elementor-element elementor-element-60ede29f elementor-widget elementor-widget-heading\" data-id=\"60ede29f\" data-element_type=\"widget\" data-e-type=\"widget\" data-widget_type=\"heading.default\">\n\t\t\t\t<div class=\"elementor-widget-container\">\n\t\t\t\t\t<h2 class=\"elementor-heading-title elementor-size-medium\">Un chouette petit dernier pour la route<\/h2>\t\t\t\t<\/div>\n\t\t\t\t<\/div>\n\t\t\t\t<div class=\"elementor-element elementor-element-34c5b27c elementor-widget elementor-widget-text-editor\" data-id=\"34c5b27c\" data-element_type=\"widget\" data-e-type=\"widget\" data-widget_type=\"text-editor.default\">\n\t\t\t\t<div class=\"elementor-widget-container\">\n\t\t\t\t\t\t\t\t\t<p>Dernier roman termin\u00e9 dans le cadre du <a href=\"https:\/\/sorbetkiwi.fr\/index.php\/tag\/prix-des-lectrices-charleston\/\">Prix des lectrices Charleston<\/a>, le r\u00e9sum\u00e9 me faisait super envie ! En plus, j&rsquo;ai rencontrer l&rsquo;autrice \u00e0 la <a href=\"https:\/\/sorbetkiwi.fr\/index.php\/la-foire-du-livre-de-bruxelles-2023\/\">Foire du livre de Bruxelles<\/a>, et elle est si adorable. Ce genre de moments me donnent vraiment envie d&rsquo;aimer un roman. D&rsquo;autant plus que sa plume ne m&rsquo;\u00e9tait pas inconnue puisque j&rsquo;ai d\u00e9j\u00e0 lu ses histoires de No\u00ebl, dont je vous parlerai ici durant la saison appropri\u00e9e. En attendant, vous pouvez retrouver <a href=\"https:\/\/sorbetkiwi.wordpress.com\/2017\/12\/20\/pas-si-simple-de-lucie-castel\/\">mon article<\/a> sur mon ancien blog, mais je les recommande ! Ici, nous rencontrons Ad\u00e8le, et d\u00e9s la page 1 le charme op\u00e8re sur moi. Je sens d\u00e9j\u00e0 que je vais aimer ! D\u00e9j\u00e0 rien qu&rsquo;\u00e0 la construction des chapitres, \u00e7a m&rsquo;a plu. En effet, chacun d&rsquo;entre eux d\u00e9bute par une citation de film, j&rsquo;adore l&rsquo;id\u00e9e.\u00a0 Et pour un livre qui cite autant de r\u00e9pliques de cin\u00e9ma, il passera tr\u00e8s bien \u00e0 l&rsquo;\u00e9cran !<\/p>\t\t\t\t\t\t\t\t<\/div>\n\t\t\t\t<\/div>\n\t\t\t\t<div class=\"elementor-element elementor-element-58c71f9c elementor-widget-divider--view-line elementor-widget elementor-widget-divider\" data-id=\"58c71f9c\" data-element_type=\"widget\" data-e-type=\"widget\" data-widget_type=\"divider.default\">\n\t\t\t\t<div class=\"elementor-widget-container\">\n\t\t\t\t\t\t\t<div class=\"elementor-divider\">\n\t\t\t<span class=\"elementor-divider-separator\">\n\t\t\t\t\t\t<\/span>\n\t\t<\/div>\n\t\t\t\t\t\t<\/div>\n\t\t\t\t<\/div>\n\t\t\t\t<div class=\"elementor-element elementor-element-21aae67b elementor-widget elementor-widget-heading\" data-id=\"21aae67b\" data-element_type=\"widget\" data-e-type=\"widget\" data-widget_type=\"heading.default\">\n\t\t\t\t<div class=\"elementor-widget-container\">\n\t\t\t\t\t<h4 class=\"elementor-heading-title elementor-size-medium\">\"Il est le seul ma\u00eetre de son pardon. S'il te l'a accord\u00e9, c'est son choix, tu dois le respecter. Je sais que tu l'aimes beaucoup, alors fais-lui confiance. S'il se trouve \u00e0 tes c\u00f4t\u00e9s, c'est qu'il cro\u00eet en toi et en la femme que tu es devenue.\"<\/h4>\t\t\t\t<\/div>\n\t\t\t\t<\/div>\n\t\t\t\t<div class=\"elementor-element elementor-element-698def8b elementor-widget-divider--view-line elementor-widget elementor-widget-divider\" data-id=\"698def8b\" data-element_type=\"widget\" data-e-type=\"widget\" data-widget_type=\"divider.default\">\n\t\t\t\t<div class=\"elementor-widget-container\">\n\t\t\t\t\t\t\t<div class=\"elementor-divider\">\n\t\t\t<span class=\"elementor-divider-separator\">\n\t\t\t\t\t\t<\/span>\n\t\t<\/div>\n\t\t\t\t\t\t<\/div>\n\t\t\t\t<\/div>\n\t\t\t\t<div class=\"elementor-element elementor-element-1fe3812 elementor-widget elementor-widget-heading\" data-id=\"1fe3812\" data-element_type=\"widget\" data-e-type=\"widget\" data-widget_type=\"heading.default\">\n\t\t\t\t<div class=\"elementor-widget-container\">\n\t\t\t\t\t<h2 class=\"elementor-heading-title elementor-size-medium\">Des personnages marquants<\/h2>\t\t\t\t<\/div>\n\t\t\t\t<\/div>\n\t\t\t\t<div class=\"elementor-element elementor-element-47b76941 elementor-widget elementor-widget-text-editor\" data-id=\"47b76941\" data-element_type=\"widget\" data-e-type=\"widget\" data-widget_type=\"text-editor.default\">\n\t\t\t\t<div class=\"elementor-widget-container\">\n\t\t\t\t\t\t\t\t\t<p>Bon, je dois admettre que j&rsquo;ai mis le roman en pause. Pas parce que je m&rsquo;ennuyais, ou qu&rsquo;il n&rsquo;est pas bon, loin de l\u00e0. Je crois juste que je devais le lire maintenant. Certaines citations m&rsquo;ont tout particuli\u00e8rement parl\u00e9s. D\u00e9s que je l&rsquo;ai repris en main, j&rsquo;y \u00e9tais \u00e0 nouveau, sans aucun soucis. Il est d&rsquo;une telle fluidit\u00e9, et les \u00e9v\u00e9nements sont plut\u00f4t marquants, qu&rsquo;il n&rsquo;est pas permis de les oublier. J&rsquo;aime ce genre d&rsquo;histoires un peu rocambolesques, avec des personnages hauts en couleurs. Pour aimer les couleurs, Ad\u00e8le les v\u00e9n\u00e8re ! Les personnages secondaires suivent le mouvement : Albert et Lucien ont \u00e9t\u00e9 mes petits coups de c\u0153ur, je les ai trouv\u00e9 tr\u00e8s touchants dans leurs r\u00f4les respectifs de vieux bougons incompris. Et ses ami.e.s aussi. Chacun.e a sa probl\u00e9matique, on y parle donc d&rsquo;int\u00e9gration du monde moderne dans les anciens villages qui y rechignent. Et Lucie Castel le fait tr\u00e8s bien !<\/p>\t\t\t\t\t\t\t\t<\/div>\n\t\t\t\t<\/div>\n\t\t\t\t<div class=\"elementor-element elementor-element-7391cd89 elementor-widget-divider--view-line elementor-widget elementor-widget-divider\" data-id=\"7391cd89\" data-element_type=\"widget\" data-e-type=\"widget\" data-widget_type=\"divider.default\">\n\t\t\t\t<div class=\"elementor-widget-container\">\n\t\t\t\t\t\t\t<div class=\"elementor-divider\">\n\t\t\t<span class=\"elementor-divider-separator\">\n\t\t\t\t\t\t<\/span>\n\t\t<\/div>\n\t\t\t\t\t\t<\/div>\n\t\t\t\t<\/div>\n\t\t\t\t<div class=\"elementor-element elementor-element-16f01ef1 elementor-widget elementor-widget-heading\" data-id=\"16f01ef1\" data-element_type=\"widget\" data-e-type=\"widget\" data-widget_type=\"heading.default\">\n\t\t\t\t<div class=\"elementor-widget-container\">\n\t\t\t\t\t<h2 class=\"elementor-heading-title elementor-size-medium\">La touche d'\u00e9motions manquante<\/h2>\t\t\t\t<\/div>\n\t\t\t\t<\/div>\n\t\t\t\t<div class=\"elementor-element elementor-element-731b2203 elementor-widget elementor-widget-text-editor\" data-id=\"731b2203\" data-element_type=\"widget\" data-e-type=\"widget\" data-widget_type=\"text-editor.default\">\n\t\t\t\t<div class=\"elementor-widget-container\">\n\t\t\t\t\t\t\t\t\t<p>Toute l&rsquo;intrigue tourne \u00e9videmment autour d&rsquo;Ad\u00e8le et de son int\u00e9gration dans le village de ses anc\u00eatres. Le tout sur fond de ma\u00eetre-chanteur. Et j&rsquo;\u00e9tais compl\u00e8tement \u00e0 c\u00f4t\u00e9 de la plaque sur son identit\u00e9, je l&rsquo;admets. Alors pourquoi 4 \u00e9toiles, et non 5 ? En r\u00e9alit\u00e9, on est loin du coup de c\u0153ur m\u00eame si j&rsquo;ai pass\u00e9 un moment d\u00e9licieux. Mais lorsque je lis un roman contemporain, c&rsquo;est n\u00e9cessaire, il me faut de l&rsquo;\u00e9motion. J&rsquo;ai \u00e9t\u00e9 tr\u00e8s attach\u00e9e aux personnages, mais aucune sc\u00e8ne ne m&rsquo;a fait ressentir d&rsquo;\u00e9motion intense. Attention, je ne parle pas forc\u00e9ment de larmes ! J&rsquo;ai ris oui, mais je n&rsquo;ai pas jubil\u00e9, ou ressentie une joie intense. Pour autant, ce n&rsquo;\u00e9tait pas plat mais j&rsquo;aurai aim\u00e9 que ce soit juste un petit cran au dessus. Cela dit, c&rsquo;\u00e9tait chouette et je lirai la suite sans aucun doute !<\/p>\t\t\t\t\t\t\t\t<\/div>\n\t\t\t\t<\/div>\n\t\t\t\t\t<\/div>\n\t\t<\/div>\n\t\t\t\t\t<\/div>\n\t\t<\/section>\n\t\t\t\t<\/div>\n\t\t","protected":false},"excerpt":{"rendered":"<p>Ad\u00e8le R\u00e9sum\u00e9 Lorsque la grand-m\u00e8re ador\u00e9e d\u2019Ad\u00e8le d\u00e9c\u00e8de, la jeune femme \u00e0 l\u2019esprit sarcastique et \u00e0 la langue bien pendue est d\u00e9termin\u00e9e \u00e0 respecter ses derni\u00e8res volont\u00e9s : quitter la demeure familiale et partir \u00e0 &hellip; <\/p>\n","protected":false},"author":1,"featured_media":2898,"comment_status":"open","ping_status":"open","sticky":false,"template":"","format":"standard","meta":{"footnotes":""},"categories":[14,8,1],"tags":[794,31,795,736,796,609,792,355,793,230],"class_list":["post-2891","post","type-post","status-publish","format-standard","has-post-thumbnail","hentry","category-l-ete","category-partenariats","category-tout-le-blog","tag-adele","tag-editions-charleston","tag-editions-kobo","tag-ete","tag-kobo-originals","tag-le-prix-des-lectrices-charleston","tag-lucie-castel","tag-prix-des-lectrices-charleston","tag-quand-la-vie-sen-mele","tag-roman-contemporain","has-single-img"],"yoast_head":"<!-- This site is optimized with the Yoast SEO plugin v27.4 - https:\/\/yoast.com\/product\/yoast-seo-wordpress\/ -->\n<title>Ad\u00e8le de Lucie Castel - Sorbet Kiwi<\/title>\n<meta name=\"description\" content=\"Ma chronique du premier tome de Quand la vie s&#039;en m\u00eale : Ad\u00e8le de Lucie Castel, nomm\u00e9 pour le Prix des Lectrices Charleston 2023.\" \/>\n<meta name=\"robots\" content=\"index, follow, max-snippet:-1, max-image-preview:large, max-video-preview:-1\" \/>\n<link rel=\"canonical\" href=\"https:\/\/sorbetkiwi.fr\/index.php\/adele-de-lucie-castel\/\" \/>\n<meta property=\"og:locale\" content=\"fr_FR\" \/>\n<meta property=\"og:type\" content=\"article\" \/>\n<meta property=\"og:title\" content=\"Ad\u00e8le de Lucie Castel - Sorbet Kiwi\" \/>\n<meta property=\"og:description\" content=\"Ma chronique du premier tome de Quand la vie s&#039;en m\u00eale : Ad\u00e8le de Lucie Castel, nomm\u00e9 pour le Prix des Lectrices Charleston 2023.\" \/>\n<meta property=\"og:url\" content=\"https:\/\/sorbetkiwi.fr\/index.php\/adele-de-lucie-castel\/\" \/>\n<meta property=\"og:site_name\" content=\"Sorbet Kiwi\" \/>\n<meta property=\"article:publisher\" content=\"https:\/\/www.facebook.com\/profile.php?id=100086238893269\" \/>\n<meta property=\"article:published_time\" content=\"2023-06-11T07:25:30+00:00\" \/>\n<meta property=\"article:modified_time\" content=\"2023-06-11T07:25:31+00:00\" \/>\n<meta property=\"og:image\" content=\"https:\/\/sorbetkiwi.fr\/wp-content\/uploads\/2023\/06\/Quand-la-vie-sen-mele-Adele-Lucie-Castel-scaled.jpg\" \/>\n\t<meta property=\"og:image:width\" content=\"1920\" \/>\n\t<meta property=\"og:image:height\" content=\"2560\" \/>\n\t<meta property=\"og:image:type\" content=\"image\/jpeg\" \/>\n<meta name=\"author\" content=\"Sorbet-Kiwi\" \/>\n<meta name=\"twitter:card\" content=\"summary_large_image\" \/>\n<meta name=\"twitter:creator\" content=\"@pepparshoes\" \/>\n<meta name=\"twitter:site\" content=\"@pepparshoes\" \/>\n<meta name=\"twitter:label1\" content=\"\u00c9crit par\" \/>\n\t<meta name=\"twitter:data1\" content=\"Sorbet-Kiwi\" \/>\n\t<meta name=\"twitter:label2\" content=\"Dur\u00e9e de lecture estim\u00e9e\" \/>\n\t<meta name=\"twitter:data2\" content=\"4 minutes\" \/>\n<script type=\"application\/ld+json\" class=\"yoast-schema-graph\">{\"@context\":\"https:\\\/\\\/schema.org\",\"@graph\":[{\"@type\":\"Article\",\"@id\":\"https:\\\/\\\/sorbetkiwi.fr\\\/index.php\\\/adele-de-lucie-castel\\\/#article\",\"isPartOf\":{\"@id\":\"https:\\\/\\\/sorbetkiwi.fr\\\/index.php\\\/adele-de-lucie-castel\\\/\"},\"author\":{\"name\":\"Sorbet-Kiwi\",\"@id\":\"https:\\\/\\\/sorbetkiwi.fr\\\/#\\\/schema\\\/person\\\/ed1b7b527a2957ddc3bf38b076540659\"},\"headline\":\"Ad\u00e8le de Lucie Castel\",\"datePublished\":\"2023-06-11T07:25:30+00:00\",\"dateModified\":\"2023-06-11T07:25:31+00:00\",\"mainEntityOfPage\":{\"@id\":\"https:\\\/\\\/sorbetkiwi.fr\\\/index.php\\\/adele-de-lucie-castel\\\/\"},\"wordCount\":797,\"commentCount\":4,\"publisher\":{\"@id\":\"https:\\\/\\\/sorbetkiwi.fr\\\/#organization\"},\"image\":{\"@id\":\"https:\\\/\\\/sorbetkiwi.fr\\\/index.php\\\/adele-de-lucie-castel\\\/#primaryimage\"},\"thumbnailUrl\":\"https:\\\/\\\/sorbetkiwi.fr\\\/wp-content\\\/uploads\\\/2023\\\/06\\\/Quand-la-vie-sen-mele-Adele-Lucie-Castel-scaled.jpg\",\"keywords\":[\"Ad\u00e8le\",\"Editions Charleston\",\"Editions Kobo\",\"\u00e9t\u00e9\",\"Kobo Originals\",\"Le prix des lectrices Charleston\",\"Lucie Castel\",\"Prix des lectrices Charleston\",\"Quand la vie s&#039;en m\u00eale\",\"Roman contemporain\"],\"articleSection\":[\"L'\u00e9t\u00e9\",\"Partenariats\",\"Tout le blog\"],\"inLanguage\":\"fr-FR\",\"potentialAction\":[{\"@type\":\"CommentAction\",\"name\":\"Comment\",\"target\":[\"https:\\\/\\\/sorbetkiwi.fr\\\/index.php\\\/adele-de-lucie-castel\\\/#respond\"]}]},{\"@type\":\"WebPage\",\"@id\":\"https:\\\/\\\/sorbetkiwi.fr\\\/index.php\\\/adele-de-lucie-castel\\\/\",\"url\":\"https:\\\/\\\/sorbetkiwi.fr\\\/index.php\\\/adele-de-lucie-castel\\\/\",\"name\":\"Ad\u00e8le de Lucie Castel - Sorbet Kiwi\",\"isPartOf\":{\"@id\":\"https:\\\/\\\/sorbetkiwi.fr\\\/#website\"},\"primaryImageOfPage\":{\"@id\":\"https:\\\/\\\/sorbetkiwi.fr\\\/index.php\\\/adele-de-lucie-castel\\\/#primaryimage\"},\"image\":{\"@id\":\"https:\\\/\\\/sorbetkiwi.fr\\\/index.php\\\/adele-de-lucie-castel\\\/#primaryimage\"},\"thumbnailUrl\":\"https:\\\/\\\/sorbetkiwi.fr\\\/wp-content\\\/uploads\\\/2023\\\/06\\\/Quand-la-vie-sen-mele-Adele-Lucie-Castel-scaled.jpg\",\"datePublished\":\"2023-06-11T07:25:30+00:00\",\"dateModified\":\"2023-06-11T07:25:31+00:00\",\"description\":\"Ma chronique du premier tome de Quand la vie s'en m\u00eale : Ad\u00e8le de Lucie Castel, nomm\u00e9 pour le Prix des Lectrices Charleston 2023.\",\"breadcrumb\":{\"@id\":\"https:\\\/\\\/sorbetkiwi.fr\\\/index.php\\\/adele-de-lucie-castel\\\/#breadcrumb\"},\"inLanguage\":\"fr-FR\",\"potentialAction\":[{\"@type\":\"ReadAction\",\"target\":[\"https:\\\/\\\/sorbetkiwi.fr\\\/index.php\\\/adele-de-lucie-castel\\\/\"]}]},{\"@type\":\"ImageObject\",\"inLanguage\":\"fr-FR\",\"@id\":\"https:\\\/\\\/sorbetkiwi.fr\\\/index.php\\\/adele-de-lucie-castel\\\/#primaryimage\",\"url\":\"https:\\\/\\\/sorbetkiwi.fr\\\/wp-content\\\/uploads\\\/2023\\\/06\\\/Quand-la-vie-sen-mele-Adele-Lucie-Castel-scaled.jpg\",\"contentUrl\":\"https:\\\/\\\/sorbetkiwi.fr\\\/wp-content\\\/uploads\\\/2023\\\/06\\\/Quand-la-vie-sen-mele-Adele-Lucie-Castel-scaled.jpg\",\"width\":1920,\"height\":2560,\"caption\":\"Quand la vie s'en m\u00eale Ad\u00e8le Lucie Castel\"},{\"@type\":\"BreadcrumbList\",\"@id\":\"https:\\\/\\\/sorbetkiwi.fr\\\/index.php\\\/adele-de-lucie-castel\\\/#breadcrumb\",\"itemListElement\":[{\"@type\":\"ListItem\",\"position\":1,\"name\":\"Accueil\",\"item\":\"https:\\\/\\\/sorbetkiwi.fr\\\/\"},{\"@type\":\"ListItem\",\"position\":2,\"name\":\"Ad\u00e8le de Lucie Castel\"}]},{\"@type\":\"WebSite\",\"@id\":\"https:\\\/\\\/sorbetkiwi.fr\\\/#website\",\"url\":\"https:\\\/\\\/sorbetkiwi.fr\\\/\",\"name\":\"Sorbet Kiwi\",\"description\":\"Des lectures th\u00e9matiques par saison et les avis qui vont avec\",\"publisher\":{\"@id\":\"https:\\\/\\\/sorbetkiwi.fr\\\/#organization\"},\"potentialAction\":[{\"@type\":\"SearchAction\",\"target\":{\"@type\":\"EntryPoint\",\"urlTemplate\":\"https:\\\/\\\/sorbetkiwi.fr\\\/?s={search_term_string}\"},\"query-input\":{\"@type\":\"PropertyValueSpecification\",\"valueRequired\":true,\"valueName\":\"search_term_string\"}}],\"inLanguage\":\"fr-FR\"},{\"@type\":\"Organization\",\"@id\":\"https:\\\/\\\/sorbetkiwi.fr\\\/#organization\",\"name\":\"Sorbet Kiwi\",\"url\":\"https:\\\/\\\/sorbetkiwi.fr\\\/\",\"logo\":{\"@type\":\"ImageObject\",\"inLanguage\":\"fr-FR\",\"@id\":\"https:\\\/\\\/sorbetkiwi.fr\\\/#\\\/schema\\\/logo\\\/image\\\/\",\"url\":\"https:\\\/\\\/sorbetkiwi.fr\\\/wp-content\\\/uploads\\\/2022\\\/10\\\/Banniere-Sorbet-Kiwi-2022.jpg\",\"contentUrl\":\"https:\\\/\\\/sorbetkiwi.fr\\\/wp-content\\\/uploads\\\/2022\\\/10\\\/Banniere-Sorbet-Kiwi-2022.jpg\",\"width\":814,\"height\":401,\"caption\":\"Sorbet Kiwi\"},\"image\":{\"@id\":\"https:\\\/\\\/sorbetkiwi.fr\\\/#\\\/schema\\\/logo\\\/image\\\/\"},\"sameAs\":[\"https:\\\/\\\/www.facebook.com\\\/profile.php?id=100086238893269\",\"https:\\\/\\\/x.com\\\/pepparshoes\",\"https:\\\/\\\/www.instagram.com\\\/sorbetkiwi\\\/\",\"https:\\\/\\\/www.tiktok.com\\\/sorbetkiwi\"]},{\"@type\":\"Person\",\"@id\":\"https:\\\/\\\/sorbetkiwi.fr\\\/#\\\/schema\\\/person\\\/ed1b7b527a2957ddc3bf38b076540659\",\"name\":\"Sorbet-Kiwi\",\"image\":{\"@type\":\"ImageObject\",\"inLanguage\":\"fr-FR\",\"@id\":\"https:\\\/\\\/secure.gravatar.com\\\/avatar\\\/86f0a5c27d76317621b9e374d0f3a01d3a85278f10d0c7207ced4fd773057442?s=96&d=mm&r=g\",\"url\":\"https:\\\/\\\/secure.gravatar.com\\\/avatar\\\/86f0a5c27d76317621b9e374d0f3a01d3a85278f10d0c7207ced4fd773057442?s=96&d=mm&r=g\",\"contentUrl\":\"https:\\\/\\\/secure.gravatar.com\\\/avatar\\\/86f0a5c27d76317621b9e374d0f3a01d3a85278f10d0c7207ced4fd773057442?s=96&d=mm&r=g\",\"caption\":\"Sorbet-Kiwi\"},\"sameAs\":[\"http:\\\/\\\/sorbetkiwi.fr\"],\"url\":\"https:\\\/\\\/sorbetkiwi.fr\\\/index.php\\\/author\\\/admin7717\\\/\"}]}<\/script>\n<!-- \/ Yoast SEO plugin. -->","yoast_head_json":{"title":"Ad\u00e8le de Lucie Castel - Sorbet Kiwi","description":"Ma chronique du premier tome de Quand la vie s'en m\u00eale : Ad\u00e8le de Lucie Castel, nomm\u00e9 pour le Prix des Lectrices Charleston 2023.","robots":{"index":"index","follow":"follow","max-snippet":"max-snippet:-1","max-image-preview":"max-image-preview:large","max-video-preview":"max-video-preview:-1"},"canonical":"https:\/\/sorbetkiwi.fr\/index.php\/adele-de-lucie-castel\/","og_locale":"fr_FR","og_type":"article","og_title":"Ad\u00e8le de Lucie Castel - Sorbet Kiwi","og_description":"Ma chronique du premier tome de Quand la vie s'en m\u00eale : Ad\u00e8le de Lucie Castel, nomm\u00e9 pour le Prix des Lectrices Charleston 2023.","og_url":"https:\/\/sorbetkiwi.fr\/index.php\/adele-de-lucie-castel\/","og_site_name":"Sorbet Kiwi","article_publisher":"https:\/\/www.facebook.com\/profile.php?id=100086238893269","article_published_time":"2023-06-11T07:25:30+00:00","article_modified_time":"2023-06-11T07:25:31+00:00","og_image":[{"width":1920,"height":2560,"url":"https:\/\/sorbetkiwi.fr\/wp-content\/uploads\/2023\/06\/Quand-la-vie-sen-mele-Adele-Lucie-Castel-scaled.jpg","type":"image\/jpeg"}],"author":"Sorbet-Kiwi","twitter_card":"summary_large_image","twitter_creator":"@pepparshoes","twitter_site":"@pepparshoes","twitter_misc":{"\u00c9crit par":"Sorbet-Kiwi","Dur\u00e9e de lecture estim\u00e9e":"4 minutes"},"schema":{"@context":"https:\/\/schema.org","@graph":[{"@type":"Article","@id":"https:\/\/sorbetkiwi.fr\/index.php\/adele-de-lucie-castel\/#article","isPartOf":{"@id":"https:\/\/sorbetkiwi.fr\/index.php\/adele-de-lucie-castel\/"},"author":{"name":"Sorbet-Kiwi","@id":"https:\/\/sorbetkiwi.fr\/#\/schema\/person\/ed1b7b527a2957ddc3bf38b076540659"},"headline":"Ad\u00e8le de Lucie Castel","datePublished":"2023-06-11T07:25:30+00:00","dateModified":"2023-06-11T07:25:31+00:00","mainEntityOfPage":{"@id":"https:\/\/sorbetkiwi.fr\/index.php\/adele-de-lucie-castel\/"},"wordCount":797,"commentCount":4,"publisher":{"@id":"https:\/\/sorbetkiwi.fr\/#organization"},"image":{"@id":"https:\/\/sorbetkiwi.fr\/index.php\/adele-de-lucie-castel\/#primaryimage"},"thumbnailUrl":"https:\/\/sorbetkiwi.fr\/wp-content\/uploads\/2023\/06\/Quand-la-vie-sen-mele-Adele-Lucie-Castel-scaled.jpg","keywords":["Ad\u00e8le","Editions Charleston","Editions Kobo","\u00e9t\u00e9","Kobo Originals","Le prix des lectrices Charleston","Lucie Castel","Prix des lectrices Charleston","Quand la vie s&#039;en m\u00eale","Roman contemporain"],"articleSection":["L'\u00e9t\u00e9","Partenariats","Tout le blog"],"inLanguage":"fr-FR","potentialAction":[{"@type":"CommentAction","name":"Comment","target":["https:\/\/sorbetkiwi.fr\/index.php\/adele-de-lucie-castel\/#respond"]}]},{"@type":"WebPage","@id":"https:\/\/sorbetkiwi.fr\/index.php\/adele-de-lucie-castel\/","url":"https:\/\/sorbetkiwi.fr\/index.php\/adele-de-lucie-castel\/","name":"Ad\u00e8le de Lucie Castel - Sorbet Kiwi","isPartOf":{"@id":"https:\/\/sorbetkiwi.fr\/#website"},"primaryImageOfPage":{"@id":"https:\/\/sorbetkiwi.fr\/index.php\/adele-de-lucie-castel\/#primaryimage"},"image":{"@id":"https:\/\/sorbetkiwi.fr\/index.php\/adele-de-lucie-castel\/#primaryimage"},"thumbnailUrl":"https:\/\/sorbetkiwi.fr\/wp-content\/uploads\/2023\/06\/Quand-la-vie-sen-mele-Adele-Lucie-Castel-scaled.jpg","datePublished":"2023-06-11T07:25:30+00:00","dateModified":"2023-06-11T07:25:31+00:00","description":"Ma chronique du premier tome de Quand la vie s'en m\u00eale : Ad\u00e8le de Lucie Castel, nomm\u00e9 pour le Prix des Lectrices Charleston 2023.","breadcrumb":{"@id":"https:\/\/sorbetkiwi.fr\/index.php\/adele-de-lucie-castel\/#breadcrumb"},"inLanguage":"fr-FR","potentialAction":[{"@type":"ReadAction","target":["https:\/\/sorbetkiwi.fr\/index.php\/adele-de-lucie-castel\/"]}]},{"@type":"ImageObject","inLanguage":"fr-FR","@id":"https:\/\/sorbetkiwi.fr\/index.php\/adele-de-lucie-castel\/#primaryimage","url":"https:\/\/sorbetkiwi.fr\/wp-content\/uploads\/2023\/06\/Quand-la-vie-sen-mele-Adele-Lucie-Castel-scaled.jpg","contentUrl":"https:\/\/sorbetkiwi.fr\/wp-content\/uploads\/2023\/06\/Quand-la-vie-sen-mele-Adele-Lucie-Castel-scaled.jpg","width":1920,"height":2560,"caption":"Quand la vie s'en m\u00eale Ad\u00e8le Lucie Castel"},{"@type":"BreadcrumbList","@id":"https:\/\/sorbetkiwi.fr\/index.php\/adele-de-lucie-castel\/#breadcrumb","itemListElement":[{"@type":"ListItem","position":1,"name":"Accueil","item":"https:\/\/sorbetkiwi.fr\/"},{"@type":"ListItem","position":2,"name":"Ad\u00e8le de Lucie Castel"}]},{"@type":"WebSite","@id":"https:\/\/sorbetkiwi.fr\/#website","url":"https:\/\/sorbetkiwi.fr\/","name":"Sorbet Kiwi","description":"Des lectures th\u00e9matiques par saison et les avis qui vont avec","publisher":{"@id":"https:\/\/sorbetkiwi.fr\/#organization"},"potentialAction":[{"@type":"SearchAction","target":{"@type":"EntryPoint","urlTemplate":"https:\/\/sorbetkiwi.fr\/?s={search_term_string}"},"query-input":{"@type":"PropertyValueSpecification","valueRequired":true,"valueName":"search_term_string"}}],"inLanguage":"fr-FR"},{"@type":"Organization","@id":"https:\/\/sorbetkiwi.fr\/#organization","name":"Sorbet Kiwi","url":"https:\/\/sorbetkiwi.fr\/","logo":{"@type":"ImageObject","inLanguage":"fr-FR","@id":"https:\/\/sorbetkiwi.fr\/#\/schema\/logo\/image\/","url":"https:\/\/sorbetkiwi.fr\/wp-content\/uploads\/2022\/10\/Banniere-Sorbet-Kiwi-2022.jpg","contentUrl":"https:\/\/sorbetkiwi.fr\/wp-content\/uploads\/2022\/10\/Banniere-Sorbet-Kiwi-2022.jpg","width":814,"height":401,"caption":"Sorbet Kiwi"},"image":{"@id":"https:\/\/sorbetkiwi.fr\/#\/schema\/logo\/image\/"},"sameAs":["https:\/\/www.facebook.com\/profile.php?id=100086238893269","https:\/\/x.com\/pepparshoes","https:\/\/www.instagram.com\/sorbetkiwi\/","https:\/\/www.tiktok.com\/sorbetkiwi"]},{"@type":"Person","@id":"https:\/\/sorbetkiwi.fr\/#\/schema\/person\/ed1b7b527a2957ddc3bf38b076540659","name":"Sorbet-Kiwi","image":{"@type":"ImageObject","inLanguage":"fr-FR","@id":"https:\/\/secure.gravatar.com\/avatar\/86f0a5c27d76317621b9e374d0f3a01d3a85278f10d0c7207ced4fd773057442?s=96&d=mm&r=g","url":"https:\/\/secure.gravatar.com\/avatar\/86f0a5c27d76317621b9e374d0f3a01d3a85278f10d0c7207ced4fd773057442?s=96&d=mm&r=g","contentUrl":"https:\/\/secure.gravatar.com\/avatar\/86f0a5c27d76317621b9e374d0f3a01d3a85278f10d0c7207ced4fd773057442?s=96&d=mm&r=g","caption":"Sorbet-Kiwi"},"sameAs":["http:\/\/sorbetkiwi.fr"],"url":"https:\/\/sorbetkiwi.fr\/index.php\/author\/admin7717\/"}]}},"_links":{"self":[{"href":"https:\/\/sorbetkiwi.fr\/index.php\/wp-json\/wp\/v2\/posts\/2891","targetHints":{"allow":["GET"]}}],"collection":[{"href":"https:\/\/sorbetkiwi.fr\/index.php\/wp-json\/wp\/v2\/posts"}],"about":[{"href":"https:\/\/sorbetkiwi.fr\/index.php\/wp-json\/wp\/v2\/types\/post"}],"author":[{"embeddable":true,"href":"https:\/\/sorbetkiwi.fr\/index.php\/wp-json\/wp\/v2\/users\/1"}],"replies":[{"embeddable":true,"href":"https:\/\/sorbetkiwi.fr\/index.php\/wp-json\/wp\/v2\/comments?post=2891"}],"version-history":[{"count":9,"href":"https:\/\/sorbetkiwi.fr\/index.php\/wp-json\/wp\/v2\/posts\/2891\/revisions"}],"predecessor-version":[{"id":2902,"href":"https:\/\/sorbetkiwi.fr\/index.php\/wp-json\/wp\/v2\/posts\/2891\/revisions\/2902"}],"wp:featuredmedia":[{"embeddable":true,"href":"https:\/\/sorbetkiwi.fr\/index.php\/wp-json\/wp\/v2\/media\/2898"}],"wp:attachment":[{"href":"https:\/\/sorbetkiwi.fr\/index.php\/wp-json\/wp\/v2\/media?parent=2891"}],"wp:term":[{"taxonomy":"category","embeddable":true,"href":"https:\/\/sorbetkiwi.fr\/index.php\/wp-json\/wp\/v2\/categories?post=2891"},{"taxonomy":"post_tag","embeddable":true,"href":"https:\/\/sorbetkiwi.fr\/index.php\/wp-json\/wp\/v2\/tags?post=2891"}],"curies":[{"name":"wp","href":"https:\/\/api.w.org\/{rel}","templated":true}]}}