{"id":2676,"date":"2023-05-29T09:39:44","date_gmt":"2023-05-29T07:39:44","guid":{"rendered":"https:\/\/sorbetkiwi.fr\/?p=2676"},"modified":"2023-05-29T09:39:46","modified_gmt":"2023-05-29T07:39:46","slug":"la-fine-fleur-du-printemps-bilan-de-la-saison","status":"publish","type":"post","link":"https:\/\/sorbetkiwi.fr\/index.php\/la-fine-fleur-du-printemps-bilan-de-la-saison\/","title":{"rendered":"La fine fleur du printemps : bilan de la saison"},"content":{"rendered":"\t\t<div data-elementor-type=\"wp-post\" data-elementor-id=\"2676\" class=\"elementor elementor-2676\">\n\t\t\t\t\t\t<section class=\"elementor-section elementor-top-section elementor-element elementor-element-722c684d elementor-section-boxed elementor-section-height-default elementor-section-height-default\" data-id=\"722c684d\" data-element_type=\"section\" data-e-type=\"section\">\n\t\t\t\t\t\t<div class=\"elementor-container elementor-column-gap-default\">\n\t\t\t\t\t<div class=\"elementor-column elementor-col-100 elementor-top-column elementor-element elementor-element-7fd7e9f0\" data-id=\"7fd7e9f0\" data-element_type=\"column\" data-e-type=\"column\">\n\t\t\t<div class=\"elementor-widget-wrap elementor-element-populated\">\n\t\t\t\t\t\t<div class=\"elementor-element elementor-element-53ad4c8b elementor-widget elementor-widget-heading\" data-id=\"53ad4c8b\" data-element_type=\"widget\" data-e-type=\"widget\" data-widget_type=\"heading.default\">\n\t\t\t\t<div class=\"elementor-widget-container\">\n\t\t\t\t\t<h1 class=\"elementor-heading-title elementor-size-medium\">La fine fleur du printemps bilan de la saison<\/h1>\t\t\t\t<\/div>\n\t\t\t\t<\/div>\n\t\t\t\t<div class=\"elementor-element elementor-element-7f93ba5b elementor-view-default elementor-widget elementor-widget-icon\" data-id=\"7f93ba5b\" data-element_type=\"widget\" data-e-type=\"widget\" data-widget_type=\"icon.default\">\n\t\t\t\t<div class=\"elementor-widget-container\">\n\t\t\t\t\t\t\t<div class=\"elementor-icon-wrapper\">\n\t\t\t<div class=\"elementor-icon\">\n\t\t\t<i aria-hidden=\"true\" class=\"fab fa-pagelines\"><\/i>\t\t\t<\/div>\n\t\t<\/div>\n\t\t\t\t\t\t<\/div>\n\t\t\t\t<\/div>\n\t\t\t\t<div class=\"elementor-element elementor-element-5db9262c elementor-widget-divider--view-line elementor-widget elementor-widget-divider\" data-id=\"5db9262c\" data-element_type=\"widget\" data-e-type=\"widget\" data-widget_type=\"divider.default\">\n\t\t\t\t<div class=\"elementor-widget-container\">\n\t\t\t\t\t\t\t<div class=\"elementor-divider\">\n\t\t\t<span class=\"elementor-divider-separator\">\n\t\t\t\t\t\t<\/span>\n\t\t<\/div>\n\t\t\t\t\t\t<\/div>\n\t\t\t\t<\/div>\n\t\t\t\t<div class=\"elementor-element elementor-element-5a8c4634 elementor-widget elementor-widget-heading\" data-id=\"5a8c4634\" data-element_type=\"widget\" data-e-type=\"widget\" data-widget_type=\"heading.default\">\n\t\t\t\t<div class=\"elementor-widget-container\">\n\t\t\t\t\t<h2 class=\"elementor-heading-title elementor-size-medium\">Le premier bilan sur le blog<\/h2>\t\t\t\t<\/div>\n\t\t\t\t<\/div>\n\t\t\t\t<div class=\"elementor-element elementor-element-6d01b001 elementor-widget elementor-widget-text-editor\" data-id=\"6d01b001\" data-element_type=\"widget\" data-e-type=\"widget\" data-widget_type=\"text-editor.default\">\n\t\t\t\t<div class=\"elementor-widget-container\">\n\t\t\t\t\t\t\t\t\t<p>En lan\u00e7ant ce blog, je n&rsquo;\u00e9tais pas certaine de vouloir reprendre un bilan mensuel. J&rsquo;ai remis la r\u00e9flexion \u00e0 plus tard, en me disant que j&rsquo;ajusterai. En r\u00e9alit\u00e9, je n&rsquo;ai pas tr\u00e8s envie d&rsquo;en faire un traditionnel avec une liste de titres que vous pouvez de toute fa\u00e7on retrouvez en cliquant simplement sur \u00ab\u00a0<a href=\"https:\/\/sorbetkiwi.fr\/index.php\/category\/tout-le-blog\/\">Tout le blog<\/a>\u00a0\u00bb ou directement sur \u00ab\u00a0<a href=\"https:\/\/sorbetkiwi.fr\/index.php\/category\/le-printemps\/\">Le Printemps\u00a0\u00bb<\/a>. Mais j&rsquo;aime bien faire le point sur la saison, tout de m\u00eame. Peut \u00eatre mettre en avant mes coups de c\u0153ur ? Vous parlez de lectures qui m&rsquo;ont tout particuli\u00e8rement marqu\u00e9 ? Mettre une maison d&rsquo;\u00e9dition \u00e0 l&rsquo;honneur ? Et pourquoi pas. Alors, c&rsquo;est parti pour la fine fleur du printemps sur sorbetkiwi.fr !\u00a0<\/p>\t\t\t\t\t\t\t\t<\/div>\n\t\t\t\t<\/div>\n\t\t\t\t<div class=\"elementor-element elementor-element-7995542d elementor-widget-divider--view-line elementor-widget elementor-widget-divider\" data-id=\"7995542d\" data-element_type=\"widget\" data-e-type=\"widget\" data-widget_type=\"divider.default\">\n\t\t\t\t<div class=\"elementor-widget-container\">\n\t\t\t\t\t\t\t<div class=\"elementor-divider\">\n\t\t\t<span class=\"elementor-divider-separator\">\n\t\t\t\t\t\t<\/span>\n\t\t<\/div>\n\t\t\t\t\t\t<\/div>\n\t\t\t\t<\/div>\n\t\t\t\t<div class=\"elementor-element elementor-element-1845b72a elementor-widget elementor-widget-heading\" data-id=\"1845b72a\" data-element_type=\"widget\" data-e-type=\"widget\" data-widget_type=\"heading.default\">\n\t\t\t\t<div class=\"elementor-widget-container\">\n\t\t\t\t\t<h2 class=\"elementor-heading-title elementor-size-medium\">A chaque mois ses coups de c\u0153ur<\/h2>\t\t\t\t<\/div>\n\t\t\t\t<\/div>\n\t\t\t\t<div class=\"elementor-element elementor-element-4c13c7bc elementor-widget elementor-widget-text-editor\" data-id=\"4c13c7bc\" data-element_type=\"widget\" data-e-type=\"widget\" data-widget_type=\"text-editor.default\">\n\t\t\t\t<div class=\"elementor-widget-container\">\n\t\t\t\t\t\t\t\t\t<p>Plusieurs romans ont retenus mon attention depuis mars. Le tout premier coup de c\u0153ur de la saison \u00e0 sans aucun doute \u00e9t\u00e9 <a href=\"https:\/\/sorbetkiwi.fr\/index.php\/le-dernier-sommeil-de-lourse-de-sophie-jomain\/\">Le dernier sommeil de l&rsquo;ourse de Sophie Jomain<\/a>. Il m&rsquo;a touch\u00e9 personnellement, et a su me cueillir par surprise. <a href=\"https:\/\/sorbetkiwi.fr\/index.php\/plus-jamais-sans-moi-de-maud-ankaoua\/\">Plus jamais sans moi<\/a> de Maud Ankaoua a \u00e9t\u00e9 le livre audio de ce trimestre. Et <a href=\"https:\/\/sorbetkiwi.fr\/index.php\/archie-de-alia-cardyn\/\">Archie<\/a> de Alia Cardyn sera le poche que je veux mettre en avant. Petite surprise, <a href=\"https:\/\/sorbetkiwi.fr\/index.php\/prendre-la-vie-comme-elle-vient-de-carene-ponte\/\">Prendre la vie comme elle vient<\/a> de Car\u00e8ne Ponte m&rsquo;a profond\u00e9ment touch\u00e9. Evidemment, le nouveau roman de Clarisse Sabard, <a href=\"https:\/\/sorbetkiwi.fr\/index.php\/un-air-d-eternite-de-clarisse-sabard\/\">Un air d&rsquo;\u00e9ternit\u00e9<\/a>, se retrouve aussi sur l&rsquo;estrade. Enfin, dans mon article sur le <a href=\"https:\/\/sorbetkiwi.fr\/index.php\/printemps-2023-mes-incontournables\/\">printemps 2023<\/a>, je vous disais que j&rsquo;attendais deux romans avec la plus grande impatience. Le premier, <a href=\"https:\/\/sorbetkiwi.fr\/index.php\/le-coin-de-table-de-melusine-huguet\/\">Le coin de table<\/a> de M\u00e9lusine Huguet, a \u00e9t\u00e9 un coup de c\u0153ur incroyable.\u00a0<\/p>\t\t\t\t\t\t\t\t<\/div>\n\t\t\t\t<\/div>\n\t\t\t\t<div class=\"elementor-element elementor-element-646d9734 elementor-widget-divider--view-line elementor-widget elementor-widget-divider\" data-id=\"646d9734\" data-element_type=\"widget\" data-e-type=\"widget\" data-widget_type=\"divider.default\">\n\t\t\t\t<div class=\"elementor-widget-container\">\n\t\t\t\t\t\t\t<div class=\"elementor-divider\">\n\t\t\t<span class=\"elementor-divider-separator\">\n\t\t\t\t\t\t<\/span>\n\t\t<\/div>\n\t\t\t\t\t\t<\/div>\n\t\t\t\t<\/div>\n\t\t\t\t<div class=\"elementor-element elementor-element-19385e40 elementor-widget elementor-widget-heading\" data-id=\"19385e40\" data-element_type=\"widget\" data-e-type=\"widget\" data-widget_type=\"heading.default\">\n\t\t\t\t<div class=\"elementor-widget-container\">\n\t\t\t\t\t<h2 class=\"elementor-heading-title elementor-size-medium\">La fin d'une saga, le d\u00e9but d'une cat\u00e9gorie<\/h2>\t\t\t\t<\/div>\n\t\t\t\t<\/div>\n\t\t\t\t<div class=\"elementor-element elementor-element-1bd980c1 elementor-widget elementor-widget-text-editor\" data-id=\"1bd980c1\" data-element_type=\"widget\" data-e-type=\"widget\" data-widget_type=\"text-editor.default\">\n\t\t\t\t<div class=\"elementor-widget-container\">\n\t\t\t\t\t\t\t\t\t<p>En ce printemps, j&rsquo;avais deux objectifs de transferts d&rsquo;articles de <a href=\"https:\/\/sorbetkiwi.wordpress.com\/\">l&rsquo;ancien blog<\/a> vers ici. D\u00e9j\u00e0, j&rsquo;ai vot\u00e9 pour le <a href=\"https:\/\/sorbetkiwi.fr\/index.php\/tag\/prix-des-lectrices-charleston\/\">Prix des lectrices Charleston<\/a>, donc je voulais regrouper les titres des ann\u00e9es pass\u00e9es. La fine fleur du printemps 2023 sp\u00e9cifiquement pour ce titre selon moi ? <a href=\"https:\/\/sorbetkiwi.fr\/index.php\/l-appartement-du-dessous-de-florence-herrlemann\/\">L&rsquo;appartement du dessous<\/a>, de Florence Herrlemann, a qui j&rsquo;ai donn\u00e9 mon vote. L&rsquo;autre objectif \u00e9tait de transf\u00e9rer tous les articles de <a href=\"https:\/\/sorbetkiwi.fr\/index.php\/tag\/lucinda-riley\/\">Lucinda Riley<\/a> ici. Et j&rsquo;ai r\u00e9ussi. J&rsquo;en ai profit\u00e9 pour terminer ma relecture des\u00a0<a href=\"https:\/\/sorbetkiwi.fr\/index.php\/tag\/les-sept-soeurs\/\">sept s\u0153urs<\/a>, \u00e9galement. Et quel \u00e9norme coup de c\u0153ur pour le tome 8, <a href=\"https:\/\/sorbetkiwi.fr\/index.php\/atlas-de-lucinda-riley-et-harry-whittaker\/\">Atlas<\/a>, paru en mai. A mon avis, il sera sur le podium annuel. Cet \u00e9t\u00e9, je vais d&rsquo;ailleurs inaugur\u00e9 ma nouvelle cat\u00e9gorie : <a href=\"https:\/\/sorbetkiwi.fr\/index.php\/category\/sur-les-traces-des-sept-soeurs\/\">sur les traces des sept s\u0153urs<\/a> !\u00a0<\/p>\t\t\t\t\t\t\t\t<\/div>\n\t\t\t\t<\/div>\n\t\t\t\t<div class=\"elementor-element elementor-element-4c233f40 elementor-widget-divider--view-line elementor-widget elementor-widget-divider\" data-id=\"4c233f40\" data-element_type=\"widget\" data-e-type=\"widget\" data-widget_type=\"divider.default\">\n\t\t\t\t<div class=\"elementor-widget-container\">\n\t\t\t\t\t\t\t<div class=\"elementor-divider\">\n\t\t\t<span class=\"elementor-divider-separator\">\n\t\t\t\t\t\t<\/span>\n\t\t<\/div>\n\t\t\t\t\t\t<\/div>\n\t\t\t\t<\/div>\n\t\t\t\t<div class=\"elementor-element elementor-element-61d0e40f elementor-widget elementor-widget-heading\" data-id=\"61d0e40f\" data-element_type=\"widget\" data-e-type=\"widget\" data-widget_type=\"heading.default\">\n\t\t\t\t<div class=\"elementor-widget-container\">\n\t\t\t\t\t<h2 class=\"elementor-heading-title elementor-size-medium\">Premi\u00e8res lectures Eyrolles<\/h2>\t\t\t\t<\/div>\n\t\t\t\t<\/div>\n\t\t\t\t<div class=\"elementor-element elementor-element-e892ef7 elementor-widget elementor-widget-text-editor\" data-id=\"e892ef7\" data-element_type=\"widget\" data-e-type=\"widget\" data-widget_type=\"text-editor.default\">\n\t\t\t\t<div class=\"elementor-widget-container\">\n\t\t\t\t\t\t\t\t\t<p>Avant de mettre \u00e0 l&rsquo;honneur les <a href=\"https:\/\/sorbetkiwi.fr\/index.php\/tag\/editions-eyrolles\/\">\u00e9ditions Eyrolles<\/a>, je tiens \u00e0 parler du salon auquel j&rsquo;ai particip\u00e9 au printemps. J&rsquo;ai \u00e9t\u00e9 \u00e0 la <a href=\"https:\/\/sorbetkiwi.fr\/index.php\/la-foire-du-livre-de-bruxelles-2023\/\">Foire du livre de Bruxelles<\/a>, et c&rsquo;\u00e9tait g\u00e9nial ! Ainsi, le premier article de la cat\u00e9gorie <a href=\"https:\/\/sorbetkiwi.fr\/index.php\/category\/evenements\/\">Ev\u00e9nements<\/a> \u00e0 \u00e9t\u00e9 publi\u00e9.<\/p><p>J&rsquo;ai bien d\u00e9but\u00e9 mon partenariat avec les \u00e9ditions Eyrolles, en vous parlant de trois romans et d&rsquo;un livre illustr\u00e9 autobiographique. J&rsquo;ai commenc\u00e9 avec <a href=\"https:\/\/sorbetkiwi.fr\/index.php\/mon-monde-en-equilibre-de-cecile-briomet\/\">Mon monde en \u00e9quilibre<\/a> de C\u00e9cile Briomet, que j&rsquo;ai beaucoup aim\u00e9, et que j&rsquo;ai qualifi\u00e9 de vibrant hommage \u00e0 la ville de Bayonne. <a href=\"https:\/\/sorbetkiwi.fr\/index.php\/l-aventure-benie-du-sac-toxique-de-david-zaoui\/\">L&rsquo;aventure b\u00e9nie du sac toxique<\/a> a \u00e9t\u00e9 moins ma tasse de th\u00e9 pour le coup. Je pense tout simplement que je n&rsquo;\u00e9tais pas le public cible. Et il y a un abandon dans le lot, <a href=\"https:\/\/sorbetkiwi.fr\/index.php\/sans-peur-et-sans-moustache-de-juliette-lecureuil\/\">Sans peur et sans moustache<\/a>. Contre toute attente, le <a href=\"https:\/\/sorbetkiwi.fr\/index.php\/journal-de-bord-d-un-joyeux-bordel-de-sophie-astrabie\/\">Journal de bord d&rsquo;un joyeux bordel<\/a> a \u00e9t\u00e9 incroyable, lui ! J&rsquo;ai vraiment ador\u00e9. Il cl\u00f4ture bien la fine fleur du printemps 2023. Quels sont les romans que vous avez tout particuli\u00e8rement aim\u00e9 en cette saison ?\u00a0<\/p>\t\t\t\t\t\t\t\t<\/div>\n\t\t\t\t<\/div>\n\t\t\t\t\t<\/div>\n\t\t<\/div>\n\t\t\t\t\t<\/div>\n\t\t<\/section>\n\t\t\t\t<\/div>\n\t\t","protected":false},"excerpt":{"rendered":"<p>La fine fleur du printemps bilan de la saison Le premier bilan sur le blog En lan\u00e7ant ce blog, je n&rsquo;\u00e9tais pas certaine de vouloir reprendre un bilan mensuel. J&rsquo;ai remis la r\u00e9flexion \u00e0 plus &hellip; <\/p>\n","protected":false},"author":1,"featured_media":2677,"comment_status":"open","ping_status":"open","sticky":false,"template":"","format":"standard","meta":{"footnotes":""},"categories":[9,13,1],"tags":[667,721,291,564,28,65,541,675,720,62,539,41,500,355,314],"class_list":["post-2676","post","type-post","status-publish","format-standard","has-post-thumbnail","hentry","category-coups-de-coeur","category-le-printemps","category-tout-le-blog","tag-alia-cardyn","tag-bilan","tag-carene-ponte","tag-cecile-briomet","tag-clarisse-sabard","tag-coup-de-coeur","tag-editions-eyrolles","tag-florence-herrlemann","tag-la-fine-fleur-du-printemps","tag-lucinda-riley","tag-maud-ankaoua","tag-melusine-huguet","tag-printemps","tag-prix-des-lectrices-charleston","tag-sophie-jomain","has-single-img"],"yoast_head":"<!-- This site is optimized with the Yoast SEO plugin v27.4 - https:\/\/yoast.com\/product\/yoast-seo-wordpress\/ -->\n<title>La fine fleur du printemps : bilan de la saison - Sorbet Kiwi<\/title>\n<meta name=\"description\" content=\"Premier bilan sur le blog, la fine fleur du printemps ! D\u00e9s le 1er juin, on lance la saison estivale. Il est donc temps de faire le point !\" \/>\n<meta name=\"robots\" content=\"index, follow, max-snippet:-1, max-image-preview:large, max-video-preview:-1\" \/>\n<link rel=\"canonical\" href=\"https:\/\/sorbetkiwi.fr\/index.php\/la-fine-fleur-du-printemps-bilan-de-la-saison\/\" \/>\n<meta property=\"og:locale\" content=\"fr_FR\" \/>\n<meta property=\"og:type\" content=\"article\" \/>\n<meta property=\"og:title\" content=\"La fine fleur du printemps : bilan de la saison - Sorbet Kiwi\" \/>\n<meta property=\"og:description\" content=\"Premier bilan sur le blog, la fine fleur du printemps ! D\u00e9s le 1er juin, on lance la saison estivale. Il est donc temps de faire le point !\" \/>\n<meta property=\"og:url\" content=\"https:\/\/sorbetkiwi.fr\/index.php\/la-fine-fleur-du-printemps-bilan-de-la-saison\/\" \/>\n<meta property=\"og:site_name\" content=\"Sorbet Kiwi\" \/>\n<meta property=\"article:publisher\" content=\"https:\/\/www.facebook.com\/profile.php?id=100086238893269\" \/>\n<meta property=\"article:published_time\" content=\"2023-05-29T07:39:44+00:00\" \/>\n<meta property=\"article:modified_time\" content=\"2023-05-29T07:39:46+00:00\" \/>\n<meta property=\"og:image\" content=\"https:\/\/sorbetkiwi.fr\/wp-content\/uploads\/2023\/05\/La-fine-fleur-du-printemps-bilan-de-la-saison-scaled.jpg\" \/>\n\t<meta property=\"og:image:width\" content=\"2048\" \/>\n\t<meta property=\"og:image:height\" content=\"2560\" \/>\n\t<meta property=\"og:image:type\" content=\"image\/jpeg\" \/>\n<meta name=\"author\" content=\"Sorbet-Kiwi\" \/>\n<meta name=\"twitter:card\" content=\"summary_large_image\" \/>\n<meta name=\"twitter:creator\" content=\"@pepparshoes\" \/>\n<meta name=\"twitter:site\" content=\"@pepparshoes\" \/>\n<meta name=\"twitter:label1\" content=\"\u00c9crit par\" \/>\n\t<meta name=\"twitter:data1\" content=\"Sorbet-Kiwi\" \/>\n\t<meta name=\"twitter:label2\" content=\"Dur\u00e9e de lecture estim\u00e9e\" \/>\n\t<meta name=\"twitter:data2\" content=\"4 minutes\" \/>\n<script type=\"application\/ld+json\" class=\"yoast-schema-graph\">{\"@context\":\"https:\\\/\\\/schema.org\",\"@graph\":[{\"@type\":\"Article\",\"@id\":\"https:\\\/\\\/sorbetkiwi.fr\\\/index.php\\\/la-fine-fleur-du-printemps-bilan-de-la-saison\\\/#article\",\"isPartOf\":{\"@id\":\"https:\\\/\\\/sorbetkiwi.fr\\\/index.php\\\/la-fine-fleur-du-printemps-bilan-de-la-saison\\\/\"},\"author\":{\"name\":\"Sorbet-Kiwi\",\"@id\":\"https:\\\/\\\/sorbetkiwi.fr\\\/#\\\/schema\\\/person\\\/ed1b7b527a2957ddc3bf38b076540659\"},\"headline\":\"La fine fleur du printemps : bilan de la saison\",\"datePublished\":\"2023-05-29T07:39:44+00:00\",\"dateModified\":\"2023-05-29T07:39:46+00:00\",\"mainEntityOfPage\":{\"@id\":\"https:\\\/\\\/sorbetkiwi.fr\\\/index.php\\\/la-fine-fleur-du-printemps-bilan-de-la-saison\\\/\"},\"wordCount\":645,\"commentCount\":5,\"publisher\":{\"@id\":\"https:\\\/\\\/sorbetkiwi.fr\\\/#organization\"},\"image\":{\"@id\":\"https:\\\/\\\/sorbetkiwi.fr\\\/index.php\\\/la-fine-fleur-du-printemps-bilan-de-la-saison\\\/#primaryimage\"},\"thumbnailUrl\":\"https:\\\/\\\/sorbetkiwi.fr\\\/wp-content\\\/uploads\\\/2023\\\/05\\\/La-fine-fleur-du-printemps-bilan-de-la-saison-scaled.jpg\",\"keywords\":[\"Alia Cardyn\",\"Bilan\",\"Car\u00e8ne Ponte\",\"C\u00e9cile Briomet\",\"Clarisse Sabard\",\"Coup de c\u0153ur\",\"Editions Eyrolles\",\"Florence Herrlemann\",\"La fine fleur du printemps\",\"Lucinda Riley\",\"Maud Ankaoua\",\"M\u00e9lusine Huguet\",\"Printemps\",\"Prix des lectrices Charleston\",\"Sophie Jomain\"],\"articleSection\":[\"Coups de coeur\",\"Le printemps\",\"Tout le blog\"],\"inLanguage\":\"fr-FR\",\"potentialAction\":[{\"@type\":\"CommentAction\",\"name\":\"Comment\",\"target\":[\"https:\\\/\\\/sorbetkiwi.fr\\\/index.php\\\/la-fine-fleur-du-printemps-bilan-de-la-saison\\\/#respond\"]}]},{\"@type\":\"WebPage\",\"@id\":\"https:\\\/\\\/sorbetkiwi.fr\\\/index.php\\\/la-fine-fleur-du-printemps-bilan-de-la-saison\\\/\",\"url\":\"https:\\\/\\\/sorbetkiwi.fr\\\/index.php\\\/la-fine-fleur-du-printemps-bilan-de-la-saison\\\/\",\"name\":\"La fine fleur du printemps : bilan de la saison - Sorbet Kiwi\",\"isPartOf\":{\"@id\":\"https:\\\/\\\/sorbetkiwi.fr\\\/#website\"},\"primaryImageOfPage\":{\"@id\":\"https:\\\/\\\/sorbetkiwi.fr\\\/index.php\\\/la-fine-fleur-du-printemps-bilan-de-la-saison\\\/#primaryimage\"},\"image\":{\"@id\":\"https:\\\/\\\/sorbetkiwi.fr\\\/index.php\\\/la-fine-fleur-du-printemps-bilan-de-la-saison\\\/#primaryimage\"},\"thumbnailUrl\":\"https:\\\/\\\/sorbetkiwi.fr\\\/wp-content\\\/uploads\\\/2023\\\/05\\\/La-fine-fleur-du-printemps-bilan-de-la-saison-scaled.jpg\",\"datePublished\":\"2023-05-29T07:39:44+00:00\",\"dateModified\":\"2023-05-29T07:39:46+00:00\",\"description\":\"Premier bilan sur le blog, la fine fleur du printemps ! D\u00e9s le 1er juin, on lance la saison estivale. Il est donc temps de faire le point !\",\"breadcrumb\":{\"@id\":\"https:\\\/\\\/sorbetkiwi.fr\\\/index.php\\\/la-fine-fleur-du-printemps-bilan-de-la-saison\\\/#breadcrumb\"},\"inLanguage\":\"fr-FR\",\"potentialAction\":[{\"@type\":\"ReadAction\",\"target\":[\"https:\\\/\\\/sorbetkiwi.fr\\\/index.php\\\/la-fine-fleur-du-printemps-bilan-de-la-saison\\\/\"]}]},{\"@type\":\"ImageObject\",\"inLanguage\":\"fr-FR\",\"@id\":\"https:\\\/\\\/sorbetkiwi.fr\\\/index.php\\\/la-fine-fleur-du-printemps-bilan-de-la-saison\\\/#primaryimage\",\"url\":\"https:\\\/\\\/sorbetkiwi.fr\\\/wp-content\\\/uploads\\\/2023\\\/05\\\/La-fine-fleur-du-printemps-bilan-de-la-saison-scaled.jpg\",\"contentUrl\":\"https:\\\/\\\/sorbetkiwi.fr\\\/wp-content\\\/uploads\\\/2023\\\/05\\\/La-fine-fleur-du-printemps-bilan-de-la-saison-scaled.jpg\",\"width\":2048,\"height\":2560,\"caption\":\"La fine fleur du printemps bilan de la saison\"},{\"@type\":\"BreadcrumbList\",\"@id\":\"https:\\\/\\\/sorbetkiwi.fr\\\/index.php\\\/la-fine-fleur-du-printemps-bilan-de-la-saison\\\/#breadcrumb\",\"itemListElement\":[{\"@type\":\"ListItem\",\"position\":1,\"name\":\"Accueil\",\"item\":\"https:\\\/\\\/sorbetkiwi.fr\\\/\"},{\"@type\":\"ListItem\",\"position\":2,\"name\":\"La fine fleur du printemps : bilan de la saison\"}]},{\"@type\":\"WebSite\",\"@id\":\"https:\\\/\\\/sorbetkiwi.fr\\\/#website\",\"url\":\"https:\\\/\\\/sorbetkiwi.fr\\\/\",\"name\":\"Sorbet Kiwi\",\"description\":\"Des lectures th\u00e9matiques par saison et les avis qui vont avec\",\"publisher\":{\"@id\":\"https:\\\/\\\/sorbetkiwi.fr\\\/#organization\"},\"potentialAction\":[{\"@type\":\"SearchAction\",\"target\":{\"@type\":\"EntryPoint\",\"urlTemplate\":\"https:\\\/\\\/sorbetkiwi.fr\\\/?s={search_term_string}\"},\"query-input\":{\"@type\":\"PropertyValueSpecification\",\"valueRequired\":true,\"valueName\":\"search_term_string\"}}],\"inLanguage\":\"fr-FR\"},{\"@type\":\"Organization\",\"@id\":\"https:\\\/\\\/sorbetkiwi.fr\\\/#organization\",\"name\":\"Sorbet Kiwi\",\"url\":\"https:\\\/\\\/sorbetkiwi.fr\\\/\",\"logo\":{\"@type\":\"ImageObject\",\"inLanguage\":\"fr-FR\",\"@id\":\"https:\\\/\\\/sorbetkiwi.fr\\\/#\\\/schema\\\/logo\\\/image\\\/\",\"url\":\"https:\\\/\\\/sorbetkiwi.fr\\\/wp-content\\\/uploads\\\/2022\\\/10\\\/Banniere-Sorbet-Kiwi-2022.jpg\",\"contentUrl\":\"https:\\\/\\\/sorbetkiwi.fr\\\/wp-content\\\/uploads\\\/2022\\\/10\\\/Banniere-Sorbet-Kiwi-2022.jpg\",\"width\":814,\"height\":401,\"caption\":\"Sorbet Kiwi\"},\"image\":{\"@id\":\"https:\\\/\\\/sorbetkiwi.fr\\\/#\\\/schema\\\/logo\\\/image\\\/\"},\"sameAs\":[\"https:\\\/\\\/www.facebook.com\\\/profile.php?id=100086238893269\",\"https:\\\/\\\/x.com\\\/pepparshoes\",\"https:\\\/\\\/www.instagram.com\\\/sorbetkiwi\\\/\",\"https:\\\/\\\/www.tiktok.com\\\/sorbetkiwi\"]},{\"@type\":\"Person\",\"@id\":\"https:\\\/\\\/sorbetkiwi.fr\\\/#\\\/schema\\\/person\\\/ed1b7b527a2957ddc3bf38b076540659\",\"name\":\"Sorbet-Kiwi\",\"image\":{\"@type\":\"ImageObject\",\"inLanguage\":\"fr-FR\",\"@id\":\"https:\\\/\\\/secure.gravatar.com\\\/avatar\\\/86f0a5c27d76317621b9e374d0f3a01d3a85278f10d0c7207ced4fd773057442?s=96&d=mm&r=g\",\"url\":\"https:\\\/\\\/secure.gravatar.com\\\/avatar\\\/86f0a5c27d76317621b9e374d0f3a01d3a85278f10d0c7207ced4fd773057442?s=96&d=mm&r=g\",\"contentUrl\":\"https:\\\/\\\/secure.gravatar.com\\\/avatar\\\/86f0a5c27d76317621b9e374d0f3a01d3a85278f10d0c7207ced4fd773057442?s=96&d=mm&r=g\",\"caption\":\"Sorbet-Kiwi\"},\"sameAs\":[\"http:\\\/\\\/sorbetkiwi.fr\"],\"url\":\"https:\\\/\\\/sorbetkiwi.fr\\\/index.php\\\/author\\\/admin7717\\\/\"}]}<\/script>\n<!-- \/ Yoast SEO plugin. -->","yoast_head_json":{"title":"La fine fleur du printemps : bilan de la saison - Sorbet Kiwi","description":"Premier bilan sur le blog, la fine fleur du printemps ! D\u00e9s le 1er juin, on lance la saison estivale. Il est donc temps de faire le point !","robots":{"index":"index","follow":"follow","max-snippet":"max-snippet:-1","max-image-preview":"max-image-preview:large","max-video-preview":"max-video-preview:-1"},"canonical":"https:\/\/sorbetkiwi.fr\/index.php\/la-fine-fleur-du-printemps-bilan-de-la-saison\/","og_locale":"fr_FR","og_type":"article","og_title":"La fine fleur du printemps : bilan de la saison - Sorbet Kiwi","og_description":"Premier bilan sur le blog, la fine fleur du printemps ! D\u00e9s le 1er juin, on lance la saison estivale. Il est donc temps de faire le point !","og_url":"https:\/\/sorbetkiwi.fr\/index.php\/la-fine-fleur-du-printemps-bilan-de-la-saison\/","og_site_name":"Sorbet Kiwi","article_publisher":"https:\/\/www.facebook.com\/profile.php?id=100086238893269","article_published_time":"2023-05-29T07:39:44+00:00","article_modified_time":"2023-05-29T07:39:46+00:00","og_image":[{"width":2048,"height":2560,"url":"https:\/\/sorbetkiwi.fr\/wp-content\/uploads\/2023\/05\/La-fine-fleur-du-printemps-bilan-de-la-saison-scaled.jpg","type":"image\/jpeg"}],"author":"Sorbet-Kiwi","twitter_card":"summary_large_image","twitter_creator":"@pepparshoes","twitter_site":"@pepparshoes","twitter_misc":{"\u00c9crit par":"Sorbet-Kiwi","Dur\u00e9e de lecture estim\u00e9e":"4 minutes"},"schema":{"@context":"https:\/\/schema.org","@graph":[{"@type":"Article","@id":"https:\/\/sorbetkiwi.fr\/index.php\/la-fine-fleur-du-printemps-bilan-de-la-saison\/#article","isPartOf":{"@id":"https:\/\/sorbetkiwi.fr\/index.php\/la-fine-fleur-du-printemps-bilan-de-la-saison\/"},"author":{"name":"Sorbet-Kiwi","@id":"https:\/\/sorbetkiwi.fr\/#\/schema\/person\/ed1b7b527a2957ddc3bf38b076540659"},"headline":"La fine fleur du printemps : bilan de la saison","datePublished":"2023-05-29T07:39:44+00:00","dateModified":"2023-05-29T07:39:46+00:00","mainEntityOfPage":{"@id":"https:\/\/sorbetkiwi.fr\/index.php\/la-fine-fleur-du-printemps-bilan-de-la-saison\/"},"wordCount":645,"commentCount":5,"publisher":{"@id":"https:\/\/sorbetkiwi.fr\/#organization"},"image":{"@id":"https:\/\/sorbetkiwi.fr\/index.php\/la-fine-fleur-du-printemps-bilan-de-la-saison\/#primaryimage"},"thumbnailUrl":"https:\/\/sorbetkiwi.fr\/wp-content\/uploads\/2023\/05\/La-fine-fleur-du-printemps-bilan-de-la-saison-scaled.jpg","keywords":["Alia Cardyn","Bilan","Car\u00e8ne Ponte","C\u00e9cile Briomet","Clarisse Sabard","Coup de c\u0153ur","Editions Eyrolles","Florence Herrlemann","La fine fleur du printemps","Lucinda Riley","Maud Ankaoua","M\u00e9lusine Huguet","Printemps","Prix des lectrices Charleston","Sophie Jomain"],"articleSection":["Coups de coeur","Le printemps","Tout le blog"],"inLanguage":"fr-FR","potentialAction":[{"@type":"CommentAction","name":"Comment","target":["https:\/\/sorbetkiwi.fr\/index.php\/la-fine-fleur-du-printemps-bilan-de-la-saison\/#respond"]}]},{"@type":"WebPage","@id":"https:\/\/sorbetkiwi.fr\/index.php\/la-fine-fleur-du-printemps-bilan-de-la-saison\/","url":"https:\/\/sorbetkiwi.fr\/index.php\/la-fine-fleur-du-printemps-bilan-de-la-saison\/","name":"La fine fleur du printemps : bilan de la saison - Sorbet Kiwi","isPartOf":{"@id":"https:\/\/sorbetkiwi.fr\/#website"},"primaryImageOfPage":{"@id":"https:\/\/sorbetkiwi.fr\/index.php\/la-fine-fleur-du-printemps-bilan-de-la-saison\/#primaryimage"},"image":{"@id":"https:\/\/sorbetkiwi.fr\/index.php\/la-fine-fleur-du-printemps-bilan-de-la-saison\/#primaryimage"},"thumbnailUrl":"https:\/\/sorbetkiwi.fr\/wp-content\/uploads\/2023\/05\/La-fine-fleur-du-printemps-bilan-de-la-saison-scaled.jpg","datePublished":"2023-05-29T07:39:44+00:00","dateModified":"2023-05-29T07:39:46+00:00","description":"Premier bilan sur le blog, la fine fleur du printemps ! D\u00e9s le 1er juin, on lance la saison estivale. Il est donc temps de faire le point !","breadcrumb":{"@id":"https:\/\/sorbetkiwi.fr\/index.php\/la-fine-fleur-du-printemps-bilan-de-la-saison\/#breadcrumb"},"inLanguage":"fr-FR","potentialAction":[{"@type":"ReadAction","target":["https:\/\/sorbetkiwi.fr\/index.php\/la-fine-fleur-du-printemps-bilan-de-la-saison\/"]}]},{"@type":"ImageObject","inLanguage":"fr-FR","@id":"https:\/\/sorbetkiwi.fr\/index.php\/la-fine-fleur-du-printemps-bilan-de-la-saison\/#primaryimage","url":"https:\/\/sorbetkiwi.fr\/wp-content\/uploads\/2023\/05\/La-fine-fleur-du-printemps-bilan-de-la-saison-scaled.jpg","contentUrl":"https:\/\/sorbetkiwi.fr\/wp-content\/uploads\/2023\/05\/La-fine-fleur-du-printemps-bilan-de-la-saison-scaled.jpg","width":2048,"height":2560,"caption":"La fine fleur du printemps bilan de la saison"},{"@type":"BreadcrumbList","@id":"https:\/\/sorbetkiwi.fr\/index.php\/la-fine-fleur-du-printemps-bilan-de-la-saison\/#breadcrumb","itemListElement":[{"@type":"ListItem","position":1,"name":"Accueil","item":"https:\/\/sorbetkiwi.fr\/"},{"@type":"ListItem","position":2,"name":"La fine fleur du printemps : bilan de la saison"}]},{"@type":"WebSite","@id":"https:\/\/sorbetkiwi.fr\/#website","url":"https:\/\/sorbetkiwi.fr\/","name":"Sorbet Kiwi","description":"Des lectures th\u00e9matiques par saison et les avis qui vont avec","publisher":{"@id":"https:\/\/sorbetkiwi.fr\/#organization"},"potentialAction":[{"@type":"SearchAction","target":{"@type":"EntryPoint","urlTemplate":"https:\/\/sorbetkiwi.fr\/?s={search_term_string}"},"query-input":{"@type":"PropertyValueSpecification","valueRequired":true,"valueName":"search_term_string"}}],"inLanguage":"fr-FR"},{"@type":"Organization","@id":"https:\/\/sorbetkiwi.fr\/#organization","name":"Sorbet Kiwi","url":"https:\/\/sorbetkiwi.fr\/","logo":{"@type":"ImageObject","inLanguage":"fr-FR","@id":"https:\/\/sorbetkiwi.fr\/#\/schema\/logo\/image\/","url":"https:\/\/sorbetkiwi.fr\/wp-content\/uploads\/2022\/10\/Banniere-Sorbet-Kiwi-2022.jpg","contentUrl":"https:\/\/sorbetkiwi.fr\/wp-content\/uploads\/2022\/10\/Banniere-Sorbet-Kiwi-2022.jpg","width":814,"height":401,"caption":"Sorbet Kiwi"},"image":{"@id":"https:\/\/sorbetkiwi.fr\/#\/schema\/logo\/image\/"},"sameAs":["https:\/\/www.facebook.com\/profile.php?id=100086238893269","https:\/\/x.com\/pepparshoes","https:\/\/www.instagram.com\/sorbetkiwi\/","https:\/\/www.tiktok.com\/sorbetkiwi"]},{"@type":"Person","@id":"https:\/\/sorbetkiwi.fr\/#\/schema\/person\/ed1b7b527a2957ddc3bf38b076540659","name":"Sorbet-Kiwi","image":{"@type":"ImageObject","inLanguage":"fr-FR","@id":"https:\/\/secure.gravatar.com\/avatar\/86f0a5c27d76317621b9e374d0f3a01d3a85278f10d0c7207ced4fd773057442?s=96&d=mm&r=g","url":"https:\/\/secure.gravatar.com\/avatar\/86f0a5c27d76317621b9e374d0f3a01d3a85278f10d0c7207ced4fd773057442?s=96&d=mm&r=g","contentUrl":"https:\/\/secure.gravatar.com\/avatar\/86f0a5c27d76317621b9e374d0f3a01d3a85278f10d0c7207ced4fd773057442?s=96&d=mm&r=g","caption":"Sorbet-Kiwi"},"sameAs":["http:\/\/sorbetkiwi.fr"],"url":"https:\/\/sorbetkiwi.fr\/index.php\/author\/admin7717\/"}]}},"_links":{"self":[{"href":"https:\/\/sorbetkiwi.fr\/index.php\/wp-json\/wp\/v2\/posts\/2676","targetHints":{"allow":["GET"]}}],"collection":[{"href":"https:\/\/sorbetkiwi.fr\/index.php\/wp-json\/wp\/v2\/posts"}],"about":[{"href":"https:\/\/sorbetkiwi.fr\/index.php\/wp-json\/wp\/v2\/types\/post"}],"author":[{"embeddable":true,"href":"https:\/\/sorbetkiwi.fr\/index.php\/wp-json\/wp\/v2\/users\/1"}],"replies":[{"embeddable":true,"href":"https:\/\/sorbetkiwi.fr\/index.php\/wp-json\/wp\/v2\/comments?post=2676"}],"version-history":[{"count":13,"href":"https:\/\/sorbetkiwi.fr\/index.php\/wp-json\/wp\/v2\/posts\/2676\/revisions"}],"predecessor-version":[{"id":2738,"href":"https:\/\/sorbetkiwi.fr\/index.php\/wp-json\/wp\/v2\/posts\/2676\/revisions\/2738"}],"wp:featuredmedia":[{"embeddable":true,"href":"https:\/\/sorbetkiwi.fr\/index.php\/wp-json\/wp\/v2\/media\/2677"}],"wp:attachment":[{"href":"https:\/\/sorbetkiwi.fr\/index.php\/wp-json\/wp\/v2\/media?parent=2676"}],"wp:term":[{"taxonomy":"category","embeddable":true,"href":"https:\/\/sorbetkiwi.fr\/index.php\/wp-json\/wp\/v2\/categories?post=2676"},{"taxonomy":"post_tag","embeddable":true,"href":"https:\/\/sorbetkiwi.fr\/index.php\/wp-json\/wp\/v2\/tags?post=2676"}],"curies":[{"name":"wp","href":"https:\/\/api.w.org\/{rel}","templated":true}]}}