{"id":2657,"date":"2023-05-24T08:28:48","date_gmt":"2023-05-24T06:28:48","guid":{"rendered":"https:\/\/sorbetkiwi.fr\/?p=2657"},"modified":"2023-05-24T08:28:50","modified_gmt":"2023-05-24T06:28:50","slug":"l-herbier-des-fees-de-lacombe-et-perez","status":"publish","type":"post","link":"https:\/\/sorbetkiwi.fr\/index.php\/l-herbier-des-fees-de-lacombe-et-perez\/","title":{"rendered":"L&rsquo;herbier des f\u00e9es de Lacombe et Perez"},"content":{"rendered":"\t\t<div data-elementor-type=\"wp-post\" data-elementor-id=\"2657\" class=\"elementor elementor-2657\">\n\t\t\t\t\t\t<section class=\"elementor-section elementor-top-section elementor-element elementor-element-3660bc52 elementor-section-boxed elementor-section-height-default elementor-section-height-default\" data-id=\"3660bc52\" data-element_type=\"section\" data-e-type=\"section\">\n\t\t\t\t\t\t<div class=\"elementor-container elementor-column-gap-default\">\n\t\t\t\t\t<div class=\"elementor-column elementor-col-100 elementor-top-column elementor-element elementor-element-5dbd6503\" data-id=\"5dbd6503\" data-element_type=\"column\" data-e-type=\"column\">\n\t\t\t<div class=\"elementor-widget-wrap elementor-element-populated\">\n\t\t\t\t\t\t<div class=\"elementor-element elementor-element-3431c2e1 elementor-widget elementor-widget-heading\" data-id=\"3431c2e1\" data-element_type=\"widget\" data-e-type=\"widget\" data-widget_type=\"heading.default\">\n\t\t\t\t<div class=\"elementor-widget-container\">\n\t\t\t\t\t<h1 class=\"elementor-heading-title elementor-size-medium\">L'herbier des f\u00e9es<\/h1>\t\t\t\t<\/div>\n\t\t\t\t<\/div>\n\t\t\t\t<div class=\"elementor-element elementor-element-40344ee4 elementor-view-default elementor-widget elementor-widget-icon\" data-id=\"40344ee4\" data-element_type=\"widget\" data-e-type=\"widget\" data-widget_type=\"icon.default\">\n\t\t\t\t<div class=\"elementor-widget-container\">\n\t\t\t\t\t\t\t<div class=\"elementor-icon-wrapper\">\n\t\t\t<div class=\"elementor-icon\">\n\t\t\t<i aria-hidden=\"true\" class=\"fab fa-pagelines\"><\/i>\t\t\t<\/div>\n\t\t<\/div>\n\t\t\t\t\t\t<\/div>\n\t\t\t\t<\/div>\n\t\t\t\t<div class=\"elementor-element elementor-element-6a489335 elementor-widget-divider--view-line elementor-widget elementor-widget-divider\" data-id=\"6a489335\" data-element_type=\"widget\" data-e-type=\"widget\" data-widget_type=\"divider.default\">\n\t\t\t\t<div class=\"elementor-widget-container\">\n\t\t\t\t\t\t\t<div class=\"elementor-divider\">\n\t\t\t<span class=\"elementor-divider-separator\">\n\t\t\t\t\t\t<\/span>\n\t\t<\/div>\n\t\t\t\t\t\t<\/div>\n\t\t\t\t<\/div>\n\t\t\t\t<div class=\"elementor-element elementor-element-783911d5 elementor-widget elementor-widget-heading\" data-id=\"783911d5\" data-element_type=\"widget\" data-e-type=\"widget\" data-widget_type=\"heading.default\">\n\t\t\t\t<div class=\"elementor-widget-container\">\n\t\t\t\t\t<h2 class=\"elementor-heading-title elementor-size-medium\">R\u00e9sum\u00e9<\/h2>\t\t\t\t<\/div>\n\t\t\t\t<\/div>\n\t\t\t\t<div class=\"elementor-element elementor-element-497e9f0d elementor-widget elementor-widget-text-editor\" data-id=\"497e9f0d\" data-element_type=\"widget\" data-e-type=\"widget\" data-widget_type=\"text-editor.default\">\n\t\t\t\t<div class=\"elementor-widget-container\">\n\t\t\t\t\t\t\t\t\t<p>L&rsquo;herbier des f\u00e9es est le carnet intime d&rsquo;un \u00e9minent botaniste russe. D\u00e9tach\u00e9 du cabinet des sciences occultes de Raspoutine, en qu\u00eate d&rsquo;un \u00e9lixir d&rsquo;immortalit\u00e9, ses recherches le m\u00e8nent en for\u00eat de Broc\u00e9liande, c\u00e9l\u00e8bre pour ses plantes m\u00e9dicinales et ses l\u00e9gendes. Ce qu&rsquo;il d\u00e9couvre l\u00e0-bas va bouleverser sa vie&#8230;<\/p>\t\t\t\t\t\t\t\t<\/div>\n\t\t\t\t<\/div>\n\t\t\t\t<div class=\"elementor-element elementor-element-5c59d5 elementor-widget-divider--view-line elementor-widget elementor-widget-divider\" data-id=\"5c59d5\" data-element_type=\"widget\" data-e-type=\"widget\" data-widget_type=\"divider.default\">\n\t\t\t\t<div class=\"elementor-widget-container\">\n\t\t\t\t\t\t\t<div class=\"elementor-divider\">\n\t\t\t<span class=\"elementor-divider-separator\">\n\t\t\t\t\t\t<\/span>\n\t\t<\/div>\n\t\t\t\t\t\t<\/div>\n\t\t\t\t<\/div>\n\t\t\t\t<div class=\"elementor-element elementor-element-6899b083 elementor-widget elementor-widget-heading\" data-id=\"6899b083\" data-element_type=\"widget\" data-e-type=\"widget\" data-widget_type=\"heading.default\">\n\t\t\t\t<div class=\"elementor-widget-container\">\n\t\t\t\t\t<h2 class=\"elementor-heading-title elementor-size-medium\">Ma note<\/h2>\t\t\t\t<\/div>\n\t\t\t\t<\/div>\n\t\t\t\t<div class=\"elementor-element elementor-element-22d2f38d elementor-star-rating--align-center elementor--star-style-star_fontawesome elementor-widget elementor-widget-star-rating\" data-id=\"22d2f38d\" data-element_type=\"widget\" data-e-type=\"widget\" data-widget_type=\"star-rating.default\">\n\t\t\t\t<div class=\"elementor-widget-container\">\n\t\t\t\t\t\t\t<div class=\"elementor-star-rating__wrapper\">\n\t\t\t\t\t\t<div class=\"elementor-star-rating\" itemtype=\"http:\/\/schema.org\/Rating\" itemscope=\"\" itemprop=\"reviewRating\">\n\t\t\t\t<i class=\"elementor-star-full\" aria-hidden=\"true\">&#xE934;<\/i><i class=\"elementor-star-full\" aria-hidden=\"true\">&#xE934;<\/i><i class=\"elementor-star-full\" aria-hidden=\"true\">&#xE934;<\/i><i class=\"elementor-star-full\" aria-hidden=\"true\">&#xE934;<\/i><i class=\"elementor-star-full\" aria-hidden=\"true\">&#xE934;<\/i>\t\t\t\t<span itemprop=\"ratingValue\" class=\"elementor-screen-only\">Not\u00e9 5 sur 5<\/span>\n\t\t\t<\/div>\n\t\t<\/div>\n\t\t\t\t\t\t<\/div>\n\t\t\t\t<\/div>\n\t\t\t\t<div class=\"elementor-element elementor-element-73b70ef1 elementor-widget-divider--view-line elementor-widget elementor-widget-divider\" data-id=\"73b70ef1\" data-element_type=\"widget\" data-e-type=\"widget\" data-widget_type=\"divider.default\">\n\t\t\t\t<div class=\"elementor-widget-container\">\n\t\t\t\t\t\t\t<div class=\"elementor-divider\">\n\t\t\t<span class=\"elementor-divider-separator\">\n\t\t\t\t\t\t<\/span>\n\t\t<\/div>\n\t\t\t\t\t\t<\/div>\n\t\t\t\t<\/div>\n\t\t\t\t<div class=\"elementor-element elementor-element-71837c88 elementor-widget elementor-widget-heading\" data-id=\"71837c88\" data-element_type=\"widget\" data-e-type=\"widget\" data-widget_type=\"heading.default\">\n\t\t\t\t<div class=\"elementor-widget-container\">\n\t\t\t\t\t<h2 class=\"elementor-heading-title elementor-size-medium\">Un album d\u00e9licat pour adultes<\/h2>\t\t\t\t<\/div>\n\t\t\t\t<\/div>\n\t\t\t\t<div class=\"elementor-element elementor-element-ca0da8f elementor-widget elementor-widget-text-editor\" data-id=\"ca0da8f\" data-element_type=\"widget\" data-e-type=\"widget\" data-widget_type=\"text-editor.default\">\n\t\t\t\t<div class=\"elementor-widget-container\">\n\t\t\t\t\t\t\t\t\t<p>Je continue ma d\u00e9couverte des albums de Benjamin Lacombe. Apr\u00e8s <a href=\"https:\/\/sorbetkiwi.fr\/index.php\/blanche-neige-illustree-par-benjamin-lacombe\/\">Blanche-Neige<\/a> cet hiver et <a href=\"https:\/\/sorbetkiwi.fr\/index.php\/les-amants-papillons-de-benjamin-lacombe\/\">Les amants papillons<\/a> \u00e0 la Saint-Valentin, j&rsquo;ai cherch\u00e9 un album pour le <a href=\"https:\/\/sorbetkiwi.fr\/index.php\/category\/le-printemps\/\">printemps<\/a>. Me voici avec L&rsquo;herbier des f\u00e9es en main. C&rsquo;est une \u0153uvre artistique qui transforme l&rsquo;album en livre-objet magnifique. D&rsquo;ailleurs, au moment de l&#8217;emprunt \u00e0 la m\u00e9diath\u00e8que, je n&rsquo;ai pas pris conscience du r\u00e9sum\u00e9. Non, je l&rsquo;ai pris pour sa beaut\u00e9. C&rsquo;est en fait une biographique fictive de Aleksandr Bogdanovich, un botaniste russe. Dans le m\u00eame genre, je vous parlerai de Frida cet \u00e9t\u00e9, que m&rsquo;a offert <a href=\"https:\/\/coeurdencre595.wordpress.com\/2022\/10\/01\/la-fleur-qui-me-ressemble-frida-je-suis-camille\/\">Juliette<\/a> ! Il est donc plut\u00f4t pour adultes, en terme d&rsquo;accessibilit\u00e9.\u00a0<\/p>\t\t\t\t\t\t\t\t<\/div>\n\t\t\t\t<\/div>\n\t\t\t\t<div class=\"elementor-element elementor-element-1086e189 elementor-widget-divider--view-line elementor-widget elementor-widget-divider\" data-id=\"1086e189\" data-element_type=\"widget\" data-e-type=\"widget\" data-widget_type=\"divider.default\">\n\t\t\t\t<div class=\"elementor-widget-container\">\n\t\t\t\t\t\t\t<div class=\"elementor-divider\">\n\t\t\t<span class=\"elementor-divider-separator\">\n\t\t\t\t\t\t<\/span>\n\t\t<\/div>\n\t\t\t\t\t\t<\/div>\n\t\t\t\t<\/div>\n\t\t\t\t<div class=\"elementor-element elementor-element-52aea8f1 elementor-widget elementor-widget-heading\" data-id=\"52aea8f1\" data-element_type=\"widget\" data-e-type=\"widget\" data-widget_type=\"heading.default\">\n\t\t\t\t<div class=\"elementor-widget-container\">\n\t\t\t\t\t<h4 class=\"elementor-heading-title elementor-size-medium\">\"Moi, je sais maintenant que toutes nos connaissances pass\u00e9es, pr\u00e9sentes et \u00e0 venir ne sont rien au regard de ce que nous ne saurons jamais.\"<\/h4>\t\t\t\t<\/div>\n\t\t\t\t<\/div>\n\t\t\t\t<div class=\"elementor-element elementor-element-30e90621 elementor-widget-divider--view-line elementor-widget elementor-widget-divider\" data-id=\"30e90621\" data-element_type=\"widget\" data-e-type=\"widget\" data-widget_type=\"divider.default\">\n\t\t\t\t<div class=\"elementor-widget-container\">\n\t\t\t\t\t\t\t<div class=\"elementor-divider\">\n\t\t\t<span class=\"elementor-divider-separator\">\n\t\t\t\t\t\t<\/span>\n\t\t<\/div>\n\t\t\t\t\t\t<\/div>\n\t\t\t\t<\/div>\n\t\t\t\t<div class=\"elementor-element elementor-element-5b15f21 elementor-widget elementor-widget-heading\" data-id=\"5b15f21\" data-element_type=\"widget\" data-e-type=\"widget\" data-widget_type=\"heading.default\">\n\t\t\t\t<div class=\"elementor-widget-container\">\n\t\t\t\t\t<h2 class=\"elementor-heading-title elementor-size-medium\">Un travail d'\u00e9dition majestueux<\/h2>\t\t\t\t<\/div>\n\t\t\t\t<\/div>\n\t\t\t\t<div class=\"elementor-element elementor-element-1339226d elementor-widget elementor-widget-text-editor\" data-id=\"1339226d\" data-element_type=\"widget\" data-e-type=\"widget\" data-widget_type=\"text-editor.default\">\n\t\t\t\t<div class=\"elementor-widget-container\">\n\t\t\t\t\t\t\t\t\t<p>L&rsquo;herbier des f\u00e9es est en fait le journal de ce botaniste fictif. Au fil des dates, la chronologie avance et Aleksandr fait des recherches dans la for\u00eat de Broc\u00e9liande. Les pages d\u00e9filent, et avec elles, de magnifiques illustrations de plantes, sur un papier tr\u00e8s qualitatif. La beaut\u00e9 de l&rsquo;objet r\u00e9side aussi dans son travail \u00e9ditorial. Papier claque, d\u00e9coupes, effets lettres et journal, L&rsquo;herbier des f\u00e9es est tout simplement magnifique.\u00a0<\/p>\t\t\t\t\t\t\t\t<\/div>\n\t\t\t\t<\/div>\n\t\t\t\t<div class=\"elementor-element elementor-element-581e3c52 elementor-widget-divider--view-line elementor-widget elementor-widget-divider\" data-id=\"581e3c52\" data-element_type=\"widget\" data-e-type=\"widget\" data-widget_type=\"divider.default\">\n\t\t\t\t<div class=\"elementor-widget-container\">\n\t\t\t\t\t\t\t<div class=\"elementor-divider\">\n\t\t\t<span class=\"elementor-divider-separator\">\n\t\t\t\t\t\t<\/span>\n\t\t<\/div>\n\t\t\t\t\t\t<\/div>\n\t\t\t\t<\/div>\n\t\t\t\t<div class=\"elementor-element elementor-element-47ff2054 elementor-widget elementor-widget-heading\" data-id=\"47ff2054\" data-element_type=\"widget\" data-e-type=\"widget\" data-widget_type=\"heading.default\">\n\t\t\t\t<div class=\"elementor-widget-container\">\n\t\t\t\t\t<h2 class=\"elementor-heading-title elementor-size-medium\">Un herbier fantastique<\/h2>\t\t\t\t<\/div>\n\t\t\t\t<\/div>\n\t\t\t\t<div class=\"elementor-element elementor-element-c4ef9fb elementor-widget elementor-widget-text-editor\" data-id=\"c4ef9fb\" data-element_type=\"widget\" data-e-type=\"widget\" data-widget_type=\"text-editor.default\">\n\t\t\t\t<div class=\"elementor-widget-container\">\n\t\t\t\t\t\t\t\t\t<p>Mais alors, pourquoi ce titre ? Entre fiction et r\u00e9alit\u00e9, les auteurs, puisque l&rsquo;album est co-\u00e9crit avec S\u00e9bastien Perez, nous pr\u00e9sentent des plantes. Et \u00e0 ces fleurs sont associ\u00e9es des f\u00e9es. D&rsquo;une douceur et d&rsquo;une beaut\u00e9 incroyable, j&rsquo;ai \u00e9t\u00e9 subjugu\u00e9e par le format. En fond, la r\u00e9volution russe gronde au loin. Et les champs de batailles fran\u00e7ais s&rsquo;estompent sous les battements d&rsquo;ailes des f\u00e9es. L&rsquo;exp\u00e9rience fait rapidement place \u00e0 l&#8217;empathie, et l&rsquo;affection a remplac\u00e9 la curiosit\u00e9. Un monde fabuleux s&rsquo;offre \u00e0 Aleksandr, et \u00e0 nous par cons\u00e9quent. En ouvrant L&rsquo;herbier des f\u00e9es, on n&rsquo;a tout simplement pas envie de le refermer.\u00a0<\/p>\t\t\t\t\t\t\t\t<\/div>\n\t\t\t\t<\/div>\n\t\t\t\t\t<\/div>\n\t\t<\/div>\n\t\t\t\t\t<\/div>\n\t\t<\/section>\n\t\t\t\t<\/div>\n\t\t","protected":false},"excerpt":{"rendered":"<p>L&rsquo;herbier des f\u00e9es R\u00e9sum\u00e9 L&rsquo;herbier des f\u00e9es est le carnet intime d&rsquo;un \u00e9minent botaniste russe. D\u00e9tach\u00e9 du cabinet des sciences occultes de Raspoutine, en qu\u00eate d&rsquo;un \u00e9lixir d&rsquo;immortalit\u00e9, ses recherches le m\u00e8nent en for\u00eat de &hellip; <\/p>\n","protected":false},"author":1,"featured_media":2659,"comment_status":"open","ping_status":"open","sticky":false,"template":"","format":"standard","meta":{"footnotes":""},"categories":[7,13,1],"tags":[708,268,379,711,709,558,500,710],"class_list":["post-2657","post","type-post","status-publish","format-standard","has-post-thumbnail","hentry","category-benevolat","category-le-printemps","category-tout-le-blog","tag-album","tag-album-jeunesse","tag-benjamin-lacombe","tag-editions-albin-michel","tag-lherbier-des-fees","tag-mercredi","tag-printemps","tag-sebastien-perez","has-single-img"],"yoast_head":"<!-- This site is optimized with the Yoast SEO plugin v27.4 - https:\/\/yoast.com\/product\/yoast-seo-wordpress\/ -->\n<title>L&#039;herbier des f\u00e9es de Lacombe et Perez - Sorbet Kiwi<\/title>\n<meta name=\"description\" content=\"Ma chronique de l&#039;album jeunesse L&#039;herbier des f\u00e9es de Benjamin Lacombe et Sebastien Perez, publi\u00e9 chez Albin Michel.\" \/>\n<meta name=\"robots\" content=\"index, follow, max-snippet:-1, max-image-preview:large, max-video-preview:-1\" \/>\n<link rel=\"canonical\" href=\"https:\/\/sorbetkiwi.fr\/index.php\/l-herbier-des-fees-de-lacombe-et-perez\/\" \/>\n<meta property=\"og:locale\" content=\"fr_FR\" \/>\n<meta property=\"og:type\" content=\"article\" \/>\n<meta property=\"og:title\" content=\"L&#039;herbier des f\u00e9es de Lacombe et Perez - Sorbet Kiwi\" \/>\n<meta property=\"og:description\" content=\"Ma chronique de l&#039;album jeunesse L&#039;herbier des f\u00e9es de Benjamin Lacombe et Sebastien Perez, publi\u00e9 chez Albin Michel.\" \/>\n<meta property=\"og:url\" content=\"https:\/\/sorbetkiwi.fr\/index.php\/l-herbier-des-fees-de-lacombe-et-perez\/\" \/>\n<meta property=\"og:site_name\" content=\"Sorbet Kiwi\" \/>\n<meta property=\"article:publisher\" content=\"https:\/\/www.facebook.com\/profile.php?id=100086238893269\" \/>\n<meta property=\"article:published_time\" content=\"2023-05-24T06:28:48+00:00\" \/>\n<meta property=\"article:modified_time\" content=\"2023-05-24T06:28:50+00:00\" \/>\n<meta property=\"og:image\" content=\"https:\/\/sorbetkiwi.fr\/wp-content\/uploads\/2023\/05\/Lherbier-des-fees-Benjamin-Lacombe-Sebastien-Perez-scaled.jpg\" \/>\n\t<meta property=\"og:image:width\" content=\"1920\" \/>\n\t<meta property=\"og:image:height\" content=\"2560\" \/>\n\t<meta property=\"og:image:type\" content=\"image\/jpeg\" \/>\n<meta name=\"author\" content=\"Sorbet-Kiwi\" \/>\n<meta name=\"twitter:card\" content=\"summary_large_image\" \/>\n<meta name=\"twitter:creator\" content=\"@pepparshoes\" \/>\n<meta name=\"twitter:site\" content=\"@pepparshoes\" \/>\n<meta name=\"twitter:label1\" content=\"\u00c9crit par\" \/>\n\t<meta name=\"twitter:data1\" content=\"Sorbet-Kiwi\" \/>\n\t<meta name=\"twitter:label2\" content=\"Dur\u00e9e de lecture estim\u00e9e\" \/>\n\t<meta name=\"twitter:data2\" content=\"3 minutes\" \/>\n<script type=\"application\/ld+json\" class=\"yoast-schema-graph\">{\"@context\":\"https:\\\/\\\/schema.org\",\"@graph\":[{\"@type\":\"Article\",\"@id\":\"https:\\\/\\\/sorbetkiwi.fr\\\/index.php\\\/l-herbier-des-fees-de-lacombe-et-perez\\\/#article\",\"isPartOf\":{\"@id\":\"https:\\\/\\\/sorbetkiwi.fr\\\/index.php\\\/l-herbier-des-fees-de-lacombe-et-perez\\\/\"},\"author\":{\"name\":\"Sorbet-Kiwi\",\"@id\":\"https:\\\/\\\/sorbetkiwi.fr\\\/#\\\/schema\\\/person\\\/ed1b7b527a2957ddc3bf38b076540659\"},\"headline\":\"L&rsquo;herbier des f\u00e9es de Lacombe et Perez\",\"datePublished\":\"2023-05-24T06:28:48+00:00\",\"dateModified\":\"2023-05-24T06:28:50+00:00\",\"mainEntityOfPage\":{\"@id\":\"https:\\\/\\\/sorbetkiwi.fr\\\/index.php\\\/l-herbier-des-fees-de-lacombe-et-perez\\\/\"},\"wordCount\":447,\"commentCount\":6,\"publisher\":{\"@id\":\"https:\\\/\\\/sorbetkiwi.fr\\\/#organization\"},\"image\":{\"@id\":\"https:\\\/\\\/sorbetkiwi.fr\\\/index.php\\\/l-herbier-des-fees-de-lacombe-et-perez\\\/#primaryimage\"},\"thumbnailUrl\":\"https:\\\/\\\/sorbetkiwi.fr\\\/wp-content\\\/uploads\\\/2023\\\/05\\\/Lherbier-des-fees-Benjamin-Lacombe-Sebastien-Perez-scaled.jpg\",\"keywords\":[\"Album\",\"Album jeunesse\",\"Benjamin Lacombe\",\"Editions Albin Michel\",\"L&#039;herbier des f\u00e9es\",\"Mercredi\",\"Printemps\",\"Sebastien Perez\"],\"articleSection\":[\"B\u00e9n\u00e9volat\",\"Le printemps\",\"Tout le blog\"],\"inLanguage\":\"fr-FR\",\"potentialAction\":[{\"@type\":\"CommentAction\",\"name\":\"Comment\",\"target\":[\"https:\\\/\\\/sorbetkiwi.fr\\\/index.php\\\/l-herbier-des-fees-de-lacombe-et-perez\\\/#respond\"]}]},{\"@type\":\"WebPage\",\"@id\":\"https:\\\/\\\/sorbetkiwi.fr\\\/index.php\\\/l-herbier-des-fees-de-lacombe-et-perez\\\/\",\"url\":\"https:\\\/\\\/sorbetkiwi.fr\\\/index.php\\\/l-herbier-des-fees-de-lacombe-et-perez\\\/\",\"name\":\"L'herbier des f\u00e9es de Lacombe et Perez - Sorbet Kiwi\",\"isPartOf\":{\"@id\":\"https:\\\/\\\/sorbetkiwi.fr\\\/#website\"},\"primaryImageOfPage\":{\"@id\":\"https:\\\/\\\/sorbetkiwi.fr\\\/index.php\\\/l-herbier-des-fees-de-lacombe-et-perez\\\/#primaryimage\"},\"image\":{\"@id\":\"https:\\\/\\\/sorbetkiwi.fr\\\/index.php\\\/l-herbier-des-fees-de-lacombe-et-perez\\\/#primaryimage\"},\"thumbnailUrl\":\"https:\\\/\\\/sorbetkiwi.fr\\\/wp-content\\\/uploads\\\/2023\\\/05\\\/Lherbier-des-fees-Benjamin-Lacombe-Sebastien-Perez-scaled.jpg\",\"datePublished\":\"2023-05-24T06:28:48+00:00\",\"dateModified\":\"2023-05-24T06:28:50+00:00\",\"description\":\"Ma chronique de l'album jeunesse L'herbier des f\u00e9es de Benjamin Lacombe et Sebastien Perez, publi\u00e9 chez Albin Michel.\",\"breadcrumb\":{\"@id\":\"https:\\\/\\\/sorbetkiwi.fr\\\/index.php\\\/l-herbier-des-fees-de-lacombe-et-perez\\\/#breadcrumb\"},\"inLanguage\":\"fr-FR\",\"potentialAction\":[{\"@type\":\"ReadAction\",\"target\":[\"https:\\\/\\\/sorbetkiwi.fr\\\/index.php\\\/l-herbier-des-fees-de-lacombe-et-perez\\\/\"]}]},{\"@type\":\"ImageObject\",\"inLanguage\":\"fr-FR\",\"@id\":\"https:\\\/\\\/sorbetkiwi.fr\\\/index.php\\\/l-herbier-des-fees-de-lacombe-et-perez\\\/#primaryimage\",\"url\":\"https:\\\/\\\/sorbetkiwi.fr\\\/wp-content\\\/uploads\\\/2023\\\/05\\\/Lherbier-des-fees-Benjamin-Lacombe-Sebastien-Perez-scaled.jpg\",\"contentUrl\":\"https:\\\/\\\/sorbetkiwi.fr\\\/wp-content\\\/uploads\\\/2023\\\/05\\\/Lherbier-des-fees-Benjamin-Lacombe-Sebastien-Perez-scaled.jpg\",\"width\":1920,\"height\":2560,\"caption\":\"L'herbier des f\u00e9es Benjamin Lacombe Sebastien Perez\"},{\"@type\":\"BreadcrumbList\",\"@id\":\"https:\\\/\\\/sorbetkiwi.fr\\\/index.php\\\/l-herbier-des-fees-de-lacombe-et-perez\\\/#breadcrumb\",\"itemListElement\":[{\"@type\":\"ListItem\",\"position\":1,\"name\":\"Accueil\",\"item\":\"https:\\\/\\\/sorbetkiwi.fr\\\/\"},{\"@type\":\"ListItem\",\"position\":2,\"name\":\"L&rsquo;herbier des f\u00e9es de Lacombe et Perez\"}]},{\"@type\":\"WebSite\",\"@id\":\"https:\\\/\\\/sorbetkiwi.fr\\\/#website\",\"url\":\"https:\\\/\\\/sorbetkiwi.fr\\\/\",\"name\":\"Sorbet Kiwi\",\"description\":\"Des lectures th\u00e9matiques par saison et les avis qui vont avec\",\"publisher\":{\"@id\":\"https:\\\/\\\/sorbetkiwi.fr\\\/#organization\"},\"potentialAction\":[{\"@type\":\"SearchAction\",\"target\":{\"@type\":\"EntryPoint\",\"urlTemplate\":\"https:\\\/\\\/sorbetkiwi.fr\\\/?s={search_term_string}\"},\"query-input\":{\"@type\":\"PropertyValueSpecification\",\"valueRequired\":true,\"valueName\":\"search_term_string\"}}],\"inLanguage\":\"fr-FR\"},{\"@type\":\"Organization\",\"@id\":\"https:\\\/\\\/sorbetkiwi.fr\\\/#organization\",\"name\":\"Sorbet Kiwi\",\"url\":\"https:\\\/\\\/sorbetkiwi.fr\\\/\",\"logo\":{\"@type\":\"ImageObject\",\"inLanguage\":\"fr-FR\",\"@id\":\"https:\\\/\\\/sorbetkiwi.fr\\\/#\\\/schema\\\/logo\\\/image\\\/\",\"url\":\"https:\\\/\\\/sorbetkiwi.fr\\\/wp-content\\\/uploads\\\/2022\\\/10\\\/Banniere-Sorbet-Kiwi-2022.jpg\",\"contentUrl\":\"https:\\\/\\\/sorbetkiwi.fr\\\/wp-content\\\/uploads\\\/2022\\\/10\\\/Banniere-Sorbet-Kiwi-2022.jpg\",\"width\":814,\"height\":401,\"caption\":\"Sorbet Kiwi\"},\"image\":{\"@id\":\"https:\\\/\\\/sorbetkiwi.fr\\\/#\\\/schema\\\/logo\\\/image\\\/\"},\"sameAs\":[\"https:\\\/\\\/www.facebook.com\\\/profile.php?id=100086238893269\",\"https:\\\/\\\/x.com\\\/pepparshoes\",\"https:\\\/\\\/www.instagram.com\\\/sorbetkiwi\\\/\",\"https:\\\/\\\/www.tiktok.com\\\/sorbetkiwi\"]},{\"@type\":\"Person\",\"@id\":\"https:\\\/\\\/sorbetkiwi.fr\\\/#\\\/schema\\\/person\\\/ed1b7b527a2957ddc3bf38b076540659\",\"name\":\"Sorbet-Kiwi\",\"image\":{\"@type\":\"ImageObject\",\"inLanguage\":\"fr-FR\",\"@id\":\"https:\\\/\\\/secure.gravatar.com\\\/avatar\\\/86f0a5c27d76317621b9e374d0f3a01d3a85278f10d0c7207ced4fd773057442?s=96&d=mm&r=g\",\"url\":\"https:\\\/\\\/secure.gravatar.com\\\/avatar\\\/86f0a5c27d76317621b9e374d0f3a01d3a85278f10d0c7207ced4fd773057442?s=96&d=mm&r=g\",\"contentUrl\":\"https:\\\/\\\/secure.gravatar.com\\\/avatar\\\/86f0a5c27d76317621b9e374d0f3a01d3a85278f10d0c7207ced4fd773057442?s=96&d=mm&r=g\",\"caption\":\"Sorbet-Kiwi\"},\"sameAs\":[\"http:\\\/\\\/sorbetkiwi.fr\"],\"url\":\"https:\\\/\\\/sorbetkiwi.fr\\\/index.php\\\/author\\\/admin7717\\\/\"}]}<\/script>\n<!-- \/ Yoast SEO plugin. -->","yoast_head_json":{"title":"L'herbier des f\u00e9es de Lacombe et Perez - Sorbet Kiwi","description":"Ma chronique de l'album jeunesse L'herbier des f\u00e9es de Benjamin Lacombe et Sebastien Perez, publi\u00e9 chez Albin Michel.","robots":{"index":"index","follow":"follow","max-snippet":"max-snippet:-1","max-image-preview":"max-image-preview:large","max-video-preview":"max-video-preview:-1"},"canonical":"https:\/\/sorbetkiwi.fr\/index.php\/l-herbier-des-fees-de-lacombe-et-perez\/","og_locale":"fr_FR","og_type":"article","og_title":"L'herbier des f\u00e9es de Lacombe et Perez - Sorbet Kiwi","og_description":"Ma chronique de l'album jeunesse L'herbier des f\u00e9es de Benjamin Lacombe et Sebastien Perez, publi\u00e9 chez Albin Michel.","og_url":"https:\/\/sorbetkiwi.fr\/index.php\/l-herbier-des-fees-de-lacombe-et-perez\/","og_site_name":"Sorbet Kiwi","article_publisher":"https:\/\/www.facebook.com\/profile.php?id=100086238893269","article_published_time":"2023-05-24T06:28:48+00:00","article_modified_time":"2023-05-24T06:28:50+00:00","og_image":[{"width":1920,"height":2560,"url":"https:\/\/sorbetkiwi.fr\/wp-content\/uploads\/2023\/05\/Lherbier-des-fees-Benjamin-Lacombe-Sebastien-Perez-scaled.jpg","type":"image\/jpeg"}],"author":"Sorbet-Kiwi","twitter_card":"summary_large_image","twitter_creator":"@pepparshoes","twitter_site":"@pepparshoes","twitter_misc":{"\u00c9crit par":"Sorbet-Kiwi","Dur\u00e9e de lecture estim\u00e9e":"3 minutes"},"schema":{"@context":"https:\/\/schema.org","@graph":[{"@type":"Article","@id":"https:\/\/sorbetkiwi.fr\/index.php\/l-herbier-des-fees-de-lacombe-et-perez\/#article","isPartOf":{"@id":"https:\/\/sorbetkiwi.fr\/index.php\/l-herbier-des-fees-de-lacombe-et-perez\/"},"author":{"name":"Sorbet-Kiwi","@id":"https:\/\/sorbetkiwi.fr\/#\/schema\/person\/ed1b7b527a2957ddc3bf38b076540659"},"headline":"L&rsquo;herbier des f\u00e9es de Lacombe et Perez","datePublished":"2023-05-24T06:28:48+00:00","dateModified":"2023-05-24T06:28:50+00:00","mainEntityOfPage":{"@id":"https:\/\/sorbetkiwi.fr\/index.php\/l-herbier-des-fees-de-lacombe-et-perez\/"},"wordCount":447,"commentCount":6,"publisher":{"@id":"https:\/\/sorbetkiwi.fr\/#organization"},"image":{"@id":"https:\/\/sorbetkiwi.fr\/index.php\/l-herbier-des-fees-de-lacombe-et-perez\/#primaryimage"},"thumbnailUrl":"https:\/\/sorbetkiwi.fr\/wp-content\/uploads\/2023\/05\/Lherbier-des-fees-Benjamin-Lacombe-Sebastien-Perez-scaled.jpg","keywords":["Album","Album jeunesse","Benjamin Lacombe","Editions Albin Michel","L&#039;herbier des f\u00e9es","Mercredi","Printemps","Sebastien Perez"],"articleSection":["B\u00e9n\u00e9volat","Le printemps","Tout le blog"],"inLanguage":"fr-FR","potentialAction":[{"@type":"CommentAction","name":"Comment","target":["https:\/\/sorbetkiwi.fr\/index.php\/l-herbier-des-fees-de-lacombe-et-perez\/#respond"]}]},{"@type":"WebPage","@id":"https:\/\/sorbetkiwi.fr\/index.php\/l-herbier-des-fees-de-lacombe-et-perez\/","url":"https:\/\/sorbetkiwi.fr\/index.php\/l-herbier-des-fees-de-lacombe-et-perez\/","name":"L'herbier des f\u00e9es de Lacombe et Perez - Sorbet Kiwi","isPartOf":{"@id":"https:\/\/sorbetkiwi.fr\/#website"},"primaryImageOfPage":{"@id":"https:\/\/sorbetkiwi.fr\/index.php\/l-herbier-des-fees-de-lacombe-et-perez\/#primaryimage"},"image":{"@id":"https:\/\/sorbetkiwi.fr\/index.php\/l-herbier-des-fees-de-lacombe-et-perez\/#primaryimage"},"thumbnailUrl":"https:\/\/sorbetkiwi.fr\/wp-content\/uploads\/2023\/05\/Lherbier-des-fees-Benjamin-Lacombe-Sebastien-Perez-scaled.jpg","datePublished":"2023-05-24T06:28:48+00:00","dateModified":"2023-05-24T06:28:50+00:00","description":"Ma chronique de l'album jeunesse L'herbier des f\u00e9es de Benjamin Lacombe et Sebastien Perez, publi\u00e9 chez Albin Michel.","breadcrumb":{"@id":"https:\/\/sorbetkiwi.fr\/index.php\/l-herbier-des-fees-de-lacombe-et-perez\/#breadcrumb"},"inLanguage":"fr-FR","potentialAction":[{"@type":"ReadAction","target":["https:\/\/sorbetkiwi.fr\/index.php\/l-herbier-des-fees-de-lacombe-et-perez\/"]}]},{"@type":"ImageObject","inLanguage":"fr-FR","@id":"https:\/\/sorbetkiwi.fr\/index.php\/l-herbier-des-fees-de-lacombe-et-perez\/#primaryimage","url":"https:\/\/sorbetkiwi.fr\/wp-content\/uploads\/2023\/05\/Lherbier-des-fees-Benjamin-Lacombe-Sebastien-Perez-scaled.jpg","contentUrl":"https:\/\/sorbetkiwi.fr\/wp-content\/uploads\/2023\/05\/Lherbier-des-fees-Benjamin-Lacombe-Sebastien-Perez-scaled.jpg","width":1920,"height":2560,"caption":"L'herbier des f\u00e9es Benjamin Lacombe Sebastien Perez"},{"@type":"BreadcrumbList","@id":"https:\/\/sorbetkiwi.fr\/index.php\/l-herbier-des-fees-de-lacombe-et-perez\/#breadcrumb","itemListElement":[{"@type":"ListItem","position":1,"name":"Accueil","item":"https:\/\/sorbetkiwi.fr\/"},{"@type":"ListItem","position":2,"name":"L&rsquo;herbier des f\u00e9es de Lacombe et Perez"}]},{"@type":"WebSite","@id":"https:\/\/sorbetkiwi.fr\/#website","url":"https:\/\/sorbetkiwi.fr\/","name":"Sorbet Kiwi","description":"Des lectures th\u00e9matiques par saison et les avis qui vont avec","publisher":{"@id":"https:\/\/sorbetkiwi.fr\/#organization"},"potentialAction":[{"@type":"SearchAction","target":{"@type":"EntryPoint","urlTemplate":"https:\/\/sorbetkiwi.fr\/?s={search_term_string}"},"query-input":{"@type":"PropertyValueSpecification","valueRequired":true,"valueName":"search_term_string"}}],"inLanguage":"fr-FR"},{"@type":"Organization","@id":"https:\/\/sorbetkiwi.fr\/#organization","name":"Sorbet Kiwi","url":"https:\/\/sorbetkiwi.fr\/","logo":{"@type":"ImageObject","inLanguage":"fr-FR","@id":"https:\/\/sorbetkiwi.fr\/#\/schema\/logo\/image\/","url":"https:\/\/sorbetkiwi.fr\/wp-content\/uploads\/2022\/10\/Banniere-Sorbet-Kiwi-2022.jpg","contentUrl":"https:\/\/sorbetkiwi.fr\/wp-content\/uploads\/2022\/10\/Banniere-Sorbet-Kiwi-2022.jpg","width":814,"height":401,"caption":"Sorbet Kiwi"},"image":{"@id":"https:\/\/sorbetkiwi.fr\/#\/schema\/logo\/image\/"},"sameAs":["https:\/\/www.facebook.com\/profile.php?id=100086238893269","https:\/\/x.com\/pepparshoes","https:\/\/www.instagram.com\/sorbetkiwi\/","https:\/\/www.tiktok.com\/sorbetkiwi"]},{"@type":"Person","@id":"https:\/\/sorbetkiwi.fr\/#\/schema\/person\/ed1b7b527a2957ddc3bf38b076540659","name":"Sorbet-Kiwi","image":{"@type":"ImageObject","inLanguage":"fr-FR","@id":"https:\/\/secure.gravatar.com\/avatar\/86f0a5c27d76317621b9e374d0f3a01d3a85278f10d0c7207ced4fd773057442?s=96&d=mm&r=g","url":"https:\/\/secure.gravatar.com\/avatar\/86f0a5c27d76317621b9e374d0f3a01d3a85278f10d0c7207ced4fd773057442?s=96&d=mm&r=g","contentUrl":"https:\/\/secure.gravatar.com\/avatar\/86f0a5c27d76317621b9e374d0f3a01d3a85278f10d0c7207ced4fd773057442?s=96&d=mm&r=g","caption":"Sorbet-Kiwi"},"sameAs":["http:\/\/sorbetkiwi.fr"],"url":"https:\/\/sorbetkiwi.fr\/index.php\/author\/admin7717\/"}]}},"_links":{"self":[{"href":"https:\/\/sorbetkiwi.fr\/index.php\/wp-json\/wp\/v2\/posts\/2657","targetHints":{"allow":["GET"]}}],"collection":[{"href":"https:\/\/sorbetkiwi.fr\/index.php\/wp-json\/wp\/v2\/posts"}],"about":[{"href":"https:\/\/sorbetkiwi.fr\/index.php\/wp-json\/wp\/v2\/types\/post"}],"author":[{"embeddable":true,"href":"https:\/\/sorbetkiwi.fr\/index.php\/wp-json\/wp\/v2\/users\/1"}],"replies":[{"embeddable":true,"href":"https:\/\/sorbetkiwi.fr\/index.php\/wp-json\/wp\/v2\/comments?post=2657"}],"version-history":[{"count":5,"href":"https:\/\/sorbetkiwi.fr\/index.php\/wp-json\/wp\/v2\/posts\/2657\/revisions"}],"predecessor-version":[{"id":2663,"href":"https:\/\/sorbetkiwi.fr\/index.php\/wp-json\/wp\/v2\/posts\/2657\/revisions\/2663"}],"wp:featuredmedia":[{"embeddable":true,"href":"https:\/\/sorbetkiwi.fr\/index.php\/wp-json\/wp\/v2\/media\/2659"}],"wp:attachment":[{"href":"https:\/\/sorbetkiwi.fr\/index.php\/wp-json\/wp\/v2\/media?parent=2657"}],"wp:term":[{"taxonomy":"category","embeddable":true,"href":"https:\/\/sorbetkiwi.fr\/index.php\/wp-json\/wp\/v2\/categories?post=2657"},{"taxonomy":"post_tag","embeddable":true,"href":"https:\/\/sorbetkiwi.fr\/index.php\/wp-json\/wp\/v2\/tags?post=2657"}],"curies":[{"name":"wp","href":"https:\/\/api.w.org\/{rel}","templated":true}]}}