{"id":2602,"date":"2023-05-19T06:41:36","date_gmt":"2023-05-19T04:41:36","guid":{"rendered":"https:\/\/sorbetkiwi.fr\/?p=2602"},"modified":"2023-05-19T06:41:36","modified_gmt":"2023-05-19T04:41:36","slug":"le-choix-d-une-vie-de-alia-cardyn","status":"publish","type":"post","link":"https:\/\/sorbetkiwi.fr\/index.php\/le-choix-d-une-vie-de-alia-cardyn\/","title":{"rendered":"Le choix d&rsquo;une vie de Alia Cardyn"},"content":{"rendered":"\t\t<div data-elementor-type=\"wp-post\" data-elementor-id=\"2602\" class=\"elementor elementor-2602\">\n\t\t\t\t\t\t<section class=\"elementor-section elementor-top-section elementor-element elementor-element-6f326430 elementor-section-boxed elementor-section-height-default elementor-section-height-default\" data-id=\"6f326430\" data-element_type=\"section\" data-e-type=\"section\">\n\t\t\t\t\t\t<div class=\"elementor-container elementor-column-gap-default\">\n\t\t\t\t\t<div class=\"elementor-column elementor-col-100 elementor-top-column elementor-element elementor-element-60c3b11a\" data-id=\"60c3b11a\" data-element_type=\"column\" data-e-type=\"column\">\n\t\t\t<div class=\"elementor-widget-wrap elementor-element-populated\">\n\t\t\t\t\t\t<div class=\"elementor-element elementor-element-5430f20d elementor-widget elementor-widget-heading\" data-id=\"5430f20d\" data-element_type=\"widget\" data-e-type=\"widget\" data-widget_type=\"heading.default\">\n\t\t\t\t<div class=\"elementor-widget-container\">\n\t\t\t\t\t<h1 class=\"elementor-heading-title elementor-size-medium\">Le choix d'une vie Alia Cardyn<\/h1>\t\t\t\t<\/div>\n\t\t\t\t<\/div>\n\t\t\t\t<div class=\"elementor-element elementor-element-4d0b62f3 elementor-view-default elementor-widget elementor-widget-icon\" data-id=\"4d0b62f3\" data-element_type=\"widget\" data-e-type=\"widget\" data-widget_type=\"icon.default\">\n\t\t\t\t<div class=\"elementor-widget-container\">\n\t\t\t\t\t\t\t<div class=\"elementor-icon-wrapper\">\n\t\t\t<div class=\"elementor-icon\">\n\t\t\t<i aria-hidden=\"true\" class=\"fab fa-pagelines\"><\/i>\t\t\t<\/div>\n\t\t<\/div>\n\t\t\t\t\t\t<\/div>\n\t\t\t\t<\/div>\n\t\t\t\t<div class=\"elementor-element elementor-element-44fa6030 elementor-widget-divider--view-line elementor-widget elementor-widget-divider\" data-id=\"44fa6030\" data-element_type=\"widget\" data-e-type=\"widget\" data-widget_type=\"divider.default\">\n\t\t\t\t<div class=\"elementor-widget-container\">\n\t\t\t\t\t\t\t<div class=\"elementor-divider\">\n\t\t\t<span class=\"elementor-divider-separator\">\n\t\t\t\t\t\t<\/span>\n\t\t<\/div>\n\t\t\t\t\t\t<\/div>\n\t\t\t\t<\/div>\n\t\t\t\t<div class=\"elementor-element elementor-element-1fddc3d5 elementor-widget elementor-widget-heading\" data-id=\"1fddc3d5\" data-element_type=\"widget\" data-e-type=\"widget\" data-widget_type=\"heading.default\">\n\t\t\t\t<div class=\"elementor-widget-container\">\n\t\t\t\t\t<h2 class=\"elementor-heading-title elementor-size-medium\">R\u00e9sum\u00e9<\/h2>\t\t\t\t<\/div>\n\t\t\t\t<\/div>\n\t\t\t\t<div class=\"elementor-element elementor-element-7382872f elementor-widget elementor-widget-text-editor\" data-id=\"7382872f\" data-element_type=\"widget\" data-e-type=\"widget\" data-widget_type=\"text-editor.default\">\n\t\t\t\t<div class=\"elementor-widget-container\">\n\t\t\t\t\t\t\t\t\t<p>\u00bb Voici mon histoire. Elle aurait pu \u00eatre si diff\u00e9rente. Sans doute est-ce le r\u00e9flexe facile d\u2019une vie mature que de revisiter ses choix, d\u2019oser les regarder pour ce qu\u2019ils sont, autant de pas dans toutes les directions. Pourtant, je n\u2019avais de cesse de marcher avec un but pr\u00e9cis. \u00c0 la minute de ma naissance, alors que je prenais ma premi\u00e8re inspiration pour pousser ce cri puissant en qu\u00eate d\u2019air et de chaleur, mon destin \u00e9tait d\u00e9j\u00e0 trac\u00e9. Une chance m\u2019\u00e9tait enlev\u00e9e et le chronom\u00e8tre lanc\u00e9. Les lumi\u00e8res \u00e9blouissaient mes yeux s\u2019ouvrant sur ce monde et il me restait si peu de temps pour r\u00e9aliser mon r\u00eave. \u00a0\u00bb L\u2019\u00e9pouse d\u2019Archibald a disparu. Mary s\u2019interroge sur son d\u00e9sir d\u2019enfant. L\u2019assurance du beau Jack est sur le point de vaciller. Et la tr\u00e8s discr\u00e8te Ad\u00e9la\u00efde aura bient\u00f4t plus d\u2019un secret. Ils ont tous un point commun. Oseront-ils faire ce choix qui changera leur destin ?<\/p>\t\t\t\t\t\t\t\t<\/div>\n\t\t\t\t<\/div>\n\t\t\t\t<div class=\"elementor-element elementor-element-3e99b4b2 elementor-widget-divider--view-line elementor-widget elementor-widget-divider\" data-id=\"3e99b4b2\" data-element_type=\"widget\" data-e-type=\"widget\" data-widget_type=\"divider.default\">\n\t\t\t\t<div class=\"elementor-widget-container\">\n\t\t\t\t\t\t\t<div class=\"elementor-divider\">\n\t\t\t<span class=\"elementor-divider-separator\">\n\t\t\t\t\t\t<\/span>\n\t\t<\/div>\n\t\t\t\t\t\t<\/div>\n\t\t\t\t<\/div>\n\t\t\t\t<div class=\"elementor-element elementor-element-45b5cca4 elementor-widget elementor-widget-heading\" data-id=\"45b5cca4\" data-element_type=\"widget\" data-e-type=\"widget\" data-widget_type=\"heading.default\">\n\t\t\t\t<div class=\"elementor-widget-container\">\n\t\t\t\t\t<h2 class=\"elementor-heading-title elementor-size-medium\">Ma note<\/h2>\t\t\t\t<\/div>\n\t\t\t\t<\/div>\n\t\t\t\t<div class=\"elementor-element elementor-element-2e16db9e elementor-star-rating--align-center elementor--star-style-star_fontawesome elementor-widget elementor-widget-star-rating\" data-id=\"2e16db9e\" data-element_type=\"widget\" data-e-type=\"widget\" data-widget_type=\"star-rating.default\">\n\t\t\t\t<div class=\"elementor-widget-container\">\n\t\t\t\t\t\t\t<div class=\"elementor-star-rating__wrapper\">\n\t\t\t\t\t\t<div class=\"elementor-star-rating\" itemtype=\"http:\/\/schema.org\/Rating\" itemscope=\"\" itemprop=\"reviewRating\">\n\t\t\t\t<i class=\"elementor-star-full\" aria-hidden=\"true\">&#xE934;<\/i><i class=\"elementor-star-full\" aria-hidden=\"true\">&#xE934;<\/i><i class=\"elementor-star-full\" aria-hidden=\"true\">&#xE934;<\/i><i class=\"elementor-star-full\" aria-hidden=\"true\">&#xE934;<\/i><i class=\"elementor-star-full\" aria-hidden=\"true\">&#xE934;<\/i>\t\t\t\t<span itemprop=\"ratingValue\" class=\"elementor-screen-only\">Not\u00e9 5 sur 5<\/span>\n\t\t\t<\/div>\n\t\t<\/div>\n\t\t\t\t\t\t<\/div>\n\t\t\t\t<\/div>\n\t\t\t\t<div class=\"elementor-element elementor-element-5fed489b elementor-widget-divider--view-line elementor-widget elementor-widget-divider\" data-id=\"5fed489b\" data-element_type=\"widget\" data-e-type=\"widget\" data-widget_type=\"divider.default\">\n\t\t\t\t<div class=\"elementor-widget-container\">\n\t\t\t\t\t\t\t<div class=\"elementor-divider\">\n\t\t\t<span class=\"elementor-divider-separator\">\n\t\t\t\t\t\t<\/span>\n\t\t<\/div>\n\t\t\t\t\t\t<\/div>\n\t\t\t\t<\/div>\n\t\t\t\t<div class=\"elementor-element elementor-element-3a3c5e3a elementor-widget elementor-widget-heading\" data-id=\"3a3c5e3a\" data-element_type=\"widget\" data-e-type=\"widget\" data-widget_type=\"heading.default\">\n\t\t\t\t<div class=\"elementor-widget-container\">\n\t\t\t\t\t<h2 class=\"elementor-heading-title elementor-size-medium\">Un roman qui me tient \u00e0 coeur<\/h2>\t\t\t\t<\/div>\n\t\t\t\t<\/div>\n\t\t\t\t<div class=\"elementor-element elementor-element-22abbfed elementor-widget elementor-widget-text-editor\" data-id=\"22abbfed\" data-element_type=\"widget\" data-e-type=\"widget\" data-widget_type=\"text-editor.default\">\n\t\t\t\t<div class=\"elementor-widget-container\">\n\t\t\t\t\t\t\t\t\t<p>Le choix d&rsquo;une vie est le premier roman d&rsquo;Alia Cardyn que j&rsquo;ai lu. Entre temps, j&rsquo;en ai d\u00e9couvert de <a href=\"https:\/\/sorbetkiwi.fr\/index.php\/tag\/alia-cardyn\/\">nombreux autres<\/a>, que j&rsquo;adore. Mais celui-ci \u00e0 une saveur particuli\u00e8re. J\u2019\u00e9tais persuad\u00e9e d\u00e9s le d\u00e9part d\u2019avoir la r\u00e9ponse a ce qui reliait les personnages, et en fait, non, ce que j\u2019adore ! Quand une autrice me m\u00e8ne en bateau, c\u2019est un vrai plaisir ! Parce qu\u2019Alia Cardyn donne la parole \u00e0 plusieurs personnages sur plus de 20 ans, et leurs psychologies sont extr\u00eamement travaill\u00e9es.\u00a0<\/p><p>Il y a Mary, cette jeune femme attachante, pleine de doutes, qui manque cruellement de soutien et de confiance en elle. Jack, vigoureux, plein d\u2019entrain, que la douleur va toucher de plein fouet. Archibald, ce jardinier qui \u00e9crit de douces lettres a sa femme, que l\u2019on a envie de c\u00e2liner. Et Adela\u00efde, cette femme pleine de douceur, ab\u00eem\u00e9e par son enfance. Ces personnages sont plus touchants les uns que les autres, je les aime de tout mon c\u0153ur, quel quatuor hors du commun, mais bien plus qu\u2019attachant.<\/p>\t\t\t\t\t\t\t\t<\/div>\n\t\t\t\t<\/div>\n\t\t\t\t<div class=\"elementor-element elementor-element-a899904 elementor-widget-divider--view-line elementor-widget elementor-widget-divider\" data-id=\"a899904\" data-element_type=\"widget\" data-e-type=\"widget\" data-widget_type=\"divider.default\">\n\t\t\t\t<div class=\"elementor-widget-container\">\n\t\t\t\t\t\t\t<div class=\"elementor-divider\">\n\t\t\t<span class=\"elementor-divider-separator\">\n\t\t\t\t\t\t<\/span>\n\t\t<\/div>\n\t\t\t\t\t\t<\/div>\n\t\t\t\t<\/div>\n\t\t\t\t<div class=\"elementor-element elementor-element-42fcb2d5 elementor-widget elementor-widget-heading\" data-id=\"42fcb2d5\" data-element_type=\"widget\" data-e-type=\"widget\" data-widget_type=\"heading.default\">\n\t\t\t\t<div class=\"elementor-widget-container\">\n\t\t\t\t\t<h4 class=\"elementor-heading-title elementor-size-medium\">\"Il n'y avait rien \u00e0 faire. C'est ce que je me r\u00e9p\u00e9tais d\u00e9s que l'angoisse montait. Alors je t'abandonnais tout en demeurant \u00e0 tes c\u00f4t\u00e9s, ce qui t'imposait la pire des solitudes, celle accompagn\u00e9e.\"<\/h4>\t\t\t\t<\/div>\n\t\t\t\t<\/div>\n\t\t\t\t<div class=\"elementor-element elementor-element-577a95ef elementor-widget-divider--view-line elementor-widget elementor-widget-divider\" data-id=\"577a95ef\" data-element_type=\"widget\" data-e-type=\"widget\" data-widget_type=\"divider.default\">\n\t\t\t\t<div class=\"elementor-widget-container\">\n\t\t\t\t\t\t\t<div class=\"elementor-divider\">\n\t\t\t<span class=\"elementor-divider-separator\">\n\t\t\t\t\t\t<\/span>\n\t\t<\/div>\n\t\t\t\t\t\t<\/div>\n\t\t\t\t<\/div>\n\t\t\t\t<div class=\"elementor-element elementor-element-53325cad elementor-widget elementor-widget-heading\" data-id=\"53325cad\" data-element_type=\"widget\" data-e-type=\"widget\" data-widget_type=\"heading.default\">\n\t\t\t\t<div class=\"elementor-widget-container\">\n\t\t\t\t\t<h2 class=\"elementor-heading-title elementor-size-medium\">Des personnages attachants<\/h2>\t\t\t\t<\/div>\n\t\t\t\t<\/div>\n\t\t\t\t<div class=\"elementor-element elementor-element-239de39b elementor-widget elementor-widget-text-editor\" data-id=\"239de39b\" data-element_type=\"widget\" data-e-type=\"widget\" data-widget_type=\"text-editor.default\">\n\t\t\t\t<div class=\"elementor-widget-container\">\n\t\t\t\t\t\t\t\t\t<p>De base, je dirai que les personnages principaux sont Mary et Jack. Mais \u00e0 travers Archibald et Ad\u00e9la\u00efde, on peut se rendre compte \u00e0 quel point les plus discrets des personnages secondaires peuvent avoir leur importance dans l\u2019histoire. Surtout lorsqu\u2019on arrive au d\u00e9nouement et qu\u2019on comprend le lien entre tous. Mais quelle claque, quelle surprise, j\u2019en serai tomb\u00e9e \u00e0 la renverse si je n\u2019avais pas \u00e9t\u00e9 assise ! J\u2019en frissonnais ! Tous prennent la parole, et pourtant, les indices sont rares. Ce changement r\u00e9gulier de point de vue permet d\u2019ailleurs de voir les personnages dans leur ensemble. La fa\u00e7on dont ils se voient et la fa\u00e7on dont les autres les per\u00e7oivent est une analyse en arri\u00e8re plan qui permet de prendre du recul sur ce que nous consid\u00e9rons comme nos d\u00e9fauts.<\/p>\t\t\t\t\t\t\t\t<\/div>\n\t\t\t\t<\/div>\n\t\t\t\t<div class=\"elementor-element elementor-element-607551c3 elementor-widget-divider--view-line elementor-widget elementor-widget-divider\" data-id=\"607551c3\" data-element_type=\"widget\" data-e-type=\"widget\" data-widget_type=\"divider.default\">\n\t\t\t\t<div class=\"elementor-widget-container\">\n\t\t\t\t\t\t\t<div class=\"elementor-divider\">\n\t\t\t<span class=\"elementor-divider-separator\">\n\t\t\t\t\t\t<\/span>\n\t\t<\/div>\n\t\t\t\t\t\t<\/div>\n\t\t\t\t<\/div>\n\t\t\t\t<div class=\"elementor-element elementor-element-1f041a39 elementor-widget elementor-widget-heading\" data-id=\"1f041a39\" data-element_type=\"widget\" data-e-type=\"widget\" data-widget_type=\"heading.default\">\n\t\t\t\t<div class=\"elementor-widget-container\">\n\t\t\t\t\t<h2 class=\"elementor-heading-title elementor-size-medium\">Le r\u00f4le de m\u00e8re au centre<\/h2>\t\t\t\t<\/div>\n\t\t\t\t<\/div>\n\t\t\t\t<div class=\"elementor-element elementor-element-7380644e elementor-widget elementor-widget-text-editor\" data-id=\"7380644e\" data-element_type=\"widget\" data-e-type=\"widget\" data-widget_type=\"text-editor.default\">\n\t\t\t\t<div class=\"elementor-widget-container\">\n\t\t\t\t\t\t\t\t\t<p>Parlons-en, de ce recul que permet l\u2019autrice. Elle aborde des sujets vraiment profonds. A commencer par le principal : la procr\u00e9ation m\u00e9dicalement assist\u00e9e et \u00e0 travers cela, la maternit\u00e9. Et en allant encore plus loin, le jugement que l\u2019on porte sur les m\u00e8res. Ou celles en devenir, en \u00e9valuant chacun de leurs actes. En cr\u00e9ant une pression collective que per\u00e7oivent ces mamans et les font constamment douter d\u2019elles-m\u00eames. Ou la culpabilisation des femmes qui n\u2019arrivent pas a concevoir naturellement, \u00e9galement. Comme si elles \u00e9taient des machines \u00e0 pondre ! Cela me faisait me sentir si d\u00e9munie pour Mary, d\u00e9munie\u00a0avec\u00a0elle ! Et enfin, l\u2019autrice nous livre une v\u00e9ritable ode \u00e0 l\u2019\u00e9criture. A travers des lettres ou des carnets. Que de correspondances, qu\u2019elles soient avec les autres, avec soi-m\u00eame. Dans tous les cas, c\u2019est doux, attendrissant, \u00e0 l\u2019image de tout ce roman.<\/p><p>Je dois conclure, mais je pourrais encore en parler durant des heures tant ce roman m\u2019a \u00e9mu. Il \u00e9tait impossible pour moi de ne pas \u00eatre touch\u00e9e. L\u2019approche des personnages, les \u00e9motions, la beaut\u00e9 de l\u2019\u00e9criture, tout est si bien g\u00e9r\u00e9. L&rsquo;autrice m\u2019a men\u00e9 tout droit au coup de c\u0153ur ! Simplement magnifique.<\/p><p>Cette chronique a initialement \u00e9t\u00e9 publi\u00e9e sur <a href=\"https:\/\/sorbetkiwi.wordpress.com\/2017\/11\/11\/le-choix-dune-vie-dalia-cardyn\/\">mon ancien blog<\/a>.<\/p>\t\t\t\t\t\t\t\t<\/div>\n\t\t\t\t<\/div>\n\t\t\t\t\t<\/div>\n\t\t<\/div>\n\t\t\t\t\t<\/div>\n\t\t<\/section>\n\t\t\t\t<\/div>\n\t\t","protected":false},"excerpt":{"rendered":"<p>Le choix d&rsquo;une vie Alia Cardyn R\u00e9sum\u00e9 \u00bb Voici mon histoire. Elle aurait pu \u00eatre si diff\u00e9rente. Sans doute est-ce le r\u00e9flexe facile d\u2019une vie mature que de revisiter ses choix, d\u2019oser les regarder pour &hellip; <\/p>\n","protected":false},"author":1,"featured_media":2585,"comment_status":"open","ping_status":"open","sticky":false,"template":"","format":"standard","meta":{"footnotes":""},"categories":[9,13,8,1],"tags":[667,31,702,500,230],"class_list":["post-2602","post","type-post","status-publish","format-standard","has-post-thumbnail","hentry","category-coups-de-coeur","category-le-printemps","category-partenariats","category-tout-le-blog","tag-alia-cardyn","tag-editions-charleston","tag-le-choix-dune-vie","tag-printemps","tag-roman-contemporain","has-single-img"],"yoast_head":"<!-- This site is optimized with the Yoast SEO plugin v27.4 - https:\/\/yoast.com\/product\/yoast-seo-wordpress\/ -->\n<title>Le choix d&#039;une vie de Alia Cardyn - Sorbet Kiwi<\/title>\n<meta name=\"description\" content=\"Ma chronique du roman Le choix d&#039;une vie de Alia Cardyn, publi\u00e9 en 2017 aux \u00e9ditions Charleston ainsi qu&#039;en poche en 2019.\" \/>\n<meta name=\"robots\" content=\"index, follow, max-snippet:-1, max-image-preview:large, max-video-preview:-1\" \/>\n<link rel=\"canonical\" href=\"https:\/\/sorbetkiwi.fr\/index.php\/le-choix-d-une-vie-de-alia-cardyn\/\" \/>\n<meta property=\"og:locale\" content=\"fr_FR\" \/>\n<meta property=\"og:type\" content=\"article\" \/>\n<meta property=\"og:title\" content=\"Le choix d&#039;une vie de Alia Cardyn - Sorbet Kiwi\" \/>\n<meta property=\"og:description\" content=\"Ma chronique du roman Le choix d&#039;une vie de Alia Cardyn, publi\u00e9 en 2017 aux \u00e9ditions Charleston ainsi qu&#039;en poche en 2019.\" \/>\n<meta property=\"og:url\" content=\"https:\/\/sorbetkiwi.fr\/index.php\/le-choix-d-une-vie-de-alia-cardyn\/\" \/>\n<meta property=\"og:site_name\" content=\"Sorbet Kiwi\" \/>\n<meta property=\"article:publisher\" content=\"https:\/\/www.facebook.com\/profile.php?id=100086238893269\" \/>\n<meta property=\"article:published_time\" content=\"2023-05-19T04:41:36+00:00\" \/>\n<meta property=\"og:image\" content=\"https:\/\/sorbetkiwi.fr\/wp-content\/uploads\/2023\/05\/Le-choix-dune-vie-Alia-Cardyn-scaled.jpg\" \/>\n\t<meta property=\"og:image:width\" content=\"1920\" \/>\n\t<meta property=\"og:image:height\" content=\"2560\" \/>\n\t<meta property=\"og:image:type\" content=\"image\/jpeg\" \/>\n<meta name=\"author\" content=\"Sorbet-Kiwi\" \/>\n<meta name=\"twitter:card\" content=\"summary_large_image\" \/>\n<meta name=\"twitter:creator\" content=\"@pepparshoes\" \/>\n<meta name=\"twitter:site\" content=\"@pepparshoes\" \/>\n<meta name=\"twitter:label1\" content=\"\u00c9crit par\" \/>\n\t<meta name=\"twitter:data1\" content=\"Sorbet-Kiwi\" \/>\n\t<meta name=\"twitter:label2\" content=\"Dur\u00e9e de lecture estim\u00e9e\" \/>\n\t<meta name=\"twitter:data2\" content=\"4 minutes\" \/>\n<script type=\"application\/ld+json\" class=\"yoast-schema-graph\">{\"@context\":\"https:\\\/\\\/schema.org\",\"@graph\":[{\"@type\":\"Article\",\"@id\":\"https:\\\/\\\/sorbetkiwi.fr\\\/index.php\\\/le-choix-d-une-vie-de-alia-cardyn\\\/#article\",\"isPartOf\":{\"@id\":\"https:\\\/\\\/sorbetkiwi.fr\\\/index.php\\\/le-choix-d-une-vie-de-alia-cardyn\\\/\"},\"author\":{\"name\":\"Sorbet-Kiwi\",\"@id\":\"https:\\\/\\\/sorbetkiwi.fr\\\/#\\\/schema\\\/person\\\/ed1b7b527a2957ddc3bf38b076540659\"},\"headline\":\"Le choix d&rsquo;une vie de Alia Cardyn\",\"datePublished\":\"2023-05-19T04:41:36+00:00\",\"mainEntityOfPage\":{\"@id\":\"https:\\\/\\\/sorbetkiwi.fr\\\/index.php\\\/le-choix-d-une-vie-de-alia-cardyn\\\/\"},\"wordCount\":825,\"commentCount\":3,\"publisher\":{\"@id\":\"https:\\\/\\\/sorbetkiwi.fr\\\/#organization\"},\"image\":{\"@id\":\"https:\\\/\\\/sorbetkiwi.fr\\\/index.php\\\/le-choix-d-une-vie-de-alia-cardyn\\\/#primaryimage\"},\"thumbnailUrl\":\"https:\\\/\\\/sorbetkiwi.fr\\\/wp-content\\\/uploads\\\/2023\\\/05\\\/Le-choix-dune-vie-Alia-Cardyn-scaled.jpg\",\"keywords\":[\"Alia Cardyn\",\"Editions Charleston\",\"Le choix d&#039;une vie\",\"Printemps\",\"Roman contemporain\"],\"articleSection\":[\"Coups de coeur\",\"Le printemps\",\"Partenariats\",\"Tout le blog\"],\"inLanguage\":\"fr-FR\",\"potentialAction\":[{\"@type\":\"CommentAction\",\"name\":\"Comment\",\"target\":[\"https:\\\/\\\/sorbetkiwi.fr\\\/index.php\\\/le-choix-d-une-vie-de-alia-cardyn\\\/#respond\"]}]},{\"@type\":\"WebPage\",\"@id\":\"https:\\\/\\\/sorbetkiwi.fr\\\/index.php\\\/le-choix-d-une-vie-de-alia-cardyn\\\/\",\"url\":\"https:\\\/\\\/sorbetkiwi.fr\\\/index.php\\\/le-choix-d-une-vie-de-alia-cardyn\\\/\",\"name\":\"Le choix d'une vie de Alia Cardyn - Sorbet Kiwi\",\"isPartOf\":{\"@id\":\"https:\\\/\\\/sorbetkiwi.fr\\\/#website\"},\"primaryImageOfPage\":{\"@id\":\"https:\\\/\\\/sorbetkiwi.fr\\\/index.php\\\/le-choix-d-une-vie-de-alia-cardyn\\\/#primaryimage\"},\"image\":{\"@id\":\"https:\\\/\\\/sorbetkiwi.fr\\\/index.php\\\/le-choix-d-une-vie-de-alia-cardyn\\\/#primaryimage\"},\"thumbnailUrl\":\"https:\\\/\\\/sorbetkiwi.fr\\\/wp-content\\\/uploads\\\/2023\\\/05\\\/Le-choix-dune-vie-Alia-Cardyn-scaled.jpg\",\"datePublished\":\"2023-05-19T04:41:36+00:00\",\"description\":\"Ma chronique du roman Le choix d'une vie de Alia Cardyn, publi\u00e9 en 2017 aux \u00e9ditions Charleston ainsi qu'en poche en 2019.\",\"breadcrumb\":{\"@id\":\"https:\\\/\\\/sorbetkiwi.fr\\\/index.php\\\/le-choix-d-une-vie-de-alia-cardyn\\\/#breadcrumb\"},\"inLanguage\":\"fr-FR\",\"potentialAction\":[{\"@type\":\"ReadAction\",\"target\":[\"https:\\\/\\\/sorbetkiwi.fr\\\/index.php\\\/le-choix-d-une-vie-de-alia-cardyn\\\/\"]}]},{\"@type\":\"ImageObject\",\"inLanguage\":\"fr-FR\",\"@id\":\"https:\\\/\\\/sorbetkiwi.fr\\\/index.php\\\/le-choix-d-une-vie-de-alia-cardyn\\\/#primaryimage\",\"url\":\"https:\\\/\\\/sorbetkiwi.fr\\\/wp-content\\\/uploads\\\/2023\\\/05\\\/Le-choix-dune-vie-Alia-Cardyn-scaled.jpg\",\"contentUrl\":\"https:\\\/\\\/sorbetkiwi.fr\\\/wp-content\\\/uploads\\\/2023\\\/05\\\/Le-choix-dune-vie-Alia-Cardyn-scaled.jpg\",\"width\":1920,\"height\":2560,\"caption\":\"Le choix d'une vie Alia Cardyn\"},{\"@type\":\"BreadcrumbList\",\"@id\":\"https:\\\/\\\/sorbetkiwi.fr\\\/index.php\\\/le-choix-d-une-vie-de-alia-cardyn\\\/#breadcrumb\",\"itemListElement\":[{\"@type\":\"ListItem\",\"position\":1,\"name\":\"Accueil\",\"item\":\"https:\\\/\\\/sorbetkiwi.fr\\\/\"},{\"@type\":\"ListItem\",\"position\":2,\"name\":\"Le choix d&rsquo;une vie de Alia Cardyn\"}]},{\"@type\":\"WebSite\",\"@id\":\"https:\\\/\\\/sorbetkiwi.fr\\\/#website\",\"url\":\"https:\\\/\\\/sorbetkiwi.fr\\\/\",\"name\":\"Sorbet Kiwi\",\"description\":\"Des lectures th\u00e9matiques par saison et les avis qui vont avec\",\"publisher\":{\"@id\":\"https:\\\/\\\/sorbetkiwi.fr\\\/#organization\"},\"potentialAction\":[{\"@type\":\"SearchAction\",\"target\":{\"@type\":\"EntryPoint\",\"urlTemplate\":\"https:\\\/\\\/sorbetkiwi.fr\\\/?s={search_term_string}\"},\"query-input\":{\"@type\":\"PropertyValueSpecification\",\"valueRequired\":true,\"valueName\":\"search_term_string\"}}],\"inLanguage\":\"fr-FR\"},{\"@type\":\"Organization\",\"@id\":\"https:\\\/\\\/sorbetkiwi.fr\\\/#organization\",\"name\":\"Sorbet Kiwi\",\"url\":\"https:\\\/\\\/sorbetkiwi.fr\\\/\",\"logo\":{\"@type\":\"ImageObject\",\"inLanguage\":\"fr-FR\",\"@id\":\"https:\\\/\\\/sorbetkiwi.fr\\\/#\\\/schema\\\/logo\\\/image\\\/\",\"url\":\"https:\\\/\\\/sorbetkiwi.fr\\\/wp-content\\\/uploads\\\/2022\\\/10\\\/Banniere-Sorbet-Kiwi-2022.jpg\",\"contentUrl\":\"https:\\\/\\\/sorbetkiwi.fr\\\/wp-content\\\/uploads\\\/2022\\\/10\\\/Banniere-Sorbet-Kiwi-2022.jpg\",\"width\":814,\"height\":401,\"caption\":\"Sorbet Kiwi\"},\"image\":{\"@id\":\"https:\\\/\\\/sorbetkiwi.fr\\\/#\\\/schema\\\/logo\\\/image\\\/\"},\"sameAs\":[\"https:\\\/\\\/www.facebook.com\\\/profile.php?id=100086238893269\",\"https:\\\/\\\/x.com\\\/pepparshoes\",\"https:\\\/\\\/www.instagram.com\\\/sorbetkiwi\\\/\",\"https:\\\/\\\/www.tiktok.com\\\/sorbetkiwi\"]},{\"@type\":\"Person\",\"@id\":\"https:\\\/\\\/sorbetkiwi.fr\\\/#\\\/schema\\\/person\\\/ed1b7b527a2957ddc3bf38b076540659\",\"name\":\"Sorbet-Kiwi\",\"image\":{\"@type\":\"ImageObject\",\"inLanguage\":\"fr-FR\",\"@id\":\"https:\\\/\\\/secure.gravatar.com\\\/avatar\\\/86f0a5c27d76317621b9e374d0f3a01d3a85278f10d0c7207ced4fd773057442?s=96&d=mm&r=g\",\"url\":\"https:\\\/\\\/secure.gravatar.com\\\/avatar\\\/86f0a5c27d76317621b9e374d0f3a01d3a85278f10d0c7207ced4fd773057442?s=96&d=mm&r=g\",\"contentUrl\":\"https:\\\/\\\/secure.gravatar.com\\\/avatar\\\/86f0a5c27d76317621b9e374d0f3a01d3a85278f10d0c7207ced4fd773057442?s=96&d=mm&r=g\",\"caption\":\"Sorbet-Kiwi\"},\"sameAs\":[\"http:\\\/\\\/sorbetkiwi.fr\"],\"url\":\"https:\\\/\\\/sorbetkiwi.fr\\\/index.php\\\/author\\\/admin7717\\\/\"}]}<\/script>\n<!-- \/ Yoast SEO plugin. -->","yoast_head_json":{"title":"Le choix d'une vie de Alia Cardyn - Sorbet Kiwi","description":"Ma chronique du roman Le choix d'une vie de Alia Cardyn, publi\u00e9 en 2017 aux \u00e9ditions Charleston ainsi qu'en poche en 2019.","robots":{"index":"index","follow":"follow","max-snippet":"max-snippet:-1","max-image-preview":"max-image-preview:large","max-video-preview":"max-video-preview:-1"},"canonical":"https:\/\/sorbetkiwi.fr\/index.php\/le-choix-d-une-vie-de-alia-cardyn\/","og_locale":"fr_FR","og_type":"article","og_title":"Le choix d'une vie de Alia Cardyn - Sorbet Kiwi","og_description":"Ma chronique du roman Le choix d'une vie de Alia Cardyn, publi\u00e9 en 2017 aux \u00e9ditions Charleston ainsi qu'en poche en 2019.","og_url":"https:\/\/sorbetkiwi.fr\/index.php\/le-choix-d-une-vie-de-alia-cardyn\/","og_site_name":"Sorbet Kiwi","article_publisher":"https:\/\/www.facebook.com\/profile.php?id=100086238893269","article_published_time":"2023-05-19T04:41:36+00:00","og_image":[{"width":1920,"height":2560,"url":"https:\/\/sorbetkiwi.fr\/wp-content\/uploads\/2023\/05\/Le-choix-dune-vie-Alia-Cardyn-scaled.jpg","type":"image\/jpeg"}],"author":"Sorbet-Kiwi","twitter_card":"summary_large_image","twitter_creator":"@pepparshoes","twitter_site":"@pepparshoes","twitter_misc":{"\u00c9crit par":"Sorbet-Kiwi","Dur\u00e9e de lecture estim\u00e9e":"4 minutes"},"schema":{"@context":"https:\/\/schema.org","@graph":[{"@type":"Article","@id":"https:\/\/sorbetkiwi.fr\/index.php\/le-choix-d-une-vie-de-alia-cardyn\/#article","isPartOf":{"@id":"https:\/\/sorbetkiwi.fr\/index.php\/le-choix-d-une-vie-de-alia-cardyn\/"},"author":{"name":"Sorbet-Kiwi","@id":"https:\/\/sorbetkiwi.fr\/#\/schema\/person\/ed1b7b527a2957ddc3bf38b076540659"},"headline":"Le choix d&rsquo;une vie de Alia Cardyn","datePublished":"2023-05-19T04:41:36+00:00","mainEntityOfPage":{"@id":"https:\/\/sorbetkiwi.fr\/index.php\/le-choix-d-une-vie-de-alia-cardyn\/"},"wordCount":825,"commentCount":3,"publisher":{"@id":"https:\/\/sorbetkiwi.fr\/#organization"},"image":{"@id":"https:\/\/sorbetkiwi.fr\/index.php\/le-choix-d-une-vie-de-alia-cardyn\/#primaryimage"},"thumbnailUrl":"https:\/\/sorbetkiwi.fr\/wp-content\/uploads\/2023\/05\/Le-choix-dune-vie-Alia-Cardyn-scaled.jpg","keywords":["Alia Cardyn","Editions Charleston","Le choix d&#039;une vie","Printemps","Roman contemporain"],"articleSection":["Coups de coeur","Le printemps","Partenariats","Tout le blog"],"inLanguage":"fr-FR","potentialAction":[{"@type":"CommentAction","name":"Comment","target":["https:\/\/sorbetkiwi.fr\/index.php\/le-choix-d-une-vie-de-alia-cardyn\/#respond"]}]},{"@type":"WebPage","@id":"https:\/\/sorbetkiwi.fr\/index.php\/le-choix-d-une-vie-de-alia-cardyn\/","url":"https:\/\/sorbetkiwi.fr\/index.php\/le-choix-d-une-vie-de-alia-cardyn\/","name":"Le choix d'une vie de Alia Cardyn - Sorbet Kiwi","isPartOf":{"@id":"https:\/\/sorbetkiwi.fr\/#website"},"primaryImageOfPage":{"@id":"https:\/\/sorbetkiwi.fr\/index.php\/le-choix-d-une-vie-de-alia-cardyn\/#primaryimage"},"image":{"@id":"https:\/\/sorbetkiwi.fr\/index.php\/le-choix-d-une-vie-de-alia-cardyn\/#primaryimage"},"thumbnailUrl":"https:\/\/sorbetkiwi.fr\/wp-content\/uploads\/2023\/05\/Le-choix-dune-vie-Alia-Cardyn-scaled.jpg","datePublished":"2023-05-19T04:41:36+00:00","description":"Ma chronique du roman Le choix d'une vie de Alia Cardyn, publi\u00e9 en 2017 aux \u00e9ditions Charleston ainsi qu'en poche en 2019.","breadcrumb":{"@id":"https:\/\/sorbetkiwi.fr\/index.php\/le-choix-d-une-vie-de-alia-cardyn\/#breadcrumb"},"inLanguage":"fr-FR","potentialAction":[{"@type":"ReadAction","target":["https:\/\/sorbetkiwi.fr\/index.php\/le-choix-d-une-vie-de-alia-cardyn\/"]}]},{"@type":"ImageObject","inLanguage":"fr-FR","@id":"https:\/\/sorbetkiwi.fr\/index.php\/le-choix-d-une-vie-de-alia-cardyn\/#primaryimage","url":"https:\/\/sorbetkiwi.fr\/wp-content\/uploads\/2023\/05\/Le-choix-dune-vie-Alia-Cardyn-scaled.jpg","contentUrl":"https:\/\/sorbetkiwi.fr\/wp-content\/uploads\/2023\/05\/Le-choix-dune-vie-Alia-Cardyn-scaled.jpg","width":1920,"height":2560,"caption":"Le choix d'une vie Alia Cardyn"},{"@type":"BreadcrumbList","@id":"https:\/\/sorbetkiwi.fr\/index.php\/le-choix-d-une-vie-de-alia-cardyn\/#breadcrumb","itemListElement":[{"@type":"ListItem","position":1,"name":"Accueil","item":"https:\/\/sorbetkiwi.fr\/"},{"@type":"ListItem","position":2,"name":"Le choix d&rsquo;une vie de Alia Cardyn"}]},{"@type":"WebSite","@id":"https:\/\/sorbetkiwi.fr\/#website","url":"https:\/\/sorbetkiwi.fr\/","name":"Sorbet Kiwi","description":"Des lectures th\u00e9matiques par saison et les avis qui vont avec","publisher":{"@id":"https:\/\/sorbetkiwi.fr\/#organization"},"potentialAction":[{"@type":"SearchAction","target":{"@type":"EntryPoint","urlTemplate":"https:\/\/sorbetkiwi.fr\/?s={search_term_string}"},"query-input":{"@type":"PropertyValueSpecification","valueRequired":true,"valueName":"search_term_string"}}],"inLanguage":"fr-FR"},{"@type":"Organization","@id":"https:\/\/sorbetkiwi.fr\/#organization","name":"Sorbet Kiwi","url":"https:\/\/sorbetkiwi.fr\/","logo":{"@type":"ImageObject","inLanguage":"fr-FR","@id":"https:\/\/sorbetkiwi.fr\/#\/schema\/logo\/image\/","url":"https:\/\/sorbetkiwi.fr\/wp-content\/uploads\/2022\/10\/Banniere-Sorbet-Kiwi-2022.jpg","contentUrl":"https:\/\/sorbetkiwi.fr\/wp-content\/uploads\/2022\/10\/Banniere-Sorbet-Kiwi-2022.jpg","width":814,"height":401,"caption":"Sorbet Kiwi"},"image":{"@id":"https:\/\/sorbetkiwi.fr\/#\/schema\/logo\/image\/"},"sameAs":["https:\/\/www.facebook.com\/profile.php?id=100086238893269","https:\/\/x.com\/pepparshoes","https:\/\/www.instagram.com\/sorbetkiwi\/","https:\/\/www.tiktok.com\/sorbetkiwi"]},{"@type":"Person","@id":"https:\/\/sorbetkiwi.fr\/#\/schema\/person\/ed1b7b527a2957ddc3bf38b076540659","name":"Sorbet-Kiwi","image":{"@type":"ImageObject","inLanguage":"fr-FR","@id":"https:\/\/secure.gravatar.com\/avatar\/86f0a5c27d76317621b9e374d0f3a01d3a85278f10d0c7207ced4fd773057442?s=96&d=mm&r=g","url":"https:\/\/secure.gravatar.com\/avatar\/86f0a5c27d76317621b9e374d0f3a01d3a85278f10d0c7207ced4fd773057442?s=96&d=mm&r=g","contentUrl":"https:\/\/secure.gravatar.com\/avatar\/86f0a5c27d76317621b9e374d0f3a01d3a85278f10d0c7207ced4fd773057442?s=96&d=mm&r=g","caption":"Sorbet-Kiwi"},"sameAs":["http:\/\/sorbetkiwi.fr"],"url":"https:\/\/sorbetkiwi.fr\/index.php\/author\/admin7717\/"}]}},"_links":{"self":[{"href":"https:\/\/sorbetkiwi.fr\/index.php\/wp-json\/wp\/v2\/posts\/2602","targetHints":{"allow":["GET"]}}],"collection":[{"href":"https:\/\/sorbetkiwi.fr\/index.php\/wp-json\/wp\/v2\/posts"}],"about":[{"href":"https:\/\/sorbetkiwi.fr\/index.php\/wp-json\/wp\/v2\/types\/post"}],"author":[{"embeddable":true,"href":"https:\/\/sorbetkiwi.fr\/index.php\/wp-json\/wp\/v2\/users\/1"}],"replies":[{"embeddable":true,"href":"https:\/\/sorbetkiwi.fr\/index.php\/wp-json\/wp\/v2\/comments?post=2602"}],"version-history":[{"count":10,"href":"https:\/\/sorbetkiwi.fr\/index.php\/wp-json\/wp\/v2\/posts\/2602\/revisions"}],"predecessor-version":[{"id":2646,"href":"https:\/\/sorbetkiwi.fr\/index.php\/wp-json\/wp\/v2\/posts\/2602\/revisions\/2646"}],"wp:featuredmedia":[{"embeddable":true,"href":"https:\/\/sorbetkiwi.fr\/index.php\/wp-json\/wp\/v2\/media\/2585"}],"wp:attachment":[{"href":"https:\/\/sorbetkiwi.fr\/index.php\/wp-json\/wp\/v2\/media?parent=2602"}],"wp:term":[{"taxonomy":"category","embeddable":true,"href":"https:\/\/sorbetkiwi.fr\/index.php\/wp-json\/wp\/v2\/categories?post=2602"},{"taxonomy":"post_tag","embeddable":true,"href":"https:\/\/sorbetkiwi.fr\/index.php\/wp-json\/wp\/v2\/tags?post=2602"}],"curies":[{"name":"wp","href":"https:\/\/api.w.org\/{rel}","templated":true}]}}