{"id":2589,"date":"2023-05-17T07:56:29","date_gmt":"2023-05-17T05:56:29","guid":{"rendered":"https:\/\/sorbetkiwi.fr\/?p=2589"},"modified":"2023-05-17T07:56:31","modified_gmt":"2023-05-17T05:56:31","slug":"les-baleines-et-nous-de-desjardins-et-dion","status":"publish","type":"post","link":"https:\/\/sorbetkiwi.fr\/index.php\/les-baleines-et-nous-de-desjardins-et-dion\/","title":{"rendered":"Les baleines et nous de Desjardins et Dion"},"content":{"rendered":"\t\t<div data-elementor-type=\"wp-post\" data-elementor-id=\"2589\" class=\"elementor elementor-2589\">\n\t\t\t\t\t\t<section class=\"elementor-section elementor-top-section elementor-element elementor-element-4aca3dcc elementor-section-boxed elementor-section-height-default elementor-section-height-default\" data-id=\"4aca3dcc\" data-element_type=\"section\" data-e-type=\"section\">\n\t\t\t\t\t\t<div class=\"elementor-container elementor-column-gap-default\">\n\t\t\t\t\t<div class=\"elementor-column elementor-col-100 elementor-top-column elementor-element elementor-element-11f25f6d\" data-id=\"11f25f6d\" data-element_type=\"column\" data-e-type=\"column\">\n\t\t\t<div class=\"elementor-widget-wrap elementor-element-populated\">\n\t\t\t\t\t\t<div class=\"elementor-element elementor-element-4e99f41b elementor-widget elementor-widget-heading\" data-id=\"4e99f41b\" data-element_type=\"widget\" data-e-type=\"widget\" data-widget_type=\"heading.default\">\n\t\t\t\t<div class=\"elementor-widget-container\">\n\t\t\t\t\t<h1 class=\"elementor-heading-title elementor-size-medium\">Les baleines et nous<\/h1>\t\t\t\t<\/div>\n\t\t\t\t<\/div>\n\t\t\t\t<div class=\"elementor-element elementor-element-2472e10e elementor-view-default elementor-widget elementor-widget-icon\" data-id=\"2472e10e\" data-element_type=\"widget\" data-e-type=\"widget\" data-widget_type=\"icon.default\">\n\t\t\t\t<div class=\"elementor-widget-container\">\n\t\t\t\t\t\t\t<div class=\"elementor-icon-wrapper\">\n\t\t\t<div class=\"elementor-icon\">\n\t\t\t<i aria-hidden=\"true\" class=\"fab fa-pagelines\"><\/i>\t\t\t<\/div>\n\t\t<\/div>\n\t\t\t\t\t\t<\/div>\n\t\t\t\t<\/div>\n\t\t\t\t<div class=\"elementor-element elementor-element-40aaca75 elementor-widget-divider--view-line elementor-widget elementor-widget-divider\" data-id=\"40aaca75\" data-element_type=\"widget\" data-e-type=\"widget\" data-widget_type=\"divider.default\">\n\t\t\t\t<div class=\"elementor-widget-container\">\n\t\t\t\t\t\t\t<div class=\"elementor-divider\">\n\t\t\t<span class=\"elementor-divider-separator\">\n\t\t\t\t\t\t<\/span>\n\t\t<\/div>\n\t\t\t\t\t\t<\/div>\n\t\t\t\t<\/div>\n\t\t\t\t<div class=\"elementor-element elementor-element-58dc50ac elementor-widget elementor-widget-heading\" data-id=\"58dc50ac\" data-element_type=\"widget\" data-e-type=\"widget\" data-widget_type=\"heading.default\">\n\t\t\t\t<div class=\"elementor-widget-container\">\n\t\t\t\t\t<h2 class=\"elementor-heading-title elementor-size-medium\">R\u00e9sum\u00e9<\/h2>\t\t\t\t<\/div>\n\t\t\t\t<\/div>\n\t\t\t\t<div class=\"elementor-element elementor-element-7ed3acc1 elementor-widget elementor-widget-text-editor\" data-id=\"7ed3acc1\" data-element_type=\"widget\" data-e-type=\"widget\" data-widget_type=\"text-editor.default\">\n\t\t\t\t<div class=\"elementor-widget-container\">\n\t\t\t\t\t\t\t\t\t<p>Il existe plusieurs l\u00e9gendes sur les baleines, que ce soit dans la tradition orale ou dans la litt\u00e9rature&#8230; Mais qu&rsquo;y a-t-il de vrai dans ces l\u00e9gendes? Conna\u00eet-on vraiment les baleines?<\/p>\t\t\t\t\t\t\t\t<\/div>\n\t\t\t\t<\/div>\n\t\t\t\t<div class=\"elementor-element elementor-element-7fd997fc elementor-widget-divider--view-line elementor-widget elementor-widget-divider\" data-id=\"7fd997fc\" data-element_type=\"widget\" data-e-type=\"widget\" data-widget_type=\"divider.default\">\n\t\t\t\t<div class=\"elementor-widget-container\">\n\t\t\t\t\t\t\t<div class=\"elementor-divider\">\n\t\t\t<span class=\"elementor-divider-separator\">\n\t\t\t\t\t\t<\/span>\n\t\t<\/div>\n\t\t\t\t\t\t<\/div>\n\t\t\t\t<\/div>\n\t\t\t\t<div class=\"elementor-element elementor-element-482e05b1 elementor-widget elementor-widget-heading\" data-id=\"482e05b1\" data-element_type=\"widget\" data-e-type=\"widget\" data-widget_type=\"heading.default\">\n\t\t\t\t<div class=\"elementor-widget-container\">\n\t\t\t\t\t<h2 class=\"elementor-heading-title elementor-size-medium\">Ma note<\/h2>\t\t\t\t<\/div>\n\t\t\t\t<\/div>\n\t\t\t\t<div class=\"elementor-element elementor-element-5086be4d elementor-star-rating--align-center elementor--star-style-star_fontawesome elementor-widget elementor-widget-star-rating\" data-id=\"5086be4d\" data-element_type=\"widget\" data-e-type=\"widget\" data-widget_type=\"star-rating.default\">\n\t\t\t\t<div class=\"elementor-widget-container\">\n\t\t\t\t\t\t\t<div class=\"elementor-star-rating__wrapper\">\n\t\t\t\t\t\t<div class=\"elementor-star-rating\" itemtype=\"http:\/\/schema.org\/Rating\" itemscope=\"\" itemprop=\"reviewRating\">\n\t\t\t\t<i class=\"elementor-star-full\" aria-hidden=\"true\">&#xE934;<\/i><i class=\"elementor-star-full\" aria-hidden=\"true\">&#xE934;<\/i><i class=\"elementor-star-full\" aria-hidden=\"true\">&#xE934;<\/i><i class=\"elementor-star-full\" aria-hidden=\"true\">&#xE934;<\/i><i class=\"elementor-star-5\" aria-hidden=\"true\">&#xE934;<\/i>\t\t\t\t<span itemprop=\"ratingValue\" class=\"elementor-screen-only\">Not\u00e9 4.5 sur 5<\/span>\n\t\t\t<\/div>\n\t\t<\/div>\n\t\t\t\t\t\t<\/div>\n\t\t\t\t<\/div>\n\t\t\t\t<div class=\"elementor-element elementor-element-75287821 elementor-widget-divider--view-line elementor-widget elementor-widget-divider\" data-id=\"75287821\" data-element_type=\"widget\" data-e-type=\"widget\" data-widget_type=\"divider.default\">\n\t\t\t\t<div class=\"elementor-widget-container\">\n\t\t\t\t\t\t\t<div class=\"elementor-divider\">\n\t\t\t<span class=\"elementor-divider-separator\">\n\t\t\t\t\t\t<\/span>\n\t\t<\/div>\n\t\t\t\t\t\t<\/div>\n\t\t\t\t<\/div>\n\t\t\t\t<div class=\"elementor-element elementor-element-159f8244 elementor-widget elementor-widget-heading\" data-id=\"159f8244\" data-element_type=\"widget\" data-e-type=\"widget\" data-widget_type=\"heading.default\">\n\t\t\t\t<div class=\"elementor-widget-container\">\n\t\t\t\t\t<h2 class=\"elementor-heading-title elementor-size-medium\">Un album documentaire enrichissant<\/h2>\t\t\t\t<\/div>\n\t\t\t\t<\/div>\n\t\t\t\t<div class=\"elementor-element elementor-element-6983a255 elementor-widget elementor-widget-text-editor\" data-id=\"6983a255\" data-element_type=\"widget\" data-e-type=\"widget\" data-widget_type=\"text-editor.default\">\n\t\t\t\t<div class=\"elementor-widget-container\">\n\t\t\t\t\t\t\t\t\t<p>J&rsquo;ai \u00e9t\u00e9 tr\u00e8s intrigu\u00e9e par cet album jeunesse envoy\u00e9 par les <a href=\"http:\/\/www.michel-lafon.fr\/\">\u00e9ditions Michel Lafon<\/a>. Il avait l&rsquo;air \u00e0 la fois doux et beau, et il remplit ses promesses. En r\u00e9alit\u00e9, c&rsquo;est un <a href=\"https:\/\/sorbetkiwi.fr\/index.php\/tag\/album-jeunesse\/\">album<\/a> documentaire. L&rsquo;avant-propos de India Desjardins est un \u00e9lectrochoc assez touchant, et tr\u00e8s vrai. Cela le rend d&#8217;embl\u00e9e tr\u00e8s original. A la fois, il explique la vie des baleines, mais aussi celles dont s&rsquo;est inspir\u00e9e la pop-culture. Moby Dick et Pinocchio y font notamment une apparition. Et \u00e9videmment, on y parle aussi de l&rsquo;impact humain sur ce mammif\u00e8re marin, et de son avenir, si tant est qu&rsquo;il en ait un sur le long terme.\u00a0<\/p>\t\t\t\t\t\t\t\t<\/div>\n\t\t\t\t<\/div>\n\t\t\t\t<div class=\"elementor-element elementor-element-733199dd elementor-widget-divider--view-line elementor-widget elementor-widget-divider\" data-id=\"733199dd\" data-element_type=\"widget\" data-e-type=\"widget\" data-widget_type=\"divider.default\">\n\t\t\t\t<div class=\"elementor-widget-container\">\n\t\t\t\t\t\t\t<div class=\"elementor-divider\">\n\t\t\t<span class=\"elementor-divider-separator\">\n\t\t\t\t\t\t<\/span>\n\t\t<\/div>\n\t\t\t\t\t\t<\/div>\n\t\t\t\t<\/div>\n\t\t\t\t<div class=\"elementor-element elementor-element-1d7743e3 elementor-widget elementor-widget-heading\" data-id=\"1d7743e3\" data-element_type=\"widget\" data-e-type=\"widget\" data-widget_type=\"heading.default\">\n\t\t\t\t<div class=\"elementor-widget-container\">\n\t\t\t\t\t<h4 class=\"elementor-heading-title elementor-size-medium\">\"Elles sont majestueuses. Quand je les observe, j'ai l'impression que l'espace marin qu'elles occupent est impossible \u00e0 d\u00e9mystifier.\"<\/h4>\t\t\t\t<\/div>\n\t\t\t\t<\/div>\n\t\t\t\t<div class=\"elementor-element elementor-element-20fa12f6 elementor-widget-divider--view-line elementor-widget elementor-widget-divider\" data-id=\"20fa12f6\" data-element_type=\"widget\" data-e-type=\"widget\" data-widget_type=\"divider.default\">\n\t\t\t\t<div class=\"elementor-widget-container\">\n\t\t\t\t\t\t\t<div class=\"elementor-divider\">\n\t\t\t<span class=\"elementor-divider-separator\">\n\t\t\t\t\t\t<\/span>\n\t\t<\/div>\n\t\t\t\t\t\t<\/div>\n\t\t\t\t<\/div>\n\t\t\t\t<div class=\"elementor-element elementor-element-917df45 elementor-widget elementor-widget-heading\" data-id=\"917df45\" data-element_type=\"widget\" data-e-type=\"widget\" data-widget_type=\"heading.default\">\n\t\t\t\t<div class=\"elementor-widget-container\">\n\t\t\t\t\t<h2 class=\"elementor-heading-title elementor-size-medium\">Un album \u00e9cologiste<\/h2>\t\t\t\t<\/div>\n\t\t\t\t<\/div>\n\t\t\t\t<div class=\"elementor-element elementor-element-7fcb06f3 elementor-widget elementor-widget-text-editor\" data-id=\"7fcb06f3\" data-element_type=\"widget\" data-e-type=\"widget\" data-widget_type=\"text-editor.default\">\n\t\t\t\t<div class=\"elementor-widget-container\">\n\t\t\t\t\t\t\t\t\t<p>Ainsi, au fil des pages, on d\u00e9couvre un historique de l&rsquo;esp\u00e8ce. L&rsquo;\u00e9volution physique des c\u00e9tac\u00e9s, \u00e0 travers les \u00e8res terrestres, puis en lien avec nous. Les baleines et nous est aussi une prise de position \u00e9cologique : chasse, tourisme, trafic maritime, changement climatique&#8230; L&rsquo;album pousse \u00e0 la remise en question de cette mani\u00e8re l\u00e0, et ce d\u00e9s le plus \u00e2ge. Je dirai que le public cible adapt\u00e9 est au niveau du CM1\/CM2 environ. Cela dit, en tant qu&rsquo;adulte, j&rsquo;ai \u00e9galement apprise de nombreuses choses en le lisant.\u00a0<\/p>\t\t\t\t\t\t\t\t<\/div>\n\t\t\t\t<\/div>\n\t\t\t\t<div class=\"elementor-element elementor-element-894f3f2 elementor-widget-divider--view-line elementor-widget elementor-widget-divider\" data-id=\"894f3f2\" data-element_type=\"widget\" data-e-type=\"widget\" data-widget_type=\"divider.default\">\n\t\t\t\t<div class=\"elementor-widget-container\">\n\t\t\t\t\t\t\t<div class=\"elementor-divider\">\n\t\t\t<span class=\"elementor-divider-separator\">\n\t\t\t\t\t\t<\/span>\n\t\t<\/div>\n\t\t\t\t\t\t<\/div>\n\t\t\t\t<\/div>\n\t\t\t\t<div class=\"elementor-element elementor-element-47e73b72 elementor-widget elementor-widget-heading\" data-id=\"47e73b72\" data-element_type=\"widget\" data-e-type=\"widget\" data-widget_type=\"heading.default\">\n\t\t\t\t<div class=\"elementor-widget-container\">\n\t\t\t\t\t<h2 class=\"elementor-heading-title elementor-size-medium\">Accompagn\u00e9 d'illustrations douces<\/h2>\t\t\t\t<\/div>\n\t\t\t\t<\/div>\n\t\t\t\t<div class=\"elementor-element elementor-element-4055d268 elementor-widget elementor-widget-text-editor\" data-id=\"4055d268\" data-element_type=\"widget\" data-e-type=\"widget\" data-widget_type=\"text-editor.default\">\n\t\t\t\t<div class=\"elementor-widget-container\">\n\t\t\t\t\t\t\t\t\t<p>J&rsquo;ai tout particuli\u00e8rement la page \u00ab\u00a0Que peut-on faire ?\u00a0\u00bb. C&rsquo;est ce qui est vraiment int\u00e9ressant. Apr\u00e8s avoir d\u00e9nonc\u00e9, et qui permet aussi de partager des actions concr\u00e8tes avec nos jeunes. Enfin, un mot sur les illustrations : elles sont tr\u00e8s douces et int\u00e9ressantes aussi. Elles accompagnent le texte parfaitement. Les nombreux tons bleus et verts m&rsquo;ont totalement s\u00e9duite. Un album documentaire que je recommande, donc !\u00a0<\/p>\t\t\t\t\t\t\t\t<\/div>\n\t\t\t\t<\/div>\n\t\t\t\t\t<\/div>\n\t\t<\/div>\n\t\t\t\t\t<\/div>\n\t\t<\/section>\n\t\t\t\t<\/div>\n\t\t","protected":false},"excerpt":{"rendered":"<p>Les baleines et nous R\u00e9sum\u00e9 Il existe plusieurs l\u00e9gendes sur les baleines, que ce soit dans la tradition orale ou dans la litt\u00e9rature&#8230; Mais qu&rsquo;y a-t-il de vrai dans ces l\u00e9gendes? Conna\u00eet-on vraiment les baleines? &hellip; <\/p>\n","protected":false},"author":1,"featured_media":2587,"comment_status":"open","ping_status":"open","sticky":false,"template":"","format":"standard","meta":{"footnotes":""},"categories":[13,8,1],"tags":[268,703,82,692,694,558,693,500],"class_list":["post-2589","post","type-post","status-publish","format-standard","has-post-thumbnail","hentry","category-le-printemps","category-partenariats","category-tout-le-blog","tag-album-jeunesse","tag-documentaire","tag-editions-michel-lafon","tag-india-desjardins","tag-les-baleines-et-nous","tag-mercredi","tag-nathalie-dion","tag-printemps","has-single-img"],"yoast_head":"<!-- This site is optimized with the Yoast SEO plugin v27.4 - https:\/\/yoast.com\/product\/yoast-seo-wordpress\/ -->\n<title>Les baleines et nous de Desjardins et Dion - Sorbet Kiwi<\/title>\n<meta name=\"description\" content=\"Ma chronique de l&#039;album documentaire jeunesse Des baleines et nous de India Desjardins et Nathalie Dion aux \u00e9ditions Michel Lafon.\" \/>\n<meta name=\"robots\" content=\"index, follow, max-snippet:-1, max-image-preview:large, max-video-preview:-1\" \/>\n<link rel=\"canonical\" href=\"https:\/\/sorbetkiwi.fr\/index.php\/les-baleines-et-nous-de-desjardins-et-dion\/\" \/>\n<meta property=\"og:locale\" content=\"fr_FR\" \/>\n<meta property=\"og:type\" content=\"article\" \/>\n<meta property=\"og:title\" content=\"Les baleines et nous de Desjardins et Dion - Sorbet Kiwi\" \/>\n<meta property=\"og:description\" content=\"Ma chronique de l&#039;album documentaire jeunesse Des baleines et nous de India Desjardins et Nathalie Dion aux \u00e9ditions Michel Lafon.\" \/>\n<meta property=\"og:url\" content=\"https:\/\/sorbetkiwi.fr\/index.php\/les-baleines-et-nous-de-desjardins-et-dion\/\" \/>\n<meta property=\"og:site_name\" content=\"Sorbet Kiwi\" \/>\n<meta property=\"article:publisher\" content=\"https:\/\/www.facebook.com\/profile.php?id=100086238893269\" \/>\n<meta property=\"article:published_time\" content=\"2023-05-17T05:56:29+00:00\" \/>\n<meta property=\"article:modified_time\" content=\"2023-05-17T05:56:31+00:00\" \/>\n<meta property=\"og:image\" content=\"https:\/\/sorbetkiwi.fr\/wp-content\/uploads\/2023\/05\/Les-baleines-et-nous-India-Desjardins-Nathalie-Dion-scaled.jpg\" \/>\n\t<meta property=\"og:image:width\" content=\"1920\" \/>\n\t<meta property=\"og:image:height\" content=\"2560\" \/>\n\t<meta property=\"og:image:type\" content=\"image\/jpeg\" \/>\n<meta name=\"author\" content=\"Sorbet-Kiwi\" \/>\n<meta name=\"twitter:card\" content=\"summary_large_image\" \/>\n<meta name=\"twitter:creator\" content=\"@pepparshoes\" \/>\n<meta name=\"twitter:site\" content=\"@pepparshoes\" \/>\n<meta name=\"twitter:label1\" content=\"\u00c9crit par\" \/>\n\t<meta name=\"twitter:data1\" content=\"Sorbet-Kiwi\" \/>\n\t<meta name=\"twitter:label2\" content=\"Dur\u00e9e de lecture estim\u00e9e\" \/>\n\t<meta name=\"twitter:data2\" content=\"3 minutes\" \/>\n<script type=\"application\/ld+json\" class=\"yoast-schema-graph\">{\"@context\":\"https:\\\/\\\/schema.org\",\"@graph\":[{\"@type\":\"Article\",\"@id\":\"https:\\\/\\\/sorbetkiwi.fr\\\/index.php\\\/les-baleines-et-nous-de-desjardins-et-dion\\\/#article\",\"isPartOf\":{\"@id\":\"https:\\\/\\\/sorbetkiwi.fr\\\/index.php\\\/les-baleines-et-nous-de-desjardins-et-dion\\\/\"},\"author\":{\"name\":\"Sorbet-Kiwi\",\"@id\":\"https:\\\/\\\/sorbetkiwi.fr\\\/#\\\/schema\\\/person\\\/ed1b7b527a2957ddc3bf38b076540659\"},\"headline\":\"Les baleines et nous de Desjardins et Dion\",\"datePublished\":\"2023-05-17T05:56:29+00:00\",\"dateModified\":\"2023-05-17T05:56:31+00:00\",\"mainEntityOfPage\":{\"@id\":\"https:\\\/\\\/sorbetkiwi.fr\\\/index.php\\\/les-baleines-et-nous-de-desjardins-et-dion\\\/\"},\"wordCount\":378,\"commentCount\":0,\"publisher\":{\"@id\":\"https:\\\/\\\/sorbetkiwi.fr\\\/#organization\"},\"image\":{\"@id\":\"https:\\\/\\\/sorbetkiwi.fr\\\/index.php\\\/les-baleines-et-nous-de-desjardins-et-dion\\\/#primaryimage\"},\"thumbnailUrl\":\"https:\\\/\\\/sorbetkiwi.fr\\\/wp-content\\\/uploads\\\/2023\\\/05\\\/Les-baleines-et-nous-India-Desjardins-Nathalie-Dion-scaled.jpg\",\"keywords\":[\"Album jeunesse\",\"Documentaire\",\"Editions Michel Lafon\",\"India Desjardins\",\"Les baleines et nous\",\"Mercredi\",\"Nathalie Dion\",\"Printemps\"],\"articleSection\":[\"Le printemps\",\"Partenariats\",\"Tout le blog\"],\"inLanguage\":\"fr-FR\",\"potentialAction\":[{\"@type\":\"CommentAction\",\"name\":\"Comment\",\"target\":[\"https:\\\/\\\/sorbetkiwi.fr\\\/index.php\\\/les-baleines-et-nous-de-desjardins-et-dion\\\/#respond\"]}]},{\"@type\":\"WebPage\",\"@id\":\"https:\\\/\\\/sorbetkiwi.fr\\\/index.php\\\/les-baleines-et-nous-de-desjardins-et-dion\\\/\",\"url\":\"https:\\\/\\\/sorbetkiwi.fr\\\/index.php\\\/les-baleines-et-nous-de-desjardins-et-dion\\\/\",\"name\":\"Les baleines et nous de Desjardins et Dion - Sorbet Kiwi\",\"isPartOf\":{\"@id\":\"https:\\\/\\\/sorbetkiwi.fr\\\/#website\"},\"primaryImageOfPage\":{\"@id\":\"https:\\\/\\\/sorbetkiwi.fr\\\/index.php\\\/les-baleines-et-nous-de-desjardins-et-dion\\\/#primaryimage\"},\"image\":{\"@id\":\"https:\\\/\\\/sorbetkiwi.fr\\\/index.php\\\/les-baleines-et-nous-de-desjardins-et-dion\\\/#primaryimage\"},\"thumbnailUrl\":\"https:\\\/\\\/sorbetkiwi.fr\\\/wp-content\\\/uploads\\\/2023\\\/05\\\/Les-baleines-et-nous-India-Desjardins-Nathalie-Dion-scaled.jpg\",\"datePublished\":\"2023-05-17T05:56:29+00:00\",\"dateModified\":\"2023-05-17T05:56:31+00:00\",\"description\":\"Ma chronique de l'album documentaire jeunesse Des baleines et nous de India Desjardins et Nathalie Dion aux \u00e9ditions Michel Lafon.\",\"breadcrumb\":{\"@id\":\"https:\\\/\\\/sorbetkiwi.fr\\\/index.php\\\/les-baleines-et-nous-de-desjardins-et-dion\\\/#breadcrumb\"},\"inLanguage\":\"fr-FR\",\"potentialAction\":[{\"@type\":\"ReadAction\",\"target\":[\"https:\\\/\\\/sorbetkiwi.fr\\\/index.php\\\/les-baleines-et-nous-de-desjardins-et-dion\\\/\"]}]},{\"@type\":\"ImageObject\",\"inLanguage\":\"fr-FR\",\"@id\":\"https:\\\/\\\/sorbetkiwi.fr\\\/index.php\\\/les-baleines-et-nous-de-desjardins-et-dion\\\/#primaryimage\",\"url\":\"https:\\\/\\\/sorbetkiwi.fr\\\/wp-content\\\/uploads\\\/2023\\\/05\\\/Les-baleines-et-nous-India-Desjardins-Nathalie-Dion-scaled.jpg\",\"contentUrl\":\"https:\\\/\\\/sorbetkiwi.fr\\\/wp-content\\\/uploads\\\/2023\\\/05\\\/Les-baleines-et-nous-India-Desjardins-Nathalie-Dion-scaled.jpg\",\"width\":1920,\"height\":2560,\"caption\":\"Les baleines et nous India Desjardins Nathalie Dion\"},{\"@type\":\"BreadcrumbList\",\"@id\":\"https:\\\/\\\/sorbetkiwi.fr\\\/index.php\\\/les-baleines-et-nous-de-desjardins-et-dion\\\/#breadcrumb\",\"itemListElement\":[{\"@type\":\"ListItem\",\"position\":1,\"name\":\"Accueil\",\"item\":\"https:\\\/\\\/sorbetkiwi.fr\\\/\"},{\"@type\":\"ListItem\",\"position\":2,\"name\":\"Les baleines et nous de Desjardins et Dion\"}]},{\"@type\":\"WebSite\",\"@id\":\"https:\\\/\\\/sorbetkiwi.fr\\\/#website\",\"url\":\"https:\\\/\\\/sorbetkiwi.fr\\\/\",\"name\":\"Sorbet Kiwi\",\"description\":\"Des lectures th\u00e9matiques par saison et les avis qui vont avec\",\"publisher\":{\"@id\":\"https:\\\/\\\/sorbetkiwi.fr\\\/#organization\"},\"potentialAction\":[{\"@type\":\"SearchAction\",\"target\":{\"@type\":\"EntryPoint\",\"urlTemplate\":\"https:\\\/\\\/sorbetkiwi.fr\\\/?s={search_term_string}\"},\"query-input\":{\"@type\":\"PropertyValueSpecification\",\"valueRequired\":true,\"valueName\":\"search_term_string\"}}],\"inLanguage\":\"fr-FR\"},{\"@type\":\"Organization\",\"@id\":\"https:\\\/\\\/sorbetkiwi.fr\\\/#organization\",\"name\":\"Sorbet Kiwi\",\"url\":\"https:\\\/\\\/sorbetkiwi.fr\\\/\",\"logo\":{\"@type\":\"ImageObject\",\"inLanguage\":\"fr-FR\",\"@id\":\"https:\\\/\\\/sorbetkiwi.fr\\\/#\\\/schema\\\/logo\\\/image\\\/\",\"url\":\"https:\\\/\\\/sorbetkiwi.fr\\\/wp-content\\\/uploads\\\/2022\\\/10\\\/Banniere-Sorbet-Kiwi-2022.jpg\",\"contentUrl\":\"https:\\\/\\\/sorbetkiwi.fr\\\/wp-content\\\/uploads\\\/2022\\\/10\\\/Banniere-Sorbet-Kiwi-2022.jpg\",\"width\":814,\"height\":401,\"caption\":\"Sorbet Kiwi\"},\"image\":{\"@id\":\"https:\\\/\\\/sorbetkiwi.fr\\\/#\\\/schema\\\/logo\\\/image\\\/\"},\"sameAs\":[\"https:\\\/\\\/www.facebook.com\\\/profile.php?id=100086238893269\",\"https:\\\/\\\/x.com\\\/pepparshoes\",\"https:\\\/\\\/www.instagram.com\\\/sorbetkiwi\\\/\",\"https:\\\/\\\/www.tiktok.com\\\/sorbetkiwi\"]},{\"@type\":\"Person\",\"@id\":\"https:\\\/\\\/sorbetkiwi.fr\\\/#\\\/schema\\\/person\\\/ed1b7b527a2957ddc3bf38b076540659\",\"name\":\"Sorbet-Kiwi\",\"image\":{\"@type\":\"ImageObject\",\"inLanguage\":\"fr-FR\",\"@id\":\"https:\\\/\\\/secure.gravatar.com\\\/avatar\\\/86f0a5c27d76317621b9e374d0f3a01d3a85278f10d0c7207ced4fd773057442?s=96&d=mm&r=g\",\"url\":\"https:\\\/\\\/secure.gravatar.com\\\/avatar\\\/86f0a5c27d76317621b9e374d0f3a01d3a85278f10d0c7207ced4fd773057442?s=96&d=mm&r=g\",\"contentUrl\":\"https:\\\/\\\/secure.gravatar.com\\\/avatar\\\/86f0a5c27d76317621b9e374d0f3a01d3a85278f10d0c7207ced4fd773057442?s=96&d=mm&r=g\",\"caption\":\"Sorbet-Kiwi\"},\"sameAs\":[\"http:\\\/\\\/sorbetkiwi.fr\"],\"url\":\"https:\\\/\\\/sorbetkiwi.fr\\\/index.php\\\/author\\\/admin7717\\\/\"}]}<\/script>\n<!-- \/ Yoast SEO plugin. -->","yoast_head_json":{"title":"Les baleines et nous de Desjardins et Dion - Sorbet Kiwi","description":"Ma chronique de l'album documentaire jeunesse Des baleines et nous de India Desjardins et Nathalie Dion aux \u00e9ditions Michel Lafon.","robots":{"index":"index","follow":"follow","max-snippet":"max-snippet:-1","max-image-preview":"max-image-preview:large","max-video-preview":"max-video-preview:-1"},"canonical":"https:\/\/sorbetkiwi.fr\/index.php\/les-baleines-et-nous-de-desjardins-et-dion\/","og_locale":"fr_FR","og_type":"article","og_title":"Les baleines et nous de Desjardins et Dion - Sorbet Kiwi","og_description":"Ma chronique de l'album documentaire jeunesse Des baleines et nous de India Desjardins et Nathalie Dion aux \u00e9ditions Michel Lafon.","og_url":"https:\/\/sorbetkiwi.fr\/index.php\/les-baleines-et-nous-de-desjardins-et-dion\/","og_site_name":"Sorbet Kiwi","article_publisher":"https:\/\/www.facebook.com\/profile.php?id=100086238893269","article_published_time":"2023-05-17T05:56:29+00:00","article_modified_time":"2023-05-17T05:56:31+00:00","og_image":[{"width":1920,"height":2560,"url":"https:\/\/sorbetkiwi.fr\/wp-content\/uploads\/2023\/05\/Les-baleines-et-nous-India-Desjardins-Nathalie-Dion-scaled.jpg","type":"image\/jpeg"}],"author":"Sorbet-Kiwi","twitter_card":"summary_large_image","twitter_creator":"@pepparshoes","twitter_site":"@pepparshoes","twitter_misc":{"\u00c9crit par":"Sorbet-Kiwi","Dur\u00e9e de lecture estim\u00e9e":"3 minutes"},"schema":{"@context":"https:\/\/schema.org","@graph":[{"@type":"Article","@id":"https:\/\/sorbetkiwi.fr\/index.php\/les-baleines-et-nous-de-desjardins-et-dion\/#article","isPartOf":{"@id":"https:\/\/sorbetkiwi.fr\/index.php\/les-baleines-et-nous-de-desjardins-et-dion\/"},"author":{"name":"Sorbet-Kiwi","@id":"https:\/\/sorbetkiwi.fr\/#\/schema\/person\/ed1b7b527a2957ddc3bf38b076540659"},"headline":"Les baleines et nous de Desjardins et Dion","datePublished":"2023-05-17T05:56:29+00:00","dateModified":"2023-05-17T05:56:31+00:00","mainEntityOfPage":{"@id":"https:\/\/sorbetkiwi.fr\/index.php\/les-baleines-et-nous-de-desjardins-et-dion\/"},"wordCount":378,"commentCount":0,"publisher":{"@id":"https:\/\/sorbetkiwi.fr\/#organization"},"image":{"@id":"https:\/\/sorbetkiwi.fr\/index.php\/les-baleines-et-nous-de-desjardins-et-dion\/#primaryimage"},"thumbnailUrl":"https:\/\/sorbetkiwi.fr\/wp-content\/uploads\/2023\/05\/Les-baleines-et-nous-India-Desjardins-Nathalie-Dion-scaled.jpg","keywords":["Album jeunesse","Documentaire","Editions Michel Lafon","India Desjardins","Les baleines et nous","Mercredi","Nathalie Dion","Printemps"],"articleSection":["Le printemps","Partenariats","Tout le blog"],"inLanguage":"fr-FR","potentialAction":[{"@type":"CommentAction","name":"Comment","target":["https:\/\/sorbetkiwi.fr\/index.php\/les-baleines-et-nous-de-desjardins-et-dion\/#respond"]}]},{"@type":"WebPage","@id":"https:\/\/sorbetkiwi.fr\/index.php\/les-baleines-et-nous-de-desjardins-et-dion\/","url":"https:\/\/sorbetkiwi.fr\/index.php\/les-baleines-et-nous-de-desjardins-et-dion\/","name":"Les baleines et nous de Desjardins et Dion - Sorbet Kiwi","isPartOf":{"@id":"https:\/\/sorbetkiwi.fr\/#website"},"primaryImageOfPage":{"@id":"https:\/\/sorbetkiwi.fr\/index.php\/les-baleines-et-nous-de-desjardins-et-dion\/#primaryimage"},"image":{"@id":"https:\/\/sorbetkiwi.fr\/index.php\/les-baleines-et-nous-de-desjardins-et-dion\/#primaryimage"},"thumbnailUrl":"https:\/\/sorbetkiwi.fr\/wp-content\/uploads\/2023\/05\/Les-baleines-et-nous-India-Desjardins-Nathalie-Dion-scaled.jpg","datePublished":"2023-05-17T05:56:29+00:00","dateModified":"2023-05-17T05:56:31+00:00","description":"Ma chronique de l'album documentaire jeunesse Des baleines et nous de India Desjardins et Nathalie Dion aux \u00e9ditions Michel Lafon.","breadcrumb":{"@id":"https:\/\/sorbetkiwi.fr\/index.php\/les-baleines-et-nous-de-desjardins-et-dion\/#breadcrumb"},"inLanguage":"fr-FR","potentialAction":[{"@type":"ReadAction","target":["https:\/\/sorbetkiwi.fr\/index.php\/les-baleines-et-nous-de-desjardins-et-dion\/"]}]},{"@type":"ImageObject","inLanguage":"fr-FR","@id":"https:\/\/sorbetkiwi.fr\/index.php\/les-baleines-et-nous-de-desjardins-et-dion\/#primaryimage","url":"https:\/\/sorbetkiwi.fr\/wp-content\/uploads\/2023\/05\/Les-baleines-et-nous-India-Desjardins-Nathalie-Dion-scaled.jpg","contentUrl":"https:\/\/sorbetkiwi.fr\/wp-content\/uploads\/2023\/05\/Les-baleines-et-nous-India-Desjardins-Nathalie-Dion-scaled.jpg","width":1920,"height":2560,"caption":"Les baleines et nous India Desjardins Nathalie Dion"},{"@type":"BreadcrumbList","@id":"https:\/\/sorbetkiwi.fr\/index.php\/les-baleines-et-nous-de-desjardins-et-dion\/#breadcrumb","itemListElement":[{"@type":"ListItem","position":1,"name":"Accueil","item":"https:\/\/sorbetkiwi.fr\/"},{"@type":"ListItem","position":2,"name":"Les baleines et nous de Desjardins et Dion"}]},{"@type":"WebSite","@id":"https:\/\/sorbetkiwi.fr\/#website","url":"https:\/\/sorbetkiwi.fr\/","name":"Sorbet Kiwi","description":"Des lectures th\u00e9matiques par saison et les avis qui vont avec","publisher":{"@id":"https:\/\/sorbetkiwi.fr\/#organization"},"potentialAction":[{"@type":"SearchAction","target":{"@type":"EntryPoint","urlTemplate":"https:\/\/sorbetkiwi.fr\/?s={search_term_string}"},"query-input":{"@type":"PropertyValueSpecification","valueRequired":true,"valueName":"search_term_string"}}],"inLanguage":"fr-FR"},{"@type":"Organization","@id":"https:\/\/sorbetkiwi.fr\/#organization","name":"Sorbet Kiwi","url":"https:\/\/sorbetkiwi.fr\/","logo":{"@type":"ImageObject","inLanguage":"fr-FR","@id":"https:\/\/sorbetkiwi.fr\/#\/schema\/logo\/image\/","url":"https:\/\/sorbetkiwi.fr\/wp-content\/uploads\/2022\/10\/Banniere-Sorbet-Kiwi-2022.jpg","contentUrl":"https:\/\/sorbetkiwi.fr\/wp-content\/uploads\/2022\/10\/Banniere-Sorbet-Kiwi-2022.jpg","width":814,"height":401,"caption":"Sorbet Kiwi"},"image":{"@id":"https:\/\/sorbetkiwi.fr\/#\/schema\/logo\/image\/"},"sameAs":["https:\/\/www.facebook.com\/profile.php?id=100086238893269","https:\/\/x.com\/pepparshoes","https:\/\/www.instagram.com\/sorbetkiwi\/","https:\/\/www.tiktok.com\/sorbetkiwi"]},{"@type":"Person","@id":"https:\/\/sorbetkiwi.fr\/#\/schema\/person\/ed1b7b527a2957ddc3bf38b076540659","name":"Sorbet-Kiwi","image":{"@type":"ImageObject","inLanguage":"fr-FR","@id":"https:\/\/secure.gravatar.com\/avatar\/86f0a5c27d76317621b9e374d0f3a01d3a85278f10d0c7207ced4fd773057442?s=96&d=mm&r=g","url":"https:\/\/secure.gravatar.com\/avatar\/86f0a5c27d76317621b9e374d0f3a01d3a85278f10d0c7207ced4fd773057442?s=96&d=mm&r=g","contentUrl":"https:\/\/secure.gravatar.com\/avatar\/86f0a5c27d76317621b9e374d0f3a01d3a85278f10d0c7207ced4fd773057442?s=96&d=mm&r=g","caption":"Sorbet-Kiwi"},"sameAs":["http:\/\/sorbetkiwi.fr"],"url":"https:\/\/sorbetkiwi.fr\/index.php\/author\/admin7717\/"}]}},"_links":{"self":[{"href":"https:\/\/sorbetkiwi.fr\/index.php\/wp-json\/wp\/v2\/posts\/2589","targetHints":{"allow":["GET"]}}],"collection":[{"href":"https:\/\/sorbetkiwi.fr\/index.php\/wp-json\/wp\/v2\/posts"}],"about":[{"href":"https:\/\/sorbetkiwi.fr\/index.php\/wp-json\/wp\/v2\/types\/post"}],"author":[{"embeddable":true,"href":"https:\/\/sorbetkiwi.fr\/index.php\/wp-json\/wp\/v2\/users\/1"}],"replies":[{"embeddable":true,"href":"https:\/\/sorbetkiwi.fr\/index.php\/wp-json\/wp\/v2\/comments?post=2589"}],"version-history":[{"count":6,"href":"https:\/\/sorbetkiwi.fr\/index.php\/wp-json\/wp\/v2\/posts\/2589\/revisions"}],"predecessor-version":[{"id":2617,"href":"https:\/\/sorbetkiwi.fr\/index.php\/wp-json\/wp\/v2\/posts\/2589\/revisions\/2617"}],"wp:featuredmedia":[{"embeddable":true,"href":"https:\/\/sorbetkiwi.fr\/index.php\/wp-json\/wp\/v2\/media\/2587"}],"wp:attachment":[{"href":"https:\/\/sorbetkiwi.fr\/index.php\/wp-json\/wp\/v2\/media?parent=2589"}],"wp:term":[{"taxonomy":"category","embeddable":true,"href":"https:\/\/sorbetkiwi.fr\/index.php\/wp-json\/wp\/v2\/categories?post=2589"},{"taxonomy":"post_tag","embeddable":true,"href":"https:\/\/sorbetkiwi.fr\/index.php\/wp-json\/wp\/v2\/tags?post=2589"}],"curies":[{"name":"wp","href":"https:\/\/api.w.org\/{rel}","templated":true}]}}