{"id":2348,"date":"2023-04-20T13:53:39","date_gmt":"2023-04-20T11:53:39","guid":{"rendered":"https:\/\/sorbetkiwi.fr\/?p=2348"},"modified":"2023-04-20T13:53:41","modified_gmt":"2023-04-20T11:53:41","slug":"une-revolution-interieure-de-gloria-steinem","status":"publish","type":"post","link":"https:\/\/sorbetkiwi.fr\/index.php\/une-revolution-interieure-de-gloria-steinem\/","title":{"rendered":"Une r\u00e9volution int\u00e9rieure de Gloria Steinem"},"content":{"rendered":"\t\t<div data-elementor-type=\"wp-post\" data-elementor-id=\"2348\" class=\"elementor elementor-2348\">\n\t\t\t\t\t\t<section class=\"elementor-section elementor-top-section elementor-element elementor-element-535b679b elementor-section-boxed elementor-section-height-default elementor-section-height-default\" data-id=\"535b679b\" data-element_type=\"section\" data-e-type=\"section\">\n\t\t\t\t\t\t<div class=\"elementor-container elementor-column-gap-default\">\n\t\t\t\t\t<div class=\"elementor-column elementor-col-100 elementor-top-column elementor-element elementor-element-7266bc89\" data-id=\"7266bc89\" data-element_type=\"column\" data-e-type=\"column\">\n\t\t\t<div class=\"elementor-widget-wrap elementor-element-populated\">\n\t\t\t\t\t\t<div class=\"elementor-element elementor-element-6e0c74a elementor-widget elementor-widget-heading\" data-id=\"6e0c74a\" data-element_type=\"widget\" data-e-type=\"widget\" data-widget_type=\"heading.default\">\n\t\t\t\t<div class=\"elementor-widget-container\">\n\t\t\t\t\t<h1 class=\"elementor-heading-title elementor-size-medium\">Une r\u00e9volution int\u00e9rieure Gloria Steinem<\/h1>\t\t\t\t<\/div>\n\t\t\t\t<\/div>\n\t\t\t\t<div class=\"elementor-element elementor-element-7f737a8 elementor-view-default elementor-widget elementor-widget-icon\" data-id=\"7f737a8\" data-element_type=\"widget\" data-e-type=\"widget\" data-widget_type=\"icon.default\">\n\t\t\t\t<div class=\"elementor-widget-container\">\n\t\t\t\t\t\t\t<div class=\"elementor-icon-wrapper\">\n\t\t\t<div class=\"elementor-icon\">\n\t\t\t<i aria-hidden=\"true\" class=\"fab fa-pagelines\"><\/i>\t\t\t<\/div>\n\t\t<\/div>\n\t\t\t\t\t\t<\/div>\n\t\t\t\t<\/div>\n\t\t\t\t<div class=\"elementor-element elementor-element-14272fb4 elementor-widget-divider--view-line elementor-widget elementor-widget-divider\" data-id=\"14272fb4\" data-element_type=\"widget\" data-e-type=\"widget\" data-widget_type=\"divider.default\">\n\t\t\t\t<div class=\"elementor-widget-container\">\n\t\t\t\t\t\t\t<div class=\"elementor-divider\">\n\t\t\t<span class=\"elementor-divider-separator\">\n\t\t\t\t\t\t<\/span>\n\t\t<\/div>\n\t\t\t\t\t\t<\/div>\n\t\t\t\t<\/div>\n\t\t\t\t<div class=\"elementor-element elementor-element-10246b56 elementor-widget elementor-widget-heading\" data-id=\"10246b56\" data-element_type=\"widget\" data-e-type=\"widget\" data-widget_type=\"heading.default\">\n\t\t\t\t<div class=\"elementor-widget-container\">\n\t\t\t\t\t<h2 class=\"elementor-heading-title elementor-size-medium\">R\u00e9sum\u00e9<\/h2>\t\t\t\t<\/div>\n\t\t\t\t<\/div>\n\t\t\t\t<div class=\"elementor-element elementor-element-38b71fb elementor-widget elementor-widget-text-editor\" data-id=\"38b71fb\" data-element_type=\"widget\" data-e-type=\"widget\" data-widget_type=\"text-editor.default\">\n\t\t\t\t<div class=\"elementor-widget-container\">\n\t\t\t\t\t\t\t\t\t<p>Gloria Steinem a lutt\u00e9 toute sa vie contre les injustices sociales. Dans\u00a0<em>Une r\u00e9volution int\u00e9rieure<\/em>, elle s\u2019emploie \u00e0 montrer comment ces injustices viennent saper l\u2019estime de soi \u2013\u00a0 chez les femmes mais aussi chez les hommes, peu importent l\u2019appartenance ethnique, la classe sociale, l\u2019\u00e2ge ou l\u2019orientation sexuelle.<br \/>Convaincue que\u00a0<em>le personnel est politique<\/em>\u00a0et que l\u2019estime de soi d\u00e9termine notre capacit\u00e9 \u00e0 exister dans l\u2019espace public, elle nous livre des cl\u00e9s essentielles pour la restaurer\u00a0 : acquisition de connaissances et de techniques, partage d\u2019exp\u00e9riences ou encore m\u00e9ditations guid\u00e9es.<br \/>Un ouvrage qui m\u00eale anecdotes personnelles, t\u00e9moignages et analyses, et qui invite \u00e0 se r\u00e9emparer de sa propre vie.<\/p>\t\t\t\t\t\t\t\t<\/div>\n\t\t\t\t<\/div>\n\t\t\t\t<div class=\"elementor-element elementor-element-563aa7ba elementor-widget-divider--view-line elementor-widget elementor-widget-divider\" data-id=\"563aa7ba\" data-element_type=\"widget\" data-e-type=\"widget\" data-widget_type=\"divider.default\">\n\t\t\t\t<div class=\"elementor-widget-container\">\n\t\t\t\t\t\t\t<div class=\"elementor-divider\">\n\t\t\t<span class=\"elementor-divider-separator\">\n\t\t\t\t\t\t<\/span>\n\t\t<\/div>\n\t\t\t\t\t\t<\/div>\n\t\t\t\t<\/div>\n\t\t\t\t<div class=\"elementor-element elementor-element-39101569 elementor-widget elementor-widget-heading\" data-id=\"39101569\" data-element_type=\"widget\" data-e-type=\"widget\" data-widget_type=\"heading.default\">\n\t\t\t\t<div class=\"elementor-widget-container\">\n\t\t\t\t\t<h2 class=\"elementor-heading-title elementor-size-medium\">Ma note<\/h2>\t\t\t\t<\/div>\n\t\t\t\t<\/div>\n\t\t\t\t<div class=\"elementor-element elementor-element-5454a564 elementor-star-rating--align-center elementor--star-style-star_fontawesome elementor-widget elementor-widget-star-rating\" data-id=\"5454a564\" data-element_type=\"widget\" data-e-type=\"widget\" data-widget_type=\"star-rating.default\">\n\t\t\t\t<div class=\"elementor-widget-container\">\n\t\t\t\t\t\t\t<div class=\"elementor-star-rating__wrapper\">\n\t\t\t\t\t\t<div class=\"elementor-star-rating\" itemtype=\"http:\/\/schema.org\/Rating\" itemscope=\"\" itemprop=\"reviewRating\">\n\t\t\t\t<i class=\"elementor-star-full\" aria-hidden=\"true\">&#xE934;<\/i><i class=\"elementor-star-full\" aria-hidden=\"true\">&#xE934;<\/i><i class=\"elementor-star-full\" aria-hidden=\"true\">&#xE934;<\/i><i class=\"elementor-star-full\" aria-hidden=\"true\">&#xE934;<\/i><i class=\"elementor-star-empty\" aria-hidden=\"true\">&#xE934;<\/i>\t\t\t\t<span itemprop=\"ratingValue\" class=\"elementor-screen-only\">Not\u00e9 4 sur 5<\/span>\n\t\t\t<\/div>\n\t\t<\/div>\n\t\t\t\t\t\t<\/div>\n\t\t\t\t<\/div>\n\t\t\t\t<div class=\"elementor-element elementor-element-4bad0266 elementor-widget-divider--view-line elementor-widget elementor-widget-divider\" data-id=\"4bad0266\" data-element_type=\"widget\" data-e-type=\"widget\" data-widget_type=\"divider.default\">\n\t\t\t\t<div class=\"elementor-widget-container\">\n\t\t\t\t\t\t\t<div class=\"elementor-divider\">\n\t\t\t<span class=\"elementor-divider-separator\">\n\t\t\t\t\t\t<\/span>\n\t\t<\/div>\n\t\t\t\t\t\t<\/div>\n\t\t\t\t<\/div>\n\t\t\t\t<div class=\"elementor-element elementor-element-f624e13 elementor-widget elementor-widget-heading\" data-id=\"f624e13\" data-element_type=\"widget\" data-e-type=\"widget\" data-widget_type=\"heading.default\">\n\t\t\t\t<div class=\"elementor-widget-container\">\n\t\t\t\t\t<h2 class=\"elementor-heading-title elementor-size-medium\">Un essai qui m'a fait peur... pour rien<\/h2>\t\t\t\t<\/div>\n\t\t\t\t<\/div>\n\t\t\t\t<div class=\"elementor-element elementor-element-28bca217 elementor-widget elementor-widget-text-editor\" data-id=\"28bca217\" data-element_type=\"widget\" data-e-type=\"widget\" data-widget_type=\"text-editor.default\">\n\t\t\t\t<div class=\"elementor-widget-container\">\n\t\t\t\t\t\t\t\t\t<p>Etant donn\u00e9 que j&rsquo;ai lu plusieurs fois Les hauts de Hurlevent, un de mes romans pr\u00e9f\u00e9r\u00e9s adolescente, j&rsquo;ai \u00e9t\u00e9 tr\u00e8s intrigu\u00e9e par Une r\u00e9volution int\u00e9rieure. En effet, l&rsquo;autrice y parle des Soeurs Bront\u00eb. Alors forc\u00e9ment, lorsque les <a href=\"https:\/\/www.harpercollins.fr\/products\/une-revolution-interieure-essai-sur-la-confiance-en-soi\/\">\u00e9ditions Harper Collins<\/a> me l&rsquo;ont envoy\u00e9, <a href=\"https:\/\/sorbetkiwi.fr\/index.php\/printemps-2023-mes-incontournables\/\">je n&rsquo;ai pas trop r\u00e9sist\u00e9<\/a> ! Pourtant, les essais, et surtout ceux de cette \u00e9paisseur, me font g\u00e9n\u00e9ralement un peu peur. Au d\u00e9part, j&rsquo;ai d&rsquo;ailleurs eu un peu de mal, par d\u00e9couragement \u00e0 cause des 570 pages, je pense. Mais d\u00e9s le chapitre 3, elle m&rsquo;a parl\u00e9. Droit au c\u0153ur. Je ne sais pas combien de passages j&rsquo;ai partag\u00e9 cet apr\u00e8s-midi-l\u00e0 tant je me sentais interpell\u00e9e. Il m&rsquo;a servi \u00e0 pr\u00e9parer ma s\u00e9ance de lib\u00e9ration \u00e9motionnelle. Cet essai de 1992 est tr\u00e8s d&rsquo;actualit\u00e9 pour moi, il m&rsquo;en a presque sembl\u00e9&#8230; intime.\u00a0<\/p>\t\t\t\t\t\t\t\t<\/div>\n\t\t\t\t<\/div>\n\t\t\t\t<div class=\"elementor-element elementor-element-4d22ef65 elementor-widget-divider--view-line elementor-widget elementor-widget-divider\" data-id=\"4d22ef65\" data-element_type=\"widget\" data-e-type=\"widget\" data-widget_type=\"divider.default\">\n\t\t\t\t<div class=\"elementor-widget-container\">\n\t\t\t\t\t\t\t<div class=\"elementor-divider\">\n\t\t\t<span class=\"elementor-divider-separator\">\n\t\t\t\t\t\t<\/span>\n\t\t<\/div>\n\t\t\t\t\t\t<\/div>\n\t\t\t\t<\/div>\n\t\t\t\t<div class=\"elementor-element elementor-element-1f442a3b elementor-widget elementor-widget-heading\" data-id=\"1f442a3b\" data-element_type=\"widget\" data-e-type=\"widget\" data-widget_type=\"heading.default\">\n\t\t\t\t<div class=\"elementor-widget-container\">\n\t\t\t\t\t<h4 class=\"elementor-heading-title elementor-size-medium\">\"Peut-\u00eatre qu'un jour nous aurons suffisamment chang\u00e9 la soci\u00e9t\u00e9 pour qu'on ne demande plus aux femmes d'enfouir leur moi v\u00e9ritable.\"<\/h4>\t\t\t\t<\/div>\n\t\t\t\t<\/div>\n\t\t\t\t<div class=\"elementor-element elementor-element-362b9312 elementor-widget-divider--view-line elementor-widget elementor-widget-divider\" data-id=\"362b9312\" data-element_type=\"widget\" data-e-type=\"widget\" data-widget_type=\"divider.default\">\n\t\t\t\t<div class=\"elementor-widget-container\">\n\t\t\t\t\t\t\t<div class=\"elementor-divider\">\n\t\t\t<span class=\"elementor-divider-separator\">\n\t\t\t\t\t\t<\/span>\n\t\t<\/div>\n\t\t\t\t\t\t<\/div>\n\t\t\t\t<\/div>\n\t\t\t\t<div class=\"elementor-element elementor-element-535cd19b elementor-widget elementor-widget-heading\" data-id=\"535cd19b\" data-element_type=\"widget\" data-e-type=\"widget\" data-widget_type=\"heading.default\">\n\t\t\t\t<div class=\"elementor-widget-container\">\n\t\t\t\t\t<h2 class=\"elementor-heading-title elementor-size-medium\">Une r\u00e9volution int\u00e9rieure pour moi<\/h2>\t\t\t\t<\/div>\n\t\t\t\t<\/div>\n\t\t\t\t<div class=\"elementor-element elementor-element-2ee67a29 elementor-widget elementor-widget-text-editor\" data-id=\"2ee67a29\" data-element_type=\"widget\" data-e-type=\"widget\" data-widget_type=\"text-editor.default\">\n\t\t\t\t<div class=\"elementor-widget-container\">\n\t\t\t\t\t\t\t\t\t<p>J&rsquo;avais vraiment l&rsquo;impression de devoir le lire maintenant. Pr\u00e9cis\u00e9ment. Comme s&rsquo;il m&rsquo;attendait \u00e0 ce moment pr\u00e9cis. Alors forc\u00e9ment, c&rsquo;est ultra subjectif. Mais tous les t\u00e9moignages partag\u00e9s par l&rsquo;autrice m&rsquo;ont fait le plus grand bien. Cela dit, pour \u00eatre plus objective quant au contenu, je pense en avoir lu les 3\/4 environ. Il y a un quart, assez statistique et th\u00e9orique, que j&rsquo;ai survol\u00e9. Ils servent le propos mais le tire en longueur. Je me suis rapidement rendue compte que ce qui m&rsquo;int\u00e9ressait le plus, et qui me rendait le plus attentive, \u00e9taient les parties plus psychologiques. Par exemple celles sur l&rsquo;\u00e9ducation. Celles sur le travail sur soi, parce que je suis en plein dedans. Et \u00e9videmment, celles sur la romance, en lien avec la culture litt\u00e9raire, forc\u00e9ment.\u00a0<\/p>\t\t\t\t\t\t\t\t<\/div>\n\t\t\t\t<\/div>\n\t\t\t\t<div class=\"elementor-element elementor-element-2b7b0e9 elementor-widget-divider--view-line elementor-widget elementor-widget-divider\" data-id=\"2b7b0e9\" data-element_type=\"widget\" data-e-type=\"widget\" data-widget_type=\"divider.default\">\n\t\t\t\t<div class=\"elementor-widget-container\">\n\t\t\t\t\t\t\t<div class=\"elementor-divider\">\n\t\t\t<span class=\"elementor-divider-separator\">\n\t\t\t\t\t\t<\/span>\n\t\t<\/div>\n\t\t\t\t\t\t<\/div>\n\t\t\t\t<\/div>\n\t\t\t\t<div class=\"elementor-element elementor-element-5565d05e elementor-widget elementor-widget-heading\" data-id=\"5565d05e\" data-element_type=\"widget\" data-e-type=\"widget\" data-widget_type=\"heading.default\">\n\t\t\t\t<div class=\"elementor-widget-container\">\n\t\t\t\t\t<h2 class=\"elementor-heading-title elementor-size-medium\">A d\u00e9couvrir quand on en ressent le besoin<\/h2>\t\t\t\t<\/div>\n\t\t\t\t<\/div>\n\t\t\t\t<div class=\"elementor-element elementor-element-714c4eac elementor-widget elementor-widget-text-editor\" data-id=\"714c4eac\" data-element_type=\"widget\" data-e-type=\"widget\" data-widget_type=\"text-editor.default\">\n\t\t\t\t<div class=\"elementor-widget-container\">\n\t\t\t\t\t\t\t\t\t<p>Par moments, on se rend compte que l&rsquo;essai date. Il y manque par exemple l&rsquo;impact des r\u00e9seaux sociaux, tels Instagram et Tiktok, sur l&rsquo;estime de soi. C&rsquo;est un point \u00e0 compl\u00e9ter avec un autre essai du genre, peut-\u00eatre ! Finalement, celui-ci ouvre d\u00e9j\u00e0 de nombreuses portes. A vous de savoir lesquelles vous souhaitez franchir. Toutes ? Quelques une seulement ? Peut-\u00eatre aucune, une fois le livre referm\u00e9, parce que c&rsquo;est aussi ok de ne pas \u00eatre pr\u00eate ? Soyez libre de choisir. Ce que j&rsquo;en retiens, c&rsquo;est que je suis libre de m&rsquo;aimer, et que ce n&rsquo;est pas facile au quotidien. Mais que c&rsquo;est mon droit, et que je n&rsquo;ai pas \u00e0 en avoir honte. Alors, pr\u00eate pour une r\u00e9volution int\u00e9rieure ?\u00a0<\/p>\t\t\t\t\t\t\t\t<\/div>\n\t\t\t\t<\/div>\n\t\t\t\t\t<\/div>\n\t\t<\/div>\n\t\t\t\t\t<\/div>\n\t\t<\/section>\n\t\t\t\t<\/div>\n\t\t","protected":false},"excerpt":{"rendered":"<p>Une r\u00e9volution int\u00e9rieure Gloria Steinem R\u00e9sum\u00e9 Gloria Steinem a lutt\u00e9 toute sa vie contre les injustices sociales. Dans&nbsp;Une r\u00e9volution int\u00e9rieure, elle s\u2019emploie \u00e0 montrer comment ces injustices viennent saper l\u2019estime de soi \u2013&nbsp; chez les &hellip; <\/p>\n","protected":false},"author":1,"featured_media":2349,"comment_status":"open","ping_status":"open","sticky":false,"template":"","format":"standard","meta":{"footnotes":""},"categories":[13,8,1],"tags":[623,621,272,622,620,619],"class_list":["post-2348","post","type-post","status-publish","format-standard","has-post-thumbnail","hentry","category-le-printemps","category-partenariats","category-tout-le-blog","tag-essai","tag-gloria-steinem","tag-harper-collins","tag-mona-chollet","tag-renforcer-lestime-de-soi","tag-une-revolution-interieure","has-single-img"],"yoast_head":"<!-- This site is optimized with the Yoast SEO plugin v27.4 - https:\/\/yoast.com\/product\/yoast-seo-wordpress\/ -->\n<title>Une r\u00e9volution int\u00e9rieure de Gloria Steinem - Sorbet Kiwi<\/title>\n<meta name=\"description\" content=\"Ma chronique d&#039;Une r\u00e9volution int\u00e9rieure : Renforcer l&#039;estime de soi de Gloria Steinem aux \u00e9ditions Harper Collins.\" \/>\n<meta name=\"robots\" content=\"index, follow, max-snippet:-1, max-image-preview:large, max-video-preview:-1\" \/>\n<link rel=\"canonical\" href=\"https:\/\/sorbetkiwi.fr\/index.php\/une-revolution-interieure-de-gloria-steinem\/\" \/>\n<meta property=\"og:locale\" content=\"fr_FR\" \/>\n<meta property=\"og:type\" content=\"article\" \/>\n<meta property=\"og:title\" content=\"Une r\u00e9volution int\u00e9rieure de Gloria Steinem - Sorbet Kiwi\" \/>\n<meta property=\"og:description\" content=\"Ma chronique d&#039;Une r\u00e9volution int\u00e9rieure : Renforcer l&#039;estime de soi de Gloria Steinem aux \u00e9ditions Harper Collins.\" \/>\n<meta property=\"og:url\" content=\"https:\/\/sorbetkiwi.fr\/index.php\/une-revolution-interieure-de-gloria-steinem\/\" \/>\n<meta property=\"og:site_name\" content=\"Sorbet Kiwi\" \/>\n<meta property=\"article:publisher\" content=\"https:\/\/www.facebook.com\/profile.php?id=100086238893269\" \/>\n<meta property=\"article:published_time\" content=\"2023-04-20T11:53:39+00:00\" \/>\n<meta property=\"article:modified_time\" content=\"2023-04-20T11:53:41+00:00\" \/>\n<meta property=\"og:image\" content=\"https:\/\/sorbetkiwi.fr\/wp-content\/uploads\/2023\/04\/Une-revolution-interieure-Gloria-Steinem-scaled.jpg\" \/>\n\t<meta property=\"og:image:width\" content=\"1920\" \/>\n\t<meta property=\"og:image:height\" content=\"2560\" \/>\n\t<meta property=\"og:image:type\" content=\"image\/jpeg\" \/>\n<meta name=\"author\" content=\"Sorbet-Kiwi\" \/>\n<meta name=\"twitter:card\" content=\"summary_large_image\" \/>\n<meta name=\"twitter:creator\" content=\"@pepparshoes\" \/>\n<meta name=\"twitter:site\" content=\"@pepparshoes\" \/>\n<meta name=\"twitter:label1\" content=\"\u00c9crit par\" \/>\n\t<meta name=\"twitter:data1\" content=\"Sorbet-Kiwi\" \/>\n\t<meta name=\"twitter:label2\" content=\"Dur\u00e9e de lecture estim\u00e9e\" \/>\n\t<meta name=\"twitter:data2\" content=\"4 minutes\" \/>\n<script type=\"application\/ld+json\" class=\"yoast-schema-graph\">{\"@context\":\"https:\\\/\\\/schema.org\",\"@graph\":[{\"@type\":\"Article\",\"@id\":\"https:\\\/\\\/sorbetkiwi.fr\\\/index.php\\\/une-revolution-interieure-de-gloria-steinem\\\/#article\",\"isPartOf\":{\"@id\":\"https:\\\/\\\/sorbetkiwi.fr\\\/index.php\\\/une-revolution-interieure-de-gloria-steinem\\\/\"},\"author\":{\"name\":\"Sorbet-Kiwi\",\"@id\":\"https:\\\/\\\/sorbetkiwi.fr\\\/#\\\/schema\\\/person\\\/ed1b7b527a2957ddc3bf38b076540659\"},\"headline\":\"Une r\u00e9volution int\u00e9rieure de Gloria Steinem\",\"datePublished\":\"2023-04-20T11:53:39+00:00\",\"dateModified\":\"2023-04-20T11:53:41+00:00\",\"mainEntityOfPage\":{\"@id\":\"https:\\\/\\\/sorbetkiwi.fr\\\/index.php\\\/une-revolution-interieure-de-gloria-steinem\\\/\"},\"wordCount\":639,\"commentCount\":0,\"publisher\":{\"@id\":\"https:\\\/\\\/sorbetkiwi.fr\\\/#organization\"},\"image\":{\"@id\":\"https:\\\/\\\/sorbetkiwi.fr\\\/index.php\\\/une-revolution-interieure-de-gloria-steinem\\\/#primaryimage\"},\"thumbnailUrl\":\"https:\\\/\\\/sorbetkiwi.fr\\\/wp-content\\\/uploads\\\/2023\\\/04\\\/Une-revolution-interieure-Gloria-Steinem-scaled.jpg\",\"keywords\":[\"Essai\",\"Gloria Steinem\",\"Harper Collins\",\"Mona Chollet\",\"Renforcer l&#039;estime de soi\",\"Une r\u00e9volution int\u00e9rieure\"],\"articleSection\":[\"Le printemps\",\"Partenariats\",\"Tout le blog\"],\"inLanguage\":\"fr-FR\",\"potentialAction\":[{\"@type\":\"CommentAction\",\"name\":\"Comment\",\"target\":[\"https:\\\/\\\/sorbetkiwi.fr\\\/index.php\\\/une-revolution-interieure-de-gloria-steinem\\\/#respond\"]}]},{\"@type\":\"WebPage\",\"@id\":\"https:\\\/\\\/sorbetkiwi.fr\\\/index.php\\\/une-revolution-interieure-de-gloria-steinem\\\/\",\"url\":\"https:\\\/\\\/sorbetkiwi.fr\\\/index.php\\\/une-revolution-interieure-de-gloria-steinem\\\/\",\"name\":\"Une r\u00e9volution int\u00e9rieure de Gloria Steinem - Sorbet Kiwi\",\"isPartOf\":{\"@id\":\"https:\\\/\\\/sorbetkiwi.fr\\\/#website\"},\"primaryImageOfPage\":{\"@id\":\"https:\\\/\\\/sorbetkiwi.fr\\\/index.php\\\/une-revolution-interieure-de-gloria-steinem\\\/#primaryimage\"},\"image\":{\"@id\":\"https:\\\/\\\/sorbetkiwi.fr\\\/index.php\\\/une-revolution-interieure-de-gloria-steinem\\\/#primaryimage\"},\"thumbnailUrl\":\"https:\\\/\\\/sorbetkiwi.fr\\\/wp-content\\\/uploads\\\/2023\\\/04\\\/Une-revolution-interieure-Gloria-Steinem-scaled.jpg\",\"datePublished\":\"2023-04-20T11:53:39+00:00\",\"dateModified\":\"2023-04-20T11:53:41+00:00\",\"description\":\"Ma chronique d'Une r\u00e9volution int\u00e9rieure : Renforcer l'estime de soi de Gloria Steinem aux \u00e9ditions Harper Collins.\",\"breadcrumb\":{\"@id\":\"https:\\\/\\\/sorbetkiwi.fr\\\/index.php\\\/une-revolution-interieure-de-gloria-steinem\\\/#breadcrumb\"},\"inLanguage\":\"fr-FR\",\"potentialAction\":[{\"@type\":\"ReadAction\",\"target\":[\"https:\\\/\\\/sorbetkiwi.fr\\\/index.php\\\/une-revolution-interieure-de-gloria-steinem\\\/\"]}]},{\"@type\":\"ImageObject\",\"inLanguage\":\"fr-FR\",\"@id\":\"https:\\\/\\\/sorbetkiwi.fr\\\/index.php\\\/une-revolution-interieure-de-gloria-steinem\\\/#primaryimage\",\"url\":\"https:\\\/\\\/sorbetkiwi.fr\\\/wp-content\\\/uploads\\\/2023\\\/04\\\/Une-revolution-interieure-Gloria-Steinem-scaled.jpg\",\"contentUrl\":\"https:\\\/\\\/sorbetkiwi.fr\\\/wp-content\\\/uploads\\\/2023\\\/04\\\/Une-revolution-interieure-Gloria-Steinem-scaled.jpg\",\"width\":1920,\"height\":2560,\"caption\":\"Une r\u00e9volution int\u00e9rieure Gloria Steinem\"},{\"@type\":\"BreadcrumbList\",\"@id\":\"https:\\\/\\\/sorbetkiwi.fr\\\/index.php\\\/une-revolution-interieure-de-gloria-steinem\\\/#breadcrumb\",\"itemListElement\":[{\"@type\":\"ListItem\",\"position\":1,\"name\":\"Accueil\",\"item\":\"https:\\\/\\\/sorbetkiwi.fr\\\/\"},{\"@type\":\"ListItem\",\"position\":2,\"name\":\"Une r\u00e9volution int\u00e9rieure de Gloria Steinem\"}]},{\"@type\":\"WebSite\",\"@id\":\"https:\\\/\\\/sorbetkiwi.fr\\\/#website\",\"url\":\"https:\\\/\\\/sorbetkiwi.fr\\\/\",\"name\":\"Sorbet Kiwi\",\"description\":\"Des lectures th\u00e9matiques par saison et les avis qui vont avec\",\"publisher\":{\"@id\":\"https:\\\/\\\/sorbetkiwi.fr\\\/#organization\"},\"potentialAction\":[{\"@type\":\"SearchAction\",\"target\":{\"@type\":\"EntryPoint\",\"urlTemplate\":\"https:\\\/\\\/sorbetkiwi.fr\\\/?s={search_term_string}\"},\"query-input\":{\"@type\":\"PropertyValueSpecification\",\"valueRequired\":true,\"valueName\":\"search_term_string\"}}],\"inLanguage\":\"fr-FR\"},{\"@type\":\"Organization\",\"@id\":\"https:\\\/\\\/sorbetkiwi.fr\\\/#organization\",\"name\":\"Sorbet Kiwi\",\"url\":\"https:\\\/\\\/sorbetkiwi.fr\\\/\",\"logo\":{\"@type\":\"ImageObject\",\"inLanguage\":\"fr-FR\",\"@id\":\"https:\\\/\\\/sorbetkiwi.fr\\\/#\\\/schema\\\/logo\\\/image\\\/\",\"url\":\"https:\\\/\\\/sorbetkiwi.fr\\\/wp-content\\\/uploads\\\/2022\\\/10\\\/Banniere-Sorbet-Kiwi-2022.jpg\",\"contentUrl\":\"https:\\\/\\\/sorbetkiwi.fr\\\/wp-content\\\/uploads\\\/2022\\\/10\\\/Banniere-Sorbet-Kiwi-2022.jpg\",\"width\":814,\"height\":401,\"caption\":\"Sorbet Kiwi\"},\"image\":{\"@id\":\"https:\\\/\\\/sorbetkiwi.fr\\\/#\\\/schema\\\/logo\\\/image\\\/\"},\"sameAs\":[\"https:\\\/\\\/www.facebook.com\\\/profile.php?id=100086238893269\",\"https:\\\/\\\/x.com\\\/pepparshoes\",\"https:\\\/\\\/www.instagram.com\\\/sorbetkiwi\\\/\",\"https:\\\/\\\/www.tiktok.com\\\/sorbetkiwi\"]},{\"@type\":\"Person\",\"@id\":\"https:\\\/\\\/sorbetkiwi.fr\\\/#\\\/schema\\\/person\\\/ed1b7b527a2957ddc3bf38b076540659\",\"name\":\"Sorbet-Kiwi\",\"image\":{\"@type\":\"ImageObject\",\"inLanguage\":\"fr-FR\",\"@id\":\"https:\\\/\\\/secure.gravatar.com\\\/avatar\\\/86f0a5c27d76317621b9e374d0f3a01d3a85278f10d0c7207ced4fd773057442?s=96&d=mm&r=g\",\"url\":\"https:\\\/\\\/secure.gravatar.com\\\/avatar\\\/86f0a5c27d76317621b9e374d0f3a01d3a85278f10d0c7207ced4fd773057442?s=96&d=mm&r=g\",\"contentUrl\":\"https:\\\/\\\/secure.gravatar.com\\\/avatar\\\/86f0a5c27d76317621b9e374d0f3a01d3a85278f10d0c7207ced4fd773057442?s=96&d=mm&r=g\",\"caption\":\"Sorbet-Kiwi\"},\"sameAs\":[\"http:\\\/\\\/sorbetkiwi.fr\"],\"url\":\"https:\\\/\\\/sorbetkiwi.fr\\\/index.php\\\/author\\\/admin7717\\\/\"}]}<\/script>\n<!-- \/ Yoast SEO plugin. -->","yoast_head_json":{"title":"Une r\u00e9volution int\u00e9rieure de Gloria Steinem - Sorbet Kiwi","description":"Ma chronique d'Une r\u00e9volution int\u00e9rieure : Renforcer l'estime de soi de Gloria Steinem aux \u00e9ditions Harper Collins.","robots":{"index":"index","follow":"follow","max-snippet":"max-snippet:-1","max-image-preview":"max-image-preview:large","max-video-preview":"max-video-preview:-1"},"canonical":"https:\/\/sorbetkiwi.fr\/index.php\/une-revolution-interieure-de-gloria-steinem\/","og_locale":"fr_FR","og_type":"article","og_title":"Une r\u00e9volution int\u00e9rieure de Gloria Steinem - Sorbet Kiwi","og_description":"Ma chronique d'Une r\u00e9volution int\u00e9rieure : Renforcer l'estime de soi de Gloria Steinem aux \u00e9ditions Harper Collins.","og_url":"https:\/\/sorbetkiwi.fr\/index.php\/une-revolution-interieure-de-gloria-steinem\/","og_site_name":"Sorbet Kiwi","article_publisher":"https:\/\/www.facebook.com\/profile.php?id=100086238893269","article_published_time":"2023-04-20T11:53:39+00:00","article_modified_time":"2023-04-20T11:53:41+00:00","og_image":[{"width":1920,"height":2560,"url":"https:\/\/sorbetkiwi.fr\/wp-content\/uploads\/2023\/04\/Une-revolution-interieure-Gloria-Steinem-scaled.jpg","type":"image\/jpeg"}],"author":"Sorbet-Kiwi","twitter_card":"summary_large_image","twitter_creator":"@pepparshoes","twitter_site":"@pepparshoes","twitter_misc":{"\u00c9crit par":"Sorbet-Kiwi","Dur\u00e9e de lecture estim\u00e9e":"4 minutes"},"schema":{"@context":"https:\/\/schema.org","@graph":[{"@type":"Article","@id":"https:\/\/sorbetkiwi.fr\/index.php\/une-revolution-interieure-de-gloria-steinem\/#article","isPartOf":{"@id":"https:\/\/sorbetkiwi.fr\/index.php\/une-revolution-interieure-de-gloria-steinem\/"},"author":{"name":"Sorbet-Kiwi","@id":"https:\/\/sorbetkiwi.fr\/#\/schema\/person\/ed1b7b527a2957ddc3bf38b076540659"},"headline":"Une r\u00e9volution int\u00e9rieure de Gloria Steinem","datePublished":"2023-04-20T11:53:39+00:00","dateModified":"2023-04-20T11:53:41+00:00","mainEntityOfPage":{"@id":"https:\/\/sorbetkiwi.fr\/index.php\/une-revolution-interieure-de-gloria-steinem\/"},"wordCount":639,"commentCount":0,"publisher":{"@id":"https:\/\/sorbetkiwi.fr\/#organization"},"image":{"@id":"https:\/\/sorbetkiwi.fr\/index.php\/une-revolution-interieure-de-gloria-steinem\/#primaryimage"},"thumbnailUrl":"https:\/\/sorbetkiwi.fr\/wp-content\/uploads\/2023\/04\/Une-revolution-interieure-Gloria-Steinem-scaled.jpg","keywords":["Essai","Gloria Steinem","Harper Collins","Mona Chollet","Renforcer l&#039;estime de soi","Une r\u00e9volution int\u00e9rieure"],"articleSection":["Le printemps","Partenariats","Tout le blog"],"inLanguage":"fr-FR","potentialAction":[{"@type":"CommentAction","name":"Comment","target":["https:\/\/sorbetkiwi.fr\/index.php\/une-revolution-interieure-de-gloria-steinem\/#respond"]}]},{"@type":"WebPage","@id":"https:\/\/sorbetkiwi.fr\/index.php\/une-revolution-interieure-de-gloria-steinem\/","url":"https:\/\/sorbetkiwi.fr\/index.php\/une-revolution-interieure-de-gloria-steinem\/","name":"Une r\u00e9volution int\u00e9rieure de Gloria Steinem - Sorbet Kiwi","isPartOf":{"@id":"https:\/\/sorbetkiwi.fr\/#website"},"primaryImageOfPage":{"@id":"https:\/\/sorbetkiwi.fr\/index.php\/une-revolution-interieure-de-gloria-steinem\/#primaryimage"},"image":{"@id":"https:\/\/sorbetkiwi.fr\/index.php\/une-revolution-interieure-de-gloria-steinem\/#primaryimage"},"thumbnailUrl":"https:\/\/sorbetkiwi.fr\/wp-content\/uploads\/2023\/04\/Une-revolution-interieure-Gloria-Steinem-scaled.jpg","datePublished":"2023-04-20T11:53:39+00:00","dateModified":"2023-04-20T11:53:41+00:00","description":"Ma chronique d'Une r\u00e9volution int\u00e9rieure : Renforcer l'estime de soi de Gloria Steinem aux \u00e9ditions Harper Collins.","breadcrumb":{"@id":"https:\/\/sorbetkiwi.fr\/index.php\/une-revolution-interieure-de-gloria-steinem\/#breadcrumb"},"inLanguage":"fr-FR","potentialAction":[{"@type":"ReadAction","target":["https:\/\/sorbetkiwi.fr\/index.php\/une-revolution-interieure-de-gloria-steinem\/"]}]},{"@type":"ImageObject","inLanguage":"fr-FR","@id":"https:\/\/sorbetkiwi.fr\/index.php\/une-revolution-interieure-de-gloria-steinem\/#primaryimage","url":"https:\/\/sorbetkiwi.fr\/wp-content\/uploads\/2023\/04\/Une-revolution-interieure-Gloria-Steinem-scaled.jpg","contentUrl":"https:\/\/sorbetkiwi.fr\/wp-content\/uploads\/2023\/04\/Une-revolution-interieure-Gloria-Steinem-scaled.jpg","width":1920,"height":2560,"caption":"Une r\u00e9volution int\u00e9rieure Gloria Steinem"},{"@type":"BreadcrumbList","@id":"https:\/\/sorbetkiwi.fr\/index.php\/une-revolution-interieure-de-gloria-steinem\/#breadcrumb","itemListElement":[{"@type":"ListItem","position":1,"name":"Accueil","item":"https:\/\/sorbetkiwi.fr\/"},{"@type":"ListItem","position":2,"name":"Une r\u00e9volution int\u00e9rieure de Gloria Steinem"}]},{"@type":"WebSite","@id":"https:\/\/sorbetkiwi.fr\/#website","url":"https:\/\/sorbetkiwi.fr\/","name":"Sorbet Kiwi","description":"Des lectures th\u00e9matiques par saison et les avis qui vont avec","publisher":{"@id":"https:\/\/sorbetkiwi.fr\/#organization"},"potentialAction":[{"@type":"SearchAction","target":{"@type":"EntryPoint","urlTemplate":"https:\/\/sorbetkiwi.fr\/?s={search_term_string}"},"query-input":{"@type":"PropertyValueSpecification","valueRequired":true,"valueName":"search_term_string"}}],"inLanguage":"fr-FR"},{"@type":"Organization","@id":"https:\/\/sorbetkiwi.fr\/#organization","name":"Sorbet Kiwi","url":"https:\/\/sorbetkiwi.fr\/","logo":{"@type":"ImageObject","inLanguage":"fr-FR","@id":"https:\/\/sorbetkiwi.fr\/#\/schema\/logo\/image\/","url":"https:\/\/sorbetkiwi.fr\/wp-content\/uploads\/2022\/10\/Banniere-Sorbet-Kiwi-2022.jpg","contentUrl":"https:\/\/sorbetkiwi.fr\/wp-content\/uploads\/2022\/10\/Banniere-Sorbet-Kiwi-2022.jpg","width":814,"height":401,"caption":"Sorbet Kiwi"},"image":{"@id":"https:\/\/sorbetkiwi.fr\/#\/schema\/logo\/image\/"},"sameAs":["https:\/\/www.facebook.com\/profile.php?id=100086238893269","https:\/\/x.com\/pepparshoes","https:\/\/www.instagram.com\/sorbetkiwi\/","https:\/\/www.tiktok.com\/sorbetkiwi"]},{"@type":"Person","@id":"https:\/\/sorbetkiwi.fr\/#\/schema\/person\/ed1b7b527a2957ddc3bf38b076540659","name":"Sorbet-Kiwi","image":{"@type":"ImageObject","inLanguage":"fr-FR","@id":"https:\/\/secure.gravatar.com\/avatar\/86f0a5c27d76317621b9e374d0f3a01d3a85278f10d0c7207ced4fd773057442?s=96&d=mm&r=g","url":"https:\/\/secure.gravatar.com\/avatar\/86f0a5c27d76317621b9e374d0f3a01d3a85278f10d0c7207ced4fd773057442?s=96&d=mm&r=g","contentUrl":"https:\/\/secure.gravatar.com\/avatar\/86f0a5c27d76317621b9e374d0f3a01d3a85278f10d0c7207ced4fd773057442?s=96&d=mm&r=g","caption":"Sorbet-Kiwi"},"sameAs":["http:\/\/sorbetkiwi.fr"],"url":"https:\/\/sorbetkiwi.fr\/index.php\/author\/admin7717\/"}]}},"_links":{"self":[{"href":"https:\/\/sorbetkiwi.fr\/index.php\/wp-json\/wp\/v2\/posts\/2348","targetHints":{"allow":["GET"]}}],"collection":[{"href":"https:\/\/sorbetkiwi.fr\/index.php\/wp-json\/wp\/v2\/posts"}],"about":[{"href":"https:\/\/sorbetkiwi.fr\/index.php\/wp-json\/wp\/v2\/types\/post"}],"author":[{"embeddable":true,"href":"https:\/\/sorbetkiwi.fr\/index.php\/wp-json\/wp\/v2\/users\/1"}],"replies":[{"embeddable":true,"href":"https:\/\/sorbetkiwi.fr\/index.php\/wp-json\/wp\/v2\/comments?post=2348"}],"version-history":[{"count":6,"href":"https:\/\/sorbetkiwi.fr\/index.php\/wp-json\/wp\/v2\/posts\/2348\/revisions"}],"predecessor-version":[{"id":2355,"href":"https:\/\/sorbetkiwi.fr\/index.php\/wp-json\/wp\/v2\/posts\/2348\/revisions\/2355"}],"wp:featuredmedia":[{"embeddable":true,"href":"https:\/\/sorbetkiwi.fr\/index.php\/wp-json\/wp\/v2\/media\/2349"}],"wp:attachment":[{"href":"https:\/\/sorbetkiwi.fr\/index.php\/wp-json\/wp\/v2\/media?parent=2348"}],"wp:term":[{"taxonomy":"category","embeddable":true,"href":"https:\/\/sorbetkiwi.fr\/index.php\/wp-json\/wp\/v2\/categories?post=2348"},{"taxonomy":"post_tag","embeddable":true,"href":"https:\/\/sorbetkiwi.fr\/index.php\/wp-json\/wp\/v2\/tags?post=2348"}],"curies":[{"name":"wp","href":"https:\/\/api.w.org\/{rel}","templated":true}]}}