{"id":2325,"date":"2023-04-17T11:30:12","date_gmt":"2023-04-17T09:30:12","guid":{"rendered":"https:\/\/sorbetkiwi.fr\/?p=2325"},"modified":"2023-04-17T11:30:13","modified_gmt":"2023-04-17T09:30:13","slug":"la-foire-du-livre-de-bruxelles-2023","status":"publish","type":"post","link":"https:\/\/sorbetkiwi.fr\/index.php\/la-foire-du-livre-de-bruxelles-2023\/","title":{"rendered":"La Foire du Livre de Bruxelles 2023"},"content":{"rendered":"\t\t<div data-elementor-type=\"wp-post\" data-elementor-id=\"2325\" class=\"elementor elementor-2325\">\n\t\t\t\t\t\t<section class=\"elementor-section elementor-top-section elementor-element elementor-element-738ab5b4 elementor-section-boxed elementor-section-height-default elementor-section-height-default\" data-id=\"738ab5b4\" data-element_type=\"section\" data-e-type=\"section\">\n\t\t\t\t\t\t<div class=\"elementor-container elementor-column-gap-default\">\n\t\t\t\t\t<div class=\"elementor-column elementor-col-100 elementor-top-column elementor-element elementor-element-3f9518ae\" data-id=\"3f9518ae\" data-element_type=\"column\" data-e-type=\"column\">\n\t\t\t<div class=\"elementor-widget-wrap elementor-element-populated\">\n\t\t\t\t\t\t<div class=\"elementor-element elementor-element-4dd28f16 elementor-widget elementor-widget-heading\" data-id=\"4dd28f16\" data-element_type=\"widget\" data-e-type=\"widget\" data-widget_type=\"heading.default\">\n\t\t\t\t<div class=\"elementor-widget-container\">\n\t\t\t\t\t<h1 class=\"elementor-heading-title elementor-size-medium\">La Foire du Livre de Bruxelles 2023<\/h1>\t\t\t\t<\/div>\n\t\t\t\t<\/div>\n\t\t\t\t<div class=\"elementor-element elementor-element-8d6aa36 elementor-view-default elementor-widget elementor-widget-icon\" data-id=\"8d6aa36\" data-element_type=\"widget\" data-e-type=\"widget\" data-widget_type=\"icon.default\">\n\t\t\t\t<div class=\"elementor-widget-container\">\n\t\t\t\t\t\t\t<div class=\"elementor-icon-wrapper\">\n\t\t\t<div class=\"elementor-icon\">\n\t\t\t<i aria-hidden=\"true\" class=\"fab fa-pagelines\"><\/i>\t\t\t<\/div>\n\t\t<\/div>\n\t\t\t\t\t\t<\/div>\n\t\t\t\t<\/div>\n\t\t\t\t<div class=\"elementor-element elementor-element-447e5cb1 elementor-widget-divider--view-line elementor-widget elementor-widget-divider\" data-id=\"447e5cb1\" data-element_type=\"widget\" data-e-type=\"widget\" data-widget_type=\"divider.default\">\n\t\t\t\t<div class=\"elementor-widget-container\">\n\t\t\t\t\t\t\t<div class=\"elementor-divider\">\n\t\t\t<span class=\"elementor-divider-separator\">\n\t\t\t\t\t\t<\/span>\n\t\t<\/div>\n\t\t\t\t\t\t<\/div>\n\t\t\t\t<\/div>\n\t\t\t\t<div class=\"elementor-element elementor-element-3045dd85 elementor-widget elementor-widget-heading\" data-id=\"3045dd85\" data-element_type=\"widget\" data-e-type=\"widget\" data-widget_type=\"heading.default\">\n\t\t\t\t<div class=\"elementor-widget-container\">\n\t\t\t\t\t<h2 class=\"elementor-heading-title elementor-size-medium\">Arriv\u00e9e \u00e0 Bruxelles<\/h2>\t\t\t\t<\/div>\n\t\t\t\t<\/div>\n\t\t\t\t<div class=\"elementor-element elementor-element-126e7c9a elementor-widget elementor-widget-text-editor\" data-id=\"126e7c9a\" data-element_type=\"widget\" data-e-type=\"widget\" data-widget_type=\"text-editor.default\">\n\t\t\t\t<div class=\"elementor-widget-container\">\n\t\t\t\t\t\t\t\t\t<p>Nous sommes arriv\u00e9s \u00e0 Bruxelles le vendredi soir, apr\u00e8s 5h de route depuis Strasbourg. Peut-\u00eatre ne le saviez-vous pas, mais mon mari et moi y avons v\u00e9cu 1 an, en plein Covid. Il me restait deux objectifs belges avant de pouvoir tirer un trait positif sur cette exp\u00e9rience. Le premier objectif a \u00e9t\u00e9 atteint d\u00e9s le vendredi soir, puisque nous avons mang\u00e9 chez <a href=\"https:\/\/www.instagram.com\/lombric_bxl\/?hl=fr\">Lombric<\/a>. Le monde est petit : mon meilleur ami du lyc\u00e9e a ouvert un restaurant-bar juste \u00e0 c\u00f4t\u00e9 de chez moi&#8230; 3 mois apr\u00e8s mon retour en Alsace. C&rsquo;est ce qui s&rsquo;appelle se rater de peu. Alors, apr\u00e8s avoir acheter du chocolat chez Neuhaus (la base), direction Altitude 100 o\u00f9 nous avons super bien mang\u00e9 et bu pour un prix plus que raisonnable. 80\u20ac \u00e0 2 pour des cocktails, des tapas, 2 desserts et les boisons qui vont avec, on ne peut rien dire !<\/p>\t\t\t\t\t\t\t\t<\/div>\n\t\t\t\t<\/div>\n\t\t\t\t<div class=\"elementor-element elementor-element-e484c19 elementor-widget elementor-widget-image\" data-id=\"e484c19\" data-element_type=\"widget\" data-e-type=\"widget\" data-widget_type=\"image.default\">\n\t\t\t\t<div class=\"elementor-widget-container\">\n\t\t\t\t\t\t\t\t\t\t\t\t<figure class=\"wp-caption\">\n\t\t\t\t\t\t\t\t\t\t<img fetchpriority=\"high\" decoding=\"async\" width=\"330\" height=\"350\" src=\"https:\/\/sorbetkiwi.fr\/wp-content\/uploads\/2023\/04\/Lombric-330x350.jpg\" class=\"attachment-post-category-slider-size size-post-category-slider-size wp-image-2329\" alt=\"Lombric\" \/>\t\t\t\t\t\t\t\t\t\t\t<figcaption class=\"widget-image-caption wp-caption-text\">Quelque part sur cette affiche... se trouve mon nom !<\/figcaption>\n\t\t\t\t\t\t\t\t\t\t<\/figure>\n\t\t\t\t\t\t\t\t\t<\/div>\n\t\t\t\t<\/div>\n\t\t\t\t<div class=\"elementor-element elementor-element-5dfd3e3c elementor-widget-divider--view-line elementor-widget elementor-widget-divider\" data-id=\"5dfd3e3c\" data-element_type=\"widget\" data-e-type=\"widget\" data-widget_type=\"divider.default\">\n\t\t\t\t<div class=\"elementor-widget-container\">\n\t\t\t\t\t\t\t<div class=\"elementor-divider\">\n\t\t\t<span class=\"elementor-divider-separator\">\n\t\t\t\t\t\t<\/span>\n\t\t<\/div>\n\t\t\t\t\t\t<\/div>\n\t\t\t\t<\/div>\n\t\t\t\t<div class=\"elementor-element elementor-element-6f00f21a elementor-widget elementor-widget-heading\" data-id=\"6f00f21a\" data-element_type=\"widget\" data-e-type=\"widget\" data-widget_type=\"heading.default\">\n\t\t\t\t<div class=\"elementor-widget-container\">\n\t\t\t\t\t<h2 class=\"elementor-heading-title elementor-size-medium\">Un samedi en mode course \u00e0 pieds<\/h2>\t\t\t\t<\/div>\n\t\t\t\t<\/div>\n\t\t\t\t<div class=\"elementor-element elementor-element-26a98163 elementor-widget elementor-widget-text-editor\" data-id=\"26a98163\" data-element_type=\"widget\" data-e-type=\"widget\" data-widget_type=\"text-editor.default\">\n\t\t\t\t<div class=\"elementor-widget-container\">\n\t\t\t\t\t\t\t\t\t<p>Une fois le premier objectif atteint, place au deuxi\u00e8me : La foire du livre ! Elle se situe \u00e0 Tour et Taxi, qui est assez simple d&rsquo;acc\u00e8s. En m\u00eame temps, nous sommes \u00e0 la capitale. Je tiens \u00e0 souligner un point tr\u00e8s positif : le salon du livre est gratuit. Il n&rsquo;y a pas de tickets, pas de prix d&rsquo;entr\u00e9e, libre \u00e0 vous d&rsquo;entrer et de sortir comme vous le souhaitez. Cela dit, je l&rsquo;ai ressenti \u00e0 l&rsquo;organisation. D\u00e9j\u00e0, j&rsquo;ai trouv\u00e9 tr\u00e8s \u00e9trange le nombre d&rsquo;heures sur place de certaines autrices. Ainsi, Adeline Dieudonn\u00e9 \u00e9tait l\u00e0 2h seulement, dans un espace exigu. Vous imaginez la file, que je n&rsquo;ai m\u00eame pas eu le courage de faire. D&rsquo;autant plus qu&rsquo;elle \u00e9tait l\u00e0 en m\u00eame temps qu&rsquo;Alia Cardyn, qui \u00e9tait ma priorit\u00e9 et qui avait \u00e9galement un cr\u00e9neau de 2h avec une file longue. Cet aspect du salon ne m&rsquo;a vraiment pas plu. Je devais courir d&rsquo;un stand \u00e0 l&rsquo;autre, et faire des sacrifices. Forc\u00e9ment, j&rsquo;ai \u00e9t\u00e9 d\u00e9\u00e7ue.<\/p>\t\t\t\t\t\t\t\t<\/div>\n\t\t\t\t<\/div>\n\t\t\t\t<div class=\"elementor-element elementor-element-a1e3f01 elementor-widget elementor-widget-image\" data-id=\"a1e3f01\" data-element_type=\"widget\" data-e-type=\"widget\" data-widget_type=\"image.default\">\n\t\t\t\t<div class=\"elementor-widget-container\">\n\t\t\t\t\t\t\t\t\t\t\t\t\t\t\t<img decoding=\"async\" width=\"330\" height=\"350\" src=\"https:\/\/sorbetkiwi.fr\/wp-content\/uploads\/2023\/04\/Tour-et-taxis-330x350.jpg\" class=\"attachment-post-category-slider-size size-post-category-slider-size wp-image-2330\" alt=\"\" \/>\t\t\t\t\t\t\t\t\t\t\t\t\t\t\t<\/div>\n\t\t\t\t<\/div>\n\t\t\t\t<div class=\"elementor-element elementor-element-37f7aa0a elementor-widget-divider--view-line elementor-widget elementor-widget-divider\" data-id=\"37f7aa0a\" data-element_type=\"widget\" data-e-type=\"widget\" data-widget_type=\"divider.default\">\n\t\t\t\t<div class=\"elementor-widget-container\">\n\t\t\t\t\t\t\t<div class=\"elementor-divider\">\n\t\t\t<span class=\"elementor-divider-separator\">\n\t\t\t\t\t\t<\/span>\n\t\t<\/div>\n\t\t\t\t\t\t<\/div>\n\t\t\t\t<\/div>\n\t\t\t\t<div class=\"elementor-element elementor-element-74f05d02 elementor-widget elementor-widget-heading\" data-id=\"74f05d02\" data-element_type=\"widget\" data-e-type=\"widget\" data-widget_type=\"heading.default\">\n\t\t\t\t<div class=\"elementor-widget-container\">\n\t\t\t\t\t<h2 class=\"elementor-heading-title elementor-size-medium\">De chouettes autrices<\/h2>\t\t\t\t<\/div>\n\t\t\t\t<\/div>\n\t\t\t\t<div class=\"elementor-element elementor-element-1cd183ec elementor-widget elementor-widget-text-editor\" data-id=\"1cd183ec\" data-element_type=\"widget\" data-e-type=\"widget\" data-widget_type=\"text-editor.default\">\n\t\t\t\t<div class=\"elementor-widget-container\">\n\t\t\t\t\t\t\t\t\t<p>Cela dit, avec des cr\u00e9neaux limit\u00e9s, cela augmente le nombre d&rsquo;auteurs et d&rsquo;autrices pr\u00e9sent.e.s. J&rsquo;ai donc pu voir Lucie Castel, \u00e0 qui j&rsquo;ai fait d\u00e9dicacer Comment bien rater son mariage \u00e0 No\u00ebl. Puis j&rsquo;ai craquer pour D\u00e9faire le discours sexiste dans les m\u00e9dias de Rose Lamy. En r\u00e9alit\u00e9, j&rsquo;attendais Isabelle Sorente, qui est arriv\u00e9e ensuite. J&rsquo;avais eu un coup de coeur pour Le complexe de la sorci\u00e8re et pour La femme et l&rsquo;oiseau. Enfin, l&rsquo;apr\u00e8s-midi, j&rsquo;ai vu Alia Cardyn \u00e0 qui j&rsquo;ai fait d\u00e9dicacer L&rsquo;envol, Le choix d&rsquo;une vie et Une vie \u00e0 t&rsquo;attendre que j&rsquo;avais apport\u00e9. Et j&rsquo;ai achet\u00e9 Archie ainsi que Le monde que l&rsquo;on porte.\u00a0<\/p>\t\t\t\t\t\t\t\t<\/div>\n\t\t\t\t<\/div>\n\t\t\t\t<div class=\"elementor-element elementor-element-b720bfa elementor-widget elementor-widget-image\" data-id=\"b720bfa\" data-element_type=\"widget\" data-e-type=\"widget\" data-widget_type=\"image.default\">\n\t\t\t\t<div class=\"elementor-widget-container\">\n\t\t\t\t\t\t\t\t\t\t\t\t<figure class=\"wp-caption\">\n\t\t\t\t\t\t\t\t\t\t<img decoding=\"async\" width=\"330\" height=\"350\" src=\"https:\/\/sorbetkiwi.fr\/wp-content\/uploads\/2023\/04\/Alia-Cardyn-330x350.jpg\" class=\"attachment-post-category-slider-size size-post-category-slider-size wp-image-2331\" alt=\"Alia Cardyn\" \/>\t\t\t\t\t\t\t\t\t\t\t<figcaption class=\"widget-image-caption wp-caption-text\">Alia Cardyn<\/figcaption>\n\t\t\t\t\t\t\t\t\t\t<\/figure>\n\t\t\t\t\t\t\t\t\t<\/div>\n\t\t\t\t<\/div>\n\t\t\t\t<div class=\"elementor-element elementor-element-4724fc09 elementor-widget-divider--view-line elementor-widget elementor-widget-divider\" data-id=\"4724fc09\" data-element_type=\"widget\" data-e-type=\"widget\" data-widget_type=\"divider.default\">\n\t\t\t\t<div class=\"elementor-widget-container\">\n\t\t\t\t\t\t\t<div class=\"elementor-divider\">\n\t\t\t<span class=\"elementor-divider-separator\">\n\t\t\t\t\t\t<\/span>\n\t\t<\/div>\n\t\t\t\t\t\t<\/div>\n\t\t\t\t<\/div>\n\t\t\t\t<div class=\"elementor-element elementor-element-41311bdb elementor-widget elementor-widget-heading\" data-id=\"41311bdb\" data-element_type=\"widget\" data-e-type=\"widget\" data-widget_type=\"heading.default\">\n\t\t\t\t<div class=\"elementor-widget-container\">\n\t\t\t\t\t<h2 class=\"elementor-heading-title elementor-size-medium\">Deux conf\u00e9rences au tableau<\/h2>\t\t\t\t<\/div>\n\t\t\t\t<\/div>\n\t\t\t\t<div class=\"elementor-element elementor-element-ffed00a elementor-widget elementor-widget-text-editor\" data-id=\"ffed00a\" data-element_type=\"widget\" data-e-type=\"widget\" data-widget_type=\"text-editor.default\">\n\t\t\t\t<div class=\"elementor-widget-container\">\n\t\t\t\t\t\t\t\t\t<p>J&rsquo;avas not\u00e9 3 conf\u00e9rences auxquelles je souhaitais assister, mais avec le monde sur place, impossible d&rsquo;\u00eatre \u00e0 l&rsquo;heure. Finalement, je n&rsquo;en ai faite qu&rsquo;une des 3 pr\u00e9vues. Vers 13h, les jambes en compote, en attendant de pouvoir faire une nouvelle file, nous nous sommes assis dans la conf\u00e9rence \u00ab\u00a0Putain et autres noms glamour\u00a0\u00bb. Cela dit, l&rsquo;animatrice a beaucoup parl\u00e9 du proc\u00e9d\u00e9 de travail de l&rsquo;autrice. Autant j&rsquo;ai trouv\u00e9 int\u00e9ressant les explications de Nine Antico au sujet de sa BD, autant je n&rsquo;ai pas trouv\u00e9 les questions int\u00e9ressantes au niveau du sujet. Par contre, en fin d&rsquo;apr\u00e8s-midi, j&rsquo;ai vraiment ador\u00e9 la conf\u00e9rence \u00ab\u00a0Adapter un roman en BD, oui : mais comment ?\u00a0\u00bb. Tr\u00e8s riche, et pr\u00e9cise en terme de questions, j&rsquo;ai \u00e9t\u00e9 captiv\u00e9e par la conversations entre ces 4 hommes.\u00a0<\/p>\t\t\t\t\t\t\t\t<\/div>\n\t\t\t\t<\/div>\n\t\t\t\t<div class=\"elementor-element elementor-element-95858a8 elementor-widget elementor-widget-image\" data-id=\"95858a8\" data-element_type=\"widget\" data-e-type=\"widget\" data-widget_type=\"image.default\">\n\t\t\t\t<div class=\"elementor-widget-container\">\n\t\t\t\t\t\t\t\t\t\t\t\t<figure class=\"wp-caption\">\n\t\t\t\t\t\t\t\t\t\t<img loading=\"lazy\" decoding=\"async\" width=\"330\" height=\"350\" src=\"https:\/\/sorbetkiwi.fr\/wp-content\/uploads\/2023\/04\/Adapter-le-roman-en-BD-oui-mais-comment-330x350.jpg\" class=\"attachment-post-category-slider-size size-post-category-slider-size wp-image-2332\" alt=\"Adapter le roman en BD oui mais comment\" \/>\t\t\t\t\t\t\t\t\t\t\t<figcaption class=\"widget-image-caption wp-caption-text\">Philippe Charlot, Pierre Alary, Alain Grand et Olivier van Vaerenbergh<\/figcaption>\n\t\t\t\t\t\t\t\t\t\t<\/figure>\n\t\t\t\t\t\t\t\t\t<\/div>\n\t\t\t\t<\/div>\n\t\t\t\t<div class=\"elementor-element elementor-element-5c526ab elementor-widget-divider--view-line elementor-widget elementor-widget-divider\" data-id=\"5c526ab\" data-element_type=\"widget\" data-e-type=\"widget\" data-widget_type=\"divider.default\">\n\t\t\t\t<div class=\"elementor-widget-container\">\n\t\t\t\t\t\t\t<div class=\"elementor-divider\">\n\t\t\t<span class=\"elementor-divider-separator\">\n\t\t\t\t\t\t<\/span>\n\t\t<\/div>\n\t\t\t\t\t\t<\/div>\n\t\t\t\t<\/div>\n\t\t\t\t<div class=\"elementor-element elementor-element-328a20b elementor-widget elementor-widget-heading\" data-id=\"328a20b\" data-element_type=\"widget\" data-e-type=\"widget\" data-widget_type=\"heading.default\">\n\t\t\t\t<div class=\"elementor-widget-container\">\n\t\t\t\t\t<h2 class=\"elementor-heading-title elementor-size-medium\">Le clou du week-end<\/h2>\t\t\t\t<\/div>\n\t\t\t\t<\/div>\n\t\t\t\t<div class=\"elementor-element elementor-element-fc52a6b elementor-widget elementor-widget-text-editor\" data-id=\"fc52a6b\" data-element_type=\"widget\" data-e-type=\"widget\" data-widget_type=\"text-editor.default\">\n\t\t\t\t<div class=\"elementor-widget-container\">\n\t\t\t\t\t\t\t\t\t<p>Le dimanche, j&rsquo;y suis retourn\u00e9e afin de voir Clarisse Sabard. En effet, mon autrice fran\u00e7aise pr\u00e9sente, il fallait que j&rsquo;aille lui faire un petit coucou ! J&rsquo;en ai profit\u00e9 pour acheter en avant-premi\u00e8re <a href=\"https:\/\/sorbetkiwi.fr\/index.php\/un-air-d-eternite-de-clarisse-sabard\/\">Un air d&rsquo;\u00e9ternit\u00e9<\/a>, dont je vous ai d\u00e9j\u00e0 parl\u00e9 depuis. Eh oui, la foire du livre de Bruxelles, c&rsquo;\u00e9tait d\u00e9j\u00e0 il y a 15 jours ! Mais je suis heureuse de vous en avoir parl\u00e9 ici, avec ses qualit\u00e9s et ses d\u00e9fauts. Ne me reste qu&rsquo;\u00e0 lire tous les livres achet\u00e9s. Le prochain \u00e9v\u00e8nement auquel j&rsquo;assisterai sera le <a href=\"https:\/\/festivalnewromance.com\/\">Festival New Romance<\/a> \u00e0 Strasbourg, s&rsquo;il n&rsquo;y a pas de rendez-vous spontan\u00e9 entre. Et je me r\u00e9jouis d\u00e9j\u00e0 !<\/p>\t\t\t\t\t\t\t\t<\/div>\n\t\t\t\t<\/div>\n\t\t\t\t<div class=\"elementor-element elementor-element-44dbe86 elementor-widget elementor-widget-image\" data-id=\"44dbe86\" data-element_type=\"widget\" data-e-type=\"widget\" data-widget_type=\"image.default\">\n\t\t\t\t<div class=\"elementor-widget-container\">\n\t\t\t\t\t\t\t\t\t\t\t\t<figure class=\"wp-caption\">\n\t\t\t\t\t\t\t\t\t\t<img loading=\"lazy\" decoding=\"async\" width=\"330\" height=\"350\" src=\"https:\/\/sorbetkiwi.fr\/wp-content\/uploads\/2023\/04\/Clarisse-Sabard-1-330x350.jpg\" class=\"attachment-post-category-slider-size size-post-category-slider-size wp-image-2334\" alt=\"Clarisse Sabard\" \/>\t\t\t\t\t\t\t\t\t\t\t<figcaption class=\"widget-image-caption wp-caption-text\">Clarisse Sabard<\/figcaption>\n\t\t\t\t\t\t\t\t\t\t<\/figure>\n\t\t\t\t\t\t\t\t\t<\/div>\n\t\t\t\t<\/div>\n\t\t\t\t\t<\/div>\n\t\t<\/div>\n\t\t\t\t\t<\/div>\n\t\t<\/section>\n\t\t\t\t<\/div>\n\t\t","protected":false},"excerpt":{"rendered":"<p>La Foire du Livre de Bruxelles 2023 Arriv\u00e9e \u00e0 Bruxelles Nous sommes arriv\u00e9s \u00e0 Bruxelles le vendredi soir, apr\u00e8s 5h de route depuis Strasbourg. Peut-\u00eatre ne le saviez-vous pas, mais mon mari et moi y &hellip; <\/p>\n","protected":false},"author":1,"featured_media":2326,"comment_status":"open","ping_status":"open","sticky":false,"template":"","format":"standard","meta":{"footnotes":""},"categories":[10,13,1],"tags":[613,612,611,500,614],"class_list":["post-2325","post","type-post","status-publish","format-standard","has-post-thumbnail","hentry","category-evenements","category-le-printemps","category-tout-le-blog","tag-bruxelles","tag-fdl-bxl","tag-la-foire-du-livre-de-bruxelles-2023","tag-printemps","tag-salon-du-livre","has-single-img"],"yoast_head":"<!-- This site is optimized with the Yoast SEO plugin v27.4 - https:\/\/yoast.com\/product\/yoast-seo-wordpress\/ -->\n<title>La Foire du Livre de Bruxelles 2023 - Sorbet Kiwi<\/title>\n<meta name=\"description\" content=\"Aujourd&#039;hui on parle de La Foire du Livre de Bruxelles 2023, des autrices que j&#039;ai vu, des conf\u00e9rences auxquelles j&#039;ai assist\u00e9 etc.\" \/>\n<meta name=\"robots\" content=\"index, follow, max-snippet:-1, max-image-preview:large, max-video-preview:-1\" \/>\n<link rel=\"canonical\" href=\"https:\/\/sorbetkiwi.fr\/index.php\/la-foire-du-livre-de-bruxelles-2023\/\" \/>\n<meta property=\"og:locale\" content=\"fr_FR\" \/>\n<meta property=\"og:type\" content=\"article\" \/>\n<meta property=\"og:title\" content=\"La Foire du Livre de Bruxelles 2023 - Sorbet Kiwi\" \/>\n<meta property=\"og:description\" content=\"Aujourd&#039;hui on parle de La Foire du Livre de Bruxelles 2023, des autrices que j&#039;ai vu, des conf\u00e9rences auxquelles j&#039;ai assist\u00e9 etc.\" \/>\n<meta property=\"og:url\" content=\"https:\/\/sorbetkiwi.fr\/index.php\/la-foire-du-livre-de-bruxelles-2023\/\" \/>\n<meta property=\"og:site_name\" content=\"Sorbet Kiwi\" \/>\n<meta property=\"article:publisher\" content=\"https:\/\/www.facebook.com\/profile.php?id=100086238893269\" \/>\n<meta property=\"article:published_time\" content=\"2023-04-17T09:30:12+00:00\" \/>\n<meta property=\"article:modified_time\" content=\"2023-04-17T09:30:13+00:00\" \/>\n<meta property=\"og:image\" content=\"https:\/\/sorbetkiwi.fr\/wp-content\/uploads\/2023\/04\/La-Foire-du-Livre-de-Bruxelles-2023-scaled.jpg\" \/>\n\t<meta property=\"og:image:width\" content=\"1920\" \/>\n\t<meta property=\"og:image:height\" content=\"2560\" \/>\n\t<meta property=\"og:image:type\" content=\"image\/jpeg\" \/>\n<meta name=\"author\" content=\"Sorbet-Kiwi\" \/>\n<meta name=\"twitter:card\" content=\"summary_large_image\" \/>\n<meta name=\"twitter:creator\" content=\"@pepparshoes\" \/>\n<meta name=\"twitter:site\" content=\"@pepparshoes\" \/>\n<meta name=\"twitter:label1\" content=\"\u00c9crit par\" \/>\n\t<meta name=\"twitter:data1\" content=\"Sorbet-Kiwi\" \/>\n\t<meta name=\"twitter:label2\" content=\"Dur\u00e9e de lecture estim\u00e9e\" \/>\n\t<meta name=\"twitter:data2\" content=\"5 minutes\" \/>\n<script type=\"application\/ld+json\" class=\"yoast-schema-graph\">{\"@context\":\"https:\\\/\\\/schema.org\",\"@graph\":[{\"@type\":\"Article\",\"@id\":\"https:\\\/\\\/sorbetkiwi.fr\\\/index.php\\\/la-foire-du-livre-de-bruxelles-2023\\\/#article\",\"isPartOf\":{\"@id\":\"https:\\\/\\\/sorbetkiwi.fr\\\/index.php\\\/la-foire-du-livre-de-bruxelles-2023\\\/\"},\"author\":{\"name\":\"Sorbet-Kiwi\",\"@id\":\"https:\\\/\\\/sorbetkiwi.fr\\\/#\\\/schema\\\/person\\\/ed1b7b527a2957ddc3bf38b076540659\"},\"headline\":\"La Foire du Livre de Bruxelles 2023\",\"datePublished\":\"2023-04-17T09:30:12+00:00\",\"dateModified\":\"2023-04-17T09:30:13+00:00\",\"mainEntityOfPage\":{\"@id\":\"https:\\\/\\\/sorbetkiwi.fr\\\/index.php\\\/la-foire-du-livre-de-bruxelles-2023\\\/\"},\"wordCount\":798,\"commentCount\":2,\"publisher\":{\"@id\":\"https:\\\/\\\/sorbetkiwi.fr\\\/#organization\"},\"image\":{\"@id\":\"https:\\\/\\\/sorbetkiwi.fr\\\/index.php\\\/la-foire-du-livre-de-bruxelles-2023\\\/#primaryimage\"},\"thumbnailUrl\":\"https:\\\/\\\/sorbetkiwi.fr\\\/wp-content\\\/uploads\\\/2023\\\/04\\\/La-Foire-du-Livre-de-Bruxelles-2023-scaled.jpg\",\"keywords\":[\"Bruxelles\",\"FDL BXL\",\"La Foire du Livre de Bruxelles 2023\",\"Printemps\",\"Salon du livre\"],\"articleSection\":[\"Ev\u00e9nements\",\"Le printemps\",\"Tout le blog\"],\"inLanguage\":\"fr-FR\",\"potentialAction\":[{\"@type\":\"CommentAction\",\"name\":\"Comment\",\"target\":[\"https:\\\/\\\/sorbetkiwi.fr\\\/index.php\\\/la-foire-du-livre-de-bruxelles-2023\\\/#respond\"]}]},{\"@type\":\"WebPage\",\"@id\":\"https:\\\/\\\/sorbetkiwi.fr\\\/index.php\\\/la-foire-du-livre-de-bruxelles-2023\\\/\",\"url\":\"https:\\\/\\\/sorbetkiwi.fr\\\/index.php\\\/la-foire-du-livre-de-bruxelles-2023\\\/\",\"name\":\"La Foire du Livre de Bruxelles 2023 - Sorbet Kiwi\",\"isPartOf\":{\"@id\":\"https:\\\/\\\/sorbetkiwi.fr\\\/#website\"},\"primaryImageOfPage\":{\"@id\":\"https:\\\/\\\/sorbetkiwi.fr\\\/index.php\\\/la-foire-du-livre-de-bruxelles-2023\\\/#primaryimage\"},\"image\":{\"@id\":\"https:\\\/\\\/sorbetkiwi.fr\\\/index.php\\\/la-foire-du-livre-de-bruxelles-2023\\\/#primaryimage\"},\"thumbnailUrl\":\"https:\\\/\\\/sorbetkiwi.fr\\\/wp-content\\\/uploads\\\/2023\\\/04\\\/La-Foire-du-Livre-de-Bruxelles-2023-scaled.jpg\",\"datePublished\":\"2023-04-17T09:30:12+00:00\",\"dateModified\":\"2023-04-17T09:30:13+00:00\",\"description\":\"Aujourd'hui on parle de La Foire du Livre de Bruxelles 2023, des autrices que j'ai vu, des conf\u00e9rences auxquelles j'ai assist\u00e9 etc.\",\"breadcrumb\":{\"@id\":\"https:\\\/\\\/sorbetkiwi.fr\\\/index.php\\\/la-foire-du-livre-de-bruxelles-2023\\\/#breadcrumb\"},\"inLanguage\":\"fr-FR\",\"potentialAction\":[{\"@type\":\"ReadAction\",\"target\":[\"https:\\\/\\\/sorbetkiwi.fr\\\/index.php\\\/la-foire-du-livre-de-bruxelles-2023\\\/\"]}]},{\"@type\":\"ImageObject\",\"inLanguage\":\"fr-FR\",\"@id\":\"https:\\\/\\\/sorbetkiwi.fr\\\/index.php\\\/la-foire-du-livre-de-bruxelles-2023\\\/#primaryimage\",\"url\":\"https:\\\/\\\/sorbetkiwi.fr\\\/wp-content\\\/uploads\\\/2023\\\/04\\\/La-Foire-du-Livre-de-Bruxelles-2023-scaled.jpg\",\"contentUrl\":\"https:\\\/\\\/sorbetkiwi.fr\\\/wp-content\\\/uploads\\\/2023\\\/04\\\/La-Foire-du-Livre-de-Bruxelles-2023-scaled.jpg\",\"width\":1920,\"height\":2560,\"caption\":\"La Foire du Livre de Bruxelles 2023\"},{\"@type\":\"BreadcrumbList\",\"@id\":\"https:\\\/\\\/sorbetkiwi.fr\\\/index.php\\\/la-foire-du-livre-de-bruxelles-2023\\\/#breadcrumb\",\"itemListElement\":[{\"@type\":\"ListItem\",\"position\":1,\"name\":\"Accueil\",\"item\":\"https:\\\/\\\/sorbetkiwi.fr\\\/\"},{\"@type\":\"ListItem\",\"position\":2,\"name\":\"La Foire du Livre de Bruxelles 2023\"}]},{\"@type\":\"WebSite\",\"@id\":\"https:\\\/\\\/sorbetkiwi.fr\\\/#website\",\"url\":\"https:\\\/\\\/sorbetkiwi.fr\\\/\",\"name\":\"Sorbet Kiwi\",\"description\":\"Des lectures th\u00e9matiques par saison et les avis qui vont avec\",\"publisher\":{\"@id\":\"https:\\\/\\\/sorbetkiwi.fr\\\/#organization\"},\"potentialAction\":[{\"@type\":\"SearchAction\",\"target\":{\"@type\":\"EntryPoint\",\"urlTemplate\":\"https:\\\/\\\/sorbetkiwi.fr\\\/?s={search_term_string}\"},\"query-input\":{\"@type\":\"PropertyValueSpecification\",\"valueRequired\":true,\"valueName\":\"search_term_string\"}}],\"inLanguage\":\"fr-FR\"},{\"@type\":\"Organization\",\"@id\":\"https:\\\/\\\/sorbetkiwi.fr\\\/#organization\",\"name\":\"Sorbet Kiwi\",\"url\":\"https:\\\/\\\/sorbetkiwi.fr\\\/\",\"logo\":{\"@type\":\"ImageObject\",\"inLanguage\":\"fr-FR\",\"@id\":\"https:\\\/\\\/sorbetkiwi.fr\\\/#\\\/schema\\\/logo\\\/image\\\/\",\"url\":\"https:\\\/\\\/sorbetkiwi.fr\\\/wp-content\\\/uploads\\\/2022\\\/10\\\/Banniere-Sorbet-Kiwi-2022.jpg\",\"contentUrl\":\"https:\\\/\\\/sorbetkiwi.fr\\\/wp-content\\\/uploads\\\/2022\\\/10\\\/Banniere-Sorbet-Kiwi-2022.jpg\",\"width\":814,\"height\":401,\"caption\":\"Sorbet Kiwi\"},\"image\":{\"@id\":\"https:\\\/\\\/sorbetkiwi.fr\\\/#\\\/schema\\\/logo\\\/image\\\/\"},\"sameAs\":[\"https:\\\/\\\/www.facebook.com\\\/profile.php?id=100086238893269\",\"https:\\\/\\\/x.com\\\/pepparshoes\",\"https:\\\/\\\/www.instagram.com\\\/sorbetkiwi\\\/\",\"https:\\\/\\\/www.tiktok.com\\\/sorbetkiwi\"]},{\"@type\":\"Person\",\"@id\":\"https:\\\/\\\/sorbetkiwi.fr\\\/#\\\/schema\\\/person\\\/ed1b7b527a2957ddc3bf38b076540659\",\"name\":\"Sorbet-Kiwi\",\"image\":{\"@type\":\"ImageObject\",\"inLanguage\":\"fr-FR\",\"@id\":\"https:\\\/\\\/secure.gravatar.com\\\/avatar\\\/86f0a5c27d76317621b9e374d0f3a01d3a85278f10d0c7207ced4fd773057442?s=96&d=mm&r=g\",\"url\":\"https:\\\/\\\/secure.gravatar.com\\\/avatar\\\/86f0a5c27d76317621b9e374d0f3a01d3a85278f10d0c7207ced4fd773057442?s=96&d=mm&r=g\",\"contentUrl\":\"https:\\\/\\\/secure.gravatar.com\\\/avatar\\\/86f0a5c27d76317621b9e374d0f3a01d3a85278f10d0c7207ced4fd773057442?s=96&d=mm&r=g\",\"caption\":\"Sorbet-Kiwi\"},\"sameAs\":[\"http:\\\/\\\/sorbetkiwi.fr\"],\"url\":\"https:\\\/\\\/sorbetkiwi.fr\\\/index.php\\\/author\\\/admin7717\\\/\"}]}<\/script>\n<!-- \/ Yoast SEO plugin. -->","yoast_head_json":{"title":"La Foire du Livre de Bruxelles 2023 - Sorbet Kiwi","description":"Aujourd'hui on parle de La Foire du Livre de Bruxelles 2023, des autrices que j'ai vu, des conf\u00e9rences auxquelles j'ai assist\u00e9 etc.","robots":{"index":"index","follow":"follow","max-snippet":"max-snippet:-1","max-image-preview":"max-image-preview:large","max-video-preview":"max-video-preview:-1"},"canonical":"https:\/\/sorbetkiwi.fr\/index.php\/la-foire-du-livre-de-bruxelles-2023\/","og_locale":"fr_FR","og_type":"article","og_title":"La Foire du Livre de Bruxelles 2023 - Sorbet Kiwi","og_description":"Aujourd'hui on parle de La Foire du Livre de Bruxelles 2023, des autrices que j'ai vu, des conf\u00e9rences auxquelles j'ai assist\u00e9 etc.","og_url":"https:\/\/sorbetkiwi.fr\/index.php\/la-foire-du-livre-de-bruxelles-2023\/","og_site_name":"Sorbet Kiwi","article_publisher":"https:\/\/www.facebook.com\/profile.php?id=100086238893269","article_published_time":"2023-04-17T09:30:12+00:00","article_modified_time":"2023-04-17T09:30:13+00:00","og_image":[{"width":1920,"height":2560,"url":"https:\/\/sorbetkiwi.fr\/wp-content\/uploads\/2023\/04\/La-Foire-du-Livre-de-Bruxelles-2023-scaled.jpg","type":"image\/jpeg"}],"author":"Sorbet-Kiwi","twitter_card":"summary_large_image","twitter_creator":"@pepparshoes","twitter_site":"@pepparshoes","twitter_misc":{"\u00c9crit par":"Sorbet-Kiwi","Dur\u00e9e de lecture estim\u00e9e":"5 minutes"},"schema":{"@context":"https:\/\/schema.org","@graph":[{"@type":"Article","@id":"https:\/\/sorbetkiwi.fr\/index.php\/la-foire-du-livre-de-bruxelles-2023\/#article","isPartOf":{"@id":"https:\/\/sorbetkiwi.fr\/index.php\/la-foire-du-livre-de-bruxelles-2023\/"},"author":{"name":"Sorbet-Kiwi","@id":"https:\/\/sorbetkiwi.fr\/#\/schema\/person\/ed1b7b527a2957ddc3bf38b076540659"},"headline":"La Foire du Livre de Bruxelles 2023","datePublished":"2023-04-17T09:30:12+00:00","dateModified":"2023-04-17T09:30:13+00:00","mainEntityOfPage":{"@id":"https:\/\/sorbetkiwi.fr\/index.php\/la-foire-du-livre-de-bruxelles-2023\/"},"wordCount":798,"commentCount":2,"publisher":{"@id":"https:\/\/sorbetkiwi.fr\/#organization"},"image":{"@id":"https:\/\/sorbetkiwi.fr\/index.php\/la-foire-du-livre-de-bruxelles-2023\/#primaryimage"},"thumbnailUrl":"https:\/\/sorbetkiwi.fr\/wp-content\/uploads\/2023\/04\/La-Foire-du-Livre-de-Bruxelles-2023-scaled.jpg","keywords":["Bruxelles","FDL BXL","La Foire du Livre de Bruxelles 2023","Printemps","Salon du livre"],"articleSection":["Ev\u00e9nements","Le printemps","Tout le blog"],"inLanguage":"fr-FR","potentialAction":[{"@type":"CommentAction","name":"Comment","target":["https:\/\/sorbetkiwi.fr\/index.php\/la-foire-du-livre-de-bruxelles-2023\/#respond"]}]},{"@type":"WebPage","@id":"https:\/\/sorbetkiwi.fr\/index.php\/la-foire-du-livre-de-bruxelles-2023\/","url":"https:\/\/sorbetkiwi.fr\/index.php\/la-foire-du-livre-de-bruxelles-2023\/","name":"La Foire du Livre de Bruxelles 2023 - Sorbet Kiwi","isPartOf":{"@id":"https:\/\/sorbetkiwi.fr\/#website"},"primaryImageOfPage":{"@id":"https:\/\/sorbetkiwi.fr\/index.php\/la-foire-du-livre-de-bruxelles-2023\/#primaryimage"},"image":{"@id":"https:\/\/sorbetkiwi.fr\/index.php\/la-foire-du-livre-de-bruxelles-2023\/#primaryimage"},"thumbnailUrl":"https:\/\/sorbetkiwi.fr\/wp-content\/uploads\/2023\/04\/La-Foire-du-Livre-de-Bruxelles-2023-scaled.jpg","datePublished":"2023-04-17T09:30:12+00:00","dateModified":"2023-04-17T09:30:13+00:00","description":"Aujourd'hui on parle de La Foire du Livre de Bruxelles 2023, des autrices que j'ai vu, des conf\u00e9rences auxquelles j'ai assist\u00e9 etc.","breadcrumb":{"@id":"https:\/\/sorbetkiwi.fr\/index.php\/la-foire-du-livre-de-bruxelles-2023\/#breadcrumb"},"inLanguage":"fr-FR","potentialAction":[{"@type":"ReadAction","target":["https:\/\/sorbetkiwi.fr\/index.php\/la-foire-du-livre-de-bruxelles-2023\/"]}]},{"@type":"ImageObject","inLanguage":"fr-FR","@id":"https:\/\/sorbetkiwi.fr\/index.php\/la-foire-du-livre-de-bruxelles-2023\/#primaryimage","url":"https:\/\/sorbetkiwi.fr\/wp-content\/uploads\/2023\/04\/La-Foire-du-Livre-de-Bruxelles-2023-scaled.jpg","contentUrl":"https:\/\/sorbetkiwi.fr\/wp-content\/uploads\/2023\/04\/La-Foire-du-Livre-de-Bruxelles-2023-scaled.jpg","width":1920,"height":2560,"caption":"La Foire du Livre de Bruxelles 2023"},{"@type":"BreadcrumbList","@id":"https:\/\/sorbetkiwi.fr\/index.php\/la-foire-du-livre-de-bruxelles-2023\/#breadcrumb","itemListElement":[{"@type":"ListItem","position":1,"name":"Accueil","item":"https:\/\/sorbetkiwi.fr\/"},{"@type":"ListItem","position":2,"name":"La Foire du Livre de Bruxelles 2023"}]},{"@type":"WebSite","@id":"https:\/\/sorbetkiwi.fr\/#website","url":"https:\/\/sorbetkiwi.fr\/","name":"Sorbet Kiwi","description":"Des lectures th\u00e9matiques par saison et les avis qui vont avec","publisher":{"@id":"https:\/\/sorbetkiwi.fr\/#organization"},"potentialAction":[{"@type":"SearchAction","target":{"@type":"EntryPoint","urlTemplate":"https:\/\/sorbetkiwi.fr\/?s={search_term_string}"},"query-input":{"@type":"PropertyValueSpecification","valueRequired":true,"valueName":"search_term_string"}}],"inLanguage":"fr-FR"},{"@type":"Organization","@id":"https:\/\/sorbetkiwi.fr\/#organization","name":"Sorbet Kiwi","url":"https:\/\/sorbetkiwi.fr\/","logo":{"@type":"ImageObject","inLanguage":"fr-FR","@id":"https:\/\/sorbetkiwi.fr\/#\/schema\/logo\/image\/","url":"https:\/\/sorbetkiwi.fr\/wp-content\/uploads\/2022\/10\/Banniere-Sorbet-Kiwi-2022.jpg","contentUrl":"https:\/\/sorbetkiwi.fr\/wp-content\/uploads\/2022\/10\/Banniere-Sorbet-Kiwi-2022.jpg","width":814,"height":401,"caption":"Sorbet Kiwi"},"image":{"@id":"https:\/\/sorbetkiwi.fr\/#\/schema\/logo\/image\/"},"sameAs":["https:\/\/www.facebook.com\/profile.php?id=100086238893269","https:\/\/x.com\/pepparshoes","https:\/\/www.instagram.com\/sorbetkiwi\/","https:\/\/www.tiktok.com\/sorbetkiwi"]},{"@type":"Person","@id":"https:\/\/sorbetkiwi.fr\/#\/schema\/person\/ed1b7b527a2957ddc3bf38b076540659","name":"Sorbet-Kiwi","image":{"@type":"ImageObject","inLanguage":"fr-FR","@id":"https:\/\/secure.gravatar.com\/avatar\/86f0a5c27d76317621b9e374d0f3a01d3a85278f10d0c7207ced4fd773057442?s=96&d=mm&r=g","url":"https:\/\/secure.gravatar.com\/avatar\/86f0a5c27d76317621b9e374d0f3a01d3a85278f10d0c7207ced4fd773057442?s=96&d=mm&r=g","contentUrl":"https:\/\/secure.gravatar.com\/avatar\/86f0a5c27d76317621b9e374d0f3a01d3a85278f10d0c7207ced4fd773057442?s=96&d=mm&r=g","caption":"Sorbet-Kiwi"},"sameAs":["http:\/\/sorbetkiwi.fr"],"url":"https:\/\/sorbetkiwi.fr\/index.php\/author\/admin7717\/"}]}},"_links":{"self":[{"href":"https:\/\/sorbetkiwi.fr\/index.php\/wp-json\/wp\/v2\/posts\/2325","targetHints":{"allow":["GET"]}}],"collection":[{"href":"https:\/\/sorbetkiwi.fr\/index.php\/wp-json\/wp\/v2\/posts"}],"about":[{"href":"https:\/\/sorbetkiwi.fr\/index.php\/wp-json\/wp\/v2\/types\/post"}],"author":[{"embeddable":true,"href":"https:\/\/sorbetkiwi.fr\/index.php\/wp-json\/wp\/v2\/users\/1"}],"replies":[{"embeddable":true,"href":"https:\/\/sorbetkiwi.fr\/index.php\/wp-json\/wp\/v2\/comments?post=2325"}],"version-history":[{"count":6,"href":"https:\/\/sorbetkiwi.fr\/index.php\/wp-json\/wp\/v2\/posts\/2325\/revisions"}],"predecessor-version":[{"id":2338,"href":"https:\/\/sorbetkiwi.fr\/index.php\/wp-json\/wp\/v2\/posts\/2325\/revisions\/2338"}],"wp:featuredmedia":[{"embeddable":true,"href":"https:\/\/sorbetkiwi.fr\/index.php\/wp-json\/wp\/v2\/media\/2326"}],"wp:attachment":[{"href":"https:\/\/sorbetkiwi.fr\/index.php\/wp-json\/wp\/v2\/media?parent=2325"}],"wp:term":[{"taxonomy":"category","embeddable":true,"href":"https:\/\/sorbetkiwi.fr\/index.php\/wp-json\/wp\/v2\/categories?post=2325"},{"taxonomy":"post_tag","embeddable":true,"href":"https:\/\/sorbetkiwi.fr\/index.php\/wp-json\/wp\/v2\/tags?post=2325"}],"curies":[{"name":"wp","href":"https:\/\/api.w.org\/{rel}","templated":true}]}}