{"id":2270,"date":"2023-04-11T19:54:28","date_gmt":"2023-04-11T17:54:28","guid":{"rendered":"https:\/\/sorbetkiwi.fr\/?p=2270"},"modified":"2023-04-11T19:54:29","modified_gmt":"2023-04-11T17:54:29","slug":"l-aspinaute-de-laura-bresson","status":"publish","type":"post","link":"https:\/\/sorbetkiwi.fr\/index.php\/l-aspinaute-de-laura-bresson\/","title":{"rendered":"L&rsquo;Aspinaute de Laura Bresson"},"content":{"rendered":"\t\t<div data-elementor-type=\"wp-post\" data-elementor-id=\"2270\" class=\"elementor elementor-2270\">\n\t\t\t\t\t\t<section class=\"elementor-section elementor-top-section elementor-element elementor-element-64ed578b elementor-section-boxed elementor-section-height-default elementor-section-height-default\" data-id=\"64ed578b\" data-element_type=\"section\" data-e-type=\"section\">\n\t\t\t\t\t\t<div class=\"elementor-container elementor-column-gap-default\">\n\t\t\t\t\t<div class=\"elementor-column elementor-col-100 elementor-top-column elementor-element elementor-element-5f58892e\" data-id=\"5f58892e\" data-element_type=\"column\" data-e-type=\"column\">\n\t\t\t<div class=\"elementor-widget-wrap elementor-element-populated\">\n\t\t\t\t\t\t<div class=\"elementor-element elementor-element-7d3b2a3c elementor-widget elementor-widget-heading\" data-id=\"7d3b2a3c\" data-element_type=\"widget\" data-e-type=\"widget\" data-widget_type=\"heading.default\">\n\t\t\t\t<div class=\"elementor-widget-container\">\n\t\t\t\t\t<h1 class=\"elementor-heading-title elementor-size-medium\">L'Aspinaute Laura Bresson<\/h1>\t\t\t\t<\/div>\n\t\t\t\t<\/div>\n\t\t\t\t<div class=\"elementor-element elementor-element-42c3d2e4 elementor-view-default elementor-widget elementor-widget-icon\" data-id=\"42c3d2e4\" data-element_type=\"widget\" data-e-type=\"widget\" data-widget_type=\"icon.default\">\n\t\t\t\t<div class=\"elementor-widget-container\">\n\t\t\t\t\t\t\t<div class=\"elementor-icon-wrapper\">\n\t\t\t<div class=\"elementor-icon\">\n\t\t\t<i aria-hidden=\"true\" class=\"fab fa-pagelines\"><\/i>\t\t\t<\/div>\n\t\t<\/div>\n\t\t\t\t\t\t<\/div>\n\t\t\t\t<\/div>\n\t\t\t\t<div class=\"elementor-element elementor-element-124ff218 elementor-widget-divider--view-line elementor-widget elementor-widget-divider\" data-id=\"124ff218\" data-element_type=\"widget\" data-e-type=\"widget\" data-widget_type=\"divider.default\">\n\t\t\t\t<div class=\"elementor-widget-container\">\n\t\t\t\t\t\t\t<div class=\"elementor-divider\">\n\t\t\t<span class=\"elementor-divider-separator\">\n\t\t\t\t\t\t<\/span>\n\t\t<\/div>\n\t\t\t\t\t\t<\/div>\n\t\t\t\t<\/div>\n\t\t\t\t<div class=\"elementor-element elementor-element-1eed1ce7 elementor-widget elementor-widget-heading\" data-id=\"1eed1ce7\" data-element_type=\"widget\" data-e-type=\"widget\" data-widget_type=\"heading.default\">\n\t\t\t\t<div class=\"elementor-widget-container\">\n\t\t\t\t\t<h2 class=\"elementor-heading-title elementor-size-medium\">R\u00e9sum\u00e9<\/h2>\t\t\t\t<\/div>\n\t\t\t\t<\/div>\n\t\t\t\t<div class=\"elementor-element elementor-element-117d7f43 elementor-widget elementor-widget-text-editor\" data-id=\"117d7f43\" data-element_type=\"widget\" data-e-type=\"widget\" data-widget_type=\"text-editor.default\">\n\t\t\t\t<div class=\"elementor-widget-container\">\n\t\t\t\t\t\t\t\t\t<p>\u00ab Je me suis souvent sentie seule et incomprise, jusqu&rsquo;\u00e0 ce que je d\u00e9couvre il y a 7 ans le t\u00e9moignage de personnes Asperger, et pas seulement surdou\u00e9es et timides.<br \/>Depuis, j&rsquo;ai voulu entamer les d\u00e9marches, mais avec moi, tout est toujours compliqu\u00e9 : je ne saisis pas tout, j&rsquo;ai l&rsquo;impression d&rsquo;\u00eatre enferm\u00e9e dans un bocal, qu&rsquo;on ne me comprend pas. L&rsquo;impression de venir d&rsquo;une autre plan\u00e8te.<br \/>Je suis dans ma bulle. Comme un astronaute en voyage sur Terre qui ne quitterait jamais son casque. \u00bb<br \/>Dans un univers pastel et sans limites, Laura Bresson nous livre un t\u00e9moignage plein de v\u00e9rit\u00e9, d&rsquo;humour et d&rsquo;\u00e9motions. Elle y aborde son parcours vers le diagnostic, ses difficult\u00e9s, ses peurs mais aussi ses d\u00e9couvertes et ses victoires.<\/p>\t\t\t\t\t\t\t\t<\/div>\n\t\t\t\t<\/div>\n\t\t\t\t<div class=\"elementor-element elementor-element-233a7795 elementor-widget-divider--view-line elementor-widget elementor-widget-divider\" data-id=\"233a7795\" data-element_type=\"widget\" data-e-type=\"widget\" data-widget_type=\"divider.default\">\n\t\t\t\t<div class=\"elementor-widget-container\">\n\t\t\t\t\t\t\t<div class=\"elementor-divider\">\n\t\t\t<span class=\"elementor-divider-separator\">\n\t\t\t\t\t\t<\/span>\n\t\t<\/div>\n\t\t\t\t\t\t<\/div>\n\t\t\t\t<\/div>\n\t\t\t\t<div class=\"elementor-element elementor-element-1f6d053e elementor-widget elementor-widget-heading\" data-id=\"1f6d053e\" data-element_type=\"widget\" data-e-type=\"widget\" data-widget_type=\"heading.default\">\n\t\t\t\t<div class=\"elementor-widget-container\">\n\t\t\t\t\t<h2 class=\"elementor-heading-title elementor-size-medium\">Ma note<\/h2>\t\t\t\t<\/div>\n\t\t\t\t<\/div>\n\t\t\t\t<div class=\"elementor-element elementor-element-212540db elementor-star-rating--align-center elementor--star-style-star_fontawesome elementor-widget elementor-widget-star-rating\" data-id=\"212540db\" data-element_type=\"widget\" data-e-type=\"widget\" data-widget_type=\"star-rating.default\">\n\t\t\t\t<div class=\"elementor-widget-container\">\n\t\t\t\t\t\t\t<div class=\"elementor-star-rating__wrapper\">\n\t\t\t\t\t\t<div class=\"elementor-star-rating\" itemtype=\"http:\/\/schema.org\/Rating\" itemscope=\"\" itemprop=\"reviewRating\">\n\t\t\t\t<i class=\"elementor-star-full\" aria-hidden=\"true\">&#xE934;<\/i><i class=\"elementor-star-full\" aria-hidden=\"true\">&#xE934;<\/i><i class=\"elementor-star-full\" aria-hidden=\"true\">&#xE934;<\/i><i class=\"elementor-star-full\" aria-hidden=\"true\">&#xE934;<\/i><i class=\"elementor-star-5\" aria-hidden=\"true\">&#xE934;<\/i>\t\t\t\t<span itemprop=\"ratingValue\" class=\"elementor-screen-only\">Not\u00e9 4.5 sur 5<\/span>\n\t\t\t<\/div>\n\t\t<\/div>\n\t\t\t\t\t\t<\/div>\n\t\t\t\t<\/div>\n\t\t\t\t<div class=\"elementor-element elementor-element-51639d23 elementor-widget-divider--view-line elementor-widget elementor-widget-divider\" data-id=\"51639d23\" data-element_type=\"widget\" data-e-type=\"widget\" data-widget_type=\"divider.default\">\n\t\t\t\t<div class=\"elementor-widget-container\">\n\t\t\t\t\t\t\t<div class=\"elementor-divider\">\n\t\t\t<span class=\"elementor-divider-separator\">\n\t\t\t\t\t\t<\/span>\n\t\t<\/div>\n\t\t\t\t\t\t<\/div>\n\t\t\t\t<\/div>\n\t\t\t\t<div class=\"elementor-element elementor-element-139d29a4 elementor-widget elementor-widget-heading\" data-id=\"139d29a4\" data-element_type=\"widget\" data-e-type=\"widget\" data-widget_type=\"heading.default\">\n\t\t\t\t<div class=\"elementor-widget-container\">\n\t\t\t\t\t<h2 class=\"elementor-heading-title elementor-size-medium\">Encore une r\u00e9ussite \u00e0 d\u00e9couvrir aux \u00e9ditions Leduc<\/h2>\t\t\t\t<\/div>\n\t\t\t\t<\/div>\n\t\t\t\t<div class=\"elementor-element elementor-element-5f66ec3d elementor-widget elementor-widget-text-editor\" data-id=\"5f66ec3d\" data-element_type=\"widget\" data-e-type=\"widget\" data-widget_type=\"text-editor.default\">\n\t\t\t\t<div class=\"elementor-widget-container\">\n\t\t\t\t\t\t\t\t\t<p>En ce mardi, je viens vous parler d&rsquo;une BD un peu diff\u00e9rente. C&rsquo;est souvent le cas, d&rsquo;ailleurs, dans le <a href=\"https:\/\/www.editionsleduc.com\/collection\/48\/leduc-graphic\">label Graphic des \u00e9ditions Leduc<\/a>. C&rsquo;est ce qui fait que je l&rsquo;adore ! Apr\u00e8s un t\u00e9moignage sur la d\u00e9pression en format Webtoon gr\u00e2ce \u00e0 Tacm\u00e9la dans <a href=\"https:\/\/sorbetkiwi.fr\/index.php\/porte-bonheur-de-tacmela\/\">Porte-Bonheur<\/a>. Puis <a href=\"https:\/\/sorbetkiwi.fr\/index.php\/coupleparfait-ou-pas-de-juliette-mercier\/\">#CoupleParfait&#8230; ou pas<\/a>, dans lequel Juliette Mercier nous parle de l&rsquo;amour moderne, les \u00e9ditions Leduc invitent une nouvelle autrice \u00e0 leur catalogue. Laura Bresson nous pr\u00e9sente ici un t\u00e9moignage sur elle-m\u00eame, L&rsquo;aspinaute : une asperger en voyage sur Terre.\u00a0<\/p><p>Ce r\u00e9cit autobiographique de 300 pages est vraiment tr\u00e8s int\u00e9ressant. Il y a \u00e9norm\u00e9ment de texte, il est tr\u00e8s dense, mais tout est pertinent. Je pr\u00e9f\u00e8re pr\u00e9venir tout de suite : je suis bien incapable de vous proposer une chronique exhaustive de cette BD. Je pr\u00e9f\u00e8re d&#8217;embl\u00e9e vous encourager \u00e0 la d\u00e9couvrir pour vous-m\u00eame. Vraiment. Lisez-l\u00e0.\u00a0<\/p>\t\t\t\t\t\t\t\t<\/div>\n\t\t\t\t<\/div>\n\t\t\t\t<div class=\"elementor-element elementor-element-4af50c27 elementor-widget-divider--view-line elementor-widget elementor-widget-divider\" data-id=\"4af50c27\" data-element_type=\"widget\" data-e-type=\"widget\" data-widget_type=\"divider.default\">\n\t\t\t\t<div class=\"elementor-widget-container\">\n\t\t\t\t\t\t\t<div class=\"elementor-divider\">\n\t\t\t<span class=\"elementor-divider-separator\">\n\t\t\t\t\t\t<\/span>\n\t\t<\/div>\n\t\t\t\t\t\t<\/div>\n\t\t\t\t<\/div>\n\t\t\t\t<div class=\"elementor-element elementor-element-6eab8602 elementor-widget elementor-widget-heading\" data-id=\"6eab8602\" data-element_type=\"widget\" data-e-type=\"widget\" data-widget_type=\"heading.default\">\n\t\t\t\t<div class=\"elementor-widget-container\">\n\t\t\t\t\t<h4 class=\"elementor-heading-title elementor-size-medium\">\"Bonjour, j'\u00e9cris cette lettre pour vous expliquer pourquoi je pense \u00eatre peut-\u00eatre Asperger.\"<\/h4>\t\t\t\t<\/div>\n\t\t\t\t<\/div>\n\t\t\t\t<div class=\"elementor-element elementor-element-3e5c0e82 elementor-widget-divider--view-line elementor-widget elementor-widget-divider\" data-id=\"3e5c0e82\" data-element_type=\"widget\" data-e-type=\"widget\" data-widget_type=\"divider.default\">\n\t\t\t\t<div class=\"elementor-widget-container\">\n\t\t\t\t\t\t\t<div class=\"elementor-divider\">\n\t\t\t<span class=\"elementor-divider-separator\">\n\t\t\t\t\t\t<\/span>\n\t\t<\/div>\n\t\t\t\t\t\t<\/div>\n\t\t\t\t<\/div>\n\t\t\t\t<div class=\"elementor-element elementor-element-3c4d92e4 elementor-widget elementor-widget-heading\" data-id=\"3c4d92e4\" data-element_type=\"widget\" data-e-type=\"widget\" data-widget_type=\"heading.default\">\n\t\t\t\t<div class=\"elementor-widget-container\">\n\t\t\t\t\t<h2 class=\"elementor-heading-title elementor-size-medium\">Une BD tr\u00e8s claire<\/h2>\t\t\t\t<\/div>\n\t\t\t\t<\/div>\n\t\t\t\t<div class=\"elementor-element elementor-element-6e9c430a elementor-widget elementor-widget-text-editor\" data-id=\"6e9c430a\" data-element_type=\"widget\" data-e-type=\"widget\" data-widget_type=\"text-editor.default\">\n\t\t\t\t<div class=\"elementor-widget-container\">\n\t\t\t\t\t\t\t\t\t<p>Laura Bresson nous parle ici de son long chemin vers deux diagnostiques. Le th\u00e8me central de L&rsquo;Aspinaute est \u00e9videmment le spectre autistique asperger. Ainsi, elle d\u00e9fait les clich\u00e9s autour de ce syndrome tr\u00e8s large pour l&rsquo;humaniser. Il n&rsquo;est nullement question ici de pathos de sa part, ni de jugement de son parcours ou de ce r\u00e9cit pour la mienne. J&rsquo;ai trouv\u00e9 courageux de sa part d&rsquo;en parler, de se livrer \u00e0 coeur ouvert comme elle le fait, en \u00e9tant pr\u00e9cise et minutieuse.\u00a0<\/p><p>Au del\u00e0 de l&rsquo;autisme, on y parle aussi de la maladie de Lyme, ce qui a aussi \u00e9t\u00e9 pour elle un parcours long et sinueux. Cette BD est donc d&rsquo;utilit\u00e9 publique afin de faire de la pr\u00e9vention. Sans g\u00e9n\u00e9raliser, elle nous livre son v\u00e9cu, et j&rsquo;ai d&rsquo;ailleurs pu alerter quelqu&rsquo;un de ma famille dont Lyme \u00e9tait dormant depuis des ann\u00e9es sur un potentiel r\u00e9veil. Que ce soit au sujet d&rsquo;Asperger ou de Lyme, tout y est tr\u00e8s pr\u00e9cis et clair, et c&rsquo;est quelque chose que j&rsquo;ai vraiment appr\u00e9ci\u00e9.<\/p>\t\t\t\t\t\t\t\t<\/div>\n\t\t\t\t<\/div>\n\t\t\t\t<div class=\"elementor-element elementor-element-2acaeb21 elementor-widget-divider--view-line elementor-widget elementor-widget-divider\" data-id=\"2acaeb21\" data-element_type=\"widget\" data-e-type=\"widget\" data-widget_type=\"divider.default\">\n\t\t\t\t<div class=\"elementor-widget-container\">\n\t\t\t\t\t\t\t<div class=\"elementor-divider\">\n\t\t\t<span class=\"elementor-divider-separator\">\n\t\t\t\t\t\t<\/span>\n\t\t<\/div>\n\t\t\t\t\t\t<\/div>\n\t\t\t\t<\/div>\n\t\t\t\t<div class=\"elementor-element elementor-element-536c2fcf elementor-widget elementor-widget-heading\" data-id=\"536c2fcf\" data-element_type=\"widget\" data-e-type=\"widget\" data-widget_type=\"heading.default\">\n\t\t\t\t<div class=\"elementor-widget-container\">\n\t\t\t\t\t<h2 class=\"elementor-heading-title elementor-size-medium\">Impossible de tout mentionner<\/h2>\t\t\t\t<\/div>\n\t\t\t\t<\/div>\n\t\t\t\t<div class=\"elementor-element elementor-element-4eb156b elementor-widget elementor-widget-text-editor\" data-id=\"4eb156b\" data-element_type=\"widget\" data-e-type=\"widget\" data-widget_type=\"text-editor.default\">\n\t\t\t\t<div class=\"elementor-widget-container\">\n\t\t\t\t\t\t\t\t\t<p>Au del\u00e0 de l&rsquo;aspect autobiographique du r\u00e9cit, cette BD est une analyse de la soci\u00e9t\u00e9. Les groupes ne sont pas une chose \u00e0 prendre \u00e0 la l\u00e9g\u00e8re, alors lorsque certaines personnes sont en mesure de cr\u00e9er des clans, de prendre le pouvoir (sur un individu ou sur un groupe), c&rsquo;est assez impressionnant. En lisant L&rsquo;Aspinaute, j&rsquo;ai beaucoup r\u00e9fl\u00e9chit \u00e0 mon propre fonctionnement, \u00e0 cette int\u00e9gration, \u00e0 la loyaut\u00e9 envers le plus fort&#8230; que nous observons tous, m\u00eame lorsque nous ne participons pas au syst\u00e8me \u00e9tabli, que je fuis rapidement pour ma part. Je trouvais la notion d&rsquo;ego tr\u00e8s pr\u00e9sente.\u00a0<\/p><p>Enfin, je tiens \u00e0 souligner l&rsquo;aspect \u00e9motionnel et physique \u00e0 laquelle doivent faire face les femmes en g\u00e9n\u00e9ral, mais les femmes autistes en particulier : les relations toxiques et le patriarcat. L&rsquo;autrice a du se construire et se reconstruire sans fin du d\u00e9but \u00e0 la fin de ce t\u00e9moignage, de diff\u00e9rentes mani\u00e8res. J&rsquo;ai aussi tr\u00e8s envie d&rsquo;ajouter la mention LGBTQIA+ \u00e0 cet avis, parce que la visibilit\u00e9 est importante. Sans partir en analyse de tout ce que j&rsquo;ai pu y trouver, je ne peux que vous recommander L&rsquo;aspinaute pour cette raison, ainsi que pour la d\u00e9construction des clich\u00e9s autour du spectre autistique. Bravo \u00e0 Laura Bresson pour ce travail de haute qualit\u00e9.\u00a0<\/p>\t\t\t\t\t\t\t\t<\/div>\n\t\t\t\t<\/div>\n\t\t\t\t\t<\/div>\n\t\t<\/div>\n\t\t\t\t\t<\/div>\n\t\t<\/section>\n\t\t\t\t<\/div>\n\t\t","protected":false},"excerpt":{"rendered":"<p>L&rsquo;Aspinaute Laura Bresson R\u00e9sum\u00e9 \u00ab Je me suis souvent sentie seule et incomprise, jusqu&rsquo;\u00e0 ce que je d\u00e9couvre il y a 7 ans le t\u00e9moignage de personnes Asperger, et pas seulement surdou\u00e9es et timides. Depuis, &hellip; <\/p>\n","protected":false},"author":1,"featured_media":2276,"comment_status":"open","ping_status":"open","sticky":false,"template":"","format":"standard","meta":{"footnotes":""},"categories":[13,8,1],"tags":[375,80,79,296,393,595,594,593,599,598,589,596],"class_list":["post-2270","post","type-post","status-publish","format-standard","has-post-thumbnail","hentry","category-le-printemps","category-partenariats","category-tout-le-blog","tag-autisme","tag-bande-dessinee","tag-bd","tag-bd-du-mardi","tag-editions-leduc-graphic","tag-julie-dachez","tag-laspinaute","tag-laura-bresson","tag-lgbtqia","tag-maladie-de-lyme","tag-temoignage","tag-une-asperger-en-voyage-sur-terre","has-single-img"],"yoast_head":"<!-- This site is optimized with the Yoast SEO plugin v27.4 - https:\/\/yoast.com\/product\/yoast-seo-wordpress\/ -->\n<title>L&#039;Aspinaute de Laura Bresson - Sorbet Kiwi<\/title>\n<meta name=\"description\" content=\"Ma chronique de L&#039;Aspinaute : Une asperger en voyage sur Terre de Laura Bresson, pr\u00e9face de Julie Dachez, chez Leduc Graphic.\" \/>\n<meta name=\"robots\" content=\"index, follow, max-snippet:-1, max-image-preview:large, max-video-preview:-1\" \/>\n<link rel=\"canonical\" href=\"https:\/\/sorbetkiwi.fr\/index.php\/l-aspinaute-de-laura-bresson\/\" \/>\n<meta property=\"og:locale\" content=\"fr_FR\" \/>\n<meta property=\"og:type\" content=\"article\" \/>\n<meta property=\"og:title\" content=\"L&#039;Aspinaute de Laura Bresson - Sorbet Kiwi\" \/>\n<meta property=\"og:description\" content=\"Ma chronique de L&#039;Aspinaute : Une asperger en voyage sur Terre de Laura Bresson, pr\u00e9face de Julie Dachez, chez Leduc Graphic.\" \/>\n<meta property=\"og:url\" content=\"https:\/\/sorbetkiwi.fr\/index.php\/l-aspinaute-de-laura-bresson\/\" \/>\n<meta property=\"og:site_name\" content=\"Sorbet Kiwi\" \/>\n<meta property=\"article:publisher\" content=\"https:\/\/www.facebook.com\/profile.php?id=100086238893269\" \/>\n<meta property=\"article:published_time\" content=\"2023-04-11T17:54:28+00:00\" \/>\n<meta property=\"article:modified_time\" content=\"2023-04-11T17:54:29+00:00\" \/>\n<meta property=\"og:image\" content=\"https:\/\/sorbetkiwi.fr\/wp-content\/uploads\/2023\/04\/Laspinaute-Laura-Bresson-scaled.jpg\" \/>\n\t<meta property=\"og:image:width\" content=\"1920\" \/>\n\t<meta property=\"og:image:height\" content=\"2560\" \/>\n\t<meta property=\"og:image:type\" content=\"image\/jpeg\" \/>\n<meta name=\"author\" content=\"Sorbet-Kiwi\" \/>\n<meta name=\"twitter:card\" content=\"summary_large_image\" \/>\n<meta name=\"twitter:creator\" content=\"@pepparshoes\" \/>\n<meta name=\"twitter:site\" content=\"@pepparshoes\" \/>\n<meta name=\"twitter:label1\" content=\"\u00c9crit par\" \/>\n\t<meta name=\"twitter:data1\" content=\"Sorbet-Kiwi\" \/>\n\t<meta name=\"twitter:label2\" content=\"Dur\u00e9e de lecture estim\u00e9e\" \/>\n\t<meta name=\"twitter:data2\" content=\"4 minutes\" \/>\n<script type=\"application\/ld+json\" class=\"yoast-schema-graph\">{\"@context\":\"https:\\\/\\\/schema.org\",\"@graph\":[{\"@type\":\"Article\",\"@id\":\"https:\\\/\\\/sorbetkiwi.fr\\\/index.php\\\/l-aspinaute-de-laura-bresson\\\/#article\",\"isPartOf\":{\"@id\":\"https:\\\/\\\/sorbetkiwi.fr\\\/index.php\\\/l-aspinaute-de-laura-bresson\\\/\"},\"author\":{\"name\":\"Sorbet-Kiwi\",\"@id\":\"https:\\\/\\\/sorbetkiwi.fr\\\/#\\\/schema\\\/person\\\/ed1b7b527a2957ddc3bf38b076540659\"},\"headline\":\"L&rsquo;Aspinaute de Laura Bresson\",\"datePublished\":\"2023-04-11T17:54:28+00:00\",\"dateModified\":\"2023-04-11T17:54:29+00:00\",\"mainEntityOfPage\":{\"@id\":\"https:\\\/\\\/sorbetkiwi.fr\\\/index.php\\\/l-aspinaute-de-laura-bresson\\\/\"},\"wordCount\":784,\"commentCount\":0,\"publisher\":{\"@id\":\"https:\\\/\\\/sorbetkiwi.fr\\\/#organization\"},\"image\":{\"@id\":\"https:\\\/\\\/sorbetkiwi.fr\\\/index.php\\\/l-aspinaute-de-laura-bresson\\\/#primaryimage\"},\"thumbnailUrl\":\"https:\\\/\\\/sorbetkiwi.fr\\\/wp-content\\\/uploads\\\/2023\\\/04\\\/Laspinaute-Laura-Bresson-scaled.jpg\",\"keywords\":[\"Autisme\",\"Bande dessin\u00e9e\",\"BD\",\"BD du mardi\",\"Editions Leduc Graphic\",\"Julie Dachez\",\"L&#039;Aspinaute\",\"Laura Bresson\",\"LGBTQIA+\",\"Maladie de Lyme\",\"T\u00e9moignage\",\"Une asperger en voyage sur terre\"],\"articleSection\":[\"Le printemps\",\"Partenariats\",\"Tout le blog\"],\"inLanguage\":\"fr-FR\",\"potentialAction\":[{\"@type\":\"CommentAction\",\"name\":\"Comment\",\"target\":[\"https:\\\/\\\/sorbetkiwi.fr\\\/index.php\\\/l-aspinaute-de-laura-bresson\\\/#respond\"]}]},{\"@type\":\"WebPage\",\"@id\":\"https:\\\/\\\/sorbetkiwi.fr\\\/index.php\\\/l-aspinaute-de-laura-bresson\\\/\",\"url\":\"https:\\\/\\\/sorbetkiwi.fr\\\/index.php\\\/l-aspinaute-de-laura-bresson\\\/\",\"name\":\"L'Aspinaute de Laura Bresson - Sorbet Kiwi\",\"isPartOf\":{\"@id\":\"https:\\\/\\\/sorbetkiwi.fr\\\/#website\"},\"primaryImageOfPage\":{\"@id\":\"https:\\\/\\\/sorbetkiwi.fr\\\/index.php\\\/l-aspinaute-de-laura-bresson\\\/#primaryimage\"},\"image\":{\"@id\":\"https:\\\/\\\/sorbetkiwi.fr\\\/index.php\\\/l-aspinaute-de-laura-bresson\\\/#primaryimage\"},\"thumbnailUrl\":\"https:\\\/\\\/sorbetkiwi.fr\\\/wp-content\\\/uploads\\\/2023\\\/04\\\/Laspinaute-Laura-Bresson-scaled.jpg\",\"datePublished\":\"2023-04-11T17:54:28+00:00\",\"dateModified\":\"2023-04-11T17:54:29+00:00\",\"description\":\"Ma chronique de L'Aspinaute : Une asperger en voyage sur Terre de Laura Bresson, pr\u00e9face de Julie Dachez, chez Leduc Graphic.\",\"breadcrumb\":{\"@id\":\"https:\\\/\\\/sorbetkiwi.fr\\\/index.php\\\/l-aspinaute-de-laura-bresson\\\/#breadcrumb\"},\"inLanguage\":\"fr-FR\",\"potentialAction\":[{\"@type\":\"ReadAction\",\"target\":[\"https:\\\/\\\/sorbetkiwi.fr\\\/index.php\\\/l-aspinaute-de-laura-bresson\\\/\"]}]},{\"@type\":\"ImageObject\",\"inLanguage\":\"fr-FR\",\"@id\":\"https:\\\/\\\/sorbetkiwi.fr\\\/index.php\\\/l-aspinaute-de-laura-bresson\\\/#primaryimage\",\"url\":\"https:\\\/\\\/sorbetkiwi.fr\\\/wp-content\\\/uploads\\\/2023\\\/04\\\/Laspinaute-Laura-Bresson-scaled.jpg\",\"contentUrl\":\"https:\\\/\\\/sorbetkiwi.fr\\\/wp-content\\\/uploads\\\/2023\\\/04\\\/Laspinaute-Laura-Bresson-scaled.jpg\",\"width\":1920,\"height\":2560,\"caption\":\"L'aspinaute Laura Bresson\"},{\"@type\":\"BreadcrumbList\",\"@id\":\"https:\\\/\\\/sorbetkiwi.fr\\\/index.php\\\/l-aspinaute-de-laura-bresson\\\/#breadcrumb\",\"itemListElement\":[{\"@type\":\"ListItem\",\"position\":1,\"name\":\"Accueil\",\"item\":\"https:\\\/\\\/sorbetkiwi.fr\\\/\"},{\"@type\":\"ListItem\",\"position\":2,\"name\":\"L&rsquo;Aspinaute de Laura Bresson\"}]},{\"@type\":\"WebSite\",\"@id\":\"https:\\\/\\\/sorbetkiwi.fr\\\/#website\",\"url\":\"https:\\\/\\\/sorbetkiwi.fr\\\/\",\"name\":\"Sorbet Kiwi\",\"description\":\"Des lectures th\u00e9matiques par saison et les avis qui vont avec\",\"publisher\":{\"@id\":\"https:\\\/\\\/sorbetkiwi.fr\\\/#organization\"},\"potentialAction\":[{\"@type\":\"SearchAction\",\"target\":{\"@type\":\"EntryPoint\",\"urlTemplate\":\"https:\\\/\\\/sorbetkiwi.fr\\\/?s={search_term_string}\"},\"query-input\":{\"@type\":\"PropertyValueSpecification\",\"valueRequired\":true,\"valueName\":\"search_term_string\"}}],\"inLanguage\":\"fr-FR\"},{\"@type\":\"Organization\",\"@id\":\"https:\\\/\\\/sorbetkiwi.fr\\\/#organization\",\"name\":\"Sorbet Kiwi\",\"url\":\"https:\\\/\\\/sorbetkiwi.fr\\\/\",\"logo\":{\"@type\":\"ImageObject\",\"inLanguage\":\"fr-FR\",\"@id\":\"https:\\\/\\\/sorbetkiwi.fr\\\/#\\\/schema\\\/logo\\\/image\\\/\",\"url\":\"https:\\\/\\\/sorbetkiwi.fr\\\/wp-content\\\/uploads\\\/2022\\\/10\\\/Banniere-Sorbet-Kiwi-2022.jpg\",\"contentUrl\":\"https:\\\/\\\/sorbetkiwi.fr\\\/wp-content\\\/uploads\\\/2022\\\/10\\\/Banniere-Sorbet-Kiwi-2022.jpg\",\"width\":814,\"height\":401,\"caption\":\"Sorbet Kiwi\"},\"image\":{\"@id\":\"https:\\\/\\\/sorbetkiwi.fr\\\/#\\\/schema\\\/logo\\\/image\\\/\"},\"sameAs\":[\"https:\\\/\\\/www.facebook.com\\\/profile.php?id=100086238893269\",\"https:\\\/\\\/x.com\\\/pepparshoes\",\"https:\\\/\\\/www.instagram.com\\\/sorbetkiwi\\\/\",\"https:\\\/\\\/www.tiktok.com\\\/sorbetkiwi\"]},{\"@type\":\"Person\",\"@id\":\"https:\\\/\\\/sorbetkiwi.fr\\\/#\\\/schema\\\/person\\\/ed1b7b527a2957ddc3bf38b076540659\",\"name\":\"Sorbet-Kiwi\",\"image\":{\"@type\":\"ImageObject\",\"inLanguage\":\"fr-FR\",\"@id\":\"https:\\\/\\\/secure.gravatar.com\\\/avatar\\\/86f0a5c27d76317621b9e374d0f3a01d3a85278f10d0c7207ced4fd773057442?s=96&d=mm&r=g\",\"url\":\"https:\\\/\\\/secure.gravatar.com\\\/avatar\\\/86f0a5c27d76317621b9e374d0f3a01d3a85278f10d0c7207ced4fd773057442?s=96&d=mm&r=g\",\"contentUrl\":\"https:\\\/\\\/secure.gravatar.com\\\/avatar\\\/86f0a5c27d76317621b9e374d0f3a01d3a85278f10d0c7207ced4fd773057442?s=96&d=mm&r=g\",\"caption\":\"Sorbet-Kiwi\"},\"sameAs\":[\"http:\\\/\\\/sorbetkiwi.fr\"],\"url\":\"https:\\\/\\\/sorbetkiwi.fr\\\/index.php\\\/author\\\/admin7717\\\/\"}]}<\/script>\n<!-- \/ Yoast SEO plugin. -->","yoast_head_json":{"title":"L'Aspinaute de Laura Bresson - Sorbet Kiwi","description":"Ma chronique de L'Aspinaute : Une asperger en voyage sur Terre de Laura Bresson, pr\u00e9face de Julie Dachez, chez Leduc Graphic.","robots":{"index":"index","follow":"follow","max-snippet":"max-snippet:-1","max-image-preview":"max-image-preview:large","max-video-preview":"max-video-preview:-1"},"canonical":"https:\/\/sorbetkiwi.fr\/index.php\/l-aspinaute-de-laura-bresson\/","og_locale":"fr_FR","og_type":"article","og_title":"L'Aspinaute de Laura Bresson - Sorbet Kiwi","og_description":"Ma chronique de L'Aspinaute : Une asperger en voyage sur Terre de Laura Bresson, pr\u00e9face de Julie Dachez, chez Leduc Graphic.","og_url":"https:\/\/sorbetkiwi.fr\/index.php\/l-aspinaute-de-laura-bresson\/","og_site_name":"Sorbet Kiwi","article_publisher":"https:\/\/www.facebook.com\/profile.php?id=100086238893269","article_published_time":"2023-04-11T17:54:28+00:00","article_modified_time":"2023-04-11T17:54:29+00:00","og_image":[{"width":1920,"height":2560,"url":"https:\/\/sorbetkiwi.fr\/wp-content\/uploads\/2023\/04\/Laspinaute-Laura-Bresson-scaled.jpg","type":"image\/jpeg"}],"author":"Sorbet-Kiwi","twitter_card":"summary_large_image","twitter_creator":"@pepparshoes","twitter_site":"@pepparshoes","twitter_misc":{"\u00c9crit par":"Sorbet-Kiwi","Dur\u00e9e de lecture estim\u00e9e":"4 minutes"},"schema":{"@context":"https:\/\/schema.org","@graph":[{"@type":"Article","@id":"https:\/\/sorbetkiwi.fr\/index.php\/l-aspinaute-de-laura-bresson\/#article","isPartOf":{"@id":"https:\/\/sorbetkiwi.fr\/index.php\/l-aspinaute-de-laura-bresson\/"},"author":{"name":"Sorbet-Kiwi","@id":"https:\/\/sorbetkiwi.fr\/#\/schema\/person\/ed1b7b527a2957ddc3bf38b076540659"},"headline":"L&rsquo;Aspinaute de Laura Bresson","datePublished":"2023-04-11T17:54:28+00:00","dateModified":"2023-04-11T17:54:29+00:00","mainEntityOfPage":{"@id":"https:\/\/sorbetkiwi.fr\/index.php\/l-aspinaute-de-laura-bresson\/"},"wordCount":784,"commentCount":0,"publisher":{"@id":"https:\/\/sorbetkiwi.fr\/#organization"},"image":{"@id":"https:\/\/sorbetkiwi.fr\/index.php\/l-aspinaute-de-laura-bresson\/#primaryimage"},"thumbnailUrl":"https:\/\/sorbetkiwi.fr\/wp-content\/uploads\/2023\/04\/Laspinaute-Laura-Bresson-scaled.jpg","keywords":["Autisme","Bande dessin\u00e9e","BD","BD du mardi","Editions Leduc Graphic","Julie Dachez","L&#039;Aspinaute","Laura Bresson","LGBTQIA+","Maladie de Lyme","T\u00e9moignage","Une asperger en voyage sur terre"],"articleSection":["Le printemps","Partenariats","Tout le blog"],"inLanguage":"fr-FR","potentialAction":[{"@type":"CommentAction","name":"Comment","target":["https:\/\/sorbetkiwi.fr\/index.php\/l-aspinaute-de-laura-bresson\/#respond"]}]},{"@type":"WebPage","@id":"https:\/\/sorbetkiwi.fr\/index.php\/l-aspinaute-de-laura-bresson\/","url":"https:\/\/sorbetkiwi.fr\/index.php\/l-aspinaute-de-laura-bresson\/","name":"L'Aspinaute de Laura Bresson - Sorbet Kiwi","isPartOf":{"@id":"https:\/\/sorbetkiwi.fr\/#website"},"primaryImageOfPage":{"@id":"https:\/\/sorbetkiwi.fr\/index.php\/l-aspinaute-de-laura-bresson\/#primaryimage"},"image":{"@id":"https:\/\/sorbetkiwi.fr\/index.php\/l-aspinaute-de-laura-bresson\/#primaryimage"},"thumbnailUrl":"https:\/\/sorbetkiwi.fr\/wp-content\/uploads\/2023\/04\/Laspinaute-Laura-Bresson-scaled.jpg","datePublished":"2023-04-11T17:54:28+00:00","dateModified":"2023-04-11T17:54:29+00:00","description":"Ma chronique de L'Aspinaute : Une asperger en voyage sur Terre de Laura Bresson, pr\u00e9face de Julie Dachez, chez Leduc Graphic.","breadcrumb":{"@id":"https:\/\/sorbetkiwi.fr\/index.php\/l-aspinaute-de-laura-bresson\/#breadcrumb"},"inLanguage":"fr-FR","potentialAction":[{"@type":"ReadAction","target":["https:\/\/sorbetkiwi.fr\/index.php\/l-aspinaute-de-laura-bresson\/"]}]},{"@type":"ImageObject","inLanguage":"fr-FR","@id":"https:\/\/sorbetkiwi.fr\/index.php\/l-aspinaute-de-laura-bresson\/#primaryimage","url":"https:\/\/sorbetkiwi.fr\/wp-content\/uploads\/2023\/04\/Laspinaute-Laura-Bresson-scaled.jpg","contentUrl":"https:\/\/sorbetkiwi.fr\/wp-content\/uploads\/2023\/04\/Laspinaute-Laura-Bresson-scaled.jpg","width":1920,"height":2560,"caption":"L'aspinaute Laura Bresson"},{"@type":"BreadcrumbList","@id":"https:\/\/sorbetkiwi.fr\/index.php\/l-aspinaute-de-laura-bresson\/#breadcrumb","itemListElement":[{"@type":"ListItem","position":1,"name":"Accueil","item":"https:\/\/sorbetkiwi.fr\/"},{"@type":"ListItem","position":2,"name":"L&rsquo;Aspinaute de Laura Bresson"}]},{"@type":"WebSite","@id":"https:\/\/sorbetkiwi.fr\/#website","url":"https:\/\/sorbetkiwi.fr\/","name":"Sorbet Kiwi","description":"Des lectures th\u00e9matiques par saison et les avis qui vont avec","publisher":{"@id":"https:\/\/sorbetkiwi.fr\/#organization"},"potentialAction":[{"@type":"SearchAction","target":{"@type":"EntryPoint","urlTemplate":"https:\/\/sorbetkiwi.fr\/?s={search_term_string}"},"query-input":{"@type":"PropertyValueSpecification","valueRequired":true,"valueName":"search_term_string"}}],"inLanguage":"fr-FR"},{"@type":"Organization","@id":"https:\/\/sorbetkiwi.fr\/#organization","name":"Sorbet Kiwi","url":"https:\/\/sorbetkiwi.fr\/","logo":{"@type":"ImageObject","inLanguage":"fr-FR","@id":"https:\/\/sorbetkiwi.fr\/#\/schema\/logo\/image\/","url":"https:\/\/sorbetkiwi.fr\/wp-content\/uploads\/2022\/10\/Banniere-Sorbet-Kiwi-2022.jpg","contentUrl":"https:\/\/sorbetkiwi.fr\/wp-content\/uploads\/2022\/10\/Banniere-Sorbet-Kiwi-2022.jpg","width":814,"height":401,"caption":"Sorbet Kiwi"},"image":{"@id":"https:\/\/sorbetkiwi.fr\/#\/schema\/logo\/image\/"},"sameAs":["https:\/\/www.facebook.com\/profile.php?id=100086238893269","https:\/\/x.com\/pepparshoes","https:\/\/www.instagram.com\/sorbetkiwi\/","https:\/\/www.tiktok.com\/sorbetkiwi"]},{"@type":"Person","@id":"https:\/\/sorbetkiwi.fr\/#\/schema\/person\/ed1b7b527a2957ddc3bf38b076540659","name":"Sorbet-Kiwi","image":{"@type":"ImageObject","inLanguage":"fr-FR","@id":"https:\/\/secure.gravatar.com\/avatar\/86f0a5c27d76317621b9e374d0f3a01d3a85278f10d0c7207ced4fd773057442?s=96&d=mm&r=g","url":"https:\/\/secure.gravatar.com\/avatar\/86f0a5c27d76317621b9e374d0f3a01d3a85278f10d0c7207ced4fd773057442?s=96&d=mm&r=g","contentUrl":"https:\/\/secure.gravatar.com\/avatar\/86f0a5c27d76317621b9e374d0f3a01d3a85278f10d0c7207ced4fd773057442?s=96&d=mm&r=g","caption":"Sorbet-Kiwi"},"sameAs":["http:\/\/sorbetkiwi.fr"],"url":"https:\/\/sorbetkiwi.fr\/index.php\/author\/admin7717\/"}]}},"_links":{"self":[{"href":"https:\/\/sorbetkiwi.fr\/index.php\/wp-json\/wp\/v2\/posts\/2270","targetHints":{"allow":["GET"]}}],"collection":[{"href":"https:\/\/sorbetkiwi.fr\/index.php\/wp-json\/wp\/v2\/posts"}],"about":[{"href":"https:\/\/sorbetkiwi.fr\/index.php\/wp-json\/wp\/v2\/types\/post"}],"author":[{"embeddable":true,"href":"https:\/\/sorbetkiwi.fr\/index.php\/wp-json\/wp\/v2\/users\/1"}],"replies":[{"embeddable":true,"href":"https:\/\/sorbetkiwi.fr\/index.php\/wp-json\/wp\/v2\/comments?post=2270"}],"version-history":[{"count":23,"href":"https:\/\/sorbetkiwi.fr\/index.php\/wp-json\/wp\/v2\/posts\/2270\/revisions"}],"predecessor-version":[{"id":2295,"href":"https:\/\/sorbetkiwi.fr\/index.php\/wp-json\/wp\/v2\/posts\/2270\/revisions\/2295"}],"wp:featuredmedia":[{"embeddable":true,"href":"https:\/\/sorbetkiwi.fr\/index.php\/wp-json\/wp\/v2\/media\/2276"}],"wp:attachment":[{"href":"https:\/\/sorbetkiwi.fr\/index.php\/wp-json\/wp\/v2\/media?parent=2270"}],"wp:term":[{"taxonomy":"category","embeddable":true,"href":"https:\/\/sorbetkiwi.fr\/index.php\/wp-json\/wp\/v2\/categories?post=2270"},{"taxonomy":"post_tag","embeddable":true,"href":"https:\/\/sorbetkiwi.fr\/index.php\/wp-json\/wp\/v2\/tags?post=2270"}],"curies":[{"name":"wp","href":"https:\/\/api.w.org\/{rel}","templated":true}]}}