{"id":2179,"date":"2023-05-23T09:23:54","date_gmt":"2023-05-23T07:23:54","guid":{"rendered":"https:\/\/sorbetkiwi.fr\/?p=2179"},"modified":"2023-05-23T09:23:56","modified_gmt":"2023-05-23T07:23:56","slug":"le-cahier-a-fleurs-de-galendon-et-nicaise","status":"publish","type":"post","link":"https:\/\/sorbetkiwi.fr\/index.php\/le-cahier-a-fleurs-de-galendon-et-nicaise\/","title":{"rendered":"Le cahier \u00e0 fleurs de Galendon et Nicaise"},"content":{"rendered":"\t\t<div data-elementor-type=\"wp-post\" data-elementor-id=\"2179\" class=\"elementor elementor-2179\">\n\t\t\t\t\t\t<section class=\"elementor-section elementor-top-section elementor-element elementor-element-733c969 elementor-section-boxed elementor-section-height-default elementor-section-height-default\" data-id=\"733c969\" data-element_type=\"section\" data-e-type=\"section\">\n\t\t\t\t\t\t<div class=\"elementor-container elementor-column-gap-default\">\n\t\t\t\t\t<div class=\"elementor-column elementor-col-100 elementor-top-column elementor-element elementor-element-126b85a2\" data-id=\"126b85a2\" data-element_type=\"column\" data-e-type=\"column\">\n\t\t\t<div class=\"elementor-widget-wrap elementor-element-populated\">\n\t\t\t\t\t\t<div class=\"elementor-element elementor-element-558e01ac elementor-widget elementor-widget-heading\" data-id=\"558e01ac\" data-element_type=\"widget\" data-e-type=\"widget\" data-widget_type=\"heading.default\">\n\t\t\t\t<div class=\"elementor-widget-container\">\n\t\t\t\t\t<h1 class=\"elementor-heading-title elementor-size-medium\">Le cahier \u00e0 fleurs Galendon Nicaise<\/h1>\t\t\t\t<\/div>\n\t\t\t\t<\/div>\n\t\t\t\t<div class=\"elementor-element elementor-element-64b85ada elementor-view-default elementor-widget elementor-widget-icon\" data-id=\"64b85ada\" data-element_type=\"widget\" data-e-type=\"widget\" data-widget_type=\"icon.default\">\n\t\t\t\t<div class=\"elementor-widget-container\">\n\t\t\t\t\t\t\t<div class=\"elementor-icon-wrapper\">\n\t\t\t<div class=\"elementor-icon\">\n\t\t\t<i aria-hidden=\"true\" class=\"fab fa-pagelines\"><\/i>\t\t\t<\/div>\n\t\t<\/div>\n\t\t\t\t\t\t<\/div>\n\t\t\t\t<\/div>\n\t\t\t\t<div class=\"elementor-element elementor-element-15d17117 elementor-widget-divider--view-line elementor-widget elementor-widget-divider\" data-id=\"15d17117\" data-element_type=\"widget\" data-e-type=\"widget\" data-widget_type=\"divider.default\">\n\t\t\t\t<div class=\"elementor-widget-container\">\n\t\t\t\t\t\t\t<div class=\"elementor-divider\">\n\t\t\t<span class=\"elementor-divider-separator\">\n\t\t\t\t\t\t<\/span>\n\t\t<\/div>\n\t\t\t\t\t\t<\/div>\n\t\t\t\t<\/div>\n\t\t\t\t<div class=\"elementor-element elementor-element-50015b1f elementor-widget elementor-widget-heading\" data-id=\"50015b1f\" data-element_type=\"widget\" data-e-type=\"widget\" data-widget_type=\"heading.default\">\n\t\t\t\t<div class=\"elementor-widget-container\">\n\t\t\t\t\t<h2 class=\"elementor-heading-title elementor-size-medium\">R\u00e9sum\u00e9<\/h2>\t\t\t\t<\/div>\n\t\t\t\t<\/div>\n\t\t\t\t<div class=\"elementor-element elementor-element-6f6023e9 elementor-widget elementor-widget-text-editor\" data-id=\"6f6023e9\" data-element_type=\"widget\" data-e-type=\"widget\" data-widget_type=\"text-editor.default\">\n\t\t\t\t<div class=\"elementor-widget-container\">\n\t\t\t\t\t\t\t\t\t<p>Paris, 1983. Le concert d\u2019un jeune violoniste turc est interrompu par le malaise d\u2019un spectateur. Alors que les secours sont attendus, le vieillard prononce quelques mots qui attirent vivement l\u2019attention du musicien. D\u00e8s le lendemain, il se rend au chevet de Dikran Sarian, septuag\u00e9naire arm\u00e9nien. Le vieil homme se lance alors dans un long r\u00e9cit : celui du premier g\u00e9nocide du 20e si\u00e8cle, le g\u00e9nocide arm\u00e9nien.<br \/>Anatolie, 1915. Dikran a neuf ans. Sur ordre d&rsquo;Istanbul, les Arm\u00e9niens doivent \u00eatre \u00e9radiqu\u00e9s. Partout, l&rsquo;arm\u00e9e ottomane rassemble les hommes et les supprime sommairement. Femmes, vieillards et enfants sont \u00e9vacu\u00e9s et contraints \u00e0 une longue marche vers la mort.<br \/>Le jeune musicien \u00e9coute avec int\u00e9r\u00eat le r\u00e9cit de Dikran\u2026 Et cette histoire va provoquer un v\u00e9ritable bouleversement dans ses croyances et ses convictions.<\/p>\t\t\t\t\t\t\t\t<\/div>\n\t\t\t\t<\/div>\n\t\t\t\t<div class=\"elementor-element elementor-element-3fbbc5e2 elementor-widget-divider--view-line elementor-widget elementor-widget-divider\" data-id=\"3fbbc5e2\" data-element_type=\"widget\" data-e-type=\"widget\" data-widget_type=\"divider.default\">\n\t\t\t\t<div class=\"elementor-widget-container\">\n\t\t\t\t\t\t\t<div class=\"elementor-divider\">\n\t\t\t<span class=\"elementor-divider-separator\">\n\t\t\t\t\t\t<\/span>\n\t\t<\/div>\n\t\t\t\t\t\t<\/div>\n\t\t\t\t<\/div>\n\t\t\t\t<div class=\"elementor-element elementor-element-4a9b3bf8 elementor-widget elementor-widget-heading\" data-id=\"4a9b3bf8\" data-element_type=\"widget\" data-e-type=\"widget\" data-widget_type=\"heading.default\">\n\t\t\t\t<div class=\"elementor-widget-container\">\n\t\t\t\t\t<h2 class=\"elementor-heading-title elementor-size-medium\">Ma note<\/h2>\t\t\t\t<\/div>\n\t\t\t\t<\/div>\n\t\t\t\t<div class=\"elementor-element elementor-element-6adcf97c elementor-star-rating--align-center elementor--star-style-star_fontawesome elementor-widget elementor-widget-star-rating\" data-id=\"6adcf97c\" data-element_type=\"widget\" data-e-type=\"widget\" data-widget_type=\"star-rating.default\">\n\t\t\t\t<div class=\"elementor-widget-container\">\n\t\t\t\t\t\t\t<div class=\"elementor-star-rating__wrapper\">\n\t\t\t\t\t\t<div class=\"elementor-star-rating\" itemtype=\"http:\/\/schema.org\/Rating\" itemscope=\"\" itemprop=\"reviewRating\">\n\t\t\t\t<i class=\"elementor-star-full\" aria-hidden=\"true\">&#xE934;<\/i><i class=\"elementor-star-full\" aria-hidden=\"true\">&#xE934;<\/i><i class=\"elementor-star-full\" aria-hidden=\"true\">&#xE934;<\/i><i class=\"elementor-star-full\" aria-hidden=\"true\">&#xE934;<\/i><i class=\"elementor-star-5\" aria-hidden=\"true\">&#xE934;<\/i>\t\t\t\t<span itemprop=\"ratingValue\" class=\"elementor-screen-only\">Not\u00e9 4.5 sur 5<\/span>\n\t\t\t<\/div>\n\t\t<\/div>\n\t\t\t\t\t\t<\/div>\n\t\t\t\t<\/div>\n\t\t\t\t<div class=\"elementor-element elementor-element-32257baf elementor-widget-divider--view-line elementor-widget elementor-widget-divider\" data-id=\"32257baf\" data-element_type=\"widget\" data-e-type=\"widget\" data-widget_type=\"divider.default\">\n\t\t\t\t<div class=\"elementor-widget-container\">\n\t\t\t\t\t\t\t<div class=\"elementor-divider\">\n\t\t\t<span class=\"elementor-divider-separator\">\n\t\t\t\t\t\t<\/span>\n\t\t<\/div>\n\t\t\t\t\t\t<\/div>\n\t\t\t\t<\/div>\n\t\t\t\t<div class=\"elementor-element elementor-element-6580e4ec elementor-widget elementor-widget-heading\" data-id=\"6580e4ec\" data-element_type=\"widget\" data-e-type=\"widget\" data-widget_type=\"heading.default\">\n\t\t\t\t<div class=\"elementor-widget-container\">\n\t\t\t\t\t<h2 class=\"elementor-heading-title elementor-size-medium\">Une le\u00e7on d'histoire<\/h2>\t\t\t\t<\/div>\n\t\t\t\t<\/div>\n\t\t\t\t<div class=\"elementor-element elementor-element-5dcf6527 elementor-widget elementor-widget-text-editor\" data-id=\"5dcf6527\" data-element_type=\"widget\" data-e-type=\"widget\" data-widget_type=\"text-editor.default\">\n\t\t\t\t<div class=\"elementor-widget-container\">\n\t\t\t\t\t\t\t\t\t<p>Nous sommes au <a href=\"https:\/\/sorbetkiwi.fr\/index.php\/category\/le-printemps\/\">printemps<\/a>, alors, j&rsquo;ai eu envie de choisir une BD dont le titre contient le mot fleur. Le cahier \u00e0 fleurs, cela me semblait plus qu&rsquo;ad\u00e9quat ! Ni une, ni deux, les yeux ferm\u00e9s, j&rsquo;y suis all\u00e9e. J&rsquo;ai tout de m\u00eame lu le r\u00e9sum\u00e9, je m&rsquo;attendais donc \u00e0 une histoire touchante, \u00e9videmment. Mais pas \u00e0 une le\u00e7on aussi compl\u00e8te. Rien que dans les dix premi\u00e8res lignes, j&rsquo;en ai \u00e9norm\u00e9ment appris sur le g\u00e9nocide arm\u00e9nien. Gr\u00e2ce au cahier des faits, au d\u00e9but de la BD, j&rsquo;ai pris conscience de l&rsquo;ampleur de ce massacre. C&rsquo;est absolument honteux \u00e0 quel point la premi\u00e8re guerre mondiale \u00e0 servi de pr\u00e9texte.\u00a0<\/p>\t\t\t\t\t\t\t\t<\/div>\n\t\t\t\t<\/div>\n\t\t\t\t<div class=\"elementor-element elementor-element-6a1db383 elementor-widget-divider--view-line elementor-widget elementor-widget-divider\" data-id=\"6a1db383\" data-element_type=\"widget\" data-e-type=\"widget\" data-widget_type=\"divider.default\">\n\t\t\t\t<div class=\"elementor-widget-container\">\n\t\t\t\t\t\t\t<div class=\"elementor-divider\">\n\t\t\t<span class=\"elementor-divider-separator\">\n\t\t\t\t\t\t<\/span>\n\t\t<\/div>\n\t\t\t\t\t\t<\/div>\n\t\t\t\t<\/div>\n\t\t\t\t<div class=\"elementor-element elementor-element-1519b868 elementor-widget elementor-widget-heading\" data-id=\"1519b868\" data-element_type=\"widget\" data-e-type=\"widget\" data-widget_type=\"heading.default\">\n\t\t\t\t<div class=\"elementor-widget-container\">\n\t\t\t\t\t<h4 class=\"elementor-heading-title elementor-size-medium\">\"Je voudrais simplement que notre histoire ne sombre pas dans l'oubli...\"<\/h4>\t\t\t\t<\/div>\n\t\t\t\t<\/div>\n\t\t\t\t<div class=\"elementor-element elementor-element-40c85b04 elementor-widget-divider--view-line elementor-widget elementor-widget-divider\" data-id=\"40c85b04\" data-element_type=\"widget\" data-e-type=\"widget\" data-widget_type=\"divider.default\">\n\t\t\t\t<div class=\"elementor-widget-container\">\n\t\t\t\t\t\t\t<div class=\"elementor-divider\">\n\t\t\t<span class=\"elementor-divider-separator\">\n\t\t\t\t\t\t<\/span>\n\t\t<\/div>\n\t\t\t\t\t\t<\/div>\n\t\t\t\t<\/div>\n\t\t\t\t<div class=\"elementor-element elementor-element-52b4f37c elementor-widget elementor-widget-heading\" data-id=\"52b4f37c\" data-element_type=\"widget\" data-e-type=\"widget\" data-widget_type=\"heading.default\">\n\t\t\t\t<div class=\"elementor-widget-container\">\n\t\t\t\t\t<h2 class=\"elementor-heading-title elementor-size-medium\">Le sujet de la propagande<\/h2>\t\t\t\t<\/div>\n\t\t\t\t<\/div>\n\t\t\t\t<div class=\"elementor-element elementor-element-597da889 elementor-widget elementor-widget-text-editor\" data-id=\"597da889\" data-element_type=\"widget\" data-e-type=\"widget\" data-widget_type=\"text-editor.default\">\n\t\t\t\t<div class=\"elementor-widget-container\">\n\t\t\t\t\t\t\t\t\t<p>A l&rsquo;image d&rsquo;un g\u00e9nocide, Le cahier \u00e0 fleurs est donc assez violent. Notamment en terme d&rsquo;images, \u00e9videmment. Ici, je peux me permettre de mettre des trigger warning pour viols et meurtres. La conversation entre le musicien et le vieil homme permet aussi d&rsquo;aborder la propagande n\u00e9gationniste. Du refus des oppresseurs ou des personnes \u00e9duqu\u00e9es par la propagande d&rsquo;entendre le r\u00e9cit des opprim\u00e9s. Cela me surprend \u00e0 chaque fois de constater \u00e0 quel point ces discours sont encore propag\u00e9s&#8230;\u00a0<\/p>\t\t\t\t\t\t\t\t<\/div>\n\t\t\t\t<\/div>\n\t\t\t\t<div class=\"elementor-element elementor-element-25e3f69b elementor-widget-divider--view-line elementor-widget elementor-widget-divider\" data-id=\"25e3f69b\" data-element_type=\"widget\" data-e-type=\"widget\" data-widget_type=\"divider.default\">\n\t\t\t\t<div class=\"elementor-widget-container\">\n\t\t\t\t\t\t\t<div class=\"elementor-divider\">\n\t\t\t<span class=\"elementor-divider-separator\">\n\t\t\t\t\t\t<\/span>\n\t\t<\/div>\n\t\t\t\t\t\t<\/div>\n\t\t\t\t<\/div>\n\t\t\t\t<div class=\"elementor-element elementor-element-38117078 elementor-widget elementor-widget-heading\" data-id=\"38117078\" data-element_type=\"widget\" data-e-type=\"widget\" data-widget_type=\"heading.default\">\n\t\t\t\t<div class=\"elementor-widget-container\">\n\t\t\t\t\t<h2 class=\"elementor-heading-title elementor-size-medium\">Un r\u00e9cit magnifique<\/h2>\t\t\t\t<\/div>\n\t\t\t\t<\/div>\n\t\t\t\t<div class=\"elementor-element elementor-element-37db614a elementor-widget elementor-widget-text-editor\" data-id=\"37db614a\" data-element_type=\"widget\" data-e-type=\"widget\" data-widget_type=\"text-editor.default\">\n\t\t\t\t<div class=\"elementor-widget-container\">\n\t\t\t\t\t\t\t\t\t<p>Je dois dire que j&rsquo;\u00e9tais bien contente de lire l&rsquo;int\u00e9grale. En effet, de base, le r\u00e9cit se divise <a href=\"https:\/\/www.livraddict.com\/biblio\/book.php?id=16412\">en 2 tomes<\/a>. Mais je ne comprends pas toujours ce besoin. Il doit y avoir des raisons \u00e9ditoriales, mais la fin du premier est tr\u00e8s abrupte. Dans un r\u00e9cit d\u00e9j\u00e0 \u00e9prouvant \u00e0 d\u00e9couvrir, quoi que n\u00e9cessaire. Je conseille donc vivement de ce tourner vers le regroupement des deux albums. Surtout que le r\u00e9cit est autrement rondement men\u00e9, et la chute&#8230; inattendue ! Peut-\u00eatre que la couverture ne paye pas de mine, mais c&rsquo;est vraiment un r\u00e9cit magnifique. Il est dur, oui, mais aussi profond\u00e9ment touchant. Que ce soit au travers des faits, des statistiques ou par le biais de la fiction ensuite, Le cahier \u00e0 fleurs m&rsquo;a vraiment \u00e9branl\u00e9. Je recommande.\u00a0<\/p><p>J&rsquo;ai emprunt\u00e9 cette BD <a href=\"https:\/\/sorbetkiwi.fr\/index.php\/category\/benevolat\/\">\u00e0 la m\u00e9diath\u00e8que<\/a>. Peut-\u00eatre est-elle \u00e9galement disponible dans la votre ?\u00a0<\/p>\t\t\t\t\t\t\t\t<\/div>\n\t\t\t\t<\/div>\n\t\t\t\t\t<\/div>\n\t\t<\/div>\n\t\t\t\t\t<\/div>\n\t\t<\/section>\n\t\t\t\t<\/div>\n\t\t","protected":false},"excerpt":{"rendered":"<p>Le cahier \u00e0 fleurs Galendon Nicaise R\u00e9sum\u00e9 Paris, 1983. Le concert d\u2019un jeune violoniste turc est interrompu par le malaise d\u2019un spectateur. Alors que les secours sont attendus, le vieillard prononce quelques mots qui attirent &hellip; <\/p>\n","protected":false},"author":1,"featured_media":2180,"comment_status":"open","ping_status":"open","sticky":false,"template":"","format":"standard","meta":{"footnotes":""},"categories":[7,13,1],"tags":[80,79,296,522,577,576,500,578],"class_list":["post-2179","post","type-post","status-publish","format-standard","has-post-thumbnail","hentry","category-benevolat","category-le-printemps","category-tout-le-blog","tag-bande-dessinee","tag-bd","tag-bd-du-mardi","tag-editions-bamboo","tag-laurent-galendon","tag-le-cahier-a-fleurs","tag-printemps","tag-viviane-nicaise","has-single-img"],"yoast_head":"<!-- This site is optimized with the Yoast SEO plugin v27.5 - https:\/\/yoast.com\/product\/yoast-seo-wordpress\/ -->\n<title>Le cahier \u00e0 fleurs de Galendon et Nicaise - Sorbet Kiwi<\/title>\n<meta name=\"description\" content=\"Ma chronique de l&#039;int\u00e9grale : Le Cahier \u00e0 fleurs de Laurent Galendon et Viviane Nicaise aux \u00e9ditions Bamboo.\" \/>\n<meta name=\"robots\" content=\"index, follow, max-snippet:-1, max-image-preview:large, max-video-preview:-1\" \/>\n<link rel=\"canonical\" href=\"https:\/\/sorbetkiwi.fr\/index.php\/le-cahier-a-fleurs-de-galendon-et-nicaise\/\" \/>\n<meta property=\"og:locale\" content=\"fr_FR\" \/>\n<meta property=\"og:type\" content=\"article\" \/>\n<meta property=\"og:title\" content=\"Le cahier \u00e0 fleurs de Galendon et Nicaise - Sorbet Kiwi\" \/>\n<meta property=\"og:description\" content=\"Ma chronique de l&#039;int\u00e9grale : Le Cahier \u00e0 fleurs de Laurent Galendon et Viviane Nicaise aux \u00e9ditions Bamboo.\" \/>\n<meta property=\"og:url\" content=\"https:\/\/sorbetkiwi.fr\/index.php\/le-cahier-a-fleurs-de-galendon-et-nicaise\/\" \/>\n<meta property=\"og:site_name\" content=\"Sorbet Kiwi\" \/>\n<meta property=\"article:publisher\" content=\"https:\/\/www.facebook.com\/profile.php?id=100086238893269\" \/>\n<meta property=\"article:published_time\" content=\"2023-05-23T07:23:54+00:00\" \/>\n<meta property=\"article:modified_time\" content=\"2023-05-23T07:23:56+00:00\" \/>\n<meta property=\"og:image\" content=\"https:\/\/sorbetkiwi.fr\/wp-content\/uploads\/2023\/03\/img_1535-scaled.jpg\" \/>\n\t<meta property=\"og:image:width\" content=\"1920\" \/>\n\t<meta property=\"og:image:height\" content=\"2560\" \/>\n\t<meta property=\"og:image:type\" content=\"image\/jpeg\" \/>\n<meta name=\"author\" content=\"Sorbet-Kiwi\" \/>\n<meta name=\"twitter:card\" content=\"summary_large_image\" \/>\n<meta name=\"twitter:creator\" content=\"@pepparshoes\" \/>\n<meta name=\"twitter:site\" content=\"@pepparshoes\" \/>\n<meta name=\"twitter:label1\" content=\"\u00c9crit par\" \/>\n\t<meta name=\"twitter:data1\" content=\"Sorbet-Kiwi\" \/>\n\t<meta name=\"twitter:label2\" content=\"Dur\u00e9e de lecture estim\u00e9e\" \/>\n\t<meta name=\"twitter:data2\" content=\"3 minutes\" \/>\n<script type=\"application\/ld+json\" class=\"yoast-schema-graph\">{\"@context\":\"https:\\\/\\\/schema.org\",\"@graph\":[{\"@type\":\"Article\",\"@id\":\"https:\\\/\\\/sorbetkiwi.fr\\\/index.php\\\/le-cahier-a-fleurs-de-galendon-et-nicaise\\\/#article\",\"isPartOf\":{\"@id\":\"https:\\\/\\\/sorbetkiwi.fr\\\/index.php\\\/le-cahier-a-fleurs-de-galendon-et-nicaise\\\/\"},\"author\":{\"name\":\"Sorbet-Kiwi\",\"@id\":\"https:\\\/\\\/sorbetkiwi.fr\\\/#\\\/schema\\\/person\\\/ed1b7b527a2957ddc3bf38b076540659\"},\"headline\":\"Le cahier \u00e0 fleurs de Galendon et Nicaise\",\"datePublished\":\"2023-05-23T07:23:54+00:00\",\"dateModified\":\"2023-05-23T07:23:56+00:00\",\"mainEntityOfPage\":{\"@id\":\"https:\\\/\\\/sorbetkiwi.fr\\\/index.php\\\/le-cahier-a-fleurs-de-galendon-et-nicaise\\\/\"},\"wordCount\":561,\"commentCount\":2,\"publisher\":{\"@id\":\"https:\\\/\\\/sorbetkiwi.fr\\\/#organization\"},\"image\":{\"@id\":\"https:\\\/\\\/sorbetkiwi.fr\\\/index.php\\\/le-cahier-a-fleurs-de-galendon-et-nicaise\\\/#primaryimage\"},\"thumbnailUrl\":\"https:\\\/\\\/sorbetkiwi.fr\\\/wp-content\\\/uploads\\\/2023\\\/03\\\/img_1535-scaled.jpg\",\"keywords\":[\"Bande dessin\u00e9e\",\"BD\",\"BD du mardi\",\"Editions Bamboo\",\"Laurent Galendon\",\"Le cahier \u00e0 fleurs\",\"Printemps\",\"Viviane Nicaise\"],\"articleSection\":[\"B\u00e9n\u00e9volat\",\"Le printemps\",\"Tout le blog\"],\"inLanguage\":\"fr-FR\",\"potentialAction\":[{\"@type\":\"CommentAction\",\"name\":\"Comment\",\"target\":[\"https:\\\/\\\/sorbetkiwi.fr\\\/index.php\\\/le-cahier-a-fleurs-de-galendon-et-nicaise\\\/#respond\"]}]},{\"@type\":\"WebPage\",\"@id\":\"https:\\\/\\\/sorbetkiwi.fr\\\/index.php\\\/le-cahier-a-fleurs-de-galendon-et-nicaise\\\/\",\"url\":\"https:\\\/\\\/sorbetkiwi.fr\\\/index.php\\\/le-cahier-a-fleurs-de-galendon-et-nicaise\\\/\",\"name\":\"Le cahier \u00e0 fleurs de Galendon et Nicaise - Sorbet Kiwi\",\"isPartOf\":{\"@id\":\"https:\\\/\\\/sorbetkiwi.fr\\\/#website\"},\"primaryImageOfPage\":{\"@id\":\"https:\\\/\\\/sorbetkiwi.fr\\\/index.php\\\/le-cahier-a-fleurs-de-galendon-et-nicaise\\\/#primaryimage\"},\"image\":{\"@id\":\"https:\\\/\\\/sorbetkiwi.fr\\\/index.php\\\/le-cahier-a-fleurs-de-galendon-et-nicaise\\\/#primaryimage\"},\"thumbnailUrl\":\"https:\\\/\\\/sorbetkiwi.fr\\\/wp-content\\\/uploads\\\/2023\\\/03\\\/img_1535-scaled.jpg\",\"datePublished\":\"2023-05-23T07:23:54+00:00\",\"dateModified\":\"2023-05-23T07:23:56+00:00\",\"description\":\"Ma chronique de l'int\u00e9grale : Le Cahier \u00e0 fleurs de Laurent Galendon et Viviane Nicaise aux \u00e9ditions Bamboo.\",\"breadcrumb\":{\"@id\":\"https:\\\/\\\/sorbetkiwi.fr\\\/index.php\\\/le-cahier-a-fleurs-de-galendon-et-nicaise\\\/#breadcrumb\"},\"inLanguage\":\"fr-FR\",\"potentialAction\":[{\"@type\":\"ReadAction\",\"target\":[\"https:\\\/\\\/sorbetkiwi.fr\\\/index.php\\\/le-cahier-a-fleurs-de-galendon-et-nicaise\\\/\"]}]},{\"@type\":\"ImageObject\",\"inLanguage\":\"fr-FR\",\"@id\":\"https:\\\/\\\/sorbetkiwi.fr\\\/index.php\\\/le-cahier-a-fleurs-de-galendon-et-nicaise\\\/#primaryimage\",\"url\":\"https:\\\/\\\/sorbetkiwi.fr\\\/wp-content\\\/uploads\\\/2023\\\/03\\\/img_1535-scaled.jpg\",\"contentUrl\":\"https:\\\/\\\/sorbetkiwi.fr\\\/wp-content\\\/uploads\\\/2023\\\/03\\\/img_1535-scaled.jpg\",\"width\":1920,\"height\":2560,\"caption\":\"Le cahier \u00e0 fleurs Galendon Nicaise\"},{\"@type\":\"BreadcrumbList\",\"@id\":\"https:\\\/\\\/sorbetkiwi.fr\\\/index.php\\\/le-cahier-a-fleurs-de-galendon-et-nicaise\\\/#breadcrumb\",\"itemListElement\":[{\"@type\":\"ListItem\",\"position\":1,\"name\":\"Accueil\",\"item\":\"https:\\\/\\\/sorbetkiwi.fr\\\/\"},{\"@type\":\"ListItem\",\"position\":2,\"name\":\"Le cahier \u00e0 fleurs de Galendon et Nicaise\"}]},{\"@type\":\"WebSite\",\"@id\":\"https:\\\/\\\/sorbetkiwi.fr\\\/#website\",\"url\":\"https:\\\/\\\/sorbetkiwi.fr\\\/\",\"name\":\"Sorbet Kiwi\",\"description\":\"Des lectures th\u00e9matiques par saison et les avis qui vont avec\",\"publisher\":{\"@id\":\"https:\\\/\\\/sorbetkiwi.fr\\\/#organization\"},\"potentialAction\":[{\"@type\":\"SearchAction\",\"target\":{\"@type\":\"EntryPoint\",\"urlTemplate\":\"https:\\\/\\\/sorbetkiwi.fr\\\/?s={search_term_string}\"},\"query-input\":{\"@type\":\"PropertyValueSpecification\",\"valueRequired\":true,\"valueName\":\"search_term_string\"}}],\"inLanguage\":\"fr-FR\"},{\"@type\":\"Organization\",\"@id\":\"https:\\\/\\\/sorbetkiwi.fr\\\/#organization\",\"name\":\"Sorbet Kiwi\",\"url\":\"https:\\\/\\\/sorbetkiwi.fr\\\/\",\"logo\":{\"@type\":\"ImageObject\",\"inLanguage\":\"fr-FR\",\"@id\":\"https:\\\/\\\/sorbetkiwi.fr\\\/#\\\/schema\\\/logo\\\/image\\\/\",\"url\":\"https:\\\/\\\/sorbetkiwi.fr\\\/wp-content\\\/uploads\\\/2022\\\/10\\\/Banniere-Sorbet-Kiwi-2022.jpg\",\"contentUrl\":\"https:\\\/\\\/sorbetkiwi.fr\\\/wp-content\\\/uploads\\\/2022\\\/10\\\/Banniere-Sorbet-Kiwi-2022.jpg\",\"width\":814,\"height\":401,\"caption\":\"Sorbet Kiwi\"},\"image\":{\"@id\":\"https:\\\/\\\/sorbetkiwi.fr\\\/#\\\/schema\\\/logo\\\/image\\\/\"},\"sameAs\":[\"https:\\\/\\\/www.facebook.com\\\/profile.php?id=100086238893269\",\"https:\\\/\\\/x.com\\\/pepparshoes\",\"https:\\\/\\\/www.instagram.com\\\/sorbetkiwi\\\/\",\"https:\\\/\\\/www.tiktok.com\\\/sorbetkiwi\"]},{\"@type\":\"Person\",\"@id\":\"https:\\\/\\\/sorbetkiwi.fr\\\/#\\\/schema\\\/person\\\/ed1b7b527a2957ddc3bf38b076540659\",\"name\":\"Sorbet-Kiwi\",\"image\":{\"@type\":\"ImageObject\",\"inLanguage\":\"fr-FR\",\"@id\":\"https:\\\/\\\/secure.gravatar.com\\\/avatar\\\/86f0a5c27d76317621b9e374d0f3a01d3a85278f10d0c7207ced4fd773057442?s=96&d=mm&r=g\",\"url\":\"https:\\\/\\\/secure.gravatar.com\\\/avatar\\\/86f0a5c27d76317621b9e374d0f3a01d3a85278f10d0c7207ced4fd773057442?s=96&d=mm&r=g\",\"contentUrl\":\"https:\\\/\\\/secure.gravatar.com\\\/avatar\\\/86f0a5c27d76317621b9e374d0f3a01d3a85278f10d0c7207ced4fd773057442?s=96&d=mm&r=g\",\"caption\":\"Sorbet-Kiwi\"},\"sameAs\":[\"http:\\\/\\\/sorbetkiwi.fr\"],\"url\":\"https:\\\/\\\/sorbetkiwi.fr\\\/index.php\\\/author\\\/admin7717\\\/\"}]}<\/script>\n<!-- \/ Yoast SEO plugin. -->","yoast_head_json":{"title":"Le cahier \u00e0 fleurs de Galendon et Nicaise - Sorbet Kiwi","description":"Ma chronique de l'int\u00e9grale : Le Cahier \u00e0 fleurs de Laurent Galendon et Viviane Nicaise aux \u00e9ditions Bamboo.","robots":{"index":"index","follow":"follow","max-snippet":"max-snippet:-1","max-image-preview":"max-image-preview:large","max-video-preview":"max-video-preview:-1"},"canonical":"https:\/\/sorbetkiwi.fr\/index.php\/le-cahier-a-fleurs-de-galendon-et-nicaise\/","og_locale":"fr_FR","og_type":"article","og_title":"Le cahier \u00e0 fleurs de Galendon et Nicaise - Sorbet Kiwi","og_description":"Ma chronique de l'int\u00e9grale : Le Cahier \u00e0 fleurs de Laurent Galendon et Viviane Nicaise aux \u00e9ditions Bamboo.","og_url":"https:\/\/sorbetkiwi.fr\/index.php\/le-cahier-a-fleurs-de-galendon-et-nicaise\/","og_site_name":"Sorbet Kiwi","article_publisher":"https:\/\/www.facebook.com\/profile.php?id=100086238893269","article_published_time":"2023-05-23T07:23:54+00:00","article_modified_time":"2023-05-23T07:23:56+00:00","og_image":[{"width":1920,"height":2560,"url":"https:\/\/sorbetkiwi.fr\/wp-content\/uploads\/2023\/03\/img_1535-scaled.jpg","type":"image\/jpeg"}],"author":"Sorbet-Kiwi","twitter_card":"summary_large_image","twitter_creator":"@pepparshoes","twitter_site":"@pepparshoes","twitter_misc":{"\u00c9crit par":"Sorbet-Kiwi","Dur\u00e9e de lecture estim\u00e9e":"3 minutes"},"schema":{"@context":"https:\/\/schema.org","@graph":[{"@type":"Article","@id":"https:\/\/sorbetkiwi.fr\/index.php\/le-cahier-a-fleurs-de-galendon-et-nicaise\/#article","isPartOf":{"@id":"https:\/\/sorbetkiwi.fr\/index.php\/le-cahier-a-fleurs-de-galendon-et-nicaise\/"},"author":{"name":"Sorbet-Kiwi","@id":"https:\/\/sorbetkiwi.fr\/#\/schema\/person\/ed1b7b527a2957ddc3bf38b076540659"},"headline":"Le cahier \u00e0 fleurs de Galendon et Nicaise","datePublished":"2023-05-23T07:23:54+00:00","dateModified":"2023-05-23T07:23:56+00:00","mainEntityOfPage":{"@id":"https:\/\/sorbetkiwi.fr\/index.php\/le-cahier-a-fleurs-de-galendon-et-nicaise\/"},"wordCount":561,"commentCount":2,"publisher":{"@id":"https:\/\/sorbetkiwi.fr\/#organization"},"image":{"@id":"https:\/\/sorbetkiwi.fr\/index.php\/le-cahier-a-fleurs-de-galendon-et-nicaise\/#primaryimage"},"thumbnailUrl":"https:\/\/sorbetkiwi.fr\/wp-content\/uploads\/2023\/03\/img_1535-scaled.jpg","keywords":["Bande dessin\u00e9e","BD","BD du mardi","Editions Bamboo","Laurent Galendon","Le cahier \u00e0 fleurs","Printemps","Viviane Nicaise"],"articleSection":["B\u00e9n\u00e9volat","Le printemps","Tout le blog"],"inLanguage":"fr-FR","potentialAction":[{"@type":"CommentAction","name":"Comment","target":["https:\/\/sorbetkiwi.fr\/index.php\/le-cahier-a-fleurs-de-galendon-et-nicaise\/#respond"]}]},{"@type":"WebPage","@id":"https:\/\/sorbetkiwi.fr\/index.php\/le-cahier-a-fleurs-de-galendon-et-nicaise\/","url":"https:\/\/sorbetkiwi.fr\/index.php\/le-cahier-a-fleurs-de-galendon-et-nicaise\/","name":"Le cahier \u00e0 fleurs de Galendon et Nicaise - Sorbet Kiwi","isPartOf":{"@id":"https:\/\/sorbetkiwi.fr\/#website"},"primaryImageOfPage":{"@id":"https:\/\/sorbetkiwi.fr\/index.php\/le-cahier-a-fleurs-de-galendon-et-nicaise\/#primaryimage"},"image":{"@id":"https:\/\/sorbetkiwi.fr\/index.php\/le-cahier-a-fleurs-de-galendon-et-nicaise\/#primaryimage"},"thumbnailUrl":"https:\/\/sorbetkiwi.fr\/wp-content\/uploads\/2023\/03\/img_1535-scaled.jpg","datePublished":"2023-05-23T07:23:54+00:00","dateModified":"2023-05-23T07:23:56+00:00","description":"Ma chronique de l'int\u00e9grale : Le Cahier \u00e0 fleurs de Laurent Galendon et Viviane Nicaise aux \u00e9ditions Bamboo.","breadcrumb":{"@id":"https:\/\/sorbetkiwi.fr\/index.php\/le-cahier-a-fleurs-de-galendon-et-nicaise\/#breadcrumb"},"inLanguage":"fr-FR","potentialAction":[{"@type":"ReadAction","target":["https:\/\/sorbetkiwi.fr\/index.php\/le-cahier-a-fleurs-de-galendon-et-nicaise\/"]}]},{"@type":"ImageObject","inLanguage":"fr-FR","@id":"https:\/\/sorbetkiwi.fr\/index.php\/le-cahier-a-fleurs-de-galendon-et-nicaise\/#primaryimage","url":"https:\/\/sorbetkiwi.fr\/wp-content\/uploads\/2023\/03\/img_1535-scaled.jpg","contentUrl":"https:\/\/sorbetkiwi.fr\/wp-content\/uploads\/2023\/03\/img_1535-scaled.jpg","width":1920,"height":2560,"caption":"Le cahier \u00e0 fleurs Galendon Nicaise"},{"@type":"BreadcrumbList","@id":"https:\/\/sorbetkiwi.fr\/index.php\/le-cahier-a-fleurs-de-galendon-et-nicaise\/#breadcrumb","itemListElement":[{"@type":"ListItem","position":1,"name":"Accueil","item":"https:\/\/sorbetkiwi.fr\/"},{"@type":"ListItem","position":2,"name":"Le cahier \u00e0 fleurs de Galendon et Nicaise"}]},{"@type":"WebSite","@id":"https:\/\/sorbetkiwi.fr\/#website","url":"https:\/\/sorbetkiwi.fr\/","name":"Sorbet Kiwi","description":"Des lectures th\u00e9matiques par saison et les avis qui vont avec","publisher":{"@id":"https:\/\/sorbetkiwi.fr\/#organization"},"potentialAction":[{"@type":"SearchAction","target":{"@type":"EntryPoint","urlTemplate":"https:\/\/sorbetkiwi.fr\/?s={search_term_string}"},"query-input":{"@type":"PropertyValueSpecification","valueRequired":true,"valueName":"search_term_string"}}],"inLanguage":"fr-FR"},{"@type":"Organization","@id":"https:\/\/sorbetkiwi.fr\/#organization","name":"Sorbet Kiwi","url":"https:\/\/sorbetkiwi.fr\/","logo":{"@type":"ImageObject","inLanguage":"fr-FR","@id":"https:\/\/sorbetkiwi.fr\/#\/schema\/logo\/image\/","url":"https:\/\/sorbetkiwi.fr\/wp-content\/uploads\/2022\/10\/Banniere-Sorbet-Kiwi-2022.jpg","contentUrl":"https:\/\/sorbetkiwi.fr\/wp-content\/uploads\/2022\/10\/Banniere-Sorbet-Kiwi-2022.jpg","width":814,"height":401,"caption":"Sorbet Kiwi"},"image":{"@id":"https:\/\/sorbetkiwi.fr\/#\/schema\/logo\/image\/"},"sameAs":["https:\/\/www.facebook.com\/profile.php?id=100086238893269","https:\/\/x.com\/pepparshoes","https:\/\/www.instagram.com\/sorbetkiwi\/","https:\/\/www.tiktok.com\/sorbetkiwi"]},{"@type":"Person","@id":"https:\/\/sorbetkiwi.fr\/#\/schema\/person\/ed1b7b527a2957ddc3bf38b076540659","name":"Sorbet-Kiwi","image":{"@type":"ImageObject","inLanguage":"fr-FR","@id":"https:\/\/secure.gravatar.com\/avatar\/86f0a5c27d76317621b9e374d0f3a01d3a85278f10d0c7207ced4fd773057442?s=96&d=mm&r=g","url":"https:\/\/secure.gravatar.com\/avatar\/86f0a5c27d76317621b9e374d0f3a01d3a85278f10d0c7207ced4fd773057442?s=96&d=mm&r=g","contentUrl":"https:\/\/secure.gravatar.com\/avatar\/86f0a5c27d76317621b9e374d0f3a01d3a85278f10d0c7207ced4fd773057442?s=96&d=mm&r=g","caption":"Sorbet-Kiwi"},"sameAs":["http:\/\/sorbetkiwi.fr"],"url":"https:\/\/sorbetkiwi.fr\/index.php\/author\/admin7717\/"}]}},"_links":{"self":[{"href":"https:\/\/sorbetkiwi.fr\/index.php\/wp-json\/wp\/v2\/posts\/2179","targetHints":{"allow":["GET"]}}],"collection":[{"href":"https:\/\/sorbetkiwi.fr\/index.php\/wp-json\/wp\/v2\/posts"}],"about":[{"href":"https:\/\/sorbetkiwi.fr\/index.php\/wp-json\/wp\/v2\/types\/post"}],"author":[{"embeddable":true,"href":"https:\/\/sorbetkiwi.fr\/index.php\/wp-json\/wp\/v2\/users\/1"}],"replies":[{"embeddable":true,"href":"https:\/\/sorbetkiwi.fr\/index.php\/wp-json\/wp\/v2\/comments?post=2179"}],"version-history":[{"count":9,"href":"https:\/\/sorbetkiwi.fr\/index.php\/wp-json\/wp\/v2\/posts\/2179\/revisions"}],"predecessor-version":[{"id":2656,"href":"https:\/\/sorbetkiwi.fr\/index.php\/wp-json\/wp\/v2\/posts\/2179\/revisions\/2656"}],"wp:featuredmedia":[{"embeddable":true,"href":"https:\/\/sorbetkiwi.fr\/index.php\/wp-json\/wp\/v2\/media\/2180"}],"wp:attachment":[{"href":"https:\/\/sorbetkiwi.fr\/index.php\/wp-json\/wp\/v2\/media?parent=2179"}],"wp:term":[{"taxonomy":"category","embeddable":true,"href":"https:\/\/sorbetkiwi.fr\/index.php\/wp-json\/wp\/v2\/categories?post=2179"},{"taxonomy":"post_tag","embeddable":true,"href":"https:\/\/sorbetkiwi.fr\/index.php\/wp-json\/wp\/v2\/tags?post=2179"}],"curies":[{"name":"wp","href":"https:\/\/api.w.org\/{rel}","templated":true}]}}