{"id":1823,"date":"2023-02-20T13:58:06","date_gmt":"2023-02-20T12:58:06","guid":{"rendered":"https:\/\/sorbetkiwi.fr\/?p=1823"},"modified":"2023-02-20T13:58:08","modified_gmt":"2023-02-20T12:58:08","slug":"sa-preferee-de-sarah-jollien-fardel","status":"publish","type":"post","link":"https:\/\/sorbetkiwi.fr\/index.php\/sa-preferee-de-sarah-jollien-fardel\/","title":{"rendered":"Sa pr\u00e9f\u00e9r\u00e9e de Sarah Jollien-Fardel"},"content":{"rendered":"\t\t<div data-elementor-type=\"wp-post\" data-elementor-id=\"1823\" class=\"elementor elementor-1823\">\n\t\t\t\t\t\t<section class=\"elementor-section elementor-top-section elementor-element elementor-element-628323a4 elementor-section-boxed elementor-section-height-default elementor-section-height-default\" data-id=\"628323a4\" data-element_type=\"section\" data-e-type=\"section\">\n\t\t\t\t\t\t<div class=\"elementor-container elementor-column-gap-default\">\n\t\t\t\t\t<div class=\"elementor-column elementor-col-100 elementor-top-column elementor-element elementor-element-42a348c9\" data-id=\"42a348c9\" data-element_type=\"column\" data-e-type=\"column\">\n\t\t\t<div class=\"elementor-widget-wrap elementor-element-populated\">\n\t\t\t\t\t\t<div class=\"elementor-element elementor-element-39e7f934 elementor-widget elementor-widget-heading\" data-id=\"39e7f934\" data-element_type=\"widget\" data-e-type=\"widget\" data-widget_type=\"heading.default\">\n\t\t\t\t<div class=\"elementor-widget-container\">\n\t\t\t\t\t<h1 class=\"elementor-heading-title elementor-size-medium\">Sa pr\u00e9f\u00e9r\u00e9e<\/h1>\t\t\t\t<\/div>\n\t\t\t\t<\/div>\n\t\t\t\t<div class=\"elementor-element elementor-element-6f8d469a elementor-view-default elementor-widget elementor-widget-icon\" data-id=\"6f8d469a\" data-element_type=\"widget\" data-e-type=\"widget\" data-widget_type=\"icon.default\">\n\t\t\t\t<div class=\"elementor-widget-container\">\n\t\t\t\t\t\t\t<div class=\"elementor-icon-wrapper\">\n\t\t\t<div class=\"elementor-icon\">\n\t\t\t<i aria-hidden=\"true\" class=\"far fa-heart\"><\/i>\t\t\t<\/div>\n\t\t<\/div>\n\t\t\t\t\t\t<\/div>\n\t\t\t\t<\/div>\n\t\t\t\t<div class=\"elementor-element elementor-element-6006307e elementor-widget-divider--view-line elementor-widget elementor-widget-divider\" data-id=\"6006307e\" data-element_type=\"widget\" data-e-type=\"widget\" data-widget_type=\"divider.default\">\n\t\t\t\t<div class=\"elementor-widget-container\">\n\t\t\t\t\t\t\t<div class=\"elementor-divider\">\n\t\t\t<span class=\"elementor-divider-separator\">\n\t\t\t\t\t\t<\/span>\n\t\t<\/div>\n\t\t\t\t\t\t<\/div>\n\t\t\t\t<\/div>\n\t\t\t\t<div class=\"elementor-element elementor-element-729c6f50 elementor-widget elementor-widget-heading\" data-id=\"729c6f50\" data-element_type=\"widget\" data-e-type=\"widget\" data-widget_type=\"heading.default\">\n\t\t\t\t<div class=\"elementor-widget-container\">\n\t\t\t\t\t<h2 class=\"elementor-heading-title elementor-size-medium\">R\u00e9sum\u00e9<\/h2>\t\t\t\t<\/div>\n\t\t\t\t<\/div>\n\t\t\t\t<div class=\"elementor-element elementor-element-1d9e3b05 elementor-widget elementor-widget-text-editor\" data-id=\"1d9e3b05\" data-element_type=\"widget\" data-e-type=\"widget\" data-widget_type=\"text-editor.default\">\n\t\t\t\t<div class=\"elementor-widget-container\">\n\t\t\t\t\t\t\t\t\t<p>Dans un village des montagnes valaisannes, Jeanne grandit en apprenant \u00e0 \u00e9viter et \u00e0 anticiper la violence de son p\u00e8re. Sa m\u00e8re et sa soeur a\u00een\u00e9e semblent r\u00e9sign\u00e9es tandis que les proches se taisent. Apr\u00e8s le suicide de sa soeur, Jeanne, devenue institutrice, s&rsquo;installe \u00e0 Lausanne. Peu \u00e0 peu, elle se construit, s&rsquo;ouvre aux autres et s&rsquo;autorise \u00e0 tomber amoureuse.<\/p>\t\t\t\t\t\t\t\t<\/div>\n\t\t\t\t<\/div>\n\t\t\t\t<div class=\"elementor-element elementor-element-68503455 elementor-widget-divider--view-line elementor-widget elementor-widget-divider\" data-id=\"68503455\" data-element_type=\"widget\" data-e-type=\"widget\" data-widget_type=\"divider.default\">\n\t\t\t\t<div class=\"elementor-widget-container\">\n\t\t\t\t\t\t\t<div class=\"elementor-divider\">\n\t\t\t<span class=\"elementor-divider-separator\">\n\t\t\t\t\t\t<\/span>\n\t\t<\/div>\n\t\t\t\t\t\t<\/div>\n\t\t\t\t<\/div>\n\t\t\t\t<div class=\"elementor-element elementor-element-187227c9 elementor-widget elementor-widget-heading\" data-id=\"187227c9\" data-element_type=\"widget\" data-e-type=\"widget\" data-widget_type=\"heading.default\">\n\t\t\t\t<div class=\"elementor-widget-container\">\n\t\t\t\t\t<h2 class=\"elementor-heading-title elementor-size-medium\">Ma note<\/h2>\t\t\t\t<\/div>\n\t\t\t\t<\/div>\n\t\t\t\t<div class=\"elementor-element elementor-element-b74c7da elementor-star-rating--align-center elementor--star-style-star_fontawesome elementor-widget elementor-widget-star-rating\" data-id=\"b74c7da\" data-element_type=\"widget\" data-e-type=\"widget\" data-widget_type=\"star-rating.default\">\n\t\t\t\t<div class=\"elementor-widget-container\">\n\t\t\t\t\t\t\t<div class=\"elementor-star-rating__wrapper\">\n\t\t\t\t\t\t<div class=\"elementor-star-rating\" itemtype=\"http:\/\/schema.org\/Rating\" itemscope=\"\" itemprop=\"reviewRating\">\n\t\t\t\t<i class=\"elementor-star-full\" aria-hidden=\"true\">&#xE934;<\/i><i class=\"elementor-star-full\" aria-hidden=\"true\">&#xE934;<\/i><i class=\"elementor-star-full\" aria-hidden=\"true\">&#xE934;<\/i><i class=\"elementor-star-full\" aria-hidden=\"true\">&#xE934;<\/i><i class=\"elementor-star-5\" aria-hidden=\"true\">&#xE934;<\/i>\t\t\t\t<span itemprop=\"ratingValue\" class=\"elementor-screen-only\">Not\u00e9 4.5 sur 5<\/span>\n\t\t\t<\/div>\n\t\t<\/div>\n\t\t\t\t\t\t<\/div>\n\t\t\t\t<\/div>\n\t\t\t\t<div class=\"elementor-element elementor-element-131f1293 elementor-widget-divider--view-line elementor-widget elementor-widget-divider\" data-id=\"131f1293\" data-element_type=\"widget\" data-e-type=\"widget\" data-widget_type=\"divider.default\">\n\t\t\t\t<div class=\"elementor-widget-container\">\n\t\t\t\t\t\t\t<div class=\"elementor-divider\">\n\t\t\t<span class=\"elementor-divider-separator\">\n\t\t\t\t\t\t<\/span>\n\t\t<\/div>\n\t\t\t\t\t\t<\/div>\n\t\t\t\t<\/div>\n\t\t\t\t<div class=\"elementor-element elementor-element-5dca3a1d elementor-widget elementor-widget-heading\" data-id=\"5dca3a1d\" data-element_type=\"widget\" data-e-type=\"widget\" data-widget_type=\"heading.default\">\n\t\t\t\t<div class=\"elementor-widget-container\">\n\t\t\t\t\t<h2 class=\"elementor-heading-title elementor-size-medium\">Impossible de passer \u00e0 c\u00f4t\u00e9<\/h2>\t\t\t\t<\/div>\n\t\t\t\t<\/div>\n\t\t\t\t<div class=\"elementor-element elementor-element-35c6c1bd elementor-widget elementor-widget-text-editor\" data-id=\"35c6c1bd\" data-element_type=\"widget\" data-e-type=\"widget\" data-widget_type=\"text-editor.default\">\n\t\t\t\t<div class=\"elementor-widget-container\">\n\t\t\t\t\t\t\t\t\t<p>C&rsquo;est en le cataloguant pour <a href=\"https:\/\/sorbetkiwi.fr\/index.php\/category\/benevolat\/\">la m\u00e9diath\u00e8que<\/a> que j&rsquo;ai d\u00e9couvert Sa pr\u00e9f\u00e9r\u00e9e. J&rsquo;\u00e9tais compl\u00e8tement pass\u00e9e \u00e0 c\u00f4t\u00e9 de ce roman lors de la derni\u00e8re rentr\u00e9e litt\u00e9raire. Heureusement qu&rsquo;il a crois\u00e9 mon chemin ! Je l&rsquo;ai mis dans ma valise en <a href=\"https:\/\/www.instagram.com\/p\/Cojme-dKN_G\/?utm_source=ig_web_copy_link\">direction de la Savoie<\/a>, et il a m\u00eame pass\u00e9 Lausanne. C&rsquo;est toujours quelque chose qui pr\u00eate \u00e0 sourire pour moi, lorsque le roman va l\u00e0 o\u00f9 se passe l&rsquo;histoire. Ici, nous passons des montagnes valaisannes \u00e0 la ville. J&rsquo;ai d\u00e9couvert un autre aspect de la Suisse, entre la bourgeoisie et les gens modestes de la campagne et ce que cela implique en terme de coh\u00e9sion sociale.\u00a0<\/p>\t\t\t\t\t\t\t\t<\/div>\n\t\t\t\t<\/div>\n\t\t\t\t<div class=\"elementor-element elementor-element-415ae371 elementor-widget-divider--view-line elementor-widget elementor-widget-divider\" data-id=\"415ae371\" data-element_type=\"widget\" data-e-type=\"widget\" data-widget_type=\"divider.default\">\n\t\t\t\t<div class=\"elementor-widget-container\">\n\t\t\t\t\t\t\t<div class=\"elementor-divider\">\n\t\t\t<span class=\"elementor-divider-separator\">\n\t\t\t\t\t\t<\/span>\n\t\t<\/div>\n\t\t\t\t\t\t<\/div>\n\t\t\t\t<\/div>\n\t\t\t\t<div class=\"elementor-element elementor-element-1b5015e7 elementor-widget elementor-widget-heading\" data-id=\"1b5015e7\" data-element_type=\"widget\" data-e-type=\"widget\" data-widget_type=\"heading.default\">\n\t\t\t\t<div class=\"elementor-widget-container\">\n\t\t\t\t\t<h4 class=\"elementor-heading-title elementor-size-medium\">\"Je suis gaie, soulag\u00e9e d'\u00eatre loin de l\u00e0 d'o\u00f9 je viens. Cent kilom\u00e8tres. Une peccadille. Pourtant, l'un apr\u00e8s l'autre, ces kilom\u00e8tres ont poli mes origines jusqu'\u00e0 les rendre invisibles. En surface.\"<\/h4>\t\t\t\t<\/div>\n\t\t\t\t<\/div>\n\t\t\t\t<div class=\"elementor-element elementor-element-7d13854c elementor-widget-divider--view-line elementor-widget elementor-widget-divider\" data-id=\"7d13854c\" data-element_type=\"widget\" data-e-type=\"widget\" data-widget_type=\"divider.default\">\n\t\t\t\t<div class=\"elementor-widget-container\">\n\t\t\t\t\t\t\t<div class=\"elementor-divider\">\n\t\t\t<span class=\"elementor-divider-separator\">\n\t\t\t\t\t\t<\/span>\n\t\t<\/div>\n\t\t\t\t\t\t<\/div>\n\t\t\t\t<\/div>\n\t\t\t\t<div class=\"elementor-element elementor-element-4ae54e40 elementor-widget elementor-widget-heading\" data-id=\"4ae54e40\" data-element_type=\"widget\" data-e-type=\"widget\" data-widget_type=\"heading.default\">\n\t\t\t\t<div class=\"elementor-widget-container\">\n\t\t\t\t\t<h2 class=\"elementor-heading-title elementor-size-medium\">A un cheveux du coup de coeur<\/h2>\t\t\t\t<\/div>\n\t\t\t\t<\/div>\n\t\t\t\t<div class=\"elementor-element elementor-element-69cd1d9f elementor-widget elementor-widget-text-editor\" data-id=\"69cd1d9f\" data-element_type=\"widget\" data-e-type=\"widget\" data-widget_type=\"text-editor.default\">\n\t\t\t\t<div class=\"elementor-widget-container\">\n\t\t\t\t\t\t\t\t\t<p>Sa pr\u00e9f\u00e9r\u00e9e m&rsquo;a imm\u00e9diatement propuls\u00e9 dans mon adolescence. Quand je dis cela, ce n&rsquo;est rien de joyeux. La violence faisait partie de ma vie. Je ne m&rsquo;en cache pas, puisque je ne suis en rien responsable du climat qui r\u00e9gnait \u00e0 la maison. Le roman explore justement cela. Comme la narratrice, je n&rsquo;ai pas \u00e0 culpabiliser, mais cela a forc\u00e9ment un impact sur notre vie. A jamais. La maltraitance ne nous l\u00e2che pas, on apprend \u00e0 vivre avec. C&rsquo;est peut-\u00eatre en cela, d&rsquo;ailleurs, que je n&rsquo;ai pas adh\u00e9r\u00e9 \u00e0 la fin. Je ne veux rien dire de plus, le roman se lit suffisamment vite et de fa\u00e7on fluide pour que vous puissiez la d\u00e9couvrir par vous-m\u00eame. Mais c&rsquo;est ce qui fait que cette histoire n&rsquo;est pas un coup de c\u0153ur.\u00a0<\/p>\t\t\t\t\t\t\t\t<\/div>\n\t\t\t\t<\/div>\n\t\t\t\t<div class=\"elementor-element elementor-element-b0f66e9 elementor-widget-divider--view-line elementor-widget elementor-widget-divider\" data-id=\"b0f66e9\" data-element_type=\"widget\" data-e-type=\"widget\" data-widget_type=\"divider.default\">\n\t\t\t\t<div class=\"elementor-widget-container\">\n\t\t\t\t\t\t\t<div class=\"elementor-divider\">\n\t\t\t<span class=\"elementor-divider-separator\">\n\t\t\t\t\t\t<\/span>\n\t\t<\/div>\n\t\t\t\t\t\t<\/div>\n\t\t\t\t<\/div>\n\t\t\t\t<div class=\"elementor-element elementor-element-6858c317 elementor-widget elementor-widget-heading\" data-id=\"6858c317\" data-element_type=\"widget\" data-e-type=\"widget\" data-widget_type=\"heading.default\">\n\t\t\t\t<div class=\"elementor-widget-container\">\n\t\t\t\t\t<h2 class=\"elementor-heading-title elementor-size-medium\">Une lecture essentielle mais difficile<\/h2>\t\t\t\t<\/div>\n\t\t\t\t<\/div>\n\t\t\t\t<div class=\"elementor-element elementor-element-5858108d elementor-widget elementor-widget-text-editor\" data-id=\"5858108d\" data-element_type=\"widget\" data-e-type=\"widget\" data-widget_type=\"text-editor.default\">\n\t\t\t\t<div class=\"elementor-widget-container\">\n\t\t\t\t\t\t\t\t\t<p>C\u2019est un roman dur. Difficile \u00e0 lire. Mais il a aussi \u00e9t\u00e9 pour moi une r\u00e9elle prise de conscience. Le fait d\u2019\u00eatre paralys\u00e9e par certains bruits, d\u2019avoir dormis la lumi\u00e8re allum\u00e9e pendant des ann\u00e9es en tant qu\u2019adulte\u2026 bref, je me suis retrouv\u00e9e dans ces traumas. Le p\u00e8re d\u2019Emma et Jeanne est encore un cran au dessus de ce que j\u2019ai pu vivre moi, en plus. Attention aux \u00e2mes sensibles, donc. J\u2019ai \u00e9t\u00e9 choqu\u00e9e, surprise, puis d\u00e9boussol\u00e9e au fil de ma lecture. Elle est poignante, mais aussi difficile \u00e0 lire, soyez pr\u00e9par\u00e9.<\/p>\t\t\t\t\t\t\t\t<\/div>\n\t\t\t\t<\/div>\n\t\t\t\t\t<\/div>\n\t\t<\/div>\n\t\t\t\t\t<\/div>\n\t\t<\/section>\n\t\t\t\t<\/div>\n\t\t","protected":false},"excerpt":{"rendered":"<p>Sa pr\u00e9f\u00e9r\u00e9e R\u00e9sum\u00e9 Dans un village des montagnes valaisannes, Jeanne grandit en apprenant \u00e0 \u00e9viter et \u00e0 anticiper la violence de son p\u00e8re. Sa m\u00e8re et sa soeur a\u00een\u00e9e semblent r\u00e9sign\u00e9es tandis que les proches &hellip; <\/p>\n","protected":false},"author":1,"featured_media":1824,"comment_status":"open","ping_status":"open","sticky":false,"template":"","format":"standard","meta":{"footnotes":""},"categories":[7,12,1],"tags":[488,487,230,484,483,485],"class_list":["post-1823","post","type-post","status-publish","format-standard","has-post-thumbnail","hentry","category-benevolat","category-saint-valentin","category-tout-le-blog","tag-abus","tag-maltraitance","tag-roman-contemporain","tag-sa-preferee","tag-sabine-wespieser-editeur","tag-sarah-jollien-fardel","has-single-img"],"yoast_head":"<!-- This site is optimized with the Yoast SEO plugin v27.4 - https:\/\/yoast.com\/product\/yoast-seo-wordpress\/ -->\n<title>Sa pr\u00e9f\u00e9r\u00e9e de Sarah Jollien-Fardel - Sorbet Kiwi<\/title>\n<meta name=\"description\" content=\"Ma chronique du roman de Sarah Jollien-Fardel Sa pr\u00e9f\u00e9r\u00e9e publi\u00e9 aux \u00e9ditions Sabine Wespieser pour la rentr\u00e9e litt\u00e9raire 2022.\" \/>\n<meta name=\"robots\" content=\"index, follow, max-snippet:-1, max-image-preview:large, max-video-preview:-1\" \/>\n<link rel=\"canonical\" href=\"https:\/\/sorbetkiwi.fr\/index.php\/sa-preferee-de-sarah-jollien-fardel\/\" \/>\n<meta property=\"og:locale\" content=\"fr_FR\" \/>\n<meta property=\"og:type\" content=\"article\" \/>\n<meta property=\"og:title\" content=\"Sa pr\u00e9f\u00e9r\u00e9e de Sarah Jollien-Fardel - Sorbet Kiwi\" \/>\n<meta property=\"og:description\" content=\"Ma chronique du roman de Sarah Jollien-Fardel Sa pr\u00e9f\u00e9r\u00e9e publi\u00e9 aux \u00e9ditions Sabine Wespieser pour la rentr\u00e9e litt\u00e9raire 2022.\" \/>\n<meta property=\"og:url\" content=\"https:\/\/sorbetkiwi.fr\/index.php\/sa-preferee-de-sarah-jollien-fardel\/\" \/>\n<meta property=\"og:site_name\" content=\"Sorbet Kiwi\" \/>\n<meta property=\"article:publisher\" content=\"https:\/\/www.facebook.com\/profile.php?id=100086238893269\" \/>\n<meta property=\"article:published_time\" content=\"2023-02-20T12:58:06+00:00\" \/>\n<meta property=\"article:modified_time\" content=\"2023-02-20T12:58:08+00:00\" \/>\n<meta property=\"og:image\" content=\"https:\/\/sorbetkiwi.fr\/wp-content\/uploads\/2023\/02\/img_2487-scaled.jpg\" \/>\n\t<meta property=\"og:image:width\" content=\"1920\" \/>\n\t<meta property=\"og:image:height\" content=\"2560\" \/>\n\t<meta property=\"og:image:type\" content=\"image\/jpeg\" \/>\n<meta name=\"author\" content=\"Sorbet-Kiwi\" \/>\n<meta name=\"twitter:card\" content=\"summary_large_image\" \/>\n<meta name=\"twitter:creator\" content=\"@pepparshoes\" \/>\n<meta name=\"twitter:site\" content=\"@pepparshoes\" \/>\n<meta name=\"twitter:label1\" content=\"\u00c9crit par\" \/>\n\t<meta name=\"twitter:data1\" content=\"Sorbet-Kiwi\" \/>\n\t<meta name=\"twitter:label2\" content=\"Dur\u00e9e de lecture estim\u00e9e\" \/>\n\t<meta name=\"twitter:data2\" content=\"3 minutes\" \/>\n<script type=\"application\/ld+json\" class=\"yoast-schema-graph\">{\"@context\":\"https:\\\/\\\/schema.org\",\"@graph\":[{\"@type\":\"Article\",\"@id\":\"https:\\\/\\\/sorbetkiwi.fr\\\/index.php\\\/sa-preferee-de-sarah-jollien-fardel\\\/#article\",\"isPartOf\":{\"@id\":\"https:\\\/\\\/sorbetkiwi.fr\\\/index.php\\\/sa-preferee-de-sarah-jollien-fardel\\\/\"},\"author\":{\"name\":\"Sorbet-Kiwi\",\"@id\":\"https:\\\/\\\/sorbetkiwi.fr\\\/#\\\/schema\\\/person\\\/ed1b7b527a2957ddc3bf38b076540659\"},\"headline\":\"Sa pr\u00e9f\u00e9r\u00e9e de Sarah Jollien-Fardel\",\"datePublished\":\"2023-02-20T12:58:06+00:00\",\"dateModified\":\"2023-02-20T12:58:08+00:00\",\"mainEntityOfPage\":{\"@id\":\"https:\\\/\\\/sorbetkiwi.fr\\\/index.php\\\/sa-preferee-de-sarah-jollien-fardel\\\/\"},\"wordCount\":521,\"commentCount\":0,\"publisher\":{\"@id\":\"https:\\\/\\\/sorbetkiwi.fr\\\/#organization\"},\"image\":{\"@id\":\"https:\\\/\\\/sorbetkiwi.fr\\\/index.php\\\/sa-preferee-de-sarah-jollien-fardel\\\/#primaryimage\"},\"thumbnailUrl\":\"https:\\\/\\\/sorbetkiwi.fr\\\/wp-content\\\/uploads\\\/2023\\\/02\\\/img_2487-scaled.jpg\",\"keywords\":[\"ABus\",\"Maltraitance\",\"Roman contemporain\",\"Sa pr\u00e9f\u00e9r\u00e9e\",\"Sabine Wespieser Editeur\",\"Sarah JOllien-Fardel\"],\"articleSection\":[\"B\u00e9n\u00e9volat\",\"Saint Valentin\",\"Tout le blog\"],\"inLanguage\":\"fr-FR\",\"potentialAction\":[{\"@type\":\"CommentAction\",\"name\":\"Comment\",\"target\":[\"https:\\\/\\\/sorbetkiwi.fr\\\/index.php\\\/sa-preferee-de-sarah-jollien-fardel\\\/#respond\"]}]},{\"@type\":\"WebPage\",\"@id\":\"https:\\\/\\\/sorbetkiwi.fr\\\/index.php\\\/sa-preferee-de-sarah-jollien-fardel\\\/\",\"url\":\"https:\\\/\\\/sorbetkiwi.fr\\\/index.php\\\/sa-preferee-de-sarah-jollien-fardel\\\/\",\"name\":\"Sa pr\u00e9f\u00e9r\u00e9e de Sarah Jollien-Fardel - Sorbet Kiwi\",\"isPartOf\":{\"@id\":\"https:\\\/\\\/sorbetkiwi.fr\\\/#website\"},\"primaryImageOfPage\":{\"@id\":\"https:\\\/\\\/sorbetkiwi.fr\\\/index.php\\\/sa-preferee-de-sarah-jollien-fardel\\\/#primaryimage\"},\"image\":{\"@id\":\"https:\\\/\\\/sorbetkiwi.fr\\\/index.php\\\/sa-preferee-de-sarah-jollien-fardel\\\/#primaryimage\"},\"thumbnailUrl\":\"https:\\\/\\\/sorbetkiwi.fr\\\/wp-content\\\/uploads\\\/2023\\\/02\\\/img_2487-scaled.jpg\",\"datePublished\":\"2023-02-20T12:58:06+00:00\",\"dateModified\":\"2023-02-20T12:58:08+00:00\",\"description\":\"Ma chronique du roman de Sarah Jollien-Fardel Sa pr\u00e9f\u00e9r\u00e9e publi\u00e9 aux \u00e9ditions Sabine Wespieser pour la rentr\u00e9e litt\u00e9raire 2022.\",\"breadcrumb\":{\"@id\":\"https:\\\/\\\/sorbetkiwi.fr\\\/index.php\\\/sa-preferee-de-sarah-jollien-fardel\\\/#breadcrumb\"},\"inLanguage\":\"fr-FR\",\"potentialAction\":[{\"@type\":\"ReadAction\",\"target\":[\"https:\\\/\\\/sorbetkiwi.fr\\\/index.php\\\/sa-preferee-de-sarah-jollien-fardel\\\/\"]}]},{\"@type\":\"ImageObject\",\"inLanguage\":\"fr-FR\",\"@id\":\"https:\\\/\\\/sorbetkiwi.fr\\\/index.php\\\/sa-preferee-de-sarah-jollien-fardel\\\/#primaryimage\",\"url\":\"https:\\\/\\\/sorbetkiwi.fr\\\/wp-content\\\/uploads\\\/2023\\\/02\\\/img_2487-scaled.jpg\",\"contentUrl\":\"https:\\\/\\\/sorbetkiwi.fr\\\/wp-content\\\/uploads\\\/2023\\\/02\\\/img_2487-scaled.jpg\",\"width\":1920,\"height\":2560,\"caption\":\"Sa pr\u00e9f\u00e9r\u00e9e Sarah Jollien-Fardel\"},{\"@type\":\"BreadcrumbList\",\"@id\":\"https:\\\/\\\/sorbetkiwi.fr\\\/index.php\\\/sa-preferee-de-sarah-jollien-fardel\\\/#breadcrumb\",\"itemListElement\":[{\"@type\":\"ListItem\",\"position\":1,\"name\":\"Accueil\",\"item\":\"https:\\\/\\\/sorbetkiwi.fr\\\/\"},{\"@type\":\"ListItem\",\"position\":2,\"name\":\"Sa pr\u00e9f\u00e9r\u00e9e de Sarah Jollien-Fardel\"}]},{\"@type\":\"WebSite\",\"@id\":\"https:\\\/\\\/sorbetkiwi.fr\\\/#website\",\"url\":\"https:\\\/\\\/sorbetkiwi.fr\\\/\",\"name\":\"Sorbet Kiwi\",\"description\":\"Des lectures th\u00e9matiques par saison et les avis qui vont avec\",\"publisher\":{\"@id\":\"https:\\\/\\\/sorbetkiwi.fr\\\/#organization\"},\"potentialAction\":[{\"@type\":\"SearchAction\",\"target\":{\"@type\":\"EntryPoint\",\"urlTemplate\":\"https:\\\/\\\/sorbetkiwi.fr\\\/?s={search_term_string}\"},\"query-input\":{\"@type\":\"PropertyValueSpecification\",\"valueRequired\":true,\"valueName\":\"search_term_string\"}}],\"inLanguage\":\"fr-FR\"},{\"@type\":\"Organization\",\"@id\":\"https:\\\/\\\/sorbetkiwi.fr\\\/#organization\",\"name\":\"Sorbet Kiwi\",\"url\":\"https:\\\/\\\/sorbetkiwi.fr\\\/\",\"logo\":{\"@type\":\"ImageObject\",\"inLanguage\":\"fr-FR\",\"@id\":\"https:\\\/\\\/sorbetkiwi.fr\\\/#\\\/schema\\\/logo\\\/image\\\/\",\"url\":\"https:\\\/\\\/sorbetkiwi.fr\\\/wp-content\\\/uploads\\\/2022\\\/10\\\/Banniere-Sorbet-Kiwi-2022.jpg\",\"contentUrl\":\"https:\\\/\\\/sorbetkiwi.fr\\\/wp-content\\\/uploads\\\/2022\\\/10\\\/Banniere-Sorbet-Kiwi-2022.jpg\",\"width\":814,\"height\":401,\"caption\":\"Sorbet Kiwi\"},\"image\":{\"@id\":\"https:\\\/\\\/sorbetkiwi.fr\\\/#\\\/schema\\\/logo\\\/image\\\/\"},\"sameAs\":[\"https:\\\/\\\/www.facebook.com\\\/profile.php?id=100086238893269\",\"https:\\\/\\\/x.com\\\/pepparshoes\",\"https:\\\/\\\/www.instagram.com\\\/sorbetkiwi\\\/\",\"https:\\\/\\\/www.tiktok.com\\\/sorbetkiwi\"]},{\"@type\":\"Person\",\"@id\":\"https:\\\/\\\/sorbetkiwi.fr\\\/#\\\/schema\\\/person\\\/ed1b7b527a2957ddc3bf38b076540659\",\"name\":\"Sorbet-Kiwi\",\"image\":{\"@type\":\"ImageObject\",\"inLanguage\":\"fr-FR\",\"@id\":\"https:\\\/\\\/secure.gravatar.com\\\/avatar\\\/86f0a5c27d76317621b9e374d0f3a01d3a85278f10d0c7207ced4fd773057442?s=96&d=mm&r=g\",\"url\":\"https:\\\/\\\/secure.gravatar.com\\\/avatar\\\/86f0a5c27d76317621b9e374d0f3a01d3a85278f10d0c7207ced4fd773057442?s=96&d=mm&r=g\",\"contentUrl\":\"https:\\\/\\\/secure.gravatar.com\\\/avatar\\\/86f0a5c27d76317621b9e374d0f3a01d3a85278f10d0c7207ced4fd773057442?s=96&d=mm&r=g\",\"caption\":\"Sorbet-Kiwi\"},\"sameAs\":[\"http:\\\/\\\/sorbetkiwi.fr\"],\"url\":\"https:\\\/\\\/sorbetkiwi.fr\\\/index.php\\\/author\\\/admin7717\\\/\"}]}<\/script>\n<!-- \/ Yoast SEO plugin. -->","yoast_head_json":{"title":"Sa pr\u00e9f\u00e9r\u00e9e de Sarah Jollien-Fardel - Sorbet Kiwi","description":"Ma chronique du roman de Sarah Jollien-Fardel Sa pr\u00e9f\u00e9r\u00e9e publi\u00e9 aux \u00e9ditions Sabine Wespieser pour la rentr\u00e9e litt\u00e9raire 2022.","robots":{"index":"index","follow":"follow","max-snippet":"max-snippet:-1","max-image-preview":"max-image-preview:large","max-video-preview":"max-video-preview:-1"},"canonical":"https:\/\/sorbetkiwi.fr\/index.php\/sa-preferee-de-sarah-jollien-fardel\/","og_locale":"fr_FR","og_type":"article","og_title":"Sa pr\u00e9f\u00e9r\u00e9e de Sarah Jollien-Fardel - Sorbet Kiwi","og_description":"Ma chronique du roman de Sarah Jollien-Fardel Sa pr\u00e9f\u00e9r\u00e9e publi\u00e9 aux \u00e9ditions Sabine Wespieser pour la rentr\u00e9e litt\u00e9raire 2022.","og_url":"https:\/\/sorbetkiwi.fr\/index.php\/sa-preferee-de-sarah-jollien-fardel\/","og_site_name":"Sorbet Kiwi","article_publisher":"https:\/\/www.facebook.com\/profile.php?id=100086238893269","article_published_time":"2023-02-20T12:58:06+00:00","article_modified_time":"2023-02-20T12:58:08+00:00","og_image":[{"width":1920,"height":2560,"url":"https:\/\/sorbetkiwi.fr\/wp-content\/uploads\/2023\/02\/img_2487-scaled.jpg","type":"image\/jpeg"}],"author":"Sorbet-Kiwi","twitter_card":"summary_large_image","twitter_creator":"@pepparshoes","twitter_site":"@pepparshoes","twitter_misc":{"\u00c9crit par":"Sorbet-Kiwi","Dur\u00e9e de lecture estim\u00e9e":"3 minutes"},"schema":{"@context":"https:\/\/schema.org","@graph":[{"@type":"Article","@id":"https:\/\/sorbetkiwi.fr\/index.php\/sa-preferee-de-sarah-jollien-fardel\/#article","isPartOf":{"@id":"https:\/\/sorbetkiwi.fr\/index.php\/sa-preferee-de-sarah-jollien-fardel\/"},"author":{"name":"Sorbet-Kiwi","@id":"https:\/\/sorbetkiwi.fr\/#\/schema\/person\/ed1b7b527a2957ddc3bf38b076540659"},"headline":"Sa pr\u00e9f\u00e9r\u00e9e de Sarah Jollien-Fardel","datePublished":"2023-02-20T12:58:06+00:00","dateModified":"2023-02-20T12:58:08+00:00","mainEntityOfPage":{"@id":"https:\/\/sorbetkiwi.fr\/index.php\/sa-preferee-de-sarah-jollien-fardel\/"},"wordCount":521,"commentCount":0,"publisher":{"@id":"https:\/\/sorbetkiwi.fr\/#organization"},"image":{"@id":"https:\/\/sorbetkiwi.fr\/index.php\/sa-preferee-de-sarah-jollien-fardel\/#primaryimage"},"thumbnailUrl":"https:\/\/sorbetkiwi.fr\/wp-content\/uploads\/2023\/02\/img_2487-scaled.jpg","keywords":["ABus","Maltraitance","Roman contemporain","Sa pr\u00e9f\u00e9r\u00e9e","Sabine Wespieser Editeur","Sarah JOllien-Fardel"],"articleSection":["B\u00e9n\u00e9volat","Saint Valentin","Tout le blog"],"inLanguage":"fr-FR","potentialAction":[{"@type":"CommentAction","name":"Comment","target":["https:\/\/sorbetkiwi.fr\/index.php\/sa-preferee-de-sarah-jollien-fardel\/#respond"]}]},{"@type":"WebPage","@id":"https:\/\/sorbetkiwi.fr\/index.php\/sa-preferee-de-sarah-jollien-fardel\/","url":"https:\/\/sorbetkiwi.fr\/index.php\/sa-preferee-de-sarah-jollien-fardel\/","name":"Sa pr\u00e9f\u00e9r\u00e9e de Sarah Jollien-Fardel - Sorbet Kiwi","isPartOf":{"@id":"https:\/\/sorbetkiwi.fr\/#website"},"primaryImageOfPage":{"@id":"https:\/\/sorbetkiwi.fr\/index.php\/sa-preferee-de-sarah-jollien-fardel\/#primaryimage"},"image":{"@id":"https:\/\/sorbetkiwi.fr\/index.php\/sa-preferee-de-sarah-jollien-fardel\/#primaryimage"},"thumbnailUrl":"https:\/\/sorbetkiwi.fr\/wp-content\/uploads\/2023\/02\/img_2487-scaled.jpg","datePublished":"2023-02-20T12:58:06+00:00","dateModified":"2023-02-20T12:58:08+00:00","description":"Ma chronique du roman de Sarah Jollien-Fardel Sa pr\u00e9f\u00e9r\u00e9e publi\u00e9 aux \u00e9ditions Sabine Wespieser pour la rentr\u00e9e litt\u00e9raire 2022.","breadcrumb":{"@id":"https:\/\/sorbetkiwi.fr\/index.php\/sa-preferee-de-sarah-jollien-fardel\/#breadcrumb"},"inLanguage":"fr-FR","potentialAction":[{"@type":"ReadAction","target":["https:\/\/sorbetkiwi.fr\/index.php\/sa-preferee-de-sarah-jollien-fardel\/"]}]},{"@type":"ImageObject","inLanguage":"fr-FR","@id":"https:\/\/sorbetkiwi.fr\/index.php\/sa-preferee-de-sarah-jollien-fardel\/#primaryimage","url":"https:\/\/sorbetkiwi.fr\/wp-content\/uploads\/2023\/02\/img_2487-scaled.jpg","contentUrl":"https:\/\/sorbetkiwi.fr\/wp-content\/uploads\/2023\/02\/img_2487-scaled.jpg","width":1920,"height":2560,"caption":"Sa pr\u00e9f\u00e9r\u00e9e Sarah Jollien-Fardel"},{"@type":"BreadcrumbList","@id":"https:\/\/sorbetkiwi.fr\/index.php\/sa-preferee-de-sarah-jollien-fardel\/#breadcrumb","itemListElement":[{"@type":"ListItem","position":1,"name":"Accueil","item":"https:\/\/sorbetkiwi.fr\/"},{"@type":"ListItem","position":2,"name":"Sa pr\u00e9f\u00e9r\u00e9e de Sarah Jollien-Fardel"}]},{"@type":"WebSite","@id":"https:\/\/sorbetkiwi.fr\/#website","url":"https:\/\/sorbetkiwi.fr\/","name":"Sorbet Kiwi","description":"Des lectures th\u00e9matiques par saison et les avis qui vont avec","publisher":{"@id":"https:\/\/sorbetkiwi.fr\/#organization"},"potentialAction":[{"@type":"SearchAction","target":{"@type":"EntryPoint","urlTemplate":"https:\/\/sorbetkiwi.fr\/?s={search_term_string}"},"query-input":{"@type":"PropertyValueSpecification","valueRequired":true,"valueName":"search_term_string"}}],"inLanguage":"fr-FR"},{"@type":"Organization","@id":"https:\/\/sorbetkiwi.fr\/#organization","name":"Sorbet Kiwi","url":"https:\/\/sorbetkiwi.fr\/","logo":{"@type":"ImageObject","inLanguage":"fr-FR","@id":"https:\/\/sorbetkiwi.fr\/#\/schema\/logo\/image\/","url":"https:\/\/sorbetkiwi.fr\/wp-content\/uploads\/2022\/10\/Banniere-Sorbet-Kiwi-2022.jpg","contentUrl":"https:\/\/sorbetkiwi.fr\/wp-content\/uploads\/2022\/10\/Banniere-Sorbet-Kiwi-2022.jpg","width":814,"height":401,"caption":"Sorbet Kiwi"},"image":{"@id":"https:\/\/sorbetkiwi.fr\/#\/schema\/logo\/image\/"},"sameAs":["https:\/\/www.facebook.com\/profile.php?id=100086238893269","https:\/\/x.com\/pepparshoes","https:\/\/www.instagram.com\/sorbetkiwi\/","https:\/\/www.tiktok.com\/sorbetkiwi"]},{"@type":"Person","@id":"https:\/\/sorbetkiwi.fr\/#\/schema\/person\/ed1b7b527a2957ddc3bf38b076540659","name":"Sorbet-Kiwi","image":{"@type":"ImageObject","inLanguage":"fr-FR","@id":"https:\/\/secure.gravatar.com\/avatar\/86f0a5c27d76317621b9e374d0f3a01d3a85278f10d0c7207ced4fd773057442?s=96&d=mm&r=g","url":"https:\/\/secure.gravatar.com\/avatar\/86f0a5c27d76317621b9e374d0f3a01d3a85278f10d0c7207ced4fd773057442?s=96&d=mm&r=g","contentUrl":"https:\/\/secure.gravatar.com\/avatar\/86f0a5c27d76317621b9e374d0f3a01d3a85278f10d0c7207ced4fd773057442?s=96&d=mm&r=g","caption":"Sorbet-Kiwi"},"sameAs":["http:\/\/sorbetkiwi.fr"],"url":"https:\/\/sorbetkiwi.fr\/index.php\/author\/admin7717\/"}]}},"_links":{"self":[{"href":"https:\/\/sorbetkiwi.fr\/index.php\/wp-json\/wp\/v2\/posts\/1823","targetHints":{"allow":["GET"]}}],"collection":[{"href":"https:\/\/sorbetkiwi.fr\/index.php\/wp-json\/wp\/v2\/posts"}],"about":[{"href":"https:\/\/sorbetkiwi.fr\/index.php\/wp-json\/wp\/v2\/types\/post"}],"author":[{"embeddable":true,"href":"https:\/\/sorbetkiwi.fr\/index.php\/wp-json\/wp\/v2\/users\/1"}],"replies":[{"embeddable":true,"href":"https:\/\/sorbetkiwi.fr\/index.php\/wp-json\/wp\/v2\/comments?post=1823"}],"version-history":[{"count":12,"href":"https:\/\/sorbetkiwi.fr\/index.php\/wp-json\/wp\/v2\/posts\/1823\/revisions"}],"predecessor-version":[{"id":1840,"href":"https:\/\/sorbetkiwi.fr\/index.php\/wp-json\/wp\/v2\/posts\/1823\/revisions\/1840"}],"wp:featuredmedia":[{"embeddable":true,"href":"https:\/\/sorbetkiwi.fr\/index.php\/wp-json\/wp\/v2\/media\/1824"}],"wp:attachment":[{"href":"https:\/\/sorbetkiwi.fr\/index.php\/wp-json\/wp\/v2\/media?parent=1823"}],"wp:term":[{"taxonomy":"category","embeddable":true,"href":"https:\/\/sorbetkiwi.fr\/index.php\/wp-json\/wp\/v2\/categories?post=1823"},{"taxonomy":"post_tag","embeddable":true,"href":"https:\/\/sorbetkiwi.fr\/index.php\/wp-json\/wp\/v2\/tags?post=1823"}],"curies":[{"name":"wp","href":"https:\/\/api.w.org\/{rel}","templated":true}]}}