{"id":1724,"date":"2023-02-07T09:38:50","date_gmt":"2023-02-07T08:38:50","guid":{"rendered":"https:\/\/sorbetkiwi.fr\/?p=1724"},"modified":"2023-02-07T09:38:51","modified_gmt":"2023-02-07T08:38:51","slug":"journal-infime-de-julien-neel","status":"publish","type":"post","link":"https:\/\/sorbetkiwi.fr\/index.php\/journal-infime-de-julien-neel\/","title":{"rendered":"Journal infime de Julien Neel"},"content":{"rendered":"\t\t<div data-elementor-type=\"wp-post\" data-elementor-id=\"1724\" class=\"elementor elementor-1724\">\n\t\t\t\t\t\t<section class=\"elementor-section elementor-top-section elementor-element elementor-element-5ff88955 elementor-section-boxed elementor-section-height-default elementor-section-height-default\" data-id=\"5ff88955\" data-element_type=\"section\" data-e-type=\"section\">\n\t\t\t\t\t\t<div class=\"elementor-container elementor-column-gap-default\">\n\t\t\t\t\t<div class=\"elementor-column elementor-col-100 elementor-top-column elementor-element elementor-element-3d7b8577\" data-id=\"3d7b8577\" data-element_type=\"column\" data-e-type=\"column\">\n\t\t\t<div class=\"elementor-widget-wrap elementor-element-populated\">\n\t\t\t\t\t\t<div class=\"elementor-element elementor-element-1096a572 elementor-widget elementor-widget-heading\" data-id=\"1096a572\" data-element_type=\"widget\" data-e-type=\"widget\" data-widget_type=\"heading.default\">\n\t\t\t\t<div class=\"elementor-widget-container\">\n\t\t\t\t\t<h1 class=\"elementor-heading-title elementor-size-medium\">Lou 1 Journal Infime Julien Neel<\/h1>\t\t\t\t<\/div>\n\t\t\t\t<\/div>\n\t\t\t\t<div class=\"elementor-element elementor-element-2b7f9a6f elementor-view-default elementor-widget elementor-widget-icon\" data-id=\"2b7f9a6f\" data-element_type=\"widget\" data-e-type=\"widget\" data-widget_type=\"icon.default\">\n\t\t\t\t<div class=\"elementor-widget-container\">\n\t\t\t\t\t\t\t<div class=\"elementor-icon-wrapper\">\n\t\t\t<div class=\"elementor-icon\">\n\t\t\t<i aria-hidden=\"true\" class=\"far fa-heart\"><\/i>\t\t\t<\/div>\n\t\t<\/div>\n\t\t\t\t\t\t<\/div>\n\t\t\t\t<\/div>\n\t\t\t\t<div class=\"elementor-element elementor-element-5fd054c5 elementor-widget-divider--view-line elementor-widget elementor-widget-divider\" data-id=\"5fd054c5\" data-element_type=\"widget\" data-e-type=\"widget\" data-widget_type=\"divider.default\">\n\t\t\t\t<div class=\"elementor-widget-container\">\n\t\t\t\t\t\t\t<div class=\"elementor-divider\">\n\t\t\t<span class=\"elementor-divider-separator\">\n\t\t\t\t\t\t<\/span>\n\t\t<\/div>\n\t\t\t\t\t\t<\/div>\n\t\t\t\t<\/div>\n\t\t\t\t<div class=\"elementor-element elementor-element-39bff894 elementor-widget elementor-widget-heading\" data-id=\"39bff894\" data-element_type=\"widget\" data-e-type=\"widget\" data-widget_type=\"heading.default\">\n\t\t\t\t<div class=\"elementor-widget-container\">\n\t\t\t\t\t<h2 class=\"elementor-heading-title elementor-size-medium\">R\u00e9sum\u00e9<\/h2>\t\t\t\t<\/div>\n\t\t\t\t<\/div>\n\t\t\t\t<div class=\"elementor-element elementor-element-3a7e2c93 elementor-widget elementor-widget-text-editor\" data-id=\"3a7e2c93\" data-element_type=\"widget\" data-e-type=\"widget\" data-widget_type=\"text-editor.default\">\n\t\t\t\t<div class=\"elementor-widget-container\">\n\t\t\t\t\t\t\t\t\t<p>Lou est une petite fille qui ne conna\u00eet pas son papa, qui vit seule avec sa maman et le petit chat qu&rsquo;elles ont adopt\u00e9. Toutes les deux ont une grande complicit\u00e9, elles jouent \u00e0 la console, d\u00eenent dans des pizzerias&#8230; Lou est amoureuse de son voisin d&rsquo;en face mais, bien s\u00fbr, n&rsquo;ose pas lui avouer&#8230; C&rsquo;est une petite fille tr\u00e8s \u00e0 la mode avec des dons de styliste. Sa meilleure copine s&rsquo;appelle Mina, et ensemble elles partagent beaucoup de choses. Lou se dit aussi que Richard, qui vient d&#8217;emm\u00e9nager sur son palier, pourrait tr\u00e8s bien plaire \u00e0 sa m\u00e8re. D&rsquo;ailleurs, elle va se d\u00e9brouiller pour les faire se rencontrer&#8230;<\/p>\t\t\t\t\t\t\t\t<\/div>\n\t\t\t\t<\/div>\n\t\t\t\t<div class=\"elementor-element elementor-element-54991c7d elementor-widget-divider--view-line elementor-widget elementor-widget-divider\" data-id=\"54991c7d\" data-element_type=\"widget\" data-e-type=\"widget\" data-widget_type=\"divider.default\">\n\t\t\t\t<div class=\"elementor-widget-container\">\n\t\t\t\t\t\t\t<div class=\"elementor-divider\">\n\t\t\t<span class=\"elementor-divider-separator\">\n\t\t\t\t\t\t<\/span>\n\t\t<\/div>\n\t\t\t\t\t\t<\/div>\n\t\t\t\t<\/div>\n\t\t\t\t<div class=\"elementor-element elementor-element-603fbed7 elementor-widget elementor-widget-heading\" data-id=\"603fbed7\" data-element_type=\"widget\" data-e-type=\"widget\" data-widget_type=\"heading.default\">\n\t\t\t\t<div class=\"elementor-widget-container\">\n\t\t\t\t\t<h2 class=\"elementor-heading-title elementor-size-medium\">Ma note<\/h2>\t\t\t\t<\/div>\n\t\t\t\t<\/div>\n\t\t\t\t<div class=\"elementor-element elementor-element-1bbfc0b6 elementor-star-rating--align-center elementor--star-style-star_fontawesome elementor-widget elementor-widget-star-rating\" data-id=\"1bbfc0b6\" data-element_type=\"widget\" data-e-type=\"widget\" data-widget_type=\"star-rating.default\">\n\t\t\t\t<div class=\"elementor-widget-container\">\n\t\t\t\t\t\t\t<div class=\"elementor-star-rating__wrapper\">\n\t\t\t\t\t\t<div class=\"elementor-star-rating\" itemtype=\"http:\/\/schema.org\/Rating\" itemscope=\"\" itemprop=\"reviewRating\">\n\t\t\t\t<i class=\"elementor-star-full\" aria-hidden=\"true\">&#xE934;<\/i><i class=\"elementor-star-full\" aria-hidden=\"true\">&#xE934;<\/i><i class=\"elementor-star-full\" aria-hidden=\"true\">&#xE934;<\/i><i class=\"elementor-star-full\" aria-hidden=\"true\">&#xE934;<\/i><i class=\"elementor-star-5\" aria-hidden=\"true\">&#xE934;<\/i>\t\t\t\t<span itemprop=\"ratingValue\" class=\"elementor-screen-only\">Not\u00e9 4.5 sur 5<\/span>\n\t\t\t<\/div>\n\t\t<\/div>\n\t\t\t\t\t\t<\/div>\n\t\t\t\t<\/div>\n\t\t\t\t<div class=\"elementor-element elementor-element-43b69962 elementor-widget-divider--view-line elementor-widget elementor-widget-divider\" data-id=\"43b69962\" data-element_type=\"widget\" data-e-type=\"widget\" data-widget_type=\"divider.default\">\n\t\t\t\t<div class=\"elementor-widget-container\">\n\t\t\t\t\t\t\t<div class=\"elementor-divider\">\n\t\t\t<span class=\"elementor-divider-separator\">\n\t\t\t\t\t\t<\/span>\n\t\t<\/div>\n\t\t\t\t\t\t<\/div>\n\t\t\t\t<\/div>\n\t\t\t\t<div class=\"elementor-element elementor-element-3b27c755 elementor-widget elementor-widget-heading\" data-id=\"3b27c755\" data-element_type=\"widget\" data-e-type=\"widget\" data-widget_type=\"heading.default\">\n\t\t\t\t<div class=\"elementor-widget-container\">\n\t\t\t\t\t<h2 class=\"elementor-heading-title elementor-size-medium\">Une saga tr\u00e8s appr\u00e9ci\u00e9e<\/h2>\t\t\t\t<\/div>\n\t\t\t\t<\/div>\n\t\t\t\t<div class=\"elementor-element elementor-element-6951822 elementor-widget elementor-widget-text-editor\" data-id=\"6951822\" data-element_type=\"widget\" data-e-type=\"widget\" data-widget_type=\"text-editor.default\">\n\t\t\t\t<div class=\"elementor-widget-container\">\n\t\t\t\t\t\t\t\t\t<p>Il \u00e9tait temps qu&rsquo;enfin je me penche sur cette saga jeunesse culte. Comme pour <a href=\"https:\/\/sorbetkiwi.fr\/index.php\/les-carnets-de-cerise-1-et-2-de-chamblain-et-neyret\/\">Les carnets de Cerise<\/a>, je suis bien en retard pour Lou ! Mais j&rsquo;ai cette chance de pouvoir les emprunter \u00e0 la <a href=\"https:\/\/sorbetkiwi.fr\/index.php\/category\/benevolat\/\">m\u00e9diath\u00e8que<\/a>, alors j&rsquo;en profite. Et il faut dire que cela ce voit, que <a href=\"https:\/\/www.livraddict.com\/biblio\/saga-lou.html\">cette saga<\/a> est appr\u00e9ci\u00e9e. Journal infime, le premier tome, est tout us\u00e9 \u00e0 force d&rsquo;\u00eatre lu et relu ! Je trouve \u00e7a g\u00e9nial de voir la curiosit\u00e9 qu&rsquo;il suscite \u00e0 son \u00e9tat. Et ce n&rsquo;est vraiment pas \u00e9tonnant : d\u00e9s la premi\u00e8re page j&rsquo;ai ris comme une baleine !<\/p>\t\t\t\t\t\t\t\t<\/div>\n\t\t\t\t<\/div>\n\t\t\t\t<div class=\"elementor-element elementor-element-18effdd9 elementor-widget-divider--view-line elementor-widget elementor-widget-divider\" data-id=\"18effdd9\" data-element_type=\"widget\" data-e-type=\"widget\" data-widget_type=\"divider.default\">\n\t\t\t\t<div class=\"elementor-widget-container\">\n\t\t\t\t\t\t\t<div class=\"elementor-divider\">\n\t\t\t<span class=\"elementor-divider-separator\">\n\t\t\t\t\t\t<\/span>\n\t\t<\/div>\n\t\t\t\t\t\t<\/div>\n\t\t\t\t<\/div>\n\t\t\t\t<div class=\"elementor-element elementor-element-2b8e0061 elementor-widget elementor-widget-heading\" data-id=\"2b8e0061\" data-element_type=\"widget\" data-e-type=\"widget\" data-widget_type=\"heading.default\">\n\t\t\t\t<div class=\"elementor-widget-container\">\n\t\t\t\t\t<h4 class=\"elementor-heading-title elementor-size-medium\">\"- Il va quand m\u00eame falloir que tu te d\u00e9cides \u00e0 lui parler...\n<br>\n- Lui parler ?!\n<br>\n- Oui, tu sais, les mots, les phrases, tout \u00e7a...\"<\/h4>\t\t\t\t<\/div>\n\t\t\t\t<\/div>\n\t\t\t\t<div class=\"elementor-element elementor-element-4f40be96 elementor-widget-divider--view-line elementor-widget elementor-widget-divider\" data-id=\"4f40be96\" data-element_type=\"widget\" data-e-type=\"widget\" data-widget_type=\"divider.default\">\n\t\t\t\t<div class=\"elementor-widget-container\">\n\t\t\t\t\t\t\t<div class=\"elementor-divider\">\n\t\t\t<span class=\"elementor-divider-separator\">\n\t\t\t\t\t\t<\/span>\n\t\t<\/div>\n\t\t\t\t\t\t<\/div>\n\t\t\t\t<\/div>\n\t\t\t\t<div class=\"elementor-element elementor-element-1504b6f2 elementor-widget elementor-widget-heading\" data-id=\"1504b6f2\" data-element_type=\"widget\" data-e-type=\"widget\" data-widget_type=\"heading.default\">\n\t\t\t\t<div class=\"elementor-widget-container\">\n\t\t\t\t\t<h2 class=\"elementor-heading-title elementor-size-medium\">Une BD m\u00e8re-fille \u00e0 partager<\/h2>\t\t\t\t<\/div>\n\t\t\t\t<\/div>\n\t\t\t\t<div class=\"elementor-element elementor-element-3659b171 elementor-widget elementor-widget-text-editor\" data-id=\"3659b171\" data-element_type=\"widget\" data-e-type=\"widget\" data-widget_type=\"text-editor.default\">\n\t\t\t\t<div class=\"elementor-widget-container\">\n\t\t\t\t\t\t\t\t\t<p>Dans Journal infime, nous d\u00e9couvrons les tranches de vie de Lou, et de son quotidien avec sa maman. Et c&rsquo;est super chou. Elle est en d\u00e9but d&rsquo;adolescence avec une maman c\u00e9libataire, qui est elle-m\u00eame jeune dans sa t\u00eate ! En dehors du c\u00e9libat&#8230; je me suis beaucoup reconnue en cette jeune trentenaire ! Le fait que sa maman soit vraiment ind\u00e9pendante et qu&rsquo;elle ne change pas pour faire plaisir \u00e0 la soci\u00e9t\u00e9, forc\u00e9ment, j&rsquo;ai valid\u00e9.<\/p>\t\t\t\t\t\t\t\t<\/div>\n\t\t\t\t<\/div>\n\t\t\t\t<div class=\"elementor-element elementor-element-7a33bb15 elementor-widget-divider--view-line elementor-widget elementor-widget-divider\" data-id=\"7a33bb15\" data-element_type=\"widget\" data-e-type=\"widget\" data-widget_type=\"divider.default\">\n\t\t\t\t<div class=\"elementor-widget-container\">\n\t\t\t\t\t\t\t<div class=\"elementor-divider\">\n\t\t\t<span class=\"elementor-divider-separator\">\n\t\t\t\t\t\t<\/span>\n\t\t<\/div>\n\t\t\t\t\t\t<\/div>\n\t\t\t\t<\/div>\n\t\t\t\t<div class=\"elementor-element elementor-element-785c19e4 elementor-widget elementor-widget-heading\" data-id=\"785c19e4\" data-element_type=\"widget\" data-e-type=\"widget\" data-widget_type=\"heading.default\">\n\t\t\t\t<div class=\"elementor-widget-container\">\n\t\t\t\t\t<h2 class=\"elementor-heading-title elementor-size-medium\">Vite, vite, la suite !<\/h2>\t\t\t\t<\/div>\n\t\t\t\t<\/div>\n\t\t\t\t<div class=\"elementor-element elementor-element-2c9c7f20 elementor-widget elementor-widget-text-editor\" data-id=\"2c9c7f20\" data-element_type=\"widget\" data-e-type=\"widget\" data-widget_type=\"text-editor.default\">\n\t\t\t\t<div class=\"elementor-widget-container\">\n\t\t\t\t\t\t\t\t\t<p>La fin de la BD m&rsquo;a imm\u00e9diatement donn\u00e9 envie de lire la suite, que je n&rsquo;avais malheureusement pas sous la main ! Eh oui, c&rsquo;est une de ses s\u00e9ries dont il faut r\u00e9server les livres si on veut les d\u00e9couvrir. J&rsquo;aurai vraiment aim\u00e9 la lire en tant qu&rsquo;adolescente, cela dit. Pourquoi je l&rsquo;ai choisi en tant que premi\u00e8re BD de la saison ? Parce qu&rsquo;on y parle d&rsquo;amour adolescent, mais aussi d&rsquo;amour adulte, de blues de la s\u00e9paration, de chagrin du c\u0153ur&#8230; C&rsquo;est carr\u00e9ment dans le th\u00e8me, en somme.\u00a0 En tous cas, je ne m&rsquo;attendais pas du tout \u00e0 glousser comme une dinde en la ramenant chez moi ! Et j&rsquo;ai h\u00e2te de d\u00e9couvrir la suite, il y a notamment le sujet du papa qui m&rsquo;intrigue fortement.\u00a0<\/p>\t\t\t\t\t\t\t\t<\/div>\n\t\t\t\t<\/div>\n\t\t\t\t\t<\/div>\n\t\t<\/div>\n\t\t\t\t\t<\/div>\n\t\t<\/section>\n\t\t\t\t<\/div>\n\t\t","protected":false},"excerpt":{"rendered":"<p>Lou 1 Journal Infime Julien Neel R\u00e9sum\u00e9 Lou est une petite fille qui ne conna\u00eet pas son papa, qui vit seule avec sa maman et le petit chat qu&rsquo;elles ont adopt\u00e9. Toutes les deux ont &hellip; <\/p>\n","protected":false},"author":1,"featured_media":1725,"comment_status":"open","ping_status":"open","sticky":false,"template":"","format":"standard","meta":{"footnotes":""},"categories":[12,1],"tags":[458,80,296,459,259,455,456,454,457,421],"class_list":["post-1724","post","type-post","status-publish","format-standard","has-post-thumbnail","hentry","category-saint-valentin","category-tout-le-blog","tag-adolescence","tag-bande-dessinee","tag-bd-du-mardi","tag-bd-jeunesse","tag-editions-glenat","tag-journal-infime","tag-julie","tag-lou","tag-neel","tag-saint-valentin","has-single-img"],"yoast_head":"<!-- This site is optimized with the Yoast SEO plugin v27.4 - https:\/\/yoast.com\/product\/yoast-seo-wordpress\/ -->\n<title>Journal infime de Julien Neel - Sorbet Kiwi<\/title>\n<meta name=\"description\" content=\"Pour cette BD du mardi, ma chronique du premier tome de la saga Lou, Journal Infime de Julien Neel publi\u00e9 chez Gl\u00e9nat.\" \/>\n<meta name=\"robots\" content=\"index, follow, max-snippet:-1, max-image-preview:large, max-video-preview:-1\" \/>\n<link rel=\"canonical\" href=\"https:\/\/sorbetkiwi.fr\/index.php\/journal-infime-de-julien-neel\/\" \/>\n<meta property=\"og:locale\" content=\"fr_FR\" \/>\n<meta property=\"og:type\" content=\"article\" \/>\n<meta property=\"og:title\" content=\"Journal infime de Julien Neel - Sorbet Kiwi\" \/>\n<meta property=\"og:description\" content=\"Pour cette BD du mardi, ma chronique du premier tome de la saga Lou, Journal Infime de Julien Neel publi\u00e9 chez Gl\u00e9nat.\" \/>\n<meta property=\"og:url\" content=\"https:\/\/sorbetkiwi.fr\/index.php\/journal-infime-de-julien-neel\/\" \/>\n<meta property=\"og:site_name\" content=\"Sorbet Kiwi\" \/>\n<meta property=\"article:publisher\" content=\"https:\/\/www.facebook.com\/profile.php?id=100086238893269\" \/>\n<meta property=\"article:published_time\" content=\"2023-02-07T08:38:50+00:00\" \/>\n<meta property=\"article:modified_time\" content=\"2023-02-07T08:38:51+00:00\" \/>\n<meta property=\"og:image\" content=\"https:\/\/sorbetkiwi.fr\/wp-content\/uploads\/2023\/02\/Lou-1-Journal-Infime-Julien-Neel-scaled.jpg\" \/>\n\t<meta property=\"og:image:width\" content=\"1920\" \/>\n\t<meta property=\"og:image:height\" content=\"2560\" \/>\n\t<meta property=\"og:image:type\" content=\"image\/jpeg\" \/>\n<meta name=\"author\" content=\"Sorbet-Kiwi\" \/>\n<meta name=\"twitter:card\" content=\"summary_large_image\" \/>\n<meta name=\"twitter:creator\" content=\"@pepparshoes\" \/>\n<meta name=\"twitter:site\" content=\"@pepparshoes\" \/>\n<meta name=\"twitter:label1\" content=\"\u00c9crit par\" \/>\n\t<meta name=\"twitter:data1\" content=\"Sorbet-Kiwi\" \/>\n\t<meta name=\"twitter:label2\" content=\"Dur\u00e9e de lecture estim\u00e9e\" \/>\n\t<meta name=\"twitter:data2\" content=\"3 minutes\" \/>\n<script type=\"application\/ld+json\" class=\"yoast-schema-graph\">{\"@context\":\"https:\\\/\\\/schema.org\",\"@graph\":[{\"@type\":\"Article\",\"@id\":\"https:\\\/\\\/sorbetkiwi.fr\\\/index.php\\\/journal-infime-de-julien-neel\\\/#article\",\"isPartOf\":{\"@id\":\"https:\\\/\\\/sorbetkiwi.fr\\\/index.php\\\/journal-infime-de-julien-neel\\\/\"},\"author\":{\"name\":\"Sorbet-Kiwi\",\"@id\":\"https:\\\/\\\/sorbetkiwi.fr\\\/#\\\/schema\\\/person\\\/ed1b7b527a2957ddc3bf38b076540659\"},\"headline\":\"Journal infime de Julien Neel\",\"datePublished\":\"2023-02-07T08:38:50+00:00\",\"dateModified\":\"2023-02-07T08:38:51+00:00\",\"mainEntityOfPage\":{\"@id\":\"https:\\\/\\\/sorbetkiwi.fr\\\/index.php\\\/journal-infime-de-julien-neel\\\/\"},\"wordCount\":517,\"commentCount\":0,\"publisher\":{\"@id\":\"https:\\\/\\\/sorbetkiwi.fr\\\/#organization\"},\"image\":{\"@id\":\"https:\\\/\\\/sorbetkiwi.fr\\\/index.php\\\/journal-infime-de-julien-neel\\\/#primaryimage\"},\"thumbnailUrl\":\"https:\\\/\\\/sorbetkiwi.fr\\\/wp-content\\\/uploads\\\/2023\\\/02\\\/Lou-1-Journal-Infime-Julien-Neel-scaled.jpg\",\"keywords\":[\"Adolescence\",\"Bande dessin\u00e9e\",\"BD du mardi\",\"BD Jeunesse\",\"Editions Gl\u00e9nat\",\"Journal infime\",\"Julie\",\"Lou\",\"Neel\",\"Saint-Valentin\"],\"articleSection\":[\"Saint Valentin\",\"Tout le blog\"],\"inLanguage\":\"fr-FR\",\"potentialAction\":[{\"@type\":\"CommentAction\",\"name\":\"Comment\",\"target\":[\"https:\\\/\\\/sorbetkiwi.fr\\\/index.php\\\/journal-infime-de-julien-neel\\\/#respond\"]}]},{\"@type\":\"WebPage\",\"@id\":\"https:\\\/\\\/sorbetkiwi.fr\\\/index.php\\\/journal-infime-de-julien-neel\\\/\",\"url\":\"https:\\\/\\\/sorbetkiwi.fr\\\/index.php\\\/journal-infime-de-julien-neel\\\/\",\"name\":\"Journal infime de Julien Neel - Sorbet Kiwi\",\"isPartOf\":{\"@id\":\"https:\\\/\\\/sorbetkiwi.fr\\\/#website\"},\"primaryImageOfPage\":{\"@id\":\"https:\\\/\\\/sorbetkiwi.fr\\\/index.php\\\/journal-infime-de-julien-neel\\\/#primaryimage\"},\"image\":{\"@id\":\"https:\\\/\\\/sorbetkiwi.fr\\\/index.php\\\/journal-infime-de-julien-neel\\\/#primaryimage\"},\"thumbnailUrl\":\"https:\\\/\\\/sorbetkiwi.fr\\\/wp-content\\\/uploads\\\/2023\\\/02\\\/Lou-1-Journal-Infime-Julien-Neel-scaled.jpg\",\"datePublished\":\"2023-02-07T08:38:50+00:00\",\"dateModified\":\"2023-02-07T08:38:51+00:00\",\"description\":\"Pour cette BD du mardi, ma chronique du premier tome de la saga Lou, Journal Infime de Julien Neel publi\u00e9 chez Gl\u00e9nat.\",\"breadcrumb\":{\"@id\":\"https:\\\/\\\/sorbetkiwi.fr\\\/index.php\\\/journal-infime-de-julien-neel\\\/#breadcrumb\"},\"inLanguage\":\"fr-FR\",\"potentialAction\":[{\"@type\":\"ReadAction\",\"target\":[\"https:\\\/\\\/sorbetkiwi.fr\\\/index.php\\\/journal-infime-de-julien-neel\\\/\"]}]},{\"@type\":\"ImageObject\",\"inLanguage\":\"fr-FR\",\"@id\":\"https:\\\/\\\/sorbetkiwi.fr\\\/index.php\\\/journal-infime-de-julien-neel\\\/#primaryimage\",\"url\":\"https:\\\/\\\/sorbetkiwi.fr\\\/wp-content\\\/uploads\\\/2023\\\/02\\\/Lou-1-Journal-Infime-Julien-Neel-scaled.jpg\",\"contentUrl\":\"https:\\\/\\\/sorbetkiwi.fr\\\/wp-content\\\/uploads\\\/2023\\\/02\\\/Lou-1-Journal-Infime-Julien-Neel-scaled.jpg\",\"width\":1920,\"height\":2560,\"caption\":\"Lou 1 Journal Infime Julien Neel\"},{\"@type\":\"BreadcrumbList\",\"@id\":\"https:\\\/\\\/sorbetkiwi.fr\\\/index.php\\\/journal-infime-de-julien-neel\\\/#breadcrumb\",\"itemListElement\":[{\"@type\":\"ListItem\",\"position\":1,\"name\":\"Accueil\",\"item\":\"https:\\\/\\\/sorbetkiwi.fr\\\/\"},{\"@type\":\"ListItem\",\"position\":2,\"name\":\"Journal infime de Julien Neel\"}]},{\"@type\":\"WebSite\",\"@id\":\"https:\\\/\\\/sorbetkiwi.fr\\\/#website\",\"url\":\"https:\\\/\\\/sorbetkiwi.fr\\\/\",\"name\":\"Sorbet Kiwi\",\"description\":\"Des lectures th\u00e9matiques par saison et les avis qui vont avec\",\"publisher\":{\"@id\":\"https:\\\/\\\/sorbetkiwi.fr\\\/#organization\"},\"potentialAction\":[{\"@type\":\"SearchAction\",\"target\":{\"@type\":\"EntryPoint\",\"urlTemplate\":\"https:\\\/\\\/sorbetkiwi.fr\\\/?s={search_term_string}\"},\"query-input\":{\"@type\":\"PropertyValueSpecification\",\"valueRequired\":true,\"valueName\":\"search_term_string\"}}],\"inLanguage\":\"fr-FR\"},{\"@type\":\"Organization\",\"@id\":\"https:\\\/\\\/sorbetkiwi.fr\\\/#organization\",\"name\":\"Sorbet Kiwi\",\"url\":\"https:\\\/\\\/sorbetkiwi.fr\\\/\",\"logo\":{\"@type\":\"ImageObject\",\"inLanguage\":\"fr-FR\",\"@id\":\"https:\\\/\\\/sorbetkiwi.fr\\\/#\\\/schema\\\/logo\\\/image\\\/\",\"url\":\"https:\\\/\\\/sorbetkiwi.fr\\\/wp-content\\\/uploads\\\/2022\\\/10\\\/Banniere-Sorbet-Kiwi-2022.jpg\",\"contentUrl\":\"https:\\\/\\\/sorbetkiwi.fr\\\/wp-content\\\/uploads\\\/2022\\\/10\\\/Banniere-Sorbet-Kiwi-2022.jpg\",\"width\":814,\"height\":401,\"caption\":\"Sorbet Kiwi\"},\"image\":{\"@id\":\"https:\\\/\\\/sorbetkiwi.fr\\\/#\\\/schema\\\/logo\\\/image\\\/\"},\"sameAs\":[\"https:\\\/\\\/www.facebook.com\\\/profile.php?id=100086238893269\",\"https:\\\/\\\/x.com\\\/pepparshoes\",\"https:\\\/\\\/www.instagram.com\\\/sorbetkiwi\\\/\",\"https:\\\/\\\/www.tiktok.com\\\/sorbetkiwi\"]},{\"@type\":\"Person\",\"@id\":\"https:\\\/\\\/sorbetkiwi.fr\\\/#\\\/schema\\\/person\\\/ed1b7b527a2957ddc3bf38b076540659\",\"name\":\"Sorbet-Kiwi\",\"image\":{\"@type\":\"ImageObject\",\"inLanguage\":\"fr-FR\",\"@id\":\"https:\\\/\\\/secure.gravatar.com\\\/avatar\\\/86f0a5c27d76317621b9e374d0f3a01d3a85278f10d0c7207ced4fd773057442?s=96&d=mm&r=g\",\"url\":\"https:\\\/\\\/secure.gravatar.com\\\/avatar\\\/86f0a5c27d76317621b9e374d0f3a01d3a85278f10d0c7207ced4fd773057442?s=96&d=mm&r=g\",\"contentUrl\":\"https:\\\/\\\/secure.gravatar.com\\\/avatar\\\/86f0a5c27d76317621b9e374d0f3a01d3a85278f10d0c7207ced4fd773057442?s=96&d=mm&r=g\",\"caption\":\"Sorbet-Kiwi\"},\"sameAs\":[\"http:\\\/\\\/sorbetkiwi.fr\"],\"url\":\"https:\\\/\\\/sorbetkiwi.fr\\\/index.php\\\/author\\\/admin7717\\\/\"}]}<\/script>\n<!-- \/ Yoast SEO plugin. -->","yoast_head_json":{"title":"Journal infime de Julien Neel - Sorbet Kiwi","description":"Pour cette BD du mardi, ma chronique du premier tome de la saga Lou, Journal Infime de Julien Neel publi\u00e9 chez Gl\u00e9nat.","robots":{"index":"index","follow":"follow","max-snippet":"max-snippet:-1","max-image-preview":"max-image-preview:large","max-video-preview":"max-video-preview:-1"},"canonical":"https:\/\/sorbetkiwi.fr\/index.php\/journal-infime-de-julien-neel\/","og_locale":"fr_FR","og_type":"article","og_title":"Journal infime de Julien Neel - Sorbet Kiwi","og_description":"Pour cette BD du mardi, ma chronique du premier tome de la saga Lou, Journal Infime de Julien Neel publi\u00e9 chez Gl\u00e9nat.","og_url":"https:\/\/sorbetkiwi.fr\/index.php\/journal-infime-de-julien-neel\/","og_site_name":"Sorbet Kiwi","article_publisher":"https:\/\/www.facebook.com\/profile.php?id=100086238893269","article_published_time":"2023-02-07T08:38:50+00:00","article_modified_time":"2023-02-07T08:38:51+00:00","og_image":[{"width":1920,"height":2560,"url":"https:\/\/sorbetkiwi.fr\/wp-content\/uploads\/2023\/02\/Lou-1-Journal-Infime-Julien-Neel-scaled.jpg","type":"image\/jpeg"}],"author":"Sorbet-Kiwi","twitter_card":"summary_large_image","twitter_creator":"@pepparshoes","twitter_site":"@pepparshoes","twitter_misc":{"\u00c9crit par":"Sorbet-Kiwi","Dur\u00e9e de lecture estim\u00e9e":"3 minutes"},"schema":{"@context":"https:\/\/schema.org","@graph":[{"@type":"Article","@id":"https:\/\/sorbetkiwi.fr\/index.php\/journal-infime-de-julien-neel\/#article","isPartOf":{"@id":"https:\/\/sorbetkiwi.fr\/index.php\/journal-infime-de-julien-neel\/"},"author":{"name":"Sorbet-Kiwi","@id":"https:\/\/sorbetkiwi.fr\/#\/schema\/person\/ed1b7b527a2957ddc3bf38b076540659"},"headline":"Journal infime de Julien Neel","datePublished":"2023-02-07T08:38:50+00:00","dateModified":"2023-02-07T08:38:51+00:00","mainEntityOfPage":{"@id":"https:\/\/sorbetkiwi.fr\/index.php\/journal-infime-de-julien-neel\/"},"wordCount":517,"commentCount":0,"publisher":{"@id":"https:\/\/sorbetkiwi.fr\/#organization"},"image":{"@id":"https:\/\/sorbetkiwi.fr\/index.php\/journal-infime-de-julien-neel\/#primaryimage"},"thumbnailUrl":"https:\/\/sorbetkiwi.fr\/wp-content\/uploads\/2023\/02\/Lou-1-Journal-Infime-Julien-Neel-scaled.jpg","keywords":["Adolescence","Bande dessin\u00e9e","BD du mardi","BD Jeunesse","Editions Gl\u00e9nat","Journal infime","Julie","Lou","Neel","Saint-Valentin"],"articleSection":["Saint Valentin","Tout le blog"],"inLanguage":"fr-FR","potentialAction":[{"@type":"CommentAction","name":"Comment","target":["https:\/\/sorbetkiwi.fr\/index.php\/journal-infime-de-julien-neel\/#respond"]}]},{"@type":"WebPage","@id":"https:\/\/sorbetkiwi.fr\/index.php\/journal-infime-de-julien-neel\/","url":"https:\/\/sorbetkiwi.fr\/index.php\/journal-infime-de-julien-neel\/","name":"Journal infime de Julien Neel - Sorbet Kiwi","isPartOf":{"@id":"https:\/\/sorbetkiwi.fr\/#website"},"primaryImageOfPage":{"@id":"https:\/\/sorbetkiwi.fr\/index.php\/journal-infime-de-julien-neel\/#primaryimage"},"image":{"@id":"https:\/\/sorbetkiwi.fr\/index.php\/journal-infime-de-julien-neel\/#primaryimage"},"thumbnailUrl":"https:\/\/sorbetkiwi.fr\/wp-content\/uploads\/2023\/02\/Lou-1-Journal-Infime-Julien-Neel-scaled.jpg","datePublished":"2023-02-07T08:38:50+00:00","dateModified":"2023-02-07T08:38:51+00:00","description":"Pour cette BD du mardi, ma chronique du premier tome de la saga Lou, Journal Infime de Julien Neel publi\u00e9 chez Gl\u00e9nat.","breadcrumb":{"@id":"https:\/\/sorbetkiwi.fr\/index.php\/journal-infime-de-julien-neel\/#breadcrumb"},"inLanguage":"fr-FR","potentialAction":[{"@type":"ReadAction","target":["https:\/\/sorbetkiwi.fr\/index.php\/journal-infime-de-julien-neel\/"]}]},{"@type":"ImageObject","inLanguage":"fr-FR","@id":"https:\/\/sorbetkiwi.fr\/index.php\/journal-infime-de-julien-neel\/#primaryimage","url":"https:\/\/sorbetkiwi.fr\/wp-content\/uploads\/2023\/02\/Lou-1-Journal-Infime-Julien-Neel-scaled.jpg","contentUrl":"https:\/\/sorbetkiwi.fr\/wp-content\/uploads\/2023\/02\/Lou-1-Journal-Infime-Julien-Neel-scaled.jpg","width":1920,"height":2560,"caption":"Lou 1 Journal Infime Julien Neel"},{"@type":"BreadcrumbList","@id":"https:\/\/sorbetkiwi.fr\/index.php\/journal-infime-de-julien-neel\/#breadcrumb","itemListElement":[{"@type":"ListItem","position":1,"name":"Accueil","item":"https:\/\/sorbetkiwi.fr\/"},{"@type":"ListItem","position":2,"name":"Journal infime de Julien Neel"}]},{"@type":"WebSite","@id":"https:\/\/sorbetkiwi.fr\/#website","url":"https:\/\/sorbetkiwi.fr\/","name":"Sorbet Kiwi","description":"Des lectures th\u00e9matiques par saison et les avis qui vont avec","publisher":{"@id":"https:\/\/sorbetkiwi.fr\/#organization"},"potentialAction":[{"@type":"SearchAction","target":{"@type":"EntryPoint","urlTemplate":"https:\/\/sorbetkiwi.fr\/?s={search_term_string}"},"query-input":{"@type":"PropertyValueSpecification","valueRequired":true,"valueName":"search_term_string"}}],"inLanguage":"fr-FR"},{"@type":"Organization","@id":"https:\/\/sorbetkiwi.fr\/#organization","name":"Sorbet Kiwi","url":"https:\/\/sorbetkiwi.fr\/","logo":{"@type":"ImageObject","inLanguage":"fr-FR","@id":"https:\/\/sorbetkiwi.fr\/#\/schema\/logo\/image\/","url":"https:\/\/sorbetkiwi.fr\/wp-content\/uploads\/2022\/10\/Banniere-Sorbet-Kiwi-2022.jpg","contentUrl":"https:\/\/sorbetkiwi.fr\/wp-content\/uploads\/2022\/10\/Banniere-Sorbet-Kiwi-2022.jpg","width":814,"height":401,"caption":"Sorbet Kiwi"},"image":{"@id":"https:\/\/sorbetkiwi.fr\/#\/schema\/logo\/image\/"},"sameAs":["https:\/\/www.facebook.com\/profile.php?id=100086238893269","https:\/\/x.com\/pepparshoes","https:\/\/www.instagram.com\/sorbetkiwi\/","https:\/\/www.tiktok.com\/sorbetkiwi"]},{"@type":"Person","@id":"https:\/\/sorbetkiwi.fr\/#\/schema\/person\/ed1b7b527a2957ddc3bf38b076540659","name":"Sorbet-Kiwi","image":{"@type":"ImageObject","inLanguage":"fr-FR","@id":"https:\/\/secure.gravatar.com\/avatar\/86f0a5c27d76317621b9e374d0f3a01d3a85278f10d0c7207ced4fd773057442?s=96&d=mm&r=g","url":"https:\/\/secure.gravatar.com\/avatar\/86f0a5c27d76317621b9e374d0f3a01d3a85278f10d0c7207ced4fd773057442?s=96&d=mm&r=g","contentUrl":"https:\/\/secure.gravatar.com\/avatar\/86f0a5c27d76317621b9e374d0f3a01d3a85278f10d0c7207ced4fd773057442?s=96&d=mm&r=g","caption":"Sorbet-Kiwi"},"sameAs":["http:\/\/sorbetkiwi.fr"],"url":"https:\/\/sorbetkiwi.fr\/index.php\/author\/admin7717\/"}]}},"_links":{"self":[{"href":"https:\/\/sorbetkiwi.fr\/index.php\/wp-json\/wp\/v2\/posts\/1724","targetHints":{"allow":["GET"]}}],"collection":[{"href":"https:\/\/sorbetkiwi.fr\/index.php\/wp-json\/wp\/v2\/posts"}],"about":[{"href":"https:\/\/sorbetkiwi.fr\/index.php\/wp-json\/wp\/v2\/types\/post"}],"author":[{"embeddable":true,"href":"https:\/\/sorbetkiwi.fr\/index.php\/wp-json\/wp\/v2\/users\/1"}],"replies":[{"embeddable":true,"href":"https:\/\/sorbetkiwi.fr\/index.php\/wp-json\/wp\/v2\/comments?post=1724"}],"version-history":[{"count":9,"href":"https:\/\/sorbetkiwi.fr\/index.php\/wp-json\/wp\/v2\/posts\/1724\/revisions"}],"predecessor-version":[{"id":1758,"href":"https:\/\/sorbetkiwi.fr\/index.php\/wp-json\/wp\/v2\/posts\/1724\/revisions\/1758"}],"wp:featuredmedia":[{"embeddable":true,"href":"https:\/\/sorbetkiwi.fr\/index.php\/wp-json\/wp\/v2\/media\/1725"}],"wp:attachment":[{"href":"https:\/\/sorbetkiwi.fr\/index.php\/wp-json\/wp\/v2\/media?parent=1724"}],"wp:term":[{"taxonomy":"category","embeddable":true,"href":"https:\/\/sorbetkiwi.fr\/index.php\/wp-json\/wp\/v2\/categories?post=1724"},{"taxonomy":"post_tag","embeddable":true,"href":"https:\/\/sorbetkiwi.fr\/index.php\/wp-json\/wp\/v2\/tags?post=1724"}],"curies":[{"name":"wp","href":"https:\/\/api.w.org\/{rel}","templated":true}]}}