{"id":1675,"date":"2023-01-31T17:27:48","date_gmt":"2023-01-31T16:27:48","guid":{"rendered":"https:\/\/sorbetkiwi.fr\/?p=1675"},"modified":"2023-01-31T17:27:50","modified_gmt":"2023-01-31T16:27:50","slug":"samuel-et-emily-de-anne-robillard","status":"publish","type":"post","link":"https:\/\/sorbetkiwi.fr\/index.php\/samuel-et-emily-de-anne-robillard\/","title":{"rendered":"Samuel et Emily de Anne Robillard"},"content":{"rendered":"\t\t<div data-elementor-type=\"wp-post\" data-elementor-id=\"1675\" class=\"elementor elementor-1675\">\n\t\t\t\t\t\t<section class=\"elementor-section elementor-top-section elementor-element elementor-element-3751a81b elementor-section-boxed elementor-section-height-default elementor-section-height-default\" data-id=\"3751a81b\" data-element_type=\"section\" data-e-type=\"section\">\n\t\t\t\t\t\t<div class=\"elementor-container elementor-column-gap-default\">\n\t\t\t\t\t<div class=\"elementor-column elementor-col-100 elementor-top-column elementor-element elementor-element-326667ca\" data-id=\"326667ca\" data-element_type=\"column\" data-e-type=\"column\">\n\t\t\t<div class=\"elementor-widget-wrap elementor-element-populated\">\n\t\t\t\t\t\t<div class=\"elementor-element elementor-element-50bbb68a elementor-widget elementor-widget-heading\" data-id=\"50bbb68a\" data-element_type=\"widget\" data-e-type=\"widget\" data-widget_type=\"heading.default\">\n\t\t\t\t<div class=\"elementor-widget-container\">\n\t\t\t\t\t<h1 class=\"elementor-heading-title elementor-size-medium\">La mal\u00e9diction des Dragensbl\u00f6t 7 Samuel et Emily Anne Robillard<\/h1>\t\t\t\t<\/div>\n\t\t\t\t<\/div>\n\t\t\t\t<div class=\"elementor-element elementor-element-21b8f450 elementor-view-default elementor-widget elementor-widget-icon\" data-id=\"21b8f450\" data-element_type=\"widget\" data-e-type=\"widget\" data-widget_type=\"icon.default\">\n\t\t\t\t<div class=\"elementor-widget-container\">\n\t\t\t\t\t\t\t<div class=\"elementor-icon-wrapper\">\n\t\t\t<div class=\"elementor-icon\">\n\t\t\t<i aria-hidden=\"true\" class=\"far fa-snowflake\"><\/i>\t\t\t<\/div>\n\t\t<\/div>\n\t\t\t\t\t\t<\/div>\n\t\t\t\t<\/div>\n\t\t\t\t<div class=\"elementor-element elementor-element-6884c93b elementor-widget-divider--view-line elementor-widget elementor-widget-divider\" data-id=\"6884c93b\" data-element_type=\"widget\" data-e-type=\"widget\" data-widget_type=\"divider.default\">\n\t\t\t\t<div class=\"elementor-widget-container\">\n\t\t\t\t\t\t\t<div class=\"elementor-divider\">\n\t\t\t<span class=\"elementor-divider-separator\">\n\t\t\t\t\t\t<\/span>\n\t\t<\/div>\n\t\t\t\t\t\t<\/div>\n\t\t\t\t<\/div>\n\t\t\t\t<div class=\"elementor-element elementor-element-106506b5 elementor-widget elementor-widget-heading\" data-id=\"106506b5\" data-element_type=\"widget\" data-e-type=\"widget\" data-widget_type=\"heading.default\">\n\t\t\t\t<div class=\"elementor-widget-container\">\n\t\t\t\t\t<h2 class=\"elementor-heading-title elementor-size-medium\">R\u00e9sum\u00e9<\/h2>\t\t\t\t<\/div>\n\t\t\t\t<\/div>\n\t\t\t\t<div class=\"elementor-element elementor-element-902723e elementor-widget elementor-widget-text-editor\" data-id=\"902723e\" data-element_type=\"widget\" data-e-type=\"widget\" data-widget_type=\"text-editor.default\">\n\t\t\t\t<div class=\"elementor-widget-container\">\n\t\t\t\t\t\t\t\t\t<p>Pendant que Maynard Bennett raconte \u00e0 Mateo Fraga, le capitaine des soldats-archanges, tout ce qu\u2019il sait au sujet de Sortiarie, Jonas continue de vouloir la neutraliser avec ses propres pouvoirs. Le matin de ce qui pourrait \u00eatre la derni\u00e8re tentative de Samuel de se rendre dans la vie d\u2019Ulrik, tous les fant\u00f4mes viennent lui faire leurs adieux, car il est tr\u00e8s possible qu\u2019ils ne le revoient jamais vivant\u2026 Cependant, un concours de circonstances inattendu pourrait fort bien venir \u00e0 bout de la mal\u00e9diction. Et que trouvera Samuel au retour de cette mission? Victoire ou d\u00e9sespoir ?<\/p>\t\t\t\t\t\t\t\t<\/div>\n\t\t\t\t<\/div>\n\t\t\t\t<div class=\"elementor-element elementor-element-4aeb4d77 elementor-widget-divider--view-line elementor-widget elementor-widget-divider\" data-id=\"4aeb4d77\" data-element_type=\"widget\" data-e-type=\"widget\" data-widget_type=\"divider.default\">\n\t\t\t\t<div class=\"elementor-widget-container\">\n\t\t\t\t\t\t\t<div class=\"elementor-divider\">\n\t\t\t<span class=\"elementor-divider-separator\">\n\t\t\t\t\t\t<\/span>\n\t\t<\/div>\n\t\t\t\t\t\t<\/div>\n\t\t\t\t<\/div>\n\t\t\t\t<div class=\"elementor-element elementor-element-49971f7c elementor-widget elementor-widget-heading\" data-id=\"49971f7c\" data-element_type=\"widget\" data-e-type=\"widget\" data-widget_type=\"heading.default\">\n\t\t\t\t<div class=\"elementor-widget-container\">\n\t\t\t\t\t<h2 class=\"elementor-heading-title elementor-size-medium\">Ma note<\/h2>\t\t\t\t<\/div>\n\t\t\t\t<\/div>\n\t\t\t\t<div class=\"elementor-element elementor-element-12fe405b elementor-star-rating--align-center elementor--star-style-star_fontawesome elementor-widget elementor-widget-star-rating\" data-id=\"12fe405b\" data-element_type=\"widget\" data-e-type=\"widget\" data-widget_type=\"star-rating.default\">\n\t\t\t\t<div class=\"elementor-widget-container\">\n\t\t\t\t\t\t\t<div class=\"elementor-star-rating__wrapper\">\n\t\t\t\t\t\t<div class=\"elementor-star-rating\" itemtype=\"http:\/\/schema.org\/Rating\" itemscope=\"\" itemprop=\"reviewRating\">\n\t\t\t\t<i class=\"elementor-star-full\" aria-hidden=\"true\">&#xE934;<\/i><i class=\"elementor-star-full\" aria-hidden=\"true\">&#xE934;<\/i><i class=\"elementor-star-full\" aria-hidden=\"true\">&#xE934;<\/i><i class=\"elementor-star-full\" aria-hidden=\"true\">&#xE934;<\/i><i class=\"elementor-star-5\" aria-hidden=\"true\">&#xE934;<\/i>\t\t\t\t<span itemprop=\"ratingValue\" class=\"elementor-screen-only\">Not\u00e9 4.5 sur 5<\/span>\n\t\t\t<\/div>\n\t\t<\/div>\n\t\t\t\t\t\t<\/div>\n\t\t\t\t<\/div>\n\t\t\t\t<div class=\"elementor-element elementor-element-56a20ec1 elementor-widget-divider--view-line elementor-widget elementor-widget-divider\" data-id=\"56a20ec1\" data-element_type=\"widget\" data-e-type=\"widget\" data-widget_type=\"divider.default\">\n\t\t\t\t<div class=\"elementor-widget-container\">\n\t\t\t\t\t\t\t<div class=\"elementor-divider\">\n\t\t\t<span class=\"elementor-divider-separator\">\n\t\t\t\t\t\t<\/span>\n\t\t<\/div>\n\t\t\t\t\t\t<\/div>\n\t\t\t\t<\/div>\n\t\t\t\t<div class=\"elementor-element elementor-element-14d66a04 elementor-widget elementor-widget-heading\" data-id=\"14d66a04\" data-element_type=\"widget\" data-e-type=\"widget\" data-widget_type=\"heading.default\">\n\t\t\t\t<div class=\"elementor-widget-container\">\n\t\t\t\t\t<h2 class=\"elementor-heading-title elementor-size-medium\">Encore, encore !<\/h2>\t\t\t\t<\/div>\n\t\t\t\t<\/div>\n\t\t\t\t<div class=\"elementor-element elementor-element-1d5d8aed elementor-widget elementor-widget-text-editor\" data-id=\"1d5d8aed\" data-element_type=\"widget\" data-e-type=\"widget\" data-widget_type=\"text-editor.default\">\n\t\t\t\t<div class=\"elementor-widget-container\">\n\t\t\t\t\t\t\t\t\t<p>Durant tout le mois de <a href=\"https:\/\/sorbetkiwi.fr\/index.php\/category\/halloween\/\">Halloween<\/a>, je vous ai parl\u00e9 des diff\u00e9rents tomes de la <a href=\"https:\/\/sorbetkiwi.fr\/index.php\/tag\/la-malediction-des-dragensblot\/\">saga des Dragensbl\u00f6t<\/a>. Nous nous sommes quitt\u00e9 \u00e0 l&rsquo;<a href=\"https:\/\/sorbetkiwi.fr\/index.php\/category\/l-automne\/\">automne<\/a> sur le <a href=\"https:\/\/sorbetkiwi.fr\/index.php\/rose-et-sortiarie-danne-robillard\/\">tome 6<\/a>, et j&rsquo;ai eu la chance d&rsquo;\u00eatre s\u00e9lectionn\u00e9e par les <a href=\"http:\/\/www.michel-lafon.fr\/livre\/2863-La_malediction_de_Dragensblot_-_Tome_7.html\">\u00e9ditions Michel Lafon<\/a> pour vous parler du tome final aujourd&rsquo;hui. Cette belle aventure touche \u00e0 sa fin, et ce tome 7 a \u00e9t\u00e9 \u00e0 la hauteur de mes attentes. Quelle tristesse de les quitter. Mais rassurez-vous ! J&rsquo;ai vu qu&rsquo;une <a href=\"https:\/\/www.facebook.com\/RobillardAn\/posts\/pfbid0TWmirnVLds1uBcQHv973LpkbNMstWZ8cbqANbMD9CqXmsk3Gng5raNUtSafrzLm9l\">saga autour de Meynard allait para\u00eetre<\/a>, je suis donc tout en joie ! Bref, vous le sentais, j&rsquo;attendais ce tome de conclusion avec grande impatience. J&rsquo;ai d\u00e9vor\u00e9 chaque tome des Dragensbl\u00f6t, si ch\u00e8re a mon c\u0153ur, et Samuel et Emily n&rsquo;ont pas fait exception.\u00a0<\/p>\t\t\t\t\t\t\t\t<\/div>\n\t\t\t\t<\/div>\n\t\t\t\t<div class=\"elementor-element elementor-element-27ef02c2 elementor-widget-divider--view-line elementor-widget elementor-widget-divider\" data-id=\"27ef02c2\" data-element_type=\"widget\" data-e-type=\"widget\" data-widget_type=\"divider.default\">\n\t\t\t\t<div class=\"elementor-widget-container\">\n\t\t\t\t\t\t\t<div class=\"elementor-divider\">\n\t\t\t<span class=\"elementor-divider-separator\">\n\t\t\t\t\t\t<\/span>\n\t\t<\/div>\n\t\t\t\t\t\t<\/div>\n\t\t\t\t<\/div>\n\t\t\t\t<div class=\"elementor-element elementor-element-5f9a1468 elementor-widget elementor-widget-heading\" data-id=\"5f9a1468\" data-element_type=\"widget\" data-e-type=\"widget\" data-widget_type=\"heading.default\">\n\t\t\t\t<div class=\"elementor-widget-container\">\n\t\t\t\t\t<h4 class=\"elementor-heading-title elementor-size-medium\">\"L'incroyable aventure de Samuel tirait \u00e0 sa fin. Ce soir-l\u00e0, couch\u00e9 sur le dos, dans sa chambre du ch\u00e2teau hant\u00e9 par ses anc\u00eatres, le jeune musicien repassait dans son esprit tout ce qui lui \u00e9tait arriv\u00e9 depuis qu'il avait franchi les grilles du domaine de Sortiarie.\"<\/h4>\t\t\t\t<\/div>\n\t\t\t\t<\/div>\n\t\t\t\t<div class=\"elementor-element elementor-element-6a4f55c elementor-widget-divider--view-line elementor-widget elementor-widget-divider\" data-id=\"6a4f55c\" data-element_type=\"widget\" data-e-type=\"widget\" data-widget_type=\"divider.default\">\n\t\t\t\t<div class=\"elementor-widget-container\">\n\t\t\t\t\t\t\t<div class=\"elementor-divider\">\n\t\t\t<span class=\"elementor-divider-separator\">\n\t\t\t\t\t\t<\/span>\n\t\t<\/div>\n\t\t\t\t\t\t<\/div>\n\t\t\t\t<\/div>\n\t\t\t\t<div class=\"elementor-element elementor-element-3d3f45bc elementor-widget elementor-widget-heading\" data-id=\"3d3f45bc\" data-element_type=\"widget\" data-e-type=\"widget\" data-widget_type=\"heading.default\">\n\t\t\t\t<div class=\"elementor-widget-container\">\n\t\t\t\t\t<h2 class=\"elementor-heading-title elementor-size-medium\">Une tr\u00e8s belle surprise<\/h2>\t\t\t\t<\/div>\n\t\t\t\t<\/div>\n\t\t\t\t<div class=\"elementor-element elementor-element-2246b5e8 elementor-widget elementor-widget-text-editor\" data-id=\"2246b5e8\" data-element_type=\"widget\" data-e-type=\"widget\" data-widget_type=\"text-editor.default\">\n\t\t\t\t<div class=\"elementor-widget-container\">\n\t\t\t\t\t\t\t\t\t<p>J&rsquo;\u00e9tais si surexcit\u00e9e \u00e0 l&rsquo;id\u00e9e d&rsquo;ouvrir la derni\u00e8re porte ! Qu&rsquo;allait-il se passer ? Comment Anne Robillard allait-elle conclure cette \u00e9pop\u00e9e extraordinaire ? Je craignais qu&rsquo;elle ne tombe dans du convenu. Apr\u00e8s tout, c&rsquo;est ma premi\u00e8re saga que je lis d&rsquo;elle. Mais non ! Le r\u00e9cit prend une tournure \u00e0 laquelle je ne m&rsquo;attendais absolument pas, et c&rsquo;est hyper positif. En voil\u00e0, une bonne nouvelle ! Bon, je trouve toujours encore qu&rsquo;il y a parfois trop de d\u00e9tails au niveau des dialogues, qui les rendent un peu moins naturel. Et je n&rsquo;ai pas autant appr\u00e9ci\u00e9 le r\u00e9cit parall\u00e8le que le principal, mais ce sont des d\u00e9tails.\u00a0<\/p>\t\t\t\t\t\t\t\t<\/div>\n\t\t\t\t<\/div>\n\t\t\t\t<div class=\"elementor-element elementor-element-26064b elementor-widget-divider--view-line elementor-widget elementor-widget-divider\" data-id=\"26064b\" data-element_type=\"widget\" data-e-type=\"widget\" data-widget_type=\"divider.default\">\n\t\t\t\t<div class=\"elementor-widget-container\">\n\t\t\t\t\t\t\t<div class=\"elementor-divider\">\n\t\t\t<span class=\"elementor-divider-separator\">\n\t\t\t\t\t\t<\/span>\n\t\t<\/div>\n\t\t\t\t\t\t<\/div>\n\t\t\t\t<\/div>\n\t\t\t\t<div class=\"elementor-element elementor-element-545702c2 elementor-widget elementor-widget-heading\" data-id=\"545702c2\" data-element_type=\"widget\" data-e-type=\"widget\" data-widget_type=\"heading.default\">\n\t\t\t\t<div class=\"elementor-widget-container\">\n\t\t\t\t\t<h2 class=\"elementor-heading-title elementor-size-medium\">Une conclusion id\u00e9ale<\/h2>\t\t\t\t<\/div>\n\t\t\t\t<\/div>\n\t\t\t\t<div class=\"elementor-element elementor-element-12972cf1 elementor-widget elementor-widget-text-editor\" data-id=\"12972cf1\" data-element_type=\"widget\" data-e-type=\"widget\" data-widget_type=\"text-editor.default\">\n\t\t\t\t<div class=\"elementor-widget-container\">\n\t\t\t\t\t\t\t\t\t<p>La v\u00e9rit\u00e9, c&rsquo;est que je suis trop fan de cette histoire, tout simplement. Une vraie fan-girl. Elle aborde dans cette conclusion la notion \u00e9ternelle de changement du pass\u00e9 et de cons\u00e9quences sur le futur. Coucou Marty ! Mais elle r\u00e9pond surtout aux questions que je me posais depuis longtemps au sujet des portes. Et \u00e7a me r\u00e9jouit vraiment. Elle ne laisse rien en suspend. Enfin, tout ce qu&rsquo;ont appris Samuel et Emily au fil des tomes pr\u00e9c\u00e9dents trouve son sens ici, donc c&rsquo;est parfait. Et pour celleux qui h\u00e9siteraient encore, la saga est \u00e0 para\u00eetre <a href=\"https:\/\/www.facebook.com\/RobillardAn\/posts\/pfbid034Y5UgiP3CYJ3YKyy7WnLpTzU4LWVDUQo9zTz8NN2c23kJmywauA1iL3X4iANJuwXl\">au format poche d\u00e9s mars<\/a> !<\/p>\t\t\t\t\t\t\t\t<\/div>\n\t\t\t\t<\/div>\n\t\t\t\t\t<\/div>\n\t\t<\/div>\n\t\t\t\t\t<\/div>\n\t\t<\/section>\n\t\t\t\t<\/div>\n\t\t","protected":false},"excerpt":{"rendered":"<p>La mal\u00e9diction des Dragensbl\u00f6t 7 Samuel et Emily Anne Robillard R\u00e9sum\u00e9 Pendant que Maynard Bennett raconte \u00e0 Mateo Fraga, le capitaine des soldats-archanges, tout ce qu\u2019il sait au sujet de Sortiarie, Jonas continue de vouloir &hellip; <\/p>\n","protected":false},"author":1,"featured_media":1676,"comment_status":"open","ping_status":"open","sticky":false,"template":"","format":"standard","meta":{"footnotes":""},"categories":[11,8,1],"tags":[148,82,83,150,327,147,388,444],"class_list":["post-1675","post","type-post","status-publish","format-standard","has-post-thumbnail","hentry","category-hiver","category-partenariats","category-tout-le-blog","tag-anne-robillard","tag-editions-michel-lafon","tag-editions-michel-lafon-jeunesse","tag-fantastique","tag-hiver","tag-la-malediction-des-dragensblot","tag-roman-fantastique","tag-samuel-et-emily","has-single-img"],"yoast_head":"<!-- This site is optimized with the Yoast SEO plugin v27.4 - https:\/\/yoast.com\/product\/yoast-seo-wordpress\/ -->\n<title>Samuel et Emily de Anne Robillard - Sorbet Kiwi<\/title>\n<meta name=\"description\" content=\"Ma chronique du tome 7 de la Mal\u00e9diction des Dragensbl\u00f6t de Anne Robillard, centr\u00e9 sur Samuel et Emily, aux \u00e9ditions Michel Lafon.\" \/>\n<meta name=\"robots\" content=\"index, follow, max-snippet:-1, max-image-preview:large, max-video-preview:-1\" \/>\n<link rel=\"canonical\" href=\"https:\/\/sorbetkiwi.fr\/index.php\/samuel-et-emily-de-anne-robillard\/\" \/>\n<meta property=\"og:locale\" content=\"fr_FR\" \/>\n<meta property=\"og:type\" content=\"article\" \/>\n<meta property=\"og:title\" content=\"Samuel et Emily de Anne Robillard - Sorbet Kiwi\" \/>\n<meta property=\"og:description\" content=\"Ma chronique du tome 7 de la Mal\u00e9diction des Dragensbl\u00f6t de Anne Robillard, centr\u00e9 sur Samuel et Emily, aux \u00e9ditions Michel Lafon.\" \/>\n<meta property=\"og:url\" content=\"https:\/\/sorbetkiwi.fr\/index.php\/samuel-et-emily-de-anne-robillard\/\" \/>\n<meta property=\"og:site_name\" content=\"Sorbet Kiwi\" \/>\n<meta property=\"article:publisher\" content=\"https:\/\/www.facebook.com\/profile.php?id=100086238893269\" \/>\n<meta property=\"article:published_time\" content=\"2023-01-31T16:27:48+00:00\" \/>\n<meta property=\"article:modified_time\" content=\"2023-01-31T16:27:50+00:00\" \/>\n<meta property=\"og:image\" content=\"https:\/\/sorbetkiwi.fr\/wp-content\/uploads\/2023\/01\/La-malediction-des-Dragensblot-7-Samuel-et-Emily-Anne-Robillard-scaled.jpg\" \/>\n\t<meta property=\"og:image:width\" content=\"1920\" \/>\n\t<meta property=\"og:image:height\" content=\"2560\" \/>\n\t<meta property=\"og:image:type\" content=\"image\/jpeg\" \/>\n<meta name=\"author\" content=\"Sorbet-Kiwi\" \/>\n<meta name=\"twitter:card\" content=\"summary_large_image\" \/>\n<meta name=\"twitter:creator\" content=\"@pepparshoes\" \/>\n<meta name=\"twitter:site\" content=\"@pepparshoes\" \/>\n<meta name=\"twitter:label1\" content=\"\u00c9crit par\" \/>\n\t<meta name=\"twitter:data1\" content=\"Sorbet-Kiwi\" \/>\n\t<meta name=\"twitter:label2\" content=\"Dur\u00e9e de lecture estim\u00e9e\" \/>\n\t<meta name=\"twitter:data2\" content=\"3 minutes\" \/>\n<script type=\"application\/ld+json\" class=\"yoast-schema-graph\">{\"@context\":\"https:\\\/\\\/schema.org\",\"@graph\":[{\"@type\":\"Article\",\"@id\":\"https:\\\/\\\/sorbetkiwi.fr\\\/index.php\\\/samuel-et-emily-de-anne-robillard\\\/#article\",\"isPartOf\":{\"@id\":\"https:\\\/\\\/sorbetkiwi.fr\\\/index.php\\\/samuel-et-emily-de-anne-robillard\\\/\"},\"author\":{\"name\":\"Sorbet-Kiwi\",\"@id\":\"https:\\\/\\\/sorbetkiwi.fr\\\/#\\\/schema\\\/person\\\/ed1b7b527a2957ddc3bf38b076540659\"},\"headline\":\"Samuel et Emily de Anne Robillard\",\"datePublished\":\"2023-01-31T16:27:48+00:00\",\"dateModified\":\"2023-01-31T16:27:50+00:00\",\"mainEntityOfPage\":{\"@id\":\"https:\\\/\\\/sorbetkiwi.fr\\\/index.php\\\/samuel-et-emily-de-anne-robillard\\\/\"},\"wordCount\":548,\"commentCount\":0,\"publisher\":{\"@id\":\"https:\\\/\\\/sorbetkiwi.fr\\\/#organization\"},\"image\":{\"@id\":\"https:\\\/\\\/sorbetkiwi.fr\\\/index.php\\\/samuel-et-emily-de-anne-robillard\\\/#primaryimage\"},\"thumbnailUrl\":\"https:\\\/\\\/sorbetkiwi.fr\\\/wp-content\\\/uploads\\\/2023\\\/01\\\/La-malediction-des-Dragensblot-7-Samuel-et-Emily-Anne-Robillard-scaled.jpg\",\"keywords\":[\"Anne Robillard\",\"Editions Michel Lafon\",\"Editions Michel Lafon Jeunesse\",\"Fantastique\",\"Hiver\",\"La mal\u00e9diction des Dragensbl\u00f6t\",\"Roman fantastique\",\"Samuel et Emily\"],\"articleSection\":[\"Hiver\",\"Partenariats\",\"Tout le blog\"],\"inLanguage\":\"fr-FR\",\"potentialAction\":[{\"@type\":\"CommentAction\",\"name\":\"Comment\",\"target\":[\"https:\\\/\\\/sorbetkiwi.fr\\\/index.php\\\/samuel-et-emily-de-anne-robillard\\\/#respond\"]}]},{\"@type\":\"WebPage\",\"@id\":\"https:\\\/\\\/sorbetkiwi.fr\\\/index.php\\\/samuel-et-emily-de-anne-robillard\\\/\",\"url\":\"https:\\\/\\\/sorbetkiwi.fr\\\/index.php\\\/samuel-et-emily-de-anne-robillard\\\/\",\"name\":\"Samuel et Emily de Anne Robillard - Sorbet Kiwi\",\"isPartOf\":{\"@id\":\"https:\\\/\\\/sorbetkiwi.fr\\\/#website\"},\"primaryImageOfPage\":{\"@id\":\"https:\\\/\\\/sorbetkiwi.fr\\\/index.php\\\/samuel-et-emily-de-anne-robillard\\\/#primaryimage\"},\"image\":{\"@id\":\"https:\\\/\\\/sorbetkiwi.fr\\\/index.php\\\/samuel-et-emily-de-anne-robillard\\\/#primaryimage\"},\"thumbnailUrl\":\"https:\\\/\\\/sorbetkiwi.fr\\\/wp-content\\\/uploads\\\/2023\\\/01\\\/La-malediction-des-Dragensblot-7-Samuel-et-Emily-Anne-Robillard-scaled.jpg\",\"datePublished\":\"2023-01-31T16:27:48+00:00\",\"dateModified\":\"2023-01-31T16:27:50+00:00\",\"description\":\"Ma chronique du tome 7 de la Mal\u00e9diction des Dragensbl\u00f6t de Anne Robillard, centr\u00e9 sur Samuel et Emily, aux \u00e9ditions Michel Lafon.\",\"breadcrumb\":{\"@id\":\"https:\\\/\\\/sorbetkiwi.fr\\\/index.php\\\/samuel-et-emily-de-anne-robillard\\\/#breadcrumb\"},\"inLanguage\":\"fr-FR\",\"potentialAction\":[{\"@type\":\"ReadAction\",\"target\":[\"https:\\\/\\\/sorbetkiwi.fr\\\/index.php\\\/samuel-et-emily-de-anne-robillard\\\/\"]}]},{\"@type\":\"ImageObject\",\"inLanguage\":\"fr-FR\",\"@id\":\"https:\\\/\\\/sorbetkiwi.fr\\\/index.php\\\/samuel-et-emily-de-anne-robillard\\\/#primaryimage\",\"url\":\"https:\\\/\\\/sorbetkiwi.fr\\\/wp-content\\\/uploads\\\/2023\\\/01\\\/La-malediction-des-Dragensblot-7-Samuel-et-Emily-Anne-Robillard-scaled.jpg\",\"contentUrl\":\"https:\\\/\\\/sorbetkiwi.fr\\\/wp-content\\\/uploads\\\/2023\\\/01\\\/La-malediction-des-Dragensblot-7-Samuel-et-Emily-Anne-Robillard-scaled.jpg\",\"width\":1920,\"height\":2560,\"caption\":\"La mal\u00e9diction des Dragensbl\u00f6t 7 Samuel et Emily Anne Robillard\"},{\"@type\":\"BreadcrumbList\",\"@id\":\"https:\\\/\\\/sorbetkiwi.fr\\\/index.php\\\/samuel-et-emily-de-anne-robillard\\\/#breadcrumb\",\"itemListElement\":[{\"@type\":\"ListItem\",\"position\":1,\"name\":\"Accueil\",\"item\":\"https:\\\/\\\/sorbetkiwi.fr\\\/\"},{\"@type\":\"ListItem\",\"position\":2,\"name\":\"Samuel et Emily de Anne Robillard\"}]},{\"@type\":\"WebSite\",\"@id\":\"https:\\\/\\\/sorbetkiwi.fr\\\/#website\",\"url\":\"https:\\\/\\\/sorbetkiwi.fr\\\/\",\"name\":\"Sorbet Kiwi\",\"description\":\"Des lectures th\u00e9matiques par saison et les avis qui vont avec\",\"publisher\":{\"@id\":\"https:\\\/\\\/sorbetkiwi.fr\\\/#organization\"},\"potentialAction\":[{\"@type\":\"SearchAction\",\"target\":{\"@type\":\"EntryPoint\",\"urlTemplate\":\"https:\\\/\\\/sorbetkiwi.fr\\\/?s={search_term_string}\"},\"query-input\":{\"@type\":\"PropertyValueSpecification\",\"valueRequired\":true,\"valueName\":\"search_term_string\"}}],\"inLanguage\":\"fr-FR\"},{\"@type\":\"Organization\",\"@id\":\"https:\\\/\\\/sorbetkiwi.fr\\\/#organization\",\"name\":\"Sorbet Kiwi\",\"url\":\"https:\\\/\\\/sorbetkiwi.fr\\\/\",\"logo\":{\"@type\":\"ImageObject\",\"inLanguage\":\"fr-FR\",\"@id\":\"https:\\\/\\\/sorbetkiwi.fr\\\/#\\\/schema\\\/logo\\\/image\\\/\",\"url\":\"https:\\\/\\\/sorbetkiwi.fr\\\/wp-content\\\/uploads\\\/2022\\\/10\\\/Banniere-Sorbet-Kiwi-2022.jpg\",\"contentUrl\":\"https:\\\/\\\/sorbetkiwi.fr\\\/wp-content\\\/uploads\\\/2022\\\/10\\\/Banniere-Sorbet-Kiwi-2022.jpg\",\"width\":814,\"height\":401,\"caption\":\"Sorbet Kiwi\"},\"image\":{\"@id\":\"https:\\\/\\\/sorbetkiwi.fr\\\/#\\\/schema\\\/logo\\\/image\\\/\"},\"sameAs\":[\"https:\\\/\\\/www.facebook.com\\\/profile.php?id=100086238893269\",\"https:\\\/\\\/x.com\\\/pepparshoes\",\"https:\\\/\\\/www.instagram.com\\\/sorbetkiwi\\\/\",\"https:\\\/\\\/www.tiktok.com\\\/sorbetkiwi\"]},{\"@type\":\"Person\",\"@id\":\"https:\\\/\\\/sorbetkiwi.fr\\\/#\\\/schema\\\/person\\\/ed1b7b527a2957ddc3bf38b076540659\",\"name\":\"Sorbet-Kiwi\",\"image\":{\"@type\":\"ImageObject\",\"inLanguage\":\"fr-FR\",\"@id\":\"https:\\\/\\\/secure.gravatar.com\\\/avatar\\\/86f0a5c27d76317621b9e374d0f3a01d3a85278f10d0c7207ced4fd773057442?s=96&d=mm&r=g\",\"url\":\"https:\\\/\\\/secure.gravatar.com\\\/avatar\\\/86f0a5c27d76317621b9e374d0f3a01d3a85278f10d0c7207ced4fd773057442?s=96&d=mm&r=g\",\"contentUrl\":\"https:\\\/\\\/secure.gravatar.com\\\/avatar\\\/86f0a5c27d76317621b9e374d0f3a01d3a85278f10d0c7207ced4fd773057442?s=96&d=mm&r=g\",\"caption\":\"Sorbet-Kiwi\"},\"sameAs\":[\"http:\\\/\\\/sorbetkiwi.fr\"],\"url\":\"https:\\\/\\\/sorbetkiwi.fr\\\/index.php\\\/author\\\/admin7717\\\/\"}]}<\/script>\n<!-- \/ Yoast SEO plugin. -->","yoast_head_json":{"title":"Samuel et Emily de Anne Robillard - Sorbet Kiwi","description":"Ma chronique du tome 7 de la Mal\u00e9diction des Dragensbl\u00f6t de Anne Robillard, centr\u00e9 sur Samuel et Emily, aux \u00e9ditions Michel Lafon.","robots":{"index":"index","follow":"follow","max-snippet":"max-snippet:-1","max-image-preview":"max-image-preview:large","max-video-preview":"max-video-preview:-1"},"canonical":"https:\/\/sorbetkiwi.fr\/index.php\/samuel-et-emily-de-anne-robillard\/","og_locale":"fr_FR","og_type":"article","og_title":"Samuel et Emily de Anne Robillard - Sorbet Kiwi","og_description":"Ma chronique du tome 7 de la Mal\u00e9diction des Dragensbl\u00f6t de Anne Robillard, centr\u00e9 sur Samuel et Emily, aux \u00e9ditions Michel Lafon.","og_url":"https:\/\/sorbetkiwi.fr\/index.php\/samuel-et-emily-de-anne-robillard\/","og_site_name":"Sorbet Kiwi","article_publisher":"https:\/\/www.facebook.com\/profile.php?id=100086238893269","article_published_time":"2023-01-31T16:27:48+00:00","article_modified_time":"2023-01-31T16:27:50+00:00","og_image":[{"width":1920,"height":2560,"url":"https:\/\/sorbetkiwi.fr\/wp-content\/uploads\/2023\/01\/La-malediction-des-Dragensblot-7-Samuel-et-Emily-Anne-Robillard-scaled.jpg","type":"image\/jpeg"}],"author":"Sorbet-Kiwi","twitter_card":"summary_large_image","twitter_creator":"@pepparshoes","twitter_site":"@pepparshoes","twitter_misc":{"\u00c9crit par":"Sorbet-Kiwi","Dur\u00e9e de lecture estim\u00e9e":"3 minutes"},"schema":{"@context":"https:\/\/schema.org","@graph":[{"@type":"Article","@id":"https:\/\/sorbetkiwi.fr\/index.php\/samuel-et-emily-de-anne-robillard\/#article","isPartOf":{"@id":"https:\/\/sorbetkiwi.fr\/index.php\/samuel-et-emily-de-anne-robillard\/"},"author":{"name":"Sorbet-Kiwi","@id":"https:\/\/sorbetkiwi.fr\/#\/schema\/person\/ed1b7b527a2957ddc3bf38b076540659"},"headline":"Samuel et Emily de Anne Robillard","datePublished":"2023-01-31T16:27:48+00:00","dateModified":"2023-01-31T16:27:50+00:00","mainEntityOfPage":{"@id":"https:\/\/sorbetkiwi.fr\/index.php\/samuel-et-emily-de-anne-robillard\/"},"wordCount":548,"commentCount":0,"publisher":{"@id":"https:\/\/sorbetkiwi.fr\/#organization"},"image":{"@id":"https:\/\/sorbetkiwi.fr\/index.php\/samuel-et-emily-de-anne-robillard\/#primaryimage"},"thumbnailUrl":"https:\/\/sorbetkiwi.fr\/wp-content\/uploads\/2023\/01\/La-malediction-des-Dragensblot-7-Samuel-et-Emily-Anne-Robillard-scaled.jpg","keywords":["Anne Robillard","Editions Michel Lafon","Editions Michel Lafon Jeunesse","Fantastique","Hiver","La mal\u00e9diction des Dragensbl\u00f6t","Roman fantastique","Samuel et Emily"],"articleSection":["Hiver","Partenariats","Tout le blog"],"inLanguage":"fr-FR","potentialAction":[{"@type":"CommentAction","name":"Comment","target":["https:\/\/sorbetkiwi.fr\/index.php\/samuel-et-emily-de-anne-robillard\/#respond"]}]},{"@type":"WebPage","@id":"https:\/\/sorbetkiwi.fr\/index.php\/samuel-et-emily-de-anne-robillard\/","url":"https:\/\/sorbetkiwi.fr\/index.php\/samuel-et-emily-de-anne-robillard\/","name":"Samuel et Emily de Anne Robillard - Sorbet Kiwi","isPartOf":{"@id":"https:\/\/sorbetkiwi.fr\/#website"},"primaryImageOfPage":{"@id":"https:\/\/sorbetkiwi.fr\/index.php\/samuel-et-emily-de-anne-robillard\/#primaryimage"},"image":{"@id":"https:\/\/sorbetkiwi.fr\/index.php\/samuel-et-emily-de-anne-robillard\/#primaryimage"},"thumbnailUrl":"https:\/\/sorbetkiwi.fr\/wp-content\/uploads\/2023\/01\/La-malediction-des-Dragensblot-7-Samuel-et-Emily-Anne-Robillard-scaled.jpg","datePublished":"2023-01-31T16:27:48+00:00","dateModified":"2023-01-31T16:27:50+00:00","description":"Ma chronique du tome 7 de la Mal\u00e9diction des Dragensbl\u00f6t de Anne Robillard, centr\u00e9 sur Samuel et Emily, aux \u00e9ditions Michel Lafon.","breadcrumb":{"@id":"https:\/\/sorbetkiwi.fr\/index.php\/samuel-et-emily-de-anne-robillard\/#breadcrumb"},"inLanguage":"fr-FR","potentialAction":[{"@type":"ReadAction","target":["https:\/\/sorbetkiwi.fr\/index.php\/samuel-et-emily-de-anne-robillard\/"]}]},{"@type":"ImageObject","inLanguage":"fr-FR","@id":"https:\/\/sorbetkiwi.fr\/index.php\/samuel-et-emily-de-anne-robillard\/#primaryimage","url":"https:\/\/sorbetkiwi.fr\/wp-content\/uploads\/2023\/01\/La-malediction-des-Dragensblot-7-Samuel-et-Emily-Anne-Robillard-scaled.jpg","contentUrl":"https:\/\/sorbetkiwi.fr\/wp-content\/uploads\/2023\/01\/La-malediction-des-Dragensblot-7-Samuel-et-Emily-Anne-Robillard-scaled.jpg","width":1920,"height":2560,"caption":"La mal\u00e9diction des Dragensbl\u00f6t 7 Samuel et Emily Anne Robillard"},{"@type":"BreadcrumbList","@id":"https:\/\/sorbetkiwi.fr\/index.php\/samuel-et-emily-de-anne-robillard\/#breadcrumb","itemListElement":[{"@type":"ListItem","position":1,"name":"Accueil","item":"https:\/\/sorbetkiwi.fr\/"},{"@type":"ListItem","position":2,"name":"Samuel et Emily de Anne Robillard"}]},{"@type":"WebSite","@id":"https:\/\/sorbetkiwi.fr\/#website","url":"https:\/\/sorbetkiwi.fr\/","name":"Sorbet Kiwi","description":"Des lectures th\u00e9matiques par saison et les avis qui vont avec","publisher":{"@id":"https:\/\/sorbetkiwi.fr\/#organization"},"potentialAction":[{"@type":"SearchAction","target":{"@type":"EntryPoint","urlTemplate":"https:\/\/sorbetkiwi.fr\/?s={search_term_string}"},"query-input":{"@type":"PropertyValueSpecification","valueRequired":true,"valueName":"search_term_string"}}],"inLanguage":"fr-FR"},{"@type":"Organization","@id":"https:\/\/sorbetkiwi.fr\/#organization","name":"Sorbet Kiwi","url":"https:\/\/sorbetkiwi.fr\/","logo":{"@type":"ImageObject","inLanguage":"fr-FR","@id":"https:\/\/sorbetkiwi.fr\/#\/schema\/logo\/image\/","url":"https:\/\/sorbetkiwi.fr\/wp-content\/uploads\/2022\/10\/Banniere-Sorbet-Kiwi-2022.jpg","contentUrl":"https:\/\/sorbetkiwi.fr\/wp-content\/uploads\/2022\/10\/Banniere-Sorbet-Kiwi-2022.jpg","width":814,"height":401,"caption":"Sorbet Kiwi"},"image":{"@id":"https:\/\/sorbetkiwi.fr\/#\/schema\/logo\/image\/"},"sameAs":["https:\/\/www.facebook.com\/profile.php?id=100086238893269","https:\/\/x.com\/pepparshoes","https:\/\/www.instagram.com\/sorbetkiwi\/","https:\/\/www.tiktok.com\/sorbetkiwi"]},{"@type":"Person","@id":"https:\/\/sorbetkiwi.fr\/#\/schema\/person\/ed1b7b527a2957ddc3bf38b076540659","name":"Sorbet-Kiwi","image":{"@type":"ImageObject","inLanguage":"fr-FR","@id":"https:\/\/secure.gravatar.com\/avatar\/86f0a5c27d76317621b9e374d0f3a01d3a85278f10d0c7207ced4fd773057442?s=96&d=mm&r=g","url":"https:\/\/secure.gravatar.com\/avatar\/86f0a5c27d76317621b9e374d0f3a01d3a85278f10d0c7207ced4fd773057442?s=96&d=mm&r=g","contentUrl":"https:\/\/secure.gravatar.com\/avatar\/86f0a5c27d76317621b9e374d0f3a01d3a85278f10d0c7207ced4fd773057442?s=96&d=mm&r=g","caption":"Sorbet-Kiwi"},"sameAs":["http:\/\/sorbetkiwi.fr"],"url":"https:\/\/sorbetkiwi.fr\/index.php\/author\/admin7717\/"}]}},"_links":{"self":[{"href":"https:\/\/sorbetkiwi.fr\/index.php\/wp-json\/wp\/v2\/posts\/1675","targetHints":{"allow":["GET"]}}],"collection":[{"href":"https:\/\/sorbetkiwi.fr\/index.php\/wp-json\/wp\/v2\/posts"}],"about":[{"href":"https:\/\/sorbetkiwi.fr\/index.php\/wp-json\/wp\/v2\/types\/post"}],"author":[{"embeddable":true,"href":"https:\/\/sorbetkiwi.fr\/index.php\/wp-json\/wp\/v2\/users\/1"}],"replies":[{"embeddable":true,"href":"https:\/\/sorbetkiwi.fr\/index.php\/wp-json\/wp\/v2\/comments?post=1675"}],"version-history":[{"count":9,"href":"https:\/\/sorbetkiwi.fr\/index.php\/wp-json\/wp\/v2\/posts\/1675\/revisions"}],"predecessor-version":[{"id":1685,"href":"https:\/\/sorbetkiwi.fr\/index.php\/wp-json\/wp\/v2\/posts\/1675\/revisions\/1685"}],"wp:featuredmedia":[{"embeddable":true,"href":"https:\/\/sorbetkiwi.fr\/index.php\/wp-json\/wp\/v2\/media\/1676"}],"wp:attachment":[{"href":"https:\/\/sorbetkiwi.fr\/index.php\/wp-json\/wp\/v2\/media?parent=1675"}],"wp:term":[{"taxonomy":"category","embeddable":true,"href":"https:\/\/sorbetkiwi.fr\/index.php\/wp-json\/wp\/v2\/categories?post=1675"},{"taxonomy":"post_tag","embeddable":true,"href":"https:\/\/sorbetkiwi.fr\/index.php\/wp-json\/wp\/v2\/tags?post=1675"}],"curies":[{"name":"wp","href":"https:\/\/api.w.org\/{rel}","templated":true}]}}