{"id":1549,"date":"2023-01-26T18:04:51","date_gmt":"2023-01-26T17:04:51","guid":{"rendered":"https:\/\/sorbetkiwi.fr\/?p=1549"},"modified":"2023-01-26T18:04:52","modified_gmt":"2023-01-26T17:04:52","slug":"ce-pays-quon-appelle-vivre-dariane-bois","status":"publish","type":"post","link":"https:\/\/sorbetkiwi.fr\/index.php\/ce-pays-quon-appelle-vivre-dariane-bois\/","title":{"rendered":"Ce pays qu&rsquo;on appelle vivre d&rsquo;Ariane Bois"},"content":{"rendered":"\t\t<div data-elementor-type=\"wp-post\" data-elementor-id=\"1549\" class=\"elementor elementor-1549\">\n\t\t\t\t\t\t<section class=\"elementor-section elementor-top-section elementor-element elementor-element-98cf5b6 elementor-section-boxed elementor-section-height-default elementor-section-height-default\" data-id=\"98cf5b6\" data-element_type=\"section\" data-e-type=\"section\">\n\t\t\t\t\t\t<div class=\"elementor-container elementor-column-gap-default\">\n\t\t\t\t\t<div class=\"elementor-column elementor-col-100 elementor-top-column elementor-element elementor-element-53cf1c18\" data-id=\"53cf1c18\" data-element_type=\"column\" data-e-type=\"column\">\n\t\t\t<div class=\"elementor-widget-wrap elementor-element-populated\">\n\t\t\t\t\t\t<div class=\"elementor-element elementor-element-7f7253fb elementor-widget elementor-widget-heading\" data-id=\"7f7253fb\" data-element_type=\"widget\" data-e-type=\"widget\" data-widget_type=\"heading.default\">\n\t\t\t\t<div class=\"elementor-widget-container\">\n\t\t\t\t\t<h1 class=\"elementor-heading-title elementor-size-medium\">Ce pays qu'on appelle vivre Ariane Bois<\/h1>\t\t\t\t<\/div>\n\t\t\t\t<\/div>\n\t\t\t\t<div class=\"elementor-element elementor-element-1f7e023f elementor-view-default elementor-widget elementor-widget-icon\" data-id=\"1f7e023f\" data-element_type=\"widget\" data-e-type=\"widget\" data-widget_type=\"icon.default\">\n\t\t\t\t<div class=\"elementor-widget-container\">\n\t\t\t\t\t\t\t<div class=\"elementor-icon-wrapper\">\n\t\t\t<div class=\"elementor-icon\">\n\t\t\t<i aria-hidden=\"true\" class=\"far fa-snowflake\"><\/i>\t\t\t<\/div>\n\t\t<\/div>\n\t\t\t\t\t\t<\/div>\n\t\t\t\t<\/div>\n\t\t\t\t<div class=\"elementor-element elementor-element-7d7db507 elementor-widget-divider--view-line elementor-widget elementor-widget-divider\" data-id=\"7d7db507\" data-element_type=\"widget\" data-e-type=\"widget\" data-widget_type=\"divider.default\">\n\t\t\t\t<div class=\"elementor-widget-container\">\n\t\t\t\t\t\t\t<div class=\"elementor-divider\">\n\t\t\t<span class=\"elementor-divider-separator\">\n\t\t\t\t\t\t<\/span>\n\t\t<\/div>\n\t\t\t\t\t\t<\/div>\n\t\t\t\t<\/div>\n\t\t\t\t<div class=\"elementor-element elementor-element-e02f7b1 elementor-widget elementor-widget-heading\" data-id=\"e02f7b1\" data-element_type=\"widget\" data-e-type=\"widget\" data-widget_type=\"heading.default\">\n\t\t\t\t<div class=\"elementor-widget-container\">\n\t\t\t\t\t<h2 class=\"elementor-heading-title elementor-size-medium\">R\u00e9sum\u00e9<\/h2>\t\t\t\t<\/div>\n\t\t\t\t<\/div>\n\t\t\t\t<div class=\"elementor-element elementor-element-4469f3f3 elementor-widget elementor-widget-text-editor\" data-id=\"4469f3f3\" data-element_type=\"widget\" data-e-type=\"widget\" data-widget_type=\"text-editor.default\">\n\t\t\t\t<div class=\"elementor-widget-container\">\n\t\t\t\t\t\t\t\t\t<p>Jeune caricaturiste de presse juif allemand, Leonard Stein voit sa vie basculer quand Hitler arrive au pouvoir. R\u00e9fugi\u00e9 sur la C\u00f4te d&rsquo;Azur apr\u00e8s avoir combattu pour la libert\u00e9 en Espagne, la guerre le rattrape. \u00c0 l&rsquo;\u00e9t\u00e9 40, il est envoy\u00e9 aux Milles, camp d&rsquo;internement situ\u00e9 \u00e0 sept kilom\u00e8tres d&rsquo;Aix-en-Provence.<br \/>Leo n&rsquo;a qu&rsquo;une id\u00e9e en t\u00eate : s&rsquo;\u00e9chapper par tous les moyens. D&rsquo;\u00e9checs en vaines tentatives, il finit par rencontrer une volontaire marseillaise d&rsquo;un r\u00e9seau de sauvetage, juive elle aussi, Margot Keller. Alors que leurs efforts conjugu\u00e9s paraissent porter leurs fruits et annoncer la libert\u00e9, l&rsquo;\u00e9t\u00e9 42 arrive, meurtrier et cruel, faisant vaciller leurs espoirs. Mais les deux amants semblent croire \u00e0 l&rsquo;impossible&#8230;<\/p>\t\t\t\t\t\t\t\t<\/div>\n\t\t\t\t<\/div>\n\t\t\t\t<div class=\"elementor-element elementor-element-109741f3 elementor-widget-divider--view-line elementor-widget elementor-widget-divider\" data-id=\"109741f3\" data-element_type=\"widget\" data-e-type=\"widget\" data-widget_type=\"divider.default\">\n\t\t\t\t<div class=\"elementor-widget-container\">\n\t\t\t\t\t\t\t<div class=\"elementor-divider\">\n\t\t\t<span class=\"elementor-divider-separator\">\n\t\t\t\t\t\t<\/span>\n\t\t<\/div>\n\t\t\t\t\t\t<\/div>\n\t\t\t\t<\/div>\n\t\t\t\t<div class=\"elementor-element elementor-element-aa323a8 elementor-widget elementor-widget-heading\" data-id=\"aa323a8\" data-element_type=\"widget\" data-e-type=\"widget\" data-widget_type=\"heading.default\">\n\t\t\t\t<div class=\"elementor-widget-container\">\n\t\t\t\t\t<h2 class=\"elementor-heading-title elementor-size-medium\">Ma note<\/h2>\t\t\t\t<\/div>\n\t\t\t\t<\/div>\n\t\t\t\t<div class=\"elementor-element elementor-element-16cb5d59 elementor-star-rating--align-center elementor--star-style-star_fontawesome elementor-widget elementor-widget-star-rating\" data-id=\"16cb5d59\" data-element_type=\"widget\" data-e-type=\"widget\" data-widget_type=\"star-rating.default\">\n\t\t\t\t<div class=\"elementor-widget-container\">\n\t\t\t\t\t\t\t<div class=\"elementor-star-rating__wrapper\">\n\t\t\t\t\t\t<div class=\"elementor-star-rating\" itemtype=\"http:\/\/schema.org\/Rating\" itemscope=\"\" itemprop=\"reviewRating\">\n\t\t\t\t<i class=\"elementor-star-full\" aria-hidden=\"true\">&#xE934;<\/i><i class=\"elementor-star-full\" aria-hidden=\"true\">&#xE934;<\/i><i class=\"elementor-star-full\" aria-hidden=\"true\">&#xE934;<\/i><i class=\"elementor-star-full\" aria-hidden=\"true\">&#xE934;<\/i><i class=\"elementor-star-5\" aria-hidden=\"true\">&#xE934;<\/i>\t\t\t\t<span itemprop=\"ratingValue\" class=\"elementor-screen-only\">Not\u00e9 4.5 sur 5<\/span>\n\t\t\t<\/div>\n\t\t<\/div>\n\t\t\t\t\t\t<\/div>\n\t\t\t\t<\/div>\n\t\t\t\t<div class=\"elementor-element elementor-element-3e188f8 elementor-widget-divider--view-line elementor-widget elementor-widget-divider\" data-id=\"3e188f8\" data-element_type=\"widget\" data-e-type=\"widget\" data-widget_type=\"divider.default\">\n\t\t\t\t<div class=\"elementor-widget-container\">\n\t\t\t\t\t\t\t<div class=\"elementor-divider\">\n\t\t\t<span class=\"elementor-divider-separator\">\n\t\t\t\t\t\t<\/span>\n\t\t<\/div>\n\t\t\t\t\t\t<\/div>\n\t\t\t\t<\/div>\n\t\t\t\t<div class=\"elementor-element elementor-element-60bb39e9 elementor-widget elementor-widget-heading\" data-id=\"60bb39e9\" data-element_type=\"widget\" data-e-type=\"widget\" data-widget_type=\"heading.default\">\n\t\t\t\t<div class=\"elementor-widget-container\">\n\t\t\t\t\t<h2 class=\"elementor-heading-title elementor-size-medium\">Que d'apprentissages<\/h2>\t\t\t\t<\/div>\n\t\t\t\t<\/div>\n\t\t\t\t<div class=\"elementor-element elementor-element-27be79f0 elementor-widget elementor-widget-text-editor\" data-id=\"27be79f0\" data-element_type=\"widget\" data-e-type=\"widget\" data-widget_type=\"text-editor.default\">\n\t\t\t\t<div class=\"elementor-widget-container\">\n\t\t\t\t\t\t\t\t\t<p>Ce qui est absolument fabuleux avec Ariane Bois, dont je vais devoir vous parler <a href=\"https:\/\/sorbetkiwi.wordpress.com\/?s=ariane+bois\">d<\/a><a href=\"https:\/\/sorbetkiwi.wordpress.com\/?s=ariane+bois\">es autres livres<\/a>, c&rsquo;est qu&rsquo;\u00e0 peine le roman commenc\u00e9, j&rsquo;apprenais d\u00e9j\u00e0 un nouveau fait historique ! Cette journaliste me transporte dans toutes ses histoires. A chaque fois le m\u00eame constat : il y a toujours plus \u00e0 apprendre. Ici, nous parlons de Sanary, puis du camp des Milles. Et je n&rsquo;avais pas du tout conscience de l&rsquo;impact du nazisme sur le Sud de la France. Pourtant, j&rsquo;aurai du m&rsquo;en douter&#8230;<\/p>\t\t\t\t\t\t\t\t<\/div>\n\t\t\t\t<\/div>\n\t\t\t\t<div class=\"elementor-element elementor-element-14810016 elementor-widget-divider--view-line elementor-widget elementor-widget-divider\" data-id=\"14810016\" data-element_type=\"widget\" data-e-type=\"widget\" data-widget_type=\"divider.default\">\n\t\t\t\t<div class=\"elementor-widget-container\">\n\t\t\t\t\t\t\t<div class=\"elementor-divider\">\n\t\t\t<span class=\"elementor-divider-separator\">\n\t\t\t\t\t\t<\/span>\n\t\t<\/div>\n\t\t\t\t\t\t<\/div>\n\t\t\t\t<\/div>\n\t\t\t\t<div class=\"elementor-element elementor-element-3082f2b2 elementor-widget elementor-widget-heading\" data-id=\"3082f2b2\" data-element_type=\"widget\" data-e-type=\"widget\" data-widget_type=\"heading.default\">\n\t\t\t\t<div class=\"elementor-widget-container\">\n\t\t\t\t\t<h4 class=\"elementor-heading-title elementor-size-medium\">\"Comment s'aper\u00e7oit-on que l'on est tomb\u00e9 amoureux ? Par une contraction de son \u00e2me, d\u00e9couvre-t-il, le sentiment que sa vie enti\u00e8re vient de basculer, une vague qui le subm\u00e8rge.\"<\/h4>\t\t\t\t<\/div>\n\t\t\t\t<\/div>\n\t\t\t\t<div class=\"elementor-element elementor-element-47f45d32 elementor-widget-divider--view-line elementor-widget elementor-widget-divider\" data-id=\"47f45d32\" data-element_type=\"widget\" data-e-type=\"widget\" data-widget_type=\"divider.default\">\n\t\t\t\t<div class=\"elementor-widget-container\">\n\t\t\t\t\t\t\t<div class=\"elementor-divider\">\n\t\t\t<span class=\"elementor-divider-separator\">\n\t\t\t\t\t\t<\/span>\n\t\t<\/div>\n\t\t\t\t\t\t<\/div>\n\t\t\t\t<\/div>\n\t\t\t\t<div class=\"elementor-element elementor-element-2db40982 elementor-widget elementor-widget-heading\" data-id=\"2db40982\" data-element_type=\"widget\" data-e-type=\"widget\" data-widget_type=\"heading.default\">\n\t\t\t\t<div class=\"elementor-widget-container\">\n\t\t\t\t\t<h2 class=\"elementor-heading-title elementor-size-medium\">Un roman qui r\u00e9sonne \u00e0 titre personnel<\/h2>\t\t\t\t<\/div>\n\t\t\t\t<\/div>\n\t\t\t\t<div class=\"elementor-element elementor-element-4bce9b1b elementor-widget elementor-widget-text-editor\" data-id=\"4bce9b1b\" data-element_type=\"widget\" data-e-type=\"widget\" data-widget_type=\"text-editor.default\">\n\t\t\t\t<div class=\"elementor-widget-container\">\n\t\t\t\t\t\t\t\t\t<p>En effet, ce roman me parle \u00e0 titre personnel. Souvent dans Ce pays qu&rsquo;on appelle vivre est mentionn\u00e9 le camp de Gurs. Gurs, o\u00f9 a \u00e9t\u00e9 enferm\u00e9 mon grand-p\u00e8re. Forc\u00e9ment, durant toute ma lecture, j&rsquo;imaginais ce papi que je n&rsquo;ai jamais connu aux c\u00f4t\u00e9s de L\u00e9o, notre personnage principal. Ariane Bois me convainc \u00e0 chaque fois, par la justesse de ses propos, par ce qu&rsquo;elle m&rsquo;apprend, mais aussi par le r\u00e9alisme de ses textes. Par le cadre r\u00e9el qu&rsquo;elle emprunte et dans lequel elle tisse une intrigue fictive. Sans aucun doute, Ce pays qu&rsquo;on appelle vivre est un roman que je relirai un jour, pour me souvenir. Et puis pour me sentir plus proche de ce grand-p\u00e8re et de ses conditions de vie. Notamment en ces froides <a href=\"https:\/\/sorbetkiwi.fr\/index.php\/category\/hiver\/\">nuits d&rsquo;hiver<\/a>.<\/p>\t\t\t\t\t\t\t\t<\/div>\n\t\t\t\t<\/div>\n\t\t\t\t<div class=\"elementor-element elementor-element-37eccb11 elementor-widget-divider--view-line elementor-widget elementor-widget-divider\" data-id=\"37eccb11\" data-element_type=\"widget\" data-e-type=\"widget\" data-widget_type=\"divider.default\">\n\t\t\t\t<div class=\"elementor-widget-container\">\n\t\t\t\t\t\t\t<div class=\"elementor-divider\">\n\t\t\t<span class=\"elementor-divider-separator\">\n\t\t\t\t\t\t<\/span>\n\t\t<\/div>\n\t\t\t\t\t\t<\/div>\n\t\t\t\t<\/div>\n\t\t\t\t<div class=\"elementor-element elementor-element-21a348fa elementor-widget elementor-widget-heading\" data-id=\"21a348fa\" data-element_type=\"widget\" data-e-type=\"widget\" data-widget_type=\"heading.default\">\n\t\t\t\t<div class=\"elementor-widget-container\">\n\t\t\t\t\t<h2 class=\"elementor-heading-title elementor-size-medium\">On en veut toujours plus !<\/h2>\t\t\t\t<\/div>\n\t\t\t\t<\/div>\n\t\t\t\t<div class=\"elementor-element elementor-element-6739c35 elementor-widget elementor-widget-text-editor\" data-id=\"6739c35\" data-element_type=\"widget\" data-e-type=\"widget\" data-widget_type=\"text-editor.default\">\n\t\t\t\t<div class=\"elementor-widget-container\">\n\t\t\t\t\t\t\t\t\t<p>J&rsquo;ai donc \u00e9t\u00e9 face a une r\u00e9elle prise de conscience. Jamais ne m&rsquo;\u00e9tais venu \u00e0 l&rsquo;esprit que le Sud de la France \u00e9tait coinc\u00e9 entre le r\u00e9gime de Franco et les nazis. Je ne savais pas du tout combien de personnes se sont battus \u00e0 Marseille afin que des personnes juives et globalement rejet\u00e9es par le r\u00e9gime d&rsquo;Hitler puissent quitter la France. Vers le dernier quart du roman, le rythme de l&rsquo;histoire s&rsquo;acc\u00e9l\u00e8re et j&rsquo;\u00e9tais aussi essouffl\u00e9e que Margot. J&rsquo;aurai juste aim\u00e9 qu&rsquo;il dure encore quelques instants, quelques chapitres de plus. Mais ne voulons-nous pas tous \u00e7a lorsque nous lisons un roman incroyable ? Je l&rsquo;ai lu en num\u00e9rique gr\u00e2ce \u00e0 <a href=\"https:\/\/www.netgalley.fr\/catalog\/book\/278837\">Netgalley<\/a> et il rejoindra ma biblioth\u00e8que papier, soyez-en assur\u00e9s.\u00a0<\/p>\t\t\t\t\t\t\t\t<\/div>\n\t\t\t\t<\/div>\n\t\t\t\t\t<\/div>\n\t\t<\/div>\n\t\t\t\t\t<\/div>\n\t\t<\/section>\n\t\t\t\t<\/div>\n\t\t","protected":false},"excerpt":{"rendered":"<p>Ce pays qu&rsquo;on appelle vivre Ariane Bois R\u00e9sum\u00e9 Jeune caricaturiste de presse juif allemand, Leonard Stein voit sa vie basculer quand Hitler arrive au pouvoir. R\u00e9fugi\u00e9 sur la C\u00f4te d&rsquo;Azur apr\u00e8s avoir combattu pour la &hellip; <\/p>\n","protected":false},"author":1,"featured_media":1550,"comment_status":"open","ping_status":"open","sticky":false,"template":"","format":"standard","meta":{"footnotes":""},"categories":[11,8,1],"tags":[411,409,413,408,410,327,36,117,209],"class_list":["post-1549","post","type-post","status-publish","format-standard","has-post-thumbnail","hentry","category-hiver","category-partenariats","category-tout-le-blog","tag-antisemitisme","tag-ariane-bois","tag-camp-des-milles","tag-ce-pays-quon-appelle-vivre","tag-editions-plon","tag-hiver","tag-netgalley","tag-rentree-litteraire","tag-seconde-guerre-mondiale","has-single-img"],"yoast_head":"<!-- This site is optimized with the Yoast SEO plugin v27.4 - https:\/\/yoast.com\/product\/yoast-seo-wordpress\/ -->\n<title>Ce pays qu&#039;on appelle vivre d&#039;Ariane Bois - Sorbet Kiwi<\/title>\n<meta name=\"description\" content=\"Ma chronique du nouveau roman d&#039;Ariane Bois, Ce pays qu&#039;on appelle vivre, publi\u00e9 aux \u00e9ditions Plon en cette rentr\u00e9e litt\u00e9raire d&#039;hiver 2023.\" \/>\n<meta name=\"robots\" content=\"index, follow, max-snippet:-1, max-image-preview:large, max-video-preview:-1\" \/>\n<link rel=\"canonical\" href=\"https:\/\/sorbetkiwi.fr\/index.php\/ce-pays-quon-appelle-vivre-dariane-bois\/\" \/>\n<meta property=\"og:locale\" content=\"fr_FR\" \/>\n<meta property=\"og:type\" content=\"article\" \/>\n<meta property=\"og:title\" content=\"Ce pays qu&#039;on appelle vivre d&#039;Ariane Bois - Sorbet Kiwi\" \/>\n<meta property=\"og:description\" content=\"Ma chronique du nouveau roman d&#039;Ariane Bois, Ce pays qu&#039;on appelle vivre, publi\u00e9 aux \u00e9ditions Plon en cette rentr\u00e9e litt\u00e9raire d&#039;hiver 2023.\" \/>\n<meta property=\"og:url\" content=\"https:\/\/sorbetkiwi.fr\/index.php\/ce-pays-quon-appelle-vivre-dariane-bois\/\" \/>\n<meta property=\"og:site_name\" content=\"Sorbet Kiwi\" \/>\n<meta property=\"article:publisher\" content=\"https:\/\/www.facebook.com\/profile.php?id=100086238893269\" \/>\n<meta property=\"article:published_time\" content=\"2023-01-26T17:04:51+00:00\" \/>\n<meta property=\"article:modified_time\" content=\"2023-01-26T17:04:52+00:00\" \/>\n<meta property=\"og:image\" content=\"https:\/\/sorbetkiwi.fr\/wp-content\/uploads\/2023\/01\/Ce-pays-quon-appelle-vivre-Ariane-Bois-scaled.jpg\" \/>\n\t<meta property=\"og:image:width\" content=\"1920\" \/>\n\t<meta property=\"og:image:height\" content=\"2560\" \/>\n\t<meta property=\"og:image:type\" content=\"image\/jpeg\" \/>\n<meta name=\"author\" content=\"Sorbet-Kiwi\" \/>\n<meta name=\"twitter:card\" content=\"summary_large_image\" \/>\n<meta name=\"twitter:creator\" content=\"@pepparshoes\" \/>\n<meta name=\"twitter:site\" content=\"@pepparshoes\" \/>\n<meta name=\"twitter:label1\" content=\"\u00c9crit par\" \/>\n\t<meta name=\"twitter:data1\" content=\"Sorbet-Kiwi\" \/>\n\t<meta name=\"twitter:label2\" content=\"Dur\u00e9e de lecture estim\u00e9e\" \/>\n\t<meta name=\"twitter:data2\" content=\"3 minutes\" \/>\n<script type=\"application\/ld+json\" class=\"yoast-schema-graph\">{\"@context\":\"https:\\\/\\\/schema.org\",\"@graph\":[{\"@type\":\"Article\",\"@id\":\"https:\\\/\\\/sorbetkiwi.fr\\\/index.php\\\/ce-pays-quon-appelle-vivre-dariane-bois\\\/#article\",\"isPartOf\":{\"@id\":\"https:\\\/\\\/sorbetkiwi.fr\\\/index.php\\\/ce-pays-quon-appelle-vivre-dariane-bois\\\/\"},\"author\":{\"name\":\"Sorbet-Kiwi\",\"@id\":\"https:\\\/\\\/sorbetkiwi.fr\\\/#\\\/schema\\\/person\\\/ed1b7b527a2957ddc3bf38b076540659\"},\"headline\":\"Ce pays qu&rsquo;on appelle vivre d&rsquo;Ariane Bois\",\"datePublished\":\"2023-01-26T17:04:51+00:00\",\"dateModified\":\"2023-01-26T17:04:52+00:00\",\"mainEntityOfPage\":{\"@id\":\"https:\\\/\\\/sorbetkiwi.fr\\\/index.php\\\/ce-pays-quon-appelle-vivre-dariane-bois\\\/\"},\"wordCount\":566,\"commentCount\":0,\"publisher\":{\"@id\":\"https:\\\/\\\/sorbetkiwi.fr\\\/#organization\"},\"image\":{\"@id\":\"https:\\\/\\\/sorbetkiwi.fr\\\/index.php\\\/ce-pays-quon-appelle-vivre-dariane-bois\\\/#primaryimage\"},\"thumbnailUrl\":\"https:\\\/\\\/sorbetkiwi.fr\\\/wp-content\\\/uploads\\\/2023\\\/01\\\/Ce-pays-quon-appelle-vivre-Ariane-Bois-scaled.jpg\",\"keywords\":[\"Antis\u00e9mitisme\",\"Ariane Bois\",\"Camp des Milles\",\"Ce pays qu&#039;on appelle vivre\",\"Editions Plon\",\"Hiver\",\"Netgalley\",\"Rentr\u00e9e litt\u00e9raire\",\"Seconde Guerre Mondiale\"],\"articleSection\":[\"Hiver\",\"Partenariats\",\"Tout le blog\"],\"inLanguage\":\"fr-FR\",\"potentialAction\":[{\"@type\":\"CommentAction\",\"name\":\"Comment\",\"target\":[\"https:\\\/\\\/sorbetkiwi.fr\\\/index.php\\\/ce-pays-quon-appelle-vivre-dariane-bois\\\/#respond\"]}]},{\"@type\":\"WebPage\",\"@id\":\"https:\\\/\\\/sorbetkiwi.fr\\\/index.php\\\/ce-pays-quon-appelle-vivre-dariane-bois\\\/\",\"url\":\"https:\\\/\\\/sorbetkiwi.fr\\\/index.php\\\/ce-pays-quon-appelle-vivre-dariane-bois\\\/\",\"name\":\"Ce pays qu'on appelle vivre d'Ariane Bois - Sorbet Kiwi\",\"isPartOf\":{\"@id\":\"https:\\\/\\\/sorbetkiwi.fr\\\/#website\"},\"primaryImageOfPage\":{\"@id\":\"https:\\\/\\\/sorbetkiwi.fr\\\/index.php\\\/ce-pays-quon-appelle-vivre-dariane-bois\\\/#primaryimage\"},\"image\":{\"@id\":\"https:\\\/\\\/sorbetkiwi.fr\\\/index.php\\\/ce-pays-quon-appelle-vivre-dariane-bois\\\/#primaryimage\"},\"thumbnailUrl\":\"https:\\\/\\\/sorbetkiwi.fr\\\/wp-content\\\/uploads\\\/2023\\\/01\\\/Ce-pays-quon-appelle-vivre-Ariane-Bois-scaled.jpg\",\"datePublished\":\"2023-01-26T17:04:51+00:00\",\"dateModified\":\"2023-01-26T17:04:52+00:00\",\"description\":\"Ma chronique du nouveau roman d'Ariane Bois, Ce pays qu'on appelle vivre, publi\u00e9 aux \u00e9ditions Plon en cette rentr\u00e9e litt\u00e9raire d'hiver 2023.\",\"breadcrumb\":{\"@id\":\"https:\\\/\\\/sorbetkiwi.fr\\\/index.php\\\/ce-pays-quon-appelle-vivre-dariane-bois\\\/#breadcrumb\"},\"inLanguage\":\"fr-FR\",\"potentialAction\":[{\"@type\":\"ReadAction\",\"target\":[\"https:\\\/\\\/sorbetkiwi.fr\\\/index.php\\\/ce-pays-quon-appelle-vivre-dariane-bois\\\/\"]}]},{\"@type\":\"ImageObject\",\"inLanguage\":\"fr-FR\",\"@id\":\"https:\\\/\\\/sorbetkiwi.fr\\\/index.php\\\/ce-pays-quon-appelle-vivre-dariane-bois\\\/#primaryimage\",\"url\":\"https:\\\/\\\/sorbetkiwi.fr\\\/wp-content\\\/uploads\\\/2023\\\/01\\\/Ce-pays-quon-appelle-vivre-Ariane-Bois-scaled.jpg\",\"contentUrl\":\"https:\\\/\\\/sorbetkiwi.fr\\\/wp-content\\\/uploads\\\/2023\\\/01\\\/Ce-pays-quon-appelle-vivre-Ariane-Bois-scaled.jpg\",\"width\":1920,\"height\":2560,\"caption\":\"Ce pays qu'on appelle vivre Ariane Bois\"},{\"@type\":\"BreadcrumbList\",\"@id\":\"https:\\\/\\\/sorbetkiwi.fr\\\/index.php\\\/ce-pays-quon-appelle-vivre-dariane-bois\\\/#breadcrumb\",\"itemListElement\":[{\"@type\":\"ListItem\",\"position\":1,\"name\":\"Accueil\",\"item\":\"https:\\\/\\\/sorbetkiwi.fr\\\/\"},{\"@type\":\"ListItem\",\"position\":2,\"name\":\"Ce pays qu&rsquo;on appelle vivre d&rsquo;Ariane Bois\"}]},{\"@type\":\"WebSite\",\"@id\":\"https:\\\/\\\/sorbetkiwi.fr\\\/#website\",\"url\":\"https:\\\/\\\/sorbetkiwi.fr\\\/\",\"name\":\"Sorbet Kiwi\",\"description\":\"Des lectures th\u00e9matiques par saison et les avis qui vont avec\",\"publisher\":{\"@id\":\"https:\\\/\\\/sorbetkiwi.fr\\\/#organization\"},\"potentialAction\":[{\"@type\":\"SearchAction\",\"target\":{\"@type\":\"EntryPoint\",\"urlTemplate\":\"https:\\\/\\\/sorbetkiwi.fr\\\/?s={search_term_string}\"},\"query-input\":{\"@type\":\"PropertyValueSpecification\",\"valueRequired\":true,\"valueName\":\"search_term_string\"}}],\"inLanguage\":\"fr-FR\"},{\"@type\":\"Organization\",\"@id\":\"https:\\\/\\\/sorbetkiwi.fr\\\/#organization\",\"name\":\"Sorbet Kiwi\",\"url\":\"https:\\\/\\\/sorbetkiwi.fr\\\/\",\"logo\":{\"@type\":\"ImageObject\",\"inLanguage\":\"fr-FR\",\"@id\":\"https:\\\/\\\/sorbetkiwi.fr\\\/#\\\/schema\\\/logo\\\/image\\\/\",\"url\":\"https:\\\/\\\/sorbetkiwi.fr\\\/wp-content\\\/uploads\\\/2022\\\/10\\\/Banniere-Sorbet-Kiwi-2022.jpg\",\"contentUrl\":\"https:\\\/\\\/sorbetkiwi.fr\\\/wp-content\\\/uploads\\\/2022\\\/10\\\/Banniere-Sorbet-Kiwi-2022.jpg\",\"width\":814,\"height\":401,\"caption\":\"Sorbet Kiwi\"},\"image\":{\"@id\":\"https:\\\/\\\/sorbetkiwi.fr\\\/#\\\/schema\\\/logo\\\/image\\\/\"},\"sameAs\":[\"https:\\\/\\\/www.facebook.com\\\/profile.php?id=100086238893269\",\"https:\\\/\\\/x.com\\\/pepparshoes\",\"https:\\\/\\\/www.instagram.com\\\/sorbetkiwi\\\/\",\"https:\\\/\\\/www.tiktok.com\\\/sorbetkiwi\"]},{\"@type\":\"Person\",\"@id\":\"https:\\\/\\\/sorbetkiwi.fr\\\/#\\\/schema\\\/person\\\/ed1b7b527a2957ddc3bf38b076540659\",\"name\":\"Sorbet-Kiwi\",\"image\":{\"@type\":\"ImageObject\",\"inLanguage\":\"fr-FR\",\"@id\":\"https:\\\/\\\/secure.gravatar.com\\\/avatar\\\/86f0a5c27d76317621b9e374d0f3a01d3a85278f10d0c7207ced4fd773057442?s=96&d=mm&r=g\",\"url\":\"https:\\\/\\\/secure.gravatar.com\\\/avatar\\\/86f0a5c27d76317621b9e374d0f3a01d3a85278f10d0c7207ced4fd773057442?s=96&d=mm&r=g\",\"contentUrl\":\"https:\\\/\\\/secure.gravatar.com\\\/avatar\\\/86f0a5c27d76317621b9e374d0f3a01d3a85278f10d0c7207ced4fd773057442?s=96&d=mm&r=g\",\"caption\":\"Sorbet-Kiwi\"},\"sameAs\":[\"http:\\\/\\\/sorbetkiwi.fr\"],\"url\":\"https:\\\/\\\/sorbetkiwi.fr\\\/index.php\\\/author\\\/admin7717\\\/\"}]}<\/script>\n<!-- \/ Yoast SEO plugin. -->","yoast_head_json":{"title":"Ce pays qu'on appelle vivre d'Ariane Bois - Sorbet Kiwi","description":"Ma chronique du nouveau roman d'Ariane Bois, Ce pays qu'on appelle vivre, publi\u00e9 aux \u00e9ditions Plon en cette rentr\u00e9e litt\u00e9raire d'hiver 2023.","robots":{"index":"index","follow":"follow","max-snippet":"max-snippet:-1","max-image-preview":"max-image-preview:large","max-video-preview":"max-video-preview:-1"},"canonical":"https:\/\/sorbetkiwi.fr\/index.php\/ce-pays-quon-appelle-vivre-dariane-bois\/","og_locale":"fr_FR","og_type":"article","og_title":"Ce pays qu'on appelle vivre d'Ariane Bois - Sorbet Kiwi","og_description":"Ma chronique du nouveau roman d'Ariane Bois, Ce pays qu'on appelle vivre, publi\u00e9 aux \u00e9ditions Plon en cette rentr\u00e9e litt\u00e9raire d'hiver 2023.","og_url":"https:\/\/sorbetkiwi.fr\/index.php\/ce-pays-quon-appelle-vivre-dariane-bois\/","og_site_name":"Sorbet Kiwi","article_publisher":"https:\/\/www.facebook.com\/profile.php?id=100086238893269","article_published_time":"2023-01-26T17:04:51+00:00","article_modified_time":"2023-01-26T17:04:52+00:00","og_image":[{"width":1920,"height":2560,"url":"https:\/\/sorbetkiwi.fr\/wp-content\/uploads\/2023\/01\/Ce-pays-quon-appelle-vivre-Ariane-Bois-scaled.jpg","type":"image\/jpeg"}],"author":"Sorbet-Kiwi","twitter_card":"summary_large_image","twitter_creator":"@pepparshoes","twitter_site":"@pepparshoes","twitter_misc":{"\u00c9crit par":"Sorbet-Kiwi","Dur\u00e9e de lecture estim\u00e9e":"3 minutes"},"schema":{"@context":"https:\/\/schema.org","@graph":[{"@type":"Article","@id":"https:\/\/sorbetkiwi.fr\/index.php\/ce-pays-quon-appelle-vivre-dariane-bois\/#article","isPartOf":{"@id":"https:\/\/sorbetkiwi.fr\/index.php\/ce-pays-quon-appelle-vivre-dariane-bois\/"},"author":{"name":"Sorbet-Kiwi","@id":"https:\/\/sorbetkiwi.fr\/#\/schema\/person\/ed1b7b527a2957ddc3bf38b076540659"},"headline":"Ce pays qu&rsquo;on appelle vivre d&rsquo;Ariane Bois","datePublished":"2023-01-26T17:04:51+00:00","dateModified":"2023-01-26T17:04:52+00:00","mainEntityOfPage":{"@id":"https:\/\/sorbetkiwi.fr\/index.php\/ce-pays-quon-appelle-vivre-dariane-bois\/"},"wordCount":566,"commentCount":0,"publisher":{"@id":"https:\/\/sorbetkiwi.fr\/#organization"},"image":{"@id":"https:\/\/sorbetkiwi.fr\/index.php\/ce-pays-quon-appelle-vivre-dariane-bois\/#primaryimage"},"thumbnailUrl":"https:\/\/sorbetkiwi.fr\/wp-content\/uploads\/2023\/01\/Ce-pays-quon-appelle-vivre-Ariane-Bois-scaled.jpg","keywords":["Antis\u00e9mitisme","Ariane Bois","Camp des Milles","Ce pays qu&#039;on appelle vivre","Editions Plon","Hiver","Netgalley","Rentr\u00e9e litt\u00e9raire","Seconde Guerre Mondiale"],"articleSection":["Hiver","Partenariats","Tout le blog"],"inLanguage":"fr-FR","potentialAction":[{"@type":"CommentAction","name":"Comment","target":["https:\/\/sorbetkiwi.fr\/index.php\/ce-pays-quon-appelle-vivre-dariane-bois\/#respond"]}]},{"@type":"WebPage","@id":"https:\/\/sorbetkiwi.fr\/index.php\/ce-pays-quon-appelle-vivre-dariane-bois\/","url":"https:\/\/sorbetkiwi.fr\/index.php\/ce-pays-quon-appelle-vivre-dariane-bois\/","name":"Ce pays qu'on appelle vivre d'Ariane Bois - Sorbet Kiwi","isPartOf":{"@id":"https:\/\/sorbetkiwi.fr\/#website"},"primaryImageOfPage":{"@id":"https:\/\/sorbetkiwi.fr\/index.php\/ce-pays-quon-appelle-vivre-dariane-bois\/#primaryimage"},"image":{"@id":"https:\/\/sorbetkiwi.fr\/index.php\/ce-pays-quon-appelle-vivre-dariane-bois\/#primaryimage"},"thumbnailUrl":"https:\/\/sorbetkiwi.fr\/wp-content\/uploads\/2023\/01\/Ce-pays-quon-appelle-vivre-Ariane-Bois-scaled.jpg","datePublished":"2023-01-26T17:04:51+00:00","dateModified":"2023-01-26T17:04:52+00:00","description":"Ma chronique du nouveau roman d'Ariane Bois, Ce pays qu'on appelle vivre, publi\u00e9 aux \u00e9ditions Plon en cette rentr\u00e9e litt\u00e9raire d'hiver 2023.","breadcrumb":{"@id":"https:\/\/sorbetkiwi.fr\/index.php\/ce-pays-quon-appelle-vivre-dariane-bois\/#breadcrumb"},"inLanguage":"fr-FR","potentialAction":[{"@type":"ReadAction","target":["https:\/\/sorbetkiwi.fr\/index.php\/ce-pays-quon-appelle-vivre-dariane-bois\/"]}]},{"@type":"ImageObject","inLanguage":"fr-FR","@id":"https:\/\/sorbetkiwi.fr\/index.php\/ce-pays-quon-appelle-vivre-dariane-bois\/#primaryimage","url":"https:\/\/sorbetkiwi.fr\/wp-content\/uploads\/2023\/01\/Ce-pays-quon-appelle-vivre-Ariane-Bois-scaled.jpg","contentUrl":"https:\/\/sorbetkiwi.fr\/wp-content\/uploads\/2023\/01\/Ce-pays-quon-appelle-vivre-Ariane-Bois-scaled.jpg","width":1920,"height":2560,"caption":"Ce pays qu'on appelle vivre Ariane Bois"},{"@type":"BreadcrumbList","@id":"https:\/\/sorbetkiwi.fr\/index.php\/ce-pays-quon-appelle-vivre-dariane-bois\/#breadcrumb","itemListElement":[{"@type":"ListItem","position":1,"name":"Accueil","item":"https:\/\/sorbetkiwi.fr\/"},{"@type":"ListItem","position":2,"name":"Ce pays qu&rsquo;on appelle vivre d&rsquo;Ariane Bois"}]},{"@type":"WebSite","@id":"https:\/\/sorbetkiwi.fr\/#website","url":"https:\/\/sorbetkiwi.fr\/","name":"Sorbet Kiwi","description":"Des lectures th\u00e9matiques par saison et les avis qui vont avec","publisher":{"@id":"https:\/\/sorbetkiwi.fr\/#organization"},"potentialAction":[{"@type":"SearchAction","target":{"@type":"EntryPoint","urlTemplate":"https:\/\/sorbetkiwi.fr\/?s={search_term_string}"},"query-input":{"@type":"PropertyValueSpecification","valueRequired":true,"valueName":"search_term_string"}}],"inLanguage":"fr-FR"},{"@type":"Organization","@id":"https:\/\/sorbetkiwi.fr\/#organization","name":"Sorbet Kiwi","url":"https:\/\/sorbetkiwi.fr\/","logo":{"@type":"ImageObject","inLanguage":"fr-FR","@id":"https:\/\/sorbetkiwi.fr\/#\/schema\/logo\/image\/","url":"https:\/\/sorbetkiwi.fr\/wp-content\/uploads\/2022\/10\/Banniere-Sorbet-Kiwi-2022.jpg","contentUrl":"https:\/\/sorbetkiwi.fr\/wp-content\/uploads\/2022\/10\/Banniere-Sorbet-Kiwi-2022.jpg","width":814,"height":401,"caption":"Sorbet Kiwi"},"image":{"@id":"https:\/\/sorbetkiwi.fr\/#\/schema\/logo\/image\/"},"sameAs":["https:\/\/www.facebook.com\/profile.php?id=100086238893269","https:\/\/x.com\/pepparshoes","https:\/\/www.instagram.com\/sorbetkiwi\/","https:\/\/www.tiktok.com\/sorbetkiwi"]},{"@type":"Person","@id":"https:\/\/sorbetkiwi.fr\/#\/schema\/person\/ed1b7b527a2957ddc3bf38b076540659","name":"Sorbet-Kiwi","image":{"@type":"ImageObject","inLanguage":"fr-FR","@id":"https:\/\/secure.gravatar.com\/avatar\/86f0a5c27d76317621b9e374d0f3a01d3a85278f10d0c7207ced4fd773057442?s=96&d=mm&r=g","url":"https:\/\/secure.gravatar.com\/avatar\/86f0a5c27d76317621b9e374d0f3a01d3a85278f10d0c7207ced4fd773057442?s=96&d=mm&r=g","contentUrl":"https:\/\/secure.gravatar.com\/avatar\/86f0a5c27d76317621b9e374d0f3a01d3a85278f10d0c7207ced4fd773057442?s=96&d=mm&r=g","caption":"Sorbet-Kiwi"},"sameAs":["http:\/\/sorbetkiwi.fr"],"url":"https:\/\/sorbetkiwi.fr\/index.php\/author\/admin7717\/"}]}},"_links":{"self":[{"href":"https:\/\/sorbetkiwi.fr\/index.php\/wp-json\/wp\/v2\/posts\/1549","targetHints":{"allow":["GET"]}}],"collection":[{"href":"https:\/\/sorbetkiwi.fr\/index.php\/wp-json\/wp\/v2\/posts"}],"about":[{"href":"https:\/\/sorbetkiwi.fr\/index.php\/wp-json\/wp\/v2\/types\/post"}],"author":[{"embeddable":true,"href":"https:\/\/sorbetkiwi.fr\/index.php\/wp-json\/wp\/v2\/users\/1"}],"replies":[{"embeddable":true,"href":"https:\/\/sorbetkiwi.fr\/index.php\/wp-json\/wp\/v2\/comments?post=1549"}],"version-history":[{"count":12,"href":"https:\/\/sorbetkiwi.fr\/index.php\/wp-json\/wp\/v2\/posts\/1549\/revisions"}],"predecessor-version":[{"id":1573,"href":"https:\/\/sorbetkiwi.fr\/index.php\/wp-json\/wp\/v2\/posts\/1549\/revisions\/1573"}],"wp:featuredmedia":[{"embeddable":true,"href":"https:\/\/sorbetkiwi.fr\/index.php\/wp-json\/wp\/v2\/media\/1550"}],"wp:attachment":[{"href":"https:\/\/sorbetkiwi.fr\/index.php\/wp-json\/wp\/v2\/media?parent=1549"}],"wp:term":[{"taxonomy":"category","embeddable":true,"href":"https:\/\/sorbetkiwi.fr\/index.php\/wp-json\/wp\/v2\/categories?post=1549"},{"taxonomy":"post_tag","embeddable":true,"href":"https:\/\/sorbetkiwi.fr\/index.php\/wp-json\/wp\/v2\/tags?post=1549"}],"curies":[{"name":"wp","href":"https:\/\/api.w.org\/{rel}","templated":true}]}}