{"id":1484,"date":"2023-01-17T10:06:05","date_gmt":"2023-01-17T09:06:05","guid":{"rendered":"https:\/\/sorbetkiwi.fr\/?p=1484"},"modified":"2023-01-17T10:06:06","modified_gmt":"2023-01-17T09:06:06","slug":"il-fallait-que-je-vous-le-dise-de-aude-mermilliod","status":"publish","type":"post","link":"https:\/\/sorbetkiwi.fr\/index.php\/il-fallait-que-je-vous-le-dise-de-aude-mermilliod\/","title":{"rendered":"Il fallait que je vous le dise de Aude Mermilliod"},"content":{"rendered":"\t\t<div data-elementor-type=\"wp-post\" data-elementor-id=\"1484\" class=\"elementor elementor-1484\">\n\t\t\t\t\t\t<section class=\"elementor-section elementor-top-section elementor-element elementor-element-38592b8d elementor-section-boxed elementor-section-height-default elementor-section-height-default\" data-id=\"38592b8d\" data-element_type=\"section\" data-e-type=\"section\">\n\t\t\t\t\t\t<div class=\"elementor-container elementor-column-gap-default\">\n\t\t\t\t\t<div class=\"elementor-column elementor-col-100 elementor-top-column elementor-element elementor-element-48721843\" data-id=\"48721843\" data-element_type=\"column\" data-e-type=\"column\">\n\t\t\t<div class=\"elementor-widget-wrap elementor-element-populated\">\n\t\t\t\t\t\t<div class=\"elementor-element elementor-element-2dd996cc elementor-widget elementor-widget-heading\" data-id=\"2dd996cc\" data-element_type=\"widget\" data-e-type=\"widget\" data-widget_type=\"heading.default\">\n\t\t\t\t<div class=\"elementor-widget-container\">\n\t\t\t\t\t<h1 class=\"elementor-heading-title elementor-size-medium\">Il fallait que je vous le dise<\/h1>\t\t\t\t<\/div>\n\t\t\t\t<\/div>\n\t\t\t\t<div class=\"elementor-element elementor-element-5ea2f9f2 elementor-view-default elementor-widget elementor-widget-icon\" data-id=\"5ea2f9f2\" data-element_type=\"widget\" data-e-type=\"widget\" data-widget_type=\"icon.default\">\n\t\t\t\t<div class=\"elementor-widget-container\">\n\t\t\t\t\t\t\t<div class=\"elementor-icon-wrapper\">\n\t\t\t<div class=\"elementor-icon\">\n\t\t\t<i aria-hidden=\"true\" class=\"far fa-snowflake\"><\/i>\t\t\t<\/div>\n\t\t<\/div>\n\t\t\t\t\t\t<\/div>\n\t\t\t\t<\/div>\n\t\t\t\t<div class=\"elementor-element elementor-element-36a8c40 elementor-widget-divider--view-line elementor-widget elementor-widget-divider\" data-id=\"36a8c40\" data-element_type=\"widget\" data-e-type=\"widget\" data-widget_type=\"divider.default\">\n\t\t\t\t<div class=\"elementor-widget-container\">\n\t\t\t\t\t\t\t<div class=\"elementor-divider\">\n\t\t\t<span class=\"elementor-divider-separator\">\n\t\t\t\t\t\t<\/span>\n\t\t<\/div>\n\t\t\t\t\t\t<\/div>\n\t\t\t\t<\/div>\n\t\t\t\t<div class=\"elementor-element elementor-element-331c3b1e elementor-widget elementor-widget-heading\" data-id=\"331c3b1e\" data-element_type=\"widget\" data-e-type=\"widget\" data-widget_type=\"heading.default\">\n\t\t\t\t<div class=\"elementor-widget-container\">\n\t\t\t\t\t<h2 class=\"elementor-heading-title elementor-size-medium\">R\u00e9sum\u00e9<\/h2>\t\t\t\t<\/div>\n\t\t\t\t<\/div>\n\t\t\t\t<div class=\"elementor-element elementor-element-42eb4f2d elementor-widget elementor-widget-text-editor\" data-id=\"42eb4f2d\" data-element_type=\"widget\" data-e-type=\"widget\" data-widget_type=\"text-editor.default\">\n\t\t\t\t<div class=\"elementor-widget-container\">\n\t\t\t\t\t\t\t\t\t<p>La rencontre de la dessinatrice Aude Mermilliod et du romancier Martin Winckler. Deux voix pour rompre le silence sur un sujet encore tabou, l&rsquo;IVG. Si elle donne le choix, l&rsquo;IVG ne reste pas moins un \u00e9v\u00e9nement traumatique dans une vie de femme. Et d&rsquo;autant plus douloureux qu&rsquo;on le garde pour soi, qu&rsquo;on ne sait pas dire l&rsquo;ambivalence des sentiments et des repr\u00e9sentations qui l&rsquo;accompagnent. L&rsquo;angoisse, la culpabilit\u00e9, la solitude, la souffrance physique, l&rsquo;impossibilit\u00e9 surtout de pouvoir partager son exp\u00e9rience. Avec ce livre, Aude Mermilliod rompt le silence, m\u00ealant son t\u00e9moignage de patiente \u00e0 celui du m\u00e9decin Martin Winckler. Leur deux parcours se rejoignent et se r\u00e9pondent dans un livre fort, n\u00e9cessaire et apais\u00e9.<\/p>\t\t\t\t\t\t\t\t<\/div>\n\t\t\t\t<\/div>\n\t\t\t\t<div class=\"elementor-element elementor-element-43586256 elementor-widget-divider--view-line elementor-widget elementor-widget-divider\" data-id=\"43586256\" data-element_type=\"widget\" data-e-type=\"widget\" data-widget_type=\"divider.default\">\n\t\t\t\t<div class=\"elementor-widget-container\">\n\t\t\t\t\t\t\t<div class=\"elementor-divider\">\n\t\t\t<span class=\"elementor-divider-separator\">\n\t\t\t\t\t\t<\/span>\n\t\t<\/div>\n\t\t\t\t\t\t<\/div>\n\t\t\t\t<\/div>\n\t\t\t\t<div class=\"elementor-element elementor-element-38c5fc89 elementor-widget elementor-widget-heading\" data-id=\"38c5fc89\" data-element_type=\"widget\" data-e-type=\"widget\" data-widget_type=\"heading.default\">\n\t\t\t\t<div class=\"elementor-widget-container\">\n\t\t\t\t\t<h2 class=\"elementor-heading-title elementor-size-medium\">Ma note<\/h2>\t\t\t\t<\/div>\n\t\t\t\t<\/div>\n\t\t\t\t<div class=\"elementor-element elementor-element-4283f2cf elementor-star-rating--align-center elementor--star-style-star_fontawesome elementor-widget elementor-widget-star-rating\" data-id=\"4283f2cf\" data-element_type=\"widget\" data-e-type=\"widget\" data-widget_type=\"star-rating.default\">\n\t\t\t\t<div class=\"elementor-widget-container\">\n\t\t\t\t\t\t\t<div class=\"elementor-star-rating__wrapper\">\n\t\t\t\t\t\t<div class=\"elementor-star-rating\" itemtype=\"http:\/\/schema.org\/Rating\" itemscope=\"\" itemprop=\"reviewRating\">\n\t\t\t\t<i class=\"elementor-star-full\" aria-hidden=\"true\">&#xE934;<\/i><i class=\"elementor-star-full\" aria-hidden=\"true\">&#xE934;<\/i><i class=\"elementor-star-full\" aria-hidden=\"true\">&#xE934;<\/i><i class=\"elementor-star-full\" aria-hidden=\"true\">&#xE934;<\/i><i class=\"elementor-star-full\" aria-hidden=\"true\">&#xE934;<\/i>\t\t\t\t<span itemprop=\"ratingValue\" class=\"elementor-screen-only\">Not\u00e9 5 sur 5<\/span>\n\t\t\t<\/div>\n\t\t<\/div>\n\t\t\t\t\t\t<\/div>\n\t\t\t\t<\/div>\n\t\t\t\t<div class=\"elementor-element elementor-element-46d9179b elementor-widget-divider--view-line elementor-widget elementor-widget-divider\" data-id=\"46d9179b\" data-element_type=\"widget\" data-e-type=\"widget\" data-widget_type=\"divider.default\">\n\t\t\t\t<div class=\"elementor-widget-container\">\n\t\t\t\t\t\t\t<div class=\"elementor-divider\">\n\t\t\t<span class=\"elementor-divider-separator\">\n\t\t\t\t\t\t<\/span>\n\t\t<\/div>\n\t\t\t\t\t\t<\/div>\n\t\t\t\t<\/div>\n\t\t\t\t<div class=\"elementor-element elementor-element-64569df9 elementor-widget elementor-widget-heading\" data-id=\"64569df9\" data-element_type=\"widget\" data-e-type=\"widget\" data-widget_type=\"heading.default\">\n\t\t\t\t<div class=\"elementor-widget-container\">\n\t\t\t\t\t<h2 class=\"elementor-heading-title elementor-size-medium\">Encore une r\u00e9ussite du duo Mermilliod-Winckler<\/h2>\t\t\t\t<\/div>\n\t\t\t\t<\/div>\n\t\t\t\t<div class=\"elementor-element elementor-element-3bf3c336 elementor-widget elementor-widget-text-editor\" data-id=\"3bf3c336\" data-element_type=\"widget\" data-e-type=\"widget\" data-widget_type=\"text-editor.default\">\n\t\t\t\t<div class=\"elementor-widget-container\">\n\t\t\t\t\t\t\t\t\t<p>Gr\u00e2ce au <a href=\"https:\/\/www.livraddict.com\/prix-livraddict\/2022\/\">Prix Livraddict<\/a>, j&rsquo;ai d\u00e9couvert Aude Mermilliod avec <a href=\"https:\/\/sorbetkiwi.fr\/index.php\/le-choeur-des-femmes-daude-mermilliod\/\">Le ch\u0153ur des femmes<\/a>. J&rsquo;ai tellement aim\u00e9 que je l&rsquo;ai offert deux fois \u00e0 No\u00ebl. Forc\u00e9ment, j&rsquo;avais envie de d\u00e9couvrir ses autres \u0153uvres. La pr\u00e9face \u00e9tant elle aussi de Martin Winckler, tout aussi juste soit dit en passant, j&rsquo;avais h\u00e2te. Etant donn\u00e9 qu&rsquo;Il fallait que je vous le dise commence dans la neige, en janvier, je l&rsquo;ai imm\u00e9diatement plac\u00e9 dans la liste des titres \u00e0 d\u00e9couvrir en hiver. Mais cette lecture peut \u00e9videmment se lire n&rsquo;importe quand, tant qu&rsquo;elle est lue. C&rsquo;est une n\u00e9cessit\u00e9.\u00a0<\/p>\t\t\t\t\t\t\t\t<\/div>\n\t\t\t\t<\/div>\n\t\t\t\t<div class=\"elementor-element elementor-element-1ede8b04 elementor-widget-divider--view-line elementor-widget elementor-widget-divider\" data-id=\"1ede8b04\" data-element_type=\"widget\" data-e-type=\"widget\" data-widget_type=\"divider.default\">\n\t\t\t\t<div class=\"elementor-widget-container\">\n\t\t\t\t\t\t\t<div class=\"elementor-divider\">\n\t\t\t<span class=\"elementor-divider-separator\">\n\t\t\t\t\t\t<\/span>\n\t\t<\/div>\n\t\t\t\t\t\t<\/div>\n\t\t\t\t<\/div>\n\t\t\t\t<div class=\"elementor-element elementor-element-16d419ed elementor-widget elementor-widget-heading\" data-id=\"16d419ed\" data-element_type=\"widget\" data-e-type=\"widget\" data-widget_type=\"heading.default\">\n\t\t\t\t<div class=\"elementor-widget-container\">\n\t\t\t\t\t<h4 class=\"elementor-heading-title elementor-size-medium\">\"Ma tristesse ne savait o\u00f9 se mettre, je me taisais beaucoup en souriant.\"<\/h4>\t\t\t\t<\/div>\n\t\t\t\t<\/div>\n\t\t\t\t<div class=\"elementor-element elementor-element-19db822 elementor-widget-divider--view-line elementor-widget elementor-widget-divider\" data-id=\"19db822\" data-element_type=\"widget\" data-e-type=\"widget\" data-widget_type=\"divider.default\">\n\t\t\t\t<div class=\"elementor-widget-container\">\n\t\t\t\t\t\t\t<div class=\"elementor-divider\">\n\t\t\t<span class=\"elementor-divider-separator\">\n\t\t\t\t\t\t<\/span>\n\t\t<\/div>\n\t\t\t\t\t\t<\/div>\n\t\t\t\t<\/div>\n\t\t\t\t<div class=\"elementor-element elementor-element-21d22e6c elementor-widget elementor-widget-heading\" data-id=\"21d22e6c\" data-element_type=\"widget\" data-e-type=\"widget\" data-widget_type=\"heading.default\">\n\t\t\t\t<div class=\"elementor-widget-container\">\n\t\t\t\t\t<h2 class=\"elementor-heading-title elementor-size-medium\">Une autobiographie \u00e9mouvante<\/h2>\t\t\t\t<\/div>\n\t\t\t\t<\/div>\n\t\t\t\t<div class=\"elementor-element elementor-element-528c4abf elementor-widget elementor-widget-text-editor\" data-id=\"528c4abf\" data-element_type=\"widget\" data-e-type=\"widget\" data-widget_type=\"text-editor.default\">\n\t\t\t\t<div class=\"elementor-widget-container\">\n\t\t\t\t\t\t\t\t\t<p>Cette histoire, ce n&rsquo;est pas juste un r\u00e9cit fictif. C&rsquo;est un texte autobiographique. Sur le parcours d&rsquo;Aude Mermilliod d&rsquo;abord, celui de sa vie en tant que femme. Celui de Martin Winckler, en tant que m\u00e9decin. Mais c&rsquo;est aussi l&rsquo;histoire des femmes. Des patientes. Evidemment, aucune histoire de femme ne se ressemble a 100% mais celle-ci parle \u00e0 toutes et aussi \u00e0 tous. Cette BD est un cadeau. Un cadeau qui nous fait traverser toute une palette d&rsquo;\u00e9motions. Certaines plus intenses que d&rsquo;autres.\u00a0<\/p>\t\t\t\t\t\t\t\t<\/div>\n\t\t\t\t<\/div>\n\t\t\t\t<div class=\"elementor-element elementor-element-2de39326 elementor-widget-divider--view-line elementor-widget elementor-widget-divider\" data-id=\"2de39326\" data-element_type=\"widget\" data-e-type=\"widget\" data-widget_type=\"divider.default\">\n\t\t\t\t<div class=\"elementor-widget-container\">\n\t\t\t\t\t\t\t<div class=\"elementor-divider\">\n\t\t\t<span class=\"elementor-divider-separator\">\n\t\t\t\t\t\t<\/span>\n\t\t<\/div>\n\t\t\t\t\t\t<\/div>\n\t\t\t\t<\/div>\n\t\t\t\t<div class=\"elementor-element elementor-element-597c1a48 elementor-widget elementor-widget-heading\" data-id=\"597c1a48\" data-element_type=\"widget\" data-e-type=\"widget\" data-widget_type=\"heading.default\">\n\t\t\t\t<div class=\"elementor-widget-container\">\n\t\t\t\t\t<h2 class=\"elementor-heading-title elementor-size-medium\">Une lecture pour soi et les autres<\/h2>\t\t\t\t<\/div>\n\t\t\t\t<\/div>\n\t\t\t\t<div class=\"elementor-element elementor-element-3441f14b elementor-widget elementor-widget-text-editor\" data-id=\"3441f14b\" data-element_type=\"widget\" data-e-type=\"widget\" data-widget_type=\"text-editor.default\">\n\t\t\t\t<div class=\"elementor-widget-container\">\n\t\t\t\t\t\t\t\t\t<p>Mais Il fallait que je vous le dise invite aussi \u00e0 la remise en question. A la d\u00e9construction. J&rsquo;ai \u00e9t\u00e9 face \u00e0 moi-m\u00eame, et des propos que j&rsquo;ai pu tenir. Des paroles que l&rsquo;on m&rsquo;a inculqu\u00e9 \u00ab\u00a0au cas o\u00f9\u00a0\u00bb. Et que j&rsquo;ai machinalement, sans humanit\u00e9, r\u00e9p\u00e9t\u00e9s. Comment r\u00e9parer cette erreur ? En pensant bien faire, bien dire, finalement, on se rassure soi-m\u00eame. Il a donc \u00e9t\u00e9 \u00e9vident pour moi, qui ai consid\u00e9r\u00e9 cette lecture comme un cadeau, de l&rsquo;offrir \u00e0 mon tour. Parce que parfois, lorsqu&rsquo;on n&rsquo;a pas les mots justes, partager une lecture \u00e9quivaut \u00e0 tendre une main. Voici comme Il fallait que je vous le dise m&rsquo;a profond\u00e9ment \u00e9mu. Encore un roman graphique de l&rsquo;autrice termin\u00e9 en larmes.\u00a0<\/p>\t\t\t\t\t\t\t\t<\/div>\n\t\t\t\t<\/div>\n\t\t\t\t\t<\/div>\n\t\t<\/div>\n\t\t\t\t\t<\/div>\n\t\t<\/section>\n\t\t\t\t<\/div>\n\t\t","protected":false},"excerpt":{"rendered":"<p>Il fallait que je vous le dise R\u00e9sum\u00e9 La rencontre de la dessinatrice Aude Mermilliod et du romancier Martin Winckler. Deux voix pour rompre le silence sur un sujet encore tabou, l&rsquo;IVG. Si elle donne &hellip; <\/p>\n","protected":false},"author":1,"featured_media":1485,"comment_status":"open","ping_status":"open","sticky":false,"template":"","format":"standard","meta":{"footnotes":""},"categories":[7,9,11,1],"tags":[280,80,130,376,377,281,284],"class_list":["post-1484","post","type-post","status-publish","format-standard","has-post-thumbnail","hentry","category-benevolat","category-coups-de-coeur","category-hiver","category-tout-le-blog","tag-aude-mermilliod","tag-bande-dessinee","tag-editions-casterman","tag-il-fallait-que-je-vous-le-dise","tag-ivg","tag-martin-winckler","tag-roman-graphique","has-single-img"],"yoast_head":"<!-- This site is optimized with the Yoast SEO plugin v27.4 - https:\/\/yoast.com\/product\/yoast-seo-wordpress\/ -->\n<title>Il fallait que je vous le dise de Aude Mermilliod - Sorbet Kiwi<\/title>\n<meta name=\"description\" content=\"Ma chronique de Il fallait que je vous le dise, roman graphique d&#039;Aude Mermilliod, avec Martin Winckler, aux \u00e9ditions Casterman.\" \/>\n<meta name=\"robots\" content=\"index, follow, max-snippet:-1, max-image-preview:large, max-video-preview:-1\" \/>\n<link rel=\"canonical\" href=\"https:\/\/sorbetkiwi.fr\/index.php\/il-fallait-que-je-vous-le-dise-de-aude-mermilliod\/\" \/>\n<meta property=\"og:locale\" content=\"fr_FR\" \/>\n<meta property=\"og:type\" content=\"article\" \/>\n<meta property=\"og:title\" content=\"Il fallait que je vous le dise de Aude Mermilliod - Sorbet Kiwi\" \/>\n<meta property=\"og:description\" content=\"Ma chronique de Il fallait que je vous le dise, roman graphique d&#039;Aude Mermilliod, avec Martin Winckler, aux \u00e9ditions Casterman.\" \/>\n<meta property=\"og:url\" content=\"https:\/\/sorbetkiwi.fr\/index.php\/il-fallait-que-je-vous-le-dise-de-aude-mermilliod\/\" \/>\n<meta property=\"og:site_name\" content=\"Sorbet Kiwi\" \/>\n<meta property=\"article:publisher\" content=\"https:\/\/www.facebook.com\/profile.php?id=100086238893269\" \/>\n<meta property=\"article:published_time\" content=\"2023-01-17T09:06:05+00:00\" \/>\n<meta property=\"article:modified_time\" content=\"2023-01-17T09:06:06+00:00\" \/>\n<meta property=\"og:image\" content=\"https:\/\/sorbetkiwi.fr\/wp-content\/uploads\/2023\/01\/Il-fallait-que-je-vous-le-dise-Aude-Mermilliod-Martin-Winckler-scaled.jpg\" \/>\n\t<meta property=\"og:image:width\" content=\"1920\" \/>\n\t<meta property=\"og:image:height\" content=\"2560\" \/>\n\t<meta property=\"og:image:type\" content=\"image\/jpeg\" \/>\n<meta name=\"author\" content=\"Sorbet-Kiwi\" \/>\n<meta name=\"twitter:card\" content=\"summary_large_image\" \/>\n<meta name=\"twitter:creator\" content=\"@pepparshoes\" \/>\n<meta name=\"twitter:site\" content=\"@pepparshoes\" \/>\n<meta name=\"twitter:label1\" content=\"\u00c9crit par\" \/>\n\t<meta name=\"twitter:data1\" content=\"Sorbet-Kiwi\" \/>\n\t<meta name=\"twitter:label2\" content=\"Dur\u00e9e de lecture estim\u00e9e\" \/>\n\t<meta name=\"twitter:data2\" content=\"3 minutes\" \/>\n<script type=\"application\/ld+json\" class=\"yoast-schema-graph\">{\"@context\":\"https:\\\/\\\/schema.org\",\"@graph\":[{\"@type\":\"Article\",\"@id\":\"https:\\\/\\\/sorbetkiwi.fr\\\/index.php\\\/il-fallait-que-je-vous-le-dise-de-aude-mermilliod\\\/#article\",\"isPartOf\":{\"@id\":\"https:\\\/\\\/sorbetkiwi.fr\\\/index.php\\\/il-fallait-que-je-vous-le-dise-de-aude-mermilliod\\\/\"},\"author\":{\"name\":\"Sorbet-Kiwi\",\"@id\":\"https:\\\/\\\/sorbetkiwi.fr\\\/#\\\/schema\\\/person\\\/ed1b7b527a2957ddc3bf38b076540659\"},\"headline\":\"Il fallait que je vous le dise de Aude Mermilliod\",\"datePublished\":\"2023-01-17T09:06:05+00:00\",\"dateModified\":\"2023-01-17T09:06:06+00:00\",\"mainEntityOfPage\":{\"@id\":\"https:\\\/\\\/sorbetkiwi.fr\\\/index.php\\\/il-fallait-que-je-vous-le-dise-de-aude-mermilliod\\\/\"},\"wordCount\":518,\"commentCount\":0,\"publisher\":{\"@id\":\"https:\\\/\\\/sorbetkiwi.fr\\\/#organization\"},\"image\":{\"@id\":\"https:\\\/\\\/sorbetkiwi.fr\\\/index.php\\\/il-fallait-que-je-vous-le-dise-de-aude-mermilliod\\\/#primaryimage\"},\"thumbnailUrl\":\"https:\\\/\\\/sorbetkiwi.fr\\\/wp-content\\\/uploads\\\/2023\\\/01\\\/Il-fallait-que-je-vous-le-dise-Aude-Mermilliod-Martin-Winckler-scaled.jpg\",\"keywords\":[\"Aude Mermilliod\",\"Bande dessin\u00e9e\",\"Editions Casterman\",\"Il fallait que je vous le dise\",\"IVG\",\"Martin Winckler\",\"Roman graphique\"],\"articleSection\":[\"B\u00e9n\u00e9volat\",\"Coups de coeur\",\"Hiver\",\"Tout le blog\"],\"inLanguage\":\"fr-FR\",\"potentialAction\":[{\"@type\":\"CommentAction\",\"name\":\"Comment\",\"target\":[\"https:\\\/\\\/sorbetkiwi.fr\\\/index.php\\\/il-fallait-que-je-vous-le-dise-de-aude-mermilliod\\\/#respond\"]}]},{\"@type\":\"WebPage\",\"@id\":\"https:\\\/\\\/sorbetkiwi.fr\\\/index.php\\\/il-fallait-que-je-vous-le-dise-de-aude-mermilliod\\\/\",\"url\":\"https:\\\/\\\/sorbetkiwi.fr\\\/index.php\\\/il-fallait-que-je-vous-le-dise-de-aude-mermilliod\\\/\",\"name\":\"Il fallait que je vous le dise de Aude Mermilliod - Sorbet Kiwi\",\"isPartOf\":{\"@id\":\"https:\\\/\\\/sorbetkiwi.fr\\\/#website\"},\"primaryImageOfPage\":{\"@id\":\"https:\\\/\\\/sorbetkiwi.fr\\\/index.php\\\/il-fallait-que-je-vous-le-dise-de-aude-mermilliod\\\/#primaryimage\"},\"image\":{\"@id\":\"https:\\\/\\\/sorbetkiwi.fr\\\/index.php\\\/il-fallait-que-je-vous-le-dise-de-aude-mermilliod\\\/#primaryimage\"},\"thumbnailUrl\":\"https:\\\/\\\/sorbetkiwi.fr\\\/wp-content\\\/uploads\\\/2023\\\/01\\\/Il-fallait-que-je-vous-le-dise-Aude-Mermilliod-Martin-Winckler-scaled.jpg\",\"datePublished\":\"2023-01-17T09:06:05+00:00\",\"dateModified\":\"2023-01-17T09:06:06+00:00\",\"description\":\"Ma chronique de Il fallait que je vous le dise, roman graphique d'Aude Mermilliod, avec Martin Winckler, aux \u00e9ditions Casterman.\",\"breadcrumb\":{\"@id\":\"https:\\\/\\\/sorbetkiwi.fr\\\/index.php\\\/il-fallait-que-je-vous-le-dise-de-aude-mermilliod\\\/#breadcrumb\"},\"inLanguage\":\"fr-FR\",\"potentialAction\":[{\"@type\":\"ReadAction\",\"target\":[\"https:\\\/\\\/sorbetkiwi.fr\\\/index.php\\\/il-fallait-que-je-vous-le-dise-de-aude-mermilliod\\\/\"]}]},{\"@type\":\"ImageObject\",\"inLanguage\":\"fr-FR\",\"@id\":\"https:\\\/\\\/sorbetkiwi.fr\\\/index.php\\\/il-fallait-que-je-vous-le-dise-de-aude-mermilliod\\\/#primaryimage\",\"url\":\"https:\\\/\\\/sorbetkiwi.fr\\\/wp-content\\\/uploads\\\/2023\\\/01\\\/Il-fallait-que-je-vous-le-dise-Aude-Mermilliod-Martin-Winckler-scaled.jpg\",\"contentUrl\":\"https:\\\/\\\/sorbetkiwi.fr\\\/wp-content\\\/uploads\\\/2023\\\/01\\\/Il-fallait-que-je-vous-le-dise-Aude-Mermilliod-Martin-Winckler-scaled.jpg\",\"width\":1920,\"height\":2560,\"caption\":\"Il fallait que je vous le dise Aude Mermilliod Martin Winckler\"},{\"@type\":\"BreadcrumbList\",\"@id\":\"https:\\\/\\\/sorbetkiwi.fr\\\/index.php\\\/il-fallait-que-je-vous-le-dise-de-aude-mermilliod\\\/#breadcrumb\",\"itemListElement\":[{\"@type\":\"ListItem\",\"position\":1,\"name\":\"Accueil\",\"item\":\"https:\\\/\\\/sorbetkiwi.fr\\\/\"},{\"@type\":\"ListItem\",\"position\":2,\"name\":\"Il fallait que je vous le dise de Aude Mermilliod\"}]},{\"@type\":\"WebSite\",\"@id\":\"https:\\\/\\\/sorbetkiwi.fr\\\/#website\",\"url\":\"https:\\\/\\\/sorbetkiwi.fr\\\/\",\"name\":\"Sorbet Kiwi\",\"description\":\"Des lectures th\u00e9matiques par saison et les avis qui vont avec\",\"publisher\":{\"@id\":\"https:\\\/\\\/sorbetkiwi.fr\\\/#organization\"},\"potentialAction\":[{\"@type\":\"SearchAction\",\"target\":{\"@type\":\"EntryPoint\",\"urlTemplate\":\"https:\\\/\\\/sorbetkiwi.fr\\\/?s={search_term_string}\"},\"query-input\":{\"@type\":\"PropertyValueSpecification\",\"valueRequired\":true,\"valueName\":\"search_term_string\"}}],\"inLanguage\":\"fr-FR\"},{\"@type\":\"Organization\",\"@id\":\"https:\\\/\\\/sorbetkiwi.fr\\\/#organization\",\"name\":\"Sorbet Kiwi\",\"url\":\"https:\\\/\\\/sorbetkiwi.fr\\\/\",\"logo\":{\"@type\":\"ImageObject\",\"inLanguage\":\"fr-FR\",\"@id\":\"https:\\\/\\\/sorbetkiwi.fr\\\/#\\\/schema\\\/logo\\\/image\\\/\",\"url\":\"https:\\\/\\\/sorbetkiwi.fr\\\/wp-content\\\/uploads\\\/2022\\\/10\\\/Banniere-Sorbet-Kiwi-2022.jpg\",\"contentUrl\":\"https:\\\/\\\/sorbetkiwi.fr\\\/wp-content\\\/uploads\\\/2022\\\/10\\\/Banniere-Sorbet-Kiwi-2022.jpg\",\"width\":814,\"height\":401,\"caption\":\"Sorbet Kiwi\"},\"image\":{\"@id\":\"https:\\\/\\\/sorbetkiwi.fr\\\/#\\\/schema\\\/logo\\\/image\\\/\"},\"sameAs\":[\"https:\\\/\\\/www.facebook.com\\\/profile.php?id=100086238893269\",\"https:\\\/\\\/x.com\\\/pepparshoes\",\"https:\\\/\\\/www.instagram.com\\\/sorbetkiwi\\\/\",\"https:\\\/\\\/www.tiktok.com\\\/sorbetkiwi\"]},{\"@type\":\"Person\",\"@id\":\"https:\\\/\\\/sorbetkiwi.fr\\\/#\\\/schema\\\/person\\\/ed1b7b527a2957ddc3bf38b076540659\",\"name\":\"Sorbet-Kiwi\",\"image\":{\"@type\":\"ImageObject\",\"inLanguage\":\"fr-FR\",\"@id\":\"https:\\\/\\\/secure.gravatar.com\\\/avatar\\\/86f0a5c27d76317621b9e374d0f3a01d3a85278f10d0c7207ced4fd773057442?s=96&d=mm&r=g\",\"url\":\"https:\\\/\\\/secure.gravatar.com\\\/avatar\\\/86f0a5c27d76317621b9e374d0f3a01d3a85278f10d0c7207ced4fd773057442?s=96&d=mm&r=g\",\"contentUrl\":\"https:\\\/\\\/secure.gravatar.com\\\/avatar\\\/86f0a5c27d76317621b9e374d0f3a01d3a85278f10d0c7207ced4fd773057442?s=96&d=mm&r=g\",\"caption\":\"Sorbet-Kiwi\"},\"sameAs\":[\"http:\\\/\\\/sorbetkiwi.fr\"],\"url\":\"https:\\\/\\\/sorbetkiwi.fr\\\/index.php\\\/author\\\/admin7717\\\/\"}]}<\/script>\n<!-- \/ Yoast SEO plugin. -->","yoast_head_json":{"title":"Il fallait que je vous le dise de Aude Mermilliod - Sorbet Kiwi","description":"Ma chronique de Il fallait que je vous le dise, roman graphique d'Aude Mermilliod, avec Martin Winckler, aux \u00e9ditions Casterman.","robots":{"index":"index","follow":"follow","max-snippet":"max-snippet:-1","max-image-preview":"max-image-preview:large","max-video-preview":"max-video-preview:-1"},"canonical":"https:\/\/sorbetkiwi.fr\/index.php\/il-fallait-que-je-vous-le-dise-de-aude-mermilliod\/","og_locale":"fr_FR","og_type":"article","og_title":"Il fallait que je vous le dise de Aude Mermilliod - Sorbet Kiwi","og_description":"Ma chronique de Il fallait que je vous le dise, roman graphique d'Aude Mermilliod, avec Martin Winckler, aux \u00e9ditions Casterman.","og_url":"https:\/\/sorbetkiwi.fr\/index.php\/il-fallait-que-je-vous-le-dise-de-aude-mermilliod\/","og_site_name":"Sorbet Kiwi","article_publisher":"https:\/\/www.facebook.com\/profile.php?id=100086238893269","article_published_time":"2023-01-17T09:06:05+00:00","article_modified_time":"2023-01-17T09:06:06+00:00","og_image":[{"width":1920,"height":2560,"url":"https:\/\/sorbetkiwi.fr\/wp-content\/uploads\/2023\/01\/Il-fallait-que-je-vous-le-dise-Aude-Mermilliod-Martin-Winckler-scaled.jpg","type":"image\/jpeg"}],"author":"Sorbet-Kiwi","twitter_card":"summary_large_image","twitter_creator":"@pepparshoes","twitter_site":"@pepparshoes","twitter_misc":{"\u00c9crit par":"Sorbet-Kiwi","Dur\u00e9e de lecture estim\u00e9e":"3 minutes"},"schema":{"@context":"https:\/\/schema.org","@graph":[{"@type":"Article","@id":"https:\/\/sorbetkiwi.fr\/index.php\/il-fallait-que-je-vous-le-dise-de-aude-mermilliod\/#article","isPartOf":{"@id":"https:\/\/sorbetkiwi.fr\/index.php\/il-fallait-que-je-vous-le-dise-de-aude-mermilliod\/"},"author":{"name":"Sorbet-Kiwi","@id":"https:\/\/sorbetkiwi.fr\/#\/schema\/person\/ed1b7b527a2957ddc3bf38b076540659"},"headline":"Il fallait que je vous le dise de Aude Mermilliod","datePublished":"2023-01-17T09:06:05+00:00","dateModified":"2023-01-17T09:06:06+00:00","mainEntityOfPage":{"@id":"https:\/\/sorbetkiwi.fr\/index.php\/il-fallait-que-je-vous-le-dise-de-aude-mermilliod\/"},"wordCount":518,"commentCount":0,"publisher":{"@id":"https:\/\/sorbetkiwi.fr\/#organization"},"image":{"@id":"https:\/\/sorbetkiwi.fr\/index.php\/il-fallait-que-je-vous-le-dise-de-aude-mermilliod\/#primaryimage"},"thumbnailUrl":"https:\/\/sorbetkiwi.fr\/wp-content\/uploads\/2023\/01\/Il-fallait-que-je-vous-le-dise-Aude-Mermilliod-Martin-Winckler-scaled.jpg","keywords":["Aude Mermilliod","Bande dessin\u00e9e","Editions Casterman","Il fallait que je vous le dise","IVG","Martin Winckler","Roman graphique"],"articleSection":["B\u00e9n\u00e9volat","Coups de coeur","Hiver","Tout le blog"],"inLanguage":"fr-FR","potentialAction":[{"@type":"CommentAction","name":"Comment","target":["https:\/\/sorbetkiwi.fr\/index.php\/il-fallait-que-je-vous-le-dise-de-aude-mermilliod\/#respond"]}]},{"@type":"WebPage","@id":"https:\/\/sorbetkiwi.fr\/index.php\/il-fallait-que-je-vous-le-dise-de-aude-mermilliod\/","url":"https:\/\/sorbetkiwi.fr\/index.php\/il-fallait-que-je-vous-le-dise-de-aude-mermilliod\/","name":"Il fallait que je vous le dise de Aude Mermilliod - Sorbet Kiwi","isPartOf":{"@id":"https:\/\/sorbetkiwi.fr\/#website"},"primaryImageOfPage":{"@id":"https:\/\/sorbetkiwi.fr\/index.php\/il-fallait-que-je-vous-le-dise-de-aude-mermilliod\/#primaryimage"},"image":{"@id":"https:\/\/sorbetkiwi.fr\/index.php\/il-fallait-que-je-vous-le-dise-de-aude-mermilliod\/#primaryimage"},"thumbnailUrl":"https:\/\/sorbetkiwi.fr\/wp-content\/uploads\/2023\/01\/Il-fallait-que-je-vous-le-dise-Aude-Mermilliod-Martin-Winckler-scaled.jpg","datePublished":"2023-01-17T09:06:05+00:00","dateModified":"2023-01-17T09:06:06+00:00","description":"Ma chronique de Il fallait que je vous le dise, roman graphique d'Aude Mermilliod, avec Martin Winckler, aux \u00e9ditions Casterman.","breadcrumb":{"@id":"https:\/\/sorbetkiwi.fr\/index.php\/il-fallait-que-je-vous-le-dise-de-aude-mermilliod\/#breadcrumb"},"inLanguage":"fr-FR","potentialAction":[{"@type":"ReadAction","target":["https:\/\/sorbetkiwi.fr\/index.php\/il-fallait-que-je-vous-le-dise-de-aude-mermilliod\/"]}]},{"@type":"ImageObject","inLanguage":"fr-FR","@id":"https:\/\/sorbetkiwi.fr\/index.php\/il-fallait-que-je-vous-le-dise-de-aude-mermilliod\/#primaryimage","url":"https:\/\/sorbetkiwi.fr\/wp-content\/uploads\/2023\/01\/Il-fallait-que-je-vous-le-dise-Aude-Mermilliod-Martin-Winckler-scaled.jpg","contentUrl":"https:\/\/sorbetkiwi.fr\/wp-content\/uploads\/2023\/01\/Il-fallait-que-je-vous-le-dise-Aude-Mermilliod-Martin-Winckler-scaled.jpg","width":1920,"height":2560,"caption":"Il fallait que je vous le dise Aude Mermilliod Martin Winckler"},{"@type":"BreadcrumbList","@id":"https:\/\/sorbetkiwi.fr\/index.php\/il-fallait-que-je-vous-le-dise-de-aude-mermilliod\/#breadcrumb","itemListElement":[{"@type":"ListItem","position":1,"name":"Accueil","item":"https:\/\/sorbetkiwi.fr\/"},{"@type":"ListItem","position":2,"name":"Il fallait que je vous le dise de Aude Mermilliod"}]},{"@type":"WebSite","@id":"https:\/\/sorbetkiwi.fr\/#website","url":"https:\/\/sorbetkiwi.fr\/","name":"Sorbet Kiwi","description":"Des lectures th\u00e9matiques par saison et les avis qui vont avec","publisher":{"@id":"https:\/\/sorbetkiwi.fr\/#organization"},"potentialAction":[{"@type":"SearchAction","target":{"@type":"EntryPoint","urlTemplate":"https:\/\/sorbetkiwi.fr\/?s={search_term_string}"},"query-input":{"@type":"PropertyValueSpecification","valueRequired":true,"valueName":"search_term_string"}}],"inLanguage":"fr-FR"},{"@type":"Organization","@id":"https:\/\/sorbetkiwi.fr\/#organization","name":"Sorbet Kiwi","url":"https:\/\/sorbetkiwi.fr\/","logo":{"@type":"ImageObject","inLanguage":"fr-FR","@id":"https:\/\/sorbetkiwi.fr\/#\/schema\/logo\/image\/","url":"https:\/\/sorbetkiwi.fr\/wp-content\/uploads\/2022\/10\/Banniere-Sorbet-Kiwi-2022.jpg","contentUrl":"https:\/\/sorbetkiwi.fr\/wp-content\/uploads\/2022\/10\/Banniere-Sorbet-Kiwi-2022.jpg","width":814,"height":401,"caption":"Sorbet Kiwi"},"image":{"@id":"https:\/\/sorbetkiwi.fr\/#\/schema\/logo\/image\/"},"sameAs":["https:\/\/www.facebook.com\/profile.php?id=100086238893269","https:\/\/x.com\/pepparshoes","https:\/\/www.instagram.com\/sorbetkiwi\/","https:\/\/www.tiktok.com\/sorbetkiwi"]},{"@type":"Person","@id":"https:\/\/sorbetkiwi.fr\/#\/schema\/person\/ed1b7b527a2957ddc3bf38b076540659","name":"Sorbet-Kiwi","image":{"@type":"ImageObject","inLanguage":"fr-FR","@id":"https:\/\/secure.gravatar.com\/avatar\/86f0a5c27d76317621b9e374d0f3a01d3a85278f10d0c7207ced4fd773057442?s=96&d=mm&r=g","url":"https:\/\/secure.gravatar.com\/avatar\/86f0a5c27d76317621b9e374d0f3a01d3a85278f10d0c7207ced4fd773057442?s=96&d=mm&r=g","contentUrl":"https:\/\/secure.gravatar.com\/avatar\/86f0a5c27d76317621b9e374d0f3a01d3a85278f10d0c7207ced4fd773057442?s=96&d=mm&r=g","caption":"Sorbet-Kiwi"},"sameAs":["http:\/\/sorbetkiwi.fr"],"url":"https:\/\/sorbetkiwi.fr\/index.php\/author\/admin7717\/"}]}},"_links":{"self":[{"href":"https:\/\/sorbetkiwi.fr\/index.php\/wp-json\/wp\/v2\/posts\/1484","targetHints":{"allow":["GET"]}}],"collection":[{"href":"https:\/\/sorbetkiwi.fr\/index.php\/wp-json\/wp\/v2\/posts"}],"about":[{"href":"https:\/\/sorbetkiwi.fr\/index.php\/wp-json\/wp\/v2\/types\/post"}],"author":[{"embeddable":true,"href":"https:\/\/sorbetkiwi.fr\/index.php\/wp-json\/wp\/v2\/users\/1"}],"replies":[{"embeddable":true,"href":"https:\/\/sorbetkiwi.fr\/index.php\/wp-json\/wp\/v2\/comments?post=1484"}],"version-history":[{"count":6,"href":"https:\/\/sorbetkiwi.fr\/index.php\/wp-json\/wp\/v2\/posts\/1484\/revisions"}],"predecessor-version":[{"id":1491,"href":"https:\/\/sorbetkiwi.fr\/index.php\/wp-json\/wp\/v2\/posts\/1484\/revisions\/1491"}],"wp:featuredmedia":[{"embeddable":true,"href":"https:\/\/sorbetkiwi.fr\/index.php\/wp-json\/wp\/v2\/media\/1485"}],"wp:attachment":[{"href":"https:\/\/sorbetkiwi.fr\/index.php\/wp-json\/wp\/v2\/media?parent=1484"}],"wp:term":[{"taxonomy":"category","embeddable":true,"href":"https:\/\/sorbetkiwi.fr\/index.php\/wp-json\/wp\/v2\/categories?post=1484"},{"taxonomy":"post_tag","embeddable":true,"href":"https:\/\/sorbetkiwi.fr\/index.php\/wp-json\/wp\/v2\/tags?post=1484"}],"curies":[{"name":"wp","href":"https:\/\/api.w.org\/{rel}","templated":true}]}}