{"id":1451,"date":"2023-01-13T12:08:12","date_gmt":"2023-01-13T11:08:12","guid":{"rendered":"https:\/\/sorbetkiwi.fr\/?p=1451"},"modified":"2023-05-18T17:59:52","modified_gmt":"2023-05-18T15:59:52","slug":"la-soeur-de-lombre-de-lucinda-riley","status":"publish","type":"post","link":"https:\/\/sorbetkiwi.fr\/index.php\/la-soeur-de-lombre-de-lucinda-riley\/","title":{"rendered":"La s\u0153ur de l&rsquo;ombre de Lucinda Riley"},"content":{"rendered":"\t\t<div data-elementor-type=\"wp-post\" data-elementor-id=\"1451\" class=\"elementor elementor-1451\">\n\t\t\t\t\t\t<section class=\"elementor-section elementor-top-section elementor-element elementor-element-558f579c elementor-section-boxed elementor-section-height-default elementor-section-height-default\" data-id=\"558f579c\" data-element_type=\"section\" data-e-type=\"section\">\n\t\t\t\t\t\t<div class=\"elementor-container elementor-column-gap-default\">\n\t\t\t\t\t<div class=\"elementor-column elementor-col-100 elementor-top-column elementor-element elementor-element-70a67768\" data-id=\"70a67768\" data-element_type=\"column\" data-e-type=\"column\">\n\t\t\t<div class=\"elementor-widget-wrap elementor-element-populated\">\n\t\t\t\t\t\t<div class=\"elementor-element elementor-element-59070467 elementor-widget elementor-widget-heading\" data-id=\"59070467\" data-element_type=\"widget\" data-e-type=\"widget\" data-widget_type=\"heading.default\">\n\t\t\t\t<div class=\"elementor-widget-container\">\n\t\t\t\t\t<h1 class=\"elementor-heading-title elementor-size-medium\">La s\u0153ur de l'ombre Les sept soeurs 3 Lucinda Riley<\/h1>\t\t\t\t<\/div>\n\t\t\t\t<\/div>\n\t\t\t\t<div class=\"elementor-element elementor-element-1b395bf0 elementor-view-default elementor-widget elementor-widget-icon\" data-id=\"1b395bf0\" data-element_type=\"widget\" data-e-type=\"widget\" data-widget_type=\"icon.default\">\n\t\t\t\t<div class=\"elementor-widget-container\">\n\t\t\t\t\t\t\t<div class=\"elementor-icon-wrapper\">\n\t\t\t<div class=\"elementor-icon\">\n\t\t\t<i aria-hidden=\"true\" class=\"far fa-snowflake\"><\/i>\t\t\t<\/div>\n\t\t<\/div>\n\t\t\t\t\t\t<\/div>\n\t\t\t\t<\/div>\n\t\t\t\t<div class=\"elementor-element elementor-element-444f1bad elementor-widget-divider--view-line elementor-widget elementor-widget-divider\" data-id=\"444f1bad\" data-element_type=\"widget\" data-e-type=\"widget\" data-widget_type=\"divider.default\">\n\t\t\t\t<div class=\"elementor-widget-container\">\n\t\t\t\t\t\t\t<div class=\"elementor-divider\">\n\t\t\t<span class=\"elementor-divider-separator\">\n\t\t\t\t\t\t<\/span>\n\t\t<\/div>\n\t\t\t\t\t\t<\/div>\n\t\t\t\t<\/div>\n\t\t\t\t<div class=\"elementor-element elementor-element-16c11e1c elementor-widget elementor-widget-heading\" data-id=\"16c11e1c\" data-element_type=\"widget\" data-e-type=\"widget\" data-widget_type=\"heading.default\">\n\t\t\t\t<div class=\"elementor-widget-container\">\n\t\t\t\t\t<h2 class=\"elementor-heading-title elementor-size-medium\">R\u00e9sum\u00e9<\/h2>\t\t\t\t<\/div>\n\t\t\t\t<\/div>\n\t\t\t\t<div class=\"elementor-element elementor-element-21a582d elementor-widget elementor-widget-text-editor\" data-id=\"21a582d\" data-element_type=\"widget\" data-e-type=\"widget\" data-widget_type=\"text-editor.default\">\n\t\t\t\t<div class=\"elementor-widget-container\">\n\t\t\t\t\t\t\t\t\t<p>Star d\u2019Apli\u00e8se, la s\u0153ur de l&rsquo;ombre, est \u00e0 un carrefour de sa vie apr\u00e8s le d\u00e9c\u00e8s brutal de son p\u00e8re bien-aim\u00e9, le millionnaire excentrique surnomm\u00e9 Pa Salt par ses six filles, toutes adopt\u00e9es aux quatre coins du monde. Il leur a laiss\u00e9 \u00e0 chacune un indice sur leurs origines, mais Star, la plus \u00e9nigmatique, h\u00e9site \u00e0 sortir du cocon qu\u2019elle s\u2019est cr\u00e9\u00e9 avec sa soeur CeCe. D\u00e9sesp\u00e9r\u00e9e, elle d\u00e9cide de suivre le premier indice, qui l\u2019entra\u00eene dans une librairie de livres anciens \u00e0 Londres\u2026<\/p><p>Un si\u00e8cle auparavant, l\u2019ind\u00e9pendante et ent\u00eat\u00e9e Flora MacNichol jure qu\u2019elle ne se mariera jamais. Elle est heureuse et en s\u00e9curit\u00e9 dans sa demeure du Lake District, vivant \u00e0 proximit\u00e9 de son idole, Beatrix Potter, lorsque divers \u00e9v\u00e9nements qu\u2019elle ne ma\u00eetrise pas l\u2019entra\u00eenent \u00e0 Londres, dans la maison de l\u2019une des h\u00f4tesses les plus r\u00e9put\u00e9es dans la haute soci\u00e9t\u00e9 edwardienne : Alice Keppel. Flora est tiraill\u00e9e entre un amour passionnel et ses devoirs envers sa famille, mais arrive \u00e0 trouver sa place sur l\u2019\u00e9chiquier \u2013 qui comporte des r\u00e8gles que seuls certains connaissent, jusqu\u2019\u00e0 ce qu\u2019un myst\u00e9rieux gentleman lui r\u00e9v\u00e8le ce qu\u2019elle a cherch\u00e9 durant toute sa vie\u2026<\/p>\t\t\t\t\t\t\t\t<\/div>\n\t\t\t\t<\/div>\n\t\t\t\t<div class=\"elementor-element elementor-element-22199283 elementor-widget-divider--view-line elementor-widget elementor-widget-divider\" data-id=\"22199283\" data-element_type=\"widget\" data-e-type=\"widget\" data-widget_type=\"divider.default\">\n\t\t\t\t<div class=\"elementor-widget-container\">\n\t\t\t\t\t\t\t<div class=\"elementor-divider\">\n\t\t\t<span class=\"elementor-divider-separator\">\n\t\t\t\t\t\t<\/span>\n\t\t<\/div>\n\t\t\t\t\t\t<\/div>\n\t\t\t\t<\/div>\n\t\t\t\t<div class=\"elementor-element elementor-element-153ae4a9 elementor-widget elementor-widget-heading\" data-id=\"153ae4a9\" data-element_type=\"widget\" data-e-type=\"widget\" data-widget_type=\"heading.default\">\n\t\t\t\t<div class=\"elementor-widget-container\">\n\t\t\t\t\t<h2 class=\"elementor-heading-title elementor-size-medium\">Ma note<\/h2>\t\t\t\t<\/div>\n\t\t\t\t<\/div>\n\t\t\t\t<div class=\"elementor-element elementor-element-4c4610e1 elementor-star-rating--align-center elementor--star-style-star_fontawesome elementor-widget elementor-widget-star-rating\" data-id=\"4c4610e1\" data-element_type=\"widget\" data-e-type=\"widget\" data-widget_type=\"star-rating.default\">\n\t\t\t\t<div class=\"elementor-widget-container\">\n\t\t\t\t\t\t\t<div class=\"elementor-star-rating__wrapper\">\n\t\t\t\t\t\t<div class=\"elementor-star-rating\" itemtype=\"http:\/\/schema.org\/Rating\" itemscope=\"\" itemprop=\"reviewRating\">\n\t\t\t\t<i class=\"elementor-star-full\" aria-hidden=\"true\">&#xE934;<\/i><i class=\"elementor-star-full\" aria-hidden=\"true\">&#xE934;<\/i><i class=\"elementor-star-full\" aria-hidden=\"true\">&#xE934;<\/i><i class=\"elementor-star-full\" aria-hidden=\"true\">&#xE934;<\/i><i class=\"elementor-star-full\" aria-hidden=\"true\">&#xE934;<\/i>\t\t\t\t<span itemprop=\"ratingValue\" class=\"elementor-screen-only\">Not\u00e9 5 sur 5<\/span>\n\t\t\t<\/div>\n\t\t<\/div>\n\t\t\t\t\t\t<\/div>\n\t\t\t\t<\/div>\n\t\t\t\t<div class=\"elementor-element elementor-element-59d718eb elementor-widget-divider--view-line elementor-widget elementor-widget-divider\" data-id=\"59d718eb\" data-element_type=\"widget\" data-e-type=\"widget\" data-widget_type=\"divider.default\">\n\t\t\t\t<div class=\"elementor-widget-container\">\n\t\t\t\t\t\t\t<div class=\"elementor-divider\">\n\t\t\t<span class=\"elementor-divider-separator\">\n\t\t\t\t\t\t<\/span>\n\t\t<\/div>\n\t\t\t\t\t\t<\/div>\n\t\t\t\t<\/div>\n\t\t\t\t<div class=\"elementor-element elementor-element-3bacb5cb elementor-widget elementor-widget-heading\" data-id=\"3bacb5cb\" data-element_type=\"widget\" data-e-type=\"widget\" data-widget_type=\"heading.default\">\n\t\t\t\t<div class=\"elementor-widget-container\">\n\t\t\t\t\t<h2 class=\"elementor-heading-title elementor-size-medium\">Une saveur particuli\u00e8re<\/h2>\t\t\t\t<\/div>\n\t\t\t\t<\/div>\n\t\t\t\t<div class=\"elementor-element elementor-element-52e63b41 elementor-widget elementor-widget-text-editor\" data-id=\"52e63b41\" data-element_type=\"widget\" data-e-type=\"widget\" data-widget_type=\"text-editor.default\">\n\t\t\t\t<div class=\"elementor-widget-container\">\n\t\t\t\t\t\t\t\t\t<p>Je crois que c\u2019est pour d\u00e9couvrir l&rsquo;histoire de Star\u00a0en avant-premi\u00e8re tout particuli\u00e8rement que j\u2019avais postul\u00e9 pour \u00eatre lectrice Charleston. Cette aventure, quel bonheur ! La s\u0153ur de l&rsquo;ombre a ainsi d\u00e9j\u00e0 un petit avant-go\u00fbt de joie. D\u00e9s que je l&rsquo;ouvre, d\u00e9s que je le vois. Star est la troisi\u00e8me s\u0153ur de la fratrie d\u2019Apli\u00e8se. Et avec les deux premiers tomes, j\u2019ai vraiment pu m\u2019habituer \u00e0 cette famille hors du commun.\u00a0<\/p><p>En commen\u00e7ant ce roman, pour la premi\u00e8re fois, j\u2019avais l\u2019impression de d\u00e9j\u00e0 conna\u00eetre un peu le personnage. Puisque <a href=\"https:\/\/sorbetkiwi.fr\/index.php\/les-sept-soeurs-tome-1-maia-de-lucinda-riley\/\">Maia<\/a> et <a href=\"https:\/\/sorbetkiwi.fr\/index.php\/la-soeur-de-la-tempete-de-lucinda-riley\/\">Ally<\/a> avaient pu donner un avis subjectif sur leur s\u0153ur. Au moment de lire leurs histoires, il me semblait objectif. Et je me suis rendue compte que ce n\u2019est peut-\u00eatre pas tout \u00e0 fait le cas. Rebelotte a la relecture. Elles nous expliquent que Star vit dans l\u2019ombre de CeCe, depuis toujours. Comme si elle n\u2019avait pas de personnalit\u00e9 propre, et qu\u2019elle suivait celle-ci sans jamais se questionner sur ses propres d\u00e9sirs. Sauf qu\u2019en regardant cela de plus pr\u00e8s, je ne suis plus si d\u2019accord.<\/p>\t\t\t\t\t\t\t\t<\/div>\n\t\t\t\t<\/div>\n\t\t\t\t<div class=\"elementor-element elementor-element-6c14f4bf elementor-widget-divider--view-line elementor-widget elementor-widget-divider\" data-id=\"6c14f4bf\" data-element_type=\"widget\" data-e-type=\"widget\" data-widget_type=\"divider.default\">\n\t\t\t\t<div class=\"elementor-widget-container\">\n\t\t\t\t\t\t\t<div class=\"elementor-divider\">\n\t\t\t<span class=\"elementor-divider-separator\">\n\t\t\t\t\t\t<\/span>\n\t\t<\/div>\n\t\t\t\t\t\t<\/div>\n\t\t\t\t<\/div>\n\t\t\t\t<div class=\"elementor-element elementor-element-4c74c72 elementor-widget elementor-widget-heading\" data-id=\"4c74c72\" data-element_type=\"widget\" data-e-type=\"widget\" data-widget_type=\"heading.default\">\n\t\t\t\t<div class=\"elementor-widget-container\">\n\t\t\t\t\t<h4 class=\"elementor-heading-title elementor-size-medium\">\"Je regardais le fleuve par la fen\u00eatre. Il avan\u00e7ait irr\u00e9sistiblement, libre. Et je sentis le barrage dont j'avais prot\u00e9g\u00e9 mon c\u0153ur commencer \u00e0 fissurer.\"<\/h4>\t\t\t\t<\/div>\n\t\t\t\t<\/div>\n\t\t\t\t<div class=\"elementor-element elementor-element-136dc136 elementor-widget-divider--view-line elementor-widget elementor-widget-divider\" data-id=\"136dc136\" data-element_type=\"widget\" data-e-type=\"widget\" data-widget_type=\"divider.default\">\n\t\t\t\t<div class=\"elementor-widget-container\">\n\t\t\t\t\t\t\t<div class=\"elementor-divider\">\n\t\t\t<span class=\"elementor-divider-separator\">\n\t\t\t\t\t\t<\/span>\n\t\t<\/div>\n\t\t\t\t\t\t<\/div>\n\t\t\t\t<\/div>\n\t\t\t\t<div class=\"elementor-element elementor-element-698b57d6 elementor-widget elementor-widget-heading\" data-id=\"698b57d6\" data-element_type=\"widget\" data-e-type=\"widget\" data-widget_type=\"heading.default\">\n\t\t\t\t<div class=\"elementor-widget-container\">\n\t\t\t\t\t<h2 class=\"elementor-heading-title elementor-size-medium\">La s\u0153ur de l'ombre ? Pas tant que \u00e7a<\/h2>\t\t\t\t<\/div>\n\t\t\t\t<\/div>\n\t\t\t\t<div class=\"elementor-element elementor-element-441d27e4 elementor-widget elementor-widget-text-editor\" data-id=\"441d27e4\" data-element_type=\"widget\" data-e-type=\"widget\" data-widget_type=\"text-editor.default\">\n\t\t\t\t<div class=\"elementor-widget-container\">\n\t\t\t\t\t\t\t\t\t<p>J\u2019avais peur que CeCe soit trop pr\u00e9sente, et g\u00e2che ce moment avec Star. La faute \u00e0 l&rsquo;influence de Maia et Ally. C\u2019est certainement ce que doivent ressentir les autres femmes de la fratrie. Mais non, Lucinda Riley donne bien sa place \u00e0 ce personnage discret. Avec habilet\u00e9 quant \u00e0 la chronologie du roman. Elle donne d\u2019ailleurs encore plus envie de lire l\u2019histoire de la quatri\u00e8me !\u00a0<\/p><p>J\u2019ai d\u00e9couvert celle-ci d\u2019un point de vue diff\u00e9rent ici. Pas du tout comme elle \u00e9tait d\u00e9crite par Maia ou Ally. Je me suis m\u00eame demand\u00e9e si, finalement, ce n\u2019\u00e9tait pas uniquement Star qui vivait dans l\u2019ombre de sa s\u0153ur ? Mais que chacune vivait dans la lumi\u00e8re de l\u2019autre ? Ce sera \u00e0 d\u00e9couvrir dans le prochain roman. En tous cas, elle semble tr\u00e8s forte, et va le devenir de plus en plus. Pourtant on a r\u00e9guli\u00e8rement une piq\u00fbre de rappel pour qu\u2019on se souvienne qu\u2019elle a toujours v\u00e9cu en duo avec sa jumelle, comme elle l\u2019appelle. Et que parler pour soi n\u2019est pas toujours \u00e9vident.<\/p>\t\t\t\t\t\t\t\t<\/div>\n\t\t\t\t<\/div>\n\t\t\t\t<div class=\"elementor-element elementor-element-6e076797 elementor-widget-divider--view-line elementor-widget elementor-widget-divider\" data-id=\"6e076797\" data-element_type=\"widget\" data-e-type=\"widget\" data-widget_type=\"divider.default\">\n\t\t\t\t<div class=\"elementor-widget-container\">\n\t\t\t\t\t\t\t<div class=\"elementor-divider\">\n\t\t\t<span class=\"elementor-divider-separator\">\n\t\t\t\t\t\t<\/span>\n\t\t<\/div>\n\t\t\t\t\t\t<\/div>\n\t\t\t\t<\/div>\n\t\t\t\t<div class=\"elementor-element elementor-element-45852f8 elementor-widget elementor-widget-heading\" data-id=\"45852f8\" data-element_type=\"widget\" data-e-type=\"widget\" data-widget_type=\"heading.default\">\n\t\t\t\t<div class=\"elementor-widget-container\">\n\t\t\t\t\t<h2 class=\"elementor-heading-title elementor-size-medium\">Des personnages adorables<\/h2>\t\t\t\t<\/div>\n\t\t\t\t<\/div>\n\t\t\t\t<div class=\"elementor-element elementor-element-774f5540 elementor-widget elementor-widget-text-editor\" data-id=\"774f5540\" data-element_type=\"widget\" data-e-type=\"widget\" data-widget_type=\"text-editor.default\">\n\t\t\t\t<div class=\"elementor-widget-container\">\n\t\t\t\t\t\t\t\t\t<p>L\u2019histoire de Star est \u00e0 la hauteur de celle de ses a\u00een\u00e9es. Et j\u2019ai m\u00eame encore pr\u00e9f\u00e9r\u00e9 les personnages secondaires. Notamment le petit Rory, dont j\u2019ai ador\u00e9 le personnage. Et la relation qu\u2019il a avec Mouse. Toute cette famille qui se construit autour de lui. Mais aussi Violet et Sonia, qui sont des figures du pass\u00e9. Que ce soit Star ou son anc\u00eatre, Flora, j\u2019ai autant aim\u00e9 l\u2019une que l\u2019autre. Je suis absolument conquise. Encore une fois, l\u2019autrice conclue son tome par la voix de la prochaine, <a href=\"https:\/\/sorbetkiwi.wordpress.com\/2018\/03\/24\/les-sept-soeurs-t-4-la-soeur-a-la-perle-cece-de-lucinda-riley%e2%80%8f\/\">qui sera donc CeCe<\/a>.\u00a0Enfin, j\u2019ai \u00e9t\u00e9 tellement surprise de ce qu\u2019elle dit ! Alors que j\u2019avais class\u00e9 la\u00a0s\u0153ur de l&rsquo;ombre comme celle que j\u2019aimais le moins, j\u2019ai r\u00e9vis\u00e9 mon jugement \u00e0 la fin de la relecture. Ainsi, nous repartons sur un coup de c\u0153ur !<\/p>\t\t\t\t\t\t\t\t<\/div>\n\t\t\t\t<\/div>\n\t\t\t\t\t<\/div>\n\t\t<\/div>\n\t\t\t\t\t<\/div>\n\t\t<\/section>\n\t\t\t\t<\/div>\n\t\t","protected":false},"excerpt":{"rendered":"<p>La s\u0153ur de l&rsquo;ombre Les sept soeurs 3 Lucinda Riley R\u00e9sum\u00e9 Star d\u2019Apli\u00e8se, la s\u0153ur de l&rsquo;ombre, est \u00e0 un carrefour de sa vie apr\u00e8s le d\u00e9c\u00e8s brutal de son p\u00e8re bien-aim\u00e9, le millionnaire excentrique &hellip; <\/p>\n","protected":false},"author":1,"featured_media":1453,"comment_status":"open","ping_status":"open","sticky":false,"template":"","format":"standard","meta":{"footnotes":""},"categories":[9,11,8,707,1],"tags":[372,31,369,327,370,63,62,371],"class_list":["post-1451","post","type-post","status-publish","format-standard","has-post-thumbnail","hentry","category-coups-de-coeur","category-hiver","category-partenariats","category-sur-les-traces-des-sept-soeurs","category-tout-le-blog","tag-angleterre","tag-editions-charleston","tag-genealogie","tag-hiver","tag-la-soeur-de-lombre","tag-les-sept-soeurs","tag-lucinda-riley","tag-star","has-single-img"],"yoast_head":"<!-- This site is optimized with the Yoast SEO plugin v27.4 - https:\/\/yoast.com\/product\/yoast-seo-wordpress\/ -->\n<title>La s\u0153ur de l&#039;ombre de Lucinda Riley - Sorbet Kiwi<\/title>\n<meta name=\"description\" content=\"Ma chronique de La s\u0153ur de l&#039;ombre, troisi\u00e8me tome de la saga des Sept S\u0153urs de Lucinda Riley chez Charleston, une relecture.\" \/>\n<meta name=\"robots\" content=\"index, follow, max-snippet:-1, max-image-preview:large, max-video-preview:-1\" \/>\n<link rel=\"canonical\" href=\"https:\/\/sorbetkiwi.fr\/index.php\/la-soeur-de-lombre-de-lucinda-riley\/\" \/>\n<meta property=\"og:locale\" content=\"fr_FR\" \/>\n<meta property=\"og:type\" content=\"article\" \/>\n<meta property=\"og:title\" content=\"La s\u0153ur de l&#039;ombre de Lucinda Riley - Sorbet Kiwi\" \/>\n<meta property=\"og:description\" content=\"Ma chronique de La s\u0153ur de l&#039;ombre, troisi\u00e8me tome de la saga des Sept S\u0153urs de Lucinda Riley chez Charleston, une relecture.\" \/>\n<meta property=\"og:url\" content=\"https:\/\/sorbetkiwi.fr\/index.php\/la-soeur-de-lombre-de-lucinda-riley\/\" \/>\n<meta property=\"og:site_name\" content=\"Sorbet Kiwi\" \/>\n<meta property=\"article:publisher\" content=\"https:\/\/www.facebook.com\/profile.php?id=100086238893269\" \/>\n<meta property=\"article:published_time\" content=\"2023-01-13T11:08:12+00:00\" \/>\n<meta property=\"article:modified_time\" content=\"2023-05-18T15:59:52+00:00\" \/>\n<meta property=\"og:image\" content=\"https:\/\/sorbetkiwi.fr\/wp-content\/uploads\/2023\/01\/La-soeur-de-lombre-Les-sept-soeurs-3-Lucinda-Riley-scaled.jpg\" \/>\n\t<meta property=\"og:image:width\" content=\"1921\" \/>\n\t<meta property=\"og:image:height\" content=\"2560\" \/>\n\t<meta property=\"og:image:type\" content=\"image\/jpeg\" \/>\n<meta name=\"author\" content=\"Sorbet-Kiwi\" \/>\n<meta name=\"twitter:card\" content=\"summary_large_image\" \/>\n<meta name=\"twitter:creator\" content=\"@pepparshoes\" \/>\n<meta name=\"twitter:site\" content=\"@pepparshoes\" \/>\n<meta name=\"twitter:label1\" content=\"\u00c9crit par\" \/>\n\t<meta name=\"twitter:data1\" content=\"Sorbet-Kiwi\" \/>\n\t<meta name=\"twitter:label2\" content=\"Dur\u00e9e de lecture estim\u00e9e\" \/>\n\t<meta name=\"twitter:data2\" content=\"4 minutes\" \/>\n<script type=\"application\/ld+json\" class=\"yoast-schema-graph\">{\"@context\":\"https:\\\/\\\/schema.org\",\"@graph\":[{\"@type\":\"Article\",\"@id\":\"https:\\\/\\\/sorbetkiwi.fr\\\/index.php\\\/la-soeur-de-lombre-de-lucinda-riley\\\/#article\",\"isPartOf\":{\"@id\":\"https:\\\/\\\/sorbetkiwi.fr\\\/index.php\\\/la-soeur-de-lombre-de-lucinda-riley\\\/\"},\"author\":{\"name\":\"Sorbet-Kiwi\",\"@id\":\"https:\\\/\\\/sorbetkiwi.fr\\\/#\\\/schema\\\/person\\\/ed1b7b527a2957ddc3bf38b076540659\"},\"headline\":\"La s\u0153ur de l&rsquo;ombre de Lucinda Riley\",\"datePublished\":\"2023-01-13T11:08:12+00:00\",\"dateModified\":\"2023-05-18T15:59:52+00:00\",\"mainEntityOfPage\":{\"@id\":\"https:\\\/\\\/sorbetkiwi.fr\\\/index.php\\\/la-soeur-de-lombre-de-lucinda-riley\\\/\"},\"wordCount\":856,\"commentCount\":1,\"publisher\":{\"@id\":\"https:\\\/\\\/sorbetkiwi.fr\\\/#organization\"},\"image\":{\"@id\":\"https:\\\/\\\/sorbetkiwi.fr\\\/index.php\\\/la-soeur-de-lombre-de-lucinda-riley\\\/#primaryimage\"},\"thumbnailUrl\":\"https:\\\/\\\/sorbetkiwi.fr\\\/wp-content\\\/uploads\\\/2023\\\/01\\\/La-soeur-de-lombre-Les-sept-soeurs-3-Lucinda-Riley-scaled.jpg\",\"keywords\":[\"Angleterre\",\"Editions Charleston\",\"G\u00e9n\u00e9alogie\",\"Hiver\",\"La s\u0153ur de l&#039;ombre\",\"Les sept soeurs\",\"Lucinda Riley\",\"Star\"],\"articleSection\":[\"Coups de coeur\",\"Hiver\",\"Partenariats\",\"Sur les traces des Sept S\u0153urs\",\"Tout le blog\"],\"inLanguage\":\"fr-FR\",\"potentialAction\":[{\"@type\":\"CommentAction\",\"name\":\"Comment\",\"target\":[\"https:\\\/\\\/sorbetkiwi.fr\\\/index.php\\\/la-soeur-de-lombre-de-lucinda-riley\\\/#respond\"]}]},{\"@type\":\"WebPage\",\"@id\":\"https:\\\/\\\/sorbetkiwi.fr\\\/index.php\\\/la-soeur-de-lombre-de-lucinda-riley\\\/\",\"url\":\"https:\\\/\\\/sorbetkiwi.fr\\\/index.php\\\/la-soeur-de-lombre-de-lucinda-riley\\\/\",\"name\":\"La s\u0153ur de l'ombre de Lucinda Riley - Sorbet Kiwi\",\"isPartOf\":{\"@id\":\"https:\\\/\\\/sorbetkiwi.fr\\\/#website\"},\"primaryImageOfPage\":{\"@id\":\"https:\\\/\\\/sorbetkiwi.fr\\\/index.php\\\/la-soeur-de-lombre-de-lucinda-riley\\\/#primaryimage\"},\"image\":{\"@id\":\"https:\\\/\\\/sorbetkiwi.fr\\\/index.php\\\/la-soeur-de-lombre-de-lucinda-riley\\\/#primaryimage\"},\"thumbnailUrl\":\"https:\\\/\\\/sorbetkiwi.fr\\\/wp-content\\\/uploads\\\/2023\\\/01\\\/La-soeur-de-lombre-Les-sept-soeurs-3-Lucinda-Riley-scaled.jpg\",\"datePublished\":\"2023-01-13T11:08:12+00:00\",\"dateModified\":\"2023-05-18T15:59:52+00:00\",\"description\":\"Ma chronique de La s\u0153ur de l'ombre, troisi\u00e8me tome de la saga des Sept S\u0153urs de Lucinda Riley chez Charleston, une relecture.\",\"breadcrumb\":{\"@id\":\"https:\\\/\\\/sorbetkiwi.fr\\\/index.php\\\/la-soeur-de-lombre-de-lucinda-riley\\\/#breadcrumb\"},\"inLanguage\":\"fr-FR\",\"potentialAction\":[{\"@type\":\"ReadAction\",\"target\":[\"https:\\\/\\\/sorbetkiwi.fr\\\/index.php\\\/la-soeur-de-lombre-de-lucinda-riley\\\/\"]}]},{\"@type\":\"ImageObject\",\"inLanguage\":\"fr-FR\",\"@id\":\"https:\\\/\\\/sorbetkiwi.fr\\\/index.php\\\/la-soeur-de-lombre-de-lucinda-riley\\\/#primaryimage\",\"url\":\"https:\\\/\\\/sorbetkiwi.fr\\\/wp-content\\\/uploads\\\/2023\\\/01\\\/La-soeur-de-lombre-Les-sept-soeurs-3-Lucinda-Riley-scaled.jpg\",\"contentUrl\":\"https:\\\/\\\/sorbetkiwi.fr\\\/wp-content\\\/uploads\\\/2023\\\/01\\\/La-soeur-de-lombre-Les-sept-soeurs-3-Lucinda-Riley-scaled.jpg\",\"width\":1921,\"height\":2560,\"caption\":\"La s\u0153ur de l'ombre Les sept soeurs 3 Lucinda Riley\"},{\"@type\":\"BreadcrumbList\",\"@id\":\"https:\\\/\\\/sorbetkiwi.fr\\\/index.php\\\/la-soeur-de-lombre-de-lucinda-riley\\\/#breadcrumb\",\"itemListElement\":[{\"@type\":\"ListItem\",\"position\":1,\"name\":\"Accueil\",\"item\":\"https:\\\/\\\/sorbetkiwi.fr\\\/\"},{\"@type\":\"ListItem\",\"position\":2,\"name\":\"La s\u0153ur de l&rsquo;ombre de Lucinda Riley\"}]},{\"@type\":\"WebSite\",\"@id\":\"https:\\\/\\\/sorbetkiwi.fr\\\/#website\",\"url\":\"https:\\\/\\\/sorbetkiwi.fr\\\/\",\"name\":\"Sorbet Kiwi\",\"description\":\"Des lectures th\u00e9matiques par saison et les avis qui vont avec\",\"publisher\":{\"@id\":\"https:\\\/\\\/sorbetkiwi.fr\\\/#organization\"},\"potentialAction\":[{\"@type\":\"SearchAction\",\"target\":{\"@type\":\"EntryPoint\",\"urlTemplate\":\"https:\\\/\\\/sorbetkiwi.fr\\\/?s={search_term_string}\"},\"query-input\":{\"@type\":\"PropertyValueSpecification\",\"valueRequired\":true,\"valueName\":\"search_term_string\"}}],\"inLanguage\":\"fr-FR\"},{\"@type\":\"Organization\",\"@id\":\"https:\\\/\\\/sorbetkiwi.fr\\\/#organization\",\"name\":\"Sorbet Kiwi\",\"url\":\"https:\\\/\\\/sorbetkiwi.fr\\\/\",\"logo\":{\"@type\":\"ImageObject\",\"inLanguage\":\"fr-FR\",\"@id\":\"https:\\\/\\\/sorbetkiwi.fr\\\/#\\\/schema\\\/logo\\\/image\\\/\",\"url\":\"https:\\\/\\\/sorbetkiwi.fr\\\/wp-content\\\/uploads\\\/2022\\\/10\\\/Banniere-Sorbet-Kiwi-2022.jpg\",\"contentUrl\":\"https:\\\/\\\/sorbetkiwi.fr\\\/wp-content\\\/uploads\\\/2022\\\/10\\\/Banniere-Sorbet-Kiwi-2022.jpg\",\"width\":814,\"height\":401,\"caption\":\"Sorbet Kiwi\"},\"image\":{\"@id\":\"https:\\\/\\\/sorbetkiwi.fr\\\/#\\\/schema\\\/logo\\\/image\\\/\"},\"sameAs\":[\"https:\\\/\\\/www.facebook.com\\\/profile.php?id=100086238893269\",\"https:\\\/\\\/x.com\\\/pepparshoes\",\"https:\\\/\\\/www.instagram.com\\\/sorbetkiwi\\\/\",\"https:\\\/\\\/www.tiktok.com\\\/sorbetkiwi\"]},{\"@type\":\"Person\",\"@id\":\"https:\\\/\\\/sorbetkiwi.fr\\\/#\\\/schema\\\/person\\\/ed1b7b527a2957ddc3bf38b076540659\",\"name\":\"Sorbet-Kiwi\",\"image\":{\"@type\":\"ImageObject\",\"inLanguage\":\"fr-FR\",\"@id\":\"https:\\\/\\\/secure.gravatar.com\\\/avatar\\\/86f0a5c27d76317621b9e374d0f3a01d3a85278f10d0c7207ced4fd773057442?s=96&d=mm&r=g\",\"url\":\"https:\\\/\\\/secure.gravatar.com\\\/avatar\\\/86f0a5c27d76317621b9e374d0f3a01d3a85278f10d0c7207ced4fd773057442?s=96&d=mm&r=g\",\"contentUrl\":\"https:\\\/\\\/secure.gravatar.com\\\/avatar\\\/86f0a5c27d76317621b9e374d0f3a01d3a85278f10d0c7207ced4fd773057442?s=96&d=mm&r=g\",\"caption\":\"Sorbet-Kiwi\"},\"sameAs\":[\"http:\\\/\\\/sorbetkiwi.fr\"],\"url\":\"https:\\\/\\\/sorbetkiwi.fr\\\/index.php\\\/author\\\/admin7717\\\/\"}]}<\/script>\n<!-- \/ Yoast SEO plugin. -->","yoast_head_json":{"title":"La s\u0153ur de l'ombre de Lucinda Riley - Sorbet Kiwi","description":"Ma chronique de La s\u0153ur de l'ombre, troisi\u00e8me tome de la saga des Sept S\u0153urs de Lucinda Riley chez Charleston, une relecture.","robots":{"index":"index","follow":"follow","max-snippet":"max-snippet:-1","max-image-preview":"max-image-preview:large","max-video-preview":"max-video-preview:-1"},"canonical":"https:\/\/sorbetkiwi.fr\/index.php\/la-soeur-de-lombre-de-lucinda-riley\/","og_locale":"fr_FR","og_type":"article","og_title":"La s\u0153ur de l'ombre de Lucinda Riley - Sorbet Kiwi","og_description":"Ma chronique de La s\u0153ur de l'ombre, troisi\u00e8me tome de la saga des Sept S\u0153urs de Lucinda Riley chez Charleston, une relecture.","og_url":"https:\/\/sorbetkiwi.fr\/index.php\/la-soeur-de-lombre-de-lucinda-riley\/","og_site_name":"Sorbet Kiwi","article_publisher":"https:\/\/www.facebook.com\/profile.php?id=100086238893269","article_published_time":"2023-01-13T11:08:12+00:00","article_modified_time":"2023-05-18T15:59:52+00:00","og_image":[{"width":1921,"height":2560,"url":"https:\/\/sorbetkiwi.fr\/wp-content\/uploads\/2023\/01\/La-soeur-de-lombre-Les-sept-soeurs-3-Lucinda-Riley-scaled.jpg","type":"image\/jpeg"}],"author":"Sorbet-Kiwi","twitter_card":"summary_large_image","twitter_creator":"@pepparshoes","twitter_site":"@pepparshoes","twitter_misc":{"\u00c9crit par":"Sorbet-Kiwi","Dur\u00e9e de lecture estim\u00e9e":"4 minutes"},"schema":{"@context":"https:\/\/schema.org","@graph":[{"@type":"Article","@id":"https:\/\/sorbetkiwi.fr\/index.php\/la-soeur-de-lombre-de-lucinda-riley\/#article","isPartOf":{"@id":"https:\/\/sorbetkiwi.fr\/index.php\/la-soeur-de-lombre-de-lucinda-riley\/"},"author":{"name":"Sorbet-Kiwi","@id":"https:\/\/sorbetkiwi.fr\/#\/schema\/person\/ed1b7b527a2957ddc3bf38b076540659"},"headline":"La s\u0153ur de l&rsquo;ombre de Lucinda Riley","datePublished":"2023-01-13T11:08:12+00:00","dateModified":"2023-05-18T15:59:52+00:00","mainEntityOfPage":{"@id":"https:\/\/sorbetkiwi.fr\/index.php\/la-soeur-de-lombre-de-lucinda-riley\/"},"wordCount":856,"commentCount":1,"publisher":{"@id":"https:\/\/sorbetkiwi.fr\/#organization"},"image":{"@id":"https:\/\/sorbetkiwi.fr\/index.php\/la-soeur-de-lombre-de-lucinda-riley\/#primaryimage"},"thumbnailUrl":"https:\/\/sorbetkiwi.fr\/wp-content\/uploads\/2023\/01\/La-soeur-de-lombre-Les-sept-soeurs-3-Lucinda-Riley-scaled.jpg","keywords":["Angleterre","Editions Charleston","G\u00e9n\u00e9alogie","Hiver","La s\u0153ur de l&#039;ombre","Les sept soeurs","Lucinda Riley","Star"],"articleSection":["Coups de coeur","Hiver","Partenariats","Sur les traces des Sept S\u0153urs","Tout le blog"],"inLanguage":"fr-FR","potentialAction":[{"@type":"CommentAction","name":"Comment","target":["https:\/\/sorbetkiwi.fr\/index.php\/la-soeur-de-lombre-de-lucinda-riley\/#respond"]}]},{"@type":"WebPage","@id":"https:\/\/sorbetkiwi.fr\/index.php\/la-soeur-de-lombre-de-lucinda-riley\/","url":"https:\/\/sorbetkiwi.fr\/index.php\/la-soeur-de-lombre-de-lucinda-riley\/","name":"La s\u0153ur de l'ombre de Lucinda Riley - Sorbet Kiwi","isPartOf":{"@id":"https:\/\/sorbetkiwi.fr\/#website"},"primaryImageOfPage":{"@id":"https:\/\/sorbetkiwi.fr\/index.php\/la-soeur-de-lombre-de-lucinda-riley\/#primaryimage"},"image":{"@id":"https:\/\/sorbetkiwi.fr\/index.php\/la-soeur-de-lombre-de-lucinda-riley\/#primaryimage"},"thumbnailUrl":"https:\/\/sorbetkiwi.fr\/wp-content\/uploads\/2023\/01\/La-soeur-de-lombre-Les-sept-soeurs-3-Lucinda-Riley-scaled.jpg","datePublished":"2023-01-13T11:08:12+00:00","dateModified":"2023-05-18T15:59:52+00:00","description":"Ma chronique de La s\u0153ur de l'ombre, troisi\u00e8me tome de la saga des Sept S\u0153urs de Lucinda Riley chez Charleston, une relecture.","breadcrumb":{"@id":"https:\/\/sorbetkiwi.fr\/index.php\/la-soeur-de-lombre-de-lucinda-riley\/#breadcrumb"},"inLanguage":"fr-FR","potentialAction":[{"@type":"ReadAction","target":["https:\/\/sorbetkiwi.fr\/index.php\/la-soeur-de-lombre-de-lucinda-riley\/"]}]},{"@type":"ImageObject","inLanguage":"fr-FR","@id":"https:\/\/sorbetkiwi.fr\/index.php\/la-soeur-de-lombre-de-lucinda-riley\/#primaryimage","url":"https:\/\/sorbetkiwi.fr\/wp-content\/uploads\/2023\/01\/La-soeur-de-lombre-Les-sept-soeurs-3-Lucinda-Riley-scaled.jpg","contentUrl":"https:\/\/sorbetkiwi.fr\/wp-content\/uploads\/2023\/01\/La-soeur-de-lombre-Les-sept-soeurs-3-Lucinda-Riley-scaled.jpg","width":1921,"height":2560,"caption":"La s\u0153ur de l'ombre Les sept soeurs 3 Lucinda Riley"},{"@type":"BreadcrumbList","@id":"https:\/\/sorbetkiwi.fr\/index.php\/la-soeur-de-lombre-de-lucinda-riley\/#breadcrumb","itemListElement":[{"@type":"ListItem","position":1,"name":"Accueil","item":"https:\/\/sorbetkiwi.fr\/"},{"@type":"ListItem","position":2,"name":"La s\u0153ur de l&rsquo;ombre de Lucinda Riley"}]},{"@type":"WebSite","@id":"https:\/\/sorbetkiwi.fr\/#website","url":"https:\/\/sorbetkiwi.fr\/","name":"Sorbet Kiwi","description":"Des lectures th\u00e9matiques par saison et les avis qui vont avec","publisher":{"@id":"https:\/\/sorbetkiwi.fr\/#organization"},"potentialAction":[{"@type":"SearchAction","target":{"@type":"EntryPoint","urlTemplate":"https:\/\/sorbetkiwi.fr\/?s={search_term_string}"},"query-input":{"@type":"PropertyValueSpecification","valueRequired":true,"valueName":"search_term_string"}}],"inLanguage":"fr-FR"},{"@type":"Organization","@id":"https:\/\/sorbetkiwi.fr\/#organization","name":"Sorbet Kiwi","url":"https:\/\/sorbetkiwi.fr\/","logo":{"@type":"ImageObject","inLanguage":"fr-FR","@id":"https:\/\/sorbetkiwi.fr\/#\/schema\/logo\/image\/","url":"https:\/\/sorbetkiwi.fr\/wp-content\/uploads\/2022\/10\/Banniere-Sorbet-Kiwi-2022.jpg","contentUrl":"https:\/\/sorbetkiwi.fr\/wp-content\/uploads\/2022\/10\/Banniere-Sorbet-Kiwi-2022.jpg","width":814,"height":401,"caption":"Sorbet Kiwi"},"image":{"@id":"https:\/\/sorbetkiwi.fr\/#\/schema\/logo\/image\/"},"sameAs":["https:\/\/www.facebook.com\/profile.php?id=100086238893269","https:\/\/x.com\/pepparshoes","https:\/\/www.instagram.com\/sorbetkiwi\/","https:\/\/www.tiktok.com\/sorbetkiwi"]},{"@type":"Person","@id":"https:\/\/sorbetkiwi.fr\/#\/schema\/person\/ed1b7b527a2957ddc3bf38b076540659","name":"Sorbet-Kiwi","image":{"@type":"ImageObject","inLanguage":"fr-FR","@id":"https:\/\/secure.gravatar.com\/avatar\/86f0a5c27d76317621b9e374d0f3a01d3a85278f10d0c7207ced4fd773057442?s=96&d=mm&r=g","url":"https:\/\/secure.gravatar.com\/avatar\/86f0a5c27d76317621b9e374d0f3a01d3a85278f10d0c7207ced4fd773057442?s=96&d=mm&r=g","contentUrl":"https:\/\/secure.gravatar.com\/avatar\/86f0a5c27d76317621b9e374d0f3a01d3a85278f10d0c7207ced4fd773057442?s=96&d=mm&r=g","caption":"Sorbet-Kiwi"},"sameAs":["http:\/\/sorbetkiwi.fr"],"url":"https:\/\/sorbetkiwi.fr\/index.php\/author\/admin7717\/"}]}},"_links":{"self":[{"href":"https:\/\/sorbetkiwi.fr\/index.php\/wp-json\/wp\/v2\/posts\/1451","targetHints":{"allow":["GET"]}}],"collection":[{"href":"https:\/\/sorbetkiwi.fr\/index.php\/wp-json\/wp\/v2\/posts"}],"about":[{"href":"https:\/\/sorbetkiwi.fr\/index.php\/wp-json\/wp\/v2\/types\/post"}],"author":[{"embeddable":true,"href":"https:\/\/sorbetkiwi.fr\/index.php\/wp-json\/wp\/v2\/users\/1"}],"replies":[{"embeddable":true,"href":"https:\/\/sorbetkiwi.fr\/index.php\/wp-json\/wp\/v2\/comments?post=1451"}],"version-history":[{"count":13,"href":"https:\/\/sorbetkiwi.fr\/index.php\/wp-json\/wp\/v2\/posts\/1451\/revisions"}],"predecessor-version":[{"id":1466,"href":"https:\/\/sorbetkiwi.fr\/index.php\/wp-json\/wp\/v2\/posts\/1451\/revisions\/1466"}],"wp:featuredmedia":[{"embeddable":true,"href":"https:\/\/sorbetkiwi.fr\/index.php\/wp-json\/wp\/v2\/media\/1453"}],"wp:attachment":[{"href":"https:\/\/sorbetkiwi.fr\/index.php\/wp-json\/wp\/v2\/media?parent=1451"}],"wp:term":[{"taxonomy":"category","embeddable":true,"href":"https:\/\/sorbetkiwi.fr\/index.php\/wp-json\/wp\/v2\/categories?post=1451"},{"taxonomy":"post_tag","embeddable":true,"href":"https:\/\/sorbetkiwi.fr\/index.php\/wp-json\/wp\/v2\/tags?post=1451"}],"curies":[{"name":"wp","href":"https:\/\/api.w.org\/{rel}","templated":true}]}}