{"id":1443,"date":"2023-01-12T22:37:43","date_gmt":"2023-01-12T21:37:43","guid":{"rendered":"https:\/\/sorbetkiwi.fr\/?p=1443"},"modified":"2023-05-18T18:00:18","modified_gmt":"2023-05-18T16:00:18","slug":"la-soeur-de-la-tempete-de-lucinda-riley","status":"publish","type":"post","link":"https:\/\/sorbetkiwi.fr\/index.php\/la-soeur-de-la-tempete-de-lucinda-riley\/","title":{"rendered":"La s\u0153ur de la temp\u00eate de Lucinda Riley"},"content":{"rendered":"\t\t<div data-elementor-type=\"wp-post\" data-elementor-id=\"1443\" class=\"elementor elementor-1443\">\n\t\t\t\t\t\t<section class=\"elementor-section elementor-top-section elementor-element elementor-element-143abb35 elementor-section-boxed elementor-section-height-default elementor-section-height-default\" data-id=\"143abb35\" data-element_type=\"section\" data-e-type=\"section\">\n\t\t\t\t\t\t<div class=\"elementor-container elementor-column-gap-default\">\n\t\t\t\t\t<div class=\"elementor-column elementor-col-100 elementor-top-column elementor-element elementor-element-1b34c4cf\" data-id=\"1b34c4cf\" data-element_type=\"column\" data-e-type=\"column\">\n\t\t\t<div class=\"elementor-widget-wrap elementor-element-populated\">\n\t\t\t\t\t\t<div class=\"elementor-element elementor-element-3fb7bc9d elementor-widget elementor-widget-heading\" data-id=\"3fb7bc9d\" data-element_type=\"widget\" data-e-type=\"widget\" data-widget_type=\"heading.default\">\n\t\t\t\t<div class=\"elementor-widget-container\">\n\t\t\t\t\t<h1 class=\"elementor-heading-title elementor-size-medium\">La s\u0153ur de la temp\u00eate Les sept s\u0153urs 2 Lucinda Riley<\/h1>\t\t\t\t<\/div>\n\t\t\t\t<\/div>\n\t\t\t\t<div class=\"elementor-element elementor-element-40e0d901 elementor-view-default elementor-widget elementor-widget-icon\" data-id=\"40e0d901\" data-element_type=\"widget\" data-e-type=\"widget\" data-widget_type=\"icon.default\">\n\t\t\t\t<div class=\"elementor-widget-container\">\n\t\t\t\t\t\t\t<div class=\"elementor-icon-wrapper\">\n\t\t\t<div class=\"elementor-icon\">\n\t\t\t<i aria-hidden=\"true\" class=\"far fa-snowflake\"><\/i>\t\t\t<\/div>\n\t\t<\/div>\n\t\t\t\t\t\t<\/div>\n\t\t\t\t<\/div>\n\t\t\t\t<div class=\"elementor-element elementor-element-53d5c607 elementor-widget-divider--view-line elementor-widget elementor-widget-divider\" data-id=\"53d5c607\" data-element_type=\"widget\" data-e-type=\"widget\" data-widget_type=\"divider.default\">\n\t\t\t\t<div class=\"elementor-widget-container\">\n\t\t\t\t\t\t\t<div class=\"elementor-divider\">\n\t\t\t<span class=\"elementor-divider-separator\">\n\t\t\t\t\t\t<\/span>\n\t\t<\/div>\n\t\t\t\t\t\t<\/div>\n\t\t\t\t<\/div>\n\t\t\t\t<div class=\"elementor-element elementor-element-1491658c elementor-widget elementor-widget-heading\" data-id=\"1491658c\" data-element_type=\"widget\" data-e-type=\"widget\" data-widget_type=\"heading.default\">\n\t\t\t\t<div class=\"elementor-widget-container\">\n\t\t\t\t\t<h2 class=\"elementor-heading-title elementor-size-medium\">R\u00e9sum\u00e9<\/h2>\t\t\t\t<\/div>\n\t\t\t\t<\/div>\n\t\t\t\t<div class=\"elementor-element elementor-element-6f2f71e1 elementor-widget elementor-widget-text-editor\" data-id=\"6f2f71e1\" data-element_type=\"widget\" data-e-type=\"widget\" data-widget_type=\"text-editor.default\">\n\t\t\t\t<div class=\"elementor-widget-container\">\n\t\t\t\t\t\t\t\t\t<p>\u00c0 la mort de leur p\u00e8re, \u00e9nigmatique milliardaire qui les a adopt\u00e9es aux quatre coins du monde lorsqu\u2019elles \u00e9taient b\u00e9b\u00e9s, Ally d\u2019Apli\u00e8se et ses s\u0153urs se retrouvent dans la maison de leur enfance, Atlantis, un magnifique ch\u00e2teau sur les bords du lac de Gen\u00e8ve. Ally, la deuxi\u00e8me s\u0153ur au temp\u00e9rament temp\u00e9tueux, est navigatrice et musicienne. Lorsqu\u2019une nouvelle trag\u00e9die la touche, la jeune femme d\u00e9cide de partir sur les traces de ses origines. Les indices que lui a laiss\u00e9s son p\u00e8re en guise d\u2019h\u00e9ritage vont la mener au c\u0153ur de la Norv\u00e8ge et de ses fjords sublimes.<\/p><p>Entour\u00e9e par la beaut\u00e9 de son pays natal, Ally d\u00e9couvre l\u2019histoire intense d\u2019une lign\u00e9e de virtuoses c\u00e9l\u00e9br\u00e9s pour leur talent, un si\u00e8cle plus t\u00f4t, une famille aux lourds secrets\u2026\u00a0Quel est son lien avec la belle Anna Landvik, merveilleuse chanteuse qui fut une proche d\u2019Edvard Grieg et interpr\u00e9ta son c\u00e9l\u00e8bre Peer Gynt ? Et, plus que tout, Ally arrivera-t-elle \u00e0 laisser son pass\u00e9 pour construire son avenir ?<\/p>\t\t\t\t\t\t\t\t<\/div>\n\t\t\t\t<\/div>\n\t\t\t\t<div class=\"elementor-element elementor-element-6286908c elementor-widget-divider--view-line elementor-widget elementor-widget-divider\" data-id=\"6286908c\" data-element_type=\"widget\" data-e-type=\"widget\" data-widget_type=\"divider.default\">\n\t\t\t\t<div class=\"elementor-widget-container\">\n\t\t\t\t\t\t\t<div class=\"elementor-divider\">\n\t\t\t<span class=\"elementor-divider-separator\">\n\t\t\t\t\t\t<\/span>\n\t\t<\/div>\n\t\t\t\t\t\t<\/div>\n\t\t\t\t<\/div>\n\t\t\t\t<div class=\"elementor-element elementor-element-26a0bb09 elementor-widget elementor-widget-heading\" data-id=\"26a0bb09\" data-element_type=\"widget\" data-e-type=\"widget\" data-widget_type=\"heading.default\">\n\t\t\t\t<div class=\"elementor-widget-container\">\n\t\t\t\t\t<h2 class=\"elementor-heading-title elementor-size-medium\">Ma note<\/h2>\t\t\t\t<\/div>\n\t\t\t\t<\/div>\n\t\t\t\t<div class=\"elementor-element elementor-element-20c3bb34 elementor-star-rating--align-center elementor--star-style-star_fontawesome elementor-widget elementor-widget-star-rating\" data-id=\"20c3bb34\" data-element_type=\"widget\" data-e-type=\"widget\" data-widget_type=\"star-rating.default\">\n\t\t\t\t<div class=\"elementor-widget-container\">\n\t\t\t\t\t\t\t<div class=\"elementor-star-rating__wrapper\">\n\t\t\t\t\t\t<div class=\"elementor-star-rating\" itemtype=\"http:\/\/schema.org\/Rating\" itemscope=\"\" itemprop=\"reviewRating\">\n\t\t\t\t<i class=\"elementor-star-full\" aria-hidden=\"true\">&#xE934;<\/i><i class=\"elementor-star-full\" aria-hidden=\"true\">&#xE934;<\/i><i class=\"elementor-star-full\" aria-hidden=\"true\">&#xE934;<\/i><i class=\"elementor-star-full\" aria-hidden=\"true\">&#xE934;<\/i><i class=\"elementor-star-empty\" aria-hidden=\"true\">&#xE934;<\/i>\t\t\t\t<span itemprop=\"ratingValue\" class=\"elementor-screen-only\">Not\u00e9 4 sur 5<\/span>\n\t\t\t<\/div>\n\t\t<\/div>\n\t\t\t\t\t\t<\/div>\n\t\t\t\t<\/div>\n\t\t\t\t<div class=\"elementor-element elementor-element-11ae1903 elementor-widget-divider--view-line elementor-widget elementor-widget-divider\" data-id=\"11ae1903\" data-element_type=\"widget\" data-e-type=\"widget\" data-widget_type=\"divider.default\">\n\t\t\t\t<div class=\"elementor-widget-container\">\n\t\t\t\t\t\t\t<div class=\"elementor-divider\">\n\t\t\t<span class=\"elementor-divider-separator\">\n\t\t\t\t\t\t<\/span>\n\t\t<\/div>\n\t\t\t\t\t\t<\/div>\n\t\t\t\t<\/div>\n\t\t\t\t<div class=\"elementor-element elementor-element-360a925f elementor-widget elementor-widget-heading\" data-id=\"360a925f\" data-element_type=\"widget\" data-e-type=\"widget\" data-widget_type=\"heading.default\">\n\t\t\t\t<div class=\"elementor-widget-container\">\n\t\t\t\t\t<h2 class=\"elementor-heading-title elementor-size-medium\">Un tome dramatique<\/h2>\t\t\t\t<\/div>\n\t\t\t\t<\/div>\n\t\t\t\t<div class=\"elementor-element elementor-element-60004ae9 elementor-widget elementor-widget-text-editor\" data-id=\"60004ae9\" data-element_type=\"widget\" data-e-type=\"widget\" data-widget_type=\"text-editor.default\">\n\t\t\t\t<div class=\"elementor-widget-container\">\n\t\t\t\t\t\t\t\t\t<p>Ally est la deuxi\u00e8me s\u0153ur d\u2019Apli\u00e8se, celle qui passe son temps sur l\u2019eau, qui brave tous les temps, toutes les temp\u00eates. Mais la vie en est parfois une, et il est difficile de braver celle-ci sans \u00e9gratignures. La vie d\u2019Ally est bien plus dramatique au moment pr\u00e9sent que celle de <a href=\"https:\/\/sorbetkiwi.fr\/index.php\/les-sept-soeurs-tome-1-maia-de-lucinda-riley\/\">Maia<\/a>. Elle doit vraiment traverser des \u00e9preuves difficiles, elle qui a toujours su voguer sur les vagues avec aisance. Elle va devoir\u00a0apprendre \u00e0 ses d\u00e9pends que tout n&rsquo;est pas surmontable facilement. Et va voir les gens d\u2019un tout autre \u0153il, en comprenant que les traumatismes ne sont pas une partie de rigolade.<\/p>\t\t\t\t\t\t\t\t<\/div>\n\t\t\t\t<\/div>\n\t\t\t\t<div class=\"elementor-element elementor-element-5ab59dde elementor-widget-divider--view-line elementor-widget elementor-widget-divider\" data-id=\"5ab59dde\" data-element_type=\"widget\" data-e-type=\"widget\" data-widget_type=\"divider.default\">\n\t\t\t\t<div class=\"elementor-widget-container\">\n\t\t\t\t\t\t\t<div class=\"elementor-divider\">\n\t\t\t<span class=\"elementor-divider-separator\">\n\t\t\t\t\t\t<\/span>\n\t\t<\/div>\n\t\t\t\t\t\t<\/div>\n\t\t\t\t<\/div>\n\t\t\t\t<div class=\"elementor-element elementor-element-5cae5320 elementor-widget elementor-widget-heading\" data-id=\"5cae5320\" data-element_type=\"widget\" data-e-type=\"widget\" data-widget_type=\"heading.default\">\n\t\t\t\t<div class=\"elementor-widget-container\">\n\t\t\t\t\t<h4 class=\"elementor-heading-title elementor-size-medium\">\"Les gens ont toujours peur de ce qui ne leur ressemble pas et, au cours des si\u00e8cles, nous avons \u00e9t\u00e9 forc\u00e9s de quitter un pays pour un autre, et ainsi de suite.\"<\/h4>\t\t\t\t<\/div>\n\t\t\t\t<\/div>\n\t\t\t\t<div class=\"elementor-element elementor-element-595bf984 elementor-widget-divider--view-line elementor-widget elementor-widget-divider\" data-id=\"595bf984\" data-element_type=\"widget\" data-e-type=\"widget\" data-widget_type=\"divider.default\">\n\t\t\t\t<div class=\"elementor-widget-container\">\n\t\t\t\t\t\t\t<div class=\"elementor-divider\">\n\t\t\t<span class=\"elementor-divider-separator\">\n\t\t\t\t\t\t<\/span>\n\t\t<\/div>\n\t\t\t\t\t\t<\/div>\n\t\t\t\t<\/div>\n\t\t\t\t<div class=\"elementor-element elementor-element-34d4b63f elementor-widget elementor-widget-heading\" data-id=\"34d4b63f\" data-element_type=\"widget\" data-e-type=\"widget\" data-widget_type=\"heading.default\">\n\t\t\t\t<div class=\"elementor-widget-container\">\n\t\t\t\t\t<h2 class=\"elementor-heading-title elementor-size-medium\">Des retrouvailles compliqu\u00e9es<\/h2>\t\t\t\t<\/div>\n\t\t\t\t<\/div>\n\t\t\t\t<div class=\"elementor-element elementor-element-69a1b304 elementor-widget elementor-widget-text-editor\" data-id=\"69a1b304\" data-element_type=\"widget\" data-e-type=\"widget\" data-widget_type=\"text-editor.default\">\n\t\t\t\t<div class=\"elementor-widget-container\">\n\t\t\t\t\t\t\t\t\t<p>Ce que j\u2019ai particuli\u00e8rement aim\u00e9, c\u2019est le parcours initiatique d\u2019Ally. L\u2019apprentissage de la vie, de mani\u00e8re g\u00e9n\u00e9rale. Puisque c\u2019est le deuxi\u00e8me roman, le myst\u00e8re Pa Salt est bien moins abord\u00e9 que dans le premier. Le secret s\u2019\u00e9paissie plus qu\u2019il ne se r\u00e9sout finalement, mais je trouvais qu\u2019Ally avait d\u2019avantage une conclusion que Maia. Cela dit, je n&rsquo;ai pas tout aim\u00e9 lors de ma relecture. En effet, la s\u0153ur de la temp\u00eate me semblait bien plus condescendante la deuxi\u00e8me fois. Quelle surprise de ne pas ressentir de coup de c\u0153ur ! Mais son comportement envers CeCe, maintenant que je la connais, m&rsquo;a bless\u00e9 pour cette derni\u00e8re. Globalement, ce tome m&rsquo;a fait \u00e9norm\u00e9ment r\u00e9fl\u00e9chir sur le r\u00f4le de s\u0153ur a\u00een\u00e9e.<\/p>\t\t\t\t\t\t\t\t<\/div>\n\t\t\t\t<\/div>\n\t\t\t\t<div class=\"elementor-element elementor-element-7441c4ef elementor-widget-divider--view-line elementor-widget elementor-widget-divider\" data-id=\"7441c4ef\" data-element_type=\"widget\" data-e-type=\"widget\" data-widget_type=\"divider.default\">\n\t\t\t\t<div class=\"elementor-widget-container\">\n\t\t\t\t\t\t\t<div class=\"elementor-divider\">\n\t\t\t<span class=\"elementor-divider-separator\">\n\t\t\t\t\t\t<\/span>\n\t\t<\/div>\n\t\t\t\t\t\t<\/div>\n\t\t\t\t<\/div>\n\t\t\t\t<div class=\"elementor-element elementor-element-4d786597 elementor-widget elementor-widget-heading\" data-id=\"4d786597\" data-element_type=\"widget\" data-e-type=\"widget\" data-widget_type=\"heading.default\">\n\t\t\t\t<div class=\"elementor-widget-container\">\n\t\t\t\t\t<h2 class=\"elementor-heading-title elementor-size-medium\">Une red\u00e9couverte d'un autre personnage<\/h2>\t\t\t\t<\/div>\n\t\t\t\t<\/div>\n\t\t\t\t<div class=\"elementor-element elementor-element-bd81097 elementor-widget elementor-widget-text-editor\" data-id=\"bd81097\" data-element_type=\"widget\" data-e-type=\"widget\" data-widget_type=\"text-editor.default\">\n\t\t\t\t<div class=\"elementor-widget-container\">\n\t\t\t\t\t\t\t\t\t<p>Ainsi, \u00e0 cause d&rsquo;un d\u00e9but chaotique surprenant, il m&rsquo;a fallu tout un mois pour arriver au bout de ce tome. Cela dit, une fois arriv\u00e9e \u00e0 l\u2019histoire d\u2019Anna, son anc\u00eatre, j\u2019\u00e9tais compl\u00e8tement happ\u00e9e par le r\u00e9cit, et j\u2019ai ador\u00e9 la rencontre d\u2019Ally avec Tom. Donc ce que je devrais dire, c\u2019est que j\u2019ai eu du mal \u00e0 entrer dans le premier tiers de l\u2019histoire, et ensuite je l\u2019ai d\u00e9vor\u00e9. C\u2019est plut\u00f4t tr\u00e8s bon signe finalement. Je vais continuer sur ma lanc\u00e9e apr\u00e8s La s\u0153ur de la temp\u00eate. Et je suis <a href=\"https:\/\/sorbetkiwi.wordpress.com\/2017\/04\/07\/les-sept-soeurs-t-3-la-soeur-de-lombre-star-de-lucinda-riley%e2%80%8f\/\">tr\u00e8s curieuse de mon ressenti sur Star<\/a>. Je l\u2019avais beaucoup aim\u00e9 mais elle reste la plus discr\u00e8te de toute, \u00e0 l\u2019acception de Tiggy peut \u00eatre. Et je dois le dire, ce sont les s\u0153urs volcaniques de la fratrie que j\u2019aime le plus (pour l\u2019instant). Bref, en tous les cas, je ne peux que recommander la relecture de cette saga, on d\u00e9couvre chaque s\u0153ur sous un autre angle, et c\u2019est super enrichissant !<\/p>\t\t\t\t\t\t\t\t<\/div>\n\t\t\t\t<\/div>\n\t\t\t\t\t<\/div>\n\t\t<\/div>\n\t\t\t\t\t<\/div>\n\t\t<\/section>\n\t\t\t\t<\/div>\n\t\t","protected":false},"excerpt":{"rendered":"<p>La s\u0153ur de la temp\u00eate Les sept s\u0153urs 2 Lucinda Riley R\u00e9sum\u00e9 \u00c0 la mort de leur p\u00e8re, \u00e9nigmatique milliardaire qui les a adopt\u00e9es aux quatre coins du monde lorsqu\u2019elles \u00e9taient b\u00e9b\u00e9s, Ally d\u2019Apli\u00e8se et &hellip; <\/p>\n","protected":false},"author":1,"featured_media":1444,"comment_status":"open","ping_status":"open","sticky":false,"template":"","format":"standard","meta":{"footnotes":""},"categories":[11,8,707,1],"tags":[366,367,31,369,327,364,63,62,368],"class_list":["post-1443","post","type-post","status-publish","format-standard","has-post-thumbnail","hentry","category-hiver","category-partenariats","category-sur-les-traces-des-sept-soeurs","category-tout-le-blog","tag-ally","tag-deuil","tag-editions-charleston","tag-genealogie","tag-hiver","tag-la-soeur-de-la-tempete","tag-les-sept-soeurs","tag-lucinda-riley","tag-navigation","has-single-img"],"yoast_head":"<!-- This site is optimized with the Yoast SEO plugin v27.4 - https:\/\/yoast.com\/product\/yoast-seo-wordpress\/ -->\n<title>La s\u0153ur de la temp\u00eate de Lucinda Riley - Sorbet Kiwi<\/title>\n<meta name=\"description\" content=\"Ma chronique de La soeur de la temp\u00eate, lu deux fois, de mon autrice pr\u00e9f\u00e9r\u00e9e Lucinda Riley aux \u00e9ditions Charleston.\" \/>\n<meta name=\"robots\" content=\"index, follow, max-snippet:-1, max-image-preview:large, max-video-preview:-1\" \/>\n<link rel=\"canonical\" href=\"https:\/\/sorbetkiwi.fr\/index.php\/la-soeur-de-la-tempete-de-lucinda-riley\/\" \/>\n<meta property=\"og:locale\" content=\"fr_FR\" \/>\n<meta property=\"og:type\" content=\"article\" \/>\n<meta property=\"og:title\" content=\"La s\u0153ur de la temp\u00eate de Lucinda Riley - Sorbet Kiwi\" \/>\n<meta property=\"og:description\" content=\"Ma chronique de La soeur de la temp\u00eate, lu deux fois, de mon autrice pr\u00e9f\u00e9r\u00e9e Lucinda Riley aux \u00e9ditions Charleston.\" \/>\n<meta property=\"og:url\" content=\"https:\/\/sorbetkiwi.fr\/index.php\/la-soeur-de-la-tempete-de-lucinda-riley\/\" \/>\n<meta property=\"og:site_name\" content=\"Sorbet Kiwi\" \/>\n<meta property=\"article:publisher\" content=\"https:\/\/www.facebook.com\/profile.php?id=100086238893269\" \/>\n<meta property=\"article:published_time\" content=\"2023-01-12T21:37:43+00:00\" \/>\n<meta property=\"article:modified_time\" content=\"2023-05-18T16:00:18+00:00\" \/>\n<meta property=\"og:image\" content=\"https:\/\/sorbetkiwi.fr\/wp-content\/uploads\/2023\/01\/La-soeur-de-la-tempete-Les-sept-soeurs-2-Lucinda-Riley-scaled.jpg\" \/>\n\t<meta property=\"og:image:width\" content=\"1920\" \/>\n\t<meta property=\"og:image:height\" content=\"2560\" \/>\n\t<meta property=\"og:image:type\" content=\"image\/jpeg\" \/>\n<meta name=\"author\" content=\"Sorbet-Kiwi\" \/>\n<meta name=\"twitter:card\" content=\"summary_large_image\" \/>\n<meta name=\"twitter:creator\" content=\"@pepparshoes\" \/>\n<meta name=\"twitter:site\" content=\"@pepparshoes\" \/>\n<meta name=\"twitter:label1\" content=\"\u00c9crit par\" \/>\n\t<meta name=\"twitter:data1\" content=\"Sorbet-Kiwi\" \/>\n\t<meta name=\"twitter:label2\" content=\"Dur\u00e9e de lecture estim\u00e9e\" \/>\n\t<meta name=\"twitter:data2\" content=\"4 minutes\" \/>\n<script type=\"application\/ld+json\" class=\"yoast-schema-graph\">{\"@context\":\"https:\\\/\\\/schema.org\",\"@graph\":[{\"@type\":\"Article\",\"@id\":\"https:\\\/\\\/sorbetkiwi.fr\\\/index.php\\\/la-soeur-de-la-tempete-de-lucinda-riley\\\/#article\",\"isPartOf\":{\"@id\":\"https:\\\/\\\/sorbetkiwi.fr\\\/index.php\\\/la-soeur-de-la-tempete-de-lucinda-riley\\\/\"},\"author\":{\"name\":\"Sorbet-Kiwi\",\"@id\":\"https:\\\/\\\/sorbetkiwi.fr\\\/#\\\/schema\\\/person\\\/ed1b7b527a2957ddc3bf38b076540659\"},\"headline\":\"La s\u0153ur de la temp\u00eate de Lucinda Riley\",\"datePublished\":\"2023-01-12T21:37:43+00:00\",\"dateModified\":\"2023-05-18T16:00:18+00:00\",\"mainEntityOfPage\":{\"@id\":\"https:\\\/\\\/sorbetkiwi.fr\\\/index.php\\\/la-soeur-de-la-tempete-de-lucinda-riley\\\/\"},\"wordCount\":727,\"commentCount\":2,\"publisher\":{\"@id\":\"https:\\\/\\\/sorbetkiwi.fr\\\/#organization\"},\"image\":{\"@id\":\"https:\\\/\\\/sorbetkiwi.fr\\\/index.php\\\/la-soeur-de-la-tempete-de-lucinda-riley\\\/#primaryimage\"},\"thumbnailUrl\":\"https:\\\/\\\/sorbetkiwi.fr\\\/wp-content\\\/uploads\\\/2023\\\/01\\\/La-soeur-de-la-tempete-Les-sept-soeurs-2-Lucinda-Riley-scaled.jpg\",\"keywords\":[\"Ally\",\"Deuil\",\"Editions Charleston\",\"G\u00e9n\u00e9alogie\",\"Hiver\",\"La soeur de la temp\u00eate\",\"Les sept soeurs\",\"Lucinda Riley\",\"Navigation\"],\"articleSection\":[\"Hiver\",\"Partenariats\",\"Sur les traces des Sept S\u0153urs\",\"Tout le blog\"],\"inLanguage\":\"fr-FR\",\"potentialAction\":[{\"@type\":\"CommentAction\",\"name\":\"Comment\",\"target\":[\"https:\\\/\\\/sorbetkiwi.fr\\\/index.php\\\/la-soeur-de-la-tempete-de-lucinda-riley\\\/#respond\"]}]},{\"@type\":\"WebPage\",\"@id\":\"https:\\\/\\\/sorbetkiwi.fr\\\/index.php\\\/la-soeur-de-la-tempete-de-lucinda-riley\\\/\",\"url\":\"https:\\\/\\\/sorbetkiwi.fr\\\/index.php\\\/la-soeur-de-la-tempete-de-lucinda-riley\\\/\",\"name\":\"La s\u0153ur de la temp\u00eate de Lucinda Riley - Sorbet Kiwi\",\"isPartOf\":{\"@id\":\"https:\\\/\\\/sorbetkiwi.fr\\\/#website\"},\"primaryImageOfPage\":{\"@id\":\"https:\\\/\\\/sorbetkiwi.fr\\\/index.php\\\/la-soeur-de-la-tempete-de-lucinda-riley\\\/#primaryimage\"},\"image\":{\"@id\":\"https:\\\/\\\/sorbetkiwi.fr\\\/index.php\\\/la-soeur-de-la-tempete-de-lucinda-riley\\\/#primaryimage\"},\"thumbnailUrl\":\"https:\\\/\\\/sorbetkiwi.fr\\\/wp-content\\\/uploads\\\/2023\\\/01\\\/La-soeur-de-la-tempete-Les-sept-soeurs-2-Lucinda-Riley-scaled.jpg\",\"datePublished\":\"2023-01-12T21:37:43+00:00\",\"dateModified\":\"2023-05-18T16:00:18+00:00\",\"description\":\"Ma chronique de La soeur de la temp\u00eate, lu deux fois, de mon autrice pr\u00e9f\u00e9r\u00e9e Lucinda Riley aux \u00e9ditions Charleston.\",\"breadcrumb\":{\"@id\":\"https:\\\/\\\/sorbetkiwi.fr\\\/index.php\\\/la-soeur-de-la-tempete-de-lucinda-riley\\\/#breadcrumb\"},\"inLanguage\":\"fr-FR\",\"potentialAction\":[{\"@type\":\"ReadAction\",\"target\":[\"https:\\\/\\\/sorbetkiwi.fr\\\/index.php\\\/la-soeur-de-la-tempete-de-lucinda-riley\\\/\"]}]},{\"@type\":\"ImageObject\",\"inLanguage\":\"fr-FR\",\"@id\":\"https:\\\/\\\/sorbetkiwi.fr\\\/index.php\\\/la-soeur-de-la-tempete-de-lucinda-riley\\\/#primaryimage\",\"url\":\"https:\\\/\\\/sorbetkiwi.fr\\\/wp-content\\\/uploads\\\/2023\\\/01\\\/La-soeur-de-la-tempete-Les-sept-soeurs-2-Lucinda-Riley-scaled.jpg\",\"contentUrl\":\"https:\\\/\\\/sorbetkiwi.fr\\\/wp-content\\\/uploads\\\/2023\\\/01\\\/La-soeur-de-la-tempete-Les-sept-soeurs-2-Lucinda-Riley-scaled.jpg\",\"width\":1920,\"height\":2560,\"caption\":\"La s\u0153ur de la temp\u00eate Les sept soeurs 2 Lucinda Riley\"},{\"@type\":\"BreadcrumbList\",\"@id\":\"https:\\\/\\\/sorbetkiwi.fr\\\/index.php\\\/la-soeur-de-la-tempete-de-lucinda-riley\\\/#breadcrumb\",\"itemListElement\":[{\"@type\":\"ListItem\",\"position\":1,\"name\":\"Accueil\",\"item\":\"https:\\\/\\\/sorbetkiwi.fr\\\/\"},{\"@type\":\"ListItem\",\"position\":2,\"name\":\"La s\u0153ur de la temp\u00eate de Lucinda Riley\"}]},{\"@type\":\"WebSite\",\"@id\":\"https:\\\/\\\/sorbetkiwi.fr\\\/#website\",\"url\":\"https:\\\/\\\/sorbetkiwi.fr\\\/\",\"name\":\"Sorbet Kiwi\",\"description\":\"Des lectures th\u00e9matiques par saison et les avis qui vont avec\",\"publisher\":{\"@id\":\"https:\\\/\\\/sorbetkiwi.fr\\\/#organization\"},\"potentialAction\":[{\"@type\":\"SearchAction\",\"target\":{\"@type\":\"EntryPoint\",\"urlTemplate\":\"https:\\\/\\\/sorbetkiwi.fr\\\/?s={search_term_string}\"},\"query-input\":{\"@type\":\"PropertyValueSpecification\",\"valueRequired\":true,\"valueName\":\"search_term_string\"}}],\"inLanguage\":\"fr-FR\"},{\"@type\":\"Organization\",\"@id\":\"https:\\\/\\\/sorbetkiwi.fr\\\/#organization\",\"name\":\"Sorbet Kiwi\",\"url\":\"https:\\\/\\\/sorbetkiwi.fr\\\/\",\"logo\":{\"@type\":\"ImageObject\",\"inLanguage\":\"fr-FR\",\"@id\":\"https:\\\/\\\/sorbetkiwi.fr\\\/#\\\/schema\\\/logo\\\/image\\\/\",\"url\":\"https:\\\/\\\/sorbetkiwi.fr\\\/wp-content\\\/uploads\\\/2022\\\/10\\\/Banniere-Sorbet-Kiwi-2022.jpg\",\"contentUrl\":\"https:\\\/\\\/sorbetkiwi.fr\\\/wp-content\\\/uploads\\\/2022\\\/10\\\/Banniere-Sorbet-Kiwi-2022.jpg\",\"width\":814,\"height\":401,\"caption\":\"Sorbet Kiwi\"},\"image\":{\"@id\":\"https:\\\/\\\/sorbetkiwi.fr\\\/#\\\/schema\\\/logo\\\/image\\\/\"},\"sameAs\":[\"https:\\\/\\\/www.facebook.com\\\/profile.php?id=100086238893269\",\"https:\\\/\\\/x.com\\\/pepparshoes\",\"https:\\\/\\\/www.instagram.com\\\/sorbetkiwi\\\/\",\"https:\\\/\\\/www.tiktok.com\\\/sorbetkiwi\"]},{\"@type\":\"Person\",\"@id\":\"https:\\\/\\\/sorbetkiwi.fr\\\/#\\\/schema\\\/person\\\/ed1b7b527a2957ddc3bf38b076540659\",\"name\":\"Sorbet-Kiwi\",\"image\":{\"@type\":\"ImageObject\",\"inLanguage\":\"fr-FR\",\"@id\":\"https:\\\/\\\/secure.gravatar.com\\\/avatar\\\/86f0a5c27d76317621b9e374d0f3a01d3a85278f10d0c7207ced4fd773057442?s=96&d=mm&r=g\",\"url\":\"https:\\\/\\\/secure.gravatar.com\\\/avatar\\\/86f0a5c27d76317621b9e374d0f3a01d3a85278f10d0c7207ced4fd773057442?s=96&d=mm&r=g\",\"contentUrl\":\"https:\\\/\\\/secure.gravatar.com\\\/avatar\\\/86f0a5c27d76317621b9e374d0f3a01d3a85278f10d0c7207ced4fd773057442?s=96&d=mm&r=g\",\"caption\":\"Sorbet-Kiwi\"},\"sameAs\":[\"http:\\\/\\\/sorbetkiwi.fr\"],\"url\":\"https:\\\/\\\/sorbetkiwi.fr\\\/index.php\\\/author\\\/admin7717\\\/\"}]}<\/script>\n<!-- \/ Yoast SEO plugin. -->","yoast_head_json":{"title":"La s\u0153ur de la temp\u00eate de Lucinda Riley - Sorbet Kiwi","description":"Ma chronique de La soeur de la temp\u00eate, lu deux fois, de mon autrice pr\u00e9f\u00e9r\u00e9e Lucinda Riley aux \u00e9ditions Charleston.","robots":{"index":"index","follow":"follow","max-snippet":"max-snippet:-1","max-image-preview":"max-image-preview:large","max-video-preview":"max-video-preview:-1"},"canonical":"https:\/\/sorbetkiwi.fr\/index.php\/la-soeur-de-la-tempete-de-lucinda-riley\/","og_locale":"fr_FR","og_type":"article","og_title":"La s\u0153ur de la temp\u00eate de Lucinda Riley - Sorbet Kiwi","og_description":"Ma chronique de La soeur de la temp\u00eate, lu deux fois, de mon autrice pr\u00e9f\u00e9r\u00e9e Lucinda Riley aux \u00e9ditions Charleston.","og_url":"https:\/\/sorbetkiwi.fr\/index.php\/la-soeur-de-la-tempete-de-lucinda-riley\/","og_site_name":"Sorbet Kiwi","article_publisher":"https:\/\/www.facebook.com\/profile.php?id=100086238893269","article_published_time":"2023-01-12T21:37:43+00:00","article_modified_time":"2023-05-18T16:00:18+00:00","og_image":[{"width":1920,"height":2560,"url":"https:\/\/sorbetkiwi.fr\/wp-content\/uploads\/2023\/01\/La-soeur-de-la-tempete-Les-sept-soeurs-2-Lucinda-Riley-scaled.jpg","type":"image\/jpeg"}],"author":"Sorbet-Kiwi","twitter_card":"summary_large_image","twitter_creator":"@pepparshoes","twitter_site":"@pepparshoes","twitter_misc":{"\u00c9crit par":"Sorbet-Kiwi","Dur\u00e9e de lecture estim\u00e9e":"4 minutes"},"schema":{"@context":"https:\/\/schema.org","@graph":[{"@type":"Article","@id":"https:\/\/sorbetkiwi.fr\/index.php\/la-soeur-de-la-tempete-de-lucinda-riley\/#article","isPartOf":{"@id":"https:\/\/sorbetkiwi.fr\/index.php\/la-soeur-de-la-tempete-de-lucinda-riley\/"},"author":{"name":"Sorbet-Kiwi","@id":"https:\/\/sorbetkiwi.fr\/#\/schema\/person\/ed1b7b527a2957ddc3bf38b076540659"},"headline":"La s\u0153ur de la temp\u00eate de Lucinda Riley","datePublished":"2023-01-12T21:37:43+00:00","dateModified":"2023-05-18T16:00:18+00:00","mainEntityOfPage":{"@id":"https:\/\/sorbetkiwi.fr\/index.php\/la-soeur-de-la-tempete-de-lucinda-riley\/"},"wordCount":727,"commentCount":2,"publisher":{"@id":"https:\/\/sorbetkiwi.fr\/#organization"},"image":{"@id":"https:\/\/sorbetkiwi.fr\/index.php\/la-soeur-de-la-tempete-de-lucinda-riley\/#primaryimage"},"thumbnailUrl":"https:\/\/sorbetkiwi.fr\/wp-content\/uploads\/2023\/01\/La-soeur-de-la-tempete-Les-sept-soeurs-2-Lucinda-Riley-scaled.jpg","keywords":["Ally","Deuil","Editions Charleston","G\u00e9n\u00e9alogie","Hiver","La soeur de la temp\u00eate","Les sept soeurs","Lucinda Riley","Navigation"],"articleSection":["Hiver","Partenariats","Sur les traces des Sept S\u0153urs","Tout le blog"],"inLanguage":"fr-FR","potentialAction":[{"@type":"CommentAction","name":"Comment","target":["https:\/\/sorbetkiwi.fr\/index.php\/la-soeur-de-la-tempete-de-lucinda-riley\/#respond"]}]},{"@type":"WebPage","@id":"https:\/\/sorbetkiwi.fr\/index.php\/la-soeur-de-la-tempete-de-lucinda-riley\/","url":"https:\/\/sorbetkiwi.fr\/index.php\/la-soeur-de-la-tempete-de-lucinda-riley\/","name":"La s\u0153ur de la temp\u00eate de Lucinda Riley - Sorbet Kiwi","isPartOf":{"@id":"https:\/\/sorbetkiwi.fr\/#website"},"primaryImageOfPage":{"@id":"https:\/\/sorbetkiwi.fr\/index.php\/la-soeur-de-la-tempete-de-lucinda-riley\/#primaryimage"},"image":{"@id":"https:\/\/sorbetkiwi.fr\/index.php\/la-soeur-de-la-tempete-de-lucinda-riley\/#primaryimage"},"thumbnailUrl":"https:\/\/sorbetkiwi.fr\/wp-content\/uploads\/2023\/01\/La-soeur-de-la-tempete-Les-sept-soeurs-2-Lucinda-Riley-scaled.jpg","datePublished":"2023-01-12T21:37:43+00:00","dateModified":"2023-05-18T16:00:18+00:00","description":"Ma chronique de La soeur de la temp\u00eate, lu deux fois, de mon autrice pr\u00e9f\u00e9r\u00e9e Lucinda Riley aux \u00e9ditions Charleston.","breadcrumb":{"@id":"https:\/\/sorbetkiwi.fr\/index.php\/la-soeur-de-la-tempete-de-lucinda-riley\/#breadcrumb"},"inLanguage":"fr-FR","potentialAction":[{"@type":"ReadAction","target":["https:\/\/sorbetkiwi.fr\/index.php\/la-soeur-de-la-tempete-de-lucinda-riley\/"]}]},{"@type":"ImageObject","inLanguage":"fr-FR","@id":"https:\/\/sorbetkiwi.fr\/index.php\/la-soeur-de-la-tempete-de-lucinda-riley\/#primaryimage","url":"https:\/\/sorbetkiwi.fr\/wp-content\/uploads\/2023\/01\/La-soeur-de-la-tempete-Les-sept-soeurs-2-Lucinda-Riley-scaled.jpg","contentUrl":"https:\/\/sorbetkiwi.fr\/wp-content\/uploads\/2023\/01\/La-soeur-de-la-tempete-Les-sept-soeurs-2-Lucinda-Riley-scaled.jpg","width":1920,"height":2560,"caption":"La s\u0153ur de la temp\u00eate Les sept soeurs 2 Lucinda Riley"},{"@type":"BreadcrumbList","@id":"https:\/\/sorbetkiwi.fr\/index.php\/la-soeur-de-la-tempete-de-lucinda-riley\/#breadcrumb","itemListElement":[{"@type":"ListItem","position":1,"name":"Accueil","item":"https:\/\/sorbetkiwi.fr\/"},{"@type":"ListItem","position":2,"name":"La s\u0153ur de la temp\u00eate de Lucinda Riley"}]},{"@type":"WebSite","@id":"https:\/\/sorbetkiwi.fr\/#website","url":"https:\/\/sorbetkiwi.fr\/","name":"Sorbet Kiwi","description":"Des lectures th\u00e9matiques par saison et les avis qui vont avec","publisher":{"@id":"https:\/\/sorbetkiwi.fr\/#organization"},"potentialAction":[{"@type":"SearchAction","target":{"@type":"EntryPoint","urlTemplate":"https:\/\/sorbetkiwi.fr\/?s={search_term_string}"},"query-input":{"@type":"PropertyValueSpecification","valueRequired":true,"valueName":"search_term_string"}}],"inLanguage":"fr-FR"},{"@type":"Organization","@id":"https:\/\/sorbetkiwi.fr\/#organization","name":"Sorbet Kiwi","url":"https:\/\/sorbetkiwi.fr\/","logo":{"@type":"ImageObject","inLanguage":"fr-FR","@id":"https:\/\/sorbetkiwi.fr\/#\/schema\/logo\/image\/","url":"https:\/\/sorbetkiwi.fr\/wp-content\/uploads\/2022\/10\/Banniere-Sorbet-Kiwi-2022.jpg","contentUrl":"https:\/\/sorbetkiwi.fr\/wp-content\/uploads\/2022\/10\/Banniere-Sorbet-Kiwi-2022.jpg","width":814,"height":401,"caption":"Sorbet Kiwi"},"image":{"@id":"https:\/\/sorbetkiwi.fr\/#\/schema\/logo\/image\/"},"sameAs":["https:\/\/www.facebook.com\/profile.php?id=100086238893269","https:\/\/x.com\/pepparshoes","https:\/\/www.instagram.com\/sorbetkiwi\/","https:\/\/www.tiktok.com\/sorbetkiwi"]},{"@type":"Person","@id":"https:\/\/sorbetkiwi.fr\/#\/schema\/person\/ed1b7b527a2957ddc3bf38b076540659","name":"Sorbet-Kiwi","image":{"@type":"ImageObject","inLanguage":"fr-FR","@id":"https:\/\/secure.gravatar.com\/avatar\/86f0a5c27d76317621b9e374d0f3a01d3a85278f10d0c7207ced4fd773057442?s=96&d=mm&r=g","url":"https:\/\/secure.gravatar.com\/avatar\/86f0a5c27d76317621b9e374d0f3a01d3a85278f10d0c7207ced4fd773057442?s=96&d=mm&r=g","contentUrl":"https:\/\/secure.gravatar.com\/avatar\/86f0a5c27d76317621b9e374d0f3a01d3a85278f10d0c7207ced4fd773057442?s=96&d=mm&r=g","caption":"Sorbet-Kiwi"},"sameAs":["http:\/\/sorbetkiwi.fr"],"url":"https:\/\/sorbetkiwi.fr\/index.php\/author\/admin7717\/"}]}},"_links":{"self":[{"href":"https:\/\/sorbetkiwi.fr\/index.php\/wp-json\/wp\/v2\/posts\/1443","targetHints":{"allow":["GET"]}}],"collection":[{"href":"https:\/\/sorbetkiwi.fr\/index.php\/wp-json\/wp\/v2\/posts"}],"about":[{"href":"https:\/\/sorbetkiwi.fr\/index.php\/wp-json\/wp\/v2\/types\/post"}],"author":[{"embeddable":true,"href":"https:\/\/sorbetkiwi.fr\/index.php\/wp-json\/wp\/v2\/users\/1"}],"replies":[{"embeddable":true,"href":"https:\/\/sorbetkiwi.fr\/index.php\/wp-json\/wp\/v2\/comments?post=1443"}],"version-history":[{"count":6,"href":"https:\/\/sorbetkiwi.fr\/index.php\/wp-json\/wp\/v2\/posts\/1443\/revisions"}],"predecessor-version":[{"id":1450,"href":"https:\/\/sorbetkiwi.fr\/index.php\/wp-json\/wp\/v2\/posts\/1443\/revisions\/1450"}],"wp:featuredmedia":[{"embeddable":true,"href":"https:\/\/sorbetkiwi.fr\/index.php\/wp-json\/wp\/v2\/media\/1444"}],"wp:attachment":[{"href":"https:\/\/sorbetkiwi.fr\/index.php\/wp-json\/wp\/v2\/media?parent=1443"}],"wp:term":[{"taxonomy":"category","embeddable":true,"href":"https:\/\/sorbetkiwi.fr\/index.php\/wp-json\/wp\/v2\/categories?post=1443"},{"taxonomy":"post_tag","embeddable":true,"href":"https:\/\/sorbetkiwi.fr\/index.php\/wp-json\/wp\/v2\/tags?post=1443"}],"curies":[{"name":"wp","href":"https:\/\/api.w.org\/{rel}","templated":true}]}}