{"id":1387,"date":"2023-01-04T12:24:58","date_gmt":"2023-01-04T11:24:58","guid":{"rendered":"https:\/\/sorbetkiwi.fr\/?p=1387"},"modified":"2023-01-04T12:24:59","modified_gmt":"2023-01-04T11:24:59","slug":"dame-hiver-des-freres-grimm-et-nathalie-novi","status":"publish","type":"post","link":"https:\/\/sorbetkiwi.fr\/index.php\/dame-hiver-des-freres-grimm-et-nathalie-novi\/","title":{"rendered":"Dame Hiver des Fr\u00e8res Grimm et Nathalie Novi"},"content":{"rendered":"\t\t<div data-elementor-type=\"wp-post\" data-elementor-id=\"1387\" class=\"elementor elementor-1387\">\n\t\t\t\t\t\t<section class=\"elementor-section elementor-top-section elementor-element elementor-element-41e4a8a2 elementor-section-boxed elementor-section-height-default elementor-section-height-default\" data-id=\"41e4a8a2\" data-element_type=\"section\" data-e-type=\"section\">\n\t\t\t\t\t\t<div class=\"elementor-container elementor-column-gap-default\">\n\t\t\t\t\t<div class=\"elementor-column elementor-col-100 elementor-top-column elementor-element elementor-element-398c145b\" data-id=\"398c145b\" data-element_type=\"column\" data-e-type=\"column\">\n\t\t\t<div class=\"elementor-widget-wrap elementor-element-populated\">\n\t\t\t\t\t\t<div class=\"elementor-element elementor-element-6e167e7e elementor-widget elementor-widget-heading\" data-id=\"6e167e7e\" data-element_type=\"widget\" data-e-type=\"widget\" data-widget_type=\"heading.default\">\n\t\t\t\t<div class=\"elementor-widget-container\">\n\t\t\t\t\t<h1 class=\"elementor-heading-title elementor-size-medium\">Dame Hiver<\/h1>\t\t\t\t<\/div>\n\t\t\t\t<\/div>\n\t\t\t\t<div class=\"elementor-element elementor-element-11df5589 elementor-view-default elementor-widget elementor-widget-icon\" data-id=\"11df5589\" data-element_type=\"widget\" data-e-type=\"widget\" data-widget_type=\"icon.default\">\n\t\t\t\t<div class=\"elementor-widget-container\">\n\t\t\t\t\t\t\t<div class=\"elementor-icon-wrapper\">\n\t\t\t<div class=\"elementor-icon\">\n\t\t\t<i aria-hidden=\"true\" class=\"far fa-snowflake\"><\/i>\t\t\t<\/div>\n\t\t<\/div>\n\t\t\t\t\t\t<\/div>\n\t\t\t\t<\/div>\n\t\t\t\t<div class=\"elementor-element elementor-element-362a66d8 elementor-widget-divider--view-line elementor-widget elementor-widget-divider\" data-id=\"362a66d8\" data-element_type=\"widget\" data-e-type=\"widget\" data-widget_type=\"divider.default\">\n\t\t\t\t<div class=\"elementor-widget-container\">\n\t\t\t\t\t\t\t<div class=\"elementor-divider\">\n\t\t\t<span class=\"elementor-divider-separator\">\n\t\t\t\t\t\t<\/span>\n\t\t<\/div>\n\t\t\t\t\t\t<\/div>\n\t\t\t\t<\/div>\n\t\t\t\t<div class=\"elementor-element elementor-element-10985ba9 elementor-widget elementor-widget-heading\" data-id=\"10985ba9\" data-element_type=\"widget\" data-e-type=\"widget\" data-widget_type=\"heading.default\">\n\t\t\t\t<div class=\"elementor-widget-container\">\n\t\t\t\t\t<h2 class=\"elementor-heading-title elementor-size-medium\">R\u00e9sum\u00e9<\/h2>\t\t\t\t<\/div>\n\t\t\t\t<\/div>\n\t\t\t\t<div class=\"elementor-element elementor-element-36e4f0db elementor-widget elementor-widget-text-editor\" data-id=\"36e4f0db\" data-element_type=\"widget\" data-e-type=\"widget\" data-widget_type=\"text-editor.default\">\n\t\t\t\t<div class=\"elementor-widget-container\">\n\t\t\t\t\t\t\t\t\t<p>Un conte o\u00f9 l&rsquo;on apprend que les flocons de neige ne sont autres que de petites plumes blanches \u00e9chapp\u00e9es des \u00e9dredons de Dame Hiver, mais aussi une fable morale o\u00f9 la paresse est punie dans la poix et le travail r\u00e9compens\u00e9 par une pluie d&rsquo;or&#8230;<\/p>\t\t\t\t\t\t\t\t<\/div>\n\t\t\t\t<\/div>\n\t\t\t\t<div class=\"elementor-element elementor-element-34e51a5 elementor-widget-divider--view-line elementor-widget elementor-widget-divider\" data-id=\"34e51a5\" data-element_type=\"widget\" data-e-type=\"widget\" data-widget_type=\"divider.default\">\n\t\t\t\t<div class=\"elementor-widget-container\">\n\t\t\t\t\t\t\t<div class=\"elementor-divider\">\n\t\t\t<span class=\"elementor-divider-separator\">\n\t\t\t\t\t\t<\/span>\n\t\t<\/div>\n\t\t\t\t\t\t<\/div>\n\t\t\t\t<\/div>\n\t\t\t\t<div class=\"elementor-element elementor-element-7288e38c elementor-widget elementor-widget-heading\" data-id=\"7288e38c\" data-element_type=\"widget\" data-e-type=\"widget\" data-widget_type=\"heading.default\">\n\t\t\t\t<div class=\"elementor-widget-container\">\n\t\t\t\t\t<h2 class=\"elementor-heading-title elementor-size-medium\">Ma note<\/h2>\t\t\t\t<\/div>\n\t\t\t\t<\/div>\n\t\t\t\t<div class=\"elementor-element elementor-element-78c6a26d elementor-star-rating--align-center elementor--star-style-star_fontawesome elementor-widget elementor-widget-star-rating\" data-id=\"78c6a26d\" data-element_type=\"widget\" data-e-type=\"widget\" data-widget_type=\"star-rating.default\">\n\t\t\t\t<div class=\"elementor-widget-container\">\n\t\t\t\t\t\t\t<div class=\"elementor-star-rating__wrapper\">\n\t\t\t\t\t\t<div class=\"elementor-star-rating\" itemtype=\"http:\/\/schema.org\/Rating\" itemscope=\"\" itemprop=\"reviewRating\">\n\t\t\t\t<i class=\"elementor-star-full\" aria-hidden=\"true\">&#xE934;<\/i><i class=\"elementor-star-full\" aria-hidden=\"true\">&#xE934;<\/i><i class=\"elementor-star-full\" aria-hidden=\"true\">&#xE934;<\/i><i class=\"elementor-star-5\" aria-hidden=\"true\">&#xE934;<\/i><i class=\"elementor-star-empty\" aria-hidden=\"true\">&#xE934;<\/i>\t\t\t\t<span itemprop=\"ratingValue\" class=\"elementor-screen-only\">Not\u00e9 3.5 sur 5<\/span>\n\t\t\t<\/div>\n\t\t<\/div>\n\t\t\t\t\t\t<\/div>\n\t\t\t\t<\/div>\n\t\t\t\t<div class=\"elementor-element elementor-element-6a13fa93 elementor-widget-divider--view-line elementor-widget elementor-widget-divider\" data-id=\"6a13fa93\" data-element_type=\"widget\" data-e-type=\"widget\" data-widget_type=\"divider.default\">\n\t\t\t\t<div class=\"elementor-widget-container\">\n\t\t\t\t\t\t\t<div class=\"elementor-divider\">\n\t\t\t<span class=\"elementor-divider-separator\">\n\t\t\t\t\t\t<\/span>\n\t\t<\/div>\n\t\t\t\t\t\t<\/div>\n\t\t\t\t<\/div>\n\t\t\t\t<div class=\"elementor-element elementor-element-605e59fe elementor-widget elementor-widget-heading\" data-id=\"605e59fe\" data-element_type=\"widget\" data-e-type=\"widget\" data-widget_type=\"heading.default\">\n\t\t\t\t<div class=\"elementor-widget-container\">\n\t\t\t\t\t<h2 class=\"elementor-heading-title elementor-size-medium\">Nostalgie quand tu nous tiens<\/h2>\t\t\t\t<\/div>\n\t\t\t\t<\/div>\n\t\t\t\t<div class=\"elementor-element elementor-element-777aef9a elementor-widget elementor-widget-text-editor\" data-id=\"777aef9a\" data-element_type=\"widget\" data-e-type=\"widget\" data-widget_type=\"text-editor.default\">\n\t\t\t\t<div class=\"elementor-widget-container\">\n\t\t\t\t\t\t\t\t\t<p>Y a-t-il meilleur album pour commencer\u00a0<a href=\"https:\/\/sorbetkiwi.fr\/index.php\/category\/hiver\/\"> la saison<\/a> que Dame Hiver ? J&rsquo;ai \u00e9norm\u00e9ment d&rsquo;affection pour ce conte des fr\u00e8res Grimm. La <a href=\"https:\/\/youtu.be\/wd2xpCAM6lc\">VHS<\/a> tournait en boucle chez moi lorsque j&rsquo;\u00e9tais enfant et le d\u00e9couvrir en format album a \u00e9t\u00e9 un vrai moment de nostalgie. Je l&rsquo;ai partag\u00e9 avec Evan, mon filleul, en histoire du soir. Nous avons pass\u00e9 un doux moment blotti au chaud, avec ce beau r\u00e9cit. Il aborde les notions de gentillesse, du travail, du respect de ce dernier, du respect des autres et de l&rsquo;opportunisme.\u00a0<\/p>\t\t\t\t\t\t\t\t<\/div>\n\t\t\t\t<\/div>\n\t\t\t\t<div class=\"elementor-element elementor-element-4d2083d4 elementor-widget-divider--view-line elementor-widget elementor-widget-divider\" data-id=\"4d2083d4\" data-element_type=\"widget\" data-e-type=\"widget\" data-widget_type=\"divider.default\">\n\t\t\t\t<div class=\"elementor-widget-container\">\n\t\t\t\t\t\t\t<div class=\"elementor-divider\">\n\t\t\t<span class=\"elementor-divider-separator\">\n\t\t\t\t\t\t<\/span>\n\t\t<\/div>\n\t\t\t\t\t\t<\/div>\n\t\t\t\t<\/div>\n\t\t\t\t<div class=\"elementor-element elementor-element-7ff72c28 elementor-widget elementor-widget-heading\" data-id=\"7ff72c28\" data-element_type=\"widget\" data-e-type=\"widget\" data-widget_type=\"heading.default\">\n\t\t\t\t<div class=\"elementor-widget-container\">\n\t\t\t\t\t<h4 class=\"elementor-heading-title elementor-size-medium\">\"Comme la fille passait sous le grand porche, une pluie d'or s'abattit sur elle, une grosse pluie d'or qui resta coll\u00e9e \u00e0 ses v\u00eatements et la recouvrit toute enti\u00e8re.\"<\/h4>\t\t\t\t<\/div>\n\t\t\t\t<\/div>\n\t\t\t\t<div class=\"elementor-element elementor-element-2f1e7aed elementor-widget-divider--view-line elementor-widget elementor-widget-divider\" data-id=\"2f1e7aed\" data-element_type=\"widget\" data-e-type=\"widget\" data-widget_type=\"divider.default\">\n\t\t\t\t<div class=\"elementor-widget-container\">\n\t\t\t\t\t\t\t<div class=\"elementor-divider\">\n\t\t\t<span class=\"elementor-divider-separator\">\n\t\t\t\t\t\t<\/span>\n\t\t<\/div>\n\t\t\t\t\t\t<\/div>\n\t\t\t\t<\/div>\n\t\t\t\t<div class=\"elementor-element elementor-element-30278514 elementor-widget elementor-widget-heading\" data-id=\"30278514\" data-element_type=\"widget\" data-e-type=\"widget\" data-widget_type=\"heading.default\">\n\t\t\t\t<div class=\"elementor-widget-container\">\n\t\t\t\t\t<h2 class=\"elementor-heading-title elementor-size-medium\">Des valeurs profondes<\/h2>\t\t\t\t<\/div>\n\t\t\t\t<\/div>\n\t\t\t\t<div class=\"elementor-element elementor-element-693d394 elementor-widget elementor-widget-text-editor\" data-id=\"693d394\" data-element_type=\"widget\" data-e-type=\"widget\" data-widget_type=\"text-editor.default\">\n\t\t\t\t<div class=\"elementor-widget-container\">\n\t\t\t\t\t\t\t\t\t<p>Dans Dame Hiver, pas d&rsquo;histoire d&rsquo;homme qui vient sauver la femme de la mar\u00e2tre ! Il n&rsquo;y a d&rsquo;ailleurs pas d&rsquo;homme du tout, dans l&rsquo;histoire. C&rsquo;est la vie qui permet \u00e0 l&rsquo;h\u00e9ro\u00efne de sauver toute seule. J&rsquo;ai trouv\u00e9 cela tr\u00e8s chouette. Il n&rsquo;y a pas de romance inutile, d&rsquo;autant plus qu&rsquo;on parle de t\u00e2ches domestiques. J&rsquo;ai beaucoup aim\u00e9 cette id\u00e9e que la beaut\u00e9 int\u00e9rieur se refl\u00e8te \u00e0 l&rsquo;exterieur en \u00e9tant ici materialis\u00e9e par l&rsquo;or et la r\u00e9sine.\u00a0<\/p>\t\t\t\t\t\t\t\t<\/div>\n\t\t\t\t<\/div>\n\t\t\t\t<div class=\"elementor-element elementor-element-1a236276 elementor-widget-divider--view-line elementor-widget elementor-widget-divider\" data-id=\"1a236276\" data-element_type=\"widget\" data-e-type=\"widget\" data-widget_type=\"divider.default\">\n\t\t\t\t<div class=\"elementor-widget-container\">\n\t\t\t\t\t\t\t<div class=\"elementor-divider\">\n\t\t\t<span class=\"elementor-divider-separator\">\n\t\t\t\t\t\t<\/span>\n\t\t<\/div>\n\t\t\t\t\t\t<\/div>\n\t\t\t\t<\/div>\n\t\t\t\t<div class=\"elementor-element elementor-element-1ceb8ee7 elementor-widget elementor-widget-heading\" data-id=\"1ceb8ee7\" data-element_type=\"widget\" data-e-type=\"widget\" data-widget_type=\"heading.default\">\n\t\t\t\t<div class=\"elementor-widget-container\">\n\t\t\t\t\t<h2 class=\"elementor-heading-title elementor-size-medium\">Un dessin en demi-teinte<\/h2>\t\t\t\t<\/div>\n\t\t\t\t<\/div>\n\t\t\t\t<div class=\"elementor-element elementor-element-47853279 elementor-widget elementor-widget-text-editor\" data-id=\"47853279\" data-element_type=\"widget\" data-e-type=\"widget\" data-widget_type=\"text-editor.default\">\n\t\t\t\t<div class=\"elementor-widget-container\">\n\t\t\t\t\t\t\t\t\t<p>Le dessin fait un peu ancien. Et il ne g\u00eane en rien la lecture si on ne l&rsquo;appr\u00e9cie pas. Evan et moi ne nous sommes pas extasi\u00e9s dessus, mais nous ne l&rsquo;avons pas non plus trouv\u00e9 laid. Ce qui est \u00e9videmment tr\u00e8s subjectif. Nathalie Novi illustre une sc\u00e8ne par page. Mon seul vrai b\u00e9mol est que nous n&rsquo;avons pas compris la double-page illustr\u00e9e qui met en sc\u00e8ne un prince. Il n&rsquo;en est fait nulle mention dans l&rsquo;histoire. C&rsquo;est vraiment le point n\u00e9gatif pour moi, mais nous l&rsquo;avons analys\u00e9 ensemble et avons pu discuter de l&rsquo;omnipr\u00e9sence masculine dans les contes, m\u00eame lorsque ce n&rsquo;est pas n\u00e9cessaire. Finalement, du positif dans le n\u00e9gatif, mais parce que mon filleul \u00e0 9 ans et que c&rsquo;est faisable.\u00a0<\/p>\t\t\t\t\t\t\t\t<\/div>\n\t\t\t\t<\/div>\n\t\t\t\t\t<\/div>\n\t\t<\/div>\n\t\t\t\t\t<\/div>\n\t\t<\/section>\n\t\t\t\t<\/div>\n\t\t","protected":false},"excerpt":{"rendered":"<p>Dame Hiver R\u00e9sum\u00e9 Un conte o\u00f9 l&rsquo;on apprend que les flocons de neige ne sont autres que de petites plumes blanches \u00e9chapp\u00e9es des \u00e9dredons de Dame Hiver, mais aussi une fable morale o\u00f9 la paresse &hellip; <\/p>\n","protected":false},"author":1,"featured_media":1389,"comment_status":"open","ping_status":"open","sticky":false,"template":"","format":"standard","meta":{"footnotes":""},"categories":[7,11,1],"tags":[268,323,332,334,335,327,337,336,324,333,338],"class_list":["post-1387","post","type-post","status-publish","format-standard","has-post-thumbnail","hentry","category-benevolat","category-hiver","category-tout-le-blog","tag-album-jeunesse","tag-benevolat","tag-dame-hiver","tag-editions-didier-jeunesse","tag-freres-grimm","tag-hiver","tag-jacob-grimm","tag-jacob-grimm-et-wilhelm-grimm","tag-mediatheque","tag-nathalie-novi","tag-wilhelm-grimm","has-single-img"],"yoast_head":"<!-- This site is optimized with the Yoast SEO plugin v27.4 - https:\/\/yoast.com\/product\/yoast-seo-wordpress\/ -->\n<title>Dame Hiver des Fr\u00e8res Grimm et Nathalie Novi - Sorbet Kiwi<\/title>\n<meta name=\"description\" content=\"Ma chronique de l&#039;album Dame Hiver, un conte des fr\u00e8res Grimm, illustr\u00e9 par Nathalie Novi aux \u00e9ditions Didier Jeunesse.\" \/>\n<meta name=\"robots\" content=\"index, follow, max-snippet:-1, max-image-preview:large, max-video-preview:-1\" \/>\n<link rel=\"canonical\" href=\"https:\/\/sorbetkiwi.fr\/index.php\/dame-hiver-des-freres-grimm-et-nathalie-novi\/\" \/>\n<meta property=\"og:locale\" content=\"fr_FR\" \/>\n<meta property=\"og:type\" content=\"article\" \/>\n<meta property=\"og:title\" content=\"Dame Hiver des Fr\u00e8res Grimm et Nathalie Novi - Sorbet Kiwi\" \/>\n<meta property=\"og:description\" content=\"Ma chronique de l&#039;album Dame Hiver, un conte des fr\u00e8res Grimm, illustr\u00e9 par Nathalie Novi aux \u00e9ditions Didier Jeunesse.\" \/>\n<meta property=\"og:url\" content=\"https:\/\/sorbetkiwi.fr\/index.php\/dame-hiver-des-freres-grimm-et-nathalie-novi\/\" \/>\n<meta property=\"og:site_name\" content=\"Sorbet Kiwi\" \/>\n<meta property=\"article:publisher\" content=\"https:\/\/www.facebook.com\/profile.php?id=100086238893269\" \/>\n<meta property=\"article:published_time\" content=\"2023-01-04T11:24:58+00:00\" \/>\n<meta property=\"article:modified_time\" content=\"2023-01-04T11:24:59+00:00\" \/>\n<meta property=\"og:image\" content=\"https:\/\/sorbetkiwi.fr\/wp-content\/uploads\/2023\/01\/Dame-Hiver-Nathalie-Novi-Freres-Grimm-scaled.jpg\" \/>\n\t<meta property=\"og:image:width\" content=\"1920\" \/>\n\t<meta property=\"og:image:height\" content=\"2560\" \/>\n\t<meta property=\"og:image:type\" content=\"image\/jpeg\" \/>\n<meta name=\"author\" content=\"Sorbet-Kiwi\" \/>\n<meta name=\"twitter:card\" content=\"summary_large_image\" \/>\n<meta name=\"twitter:creator\" content=\"@pepparshoes\" \/>\n<meta name=\"twitter:site\" content=\"@pepparshoes\" \/>\n<meta name=\"twitter:label1\" content=\"\u00c9crit par\" \/>\n\t<meta name=\"twitter:data1\" content=\"Sorbet-Kiwi\" \/>\n\t<meta name=\"twitter:label2\" content=\"Dur\u00e9e de lecture estim\u00e9e\" \/>\n\t<meta name=\"twitter:data2\" content=\"3 minutes\" \/>\n<script type=\"application\/ld+json\" class=\"yoast-schema-graph\">{\"@context\":\"https:\\\/\\\/schema.org\",\"@graph\":[{\"@type\":\"Article\",\"@id\":\"https:\\\/\\\/sorbetkiwi.fr\\\/index.php\\\/dame-hiver-des-freres-grimm-et-nathalie-novi\\\/#article\",\"isPartOf\":{\"@id\":\"https:\\\/\\\/sorbetkiwi.fr\\\/index.php\\\/dame-hiver-des-freres-grimm-et-nathalie-novi\\\/\"},\"author\":{\"name\":\"Sorbet-Kiwi\",\"@id\":\"https:\\\/\\\/sorbetkiwi.fr\\\/#\\\/schema\\\/person\\\/ed1b7b527a2957ddc3bf38b076540659\"},\"headline\":\"Dame Hiver des Fr\u00e8res Grimm et Nathalie Novi\",\"datePublished\":\"2023-01-04T11:24:58+00:00\",\"dateModified\":\"2023-01-04T11:24:59+00:00\",\"mainEntityOfPage\":{\"@id\":\"https:\\\/\\\/sorbetkiwi.fr\\\/index.php\\\/dame-hiver-des-freres-grimm-et-nathalie-novi\\\/\"},\"wordCount\":453,\"commentCount\":0,\"publisher\":{\"@id\":\"https:\\\/\\\/sorbetkiwi.fr\\\/#organization\"},\"image\":{\"@id\":\"https:\\\/\\\/sorbetkiwi.fr\\\/index.php\\\/dame-hiver-des-freres-grimm-et-nathalie-novi\\\/#primaryimage\"},\"thumbnailUrl\":\"https:\\\/\\\/sorbetkiwi.fr\\\/wp-content\\\/uploads\\\/2023\\\/01\\\/Dame-Hiver-Nathalie-Novi-Freres-Grimm-scaled.jpg\",\"keywords\":[\"Album jeunesse\",\"B\u00e9n\u00e9volat\",\"Dame Hiver\",\"Editions Didier Jeunesse\",\"Fr\u00e8res Grimm\",\"Hiver\",\"Jacob Grimm\",\"Jacob Grimm et Wilhelm Grimm\",\"M\u00e9diath\u00e8que\",\"Nathalie Novi\",\"Wilhelm Grimm\"],\"articleSection\":[\"B\u00e9n\u00e9volat\",\"Hiver\",\"Tout le blog\"],\"inLanguage\":\"fr-FR\",\"potentialAction\":[{\"@type\":\"CommentAction\",\"name\":\"Comment\",\"target\":[\"https:\\\/\\\/sorbetkiwi.fr\\\/index.php\\\/dame-hiver-des-freres-grimm-et-nathalie-novi\\\/#respond\"]}]},{\"@type\":\"WebPage\",\"@id\":\"https:\\\/\\\/sorbetkiwi.fr\\\/index.php\\\/dame-hiver-des-freres-grimm-et-nathalie-novi\\\/\",\"url\":\"https:\\\/\\\/sorbetkiwi.fr\\\/index.php\\\/dame-hiver-des-freres-grimm-et-nathalie-novi\\\/\",\"name\":\"Dame Hiver des Fr\u00e8res Grimm et Nathalie Novi - Sorbet Kiwi\",\"isPartOf\":{\"@id\":\"https:\\\/\\\/sorbetkiwi.fr\\\/#website\"},\"primaryImageOfPage\":{\"@id\":\"https:\\\/\\\/sorbetkiwi.fr\\\/index.php\\\/dame-hiver-des-freres-grimm-et-nathalie-novi\\\/#primaryimage\"},\"image\":{\"@id\":\"https:\\\/\\\/sorbetkiwi.fr\\\/index.php\\\/dame-hiver-des-freres-grimm-et-nathalie-novi\\\/#primaryimage\"},\"thumbnailUrl\":\"https:\\\/\\\/sorbetkiwi.fr\\\/wp-content\\\/uploads\\\/2023\\\/01\\\/Dame-Hiver-Nathalie-Novi-Freres-Grimm-scaled.jpg\",\"datePublished\":\"2023-01-04T11:24:58+00:00\",\"dateModified\":\"2023-01-04T11:24:59+00:00\",\"description\":\"Ma chronique de l'album Dame Hiver, un conte des fr\u00e8res Grimm, illustr\u00e9 par Nathalie Novi aux \u00e9ditions Didier Jeunesse.\",\"breadcrumb\":{\"@id\":\"https:\\\/\\\/sorbetkiwi.fr\\\/index.php\\\/dame-hiver-des-freres-grimm-et-nathalie-novi\\\/#breadcrumb\"},\"inLanguage\":\"fr-FR\",\"potentialAction\":[{\"@type\":\"ReadAction\",\"target\":[\"https:\\\/\\\/sorbetkiwi.fr\\\/index.php\\\/dame-hiver-des-freres-grimm-et-nathalie-novi\\\/\"]}]},{\"@type\":\"ImageObject\",\"inLanguage\":\"fr-FR\",\"@id\":\"https:\\\/\\\/sorbetkiwi.fr\\\/index.php\\\/dame-hiver-des-freres-grimm-et-nathalie-novi\\\/#primaryimage\",\"url\":\"https:\\\/\\\/sorbetkiwi.fr\\\/wp-content\\\/uploads\\\/2023\\\/01\\\/Dame-Hiver-Nathalie-Novi-Freres-Grimm-scaled.jpg\",\"contentUrl\":\"https:\\\/\\\/sorbetkiwi.fr\\\/wp-content\\\/uploads\\\/2023\\\/01\\\/Dame-Hiver-Nathalie-Novi-Freres-Grimm-scaled.jpg\",\"width\":1920,\"height\":2560,\"caption\":\"Dame Hiver Nathalie Novi Freres Grimm\"},{\"@type\":\"BreadcrumbList\",\"@id\":\"https:\\\/\\\/sorbetkiwi.fr\\\/index.php\\\/dame-hiver-des-freres-grimm-et-nathalie-novi\\\/#breadcrumb\",\"itemListElement\":[{\"@type\":\"ListItem\",\"position\":1,\"name\":\"Accueil\",\"item\":\"https:\\\/\\\/sorbetkiwi.fr\\\/\"},{\"@type\":\"ListItem\",\"position\":2,\"name\":\"Dame Hiver des Fr\u00e8res Grimm et Nathalie Novi\"}]},{\"@type\":\"WebSite\",\"@id\":\"https:\\\/\\\/sorbetkiwi.fr\\\/#website\",\"url\":\"https:\\\/\\\/sorbetkiwi.fr\\\/\",\"name\":\"Sorbet Kiwi\",\"description\":\"Des lectures th\u00e9matiques par saison et les avis qui vont avec\",\"publisher\":{\"@id\":\"https:\\\/\\\/sorbetkiwi.fr\\\/#organization\"},\"potentialAction\":[{\"@type\":\"SearchAction\",\"target\":{\"@type\":\"EntryPoint\",\"urlTemplate\":\"https:\\\/\\\/sorbetkiwi.fr\\\/?s={search_term_string}\"},\"query-input\":{\"@type\":\"PropertyValueSpecification\",\"valueRequired\":true,\"valueName\":\"search_term_string\"}}],\"inLanguage\":\"fr-FR\"},{\"@type\":\"Organization\",\"@id\":\"https:\\\/\\\/sorbetkiwi.fr\\\/#organization\",\"name\":\"Sorbet Kiwi\",\"url\":\"https:\\\/\\\/sorbetkiwi.fr\\\/\",\"logo\":{\"@type\":\"ImageObject\",\"inLanguage\":\"fr-FR\",\"@id\":\"https:\\\/\\\/sorbetkiwi.fr\\\/#\\\/schema\\\/logo\\\/image\\\/\",\"url\":\"https:\\\/\\\/sorbetkiwi.fr\\\/wp-content\\\/uploads\\\/2022\\\/10\\\/Banniere-Sorbet-Kiwi-2022.jpg\",\"contentUrl\":\"https:\\\/\\\/sorbetkiwi.fr\\\/wp-content\\\/uploads\\\/2022\\\/10\\\/Banniere-Sorbet-Kiwi-2022.jpg\",\"width\":814,\"height\":401,\"caption\":\"Sorbet Kiwi\"},\"image\":{\"@id\":\"https:\\\/\\\/sorbetkiwi.fr\\\/#\\\/schema\\\/logo\\\/image\\\/\"},\"sameAs\":[\"https:\\\/\\\/www.facebook.com\\\/profile.php?id=100086238893269\",\"https:\\\/\\\/x.com\\\/pepparshoes\",\"https:\\\/\\\/www.instagram.com\\\/sorbetkiwi\\\/\",\"https:\\\/\\\/www.tiktok.com\\\/sorbetkiwi\"]},{\"@type\":\"Person\",\"@id\":\"https:\\\/\\\/sorbetkiwi.fr\\\/#\\\/schema\\\/person\\\/ed1b7b527a2957ddc3bf38b076540659\",\"name\":\"Sorbet-Kiwi\",\"image\":{\"@type\":\"ImageObject\",\"inLanguage\":\"fr-FR\",\"@id\":\"https:\\\/\\\/secure.gravatar.com\\\/avatar\\\/86f0a5c27d76317621b9e374d0f3a01d3a85278f10d0c7207ced4fd773057442?s=96&d=mm&r=g\",\"url\":\"https:\\\/\\\/secure.gravatar.com\\\/avatar\\\/86f0a5c27d76317621b9e374d0f3a01d3a85278f10d0c7207ced4fd773057442?s=96&d=mm&r=g\",\"contentUrl\":\"https:\\\/\\\/secure.gravatar.com\\\/avatar\\\/86f0a5c27d76317621b9e374d0f3a01d3a85278f10d0c7207ced4fd773057442?s=96&d=mm&r=g\",\"caption\":\"Sorbet-Kiwi\"},\"sameAs\":[\"http:\\\/\\\/sorbetkiwi.fr\"],\"url\":\"https:\\\/\\\/sorbetkiwi.fr\\\/index.php\\\/author\\\/admin7717\\\/\"}]}<\/script>\n<!-- \/ Yoast SEO plugin. -->","yoast_head_json":{"title":"Dame Hiver des Fr\u00e8res Grimm et Nathalie Novi - Sorbet Kiwi","description":"Ma chronique de l'album Dame Hiver, un conte des fr\u00e8res Grimm, illustr\u00e9 par Nathalie Novi aux \u00e9ditions Didier Jeunesse.","robots":{"index":"index","follow":"follow","max-snippet":"max-snippet:-1","max-image-preview":"max-image-preview:large","max-video-preview":"max-video-preview:-1"},"canonical":"https:\/\/sorbetkiwi.fr\/index.php\/dame-hiver-des-freres-grimm-et-nathalie-novi\/","og_locale":"fr_FR","og_type":"article","og_title":"Dame Hiver des Fr\u00e8res Grimm et Nathalie Novi - Sorbet Kiwi","og_description":"Ma chronique de l'album Dame Hiver, un conte des fr\u00e8res Grimm, illustr\u00e9 par Nathalie Novi aux \u00e9ditions Didier Jeunesse.","og_url":"https:\/\/sorbetkiwi.fr\/index.php\/dame-hiver-des-freres-grimm-et-nathalie-novi\/","og_site_name":"Sorbet Kiwi","article_publisher":"https:\/\/www.facebook.com\/profile.php?id=100086238893269","article_published_time":"2023-01-04T11:24:58+00:00","article_modified_time":"2023-01-04T11:24:59+00:00","og_image":[{"width":1920,"height":2560,"url":"https:\/\/sorbetkiwi.fr\/wp-content\/uploads\/2023\/01\/Dame-Hiver-Nathalie-Novi-Freres-Grimm-scaled.jpg","type":"image\/jpeg"}],"author":"Sorbet-Kiwi","twitter_card":"summary_large_image","twitter_creator":"@pepparshoes","twitter_site":"@pepparshoes","twitter_misc":{"\u00c9crit par":"Sorbet-Kiwi","Dur\u00e9e de lecture estim\u00e9e":"3 minutes"},"schema":{"@context":"https:\/\/schema.org","@graph":[{"@type":"Article","@id":"https:\/\/sorbetkiwi.fr\/index.php\/dame-hiver-des-freres-grimm-et-nathalie-novi\/#article","isPartOf":{"@id":"https:\/\/sorbetkiwi.fr\/index.php\/dame-hiver-des-freres-grimm-et-nathalie-novi\/"},"author":{"name":"Sorbet-Kiwi","@id":"https:\/\/sorbetkiwi.fr\/#\/schema\/person\/ed1b7b527a2957ddc3bf38b076540659"},"headline":"Dame Hiver des Fr\u00e8res Grimm et Nathalie Novi","datePublished":"2023-01-04T11:24:58+00:00","dateModified":"2023-01-04T11:24:59+00:00","mainEntityOfPage":{"@id":"https:\/\/sorbetkiwi.fr\/index.php\/dame-hiver-des-freres-grimm-et-nathalie-novi\/"},"wordCount":453,"commentCount":0,"publisher":{"@id":"https:\/\/sorbetkiwi.fr\/#organization"},"image":{"@id":"https:\/\/sorbetkiwi.fr\/index.php\/dame-hiver-des-freres-grimm-et-nathalie-novi\/#primaryimage"},"thumbnailUrl":"https:\/\/sorbetkiwi.fr\/wp-content\/uploads\/2023\/01\/Dame-Hiver-Nathalie-Novi-Freres-Grimm-scaled.jpg","keywords":["Album jeunesse","B\u00e9n\u00e9volat","Dame Hiver","Editions Didier Jeunesse","Fr\u00e8res Grimm","Hiver","Jacob Grimm","Jacob Grimm et Wilhelm Grimm","M\u00e9diath\u00e8que","Nathalie Novi","Wilhelm Grimm"],"articleSection":["B\u00e9n\u00e9volat","Hiver","Tout le blog"],"inLanguage":"fr-FR","potentialAction":[{"@type":"CommentAction","name":"Comment","target":["https:\/\/sorbetkiwi.fr\/index.php\/dame-hiver-des-freres-grimm-et-nathalie-novi\/#respond"]}]},{"@type":"WebPage","@id":"https:\/\/sorbetkiwi.fr\/index.php\/dame-hiver-des-freres-grimm-et-nathalie-novi\/","url":"https:\/\/sorbetkiwi.fr\/index.php\/dame-hiver-des-freres-grimm-et-nathalie-novi\/","name":"Dame Hiver des Fr\u00e8res Grimm et Nathalie Novi - Sorbet Kiwi","isPartOf":{"@id":"https:\/\/sorbetkiwi.fr\/#website"},"primaryImageOfPage":{"@id":"https:\/\/sorbetkiwi.fr\/index.php\/dame-hiver-des-freres-grimm-et-nathalie-novi\/#primaryimage"},"image":{"@id":"https:\/\/sorbetkiwi.fr\/index.php\/dame-hiver-des-freres-grimm-et-nathalie-novi\/#primaryimage"},"thumbnailUrl":"https:\/\/sorbetkiwi.fr\/wp-content\/uploads\/2023\/01\/Dame-Hiver-Nathalie-Novi-Freres-Grimm-scaled.jpg","datePublished":"2023-01-04T11:24:58+00:00","dateModified":"2023-01-04T11:24:59+00:00","description":"Ma chronique de l'album Dame Hiver, un conte des fr\u00e8res Grimm, illustr\u00e9 par Nathalie Novi aux \u00e9ditions Didier Jeunesse.","breadcrumb":{"@id":"https:\/\/sorbetkiwi.fr\/index.php\/dame-hiver-des-freres-grimm-et-nathalie-novi\/#breadcrumb"},"inLanguage":"fr-FR","potentialAction":[{"@type":"ReadAction","target":["https:\/\/sorbetkiwi.fr\/index.php\/dame-hiver-des-freres-grimm-et-nathalie-novi\/"]}]},{"@type":"ImageObject","inLanguage":"fr-FR","@id":"https:\/\/sorbetkiwi.fr\/index.php\/dame-hiver-des-freres-grimm-et-nathalie-novi\/#primaryimage","url":"https:\/\/sorbetkiwi.fr\/wp-content\/uploads\/2023\/01\/Dame-Hiver-Nathalie-Novi-Freres-Grimm-scaled.jpg","contentUrl":"https:\/\/sorbetkiwi.fr\/wp-content\/uploads\/2023\/01\/Dame-Hiver-Nathalie-Novi-Freres-Grimm-scaled.jpg","width":1920,"height":2560,"caption":"Dame Hiver Nathalie Novi Freres Grimm"},{"@type":"BreadcrumbList","@id":"https:\/\/sorbetkiwi.fr\/index.php\/dame-hiver-des-freres-grimm-et-nathalie-novi\/#breadcrumb","itemListElement":[{"@type":"ListItem","position":1,"name":"Accueil","item":"https:\/\/sorbetkiwi.fr\/"},{"@type":"ListItem","position":2,"name":"Dame Hiver des Fr\u00e8res Grimm et Nathalie Novi"}]},{"@type":"WebSite","@id":"https:\/\/sorbetkiwi.fr\/#website","url":"https:\/\/sorbetkiwi.fr\/","name":"Sorbet Kiwi","description":"Des lectures th\u00e9matiques par saison et les avis qui vont avec","publisher":{"@id":"https:\/\/sorbetkiwi.fr\/#organization"},"potentialAction":[{"@type":"SearchAction","target":{"@type":"EntryPoint","urlTemplate":"https:\/\/sorbetkiwi.fr\/?s={search_term_string}"},"query-input":{"@type":"PropertyValueSpecification","valueRequired":true,"valueName":"search_term_string"}}],"inLanguage":"fr-FR"},{"@type":"Organization","@id":"https:\/\/sorbetkiwi.fr\/#organization","name":"Sorbet Kiwi","url":"https:\/\/sorbetkiwi.fr\/","logo":{"@type":"ImageObject","inLanguage":"fr-FR","@id":"https:\/\/sorbetkiwi.fr\/#\/schema\/logo\/image\/","url":"https:\/\/sorbetkiwi.fr\/wp-content\/uploads\/2022\/10\/Banniere-Sorbet-Kiwi-2022.jpg","contentUrl":"https:\/\/sorbetkiwi.fr\/wp-content\/uploads\/2022\/10\/Banniere-Sorbet-Kiwi-2022.jpg","width":814,"height":401,"caption":"Sorbet Kiwi"},"image":{"@id":"https:\/\/sorbetkiwi.fr\/#\/schema\/logo\/image\/"},"sameAs":["https:\/\/www.facebook.com\/profile.php?id=100086238893269","https:\/\/x.com\/pepparshoes","https:\/\/www.instagram.com\/sorbetkiwi\/","https:\/\/www.tiktok.com\/sorbetkiwi"]},{"@type":"Person","@id":"https:\/\/sorbetkiwi.fr\/#\/schema\/person\/ed1b7b527a2957ddc3bf38b076540659","name":"Sorbet-Kiwi","image":{"@type":"ImageObject","inLanguage":"fr-FR","@id":"https:\/\/secure.gravatar.com\/avatar\/86f0a5c27d76317621b9e374d0f3a01d3a85278f10d0c7207ced4fd773057442?s=96&d=mm&r=g","url":"https:\/\/secure.gravatar.com\/avatar\/86f0a5c27d76317621b9e374d0f3a01d3a85278f10d0c7207ced4fd773057442?s=96&d=mm&r=g","contentUrl":"https:\/\/secure.gravatar.com\/avatar\/86f0a5c27d76317621b9e374d0f3a01d3a85278f10d0c7207ced4fd773057442?s=96&d=mm&r=g","caption":"Sorbet-Kiwi"},"sameAs":["http:\/\/sorbetkiwi.fr"],"url":"https:\/\/sorbetkiwi.fr\/index.php\/author\/admin7717\/"}]}},"_links":{"self":[{"href":"https:\/\/sorbetkiwi.fr\/index.php\/wp-json\/wp\/v2\/posts\/1387","targetHints":{"allow":["GET"]}}],"collection":[{"href":"https:\/\/sorbetkiwi.fr\/index.php\/wp-json\/wp\/v2\/posts"}],"about":[{"href":"https:\/\/sorbetkiwi.fr\/index.php\/wp-json\/wp\/v2\/types\/post"}],"author":[{"embeddable":true,"href":"https:\/\/sorbetkiwi.fr\/index.php\/wp-json\/wp\/v2\/users\/1"}],"replies":[{"embeddable":true,"href":"https:\/\/sorbetkiwi.fr\/index.php\/wp-json\/wp\/v2\/comments?post=1387"}],"version-history":[{"count":6,"href":"https:\/\/sorbetkiwi.fr\/index.php\/wp-json\/wp\/v2\/posts\/1387\/revisions"}],"predecessor-version":[{"id":1405,"href":"https:\/\/sorbetkiwi.fr\/index.php\/wp-json\/wp\/v2\/posts\/1387\/revisions\/1405"}],"wp:featuredmedia":[{"embeddable":true,"href":"https:\/\/sorbetkiwi.fr\/index.php\/wp-json\/wp\/v2\/media\/1389"}],"wp:attachment":[{"href":"https:\/\/sorbetkiwi.fr\/index.php\/wp-json\/wp\/v2\/media?parent=1387"}],"wp:term":[{"taxonomy":"category","embeddable":true,"href":"https:\/\/sorbetkiwi.fr\/index.php\/wp-json\/wp\/v2\/categories?post=1387"},{"taxonomy":"post_tag","embeddable":true,"href":"https:\/\/sorbetkiwi.fr\/index.php\/wp-json\/wp\/v2\/tags?post=1387"}],"curies":[{"name":"wp","href":"https:\/\/api.w.org\/{rel}","templated":true}]}}