{"id":1325,"date":"2022-12-22T15:48:35","date_gmt":"2022-12-22T14:48:35","guid":{"rendered":"https:\/\/sorbetkiwi.fr\/?p=1325"},"modified":"2022-12-22T15:48:37","modified_gmt":"2022-12-22T14:48:37","slug":"les-perce-neige-seveillent-sous-les-flocons-de-sophie-jomain","status":"publish","type":"post","link":"https:\/\/sorbetkiwi.fr\/index.php\/les-perce-neige-seveillent-sous-les-flocons-de-sophie-jomain\/","title":{"rendered":"Les perce-neige s&rsquo;\u00e9veillent sous les flocons de Sophie Jomain"},"content":{"rendered":"\t\t<div data-elementor-type=\"wp-post\" data-elementor-id=\"1325\" class=\"elementor elementor-1325\">\n\t\t\t\t\t\t<section class=\"elementor-section elementor-top-section elementor-element elementor-element-568147ea elementor-section-boxed elementor-section-height-default elementor-section-height-default\" data-id=\"568147ea\" data-element_type=\"section\" data-e-type=\"section\">\n\t\t\t\t\t\t<div class=\"elementor-container elementor-column-gap-default\">\n\t\t\t\t\t<div class=\"elementor-column elementor-col-100 elementor-top-column elementor-element elementor-element-7c1b2e5\" data-id=\"7c1b2e5\" data-element_type=\"column\" data-e-type=\"column\">\n\t\t\t<div class=\"elementor-widget-wrap elementor-element-populated\">\n\t\t\t\t\t\t<div class=\"elementor-element elementor-element-3b3f4bc6 elementor-widget elementor-widget-heading\" data-id=\"3b3f4bc6\" data-element_type=\"widget\" data-e-type=\"widget\" data-widget_type=\"heading.default\">\n\t\t\t\t<div class=\"elementor-widget-container\">\n\t\t\t\t\t<h1 class=\"elementor-heading-title elementor-size-medium\">Les perce-neige s'\u00e9veillent sous la neige<\/h1>\t\t\t\t<\/div>\n\t\t\t\t<\/div>\n\t\t\t\t<div class=\"elementor-element elementor-element-2728005f elementor-view-default elementor-widget elementor-widget-icon\" data-id=\"2728005f\" data-element_type=\"widget\" data-e-type=\"widget\" data-widget_type=\"icon.default\">\n\t\t\t\t<div class=\"elementor-widget-container\">\n\t\t\t\t\t\t\t<div class=\"elementor-icon-wrapper\">\n\t\t\t<div class=\"elementor-icon\">\n\t\t\t<i aria-hidden=\"true\" class=\"fas fa-candy-cane\"><\/i>\t\t\t<\/div>\n\t\t<\/div>\n\t\t\t\t\t\t<\/div>\n\t\t\t\t<\/div>\n\t\t\t\t<div class=\"elementor-element elementor-element-71ac977a elementor-widget-divider--view-line elementor-widget elementor-widget-divider\" data-id=\"71ac977a\" data-element_type=\"widget\" data-e-type=\"widget\" data-widget_type=\"divider.default\">\n\t\t\t\t<div class=\"elementor-widget-container\">\n\t\t\t\t\t\t\t<div class=\"elementor-divider\">\n\t\t\t<span class=\"elementor-divider-separator\">\n\t\t\t\t\t\t<\/span>\n\t\t<\/div>\n\t\t\t\t\t\t<\/div>\n\t\t\t\t<\/div>\n\t\t\t\t<div class=\"elementor-element elementor-element-15b10ee8 elementor-widget elementor-widget-heading\" data-id=\"15b10ee8\" data-element_type=\"widget\" data-e-type=\"widget\" data-widget_type=\"heading.default\">\n\t\t\t\t<div class=\"elementor-widget-container\">\n\t\t\t\t\t<h2 class=\"elementor-heading-title elementor-size-medium\">R\u00e9sum\u00e9<\/h2>\t\t\t\t<\/div>\n\t\t\t\t<\/div>\n\t\t\t\t<div class=\"elementor-element elementor-element-6a9d1914 elementor-widget elementor-widget-text-editor\" data-id=\"6a9d1914\" data-element_type=\"widget\" data-e-type=\"widget\" data-widget_type=\"text-editor.default\">\n\t\t\t\t<div class=\"elementor-widget-container\">\n\t\t\t\t\t\t\t\t\t<p>\u00ab Bienvenue au Refuge du Perce-neige ! Venez d\u00e9couvrir la magie de notre bergerie, en plein c\u0153ur du massif du Mont-Blanc. \u00bb Liia Josserand et son p\u00e8re sont tr\u00e8s fiers de ce refuge o\u00f9 les rennes \u00e9voluent en totale libert\u00e9. Les fins de mois sont difficiles, mais pour rien au monde ils n\u2019abandonneraient leurs animaux, et encore moins sous la pression d&rsquo;un chef \u00e9toil\u00e9 que personne n&rsquo;a jamais vu, qui voudrait les acheter pour leur viande. Qu&rsquo;il aille voir ailleurs s&rsquo;ils y sont, leurs animaux ne se mangent pas !\u00a0<\/p><p>Mais \u00e0 quelques semaines de No\u00ebl, le temps presse, et le cuisinier n&rsquo;a pas dit son dernier mot. Il n&rsquo;h\u00e9sitera pas \u00e0 s&rsquo;infiltrer incognito au refuge pour en savoir plus et, qui sait, parvenir \u00e0 convaincre cette \u00e9trange famille de lui vendre \u00e0 bon prix un ou deux caribous. La guerre semble bel et bien d\u00e9clar\u00e9e, mais l&rsquo;arriv\u00e9e inattendue du c\u00e9l\u00e8bre Nicolas Claus pourrait bien changer la donne entre ces deux-l\u00e0&#8230;<\/p>\t\t\t\t\t\t\t\t<\/div>\n\t\t\t\t<\/div>\n\t\t\t\t<div class=\"elementor-element elementor-element-1f82e167 elementor-widget-divider--view-line elementor-widget elementor-widget-divider\" data-id=\"1f82e167\" data-element_type=\"widget\" data-e-type=\"widget\" data-widget_type=\"divider.default\">\n\t\t\t\t<div class=\"elementor-widget-container\">\n\t\t\t\t\t\t\t<div class=\"elementor-divider\">\n\t\t\t<span class=\"elementor-divider-separator\">\n\t\t\t\t\t\t<\/span>\n\t\t<\/div>\n\t\t\t\t\t\t<\/div>\n\t\t\t\t<\/div>\n\t\t\t\t<div class=\"elementor-element elementor-element-5ce31c98 elementor-widget elementor-widget-heading\" data-id=\"5ce31c98\" data-element_type=\"widget\" data-e-type=\"widget\" data-widget_type=\"heading.default\">\n\t\t\t\t<div class=\"elementor-widget-container\">\n\t\t\t\t\t<h2 class=\"elementor-heading-title elementor-size-medium\">Ma note<\/h2>\t\t\t\t<\/div>\n\t\t\t\t<\/div>\n\t\t\t\t<div class=\"elementor-element elementor-element-27b163e8 elementor-star-rating--align-center elementor--star-style-star_fontawesome elementor-widget elementor-widget-star-rating\" data-id=\"27b163e8\" data-element_type=\"widget\" data-e-type=\"widget\" data-widget_type=\"star-rating.default\">\n\t\t\t\t<div class=\"elementor-widget-container\">\n\t\t\t\t\t\t\t<div class=\"elementor-star-rating__wrapper\">\n\t\t\t\t\t\t<div class=\"elementor-star-rating\" itemtype=\"http:\/\/schema.org\/Rating\" itemscope=\"\" itemprop=\"reviewRating\">\n\t\t\t\t<i class=\"elementor-star-full\" aria-hidden=\"true\">&#xE934;<\/i><i class=\"elementor-star-full\" aria-hidden=\"true\">&#xE934;<\/i><i class=\"elementor-star-full\" aria-hidden=\"true\">&#xE934;<\/i><i class=\"elementor-star-full\" aria-hidden=\"true\">&#xE934;<\/i><i class=\"elementor-star-full\" aria-hidden=\"true\">&#xE934;<\/i>\t\t\t\t<span itemprop=\"ratingValue\" class=\"elementor-screen-only\">Not\u00e9 5 sur 5<\/span>\n\t\t\t<\/div>\n\t\t<\/div>\n\t\t\t\t\t\t<\/div>\n\t\t\t\t<\/div>\n\t\t\t\t<div class=\"elementor-element elementor-element-1f0fcd53 elementor-widget-divider--view-line elementor-widget elementor-widget-divider\" data-id=\"1f0fcd53\" data-element_type=\"widget\" data-e-type=\"widget\" data-widget_type=\"divider.default\">\n\t\t\t\t<div class=\"elementor-widget-container\">\n\t\t\t\t\t\t\t<div class=\"elementor-divider\">\n\t\t\t<span class=\"elementor-divider-separator\">\n\t\t\t\t\t\t<\/span>\n\t\t<\/div>\n\t\t\t\t\t\t<\/div>\n\t\t\t\t<\/div>\n\t\t\t\t<div class=\"elementor-element elementor-element-78ec755d elementor-widget elementor-widget-heading\" data-id=\"78ec755d\" data-element_type=\"widget\" data-e-type=\"widget\" data-widget_type=\"heading.default\">\n\t\t\t\t<div class=\"elementor-widget-container\">\n\t\t\t\t\t<h2 class=\"elementor-heading-title elementor-size-medium\">No\u00ebl \u00e0 la montagne<\/h2>\t\t\t\t<\/div>\n\t\t\t\t<\/div>\n\t\t\t\t<div class=\"elementor-element elementor-element-3dfdb76e elementor-widget elementor-widget-text-editor\" data-id=\"3dfdb76e\" data-element_type=\"widget\" data-e-type=\"widget\" data-widget_type=\"text-editor.default\">\n\t\t\t\t<div class=\"elementor-widget-container\">\n\t\t\t\t\t\t\t\t\t<p><span style=\"font-family: 'Roboto', Times, serif; font-size: 16px;\">Je ne sais pas vous, mais pour ma part, je r\u00eave de passer un <a href=\"https:\/\/sorbetkiwi.fr\/index.php\/category\/noel\/\">No\u00ebl<\/a> \u00e0 la montagne ! Un vrai No\u00ebl blanc dans le froid, \u00e0 la Last Christmas. Eh bien, cette ann\u00e9e, Sophie Jomain nous propose exactement \u00e7a : de passer la p\u00e9riode de l&rsquo;avent et les f\u00eates dans les Alpes ! Dans Les perce-neige s&rsquo;\u00e9veillent sous les flocons, direction M\u00e9g\u00e8ve et son refuge de rennes. Tout y est pour avoir envie de d\u00e9couvrir cette romance devant un feu de chemin\u00e9e, avec un chocolat chaud et son plaid ! (J&rsquo;\u00e9tais oblig\u00e9e Sophie, je m&rsquo;\u00e9tais fix\u00e9e comme objectif de placer cette phrase dans ma chronique suite \u00e0 Colmar !) La neige, la p\u00e9riode, les th\u00e9matiques et Nicolas Claus et sa joyeuse troupe. Plus jamais No\u00ebl sans Nick !\u00a0<\/span><\/p>\t\t\t\t\t\t\t\t<\/div>\n\t\t\t\t<\/div>\n\t\t\t\t<div class=\"elementor-element elementor-element-5bcc6a87 elementor-widget-divider--view-line elementor-widget elementor-widget-divider\" data-id=\"5bcc6a87\" data-element_type=\"widget\" data-e-type=\"widget\" data-widget_type=\"divider.default\">\n\t\t\t\t<div class=\"elementor-widget-container\">\n\t\t\t\t\t\t\t<div class=\"elementor-divider\">\n\t\t\t<span class=\"elementor-divider-separator\">\n\t\t\t\t\t\t<\/span>\n\t\t<\/div>\n\t\t\t\t\t\t<\/div>\n\t\t\t\t<\/div>\n\t\t\t\t<div class=\"elementor-element elementor-element-65bd766 elementor-widget elementor-widget-heading\" data-id=\"65bd766\" data-element_type=\"widget\" data-e-type=\"widget\" data-widget_type=\"heading.default\">\n\t\t\t\t<div class=\"elementor-widget-container\">\n\t\t\t\t\t<h4 class=\"elementor-heading-title elementor-size-medium\">\"Les v\u0153ux les plus chers se r\u00e9alisent sans faire de bruit, le sais-tu ? Sans fanfare ni tambour. Aie confiance en toi. \"<\/h4>\t\t\t\t<\/div>\n\t\t\t\t<\/div>\n\t\t\t\t<div class=\"elementor-element elementor-element-78fd500f elementor-widget-divider--view-line elementor-widget elementor-widget-divider\" data-id=\"78fd500f\" data-element_type=\"widget\" data-e-type=\"widget\" data-widget_type=\"divider.default\">\n\t\t\t\t<div class=\"elementor-widget-container\">\n\t\t\t\t\t\t\t<div class=\"elementor-divider\">\n\t\t\t<span class=\"elementor-divider-separator\">\n\t\t\t\t\t\t<\/span>\n\t\t<\/div>\n\t\t\t\t\t\t<\/div>\n\t\t\t\t<\/div>\n\t\t\t\t<div class=\"elementor-element elementor-element-24b9a5c4 elementor-widget elementor-widget-heading\" data-id=\"24b9a5c4\" data-element_type=\"widget\" data-e-type=\"widget\" data-widget_type=\"heading.default\">\n\t\t\t\t<div class=\"elementor-widget-container\">\n\t\t\t\t\t<h2 class=\"elementor-heading-title elementor-size-medium\">Des valeurs humaines<\/h2>\t\t\t\t<\/div>\n\t\t\t\t<\/div>\n\t\t\t\t<div class=\"elementor-element elementor-element-616d0ad8 elementor-widget elementor-widget-text-editor\" data-id=\"616d0ad8\" data-element_type=\"widget\" data-e-type=\"widget\" data-widget_type=\"text-editor.default\">\n\t\t\t\t<div class=\"elementor-widget-container\">\n\t\t\t\t\t\t\t\t\t<div class=\"x_elementToProof elementToProof\"><span style=\"font-family: 'Roboto', Times, serif; font-size: 16px;\">Ce sont surtout les th\u00e9matiques qui rendent les romans de No\u00ebl de l&rsquo;autrice incontournables. Dans Les perce-neige s&rsquo;\u00e9veillent sous les flocons on va explorer l&rsquo;amour inconditionnel. Celui pour la beaut\u00e9 int\u00e9rieure. Tim est sujet \u00e0 une dysplasie, une malformation du cr\u00e2ne qui le fait beaucoup souffrir, principalement moralement mais aussi d\u00fb \u00e0 ses traumatismes physiques. Sa maman, Liia est \u00e0 fond derri\u00e8re lui et essaye de booster autant qu&rsquo;elle peut son amour propre, avec son p\u00e8re. Elle transmet aussi \u00e0 travers son r\u00e9cit familial des valeurs profondes, que l&rsquo;on peut r\u00e9sumer ainsi : v\u00e9g\u00e9tarisme, \u00e9cologie, amour des animaux, bienveillance, transmission. C&rsquo;est r\u00e9ducteur, mais je ne peux que vous encourager a vous lancer dans cette lecture afin de les d\u00e9couvrir.\u00a0<\/span><\/div>\t\t\t\t\t\t\t\t<\/div>\n\t\t\t\t<\/div>\n\t\t\t\t<div class=\"elementor-element elementor-element-1800418a elementor-widget-divider--view-line elementor-widget elementor-widget-divider\" data-id=\"1800418a\" data-element_type=\"widget\" data-e-type=\"widget\" data-widget_type=\"divider.default\">\n\t\t\t\t<div class=\"elementor-widget-container\">\n\t\t\t\t\t\t\t<div class=\"elementor-divider\">\n\t\t\t<span class=\"elementor-divider-separator\">\n\t\t\t\t\t\t<\/span>\n\t\t<\/div>\n\t\t\t\t\t\t<\/div>\n\t\t\t\t<\/div>\n\t\t\t\t<div class=\"elementor-element elementor-element-59a2a659 elementor-widget elementor-widget-heading\" data-id=\"59a2a659\" data-element_type=\"widget\" data-e-type=\"widget\" data-widget_type=\"heading.default\">\n\t\t\t\t<div class=\"elementor-widget-container\">\n\t\t\t\t\t<h2 class=\"elementor-heading-title elementor-size-medium\">Une romance \u00e9quilibr\u00e9e<\/h2>\t\t\t\t<\/div>\n\t\t\t\t<\/div>\n\t\t\t\t<div class=\"elementor-element elementor-element-65be3aa6 elementor-widget elementor-widget-text-editor\" data-id=\"65be3aa6\" data-element_type=\"widget\" data-e-type=\"widget\" data-widget_type=\"text-editor.default\">\n\t\t\t\t<div class=\"elementor-widget-container\">\n\t\t\t\t\t\t\t\t\t<p><span style=\"font-family: 'Roboto', Times, serif; font-size: 16px;\">Enfin, nous restons dans le mood romance de No\u00ebl, il y a donc de l&rsquo;amour dans les flocons ! La relation entre Liia et Barone n&rsquo;en est d&rsquo;abord pas une, se d\u00e9veloppe entre eux une relation de confiance et d&rsquo;amiti\u00e9, je trouve. Puis celle-ci se transforme, \u00e9volue, prend de la place, explose, reprend ! Que de dynamisme dans cette histoire ! J&rsquo;ai ador\u00e9 ce couple, j&rsquo;ai aim\u00e9 leur famille \u00e0 chacun, l&rsquo;ambiance que le tout d\u00e9gage. L&rsquo;ensemble est plus que cr\u00e9dible tout en \u00e9tant doudou. On aurait presque envie de lire un spin-off sur Raffaella, la s\u0153ur de Barone. Pourquoi ? Parce que son histoire m\u00e9rite sinc\u00e8rement d&rsquo;\u00eatre creus\u00e9e, et qu&rsquo;on ne va pas se mentir : on en veut toujours plus !\u00a0<\/span><\/p><p><span style=\"font-family: 'Roboto', Times, serif; font-size: 16px;\">L&rsquo;ann\u00e9e prochaine je vous parlerai des autres romans de No\u00ebl de Sophie Jomain. En attendant, retrouvez-les sur <a href=\"https:\/\/sorbetkiwi.wordpress.com\/2021\/01\/21\/les-etoiles-brillent-plus-fort-en-hiver-de-sophie-jomain\/\">mon ancien blog<\/a> !\u00a0<\/span><\/p>\t\t\t\t\t\t\t\t<\/div>\n\t\t\t\t<\/div>\n\t\t\t\t\t<\/div>\n\t\t<\/div>\n\t\t\t\t\t<\/div>\n\t\t<\/section>\n\t\t\t\t<\/div>\n\t\t","protected":false},"excerpt":{"rendered":"<p>Les perce-neige s&rsquo;\u00e9veillent sous la neige R\u00e9sum\u00e9 \u00ab Bienvenue au Refuge du Perce-neige ! Venez d\u00e9couvrir la magie de notre bergerie, en plein c\u0153ur du massif du Mont-Blanc. \u00bb Liia Josserand et son p\u00e8re sont &hellip; <\/p>\n","protected":false},"author":1,"featured_media":1326,"comment_status":"open","ping_status":"open","sticky":false,"template":"","format":"standard","meta":{"footnotes":""},"categories":[17,8,1],"tags":[315,31,313,270,300,314],"class_list":["post-1325","post","type-post","status-publish","format-standard","has-post-thumbnail","hentry","category-noel","category-partenariats","category-tout-le-blog","tag-ecologie","tag-editions-charleston","tag-les-perce-neige-seveillent-sous-les-flocons","tag-noel","tag-romance-de-noel","tag-sophie-jomain","has-single-img"],"yoast_head":"<!-- This site is optimized with the Yoast SEO plugin v27.4 - https:\/\/yoast.com\/product\/yoast-seo-wordpress\/ -->\n<title>Les perce-neige s&#039;\u00e9veillent sous les flocons de Sophie Jomain<\/title>\n<meta name=\"description\" content=\"Ma chronique de Les perce-neige s&#039;\u00e9veillent sous les flocons, la romance de No\u00ebl 2022 de Sophie Jomain aux \u00e9ditions Charleston.\" \/>\n<meta name=\"robots\" content=\"index, follow, max-snippet:-1, max-image-preview:large, max-video-preview:-1\" \/>\n<link rel=\"canonical\" href=\"https:\/\/sorbetkiwi.fr\/index.php\/les-perce-neige-seveillent-sous-les-flocons-de-sophie-jomain\/\" \/>\n<meta property=\"og:locale\" content=\"fr_FR\" \/>\n<meta property=\"og:type\" content=\"article\" \/>\n<meta property=\"og:title\" content=\"Les perce-neige s&#039;\u00e9veillent sous les flocons de Sophie Jomain\" \/>\n<meta property=\"og:description\" content=\"Ma chronique de Les perce-neige s&#039;\u00e9veillent sous les flocons, la romance de No\u00ebl 2022 de Sophie Jomain aux \u00e9ditions Charleston.\" \/>\n<meta property=\"og:url\" content=\"https:\/\/sorbetkiwi.fr\/index.php\/les-perce-neige-seveillent-sous-les-flocons-de-sophie-jomain\/\" \/>\n<meta property=\"og:site_name\" content=\"Sorbet Kiwi\" \/>\n<meta property=\"article:publisher\" content=\"https:\/\/www.facebook.com\/profile.php?id=100086238893269\" \/>\n<meta property=\"article:published_time\" content=\"2022-12-22T14:48:35+00:00\" \/>\n<meta property=\"article:modified_time\" content=\"2022-12-22T14:48:37+00:00\" \/>\n<meta property=\"og:image\" content=\"https:\/\/sorbetkiwi.fr\/wp-content\/uploads\/2022\/12\/Les-perce-neige-seveillent-sous-les-flocons-Sophie-Jomain-scaled.jpg\" \/>\n\t<meta property=\"og:image:width\" content=\"1920\" \/>\n\t<meta property=\"og:image:height\" content=\"2560\" \/>\n\t<meta property=\"og:image:type\" content=\"image\/jpeg\" \/>\n<meta name=\"author\" content=\"Sorbet-Kiwi\" \/>\n<meta name=\"twitter:card\" content=\"summary_large_image\" \/>\n<meta name=\"twitter:creator\" content=\"@pepparshoes\" \/>\n<meta name=\"twitter:site\" content=\"@pepparshoes\" \/>\n<meta name=\"twitter:label1\" content=\"\u00c9crit par\" \/>\n\t<meta name=\"twitter:data1\" content=\"Sorbet-Kiwi\" \/>\n\t<meta name=\"twitter:label2\" content=\"Dur\u00e9e de lecture estim\u00e9e\" \/>\n\t<meta name=\"twitter:data2\" content=\"4 minutes\" \/>\n<script type=\"application\/ld+json\" class=\"yoast-schema-graph\">{\"@context\":\"https:\\\/\\\/schema.org\",\"@graph\":[{\"@type\":\"Article\",\"@id\":\"https:\\\/\\\/sorbetkiwi.fr\\\/index.php\\\/les-perce-neige-seveillent-sous-les-flocons-de-sophie-jomain\\\/#article\",\"isPartOf\":{\"@id\":\"https:\\\/\\\/sorbetkiwi.fr\\\/index.php\\\/les-perce-neige-seveillent-sous-les-flocons-de-sophie-jomain\\\/\"},\"author\":{\"name\":\"Sorbet-Kiwi\",\"@id\":\"https:\\\/\\\/sorbetkiwi.fr\\\/#\\\/schema\\\/person\\\/ed1b7b527a2957ddc3bf38b076540659\"},\"headline\":\"Les perce-neige s&rsquo;\u00e9veillent sous les flocons de Sophie Jomain\",\"datePublished\":\"2022-12-22T14:48:35+00:00\",\"dateModified\":\"2022-12-22T14:48:37+00:00\",\"mainEntityOfPage\":{\"@id\":\"https:\\\/\\\/sorbetkiwi.fr\\\/index.php\\\/les-perce-neige-seveillent-sous-les-flocons-de-sophie-jomain\\\/\"},\"wordCount\":661,\"commentCount\":5,\"publisher\":{\"@id\":\"https:\\\/\\\/sorbetkiwi.fr\\\/#organization\"},\"image\":{\"@id\":\"https:\\\/\\\/sorbetkiwi.fr\\\/index.php\\\/les-perce-neige-seveillent-sous-les-flocons-de-sophie-jomain\\\/#primaryimage\"},\"thumbnailUrl\":\"https:\\\/\\\/sorbetkiwi.fr\\\/wp-content\\\/uploads\\\/2022\\\/12\\\/Les-perce-neige-seveillent-sous-les-flocons-Sophie-Jomain-scaled.jpg\",\"keywords\":[\"\u00e9cologie\",\"Editions Charleston\",\"Les perce-neige s&#039;\u00e9veillent sous les flocons\",\"No\u00ebl\",\"Romance de No\u00ebl\",\"Sophie Jomain\"],\"articleSection\":[\"No\u00ebl\",\"Partenariats\",\"Tout le blog\"],\"inLanguage\":\"fr-FR\",\"potentialAction\":[{\"@type\":\"CommentAction\",\"name\":\"Comment\",\"target\":[\"https:\\\/\\\/sorbetkiwi.fr\\\/index.php\\\/les-perce-neige-seveillent-sous-les-flocons-de-sophie-jomain\\\/#respond\"]}]},{\"@type\":\"WebPage\",\"@id\":\"https:\\\/\\\/sorbetkiwi.fr\\\/index.php\\\/les-perce-neige-seveillent-sous-les-flocons-de-sophie-jomain\\\/\",\"url\":\"https:\\\/\\\/sorbetkiwi.fr\\\/index.php\\\/les-perce-neige-seveillent-sous-les-flocons-de-sophie-jomain\\\/\",\"name\":\"Les perce-neige s'\u00e9veillent sous les flocons de Sophie Jomain\",\"isPartOf\":{\"@id\":\"https:\\\/\\\/sorbetkiwi.fr\\\/#website\"},\"primaryImageOfPage\":{\"@id\":\"https:\\\/\\\/sorbetkiwi.fr\\\/index.php\\\/les-perce-neige-seveillent-sous-les-flocons-de-sophie-jomain\\\/#primaryimage\"},\"image\":{\"@id\":\"https:\\\/\\\/sorbetkiwi.fr\\\/index.php\\\/les-perce-neige-seveillent-sous-les-flocons-de-sophie-jomain\\\/#primaryimage\"},\"thumbnailUrl\":\"https:\\\/\\\/sorbetkiwi.fr\\\/wp-content\\\/uploads\\\/2022\\\/12\\\/Les-perce-neige-seveillent-sous-les-flocons-Sophie-Jomain-scaled.jpg\",\"datePublished\":\"2022-12-22T14:48:35+00:00\",\"dateModified\":\"2022-12-22T14:48:37+00:00\",\"description\":\"Ma chronique de Les perce-neige s'\u00e9veillent sous les flocons, la romance de No\u00ebl 2022 de Sophie Jomain aux \u00e9ditions Charleston.\",\"breadcrumb\":{\"@id\":\"https:\\\/\\\/sorbetkiwi.fr\\\/index.php\\\/les-perce-neige-seveillent-sous-les-flocons-de-sophie-jomain\\\/#breadcrumb\"},\"inLanguage\":\"fr-FR\",\"potentialAction\":[{\"@type\":\"ReadAction\",\"target\":[\"https:\\\/\\\/sorbetkiwi.fr\\\/index.php\\\/les-perce-neige-seveillent-sous-les-flocons-de-sophie-jomain\\\/\"]}]},{\"@type\":\"ImageObject\",\"inLanguage\":\"fr-FR\",\"@id\":\"https:\\\/\\\/sorbetkiwi.fr\\\/index.php\\\/les-perce-neige-seveillent-sous-les-flocons-de-sophie-jomain\\\/#primaryimage\",\"url\":\"https:\\\/\\\/sorbetkiwi.fr\\\/wp-content\\\/uploads\\\/2022\\\/12\\\/Les-perce-neige-seveillent-sous-les-flocons-Sophie-Jomain-scaled.jpg\",\"contentUrl\":\"https:\\\/\\\/sorbetkiwi.fr\\\/wp-content\\\/uploads\\\/2022\\\/12\\\/Les-perce-neige-seveillent-sous-les-flocons-Sophie-Jomain-scaled.jpg\",\"width\":1920,\"height\":2560,\"caption\":\"Les perce-neige s'\u00e9veillent sous les flocons Sophie Jomain\"},{\"@type\":\"BreadcrumbList\",\"@id\":\"https:\\\/\\\/sorbetkiwi.fr\\\/index.php\\\/les-perce-neige-seveillent-sous-les-flocons-de-sophie-jomain\\\/#breadcrumb\",\"itemListElement\":[{\"@type\":\"ListItem\",\"position\":1,\"name\":\"Accueil\",\"item\":\"https:\\\/\\\/sorbetkiwi.fr\\\/\"},{\"@type\":\"ListItem\",\"position\":2,\"name\":\"Les perce-neige s&rsquo;\u00e9veillent sous les flocons de Sophie Jomain\"}]},{\"@type\":\"WebSite\",\"@id\":\"https:\\\/\\\/sorbetkiwi.fr\\\/#website\",\"url\":\"https:\\\/\\\/sorbetkiwi.fr\\\/\",\"name\":\"Sorbet Kiwi\",\"description\":\"Des lectures th\u00e9matiques par saison et les avis qui vont avec\",\"publisher\":{\"@id\":\"https:\\\/\\\/sorbetkiwi.fr\\\/#organization\"},\"potentialAction\":[{\"@type\":\"SearchAction\",\"target\":{\"@type\":\"EntryPoint\",\"urlTemplate\":\"https:\\\/\\\/sorbetkiwi.fr\\\/?s={search_term_string}\"},\"query-input\":{\"@type\":\"PropertyValueSpecification\",\"valueRequired\":true,\"valueName\":\"search_term_string\"}}],\"inLanguage\":\"fr-FR\"},{\"@type\":\"Organization\",\"@id\":\"https:\\\/\\\/sorbetkiwi.fr\\\/#organization\",\"name\":\"Sorbet Kiwi\",\"url\":\"https:\\\/\\\/sorbetkiwi.fr\\\/\",\"logo\":{\"@type\":\"ImageObject\",\"inLanguage\":\"fr-FR\",\"@id\":\"https:\\\/\\\/sorbetkiwi.fr\\\/#\\\/schema\\\/logo\\\/image\\\/\",\"url\":\"https:\\\/\\\/sorbetkiwi.fr\\\/wp-content\\\/uploads\\\/2022\\\/10\\\/Banniere-Sorbet-Kiwi-2022.jpg\",\"contentUrl\":\"https:\\\/\\\/sorbetkiwi.fr\\\/wp-content\\\/uploads\\\/2022\\\/10\\\/Banniere-Sorbet-Kiwi-2022.jpg\",\"width\":814,\"height\":401,\"caption\":\"Sorbet Kiwi\"},\"image\":{\"@id\":\"https:\\\/\\\/sorbetkiwi.fr\\\/#\\\/schema\\\/logo\\\/image\\\/\"},\"sameAs\":[\"https:\\\/\\\/www.facebook.com\\\/profile.php?id=100086238893269\",\"https:\\\/\\\/x.com\\\/pepparshoes\",\"https:\\\/\\\/www.instagram.com\\\/sorbetkiwi\\\/\",\"https:\\\/\\\/www.tiktok.com\\\/sorbetkiwi\"]},{\"@type\":\"Person\",\"@id\":\"https:\\\/\\\/sorbetkiwi.fr\\\/#\\\/schema\\\/person\\\/ed1b7b527a2957ddc3bf38b076540659\",\"name\":\"Sorbet-Kiwi\",\"image\":{\"@type\":\"ImageObject\",\"inLanguage\":\"fr-FR\",\"@id\":\"https:\\\/\\\/secure.gravatar.com\\\/avatar\\\/86f0a5c27d76317621b9e374d0f3a01d3a85278f10d0c7207ced4fd773057442?s=96&d=mm&r=g\",\"url\":\"https:\\\/\\\/secure.gravatar.com\\\/avatar\\\/86f0a5c27d76317621b9e374d0f3a01d3a85278f10d0c7207ced4fd773057442?s=96&d=mm&r=g\",\"contentUrl\":\"https:\\\/\\\/secure.gravatar.com\\\/avatar\\\/86f0a5c27d76317621b9e374d0f3a01d3a85278f10d0c7207ced4fd773057442?s=96&d=mm&r=g\",\"caption\":\"Sorbet-Kiwi\"},\"sameAs\":[\"http:\\\/\\\/sorbetkiwi.fr\"],\"url\":\"https:\\\/\\\/sorbetkiwi.fr\\\/index.php\\\/author\\\/admin7717\\\/\"}]}<\/script>\n<!-- \/ Yoast SEO plugin. -->","yoast_head_json":{"title":"Les perce-neige s'\u00e9veillent sous les flocons de Sophie Jomain","description":"Ma chronique de Les perce-neige s'\u00e9veillent sous les flocons, la romance de No\u00ebl 2022 de Sophie Jomain aux \u00e9ditions Charleston.","robots":{"index":"index","follow":"follow","max-snippet":"max-snippet:-1","max-image-preview":"max-image-preview:large","max-video-preview":"max-video-preview:-1"},"canonical":"https:\/\/sorbetkiwi.fr\/index.php\/les-perce-neige-seveillent-sous-les-flocons-de-sophie-jomain\/","og_locale":"fr_FR","og_type":"article","og_title":"Les perce-neige s'\u00e9veillent sous les flocons de Sophie Jomain","og_description":"Ma chronique de Les perce-neige s'\u00e9veillent sous les flocons, la romance de No\u00ebl 2022 de Sophie Jomain aux \u00e9ditions Charleston.","og_url":"https:\/\/sorbetkiwi.fr\/index.php\/les-perce-neige-seveillent-sous-les-flocons-de-sophie-jomain\/","og_site_name":"Sorbet Kiwi","article_publisher":"https:\/\/www.facebook.com\/profile.php?id=100086238893269","article_published_time":"2022-12-22T14:48:35+00:00","article_modified_time":"2022-12-22T14:48:37+00:00","og_image":[{"width":1920,"height":2560,"url":"https:\/\/sorbetkiwi.fr\/wp-content\/uploads\/2022\/12\/Les-perce-neige-seveillent-sous-les-flocons-Sophie-Jomain-scaled.jpg","type":"image\/jpeg"}],"author":"Sorbet-Kiwi","twitter_card":"summary_large_image","twitter_creator":"@pepparshoes","twitter_site":"@pepparshoes","twitter_misc":{"\u00c9crit par":"Sorbet-Kiwi","Dur\u00e9e de lecture estim\u00e9e":"4 minutes"},"schema":{"@context":"https:\/\/schema.org","@graph":[{"@type":"Article","@id":"https:\/\/sorbetkiwi.fr\/index.php\/les-perce-neige-seveillent-sous-les-flocons-de-sophie-jomain\/#article","isPartOf":{"@id":"https:\/\/sorbetkiwi.fr\/index.php\/les-perce-neige-seveillent-sous-les-flocons-de-sophie-jomain\/"},"author":{"name":"Sorbet-Kiwi","@id":"https:\/\/sorbetkiwi.fr\/#\/schema\/person\/ed1b7b527a2957ddc3bf38b076540659"},"headline":"Les perce-neige s&rsquo;\u00e9veillent sous les flocons de Sophie Jomain","datePublished":"2022-12-22T14:48:35+00:00","dateModified":"2022-12-22T14:48:37+00:00","mainEntityOfPage":{"@id":"https:\/\/sorbetkiwi.fr\/index.php\/les-perce-neige-seveillent-sous-les-flocons-de-sophie-jomain\/"},"wordCount":661,"commentCount":5,"publisher":{"@id":"https:\/\/sorbetkiwi.fr\/#organization"},"image":{"@id":"https:\/\/sorbetkiwi.fr\/index.php\/les-perce-neige-seveillent-sous-les-flocons-de-sophie-jomain\/#primaryimage"},"thumbnailUrl":"https:\/\/sorbetkiwi.fr\/wp-content\/uploads\/2022\/12\/Les-perce-neige-seveillent-sous-les-flocons-Sophie-Jomain-scaled.jpg","keywords":["\u00e9cologie","Editions Charleston","Les perce-neige s&#039;\u00e9veillent sous les flocons","No\u00ebl","Romance de No\u00ebl","Sophie Jomain"],"articleSection":["No\u00ebl","Partenariats","Tout le blog"],"inLanguage":"fr-FR","potentialAction":[{"@type":"CommentAction","name":"Comment","target":["https:\/\/sorbetkiwi.fr\/index.php\/les-perce-neige-seveillent-sous-les-flocons-de-sophie-jomain\/#respond"]}]},{"@type":"WebPage","@id":"https:\/\/sorbetkiwi.fr\/index.php\/les-perce-neige-seveillent-sous-les-flocons-de-sophie-jomain\/","url":"https:\/\/sorbetkiwi.fr\/index.php\/les-perce-neige-seveillent-sous-les-flocons-de-sophie-jomain\/","name":"Les perce-neige s'\u00e9veillent sous les flocons de Sophie Jomain","isPartOf":{"@id":"https:\/\/sorbetkiwi.fr\/#website"},"primaryImageOfPage":{"@id":"https:\/\/sorbetkiwi.fr\/index.php\/les-perce-neige-seveillent-sous-les-flocons-de-sophie-jomain\/#primaryimage"},"image":{"@id":"https:\/\/sorbetkiwi.fr\/index.php\/les-perce-neige-seveillent-sous-les-flocons-de-sophie-jomain\/#primaryimage"},"thumbnailUrl":"https:\/\/sorbetkiwi.fr\/wp-content\/uploads\/2022\/12\/Les-perce-neige-seveillent-sous-les-flocons-Sophie-Jomain-scaled.jpg","datePublished":"2022-12-22T14:48:35+00:00","dateModified":"2022-12-22T14:48:37+00:00","description":"Ma chronique de Les perce-neige s'\u00e9veillent sous les flocons, la romance de No\u00ebl 2022 de Sophie Jomain aux \u00e9ditions Charleston.","breadcrumb":{"@id":"https:\/\/sorbetkiwi.fr\/index.php\/les-perce-neige-seveillent-sous-les-flocons-de-sophie-jomain\/#breadcrumb"},"inLanguage":"fr-FR","potentialAction":[{"@type":"ReadAction","target":["https:\/\/sorbetkiwi.fr\/index.php\/les-perce-neige-seveillent-sous-les-flocons-de-sophie-jomain\/"]}]},{"@type":"ImageObject","inLanguage":"fr-FR","@id":"https:\/\/sorbetkiwi.fr\/index.php\/les-perce-neige-seveillent-sous-les-flocons-de-sophie-jomain\/#primaryimage","url":"https:\/\/sorbetkiwi.fr\/wp-content\/uploads\/2022\/12\/Les-perce-neige-seveillent-sous-les-flocons-Sophie-Jomain-scaled.jpg","contentUrl":"https:\/\/sorbetkiwi.fr\/wp-content\/uploads\/2022\/12\/Les-perce-neige-seveillent-sous-les-flocons-Sophie-Jomain-scaled.jpg","width":1920,"height":2560,"caption":"Les perce-neige s'\u00e9veillent sous les flocons Sophie Jomain"},{"@type":"BreadcrumbList","@id":"https:\/\/sorbetkiwi.fr\/index.php\/les-perce-neige-seveillent-sous-les-flocons-de-sophie-jomain\/#breadcrumb","itemListElement":[{"@type":"ListItem","position":1,"name":"Accueil","item":"https:\/\/sorbetkiwi.fr\/"},{"@type":"ListItem","position":2,"name":"Les perce-neige s&rsquo;\u00e9veillent sous les flocons de Sophie Jomain"}]},{"@type":"WebSite","@id":"https:\/\/sorbetkiwi.fr\/#website","url":"https:\/\/sorbetkiwi.fr\/","name":"Sorbet Kiwi","description":"Des lectures th\u00e9matiques par saison et les avis qui vont avec","publisher":{"@id":"https:\/\/sorbetkiwi.fr\/#organization"},"potentialAction":[{"@type":"SearchAction","target":{"@type":"EntryPoint","urlTemplate":"https:\/\/sorbetkiwi.fr\/?s={search_term_string}"},"query-input":{"@type":"PropertyValueSpecification","valueRequired":true,"valueName":"search_term_string"}}],"inLanguage":"fr-FR"},{"@type":"Organization","@id":"https:\/\/sorbetkiwi.fr\/#organization","name":"Sorbet Kiwi","url":"https:\/\/sorbetkiwi.fr\/","logo":{"@type":"ImageObject","inLanguage":"fr-FR","@id":"https:\/\/sorbetkiwi.fr\/#\/schema\/logo\/image\/","url":"https:\/\/sorbetkiwi.fr\/wp-content\/uploads\/2022\/10\/Banniere-Sorbet-Kiwi-2022.jpg","contentUrl":"https:\/\/sorbetkiwi.fr\/wp-content\/uploads\/2022\/10\/Banniere-Sorbet-Kiwi-2022.jpg","width":814,"height":401,"caption":"Sorbet Kiwi"},"image":{"@id":"https:\/\/sorbetkiwi.fr\/#\/schema\/logo\/image\/"},"sameAs":["https:\/\/www.facebook.com\/profile.php?id=100086238893269","https:\/\/x.com\/pepparshoes","https:\/\/www.instagram.com\/sorbetkiwi\/","https:\/\/www.tiktok.com\/sorbetkiwi"]},{"@type":"Person","@id":"https:\/\/sorbetkiwi.fr\/#\/schema\/person\/ed1b7b527a2957ddc3bf38b076540659","name":"Sorbet-Kiwi","image":{"@type":"ImageObject","inLanguage":"fr-FR","@id":"https:\/\/secure.gravatar.com\/avatar\/86f0a5c27d76317621b9e374d0f3a01d3a85278f10d0c7207ced4fd773057442?s=96&d=mm&r=g","url":"https:\/\/secure.gravatar.com\/avatar\/86f0a5c27d76317621b9e374d0f3a01d3a85278f10d0c7207ced4fd773057442?s=96&d=mm&r=g","contentUrl":"https:\/\/secure.gravatar.com\/avatar\/86f0a5c27d76317621b9e374d0f3a01d3a85278f10d0c7207ced4fd773057442?s=96&d=mm&r=g","caption":"Sorbet-Kiwi"},"sameAs":["http:\/\/sorbetkiwi.fr"],"url":"https:\/\/sorbetkiwi.fr\/index.php\/author\/admin7717\/"}]}},"_links":{"self":[{"href":"https:\/\/sorbetkiwi.fr\/index.php\/wp-json\/wp\/v2\/posts\/1325","targetHints":{"allow":["GET"]}}],"collection":[{"href":"https:\/\/sorbetkiwi.fr\/index.php\/wp-json\/wp\/v2\/posts"}],"about":[{"href":"https:\/\/sorbetkiwi.fr\/index.php\/wp-json\/wp\/v2\/types\/post"}],"author":[{"embeddable":true,"href":"https:\/\/sorbetkiwi.fr\/index.php\/wp-json\/wp\/v2\/users\/1"}],"replies":[{"embeddable":true,"href":"https:\/\/sorbetkiwi.fr\/index.php\/wp-json\/wp\/v2\/comments?post=1325"}],"version-history":[{"count":6,"href":"https:\/\/sorbetkiwi.fr\/index.php\/wp-json\/wp\/v2\/posts\/1325\/revisions"}],"predecessor-version":[{"id":1332,"href":"https:\/\/sorbetkiwi.fr\/index.php\/wp-json\/wp\/v2\/posts\/1325\/revisions\/1332"}],"wp:featuredmedia":[{"embeddable":true,"href":"https:\/\/sorbetkiwi.fr\/index.php\/wp-json\/wp\/v2\/media\/1326"}],"wp:attachment":[{"href":"https:\/\/sorbetkiwi.fr\/index.php\/wp-json\/wp\/v2\/media?parent=1325"}],"wp:term":[{"taxonomy":"category","embeddable":true,"href":"https:\/\/sorbetkiwi.fr\/index.php\/wp-json\/wp\/v2\/categories?post=1325"},{"taxonomy":"post_tag","embeddable":true,"href":"https:\/\/sorbetkiwi.fr\/index.php\/wp-json\/wp\/v2\/tags?post=1325"}],"curies":[{"name":"wp","href":"https:\/\/api.w.org\/{rel}","templated":true}]}}