{"id":1270,"date":"2022-12-08T15:43:48","date_gmt":"2022-12-08T14:43:48","guid":{"rendered":"https:\/\/sorbetkiwi.fr\/?p=1270"},"modified":"2022-12-08T15:43:49","modified_gmt":"2022-12-08T14:43:49","slug":"et-nous-danserons-sous-les-flocons-de-clarisse-sabard","status":"publish","type":"post","link":"https:\/\/sorbetkiwi.fr\/index.php\/et-nous-danserons-sous-les-flocons-de-clarisse-sabard\/","title":{"rendered":"Et nous danserons sous les flocons de Clarisse Sabard"},"content":{"rendered":"\t\t<div data-elementor-type=\"wp-post\" data-elementor-id=\"1270\" class=\"elementor elementor-1270\">\n\t\t\t\t\t\t<section class=\"elementor-section elementor-top-section elementor-element elementor-element-1612fe3 elementor-section-boxed elementor-section-height-default elementor-section-height-default\" data-id=\"1612fe3\" data-element_type=\"section\" data-e-type=\"section\">\n\t\t\t\t\t\t<div class=\"elementor-container elementor-column-gap-default\">\n\t\t\t\t\t<div class=\"elementor-column elementor-col-100 elementor-top-column elementor-element elementor-element-6d4d002e\" data-id=\"6d4d002e\" data-element_type=\"column\" data-e-type=\"column\">\n\t\t\t<div class=\"elementor-widget-wrap elementor-element-populated\">\n\t\t\t\t\t\t<div class=\"elementor-element elementor-element-3186584a elementor-widget elementor-widget-heading\" data-id=\"3186584a\" data-element_type=\"widget\" data-e-type=\"widget\" data-widget_type=\"heading.default\">\n\t\t\t\t<div class=\"elementor-widget-container\">\n\t\t\t\t\t<h1 class=\"elementor-heading-title elementor-size-medium\">Et nous danserons sous les flocons<\/h1>\t\t\t\t<\/div>\n\t\t\t\t<\/div>\n\t\t\t\t<div class=\"elementor-element elementor-element-193d7321 elementor-view-default elementor-widget elementor-widget-icon\" data-id=\"193d7321\" data-element_type=\"widget\" data-e-type=\"widget\" data-widget_type=\"icon.default\">\n\t\t\t\t<div class=\"elementor-widget-container\">\n\t\t\t\t\t\t\t<div class=\"elementor-icon-wrapper\">\n\t\t\t<div class=\"elementor-icon\">\n\t\t\t<i aria-hidden=\"true\" class=\"fas fa-candy-cane\"><\/i>\t\t\t<\/div>\n\t\t<\/div>\n\t\t\t\t\t\t<\/div>\n\t\t\t\t<\/div>\n\t\t\t\t<div class=\"elementor-element elementor-element-5668a3c6 elementor-widget-divider--view-line elementor-widget elementor-widget-divider\" data-id=\"5668a3c6\" data-element_type=\"widget\" data-e-type=\"widget\" data-widget_type=\"divider.default\">\n\t\t\t\t<div class=\"elementor-widget-container\">\n\t\t\t\t\t\t\t<div class=\"elementor-divider\">\n\t\t\t<span class=\"elementor-divider-separator\">\n\t\t\t\t\t\t<\/span>\n\t\t<\/div>\n\t\t\t\t\t\t<\/div>\n\t\t\t\t<\/div>\n\t\t\t\t<div class=\"elementor-element elementor-element-6ec96849 elementor-widget elementor-widget-heading\" data-id=\"6ec96849\" data-element_type=\"widget\" data-e-type=\"widget\" data-widget_type=\"heading.default\">\n\t\t\t\t<div class=\"elementor-widget-container\">\n\t\t\t\t\t<h2 class=\"elementor-heading-title elementor-size-medium\">R\u00e9sum\u00e9<\/h2>\t\t\t\t<\/div>\n\t\t\t\t<\/div>\n\t\t\t\t<div class=\"elementor-element elementor-element-40759c7e elementor-widget elementor-widget-text-editor\" data-id=\"40759c7e\" data-element_type=\"widget\" data-e-type=\"widget\" data-widget_type=\"text-editor.default\">\n\t\t\t\t<div class=\"elementor-widget-container\">\n\t\t\t\t\t\t\t\t\t<p>Apr\u00e8s des ann\u00e9es d\u2019absence, Valentine est de retour \u00e0 Vallenot, le village de son enfance qu\u2019elle a quitt\u00e9 tr\u00e8s jeune pour se marier. Un mariage pour lequel elle a sacrifi\u00e9 toutes ses propres aspirations, obnubil\u00e9e par l\u2019id\u00e9e de construire une famille, loin du sch\u00e9ma familial qu\u2019elle a connu, de sa m\u00e8re et sa grand-m\u00e8re qui ont \u00e9lev\u00e9s leurs enfants seules. Mais c\u2019est bien seule que Valentine revient aujourd\u2019hui, ou plut\u00f4t, uniquement accompagn\u00e9e de son fils adolescent, car le mari, lui, a pr\u00e9f\u00e9r\u00e9 continuer sa route avec une autre\u2026. En cette p\u00e9riode de f\u00eates, elle va croiser le chemin d\u2019un Anglais r\u00e9cemment install\u00e9 au village, de R\u00e9mi, qu\u2019elle n\u2019avait pas vu depuis des ann\u00e9es\u2026 et d\u2019une vieille photo repr\u00e9sentant un beau jeune homme marocain, qui aurait v\u00e9cu \u00e0 Vallenot dans les ann\u00e9es 50\/60, avant de dispara\u00eetre du jour au lendemain\u2026<\/p>\t\t\t\t\t\t\t\t<\/div>\n\t\t\t\t<\/div>\n\t\t\t\t<div class=\"elementor-element elementor-element-3703ad83 elementor-widget-divider--view-line elementor-widget elementor-widget-divider\" data-id=\"3703ad83\" data-element_type=\"widget\" data-e-type=\"widget\" data-widget_type=\"divider.default\">\n\t\t\t\t<div class=\"elementor-widget-container\">\n\t\t\t\t\t\t\t<div class=\"elementor-divider\">\n\t\t\t<span class=\"elementor-divider-separator\">\n\t\t\t\t\t\t<\/span>\n\t\t<\/div>\n\t\t\t\t\t\t<\/div>\n\t\t\t\t<\/div>\n\t\t\t\t<div class=\"elementor-element elementor-element-3aa4d280 elementor-widget elementor-widget-heading\" data-id=\"3aa4d280\" data-element_type=\"widget\" data-e-type=\"widget\" data-widget_type=\"heading.default\">\n\t\t\t\t<div class=\"elementor-widget-container\">\n\t\t\t\t\t<h2 class=\"elementor-heading-title elementor-size-medium\">Ma note<\/h2>\t\t\t\t<\/div>\n\t\t\t\t<\/div>\n\t\t\t\t<div class=\"elementor-element elementor-element-6366679c elementor-star-rating--align-center elementor--star-style-star_fontawesome elementor-widget elementor-widget-star-rating\" data-id=\"6366679c\" data-element_type=\"widget\" data-e-type=\"widget\" data-widget_type=\"star-rating.default\">\n\t\t\t\t<div class=\"elementor-widget-container\">\n\t\t\t\t\t\t\t<div class=\"elementor-star-rating__wrapper\">\n\t\t\t\t\t\t<div class=\"elementor-star-rating\" itemtype=\"http:\/\/schema.org\/Rating\" itemscope=\"\" itemprop=\"reviewRating\">\n\t\t\t\t<i class=\"elementor-star-full\" aria-hidden=\"true\">&#xE934;<\/i><i class=\"elementor-star-full\" aria-hidden=\"true\">&#xE934;<\/i><i class=\"elementor-star-full\" aria-hidden=\"true\">&#xE934;<\/i><i class=\"elementor-star-full\" aria-hidden=\"true\">&#xE934;<\/i><i class=\"elementor-star-full\" aria-hidden=\"true\">&#xE934;<\/i>\t\t\t\t<span itemprop=\"ratingValue\" class=\"elementor-screen-only\">Not\u00e9 5 sur 5<\/span>\n\t\t\t<\/div>\n\t\t<\/div>\n\t\t\t\t\t\t<\/div>\n\t\t\t\t<\/div>\n\t\t\t\t<div class=\"elementor-element elementor-element-72f55916 elementor-widget-divider--view-line elementor-widget elementor-widget-divider\" data-id=\"72f55916\" data-element_type=\"widget\" data-e-type=\"widget\" data-widget_type=\"divider.default\">\n\t\t\t\t<div class=\"elementor-widget-container\">\n\t\t\t\t\t\t\t<div class=\"elementor-divider\">\n\t\t\t<span class=\"elementor-divider-separator\">\n\t\t\t\t\t\t<\/span>\n\t\t<\/div>\n\t\t\t\t\t\t<\/div>\n\t\t\t\t<\/div>\n\t\t\t\t<div class=\"elementor-element elementor-element-1c3ff7c5 elementor-widget elementor-widget-heading\" data-id=\"1c3ff7c5\" data-element_type=\"widget\" data-e-type=\"widget\" data-widget_type=\"heading.default\">\n\t\t\t\t<div class=\"elementor-widget-container\">\n\t\t\t\t\t<h2 class=\"elementor-heading-title elementor-size-medium\">De retour \u00e0 Vallenot, une troisi\u00e8me fois !<\/h2>\t\t\t\t<\/div>\n\t\t\t\t<\/div>\n\t\t\t\t<div class=\"elementor-element elementor-element-71956e22 elementor-widget elementor-widget-text-editor\" data-id=\"71956e22\" data-element_type=\"widget\" data-e-type=\"widget\" data-widget_type=\"text-editor.default\">\n\t\t\t\t<div class=\"elementor-widget-container\">\n\t\t\t\t\t\t\t\t\t<p>Gr\u00e2ce aux\u00a0<a href=\"https:\/\/www.editionsleduc.com\/product\/2328\/9782368125694\/et-nous-danserons-sous-les-flocons\">\u00e9ditions Charleston<\/a>, j\u2019ai l\u2019immense chance de d\u00e9couvrir tous les titres de Clarisse Sabard. Qui est mon autrice fran\u00e7aise pr\u00e9f\u00e9r\u00e9e. Et nous danserons sous les flocons \u00e0 su me r\u00e9jouir ! C&rsquo;est toujours un plaisir de retourner \u00e0 Vallenot ! Vous vous en souvenez peut-\u00eatre, puisque c\u2019est l\u00e0 que se situe l\u2019intrigue de l\u2019histoire de No\u00ebl de L\u00e9na dans <a href=\"https:\/\/sorbetkiwi.fr\/index.php\/la-vie-est-belle-et-drole-a-la-fois\/\">La vie est belle et dr\u00f4le \u00e0 la fois<\/a>\u00a0et\u00a0<a href=\"https:\/\/sorbetkiwi.fr\/index.php\/la-vie-a-plus-dimagination-que-nous-de-clarisse-sabard\/\">La vie a plus d\u2019imagination que nous<\/a>. Forc\u00e9ment, j\u2019\u00e9tais d\u00e9j\u00e0 sous le charme puisque j\u2019aime \u00e9norm\u00e9ment cette bourgade. Et c\u2019est avec joie que l\u2019on croise \u00e0 nouveau les protagonistes des pr\u00e9c\u00e9dents romans. Bien que ce ne soit pas une suite \u00e0 proprement parler. Rassurez-vous, techniquement, vous pouvez tout \u00e0 fait le lire avant les deux autres. M\u00eame s\u2019il y a un petit peu de spoil quand m\u00eame. Mais rien d\u2019insurmontable.<\/p>\t\t\t\t\t\t\t\t<\/div>\n\t\t\t\t<\/div>\n\t\t\t\t<div class=\"elementor-element elementor-element-3819ed58 elementor-widget-divider--view-line elementor-widget elementor-widget-divider\" data-id=\"3819ed58\" data-element_type=\"widget\" data-e-type=\"widget\" data-widget_type=\"divider.default\">\n\t\t\t\t<div class=\"elementor-widget-container\">\n\t\t\t\t\t\t\t<div class=\"elementor-divider\">\n\t\t\t<span class=\"elementor-divider-separator\">\n\t\t\t\t\t\t<\/span>\n\t\t<\/div>\n\t\t\t\t\t\t<\/div>\n\t\t\t\t<\/div>\n\t\t\t\t<div class=\"elementor-element elementor-element-160dd6b5 elementor-widget elementor-widget-heading\" data-id=\"160dd6b5\" data-element_type=\"widget\" data-e-type=\"widget\" data-widget_type=\"heading.default\">\n\t\t\t\t<div class=\"elementor-widget-container\">\n\t\t\t\t\t<h4 class=\"elementor-heading-title elementor-size-medium\">\u00ab \u2013 Le temps, ma ch\u00e9rie, c\u2019est comme un flocon de neige. Pendant que tu le regardes sans rien faire, il fond. Et, ensuite il ne reste que les regrets. \u00bb<\/h4>\t\t\t\t<\/div>\n\t\t\t\t<\/div>\n\t\t\t\t<div class=\"elementor-element elementor-element-16873bfa elementor-widget-divider--view-line elementor-widget elementor-widget-divider\" data-id=\"16873bfa\" data-element_type=\"widget\" data-e-type=\"widget\" data-widget_type=\"divider.default\">\n\t\t\t\t<div class=\"elementor-widget-container\">\n\t\t\t\t\t\t\t<div class=\"elementor-divider\">\n\t\t\t<span class=\"elementor-divider-separator\">\n\t\t\t\t\t\t<\/span>\n\t\t<\/div>\n\t\t\t\t\t\t<\/div>\n\t\t\t\t<\/div>\n\t\t\t\t<div class=\"elementor-element elementor-element-15d086a8 elementor-widget elementor-widget-heading\" data-id=\"15d086a8\" data-element_type=\"widget\" data-e-type=\"widget\" data-widget_type=\"heading.default\">\n\t\t\t\t<div class=\"elementor-widget-container\">\n\t\t\t\t\t<h2 class=\"elementor-heading-title elementor-size-medium\">Des protagonistes toujours plus touchants<\/h2>\t\t\t\t<\/div>\n\t\t\t\t<\/div>\n\t\t\t\t<div class=\"elementor-element elementor-element-679dd8a elementor-widget elementor-widget-text-editor\" data-id=\"679dd8a\" data-element_type=\"widget\" data-e-type=\"widget\" data-widget_type=\"text-editor.default\">\n\t\t\t\t<div class=\"elementor-widget-container\">\n\t\t\t\t\t\t\t\t\t<div class=\"x_elementToProof elementToProof\">Pourtant, l\u2019histoire de Valentine commence mal ! Elle ne retourne pas vivre dans le village de son enfance par gaiet\u00e9 de c\u0153ur. c\u2019est m\u00eame l\u2019inverse. Et voir cette maman essay\u00e9 de se reconstruire alors que, clairement, son ex ne lui facilite pas la vie, \u00e7a m\u2019a touch\u00e9. Surtout en pleine p\u00e9riode de No\u00ebl. Mais c\u2019est un classique maintenant, les personnages de Clarisse font toujours vibrer mon \u00e2me sensible. J\u2019ai aim\u00e9 tous les personnages, m\u00eame son ado farouche, qu\u2019elle a construit comme une personnalit\u00e9 bien ancr\u00e9e dans son \u00e2ge. Mais aussi tous les autres personnages comme ses s\u0153urs. Ou ses parents, dont j\u2019ai cram\u00e9 les histoires respectives \u00e0 des km. Et puis surtout : on retrouve mamie Jacotte ! S\u00e9rieusement, lisez les romans de No\u00ebl de Clarisse pour mamie Jacotte\u2026<\/div>\t\t\t\t\t\t\t\t<\/div>\n\t\t\t\t<\/div>\n\t\t\t\t<div class=\"elementor-element elementor-element-1a335c3d elementor-widget-divider--view-line elementor-widget elementor-widget-divider\" data-id=\"1a335c3d\" data-element_type=\"widget\" data-e-type=\"widget\" data-widget_type=\"divider.default\">\n\t\t\t\t<div class=\"elementor-widget-container\">\n\t\t\t\t\t\t\t<div class=\"elementor-divider\">\n\t\t\t<span class=\"elementor-divider-separator\">\n\t\t\t\t\t\t<\/span>\n\t\t<\/div>\n\t\t\t\t\t\t<\/div>\n\t\t\t\t<\/div>\n\t\t\t\t<div class=\"elementor-element elementor-element-114e559b elementor-widget elementor-widget-heading\" data-id=\"114e559b\" data-element_type=\"widget\" data-e-type=\"widget\" data-widget_type=\"heading.default\">\n\t\t\t\t<div class=\"elementor-widget-container\">\n\t\t\t\t\t<h2 class=\"elementor-heading-title elementor-size-medium\">Une recette inratable<\/h2>\t\t\t\t<\/div>\n\t\t\t\t<\/div>\n\t\t\t\t<div class=\"elementor-element elementor-element-5336017b elementor-widget elementor-widget-text-editor\" data-id=\"5336017b\" data-element_type=\"widget\" data-e-type=\"widget\" data-widget_type=\"text-editor.default\">\n\t\t\t\t<div class=\"elementor-widget-container\">\n\t\t\t\t\t\t\t\t\t<p>De toute fa\u00e7on, si vous aimez les romans de No\u00ebl, vous ne pouvez que craquer pour ses histoires. Il y a toujours un brin de retour dans le pass\u00e9. De la remise en question, de la bienveillance, de la reconstruction. De l\u2019amour, du chocolat chaud, des amiti\u00e9s in\u00e9branlables\u2026 Tous les ingr\u00e9dients sont l\u00e0 pour passer un excellent moment de No\u00ebl et vibrer durant les f\u00eates de fin d\u2019ann\u00e9e. Clarisse Sabard est devenue une valeur s\u00fbre des romans contemporains de No\u00ebl. Elle ne fait que le confirmer avec ce troisi\u00e8me r\u00e9cit touchant qui v\u00e9hicule tout ce qu\u2019on aime \u00e0 cette p\u00e9riode. Ajoutez \u00e0 cela son humour doux et la bienveillance qu\u2019elle transmet si bien, et vous avez votre recette toute pr\u00eate !<\/p><p>Initialement, cette chronique de Et nous danserons sous les flocons a \u00e9t\u00e9 publi\u00e9e sur <a href=\"https:\/\/sorbetkiwi.wordpress.com\/2021\/01\/06\/et-nous-danserons-sous-les-flocons-de-clarisse-sabard\/\">mon ancien blog<\/a>.<\/p>\t\t\t\t\t\t\t\t<\/div>\n\t\t\t\t<\/div>\n\t\t\t\t\t<\/div>\n\t\t<\/div>\n\t\t\t\t\t<\/div>\n\t\t<\/section>\n\t\t\t\t<\/div>\n\t\t","protected":false},"excerpt":{"rendered":"<p>Et nous danserons sous les flocons R\u00e9sum\u00e9 Apr\u00e8s des ann\u00e9es d\u2019absence, Valentine est de retour \u00e0 Vallenot, le village de son enfance qu\u2019elle a quitt\u00e9 tr\u00e8s jeune pour se marier. Un mariage pour lequel elle &hellip; <\/p>\n","protected":false},"author":1,"featured_media":1272,"comment_status":"open","ping_status":"open","sticky":false,"template":"","format":"standard","meta":{"footnotes":""},"categories":[9,17,8,1],"tags":[28,31,302,32,300],"class_list":["post-1270","post","type-post","status-publish","format-standard","has-post-thumbnail","hentry","category-coups-de-coeur","category-noel","category-partenariats","category-tout-le-blog","tag-clarisse-sabard","tag-editions-charleston","tag-et-nous-danserons-sous-les-flocons","tag-la-vie-est-belle-et-drole-a-la-fois","tag-romance-de-noel","has-single-img"],"yoast_head":"<!-- This site is optimized with the Yoast SEO plugin v27.4 - https:\/\/yoast.com\/product\/yoast-seo-wordpress\/ -->\n<title>Et nous danserons sous les flocons de Clarisse Sabard Sorbet Kiwi<\/title>\n<meta name=\"description\" content=\"Ma chronique du troisi\u00e8me tome de La vie est belle et dr\u00f4le \u00e0 la fois, Et nous danserons sous les flocons, de Clarisse Sabard chez Charleston\" \/>\n<meta name=\"robots\" content=\"index, follow, max-snippet:-1, max-image-preview:large, max-video-preview:-1\" \/>\n<link rel=\"canonical\" href=\"https:\/\/sorbetkiwi.fr\/index.php\/et-nous-danserons-sous-les-flocons-de-clarisse-sabard\/\" \/>\n<meta property=\"og:locale\" content=\"fr_FR\" \/>\n<meta property=\"og:type\" content=\"article\" \/>\n<meta property=\"og:title\" content=\"Et nous danserons sous les flocons de Clarisse Sabard Sorbet Kiwi\" \/>\n<meta property=\"og:description\" content=\"Ma chronique du troisi\u00e8me tome de La vie est belle et dr\u00f4le \u00e0 la fois, Et nous danserons sous les flocons, de Clarisse Sabard chez Charleston\" \/>\n<meta property=\"og:url\" content=\"https:\/\/sorbetkiwi.fr\/index.php\/et-nous-danserons-sous-les-flocons-de-clarisse-sabard\/\" \/>\n<meta property=\"og:site_name\" content=\"Sorbet Kiwi\" \/>\n<meta property=\"article:publisher\" content=\"https:\/\/www.facebook.com\/profile.php?id=100086238893269\" \/>\n<meta property=\"article:published_time\" content=\"2022-12-08T14:43:48+00:00\" \/>\n<meta property=\"article:modified_time\" content=\"2022-12-08T14:43:49+00:00\" \/>\n<meta property=\"og:image\" content=\"https:\/\/sorbetkiwi.fr\/wp-content\/uploads\/2022\/12\/Et-nous-danserons-sous-les-flocons-Clarisse-Sabard-scaled.jpg\" \/>\n\t<meta property=\"og:image:width\" content=\"1920\" \/>\n\t<meta property=\"og:image:height\" content=\"2560\" \/>\n\t<meta property=\"og:image:type\" content=\"image\/jpeg\" \/>\n<meta name=\"author\" content=\"Sorbet-Kiwi\" \/>\n<meta name=\"twitter:card\" content=\"summary_large_image\" \/>\n<meta name=\"twitter:creator\" content=\"@pepparshoes\" \/>\n<meta name=\"twitter:site\" content=\"@pepparshoes\" \/>\n<meta name=\"twitter:label1\" content=\"\u00c9crit par\" \/>\n\t<meta name=\"twitter:data1\" content=\"Sorbet-Kiwi\" \/>\n\t<meta name=\"twitter:label2\" content=\"Dur\u00e9e de lecture estim\u00e9e\" \/>\n\t<meta name=\"twitter:data2\" content=\"4 minutes\" \/>\n<script type=\"application\/ld+json\" class=\"yoast-schema-graph\">{\"@context\":\"https:\\\/\\\/schema.org\",\"@graph\":[{\"@type\":\"Article\",\"@id\":\"https:\\\/\\\/sorbetkiwi.fr\\\/index.php\\\/et-nous-danserons-sous-les-flocons-de-clarisse-sabard\\\/#article\",\"isPartOf\":{\"@id\":\"https:\\\/\\\/sorbetkiwi.fr\\\/index.php\\\/et-nous-danserons-sous-les-flocons-de-clarisse-sabard\\\/\"},\"author\":{\"name\":\"Sorbet-Kiwi\",\"@id\":\"https:\\\/\\\/sorbetkiwi.fr\\\/#\\\/schema\\\/person\\\/ed1b7b527a2957ddc3bf38b076540659\"},\"headline\":\"Et nous danserons sous les flocons de Clarisse Sabard\",\"datePublished\":\"2022-12-08T14:43:48+00:00\",\"dateModified\":\"2022-12-08T14:43:49+00:00\",\"mainEntityOfPage\":{\"@id\":\"https:\\\/\\\/sorbetkiwi.fr\\\/index.php\\\/et-nous-danserons-sous-les-flocons-de-clarisse-sabard\\\/\"},\"wordCount\":695,\"commentCount\":5,\"publisher\":{\"@id\":\"https:\\\/\\\/sorbetkiwi.fr\\\/#organization\"},\"image\":{\"@id\":\"https:\\\/\\\/sorbetkiwi.fr\\\/index.php\\\/et-nous-danserons-sous-les-flocons-de-clarisse-sabard\\\/#primaryimage\"},\"thumbnailUrl\":\"https:\\\/\\\/sorbetkiwi.fr\\\/wp-content\\\/uploads\\\/2022\\\/12\\\/Et-nous-danserons-sous-les-flocons-Clarisse-Sabard-scaled.jpg\",\"keywords\":[\"Clarisse Sabard\",\"Editions Charleston\",\"Et nous danserons sous les flocons\",\"La vie est belle et dr\u00f4le \u00e0 la fois\",\"Romance de No\u00ebl\"],\"articleSection\":[\"Coups de coeur\",\"No\u00ebl\",\"Partenariats\",\"Tout le blog\"],\"inLanguage\":\"fr-FR\",\"potentialAction\":[{\"@type\":\"CommentAction\",\"name\":\"Comment\",\"target\":[\"https:\\\/\\\/sorbetkiwi.fr\\\/index.php\\\/et-nous-danserons-sous-les-flocons-de-clarisse-sabard\\\/#respond\"]}]},{\"@type\":\"WebPage\",\"@id\":\"https:\\\/\\\/sorbetkiwi.fr\\\/index.php\\\/et-nous-danserons-sous-les-flocons-de-clarisse-sabard\\\/\",\"url\":\"https:\\\/\\\/sorbetkiwi.fr\\\/index.php\\\/et-nous-danserons-sous-les-flocons-de-clarisse-sabard\\\/\",\"name\":\"Et nous danserons sous les flocons de Clarisse Sabard Sorbet Kiwi\",\"isPartOf\":{\"@id\":\"https:\\\/\\\/sorbetkiwi.fr\\\/#website\"},\"primaryImageOfPage\":{\"@id\":\"https:\\\/\\\/sorbetkiwi.fr\\\/index.php\\\/et-nous-danserons-sous-les-flocons-de-clarisse-sabard\\\/#primaryimage\"},\"image\":{\"@id\":\"https:\\\/\\\/sorbetkiwi.fr\\\/index.php\\\/et-nous-danserons-sous-les-flocons-de-clarisse-sabard\\\/#primaryimage\"},\"thumbnailUrl\":\"https:\\\/\\\/sorbetkiwi.fr\\\/wp-content\\\/uploads\\\/2022\\\/12\\\/Et-nous-danserons-sous-les-flocons-Clarisse-Sabard-scaled.jpg\",\"datePublished\":\"2022-12-08T14:43:48+00:00\",\"dateModified\":\"2022-12-08T14:43:49+00:00\",\"description\":\"Ma chronique du troisi\u00e8me tome de La vie est belle et dr\u00f4le \u00e0 la fois, Et nous danserons sous les flocons, de Clarisse Sabard chez Charleston\",\"breadcrumb\":{\"@id\":\"https:\\\/\\\/sorbetkiwi.fr\\\/index.php\\\/et-nous-danserons-sous-les-flocons-de-clarisse-sabard\\\/#breadcrumb\"},\"inLanguage\":\"fr-FR\",\"potentialAction\":[{\"@type\":\"ReadAction\",\"target\":[\"https:\\\/\\\/sorbetkiwi.fr\\\/index.php\\\/et-nous-danserons-sous-les-flocons-de-clarisse-sabard\\\/\"]}]},{\"@type\":\"ImageObject\",\"inLanguage\":\"fr-FR\",\"@id\":\"https:\\\/\\\/sorbetkiwi.fr\\\/index.php\\\/et-nous-danserons-sous-les-flocons-de-clarisse-sabard\\\/#primaryimage\",\"url\":\"https:\\\/\\\/sorbetkiwi.fr\\\/wp-content\\\/uploads\\\/2022\\\/12\\\/Et-nous-danserons-sous-les-flocons-Clarisse-Sabard-scaled.jpg\",\"contentUrl\":\"https:\\\/\\\/sorbetkiwi.fr\\\/wp-content\\\/uploads\\\/2022\\\/12\\\/Et-nous-danserons-sous-les-flocons-Clarisse-Sabard-scaled.jpg\",\"width\":1920,\"height\":2560,\"caption\":\"Et nous danserons sous les flocons Clarisse Sabard\"},{\"@type\":\"BreadcrumbList\",\"@id\":\"https:\\\/\\\/sorbetkiwi.fr\\\/index.php\\\/et-nous-danserons-sous-les-flocons-de-clarisse-sabard\\\/#breadcrumb\",\"itemListElement\":[{\"@type\":\"ListItem\",\"position\":1,\"name\":\"Accueil\",\"item\":\"https:\\\/\\\/sorbetkiwi.fr\\\/\"},{\"@type\":\"ListItem\",\"position\":2,\"name\":\"Et nous danserons sous les flocons de Clarisse Sabard\"}]},{\"@type\":\"WebSite\",\"@id\":\"https:\\\/\\\/sorbetkiwi.fr\\\/#website\",\"url\":\"https:\\\/\\\/sorbetkiwi.fr\\\/\",\"name\":\"Sorbet Kiwi\",\"description\":\"Des lectures th\u00e9matiques par saison et les avis qui vont avec\",\"publisher\":{\"@id\":\"https:\\\/\\\/sorbetkiwi.fr\\\/#organization\"},\"potentialAction\":[{\"@type\":\"SearchAction\",\"target\":{\"@type\":\"EntryPoint\",\"urlTemplate\":\"https:\\\/\\\/sorbetkiwi.fr\\\/?s={search_term_string}\"},\"query-input\":{\"@type\":\"PropertyValueSpecification\",\"valueRequired\":true,\"valueName\":\"search_term_string\"}}],\"inLanguage\":\"fr-FR\"},{\"@type\":\"Organization\",\"@id\":\"https:\\\/\\\/sorbetkiwi.fr\\\/#organization\",\"name\":\"Sorbet Kiwi\",\"url\":\"https:\\\/\\\/sorbetkiwi.fr\\\/\",\"logo\":{\"@type\":\"ImageObject\",\"inLanguage\":\"fr-FR\",\"@id\":\"https:\\\/\\\/sorbetkiwi.fr\\\/#\\\/schema\\\/logo\\\/image\\\/\",\"url\":\"https:\\\/\\\/sorbetkiwi.fr\\\/wp-content\\\/uploads\\\/2022\\\/10\\\/Banniere-Sorbet-Kiwi-2022.jpg\",\"contentUrl\":\"https:\\\/\\\/sorbetkiwi.fr\\\/wp-content\\\/uploads\\\/2022\\\/10\\\/Banniere-Sorbet-Kiwi-2022.jpg\",\"width\":814,\"height\":401,\"caption\":\"Sorbet Kiwi\"},\"image\":{\"@id\":\"https:\\\/\\\/sorbetkiwi.fr\\\/#\\\/schema\\\/logo\\\/image\\\/\"},\"sameAs\":[\"https:\\\/\\\/www.facebook.com\\\/profile.php?id=100086238893269\",\"https:\\\/\\\/x.com\\\/pepparshoes\",\"https:\\\/\\\/www.instagram.com\\\/sorbetkiwi\\\/\",\"https:\\\/\\\/www.tiktok.com\\\/sorbetkiwi\"]},{\"@type\":\"Person\",\"@id\":\"https:\\\/\\\/sorbetkiwi.fr\\\/#\\\/schema\\\/person\\\/ed1b7b527a2957ddc3bf38b076540659\",\"name\":\"Sorbet-Kiwi\",\"image\":{\"@type\":\"ImageObject\",\"inLanguage\":\"fr-FR\",\"@id\":\"https:\\\/\\\/secure.gravatar.com\\\/avatar\\\/86f0a5c27d76317621b9e374d0f3a01d3a85278f10d0c7207ced4fd773057442?s=96&d=mm&r=g\",\"url\":\"https:\\\/\\\/secure.gravatar.com\\\/avatar\\\/86f0a5c27d76317621b9e374d0f3a01d3a85278f10d0c7207ced4fd773057442?s=96&d=mm&r=g\",\"contentUrl\":\"https:\\\/\\\/secure.gravatar.com\\\/avatar\\\/86f0a5c27d76317621b9e374d0f3a01d3a85278f10d0c7207ced4fd773057442?s=96&d=mm&r=g\",\"caption\":\"Sorbet-Kiwi\"},\"sameAs\":[\"http:\\\/\\\/sorbetkiwi.fr\"],\"url\":\"https:\\\/\\\/sorbetkiwi.fr\\\/index.php\\\/author\\\/admin7717\\\/\"}]}<\/script>\n<!-- \/ Yoast SEO plugin. -->","yoast_head_json":{"title":"Et nous danserons sous les flocons de Clarisse Sabard Sorbet Kiwi","description":"Ma chronique du troisi\u00e8me tome de La vie est belle et dr\u00f4le \u00e0 la fois, Et nous danserons sous les flocons, de Clarisse Sabard chez Charleston","robots":{"index":"index","follow":"follow","max-snippet":"max-snippet:-1","max-image-preview":"max-image-preview:large","max-video-preview":"max-video-preview:-1"},"canonical":"https:\/\/sorbetkiwi.fr\/index.php\/et-nous-danserons-sous-les-flocons-de-clarisse-sabard\/","og_locale":"fr_FR","og_type":"article","og_title":"Et nous danserons sous les flocons de Clarisse Sabard Sorbet Kiwi","og_description":"Ma chronique du troisi\u00e8me tome de La vie est belle et dr\u00f4le \u00e0 la fois, Et nous danserons sous les flocons, de Clarisse Sabard chez Charleston","og_url":"https:\/\/sorbetkiwi.fr\/index.php\/et-nous-danserons-sous-les-flocons-de-clarisse-sabard\/","og_site_name":"Sorbet Kiwi","article_publisher":"https:\/\/www.facebook.com\/profile.php?id=100086238893269","article_published_time":"2022-12-08T14:43:48+00:00","article_modified_time":"2022-12-08T14:43:49+00:00","og_image":[{"width":1920,"height":2560,"url":"https:\/\/sorbetkiwi.fr\/wp-content\/uploads\/2022\/12\/Et-nous-danserons-sous-les-flocons-Clarisse-Sabard-scaled.jpg","type":"image\/jpeg"}],"author":"Sorbet-Kiwi","twitter_card":"summary_large_image","twitter_creator":"@pepparshoes","twitter_site":"@pepparshoes","twitter_misc":{"\u00c9crit par":"Sorbet-Kiwi","Dur\u00e9e de lecture estim\u00e9e":"4 minutes"},"schema":{"@context":"https:\/\/schema.org","@graph":[{"@type":"Article","@id":"https:\/\/sorbetkiwi.fr\/index.php\/et-nous-danserons-sous-les-flocons-de-clarisse-sabard\/#article","isPartOf":{"@id":"https:\/\/sorbetkiwi.fr\/index.php\/et-nous-danserons-sous-les-flocons-de-clarisse-sabard\/"},"author":{"name":"Sorbet-Kiwi","@id":"https:\/\/sorbetkiwi.fr\/#\/schema\/person\/ed1b7b527a2957ddc3bf38b076540659"},"headline":"Et nous danserons sous les flocons de Clarisse Sabard","datePublished":"2022-12-08T14:43:48+00:00","dateModified":"2022-12-08T14:43:49+00:00","mainEntityOfPage":{"@id":"https:\/\/sorbetkiwi.fr\/index.php\/et-nous-danserons-sous-les-flocons-de-clarisse-sabard\/"},"wordCount":695,"commentCount":5,"publisher":{"@id":"https:\/\/sorbetkiwi.fr\/#organization"},"image":{"@id":"https:\/\/sorbetkiwi.fr\/index.php\/et-nous-danserons-sous-les-flocons-de-clarisse-sabard\/#primaryimage"},"thumbnailUrl":"https:\/\/sorbetkiwi.fr\/wp-content\/uploads\/2022\/12\/Et-nous-danserons-sous-les-flocons-Clarisse-Sabard-scaled.jpg","keywords":["Clarisse Sabard","Editions Charleston","Et nous danserons sous les flocons","La vie est belle et dr\u00f4le \u00e0 la fois","Romance de No\u00ebl"],"articleSection":["Coups de coeur","No\u00ebl","Partenariats","Tout le blog"],"inLanguage":"fr-FR","potentialAction":[{"@type":"CommentAction","name":"Comment","target":["https:\/\/sorbetkiwi.fr\/index.php\/et-nous-danserons-sous-les-flocons-de-clarisse-sabard\/#respond"]}]},{"@type":"WebPage","@id":"https:\/\/sorbetkiwi.fr\/index.php\/et-nous-danserons-sous-les-flocons-de-clarisse-sabard\/","url":"https:\/\/sorbetkiwi.fr\/index.php\/et-nous-danserons-sous-les-flocons-de-clarisse-sabard\/","name":"Et nous danserons sous les flocons de Clarisse Sabard Sorbet Kiwi","isPartOf":{"@id":"https:\/\/sorbetkiwi.fr\/#website"},"primaryImageOfPage":{"@id":"https:\/\/sorbetkiwi.fr\/index.php\/et-nous-danserons-sous-les-flocons-de-clarisse-sabard\/#primaryimage"},"image":{"@id":"https:\/\/sorbetkiwi.fr\/index.php\/et-nous-danserons-sous-les-flocons-de-clarisse-sabard\/#primaryimage"},"thumbnailUrl":"https:\/\/sorbetkiwi.fr\/wp-content\/uploads\/2022\/12\/Et-nous-danserons-sous-les-flocons-Clarisse-Sabard-scaled.jpg","datePublished":"2022-12-08T14:43:48+00:00","dateModified":"2022-12-08T14:43:49+00:00","description":"Ma chronique du troisi\u00e8me tome de La vie est belle et dr\u00f4le \u00e0 la fois, Et nous danserons sous les flocons, de Clarisse Sabard chez Charleston","breadcrumb":{"@id":"https:\/\/sorbetkiwi.fr\/index.php\/et-nous-danserons-sous-les-flocons-de-clarisse-sabard\/#breadcrumb"},"inLanguage":"fr-FR","potentialAction":[{"@type":"ReadAction","target":["https:\/\/sorbetkiwi.fr\/index.php\/et-nous-danserons-sous-les-flocons-de-clarisse-sabard\/"]}]},{"@type":"ImageObject","inLanguage":"fr-FR","@id":"https:\/\/sorbetkiwi.fr\/index.php\/et-nous-danserons-sous-les-flocons-de-clarisse-sabard\/#primaryimage","url":"https:\/\/sorbetkiwi.fr\/wp-content\/uploads\/2022\/12\/Et-nous-danserons-sous-les-flocons-Clarisse-Sabard-scaled.jpg","contentUrl":"https:\/\/sorbetkiwi.fr\/wp-content\/uploads\/2022\/12\/Et-nous-danserons-sous-les-flocons-Clarisse-Sabard-scaled.jpg","width":1920,"height":2560,"caption":"Et nous danserons sous les flocons Clarisse Sabard"},{"@type":"BreadcrumbList","@id":"https:\/\/sorbetkiwi.fr\/index.php\/et-nous-danserons-sous-les-flocons-de-clarisse-sabard\/#breadcrumb","itemListElement":[{"@type":"ListItem","position":1,"name":"Accueil","item":"https:\/\/sorbetkiwi.fr\/"},{"@type":"ListItem","position":2,"name":"Et nous danserons sous les flocons de Clarisse Sabard"}]},{"@type":"WebSite","@id":"https:\/\/sorbetkiwi.fr\/#website","url":"https:\/\/sorbetkiwi.fr\/","name":"Sorbet Kiwi","description":"Des lectures th\u00e9matiques par saison et les avis qui vont avec","publisher":{"@id":"https:\/\/sorbetkiwi.fr\/#organization"},"potentialAction":[{"@type":"SearchAction","target":{"@type":"EntryPoint","urlTemplate":"https:\/\/sorbetkiwi.fr\/?s={search_term_string}"},"query-input":{"@type":"PropertyValueSpecification","valueRequired":true,"valueName":"search_term_string"}}],"inLanguage":"fr-FR"},{"@type":"Organization","@id":"https:\/\/sorbetkiwi.fr\/#organization","name":"Sorbet Kiwi","url":"https:\/\/sorbetkiwi.fr\/","logo":{"@type":"ImageObject","inLanguage":"fr-FR","@id":"https:\/\/sorbetkiwi.fr\/#\/schema\/logo\/image\/","url":"https:\/\/sorbetkiwi.fr\/wp-content\/uploads\/2022\/10\/Banniere-Sorbet-Kiwi-2022.jpg","contentUrl":"https:\/\/sorbetkiwi.fr\/wp-content\/uploads\/2022\/10\/Banniere-Sorbet-Kiwi-2022.jpg","width":814,"height":401,"caption":"Sorbet Kiwi"},"image":{"@id":"https:\/\/sorbetkiwi.fr\/#\/schema\/logo\/image\/"},"sameAs":["https:\/\/www.facebook.com\/profile.php?id=100086238893269","https:\/\/x.com\/pepparshoes","https:\/\/www.instagram.com\/sorbetkiwi\/","https:\/\/www.tiktok.com\/sorbetkiwi"]},{"@type":"Person","@id":"https:\/\/sorbetkiwi.fr\/#\/schema\/person\/ed1b7b527a2957ddc3bf38b076540659","name":"Sorbet-Kiwi","image":{"@type":"ImageObject","inLanguage":"fr-FR","@id":"https:\/\/secure.gravatar.com\/avatar\/86f0a5c27d76317621b9e374d0f3a01d3a85278f10d0c7207ced4fd773057442?s=96&d=mm&r=g","url":"https:\/\/secure.gravatar.com\/avatar\/86f0a5c27d76317621b9e374d0f3a01d3a85278f10d0c7207ced4fd773057442?s=96&d=mm&r=g","contentUrl":"https:\/\/secure.gravatar.com\/avatar\/86f0a5c27d76317621b9e374d0f3a01d3a85278f10d0c7207ced4fd773057442?s=96&d=mm&r=g","caption":"Sorbet-Kiwi"},"sameAs":["http:\/\/sorbetkiwi.fr"],"url":"https:\/\/sorbetkiwi.fr\/index.php\/author\/admin7717\/"}]}},"_links":{"self":[{"href":"https:\/\/sorbetkiwi.fr\/index.php\/wp-json\/wp\/v2\/posts\/1270","targetHints":{"allow":["GET"]}}],"collection":[{"href":"https:\/\/sorbetkiwi.fr\/index.php\/wp-json\/wp\/v2\/posts"}],"about":[{"href":"https:\/\/sorbetkiwi.fr\/index.php\/wp-json\/wp\/v2\/types\/post"}],"author":[{"embeddable":true,"href":"https:\/\/sorbetkiwi.fr\/index.php\/wp-json\/wp\/v2\/users\/1"}],"replies":[{"embeddable":true,"href":"https:\/\/sorbetkiwi.fr\/index.php\/wp-json\/wp\/v2\/comments?post=1270"}],"version-history":[{"count":6,"href":"https:\/\/sorbetkiwi.fr\/index.php\/wp-json\/wp\/v2\/posts\/1270\/revisions"}],"predecessor-version":[{"id":1277,"href":"https:\/\/sorbetkiwi.fr\/index.php\/wp-json\/wp\/v2\/posts\/1270\/revisions\/1277"}],"wp:featuredmedia":[{"embeddable":true,"href":"https:\/\/sorbetkiwi.fr\/index.php\/wp-json\/wp\/v2\/media\/1272"}],"wp:attachment":[{"href":"https:\/\/sorbetkiwi.fr\/index.php\/wp-json\/wp\/v2\/media?parent=1270"}],"wp:term":[{"taxonomy":"category","embeddable":true,"href":"https:\/\/sorbetkiwi.fr\/index.php\/wp-json\/wp\/v2\/categories?post=1270"},{"taxonomy":"post_tag","embeddable":true,"href":"https:\/\/sorbetkiwi.fr\/index.php\/wp-json\/wp\/v2\/tags?post=1270"}],"curies":[{"name":"wp","href":"https:\/\/api.w.org\/{rel}","templated":true}]}}