{"id":1259,"date":"2022-12-07T21:30:39","date_gmt":"2022-12-07T20:30:39","guid":{"rendered":"https:\/\/sorbetkiwi.fr\/?p=1259"},"modified":"2022-12-07T21:30:40","modified_gmt":"2022-12-07T20:30:40","slug":"la-vie-a-plus-dimagination-que-nous-de-clarisse-sabard","status":"publish","type":"post","link":"https:\/\/sorbetkiwi.fr\/index.php\/la-vie-a-plus-dimagination-que-nous-de-clarisse-sabard\/","title":{"rendered":"La vie a plus d&rsquo;imagination que nous de Clarisse Sabard"},"content":{"rendered":"\t\t<div data-elementor-type=\"wp-post\" data-elementor-id=\"1259\" class=\"elementor elementor-1259\">\n\t\t\t\t\t\t<section class=\"elementor-section elementor-top-section elementor-element elementor-element-44b7bd1a elementor-section-boxed elementor-section-height-default elementor-section-height-default\" data-id=\"44b7bd1a\" data-element_type=\"section\" data-e-type=\"section\">\n\t\t\t\t\t\t<div class=\"elementor-container elementor-column-gap-default\">\n\t\t\t\t\t<div class=\"elementor-column elementor-col-100 elementor-top-column elementor-element elementor-element-25380d3d\" data-id=\"25380d3d\" data-element_type=\"column\" data-e-type=\"column\">\n\t\t\t<div class=\"elementor-widget-wrap elementor-element-populated\">\n\t\t\t\t\t\t<div class=\"elementor-element elementor-element-624a37ae elementor-widget elementor-widget-heading\" data-id=\"624a37ae\" data-element_type=\"widget\" data-e-type=\"widget\" data-widget_type=\"heading.default\">\n\t\t\t\t<div class=\"elementor-widget-container\">\n\t\t\t\t\t<h1 class=\"elementor-heading-title elementor-size-medium\">La vie a plus d'imagination que nous<\/h1>\t\t\t\t<\/div>\n\t\t\t\t<\/div>\n\t\t\t\t<div class=\"elementor-element elementor-element-26343892 elementor-view-default elementor-widget elementor-widget-icon\" data-id=\"26343892\" data-element_type=\"widget\" data-e-type=\"widget\" data-widget_type=\"icon.default\">\n\t\t\t\t<div class=\"elementor-widget-container\">\n\t\t\t\t\t\t\t<div class=\"elementor-icon-wrapper\">\n\t\t\t<div class=\"elementor-icon\">\n\t\t\t<i aria-hidden=\"true\" class=\"fas fa-candy-cane\"><\/i>\t\t\t<\/div>\n\t\t<\/div>\n\t\t\t\t\t\t<\/div>\n\t\t\t\t<\/div>\n\t\t\t\t<div class=\"elementor-element elementor-element-16003d3b elementor-widget-divider--view-line elementor-widget elementor-widget-divider\" data-id=\"16003d3b\" data-element_type=\"widget\" data-e-type=\"widget\" data-widget_type=\"divider.default\">\n\t\t\t\t<div class=\"elementor-widget-container\">\n\t\t\t\t\t\t\t<div class=\"elementor-divider\">\n\t\t\t<span class=\"elementor-divider-separator\">\n\t\t\t\t\t\t<\/span>\n\t\t<\/div>\n\t\t\t\t\t\t<\/div>\n\t\t\t\t<\/div>\n\t\t\t\t<div class=\"elementor-element elementor-element-33bbce7c elementor-widget elementor-widget-heading\" data-id=\"33bbce7c\" data-element_type=\"widget\" data-e-type=\"widget\" data-widget_type=\"heading.default\">\n\t\t\t\t<div class=\"elementor-widget-container\">\n\t\t\t\t\t<h2 class=\"elementor-heading-title elementor-size-medium\">R\u00e9sum\u00e9<\/h2>\t\t\t\t<\/div>\n\t\t\t\t<\/div>\n\t\t\t\t<div class=\"elementor-element elementor-element-65512499 elementor-widget elementor-widget-text-editor\" data-id=\"65512499\" data-element_type=\"widget\" data-e-type=\"widget\" data-widget_type=\"text-editor.default\">\n\t\t\t\t<div class=\"elementor-widget-container\">\n\t\t\t\t\t\t\t\t\t<p>Apr\u00e8s sa r\u00e9cente rupture avec Cl\u00e9ment, L\u00e9na redoutait une fois encore les vacances de No\u00ebl dans sa famille quelque peu agit\u00e9e. Mais elle n\u2019imaginait pas avoir affaire \u00e0 un nouveau cataclysme. Cette fois, c\u2019est son p\u00e8re qui fait des siennes ! Une semaine avant No\u00ebl, la voil\u00e0 forc\u00e9e de venir le chercher \u00e0 l\u2019h\u00f4pital, car il a \u00e9t\u00e9 ramass\u00e9 ivre mort devant la grille du cimeti\u00e8re de Vallenot\u2026 Qu\u2019est-ce qui lui a pris ? Et pourquoi a-t-il rompu avec sa derni\u00e8re conqu\u00eate ? Comme si cela ne suffisait pas, sa m\u00e8re a d\u00e9cid\u00e9 de la recaser avec Cl\u00e9ment, Mamie Jacotte l\u2019a inscrite en secret sur un site de rencontres et son oncle Xavier a invit\u00e9 un SDF pour les f\u00eates\u2026 Cette ann\u00e9e, encore, les vacances ne s\u2019annoncent pas de tout repos ! Heureusement qu\u2019il y aura la neige, le chocolat chaud, le march\u00e9 de No\u00ebl et les traditionnelles d\u00e9corations au programme !<\/p>\t\t\t\t\t\t\t\t<\/div>\n\t\t\t\t<\/div>\n\t\t\t\t<div class=\"elementor-element elementor-element-7c92b50c elementor-widget-divider--view-line elementor-widget elementor-widget-divider\" data-id=\"7c92b50c\" data-element_type=\"widget\" data-e-type=\"widget\" data-widget_type=\"divider.default\">\n\t\t\t\t<div class=\"elementor-widget-container\">\n\t\t\t\t\t\t\t<div class=\"elementor-divider\">\n\t\t\t<span class=\"elementor-divider-separator\">\n\t\t\t\t\t\t<\/span>\n\t\t<\/div>\n\t\t\t\t\t\t<\/div>\n\t\t\t\t<\/div>\n\t\t\t\t<div class=\"elementor-element elementor-element-6ea88edc elementor-widget elementor-widget-heading\" data-id=\"6ea88edc\" data-element_type=\"widget\" data-e-type=\"widget\" data-widget_type=\"heading.default\">\n\t\t\t\t<div class=\"elementor-widget-container\">\n\t\t\t\t\t<h2 class=\"elementor-heading-title elementor-size-medium\">Ma note<\/h2>\t\t\t\t<\/div>\n\t\t\t\t<\/div>\n\t\t\t\t<div class=\"elementor-element elementor-element-58a6230f elementor-star-rating--align-center elementor--star-style-star_fontawesome elementor-widget elementor-widget-star-rating\" data-id=\"58a6230f\" data-element_type=\"widget\" data-e-type=\"widget\" data-widget_type=\"star-rating.default\">\n\t\t\t\t<div class=\"elementor-widget-container\">\n\t\t\t\t\t\t\t<div class=\"elementor-star-rating__wrapper\">\n\t\t\t\t\t\t<div class=\"elementor-star-rating\" itemtype=\"http:\/\/schema.org\/Rating\" itemscope=\"\" itemprop=\"reviewRating\">\n\t\t\t\t<i class=\"elementor-star-full\" aria-hidden=\"true\">&#xE934;<\/i><i class=\"elementor-star-full\" aria-hidden=\"true\">&#xE934;<\/i><i class=\"elementor-star-full\" aria-hidden=\"true\">&#xE934;<\/i><i class=\"elementor-star-full\" aria-hidden=\"true\">&#xE934;<\/i><i class=\"elementor-star-full\" aria-hidden=\"true\">&#xE934;<\/i>\t\t\t\t<span itemprop=\"ratingValue\" class=\"elementor-screen-only\">Not\u00e9 5 sur 5<\/span>\n\t\t\t<\/div>\n\t\t<\/div>\n\t\t\t\t\t\t<\/div>\n\t\t\t\t<\/div>\n\t\t\t\t<div class=\"elementor-element elementor-element-15f607b5 elementor-widget-divider--view-line elementor-widget elementor-widget-divider\" data-id=\"15f607b5\" data-element_type=\"widget\" data-e-type=\"widget\" data-widget_type=\"divider.default\">\n\t\t\t\t<div class=\"elementor-widget-container\">\n\t\t\t\t\t\t\t<div class=\"elementor-divider\">\n\t\t\t<span class=\"elementor-divider-separator\">\n\t\t\t\t\t\t<\/span>\n\t\t<\/div>\n\t\t\t\t\t\t<\/div>\n\t\t\t\t<\/div>\n\t\t\t\t<div class=\"elementor-element elementor-element-1b42d11e elementor-widget elementor-widget-heading\" data-id=\"1b42d11e\" data-element_type=\"widget\" data-e-type=\"widget\" data-widget_type=\"heading.default\">\n\t\t\t\t<div class=\"elementor-widget-container\">\n\t\t\t\t\t<h2 class=\"elementor-heading-title elementor-size-medium\">La vie a plus d'imagination que nous, enfin , qu'eux<\/h2>\t\t\t\t<\/div>\n\t\t\t\t<\/div>\n\t\t\t\t<div class=\"elementor-element elementor-element-7095424a elementor-widget elementor-widget-text-editor\" data-id=\"7095424a\" data-element_type=\"widget\" data-e-type=\"widget\" data-widget_type=\"text-editor.default\">\n\t\t\t\t<div class=\"elementor-widget-container\">\n\t\t\t\t\t\t\t\t\t<p><span style=\"font-family: 'Roboto', Times, serif; font-size: 16px;\">Apr\u00e8s <a href=\"https:\/\/sorbetkiwi.fr\/index.php\/la-vie-est-belle-et-drole-a-la-fois\/\">La vie est belle et dr\u00f4le \u00e0 la fois<\/a>, Clarisse Sabard proposait sa suite, en 2019. Et quel plaisir cela a \u00e9t\u00e9 pour moi de d\u00e9couvrir La vie a plus d&rsquo;imagination que nous. Cette couverture ne peut, d&rsquo;ailleurs, que donner envie ! Des petits g\u00e2teaux \u00e0 croquer dedans, de la cannelle et des petits \u00e9l\u00e9ments qui sugg\u00e8rent No\u00ebl, j\u2019ach\u00e8te direct ! On retrouve L\u00e9na, qui a un peu fait la paix avec No\u00ebl, mais pas avec les incidents qui entourent sa famille \u00e0 cette p\u00e9riode. Cl\u00e9ment l\u2019a quitt\u00e9, apr\u00e8s le d\u00e9part d\u2019un incendie volontaire sur son restaurant, et tous les troubles \u00e9motionnels que cela implique. En plus de la peine de c\u0153ur de L\u00e9na, une aura myst\u00e9rieuse et une petite qu\u00eate du coupable va nous accompagner tout le long de notre lecture.<\/span><\/p>\t\t\t\t\t\t\t\t<\/div>\n\t\t\t\t<\/div>\n\t\t\t\t<div class=\"elementor-element elementor-element-772ba93b elementor-widget-divider--view-line elementor-widget elementor-widget-divider\" data-id=\"772ba93b\" data-element_type=\"widget\" data-e-type=\"widget\" data-widget_type=\"divider.default\">\n\t\t\t\t<div class=\"elementor-widget-container\">\n\t\t\t\t\t\t\t<div class=\"elementor-divider\">\n\t\t\t<span class=\"elementor-divider-separator\">\n\t\t\t\t\t\t<\/span>\n\t\t<\/div>\n\t\t\t\t\t\t<\/div>\n\t\t\t\t<\/div>\n\t\t\t\t<div class=\"elementor-element elementor-element-2e0a5372 elementor-widget elementor-widget-heading\" data-id=\"2e0a5372\" data-element_type=\"widget\" data-e-type=\"widget\" data-widget_type=\"heading.default\">\n\t\t\t\t<div class=\"elementor-widget-container\">\n\t\t\t\t\t<h4 class=\"elementor-heading-title elementor-size-medium\">\"\u2013 Je t\u2019ai apport\u00e9 des Quality Street. La vendeuse m\u2019a assur\u00e9 que les personnes \u00e2g\u00e9es en sont friande.\nMa grand-m\u00e8re la d\u00e9visage et, l\u2019espace d\u2019un instant, je me demande si elle ne va pas lui jeter les bonbons au visage.\"<\/h4>\t\t\t\t<\/div>\n\t\t\t\t<\/div>\n\t\t\t\t<div class=\"elementor-element elementor-element-1cd5ef3c elementor-widget-divider--view-line elementor-widget elementor-widget-divider\" data-id=\"1cd5ef3c\" data-element_type=\"widget\" data-e-type=\"widget\" data-widget_type=\"divider.default\">\n\t\t\t\t<div class=\"elementor-widget-container\">\n\t\t\t\t\t\t\t<div class=\"elementor-divider\">\n\t\t\t<span class=\"elementor-divider-separator\">\n\t\t\t\t\t\t<\/span>\n\t\t<\/div>\n\t\t\t\t\t\t<\/div>\n\t\t\t\t<\/div>\n\t\t\t\t<div class=\"elementor-element elementor-element-13dd5bde elementor-widget elementor-widget-heading\" data-id=\"13dd5bde\" data-element_type=\"widget\" data-e-type=\"widget\" data-widget_type=\"heading.default\">\n\t\t\t\t<div class=\"elementor-widget-container\">\n\t\t\t\t\t<h2 class=\"elementor-heading-title elementor-size-medium\">Des personnages hilarants<\/h2>\t\t\t\t<\/div>\n\t\t\t\t<\/div>\n\t\t\t\t<div class=\"elementor-element elementor-element-48f6609c elementor-widget elementor-widget-text-editor\" data-id=\"48f6609c\" data-element_type=\"widget\" data-e-type=\"widget\" data-widget_type=\"text-editor.default\">\n\t\t\t\t<div class=\"elementor-widget-container\">\n\t\t\t\t\t\t\t\t\t<div class=\"x_elementToProof elementToProof\">Alors qu\u2019en 2018, la maman de L\u00e9na \u00e9tait absente, elle nous fait le plaisir de sa pr\u00e9sence cette ann\u00e9e ! J\u2019ai ador\u00e9 son personnage, elle me faisait beaucoup sourire. En fait, nous avons droit \u00e0 toute une panoplie de nouveaux venus : Catherine, la s\u0153ur de Mamie Jacotte, qui est touchante malgr\u00e9 certains aspects vieillot de sa personnalit\u00e9, ce qui lui correspond parfaitement bien. Elle am\u00e8ne Emma-Lou, une adolescente qui va permettre \u00e0 l\u2019autrice d\u2019introduire des th\u00e9matiques difficiles qui touchent les jeunes d\u2019aujourd\u2019hui. Et puis, il y a Lucien, une personne SDF qui a trouv\u00e9 refuge dans la paroisse locale, et qui fait un duo hors-pair avec Jacotte. Ils m\u2019ont fait pleurer de rire ces deux-l\u00e0, je n\u2019en pouvais plus ! Cela faisait tr\u00e8s longtemps que je n\u2019avais plus autant ris en lisant un roman, et c\u2019est ce couple de personnages qui \u00e0 r\u00e9ussi cela.<\/div>\t\t\t\t\t\t\t\t<\/div>\n\t\t\t\t<\/div>\n\t\t\t\t<div class=\"elementor-element elementor-element-67b7a9e9 elementor-widget-divider--view-line elementor-widget elementor-widget-divider\" data-id=\"67b7a9e9\" data-element_type=\"widget\" data-e-type=\"widget\" data-widget_type=\"divider.default\">\n\t\t\t\t<div class=\"elementor-widget-container\">\n\t\t\t\t\t\t\t<div class=\"elementor-divider\">\n\t\t\t<span class=\"elementor-divider-separator\">\n\t\t\t\t\t\t<\/span>\n\t\t<\/div>\n\t\t\t\t\t\t<\/div>\n\t\t\t\t<\/div>\n\t\t\t\t<div class=\"elementor-element elementor-element-2f878d50 elementor-widget elementor-widget-heading\" data-id=\"2f878d50\" data-element_type=\"widget\" data-e-type=\"widget\" data-widget_type=\"heading.default\">\n\t\t\t\t<div class=\"elementor-widget-container\">\n\t\t\t\t\t<h2 class=\"elementor-heading-title elementor-size-medium\">Vallenot, notre maison de No\u00ebl<\/h2>\t\t\t\t<\/div>\n\t\t\t\t<\/div>\n\t\t\t\t<div class=\"elementor-element elementor-element-5a452a28 elementor-widget elementor-widget-text-editor\" data-id=\"5a452a28\" data-element_type=\"widget\" data-e-type=\"widget\" data-widget_type=\"text-editor.default\">\n\t\t\t\t<div class=\"elementor-widget-container\">\n\t\t\t\t\t\t\t\t\t<p>On reste sur une romance contemporaine, avec le couple L\u00e9na-Cl\u00e9ment qui est s\u00e9par\u00e9, mais qu\u2019on aimerait beaucoup voir se retrouver. Cela dit, j\u2019ai trouv\u00e9 Cl\u00e9ment incroyablement grognon ! J\u2019ai compris son attitude, \u00e0 la fin, mais L\u00e9na n\u2019a rien fait pour m\u00e9riter la fa\u00e7on dont il l\u2019a traite. Est-ce qu\u2019ils finissent par retrouver le chemin de l\u2019amour ? Je ne dirai rien ! Comme dans\u00a0<em>La vie est belle et dr\u00f4le \u00e0 la fois<\/em>, j\u2019ai surtout beaucoup ris, j\u2019ai \u00e9t\u00e9 berc\u00e9e par l\u2019ambiance de no\u00ebl avec Mariah Carey \u00e0 toutes les sauces, et par une bonne humeur \u00e0 toute \u00e9preuve. Retrouver les personnages de Vallenot est une source de bonheur \u00e0 No\u00ebl ! Que de rire, de sourires et de myst\u00e8res \u00e0 la montagne, dans une famille d\u00e9jant\u00e9e mais qu\u2019on n\u2019a pas envie de quitter. Bref, c\u2019est encore une r\u00e9ussite, et on en veut toujours plus ! Joyeux No\u00ebl !<\/p><p>Cette chronique de La vie a plus d&rsquo;imagination que nous a initialement \u00e9t\u00e9 publi\u00e9e sur <a href=\"https:\/\/sorbetkiwi.wordpress.com\/2019\/12\/24\/la-vie-est-belle-et-drole-a-la-fois-t-2-la-vie-a-plus-dimagination-que-nous-de-clarisse-sabard\/\">mon ancien blog<\/a>.<\/p>\t\t\t\t\t\t\t\t<\/div>\n\t\t\t\t<\/div>\n\t\t\t\t\t<\/div>\n\t\t<\/div>\n\t\t\t\t\t<\/div>\n\t\t<\/section>\n\t\t\t\t<\/div>\n\t\t","protected":false},"excerpt":{"rendered":"<p>La vie a plus d&rsquo;imagination que nous R\u00e9sum\u00e9 Apr\u00e8s sa r\u00e9cente rupture avec Cl\u00e9ment, L\u00e9na redoutait une fois encore les vacances de No\u00ebl dans sa famille quelque peu agit\u00e9e. Mais elle n\u2019imaginait pas avoir affaire &hellip; <\/p>\n","protected":false},"author":1,"featured_media":1268,"comment_status":"open","ping_status":"open","sticky":false,"template":"","format":"standard","meta":{"footnotes":""},"categories":[9,17,8,1],"tags":[28,31,301,32,270,230,300],"class_list":["post-1259","post","type-post","status-publish","format-standard","has-post-thumbnail","hentry","category-coups-de-coeur","category-noel","category-partenariats","category-tout-le-blog","tag-clarisse-sabard","tag-editions-charleston","tag-la-vie-a-plus-dimagination-que-nous","tag-la-vie-est-belle-et-drole-a-la-fois","tag-noel","tag-roman-contemporain","tag-romance-de-noel","has-single-img"],"yoast_head":"<!-- This site is optimized with the Yoast SEO plugin v27.4 - https:\/\/yoast.com\/product\/yoast-seo-wordpress\/ -->\n<title>La vie a plus d&#039;imagination que nous de Clarisse Sabard - Sorbet Kiwi<\/title>\n<meta name=\"description\" content=\"Ma chronique de La vie a plus d&#039;imagination que nous de Clarisse Sabard, le premier tome de sa saga de No\u00ebl \u00e0 Vallenot.\" \/>\n<meta name=\"robots\" content=\"index, follow, max-snippet:-1, max-image-preview:large, max-video-preview:-1\" \/>\n<link rel=\"canonical\" href=\"https:\/\/sorbetkiwi.fr\/index.php\/la-vie-a-plus-dimagination-que-nous-de-clarisse-sabard\/\" \/>\n<meta property=\"og:locale\" content=\"fr_FR\" \/>\n<meta property=\"og:type\" content=\"article\" \/>\n<meta property=\"og:title\" content=\"La vie a plus d&#039;imagination que nous de Clarisse Sabard - Sorbet Kiwi\" \/>\n<meta property=\"og:description\" content=\"Ma chronique de La vie a plus d&#039;imagination que nous de Clarisse Sabard, le premier tome de sa saga de No\u00ebl \u00e0 Vallenot.\" \/>\n<meta property=\"og:url\" content=\"https:\/\/sorbetkiwi.fr\/index.php\/la-vie-a-plus-dimagination-que-nous-de-clarisse-sabard\/\" \/>\n<meta property=\"og:site_name\" content=\"Sorbet Kiwi\" \/>\n<meta property=\"article:publisher\" content=\"https:\/\/www.facebook.com\/profile.php?id=100086238893269\" \/>\n<meta property=\"article:published_time\" content=\"2022-12-07T20:30:39+00:00\" \/>\n<meta property=\"article:modified_time\" content=\"2022-12-07T20:30:40+00:00\" \/>\n<meta property=\"og:image\" content=\"https:\/\/sorbetkiwi.fr\/wp-content\/uploads\/2022\/12\/La-vie-a-plus-dimagination-que-nous-Clarisse-Sabard.jpg\" \/>\n\t<meta property=\"og:image:width\" content=\"617\" \/>\n\t<meta property=\"og:image:height\" content=\"823\" \/>\n\t<meta property=\"og:image:type\" content=\"image\/jpeg\" \/>\n<meta name=\"author\" content=\"Sorbet-Kiwi\" \/>\n<meta name=\"twitter:card\" content=\"summary_large_image\" \/>\n<meta name=\"twitter:creator\" content=\"@pepparshoes\" \/>\n<meta name=\"twitter:site\" content=\"@pepparshoes\" \/>\n<meta name=\"twitter:label1\" content=\"\u00c9crit par\" \/>\n\t<meta name=\"twitter:data1\" content=\"Sorbet-Kiwi\" \/>\n\t<meta name=\"twitter:label2\" content=\"Dur\u00e9e de lecture estim\u00e9e\" \/>\n\t<meta name=\"twitter:data2\" content=\"4 minutes\" \/>\n<script type=\"application\/ld+json\" class=\"yoast-schema-graph\">{\"@context\":\"https:\\\/\\\/schema.org\",\"@graph\":[{\"@type\":\"Article\",\"@id\":\"https:\\\/\\\/sorbetkiwi.fr\\\/index.php\\\/la-vie-a-plus-dimagination-que-nous-de-clarisse-sabard\\\/#article\",\"isPartOf\":{\"@id\":\"https:\\\/\\\/sorbetkiwi.fr\\\/index.php\\\/la-vie-a-plus-dimagination-que-nous-de-clarisse-sabard\\\/\"},\"author\":{\"name\":\"Sorbet-Kiwi\",\"@id\":\"https:\\\/\\\/sorbetkiwi.fr\\\/#\\\/schema\\\/person\\\/ed1b7b527a2957ddc3bf38b076540659\"},\"headline\":\"La vie a plus d&rsquo;imagination que nous de Clarisse Sabard\",\"datePublished\":\"2022-12-07T20:30:39+00:00\",\"dateModified\":\"2022-12-07T20:30:40+00:00\",\"mainEntityOfPage\":{\"@id\":\"https:\\\/\\\/sorbetkiwi.fr\\\/index.php\\\/la-vie-a-plus-dimagination-que-nous-de-clarisse-sabard\\\/\"},\"wordCount\":755,\"commentCount\":7,\"publisher\":{\"@id\":\"https:\\\/\\\/sorbetkiwi.fr\\\/#organization\"},\"image\":{\"@id\":\"https:\\\/\\\/sorbetkiwi.fr\\\/index.php\\\/la-vie-a-plus-dimagination-que-nous-de-clarisse-sabard\\\/#primaryimage\"},\"thumbnailUrl\":\"https:\\\/\\\/sorbetkiwi.fr\\\/wp-content\\\/uploads\\\/2022\\\/12\\\/La-vie-a-plus-dimagination-que-nous-Clarisse-Sabard.jpg\",\"keywords\":[\"Clarisse Sabard\",\"Editions Charleston\",\"La vie a plus d&#039;imagination que nous\",\"La vie est belle et dr\u00f4le \u00e0 la fois\",\"No\u00ebl\",\"Roman contemporain\",\"Romance de No\u00ebl\"],\"articleSection\":[\"Coups de coeur\",\"No\u00ebl\",\"Partenariats\",\"Tout le blog\"],\"inLanguage\":\"fr-FR\",\"potentialAction\":[{\"@type\":\"CommentAction\",\"name\":\"Comment\",\"target\":[\"https:\\\/\\\/sorbetkiwi.fr\\\/index.php\\\/la-vie-a-plus-dimagination-que-nous-de-clarisse-sabard\\\/#respond\"]}]},{\"@type\":\"WebPage\",\"@id\":\"https:\\\/\\\/sorbetkiwi.fr\\\/index.php\\\/la-vie-a-plus-dimagination-que-nous-de-clarisse-sabard\\\/\",\"url\":\"https:\\\/\\\/sorbetkiwi.fr\\\/index.php\\\/la-vie-a-plus-dimagination-que-nous-de-clarisse-sabard\\\/\",\"name\":\"La vie a plus d'imagination que nous de Clarisse Sabard - Sorbet Kiwi\",\"isPartOf\":{\"@id\":\"https:\\\/\\\/sorbetkiwi.fr\\\/#website\"},\"primaryImageOfPage\":{\"@id\":\"https:\\\/\\\/sorbetkiwi.fr\\\/index.php\\\/la-vie-a-plus-dimagination-que-nous-de-clarisse-sabard\\\/#primaryimage\"},\"image\":{\"@id\":\"https:\\\/\\\/sorbetkiwi.fr\\\/index.php\\\/la-vie-a-plus-dimagination-que-nous-de-clarisse-sabard\\\/#primaryimage\"},\"thumbnailUrl\":\"https:\\\/\\\/sorbetkiwi.fr\\\/wp-content\\\/uploads\\\/2022\\\/12\\\/La-vie-a-plus-dimagination-que-nous-Clarisse-Sabard.jpg\",\"datePublished\":\"2022-12-07T20:30:39+00:00\",\"dateModified\":\"2022-12-07T20:30:40+00:00\",\"description\":\"Ma chronique de La vie a plus d'imagination que nous de Clarisse Sabard, le premier tome de sa saga de No\u00ebl \u00e0 Vallenot.\",\"breadcrumb\":{\"@id\":\"https:\\\/\\\/sorbetkiwi.fr\\\/index.php\\\/la-vie-a-plus-dimagination-que-nous-de-clarisse-sabard\\\/#breadcrumb\"},\"inLanguage\":\"fr-FR\",\"potentialAction\":[{\"@type\":\"ReadAction\",\"target\":[\"https:\\\/\\\/sorbetkiwi.fr\\\/index.php\\\/la-vie-a-plus-dimagination-que-nous-de-clarisse-sabard\\\/\"]}]},{\"@type\":\"ImageObject\",\"inLanguage\":\"fr-FR\",\"@id\":\"https:\\\/\\\/sorbetkiwi.fr\\\/index.php\\\/la-vie-a-plus-dimagination-que-nous-de-clarisse-sabard\\\/#primaryimage\",\"url\":\"https:\\\/\\\/sorbetkiwi.fr\\\/wp-content\\\/uploads\\\/2022\\\/12\\\/La-vie-a-plus-dimagination-que-nous-Clarisse-Sabard.jpg\",\"contentUrl\":\"https:\\\/\\\/sorbetkiwi.fr\\\/wp-content\\\/uploads\\\/2022\\\/12\\\/La-vie-a-plus-dimagination-que-nous-Clarisse-Sabard.jpg\",\"width\":617,\"height\":823,\"caption\":\"La vie a plus d'imagination que nous Clarisse Sabard\"},{\"@type\":\"BreadcrumbList\",\"@id\":\"https:\\\/\\\/sorbetkiwi.fr\\\/index.php\\\/la-vie-a-plus-dimagination-que-nous-de-clarisse-sabard\\\/#breadcrumb\",\"itemListElement\":[{\"@type\":\"ListItem\",\"position\":1,\"name\":\"Accueil\",\"item\":\"https:\\\/\\\/sorbetkiwi.fr\\\/\"},{\"@type\":\"ListItem\",\"position\":2,\"name\":\"La vie a plus d&rsquo;imagination que nous de Clarisse Sabard\"}]},{\"@type\":\"WebSite\",\"@id\":\"https:\\\/\\\/sorbetkiwi.fr\\\/#website\",\"url\":\"https:\\\/\\\/sorbetkiwi.fr\\\/\",\"name\":\"Sorbet Kiwi\",\"description\":\"Des lectures th\u00e9matiques par saison et les avis qui vont avec\",\"publisher\":{\"@id\":\"https:\\\/\\\/sorbetkiwi.fr\\\/#organization\"},\"potentialAction\":[{\"@type\":\"SearchAction\",\"target\":{\"@type\":\"EntryPoint\",\"urlTemplate\":\"https:\\\/\\\/sorbetkiwi.fr\\\/?s={search_term_string}\"},\"query-input\":{\"@type\":\"PropertyValueSpecification\",\"valueRequired\":true,\"valueName\":\"search_term_string\"}}],\"inLanguage\":\"fr-FR\"},{\"@type\":\"Organization\",\"@id\":\"https:\\\/\\\/sorbetkiwi.fr\\\/#organization\",\"name\":\"Sorbet Kiwi\",\"url\":\"https:\\\/\\\/sorbetkiwi.fr\\\/\",\"logo\":{\"@type\":\"ImageObject\",\"inLanguage\":\"fr-FR\",\"@id\":\"https:\\\/\\\/sorbetkiwi.fr\\\/#\\\/schema\\\/logo\\\/image\\\/\",\"url\":\"https:\\\/\\\/sorbetkiwi.fr\\\/wp-content\\\/uploads\\\/2022\\\/10\\\/Banniere-Sorbet-Kiwi-2022.jpg\",\"contentUrl\":\"https:\\\/\\\/sorbetkiwi.fr\\\/wp-content\\\/uploads\\\/2022\\\/10\\\/Banniere-Sorbet-Kiwi-2022.jpg\",\"width\":814,\"height\":401,\"caption\":\"Sorbet Kiwi\"},\"image\":{\"@id\":\"https:\\\/\\\/sorbetkiwi.fr\\\/#\\\/schema\\\/logo\\\/image\\\/\"},\"sameAs\":[\"https:\\\/\\\/www.facebook.com\\\/profile.php?id=100086238893269\",\"https:\\\/\\\/x.com\\\/pepparshoes\",\"https:\\\/\\\/www.instagram.com\\\/sorbetkiwi\\\/\",\"https:\\\/\\\/www.tiktok.com\\\/sorbetkiwi\"]},{\"@type\":\"Person\",\"@id\":\"https:\\\/\\\/sorbetkiwi.fr\\\/#\\\/schema\\\/person\\\/ed1b7b527a2957ddc3bf38b076540659\",\"name\":\"Sorbet-Kiwi\",\"image\":{\"@type\":\"ImageObject\",\"inLanguage\":\"fr-FR\",\"@id\":\"https:\\\/\\\/secure.gravatar.com\\\/avatar\\\/86f0a5c27d76317621b9e374d0f3a01d3a85278f10d0c7207ced4fd773057442?s=96&d=mm&r=g\",\"url\":\"https:\\\/\\\/secure.gravatar.com\\\/avatar\\\/86f0a5c27d76317621b9e374d0f3a01d3a85278f10d0c7207ced4fd773057442?s=96&d=mm&r=g\",\"contentUrl\":\"https:\\\/\\\/secure.gravatar.com\\\/avatar\\\/86f0a5c27d76317621b9e374d0f3a01d3a85278f10d0c7207ced4fd773057442?s=96&d=mm&r=g\",\"caption\":\"Sorbet-Kiwi\"},\"sameAs\":[\"http:\\\/\\\/sorbetkiwi.fr\"],\"url\":\"https:\\\/\\\/sorbetkiwi.fr\\\/index.php\\\/author\\\/admin7717\\\/\"}]}<\/script>\n<!-- \/ Yoast SEO plugin. -->","yoast_head_json":{"title":"La vie a plus d'imagination que nous de Clarisse Sabard - Sorbet Kiwi","description":"Ma chronique de La vie a plus d'imagination que nous de Clarisse Sabard, le premier tome de sa saga de No\u00ebl \u00e0 Vallenot.","robots":{"index":"index","follow":"follow","max-snippet":"max-snippet:-1","max-image-preview":"max-image-preview:large","max-video-preview":"max-video-preview:-1"},"canonical":"https:\/\/sorbetkiwi.fr\/index.php\/la-vie-a-plus-dimagination-que-nous-de-clarisse-sabard\/","og_locale":"fr_FR","og_type":"article","og_title":"La vie a plus d'imagination que nous de Clarisse Sabard - Sorbet Kiwi","og_description":"Ma chronique de La vie a plus d'imagination que nous de Clarisse Sabard, le premier tome de sa saga de No\u00ebl \u00e0 Vallenot.","og_url":"https:\/\/sorbetkiwi.fr\/index.php\/la-vie-a-plus-dimagination-que-nous-de-clarisse-sabard\/","og_site_name":"Sorbet Kiwi","article_publisher":"https:\/\/www.facebook.com\/profile.php?id=100086238893269","article_published_time":"2022-12-07T20:30:39+00:00","article_modified_time":"2022-12-07T20:30:40+00:00","og_image":[{"width":617,"height":823,"url":"https:\/\/sorbetkiwi.fr\/wp-content\/uploads\/2022\/12\/La-vie-a-plus-dimagination-que-nous-Clarisse-Sabard.jpg","type":"image\/jpeg"}],"author":"Sorbet-Kiwi","twitter_card":"summary_large_image","twitter_creator":"@pepparshoes","twitter_site":"@pepparshoes","twitter_misc":{"\u00c9crit par":"Sorbet-Kiwi","Dur\u00e9e de lecture estim\u00e9e":"4 minutes"},"schema":{"@context":"https:\/\/schema.org","@graph":[{"@type":"Article","@id":"https:\/\/sorbetkiwi.fr\/index.php\/la-vie-a-plus-dimagination-que-nous-de-clarisse-sabard\/#article","isPartOf":{"@id":"https:\/\/sorbetkiwi.fr\/index.php\/la-vie-a-plus-dimagination-que-nous-de-clarisse-sabard\/"},"author":{"name":"Sorbet-Kiwi","@id":"https:\/\/sorbetkiwi.fr\/#\/schema\/person\/ed1b7b527a2957ddc3bf38b076540659"},"headline":"La vie a plus d&rsquo;imagination que nous de Clarisse Sabard","datePublished":"2022-12-07T20:30:39+00:00","dateModified":"2022-12-07T20:30:40+00:00","mainEntityOfPage":{"@id":"https:\/\/sorbetkiwi.fr\/index.php\/la-vie-a-plus-dimagination-que-nous-de-clarisse-sabard\/"},"wordCount":755,"commentCount":7,"publisher":{"@id":"https:\/\/sorbetkiwi.fr\/#organization"},"image":{"@id":"https:\/\/sorbetkiwi.fr\/index.php\/la-vie-a-plus-dimagination-que-nous-de-clarisse-sabard\/#primaryimage"},"thumbnailUrl":"https:\/\/sorbetkiwi.fr\/wp-content\/uploads\/2022\/12\/La-vie-a-plus-dimagination-que-nous-Clarisse-Sabard.jpg","keywords":["Clarisse Sabard","Editions Charleston","La vie a plus d&#039;imagination que nous","La vie est belle et dr\u00f4le \u00e0 la fois","No\u00ebl","Roman contemporain","Romance de No\u00ebl"],"articleSection":["Coups de coeur","No\u00ebl","Partenariats","Tout le blog"],"inLanguage":"fr-FR","potentialAction":[{"@type":"CommentAction","name":"Comment","target":["https:\/\/sorbetkiwi.fr\/index.php\/la-vie-a-plus-dimagination-que-nous-de-clarisse-sabard\/#respond"]}]},{"@type":"WebPage","@id":"https:\/\/sorbetkiwi.fr\/index.php\/la-vie-a-plus-dimagination-que-nous-de-clarisse-sabard\/","url":"https:\/\/sorbetkiwi.fr\/index.php\/la-vie-a-plus-dimagination-que-nous-de-clarisse-sabard\/","name":"La vie a plus d'imagination que nous de Clarisse Sabard - Sorbet Kiwi","isPartOf":{"@id":"https:\/\/sorbetkiwi.fr\/#website"},"primaryImageOfPage":{"@id":"https:\/\/sorbetkiwi.fr\/index.php\/la-vie-a-plus-dimagination-que-nous-de-clarisse-sabard\/#primaryimage"},"image":{"@id":"https:\/\/sorbetkiwi.fr\/index.php\/la-vie-a-plus-dimagination-que-nous-de-clarisse-sabard\/#primaryimage"},"thumbnailUrl":"https:\/\/sorbetkiwi.fr\/wp-content\/uploads\/2022\/12\/La-vie-a-plus-dimagination-que-nous-Clarisse-Sabard.jpg","datePublished":"2022-12-07T20:30:39+00:00","dateModified":"2022-12-07T20:30:40+00:00","description":"Ma chronique de La vie a plus d'imagination que nous de Clarisse Sabard, le premier tome de sa saga de No\u00ebl \u00e0 Vallenot.","breadcrumb":{"@id":"https:\/\/sorbetkiwi.fr\/index.php\/la-vie-a-plus-dimagination-que-nous-de-clarisse-sabard\/#breadcrumb"},"inLanguage":"fr-FR","potentialAction":[{"@type":"ReadAction","target":["https:\/\/sorbetkiwi.fr\/index.php\/la-vie-a-plus-dimagination-que-nous-de-clarisse-sabard\/"]}]},{"@type":"ImageObject","inLanguage":"fr-FR","@id":"https:\/\/sorbetkiwi.fr\/index.php\/la-vie-a-plus-dimagination-que-nous-de-clarisse-sabard\/#primaryimage","url":"https:\/\/sorbetkiwi.fr\/wp-content\/uploads\/2022\/12\/La-vie-a-plus-dimagination-que-nous-Clarisse-Sabard.jpg","contentUrl":"https:\/\/sorbetkiwi.fr\/wp-content\/uploads\/2022\/12\/La-vie-a-plus-dimagination-que-nous-Clarisse-Sabard.jpg","width":617,"height":823,"caption":"La vie a plus d'imagination que nous Clarisse Sabard"},{"@type":"BreadcrumbList","@id":"https:\/\/sorbetkiwi.fr\/index.php\/la-vie-a-plus-dimagination-que-nous-de-clarisse-sabard\/#breadcrumb","itemListElement":[{"@type":"ListItem","position":1,"name":"Accueil","item":"https:\/\/sorbetkiwi.fr\/"},{"@type":"ListItem","position":2,"name":"La vie a plus d&rsquo;imagination que nous de Clarisse Sabard"}]},{"@type":"WebSite","@id":"https:\/\/sorbetkiwi.fr\/#website","url":"https:\/\/sorbetkiwi.fr\/","name":"Sorbet Kiwi","description":"Des lectures th\u00e9matiques par saison et les avis qui vont avec","publisher":{"@id":"https:\/\/sorbetkiwi.fr\/#organization"},"potentialAction":[{"@type":"SearchAction","target":{"@type":"EntryPoint","urlTemplate":"https:\/\/sorbetkiwi.fr\/?s={search_term_string}"},"query-input":{"@type":"PropertyValueSpecification","valueRequired":true,"valueName":"search_term_string"}}],"inLanguage":"fr-FR"},{"@type":"Organization","@id":"https:\/\/sorbetkiwi.fr\/#organization","name":"Sorbet Kiwi","url":"https:\/\/sorbetkiwi.fr\/","logo":{"@type":"ImageObject","inLanguage":"fr-FR","@id":"https:\/\/sorbetkiwi.fr\/#\/schema\/logo\/image\/","url":"https:\/\/sorbetkiwi.fr\/wp-content\/uploads\/2022\/10\/Banniere-Sorbet-Kiwi-2022.jpg","contentUrl":"https:\/\/sorbetkiwi.fr\/wp-content\/uploads\/2022\/10\/Banniere-Sorbet-Kiwi-2022.jpg","width":814,"height":401,"caption":"Sorbet Kiwi"},"image":{"@id":"https:\/\/sorbetkiwi.fr\/#\/schema\/logo\/image\/"},"sameAs":["https:\/\/www.facebook.com\/profile.php?id=100086238893269","https:\/\/x.com\/pepparshoes","https:\/\/www.instagram.com\/sorbetkiwi\/","https:\/\/www.tiktok.com\/sorbetkiwi"]},{"@type":"Person","@id":"https:\/\/sorbetkiwi.fr\/#\/schema\/person\/ed1b7b527a2957ddc3bf38b076540659","name":"Sorbet-Kiwi","image":{"@type":"ImageObject","inLanguage":"fr-FR","@id":"https:\/\/secure.gravatar.com\/avatar\/86f0a5c27d76317621b9e374d0f3a01d3a85278f10d0c7207ced4fd773057442?s=96&d=mm&r=g","url":"https:\/\/secure.gravatar.com\/avatar\/86f0a5c27d76317621b9e374d0f3a01d3a85278f10d0c7207ced4fd773057442?s=96&d=mm&r=g","contentUrl":"https:\/\/secure.gravatar.com\/avatar\/86f0a5c27d76317621b9e374d0f3a01d3a85278f10d0c7207ced4fd773057442?s=96&d=mm&r=g","caption":"Sorbet-Kiwi"},"sameAs":["http:\/\/sorbetkiwi.fr"],"url":"https:\/\/sorbetkiwi.fr\/index.php\/author\/admin7717\/"}]}},"_links":{"self":[{"href":"https:\/\/sorbetkiwi.fr\/index.php\/wp-json\/wp\/v2\/posts\/1259","targetHints":{"allow":["GET"]}}],"collection":[{"href":"https:\/\/sorbetkiwi.fr\/index.php\/wp-json\/wp\/v2\/posts"}],"about":[{"href":"https:\/\/sorbetkiwi.fr\/index.php\/wp-json\/wp\/v2\/types\/post"}],"author":[{"embeddable":true,"href":"https:\/\/sorbetkiwi.fr\/index.php\/wp-json\/wp\/v2\/users\/1"}],"replies":[{"embeddable":true,"href":"https:\/\/sorbetkiwi.fr\/index.php\/wp-json\/wp\/v2\/comments?post=1259"}],"version-history":[{"count":9,"href":"https:\/\/sorbetkiwi.fr\/index.php\/wp-json\/wp\/v2\/posts\/1259\/revisions"}],"predecessor-version":[{"id":1269,"href":"https:\/\/sorbetkiwi.fr\/index.php\/wp-json\/wp\/v2\/posts\/1259\/revisions\/1269"}],"wp:featuredmedia":[{"embeddable":true,"href":"https:\/\/sorbetkiwi.fr\/index.php\/wp-json\/wp\/v2\/media\/1268"}],"wp:attachment":[{"href":"https:\/\/sorbetkiwi.fr\/index.php\/wp-json\/wp\/v2\/media?parent=1259"}],"wp:term":[{"taxonomy":"category","embeddable":true,"href":"https:\/\/sorbetkiwi.fr\/index.php\/wp-json\/wp\/v2\/categories?post=1259"},{"taxonomy":"post_tag","embeddable":true,"href":"https:\/\/sorbetkiwi.fr\/index.php\/wp-json\/wp\/v2\/tags?post=1259"}],"curies":[{"name":"wp","href":"https:\/\/api.w.org\/{rel}","templated":true}]}}