{"id":1128,"date":"2022-11-22T21:02:32","date_gmt":"2022-11-22T20:02:32","guid":{"rendered":"https:\/\/sorbetkiwi.fr\/?p=1128"},"modified":"2022-11-22T21:02:33","modified_gmt":"2022-11-22T20:02:33","slug":"bergeres-guerrieres-de-garnier-et-flechais","status":"publish","type":"post","link":"https:\/\/sorbetkiwi.fr\/index.php\/bergeres-guerrieres-de-garnier-et-flechais\/","title":{"rendered":"Berg\u00e8res Guerri\u00e8res de Garnier et Fl\u00e9chais"},"content":{"rendered":"\t\t<div data-elementor-type=\"wp-post\" data-elementor-id=\"1128\" class=\"elementor elementor-1128\">\n\t\t\t\t\t\t<section class=\"elementor-section elementor-top-section elementor-element elementor-element-16b58d04 elementor-section-boxed elementor-section-height-default elementor-section-height-default\" data-id=\"16b58d04\" data-element_type=\"section\" data-e-type=\"section\">\n\t\t\t\t\t\t<div class=\"elementor-container elementor-column-gap-default\">\n\t\t\t\t\t<div class=\"elementor-column elementor-col-100 elementor-top-column elementor-element elementor-element-3e742855\" data-id=\"3e742855\" data-element_type=\"column\" data-e-type=\"column\">\n\t\t\t<div class=\"elementor-widget-wrap elementor-element-populated\">\n\t\t\t\t\t\t<div class=\"elementor-element elementor-element-6f55cad5 elementor-widget elementor-widget-heading\" data-id=\"6f55cad5\" data-element_type=\"widget\" data-e-type=\"widget\" data-widget_type=\"heading.default\">\n\t\t\t\t<div class=\"elementor-widget-container\">\n\t\t\t\t\t<h1 class=\"elementor-heading-title elementor-size-medium\">Berg\u00e8res Guerri\u00e8res<\/h1>\t\t\t\t<\/div>\n\t\t\t\t<\/div>\n\t\t\t\t<div class=\"elementor-element elementor-element-452d36ce elementor-view-default elementor-widget elementor-widget-icon\" data-id=\"452d36ce\" data-element_type=\"widget\" data-e-type=\"widget\" data-widget_type=\"icon.default\">\n\t\t\t\t<div class=\"elementor-widget-container\">\n\t\t\t\t\t\t\t<div class=\"elementor-icon-wrapper\">\n\t\t\t<div class=\"elementor-icon\">\n\t\t\t<i aria-hidden=\"true\" class=\"fab fa-canadian-maple-leaf\"><\/i>\t\t\t<\/div>\n\t\t<\/div>\n\t\t\t\t\t\t<\/div>\n\t\t\t\t<\/div>\n\t\t\t\t<div class=\"elementor-element elementor-element-2fa9821f elementor-widget-divider--view-line elementor-widget elementor-widget-divider\" data-id=\"2fa9821f\" data-element_type=\"widget\" data-e-type=\"widget\" data-widget_type=\"divider.default\">\n\t\t\t\t<div class=\"elementor-widget-container\">\n\t\t\t\t\t\t\t<div class=\"elementor-divider\">\n\t\t\t<span class=\"elementor-divider-separator\">\n\t\t\t\t\t\t<\/span>\n\t\t<\/div>\n\t\t\t\t\t\t<\/div>\n\t\t\t\t<\/div>\n\t\t\t\t<div class=\"elementor-element elementor-element-11f310eb elementor-widget elementor-widget-heading\" data-id=\"11f310eb\" data-element_type=\"widget\" data-e-type=\"widget\" data-widget_type=\"heading.default\">\n\t\t\t\t<div class=\"elementor-widget-container\">\n\t\t\t\t\t<h2 class=\"elementor-heading-title elementor-size-medium\">R\u00e9sum\u00e9<\/h2>\t\t\t\t<\/div>\n\t\t\t\t<\/div>\n\t\t\t\t<div class=\"elementor-element elementor-element-586e33bc elementor-widget elementor-widget-text-editor\" data-id=\"586e33bc\" data-element_type=\"widget\" data-e-type=\"widget\" data-widget_type=\"text-editor.default\">\n\t\t\t\t<div class=\"elementor-widget-container\">\n\t\t\t\t\t\t\t\t\t<p>Voil\u00e0 maintenant dix ans que les hommes du village sont partis, mobilis\u00e9s de force pour la Grande Guerre. Dix ans qu&rsquo;ils ont laiss\u00e9 femmes, enfants et anciens pour un conflit loin de chez eux&#8230; La jeune Molly est heureuse car elle peut enfin commencer l&rsquo;entrainement pour tenter d&rsquo;entrer dans l&rsquo;ordre prestigieux des Berg\u00e8res guerri\u00e8res : un groupe de femmes choisies parmi les plus braves, pour prot\u00e9ger les troupeaux mais aussi le village ! Pour faire face aux nombreuses \u00e9preuves qui l&rsquo;attendent, Molly pourra compter, en plus de son courage, sur Barbe Noire, son bouc de combat, mais \u00e9galement sur l&rsquo;amiti\u00e9 de Liam, le petit paysan qui r\u00eave aussi de devenir Berg\u00e8re guerri\u00e8re m\u00eame si ce n&rsquo;est r\u00e9serv\u00e9 qu&rsquo;aux filles&#8230;<\/p>\t\t\t\t\t\t\t\t<\/div>\n\t\t\t\t<\/div>\n\t\t\t\t<div class=\"elementor-element elementor-element-7d61773e elementor-widget-divider--view-line elementor-widget elementor-widget-divider\" data-id=\"7d61773e\" data-element_type=\"widget\" data-e-type=\"widget\" data-widget_type=\"divider.default\">\n\t\t\t\t<div class=\"elementor-widget-container\">\n\t\t\t\t\t\t\t<div class=\"elementor-divider\">\n\t\t\t<span class=\"elementor-divider-separator\">\n\t\t\t\t\t\t<\/span>\n\t\t<\/div>\n\t\t\t\t\t\t<\/div>\n\t\t\t\t<\/div>\n\t\t\t\t<div class=\"elementor-element elementor-element-5b6709bc elementor-widget elementor-widget-heading\" data-id=\"5b6709bc\" data-element_type=\"widget\" data-e-type=\"widget\" data-widget_type=\"heading.default\">\n\t\t\t\t<div class=\"elementor-widget-container\">\n\t\t\t\t\t<h2 class=\"elementor-heading-title elementor-size-medium\">Ma note<\/h2>\t\t\t\t<\/div>\n\t\t\t\t<\/div>\n\t\t\t\t<div class=\"elementor-element elementor-element-14629e70 elementor-star-rating--align-center elementor--star-style-star_fontawesome elementor-widget elementor-widget-star-rating\" data-id=\"14629e70\" data-element_type=\"widget\" data-e-type=\"widget\" data-widget_type=\"star-rating.default\">\n\t\t\t\t<div class=\"elementor-widget-container\">\n\t\t\t\t\t\t\t<div class=\"elementor-star-rating__wrapper\">\n\t\t\t\t\t\t<div class=\"elementor-star-rating\" itemtype=\"http:\/\/schema.org\/Rating\" itemscope=\"\" itemprop=\"reviewRating\">\n\t\t\t\t<i class=\"elementor-star-full\" aria-hidden=\"true\">&#xE934;<\/i><i class=\"elementor-star-full\" aria-hidden=\"true\">&#xE934;<\/i><i class=\"elementor-star-full\" aria-hidden=\"true\">&#xE934;<\/i><i class=\"elementor-star-full\" aria-hidden=\"true\">&#xE934;<\/i><i class=\"elementor-star-full\" aria-hidden=\"true\">&#xE934;<\/i>\t\t\t\t<span itemprop=\"ratingValue\" class=\"elementor-screen-only\">Not\u00e9 5 sur 5<\/span>\n\t\t\t<\/div>\n\t\t<\/div>\n\t\t\t\t\t\t<\/div>\n\t\t\t\t<\/div>\n\t\t\t\t<div class=\"elementor-element elementor-element-60818756 elementor-widget-divider--view-line elementor-widget elementor-widget-divider\" data-id=\"60818756\" data-element_type=\"widget\" data-e-type=\"widget\" data-widget_type=\"divider.default\">\n\t\t\t\t<div class=\"elementor-widget-container\">\n\t\t\t\t\t\t\t<div class=\"elementor-divider\">\n\t\t\t<span class=\"elementor-divider-separator\">\n\t\t\t\t\t\t<\/span>\n\t\t<\/div>\n\t\t\t\t\t\t<\/div>\n\t\t\t\t<\/div>\n\t\t\t\t<div class=\"elementor-element elementor-element-7a081817 elementor-widget elementor-widget-heading\" data-id=\"7a081817\" data-element_type=\"widget\" data-e-type=\"widget\" data-widget_type=\"heading.default\">\n\t\t\t\t<div class=\"elementor-widget-container\">\n\t\t\t\t\t<h2 class=\"elementor-heading-title elementor-size-medium\">Une histoire originale et touchante<\/h2>\t\t\t\t<\/div>\n\t\t\t\t<\/div>\n\t\t\t\t<div class=\"elementor-element elementor-element-41c670b0 elementor-widget elementor-widget-text-editor\" data-id=\"41c670b0\" data-element_type=\"widget\" data-e-type=\"widget\" data-widget_type=\"text-editor.default\">\n\t\t\t\t<div class=\"elementor-widget-container\">\n\t\t\t\t\t\t\t\t\t<p>Le plaisir d&rsquo;\u00eatre b\u00e9n\u00e9vole \u00e0 la m\u00e9diath\u00e8que, c&rsquo;est d&rsquo;avoir des moments privil\u00e9gi\u00e9s avec ses employ\u00e9es. Notamment Nina, qui me donne tant de bons conseils ! Elle m&rsquo;a fortement incit\u00e9e \u00e0 d\u00e9couvrir les Berg\u00e8res Guerri\u00e8res, et d\u00e8s les premi\u00e8res pages, j&rsquo;ai ris. Quel bon signe ! Au del\u00e0 de l&rsquo;humour et du pitch hyper int\u00e9ressant, nous rencontrons tout d&rsquo;abord un groupe de jeunes femmes qui ont toutes grandis sans p\u00e8re. Une soci\u00e9t\u00e9 matriarcale, en sommes. Chacune a ses caract\u00e9ristiques et d\u00e9s le d\u00e9part, elles sont attachantes. Et puis, toutes ont cette volont\u00e9 de se d\u00e9passer, et nous de les encourager !<\/p>\t\t\t\t\t\t\t\t<\/div>\n\t\t\t\t<\/div>\n\t\t\t\t<div class=\"elementor-element elementor-element-73240e80 elementor-widget-divider--view-line elementor-widget elementor-widget-divider\" data-id=\"73240e80\" data-element_type=\"widget\" data-e-type=\"widget\" data-widget_type=\"divider.default\">\n\t\t\t\t<div class=\"elementor-widget-container\">\n\t\t\t\t\t\t\t<div class=\"elementor-divider\">\n\t\t\t<span class=\"elementor-divider-separator\">\n\t\t\t\t\t\t<\/span>\n\t\t<\/div>\n\t\t\t\t\t\t<\/div>\n\t\t\t\t<\/div>\n\t\t\t\t<div class=\"elementor-element elementor-element-1fa86ec7 elementor-widget elementor-widget-heading\" data-id=\"1fa86ec7\" data-element_type=\"widget\" data-e-type=\"widget\" data-widget_type=\"heading.default\">\n\t\t\t\t<div class=\"elementor-widget-container\">\n\t\t\t\t\t<h4 class=\"elementor-heading-title elementor-size-medium\">\"Nous nous devions de pr\u00e9server ce qui avait \u00e9t\u00e9 b\u00e2ti et de le d\u00e9fendre pour ceux qui restent comme ceux qui sont partis. C'est dans ce but qu'a \u00e9t\u00e9 fond\u00e9 l'ordre des berg\u00e8res guerri\u00e8res!\"<\/h4>\t\t\t\t<\/div>\n\t\t\t\t<\/div>\n\t\t\t\t<div class=\"elementor-element elementor-element-7a67f07e elementor-widget-divider--view-line elementor-widget elementor-widget-divider\" data-id=\"7a67f07e\" data-element_type=\"widget\" data-e-type=\"widget\" data-widget_type=\"divider.default\">\n\t\t\t\t<div class=\"elementor-widget-container\">\n\t\t\t\t\t\t\t<div class=\"elementor-divider\">\n\t\t\t<span class=\"elementor-divider-separator\">\n\t\t\t\t\t\t<\/span>\n\t\t<\/div>\n\t\t\t\t\t\t<\/div>\n\t\t\t\t<\/div>\n\t\t\t\t<div class=\"elementor-element elementor-element-540db97f elementor-widget elementor-widget-heading\" data-id=\"540db97f\" data-element_type=\"widget\" data-e-type=\"widget\" data-widget_type=\"heading.default\">\n\t\t\t\t<div class=\"elementor-widget-container\">\n\t\t\t\t\t<h2 class=\"elementor-heading-title elementor-size-medium\">Les valeurs de la famille et de l'amiti\u00e9<\/h2>\t\t\t\t<\/div>\n\t\t\t\t<\/div>\n\t\t\t\t<div class=\"elementor-element elementor-element-219d912a elementor-widget elementor-widget-text-editor\" data-id=\"219d912a\" data-element_type=\"widget\" data-e-type=\"widget\" data-widget_type=\"text-editor.default\">\n\t\t\t\t<div class=\"elementor-widget-container\">\n\t\t\t\t\t\t\t\t\t<p>J&rsquo;ai beaucoup aim\u00e9 les valeurs v\u00e9hicul\u00e9es dans ces 4 tomes. J&rsquo;\u00e9tais d&rsquo;ailleurs bien contente d&rsquo;avoir les 4 sous la main d&#8217;embl\u00e9e ! Molly, notre personnage principale, est une chouette jeune femme bien entour\u00e9e. Son amiti\u00e9 avec Liam m\u00e9rite d&rsquo;\u00eatre soulign\u00e9e, leurs histoires se rencontrent et elles m&rsquo;ont \u00e9mu. Mais c&rsquo;est aussi un beau r\u00e9cit familial, avec l&rsquo;amour entre Molly et sa maman. Et dans sa globalit\u00e9, tout le village partage la valeur de l&rsquo;entraide, m\u00eame les plus r\u00e9ticents d&rsquo;entre eux. Forc\u00e9ment, on a envie d&rsquo;y vivre !\u00a0<\/p>\t\t\t\t\t\t\t\t<\/div>\n\t\t\t\t<\/div>\n\t\t\t\t<div class=\"elementor-element elementor-element-4bd081c5 elementor-widget-divider--view-line elementor-widget elementor-widget-divider\" data-id=\"4bd081c5\" data-element_type=\"widget\" data-e-type=\"widget\" data-widget_type=\"divider.default\">\n\t\t\t\t<div class=\"elementor-widget-container\">\n\t\t\t\t\t\t\t<div class=\"elementor-divider\">\n\t\t\t<span class=\"elementor-divider-separator\">\n\t\t\t\t\t\t<\/span>\n\t\t<\/div>\n\t\t\t\t\t\t<\/div>\n\t\t\t\t<\/div>\n\t\t\t\t<div class=\"elementor-element elementor-element-7d685a17 elementor-widget elementor-widget-heading\" data-id=\"7d685a17\" data-element_type=\"widget\" data-e-type=\"widget\" data-widget_type=\"heading.default\">\n\t\t\t\t<div class=\"elementor-widget-container\">\n\t\t\t\t\t<h2 class=\"elementor-heading-title elementor-size-medium\">Un indispensable BD<\/h2>\t\t\t\t<\/div>\n\t\t\t\t<\/div>\n\t\t\t\t<div class=\"elementor-element elementor-element-38621cbe elementor-widget elementor-widget-text-editor\" data-id=\"38621cbe\" data-element_type=\"widget\" data-e-type=\"widget\" data-widget_type=\"text-editor.default\">\n\t\t\t\t<div class=\"elementor-widget-container\">\n\t\t\t\t\t\t\t\t\t<p>Parfois, on essaye de parler d&rsquo;une probl\u00e9matique, et c&rsquo;est en la retournant qu&rsquo;elle prend tout son sens. C&rsquo;est ce que font ici les auteurices avec Berg\u00e8res guerri\u00e8res. Le mot inclusion prend tout son sens parce qu&rsquo;on inverse l&rsquo;\u00e9galit\u00e9 des genres. C&rsquo;\u00e9tait super int\u00e9ressant. En plus de cette th\u00e9matique centrale, iels explorent la culpabilit\u00e9 du survivant, la douleur de perdre quelqu&rsquo;un au front, l&rsquo;introspection de la crainte et le manque d&rsquo;\u00e9coute des adultes envers les enfants. Enfin, ce qui compl\u00e8te vraiment cette saga, c&rsquo;est l&rsquo;\u00e9motion qui nous cueille durant le 4\u00e8me tome. Et voil\u00e0 comment Berg\u00e8res Guerri\u00e8res est devenu mon coup de c\u0153ur BD de l&rsquo;ann\u00e9e !<\/p><p>J&rsquo;ai emprunt\u00e9 cette BD \u00e0 la m\u00e9diath\u00e8que, peut-\u00eatre est-elle disponible dans la votre ? <a href=\"https:\/\/sorbetkiwi.fr\/index.php\/category\/benevolat\/\">Mes autres chroniques de b\u00e9n\u00e9vole, c&rsquo;est par ici !<\/a><\/p>\t\t\t\t\t\t\t\t<\/div>\n\t\t\t\t<\/div>\n\t\t\t\t\t<\/div>\n\t\t<\/div>\n\t\t\t\t\t<\/div>\n\t\t<\/section>\n\t\t\t\t<\/div>\n\t\t","protected":false},"excerpt":{"rendered":"<p>Berg\u00e8res Guerri\u00e8res R\u00e9sum\u00e9 Voil\u00e0 maintenant dix ans que les hommes du village sont partis, mobilis\u00e9s de force pour la Grande Guerre. Dix ans qu&rsquo;ils ont laiss\u00e9 femmes, enfants et anciens pour un conflit loin de &hellip; <\/p>\n","protected":false},"author":1,"featured_media":1129,"comment_status":"open","ping_status":"open","sticky":false,"template":"","format":"standard","meta":{"footnotes":""},"categories":[7,9,15,1],"tags":[258,220,80,79,259,43,257],"class_list":["post-1128","post","type-post","status-publish","format-standard","has-post-thumbnail","hentry","category-benevolat","category-coups-de-coeur","category-l-automne","category-tout-le-blog","tag-amelie-flechais","tag-automne","tag-bande-dessinee","tag-bd","tag-editions-glenat","tag-feminisme","tag-jonathan-garnier","has-single-img"],"yoast_head":"<!-- This site is optimized with the Yoast SEO plugin v27.4 - https:\/\/yoast.com\/product\/yoast-seo-wordpress\/ -->\n<title>Berg\u00e8res Guerri\u00e8res de Garnier et Fl\u00e9chais - Sorbet Kiwi<\/title>\n<meta name=\"description\" content=\"Ma chronique de la saga BD Berg\u00e8res Guerri\u00e8res de Jonathan Garnier et Am\u00e9lie Fl\u00e9chais aux \u00e9ditions Gl\u00e9nat BD.\" \/>\n<meta name=\"robots\" content=\"index, follow, max-snippet:-1, max-image-preview:large, max-video-preview:-1\" \/>\n<link rel=\"canonical\" href=\"https:\/\/sorbetkiwi.fr\/index.php\/bergeres-guerrieres-de-garnier-et-flechais\/\" \/>\n<meta property=\"og:locale\" content=\"fr_FR\" \/>\n<meta property=\"og:type\" content=\"article\" \/>\n<meta property=\"og:title\" content=\"Berg\u00e8res Guerri\u00e8res de Garnier et Fl\u00e9chais - Sorbet Kiwi\" \/>\n<meta property=\"og:description\" content=\"Ma chronique de la saga BD Berg\u00e8res Guerri\u00e8res de Jonathan Garnier et Am\u00e9lie Fl\u00e9chais aux \u00e9ditions Gl\u00e9nat BD.\" \/>\n<meta property=\"og:url\" content=\"https:\/\/sorbetkiwi.fr\/index.php\/bergeres-guerrieres-de-garnier-et-flechais\/\" \/>\n<meta property=\"og:site_name\" content=\"Sorbet Kiwi\" \/>\n<meta property=\"article:publisher\" content=\"https:\/\/www.facebook.com\/profile.php?id=100086238893269\" \/>\n<meta property=\"article:published_time\" content=\"2022-11-22T20:02:32+00:00\" \/>\n<meta property=\"article:modified_time\" content=\"2022-11-22T20:02:33+00:00\" \/>\n<meta property=\"og:image\" content=\"https:\/\/sorbetkiwi.fr\/wp-content\/uploads\/2022\/11\/img_9121-scaled.jpg\" \/>\n\t<meta property=\"og:image:width\" content=\"1920\" \/>\n\t<meta property=\"og:image:height\" content=\"2560\" \/>\n\t<meta property=\"og:image:type\" content=\"image\/jpeg\" \/>\n<meta name=\"author\" content=\"Sorbet-Kiwi\" \/>\n<meta name=\"twitter:card\" content=\"summary_large_image\" \/>\n<meta name=\"twitter:creator\" content=\"@pepparshoes\" \/>\n<meta name=\"twitter:site\" content=\"@pepparshoes\" \/>\n<meta name=\"twitter:label1\" content=\"\u00c9crit par\" \/>\n\t<meta name=\"twitter:data1\" content=\"Sorbet-Kiwi\" \/>\n\t<meta name=\"twitter:label2\" content=\"Dur\u00e9e de lecture estim\u00e9e\" \/>\n\t<meta name=\"twitter:data2\" content=\"3 minutes\" \/>\n<script type=\"application\/ld+json\" class=\"yoast-schema-graph\">{\"@context\":\"https:\\\/\\\/schema.org\",\"@graph\":[{\"@type\":\"Article\",\"@id\":\"https:\\\/\\\/sorbetkiwi.fr\\\/index.php\\\/bergeres-guerrieres-de-garnier-et-flechais\\\/#article\",\"isPartOf\":{\"@id\":\"https:\\\/\\\/sorbetkiwi.fr\\\/index.php\\\/bergeres-guerrieres-de-garnier-et-flechais\\\/\"},\"author\":{\"name\":\"Sorbet-Kiwi\",\"@id\":\"https:\\\/\\\/sorbetkiwi.fr\\\/#\\\/schema\\\/person\\\/ed1b7b527a2957ddc3bf38b076540659\"},\"headline\":\"Berg\u00e8res Guerri\u00e8res de Garnier et Fl\u00e9chais\",\"datePublished\":\"2022-11-22T20:02:32+00:00\",\"dateModified\":\"2022-11-22T20:02:33+00:00\",\"mainEntityOfPage\":{\"@id\":\"https:\\\/\\\/sorbetkiwi.fr\\\/index.php\\\/bergeres-guerrieres-de-garnier-et-flechais\\\/\"},\"wordCount\":593,\"commentCount\":0,\"publisher\":{\"@id\":\"https:\\\/\\\/sorbetkiwi.fr\\\/#organization\"},\"image\":{\"@id\":\"https:\\\/\\\/sorbetkiwi.fr\\\/index.php\\\/bergeres-guerrieres-de-garnier-et-flechais\\\/#primaryimage\"},\"thumbnailUrl\":\"https:\\\/\\\/sorbetkiwi.fr\\\/wp-content\\\/uploads\\\/2022\\\/11\\\/img_9121-scaled.jpg\",\"keywords\":[\"Am\u00e9lie Fl\u00e9chais\",\"Automne\",\"Bande dessin\u00e9e\",\"BD\",\"Editions Gl\u00e9nat\",\"F\u00e9minisme\",\"Jonathan Garnier\"],\"articleSection\":[\"B\u00e9n\u00e9volat\",\"Coups de coeur\",\"L'automne\",\"Tout le blog\"],\"inLanguage\":\"fr-FR\",\"potentialAction\":[{\"@type\":\"CommentAction\",\"name\":\"Comment\",\"target\":[\"https:\\\/\\\/sorbetkiwi.fr\\\/index.php\\\/bergeres-guerrieres-de-garnier-et-flechais\\\/#respond\"]}]},{\"@type\":\"WebPage\",\"@id\":\"https:\\\/\\\/sorbetkiwi.fr\\\/index.php\\\/bergeres-guerrieres-de-garnier-et-flechais\\\/\",\"url\":\"https:\\\/\\\/sorbetkiwi.fr\\\/index.php\\\/bergeres-guerrieres-de-garnier-et-flechais\\\/\",\"name\":\"Berg\u00e8res Guerri\u00e8res de Garnier et Fl\u00e9chais - Sorbet Kiwi\",\"isPartOf\":{\"@id\":\"https:\\\/\\\/sorbetkiwi.fr\\\/#website\"},\"primaryImageOfPage\":{\"@id\":\"https:\\\/\\\/sorbetkiwi.fr\\\/index.php\\\/bergeres-guerrieres-de-garnier-et-flechais\\\/#primaryimage\"},\"image\":{\"@id\":\"https:\\\/\\\/sorbetkiwi.fr\\\/index.php\\\/bergeres-guerrieres-de-garnier-et-flechais\\\/#primaryimage\"},\"thumbnailUrl\":\"https:\\\/\\\/sorbetkiwi.fr\\\/wp-content\\\/uploads\\\/2022\\\/11\\\/img_9121-scaled.jpg\",\"datePublished\":\"2022-11-22T20:02:32+00:00\",\"dateModified\":\"2022-11-22T20:02:33+00:00\",\"description\":\"Ma chronique de la saga BD Berg\u00e8res Guerri\u00e8res de Jonathan Garnier et Am\u00e9lie Fl\u00e9chais aux \u00e9ditions Gl\u00e9nat BD.\",\"breadcrumb\":{\"@id\":\"https:\\\/\\\/sorbetkiwi.fr\\\/index.php\\\/bergeres-guerrieres-de-garnier-et-flechais\\\/#breadcrumb\"},\"inLanguage\":\"fr-FR\",\"potentialAction\":[{\"@type\":\"ReadAction\",\"target\":[\"https:\\\/\\\/sorbetkiwi.fr\\\/index.php\\\/bergeres-guerrieres-de-garnier-et-flechais\\\/\"]}]},{\"@type\":\"ImageObject\",\"inLanguage\":\"fr-FR\",\"@id\":\"https:\\\/\\\/sorbetkiwi.fr\\\/index.php\\\/bergeres-guerrieres-de-garnier-et-flechais\\\/#primaryimage\",\"url\":\"https:\\\/\\\/sorbetkiwi.fr\\\/wp-content\\\/uploads\\\/2022\\\/11\\\/img_9121-scaled.jpg\",\"contentUrl\":\"https:\\\/\\\/sorbetkiwi.fr\\\/wp-content\\\/uploads\\\/2022\\\/11\\\/img_9121-scaled.jpg\",\"width\":1920,\"height\":2560,\"caption\":\"Berg\u00e8res Guerri\u00e8res de Jonathan Garnier et Am\u00e9lie Fl\u00e9chais\"},{\"@type\":\"BreadcrumbList\",\"@id\":\"https:\\\/\\\/sorbetkiwi.fr\\\/index.php\\\/bergeres-guerrieres-de-garnier-et-flechais\\\/#breadcrumb\",\"itemListElement\":[{\"@type\":\"ListItem\",\"position\":1,\"name\":\"Accueil\",\"item\":\"https:\\\/\\\/sorbetkiwi.fr\\\/\"},{\"@type\":\"ListItem\",\"position\":2,\"name\":\"Berg\u00e8res Guerri\u00e8res de Garnier et Fl\u00e9chais\"}]},{\"@type\":\"WebSite\",\"@id\":\"https:\\\/\\\/sorbetkiwi.fr\\\/#website\",\"url\":\"https:\\\/\\\/sorbetkiwi.fr\\\/\",\"name\":\"Sorbet Kiwi\",\"description\":\"Des lectures th\u00e9matiques par saison et les avis qui vont avec\",\"publisher\":{\"@id\":\"https:\\\/\\\/sorbetkiwi.fr\\\/#organization\"},\"potentialAction\":[{\"@type\":\"SearchAction\",\"target\":{\"@type\":\"EntryPoint\",\"urlTemplate\":\"https:\\\/\\\/sorbetkiwi.fr\\\/?s={search_term_string}\"},\"query-input\":{\"@type\":\"PropertyValueSpecification\",\"valueRequired\":true,\"valueName\":\"search_term_string\"}}],\"inLanguage\":\"fr-FR\"},{\"@type\":\"Organization\",\"@id\":\"https:\\\/\\\/sorbetkiwi.fr\\\/#organization\",\"name\":\"Sorbet Kiwi\",\"url\":\"https:\\\/\\\/sorbetkiwi.fr\\\/\",\"logo\":{\"@type\":\"ImageObject\",\"inLanguage\":\"fr-FR\",\"@id\":\"https:\\\/\\\/sorbetkiwi.fr\\\/#\\\/schema\\\/logo\\\/image\\\/\",\"url\":\"https:\\\/\\\/sorbetkiwi.fr\\\/wp-content\\\/uploads\\\/2022\\\/10\\\/Banniere-Sorbet-Kiwi-2022.jpg\",\"contentUrl\":\"https:\\\/\\\/sorbetkiwi.fr\\\/wp-content\\\/uploads\\\/2022\\\/10\\\/Banniere-Sorbet-Kiwi-2022.jpg\",\"width\":814,\"height\":401,\"caption\":\"Sorbet Kiwi\"},\"image\":{\"@id\":\"https:\\\/\\\/sorbetkiwi.fr\\\/#\\\/schema\\\/logo\\\/image\\\/\"},\"sameAs\":[\"https:\\\/\\\/www.facebook.com\\\/profile.php?id=100086238893269\",\"https:\\\/\\\/x.com\\\/pepparshoes\",\"https:\\\/\\\/www.instagram.com\\\/sorbetkiwi\\\/\",\"https:\\\/\\\/www.tiktok.com\\\/sorbetkiwi\"]},{\"@type\":\"Person\",\"@id\":\"https:\\\/\\\/sorbetkiwi.fr\\\/#\\\/schema\\\/person\\\/ed1b7b527a2957ddc3bf38b076540659\",\"name\":\"Sorbet-Kiwi\",\"image\":{\"@type\":\"ImageObject\",\"inLanguage\":\"fr-FR\",\"@id\":\"https:\\\/\\\/secure.gravatar.com\\\/avatar\\\/86f0a5c27d76317621b9e374d0f3a01d3a85278f10d0c7207ced4fd773057442?s=96&d=mm&r=g\",\"url\":\"https:\\\/\\\/secure.gravatar.com\\\/avatar\\\/86f0a5c27d76317621b9e374d0f3a01d3a85278f10d0c7207ced4fd773057442?s=96&d=mm&r=g\",\"contentUrl\":\"https:\\\/\\\/secure.gravatar.com\\\/avatar\\\/86f0a5c27d76317621b9e374d0f3a01d3a85278f10d0c7207ced4fd773057442?s=96&d=mm&r=g\",\"caption\":\"Sorbet-Kiwi\"},\"sameAs\":[\"http:\\\/\\\/sorbetkiwi.fr\"],\"url\":\"https:\\\/\\\/sorbetkiwi.fr\\\/index.php\\\/author\\\/admin7717\\\/\"}]}<\/script>\n<!-- \/ Yoast SEO plugin. -->","yoast_head_json":{"title":"Berg\u00e8res Guerri\u00e8res de Garnier et Fl\u00e9chais - Sorbet Kiwi","description":"Ma chronique de la saga BD Berg\u00e8res Guerri\u00e8res de Jonathan Garnier et Am\u00e9lie Fl\u00e9chais aux \u00e9ditions Gl\u00e9nat BD.","robots":{"index":"index","follow":"follow","max-snippet":"max-snippet:-1","max-image-preview":"max-image-preview:large","max-video-preview":"max-video-preview:-1"},"canonical":"https:\/\/sorbetkiwi.fr\/index.php\/bergeres-guerrieres-de-garnier-et-flechais\/","og_locale":"fr_FR","og_type":"article","og_title":"Berg\u00e8res Guerri\u00e8res de Garnier et Fl\u00e9chais - Sorbet Kiwi","og_description":"Ma chronique de la saga BD Berg\u00e8res Guerri\u00e8res de Jonathan Garnier et Am\u00e9lie Fl\u00e9chais aux \u00e9ditions Gl\u00e9nat BD.","og_url":"https:\/\/sorbetkiwi.fr\/index.php\/bergeres-guerrieres-de-garnier-et-flechais\/","og_site_name":"Sorbet Kiwi","article_publisher":"https:\/\/www.facebook.com\/profile.php?id=100086238893269","article_published_time":"2022-11-22T20:02:32+00:00","article_modified_time":"2022-11-22T20:02:33+00:00","og_image":[{"width":1920,"height":2560,"url":"https:\/\/sorbetkiwi.fr\/wp-content\/uploads\/2022\/11\/img_9121-scaled.jpg","type":"image\/jpeg"}],"author":"Sorbet-Kiwi","twitter_card":"summary_large_image","twitter_creator":"@pepparshoes","twitter_site":"@pepparshoes","twitter_misc":{"\u00c9crit par":"Sorbet-Kiwi","Dur\u00e9e de lecture estim\u00e9e":"3 minutes"},"schema":{"@context":"https:\/\/schema.org","@graph":[{"@type":"Article","@id":"https:\/\/sorbetkiwi.fr\/index.php\/bergeres-guerrieres-de-garnier-et-flechais\/#article","isPartOf":{"@id":"https:\/\/sorbetkiwi.fr\/index.php\/bergeres-guerrieres-de-garnier-et-flechais\/"},"author":{"name":"Sorbet-Kiwi","@id":"https:\/\/sorbetkiwi.fr\/#\/schema\/person\/ed1b7b527a2957ddc3bf38b076540659"},"headline":"Berg\u00e8res Guerri\u00e8res de Garnier et Fl\u00e9chais","datePublished":"2022-11-22T20:02:32+00:00","dateModified":"2022-11-22T20:02:33+00:00","mainEntityOfPage":{"@id":"https:\/\/sorbetkiwi.fr\/index.php\/bergeres-guerrieres-de-garnier-et-flechais\/"},"wordCount":593,"commentCount":0,"publisher":{"@id":"https:\/\/sorbetkiwi.fr\/#organization"},"image":{"@id":"https:\/\/sorbetkiwi.fr\/index.php\/bergeres-guerrieres-de-garnier-et-flechais\/#primaryimage"},"thumbnailUrl":"https:\/\/sorbetkiwi.fr\/wp-content\/uploads\/2022\/11\/img_9121-scaled.jpg","keywords":["Am\u00e9lie Fl\u00e9chais","Automne","Bande dessin\u00e9e","BD","Editions Gl\u00e9nat","F\u00e9minisme","Jonathan Garnier"],"articleSection":["B\u00e9n\u00e9volat","Coups de coeur","L'automne","Tout le blog"],"inLanguage":"fr-FR","potentialAction":[{"@type":"CommentAction","name":"Comment","target":["https:\/\/sorbetkiwi.fr\/index.php\/bergeres-guerrieres-de-garnier-et-flechais\/#respond"]}]},{"@type":"WebPage","@id":"https:\/\/sorbetkiwi.fr\/index.php\/bergeres-guerrieres-de-garnier-et-flechais\/","url":"https:\/\/sorbetkiwi.fr\/index.php\/bergeres-guerrieres-de-garnier-et-flechais\/","name":"Berg\u00e8res Guerri\u00e8res de Garnier et Fl\u00e9chais - Sorbet Kiwi","isPartOf":{"@id":"https:\/\/sorbetkiwi.fr\/#website"},"primaryImageOfPage":{"@id":"https:\/\/sorbetkiwi.fr\/index.php\/bergeres-guerrieres-de-garnier-et-flechais\/#primaryimage"},"image":{"@id":"https:\/\/sorbetkiwi.fr\/index.php\/bergeres-guerrieres-de-garnier-et-flechais\/#primaryimage"},"thumbnailUrl":"https:\/\/sorbetkiwi.fr\/wp-content\/uploads\/2022\/11\/img_9121-scaled.jpg","datePublished":"2022-11-22T20:02:32+00:00","dateModified":"2022-11-22T20:02:33+00:00","description":"Ma chronique de la saga BD Berg\u00e8res Guerri\u00e8res de Jonathan Garnier et Am\u00e9lie Fl\u00e9chais aux \u00e9ditions Gl\u00e9nat BD.","breadcrumb":{"@id":"https:\/\/sorbetkiwi.fr\/index.php\/bergeres-guerrieres-de-garnier-et-flechais\/#breadcrumb"},"inLanguage":"fr-FR","potentialAction":[{"@type":"ReadAction","target":["https:\/\/sorbetkiwi.fr\/index.php\/bergeres-guerrieres-de-garnier-et-flechais\/"]}]},{"@type":"ImageObject","inLanguage":"fr-FR","@id":"https:\/\/sorbetkiwi.fr\/index.php\/bergeres-guerrieres-de-garnier-et-flechais\/#primaryimage","url":"https:\/\/sorbetkiwi.fr\/wp-content\/uploads\/2022\/11\/img_9121-scaled.jpg","contentUrl":"https:\/\/sorbetkiwi.fr\/wp-content\/uploads\/2022\/11\/img_9121-scaled.jpg","width":1920,"height":2560,"caption":"Berg\u00e8res Guerri\u00e8res de Jonathan Garnier et Am\u00e9lie Fl\u00e9chais"},{"@type":"BreadcrumbList","@id":"https:\/\/sorbetkiwi.fr\/index.php\/bergeres-guerrieres-de-garnier-et-flechais\/#breadcrumb","itemListElement":[{"@type":"ListItem","position":1,"name":"Accueil","item":"https:\/\/sorbetkiwi.fr\/"},{"@type":"ListItem","position":2,"name":"Berg\u00e8res Guerri\u00e8res de Garnier et Fl\u00e9chais"}]},{"@type":"WebSite","@id":"https:\/\/sorbetkiwi.fr\/#website","url":"https:\/\/sorbetkiwi.fr\/","name":"Sorbet Kiwi","description":"Des lectures th\u00e9matiques par saison et les avis qui vont avec","publisher":{"@id":"https:\/\/sorbetkiwi.fr\/#organization"},"potentialAction":[{"@type":"SearchAction","target":{"@type":"EntryPoint","urlTemplate":"https:\/\/sorbetkiwi.fr\/?s={search_term_string}"},"query-input":{"@type":"PropertyValueSpecification","valueRequired":true,"valueName":"search_term_string"}}],"inLanguage":"fr-FR"},{"@type":"Organization","@id":"https:\/\/sorbetkiwi.fr\/#organization","name":"Sorbet Kiwi","url":"https:\/\/sorbetkiwi.fr\/","logo":{"@type":"ImageObject","inLanguage":"fr-FR","@id":"https:\/\/sorbetkiwi.fr\/#\/schema\/logo\/image\/","url":"https:\/\/sorbetkiwi.fr\/wp-content\/uploads\/2022\/10\/Banniere-Sorbet-Kiwi-2022.jpg","contentUrl":"https:\/\/sorbetkiwi.fr\/wp-content\/uploads\/2022\/10\/Banniere-Sorbet-Kiwi-2022.jpg","width":814,"height":401,"caption":"Sorbet Kiwi"},"image":{"@id":"https:\/\/sorbetkiwi.fr\/#\/schema\/logo\/image\/"},"sameAs":["https:\/\/www.facebook.com\/profile.php?id=100086238893269","https:\/\/x.com\/pepparshoes","https:\/\/www.instagram.com\/sorbetkiwi\/","https:\/\/www.tiktok.com\/sorbetkiwi"]},{"@type":"Person","@id":"https:\/\/sorbetkiwi.fr\/#\/schema\/person\/ed1b7b527a2957ddc3bf38b076540659","name":"Sorbet-Kiwi","image":{"@type":"ImageObject","inLanguage":"fr-FR","@id":"https:\/\/secure.gravatar.com\/avatar\/86f0a5c27d76317621b9e374d0f3a01d3a85278f10d0c7207ced4fd773057442?s=96&d=mm&r=g","url":"https:\/\/secure.gravatar.com\/avatar\/86f0a5c27d76317621b9e374d0f3a01d3a85278f10d0c7207ced4fd773057442?s=96&d=mm&r=g","contentUrl":"https:\/\/secure.gravatar.com\/avatar\/86f0a5c27d76317621b9e374d0f3a01d3a85278f10d0c7207ced4fd773057442?s=96&d=mm&r=g","caption":"Sorbet-Kiwi"},"sameAs":["http:\/\/sorbetkiwi.fr"],"url":"https:\/\/sorbetkiwi.fr\/index.php\/author\/admin7717\/"}]}},"_links":{"self":[{"href":"https:\/\/sorbetkiwi.fr\/index.php\/wp-json\/wp\/v2\/posts\/1128","targetHints":{"allow":["GET"]}}],"collection":[{"href":"https:\/\/sorbetkiwi.fr\/index.php\/wp-json\/wp\/v2\/posts"}],"about":[{"href":"https:\/\/sorbetkiwi.fr\/index.php\/wp-json\/wp\/v2\/types\/post"}],"author":[{"embeddable":true,"href":"https:\/\/sorbetkiwi.fr\/index.php\/wp-json\/wp\/v2\/users\/1"}],"replies":[{"embeddable":true,"href":"https:\/\/sorbetkiwi.fr\/index.php\/wp-json\/wp\/v2\/comments?post=1128"}],"version-history":[{"count":10,"href":"https:\/\/sorbetkiwi.fr\/index.php\/wp-json\/wp\/v2\/posts\/1128\/revisions"}],"predecessor-version":[{"id":1178,"href":"https:\/\/sorbetkiwi.fr\/index.php\/wp-json\/wp\/v2\/posts\/1128\/revisions\/1178"}],"wp:featuredmedia":[{"embeddable":true,"href":"https:\/\/sorbetkiwi.fr\/index.php\/wp-json\/wp\/v2\/media\/1129"}],"wp:attachment":[{"href":"https:\/\/sorbetkiwi.fr\/index.php\/wp-json\/wp\/v2\/media?parent=1128"}],"wp:term":[{"taxonomy":"category","embeddable":true,"href":"https:\/\/sorbetkiwi.fr\/index.php\/wp-json\/wp\/v2\/categories?post=1128"},{"taxonomy":"post_tag","embeddable":true,"href":"https:\/\/sorbetkiwi.fr\/index.php\/wp-json\/wp\/v2\/tags?post=1128"}],"curies":[{"name":"wp","href":"https:\/\/api.w.org\/{rel}","templated":true}]}}