{"id":1062,"date":"2022-11-07T13:38:55","date_gmt":"2022-11-07T12:38:55","guid":{"rendered":"https:\/\/sorbetkiwi.fr\/?p=1062"},"modified":"2022-11-07T13:38:57","modified_gmt":"2022-11-07T12:38:57","slug":"ce-que-murmure-le-vent-d-amy-harmon","status":"publish","type":"post","link":"https:\/\/sorbetkiwi.fr\/index.php\/ce-que-murmure-le-vent-d-amy-harmon\/","title":{"rendered":"Ce que murmure le vent d&rsquo;Amy Harmon"},"content":{"rendered":"\t\t<div data-elementor-type=\"wp-post\" data-elementor-id=\"1062\" class=\"elementor elementor-1062\">\n\t\t\t\t\t\t<section class=\"elementor-section elementor-top-section elementor-element elementor-element-32580347 elementor-section-boxed elementor-section-height-default elementor-section-height-default\" data-id=\"32580347\" data-element_type=\"section\" data-e-type=\"section\">\n\t\t\t\t\t\t<div class=\"elementor-container elementor-column-gap-default\">\n\t\t\t\t\t<div class=\"elementor-column elementor-col-100 elementor-top-column elementor-element elementor-element-4fb3c4d2\" data-id=\"4fb3c4d2\" data-element_type=\"column\" data-e-type=\"column\">\n\t\t\t<div class=\"elementor-widget-wrap elementor-element-populated\">\n\t\t\t\t\t\t<div class=\"elementor-element elementor-element-68f95895 elementor-widget elementor-widget-heading\" data-id=\"68f95895\" data-element_type=\"widget\" data-e-type=\"widget\" data-widget_type=\"heading.default\">\n\t\t\t\t<div class=\"elementor-widget-container\">\n\t\t\t\t\t<h1 class=\"elementor-heading-title elementor-size-medium\">Ce que murmure le vent<\/h1>\t\t\t\t<\/div>\n\t\t\t\t<\/div>\n\t\t\t\t<div class=\"elementor-element elementor-element-560735a9 elementor-view-default elementor-widget elementor-widget-icon\" data-id=\"560735a9\" data-element_type=\"widget\" data-e-type=\"widget\" data-widget_type=\"icon.default\">\n\t\t\t\t<div class=\"elementor-widget-container\">\n\t\t\t\t\t\t\t<div class=\"elementor-icon-wrapper\">\n\t\t\t<div class=\"elementor-icon\">\n\t\t\t<i aria-hidden=\"true\" class=\"fab fa-canadian-maple-leaf\"><\/i>\t\t\t<\/div>\n\t\t<\/div>\n\t\t\t\t\t\t<\/div>\n\t\t\t\t<\/div>\n\t\t\t\t<div class=\"elementor-element elementor-element-4bcec87b elementor-widget-divider--view-line elementor-widget elementor-widget-divider\" data-id=\"4bcec87b\" data-element_type=\"widget\" data-e-type=\"widget\" data-widget_type=\"divider.default\">\n\t\t\t\t<div class=\"elementor-widget-container\">\n\t\t\t\t\t\t\t<div class=\"elementor-divider\">\n\t\t\t<span class=\"elementor-divider-separator\">\n\t\t\t\t\t\t<\/span>\n\t\t<\/div>\n\t\t\t\t\t\t<\/div>\n\t\t\t\t<\/div>\n\t\t\t\t<div class=\"elementor-element elementor-element-410be2ea elementor-widget elementor-widget-heading\" data-id=\"410be2ea\" data-element_type=\"widget\" data-e-type=\"widget\" data-widget_type=\"heading.default\">\n\t\t\t\t<div class=\"elementor-widget-container\">\n\t\t\t\t\t<h2 class=\"elementor-heading-title elementor-size-medium\">R\u00e9sum\u00e9<\/h2>\t\t\t\t<\/div>\n\t\t\t\t<\/div>\n\t\t\t\t<div class=\"elementor-element elementor-element-6f8e99db elementor-widget elementor-widget-text-editor\" data-id=\"6f8e99db\" data-element_type=\"widget\" data-e-type=\"widget\" data-widget_type=\"text-editor.default\">\n\t\t\t\t<div class=\"elementor-widget-container\">\n\t\t\t\t\t\t\t\t\t<p>Aujourd\u2019hui romanci\u00e8re \u00e0 succ\u00e8s, Anne a grandi avec les souvenirs d\u2019Irlande de son grand-p\u00e8re Eoin. Alors que celui-lui a toujours refus\u00e9 de l\u2019y emmener, il lui fait promettre de r\u00e9pandre ses cendres sur le lac de Lough Gill. \u00c9mue de d\u00e9couvrir la terre de ses anc\u00eatres, Anne est aussi intrigu\u00e9e par les photos de famille qu\u2019Eoin lui a d\u00e9voil\u00e9es peu avant sa mort. Pourquoi a-t-il attendu si longtemps pour lui montrer Annie, cette arri\u00e8re-grand-m\u00e8re avec laquelle elle partage une ressemblance troublante ?<br \/>Sur le lac, tout se pr\u00e9cipite : entour\u00e9e soudain par la brume, Anne se retrouve \u00e0 l\u2019eau. \u00c0 son r\u00e9veil, la situation est aussi folle qu\u2019\u00e9vidente : elle a \u00e9t\u00e9 projet\u00e9e en 1921, et ce petit gar\u00e7on persuad\u00e9 qu\u2019elle est sa m\u00e8re n\u2019est autre qu\u2019Eoin. Recueillie par Thomas Smith, le m\u00e9decin qui \u00e9l\u00e8ve ce dernier, Anne d\u00e9couvre un pays d\u00e9chir\u00e9 par la Guerre d\u2019ind\u00e9pendance, au plus pr\u00e8s du danger, mais aussi de l\u2019amour\u2026 Retrouvera-t-elle un jour la vie qui \u00e9tait la sienne ?<\/p>\t\t\t\t\t\t\t\t<\/div>\n\t\t\t\t<\/div>\n\t\t\t\t<div class=\"elementor-element elementor-element-35cc4089 elementor-widget-divider--view-line elementor-widget elementor-widget-divider\" data-id=\"35cc4089\" data-element_type=\"widget\" data-e-type=\"widget\" data-widget_type=\"divider.default\">\n\t\t\t\t<div class=\"elementor-widget-container\">\n\t\t\t\t\t\t\t<div class=\"elementor-divider\">\n\t\t\t<span class=\"elementor-divider-separator\">\n\t\t\t\t\t\t<\/span>\n\t\t<\/div>\n\t\t\t\t\t\t<\/div>\n\t\t\t\t<\/div>\n\t\t\t\t<div class=\"elementor-element elementor-element-20517c76 elementor-widget elementor-widget-heading\" data-id=\"20517c76\" data-element_type=\"widget\" data-e-type=\"widget\" data-widget_type=\"heading.default\">\n\t\t\t\t<div class=\"elementor-widget-container\">\n\t\t\t\t\t<h2 class=\"elementor-heading-title elementor-size-medium\">Ma note<\/h2>\t\t\t\t<\/div>\n\t\t\t\t<\/div>\n\t\t\t\t<div class=\"elementor-element elementor-element-4a69a4fe elementor-star-rating--align-center elementor--star-style-star_fontawesome elementor-widget elementor-widget-star-rating\" data-id=\"4a69a4fe\" data-element_type=\"widget\" data-e-type=\"widget\" data-widget_type=\"star-rating.default\">\n\t\t\t\t<div class=\"elementor-widget-container\">\n\t\t\t\t\t\t\t<div class=\"elementor-star-rating__wrapper\">\n\t\t\t\t\t\t<div class=\"elementor-star-rating\" itemtype=\"http:\/\/schema.org\/Rating\" itemscope=\"\" itemprop=\"reviewRating\">\n\t\t\t\t<i class=\"elementor-star-full\" aria-hidden=\"true\">&#xE934;<\/i><i class=\"elementor-star-full\" aria-hidden=\"true\">&#xE934;<\/i><i class=\"elementor-star-full\" aria-hidden=\"true\">&#xE934;<\/i><i class=\"elementor-star-full\" aria-hidden=\"true\">&#xE934;<\/i><i class=\"elementor-star-full\" aria-hidden=\"true\">&#xE934;<\/i>\t\t\t\t<span itemprop=\"ratingValue\" class=\"elementor-screen-only\">Not\u00e9 5 sur 5<\/span>\n\t\t\t<\/div>\n\t\t<\/div>\n\t\t\t\t\t\t<\/div>\n\t\t\t\t<\/div>\n\t\t\t\t<div class=\"elementor-element elementor-element-4ad1a046 elementor-widget-divider--view-line elementor-widget elementor-widget-divider\" data-id=\"4ad1a046\" data-element_type=\"widget\" data-e-type=\"widget\" data-widget_type=\"divider.default\">\n\t\t\t\t<div class=\"elementor-widget-container\">\n\t\t\t\t\t\t\t<div class=\"elementor-divider\">\n\t\t\t<span class=\"elementor-divider-separator\">\n\t\t\t\t\t\t<\/span>\n\t\t<\/div>\n\t\t\t\t\t\t<\/div>\n\t\t\t\t<\/div>\n\t\t\t\t<div class=\"elementor-element elementor-element-6c777a2 elementor-widget elementor-widget-heading\" data-id=\"6c777a2\" data-element_type=\"widget\" data-e-type=\"widget\" data-widget_type=\"heading.default\">\n\t\t\t\t<div class=\"elementor-widget-container\">\n\t\t\t\t\t<h2 class=\"elementor-heading-title elementor-size-medium\">Un voyage dans le pass\u00e9<\/h2>\t\t\t\t<\/div>\n\t\t\t\t<\/div>\n\t\t\t\t<div class=\"elementor-element elementor-element-4c451919 elementor-widget elementor-widget-text-editor\" data-id=\"4c451919\" data-element_type=\"widget\" data-e-type=\"widget\" data-widget_type=\"text-editor.default\">\n\t\t\t\t<div class=\"elementor-widget-container\">\n\t\t\t\t\t\t\t\t\t<p>J\u2019ai d\u00e9vor\u00e9 en 2 jours \u00e0 peine Ce que Murmure le vent de Amy Harmon et j\u2019ai ador\u00e9 ! Je ne sais pas si vous connaissez La mer en hiver de Susanna Kearsley,\u00a0mais ils sont dans la m\u00eame veine. J\u2019aime beaucoup ces voyages dans le pass\u00e9 qui permettent de rencontrer nos anc\u00eatres ! J\u2019aimerais tant pouvoir faire \u00e7a ! Anne doit \u00e9videmment rester discr\u00e8te sur son identit\u00e9, mais je dois le dire, je l&rsquo;enviais.\u00a0<\/p>\t\t\t\t\t\t\t\t<\/div>\n\t\t\t\t<\/div>\n\t\t\t\t<div class=\"elementor-element elementor-element-69d407d4 elementor-widget-divider--view-line elementor-widget elementor-widget-divider\" data-id=\"69d407d4\" data-element_type=\"widget\" data-e-type=\"widget\" data-widget_type=\"divider.default\">\n\t\t\t\t<div class=\"elementor-widget-container\">\n\t\t\t\t\t\t\t<div class=\"elementor-divider\">\n\t\t\t<span class=\"elementor-divider-separator\">\n\t\t\t\t\t\t<\/span>\n\t\t<\/div>\n\t\t\t\t\t\t<\/div>\n\t\t\t\t<\/div>\n\t\t\t\t<div class=\"elementor-element elementor-element-36e03b59 elementor-widget elementor-widget-heading\" data-id=\"36e03b59\" data-element_type=\"widget\" data-e-type=\"widget\" data-widget_type=\"heading.default\">\n\t\t\t\t<div class=\"elementor-widget-container\">\n\t\t\t\t\t<h4 class=\"elementor-heading-title elementor-size-medium\">\u00ab Les trag\u00e9dies , c\u2019est formidable \u00e0 raconter, mais j\u2019aimerais mieux que ton histoire \u2013 celle que tu vis, pas celles que tu \u00e9cris \u2013 soit remplie de joie. Evite de te complaire dans la trag\u00e9die, Annie. Chante plut\u00f4t l\u2019amour. Et quand tu l\u2019auras trouv\u00e9, ne le laisse pas \u00e9chapper. En fin de compte, c\u2019est la seule chose que tu ne regretteras pas, avait dit Eoin. \u00bb<\/h4>\t\t\t\t<\/div>\n\t\t\t\t<\/div>\n\t\t\t\t<div class=\"elementor-element elementor-element-4c849a8f elementor-widget-divider--view-line elementor-widget elementor-widget-divider\" data-id=\"4c849a8f\" data-element_type=\"widget\" data-e-type=\"widget\" data-widget_type=\"divider.default\">\n\t\t\t\t<div class=\"elementor-widget-container\">\n\t\t\t\t\t\t\t<div class=\"elementor-divider\">\n\t\t\t<span class=\"elementor-divider-separator\">\n\t\t\t\t\t\t<\/span>\n\t\t<\/div>\n\t\t\t\t\t\t<\/div>\n\t\t\t\t<\/div>\n\t\t\t\t<div class=\"elementor-element elementor-element-3082f7e elementor-widget elementor-widget-heading\" data-id=\"3082f7e\" data-element_type=\"widget\" data-e-type=\"widget\" data-widget_type=\"heading.default\">\n\t\t\t\t<div class=\"elementor-widget-container\">\n\t\t\t\t\t<h2 class=\"elementor-heading-title elementor-size-medium\">On part pour l'Irlande<\/h2>\t\t\t\t<\/div>\n\t\t\t\t<\/div>\n\t\t\t\t<div class=\"elementor-element elementor-element-4b4bb999 elementor-widget elementor-widget-text-editor\" data-id=\"4b4bb999\" data-element_type=\"widget\" data-e-type=\"widget\" data-widget_type=\"text-editor.default\">\n\t\t\t\t<div class=\"elementor-widget-container\">\n\t\t\t\t\t\t\t\t\t<p>En tous cas, \u00e7a m\u2019a encore plus donn\u00e9 envie de d\u00e9couvrir ce pays. Et pourquoi ne pas de s\u00e9journer dans le m\u00eame h\u00f4tel qu\u2019Anne ? Cet h\u00f4tel qui a vraiment un air de Titanic comme le dit si bien une de ses connaissances, c\u2019est TripAdvisor qui le montre. Ce que je veux dire par l\u00e0, c&rsquo;est que la plume de l&rsquo;autrice est tr\u00e8s visuelle, ce que j&rsquo;adore. C&rsquo;est tr\u00e8s important pour moi. Son \u00e9criture m&rsquo;a emmen\u00e9 dans ce pays, par le biais de l&rsquo;imagination. Et \u00e9videmment, la lande irlandaise et son ambiance brumeuse sont parfaites pour <a href=\"https:\/\/sorbetkiwi.fr\/index.php\/category\/l-automne\/\">la saison.<\/a><\/p>\t\t\t\t\t\t\t\t<\/div>\n\t\t\t\t<\/div>\n\t\t\t\t<div class=\"elementor-element elementor-element-372a94a5 elementor-widget-divider--view-line elementor-widget elementor-widget-divider\" data-id=\"372a94a5\" data-element_type=\"widget\" data-e-type=\"widget\" data-widget_type=\"divider.default\">\n\t\t\t\t<div class=\"elementor-widget-container\">\n\t\t\t\t\t\t\t<div class=\"elementor-divider\">\n\t\t\t<span class=\"elementor-divider-separator\">\n\t\t\t\t\t\t<\/span>\n\t\t<\/div>\n\t\t\t\t\t\t<\/div>\n\t\t\t\t<\/div>\n\t\t\t\t<div class=\"elementor-element elementor-element-673c54ee elementor-widget elementor-widget-heading\" data-id=\"673c54ee\" data-element_type=\"widget\" data-e-type=\"widget\" data-widget_type=\"heading.default\">\n\t\t\t\t<div class=\"elementor-widget-container\">\n\t\t\t\t\t<h2 class=\"elementor-heading-title elementor-size-medium\">Une belle le\u00e7on d'histoire<\/h2>\t\t\t\t<\/div>\n\t\t\t\t<\/div>\n\t\t\t\t<div class=\"elementor-element elementor-element-49a1c056 elementor-widget elementor-widget-text-editor\" data-id=\"49a1c056\" data-element_type=\"widget\" data-e-type=\"widget\" data-widget_type=\"text-editor.default\">\n\t\t\t\t<div class=\"elementor-widget-container\">\n\t\t\t\t\t\t\t\t\t<p>J&rsquo;aime d\u00e9couvrir des pans entiers de l&rsquo;histoire \u00e0 travers la litt\u00e9rature. Ce que murmure le vent m&rsquo;a sembl\u00e9 tr\u00e8s compl\u00e9mentaire au dernier tome des Sept S\u0153urs, La s\u0153ur disparue. Amy Harmon propose le point de vue du camp oppos\u00e9 lors de la guerre civile d\u2019Irlande, et on retrouve donc Michael Collins. Ce qui \u00e9tait int\u00e9ressant pour moi, qui ai lu ces deux romans l&rsquo;an pass\u00e9, c&rsquo;est de voir ce parall\u00e8le. En effet, ne dit-on pas toujours que l&rsquo;Histoire a \u00e9t\u00e9 \u00e9crite par les vainqueurs ? Venez d\u00e9couvrir qui des deux a remport\u00e9 la guerre en Irlande, \u00e0 travers le regard d&rsquo;une jeune femme du 21\u00e8me si\u00e8cle.\u00a0<\/p><p>Cette chronique a initialement \u00e9t\u00e9 publi\u00e9e sur <a href=\"https:\/\/sorbetkiwi.wordpress.com\/2021\/09\/22\/une-rentree-so-charleston\/\">mon ancien blog<\/a>.<\/p>\t\t\t\t\t\t\t\t<\/div>\n\t\t\t\t<\/div>\n\t\t\t\t\t<\/div>\n\t\t<\/div>\n\t\t\t\t\t<\/div>\n\t\t<\/section>\n\t\t\t\t<\/div>\n\t\t","protected":false},"excerpt":{"rendered":"<p>Ce que murmure le vent R\u00e9sum\u00e9 Aujourd\u2019hui romanci\u00e8re \u00e0 succ\u00e8s, Anne a grandi avec les souvenirs d\u2019Irlande de son grand-p\u00e8re Eoin. Alors que celui-lui a toujours refus\u00e9 de l\u2019y emmener, il lui fait promettre de &hellip; <\/p>\n","protected":false},"author":1,"featured_media":1064,"comment_status":"open","ping_status":"open","sticky":false,"template":"","format":"standard","meta":{"footnotes":""},"categories":[15,8,1],"tags":[244,220,243,31,245,117],"class_list":["post-1062","post","type-post","status-publish","format-standard","has-post-thumbnail","hentry","category-l-automne","category-partenariats","category-tout-le-blog","tag-amy-harmon","tag-automne","tag-ce-que-murmure-le-vent","tag-editions-charleston","tag-irlande","tag-rentree-litteraire","has-single-img"],"yoast_head":"<!-- This site is optimized with the Yoast SEO plugin v27.4 - https:\/\/yoast.com\/product\/yoast-seo-wordpress\/ -->\n<title>Ce que murmure le vent d&#039;Amy Harmon - Sorbet Kiwi<\/title>\n<meta name=\"description\" content=\"Ma chronique de Ce que murmure le vent, d&#039;Amy Harmon publi\u00e9 aux \u00e9ditions Charleston lors de la rentr\u00e9e litt\u00e9raire 2021.\" \/>\n<meta name=\"robots\" content=\"index, follow, max-snippet:-1, max-image-preview:large, max-video-preview:-1\" \/>\n<link rel=\"canonical\" href=\"https:\/\/sorbetkiwi.fr\/index.php\/ce-que-murmure-le-vent-d-amy-harmon\/\" \/>\n<meta property=\"og:locale\" content=\"fr_FR\" \/>\n<meta property=\"og:type\" content=\"article\" \/>\n<meta property=\"og:title\" content=\"Ce que murmure le vent d&#039;Amy Harmon - Sorbet Kiwi\" \/>\n<meta property=\"og:description\" content=\"Ma chronique de Ce que murmure le vent, d&#039;Amy Harmon publi\u00e9 aux \u00e9ditions Charleston lors de la rentr\u00e9e litt\u00e9raire 2021.\" \/>\n<meta property=\"og:url\" content=\"https:\/\/sorbetkiwi.fr\/index.php\/ce-que-murmure-le-vent-d-amy-harmon\/\" \/>\n<meta property=\"og:site_name\" content=\"Sorbet Kiwi\" \/>\n<meta property=\"article:publisher\" content=\"https:\/\/www.facebook.com\/profile.php?id=100086238893269\" \/>\n<meta property=\"article:published_time\" content=\"2022-11-07T12:38:55+00:00\" \/>\n<meta property=\"article:modified_time\" content=\"2022-11-07T12:38:57+00:00\" \/>\n<meta property=\"og:image\" content=\"https:\/\/sorbetkiwi.fr\/wp-content\/uploads\/2022\/11\/20210806_175450518_ios-scaled.jpg\" \/>\n\t<meta property=\"og:image:width\" content=\"1920\" \/>\n\t<meta property=\"og:image:height\" content=\"2560\" \/>\n\t<meta property=\"og:image:type\" content=\"image\/jpeg\" \/>\n<meta name=\"author\" content=\"Sorbet-Kiwi\" \/>\n<meta name=\"twitter:card\" content=\"summary_large_image\" \/>\n<meta name=\"twitter:creator\" content=\"@pepparshoes\" \/>\n<meta name=\"twitter:site\" content=\"@pepparshoes\" \/>\n<meta name=\"twitter:label1\" content=\"\u00c9crit par\" \/>\n\t<meta name=\"twitter:data1\" content=\"Sorbet-Kiwi\" \/>\n\t<meta name=\"twitter:label2\" content=\"Dur\u00e9e de lecture estim\u00e9e\" \/>\n\t<meta name=\"twitter:data2\" content=\"3 minutes\" \/>\n<script type=\"application\/ld+json\" class=\"yoast-schema-graph\">{\"@context\":\"https:\\\/\\\/schema.org\",\"@graph\":[{\"@type\":\"Article\",\"@id\":\"https:\\\/\\\/sorbetkiwi.fr\\\/index.php\\\/ce-que-murmure-le-vent-d-amy-harmon\\\/#article\",\"isPartOf\":{\"@id\":\"https:\\\/\\\/sorbetkiwi.fr\\\/index.php\\\/ce-que-murmure-le-vent-d-amy-harmon\\\/\"},\"author\":{\"name\":\"Sorbet-Kiwi\",\"@id\":\"https:\\\/\\\/sorbetkiwi.fr\\\/#\\\/schema\\\/person\\\/ed1b7b527a2957ddc3bf38b076540659\"},\"headline\":\"Ce que murmure le vent d&rsquo;Amy Harmon\",\"datePublished\":\"2022-11-07T12:38:55+00:00\",\"dateModified\":\"2022-11-07T12:38:57+00:00\",\"mainEntityOfPage\":{\"@id\":\"https:\\\/\\\/sorbetkiwi.fr\\\/index.php\\\/ce-que-murmure-le-vent-d-amy-harmon\\\/\"},\"wordCount\":620,\"commentCount\":3,\"publisher\":{\"@id\":\"https:\\\/\\\/sorbetkiwi.fr\\\/#organization\"},\"image\":{\"@id\":\"https:\\\/\\\/sorbetkiwi.fr\\\/index.php\\\/ce-que-murmure-le-vent-d-amy-harmon\\\/#primaryimage\"},\"thumbnailUrl\":\"https:\\\/\\\/sorbetkiwi.fr\\\/wp-content\\\/uploads\\\/2022\\\/11\\\/20210806_175450518_ios-scaled.jpg\",\"keywords\":[\"Amy Harmon\",\"Automne\",\"Ce que murmure le vent\",\"Editions Charleston\",\"Irlande\",\"Rentr\u00e9e litt\u00e9raire\"],\"articleSection\":[\"L'automne\",\"Partenariats\",\"Tout le blog\"],\"inLanguage\":\"fr-FR\",\"potentialAction\":[{\"@type\":\"CommentAction\",\"name\":\"Comment\",\"target\":[\"https:\\\/\\\/sorbetkiwi.fr\\\/index.php\\\/ce-que-murmure-le-vent-d-amy-harmon\\\/#respond\"]}]},{\"@type\":\"WebPage\",\"@id\":\"https:\\\/\\\/sorbetkiwi.fr\\\/index.php\\\/ce-que-murmure-le-vent-d-amy-harmon\\\/\",\"url\":\"https:\\\/\\\/sorbetkiwi.fr\\\/index.php\\\/ce-que-murmure-le-vent-d-amy-harmon\\\/\",\"name\":\"Ce que murmure le vent d'Amy Harmon - Sorbet Kiwi\",\"isPartOf\":{\"@id\":\"https:\\\/\\\/sorbetkiwi.fr\\\/#website\"},\"primaryImageOfPage\":{\"@id\":\"https:\\\/\\\/sorbetkiwi.fr\\\/index.php\\\/ce-que-murmure-le-vent-d-amy-harmon\\\/#primaryimage\"},\"image\":{\"@id\":\"https:\\\/\\\/sorbetkiwi.fr\\\/index.php\\\/ce-que-murmure-le-vent-d-amy-harmon\\\/#primaryimage\"},\"thumbnailUrl\":\"https:\\\/\\\/sorbetkiwi.fr\\\/wp-content\\\/uploads\\\/2022\\\/11\\\/20210806_175450518_ios-scaled.jpg\",\"datePublished\":\"2022-11-07T12:38:55+00:00\",\"dateModified\":\"2022-11-07T12:38:57+00:00\",\"description\":\"Ma chronique de Ce que murmure le vent, d'Amy Harmon publi\u00e9 aux \u00e9ditions Charleston lors de la rentr\u00e9e litt\u00e9raire 2021.\",\"breadcrumb\":{\"@id\":\"https:\\\/\\\/sorbetkiwi.fr\\\/index.php\\\/ce-que-murmure-le-vent-d-amy-harmon\\\/#breadcrumb\"},\"inLanguage\":\"fr-FR\",\"potentialAction\":[{\"@type\":\"ReadAction\",\"target\":[\"https:\\\/\\\/sorbetkiwi.fr\\\/index.php\\\/ce-que-murmure-le-vent-d-amy-harmon\\\/\"]}]},{\"@type\":\"ImageObject\",\"inLanguage\":\"fr-FR\",\"@id\":\"https:\\\/\\\/sorbetkiwi.fr\\\/index.php\\\/ce-que-murmure-le-vent-d-amy-harmon\\\/#primaryimage\",\"url\":\"https:\\\/\\\/sorbetkiwi.fr\\\/wp-content\\\/uploads\\\/2022\\\/11\\\/20210806_175450518_ios-scaled.jpg\",\"contentUrl\":\"https:\\\/\\\/sorbetkiwi.fr\\\/wp-content\\\/uploads\\\/2022\\\/11\\\/20210806_175450518_ios-scaled.jpg\",\"width\":1920,\"height\":2560,\"caption\":\"Ce que murmure le vent Amy Harmon\"},{\"@type\":\"BreadcrumbList\",\"@id\":\"https:\\\/\\\/sorbetkiwi.fr\\\/index.php\\\/ce-que-murmure-le-vent-d-amy-harmon\\\/#breadcrumb\",\"itemListElement\":[{\"@type\":\"ListItem\",\"position\":1,\"name\":\"Accueil\",\"item\":\"https:\\\/\\\/sorbetkiwi.fr\\\/\"},{\"@type\":\"ListItem\",\"position\":2,\"name\":\"Ce que murmure le vent d&rsquo;Amy Harmon\"}]},{\"@type\":\"WebSite\",\"@id\":\"https:\\\/\\\/sorbetkiwi.fr\\\/#website\",\"url\":\"https:\\\/\\\/sorbetkiwi.fr\\\/\",\"name\":\"Sorbet Kiwi\",\"description\":\"Des lectures th\u00e9matiques par saison et les avis qui vont avec\",\"publisher\":{\"@id\":\"https:\\\/\\\/sorbetkiwi.fr\\\/#organization\"},\"potentialAction\":[{\"@type\":\"SearchAction\",\"target\":{\"@type\":\"EntryPoint\",\"urlTemplate\":\"https:\\\/\\\/sorbetkiwi.fr\\\/?s={search_term_string}\"},\"query-input\":{\"@type\":\"PropertyValueSpecification\",\"valueRequired\":true,\"valueName\":\"search_term_string\"}}],\"inLanguage\":\"fr-FR\"},{\"@type\":\"Organization\",\"@id\":\"https:\\\/\\\/sorbetkiwi.fr\\\/#organization\",\"name\":\"Sorbet Kiwi\",\"url\":\"https:\\\/\\\/sorbetkiwi.fr\\\/\",\"logo\":{\"@type\":\"ImageObject\",\"inLanguage\":\"fr-FR\",\"@id\":\"https:\\\/\\\/sorbetkiwi.fr\\\/#\\\/schema\\\/logo\\\/image\\\/\",\"url\":\"https:\\\/\\\/sorbetkiwi.fr\\\/wp-content\\\/uploads\\\/2022\\\/10\\\/Banniere-Sorbet-Kiwi-2022.jpg\",\"contentUrl\":\"https:\\\/\\\/sorbetkiwi.fr\\\/wp-content\\\/uploads\\\/2022\\\/10\\\/Banniere-Sorbet-Kiwi-2022.jpg\",\"width\":814,\"height\":401,\"caption\":\"Sorbet Kiwi\"},\"image\":{\"@id\":\"https:\\\/\\\/sorbetkiwi.fr\\\/#\\\/schema\\\/logo\\\/image\\\/\"},\"sameAs\":[\"https:\\\/\\\/www.facebook.com\\\/profile.php?id=100086238893269\",\"https:\\\/\\\/x.com\\\/pepparshoes\",\"https:\\\/\\\/www.instagram.com\\\/sorbetkiwi\\\/\",\"https:\\\/\\\/www.tiktok.com\\\/sorbetkiwi\"]},{\"@type\":\"Person\",\"@id\":\"https:\\\/\\\/sorbetkiwi.fr\\\/#\\\/schema\\\/person\\\/ed1b7b527a2957ddc3bf38b076540659\",\"name\":\"Sorbet-Kiwi\",\"image\":{\"@type\":\"ImageObject\",\"inLanguage\":\"fr-FR\",\"@id\":\"https:\\\/\\\/secure.gravatar.com\\\/avatar\\\/86f0a5c27d76317621b9e374d0f3a01d3a85278f10d0c7207ced4fd773057442?s=96&d=mm&r=g\",\"url\":\"https:\\\/\\\/secure.gravatar.com\\\/avatar\\\/86f0a5c27d76317621b9e374d0f3a01d3a85278f10d0c7207ced4fd773057442?s=96&d=mm&r=g\",\"contentUrl\":\"https:\\\/\\\/secure.gravatar.com\\\/avatar\\\/86f0a5c27d76317621b9e374d0f3a01d3a85278f10d0c7207ced4fd773057442?s=96&d=mm&r=g\",\"caption\":\"Sorbet-Kiwi\"},\"sameAs\":[\"http:\\\/\\\/sorbetkiwi.fr\"],\"url\":\"https:\\\/\\\/sorbetkiwi.fr\\\/index.php\\\/author\\\/admin7717\\\/\"}]}<\/script>\n<!-- \/ Yoast SEO plugin. -->","yoast_head_json":{"title":"Ce que murmure le vent d'Amy Harmon - Sorbet Kiwi","description":"Ma chronique de Ce que murmure le vent, d'Amy Harmon publi\u00e9 aux \u00e9ditions Charleston lors de la rentr\u00e9e litt\u00e9raire 2021.","robots":{"index":"index","follow":"follow","max-snippet":"max-snippet:-1","max-image-preview":"max-image-preview:large","max-video-preview":"max-video-preview:-1"},"canonical":"https:\/\/sorbetkiwi.fr\/index.php\/ce-que-murmure-le-vent-d-amy-harmon\/","og_locale":"fr_FR","og_type":"article","og_title":"Ce que murmure le vent d'Amy Harmon - Sorbet Kiwi","og_description":"Ma chronique de Ce que murmure le vent, d'Amy Harmon publi\u00e9 aux \u00e9ditions Charleston lors de la rentr\u00e9e litt\u00e9raire 2021.","og_url":"https:\/\/sorbetkiwi.fr\/index.php\/ce-que-murmure-le-vent-d-amy-harmon\/","og_site_name":"Sorbet Kiwi","article_publisher":"https:\/\/www.facebook.com\/profile.php?id=100086238893269","article_published_time":"2022-11-07T12:38:55+00:00","article_modified_time":"2022-11-07T12:38:57+00:00","og_image":[{"width":1920,"height":2560,"url":"https:\/\/sorbetkiwi.fr\/wp-content\/uploads\/2022\/11\/20210806_175450518_ios-scaled.jpg","type":"image\/jpeg"}],"author":"Sorbet-Kiwi","twitter_card":"summary_large_image","twitter_creator":"@pepparshoes","twitter_site":"@pepparshoes","twitter_misc":{"\u00c9crit par":"Sorbet-Kiwi","Dur\u00e9e de lecture estim\u00e9e":"3 minutes"},"schema":{"@context":"https:\/\/schema.org","@graph":[{"@type":"Article","@id":"https:\/\/sorbetkiwi.fr\/index.php\/ce-que-murmure-le-vent-d-amy-harmon\/#article","isPartOf":{"@id":"https:\/\/sorbetkiwi.fr\/index.php\/ce-que-murmure-le-vent-d-amy-harmon\/"},"author":{"name":"Sorbet-Kiwi","@id":"https:\/\/sorbetkiwi.fr\/#\/schema\/person\/ed1b7b527a2957ddc3bf38b076540659"},"headline":"Ce que murmure le vent d&rsquo;Amy Harmon","datePublished":"2022-11-07T12:38:55+00:00","dateModified":"2022-11-07T12:38:57+00:00","mainEntityOfPage":{"@id":"https:\/\/sorbetkiwi.fr\/index.php\/ce-que-murmure-le-vent-d-amy-harmon\/"},"wordCount":620,"commentCount":3,"publisher":{"@id":"https:\/\/sorbetkiwi.fr\/#organization"},"image":{"@id":"https:\/\/sorbetkiwi.fr\/index.php\/ce-que-murmure-le-vent-d-amy-harmon\/#primaryimage"},"thumbnailUrl":"https:\/\/sorbetkiwi.fr\/wp-content\/uploads\/2022\/11\/20210806_175450518_ios-scaled.jpg","keywords":["Amy Harmon","Automne","Ce que murmure le vent","Editions Charleston","Irlande","Rentr\u00e9e litt\u00e9raire"],"articleSection":["L'automne","Partenariats","Tout le blog"],"inLanguage":"fr-FR","potentialAction":[{"@type":"CommentAction","name":"Comment","target":["https:\/\/sorbetkiwi.fr\/index.php\/ce-que-murmure-le-vent-d-amy-harmon\/#respond"]}]},{"@type":"WebPage","@id":"https:\/\/sorbetkiwi.fr\/index.php\/ce-que-murmure-le-vent-d-amy-harmon\/","url":"https:\/\/sorbetkiwi.fr\/index.php\/ce-que-murmure-le-vent-d-amy-harmon\/","name":"Ce que murmure le vent d'Amy Harmon - Sorbet Kiwi","isPartOf":{"@id":"https:\/\/sorbetkiwi.fr\/#website"},"primaryImageOfPage":{"@id":"https:\/\/sorbetkiwi.fr\/index.php\/ce-que-murmure-le-vent-d-amy-harmon\/#primaryimage"},"image":{"@id":"https:\/\/sorbetkiwi.fr\/index.php\/ce-que-murmure-le-vent-d-amy-harmon\/#primaryimage"},"thumbnailUrl":"https:\/\/sorbetkiwi.fr\/wp-content\/uploads\/2022\/11\/20210806_175450518_ios-scaled.jpg","datePublished":"2022-11-07T12:38:55+00:00","dateModified":"2022-11-07T12:38:57+00:00","description":"Ma chronique de Ce que murmure le vent, d'Amy Harmon publi\u00e9 aux \u00e9ditions Charleston lors de la rentr\u00e9e litt\u00e9raire 2021.","breadcrumb":{"@id":"https:\/\/sorbetkiwi.fr\/index.php\/ce-que-murmure-le-vent-d-amy-harmon\/#breadcrumb"},"inLanguage":"fr-FR","potentialAction":[{"@type":"ReadAction","target":["https:\/\/sorbetkiwi.fr\/index.php\/ce-que-murmure-le-vent-d-amy-harmon\/"]}]},{"@type":"ImageObject","inLanguage":"fr-FR","@id":"https:\/\/sorbetkiwi.fr\/index.php\/ce-que-murmure-le-vent-d-amy-harmon\/#primaryimage","url":"https:\/\/sorbetkiwi.fr\/wp-content\/uploads\/2022\/11\/20210806_175450518_ios-scaled.jpg","contentUrl":"https:\/\/sorbetkiwi.fr\/wp-content\/uploads\/2022\/11\/20210806_175450518_ios-scaled.jpg","width":1920,"height":2560,"caption":"Ce que murmure le vent Amy Harmon"},{"@type":"BreadcrumbList","@id":"https:\/\/sorbetkiwi.fr\/index.php\/ce-que-murmure-le-vent-d-amy-harmon\/#breadcrumb","itemListElement":[{"@type":"ListItem","position":1,"name":"Accueil","item":"https:\/\/sorbetkiwi.fr\/"},{"@type":"ListItem","position":2,"name":"Ce que murmure le vent d&rsquo;Amy Harmon"}]},{"@type":"WebSite","@id":"https:\/\/sorbetkiwi.fr\/#website","url":"https:\/\/sorbetkiwi.fr\/","name":"Sorbet Kiwi","description":"Des lectures th\u00e9matiques par saison et les avis qui vont avec","publisher":{"@id":"https:\/\/sorbetkiwi.fr\/#organization"},"potentialAction":[{"@type":"SearchAction","target":{"@type":"EntryPoint","urlTemplate":"https:\/\/sorbetkiwi.fr\/?s={search_term_string}"},"query-input":{"@type":"PropertyValueSpecification","valueRequired":true,"valueName":"search_term_string"}}],"inLanguage":"fr-FR"},{"@type":"Organization","@id":"https:\/\/sorbetkiwi.fr\/#organization","name":"Sorbet Kiwi","url":"https:\/\/sorbetkiwi.fr\/","logo":{"@type":"ImageObject","inLanguage":"fr-FR","@id":"https:\/\/sorbetkiwi.fr\/#\/schema\/logo\/image\/","url":"https:\/\/sorbetkiwi.fr\/wp-content\/uploads\/2022\/10\/Banniere-Sorbet-Kiwi-2022.jpg","contentUrl":"https:\/\/sorbetkiwi.fr\/wp-content\/uploads\/2022\/10\/Banniere-Sorbet-Kiwi-2022.jpg","width":814,"height":401,"caption":"Sorbet Kiwi"},"image":{"@id":"https:\/\/sorbetkiwi.fr\/#\/schema\/logo\/image\/"},"sameAs":["https:\/\/www.facebook.com\/profile.php?id=100086238893269","https:\/\/x.com\/pepparshoes","https:\/\/www.instagram.com\/sorbetkiwi\/","https:\/\/www.tiktok.com\/sorbetkiwi"]},{"@type":"Person","@id":"https:\/\/sorbetkiwi.fr\/#\/schema\/person\/ed1b7b527a2957ddc3bf38b076540659","name":"Sorbet-Kiwi","image":{"@type":"ImageObject","inLanguage":"fr-FR","@id":"https:\/\/secure.gravatar.com\/avatar\/86f0a5c27d76317621b9e374d0f3a01d3a85278f10d0c7207ced4fd773057442?s=96&d=mm&r=g","url":"https:\/\/secure.gravatar.com\/avatar\/86f0a5c27d76317621b9e374d0f3a01d3a85278f10d0c7207ced4fd773057442?s=96&d=mm&r=g","contentUrl":"https:\/\/secure.gravatar.com\/avatar\/86f0a5c27d76317621b9e374d0f3a01d3a85278f10d0c7207ced4fd773057442?s=96&d=mm&r=g","caption":"Sorbet-Kiwi"},"sameAs":["http:\/\/sorbetkiwi.fr"],"url":"https:\/\/sorbetkiwi.fr\/index.php\/author\/admin7717\/"}]}},"_links":{"self":[{"href":"https:\/\/sorbetkiwi.fr\/index.php\/wp-json\/wp\/v2\/posts\/1062","targetHints":{"allow":["GET"]}}],"collection":[{"href":"https:\/\/sorbetkiwi.fr\/index.php\/wp-json\/wp\/v2\/posts"}],"about":[{"href":"https:\/\/sorbetkiwi.fr\/index.php\/wp-json\/wp\/v2\/types\/post"}],"author":[{"embeddable":true,"href":"https:\/\/sorbetkiwi.fr\/index.php\/wp-json\/wp\/v2\/users\/1"}],"replies":[{"embeddable":true,"href":"https:\/\/sorbetkiwi.fr\/index.php\/wp-json\/wp\/v2\/comments?post=1062"}],"version-history":[{"count":5,"href":"https:\/\/sorbetkiwi.fr\/index.php\/wp-json\/wp\/v2\/posts\/1062\/revisions"}],"predecessor-version":[{"id":1068,"href":"https:\/\/sorbetkiwi.fr\/index.php\/wp-json\/wp\/v2\/posts\/1062\/revisions\/1068"}],"wp:featuredmedia":[{"embeddable":true,"href":"https:\/\/sorbetkiwi.fr\/index.php\/wp-json\/wp\/v2\/media\/1064"}],"wp:attachment":[{"href":"https:\/\/sorbetkiwi.fr\/index.php\/wp-json\/wp\/v2\/media?parent=1062"}],"wp:term":[{"taxonomy":"category","embeddable":true,"href":"https:\/\/sorbetkiwi.fr\/index.php\/wp-json\/wp\/v2\/categories?post=1062"},{"taxonomy":"post_tag","embeddable":true,"href":"https:\/\/sorbetkiwi.fr\/index.php\/wp-json\/wp\/v2\/tags?post=1062"}],"curies":[{"name":"wp","href":"https:\/\/api.w.org\/{rel}","templated":true}]}}