{"id":1029,"date":"2022-11-02T12:33:45","date_gmt":"2022-11-02T11:33:45","guid":{"rendered":"https:\/\/sorbetkiwi.fr\/?p=1029"},"modified":"2022-11-02T12:37:00","modified_gmt":"2022-11-02T11:37:00","slug":"filles-du-vent-de-mathilde-faure","status":"publish","type":"post","link":"https:\/\/sorbetkiwi.fr\/index.php\/filles-du-vent-de-mathilde-faure\/","title":{"rendered":"Filles du vent de Mathilde Faure"},"content":{"rendered":"\t\t<div data-elementor-type=\"wp-post\" data-elementor-id=\"1029\" class=\"elementor elementor-1029\">\n\t\t\t\t\t\t<section class=\"elementor-section elementor-top-section elementor-element elementor-element-14381802 elementor-section-boxed elementor-section-height-default elementor-section-height-default\" data-id=\"14381802\" data-element_type=\"section\" data-e-type=\"section\">\n\t\t\t\t\t\t<div class=\"elementor-container elementor-column-gap-default\">\n\t\t\t\t\t<div class=\"elementor-column elementor-col-100 elementor-top-column elementor-element elementor-element-4fe528c6\" data-id=\"4fe528c6\" data-element_type=\"column\" data-e-type=\"column\">\n\t\t\t<div class=\"elementor-widget-wrap elementor-element-populated\">\n\t\t\t\t\t\t<div class=\"elementor-element elementor-element-20403f75 elementor-widget elementor-widget-heading\" data-id=\"20403f75\" data-element_type=\"widget\" data-e-type=\"widget\" data-widget_type=\"heading.default\">\n\t\t\t\t<div class=\"elementor-widget-container\">\n\t\t\t\t\t<h1 class=\"elementor-heading-title elementor-size-medium\">Filles du vent<\/h1>\t\t\t\t<\/div>\n\t\t\t\t<\/div>\n\t\t\t\t<div class=\"elementor-element elementor-element-69d7f67d elementor-view-default elementor-widget elementor-widget-icon\" data-id=\"69d7f67d\" data-element_type=\"widget\" data-e-type=\"widget\" data-widget_type=\"icon.default\">\n\t\t\t\t<div class=\"elementor-widget-container\">\n\t\t\t\t\t\t\t<div class=\"elementor-icon-wrapper\">\n\t\t\t<div class=\"elementor-icon\">\n\t\t\t<i aria-hidden=\"true\" class=\"fab fa-canadian-maple-leaf\"><\/i>\t\t\t<\/div>\n\t\t<\/div>\n\t\t\t\t\t\t<\/div>\n\t\t\t\t<\/div>\n\t\t\t\t<div class=\"elementor-element elementor-element-6a35219e elementor-widget-divider--view-line elementor-widget elementor-widget-divider\" data-id=\"6a35219e\" data-element_type=\"widget\" data-e-type=\"widget\" data-widget_type=\"divider.default\">\n\t\t\t\t<div class=\"elementor-widget-container\">\n\t\t\t\t\t\t\t<div class=\"elementor-divider\">\n\t\t\t<span class=\"elementor-divider-separator\">\n\t\t\t\t\t\t<\/span>\n\t\t<\/div>\n\t\t\t\t\t\t<\/div>\n\t\t\t\t<\/div>\n\t\t\t\t<div class=\"elementor-element elementor-element-1e8af929 elementor-widget elementor-widget-heading\" data-id=\"1e8af929\" data-element_type=\"widget\" data-e-type=\"widget\" data-widget_type=\"heading.default\">\n\t\t\t\t<div class=\"elementor-widget-container\">\n\t\t\t\t\t<h2 class=\"elementor-heading-title elementor-size-medium\">R\u00e9sum\u00e9<\/h2>\t\t\t\t<\/div>\n\t\t\t\t<\/div>\n\t\t\t\t<div class=\"elementor-element elementor-element-a822c55 elementor-widget elementor-widget-text-editor\" data-id=\"a822c55\" data-element_type=\"widget\" data-e-type=\"widget\" data-widget_type=\"text-editor.default\">\n\t\t\t\t<div class=\"elementor-widget-container\">\n\t\t\t\t\t\t\t\t\t<p>Lina, Assa et C\u00e9line, trois adolescentes plac\u00e9es dans un foyer \u00e0 Argenteuil, ne partagent rien, hormis le quotidien atypique des mineurs de la protection de l\u2019enfance. Lina, habit\u00e9e par une immense violence, refuse les \u00e9tiquettes que les adultes lui assignent. Assa r\u00eave d\u2019une adolescence normale et se r\u00e9fugie dans les \u00e9tudes et la litt\u00e9rature pour oublier une histoire familiale douloureuse. C\u00e9line, d\u00e9scolaris\u00e9e et fugueuse inv\u00e9t\u00e9r\u00e9e, vit au jour le jour et se prostitue par ennui autant que par besoin d\u2019exister. Alors qu\u2019\u00e0 l\u2019automne 2019, la vague #noustoutes d\u00e9ferle sur la France, chacune y trouve un \u00e9cho \u00e0 sa propre histoire. Et pourtant, aucune d\u2019entre elles n\u2019y est vraiment repr\u00e9sent\u00e9e. Ensemble, elles se lancent alors dans une fugue itin\u00e9rante, pour couvrir les fa\u00e7ades des plus grandes villes de France de collages qui portent la voix de ces adolescentes invisibles.<\/p>\t\t\t\t\t\t\t\t<\/div>\n\t\t\t\t<\/div>\n\t\t\t\t<div class=\"elementor-element elementor-element-6af0a0f7 elementor-widget-divider--view-line elementor-widget elementor-widget-divider\" data-id=\"6af0a0f7\" data-element_type=\"widget\" data-e-type=\"widget\" data-widget_type=\"divider.default\">\n\t\t\t\t<div class=\"elementor-widget-container\">\n\t\t\t\t\t\t\t<div class=\"elementor-divider\">\n\t\t\t<span class=\"elementor-divider-separator\">\n\t\t\t\t\t\t<\/span>\n\t\t<\/div>\n\t\t\t\t\t\t<\/div>\n\t\t\t\t<\/div>\n\t\t\t\t<div class=\"elementor-element elementor-element-35b52b63 elementor-widget elementor-widget-heading\" data-id=\"35b52b63\" data-element_type=\"widget\" data-e-type=\"widget\" data-widget_type=\"heading.default\">\n\t\t\t\t<div class=\"elementor-widget-container\">\n\t\t\t\t\t<h2 class=\"elementor-heading-title elementor-size-medium\">Ma note<\/h2>\t\t\t\t<\/div>\n\t\t\t\t<\/div>\n\t\t\t\t<div class=\"elementor-element elementor-element-1be03959 elementor-star-rating--align-center elementor--star-style-star_fontawesome elementor-widget elementor-widget-star-rating\" data-id=\"1be03959\" data-element_type=\"widget\" data-e-type=\"widget\" data-widget_type=\"star-rating.default\">\n\t\t\t\t<div class=\"elementor-widget-container\">\n\t\t\t\t\t\t\t<div class=\"elementor-star-rating__wrapper\">\n\t\t\t\t\t\t<div class=\"elementor-star-rating\" itemtype=\"http:\/\/schema.org\/Rating\" itemscope=\"\" itemprop=\"reviewRating\">\n\t\t\t\t<i class=\"elementor-star-full\" aria-hidden=\"true\">&#xE934;<\/i><i class=\"elementor-star-full\" aria-hidden=\"true\">&#xE934;<\/i><i class=\"elementor-star-full\" aria-hidden=\"true\">&#xE934;<\/i><i class=\"elementor-star-full\" aria-hidden=\"true\">&#xE934;<\/i><i class=\"elementor-star-full\" aria-hidden=\"true\">&#xE934;<\/i>\t\t\t\t<span itemprop=\"ratingValue\" class=\"elementor-screen-only\">Not\u00e9 5 sur 5<\/span>\n\t\t\t<\/div>\n\t\t<\/div>\n\t\t\t\t\t\t<\/div>\n\t\t\t\t<\/div>\n\t\t\t\t<div class=\"elementor-element elementor-element-1d677bf elementor-widget-divider--view-line elementor-widget elementor-widget-divider\" data-id=\"1d677bf\" data-element_type=\"widget\" data-e-type=\"widget\" data-widget_type=\"divider.default\">\n\t\t\t\t<div class=\"elementor-widget-container\">\n\t\t\t\t\t\t\t<div class=\"elementor-divider\">\n\t\t\t<span class=\"elementor-divider-separator\">\n\t\t\t\t\t\t<\/span>\n\t\t<\/div>\n\t\t\t\t\t\t<\/div>\n\t\t\t\t<\/div>\n\t\t\t\t<div class=\"elementor-element elementor-element-537df82b elementor-widget elementor-widget-heading\" data-id=\"537df82b\" data-element_type=\"widget\" data-e-type=\"widget\" data-widget_type=\"heading.default\">\n\t\t\t\t<div class=\"elementor-widget-container\">\n\t\t\t\t\t<h2 class=\"elementor-heading-title elementor-size-medium\">Un r\u00e9cit qui me touche de plein fouet<\/h2>\t\t\t\t<\/div>\n\t\t\t\t<\/div>\n\t\t\t\t<div class=\"elementor-element elementor-element-49d28a32 elementor-widget elementor-widget-text-editor\" data-id=\"49d28a32\" data-element_type=\"widget\" data-e-type=\"widget\" data-widget_type=\"text-editor.default\">\n\t\t\t\t<div class=\"elementor-widget-container\">\n\t\t\t\t\t\t\t\t\t<p>D\u00e9s l&rsquo;annonce des \u00e9ditions Charleston \u00e0 propos du <a href=\"https:\/\/editionscharleston.fr\/prix-de-l-heroine-engagee\/\">Prix de l\u2019Hero\u00efne Engag\u00e9e<\/a>, j\u2019\u00e9tais d\u00e9j\u00e0 tr\u00e8s curieuse de la laur\u00e9ate. Ce concours d\u2019\u00e9criture s\u2019annon\u00e7ait prometteur. D&rsquo;abord, j&rsquo;ai ador\u00e9 le coup de c\u0153ur du jury, <a href=\"https:\/\/sorbetkiwi.fr\/index.php\/un-jour-de-plus-de-ton-absence-de-melusine-huguet\/\">Un jour de plus de ton absence. <\/a>\u00a0Je vous parle donc aujourd\u2019hui de l\u2019autre finaliste 2021, Filles du vent.\u00a0<\/p><p>Il y a 15 ans, j\u2019aurai pu me retrouver dans la situation des jeunes femmes de cette histoire. Puis, plus tard, j\u2019ai d\u00e9cid\u00e9 qu\u2019il \u00e9tait \u00e0 mon tour temps de m\u2019engager. A 17 ans, j\u2019ai donc choisi de faire un DEUST pour devenir \u00e9ducatrice sportive sp\u00e9cialis\u00e9e. Mais lorsqu\u2019on est touch\u00e9 de trop pr\u00eat, lorsqu\u2019on est non seulement impliqu\u00e9e, mais aussi concern\u00e9e, il est difficile de prendre du recul et d\u2019aider. Me voici donc archiviste-documentaliste. Mais vous imaginez bien que je me suis reconnue en l\u2019une de ces jeunes filles tr\u00e8s particuli\u00e8rement. Que ce r\u00e9cit m\u2019a percut\u00e9 de plein fouet.<\/p>\t\t\t\t\t\t\t\t<\/div>\n\t\t\t\t<\/div>\n\t\t\t\t<div class=\"elementor-element elementor-element-632d20ce elementor-widget-divider--view-line elementor-widget elementor-widget-divider\" data-id=\"632d20ce\" data-element_type=\"widget\" data-e-type=\"widget\" data-widget_type=\"divider.default\">\n\t\t\t\t<div class=\"elementor-widget-container\">\n\t\t\t\t\t\t\t<div class=\"elementor-divider\">\n\t\t\t<span class=\"elementor-divider-separator\">\n\t\t\t\t\t\t<\/span>\n\t\t<\/div>\n\t\t\t\t\t\t<\/div>\n\t\t\t\t<\/div>\n\t\t\t\t<div class=\"elementor-element elementor-element-2a1ecc46 elementor-widget elementor-widget-heading\" data-id=\"2a1ecc46\" data-element_type=\"widget\" data-e-type=\"widget\" data-widget_type=\"heading.default\">\n\t\t\t\t<div class=\"elementor-widget-container\">\n\t\t\t\t\t<h4 class=\"elementor-heading-title elementor-size-medium\">\u00ab La main gauche pos\u00e9e sur ma bouche, une larme coule le long de ma joue. Ce n\u2019est pas une larme de tristesse, ni de douleur. Elle ressemble plut\u00f4t \u00e0 la larme de la sororit\u00e9. \u00bb<\/h4>\t\t\t\t<\/div>\n\t\t\t\t<\/div>\n\t\t\t\t<div class=\"elementor-element elementor-element-1b017087 elementor-widget-divider--view-line elementor-widget elementor-widget-divider\" data-id=\"1b017087\" data-element_type=\"widget\" data-e-type=\"widget\" data-widget_type=\"divider.default\">\n\t\t\t\t<div class=\"elementor-widget-container\">\n\t\t\t\t\t\t\t<div class=\"elementor-divider\">\n\t\t\t<span class=\"elementor-divider-separator\">\n\t\t\t\t\t\t<\/span>\n\t\t<\/div>\n\t\t\t\t\t\t<\/div>\n\t\t\t\t<\/div>\n\t\t\t\t<div class=\"elementor-element elementor-element-1ab17c49 elementor-widget elementor-widget-heading\" data-id=\"1ab17c49\" data-element_type=\"widget\" data-e-type=\"widget\" data-widget_type=\"heading.default\">\n\t\t\t\t<div class=\"elementor-widget-container\">\n\t\t\t\t\t<h2 class=\"elementor-heading-title elementor-size-medium\">Ces jeunes femmes \u00e0 l'honneur<\/h2>\t\t\t\t<\/div>\n\t\t\t\t<\/div>\n\t\t\t\t<div class=\"elementor-element elementor-element-7f52d2d elementor-widget elementor-widget-text-editor\" data-id=\"7f52d2d\" data-element_type=\"widget\" data-e-type=\"widget\" data-widget_type=\"text-editor.default\">\n\t\t\t\t<div class=\"elementor-widget-container\">\n\t\t\t\t\t\t\t\t\t<p>Il y a tant de r\u00e9alit\u00e9s \u00e0 l\u2019ASE qu\u2019il y a de personnes concern\u00e9es. Aucune histoire ne se ressemble, parce que chaque individu est diff\u00e9rent. Et en fonction des gens que l\u2019on croise, des gens avec qui l\u2019on vit, tout peut changer. Au d\u00e9tour d\u2019une rencontre, d\u2019une lecture, d\u2019un morceau musical, tout peut basculer. On peut se retrouver engag\u00e9e, \u00e0 traverser la France pour faire entendre sa voix. Et \u00e0 la fois, on en d\u00e9couvre \u00e9norm\u00e9ment sur le parcours qu\u2019ont tant de jeunes filles \u00ab plac\u00e9es \u00bb, alors que justement elles pensent ne pas avoir de place dans notre soci\u00e9t\u00e9. Comme C\u00e9line, Assa et Lina. Elles font face, au quotidien, \u00e0 de nombreux aprioris. Ce que je retiens de ce roman, c\u2019est que Mathilde Faure cherche \u00e0 nous d\u00e9montrer qu\u2019elles peuvent nous surprendre, si on leur en donne la possibilit\u00e9. En attendant, elles font comme elles peuvent.<\/p>\t\t\t\t\t\t\t\t<\/div>\n\t\t\t\t<\/div>\n\t\t\t\t<div class=\"elementor-element elementor-element-515900d4 elementor-widget-divider--view-line elementor-widget elementor-widget-divider\" data-id=\"515900d4\" data-element_type=\"widget\" data-e-type=\"widget\" data-widget_type=\"divider.default\">\n\t\t\t\t<div class=\"elementor-widget-container\">\n\t\t\t\t\t\t\t<div class=\"elementor-divider\">\n\t\t\t<span class=\"elementor-divider-separator\">\n\t\t\t\t\t\t<\/span>\n\t\t<\/div>\n\t\t\t\t\t\t<\/div>\n\t\t\t\t<\/div>\n\t\t\t\t<div class=\"elementor-element elementor-element-211cde4b elementor-widget elementor-widget-heading\" data-id=\"211cde4b\" data-element_type=\"widget\" data-e-type=\"widget\" data-widget_type=\"heading.default\">\n\t\t\t\t<div class=\"elementor-widget-container\">\n\t\t\t\t\t<h2 class=\"elementor-heading-title elementor-size-medium\">Un prix amplement m\u00e9rit\u00e9<\/h2>\t\t\t\t<\/div>\n\t\t\t\t<\/div>\n\t\t\t\t<div class=\"elementor-element elementor-element-37d3c8f8 elementor-widget elementor-widget-text-editor\" data-id=\"37d3c8f8\" data-element_type=\"widget\" data-e-type=\"widget\" data-widget_type=\"text-editor.default\">\n\t\t\t\t<div class=\"elementor-widget-container\">\n\t\t\t\t\t\t\t\t\t<p>La r\u00e9alit\u00e9 du d\u00e9tachement de soi, de la prostitution des adolescentes, de la col\u00e8re li\u00e9e \u00e0 l\u2019injustice sociale m\u2019a \u00e9norm\u00e9ment touch\u00e9. Cela me semblait si important \u00e0 v\u00e9hiculer ! Tout le monde n\u2019a pas la chance de grandir dans une famille fonctionnelle. Et quand d\u00e9s le d\u00e9part, on se retrouve \u00e9norm\u00e9ment livr\u00e9e \u00e0 soi-m\u00eame, \u00e0 devoir g\u00e9rer alors qu\u2019on devrait \u00eatre entrain de jouer aux legos, a essay\u00e9 de comprendre le monde des adultes pour tout anticiper, comment peut-on se construire ? Comment peut-on se d\u00e9passer soi-m\u00eame ? A travers son intonation tr\u00e8s young adult, qui change d\u2019ailleurs, dans le catalogue Charleston, Filles du vent aborde de nombreuses probl\u00e9matiques importantes avec beaucoup de justesse.&nbsp;<\/p>\n<p>Au niveau du prix de l\u2019H\u00e9ro\u00efne engag\u00e9e, je pense qu\u2019il faut autant lire&nbsp;Filles du vent&nbsp;qu\u2019<a href=\"https:\/\/sorbetkiwi.fr\/index.php\/un-jour-de-plus-de-ton-absence-de-melusine-huguet\/\">Un jour de plus de ton absence<\/a>, tant les deux laur\u00e9ates sont compl\u00e9mentaires dans leurs engagements, et pourtant si diff\u00e9rentes. Filles du vent&nbsp;m\u2019a \u00e9norm\u00e9ment fait pleurer, tant les messages transmis m\u2019ont frapp\u00e9. R\u00e9solument f\u00e9ministe, d\u00e9couvrir une partie de la r\u00e9alit\u00e9 de ces jeunes filles de l\u2019ASE m\u2019a beaucoup touch\u00e9, et je ne peux que recommander ce roman. Un coup de coeur !<\/p>\n<p>Cet article a initialement \u00e9t\u00e9 publi\u00e9 sur <a href=\"https:\/\/sorbetkiwi.wordpress.com\/2021\/03\/09\/filles-du-vent-de-mathilde-faure\/\">mon ancien blog<\/a>.<\/p>\t\t\t\t\t\t\t\t<\/div>\n\t\t\t\t<\/div>\n\t\t\t\t\t<\/div>\n\t\t<\/div>\n\t\t\t\t\t<\/div>\n\t\t<\/section>\n\t\t\t\t<\/div>\n\t\t","protected":false},"excerpt":{"rendered":"<p>Filles du vent R\u00e9sum\u00e9 Lina, Assa et C\u00e9line, trois adolescentes plac\u00e9es dans un foyer \u00e0 Argenteuil, ne partagent rien, hormis le quotidien atypique des mineurs de la protection de l\u2019enfance. Lina, habit\u00e9e par une immense &hellip; <\/p>\n","protected":false},"author":1,"featured_media":1036,"comment_status":"open","ping_status":"open","sticky":false,"template":"","format":"standard","meta":{"footnotes":""},"categories":[9,15,8,1],"tags":[232,31,43,227,229,222,230,233],"class_list":["post-1029","post","type-post","status-publish","format-standard","has-post-thumbnail","hentry","category-coups-de-coeur","category-l-automne","category-partenariats","category-tout-le-blog","tag-ase","tag-editions-charleston","tag-feminisme","tag-filles-du-vent","tag-mathilde-faure","tag-prix-de-lheroine-engagee","tag-roman-contemporain","tag-roman-engage","has-single-img"],"yoast_head":"<!-- This site is optimized with the Yoast SEO plugin v27.4 - https:\/\/yoast.com\/product\/yoast-seo-wordpress\/ -->\n<title>Filles du vent de Mathilde Faure - Sorbet Kiwi<\/title>\n<meta name=\"description\" content=\"Ma chronique du laur\u00e9at du Prix de l&#039;h\u00e9ro\u00efne engag\u00e9e 2021, Filles du vent de Mathilde Faure publi\u00e9 aux \u00e9ditions Charleston.\" \/>\n<meta name=\"robots\" content=\"index, follow, max-snippet:-1, max-image-preview:large, max-video-preview:-1\" \/>\n<link rel=\"canonical\" href=\"https:\/\/sorbetkiwi.fr\/index.php\/filles-du-vent-de-mathilde-faure\/\" \/>\n<meta property=\"og:locale\" content=\"fr_FR\" \/>\n<meta property=\"og:type\" content=\"article\" \/>\n<meta property=\"og:title\" content=\"Filles du vent de Mathilde Faure - Sorbet Kiwi\" \/>\n<meta property=\"og:description\" content=\"Ma chronique du laur\u00e9at du Prix de l&#039;h\u00e9ro\u00efne engag\u00e9e 2021, Filles du vent de Mathilde Faure publi\u00e9 aux \u00e9ditions Charleston.\" \/>\n<meta property=\"og:url\" content=\"https:\/\/sorbetkiwi.fr\/index.php\/filles-du-vent-de-mathilde-faure\/\" \/>\n<meta property=\"og:site_name\" content=\"Sorbet Kiwi\" \/>\n<meta property=\"article:publisher\" content=\"https:\/\/www.facebook.com\/profile.php?id=100086238893269\" \/>\n<meta property=\"article:published_time\" content=\"2022-11-02T11:33:45+00:00\" \/>\n<meta property=\"article:modified_time\" content=\"2022-11-02T11:37:00+00:00\" \/>\n<meta property=\"og:image\" content=\"https:\/\/sorbetkiwi.fr\/wp-content\/uploads\/2022\/11\/Filles-du-vent-Mathilde-Faure-scaled.jpg\" \/>\n\t<meta property=\"og:image:width\" content=\"1920\" \/>\n\t<meta property=\"og:image:height\" content=\"2560\" \/>\n\t<meta property=\"og:image:type\" content=\"image\/jpeg\" \/>\n<meta name=\"author\" content=\"Sorbet-Kiwi\" \/>\n<meta name=\"twitter:card\" content=\"summary_large_image\" \/>\n<meta name=\"twitter:creator\" content=\"@pepparshoes\" \/>\n<meta name=\"twitter:site\" content=\"@pepparshoes\" \/>\n<meta name=\"twitter:label1\" content=\"\u00c9crit par\" \/>\n\t<meta name=\"twitter:data1\" content=\"Sorbet-Kiwi\" \/>\n\t<meta name=\"twitter:label2\" content=\"Dur\u00e9e de lecture estim\u00e9e\" \/>\n\t<meta name=\"twitter:data2\" content=\"4 minutes\" \/>\n<script type=\"application\/ld+json\" class=\"yoast-schema-graph\">{\"@context\":\"https:\\\/\\\/schema.org\",\"@graph\":[{\"@type\":\"Article\",\"@id\":\"https:\\\/\\\/sorbetkiwi.fr\\\/index.php\\\/filles-du-vent-de-mathilde-faure\\\/#article\",\"isPartOf\":{\"@id\":\"https:\\\/\\\/sorbetkiwi.fr\\\/index.php\\\/filles-du-vent-de-mathilde-faure\\\/\"},\"author\":{\"name\":\"Sorbet-Kiwi\",\"@id\":\"https:\\\/\\\/sorbetkiwi.fr\\\/#\\\/schema\\\/person\\\/ed1b7b527a2957ddc3bf38b076540659\"},\"headline\":\"Filles du vent de Mathilde Faure\",\"datePublished\":\"2022-11-02T11:33:45+00:00\",\"dateModified\":\"2022-11-02T11:37:00+00:00\",\"mainEntityOfPage\":{\"@id\":\"https:\\\/\\\/sorbetkiwi.fr\\\/index.php\\\/filles-du-vent-de-mathilde-faure\\\/\"},\"wordCount\":813,\"commentCount\":1,\"publisher\":{\"@id\":\"https:\\\/\\\/sorbetkiwi.fr\\\/#organization\"},\"image\":{\"@id\":\"https:\\\/\\\/sorbetkiwi.fr\\\/index.php\\\/filles-du-vent-de-mathilde-faure\\\/#primaryimage\"},\"thumbnailUrl\":\"https:\\\/\\\/sorbetkiwi.fr\\\/wp-content\\\/uploads\\\/2022\\\/11\\\/Filles-du-vent-Mathilde-Faure-scaled.jpg\",\"keywords\":[\"ASE\",\"Editions Charleston\",\"F\u00e9minisme\",\"Filles du vent\",\"Mathilde Faure\",\"Prix de l&#039;h\u00e9ro\u00efne engag\u00e9e\",\"Roman contemporain\",\"Roman engag\u00e9\"],\"articleSection\":[\"Coups de coeur\",\"L'automne\",\"Partenariats\",\"Tout le blog\"],\"inLanguage\":\"fr-FR\",\"potentialAction\":[{\"@type\":\"CommentAction\",\"name\":\"Comment\",\"target\":[\"https:\\\/\\\/sorbetkiwi.fr\\\/index.php\\\/filles-du-vent-de-mathilde-faure\\\/#respond\"]}]},{\"@type\":\"WebPage\",\"@id\":\"https:\\\/\\\/sorbetkiwi.fr\\\/index.php\\\/filles-du-vent-de-mathilde-faure\\\/\",\"url\":\"https:\\\/\\\/sorbetkiwi.fr\\\/index.php\\\/filles-du-vent-de-mathilde-faure\\\/\",\"name\":\"Filles du vent de Mathilde Faure - Sorbet Kiwi\",\"isPartOf\":{\"@id\":\"https:\\\/\\\/sorbetkiwi.fr\\\/#website\"},\"primaryImageOfPage\":{\"@id\":\"https:\\\/\\\/sorbetkiwi.fr\\\/index.php\\\/filles-du-vent-de-mathilde-faure\\\/#primaryimage\"},\"image\":{\"@id\":\"https:\\\/\\\/sorbetkiwi.fr\\\/index.php\\\/filles-du-vent-de-mathilde-faure\\\/#primaryimage\"},\"thumbnailUrl\":\"https:\\\/\\\/sorbetkiwi.fr\\\/wp-content\\\/uploads\\\/2022\\\/11\\\/Filles-du-vent-Mathilde-Faure-scaled.jpg\",\"datePublished\":\"2022-11-02T11:33:45+00:00\",\"dateModified\":\"2022-11-02T11:37:00+00:00\",\"description\":\"Ma chronique du laur\u00e9at du Prix de l'h\u00e9ro\u00efne engag\u00e9e 2021, Filles du vent de Mathilde Faure publi\u00e9 aux \u00e9ditions Charleston.\",\"breadcrumb\":{\"@id\":\"https:\\\/\\\/sorbetkiwi.fr\\\/index.php\\\/filles-du-vent-de-mathilde-faure\\\/#breadcrumb\"},\"inLanguage\":\"fr-FR\",\"potentialAction\":[{\"@type\":\"ReadAction\",\"target\":[\"https:\\\/\\\/sorbetkiwi.fr\\\/index.php\\\/filles-du-vent-de-mathilde-faure\\\/\"]}]},{\"@type\":\"ImageObject\",\"inLanguage\":\"fr-FR\",\"@id\":\"https:\\\/\\\/sorbetkiwi.fr\\\/index.php\\\/filles-du-vent-de-mathilde-faure\\\/#primaryimage\",\"url\":\"https:\\\/\\\/sorbetkiwi.fr\\\/wp-content\\\/uploads\\\/2022\\\/11\\\/Filles-du-vent-Mathilde-Faure-scaled.jpg\",\"contentUrl\":\"https:\\\/\\\/sorbetkiwi.fr\\\/wp-content\\\/uploads\\\/2022\\\/11\\\/Filles-du-vent-Mathilde-Faure-scaled.jpg\",\"width\":1920,\"height\":2560,\"caption\":\"Filles du vent Mathilde Faure\"},{\"@type\":\"BreadcrumbList\",\"@id\":\"https:\\\/\\\/sorbetkiwi.fr\\\/index.php\\\/filles-du-vent-de-mathilde-faure\\\/#breadcrumb\",\"itemListElement\":[{\"@type\":\"ListItem\",\"position\":1,\"name\":\"Accueil\",\"item\":\"https:\\\/\\\/sorbetkiwi.fr\\\/\"},{\"@type\":\"ListItem\",\"position\":2,\"name\":\"Filles du vent de Mathilde Faure\"}]},{\"@type\":\"WebSite\",\"@id\":\"https:\\\/\\\/sorbetkiwi.fr\\\/#website\",\"url\":\"https:\\\/\\\/sorbetkiwi.fr\\\/\",\"name\":\"Sorbet Kiwi\",\"description\":\"Des lectures th\u00e9matiques par saison et les avis qui vont avec\",\"publisher\":{\"@id\":\"https:\\\/\\\/sorbetkiwi.fr\\\/#organization\"},\"potentialAction\":[{\"@type\":\"SearchAction\",\"target\":{\"@type\":\"EntryPoint\",\"urlTemplate\":\"https:\\\/\\\/sorbetkiwi.fr\\\/?s={search_term_string}\"},\"query-input\":{\"@type\":\"PropertyValueSpecification\",\"valueRequired\":true,\"valueName\":\"search_term_string\"}}],\"inLanguage\":\"fr-FR\"},{\"@type\":\"Organization\",\"@id\":\"https:\\\/\\\/sorbetkiwi.fr\\\/#organization\",\"name\":\"Sorbet Kiwi\",\"url\":\"https:\\\/\\\/sorbetkiwi.fr\\\/\",\"logo\":{\"@type\":\"ImageObject\",\"inLanguage\":\"fr-FR\",\"@id\":\"https:\\\/\\\/sorbetkiwi.fr\\\/#\\\/schema\\\/logo\\\/image\\\/\",\"url\":\"https:\\\/\\\/sorbetkiwi.fr\\\/wp-content\\\/uploads\\\/2022\\\/10\\\/Banniere-Sorbet-Kiwi-2022.jpg\",\"contentUrl\":\"https:\\\/\\\/sorbetkiwi.fr\\\/wp-content\\\/uploads\\\/2022\\\/10\\\/Banniere-Sorbet-Kiwi-2022.jpg\",\"width\":814,\"height\":401,\"caption\":\"Sorbet Kiwi\"},\"image\":{\"@id\":\"https:\\\/\\\/sorbetkiwi.fr\\\/#\\\/schema\\\/logo\\\/image\\\/\"},\"sameAs\":[\"https:\\\/\\\/www.facebook.com\\\/profile.php?id=100086238893269\",\"https:\\\/\\\/x.com\\\/pepparshoes\",\"https:\\\/\\\/www.instagram.com\\\/sorbetkiwi\\\/\",\"https:\\\/\\\/www.tiktok.com\\\/sorbetkiwi\"]},{\"@type\":\"Person\",\"@id\":\"https:\\\/\\\/sorbetkiwi.fr\\\/#\\\/schema\\\/person\\\/ed1b7b527a2957ddc3bf38b076540659\",\"name\":\"Sorbet-Kiwi\",\"image\":{\"@type\":\"ImageObject\",\"inLanguage\":\"fr-FR\",\"@id\":\"https:\\\/\\\/secure.gravatar.com\\\/avatar\\\/86f0a5c27d76317621b9e374d0f3a01d3a85278f10d0c7207ced4fd773057442?s=96&d=mm&r=g\",\"url\":\"https:\\\/\\\/secure.gravatar.com\\\/avatar\\\/86f0a5c27d76317621b9e374d0f3a01d3a85278f10d0c7207ced4fd773057442?s=96&d=mm&r=g\",\"contentUrl\":\"https:\\\/\\\/secure.gravatar.com\\\/avatar\\\/86f0a5c27d76317621b9e374d0f3a01d3a85278f10d0c7207ced4fd773057442?s=96&d=mm&r=g\",\"caption\":\"Sorbet-Kiwi\"},\"sameAs\":[\"http:\\\/\\\/sorbetkiwi.fr\"],\"url\":\"https:\\\/\\\/sorbetkiwi.fr\\\/index.php\\\/author\\\/admin7717\\\/\"}]}<\/script>\n<!-- \/ Yoast SEO plugin. -->","yoast_head_json":{"title":"Filles du vent de Mathilde Faure - Sorbet Kiwi","description":"Ma chronique du laur\u00e9at du Prix de l'h\u00e9ro\u00efne engag\u00e9e 2021, Filles du vent de Mathilde Faure publi\u00e9 aux \u00e9ditions Charleston.","robots":{"index":"index","follow":"follow","max-snippet":"max-snippet:-1","max-image-preview":"max-image-preview:large","max-video-preview":"max-video-preview:-1"},"canonical":"https:\/\/sorbetkiwi.fr\/index.php\/filles-du-vent-de-mathilde-faure\/","og_locale":"fr_FR","og_type":"article","og_title":"Filles du vent de Mathilde Faure - Sorbet Kiwi","og_description":"Ma chronique du laur\u00e9at du Prix de l'h\u00e9ro\u00efne engag\u00e9e 2021, Filles du vent de Mathilde Faure publi\u00e9 aux \u00e9ditions Charleston.","og_url":"https:\/\/sorbetkiwi.fr\/index.php\/filles-du-vent-de-mathilde-faure\/","og_site_name":"Sorbet Kiwi","article_publisher":"https:\/\/www.facebook.com\/profile.php?id=100086238893269","article_published_time":"2022-11-02T11:33:45+00:00","article_modified_time":"2022-11-02T11:37:00+00:00","og_image":[{"width":1920,"height":2560,"url":"https:\/\/sorbetkiwi.fr\/wp-content\/uploads\/2022\/11\/Filles-du-vent-Mathilde-Faure-scaled.jpg","type":"image\/jpeg"}],"author":"Sorbet-Kiwi","twitter_card":"summary_large_image","twitter_creator":"@pepparshoes","twitter_site":"@pepparshoes","twitter_misc":{"\u00c9crit par":"Sorbet-Kiwi","Dur\u00e9e de lecture estim\u00e9e":"4 minutes"},"schema":{"@context":"https:\/\/schema.org","@graph":[{"@type":"Article","@id":"https:\/\/sorbetkiwi.fr\/index.php\/filles-du-vent-de-mathilde-faure\/#article","isPartOf":{"@id":"https:\/\/sorbetkiwi.fr\/index.php\/filles-du-vent-de-mathilde-faure\/"},"author":{"name":"Sorbet-Kiwi","@id":"https:\/\/sorbetkiwi.fr\/#\/schema\/person\/ed1b7b527a2957ddc3bf38b076540659"},"headline":"Filles du vent de Mathilde Faure","datePublished":"2022-11-02T11:33:45+00:00","dateModified":"2022-11-02T11:37:00+00:00","mainEntityOfPage":{"@id":"https:\/\/sorbetkiwi.fr\/index.php\/filles-du-vent-de-mathilde-faure\/"},"wordCount":813,"commentCount":1,"publisher":{"@id":"https:\/\/sorbetkiwi.fr\/#organization"},"image":{"@id":"https:\/\/sorbetkiwi.fr\/index.php\/filles-du-vent-de-mathilde-faure\/#primaryimage"},"thumbnailUrl":"https:\/\/sorbetkiwi.fr\/wp-content\/uploads\/2022\/11\/Filles-du-vent-Mathilde-Faure-scaled.jpg","keywords":["ASE","Editions Charleston","F\u00e9minisme","Filles du vent","Mathilde Faure","Prix de l&#039;h\u00e9ro\u00efne engag\u00e9e","Roman contemporain","Roman engag\u00e9"],"articleSection":["Coups de coeur","L'automne","Partenariats","Tout le blog"],"inLanguage":"fr-FR","potentialAction":[{"@type":"CommentAction","name":"Comment","target":["https:\/\/sorbetkiwi.fr\/index.php\/filles-du-vent-de-mathilde-faure\/#respond"]}]},{"@type":"WebPage","@id":"https:\/\/sorbetkiwi.fr\/index.php\/filles-du-vent-de-mathilde-faure\/","url":"https:\/\/sorbetkiwi.fr\/index.php\/filles-du-vent-de-mathilde-faure\/","name":"Filles du vent de Mathilde Faure - Sorbet Kiwi","isPartOf":{"@id":"https:\/\/sorbetkiwi.fr\/#website"},"primaryImageOfPage":{"@id":"https:\/\/sorbetkiwi.fr\/index.php\/filles-du-vent-de-mathilde-faure\/#primaryimage"},"image":{"@id":"https:\/\/sorbetkiwi.fr\/index.php\/filles-du-vent-de-mathilde-faure\/#primaryimage"},"thumbnailUrl":"https:\/\/sorbetkiwi.fr\/wp-content\/uploads\/2022\/11\/Filles-du-vent-Mathilde-Faure-scaled.jpg","datePublished":"2022-11-02T11:33:45+00:00","dateModified":"2022-11-02T11:37:00+00:00","description":"Ma chronique du laur\u00e9at du Prix de l'h\u00e9ro\u00efne engag\u00e9e 2021, Filles du vent de Mathilde Faure publi\u00e9 aux \u00e9ditions Charleston.","breadcrumb":{"@id":"https:\/\/sorbetkiwi.fr\/index.php\/filles-du-vent-de-mathilde-faure\/#breadcrumb"},"inLanguage":"fr-FR","potentialAction":[{"@type":"ReadAction","target":["https:\/\/sorbetkiwi.fr\/index.php\/filles-du-vent-de-mathilde-faure\/"]}]},{"@type":"ImageObject","inLanguage":"fr-FR","@id":"https:\/\/sorbetkiwi.fr\/index.php\/filles-du-vent-de-mathilde-faure\/#primaryimage","url":"https:\/\/sorbetkiwi.fr\/wp-content\/uploads\/2022\/11\/Filles-du-vent-Mathilde-Faure-scaled.jpg","contentUrl":"https:\/\/sorbetkiwi.fr\/wp-content\/uploads\/2022\/11\/Filles-du-vent-Mathilde-Faure-scaled.jpg","width":1920,"height":2560,"caption":"Filles du vent Mathilde Faure"},{"@type":"BreadcrumbList","@id":"https:\/\/sorbetkiwi.fr\/index.php\/filles-du-vent-de-mathilde-faure\/#breadcrumb","itemListElement":[{"@type":"ListItem","position":1,"name":"Accueil","item":"https:\/\/sorbetkiwi.fr\/"},{"@type":"ListItem","position":2,"name":"Filles du vent de Mathilde Faure"}]},{"@type":"WebSite","@id":"https:\/\/sorbetkiwi.fr\/#website","url":"https:\/\/sorbetkiwi.fr\/","name":"Sorbet Kiwi","description":"Des lectures th\u00e9matiques par saison et les avis qui vont avec","publisher":{"@id":"https:\/\/sorbetkiwi.fr\/#organization"},"potentialAction":[{"@type":"SearchAction","target":{"@type":"EntryPoint","urlTemplate":"https:\/\/sorbetkiwi.fr\/?s={search_term_string}"},"query-input":{"@type":"PropertyValueSpecification","valueRequired":true,"valueName":"search_term_string"}}],"inLanguage":"fr-FR"},{"@type":"Organization","@id":"https:\/\/sorbetkiwi.fr\/#organization","name":"Sorbet Kiwi","url":"https:\/\/sorbetkiwi.fr\/","logo":{"@type":"ImageObject","inLanguage":"fr-FR","@id":"https:\/\/sorbetkiwi.fr\/#\/schema\/logo\/image\/","url":"https:\/\/sorbetkiwi.fr\/wp-content\/uploads\/2022\/10\/Banniere-Sorbet-Kiwi-2022.jpg","contentUrl":"https:\/\/sorbetkiwi.fr\/wp-content\/uploads\/2022\/10\/Banniere-Sorbet-Kiwi-2022.jpg","width":814,"height":401,"caption":"Sorbet Kiwi"},"image":{"@id":"https:\/\/sorbetkiwi.fr\/#\/schema\/logo\/image\/"},"sameAs":["https:\/\/www.facebook.com\/profile.php?id=100086238893269","https:\/\/x.com\/pepparshoes","https:\/\/www.instagram.com\/sorbetkiwi\/","https:\/\/www.tiktok.com\/sorbetkiwi"]},{"@type":"Person","@id":"https:\/\/sorbetkiwi.fr\/#\/schema\/person\/ed1b7b527a2957ddc3bf38b076540659","name":"Sorbet-Kiwi","image":{"@type":"ImageObject","inLanguage":"fr-FR","@id":"https:\/\/secure.gravatar.com\/avatar\/86f0a5c27d76317621b9e374d0f3a01d3a85278f10d0c7207ced4fd773057442?s=96&d=mm&r=g","url":"https:\/\/secure.gravatar.com\/avatar\/86f0a5c27d76317621b9e374d0f3a01d3a85278f10d0c7207ced4fd773057442?s=96&d=mm&r=g","contentUrl":"https:\/\/secure.gravatar.com\/avatar\/86f0a5c27d76317621b9e374d0f3a01d3a85278f10d0c7207ced4fd773057442?s=96&d=mm&r=g","caption":"Sorbet-Kiwi"},"sameAs":["http:\/\/sorbetkiwi.fr"],"url":"https:\/\/sorbetkiwi.fr\/index.php\/author\/admin7717\/"}]}},"_links":{"self":[{"href":"https:\/\/sorbetkiwi.fr\/index.php\/wp-json\/wp\/v2\/posts\/1029","targetHints":{"allow":["GET"]}}],"collection":[{"href":"https:\/\/sorbetkiwi.fr\/index.php\/wp-json\/wp\/v2\/posts"}],"about":[{"href":"https:\/\/sorbetkiwi.fr\/index.php\/wp-json\/wp\/v2\/types\/post"}],"author":[{"embeddable":true,"href":"https:\/\/sorbetkiwi.fr\/index.php\/wp-json\/wp\/v2\/users\/1"}],"replies":[{"embeddable":true,"href":"https:\/\/sorbetkiwi.fr\/index.php\/wp-json\/wp\/v2\/comments?post=1029"}],"version-history":[{"count":9,"href":"https:\/\/sorbetkiwi.fr\/index.php\/wp-json\/wp\/v2\/posts\/1029\/revisions"}],"predecessor-version":[{"id":1040,"href":"https:\/\/sorbetkiwi.fr\/index.php\/wp-json\/wp\/v2\/posts\/1029\/revisions\/1040"}],"wp:featuredmedia":[{"embeddable":true,"href":"https:\/\/sorbetkiwi.fr\/index.php\/wp-json\/wp\/v2\/media\/1036"}],"wp:attachment":[{"href":"https:\/\/sorbetkiwi.fr\/index.php\/wp-json\/wp\/v2\/media?parent=1029"}],"wp:term":[{"taxonomy":"category","embeddable":true,"href":"https:\/\/sorbetkiwi.fr\/index.php\/wp-json\/wp\/v2\/categories?post=1029"},{"taxonomy":"post_tag","embeddable":true,"href":"https:\/\/sorbetkiwi.fr\/index.php\/wp-json\/wp\/v2\/tags?post=1029"}],"curies":[{"name":"wp","href":"https:\/\/api.w.org\/{rel}","templated":true}]}}