{"id":10199,"date":"2026-09-01T07:00:00","date_gmt":"2026-09-01T05:00:00","guid":{"rendered":"https:\/\/sorbetkiwi.fr\/?p=10199"},"modified":"2026-08-24T09:24:04","modified_gmt":"2026-08-24T07:24:04","slug":"summerween-une-fin-dete-digne-de-lautomne","status":"publish","type":"post","link":"https:\/\/sorbetkiwi.fr\/index.php\/summerween-une-fin-dete-digne-de-lautomne\/","title":{"rendered":"Summerween &#8211; une fin d&rsquo;\u00e9t\u00e9 digne de l&rsquo;automne"},"content":{"rendered":"\t\t<div data-elementor-type=\"wp-post\" data-elementor-id=\"10199\" class=\"elementor elementor-10199\">\n\t\t\t\t\t\t<section class=\"elementor-section elementor-top-section elementor-element elementor-element-4a074fd8 elementor-section-boxed elementor-section-height-default elementor-section-height-default\" data-id=\"4a074fd8\" data-element_type=\"section\" data-e-type=\"section\">\n\t\t\t\t\t\t<div class=\"elementor-container elementor-column-gap-default\">\n\t\t\t\t\t<div class=\"elementor-column elementor-col-100 elementor-top-column elementor-element elementor-element-37c0ac1e\" data-id=\"37c0ac1e\" data-element_type=\"column\" data-e-type=\"column\">\n\t\t\t<div class=\"elementor-widget-wrap elementor-element-populated\">\n\t\t\t\t\t\t<div class=\"elementor-element elementor-element-50be8404 elementor-widget elementor-widget-heading\" data-id=\"50be8404\" data-element_type=\"widget\" data-e-type=\"widget\" data-widget_type=\"heading.default\">\n\t\t\t\t<div class=\"elementor-widget-container\">\n\t\t\t\t\t<h1 class=\"elementor-heading-title elementor-size-medium\">Venez, on fait une PAL pour le Summerween<\/h1>\t\t\t\t<\/div>\n\t\t\t\t<\/div>\n\t\t\t\t<div class=\"elementor-element elementor-element-51aed415 elementor-view-default elementor-widget elementor-widget-icon\" data-id=\"51aed415\" data-element_type=\"widget\" data-e-type=\"widget\" data-widget_type=\"icon.default\">\n\t\t\t\t<div class=\"elementor-widget-container\">\n\t\t\t\t\t\t\t<div class=\"elementor-icon-wrapper\">\n\t\t\t<div class=\"elementor-icon\">\n\t\t\t<i aria-hidden=\"true\" class=\"fas fa-cocktail\"><\/i>\t\t\t<\/div>\n\t\t<\/div>\n\t\t\t\t\t\t<\/div>\n\t\t\t\t<\/div>\n\t\t\t\t<div class=\"elementor-element elementor-element-3bf6aac9 elementor-widget-divider--view-line elementor-widget elementor-widget-divider\" data-id=\"3bf6aac9\" data-element_type=\"widget\" data-e-type=\"widget\" data-widget_type=\"divider.default\">\n\t\t\t\t<div class=\"elementor-widget-container\">\n\t\t\t\t\t\t\t<div class=\"elementor-divider\">\n\t\t\t<span class=\"elementor-divider-separator\">\n\t\t\t\t\t\t<\/span>\n\t\t<\/div>\n\t\t\t\t\t\t<\/div>\n\t\t\t\t<\/div>\n\t\t\t\t<div class=\"elementor-element elementor-element-4e4af97 elementor-widget elementor-widget-heading\" data-id=\"4e4af97\" data-element_type=\"widget\" data-e-type=\"widget\" data-widget_type=\"heading.default\">\n\t\t\t\t<div class=\"elementor-widget-container\">\n\t\t\t\t\t<h2 class=\"elementor-heading-title elementor-size-medium\">Summerween, ou comment patienter jusqu'\u00e0 l'automne<\/h2>\t\t\t\t<\/div>\n\t\t\t\t<\/div>\n\t\t\t\t<div class=\"elementor-element elementor-element-719f74c5 elementor-widget elementor-widget-text-editor\" data-id=\"719f74c5\" data-element_type=\"widget\" data-e-type=\"widget\" data-widget_type=\"text-editor.default\">\n\t\t\t\t<div class=\"elementor-widget-container\">\n\t\t\t\t\t\t\t\t\t<p>Cette ann\u00e9e, j&rsquo;ai une h\u00e2te folle d&rsquo;\u00eatre \u00e0 <a href=\"https:\/\/sorbetkiwi.fr\/index.php\/category\/l-automne\/\">l&rsquo;automne<\/a> et tout particuli\u00e8rement \u00e0 la p\u00e9riode d&rsquo;Halloween. Je me l&rsquo;explique par plusieurs raisons. D&rsquo;une part, je ne supporte plus du tout la chaleur. C&rsquo;est vraiment quelque chose qui me g\u00eane. Ainsi, je n&rsquo;attends plus qu&rsquo;une chose : revenir \u00e0 l&rsquo;automne.<\/p><p>Mais l&rsquo;\u00e9t\u00e9 dure jusqu&rsquo;au 20 septembre, c&rsquo;est un fait. Et si, durant des ann\u00e9es, je suivais l&rsquo;\u00e9t\u00e9 m\u00e9t\u00e9orologique plut\u00f4t que l&rsquo;\u00e9t\u00e9 calendaire, force est de constater qu&rsquo;en septembre, il fait toujours encore tr\u00e8s beau et chaud. Alors, j&rsquo;attends. Mais non sans peine et frustration.<\/p><p>Sauf que cette ann\u00e9e, mon feed s&rsquo;est mis \u00e0 me pr\u00e9senter Augtober de partout ! Ce m\u00e9lange entre ao\u00fbt et octobre s&rsquo;adresse \u00e0 toutes les personnes qui veulent revenir aux mois en \u00ab bre \u00bb le plus rapidement possible. Alors, j&rsquo;ai cherch\u00e9 \u00e0 adapter quelque chose pour moi-m\u00eame. Et c&rsquo;est ainsi que mon Summerween est n\u00e9 !<\/p>\t\t\t\t\t\t\t\t<\/div>\n\t\t\t\t<\/div>\n\t\t\t\t<div class=\"elementor-element elementor-element-61378a8b elementor-widget-divider--view-line elementor-widget elementor-widget-divider\" data-id=\"61378a8b\" data-element_type=\"widget\" data-e-type=\"widget\" data-widget_type=\"divider.default\">\n\t\t\t\t<div class=\"elementor-widget-container\">\n\t\t\t\t\t\t\t<div class=\"elementor-divider\">\n\t\t\t<span class=\"elementor-divider-separator\">\n\t\t\t\t\t\t<\/span>\n\t\t<\/div>\n\t\t\t\t\t\t<\/div>\n\t\t\t\t<\/div>\n\t\t\t\t<div class=\"elementor-element elementor-element-75bdabf6 elementor-widget elementor-widget-heading\" data-id=\"75bdabf6\" data-element_type=\"widget\" data-e-type=\"widget\" data-widget_type=\"heading.default\">\n\t\t\t\t<div class=\"elementor-widget-container\">\n\t\t\t\t\t<h2 class=\"elementor-heading-title elementor-size-medium\">Trois romans pour cette PAL<\/h2>\t\t\t\t<\/div>\n\t\t\t\t<\/div>\n\t\t\t\t<div class=\"elementor-element elementor-element-400e2683 elementor-widget elementor-widget-text-editor\" data-id=\"400e2683\" data-element_type=\"widget\" data-e-type=\"widget\" data-widget_type=\"text-editor.default\">\n\t\t\t\t<div class=\"elementor-widget-container\">\n\t\t\t\t\t\t\t\t\t<p>Et l\u00e0, vous \u00eates en train de vous dire : \u00ab Mais passe juste \u00e0 l&rsquo;automne en fait, pourquoi tu te casses la t\u00eate ? \u00bb. Croyez-moi, je me pose moi-m\u00eame la question, parfois. Mais j&rsquo;ai d\u00e9cid\u00e9 de me concocter une petite PAL rien que pour cette p\u00e9riode !<\/p><p>Parce que dans ma PAL d&rsquo;\u00e9t\u00e9 se cachent aussi des romans plus sombres. Des thrillers, des polars, des romans historiques un peu moins lumineux&#8230; Bref, de quoi commencer doucement \u00e0 changer d&rsquo;ambiance sans pour autant sortir les citrouilles alors qu&rsquo;il fait encore 30 degr\u00e9s dehors.<\/p><p>J&rsquo;ai par exemple Mauvais joueur d&rsquo;Am\u00e9lie Antoine qui m&rsquo;attend depuis le Festival Sans Nom. Je ne sais m\u00eame plus lequel ! Les enqu\u00eates de l&rsquo;Ali\u00e9niste de Jean-Luc Bizien sortent aussi en poche cette ann\u00e9e. Il serait donc plus que temps que je sorte le grand format de ma PAL. Et puis, Taylor Swift a parl\u00e9 de God of the Woods et depuis&#8230; il attend ! Alors hop, on va sortir tout \u00e7a de l\u00e0. Trois lectures de fin d&rsquo;\u00e9t\u00e9 qui m\u00e9ritent plut\u00f4t bien leur statut de Summerween, je crois.<\/p>\t\t\t\t\t\t\t\t<\/div>\n\t\t\t\t<\/div>\n\t\t\t\t<div class=\"elementor-element elementor-element-61d791a0 elementor-widget-divider--view-line elementor-widget elementor-widget-divider\" data-id=\"61d791a0\" data-element_type=\"widget\" data-e-type=\"widget\" data-widget_type=\"divider.default\">\n\t\t\t\t<div class=\"elementor-widget-container\">\n\t\t\t\t\t\t\t<div class=\"elementor-divider\">\n\t\t\t<span class=\"elementor-divider-separator\">\n\t\t\t\t\t\t<\/span>\n\t\t<\/div>\n\t\t\t\t\t\t<\/div>\n\t\t\t\t<\/div>\n\t\t\t\t<div class=\"elementor-element elementor-element-49a30661 elementor-widget elementor-widget-heading\" data-id=\"49a30661\" data-element_type=\"widget\" data-e-type=\"widget\" data-widget_type=\"heading.default\">\n\t\t\t\t<div class=\"elementor-widget-container\">\n\t\t\t\t\t<h2 class=\"elementor-heading-title elementor-size-medium\">Un Summerween rythm\u00e9 par le Festival Sans Nom<\/h2>\t\t\t\t<\/div>\n\t\t\t\t<\/div>\n\t\t\t\t<div class=\"elementor-element elementor-element-294b8350 elementor-widget elementor-widget-text-editor\" data-id=\"294b8350\" data-element_type=\"widget\" data-e-type=\"widget\" data-widget_type=\"text-editor.default\">\n\t\t\t\t<div class=\"elementor-widget-container\">\n\t\t\t\t\t\t\t\t\t<p>Enfin, j&rsquo;ai une petite annonce \u00e0 vous faire qui va rythmer le mois de septembre sur le blog : j&rsquo;ai \u00e9t\u00e9 s\u00e9lectionn\u00e9e comme jur\u00e9e pour le <a href=\"https:\/\/www.festival-sans-nom.fr\/prix-litteraire-du-fsn\/\">Prix du Festival Sans Nom<\/a> de cette ann\u00e9e !<\/p><p>Forc\u00e9ment, qui dit prix dit romans que l&rsquo;on doit lire ind\u00e9pendamment des saisons auxquelles ils correspondent. Il y aura donc huit romans. Certains se passent en \u00e9t\u00e9, d&rsquo;autres pas du tout, mais je vous le pr\u00e9ciserai \u00e9videmment \u00e0 chaque fois. Finalement, cela nous fait une tr\u00e8s belle fin de saison gr\u00e2ce \u00e0 ce Summerween !<\/p><p>Je glisserai peut-\u00eatre aussi une ou deux chroniques de films dans le lot. Reste \u00e0 voir si j&rsquo;aurai la motivation d&rsquo;\u00e9crire mes articles sur Les Sept S\u0153urs des ann\u00e9es pr\u00e9c\u00e9dentes ou si je repousse encore une fois d&rsquo;un an. L&rsquo;avenir le dira ! Comme on l&rsquo;a d\u00e9j\u00e0 dit : pas de pression en 2026, et \u00e7a me va plut\u00f4t bien.<\/p>\t\t\t\t\t\t\t\t<\/div>\n\t\t\t\t<\/div>\n\t\t\t\t\t<\/div>\n\t\t<\/div>\n\t\t\t\t\t<\/div>\n\t\t<\/section>\n\t\t\t\t<\/div>\n\t\t","protected":false},"excerpt":{"rendered":"<p>Venez, on fait une PAL pour le Summerween Summerween, ou comment patienter jusqu&rsquo;\u00e0 l&rsquo;automne Cette ann\u00e9e, j&rsquo;ai une h\u00e2te folle d&rsquo;\u00eatre \u00e0 l&rsquo;automne et tout particuli\u00e8rement \u00e0 la p\u00e9riode d&rsquo;Halloween. Je me l&rsquo;explique par plusieurs &hellip; <\/p>\n","protected":false},"author":1,"featured_media":10200,"comment_status":"open","ping_status":"open","sticky":false,"template":"","format":"standard","meta":{"footnotes":""},"categories":[14,1],"tags":[3219,220,736,1813,3218,49,3217,3216,786,787,61,3146,350,3215,21],"class_list":["post-10199","post","type-post","status-publish","format-standard","has-post-thumbnail","hentry","category-l-ete","category-tout-le-blog","tag-augtober","tag-automne","tag-ete","tag-festival-sans-nom","tag-fin-dete","tag-halloween","tag-lectures-dautomne","tag-lectures-dete","tag-pal","tag-pile-a-lire","tag-polar","tag-prix-du-festival-sans-nom","tag-roman-historique","tag-summerween","tag-thriller","has-single-img"],"yoast_head":"<!-- This site is optimized with the Yoast SEO plugin v28.4 - https:\/\/yoast.com\/product\/yoast-seo-wordpress\/ -->\n<title>Summerween - une fin d&#039;\u00e9t\u00e9 digne de l&#039;automne - Sorbet Kiwi<\/title>\n<meta name=\"description\" content=\"Le Summerween s&#039;installe sur le blog avec des lectures plus sombres, quelques thrillers et le Prix du Festival Sans Nom pour terminer l&#039;\u00e9t\u00e9.\" \/>\n<meta name=\"robots\" content=\"index, follow, max-snippet:-1, max-image-preview:large, max-video-preview:-1\" \/>\n<link rel=\"canonical\" href=\"https:\/\/sorbetkiwi.fr\/index.php\/summerween-une-fin-dete-digne-de-lautomne\/\" \/>\n<meta property=\"og:locale\" content=\"fr_FR\" \/>\n<meta property=\"og:type\" content=\"article\" \/>\n<meta property=\"og:title\" content=\"Summerween - une fin d&#039;\u00e9t\u00e9 digne de l&#039;automne - Sorbet Kiwi\" \/>\n<meta property=\"og:description\" content=\"Le Summerween s&#039;installe sur le blog avec des lectures plus sombres, quelques thrillers et le Prix du Festival Sans Nom pour terminer l&#039;\u00e9t\u00e9.\" \/>\n<meta property=\"og:url\" content=\"https:\/\/sorbetkiwi.fr\/index.php\/summerween-une-fin-dete-digne-de-lautomne\/\" \/>\n<meta property=\"og:site_name\" content=\"Sorbet Kiwi\" \/>\n<meta property=\"article:publisher\" content=\"https:\/\/www.facebook.com\/profile.php?id=100086238893269\" \/>\n<meta property=\"article:published_time\" content=\"2026-09-01T05:00:00+00:00\" \/>\n<meta property=\"og:image\" content=\"https:\/\/sorbetkiwi.fr\/wp-content\/uploads\/2026\/08\/Summerween-Une-fin-dete-digne-de-lautomne.jpg\" \/>\n\t<meta property=\"og:image:width\" content=\"1080\" \/>\n\t<meta property=\"og:image:height\" content=\"1350\" \/>\n\t<meta property=\"og:image:type\" content=\"image\/jpeg\" \/>\n<meta name=\"author\" content=\"Sorbet-Kiwi\" \/>\n<meta name=\"twitter:card\" content=\"summary_large_image\" \/>\n<meta name=\"twitter:creator\" content=\"@pepparshoes\" \/>\n<meta name=\"twitter:site\" content=\"@pepparshoes\" \/>\n<meta name=\"twitter:label1\" content=\"\u00c9crit par\" \/>\n\t<meta name=\"twitter:data1\" content=\"Sorbet-Kiwi\" \/>\n\t<meta name=\"twitter:label2\" content=\"Dur\u00e9e de lecture estim\u00e9e\" \/>\n\t<meta name=\"twitter:data2\" content=\"3 minutes\" \/>\n<script type=\"application\/ld+json\" class=\"yoast-schema-graph\">{\"@context\":\"https:\\\/\\\/schema.org\",\"@graph\":[{\"@type\":\"Article\",\"@id\":\"https:\\\/\\\/sorbetkiwi.fr\\\/index.php\\\/summerween-une-fin-dete-digne-de-lautomne\\\/#article\",\"isPartOf\":{\"@id\":\"https:\\\/\\\/sorbetkiwi.fr\\\/index.php\\\/summerween-une-fin-dete-digne-de-lautomne\\\/\"},\"author\":{\"name\":\"Sorbet-Kiwi\",\"@id\":\"https:\\\/\\\/sorbetkiwi.fr\\\/#\\\/schema\\\/person\\\/ed1b7b527a2957ddc3bf38b076540659\"},\"headline\":\"Summerween &#8211; une fin d&rsquo;\u00e9t\u00e9 digne de l&rsquo;automne\",\"datePublished\":\"2026-09-01T05:00:00+00:00\",\"mainEntityOfPage\":{\"@id\":\"https:\\\/\\\/sorbetkiwi.fr\\\/index.php\\\/summerween-une-fin-dete-digne-de-lautomne\\\/\"},\"wordCount\":572,\"commentCount\":0,\"publisher\":{\"@id\":\"https:\\\/\\\/sorbetkiwi.fr\\\/#organization\"},\"image\":{\"@id\":\"https:\\\/\\\/sorbetkiwi.fr\\\/index.php\\\/summerween-une-fin-dete-digne-de-lautomne\\\/#primaryimage\"},\"thumbnailUrl\":\"https:\\\/\\\/sorbetkiwi.fr\\\/wp-content\\\/uploads\\\/2026\\\/08\\\/Summerween-Une-fin-dete-digne-de-lautomne.jpg\",\"keywords\":[\"Augtober\",\"Automne\",\"\u00e9t\u00e9\",\"Festival Sans Nom\",\"Fin d'\u00e9t\u00e9\",\"Halloween\",\"Lectures d'automne\",\"Lectures d'\u00e9t\u00e9\",\"PAL\",\"Pile a lire\",\"Polar\",\"Prix du Festival Sans Nom\",\"Roman historique\",\"Summerween\",\"Thriller\"],\"articleSection\":[\"L'\u00e9t\u00e9\",\"Tout le blog\"],\"inLanguage\":\"fr-FR\",\"potentialAction\":[{\"@type\":\"CommentAction\",\"name\":\"Comment\",\"target\":[\"https:\\\/\\\/sorbetkiwi.fr\\\/index.php\\\/summerween-une-fin-dete-digne-de-lautomne\\\/#respond\"]}]},{\"@type\":\"WebPage\",\"@id\":\"https:\\\/\\\/sorbetkiwi.fr\\\/index.php\\\/summerween-une-fin-dete-digne-de-lautomne\\\/\",\"url\":\"https:\\\/\\\/sorbetkiwi.fr\\\/index.php\\\/summerween-une-fin-dete-digne-de-lautomne\\\/\",\"name\":\"Summerween - une fin d'\u00e9t\u00e9 digne de l'automne - Sorbet Kiwi\",\"isPartOf\":{\"@id\":\"https:\\\/\\\/sorbetkiwi.fr\\\/#website\"},\"primaryImageOfPage\":{\"@id\":\"https:\\\/\\\/sorbetkiwi.fr\\\/index.php\\\/summerween-une-fin-dete-digne-de-lautomne\\\/#primaryimage\"},\"image\":{\"@id\":\"https:\\\/\\\/sorbetkiwi.fr\\\/index.php\\\/summerween-une-fin-dete-digne-de-lautomne\\\/#primaryimage\"},\"thumbnailUrl\":\"https:\\\/\\\/sorbetkiwi.fr\\\/wp-content\\\/uploads\\\/2026\\\/08\\\/Summerween-Une-fin-dete-digne-de-lautomne.jpg\",\"datePublished\":\"2026-09-01T05:00:00+00:00\",\"description\":\"Le Summerween s'installe sur le blog avec des lectures plus sombres, quelques thrillers et le Prix du Festival Sans Nom pour terminer l'\u00e9t\u00e9.\",\"breadcrumb\":{\"@id\":\"https:\\\/\\\/sorbetkiwi.fr\\\/index.php\\\/summerween-une-fin-dete-digne-de-lautomne\\\/#breadcrumb\"},\"inLanguage\":\"fr-FR\",\"potentialAction\":[{\"@type\":\"ReadAction\",\"target\":[\"https:\\\/\\\/sorbetkiwi.fr\\\/index.php\\\/summerween-une-fin-dete-digne-de-lautomne\\\/\"]}]},{\"@type\":\"ImageObject\",\"inLanguage\":\"fr-FR\",\"@id\":\"https:\\\/\\\/sorbetkiwi.fr\\\/index.php\\\/summerween-une-fin-dete-digne-de-lautomne\\\/#primaryimage\",\"url\":\"https:\\\/\\\/sorbetkiwi.fr\\\/wp-content\\\/uploads\\\/2026\\\/08\\\/Summerween-Une-fin-dete-digne-de-lautomne.jpg\",\"contentUrl\":\"https:\\\/\\\/sorbetkiwi.fr\\\/wp-content\\\/uploads\\\/2026\\\/08\\\/Summerween-Une-fin-dete-digne-de-lautomne.jpg\",\"width\":1080,\"height\":1350,\"caption\":\"Pile de livres aux couleurs automnales dans une biblioth\u00e8que pour illustrer le Summerween, une fin d\u2019\u00e9t\u00e9 digne de l\u2019automne.\"},{\"@type\":\"BreadcrumbList\",\"@id\":\"https:\\\/\\\/sorbetkiwi.fr\\\/index.php\\\/summerween-une-fin-dete-digne-de-lautomne\\\/#breadcrumb\",\"itemListElement\":[{\"@type\":\"ListItem\",\"position\":1,\"name\":\"Accueil\",\"item\":\"https:\\\/\\\/sorbetkiwi.fr\\\/\"},{\"@type\":\"ListItem\",\"position\":2,\"name\":\"Summerween &#8211; une fin d&rsquo;\u00e9t\u00e9 digne de l&rsquo;automne\"}]},{\"@type\":\"WebSite\",\"@id\":\"https:\\\/\\\/sorbetkiwi.fr\\\/#website\",\"url\":\"https:\\\/\\\/sorbetkiwi.fr\\\/\",\"name\":\"Sorbet Kiwi\",\"description\":\"Des lectures th\u00e9matiques par saison et les avis qui vont avec\",\"publisher\":{\"@id\":\"https:\\\/\\\/sorbetkiwi.fr\\\/#organization\"},\"potentialAction\":[{\"@type\":\"SearchAction\",\"target\":{\"@type\":\"EntryPoint\",\"urlTemplate\":\"https:\\\/\\\/sorbetkiwi.fr\\\/?s={search_term_string}\"},\"query-input\":{\"@type\":\"PropertyValueSpecification\",\"valueRequired\":true,\"valueName\":\"search_term_string\"}}],\"inLanguage\":\"fr-FR\"},{\"@type\":\"Organization\",\"@id\":\"https:\\\/\\\/sorbetkiwi.fr\\\/#organization\",\"name\":\"Sorbet Kiwi\",\"url\":\"https:\\\/\\\/sorbetkiwi.fr\\\/\",\"logo\":{\"@type\":\"ImageObject\",\"inLanguage\":\"fr-FR\",\"@id\":\"https:\\\/\\\/sorbetkiwi.fr\\\/#\\\/schema\\\/logo\\\/image\\\/\",\"url\":\"https:\\\/\\\/sorbetkiwi.fr\\\/wp-content\\\/uploads\\\/2022\\\/10\\\/Banniere-Sorbet-Kiwi-2022.jpg\",\"contentUrl\":\"https:\\\/\\\/sorbetkiwi.fr\\\/wp-content\\\/uploads\\\/2022\\\/10\\\/Banniere-Sorbet-Kiwi-2022.jpg\",\"width\":814,\"height\":401,\"caption\":\"Sorbet Kiwi\"},\"image\":{\"@id\":\"https:\\\/\\\/sorbetkiwi.fr\\\/#\\\/schema\\\/logo\\\/image\\\/\"},\"sameAs\":[\"https:\\\/\\\/www.facebook.com\\\/profile.php?id=100086238893269\",\"https:\\\/\\\/x.com\\\/pepparshoes\",\"https:\\\/\\\/www.instagram.com\\\/sorbetkiwi\\\/\",\"https:\\\/\\\/www.tiktok.com\\\/sorbetkiwi\"]},{\"@type\":\"Person\",\"@id\":\"https:\\\/\\\/sorbetkiwi.fr\\\/#\\\/schema\\\/person\\\/ed1b7b527a2957ddc3bf38b076540659\",\"name\":\"Sorbet-Kiwi\",\"image\":{\"@type\":\"ImageObject\",\"inLanguage\":\"fr-FR\",\"@id\":\"https:\\\/\\\/secure.gravatar.com\\\/avatar\\\/86f0a5c27d76317621b9e374d0f3a01d3a85278f10d0c7207ced4fd773057442?s=96&d=mm&r=g\",\"url\":\"https:\\\/\\\/secure.gravatar.com\\\/avatar\\\/86f0a5c27d76317621b9e374d0f3a01d3a85278f10d0c7207ced4fd773057442?s=96&d=mm&r=g\",\"contentUrl\":\"https:\\\/\\\/secure.gravatar.com\\\/avatar\\\/86f0a5c27d76317621b9e374d0f3a01d3a85278f10d0c7207ced4fd773057442?s=96&d=mm&r=g\",\"caption\":\"Sorbet-Kiwi\"},\"sameAs\":[\"http:\\\/\\\/sorbetkiwi.fr\"],\"url\":\"https:\\\/\\\/sorbetkiwi.fr\\\/index.php\\\/author\\\/admin7717\\\/\"}]}<\/script>\n<!-- \/ Yoast SEO plugin. -->","yoast_head_json":{"title":"Summerween - une fin d'\u00e9t\u00e9 digne de l'automne - Sorbet Kiwi","description":"Le Summerween s'installe sur le blog avec des lectures plus sombres, quelques thrillers et le Prix du Festival Sans Nom pour terminer l'\u00e9t\u00e9.","robots":{"index":"index","follow":"follow","max-snippet":"max-snippet:-1","max-image-preview":"max-image-preview:large","max-video-preview":"max-video-preview:-1"},"canonical":"https:\/\/sorbetkiwi.fr\/index.php\/summerween-une-fin-dete-digne-de-lautomne\/","og_locale":"fr_FR","og_type":"article","og_title":"Summerween - une fin d'\u00e9t\u00e9 digne de l'automne - Sorbet Kiwi","og_description":"Le Summerween s'installe sur le blog avec des lectures plus sombres, quelques thrillers et le Prix du Festival Sans Nom pour terminer l'\u00e9t\u00e9.","og_url":"https:\/\/sorbetkiwi.fr\/index.php\/summerween-une-fin-dete-digne-de-lautomne\/","og_site_name":"Sorbet Kiwi","article_publisher":"https:\/\/www.facebook.com\/profile.php?id=100086238893269","article_published_time":"2026-09-01T05:00:00+00:00","og_image":[{"width":1080,"height":1350,"url":"https:\/\/sorbetkiwi.fr\/wp-content\/uploads\/2026\/08\/Summerween-Une-fin-dete-digne-de-lautomne.jpg","type":"image\/jpeg"}],"author":"Sorbet-Kiwi","twitter_card":"summary_large_image","twitter_creator":"@pepparshoes","twitter_site":"@pepparshoes","twitter_misc":{"\u00c9crit par":"Sorbet-Kiwi","Dur\u00e9e de lecture estim\u00e9e":"3 minutes"},"schema":{"@context":"https:\/\/schema.org","@graph":[{"@type":"Article","@id":"https:\/\/sorbetkiwi.fr\/index.php\/summerween-une-fin-dete-digne-de-lautomne\/#article","isPartOf":{"@id":"https:\/\/sorbetkiwi.fr\/index.php\/summerween-une-fin-dete-digne-de-lautomne\/"},"author":{"name":"Sorbet-Kiwi","@id":"https:\/\/sorbetkiwi.fr\/#\/schema\/person\/ed1b7b527a2957ddc3bf38b076540659"},"headline":"Summerween &#8211; une fin d&rsquo;\u00e9t\u00e9 digne de l&rsquo;automne","datePublished":"2026-09-01T05:00:00+00:00","mainEntityOfPage":{"@id":"https:\/\/sorbetkiwi.fr\/index.php\/summerween-une-fin-dete-digne-de-lautomne\/"},"wordCount":572,"commentCount":0,"publisher":{"@id":"https:\/\/sorbetkiwi.fr\/#organization"},"image":{"@id":"https:\/\/sorbetkiwi.fr\/index.php\/summerween-une-fin-dete-digne-de-lautomne\/#primaryimage"},"thumbnailUrl":"https:\/\/sorbetkiwi.fr\/wp-content\/uploads\/2026\/08\/Summerween-Une-fin-dete-digne-de-lautomne.jpg","keywords":["Augtober","Automne","\u00e9t\u00e9","Festival Sans Nom","Fin d'\u00e9t\u00e9","Halloween","Lectures d'automne","Lectures d'\u00e9t\u00e9","PAL","Pile a lire","Polar","Prix du Festival Sans Nom","Roman historique","Summerween","Thriller"],"articleSection":["L'\u00e9t\u00e9","Tout le blog"],"inLanguage":"fr-FR","potentialAction":[{"@type":"CommentAction","name":"Comment","target":["https:\/\/sorbetkiwi.fr\/index.php\/summerween-une-fin-dete-digne-de-lautomne\/#respond"]}]},{"@type":"WebPage","@id":"https:\/\/sorbetkiwi.fr\/index.php\/summerween-une-fin-dete-digne-de-lautomne\/","url":"https:\/\/sorbetkiwi.fr\/index.php\/summerween-une-fin-dete-digne-de-lautomne\/","name":"Summerween - une fin d'\u00e9t\u00e9 digne de l'automne - Sorbet Kiwi","isPartOf":{"@id":"https:\/\/sorbetkiwi.fr\/#website"},"primaryImageOfPage":{"@id":"https:\/\/sorbetkiwi.fr\/index.php\/summerween-une-fin-dete-digne-de-lautomne\/#primaryimage"},"image":{"@id":"https:\/\/sorbetkiwi.fr\/index.php\/summerween-une-fin-dete-digne-de-lautomne\/#primaryimage"},"thumbnailUrl":"https:\/\/sorbetkiwi.fr\/wp-content\/uploads\/2026\/08\/Summerween-Une-fin-dete-digne-de-lautomne.jpg","datePublished":"2026-09-01T05:00:00+00:00","description":"Le Summerween s'installe sur le blog avec des lectures plus sombres, quelques thrillers et le Prix du Festival Sans Nom pour terminer l'\u00e9t\u00e9.","breadcrumb":{"@id":"https:\/\/sorbetkiwi.fr\/index.php\/summerween-une-fin-dete-digne-de-lautomne\/#breadcrumb"},"inLanguage":"fr-FR","potentialAction":[{"@type":"ReadAction","target":["https:\/\/sorbetkiwi.fr\/index.php\/summerween-une-fin-dete-digne-de-lautomne\/"]}]},{"@type":"ImageObject","inLanguage":"fr-FR","@id":"https:\/\/sorbetkiwi.fr\/index.php\/summerween-une-fin-dete-digne-de-lautomne\/#primaryimage","url":"https:\/\/sorbetkiwi.fr\/wp-content\/uploads\/2026\/08\/Summerween-Une-fin-dete-digne-de-lautomne.jpg","contentUrl":"https:\/\/sorbetkiwi.fr\/wp-content\/uploads\/2026\/08\/Summerween-Une-fin-dete-digne-de-lautomne.jpg","width":1080,"height":1350,"caption":"Pile de livres aux couleurs automnales dans une biblioth\u00e8que pour illustrer le Summerween, une fin d\u2019\u00e9t\u00e9 digne de l\u2019automne."},{"@type":"BreadcrumbList","@id":"https:\/\/sorbetkiwi.fr\/index.php\/summerween-une-fin-dete-digne-de-lautomne\/#breadcrumb","itemListElement":[{"@type":"ListItem","position":1,"name":"Accueil","item":"https:\/\/sorbetkiwi.fr\/"},{"@type":"ListItem","position":2,"name":"Summerween &#8211; une fin d&rsquo;\u00e9t\u00e9 digne de l&rsquo;automne"}]},{"@type":"WebSite","@id":"https:\/\/sorbetkiwi.fr\/#website","url":"https:\/\/sorbetkiwi.fr\/","name":"Sorbet Kiwi","description":"Des lectures th\u00e9matiques par saison et les avis qui vont avec","publisher":{"@id":"https:\/\/sorbetkiwi.fr\/#organization"},"potentialAction":[{"@type":"SearchAction","target":{"@type":"EntryPoint","urlTemplate":"https:\/\/sorbetkiwi.fr\/?s={search_term_string}"},"query-input":{"@type":"PropertyValueSpecification","valueRequired":true,"valueName":"search_term_string"}}],"inLanguage":"fr-FR"},{"@type":"Organization","@id":"https:\/\/sorbetkiwi.fr\/#organization","name":"Sorbet Kiwi","url":"https:\/\/sorbetkiwi.fr\/","logo":{"@type":"ImageObject","inLanguage":"fr-FR","@id":"https:\/\/sorbetkiwi.fr\/#\/schema\/logo\/image\/","url":"https:\/\/sorbetkiwi.fr\/wp-content\/uploads\/2022\/10\/Banniere-Sorbet-Kiwi-2022.jpg","contentUrl":"https:\/\/sorbetkiwi.fr\/wp-content\/uploads\/2022\/10\/Banniere-Sorbet-Kiwi-2022.jpg","width":814,"height":401,"caption":"Sorbet Kiwi"},"image":{"@id":"https:\/\/sorbetkiwi.fr\/#\/schema\/logo\/image\/"},"sameAs":["https:\/\/www.facebook.com\/profile.php?id=100086238893269","https:\/\/x.com\/pepparshoes","https:\/\/www.instagram.com\/sorbetkiwi\/","https:\/\/www.tiktok.com\/sorbetkiwi"]},{"@type":"Person","@id":"https:\/\/sorbetkiwi.fr\/#\/schema\/person\/ed1b7b527a2957ddc3bf38b076540659","name":"Sorbet-Kiwi","image":{"@type":"ImageObject","inLanguage":"fr-FR","@id":"https:\/\/secure.gravatar.com\/avatar\/86f0a5c27d76317621b9e374d0f3a01d3a85278f10d0c7207ced4fd773057442?s=96&d=mm&r=g","url":"https:\/\/secure.gravatar.com\/avatar\/86f0a5c27d76317621b9e374d0f3a01d3a85278f10d0c7207ced4fd773057442?s=96&d=mm&r=g","contentUrl":"https:\/\/secure.gravatar.com\/avatar\/86f0a5c27d76317621b9e374d0f3a01d3a85278f10d0c7207ced4fd773057442?s=96&d=mm&r=g","caption":"Sorbet-Kiwi"},"sameAs":["http:\/\/sorbetkiwi.fr"],"url":"https:\/\/sorbetkiwi.fr\/index.php\/author\/admin7717\/"}]}},"_links":{"self":[{"href":"https:\/\/sorbetkiwi.fr\/index.php\/wp-json\/wp\/v2\/posts\/10199","targetHints":{"allow":["GET"]}}],"collection":[{"href":"https:\/\/sorbetkiwi.fr\/index.php\/wp-json\/wp\/v2\/posts"}],"about":[{"href":"https:\/\/sorbetkiwi.fr\/index.php\/wp-json\/wp\/v2\/types\/post"}],"author":[{"embeddable":true,"href":"https:\/\/sorbetkiwi.fr\/index.php\/wp-json\/wp\/v2\/users\/1"}],"replies":[{"embeddable":true,"href":"https:\/\/sorbetkiwi.fr\/index.php\/wp-json\/wp\/v2\/comments?post=10199"}],"version-history":[{"count":4,"href":"https:\/\/sorbetkiwi.fr\/index.php\/wp-json\/wp\/v2\/posts\/10199\/revisions"}],"predecessor-version":[{"id":10204,"href":"https:\/\/sorbetkiwi.fr\/index.php\/wp-json\/wp\/v2\/posts\/10199\/revisions\/10204"}],"wp:featuredmedia":[{"embeddable":true,"href":"https:\/\/sorbetkiwi.fr\/index.php\/wp-json\/wp\/v2\/media\/10200"}],"wp:attachment":[{"href":"https:\/\/sorbetkiwi.fr\/index.php\/wp-json\/wp\/v2\/media?parent=10199"}],"wp:term":[{"taxonomy":"category","embeddable":true,"href":"https:\/\/sorbetkiwi.fr\/index.php\/wp-json\/wp\/v2\/categories?post=10199"},{"taxonomy":"post_tag","embeddable":true,"href":"https:\/\/sorbetkiwi.fr\/index.php\/wp-json\/wp\/v2\/tags?post=10199"}],"curies":[{"name":"wp","href":"https:\/\/api.w.org\/{rel}","templated":true}]}}